{"id":12119,"date":"2012-09-29T22:07:07","date_gmt":"2012-09-29T21:07:07","guid":{"rendered":"http:\/\/www.fjala.info\/?p=5217"},"modified":"2012-09-29T22:07:07","modified_gmt":"2012-09-29T21:07:07","slug":"brace-tregtia-prej-200-milione-dollare-e-armeve-monopol-i-kompanive-serbo-malazeze","status":"publish","type":"post","link":"https:\/\/fjala.info\/2009-2015\/brace-tregtia-prej-200-milione-dollare-e-armeve-monopol-i-kompanive-serbo-malazeze\/","title":{"rendered":"Bra\u00e7e: Tregtia prej 200 milion\u00eb dollar\u00eb e arm\u00ebve, monopol i kompanive serbo-malazeze"},"content":{"rendered":"<p><img decoding=\"async\" class=\"alignleft size-thumbnail wp-image-7236\" title=\"Erion Bra\u00e7e\" src=\"http:\/\/www.fjala.info\/2012\/erion_brace.jpg\" alt=\"\" width=\"150\" \/> <strong>TemA Online<\/strong>, <em>29 Shtator 2012<\/em><\/p>\n<p>Deputeti socialist, Erion Bra\u00e7e, ka vijuar gjat\u00eb dit\u00ebs s\u00eb sotme denoncimet p\u00ebr shkeljet e kryera nga ana e ministrit t\u00eb Mbrojtjes, Arben Imami. Duke folur n\u00eb nj\u00eb konferenc\u00eb p\u00ebr shtyp, Bra\u00e7e ka th\u00ebn\u00eb se tregtia e arm\u00ebve n\u00eb Shqip\u00ebri, \u00ebsht\u00eb kthyer n\u00eb nj\u00eb monopol t\u00eb dy kompanive serbo-malazeze, Montenegro dhe Unimesco. Sipas Bra\u00e7es, k\u00ebto dy kompani kan\u00eb qen\u00eb p\u00ebrfitueset m\u00eb t\u00eb m\u00ebdha nga tregtia e arm\u00ebve shqiptare, q\u00eb kap vler\u00ebn e 200 milion\u00eb dollar\u00ebve.<\/p>\n<p>\u201cTregtia e aseteve t\u00eb Ushtris\u00eb, arm\u00ebve, municioneve, mjeteve ushtarake, pronave, \u00ebsht\u00eb aktiviteti m\u00eb i madh i Ministris\u00eb s\u00eb Mbrojtjes qysh pas 2009-t\u00ebs, vitit kur u harrua me force skandali i G\u00ebrdecit.<\/p>\n<p>Ministria e Mbrojtjes ka n\u00ebn administrim nj\u00eb pasuri n\u00eb armatime, municione, mjete ushtarake q\u00eb n\u00eb vler\u00eb tregu arrin n\u00eb disa qindra milion dollar\u00eb.<\/p>\n<p>Nga disa dokumenta t\u00eb l\u00ebshuara nga Drejtoria e P\u00ebrgjithshme e Burimeve dhe Modernizimit, m\u00ebson se Ministria e Mbrojtjes ka tep\u00ebr dhe t\u00eb kategorizuar p\u00ebr shitje, armatim e municione t\u00eb k\u00ebsaj sasie:<\/p>\n<p>200. 000. 000 cop\u00eb fishek\u00eb 7.62*39mm model 56<\/p>\n<p>50.000.000 cop\u00eb fishek\u00eb 7.62*54mm model 53<\/p>\n<p>12. 000. 000 cop\u00eb fishek\u00eb 12.7*108mm<\/p>\n<p>15. 000.000 cop\u00eb fishek\u00eb 14.5*114mm<\/p>\n<p>10. 000 cop\u00eb predha 60mm p\u00ebr mortaj\u00eb<\/p>\n<p>500. 000 cop\u00eb predha 82mm p\u00ebr mortaj\u00eb<\/p>\n<p>100.000 cop\u00eb predha 120mm p\u00ebr mortaj\u00eb<\/p>\n<p>10. 000 cop\u00eb shtimje reaktive 107 mm model 1963<\/p>\n<p>2.000.000 cop\u00eb granata dor\u00eb defensive<\/p>\n<p>400. 000 cop\u00eb granata dor\u00eb ofensive<\/p>\n<p>20. 000 cop\u00eb automatike 7.62 model 56 (AK-47)<\/p>\n<p>Etj etj.<\/p>\n<p>T\u00eb gjitha, nisur nga vlera n\u00eb treg apo edhe nga kontratat e lidhura me klient\u00eb t\u00eb ndrysh\u00ebm, arrijn\u00eb nj\u00eb vler\u00eb n\u00eb mbi 200 milion dollar\u00eb! Vet\u00ebm k\u00ebto! Sepse ka edhe m\u00eb!<\/p>\n<p>Nj\u00eb pasuri e t\u00ebr\u00eb! P\u00ebr ta kuptuar m\u00eb mir\u00eb po ju them se kjo vler\u00eb \u00ebsht\u00eb thuajse sa vlera me t\u00eb cil\u00ebn Sali Berisha shiti kompanin\u00eb ARMO dhe Rrjetin Komb\u00ebtar t\u00eb Shp\u00ebrndarjes s\u00eb Energjis\u00eb Elektrike OSSH.<\/p>\n<p>Ka nj\u00eb komision t\u00eb posa\u00e7\u00ebm p\u00ebr kategorizimin e kontingjentit t\u00eb arm\u00ebve, teknik\u00ebs, pajisjeve, municioneve dhe l\u00ebnd\u00ebve plas\u00ebse t\u00eb hequra nga p\u00ebrdorimi.<\/p>\n<p>Ai drejtohet nga dy njohje t\u00eb vjetra p\u00ebr \u00e7do ushtarak dhe p\u00ebr \u00e7do shqiptar q\u00eb ka ndjekur me v\u00ebmendje ekspozimin dhe angazhimin e tyre n\u00eb \u00e7\u00ebshtje shum\u00eb sensitive p\u00ebr Shqip\u00ebrin\u00eb:<\/p>\n<p>Kryetar -Kund\u00ebradmiral Kristaq G\u00ebrveni<\/p>\n<p>Zv Kryetar- Gjeneral Brigade Xhemal Gjunkshi<\/p>\n<p>Funksione k\u00ebto t\u00eb mbajtura t\u00eb pakt\u00ebn nga 2010 deri n\u00eb fund t\u00eb 2011, periudh\u00eb t\u00eb cil\u00ebs po i referohem\u201d, tha Bra\u00e7e.<\/p>\n<p>Bra\u00e7e ka publikuar edhe t\u00eb dh\u00ebnat p\u00ebr kompanit\u00eb serbo-malazeze q\u00eb kan\u00eb p\u00ebrfituar nga tregtia e arm\u00ebve t\u00eb Ministris\u00eb s\u00eb Mbrojtjes.<\/p>\n<p>\u201cTorta e madhe e pasuris\u00eb s\u00eb Ushtris\u00eb, ve\u00e7an\u00ebrisht gjat\u00eb viteve 2010, 2011 e n\u00eb vijim \u00ebsht\u00eb ndar\u00eb mes 3 kompanive:<\/p>\n<p>E para, Montenegro Defence Industry<\/p>\n<p>E dyta, UNIMESCO<\/p>\n<p>E treta, nd\u00ebrmarrja shtet\u00ebrore MEICO;<\/p>\n<p>Dy kompanit\u00eb e para kan\u00eb krijuar duopolin e fort\u00eb, nisur nga sasit\u00eb e kontraktuara dhe vlera e tyre. Disponueshm\u00ebria e Ministris\u00eb s\u00eb Mbrojtjes ndaj tyre ka qen\u00eb shum\u00eb e fort\u00eb, madje me shkrim, e dokumentuar.<\/p>\n<p>Po kush jan\u00eb dy kompanit\u00eb q\u00eb kan\u00eb marr\u00eb monopolin e marr\u00ebdh\u00ebnieve tregtare me Ministrin\u00eb e Mbrojtjes s\u00eb Shqip\u00ebris\u00eb.<\/p>\n<p>Kompania Montenegro Defence Industry \u00ebsht\u00eb dega malazeze e t\u00eb famshmes nd\u00ebrmarrje t\u00eb madhe serbe YGOIMPORT.<\/p>\n<p>Si\u00e7 rezulton nga dokumentat shtetasi Zoran Damjanovic \u00ebsht\u00eb personi q\u00eb i p\u00ebrfaq\u00ebson t\u00eb dyja kompanit\u00eb si shoq\u00ebri tregtare por edhe n\u00eb marr\u00ebdh\u00ebnie me Ministrin\u00eb e Mbrojtjes dhe MEICO-n<\/p>\n<p>Nga nj\u00eb k\u00ebrkim i thjesht\u00eb rezulton se MDI ka pasuar nj\u00eb tjet\u00ebr kompani q\u00eb operonte r\u00ebnd\u00eb n\u00eb tregtin\u00eb e arm\u00ebve e municioneve n\u00eb Ballkan, TARA-n. Tek TARA i gjeje t\u00eb gjith\u00eb, nga emrat m\u00eb t\u00eb p\u00ebrmendur t\u00eb trafikut t\u00eb arm\u00ebve n\u00eb bot\u00eb deri tek lidhjet mes kompanive q\u00eb t\u00eb sjellin n\u00eb transaksionin q\u00eb i parapriu e m\u00eb pas u zbulua me skandalin e G\u00ebrdecit.<\/p>\n<p>Kompania UNIMESCO \u00ebsht\u00eb m\u00eb e njohur p\u00ebr ju p\u00ebr shkak t\u00eb skandalit q\u00eb shp\u00ebrtheu n\u00eb m\u00ebnyr\u00eb sporadike muaj m\u00eb par\u00eb e q\u00eb tani, n\u00ebn drit\u00ebn e dokumenteve zyrtare rezulton i provuar, si konflikt i past\u00ebr interesi i zyrtar\u00ebve m\u00eb t\u00eb lart\u00eb t\u00eb Ministris\u00eb s\u00eb Mbrojtjes, favorizim p\u00ebr k\u00ebt\u00eb shkak n\u00eb mallra e \u00e7mime n\u00eb nj\u00eb seri kontratash, mbyllje sysh n\u00eb dokumentacionin e pamjaft\u00eb n\u00eb raport me k\u00ebrkesat strikte t\u00eb ligjit.<\/p>\n<p>UNIMESCO si\u00e7 \u00ebsht\u00eb publike tashm\u00eb, \u00ebsht\u00eb nj\u00eb tjet\u00ebr linj\u00eb serbo shqiptare n\u00eb tregtin\u00eb e arm\u00ebve e municioneve, eksploziv\u00ebve n\u00eb marr\u00ebdh\u00ebnie t\u00eb fort\u00eb me Ministrin\u00eb e Mbrojtjes s\u00eb Shqip\u00ebris\u00eb.<\/p>\n<p>Pra, N\u00eb administrimin e tregtimin e arm\u00ebve, municioneve, mjeteve ushtarake i gjen t\u00eb gjitha:<\/p>\n<p>-l\u00ebshimin e k\u00ebsaj pasurie tek nj\u00eb marr\u00ebdh\u00ebnie shum\u00eb e fort\u00eb, dominuese me tregtar\u00eb serb\u00eb t\u00eb p\u00ebrfshir\u00eb dhe pjes\u00ebmarr\u00ebs n\u00eb linjat m\u00eb t\u00eb err\u00ebta t\u00eb tregtis\u00eb s\u00eb arm\u00ebve;<\/p>\n<p>-korrupsionin n\u00eb p\u00ebrcaktimin e \u00e7mimeve t\u00eb arm\u00ebve, municioneve, eksploziv\u00ebve, t\u00eb ndryshme e favorizuese p\u00ebr kompanit\u00eb e m\u00ebsip\u00ebrme, madje dhe n\u00eb raport m\u00eb vete kompanin\u00eb shtet\u00ebrore MEICO, q\u00eb duhet t\u00eb ndjehej e xhelozuar n\u00eb k\u00ebt\u00eb marr\u00ebdh\u00ebnie.<\/p>\n<p>N\u00eb k\u00ebt\u00eb pik\u00eb, ia vlen t\u00eb pyes\u00ebsh:<\/p>\n<p>A e ka ndjekur apo hetuar k\u00ebt\u00eb marr\u00ebdh\u00ebnie Sh\u00ebrbimi Informativ Ushtarak?<\/p>\n<p>Ka qen\u00eb brenda misionit dhe detyrave t\u00eb tij!!<\/p>\n<p>Si e ka vler\u00ebsuar k\u00ebt\u00eb marr\u00ebdh\u00ebnie SHIU?<\/p>\n<p>A ka p\u00ebrpiluar ndonj\u00eb informacion dhe a e ka analizuar k\u00ebt\u00eb veprimtari kriminale brenda Ministris\u00eb s\u00eb Mbrojtjes SHIU?\u201d, p\u00ebrfundoi Bra\u00e7e.<\/p>\n","protected":false},"excerpt":{"rendered":"<p>TemA Online, 29 Shtator 2012 Deputeti socialist, Erion Bra\u00e7e, ka vijuar gjat\u00eb dit\u00ebs s\u00eb sotme denoncimet p\u00ebr shkeljet e kryera nga ana e ministrit t\u00eb Mbrojtjes, Arben Imami. Duke folur n\u00eb nj\u00eb konferenc\u00eb p\u00ebr shtyp, Bra\u00e7e ka th\u00ebn\u00eb se tregtia e arm\u00ebve n\u00eb Shqip\u00ebri, \u00ebsht\u00eb kthyer n\u00eb nj\u00eb monopol t\u00eb dy kompanive serbo-malazeze, Montenegro dhe [&hellip;]<\/p>\n","protected":false},"author":1,"featured_media":0,"comment_status":"open","ping_status":"closed","sticky":false,"template":"","format":"standard","meta":{"footnotes":""},"categories":[2],"tags":[],"class_list":{"0":"post-12119","1":"post","2":"type-post","3":"status-publish","4":"format-standard","6":"category-artikuj"},"yoast_head":"<!-- This site is optimized with the Yoast SEO plugin v27.4 - https:\/\/yoast.com\/product\/yoast-seo-wordpress\/ -->\n<title>Bra\u00e7e: Tregtia prej 200 milion\u00eb dollar\u00eb e arm\u00ebve, monopol i kompanive serbo-malazeze - FjALA e LIR\u00cb - Arkivi<\/title>\n<meta name=\"robots\" content=\"index, follow, max-snippet:-1, max-image-preview:large, max-video-preview:-1\" \/>\n<link rel=\"canonical\" href=\"https:\/\/fjala.info\/2009-2015\/brace-tregtia-prej-200-milione-dollare-e-armeve-monopol-i-kompanive-serbo-malazeze\/\" \/>\n<meta property=\"og:locale\" content=\"sq_AL\" \/>\n<meta property=\"og:type\" content=\"article\" \/>\n<meta property=\"og:title\" content=\"Bra\u00e7e: Tregtia prej 200 milion\u00eb dollar\u00eb e arm\u00ebve, monopol i kompanive serbo-malazeze - FjALA e LIR\u00cb - Arkivi\" \/>\n<meta property=\"og:description\" content=\"TemA Online, 29 Shtator 2012 Deputeti socialist, Erion Bra\u00e7e, ka vijuar gjat\u00eb dit\u00ebs s\u00eb sotme denoncimet p\u00ebr shkeljet e kryera nga ana e ministrit t\u00eb Mbrojtjes, Arben Imami. Duke folur n\u00eb nj\u00eb konferenc\u00eb p\u00ebr shtyp, Bra\u00e7e ka th\u00ebn\u00eb se tregtia e arm\u00ebve n\u00eb Shqip\u00ebri, \u00ebsht\u00eb kthyer n\u00eb nj\u00eb monopol t\u00eb dy kompanive serbo-malazeze, Montenegro dhe [&hellip;]\" \/>\n<meta property=\"og:url\" content=\"https:\/\/fjala.info\/2009-2015\/brace-tregtia-prej-200-milione-dollare-e-armeve-monopol-i-kompanive-serbo-malazeze\/\" \/>\n<meta property=\"og:site_name\" content=\"FjALA e LIR\u00cb - Arkivi\" \/>\n<meta property=\"article:published_time\" content=\"2012-09-29T21:07:07+00:00\" \/>\n<meta property=\"og:image\" content=\"http:\/\/www.fjala.info\/2012\/erion_brace.jpg\" \/>\n<meta name=\"author\" content=\"admin\" \/>\n<meta name=\"twitter:card\" content=\"summary_large_image\" \/>\n<meta name=\"twitter:label1\" content=\"Written by\" \/>\n\t<meta name=\"twitter:data1\" content=\"admin\" \/>\n\t<meta name=\"twitter:label2\" content=\"Est. reading time\" \/>\n\t<meta name=\"twitter:data2\" content=\"5 minutes\" \/>\n<script type=\"application\/ld+json\" class=\"yoast-schema-graph\">{\"@context\":\"https:\\\/\\\/schema.org\",\"@graph\":[{\"@type\":\"Article\",\"@id\":\"https:\\\/\\\/fjala.info\\\/2009-2015\\\/brace-tregtia-prej-200-milione-dollare-e-armeve-monopol-i-kompanive-serbo-malazeze\\\/#article\",\"isPartOf\":{\"@id\":\"https:\\\/\\\/fjala.info\\\/2009-2015\\\/brace-tregtia-prej-200-milione-dollare-e-armeve-monopol-i-kompanive-serbo-malazeze\\\/\"},\"author\":{\"name\":\"admin\",\"@id\":\"https:\\\/\\\/fjala.info\\\/2009-2015\\\/#\\\/schema\\\/person\\\/3aa1163ef05469c496fc94e77611ada2\"},\"headline\":\"Bra\u00e7e: Tregtia prej 200 milion\u00eb dollar\u00eb e arm\u00ebve, monopol i kompanive serbo-malazeze\",\"datePublished\":\"2012-09-29T21:07:07+00:00\",\"mainEntityOfPage\":{\"@id\":\"https:\\\/\\\/fjala.info\\\/2009-2015\\\/brace-tregtia-prej-200-milione-dollare-e-armeve-monopol-i-kompanive-serbo-malazeze\\\/\"},\"wordCount\":937,\"commentCount\":0,\"publisher\":{\"@id\":\"https:\\\/\\\/fjala.info\\\/2009-2015\\\/#organization\"},\"image\":{\"@id\":\"https:\\\/\\\/fjala.info\\\/2009-2015\\\/brace-tregtia-prej-200-milione-dollare-e-armeve-monopol-i-kompanive-serbo-malazeze\\\/#primaryimage\"},\"thumbnailUrl\":\"http:\\\/\\\/www.fjala.info\\\/2012\\\/erion_brace.jpg\",\"articleSection\":[\"Artikuj\"],\"inLanguage\":\"sq-AL\",\"potentialAction\":[{\"@type\":\"CommentAction\",\"name\":\"Comment\",\"target\":[\"https:\\\/\\\/fjala.info\\\/2009-2015\\\/brace-tregtia-prej-200-milione-dollare-e-armeve-monopol-i-kompanive-serbo-malazeze\\\/#respond\"]}]},{\"@type\":\"WebPage\",\"@id\":\"https:\\\/\\\/fjala.info\\\/2009-2015\\\/brace-tregtia-prej-200-milione-dollare-e-armeve-monopol-i-kompanive-serbo-malazeze\\\/\",\"url\":\"https:\\\/\\\/fjala.info\\\/2009-2015\\\/brace-tregtia-prej-200-milione-dollare-e-armeve-monopol-i-kompanive-serbo-malazeze\\\/\",\"name\":\"Bra\u00e7e: Tregtia prej 200 milion\u00eb dollar\u00eb e arm\u00ebve, monopol i kompanive serbo-malazeze - FjALA e LIR\u00cb - Arkivi\",\"isPartOf\":{\"@id\":\"https:\\\/\\\/fjala.info\\\/2009-2015\\\/#website\"},\"primaryImageOfPage\":{\"@id\":\"https:\\\/\\\/fjala.info\\\/2009-2015\\\/brace-tregtia-prej-200-milione-dollare-e-armeve-monopol-i-kompanive-serbo-malazeze\\\/#primaryimage\"},\"image\":{\"@id\":\"https:\\\/\\\/fjala.info\\\/2009-2015\\\/brace-tregtia-prej-200-milione-dollare-e-armeve-monopol-i-kompanive-serbo-malazeze\\\/#primaryimage\"},\"thumbnailUrl\":\"http:\\\/\\\/www.fjala.info\\\/2012\\\/erion_brace.jpg\",\"datePublished\":\"2012-09-29T21:07:07+00:00\",\"breadcrumb\":{\"@id\":\"https:\\\/\\\/fjala.info\\\/2009-2015\\\/brace-tregtia-prej-200-milione-dollare-e-armeve-monopol-i-kompanive-serbo-malazeze\\\/#breadcrumb\"},\"inLanguage\":\"sq-AL\",\"potentialAction\":[{\"@type\":\"ReadAction\",\"target\":[\"https:\\\/\\\/fjala.info\\\/2009-2015\\\/brace-tregtia-prej-200-milione-dollare-e-armeve-monopol-i-kompanive-serbo-malazeze\\\/\"]}]},{\"@type\":\"ImageObject\",\"inLanguage\":\"sq-AL\",\"@id\":\"https:\\\/\\\/fjala.info\\\/2009-2015\\\/brace-tregtia-prej-200-milione-dollare-e-armeve-monopol-i-kompanive-serbo-malazeze\\\/#primaryimage\",\"url\":\"http:\\\/\\\/www.fjala.info\\\/2012\\\/erion_brace.jpg\",\"contentUrl\":\"http:\\\/\\\/www.fjala.info\\\/2012\\\/erion_brace.jpg\"},{\"@type\":\"BreadcrumbList\",\"@id\":\"https:\\\/\\\/fjala.info\\\/2009-2015\\\/brace-tregtia-prej-200-milione-dollare-e-armeve-monopol-i-kompanive-serbo-malazeze\\\/#breadcrumb\",\"itemListElement\":[{\"@type\":\"ListItem\",\"position\":1,\"name\":\"Home\",\"item\":\"https:\\\/\\\/fjala.info\\\/2009-2015\\\/\"},{\"@type\":\"ListItem\",\"position\":2,\"name\":\"Bra\u00e7e: Tregtia prej 200 milion\u00eb dollar\u00eb e arm\u00ebve, monopol i kompanive serbo-malazeze\"}]},{\"@type\":\"WebSite\",\"@id\":\"https:\\\/\\\/fjala.info\\\/2009-2015\\\/#website\",\"url\":\"https:\\\/\\\/fjala.info\\\/2009-2015\\\/\",\"name\":\"FjALA e LIR\u00cb - Arkivi\",\"description\":\"Arkivi 2009-2015\",\"publisher\":{\"@id\":\"https:\\\/\\\/fjala.info\\\/2009-2015\\\/#organization\"},\"potentialAction\":[{\"@type\":\"SearchAction\",\"target\":{\"@type\":\"EntryPoint\",\"urlTemplate\":\"https:\\\/\\\/fjala.info\\\/2009-2015\\\/?s={search_term_string}\"},\"query-input\":{\"@type\":\"PropertyValueSpecification\",\"valueRequired\":true,\"valueName\":\"search_term_string\"}}],\"inLanguage\":\"sq-AL\"},{\"@type\":\"Organization\",\"@id\":\"https:\\\/\\\/fjala.info\\\/2009-2015\\\/#organization\",\"name\":\"FjALA e LIR\u00cb - Arkivi\",\"url\":\"https:\\\/\\\/fjala.info\\\/2009-2015\\\/\",\"logo\":{\"@type\":\"ImageObject\",\"inLanguage\":\"sq-AL\",\"@id\":\"https:\\\/\\\/fjala.info\\\/2009-2015\\\/#\\\/schema\\\/logo\\\/image\\\/\",\"url\":\"\",\"contentUrl\":\"\",\"caption\":\"FjALA e LIR\u00cb - Arkivi\"},\"image\":{\"@id\":\"https:\\\/\\\/fjala.info\\\/2009-2015\\\/#\\\/schema\\\/logo\\\/image\\\/\"}},{\"@type\":\"Person\",\"@id\":\"https:\\\/\\\/fjala.info\\\/2009-2015\\\/#\\\/schema\\\/person\\\/3aa1163ef05469c496fc94e77611ada2\",\"name\":\"admin\",\"image\":{\"@type\":\"ImageObject\",\"inLanguage\":\"sq-AL\",\"@id\":\"https:\\\/\\\/fjala.info\\\/2009-2015\\\/wp-content\\\/uploads\\\/2012\\\/02\\\/arben_cokaj-120x150.jpg\",\"url\":\"https:\\\/\\\/fjala.info\\\/2009-2015\\\/wp-content\\\/uploads\\\/2012\\\/02\\\/arben_cokaj-120x150.jpg\",\"contentUrl\":\"https:\\\/\\\/fjala.info\\\/2009-2015\\\/wp-content\\\/uploads\\\/2012\\\/02\\\/arben_cokaj-120x150.jpg\",\"caption\":\"admin\"},\"description\":\"Admin, Fjala e Lir\u00eb\",\"sameAs\":[\"https:\\\/\\\/fjala.info\\\/\"],\"url\":\"https:\\\/\\\/fjala.info\\\/2009-2015\\\/author\\\/admin\\\/\"}]}<\/script>\n<!-- \/ Yoast SEO plugin. -->","yoast_head_json":{"title":"Bra\u00e7e: Tregtia prej 200 milion\u00eb dollar\u00eb e arm\u00ebve, monopol i kompanive serbo-malazeze - FjALA e LIR\u00cb - Arkivi","robots":{"index":"index","follow":"follow","max-snippet":"max-snippet:-1","max-image-preview":"max-image-preview:large","max-video-preview":"max-video-preview:-1"},"canonical":"https:\/\/fjala.info\/2009-2015\/brace-tregtia-prej-200-milione-dollare-e-armeve-monopol-i-kompanive-serbo-malazeze\/","og_locale":"sq_AL","og_type":"article","og_title":"Bra\u00e7e: Tregtia prej 200 milion\u00eb dollar\u00eb e arm\u00ebve, monopol i kompanive serbo-malazeze - FjALA e LIR\u00cb - Arkivi","og_description":"TemA Online, 29 Shtator 2012 Deputeti socialist, Erion Bra\u00e7e, ka vijuar gjat\u00eb dit\u00ebs s\u00eb sotme denoncimet p\u00ebr shkeljet e kryera nga ana e ministrit t\u00eb Mbrojtjes, Arben Imami. Duke folur n\u00eb nj\u00eb konferenc\u00eb p\u00ebr shtyp, Bra\u00e7e ka th\u00ebn\u00eb se tregtia e arm\u00ebve n\u00eb Shqip\u00ebri, \u00ebsht\u00eb kthyer n\u00eb nj\u00eb monopol t\u00eb dy kompanive serbo-malazeze, Montenegro dhe [&hellip;]","og_url":"https:\/\/fjala.info\/2009-2015\/brace-tregtia-prej-200-milione-dollare-e-armeve-monopol-i-kompanive-serbo-malazeze\/","og_site_name":"FjALA e LIR\u00cb - Arkivi","article_published_time":"2012-09-29T21:07:07+00:00","og_image":[{"url":"http:\/\/www.fjala.info\/2012\/erion_brace.jpg","type":"","width":"","height":""}],"author":"admin","twitter_card":"summary_large_image","twitter_misc":{"Written by":"admin","Est. reading time":"5 minutes"},"schema":{"@context":"https:\/\/schema.org","@graph":[{"@type":"Article","@id":"https:\/\/fjala.info\/2009-2015\/brace-tregtia-prej-200-milione-dollare-e-armeve-monopol-i-kompanive-serbo-malazeze\/#article","isPartOf":{"@id":"https:\/\/fjala.info\/2009-2015\/brace-tregtia-prej-200-milione-dollare-e-armeve-monopol-i-kompanive-serbo-malazeze\/"},"author":{"name":"admin","@id":"https:\/\/fjala.info\/2009-2015\/#\/schema\/person\/3aa1163ef05469c496fc94e77611ada2"},"headline":"Bra\u00e7e: Tregtia prej 200 milion\u00eb dollar\u00eb e arm\u00ebve, monopol i kompanive serbo-malazeze","datePublished":"2012-09-29T21:07:07+00:00","mainEntityOfPage":{"@id":"https:\/\/fjala.info\/2009-2015\/brace-tregtia-prej-200-milione-dollare-e-armeve-monopol-i-kompanive-serbo-malazeze\/"},"wordCount":937,"commentCount":0,"publisher":{"@id":"https:\/\/fjala.info\/2009-2015\/#organization"},"image":{"@id":"https:\/\/fjala.info\/2009-2015\/brace-tregtia-prej-200-milione-dollare-e-armeve-monopol-i-kompanive-serbo-malazeze\/#primaryimage"},"thumbnailUrl":"http:\/\/www.fjala.info\/2012\/erion_brace.jpg","articleSection":["Artikuj"],"inLanguage":"sq-AL","potentialAction":[{"@type":"CommentAction","name":"Comment","target":["https:\/\/fjala.info\/2009-2015\/brace-tregtia-prej-200-milione-dollare-e-armeve-monopol-i-kompanive-serbo-malazeze\/#respond"]}]},{"@type":"WebPage","@id":"https:\/\/fjala.info\/2009-2015\/brace-tregtia-prej-200-milione-dollare-e-armeve-monopol-i-kompanive-serbo-malazeze\/","url":"https:\/\/fjala.info\/2009-2015\/brace-tregtia-prej-200-milione-dollare-e-armeve-monopol-i-kompanive-serbo-malazeze\/","name":"Bra\u00e7e: Tregtia prej 200 milion\u00eb dollar\u00eb e arm\u00ebve, monopol i kompanive serbo-malazeze - FjALA e LIR\u00cb - Arkivi","isPartOf":{"@id":"https:\/\/fjala.info\/2009-2015\/#website"},"primaryImageOfPage":{"@id":"https:\/\/fjala.info\/2009-2015\/brace-tregtia-prej-200-milione-dollare-e-armeve-monopol-i-kompanive-serbo-malazeze\/#primaryimage"},"image":{"@id":"https:\/\/fjala.info\/2009-2015\/brace-tregtia-prej-200-milione-dollare-e-armeve-monopol-i-kompanive-serbo-malazeze\/#primaryimage"},"thumbnailUrl":"http:\/\/www.fjala.info\/2012\/erion_brace.jpg","datePublished":"2012-09-29T21:07:07+00:00","breadcrumb":{"@id":"https:\/\/fjala.info\/2009-2015\/brace-tregtia-prej-200-milione-dollare-e-armeve-monopol-i-kompanive-serbo-malazeze\/#breadcrumb"},"inLanguage":"sq-AL","potentialAction":[{"@type":"ReadAction","target":["https:\/\/fjala.info\/2009-2015\/brace-tregtia-prej-200-milione-dollare-e-armeve-monopol-i-kompanive-serbo-malazeze\/"]}]},{"@type":"ImageObject","inLanguage":"sq-AL","@id":"https:\/\/fjala.info\/2009-2015\/brace-tregtia-prej-200-milione-dollare-e-armeve-monopol-i-kompanive-serbo-malazeze\/#primaryimage","url":"http:\/\/www.fjala.info\/2012\/erion_brace.jpg","contentUrl":"http:\/\/www.fjala.info\/2012\/erion_brace.jpg"},{"@type":"BreadcrumbList","@id":"https:\/\/fjala.info\/2009-2015\/brace-tregtia-prej-200-milione-dollare-e-armeve-monopol-i-kompanive-serbo-malazeze\/#breadcrumb","itemListElement":[{"@type":"ListItem","position":1,"name":"Home","item":"https:\/\/fjala.info\/2009-2015\/"},{"@type":"ListItem","position":2,"name":"Bra\u00e7e: Tregtia prej 200 milion\u00eb dollar\u00eb e arm\u00ebve, monopol i kompanive serbo-malazeze"}]},{"@type":"WebSite","@id":"https:\/\/fjala.info\/2009-2015\/#website","url":"https:\/\/fjala.info\/2009-2015\/","name":"FjALA e LIR\u00cb - Arkivi","description":"Arkivi 2009-2015","publisher":{"@id":"https:\/\/fjala.info\/2009-2015\/#organization"},"potentialAction":[{"@type":"SearchAction","target":{"@type":"EntryPoint","urlTemplate":"https:\/\/fjala.info\/2009-2015\/?s={search_term_string}"},"query-input":{"@type":"PropertyValueSpecification","valueRequired":true,"valueName":"search_term_string"}}],"inLanguage":"sq-AL"},{"@type":"Organization","@id":"https:\/\/fjala.info\/2009-2015\/#organization","name":"FjALA e LIR\u00cb - Arkivi","url":"https:\/\/fjala.info\/2009-2015\/","logo":{"@type":"ImageObject","inLanguage":"sq-AL","@id":"https:\/\/fjala.info\/2009-2015\/#\/schema\/logo\/image\/","url":"","contentUrl":"","caption":"FjALA e LIR\u00cb - Arkivi"},"image":{"@id":"https:\/\/fjala.info\/2009-2015\/#\/schema\/logo\/image\/"}},{"@type":"Person","@id":"https:\/\/fjala.info\/2009-2015\/#\/schema\/person\/3aa1163ef05469c496fc94e77611ada2","name":"admin","image":{"@type":"ImageObject","inLanguage":"sq-AL","@id":"https:\/\/fjala.info\/2009-2015\/wp-content\/uploads\/2012\/02\/arben_cokaj-120x150.jpg","url":"https:\/\/fjala.info\/2009-2015\/wp-content\/uploads\/2012\/02\/arben_cokaj-120x150.jpg","contentUrl":"https:\/\/fjala.info\/2009-2015\/wp-content\/uploads\/2012\/02\/arben_cokaj-120x150.jpg","caption":"admin"},"description":"Admin, Fjala e Lir\u00eb","sameAs":["https:\/\/fjala.info\/"],"url":"https:\/\/fjala.info\/2009-2015\/author\/admin\/"}]}},"_links":{"self":[{"href":"https:\/\/fjala.info\/2009-2015\/wp-json\/wp\/v2\/posts\/12119","targetHints":{"allow":["GET"]}}],"collection":[{"href":"https:\/\/fjala.info\/2009-2015\/wp-json\/wp\/v2\/posts"}],"about":[{"href":"https:\/\/fjala.info\/2009-2015\/wp-json\/wp\/v2\/types\/post"}],"author":[{"embeddable":true,"href":"https:\/\/fjala.info\/2009-2015\/wp-json\/wp\/v2\/users\/1"}],"replies":[{"embeddable":true,"href":"https:\/\/fjala.info\/2009-2015\/wp-json\/wp\/v2\/comments?post=12119"}],"version-history":[{"count":0,"href":"https:\/\/fjala.info\/2009-2015\/wp-json\/wp\/v2\/posts\/12119\/revisions"}],"wp:attachment":[{"href":"https:\/\/fjala.info\/2009-2015\/wp-json\/wp\/v2\/media?parent=12119"}],"wp:term":[{"taxonomy":"category","embeddable":true,"href":"https:\/\/fjala.info\/2009-2015\/wp-json\/wp\/v2\/categories?post=12119"},{"taxonomy":"post_tag","embeddable":true,"href":"https:\/\/fjala.info\/2009-2015\/wp-json\/wp\/v2\/tags?post=12119"}],"curies":[{"name":"wp","href":"https:\/\/api.w.org\/{rel}","templated":true}]}}