{"id":12118,"date":"2012-09-29T22:04:35","date_gmt":"2012-09-29T21:04:35","guid":{"rendered":"http:\/\/www.fjala.info\/?p=5215"},"modified":"2012-09-29T22:04:35","modified_gmt":"2012-09-29T21:04:35","slug":"ish-te-perndjekurit-kjo-qeveri-neo-komuniste-eshte-gati-te-na-flijoje-serish-nuk-dalim-te-gjalle-nga-greva","status":"publish","type":"post","link":"https:\/\/fjala.info\/2009-2015\/ish-te-perndjekurit-kjo-qeveri-neo-komuniste-eshte-gati-te-na-flijoje-serish-nuk-dalim-te-gjalle-nga-greva\/","title":{"rendered":"Ish t\u00eb p\u00ebrndjekurit: Kjo qeveri neo-komuniste \u00ebsht\u00eb gati t\u00eb na flijoj\u00eb s\u00ebrish. Nuk dalim t\u00eb gjall\u00eb nga greva"},"content":{"rendered":"<p><img decoding=\"async\" class=\"alignright size-thumbnail wp-image-7236\" title=\"Ish t\u00eb p\u00ebrndjekur n\u00eb grev\u00eb\" src=\"http:\/\/www.fjala.info\/2012\/te_perndjekur_greve.jpg\" alt=\"\" width=\"300\" \/> <strong>TemA Online<\/strong>, <em>29 Shtator 2012<\/em><\/p>\n<p>Ish t\u00eb p\u00ebrndjekurit politik\u00eb, t\u00eb cil\u00ebt prej 8 dit\u00ebsh kan\u00eb hyr\u00eb n\u00eb grev\u00eb urie, kan\u00eb k\u00ebrkuar nga ana e p\u00ebrfaq\u00ebsuesve diplomatik\u00eb n\u00eb Shqip\u00ebri, q\u00eb t\u00eb ushtrojn\u00eb presion ndaj qeveris\u00eb, p\u00ebr t\u00eb plot\u00ebsuar k\u00ebrkesat e tyre. Me an\u00eb t\u00eb nj\u00eb deklarate p\u00ebr mediat, ata shprehen se kjo qeveri neo-komuniste \u00ebsht\u00eb gati q\u00eb t\u2019i flijoj\u00eb s\u00ebrish.<\/p>\n<p>\u201cNga kjo Qeveri q\u00eb e kemi mb\u00ebshtetur dhe dh\u00ebn\u00eb gjakun dhe vitet e rinis\u00eb son\u00eb q\u00eb jemi djegur dhe p\u00ebrc\u00eblluar burgjeve t\u00eb tmersh\u00ebm t\u00eb diktatur\u00ebs, duam t\u00eb na plot\u00ebsoj\u00eb kushtet minimale p\u00ebr t\u00eb jetuar dhe p\u00ebr t\u00eb pasur mund\u00ebsi tu mbushin barkun m\u00eb buk\u00eb f\u00ebmij\u00ebve tan\u00eb q\u00eb shumic\u00ebn e rasteve flen t\u00eb pangr\u00ebn\u00eb dhe q\u00eb aktualisht nuk kan\u00eb mund\u00ebsi t\u00eb na b\u00ebjn\u00eb edhe 1 telefonat p\u00ebr t\u00eb na pyetur si jemi nga pamund\u00ebsia ekonomike.<\/p>\n<p>I b\u00ebjm\u00eb thirrje t\u00eb gjith\u00eb Ambasadave dhe P\u00ebrfaq\u00ebsive t\u00eb Huaja Diplomatik\u00eb, Shoqatave t\u00eb t\u00eb Drejtave te Njeriut, etj p\u00ebr t\u00eb ushtruar presionin e tyre pozitiv mbi k\u00ebt\u00eb qeveri neo-komuniste q\u00eb \u00ebsht\u00eb e gatshme p\u00ebr t\u00eb na flijuar p\u00ebrs\u00ebri dhe p\u00ebr t\u00eb na mbyllur goj\u00ebn nj\u00ebher\u00eb e mir\u00eb\u201d, thuhet n\u00eb deklarat\u00ebn e e shp\u00ebrndar\u00eb p\u00ebr mediat nga ana e ish t\u00eb p\u00ebrndjekurve politik\u00eb, vet\u00ebm nj\u00eb dit\u00eb pasi ish- t\u00eb p\u00ebrndjekurit i takoi edhe ambasadori amerikan Alekasand\u00ebr Arvizu.<\/p>\n<p>Ata deklaruan se nuk dalin t\u00eb gjall\u00eb nga greva pa iu plot\u00ebsuar k\u00ebrkesat e tyre, t\u00eb cilat jan\u00eb t\u00eb garantuara edhe n\u00eb Kushtetut\u00eb.<\/p>\n<p>\u2018Ne k\u00ebrkojm\u00eb nj\u00eb \u00e7ati p\u00ebr mos t\u00eb lagur f\u00ebmij\u00ebt sa her\u00eb q\u00eb bie shi. Nj\u00eb pun\u00eb p\u00ebr t\u00eb jetuar me dinjitet dhe p\u00ebr t\u00eb pasur mund\u00ebsi t\u00eb \u00e7ojm\u00eb buk\u00eb e dhjath\u00eb n\u00eb sht\u00ebpi q\u00eb f\u00ebmij\u00ebt tan\u00eb t\u00eb mos na vdesin si n\u00eb tregimet e Migjenit, q\u00eb jan\u00eb aq aktuale edhe sot. Ne duam vet\u00ebm at\u00eb q\u00eb Kushtetuta na garanton, ajo Kushtetut\u00eb dhe ajo drejt\u00ebsi p\u00ebr t\u00eb cil\u00ebn ne sakrifikuam gjith\u00eb jet\u00ebn ton\u00eb. Asnj\u00eb nga ne nuk del i gjall\u00eb nga kjo grev\u00eb pa u plot\u00ebsuar t\u00eb drejtat tona minimale, krahasuar me \u00e7\u2019t\u00eb drejta na takojn\u201d\u2018, shprehen ata.<\/p>\n","protected":false},"excerpt":{"rendered":"<p>TemA Online, 29 Shtator 2012 Ish t\u00eb p\u00ebrndjekurit politik\u00eb, t\u00eb cil\u00ebt prej 8 dit\u00ebsh kan\u00eb hyr\u00eb n\u00eb grev\u00eb urie, kan\u00eb k\u00ebrkuar nga ana e p\u00ebrfaq\u00ebsuesve diplomatik\u00eb n\u00eb Shqip\u00ebri, q\u00eb t\u00eb ushtrojn\u00eb presion ndaj qeveris\u00eb, p\u00ebr t\u00eb plot\u00ebsuar k\u00ebrkesat e tyre. Me an\u00eb t\u00eb nj\u00eb deklarate p\u00ebr mediat, ata shprehen se kjo qeveri neo-komuniste \u00ebsht\u00eb gati [&hellip;]<\/p>\n","protected":false},"author":1,"featured_media":0,"comment_status":"open","ping_status":"closed","sticky":false,"template":"","format":"standard","meta":{"footnotes":""},"categories":[2],"tags":[],"class_list":{"0":"post-12118","1":"post","2":"type-post","3":"status-publish","4":"format-standard","6":"category-artikuj"},"yoast_head":"<!-- This site is optimized with the Yoast SEO plugin v27.4 - https:\/\/yoast.com\/product\/yoast-seo-wordpress\/ -->\n<title>Ish t\u00eb p\u00ebrndjekurit: Kjo qeveri neo-komuniste \u00ebsht\u00eb gati t\u00eb na flijoj\u00eb s\u00ebrish. Nuk dalim t\u00eb gjall\u00eb nga greva - FjALA e LIR\u00cb - Arkivi<\/title>\n<meta name=\"robots\" content=\"index, follow, max-snippet:-1, max-image-preview:large, max-video-preview:-1\" \/>\n<link rel=\"canonical\" href=\"https:\/\/fjala.info\/2009-2015\/ish-te-perndjekurit-kjo-qeveri-neo-komuniste-eshte-gati-te-na-flijoje-serish-nuk-dalim-te-gjalle-nga-greva\/\" \/>\n<meta property=\"og:locale\" content=\"sq_AL\" \/>\n<meta property=\"og:type\" content=\"article\" \/>\n<meta property=\"og:title\" content=\"Ish t\u00eb p\u00ebrndjekurit: Kjo qeveri neo-komuniste \u00ebsht\u00eb gati t\u00eb na flijoj\u00eb s\u00ebrish. Nuk dalim t\u00eb gjall\u00eb nga greva - FjALA e LIR\u00cb - Arkivi\" \/>\n<meta property=\"og:description\" content=\"TemA Online, 29 Shtator 2012 Ish t\u00eb p\u00ebrndjekurit politik\u00eb, t\u00eb cil\u00ebt prej 8 dit\u00ebsh kan\u00eb hyr\u00eb n\u00eb grev\u00eb urie, kan\u00eb k\u00ebrkuar nga ana e p\u00ebrfaq\u00ebsuesve diplomatik\u00eb n\u00eb Shqip\u00ebri, q\u00eb t\u00eb ushtrojn\u00eb presion ndaj qeveris\u00eb, p\u00ebr t\u00eb plot\u00ebsuar k\u00ebrkesat e tyre. Me an\u00eb t\u00eb nj\u00eb deklarate p\u00ebr mediat, ata shprehen se kjo qeveri neo-komuniste \u00ebsht\u00eb gati [&hellip;]\" \/>\n<meta property=\"og:url\" content=\"https:\/\/fjala.info\/2009-2015\/ish-te-perndjekurit-kjo-qeveri-neo-komuniste-eshte-gati-te-na-flijoje-serish-nuk-dalim-te-gjalle-nga-greva\/\" \/>\n<meta property=\"og:site_name\" content=\"FjALA e LIR\u00cb - Arkivi\" \/>\n<meta property=\"article:published_time\" content=\"2012-09-29T21:04:35+00:00\" \/>\n<meta property=\"og:image\" content=\"http:\/\/www.fjala.info\/2012\/te_perndjekur_greve.jpg\" \/>\n<meta name=\"author\" content=\"admin\" \/>\n<meta name=\"twitter:card\" content=\"summary_large_image\" \/>\n<meta name=\"twitter:label1\" content=\"Written by\" \/>\n\t<meta name=\"twitter:data1\" content=\"admin\" \/>\n\t<meta name=\"twitter:label2\" content=\"Est. reading time\" \/>\n\t<meta name=\"twitter:data2\" content=\"2 minutes\" \/>\n<script type=\"application\/ld+json\" class=\"yoast-schema-graph\">{\"@context\":\"https:\\\/\\\/schema.org\",\"@graph\":[{\"@type\":\"Article\",\"@id\":\"https:\\\/\\\/fjala.info\\\/2009-2015\\\/ish-te-perndjekurit-kjo-qeveri-neo-komuniste-eshte-gati-te-na-flijoje-serish-nuk-dalim-te-gjalle-nga-greva\\\/#article\",\"isPartOf\":{\"@id\":\"https:\\\/\\\/fjala.info\\\/2009-2015\\\/ish-te-perndjekurit-kjo-qeveri-neo-komuniste-eshte-gati-te-na-flijoje-serish-nuk-dalim-te-gjalle-nga-greva\\\/\"},\"author\":{\"name\":\"admin\",\"@id\":\"https:\\\/\\\/fjala.info\\\/2009-2015\\\/#\\\/schema\\\/person\\\/3aa1163ef05469c496fc94e77611ada2\"},\"headline\":\"Ish t\u00eb p\u00ebrndjekurit: Kjo qeveri neo-komuniste \u00ebsht\u00eb gati t\u00eb na flijoj\u00eb s\u00ebrish. Nuk dalim t\u00eb gjall\u00eb nga greva\",\"datePublished\":\"2012-09-29T21:04:35+00:00\",\"mainEntityOfPage\":{\"@id\":\"https:\\\/\\\/fjala.info\\\/2009-2015\\\/ish-te-perndjekurit-kjo-qeveri-neo-komuniste-eshte-gati-te-na-flijoje-serish-nuk-dalim-te-gjalle-nga-greva\\\/\"},\"wordCount\":412,\"commentCount\":0,\"publisher\":{\"@id\":\"https:\\\/\\\/fjala.info\\\/2009-2015\\\/#organization\"},\"image\":{\"@id\":\"https:\\\/\\\/fjala.info\\\/2009-2015\\\/ish-te-perndjekurit-kjo-qeveri-neo-komuniste-eshte-gati-te-na-flijoje-serish-nuk-dalim-te-gjalle-nga-greva\\\/#primaryimage\"},\"thumbnailUrl\":\"http:\\\/\\\/www.fjala.info\\\/2012\\\/te_perndjekur_greve.jpg\",\"articleSection\":[\"Artikuj\"],\"inLanguage\":\"sq-AL\",\"potentialAction\":[{\"@type\":\"CommentAction\",\"name\":\"Comment\",\"target\":[\"https:\\\/\\\/fjala.info\\\/2009-2015\\\/ish-te-perndjekurit-kjo-qeveri-neo-komuniste-eshte-gati-te-na-flijoje-serish-nuk-dalim-te-gjalle-nga-greva\\\/#respond\"]}]},{\"@type\":\"WebPage\",\"@id\":\"https:\\\/\\\/fjala.info\\\/2009-2015\\\/ish-te-perndjekurit-kjo-qeveri-neo-komuniste-eshte-gati-te-na-flijoje-serish-nuk-dalim-te-gjalle-nga-greva\\\/\",\"url\":\"https:\\\/\\\/fjala.info\\\/2009-2015\\\/ish-te-perndjekurit-kjo-qeveri-neo-komuniste-eshte-gati-te-na-flijoje-serish-nuk-dalim-te-gjalle-nga-greva\\\/\",\"name\":\"Ish t\u00eb p\u00ebrndjekurit: Kjo qeveri neo-komuniste \u00ebsht\u00eb gati t\u00eb na flijoj\u00eb s\u00ebrish. Nuk dalim t\u00eb gjall\u00eb nga greva - FjALA e LIR\u00cb - Arkivi\",\"isPartOf\":{\"@id\":\"https:\\\/\\\/fjala.info\\\/2009-2015\\\/#website\"},\"primaryImageOfPage\":{\"@id\":\"https:\\\/\\\/fjala.info\\\/2009-2015\\\/ish-te-perndjekurit-kjo-qeveri-neo-komuniste-eshte-gati-te-na-flijoje-serish-nuk-dalim-te-gjalle-nga-greva\\\/#primaryimage\"},\"image\":{\"@id\":\"https:\\\/\\\/fjala.info\\\/2009-2015\\\/ish-te-perndjekurit-kjo-qeveri-neo-komuniste-eshte-gati-te-na-flijoje-serish-nuk-dalim-te-gjalle-nga-greva\\\/#primaryimage\"},\"thumbnailUrl\":\"http:\\\/\\\/www.fjala.info\\\/2012\\\/te_perndjekur_greve.jpg\",\"datePublished\":\"2012-09-29T21:04:35+00:00\",\"breadcrumb\":{\"@id\":\"https:\\\/\\\/fjala.info\\\/2009-2015\\\/ish-te-perndjekurit-kjo-qeveri-neo-komuniste-eshte-gati-te-na-flijoje-serish-nuk-dalim-te-gjalle-nga-greva\\\/#breadcrumb\"},\"inLanguage\":\"sq-AL\",\"potentialAction\":[{\"@type\":\"ReadAction\",\"target\":[\"https:\\\/\\\/fjala.info\\\/2009-2015\\\/ish-te-perndjekurit-kjo-qeveri-neo-komuniste-eshte-gati-te-na-flijoje-serish-nuk-dalim-te-gjalle-nga-greva\\\/\"]}]},{\"@type\":\"ImageObject\",\"inLanguage\":\"sq-AL\",\"@id\":\"https:\\\/\\\/fjala.info\\\/2009-2015\\\/ish-te-perndjekurit-kjo-qeveri-neo-komuniste-eshte-gati-te-na-flijoje-serish-nuk-dalim-te-gjalle-nga-greva\\\/#primaryimage\",\"url\":\"http:\\\/\\\/www.fjala.info\\\/2012\\\/te_perndjekur_greve.jpg\",\"contentUrl\":\"http:\\\/\\\/www.fjala.info\\\/2012\\\/te_perndjekur_greve.jpg\"},{\"@type\":\"BreadcrumbList\",\"@id\":\"https:\\\/\\\/fjala.info\\\/2009-2015\\\/ish-te-perndjekurit-kjo-qeveri-neo-komuniste-eshte-gati-te-na-flijoje-serish-nuk-dalim-te-gjalle-nga-greva\\\/#breadcrumb\",\"itemListElement\":[{\"@type\":\"ListItem\",\"position\":1,\"name\":\"Home\",\"item\":\"https:\\\/\\\/fjala.info\\\/2009-2015\\\/\"},{\"@type\":\"ListItem\",\"position\":2,\"name\":\"Ish t\u00eb p\u00ebrndjekurit: Kjo qeveri neo-komuniste \u00ebsht\u00eb gati t\u00eb na flijoj\u00eb s\u00ebrish. Nuk dalim t\u00eb gjall\u00eb nga greva\"}]},{\"@type\":\"WebSite\",\"@id\":\"https:\\\/\\\/fjala.info\\\/2009-2015\\\/#website\",\"url\":\"https:\\\/\\\/fjala.info\\\/2009-2015\\\/\",\"name\":\"FjALA e LIR\u00cb - Arkivi\",\"description\":\"Arkivi 2009-2015\",\"publisher\":{\"@id\":\"https:\\\/\\\/fjala.info\\\/2009-2015\\\/#organization\"},\"potentialAction\":[{\"@type\":\"SearchAction\",\"target\":{\"@type\":\"EntryPoint\",\"urlTemplate\":\"https:\\\/\\\/fjala.info\\\/2009-2015\\\/?s={search_term_string}\"},\"query-input\":{\"@type\":\"PropertyValueSpecification\",\"valueRequired\":true,\"valueName\":\"search_term_string\"}}],\"inLanguage\":\"sq-AL\"},{\"@type\":\"Organization\",\"@id\":\"https:\\\/\\\/fjala.info\\\/2009-2015\\\/#organization\",\"name\":\"FjALA e LIR\u00cb - Arkivi\",\"url\":\"https:\\\/\\\/fjala.info\\\/2009-2015\\\/\",\"logo\":{\"@type\":\"ImageObject\",\"inLanguage\":\"sq-AL\",\"@id\":\"https:\\\/\\\/fjala.info\\\/2009-2015\\\/#\\\/schema\\\/logo\\\/image\\\/\",\"url\":\"\",\"contentUrl\":\"\",\"caption\":\"FjALA e LIR\u00cb - Arkivi\"},\"image\":{\"@id\":\"https:\\\/\\\/fjala.info\\\/2009-2015\\\/#\\\/schema\\\/logo\\\/image\\\/\"}},{\"@type\":\"Person\",\"@id\":\"https:\\\/\\\/fjala.info\\\/2009-2015\\\/#\\\/schema\\\/person\\\/3aa1163ef05469c496fc94e77611ada2\",\"name\":\"admin\",\"image\":{\"@type\":\"ImageObject\",\"inLanguage\":\"sq-AL\",\"@id\":\"https:\\\/\\\/fjala.info\\\/2009-2015\\\/wp-content\\\/uploads\\\/2012\\\/02\\\/arben_cokaj-120x150.jpg\",\"url\":\"https:\\\/\\\/fjala.info\\\/2009-2015\\\/wp-content\\\/uploads\\\/2012\\\/02\\\/arben_cokaj-120x150.jpg\",\"contentUrl\":\"https:\\\/\\\/fjala.info\\\/2009-2015\\\/wp-content\\\/uploads\\\/2012\\\/02\\\/arben_cokaj-120x150.jpg\",\"caption\":\"admin\"},\"description\":\"Admin, Fjala e Lir\u00eb\",\"sameAs\":[\"https:\\\/\\\/fjala.info\\\/\"],\"url\":\"https:\\\/\\\/fjala.info\\\/2009-2015\\\/author\\\/admin\\\/\"}]}<\/script>\n<!-- \/ Yoast SEO plugin. -->","yoast_head_json":{"title":"Ish t\u00eb p\u00ebrndjekurit: Kjo qeveri neo-komuniste \u00ebsht\u00eb gati t\u00eb na flijoj\u00eb s\u00ebrish. Nuk dalim t\u00eb gjall\u00eb nga greva - FjALA e LIR\u00cb - Arkivi","robots":{"index":"index","follow":"follow","max-snippet":"max-snippet:-1","max-image-preview":"max-image-preview:large","max-video-preview":"max-video-preview:-1"},"canonical":"https:\/\/fjala.info\/2009-2015\/ish-te-perndjekurit-kjo-qeveri-neo-komuniste-eshte-gati-te-na-flijoje-serish-nuk-dalim-te-gjalle-nga-greva\/","og_locale":"sq_AL","og_type":"article","og_title":"Ish t\u00eb p\u00ebrndjekurit: Kjo qeveri neo-komuniste \u00ebsht\u00eb gati t\u00eb na flijoj\u00eb s\u00ebrish. Nuk dalim t\u00eb gjall\u00eb nga greva - FjALA e LIR\u00cb - Arkivi","og_description":"TemA Online, 29 Shtator 2012 Ish t\u00eb p\u00ebrndjekurit politik\u00eb, t\u00eb cil\u00ebt prej 8 dit\u00ebsh kan\u00eb hyr\u00eb n\u00eb grev\u00eb urie, kan\u00eb k\u00ebrkuar nga ana e p\u00ebrfaq\u00ebsuesve diplomatik\u00eb n\u00eb Shqip\u00ebri, q\u00eb t\u00eb ushtrojn\u00eb presion ndaj qeveris\u00eb, p\u00ebr t\u00eb plot\u00ebsuar k\u00ebrkesat e tyre. Me an\u00eb t\u00eb nj\u00eb deklarate p\u00ebr mediat, ata shprehen se kjo qeveri neo-komuniste \u00ebsht\u00eb gati [&hellip;]","og_url":"https:\/\/fjala.info\/2009-2015\/ish-te-perndjekurit-kjo-qeveri-neo-komuniste-eshte-gati-te-na-flijoje-serish-nuk-dalim-te-gjalle-nga-greva\/","og_site_name":"FjALA e LIR\u00cb - Arkivi","article_published_time":"2012-09-29T21:04:35+00:00","og_image":[{"url":"http:\/\/www.fjala.info\/2012\/te_perndjekur_greve.jpg","type":"","width":"","height":""}],"author":"admin","twitter_card":"summary_large_image","twitter_misc":{"Written by":"admin","Est. reading time":"2 minutes"},"schema":{"@context":"https:\/\/schema.org","@graph":[{"@type":"Article","@id":"https:\/\/fjala.info\/2009-2015\/ish-te-perndjekurit-kjo-qeveri-neo-komuniste-eshte-gati-te-na-flijoje-serish-nuk-dalim-te-gjalle-nga-greva\/#article","isPartOf":{"@id":"https:\/\/fjala.info\/2009-2015\/ish-te-perndjekurit-kjo-qeveri-neo-komuniste-eshte-gati-te-na-flijoje-serish-nuk-dalim-te-gjalle-nga-greva\/"},"author":{"name":"admin","@id":"https:\/\/fjala.info\/2009-2015\/#\/schema\/person\/3aa1163ef05469c496fc94e77611ada2"},"headline":"Ish t\u00eb p\u00ebrndjekurit: Kjo qeveri neo-komuniste \u00ebsht\u00eb gati t\u00eb na flijoj\u00eb s\u00ebrish. Nuk dalim t\u00eb gjall\u00eb nga greva","datePublished":"2012-09-29T21:04:35+00:00","mainEntityOfPage":{"@id":"https:\/\/fjala.info\/2009-2015\/ish-te-perndjekurit-kjo-qeveri-neo-komuniste-eshte-gati-te-na-flijoje-serish-nuk-dalim-te-gjalle-nga-greva\/"},"wordCount":412,"commentCount":0,"publisher":{"@id":"https:\/\/fjala.info\/2009-2015\/#organization"},"image":{"@id":"https:\/\/fjala.info\/2009-2015\/ish-te-perndjekurit-kjo-qeveri-neo-komuniste-eshte-gati-te-na-flijoje-serish-nuk-dalim-te-gjalle-nga-greva\/#primaryimage"},"thumbnailUrl":"http:\/\/www.fjala.info\/2012\/te_perndjekur_greve.jpg","articleSection":["Artikuj"],"inLanguage":"sq-AL","potentialAction":[{"@type":"CommentAction","name":"Comment","target":["https:\/\/fjala.info\/2009-2015\/ish-te-perndjekurit-kjo-qeveri-neo-komuniste-eshte-gati-te-na-flijoje-serish-nuk-dalim-te-gjalle-nga-greva\/#respond"]}]},{"@type":"WebPage","@id":"https:\/\/fjala.info\/2009-2015\/ish-te-perndjekurit-kjo-qeveri-neo-komuniste-eshte-gati-te-na-flijoje-serish-nuk-dalim-te-gjalle-nga-greva\/","url":"https:\/\/fjala.info\/2009-2015\/ish-te-perndjekurit-kjo-qeveri-neo-komuniste-eshte-gati-te-na-flijoje-serish-nuk-dalim-te-gjalle-nga-greva\/","name":"Ish t\u00eb p\u00ebrndjekurit: Kjo qeveri neo-komuniste \u00ebsht\u00eb gati t\u00eb na flijoj\u00eb s\u00ebrish. Nuk dalim t\u00eb gjall\u00eb nga greva - FjALA e LIR\u00cb - Arkivi","isPartOf":{"@id":"https:\/\/fjala.info\/2009-2015\/#website"},"primaryImageOfPage":{"@id":"https:\/\/fjala.info\/2009-2015\/ish-te-perndjekurit-kjo-qeveri-neo-komuniste-eshte-gati-te-na-flijoje-serish-nuk-dalim-te-gjalle-nga-greva\/#primaryimage"},"image":{"@id":"https:\/\/fjala.info\/2009-2015\/ish-te-perndjekurit-kjo-qeveri-neo-komuniste-eshte-gati-te-na-flijoje-serish-nuk-dalim-te-gjalle-nga-greva\/#primaryimage"},"thumbnailUrl":"http:\/\/www.fjala.info\/2012\/te_perndjekur_greve.jpg","datePublished":"2012-09-29T21:04:35+00:00","breadcrumb":{"@id":"https:\/\/fjala.info\/2009-2015\/ish-te-perndjekurit-kjo-qeveri-neo-komuniste-eshte-gati-te-na-flijoje-serish-nuk-dalim-te-gjalle-nga-greva\/#breadcrumb"},"inLanguage":"sq-AL","potentialAction":[{"@type":"ReadAction","target":["https:\/\/fjala.info\/2009-2015\/ish-te-perndjekurit-kjo-qeveri-neo-komuniste-eshte-gati-te-na-flijoje-serish-nuk-dalim-te-gjalle-nga-greva\/"]}]},{"@type":"ImageObject","inLanguage":"sq-AL","@id":"https:\/\/fjala.info\/2009-2015\/ish-te-perndjekurit-kjo-qeveri-neo-komuniste-eshte-gati-te-na-flijoje-serish-nuk-dalim-te-gjalle-nga-greva\/#primaryimage","url":"http:\/\/www.fjala.info\/2012\/te_perndjekur_greve.jpg","contentUrl":"http:\/\/www.fjala.info\/2012\/te_perndjekur_greve.jpg"},{"@type":"BreadcrumbList","@id":"https:\/\/fjala.info\/2009-2015\/ish-te-perndjekurit-kjo-qeveri-neo-komuniste-eshte-gati-te-na-flijoje-serish-nuk-dalim-te-gjalle-nga-greva\/#breadcrumb","itemListElement":[{"@type":"ListItem","position":1,"name":"Home","item":"https:\/\/fjala.info\/2009-2015\/"},{"@type":"ListItem","position":2,"name":"Ish t\u00eb p\u00ebrndjekurit: Kjo qeveri neo-komuniste \u00ebsht\u00eb gati t\u00eb na flijoj\u00eb s\u00ebrish. Nuk dalim t\u00eb gjall\u00eb nga greva"}]},{"@type":"WebSite","@id":"https:\/\/fjala.info\/2009-2015\/#website","url":"https:\/\/fjala.info\/2009-2015\/","name":"FjALA e LIR\u00cb - Arkivi","description":"Arkivi 2009-2015","publisher":{"@id":"https:\/\/fjala.info\/2009-2015\/#organization"},"potentialAction":[{"@type":"SearchAction","target":{"@type":"EntryPoint","urlTemplate":"https:\/\/fjala.info\/2009-2015\/?s={search_term_string}"},"query-input":{"@type":"PropertyValueSpecification","valueRequired":true,"valueName":"search_term_string"}}],"inLanguage":"sq-AL"},{"@type":"Organization","@id":"https:\/\/fjala.info\/2009-2015\/#organization","name":"FjALA e LIR\u00cb - Arkivi","url":"https:\/\/fjala.info\/2009-2015\/","logo":{"@type":"ImageObject","inLanguage":"sq-AL","@id":"https:\/\/fjala.info\/2009-2015\/#\/schema\/logo\/image\/","url":"","contentUrl":"","caption":"FjALA e LIR\u00cb - Arkivi"},"image":{"@id":"https:\/\/fjala.info\/2009-2015\/#\/schema\/logo\/image\/"}},{"@type":"Person","@id":"https:\/\/fjala.info\/2009-2015\/#\/schema\/person\/3aa1163ef05469c496fc94e77611ada2","name":"admin","image":{"@type":"ImageObject","inLanguage":"sq-AL","@id":"https:\/\/fjala.info\/2009-2015\/wp-content\/uploads\/2012\/02\/arben_cokaj-120x150.jpg","url":"https:\/\/fjala.info\/2009-2015\/wp-content\/uploads\/2012\/02\/arben_cokaj-120x150.jpg","contentUrl":"https:\/\/fjala.info\/2009-2015\/wp-content\/uploads\/2012\/02\/arben_cokaj-120x150.jpg","caption":"admin"},"description":"Admin, Fjala e Lir\u00eb","sameAs":["https:\/\/fjala.info\/"],"url":"https:\/\/fjala.info\/2009-2015\/author\/admin\/"}]}},"_links":{"self":[{"href":"https:\/\/fjala.info\/2009-2015\/wp-json\/wp\/v2\/posts\/12118","targetHints":{"allow":["GET"]}}],"collection":[{"href":"https:\/\/fjala.info\/2009-2015\/wp-json\/wp\/v2\/posts"}],"about":[{"href":"https:\/\/fjala.info\/2009-2015\/wp-json\/wp\/v2\/types\/post"}],"author":[{"embeddable":true,"href":"https:\/\/fjala.info\/2009-2015\/wp-json\/wp\/v2\/users\/1"}],"replies":[{"embeddable":true,"href":"https:\/\/fjala.info\/2009-2015\/wp-json\/wp\/v2\/comments?post=12118"}],"version-history":[{"count":0,"href":"https:\/\/fjala.info\/2009-2015\/wp-json\/wp\/v2\/posts\/12118\/revisions"}],"wp:attachment":[{"href":"https:\/\/fjala.info\/2009-2015\/wp-json\/wp\/v2\/media?parent=12118"}],"wp:term":[{"taxonomy":"category","embeddable":true,"href":"https:\/\/fjala.info\/2009-2015\/wp-json\/wp\/v2\/categories?post=12118"},{"taxonomy":"post_tag","embeddable":true,"href":"https:\/\/fjala.info\/2009-2015\/wp-json\/wp\/v2\/tags?post=12118"}],"curies":[{"name":"wp","href":"https:\/\/api.w.org\/{rel}","templated":true}]}}