{"id":12117,"date":"2012-09-29T22:01:35","date_gmt":"2012-09-29T21:01:35","guid":{"rendered":"http:\/\/www.fjala.info\/?p=5213"},"modified":"2012-09-29T22:01:35","modified_gmt":"2012-09-29T21:01:35","slug":"une-dhe-femijet-e-jozefines-kemi-detyrim-per-grevistet-e-urise","status":"publish","type":"post","link":"https:\/\/fjala.info\/2009-2015\/une-dhe-femijet-e-jozefines-kemi-detyrim-per-grevistet-e-urise\/","title":{"rendered":"Un\u00eb dhe f\u00ebmij\u00ebt e Jozefin\u00ebs kemi detyrim p\u00ebr grevist\u00ebt e uris\u00eb"},"content":{"rendered":"<p><img decoding=\"async\" class=\"alignright size-thumbnail wp-image-7236\" title=\"Arben Manaj\" src=\"http:\/\/www.fjala.info\/2012\/arben_manaj.jpg\" alt=\"\" width=\"150\" \/> Nga <strong>Arben Manaj<\/strong>, <em>29 Shtator 2012<\/em><\/p>\n<p>Un\u00eb jam djali i nj\u00eb nga ish Kryetar\u00ebve t\u00eb Parlamentit t\u00eb Shqip\u00ebris\u00eb, nje bir i ish nomenklatur\u00ebs komunsite, sic njihemi ndryshe n\u00eb zhargonin politik, dhe si i till\u00eb kam pasur t\u00ebr\u00eb privilegjet aq sa ishin , q\u00eb sot mund t\u00eb duken qesharake, por at\u00ebhere ishin lluks, aq m\u00eb tep\u00ebr kur krahasohen me vuajtjet dhe deprivimit q\u00eb kan\u00eb pasur nj\u00eb pjes\u00eb jo e vog\u00ebl e shqiptar\u00ebve t\u00eb tjer\u00eb, aq m\u00eb tep\u00ebr t\u00eb ish t\u00eb p\u00ebrndjekurit dhe t\u00eb persekutuarit politik\u00eb, nj\u00eb pjes\u00eb e t\u00eb cil\u00ebve sot jan\u00eb futur n\u00eb grev\u00eb urie.Nj\u00eb lexues i shpejt\u00eb, dhe pa u thelluar dhe lexuar deri n\u00eb fund, mund t\u00eb mendoj se un\u00eb duhet t\u00eb jem i fundit q\u00eb duhet t\u00eb flas\u00eb. Parimisht edhe mund t\u00eb ket\u00eb t\u00eb drejt\u00eb.<\/p>\n<p>Ndaj dhe nuk kam folur aq sa duhet p\u00ebr k\u00ebt\u00eb shtres\u00eb deri me sot, pasi prisja q\u00eb normalisht do t\u00eb duhet fillimisht nj\u00eb s\u00ebr\u00eb tjet\u00ebr t\u00eb jen\u00eb m\u00eb t\u00eb dh\u00ebmbshur dhe m\u00eb borxhlinj p\u00ebr hallet e tyre. Pastaj edhe ne t\u00eb tjer\u00ebt q\u00eb pat\u00ebm fatin biologjik t\u00eb jetonim m\u00eb normal dhe t\u00eb kishim m\u00eb shume shanse ne jet\u00eb sesa v\u00ebrsniket dhe moshatar\u00ebt tan\u00eb, edhe pse jo shum\u00eb rrall\u00eb ata ishin shum\u00eb m\u00eb mir\u00eb me m\u00ebsime dhe m\u00eb t\u00eb zgjuar se ne t\u00eb paprekurit.<\/p>\n<p>Un\u00eb ndryshe nga shum\u00eb moshatar\u00eb t\u00eb mi t\u00eb persekutuar, pata fatin dhe mund\u00ebsit\u00eb t\u00eb shkollohesha dhe ky arsimim t\u00eb sh\u00ebrbente si trampolin\u00eb p\u00ebr t\u00eb q\u00ebn\u00eb m\u00eb i aft\u00ebsuar dhe p\u00ebr tu p\u00ebrballuar me dallg\u00ebt e jet\u00ebs pas \u201crr\u00ebnies nga figu\u201d.<\/p>\n<p>E kjo shtres\u00eb e p\u00ebrvuajtur nuk e kishte k\u00ebt\u00eb fat. Ndaj dhe ndihem keq personalisht dhe borxhli p\u00ebrpara k\u00ebtyre njer\u00ebzve q\u00eb shum\u00ebkush n\u00eb fillimet e demokracis\u00eb mendonte se do t\u00eb dilnin me thik\u00eb n\u00ebp\u00ebr dh\u00ebmb\u00eb p\u00ebr tu hakmarr\u00eb ndaj komunist\u00ebve dhe familjeve t\u00eb tyre.<\/p>\n<p>Por ata, t\u00eb p\u00ebrvuajturit e v\u00ebrtet\u00eb, t\u00eb cil\u00ebt i kam takuar dhe par\u00eb me syt\u00eb e mi q\u00eb n\u00eb fillimet e demokracis\u00eb se n\u00eb c\u2019kushte filluan t\u00eb jetonin, apo edhe se ku kishin vuajtur, kur punoja si korrespondent i Agjensise amerikane te Lajmeve Associated Press n\u00eb Tiran\u00eb dhe kisha akses t\u00eb shikoja shum\u00eb m\u00eb shpejt se t\u00eb tjer\u00ebt v\u00ebndin e kalavrit t\u00eb tyre, ishin shum\u00eb m\u00eb njer\u00ebzor dhe fisnik se shumica e shqiptar\u00ebve.<\/p>\n<p>Ata dhe sjellja e tyre ishin m\u00ebsimi dhe qortimi m\u00eb i madh q\u00eb na dhan\u00eb neve jasht\u00eb Spacit e Burrelit, apo kampeve t\u00eb p\u00ebrq\u00ebndrimit, p\u00ebr t\u00eb kutptuar se sa absurd dhe i dhimbsh\u00ebm kishte q\u00ebn\u00eb d\u00ebnimi i tyre.<\/p>\n<p>Ka pasur shume abuzime me k\u00ebt\u00eb kategori, q\u00eb nga ata q\u00eb d\u00ebnoheshin p\u00ebr vjedhje xhepash dhe njollosnin t\u00ebr\u00eb k\u00ebt\u00eb shtres\u00eb t\u00eb d\u00ebnuarisht politik\u00eb e deri tek korrupsioni me ndihmat dhe mostrajtimi sic e meritonin t\u00eb d\u00ebnuarit dhe persekutuarit e v\u00ebrtet\u00eb t\u00eb regjimit p\u00ebr bindjet e tyre politike, q\u00eb ishin ndryshe nga ato zyrtare, por q\u00eb ishin po aq shqiptar\u00eb n\u00eb mos m\u00eb shum\u00eb sesa ne q\u00eb ishim jasht\u00eb.<\/p>\n<p>Dhe k\u00ebt\u00eb fatkeq\u00ebsisht, ata e paguan me jet\u00ebn e vuajtjet e tyre, jet\u00eb t\u00eb shkat\u00ebrruara dhe te shp\u00ebrdoruara e hedhura posht\u00eb t\u00ebr\u00eb p\u00ebrbuzje dhe p\u00ebrcmim. Ndaj ky katarsis edhe pse personal, por edhe kolektiv nga t\u00ebr\u00eb shoq\u00ebria, do t\u00eb duhet t\u00eb jet\u00eb m\u00eb i fuqish\u00ebm dhe ndikues ndaj atyre q\u00eb kan\u00eb n\u00eb dor\u00eb t\u00eb ndihmojn\u00eb k\u00ebta shqiptar\u00eb, q\u00eb t\u00eb mos rijetojn\u00eb ekonomikisht t\u00eb nj\u00ebjt\u00ebn m\u00ebnyr\u00eb jetese dhe privacione ekonomike si dikur.<\/p>\n<p>Shteti yn\u00eb, edhe p\u00ebr dallim nga butaforia dhe masturbimi mendor i drejtuesit aktual t\u00eb qeveris\u00eb p\u00ebr pseudo-suksesin ekonomik marram\u00ebnd\u00ebs t\u00eb Shqip\u00ebris\u00eb n\u00eb bot\u00eb, \u00ebsht\u00eb padyshim krahasueshm\u00ebrisht shtet i varf\u00ebr. \u00cbsht\u00eb i varf\u00ebr p\u00ebrball\u00eb me ato vende q\u00eb mbajn\u00eb pa iu dredhur syri qindra mij\u00ebra emigrant\u00eb dhe t\u00eb paprivilegjuar v\u00ebndas n\u00eb shoq\u00ebrit\u00eb e tyre, sic \u00ebsht\u00eb Anglia p.sh.<\/p>\n<p>Por shteti yn\u00eb dhe administrata e dit\u00ebs, ka aq burime financiare dhe mund\u00ebsira ekonomike q\u00eb t\u00eb pakt\u00ebn p\u00ebrfaq\u00ebsues t\u00eb k\u00ebsaj shtrese t\u00eb mos cojn\u00eb buk\u00eb me djath\u00eb p\u00ebr f\u00ebmij\u00ebt n\u00eb mbr\u00ebmj\u00eb, apo t\u00eb jetojn\u00eb n\u00eb banesa me dinjitoze dhe t\u00eb ken\u00eb mund\u00ebsira akoma m\u00eb t\u00eb m\u00ebdha integrimi.<\/p>\n<p>Nuk dua t\u00eb hyj n\u00eb debatin se sa \u00ebsht\u00eb b\u00ebr\u00eb dhe sa nuk \u00ebsht\u00eb b\u00ebr\u00eb nga qeverit\u00eb e ndryshme p\u00ebr ish t\u00eb p\u00ebrndjekurit, pasi do humbasim n\u00eb q\u00ebllimin dhe mesazhin e k\u00ebsaj analize.<\/p>\n<p>Por them dhe jam i bindur q\u00eb ky shtet, ose palo shtet, q\u00eb duhet t\u00eb ishte shum\u00eb m\u00eb sensitiv ndaj k\u00ebsaj shtrese, m\u00eb shum\u00eb se sa t\u00eb majt\u00ebt, ka n\u00ebse ka vullnet dhe dashamir\u00ebsi p\u00ebr t\u00eb ndihmuar m\u00eb shum\u00eb k\u00ebta fatkeq\u00eb t\u00eb p\u00ebrjet\u00ebsh\u00ebm.<\/p>\n<p>\u00cbsht\u00eb e turpshme p\u00ebr cdo shoq\u00ebri q\u00eb t\u00eb hyjn\u00eb njer\u00ebzit n\u00eb grev\u00eb urie p\u00ebr k\u00ebrkesa t\u00eb tilla, por akoma m\u00eb e turpshme p\u00ebr k\u00ebt\u00eb shtres\u00eb n\u00eb 2012, p\u00ebr shkak t\u00eb neglizhenc\u00ebs dhe mosp\u00ebrfilljes s\u00eb frikshme t\u00eb nj\u00eb qeverie t\u00eb djatht\u00eb n\u00eb program.<\/p>\n<p>Dhe mund\u00ebsit\u00eb filllojn\u00eb q\u00eb nga milionat e dh\u00ebna p\u00ebr reklama, q\u00eb nga shpurrat e m\u00ebdha me bodigard\u00eb q\u00eb i rrethojn\u00eb apo deri tek udh\u00ebtimet v\u00ebnd e pa v\u00ebnd q\u00eb t\u00eb Kryeministrit, Kryetares s\u00eb Parlamentit e dreq e t\u00eb bir, t\u00eb shoq\u00ebruar me gazetar\u00eb e kamerman\u00eb me vete p\u00ebr t\u00eb reklamuar vizitat e tyre.<\/p>\n<p>Nuk po p\u00ebrmend shpenzime t\u00eb tjera t\u00eb pallogaritshme q\u00eb b\u00ebn qeveria q\u00eb jan\u00eb para t\u00eb b\u00ebra rrush e kumbulla, kur t\u00eb tjer\u00ebt nuk e shoq\u00ebrojne dot djathin as me rrush e as me kumbulla.<\/p>\n<p>\u00cbsht\u00eb e pafalshme q\u00eb nj\u00eb Kryetare e Parlamentit nuk pask\u00ebrka koment p\u00ebr grev\u00ebn e njer\u00ebzve t\u00eb shtres\u00ebs s\u00eb saj?!!<\/p>\n<p>Jozefina, kjo zonj\u00eb ,q\u00eb ka z\u00ebn\u00eb v\u00ebndin e babait tim dikur, duket se nuk ka nd\u00ebrm\u00ebnd, por shpresoj q\u00eb f\u00ebmij\u00ebt e saj t\u00eb ndihen po aq keq sa edhe un\u00eb, SOT, p\u00ebr mos b\u00ebrjen m\u00eb shum\u00eb t\u00eb shoq\u00ebris\u00eb p\u00ebr nxjerrjen nga greva e uris\u00eb t\u00eb ish t\u00eb p\u00ebrndjekur\u00ebve politik, 22 vjet pas r\u00ebnies s\u00eb komunizmit.<\/p>\n","protected":false},"excerpt":{"rendered":"<p>Nga Arben Manaj, 29 Shtator 2012 Un\u00eb jam djali i nj\u00eb nga ish Kryetar\u00ebve t\u00eb Parlamentit t\u00eb Shqip\u00ebris\u00eb, nje bir i ish nomenklatur\u00ebs komunsite, sic njihemi ndryshe n\u00eb zhargonin politik, dhe si i till\u00eb kam pasur t\u00ebr\u00eb privilegjet aq sa ishin , q\u00eb sot mund t\u00eb duken qesharake, por at\u00ebhere ishin lluks, aq m\u00eb tep\u00ebr [&hellip;]<\/p>\n","protected":false},"author":1,"featured_media":0,"comment_status":"open","ping_status":"closed","sticky":false,"template":"","format":"standard","meta":{"footnotes":""},"categories":[2],"tags":[],"class_list":{"0":"post-12117","1":"post","2":"type-post","3":"status-publish","4":"format-standard","6":"category-artikuj"},"yoast_head":"<!-- This site is optimized with the Yoast SEO plugin v27.4 - https:\/\/yoast.com\/product\/yoast-seo-wordpress\/ -->\n<title>Un\u00eb dhe f\u00ebmij\u00ebt e Jozefin\u00ebs kemi detyrim p\u00ebr grevist\u00ebt e uris\u00eb - FjALA e LIR\u00cb - Arkivi<\/title>\n<meta name=\"robots\" content=\"index, follow, max-snippet:-1, max-image-preview:large, max-video-preview:-1\" \/>\n<link rel=\"canonical\" href=\"https:\/\/fjala.info\/2009-2015\/une-dhe-femijet-e-jozefines-kemi-detyrim-per-grevistet-e-urise\/\" \/>\n<meta property=\"og:locale\" content=\"sq_AL\" \/>\n<meta property=\"og:type\" content=\"article\" \/>\n<meta property=\"og:title\" content=\"Un\u00eb dhe f\u00ebmij\u00ebt e Jozefin\u00ebs kemi detyrim p\u00ebr grevist\u00ebt e uris\u00eb - FjALA e LIR\u00cb - Arkivi\" \/>\n<meta property=\"og:description\" content=\"Nga Arben Manaj, 29 Shtator 2012 Un\u00eb jam djali i nj\u00eb nga ish Kryetar\u00ebve t\u00eb Parlamentit t\u00eb Shqip\u00ebris\u00eb, nje bir i ish nomenklatur\u00ebs komunsite, sic njihemi ndryshe n\u00eb zhargonin politik, dhe si i till\u00eb kam pasur t\u00ebr\u00eb privilegjet aq sa ishin , q\u00eb sot mund t\u00eb duken qesharake, por at\u00ebhere ishin lluks, aq m\u00eb tep\u00ebr [&hellip;]\" \/>\n<meta property=\"og:url\" content=\"https:\/\/fjala.info\/2009-2015\/une-dhe-femijet-e-jozefines-kemi-detyrim-per-grevistet-e-urise\/\" \/>\n<meta property=\"og:site_name\" content=\"FjALA e LIR\u00cb - Arkivi\" \/>\n<meta property=\"article:published_time\" content=\"2012-09-29T21:01:35+00:00\" \/>\n<meta property=\"og:image\" content=\"http:\/\/www.fjala.info\/2012\/arben_manaj.jpg\" \/>\n<meta name=\"author\" content=\"admin\" \/>\n<meta name=\"twitter:card\" content=\"summary_large_image\" \/>\n<meta name=\"twitter:label1\" content=\"Written by\" \/>\n\t<meta name=\"twitter:data1\" content=\"admin\" \/>\n\t<meta name=\"twitter:label2\" content=\"Est. reading time\" \/>\n\t<meta name=\"twitter:data2\" content=\"5 minutes\" \/>\n<script type=\"application\/ld+json\" class=\"yoast-schema-graph\">{\"@context\":\"https:\\\/\\\/schema.org\",\"@graph\":[{\"@type\":\"Article\",\"@id\":\"https:\\\/\\\/fjala.info\\\/2009-2015\\\/une-dhe-femijet-e-jozefines-kemi-detyrim-per-grevistet-e-urise\\\/#article\",\"isPartOf\":{\"@id\":\"https:\\\/\\\/fjala.info\\\/2009-2015\\\/une-dhe-femijet-e-jozefines-kemi-detyrim-per-grevistet-e-urise\\\/\"},\"author\":{\"name\":\"admin\",\"@id\":\"https:\\\/\\\/fjala.info\\\/2009-2015\\\/#\\\/schema\\\/person\\\/3aa1163ef05469c496fc94e77611ada2\"},\"headline\":\"Un\u00eb dhe f\u00ebmij\u00ebt e Jozefin\u00ebs kemi detyrim p\u00ebr grevist\u00ebt e uris\u00eb\",\"datePublished\":\"2012-09-29T21:01:35+00:00\",\"mainEntityOfPage\":{\"@id\":\"https:\\\/\\\/fjala.info\\\/2009-2015\\\/une-dhe-femijet-e-jozefines-kemi-detyrim-per-grevistet-e-urise\\\/\"},\"wordCount\":1104,\"commentCount\":0,\"publisher\":{\"@id\":\"https:\\\/\\\/fjala.info\\\/2009-2015\\\/#organization\"},\"image\":{\"@id\":\"https:\\\/\\\/fjala.info\\\/2009-2015\\\/une-dhe-femijet-e-jozefines-kemi-detyrim-per-grevistet-e-urise\\\/#primaryimage\"},\"thumbnailUrl\":\"http:\\\/\\\/www.fjala.info\\\/2012\\\/arben_manaj.jpg\",\"articleSection\":[\"Artikuj\"],\"inLanguage\":\"sq-AL\",\"potentialAction\":[{\"@type\":\"CommentAction\",\"name\":\"Comment\",\"target\":[\"https:\\\/\\\/fjala.info\\\/2009-2015\\\/une-dhe-femijet-e-jozefines-kemi-detyrim-per-grevistet-e-urise\\\/#respond\"]}]},{\"@type\":\"WebPage\",\"@id\":\"https:\\\/\\\/fjala.info\\\/2009-2015\\\/une-dhe-femijet-e-jozefines-kemi-detyrim-per-grevistet-e-urise\\\/\",\"url\":\"https:\\\/\\\/fjala.info\\\/2009-2015\\\/une-dhe-femijet-e-jozefines-kemi-detyrim-per-grevistet-e-urise\\\/\",\"name\":\"Un\u00eb dhe f\u00ebmij\u00ebt e Jozefin\u00ebs kemi detyrim p\u00ebr grevist\u00ebt e uris\u00eb - FjALA e LIR\u00cb - Arkivi\",\"isPartOf\":{\"@id\":\"https:\\\/\\\/fjala.info\\\/2009-2015\\\/#website\"},\"primaryImageOfPage\":{\"@id\":\"https:\\\/\\\/fjala.info\\\/2009-2015\\\/une-dhe-femijet-e-jozefines-kemi-detyrim-per-grevistet-e-urise\\\/#primaryimage\"},\"image\":{\"@id\":\"https:\\\/\\\/fjala.info\\\/2009-2015\\\/une-dhe-femijet-e-jozefines-kemi-detyrim-per-grevistet-e-urise\\\/#primaryimage\"},\"thumbnailUrl\":\"http:\\\/\\\/www.fjala.info\\\/2012\\\/arben_manaj.jpg\",\"datePublished\":\"2012-09-29T21:01:35+00:00\",\"breadcrumb\":{\"@id\":\"https:\\\/\\\/fjala.info\\\/2009-2015\\\/une-dhe-femijet-e-jozefines-kemi-detyrim-per-grevistet-e-urise\\\/#breadcrumb\"},\"inLanguage\":\"sq-AL\",\"potentialAction\":[{\"@type\":\"ReadAction\",\"target\":[\"https:\\\/\\\/fjala.info\\\/2009-2015\\\/une-dhe-femijet-e-jozefines-kemi-detyrim-per-grevistet-e-urise\\\/\"]}]},{\"@type\":\"ImageObject\",\"inLanguage\":\"sq-AL\",\"@id\":\"https:\\\/\\\/fjala.info\\\/2009-2015\\\/une-dhe-femijet-e-jozefines-kemi-detyrim-per-grevistet-e-urise\\\/#primaryimage\",\"url\":\"http:\\\/\\\/www.fjala.info\\\/2012\\\/arben_manaj.jpg\",\"contentUrl\":\"http:\\\/\\\/www.fjala.info\\\/2012\\\/arben_manaj.jpg\"},{\"@type\":\"BreadcrumbList\",\"@id\":\"https:\\\/\\\/fjala.info\\\/2009-2015\\\/une-dhe-femijet-e-jozefines-kemi-detyrim-per-grevistet-e-urise\\\/#breadcrumb\",\"itemListElement\":[{\"@type\":\"ListItem\",\"position\":1,\"name\":\"Home\",\"item\":\"https:\\\/\\\/fjala.info\\\/2009-2015\\\/\"},{\"@type\":\"ListItem\",\"position\":2,\"name\":\"Un\u00eb dhe f\u00ebmij\u00ebt e Jozefin\u00ebs kemi detyrim p\u00ebr grevist\u00ebt e uris\u00eb\"}]},{\"@type\":\"WebSite\",\"@id\":\"https:\\\/\\\/fjala.info\\\/2009-2015\\\/#website\",\"url\":\"https:\\\/\\\/fjala.info\\\/2009-2015\\\/\",\"name\":\"FjALA e LIR\u00cb - Arkivi\",\"description\":\"Arkivi 2009-2015\",\"publisher\":{\"@id\":\"https:\\\/\\\/fjala.info\\\/2009-2015\\\/#organization\"},\"potentialAction\":[{\"@type\":\"SearchAction\",\"target\":{\"@type\":\"EntryPoint\",\"urlTemplate\":\"https:\\\/\\\/fjala.info\\\/2009-2015\\\/?s={search_term_string}\"},\"query-input\":{\"@type\":\"PropertyValueSpecification\",\"valueRequired\":true,\"valueName\":\"search_term_string\"}}],\"inLanguage\":\"sq-AL\"},{\"@type\":\"Organization\",\"@id\":\"https:\\\/\\\/fjala.info\\\/2009-2015\\\/#organization\",\"name\":\"FjALA e LIR\u00cb - Arkivi\",\"url\":\"https:\\\/\\\/fjala.info\\\/2009-2015\\\/\",\"logo\":{\"@type\":\"ImageObject\",\"inLanguage\":\"sq-AL\",\"@id\":\"https:\\\/\\\/fjala.info\\\/2009-2015\\\/#\\\/schema\\\/logo\\\/image\\\/\",\"url\":\"\",\"contentUrl\":\"\",\"caption\":\"FjALA e LIR\u00cb - Arkivi\"},\"image\":{\"@id\":\"https:\\\/\\\/fjala.info\\\/2009-2015\\\/#\\\/schema\\\/logo\\\/image\\\/\"}},{\"@type\":\"Person\",\"@id\":\"https:\\\/\\\/fjala.info\\\/2009-2015\\\/#\\\/schema\\\/person\\\/3aa1163ef05469c496fc94e77611ada2\",\"name\":\"admin\",\"image\":{\"@type\":\"ImageObject\",\"inLanguage\":\"sq-AL\",\"@id\":\"https:\\\/\\\/fjala.info\\\/2009-2015\\\/wp-content\\\/uploads\\\/2012\\\/02\\\/arben_cokaj-120x150.jpg\",\"url\":\"https:\\\/\\\/fjala.info\\\/2009-2015\\\/wp-content\\\/uploads\\\/2012\\\/02\\\/arben_cokaj-120x150.jpg\",\"contentUrl\":\"https:\\\/\\\/fjala.info\\\/2009-2015\\\/wp-content\\\/uploads\\\/2012\\\/02\\\/arben_cokaj-120x150.jpg\",\"caption\":\"admin\"},\"description\":\"Admin, Fjala e Lir\u00eb\",\"sameAs\":[\"https:\\\/\\\/fjala.info\\\/\"],\"url\":\"https:\\\/\\\/fjala.info\\\/2009-2015\\\/author\\\/admin\\\/\"}]}<\/script>\n<!-- \/ Yoast SEO plugin. -->","yoast_head_json":{"title":"Un\u00eb dhe f\u00ebmij\u00ebt e Jozefin\u00ebs kemi detyrim p\u00ebr grevist\u00ebt e uris\u00eb - FjALA e LIR\u00cb - Arkivi","robots":{"index":"index","follow":"follow","max-snippet":"max-snippet:-1","max-image-preview":"max-image-preview:large","max-video-preview":"max-video-preview:-1"},"canonical":"https:\/\/fjala.info\/2009-2015\/une-dhe-femijet-e-jozefines-kemi-detyrim-per-grevistet-e-urise\/","og_locale":"sq_AL","og_type":"article","og_title":"Un\u00eb dhe f\u00ebmij\u00ebt e Jozefin\u00ebs kemi detyrim p\u00ebr grevist\u00ebt e uris\u00eb - FjALA e LIR\u00cb - Arkivi","og_description":"Nga Arben Manaj, 29 Shtator 2012 Un\u00eb jam djali i nj\u00eb nga ish Kryetar\u00ebve t\u00eb Parlamentit t\u00eb Shqip\u00ebris\u00eb, nje bir i ish nomenklatur\u00ebs komunsite, sic njihemi ndryshe n\u00eb zhargonin politik, dhe si i till\u00eb kam pasur t\u00ebr\u00eb privilegjet aq sa ishin , q\u00eb sot mund t\u00eb duken qesharake, por at\u00ebhere ishin lluks, aq m\u00eb tep\u00ebr [&hellip;]","og_url":"https:\/\/fjala.info\/2009-2015\/une-dhe-femijet-e-jozefines-kemi-detyrim-per-grevistet-e-urise\/","og_site_name":"FjALA e LIR\u00cb - Arkivi","article_published_time":"2012-09-29T21:01:35+00:00","og_image":[{"url":"http:\/\/www.fjala.info\/2012\/arben_manaj.jpg","type":"","width":"","height":""}],"author":"admin","twitter_card":"summary_large_image","twitter_misc":{"Written by":"admin","Est. reading time":"5 minutes"},"schema":{"@context":"https:\/\/schema.org","@graph":[{"@type":"Article","@id":"https:\/\/fjala.info\/2009-2015\/une-dhe-femijet-e-jozefines-kemi-detyrim-per-grevistet-e-urise\/#article","isPartOf":{"@id":"https:\/\/fjala.info\/2009-2015\/une-dhe-femijet-e-jozefines-kemi-detyrim-per-grevistet-e-urise\/"},"author":{"name":"admin","@id":"https:\/\/fjala.info\/2009-2015\/#\/schema\/person\/3aa1163ef05469c496fc94e77611ada2"},"headline":"Un\u00eb dhe f\u00ebmij\u00ebt e Jozefin\u00ebs kemi detyrim p\u00ebr grevist\u00ebt e uris\u00eb","datePublished":"2012-09-29T21:01:35+00:00","mainEntityOfPage":{"@id":"https:\/\/fjala.info\/2009-2015\/une-dhe-femijet-e-jozefines-kemi-detyrim-per-grevistet-e-urise\/"},"wordCount":1104,"commentCount":0,"publisher":{"@id":"https:\/\/fjala.info\/2009-2015\/#organization"},"image":{"@id":"https:\/\/fjala.info\/2009-2015\/une-dhe-femijet-e-jozefines-kemi-detyrim-per-grevistet-e-urise\/#primaryimage"},"thumbnailUrl":"http:\/\/www.fjala.info\/2012\/arben_manaj.jpg","articleSection":["Artikuj"],"inLanguage":"sq-AL","potentialAction":[{"@type":"CommentAction","name":"Comment","target":["https:\/\/fjala.info\/2009-2015\/une-dhe-femijet-e-jozefines-kemi-detyrim-per-grevistet-e-urise\/#respond"]}]},{"@type":"WebPage","@id":"https:\/\/fjala.info\/2009-2015\/une-dhe-femijet-e-jozefines-kemi-detyrim-per-grevistet-e-urise\/","url":"https:\/\/fjala.info\/2009-2015\/une-dhe-femijet-e-jozefines-kemi-detyrim-per-grevistet-e-urise\/","name":"Un\u00eb dhe f\u00ebmij\u00ebt e Jozefin\u00ebs kemi detyrim p\u00ebr grevist\u00ebt e uris\u00eb - FjALA e LIR\u00cb - Arkivi","isPartOf":{"@id":"https:\/\/fjala.info\/2009-2015\/#website"},"primaryImageOfPage":{"@id":"https:\/\/fjala.info\/2009-2015\/une-dhe-femijet-e-jozefines-kemi-detyrim-per-grevistet-e-urise\/#primaryimage"},"image":{"@id":"https:\/\/fjala.info\/2009-2015\/une-dhe-femijet-e-jozefines-kemi-detyrim-per-grevistet-e-urise\/#primaryimage"},"thumbnailUrl":"http:\/\/www.fjala.info\/2012\/arben_manaj.jpg","datePublished":"2012-09-29T21:01:35+00:00","breadcrumb":{"@id":"https:\/\/fjala.info\/2009-2015\/une-dhe-femijet-e-jozefines-kemi-detyrim-per-grevistet-e-urise\/#breadcrumb"},"inLanguage":"sq-AL","potentialAction":[{"@type":"ReadAction","target":["https:\/\/fjala.info\/2009-2015\/une-dhe-femijet-e-jozefines-kemi-detyrim-per-grevistet-e-urise\/"]}]},{"@type":"ImageObject","inLanguage":"sq-AL","@id":"https:\/\/fjala.info\/2009-2015\/une-dhe-femijet-e-jozefines-kemi-detyrim-per-grevistet-e-urise\/#primaryimage","url":"http:\/\/www.fjala.info\/2012\/arben_manaj.jpg","contentUrl":"http:\/\/www.fjala.info\/2012\/arben_manaj.jpg"},{"@type":"BreadcrumbList","@id":"https:\/\/fjala.info\/2009-2015\/une-dhe-femijet-e-jozefines-kemi-detyrim-per-grevistet-e-urise\/#breadcrumb","itemListElement":[{"@type":"ListItem","position":1,"name":"Home","item":"https:\/\/fjala.info\/2009-2015\/"},{"@type":"ListItem","position":2,"name":"Un\u00eb dhe f\u00ebmij\u00ebt e Jozefin\u00ebs kemi detyrim p\u00ebr grevist\u00ebt e uris\u00eb"}]},{"@type":"WebSite","@id":"https:\/\/fjala.info\/2009-2015\/#website","url":"https:\/\/fjala.info\/2009-2015\/","name":"FjALA e LIR\u00cb - Arkivi","description":"Arkivi 2009-2015","publisher":{"@id":"https:\/\/fjala.info\/2009-2015\/#organization"},"potentialAction":[{"@type":"SearchAction","target":{"@type":"EntryPoint","urlTemplate":"https:\/\/fjala.info\/2009-2015\/?s={search_term_string}"},"query-input":{"@type":"PropertyValueSpecification","valueRequired":true,"valueName":"search_term_string"}}],"inLanguage":"sq-AL"},{"@type":"Organization","@id":"https:\/\/fjala.info\/2009-2015\/#organization","name":"FjALA e LIR\u00cb - Arkivi","url":"https:\/\/fjala.info\/2009-2015\/","logo":{"@type":"ImageObject","inLanguage":"sq-AL","@id":"https:\/\/fjala.info\/2009-2015\/#\/schema\/logo\/image\/","url":"","contentUrl":"","caption":"FjALA e LIR\u00cb - Arkivi"},"image":{"@id":"https:\/\/fjala.info\/2009-2015\/#\/schema\/logo\/image\/"}},{"@type":"Person","@id":"https:\/\/fjala.info\/2009-2015\/#\/schema\/person\/3aa1163ef05469c496fc94e77611ada2","name":"admin","image":{"@type":"ImageObject","inLanguage":"sq-AL","@id":"https:\/\/fjala.info\/2009-2015\/wp-content\/uploads\/2012\/02\/arben_cokaj-120x150.jpg","url":"https:\/\/fjala.info\/2009-2015\/wp-content\/uploads\/2012\/02\/arben_cokaj-120x150.jpg","contentUrl":"https:\/\/fjala.info\/2009-2015\/wp-content\/uploads\/2012\/02\/arben_cokaj-120x150.jpg","caption":"admin"},"description":"Admin, Fjala e Lir\u00eb","sameAs":["https:\/\/fjala.info\/"],"url":"https:\/\/fjala.info\/2009-2015\/author\/admin\/"}]}},"_links":{"self":[{"href":"https:\/\/fjala.info\/2009-2015\/wp-json\/wp\/v2\/posts\/12117","targetHints":{"allow":["GET"]}}],"collection":[{"href":"https:\/\/fjala.info\/2009-2015\/wp-json\/wp\/v2\/posts"}],"about":[{"href":"https:\/\/fjala.info\/2009-2015\/wp-json\/wp\/v2\/types\/post"}],"author":[{"embeddable":true,"href":"https:\/\/fjala.info\/2009-2015\/wp-json\/wp\/v2\/users\/1"}],"replies":[{"embeddable":true,"href":"https:\/\/fjala.info\/2009-2015\/wp-json\/wp\/v2\/comments?post=12117"}],"version-history":[{"count":0,"href":"https:\/\/fjala.info\/2009-2015\/wp-json\/wp\/v2\/posts\/12117\/revisions"}],"wp:attachment":[{"href":"https:\/\/fjala.info\/2009-2015\/wp-json\/wp\/v2\/media?parent=12117"}],"wp:term":[{"taxonomy":"category","embeddable":true,"href":"https:\/\/fjala.info\/2009-2015\/wp-json\/wp\/v2\/categories?post=12117"},{"taxonomy":"post_tag","embeddable":true,"href":"https:\/\/fjala.info\/2009-2015\/wp-json\/wp\/v2\/tags?post=12117"}],"curies":[{"name":"wp","href":"https:\/\/api.w.org\/{rel}","templated":true}]}}