{"id":12116,"date":"2012-09-28T21:46:13","date_gmt":"2012-09-28T20:46:13","guid":{"rendered":"http:\/\/www.fjala.info\/?p=5209"},"modified":"2012-09-28T21:46:13","modified_gmt":"2012-09-28T20:46:13","slug":"jemi-popull-refugjatesh-ska-kush-faj","status":"publish","type":"post","link":"https:\/\/fjala.info\/2009-2015\/jemi-popull-refugjatesh-ska-kush-faj\/","title":{"rendered":"Jemi popull refugjat\u00ebsh \u2013 s\u2019ka kush faj!"},"content":{"rendered":"<p><img decoding=\"async\" class=\"alignright size-thumbnail wp-image-7236\" title=\"Adriatik Kelmendi\" src=\"http:\/\/www.fjala.info\/2012\/adriatik_kelmendi.jpg\" alt=\"\" width=\"150\" \/> Nga <strong>Adriatik Kelmendi<\/strong>, <em>28 Shtator 2012<\/em><\/p>\n<p>NJ\u00cb PJES\u00cb E huqur nga e gjith\u00eb zhurma e jargavitja p\u00ebr zbulimin e problemit m\u00eb t\u00eb madh t\u00eb shqiptar\u00ebve \u2013 q\u00eb na doli t\u00eb jet\u00eb loja e futbollit Zvic\u00ebr-Shqip\u00ebri (sic!) \u2013 \u00ebsht\u00eb em\u00ebrtimi i v\u00ebrtet\u00eb i futbollist\u00ebve. Shum\u00eb nga futbollist\u00ebt q\u00eb me origjin\u00eb jan\u00eb shqiptar\u00eb nga Kosova, shqiptar\u00eb nga Shqip\u00ebria e shqiptar\u00eb nga Maqedonia, kan\u00eb nj\u00eb em\u00ebrtim t\u00eb p\u00ebrbashk\u00ebt: refugjat\u00eb. Si Lorik Cana ashtu edhe Xherdan Shaqiri, si Alban Meha ashtu edhe Valon Behrami kan\u00eb fatin e nj\u00ebjt\u00eb, t\u00eb paraardh\u00ebsve t\u00eb tyre q\u00eb p\u00ebr arsye t\u00eb ndryshme, kryesisht politiko-ekonomike, \u00ebsht\u00eb dashur t\u00eb ikin nga vendi i tyre.<\/p>\n<p>\u00cbsht\u00eb leht\u00eb e kapshme p\u00ebr \u00e7do njeri normal q\u00eb ta kuptoj\u00eb se braktisja e vendit t\u00eb lindjes, vendit t\u00eb trungut familjar, atdheut \u00ebsht\u00eb nd\u00ebr veprimet m\u00eb t\u00eb dhimbshme e traumatike n\u00eb jet\u00ebn e nj\u00eb individi. Pakkush, p\u00ebr t\u00eb mos th\u00ebn\u00eb askush, s\u2019zgjedh p\u00ebr qejf t\u00eb ndahet nga familja e shoq\u00ebria dhe t\u00eb filloj\u00eb jet\u00eb t\u00eb re fillimisht si nj\u00eb ilegal n\u00eb nj\u00eb shtet e rreth t\u00eb huaj, i cili natyrsh\u00ebm si nj\u00eb alien q\u00eb jeni s\u2019do t\u2019 ju pres\u00eb fort me ngaz\u00ebllim.<\/p>\n<p>Ja, pra, q\u00eb n\u00ebp\u00ebr k\u00ebt\u00eb rrug\u00eb kan\u00eb kaluar pa p\u00ebrjashtim edhe t\u00eb gjitha familjet e futbollist\u00ebve shqiptar\u00eb me pasaporta t\u00eb huaja q\u00eb u ndesh\u00ebn p\u00ebrball\u00eb nj\u00ebri-tjetrit n\u00eb ndeshjen Zvic\u00ebr-Shqip\u00ebri.<\/p>\n<p>Secili prej tyre ka nj\u00eb rr\u00ebfim t\u00eb dhimbsh\u00ebm, por fatmir\u00ebsisht me happy end, n\u00ebse do t\u00eb kemi parasysh suksesin q\u00eb kan\u00eb arritur n\u00eb fush\u00ebn e gjelb\u00ebr. Mir\u00ebpo, jo t\u00eb gjith\u00eb jan\u00eb n\u00eb stad t\u00eb nj\u00ebjt\u00eb t\u00eb integrimit e t\u00eb statuseve t\u00eb tyre n\u00eb vendet ku kan\u00eb emigruar. Dhe p\u00ebr p\u00ebrcaktimin e tyre se a do t\u00eb luajn\u00eb p\u00ebr p\u00ebrfaq\u00ebsuesen e Shqip\u00ebris\u00eb, apo t\u00eb Zvicr\u00ebs, kan\u00eb pasur t\u00eb atill\u00eb q\u00eb \u00ebsht\u00eb dashur t\u00eb vendosin p\u00ebr arsye krejt josportive e jopatriotike. Pasi q\u00eb n\u00eb jet\u00ebn e tyre nuk lidhet gjith\u00e7ka vet\u00ebm me binomin sport dhe etni \u2013 si\u00e7 e pam\u00eb t\u00eb reduktohet debati naivisht k\u00ebto dit\u00eb \u2013 por ka edhe zona t\u00eb tjera e t\u00eb hirta q\u00eb n\u00eb fund t\u00eb fundit i prekin nj\u00eb num\u00ebr t\u00eb madh t\u00eb familjeve shqiptare, e q\u00eb \u00ebsht\u00eb fati i refugjatit.<\/p>\n<p>Pra, fare thjesht, pjesa e padiskutuar e k\u00ebtij rr\u00ebfimi t\u00eb reduktuar e t\u00eb banalizuar pa nevoj\u00eb (pasi q\u00eb q\u00ebndrimi im i par\u00eb \u00ebsht\u00eb se sportisti i arrir\u00eb n\u00eb radh\u00eb t\u00eb par\u00eb duhet t\u00eb jet\u00eb profesionist, dhe si i till\u00eb do t\u00eb duhet t\u00eb jet\u00eb n\u00eb krye t\u00eb detyr\u00ebs p\u00ebr k\u00ebdo q\u00eb ka n\u00ebnshkruar kontrat\u00eb, meq\u00eb n\u00eb t\u00eb kund\u00ebrt\u00ebn do t\u00eb n\u00ebnkuptonte mashtrim) \u00ebsht\u00eb odiseja e mundimshme e rregullimit t\u00eb statusit t\u00eb nj\u00eb familjeje me fatin e zi t\u00eb refugjatit n\u00eb shtetin e emigrimit.<\/p>\n<p>Kaq e thjesht\u00eb.<\/p>\n<p>Kaq e dhimbshme.<\/p>\n<p>Kaq reale p\u00ebr shum\u00eb prej nesh.<\/p>\n<p>1.739.825. Ose edhe me fjal\u00eb: nj\u00eb milion e shtat\u00ebqind e tridhjet\u00eb e n\u00ebnt\u00eb mij\u00eb e tet\u00ebqind e nj\u00ebzet e pes\u00eb. Ky \u00ebsht\u00eb numri zyrtar i regjistrimit t\u00eb popullsis\u00eb rezidente n\u00eb pjes\u00ebn e administruar nga Prishtina t\u00eb Kosov\u00ebs, pra pa veriun. \u00cbsht\u00eb kjo nj\u00eb shif\u00ebr, q\u00eb bashk\u00eb me t\u00eb dh\u00ebnat e tjera t\u00eb regjistrimit, do t\u00eb ndikoj\u00eb n\u00eb shum\u00eb planifikime t\u00eb ardhshme n\u00eb vend. Mir\u00ebpo, \u00e7udit\u00ebrisht, kjo tem\u00eb e r\u00ebnd\u00ebsishme \u2013 pasi q\u00eb \u00ebsht\u00eb regjistrimi i par\u00eb pak m\u00eb normal i b\u00ebr\u00eb n\u00eb vend tash e 30 vjet \u2013 po kalon pa r\u00ebnd\u00ebsin\u00eb e duhur n\u00eb opinion. P\u00ebr m\u00eb tep\u00ebr, me k\u00ebt\u00eb regjistrim \u00ebsht\u00eb v\u00ebrtetuar edhe fakti tjet\u00ebr: se sa shum\u00eb banor\u00eb e kan\u00eb l\u00ebshuar vendin n\u00eb k\u00ebto 10-20 vjet\u00ebt e fundit.<\/p>\n<p>Ministria e Diaspor\u00ebs, n\u00eb kalkulimet e veta, ka arritur n\u00eb shifr\u00ebn prej rreth nj\u00eb t\u00eb tret\u00ebs s\u00eb popullat\u00ebs s\u00eb Kosov\u00ebs si t\u00eb l\u00ebvizur drejt vendeve t\u00eb huaja. Pra, rreth 700-800 mij\u00eb shqiptar\u00eb t\u00eb Kosov\u00ebs q\u00eb n\u00eb nj\u00eb moment gjat\u00eb k\u00ebsaj periudhe s\u2019kan\u00eb pasur rrug\u00ebdalje tjet\u00ebr, p\u00ebrve\u00e7 braktisjes s\u00eb atdheut dhe k\u00ebrkimit t\u00eb fatit n\u00eb nj\u00eb vend tjet\u00ebr.<\/p>\n<p>Shum\u00eb prej tyre kan\u00eb dal\u00eb gjat\u00eb viteve t\u00eb n\u00ebnt\u00ebdhjeta, t\u00eb tjer\u00eb gjat\u00eb luft\u00ebs, e ka edhe mjaft q\u00eb kan\u00eb shkuar nga vendi edhe pas arritjes s\u00eb liris\u00eb e edhe shpalljes s\u00eb pavar\u00ebsis\u00eb. Duke qen\u00eb n\u00eb hall dhe duke pasur arsye t\u00eb ndryshme q\u00eb i kan\u00eb shtyr\u00eb ata q\u00eb t\u00eb k\u00ebrkojn\u00eb fatin gjetk\u00eb, n\u00eb periudha t\u00eb ndryshme kohore, edhe rr\u00ebfimet e tyre p\u00ebr fitimin e \u201cletrave\u201d n\u00eb vendet e migrimit kan\u00eb qen\u00eb t\u00eb adaptuara sipas trendit t\u00eb koh\u00ebs.<\/p>\n<p>Gjat\u00eb t\u00eb n\u00ebnt\u00ebdhjetave, thuaja t\u00eb gjith\u00eb kan\u00eb qen\u00eb t\u00eb p\u00ebrndjekur politik\u00eb nga regjimi i Beogradit. Gjat\u00eb luft\u00ebs ka qen\u00eb p\u00ebrndjekja dhe ikja nga vrasjet dhe mizorit\u00eb. Kurse pas luft\u00ebs ka filluar epoka e rr\u00ebfimeve m\u00eb t\u00eb \u00e7oroditura, me q\u00ebllimin e vet\u00ebm, fitimin e statusit t\u00eb azilantit para organeve ligjore t\u00eb shteteve t\u00eb ndryshme.<\/p>\n<p>S\u00eb k\u00ebndejmi, p.sh. po t\u2019u zihej bes\u00eb v\u00ebrtet sajimeve t\u00eb azilk\u00ebrkuesve nga Kosova pas lufte t\u00eb dh\u00ebna para gjyqtar\u00ebve t\u00eb huaj, at\u00ebher\u00eb do t\u00eb mund t\u00eb dilte se U\u00c7K-ja pask\u00ebsh ndjekur dhe k\u00ebrc\u00ebnuar m\u00eb tep\u00ebr qytetar\u00ebt e zakonsh\u00ebm shqiptar\u00eb se sa militar\u00ebt serb\u00eb, se n\u00eb Kosov\u00eb pask\u00ebsh m\u00eb tep\u00ebr rom\u00eb se sa shqiptar\u00eb, se pask\u00ebsh m\u00eb shum\u00eb homoseksual\u00eb se sa n\u00eb t\u00eb gjitha vendet e tjera e k\u00ebshtu me radh\u00eb.<\/p>\n<p>Gjithsesi, se k\u00ebtu nuk dua t\u00eb paragjykoj ose ta akuzoj asnj\u00ebrin q\u00eb ka b\u00ebr\u00eb nj\u00eb gj\u00eb t\u00eb k\u00ebtill\u00eb, pasi q\u00eb besoj se at\u00eb veprim s\u2019e ka b\u00ebr\u00eb me d\u00ebshir\u00eb, ose p\u00ebr t\u2019i b\u00ebr\u00eb keq vendit t\u00eb tyre, por \u2013 nga zori.<\/p>\n<p>Dhe t\u00eb k\u00ebtilla rr\u00ebfime mund t\u00eb gjejm\u00eb pa p\u00ebrjashtime te refugjat\u00ebt nga Kosova, qofshin ata k\u00ebpuc\u00ebtar\u00eb ose arsimtar\u00eb, doktor\u00eb ose kamerier\u00eb, poet\u00eb ose t\u00eb papun\u00eb, ose-ose sportist\u00eb.<\/p>\n<p>Kemi p\u00ebrjetuar t\u00eb zezat q\u00eb kemi p\u00ebrjetuar dhe ato na kan\u00eb shnd\u00ebrruar n\u00eb k\u00ebt\u00eb q\u00eb jemi sot.<\/p>\n<p>E ne jemi, me plot kuptimin e fjal\u00ebs, nj\u00eb popullat\u00eb refugjat\u00ebsh.<\/p>\n<p>Di\u00e7ka q\u00eb s\u2019e kemi dashur e s\u2019do ta donim.<\/p>\n<p>MORALI I RR\u00cbFIMIT do t\u00eb duhej t\u00eb ishte: Tash s\u00eb paku mund ta dim\u00eb se ku jemi, sa jemi dhe \u00e7far\u00eb jemi. Shum\u00eb nga rrethanat n\u00eb k\u00ebto dhjet\u00ebvjet\u00ebsha t\u00eb fundit kan\u00eb ndryshuar, n\u00eb mas\u00eb t\u00eb madhe p\u00ebr t\u00eb mir\u00eb.<\/p>\n<p>E tash do t\u00eb varet nga vet\u00eb ne se \u00e7ka do t\u00eb b\u00ebjm\u00eb e ku do t\u00eb jemi.<\/p>\n<p>Nes\u00ebr!<\/p>\n","protected":false},"excerpt":{"rendered":"<p>Nga Adriatik Kelmendi, 28 Shtator 2012 NJ\u00cb PJES\u00cb E huqur nga e gjith\u00eb zhurma e jargavitja p\u00ebr zbulimin e problemit m\u00eb t\u00eb madh t\u00eb shqiptar\u00ebve \u2013 q\u00eb na doli t\u00eb jet\u00eb loja e futbollit Zvic\u00ebr-Shqip\u00ebri (sic!) \u2013 \u00ebsht\u00eb em\u00ebrtimi i v\u00ebrtet\u00eb i futbollist\u00ebve. Shum\u00eb nga futbollist\u00ebt q\u00eb me origjin\u00eb jan\u00eb shqiptar\u00eb nga Kosova, shqiptar\u00eb nga [&hellip;]<\/p>\n","protected":false},"author":1,"featured_media":0,"comment_status":"open","ping_status":"closed","sticky":false,"template":"","format":"standard","meta":{"footnotes":""},"categories":[2],"tags":[],"class_list":{"0":"post-12116","1":"post","2":"type-post","3":"status-publish","4":"format-standard","6":"category-artikuj"},"yoast_head":"<!-- This site is optimized with the Yoast SEO plugin v27.4 - https:\/\/yoast.com\/product\/yoast-seo-wordpress\/ -->\n<title>Jemi popull refugjat\u00ebsh \u2013 s\u2019ka kush faj! - FjALA e LIR\u00cb - Arkivi<\/title>\n<meta name=\"robots\" content=\"index, follow, max-snippet:-1, max-image-preview:large, max-video-preview:-1\" \/>\n<link rel=\"canonical\" href=\"https:\/\/fjala.info\/2009-2015\/jemi-popull-refugjatesh-ska-kush-faj\/\" \/>\n<meta property=\"og:locale\" content=\"sq_AL\" \/>\n<meta property=\"og:type\" content=\"article\" \/>\n<meta property=\"og:title\" content=\"Jemi popull refugjat\u00ebsh \u2013 s\u2019ka kush faj! - FjALA e LIR\u00cb - Arkivi\" \/>\n<meta property=\"og:description\" content=\"Nga Adriatik Kelmendi, 28 Shtator 2012 NJ\u00cb PJES\u00cb E huqur nga e gjith\u00eb zhurma e jargavitja p\u00ebr zbulimin e problemit m\u00eb t\u00eb madh t\u00eb shqiptar\u00ebve \u2013 q\u00eb na doli t\u00eb jet\u00eb loja e futbollit Zvic\u00ebr-Shqip\u00ebri (sic!) \u2013 \u00ebsht\u00eb em\u00ebrtimi i v\u00ebrtet\u00eb i futbollist\u00ebve. Shum\u00eb nga futbollist\u00ebt q\u00eb me origjin\u00eb jan\u00eb shqiptar\u00eb nga Kosova, shqiptar\u00eb nga [&hellip;]\" \/>\n<meta property=\"og:url\" content=\"https:\/\/fjala.info\/2009-2015\/jemi-popull-refugjatesh-ska-kush-faj\/\" \/>\n<meta property=\"og:site_name\" content=\"FjALA e LIR\u00cb - Arkivi\" \/>\n<meta property=\"article:published_time\" content=\"2012-09-28T20:46:13+00:00\" \/>\n<meta property=\"og:image\" content=\"http:\/\/www.fjala.info\/2012\/adriatik_kelmendi.jpg\" \/>\n<meta name=\"author\" content=\"admin\" \/>\n<meta name=\"twitter:card\" content=\"summary_large_image\" \/>\n<meta name=\"twitter:label1\" content=\"Written by\" \/>\n\t<meta name=\"twitter:data1\" content=\"admin\" \/>\n\t<meta name=\"twitter:label2\" content=\"Est. reading time\" \/>\n\t<meta name=\"twitter:data2\" content=\"6 minutes\" \/>\n<script type=\"application\/ld+json\" class=\"yoast-schema-graph\">{\"@context\":\"https:\\\/\\\/schema.org\",\"@graph\":[{\"@type\":\"Article\",\"@id\":\"https:\\\/\\\/fjala.info\\\/2009-2015\\\/jemi-popull-refugjatesh-ska-kush-faj\\\/#article\",\"isPartOf\":{\"@id\":\"https:\\\/\\\/fjala.info\\\/2009-2015\\\/jemi-popull-refugjatesh-ska-kush-faj\\\/\"},\"author\":{\"name\":\"admin\",\"@id\":\"https:\\\/\\\/fjala.info\\\/2009-2015\\\/#\\\/schema\\\/person\\\/3aa1163ef05469c496fc94e77611ada2\"},\"headline\":\"Jemi popull refugjat\u00ebsh \u2013 s\u2019ka kush faj!\",\"datePublished\":\"2012-09-28T20:46:13+00:00\",\"mainEntityOfPage\":{\"@id\":\"https:\\\/\\\/fjala.info\\\/2009-2015\\\/jemi-popull-refugjatesh-ska-kush-faj\\\/\"},\"wordCount\":1155,\"commentCount\":0,\"publisher\":{\"@id\":\"https:\\\/\\\/fjala.info\\\/2009-2015\\\/#organization\"},\"image\":{\"@id\":\"https:\\\/\\\/fjala.info\\\/2009-2015\\\/jemi-popull-refugjatesh-ska-kush-faj\\\/#primaryimage\"},\"thumbnailUrl\":\"http:\\\/\\\/www.fjala.info\\\/2012\\\/adriatik_kelmendi.jpg\",\"articleSection\":[\"Artikuj\"],\"inLanguage\":\"sq-AL\",\"potentialAction\":[{\"@type\":\"CommentAction\",\"name\":\"Comment\",\"target\":[\"https:\\\/\\\/fjala.info\\\/2009-2015\\\/jemi-popull-refugjatesh-ska-kush-faj\\\/#respond\"]}]},{\"@type\":\"WebPage\",\"@id\":\"https:\\\/\\\/fjala.info\\\/2009-2015\\\/jemi-popull-refugjatesh-ska-kush-faj\\\/\",\"url\":\"https:\\\/\\\/fjala.info\\\/2009-2015\\\/jemi-popull-refugjatesh-ska-kush-faj\\\/\",\"name\":\"Jemi popull refugjat\u00ebsh \u2013 s\u2019ka kush faj! - FjALA e LIR\u00cb - Arkivi\",\"isPartOf\":{\"@id\":\"https:\\\/\\\/fjala.info\\\/2009-2015\\\/#website\"},\"primaryImageOfPage\":{\"@id\":\"https:\\\/\\\/fjala.info\\\/2009-2015\\\/jemi-popull-refugjatesh-ska-kush-faj\\\/#primaryimage\"},\"image\":{\"@id\":\"https:\\\/\\\/fjala.info\\\/2009-2015\\\/jemi-popull-refugjatesh-ska-kush-faj\\\/#primaryimage\"},\"thumbnailUrl\":\"http:\\\/\\\/www.fjala.info\\\/2012\\\/adriatik_kelmendi.jpg\",\"datePublished\":\"2012-09-28T20:46:13+00:00\",\"breadcrumb\":{\"@id\":\"https:\\\/\\\/fjala.info\\\/2009-2015\\\/jemi-popull-refugjatesh-ska-kush-faj\\\/#breadcrumb\"},\"inLanguage\":\"sq-AL\",\"potentialAction\":[{\"@type\":\"ReadAction\",\"target\":[\"https:\\\/\\\/fjala.info\\\/2009-2015\\\/jemi-popull-refugjatesh-ska-kush-faj\\\/\"]}]},{\"@type\":\"ImageObject\",\"inLanguage\":\"sq-AL\",\"@id\":\"https:\\\/\\\/fjala.info\\\/2009-2015\\\/jemi-popull-refugjatesh-ska-kush-faj\\\/#primaryimage\",\"url\":\"http:\\\/\\\/www.fjala.info\\\/2012\\\/adriatik_kelmendi.jpg\",\"contentUrl\":\"http:\\\/\\\/www.fjala.info\\\/2012\\\/adriatik_kelmendi.jpg\"},{\"@type\":\"BreadcrumbList\",\"@id\":\"https:\\\/\\\/fjala.info\\\/2009-2015\\\/jemi-popull-refugjatesh-ska-kush-faj\\\/#breadcrumb\",\"itemListElement\":[{\"@type\":\"ListItem\",\"position\":1,\"name\":\"Home\",\"item\":\"https:\\\/\\\/fjala.info\\\/2009-2015\\\/\"},{\"@type\":\"ListItem\",\"position\":2,\"name\":\"Jemi popull refugjat\u00ebsh \u2013 s\u2019ka kush faj!\"}]},{\"@type\":\"WebSite\",\"@id\":\"https:\\\/\\\/fjala.info\\\/2009-2015\\\/#website\",\"url\":\"https:\\\/\\\/fjala.info\\\/2009-2015\\\/\",\"name\":\"FjALA e LIR\u00cb - Arkivi\",\"description\":\"Arkivi 2009-2015\",\"publisher\":{\"@id\":\"https:\\\/\\\/fjala.info\\\/2009-2015\\\/#organization\"},\"potentialAction\":[{\"@type\":\"SearchAction\",\"target\":{\"@type\":\"EntryPoint\",\"urlTemplate\":\"https:\\\/\\\/fjala.info\\\/2009-2015\\\/?s={search_term_string}\"},\"query-input\":{\"@type\":\"PropertyValueSpecification\",\"valueRequired\":true,\"valueName\":\"search_term_string\"}}],\"inLanguage\":\"sq-AL\"},{\"@type\":\"Organization\",\"@id\":\"https:\\\/\\\/fjala.info\\\/2009-2015\\\/#organization\",\"name\":\"FjALA e LIR\u00cb - Arkivi\",\"url\":\"https:\\\/\\\/fjala.info\\\/2009-2015\\\/\",\"logo\":{\"@type\":\"ImageObject\",\"inLanguage\":\"sq-AL\",\"@id\":\"https:\\\/\\\/fjala.info\\\/2009-2015\\\/#\\\/schema\\\/logo\\\/image\\\/\",\"url\":\"\",\"contentUrl\":\"\",\"caption\":\"FjALA e LIR\u00cb - Arkivi\"},\"image\":{\"@id\":\"https:\\\/\\\/fjala.info\\\/2009-2015\\\/#\\\/schema\\\/logo\\\/image\\\/\"}},{\"@type\":\"Person\",\"@id\":\"https:\\\/\\\/fjala.info\\\/2009-2015\\\/#\\\/schema\\\/person\\\/3aa1163ef05469c496fc94e77611ada2\",\"name\":\"admin\",\"image\":{\"@type\":\"ImageObject\",\"inLanguage\":\"sq-AL\",\"@id\":\"https:\\\/\\\/fjala.info\\\/2009-2015\\\/wp-content\\\/uploads\\\/2012\\\/02\\\/arben_cokaj-120x150.jpg\",\"url\":\"https:\\\/\\\/fjala.info\\\/2009-2015\\\/wp-content\\\/uploads\\\/2012\\\/02\\\/arben_cokaj-120x150.jpg\",\"contentUrl\":\"https:\\\/\\\/fjala.info\\\/2009-2015\\\/wp-content\\\/uploads\\\/2012\\\/02\\\/arben_cokaj-120x150.jpg\",\"caption\":\"admin\"},\"description\":\"Admin, Fjala e Lir\u00eb\",\"sameAs\":[\"https:\\\/\\\/fjala.info\\\/\"],\"url\":\"https:\\\/\\\/fjala.info\\\/2009-2015\\\/author\\\/admin\\\/\"}]}<\/script>\n<!-- \/ Yoast SEO plugin. -->","yoast_head_json":{"title":"Jemi popull refugjat\u00ebsh \u2013 s\u2019ka kush faj! - FjALA e LIR\u00cb - Arkivi","robots":{"index":"index","follow":"follow","max-snippet":"max-snippet:-1","max-image-preview":"max-image-preview:large","max-video-preview":"max-video-preview:-1"},"canonical":"https:\/\/fjala.info\/2009-2015\/jemi-popull-refugjatesh-ska-kush-faj\/","og_locale":"sq_AL","og_type":"article","og_title":"Jemi popull refugjat\u00ebsh \u2013 s\u2019ka kush faj! - FjALA e LIR\u00cb - Arkivi","og_description":"Nga Adriatik Kelmendi, 28 Shtator 2012 NJ\u00cb PJES\u00cb E huqur nga e gjith\u00eb zhurma e jargavitja p\u00ebr zbulimin e problemit m\u00eb t\u00eb madh t\u00eb shqiptar\u00ebve \u2013 q\u00eb na doli t\u00eb jet\u00eb loja e futbollit Zvic\u00ebr-Shqip\u00ebri (sic!) \u2013 \u00ebsht\u00eb em\u00ebrtimi i v\u00ebrtet\u00eb i futbollist\u00ebve. Shum\u00eb nga futbollist\u00ebt q\u00eb me origjin\u00eb jan\u00eb shqiptar\u00eb nga Kosova, shqiptar\u00eb nga [&hellip;]","og_url":"https:\/\/fjala.info\/2009-2015\/jemi-popull-refugjatesh-ska-kush-faj\/","og_site_name":"FjALA e LIR\u00cb - Arkivi","article_published_time":"2012-09-28T20:46:13+00:00","og_image":[{"url":"http:\/\/www.fjala.info\/2012\/adriatik_kelmendi.jpg","type":"","width":"","height":""}],"author":"admin","twitter_card":"summary_large_image","twitter_misc":{"Written by":"admin","Est. reading time":"6 minutes"},"schema":{"@context":"https:\/\/schema.org","@graph":[{"@type":"Article","@id":"https:\/\/fjala.info\/2009-2015\/jemi-popull-refugjatesh-ska-kush-faj\/#article","isPartOf":{"@id":"https:\/\/fjala.info\/2009-2015\/jemi-popull-refugjatesh-ska-kush-faj\/"},"author":{"name":"admin","@id":"https:\/\/fjala.info\/2009-2015\/#\/schema\/person\/3aa1163ef05469c496fc94e77611ada2"},"headline":"Jemi popull refugjat\u00ebsh \u2013 s\u2019ka kush faj!","datePublished":"2012-09-28T20:46:13+00:00","mainEntityOfPage":{"@id":"https:\/\/fjala.info\/2009-2015\/jemi-popull-refugjatesh-ska-kush-faj\/"},"wordCount":1155,"commentCount":0,"publisher":{"@id":"https:\/\/fjala.info\/2009-2015\/#organization"},"image":{"@id":"https:\/\/fjala.info\/2009-2015\/jemi-popull-refugjatesh-ska-kush-faj\/#primaryimage"},"thumbnailUrl":"http:\/\/www.fjala.info\/2012\/adriatik_kelmendi.jpg","articleSection":["Artikuj"],"inLanguage":"sq-AL","potentialAction":[{"@type":"CommentAction","name":"Comment","target":["https:\/\/fjala.info\/2009-2015\/jemi-popull-refugjatesh-ska-kush-faj\/#respond"]}]},{"@type":"WebPage","@id":"https:\/\/fjala.info\/2009-2015\/jemi-popull-refugjatesh-ska-kush-faj\/","url":"https:\/\/fjala.info\/2009-2015\/jemi-popull-refugjatesh-ska-kush-faj\/","name":"Jemi popull refugjat\u00ebsh \u2013 s\u2019ka kush faj! - FjALA e LIR\u00cb - Arkivi","isPartOf":{"@id":"https:\/\/fjala.info\/2009-2015\/#website"},"primaryImageOfPage":{"@id":"https:\/\/fjala.info\/2009-2015\/jemi-popull-refugjatesh-ska-kush-faj\/#primaryimage"},"image":{"@id":"https:\/\/fjala.info\/2009-2015\/jemi-popull-refugjatesh-ska-kush-faj\/#primaryimage"},"thumbnailUrl":"http:\/\/www.fjala.info\/2012\/adriatik_kelmendi.jpg","datePublished":"2012-09-28T20:46:13+00:00","breadcrumb":{"@id":"https:\/\/fjala.info\/2009-2015\/jemi-popull-refugjatesh-ska-kush-faj\/#breadcrumb"},"inLanguage":"sq-AL","potentialAction":[{"@type":"ReadAction","target":["https:\/\/fjala.info\/2009-2015\/jemi-popull-refugjatesh-ska-kush-faj\/"]}]},{"@type":"ImageObject","inLanguage":"sq-AL","@id":"https:\/\/fjala.info\/2009-2015\/jemi-popull-refugjatesh-ska-kush-faj\/#primaryimage","url":"http:\/\/www.fjala.info\/2012\/adriatik_kelmendi.jpg","contentUrl":"http:\/\/www.fjala.info\/2012\/adriatik_kelmendi.jpg"},{"@type":"BreadcrumbList","@id":"https:\/\/fjala.info\/2009-2015\/jemi-popull-refugjatesh-ska-kush-faj\/#breadcrumb","itemListElement":[{"@type":"ListItem","position":1,"name":"Home","item":"https:\/\/fjala.info\/2009-2015\/"},{"@type":"ListItem","position":2,"name":"Jemi popull refugjat\u00ebsh \u2013 s\u2019ka kush faj!"}]},{"@type":"WebSite","@id":"https:\/\/fjala.info\/2009-2015\/#website","url":"https:\/\/fjala.info\/2009-2015\/","name":"FjALA e LIR\u00cb - Arkivi","description":"Arkivi 2009-2015","publisher":{"@id":"https:\/\/fjala.info\/2009-2015\/#organization"},"potentialAction":[{"@type":"SearchAction","target":{"@type":"EntryPoint","urlTemplate":"https:\/\/fjala.info\/2009-2015\/?s={search_term_string}"},"query-input":{"@type":"PropertyValueSpecification","valueRequired":true,"valueName":"search_term_string"}}],"inLanguage":"sq-AL"},{"@type":"Organization","@id":"https:\/\/fjala.info\/2009-2015\/#organization","name":"FjALA e LIR\u00cb - Arkivi","url":"https:\/\/fjala.info\/2009-2015\/","logo":{"@type":"ImageObject","inLanguage":"sq-AL","@id":"https:\/\/fjala.info\/2009-2015\/#\/schema\/logo\/image\/","url":"","contentUrl":"","caption":"FjALA e LIR\u00cb - Arkivi"},"image":{"@id":"https:\/\/fjala.info\/2009-2015\/#\/schema\/logo\/image\/"}},{"@type":"Person","@id":"https:\/\/fjala.info\/2009-2015\/#\/schema\/person\/3aa1163ef05469c496fc94e77611ada2","name":"admin","image":{"@type":"ImageObject","inLanguage":"sq-AL","@id":"https:\/\/fjala.info\/2009-2015\/wp-content\/uploads\/2012\/02\/arben_cokaj-120x150.jpg","url":"https:\/\/fjala.info\/2009-2015\/wp-content\/uploads\/2012\/02\/arben_cokaj-120x150.jpg","contentUrl":"https:\/\/fjala.info\/2009-2015\/wp-content\/uploads\/2012\/02\/arben_cokaj-120x150.jpg","caption":"admin"},"description":"Admin, Fjala e Lir\u00eb","sameAs":["https:\/\/fjala.info\/"],"url":"https:\/\/fjala.info\/2009-2015\/author\/admin\/"}]}},"_links":{"self":[{"href":"https:\/\/fjala.info\/2009-2015\/wp-json\/wp\/v2\/posts\/12116","targetHints":{"allow":["GET"]}}],"collection":[{"href":"https:\/\/fjala.info\/2009-2015\/wp-json\/wp\/v2\/posts"}],"about":[{"href":"https:\/\/fjala.info\/2009-2015\/wp-json\/wp\/v2\/types\/post"}],"author":[{"embeddable":true,"href":"https:\/\/fjala.info\/2009-2015\/wp-json\/wp\/v2\/users\/1"}],"replies":[{"embeddable":true,"href":"https:\/\/fjala.info\/2009-2015\/wp-json\/wp\/v2\/comments?post=12116"}],"version-history":[{"count":0,"href":"https:\/\/fjala.info\/2009-2015\/wp-json\/wp\/v2\/posts\/12116\/revisions"}],"wp:attachment":[{"href":"https:\/\/fjala.info\/2009-2015\/wp-json\/wp\/v2\/media?parent=12116"}],"wp:term":[{"taxonomy":"category","embeddable":true,"href":"https:\/\/fjala.info\/2009-2015\/wp-json\/wp\/v2\/categories?post=12116"},{"taxonomy":"post_tag","embeddable":true,"href":"https:\/\/fjala.info\/2009-2015\/wp-json\/wp\/v2\/tags?post=12116"}],"curies":[{"name":"wp","href":"https:\/\/api.w.org\/{rel}","templated":true}]}}