{"id":12115,"date":"2012-09-25T21:08:49","date_gmt":"2012-09-25T20:08:49","guid":{"rendered":"http:\/\/www.fjala.info\/?p=5193"},"modified":"2012-09-25T21:08:49","modified_gmt":"2012-09-25T20:08:49","slug":"u-shenua-20-vjetori-i-themelimit-te-shoqates-kulturore-shqiptarekadri-zeka-ne-nurtingen-kircheim-teck","status":"publish","type":"post","link":"https:\/\/fjala.info\/2009-2015\/u-shenua-20-vjetori-i-themelimit-te-shoqates-kulturore-shqiptarekadri-zeka-ne-nurtingen-kircheim-teck\/","title":{"rendered":"U sh\u00ebnua 20-vjetori i themelimit t\u00eb Shoqat\u00ebs Kulturore Shqiptare\u201dKadri Zeka\u201d n\u00eb Nurtingen-Kircheim-Teck"},"content":{"rendered":"<p><img decoding=\"async\" class=\"alignright size-thumbnail wp-image-7236\" title=\"Luan (Asllan) Dibrani\" src=\"http:\/\/www.fjala.info\/2012\/asllan_dibrani.jpg\" alt=\"\" width=\"150\" \/> <strong>Luan (Asllan) Dibrani<\/strong><\/p>\n<p>Ishte dit\u00eb e shtune q\u00eb u mbajt nj\u00eb tubim impozant n\u00eb Kircheim-Tek ,n\u00eb shenj\u00eb nderimi dhe respekti p\u00ebr d\u00ebshmorin e liris\u00eb Kadri Zek\u00ebn me te cilin rast u kremtua 20-vjetori i themelimit t\u00eb SHKSH-s\u00eb \u201dKadri Zeka\u201d. Shoqata Kulturore Shqiptare \u201c Kadri Zeka\u201d \u00ebsht\u00eb themeluar m\u00eb 12.09.1992, n\u00eb N\u00fcrtingen t\u00eb Gjermanis\u00eb, n\u00eb nj\u00eb koh\u00eb qe Serbia pushtuese n\u00eb Kosov\u00eb kishte pushtetin ekzekutiv n\u00eb forma ma barbare, qe e mbante at\u00eb popull n\u00ebn reprezaljet ma \u00e7&#8217;njer\u00ebzore me gjak e hekur?<\/p>\n<p>M\u00ebrgata punonte pa hezitim p\u00ebr nd\u00ebrkomb\u00ebtarizimin dhe \u00e7lirimin e vendit ton\u00eb si dhe ndihmonte popullin moralisht e materialisht q\u00eb t\u00eb mos gjunj\u00ebzohej para okupatorit n\u00eb Kosov\u00eb. N\u00eb shenje revolte nga nj\u00eb grup iniciator\u00ebsh dhe veprimtar\u00ebsh, qe ju printe zoti Xhafer Leci, u themelua ky klub qe mori emrin e nj\u00ebrit nga d\u00ebshmor\u00ebt e kombit Kadri Zek\u00ebs, tash Hero i Kosov\u00ebs.<\/p>\n<p><img decoding=\"async\" class=\"aligncenter size-thumbnail wp-image-7236\" title=\"Nx\u00ebn\u00ebs shqiptar\u00eb - Stutgart\" src=\"http:\/\/www.fjala.info\/2012\/nxenes_shqiptare_stutgart.jpg\" alt=\"\" width=\"450\" \/><\/p>\n<p>Pamje e nx\u00ebn\u00ebsve t\u00eb Shkollave shqipe t\u00eb Shtutgardit me rrethin\u00eb me arsimtar\u00ebt Zejnije dhe Zeqir Asllani, me rastin e 20-vjetorit t\u00eb themelimit t\u00eb SHKSH-s\u00eb &#8220;KADRI ZEKA&#8221; t\u00eb shoq\u00ebruar me nj\u00eb grup veprimtar\u00ebsh, aktivistesh, publicist\u00ebve dhe gazetar\u00ebve n\u00eb k\u00ebt\u00eb takim.<\/p>\n<p><img decoding=\"async\" class=\"alignright size-thumbnail wp-image-7236\" title=\"Xhafer Leci\" src=\"http:\/\/www.fjala.info\/2012\/xhafer_leci.jpg\" alt=\"\" width=\"200\" \/><\/p>\n<p>Kryetar i par\u00eb i SHKSH&#8221;Kadri Zeka &#8221; ishte Faredin Em\u00ebrllahu m\u00eb von\u00eb Xhafer Leci, Ekrem P\u00ebr\u00e7uku, Arban Hoxha, Sk\u00ebnder Agushi, dhe sivjet ne zgjedhjet e fundit kryetari aktual \u00ebsht\u00eb Taxhidin Bakiu.<br \/>\nModeratoret e k\u00ebtij takim i ishin dy t\u00eb reja, Valesa Asllani dhe Saranda Elezaj, qe edhe hapen programin me k\u00ebndimin e himnit komb\u00ebtar, por ftuan edhe p\u00ebr nj\u00eb minute heshtje, p\u00ebr te r\u00ebn\u00ebt e liris\u00eb.<br \/>\nN\u00eb sken\u00eb u ftua grupi vall\u00ebzues \u201cMigjeni\u201d i cili u prezantua me nj\u00eb valle nga trevat tona shqiptare, me \u00e7ka nuk munguan duartrokitjet e gjata frenetike. Pastaj u ftua n\u00eb foltore zoti Taxhind Bakiu, kryetar, aktual i Shoqates &#8220;Kadri Zeka&#8221; me te cil\u00ebn ju drejtua mas\u00ebs me sa vijon;<\/p>\n<p>(T\u00eb nderuar bashkatdhetar\u00eb, mysafir\u00eb t\u00eb ftuar,familje t\u00eb heronjve Kadri Zeka dhe Jusuf e Bardhosh G\u00ebrvalla, n\u00eb em\u00ebr t\u00eb shoqat\u00ebs dhe n\u00eb emrin tim personal ju p\u00ebrsh\u00ebndes dhe ju d\u00ebshiroj\u00eb mir\u00ebseardhje n\u00eb Manifestimin e 20- vjetorit t\u00eb themelimit t\u00eb Shoqat\u00ebs Kulturore Shqiptare Kadri Zeka n\u00eb N\u00fcrtingen).<br \/>\n&#8220;P\u00ebrsh\u00ebndesim zot\u00ebrinjt\u00eb mesa vijojn\u00eb dhe vazhdoj qe ti p\u00ebrsh\u00ebndes me radh\u00eb&#8221; :<br \/>\n(- Zotin Tefik Ramadani, ish i burgosur politik, veprimtar, publicist dhe p\u00ebrfaq\u00ebsues i K\u00ebshillit p\u00ebr t\u00eb Drejtat e t\u00eb Huajve n\u00eb Mannheim.<\/p>\n<p>-Zotin Ramiz D\u00ebrmaku, ish i burgosur politik, veprimtar, dhe gazetar.<br \/>\n-zotin Asllan Dibrani, ish i burgosur politik, veprimtar, publicist dhe an\u00ebtar i kryesis\u00eb se<br \/>\nLidhjes s\u00eb Shkrimtar\u00ebve, Artist\u00ebve dhe Krijuesve Shqiptar\u00eb n\u00eb Gjermani.<br \/>\n&#8211; Zotin Nami Ramadanin, bashk\u00ebveprimtar i v\u00ebllez\u00ebrve Jusuf e Bardhosh G\u00ebrvalla dhe Kadri Zeka, Kol\u00eb<br \/>\n&#8211; Zotin Merturi bashk\u00ebpjes\u00ebmarr\u00ebs n\u00eb demonstrata me v\u00ebllaz\u00ebrit\u00eb G\u00ebrvalla dhe Kadri Zeka,Faredin -Em\u00ebrllahu, veprimtar dhe kryetar i par\u00eb i Shoqat\u00ebs\u201cKadri Zeka.<\/p>\n<p>&#8211; Zotin Hasan Qyqalla, Kryetar i Lidhjes s\u00eb Shkrimtar\u00ebve Artist\u00ebve dhe Krijuesve Shqiptar\u00eb n\u00eb Gjermani.<br \/>\n&#8211; Zotin Zef Prenka, veprimtar dhe Administratori i portalit \u201dRrezore\u201d<br \/>\n&#8211; Zotin Muhamet Hoxhaj, veprimtar dhe drejtues i Revist\u00ebs elektronike \u201eKosovari Media\u201d,<br \/>\n&#8211; Zotin Nue Lekaj, veprimtar i \u00e7\u00ebshtjes komb\u00ebtare.<br \/>\n&#8211; Arsimtar\u00ebt e shkoll\u00ebs shqipe nga G\u00f6ppingen-i, Magjist\u00ebr z. Mazllum Hasimja ish m\u00ebsimdh\u00ebn\u00ebs n\u00eb -Universitetin e Prishtin\u00eb-s dhe Syl\u00eb Syla).<\/p>\n<p>Zoti Taxhind Bakiu, kryetar, aktual i Shoqat\u00ebs Kadri Zeka<br \/>\nPastaj p\u00ebrsh\u00ebndetje iu b\u00ebri edhe p\u00ebrfaq\u00ebsuesve t\u00eb Klubeve, dhe shoqatave me delegacionet e tyre qe ishin prezent\u00eb n\u00eb k\u00ebt\u00eb takim. Ishte nj\u00eb k\u00ebnaq\u00ebsi t&#8217;i sheh t\u00eb gjith\u00eb t\u00eb bashkuar t\u00eb qet\u00eb, unik dhe t\u00eb devotsh\u00ebm p\u00ebr \u00e7\u00ebshtjen komb\u00ebtare qe bijt\u00eb e vet\u00eb t&#8217;i p\u00ebrkujtojn\u00eb t&#8217;i duan pa dallim bindje krahinore, lokale, partiake apo fetare.<\/p>\n<p>Zoti Taxhind Bakiu vazhdoj ma tutje duke i p\u00ebrsh\u00ebndetur ve\u00e7 e ve\u00e7 :<br \/>\n(Sk\u00ebnderbeg Klaiqi-n, Kryetar i Bashk\u00ebsis\u00eb Shqiptare t\u00eb Klubeve, shoqatave dhe shoq\u00ebrive p\u00ebr Republik\u00ebn e Baden W\u00fcrttemberg-ut.<\/p>\n<p>Jahja Gashi, Kryetar i Shoqat\u00ebs, \u201eN\u00ebna Terez\u00eb\u201cn\u00eb G\u00f6ppingen.<br \/>\nAfrim Sylejmani, Kryetar i Shoqat\u00ebs, \u201eBardhosh G\u00ebrvalla\u201cn\u00eb Ludwigsburg.<br \/>\nVitor Spaqi, Kryetar i \u201eQendr\u00ebs Kulturore Shqiptare\u201d, n\u00eb Stuttgart.<br \/>\nAbaz Imeri, Kryetar i K\u00ebshillit Organizativ n\u00eb Heilbronn.<br \/>\nArben Berisha, kryetar i Klubit futbollistik, \u201c Kosova\u201d n\u00eb Bernhausen.<br \/>\nSheremet Pantina, Kryetar i Shoqat\u00ebs, \u201dIliria\u201c n\u00eb Heidelberg.<br \/>\nHazir Beqaj, Kryetar i Shoqat\u00ebs,\u201d Mal\u00ebsia\u201d n\u00eb Hechingen.<br \/>\nBesim Prenqi, Kryetar, Halil Zemaj sekretar dhe Ibrahim Uk\u00ebhaxhaj, nga Shoqata, \u201eAtdheu\u201cn\u00eb Schw\u00e4bisch Gm\u00fcnd).<\/p>\n<p>Grupin vall\u00ebzues dhe arsimtar\u00ebt ( Zejnie e Zeqir Asllani, nga shkolla shqipe \u201cMigjeni\u201dme m\u00ebsim plot\u00ebsues n\u00eb Stuttgart, dhe k\u00ebng\u00ebtar\u00ebt Bujar Osaj, Suzana Jashanica dhe instrumentist\u00ebt v\u00ebllaz\u00ebrit Gjocaj).<br \/>\nMatutje tha se letra p\u00ebrg\u00ebzimesh na kan\u00eb arritur nga;( ministri i Diaspor\u00ebs z. Ibrahim Makolli,Z\u00ebvend\u00ebs Ministri i Pun\u00ebve t\u00eb Brendshme t\u00eb Republik\u00ebs s\u00eb Kosov\u00ebs, z. Izmi Zeka, nip i Kadri Zek\u00ebs, Ambasadori i Republik\u00ebs s\u00eb Kosov\u00ebs n\u00eb Berlin z.Sk\u00ebnder Xhakaliu, Ambasadori i Shqip\u00ebris\u00eb n\u00eb Mosk\u00eb z.Sokol Gjoka, cili vite m\u00eb par\u00eb ka qen\u00eb musafir\u00eb n\u00eb tubimet tona, nga Ambasadori i Shqip\u00ebris\u00eb n\u00eb Bern t\u00eb Zvicr\u00ebs, z. Mehmet Elezi, nga Kunsulli i Kosov\u00ebs n\u00eb Stuttgart, z. Faket Kajtazi, nga ish e fejuara e Kadri Zek\u00ebs, zonja Saime Isufi, nga Kryetari i Shoqat\u00ebs \u201cIsa Boletini\u201d n\u00eb Sindelfingen, zt. Brahim Halimi, etj p\u00ebrfundoj nde\u00ebr t\u00eb tjera zoti Taxhind Bakiu duke ju d\u00ebshiruar \u00e7aste te k\u00ebndshme te pranishmeve.<\/p>\n<p>Pastaj u ftua ne sken\u00eb zoti Xhafer Leci kryetar nderi i shoqat\u00ebs &#8220;Kadri Zeka&#8221; q\u00eb ta paraqes raportin e nj\u00eb historiku t\u00eb gjat\u00eb mbi veprimtarin\u00eb e shoqat\u00ebs &#8220;Kadri Zeka &#8221; nga<\/p>\n<p>Xhafer Leci kryetar nderi i shoqat\u00ebs &#8220;Kadri Zeka n\u00eb shpalimin e historikut t\u00eb k\u00ebsaj SHKSH &#8220;Kadri Zeka&#8221; n\u00eb Kircheim-tek data e themelimit deri me tash. Ai shpalosi meritat e nj\u00eb ser\u00eb aktivitetesh qe ka kryer ky klub si i veten, por edhe duke p\u00ebrfshir\u00eb nj\u00eb bashk\u00ebpunim edhe me shum\u00eb klube dhe shoqata tjera kulturore q\u00eb gravitojn\u00eb n\u00eb Gjermani.<\/p>\n<p><img decoding=\"async\" class=\"aligncenter size-thumbnail wp-image-7236\" title=\"Nx\u00ebn\u00ebs shqiptar\u00eb - Stutgart\" src=\"http:\/\/www.fjala.info\/2012\/nxenes_shqiptare_stutgart1.jpg\" alt=\"\" width=\"450\" \/><\/p>\n<p>Ai ceku edhe rolin e k\u00ebtij klubi n\u00eb mbar\u00ebvajtjen shum\u00eb vje\u00e7are q\u00eb dha n\u00eb nd\u00ebrkomb\u00ebtarizimin e \u00e7\u00ebshtjes s\u00eb Kosov\u00ebs sa ishte n\u00ebn okupimin serb etj. Zoti Leci ishte njeri nder themeluesit e k\u00ebtij klubi , qe n\u00eb shenj\u00eb nderimi , kryesia e k\u00ebsaj shoqate i dhuruan nj\u00eb dhurat\u00eb simbolike, nj\u00eb pend\u00eb, si sugjerim p\u00ebr vazhdimin e t\u00eb shkruarit edhe ma tutje si publicist.<br \/>\nNga moderator\u00ebt u ftuan edhe disa veprimtar, publicist dhe p\u00ebrfaq\u00ebsues shoqatash ta p\u00ebrsh\u00ebndesin mas\u00ebn si\u00e7 ishin:<\/p>\n<p>Pamje e diskutuesve nga ky takim i k\u00ebtij p\u00ebrvjetori Hasan Qyqalla, Tefik Ramadani, Ramiz Dermaku, Asllan Dibrani, Vitor Spaqi, Sk\u00ebnderbeg Klaiqi dhe Fahredin Amerllahu.<\/p>\n<p>Faredin Em\u00ebrllahu, kryetar i par\u00eb i shoqat\u00ebs, zotin Tefik Ramadani, zotin Asllan Dibrani, zotin Sk\u00ebnderbeg Klaiqi zotin Vitor Spaqi q\u00eb t\u00eb gjith\u00eb i p\u00ebrsh\u00ebndeten t\u00eb pranishmit duke ju uruar mbar\u00ebvajtje t\u00eb matutjesh\u00ebme k\u00ebsaj shoqate, pun\u00eb t\u00eb mbar\u00eb qe u p\u00ebrmenden disa aktivitete, por edhe e nderuan k\u00ebt\u00eb figur\u00eb t\u00eb kombit qe dha kontribut t\u00eb madh n\u00eb internacionalizimin e \u00e7\u00ebshtjes s\u00eb Kosov\u00ebs deri n\u00eb minut\u00ebn e fundit qe u godit n\u00eb prit\u00eb dhe u vra mizorisht nga dora e zez\u00eb e Beogradit!&#8230;<\/p>\n<p>Pastaj kryetar i Lidhjes se Shkrimtareve, Artisteve dhe krijuesve shqiptar\u00eb zoti Hasan Qyqylla, recitoj poezin\u00eb \u201dGrushti i Dhimbjes\u201d, Po me nj\u00eb poezi doli edhe Ramiz D\u00ebrmaku, i cili e recitoj me titull\u201dMARTIR\u00cbVE T\u00cb LIRIS\u00cb\u201d<\/p>\n<p>Grupi recitues nga shkolla \u201cMigjeni\u201d u prezantua me disa recitime nga Shkollat shqipe t\u00eb Shtuttgardit me rrethin\u00eb t\u00eb arsimtar\u00ebve Zejnije dhe Zeqir Asllani. Paraqitja e tyre me program kulturo-artistik me rastin e 20- vjetorit t\u00eb themelimit t\u00eb SHKSH-s\u00eb &#8220;KADRI ZEKA&#8221;ngjalli atmosfer\u00ebn me nj\u00eb defilim shum\u00eb artistik qe ngacmoj ndjenjat e shum\u00eb kujt qe ishin n\u00eb sall\u00eb. Vargjet e k\u00ebtyre aktor\u00ebve t\u00eb rij\u00eb i p\u00ebrcoll\u00ebn me lot n\u00eb sy nga shum\u00eb t\u00eb pranish\u00ebm . Shkolla shqipe mori pjes\u00eb edhe me Ansamblin e valleve shqipe \u00b4\u00b4MIGJENI\u00b4\u00b4. q\u00eb u prezantuan me vallet t\u00eb ndryshme shqiptare.<\/p>\n<p>Nx\u00ebn\u00ebsit e Shkollave shqipe t\u00eb Stuttgartit me rrethin\u00eb t\u00eb arsimtar\u00ebve Zejnije dhe Zeqir Asllani, u paraqiten me program kulturo-artistik me rastin e 20- vjetorit t\u00eb themelimit t\u00eb SHKSH-s\u00eb &#8220;KADRI ZEKA&#8221;.<\/p>\n<p>Grupi recitues u paraqit me poezin\u00eb: &#8220;Trojet etnike shqiptare&#8221;N\u00eb p\u00ebrb\u00ebrje t\u00eb grupit ishin k\u00ebta aktor\u00eb apo recitues mbres\u00ebl\u00ebn\u00ebs, Adrian Zylfijaj, Saranda Elezaj, Drin Shabani, Lumturije Osmani, Leonora Osmani, Rina Osmani, Kaltrina Elezaj, Kosovare Kastrati, Valdrin Asllani si dhe Valesa Asllani.<\/p>\n<p>M\u00eb pastaj n\u00eb sken\u00eb u paraqiten: Drin Shabani me poem\u00ebn kosovare &#8220;Jam Shqiptar, Kosovar&#8221; Saranda Elezaj me monologun &#8220;P\u00ebr flamurin komb\u00ebtar&#8221;Valdrin Asllani me monologun&#8221; Dheu i Kosov\u00ebs&#8221;qe z\u00ebri i tij, pos qe ishte i ngritur dhe u ulur sipas rr\u00ebfimeve skenike ai artin e vet e ngriti me nj\u00eb q\u00ebndrim shume natyral. K\u00ebta vog\u00eblush do t\u00eb jen\u00eb pasqyra e aktit dramatik shume shpejt edhe jasht\u00eb kufijve t\u00eb Baden- Wurtembergut<br \/>\nK\u00ebt\u00eb tubim p\u00ebr fund e shoq\u00ebruan edhe k\u00ebng\u00ebtar\u00ebt e mir\u00ebnjohur; z.Bujar Osaj, me zonj\u00ebn Suzana Jashanica dhe, instrumentist\u00ebt v\u00ebllez\u00ebrit Gjocaj, t\u00eb cil\u00ebt vazhduan programin me k\u00ebng\u00eb t\u00eb ndryshme deri n\u00eb or\u00ebt e vona.<\/p>\n<p>Bujar Osaj k\u00ebng\u00ebtar i cili beri nj\u00eb atmosfere festive te shoq\u00ebruar edhe nga publiku.<br \/>\nPamje e pjes\u00ebmarr\u00ebsve n\u00eb takimin 20- vjetori i themelimit veprimtaris\u00eb s\u00eb SHKSH\u201dKadri Zeka\u201d<br \/>\nPamje e pjes\u00ebmarr\u00ebsve n\u00eb takimin 20- vjetori i themelimit veprimtaris\u00eb s\u00eb SHKSH\u201dKadri Zeka\u201d<br \/>\nPamje e pjes\u00ebmarr\u00ebsve n\u00eb takimin 20- vjetori i themelimit veprimtaris\u00eb s\u00eb SHKSH\u201dKadri Zeka\u201d<br \/>\nPamje e pjes\u00ebmarr\u00ebsve n\u00eb takimin 20- vjetori i themelimit veprimtaris\u00eb s\u00eb SHKSH\u201dKadri Zeka\u201d<\/p>\n<p><em>Foto-Reportazh nga Kircheim-Teku-Shtutgard Shtator 2012<\/em><\/p>\n","protected":false},"excerpt":{"rendered":"<p>Luan (Asllan) Dibrani Ishte dit\u00eb e shtune q\u00eb u mbajt nj\u00eb tubim impozant n\u00eb Kircheim-Tek ,n\u00eb shenj\u00eb nderimi dhe respekti p\u00ebr d\u00ebshmorin e liris\u00eb Kadri Zek\u00ebn me te cilin rast u kremtua 20-vjetori i themelimit t\u00eb SHKSH-s\u00eb \u201dKadri Zeka\u201d. Shoqata Kulturore Shqiptare \u201c Kadri Zeka\u201d \u00ebsht\u00eb themeluar m\u00eb 12.09.1992, n\u00eb N\u00fcrtingen t\u00eb Gjermanis\u00eb, n\u00eb nj\u00eb [&hellip;]<\/p>\n","protected":false},"author":1,"featured_media":0,"comment_status":"open","ping_status":"closed","sticky":false,"template":"","format":"standard","meta":{"footnotes":""},"categories":[2],"tags":[],"class_list":{"0":"post-12115","1":"post","2":"type-post","3":"status-publish","4":"format-standard","6":"category-artikuj"},"yoast_head":"<!-- This site is optimized with the Yoast SEO plugin v27.4 - https:\/\/yoast.com\/product\/yoast-seo-wordpress\/ -->\n<title>U sh\u00ebnua 20-vjetori i themelimit t\u00eb Shoqat\u00ebs Kulturore Shqiptare\u201dKadri Zeka\u201d n\u00eb Nurtingen-Kircheim-Teck - FjALA e LIR\u00cb - Arkivi<\/title>\n<meta name=\"robots\" content=\"index, follow, max-snippet:-1, max-image-preview:large, max-video-preview:-1\" \/>\n<link rel=\"canonical\" href=\"https:\/\/fjala.info\/2009-2015\/u-shenua-20-vjetori-i-themelimit-te-shoqates-kulturore-shqiptarekadri-zeka-ne-nurtingen-kircheim-teck\/\" \/>\n<meta property=\"og:locale\" content=\"sq_AL\" \/>\n<meta property=\"og:type\" content=\"article\" \/>\n<meta property=\"og:title\" content=\"U sh\u00ebnua 20-vjetori i themelimit t\u00eb Shoqat\u00ebs Kulturore Shqiptare\u201dKadri Zeka\u201d n\u00eb Nurtingen-Kircheim-Teck - FjALA e LIR\u00cb - Arkivi\" \/>\n<meta property=\"og:description\" content=\"Luan (Asllan) Dibrani Ishte dit\u00eb e shtune q\u00eb u mbajt nj\u00eb tubim impozant n\u00eb Kircheim-Tek ,n\u00eb shenj\u00eb nderimi dhe respekti p\u00ebr d\u00ebshmorin e liris\u00eb Kadri Zek\u00ebn me te cilin rast u kremtua 20-vjetori i themelimit t\u00eb SHKSH-s\u00eb \u201dKadri Zeka\u201d. Shoqata Kulturore Shqiptare \u201c Kadri Zeka\u201d \u00ebsht\u00eb themeluar m\u00eb 12.09.1992, n\u00eb N\u00fcrtingen t\u00eb Gjermanis\u00eb, n\u00eb nj\u00eb [&hellip;]\" \/>\n<meta property=\"og:url\" content=\"https:\/\/fjala.info\/2009-2015\/u-shenua-20-vjetori-i-themelimit-te-shoqates-kulturore-shqiptarekadri-zeka-ne-nurtingen-kircheim-teck\/\" \/>\n<meta property=\"og:site_name\" content=\"FjALA e LIR\u00cb - Arkivi\" \/>\n<meta property=\"article:published_time\" content=\"2012-09-25T20:08:49+00:00\" \/>\n<meta property=\"og:image\" content=\"http:\/\/www.fjala.info\/2012\/asllan_dibrani.jpg\" \/>\n<meta name=\"author\" content=\"admin\" \/>\n<meta name=\"twitter:card\" content=\"summary_large_image\" \/>\n<meta name=\"twitter:label1\" content=\"Written by\" \/>\n\t<meta name=\"twitter:data1\" content=\"admin\" \/>\n\t<meta name=\"twitter:label2\" content=\"Est. reading time\" \/>\n\t<meta name=\"twitter:data2\" content=\"9 minutes\" \/>\n<script type=\"application\/ld+json\" class=\"yoast-schema-graph\">{\"@context\":\"https:\\\/\\\/schema.org\",\"@graph\":[{\"@type\":\"Article\",\"@id\":\"https:\\\/\\\/fjala.info\\\/2009-2015\\\/u-shenua-20-vjetori-i-themelimit-te-shoqates-kulturore-shqiptarekadri-zeka-ne-nurtingen-kircheim-teck\\\/#article\",\"isPartOf\":{\"@id\":\"https:\\\/\\\/fjala.info\\\/2009-2015\\\/u-shenua-20-vjetori-i-themelimit-te-shoqates-kulturore-shqiptarekadri-zeka-ne-nurtingen-kircheim-teck\\\/\"},\"author\":{\"name\":\"admin\",\"@id\":\"https:\\\/\\\/fjala.info\\\/2009-2015\\\/#\\\/schema\\\/person\\\/3aa1163ef05469c496fc94e77611ada2\"},\"headline\":\"U sh\u00ebnua 20-vjetori i themelimit t\u00eb Shoqat\u00ebs Kulturore Shqiptare\u201dKadri Zeka\u201d n\u00eb Nurtingen-Kircheim-Teck\",\"datePublished\":\"2012-09-25T20:08:49+00:00\",\"mainEntityOfPage\":{\"@id\":\"https:\\\/\\\/fjala.info\\\/2009-2015\\\/u-shenua-20-vjetori-i-themelimit-te-shoqates-kulturore-shqiptarekadri-zeka-ne-nurtingen-kircheim-teck\\\/\"},\"wordCount\":1724,\"commentCount\":0,\"publisher\":{\"@id\":\"https:\\\/\\\/fjala.info\\\/2009-2015\\\/#organization\"},\"image\":{\"@id\":\"https:\\\/\\\/fjala.info\\\/2009-2015\\\/u-shenua-20-vjetori-i-themelimit-te-shoqates-kulturore-shqiptarekadri-zeka-ne-nurtingen-kircheim-teck\\\/#primaryimage\"},\"thumbnailUrl\":\"http:\\\/\\\/www.fjala.info\\\/2012\\\/asllan_dibrani.jpg\",\"articleSection\":[\"Artikuj\"],\"inLanguage\":\"sq-AL\",\"potentialAction\":[{\"@type\":\"CommentAction\",\"name\":\"Comment\",\"target\":[\"https:\\\/\\\/fjala.info\\\/2009-2015\\\/u-shenua-20-vjetori-i-themelimit-te-shoqates-kulturore-shqiptarekadri-zeka-ne-nurtingen-kircheim-teck\\\/#respond\"]}]},{\"@type\":\"WebPage\",\"@id\":\"https:\\\/\\\/fjala.info\\\/2009-2015\\\/u-shenua-20-vjetori-i-themelimit-te-shoqates-kulturore-shqiptarekadri-zeka-ne-nurtingen-kircheim-teck\\\/\",\"url\":\"https:\\\/\\\/fjala.info\\\/2009-2015\\\/u-shenua-20-vjetori-i-themelimit-te-shoqates-kulturore-shqiptarekadri-zeka-ne-nurtingen-kircheim-teck\\\/\",\"name\":\"U sh\u00ebnua 20-vjetori i themelimit t\u00eb Shoqat\u00ebs Kulturore Shqiptare\u201dKadri Zeka\u201d n\u00eb Nurtingen-Kircheim-Teck - FjALA e LIR\u00cb - Arkivi\",\"isPartOf\":{\"@id\":\"https:\\\/\\\/fjala.info\\\/2009-2015\\\/#website\"},\"primaryImageOfPage\":{\"@id\":\"https:\\\/\\\/fjala.info\\\/2009-2015\\\/u-shenua-20-vjetori-i-themelimit-te-shoqates-kulturore-shqiptarekadri-zeka-ne-nurtingen-kircheim-teck\\\/#primaryimage\"},\"image\":{\"@id\":\"https:\\\/\\\/fjala.info\\\/2009-2015\\\/u-shenua-20-vjetori-i-themelimit-te-shoqates-kulturore-shqiptarekadri-zeka-ne-nurtingen-kircheim-teck\\\/#primaryimage\"},\"thumbnailUrl\":\"http:\\\/\\\/www.fjala.info\\\/2012\\\/asllan_dibrani.jpg\",\"datePublished\":\"2012-09-25T20:08:49+00:00\",\"breadcrumb\":{\"@id\":\"https:\\\/\\\/fjala.info\\\/2009-2015\\\/u-shenua-20-vjetori-i-themelimit-te-shoqates-kulturore-shqiptarekadri-zeka-ne-nurtingen-kircheim-teck\\\/#breadcrumb\"},\"inLanguage\":\"sq-AL\",\"potentialAction\":[{\"@type\":\"ReadAction\",\"target\":[\"https:\\\/\\\/fjala.info\\\/2009-2015\\\/u-shenua-20-vjetori-i-themelimit-te-shoqates-kulturore-shqiptarekadri-zeka-ne-nurtingen-kircheim-teck\\\/\"]}]},{\"@type\":\"ImageObject\",\"inLanguage\":\"sq-AL\",\"@id\":\"https:\\\/\\\/fjala.info\\\/2009-2015\\\/u-shenua-20-vjetori-i-themelimit-te-shoqates-kulturore-shqiptarekadri-zeka-ne-nurtingen-kircheim-teck\\\/#primaryimage\",\"url\":\"http:\\\/\\\/www.fjala.info\\\/2012\\\/asllan_dibrani.jpg\",\"contentUrl\":\"http:\\\/\\\/www.fjala.info\\\/2012\\\/asllan_dibrani.jpg\"},{\"@type\":\"BreadcrumbList\",\"@id\":\"https:\\\/\\\/fjala.info\\\/2009-2015\\\/u-shenua-20-vjetori-i-themelimit-te-shoqates-kulturore-shqiptarekadri-zeka-ne-nurtingen-kircheim-teck\\\/#breadcrumb\",\"itemListElement\":[{\"@type\":\"ListItem\",\"position\":1,\"name\":\"Home\",\"item\":\"https:\\\/\\\/fjala.info\\\/2009-2015\\\/\"},{\"@type\":\"ListItem\",\"position\":2,\"name\":\"U sh\u00ebnua 20-vjetori i themelimit t\u00eb Shoqat\u00ebs Kulturore Shqiptare\u201dKadri Zeka\u201d n\u00eb Nurtingen-Kircheim-Teck\"}]},{\"@type\":\"WebSite\",\"@id\":\"https:\\\/\\\/fjala.info\\\/2009-2015\\\/#website\",\"url\":\"https:\\\/\\\/fjala.info\\\/2009-2015\\\/\",\"name\":\"FjALA e LIR\u00cb - Arkivi\",\"description\":\"Arkivi 2009-2015\",\"publisher\":{\"@id\":\"https:\\\/\\\/fjala.info\\\/2009-2015\\\/#organization\"},\"potentialAction\":[{\"@type\":\"SearchAction\",\"target\":{\"@type\":\"EntryPoint\",\"urlTemplate\":\"https:\\\/\\\/fjala.info\\\/2009-2015\\\/?s={search_term_string}\"},\"query-input\":{\"@type\":\"PropertyValueSpecification\",\"valueRequired\":true,\"valueName\":\"search_term_string\"}}],\"inLanguage\":\"sq-AL\"},{\"@type\":\"Organization\",\"@id\":\"https:\\\/\\\/fjala.info\\\/2009-2015\\\/#organization\",\"name\":\"FjALA e LIR\u00cb - Arkivi\",\"url\":\"https:\\\/\\\/fjala.info\\\/2009-2015\\\/\",\"logo\":{\"@type\":\"ImageObject\",\"inLanguage\":\"sq-AL\",\"@id\":\"https:\\\/\\\/fjala.info\\\/2009-2015\\\/#\\\/schema\\\/logo\\\/image\\\/\",\"url\":\"\",\"contentUrl\":\"\",\"caption\":\"FjALA e LIR\u00cb - Arkivi\"},\"image\":{\"@id\":\"https:\\\/\\\/fjala.info\\\/2009-2015\\\/#\\\/schema\\\/logo\\\/image\\\/\"}},{\"@type\":\"Person\",\"@id\":\"https:\\\/\\\/fjala.info\\\/2009-2015\\\/#\\\/schema\\\/person\\\/3aa1163ef05469c496fc94e77611ada2\",\"name\":\"admin\",\"image\":{\"@type\":\"ImageObject\",\"inLanguage\":\"sq-AL\",\"@id\":\"https:\\\/\\\/fjala.info\\\/2009-2015\\\/wp-content\\\/uploads\\\/2012\\\/02\\\/arben_cokaj-120x150.jpg\",\"url\":\"https:\\\/\\\/fjala.info\\\/2009-2015\\\/wp-content\\\/uploads\\\/2012\\\/02\\\/arben_cokaj-120x150.jpg\",\"contentUrl\":\"https:\\\/\\\/fjala.info\\\/2009-2015\\\/wp-content\\\/uploads\\\/2012\\\/02\\\/arben_cokaj-120x150.jpg\",\"caption\":\"admin\"},\"description\":\"Admin, Fjala e Lir\u00eb\",\"sameAs\":[\"https:\\\/\\\/fjala.info\\\/\"],\"url\":\"https:\\\/\\\/fjala.info\\\/2009-2015\\\/author\\\/admin\\\/\"}]}<\/script>\n<!-- \/ Yoast SEO plugin. -->","yoast_head_json":{"title":"U sh\u00ebnua 20-vjetori i themelimit t\u00eb Shoqat\u00ebs Kulturore Shqiptare\u201dKadri Zeka\u201d n\u00eb Nurtingen-Kircheim-Teck - FjALA e LIR\u00cb - Arkivi","robots":{"index":"index","follow":"follow","max-snippet":"max-snippet:-1","max-image-preview":"max-image-preview:large","max-video-preview":"max-video-preview:-1"},"canonical":"https:\/\/fjala.info\/2009-2015\/u-shenua-20-vjetori-i-themelimit-te-shoqates-kulturore-shqiptarekadri-zeka-ne-nurtingen-kircheim-teck\/","og_locale":"sq_AL","og_type":"article","og_title":"U sh\u00ebnua 20-vjetori i themelimit t\u00eb Shoqat\u00ebs Kulturore Shqiptare\u201dKadri Zeka\u201d n\u00eb Nurtingen-Kircheim-Teck - FjALA e LIR\u00cb - Arkivi","og_description":"Luan (Asllan) Dibrani Ishte dit\u00eb e shtune q\u00eb u mbajt nj\u00eb tubim impozant n\u00eb Kircheim-Tek ,n\u00eb shenj\u00eb nderimi dhe respekti p\u00ebr d\u00ebshmorin e liris\u00eb Kadri Zek\u00ebn me te cilin rast u kremtua 20-vjetori i themelimit t\u00eb SHKSH-s\u00eb \u201dKadri Zeka\u201d. Shoqata Kulturore Shqiptare \u201c Kadri Zeka\u201d \u00ebsht\u00eb themeluar m\u00eb 12.09.1992, n\u00eb N\u00fcrtingen t\u00eb Gjermanis\u00eb, n\u00eb nj\u00eb [&hellip;]","og_url":"https:\/\/fjala.info\/2009-2015\/u-shenua-20-vjetori-i-themelimit-te-shoqates-kulturore-shqiptarekadri-zeka-ne-nurtingen-kircheim-teck\/","og_site_name":"FjALA e LIR\u00cb - Arkivi","article_published_time":"2012-09-25T20:08:49+00:00","og_image":[{"url":"http:\/\/www.fjala.info\/2012\/asllan_dibrani.jpg","type":"","width":"","height":""}],"author":"admin","twitter_card":"summary_large_image","twitter_misc":{"Written by":"admin","Est. reading time":"9 minutes"},"schema":{"@context":"https:\/\/schema.org","@graph":[{"@type":"Article","@id":"https:\/\/fjala.info\/2009-2015\/u-shenua-20-vjetori-i-themelimit-te-shoqates-kulturore-shqiptarekadri-zeka-ne-nurtingen-kircheim-teck\/#article","isPartOf":{"@id":"https:\/\/fjala.info\/2009-2015\/u-shenua-20-vjetori-i-themelimit-te-shoqates-kulturore-shqiptarekadri-zeka-ne-nurtingen-kircheim-teck\/"},"author":{"name":"admin","@id":"https:\/\/fjala.info\/2009-2015\/#\/schema\/person\/3aa1163ef05469c496fc94e77611ada2"},"headline":"U sh\u00ebnua 20-vjetori i themelimit t\u00eb Shoqat\u00ebs Kulturore Shqiptare\u201dKadri Zeka\u201d n\u00eb Nurtingen-Kircheim-Teck","datePublished":"2012-09-25T20:08:49+00:00","mainEntityOfPage":{"@id":"https:\/\/fjala.info\/2009-2015\/u-shenua-20-vjetori-i-themelimit-te-shoqates-kulturore-shqiptarekadri-zeka-ne-nurtingen-kircheim-teck\/"},"wordCount":1724,"commentCount":0,"publisher":{"@id":"https:\/\/fjala.info\/2009-2015\/#organization"},"image":{"@id":"https:\/\/fjala.info\/2009-2015\/u-shenua-20-vjetori-i-themelimit-te-shoqates-kulturore-shqiptarekadri-zeka-ne-nurtingen-kircheim-teck\/#primaryimage"},"thumbnailUrl":"http:\/\/www.fjala.info\/2012\/asllan_dibrani.jpg","articleSection":["Artikuj"],"inLanguage":"sq-AL","potentialAction":[{"@type":"CommentAction","name":"Comment","target":["https:\/\/fjala.info\/2009-2015\/u-shenua-20-vjetori-i-themelimit-te-shoqates-kulturore-shqiptarekadri-zeka-ne-nurtingen-kircheim-teck\/#respond"]}]},{"@type":"WebPage","@id":"https:\/\/fjala.info\/2009-2015\/u-shenua-20-vjetori-i-themelimit-te-shoqates-kulturore-shqiptarekadri-zeka-ne-nurtingen-kircheim-teck\/","url":"https:\/\/fjala.info\/2009-2015\/u-shenua-20-vjetori-i-themelimit-te-shoqates-kulturore-shqiptarekadri-zeka-ne-nurtingen-kircheim-teck\/","name":"U sh\u00ebnua 20-vjetori i themelimit t\u00eb Shoqat\u00ebs Kulturore Shqiptare\u201dKadri Zeka\u201d n\u00eb Nurtingen-Kircheim-Teck - FjALA e LIR\u00cb - Arkivi","isPartOf":{"@id":"https:\/\/fjala.info\/2009-2015\/#website"},"primaryImageOfPage":{"@id":"https:\/\/fjala.info\/2009-2015\/u-shenua-20-vjetori-i-themelimit-te-shoqates-kulturore-shqiptarekadri-zeka-ne-nurtingen-kircheim-teck\/#primaryimage"},"image":{"@id":"https:\/\/fjala.info\/2009-2015\/u-shenua-20-vjetori-i-themelimit-te-shoqates-kulturore-shqiptarekadri-zeka-ne-nurtingen-kircheim-teck\/#primaryimage"},"thumbnailUrl":"http:\/\/www.fjala.info\/2012\/asllan_dibrani.jpg","datePublished":"2012-09-25T20:08:49+00:00","breadcrumb":{"@id":"https:\/\/fjala.info\/2009-2015\/u-shenua-20-vjetori-i-themelimit-te-shoqates-kulturore-shqiptarekadri-zeka-ne-nurtingen-kircheim-teck\/#breadcrumb"},"inLanguage":"sq-AL","potentialAction":[{"@type":"ReadAction","target":["https:\/\/fjala.info\/2009-2015\/u-shenua-20-vjetori-i-themelimit-te-shoqates-kulturore-shqiptarekadri-zeka-ne-nurtingen-kircheim-teck\/"]}]},{"@type":"ImageObject","inLanguage":"sq-AL","@id":"https:\/\/fjala.info\/2009-2015\/u-shenua-20-vjetori-i-themelimit-te-shoqates-kulturore-shqiptarekadri-zeka-ne-nurtingen-kircheim-teck\/#primaryimage","url":"http:\/\/www.fjala.info\/2012\/asllan_dibrani.jpg","contentUrl":"http:\/\/www.fjala.info\/2012\/asllan_dibrani.jpg"},{"@type":"BreadcrumbList","@id":"https:\/\/fjala.info\/2009-2015\/u-shenua-20-vjetori-i-themelimit-te-shoqates-kulturore-shqiptarekadri-zeka-ne-nurtingen-kircheim-teck\/#breadcrumb","itemListElement":[{"@type":"ListItem","position":1,"name":"Home","item":"https:\/\/fjala.info\/2009-2015\/"},{"@type":"ListItem","position":2,"name":"U sh\u00ebnua 20-vjetori i themelimit t\u00eb Shoqat\u00ebs Kulturore Shqiptare\u201dKadri Zeka\u201d n\u00eb Nurtingen-Kircheim-Teck"}]},{"@type":"WebSite","@id":"https:\/\/fjala.info\/2009-2015\/#website","url":"https:\/\/fjala.info\/2009-2015\/","name":"FjALA e LIR\u00cb - Arkivi","description":"Arkivi 2009-2015","publisher":{"@id":"https:\/\/fjala.info\/2009-2015\/#organization"},"potentialAction":[{"@type":"SearchAction","target":{"@type":"EntryPoint","urlTemplate":"https:\/\/fjala.info\/2009-2015\/?s={search_term_string}"},"query-input":{"@type":"PropertyValueSpecification","valueRequired":true,"valueName":"search_term_string"}}],"inLanguage":"sq-AL"},{"@type":"Organization","@id":"https:\/\/fjala.info\/2009-2015\/#organization","name":"FjALA e LIR\u00cb - Arkivi","url":"https:\/\/fjala.info\/2009-2015\/","logo":{"@type":"ImageObject","inLanguage":"sq-AL","@id":"https:\/\/fjala.info\/2009-2015\/#\/schema\/logo\/image\/","url":"","contentUrl":"","caption":"FjALA e LIR\u00cb - Arkivi"},"image":{"@id":"https:\/\/fjala.info\/2009-2015\/#\/schema\/logo\/image\/"}},{"@type":"Person","@id":"https:\/\/fjala.info\/2009-2015\/#\/schema\/person\/3aa1163ef05469c496fc94e77611ada2","name":"admin","image":{"@type":"ImageObject","inLanguage":"sq-AL","@id":"https:\/\/fjala.info\/2009-2015\/wp-content\/uploads\/2012\/02\/arben_cokaj-120x150.jpg","url":"https:\/\/fjala.info\/2009-2015\/wp-content\/uploads\/2012\/02\/arben_cokaj-120x150.jpg","contentUrl":"https:\/\/fjala.info\/2009-2015\/wp-content\/uploads\/2012\/02\/arben_cokaj-120x150.jpg","caption":"admin"},"description":"Admin, Fjala e Lir\u00eb","sameAs":["https:\/\/fjala.info\/"],"url":"https:\/\/fjala.info\/2009-2015\/author\/admin\/"}]}},"_links":{"self":[{"href":"https:\/\/fjala.info\/2009-2015\/wp-json\/wp\/v2\/posts\/12115","targetHints":{"allow":["GET"]}}],"collection":[{"href":"https:\/\/fjala.info\/2009-2015\/wp-json\/wp\/v2\/posts"}],"about":[{"href":"https:\/\/fjala.info\/2009-2015\/wp-json\/wp\/v2\/types\/post"}],"author":[{"embeddable":true,"href":"https:\/\/fjala.info\/2009-2015\/wp-json\/wp\/v2\/users\/1"}],"replies":[{"embeddable":true,"href":"https:\/\/fjala.info\/2009-2015\/wp-json\/wp\/v2\/comments?post=12115"}],"version-history":[{"count":0,"href":"https:\/\/fjala.info\/2009-2015\/wp-json\/wp\/v2\/posts\/12115\/revisions"}],"wp:attachment":[{"href":"https:\/\/fjala.info\/2009-2015\/wp-json\/wp\/v2\/media?parent=12115"}],"wp:term":[{"taxonomy":"category","embeddable":true,"href":"https:\/\/fjala.info\/2009-2015\/wp-json\/wp\/v2\/categories?post=12115"},{"taxonomy":"post_tag","embeddable":true,"href":"https:\/\/fjala.info\/2009-2015\/wp-json\/wp\/v2\/tags?post=12115"}],"curies":[{"name":"wp","href":"https:\/\/api.w.org\/{rel}","templated":true}]}}