{"id":12112,"date":"2012-09-25T15:03:11","date_gmt":"2012-09-25T14:03:11","guid":{"rendered":"http:\/\/www.fjala.info\/?p=5165"},"modified":"2012-09-25T15:03:11","modified_gmt":"2012-09-25T14:03:11","slug":"nderohet-serisht-me-lule-dhe-perkujtimore-figura-e-mons-dr-zef-oroshit-ne-new-york","status":"publish","type":"post","link":"https:\/\/fjala.info\/2009-2015\/nderohet-serisht-me-lule-dhe-perkujtimore-figura-e-mons-dr-zef-oroshit-ne-new-york\/","title":{"rendered":"Nderohet s\u00ebrisht me lule dhe p\u00ebrkujtimore figura e Mons. Dr. Zef Oroshit n\u00eb New York"},"content":{"rendered":"<p>\u201c<em>Imzot Zef Oroshin e vler\u00ebsoi me titullin e nderit \u201cUrdh\u00ebri Gjergj Kastrioti Sk\u00ebnderbeu\u201d, sepse ishte klerik dhe intelektual i shquar atdhetar, q\u00eb veprimtarin\u00eb e tij e vuri n\u00eb sh\u00ebrbim t\u00eb ruajtjes dhe forcimit t\u00eb vlerave komb\u00ebtare tek i gjith\u00eb emigracioni shqiptar n\u00eb ShBA, pa dallim feje.\u201d<\/em><\/p>\n<p style=\"text-align: center;\"><strong>Bamir Topi<\/strong><br \/>\n<em>President i Shqip\u00ebris\u00eb<\/em><\/p>\n<p><img decoding=\"async\" class=\"aligncenter size-thumbnail wp-image-7236\" title=\"Tom\u00eb Mrijaj - nderon Mons. Dr. Zef Oroshin n\u00eb varrezat e New Yorkut\" src=\"http:\/\/www.fjala.info\/2012\/tome_mrijaj_nderon_mons_zef_oroshin_ny.jpg\" alt=\"\" width=\"500\" \/><\/p>\n<p>Nga <strong>Klajd Kapinova<\/strong><\/p>\n<p>Hartsdale, New York. N\u00eb 100-vjetorin e lindjes s\u00eb birit t\u00eb Oroshit, klerikut t\u00eb shquar, themeluesit t\u00eb Kish\u00ebs s\u00eb Par\u00eb Katolike Shqiptare n\u00eb Amerik\u00eb Mons. Dr. Zef Oroshit (1912-1989), k\u00ebto dit\u00eb nj\u00eb delegacion nga Shqip\u00ebria, b\u00ebri vizit\u00eb disa or\u00ebshe n\u00eb ambientet e Kish\u00ebs Katolike Shqiptare n\u00eb Hartsdale New York, n\u00eb Qendr\u00ebn Kulturore \u201cN\u00ebn\u00eb Tereza\u201d dhe tek varri i tij.<\/p>\n<p>Meshtari mikprit\u00ebs i P\u00ebrndershmi Dom Pjet\u00ebr Popaj, priti n\u00eb ambientet e famullis\u00eb t\u00eb Kish\u00ebs Katolike \u201cZoja e Shkodr\u00ebs\u201d n\u00eb New York delegacionin e ardhur nga Shqip\u00ebria, q\u00eb kryesohej nga Kryetari i Bashkis\u00eb s\u00eb Fush\u00eb Arr\u00ebzit t\u00eb qytetit t\u00eb Puk\u00ebs z. Alfred Qafa, i cili, shoq\u00ebrohej nga deputeti i Kuvendit t\u00eb Shqiperis\u00eb z. Ndue Paluca, nipi i Mons. Zefit z. Lek Gj. Prendi nga Mirdita dhe disa kush\u00ebrinj dhe t\u00eb af\u00ebrm t\u00eb familjes Oroshi, t\u00eb cil\u00ebt, kishin ardhur p\u00ebr her\u00eb t\u00eb par\u00eb p\u00ebr t\u00eb vizituar Kish\u00ebn dhe varrin e axh\u00ebs s\u00eb tyre.<\/p>\n<p><img decoding=\"async\" class=\"aligncenter size-thumbnail wp-image-7236\" title=\"Mons. Dr. Zef Oroshin  - foto\" src=\"http:\/\/www.fjala.info\/2012\/mons_dr_zef_oroshi.jpg\" alt=\"\" width=\"500\" \/><\/p>\n<p>Dom Pjetri, mbasi u uroi mir\u00ebseardhjen miqve nga Shqip\u00ebria, u tregoi atyre mbi historin\u00eb e Kish\u00ebs Katolike Shqiptare \u201cZoja e Shkodr\u00ebs\u201d dhe kontributin e madh, q\u00eb ka dh\u00ebn\u00eb e jep edhe sot komuniteti shqiptaro-amerikan\u00eb p\u00ebr trojet shqiptare.<\/p>\n<p>Ai theksoi, se merita kryesore i takon klerikut Mons. Zef Oroshit, q\u00eb me vendosm\u00ebri dhe besim n\u00eb vetvete mblodhi n\u00eb nj\u00eb vat\u00ebr t\u00eb ngroht\u00eb komunitetin e vog\u00ebl shqiptar askohe, duke ven\u00eb themelet e nd\u00ebrtimit t\u00eb Kish\u00ebs s\u00eb Par\u00eb dhe Lidhjen Katolike Shqiptare n\u00eb SHBA si dhe hapi tribun\u00ebn e mendimit intelektual n\u00eb diaspor\u00eb, t\u00eb pag\u00ebzuar Revista Kulturore \u201cJeta Katolike\u201d (1966), q\u00eb vijon edhe sot n\u00ebn drejtimin e Dom Pjet\u00ebr Popaj.<\/p>\n<p><img decoding=\"async\" class=\"aligncenter size-thumbnail wp-image-7236\" title=\"Mons. Dr. Zef Oroshin  - Zoja e Shkodres lutu p\u00ebr mue\" src=\"http:\/\/www.fjala.info\/2012\/mons_dr_zef_oroshi_zoja_shkodres_lutu_per_mue.jpg\" alt=\"\" width=\"500\" \/><\/p>\n<p>Edhe m\u00eb pas Dom Pjetri shoq\u00ebroi delegacionin dhe t\u00eb af\u00ebrmit e Mons. Oroshit n\u00eb ambientet e Kish\u00ebs, duke u folur miqve p\u00ebr mrekullin\u00eb e fugur\u00ebs s\u00eb Zoj\u00ebs s\u00eb Shkodr\u00ebs.<\/p>\n<p>Bariu shpirt\u00ebror n\u00eb Qendr\u00ebn Kulturore \u201cN\u00ebn\u00eb Tereza\u201d, u tregoi t\u00eb pranishme bustin e realizuar falas nga skulptorja profesioniste amerikane Carolyne D. Palmer, e cila ia ka dhuruar Kish\u00ebs Katolike Shqiptare k\u00ebt\u00eb vep\u00ebr artistike n\u00eb skulptur\u00eb, sikurse ofroi te shikonin edhe dekorat\u00ebn vler\u00ebsuese me Urdh\u00ebrin \u201cGjergj Kastrioti Sk\u00ebnderbeu\u201d, akorduar nga ish Presidenti i Shqip\u00ebris\u00eb Dr. Bamir Topi.<br \/>\nMeshtari i palodhur i famullis\u00eb son\u00eb, gjat\u00eb bashk\u00ebbisedimit, u foli miqve mbi projektet e ardhshme, q\u00eb ka hartuar Kisha me komunitetin, si nd\u00ebrtimin e klasave, ku f\u00ebmij\u00ebt e lindur k\u00ebtu mund t\u00eb mesojn\u00eb gjuh\u00ebn dhe kultur\u00ebn shqiptare, bibliotek\u00ebn dhe dhom\u00ebn muze, ku do t\u00eb pasqyrohet historia e famullis\u00eb shqiptaro-amerikane gjat\u00eb dekadave etj.<\/p>\n<p><img decoding=\"async\" class=\"aligncenter size-thumbnail wp-image-7236\" title=\"Dom Pjet\u00ebr Popaj me miqt\u00eb nga Shqip\u00ebria\" src=\"http:\/\/www.fjala.info\/2012\/dom_pjeter_popaj_me_miqte_nga_shqiperia.jpg\" alt=\"\" width=\"500\" \/><\/p>\n<p>Delegacioni gjat\u00eb q\u00ebndrimit n\u00eb New York, u shoq\u00ebrua nga studiuesi e publicist z. Tom\u00eb Mrijaj Sekretar i P\u00ebrgjithsh\u00ebm i Lidhjes s\u00eb Prizrenit.<\/p>\n<p>Kryebashkiaku i Puk\u00ebs z. Alfred Qafa, \u00ebsht\u00eb nj\u00eb nd\u00ebr nipat e Mons. Oroshit, q\u00eb vendos\u00ebn lule t\u00eb fresk\u00ebta dhe kurora shum\u00ebngjyrshe mbi varrin e tij n\u00eb Saint Reimond\u2019s, q\u00eb gjendet n\u00eb Saint Peter\u2019s Square n\u00eb Bronx.<\/p>\n<p>Gjat\u00eb bised\u00ebs s\u00eb ngroht\u00eb me famullitarin Dom Pjet\u00ebr Popaj dhe studiuesin Mrijaj, z. Qafa, b\u00ebri nj\u00eb panorama p\u00ebrshkruese t\u00eb zhvillimeve t\u00eb fundit n\u00eb rrethin e Puk\u00ebs dhe Bashkin\u00eb q\u00eb drejton.<br \/>\nAi nd\u00ebr t\u00eb tjera tha: \u201cQeveria, ka mb\u00ebshtet\u00eb projektet p\u00ebr pun\u00ebsimin dhe nxitjen e investimeve p\u00ebr mbar\u00ebsi t\u00eb komunitetit n\u00eb Fush\u00eb Arr\u00ebz. Investimet n\u00eb k\u00ebt\u00eb zon\u00eb llogariten n\u00eb miliona lek\u00eb p\u00ebr qytetin e Fush\u00eb Arr\u00ebzit dhe fshatrat e tij.\u201d<\/p>\n<p><img decoding=\"async\" class=\"aligncenter size-thumbnail wp-image-7236\" title=\"Delegacioni shqiptar viziton Qendr\u00ebn N\u00ebn\u00eb Tereza\" src=\"http:\/\/www.fjala.info\/2012\/delegacioni_shqiptar_viziton_qendren_nene_tereza.jpg\" alt=\"\" width=\"500\" \/><\/p>\n<p>Nd\u00ebrsa m\u00eb poshte kryebashkiaku theksoi, se nd\u00ebrtimi i rrug\u00ebs s\u00eb kombit, Durr\u00ebs-Kuk\u00ebs, e ka shmangur n\u00eb nj\u00eb far\u00eb m\u00ebnyre qytetin e Fush\u00eb Arr\u00ebzit, por si Kryetar Bashkie ka insistuar, q\u00eb n\u00eb segmentin m\u00eb t\u00eb shkurt\u00ebr Qeveria do t\u2019a bashkoj Fush\u00eb Arr\u00ebzin me Rrug\u00ebn e Kombit dhe Tiran\u00ebn.<\/p>\n<p>I pyetur mbi t\u00eb adhmen e qyetit dhe periferis\u00eb s\u00eb tij z. Qafa shtoi, se: \u201cNe po punojm\u00eb gjithnj\u00eb, q\u00eb t\u00eb vazhdojm\u00eb fazat e tjera t\u00eb nd\u00ebrtimit t\u00eb uj\u00ebsjell\u00ebsit, n\u00eb m\u00ebnyr\u00eb q\u00eb banor\u00ebt t\u00eb ken\u00eb uj\u00eb 24 or\u00eb, n\u00eb mbjellj\u00ebn drufrutor\u00eb, arra, g\u00ebshtenja, moll\u00eb, etj. ku Qeveria do t\u00eb financoj\u00eb fidan\u00ebt e tyre.\u201d<br \/>\nN\u00eb mbyllje z. Qafa shtoi, se Qeveria dhe Bashkia e qytetit kan\u00eb investuar p\u00ebr modernizimin e shkollave me parametrat m\u00eb bashk\u00ebkohor.<\/p>\n<p><img decoding=\"async\" class=\"aligncenter size-thumbnail wp-image-7236\" title=\"Delegacioni shqiptar n\u00eb New York me Tom\u00eb Mrijaj e Klajd Kapinova\" src=\"http:\/\/www.fjala.info\/2012\/delegacioni_shqiptar_ne_ny_me_tome_mrijaj_klajd_kapinova.jpg\" alt=\"\" width=\"500\" \/><\/p>\n<p>Studiuesi dhe publicisti Tom\u00eb Mrijaj, duke fal\u00ebnderuar miqt\u00eb nga Shqip\u00ebria, tha se ndjehet shum\u00eb mir\u00eb sot, q\u00eb pran\u00eb sofr\u00ebs s\u00eb bashk\u00ebatdhetar\u00ebve ka pjes\u00ebtar\u00eb t\u00eb familjes s\u00eb Mons. Zef Oroshit, i cili, deri sa mbylli syt\u00eb kishte nj\u00eb mall t\u00eb pashuar p\u00ebr vendlindjen dhe banor\u00ebt vendas. Ai shtoi, se Mirdita e Oroshi duhet t\u00eb b\u00ebjn\u00eb shum\u00eb p\u00ebr njohjen dhe rivler\u00ebsimin e figur\u00ebs s\u00eb klerikut Mons. Dr. Zef Oroshit, i cili, asnjeher\u00eb se ndau nga mendja dhe zemra vendlindjen e pushtuar dhunsh\u00ebm nga sistemi barbar komunist.<br \/>\nP\u00ebr m\u00eb shum\u00eb hulumtuesi Mrijaj, u ndal n\u00eb nj\u00eb pik\u00eb t\u00eb r\u00ebnd\u00ebsishme, q\u00eb ka t\u00eb b\u00ebj\u00eb me p\u00ebrjetimin e em\u00ebrit dhe vepr\u00ebs s\u00eb patriotit dhe intelektualit t\u00eb shquar Mons. Oroshi, u k\u00ebrkuar miqve t\u00eb ardhur nga Shqip\u00ebria, q\u00eb t\u2019a p\u00ebrjet\u00ebsojn\u00eb n\u00eb vendlindje, duke i v\u00ebn\u00eb emrin nj\u00eb shkolle t\u00eb mesme, me vepr\u00ebn e t\u00eb cilit brezat vendas mirditor\u00eb do t\u00eb krenohen gjithnj\u00eb.<\/p>\n<p><img decoding=\"async\" class=\"aligncenter size-thumbnail wp-image-7236\" title=\"Busti i Mons. Dr. Zef Oroshit - dhurat\u00eb nga skulptor\u00eb amerikan\u00eb\" src=\"http:\/\/www.fjala.info\/2012\/busti_mons_dr_zef_oroshit_dhurate_skulptore_amerikan.jpg\" alt=\"\" width=\"500\" \/> <\/p>\n<p>Autori i librit jet\u00ebshkrimor: \u201cMonsinjor Dr. Zef Oroshi &#8211; Nj\u00eb jet\u00eb e shkrir\u00eb p\u00ebr Fe e Atdhe\u201d (New York, 2009) z. Mrijaj, u ndal m\u00eb shum\u00eb tek figura e klerikut t\u00eb shquar atdhetar e fetar, q\u00eb b\u00ebri gjithcka duke ngritur z\u00ebrin me miqt\u00eb e tij senator\u00eb dhe kongresist\u00eb amerikan\u00eb, p\u00ebr p\u00ebrmbysjen e komunizmit dhe risjell\u00eb lirin\u00eb fetare n\u00eb Shqip\u00ebrin\u00eb ateiste gjat\u00eb periudh\u00ebs s\u00eb eg\u00ebr t\u00eb p\u00ebrsekutimit 1944-1990.<br \/>\nShkrimtari Mrijaj, si mik dhe njoh\u00ebs m\u00eb i mir\u00eb i klerikut katolik Mons. Oroshi, (meshtari Oroshi ishte kumbar\u00eb i f\u00ebmij\u00ebve t\u00eb tij), iu tha t\u00eb af\u00ebrm\u00ebve, se n\u00eb librin voluminoz q\u00eb \u00ebsht\u00eb n\u00eb qarkullim n\u00eb Shqip\u00ebri, Kosov\u00eb dhe Mal t\u00eb Zi, ka l\u00ebn\u00eb shum\u00eb gj\u00ebra pa th\u00ebn\u00eb, m\u00eb shpres\u00ebn, se s\u00ebshpejti nj\u00eb lib\u00ebr i ri, po rritet e pasurohet me dokumente, foto, let\u00ebrk\u00ebmbime, kujtime, q\u00eb po mbledh si bleta pun\u00ebtore dita dit\u00ebs n\u00eb gjirin e komunitetit shqiptaro-amerikan\u00eb.<\/p>\n<p><img decoding=\"async\" class=\"aligncenter size-thumbnail wp-image-7236\" title=\"Autori i librit, Tom\u00eb Mrijaj dhe nipat e Mons. Oroshit, Lek Gj. Prendi dhe Alfred Qafa\" src=\"http:\/\/www.fjala.info\/2012\/autori_librit_tome_mrijaj_dhe_nipat_mons_oroshit_lek_prendi_alfred_qafa.jpg\" alt=\"\" width=\"500\" \/><\/p>\n<p><img decoding=\"async\" class=\"aligncenter size-thumbnail wp-image-7236\" title=\"Dy nipat e Mons. Oroshit, Lek Gj. Prendi dhe Alfred Qafa\" src=\"http:\/\/www.fjala.info\/2012\/alfred_qafa_lek_prendi_dy_nipat_mons_dr_zef_oroshit.jpg\" alt=\"\" width=\"500\" \/><\/p>\n","protected":false},"excerpt":{"rendered":"<p>\u201cImzot Zef Oroshin e vler\u00ebsoi me titullin e nderit \u201cUrdh\u00ebri Gjergj Kastrioti Sk\u00ebnderbeu\u201d, sepse ishte klerik dhe intelektual i shquar atdhetar, q\u00eb veprimtarin\u00eb e tij e vuri n\u00eb sh\u00ebrbim t\u00eb ruajtjes dhe forcimit t\u00eb vlerave komb\u00ebtare tek i gjith\u00eb emigracioni shqiptar n\u00eb ShBA, pa dallim feje.\u201d Bamir Topi President i Shqip\u00ebris\u00eb Nga Klajd Kapinova Hartsdale, [&hellip;]<\/p>\n","protected":false},"author":1,"featured_media":0,"comment_status":"open","ping_status":"closed","sticky":false,"template":"","format":"standard","meta":{"footnotes":""},"categories":[2],"tags":[],"class_list":{"0":"post-12112","1":"post","2":"type-post","3":"status-publish","4":"format-standard","6":"category-artikuj"},"yoast_head":"<!-- This site is optimized with the Yoast SEO plugin v27.4 - https:\/\/yoast.com\/product\/yoast-seo-wordpress\/ -->\n<title>Nderohet s\u00ebrisht me lule dhe p\u00ebrkujtimore figura e Mons. Dr. Zef Oroshit n\u00eb New York - FjALA e LIR\u00cb - Arkivi<\/title>\n<meta name=\"robots\" content=\"index, follow, max-snippet:-1, max-image-preview:large, max-video-preview:-1\" \/>\n<link rel=\"canonical\" href=\"https:\/\/fjala.info\/2009-2015\/nderohet-serisht-me-lule-dhe-perkujtimore-figura-e-mons-dr-zef-oroshit-ne-new-york\/\" \/>\n<meta property=\"og:locale\" content=\"sq_AL\" \/>\n<meta property=\"og:type\" content=\"article\" \/>\n<meta property=\"og:title\" content=\"Nderohet s\u00ebrisht me lule dhe p\u00ebrkujtimore figura e Mons. Dr. Zef Oroshit n\u00eb New York - FjALA e LIR\u00cb - Arkivi\" \/>\n<meta property=\"og:description\" content=\"\u201cImzot Zef Oroshin e vler\u00ebsoi me titullin e nderit \u201cUrdh\u00ebri Gjergj Kastrioti Sk\u00ebnderbeu\u201d, sepse ishte klerik dhe intelektual i shquar atdhetar, q\u00eb veprimtarin\u00eb e tij e vuri n\u00eb sh\u00ebrbim t\u00eb ruajtjes dhe forcimit t\u00eb vlerave komb\u00ebtare tek i gjith\u00eb emigracioni shqiptar n\u00eb ShBA, pa dallim feje.\u201d Bamir Topi President i Shqip\u00ebris\u00eb Nga Klajd Kapinova Hartsdale, [&hellip;]\" \/>\n<meta property=\"og:url\" content=\"https:\/\/fjala.info\/2009-2015\/nderohet-serisht-me-lule-dhe-perkujtimore-figura-e-mons-dr-zef-oroshit-ne-new-york\/\" \/>\n<meta property=\"og:site_name\" content=\"FjALA e LIR\u00cb - Arkivi\" \/>\n<meta property=\"article:published_time\" content=\"2012-09-25T14:03:11+00:00\" \/>\n<meta property=\"og:image\" content=\"http:\/\/www.fjala.info\/2012\/tome_mrijaj_nderon_mons_zef_oroshin_ny.jpg\" \/>\n<meta name=\"author\" content=\"admin\" \/>\n<meta name=\"twitter:card\" content=\"summary_large_image\" \/>\n<meta name=\"twitter:label1\" content=\"Written by\" \/>\n\t<meta name=\"twitter:data1\" content=\"admin\" \/>\n\t<meta name=\"twitter:label2\" content=\"Est. reading time\" \/>\n\t<meta name=\"twitter:data2\" content=\"6 minutes\" \/>\n<script type=\"application\/ld+json\" class=\"yoast-schema-graph\">{\"@context\":\"https:\\\/\\\/schema.org\",\"@graph\":[{\"@type\":\"Article\",\"@id\":\"https:\\\/\\\/fjala.info\\\/2009-2015\\\/nderohet-serisht-me-lule-dhe-perkujtimore-figura-e-mons-dr-zef-oroshit-ne-new-york\\\/#article\",\"isPartOf\":{\"@id\":\"https:\\\/\\\/fjala.info\\\/2009-2015\\\/nderohet-serisht-me-lule-dhe-perkujtimore-figura-e-mons-dr-zef-oroshit-ne-new-york\\\/\"},\"author\":{\"name\":\"admin\",\"@id\":\"https:\\\/\\\/fjala.info\\\/2009-2015\\\/#\\\/schema\\\/person\\\/3aa1163ef05469c496fc94e77611ada2\"},\"headline\":\"Nderohet s\u00ebrisht me lule dhe p\u00ebrkujtimore figura e Mons. Dr. Zef Oroshit n\u00eb New York\",\"datePublished\":\"2012-09-25T14:03:11+00:00\",\"mainEntityOfPage\":{\"@id\":\"https:\\\/\\\/fjala.info\\\/2009-2015\\\/nderohet-serisht-me-lule-dhe-perkujtimore-figura-e-mons-dr-zef-oroshit-ne-new-york\\\/\"},\"wordCount\":1172,\"commentCount\":0,\"publisher\":{\"@id\":\"https:\\\/\\\/fjala.info\\\/2009-2015\\\/#organization\"},\"image\":{\"@id\":\"https:\\\/\\\/fjala.info\\\/2009-2015\\\/nderohet-serisht-me-lule-dhe-perkujtimore-figura-e-mons-dr-zef-oroshit-ne-new-york\\\/#primaryimage\"},\"thumbnailUrl\":\"http:\\\/\\\/www.fjala.info\\\/2012\\\/tome_mrijaj_nderon_mons_zef_oroshin_ny.jpg\",\"articleSection\":[\"Artikuj\"],\"inLanguage\":\"sq-AL\",\"potentialAction\":[{\"@type\":\"CommentAction\",\"name\":\"Comment\",\"target\":[\"https:\\\/\\\/fjala.info\\\/2009-2015\\\/nderohet-serisht-me-lule-dhe-perkujtimore-figura-e-mons-dr-zef-oroshit-ne-new-york\\\/#respond\"]}]},{\"@type\":\"WebPage\",\"@id\":\"https:\\\/\\\/fjala.info\\\/2009-2015\\\/nderohet-serisht-me-lule-dhe-perkujtimore-figura-e-mons-dr-zef-oroshit-ne-new-york\\\/\",\"url\":\"https:\\\/\\\/fjala.info\\\/2009-2015\\\/nderohet-serisht-me-lule-dhe-perkujtimore-figura-e-mons-dr-zef-oroshit-ne-new-york\\\/\",\"name\":\"Nderohet s\u00ebrisht me lule dhe p\u00ebrkujtimore figura e Mons. Dr. Zef Oroshit n\u00eb New York - FjALA e LIR\u00cb - Arkivi\",\"isPartOf\":{\"@id\":\"https:\\\/\\\/fjala.info\\\/2009-2015\\\/#website\"},\"primaryImageOfPage\":{\"@id\":\"https:\\\/\\\/fjala.info\\\/2009-2015\\\/nderohet-serisht-me-lule-dhe-perkujtimore-figura-e-mons-dr-zef-oroshit-ne-new-york\\\/#primaryimage\"},\"image\":{\"@id\":\"https:\\\/\\\/fjala.info\\\/2009-2015\\\/nderohet-serisht-me-lule-dhe-perkujtimore-figura-e-mons-dr-zef-oroshit-ne-new-york\\\/#primaryimage\"},\"thumbnailUrl\":\"http:\\\/\\\/www.fjala.info\\\/2012\\\/tome_mrijaj_nderon_mons_zef_oroshin_ny.jpg\",\"datePublished\":\"2012-09-25T14:03:11+00:00\",\"breadcrumb\":{\"@id\":\"https:\\\/\\\/fjala.info\\\/2009-2015\\\/nderohet-serisht-me-lule-dhe-perkujtimore-figura-e-mons-dr-zef-oroshit-ne-new-york\\\/#breadcrumb\"},\"inLanguage\":\"sq-AL\",\"potentialAction\":[{\"@type\":\"ReadAction\",\"target\":[\"https:\\\/\\\/fjala.info\\\/2009-2015\\\/nderohet-serisht-me-lule-dhe-perkujtimore-figura-e-mons-dr-zef-oroshit-ne-new-york\\\/\"]}]},{\"@type\":\"ImageObject\",\"inLanguage\":\"sq-AL\",\"@id\":\"https:\\\/\\\/fjala.info\\\/2009-2015\\\/nderohet-serisht-me-lule-dhe-perkujtimore-figura-e-mons-dr-zef-oroshit-ne-new-york\\\/#primaryimage\",\"url\":\"http:\\\/\\\/www.fjala.info\\\/2012\\\/tome_mrijaj_nderon_mons_zef_oroshin_ny.jpg\",\"contentUrl\":\"http:\\\/\\\/www.fjala.info\\\/2012\\\/tome_mrijaj_nderon_mons_zef_oroshin_ny.jpg\"},{\"@type\":\"BreadcrumbList\",\"@id\":\"https:\\\/\\\/fjala.info\\\/2009-2015\\\/nderohet-serisht-me-lule-dhe-perkujtimore-figura-e-mons-dr-zef-oroshit-ne-new-york\\\/#breadcrumb\",\"itemListElement\":[{\"@type\":\"ListItem\",\"position\":1,\"name\":\"Home\",\"item\":\"https:\\\/\\\/fjala.info\\\/2009-2015\\\/\"},{\"@type\":\"ListItem\",\"position\":2,\"name\":\"Nderohet s\u00ebrisht me lule dhe p\u00ebrkujtimore figura e Mons. Dr. Zef Oroshit n\u00eb New York\"}]},{\"@type\":\"WebSite\",\"@id\":\"https:\\\/\\\/fjala.info\\\/2009-2015\\\/#website\",\"url\":\"https:\\\/\\\/fjala.info\\\/2009-2015\\\/\",\"name\":\"FjALA e LIR\u00cb - Arkivi\",\"description\":\"Arkivi 2009-2015\",\"publisher\":{\"@id\":\"https:\\\/\\\/fjala.info\\\/2009-2015\\\/#organization\"},\"potentialAction\":[{\"@type\":\"SearchAction\",\"target\":{\"@type\":\"EntryPoint\",\"urlTemplate\":\"https:\\\/\\\/fjala.info\\\/2009-2015\\\/?s={search_term_string}\"},\"query-input\":{\"@type\":\"PropertyValueSpecification\",\"valueRequired\":true,\"valueName\":\"search_term_string\"}}],\"inLanguage\":\"sq-AL\"},{\"@type\":\"Organization\",\"@id\":\"https:\\\/\\\/fjala.info\\\/2009-2015\\\/#organization\",\"name\":\"FjALA e LIR\u00cb - Arkivi\",\"url\":\"https:\\\/\\\/fjala.info\\\/2009-2015\\\/\",\"logo\":{\"@type\":\"ImageObject\",\"inLanguage\":\"sq-AL\",\"@id\":\"https:\\\/\\\/fjala.info\\\/2009-2015\\\/#\\\/schema\\\/logo\\\/image\\\/\",\"url\":\"\",\"contentUrl\":\"\",\"caption\":\"FjALA e LIR\u00cb - Arkivi\"},\"image\":{\"@id\":\"https:\\\/\\\/fjala.info\\\/2009-2015\\\/#\\\/schema\\\/logo\\\/image\\\/\"}},{\"@type\":\"Person\",\"@id\":\"https:\\\/\\\/fjala.info\\\/2009-2015\\\/#\\\/schema\\\/person\\\/3aa1163ef05469c496fc94e77611ada2\",\"name\":\"admin\",\"image\":{\"@type\":\"ImageObject\",\"inLanguage\":\"sq-AL\",\"@id\":\"https:\\\/\\\/fjala.info\\\/2009-2015\\\/wp-content\\\/uploads\\\/2012\\\/02\\\/arben_cokaj-120x150.jpg\",\"url\":\"https:\\\/\\\/fjala.info\\\/2009-2015\\\/wp-content\\\/uploads\\\/2012\\\/02\\\/arben_cokaj-120x150.jpg\",\"contentUrl\":\"https:\\\/\\\/fjala.info\\\/2009-2015\\\/wp-content\\\/uploads\\\/2012\\\/02\\\/arben_cokaj-120x150.jpg\",\"caption\":\"admin\"},\"description\":\"Admin, Fjala e Lir\u00eb\",\"sameAs\":[\"https:\\\/\\\/fjala.info\\\/\"],\"url\":\"https:\\\/\\\/fjala.info\\\/2009-2015\\\/author\\\/admin\\\/\"}]}<\/script>\n<!-- \/ Yoast SEO plugin. -->","yoast_head_json":{"title":"Nderohet s\u00ebrisht me lule dhe p\u00ebrkujtimore figura e Mons. Dr. Zef Oroshit n\u00eb New York - FjALA e LIR\u00cb - Arkivi","robots":{"index":"index","follow":"follow","max-snippet":"max-snippet:-1","max-image-preview":"max-image-preview:large","max-video-preview":"max-video-preview:-1"},"canonical":"https:\/\/fjala.info\/2009-2015\/nderohet-serisht-me-lule-dhe-perkujtimore-figura-e-mons-dr-zef-oroshit-ne-new-york\/","og_locale":"sq_AL","og_type":"article","og_title":"Nderohet s\u00ebrisht me lule dhe p\u00ebrkujtimore figura e Mons. Dr. Zef Oroshit n\u00eb New York - FjALA e LIR\u00cb - Arkivi","og_description":"\u201cImzot Zef Oroshin e vler\u00ebsoi me titullin e nderit \u201cUrdh\u00ebri Gjergj Kastrioti Sk\u00ebnderbeu\u201d, sepse ishte klerik dhe intelektual i shquar atdhetar, q\u00eb veprimtarin\u00eb e tij e vuri n\u00eb sh\u00ebrbim t\u00eb ruajtjes dhe forcimit t\u00eb vlerave komb\u00ebtare tek i gjith\u00eb emigracioni shqiptar n\u00eb ShBA, pa dallim feje.\u201d Bamir Topi President i Shqip\u00ebris\u00eb Nga Klajd Kapinova Hartsdale, [&hellip;]","og_url":"https:\/\/fjala.info\/2009-2015\/nderohet-serisht-me-lule-dhe-perkujtimore-figura-e-mons-dr-zef-oroshit-ne-new-york\/","og_site_name":"FjALA e LIR\u00cb - Arkivi","article_published_time":"2012-09-25T14:03:11+00:00","og_image":[{"url":"http:\/\/www.fjala.info\/2012\/tome_mrijaj_nderon_mons_zef_oroshin_ny.jpg","type":"","width":"","height":""}],"author":"admin","twitter_card":"summary_large_image","twitter_misc":{"Written by":"admin","Est. reading time":"6 minutes"},"schema":{"@context":"https:\/\/schema.org","@graph":[{"@type":"Article","@id":"https:\/\/fjala.info\/2009-2015\/nderohet-serisht-me-lule-dhe-perkujtimore-figura-e-mons-dr-zef-oroshit-ne-new-york\/#article","isPartOf":{"@id":"https:\/\/fjala.info\/2009-2015\/nderohet-serisht-me-lule-dhe-perkujtimore-figura-e-mons-dr-zef-oroshit-ne-new-york\/"},"author":{"name":"admin","@id":"https:\/\/fjala.info\/2009-2015\/#\/schema\/person\/3aa1163ef05469c496fc94e77611ada2"},"headline":"Nderohet s\u00ebrisht me lule dhe p\u00ebrkujtimore figura e Mons. Dr. Zef Oroshit n\u00eb New York","datePublished":"2012-09-25T14:03:11+00:00","mainEntityOfPage":{"@id":"https:\/\/fjala.info\/2009-2015\/nderohet-serisht-me-lule-dhe-perkujtimore-figura-e-mons-dr-zef-oroshit-ne-new-york\/"},"wordCount":1172,"commentCount":0,"publisher":{"@id":"https:\/\/fjala.info\/2009-2015\/#organization"},"image":{"@id":"https:\/\/fjala.info\/2009-2015\/nderohet-serisht-me-lule-dhe-perkujtimore-figura-e-mons-dr-zef-oroshit-ne-new-york\/#primaryimage"},"thumbnailUrl":"http:\/\/www.fjala.info\/2012\/tome_mrijaj_nderon_mons_zef_oroshin_ny.jpg","articleSection":["Artikuj"],"inLanguage":"sq-AL","potentialAction":[{"@type":"CommentAction","name":"Comment","target":["https:\/\/fjala.info\/2009-2015\/nderohet-serisht-me-lule-dhe-perkujtimore-figura-e-mons-dr-zef-oroshit-ne-new-york\/#respond"]}]},{"@type":"WebPage","@id":"https:\/\/fjala.info\/2009-2015\/nderohet-serisht-me-lule-dhe-perkujtimore-figura-e-mons-dr-zef-oroshit-ne-new-york\/","url":"https:\/\/fjala.info\/2009-2015\/nderohet-serisht-me-lule-dhe-perkujtimore-figura-e-mons-dr-zef-oroshit-ne-new-york\/","name":"Nderohet s\u00ebrisht me lule dhe p\u00ebrkujtimore figura e Mons. Dr. Zef Oroshit n\u00eb New York - FjALA e LIR\u00cb - Arkivi","isPartOf":{"@id":"https:\/\/fjala.info\/2009-2015\/#website"},"primaryImageOfPage":{"@id":"https:\/\/fjala.info\/2009-2015\/nderohet-serisht-me-lule-dhe-perkujtimore-figura-e-mons-dr-zef-oroshit-ne-new-york\/#primaryimage"},"image":{"@id":"https:\/\/fjala.info\/2009-2015\/nderohet-serisht-me-lule-dhe-perkujtimore-figura-e-mons-dr-zef-oroshit-ne-new-york\/#primaryimage"},"thumbnailUrl":"http:\/\/www.fjala.info\/2012\/tome_mrijaj_nderon_mons_zef_oroshin_ny.jpg","datePublished":"2012-09-25T14:03:11+00:00","breadcrumb":{"@id":"https:\/\/fjala.info\/2009-2015\/nderohet-serisht-me-lule-dhe-perkujtimore-figura-e-mons-dr-zef-oroshit-ne-new-york\/#breadcrumb"},"inLanguage":"sq-AL","potentialAction":[{"@type":"ReadAction","target":["https:\/\/fjala.info\/2009-2015\/nderohet-serisht-me-lule-dhe-perkujtimore-figura-e-mons-dr-zef-oroshit-ne-new-york\/"]}]},{"@type":"ImageObject","inLanguage":"sq-AL","@id":"https:\/\/fjala.info\/2009-2015\/nderohet-serisht-me-lule-dhe-perkujtimore-figura-e-mons-dr-zef-oroshit-ne-new-york\/#primaryimage","url":"http:\/\/www.fjala.info\/2012\/tome_mrijaj_nderon_mons_zef_oroshin_ny.jpg","contentUrl":"http:\/\/www.fjala.info\/2012\/tome_mrijaj_nderon_mons_zef_oroshin_ny.jpg"},{"@type":"BreadcrumbList","@id":"https:\/\/fjala.info\/2009-2015\/nderohet-serisht-me-lule-dhe-perkujtimore-figura-e-mons-dr-zef-oroshit-ne-new-york\/#breadcrumb","itemListElement":[{"@type":"ListItem","position":1,"name":"Home","item":"https:\/\/fjala.info\/2009-2015\/"},{"@type":"ListItem","position":2,"name":"Nderohet s\u00ebrisht me lule dhe p\u00ebrkujtimore figura e Mons. Dr. Zef Oroshit n\u00eb New York"}]},{"@type":"WebSite","@id":"https:\/\/fjala.info\/2009-2015\/#website","url":"https:\/\/fjala.info\/2009-2015\/","name":"FjALA e LIR\u00cb - Arkivi","description":"Arkivi 2009-2015","publisher":{"@id":"https:\/\/fjala.info\/2009-2015\/#organization"},"potentialAction":[{"@type":"SearchAction","target":{"@type":"EntryPoint","urlTemplate":"https:\/\/fjala.info\/2009-2015\/?s={search_term_string}"},"query-input":{"@type":"PropertyValueSpecification","valueRequired":true,"valueName":"search_term_string"}}],"inLanguage":"sq-AL"},{"@type":"Organization","@id":"https:\/\/fjala.info\/2009-2015\/#organization","name":"FjALA e LIR\u00cb - Arkivi","url":"https:\/\/fjala.info\/2009-2015\/","logo":{"@type":"ImageObject","inLanguage":"sq-AL","@id":"https:\/\/fjala.info\/2009-2015\/#\/schema\/logo\/image\/","url":"","contentUrl":"","caption":"FjALA e LIR\u00cb - Arkivi"},"image":{"@id":"https:\/\/fjala.info\/2009-2015\/#\/schema\/logo\/image\/"}},{"@type":"Person","@id":"https:\/\/fjala.info\/2009-2015\/#\/schema\/person\/3aa1163ef05469c496fc94e77611ada2","name":"admin","image":{"@type":"ImageObject","inLanguage":"sq-AL","@id":"https:\/\/fjala.info\/2009-2015\/wp-content\/uploads\/2012\/02\/arben_cokaj-120x150.jpg","url":"https:\/\/fjala.info\/2009-2015\/wp-content\/uploads\/2012\/02\/arben_cokaj-120x150.jpg","contentUrl":"https:\/\/fjala.info\/2009-2015\/wp-content\/uploads\/2012\/02\/arben_cokaj-120x150.jpg","caption":"admin"},"description":"Admin, Fjala e Lir\u00eb","sameAs":["https:\/\/fjala.info\/"],"url":"https:\/\/fjala.info\/2009-2015\/author\/admin\/"}]}},"_links":{"self":[{"href":"https:\/\/fjala.info\/2009-2015\/wp-json\/wp\/v2\/posts\/12112","targetHints":{"allow":["GET"]}}],"collection":[{"href":"https:\/\/fjala.info\/2009-2015\/wp-json\/wp\/v2\/posts"}],"about":[{"href":"https:\/\/fjala.info\/2009-2015\/wp-json\/wp\/v2\/types\/post"}],"author":[{"embeddable":true,"href":"https:\/\/fjala.info\/2009-2015\/wp-json\/wp\/v2\/users\/1"}],"replies":[{"embeddable":true,"href":"https:\/\/fjala.info\/2009-2015\/wp-json\/wp\/v2\/comments?post=12112"}],"version-history":[{"count":0,"href":"https:\/\/fjala.info\/2009-2015\/wp-json\/wp\/v2\/posts\/12112\/revisions"}],"wp:attachment":[{"href":"https:\/\/fjala.info\/2009-2015\/wp-json\/wp\/v2\/media?parent=12112"}],"wp:term":[{"taxonomy":"category","embeddable":true,"href":"https:\/\/fjala.info\/2009-2015\/wp-json\/wp\/v2\/categories?post=12112"},{"taxonomy":"post_tag","embeddable":true,"href":"https:\/\/fjala.info\/2009-2015\/wp-json\/wp\/v2\/tags?post=12112"}],"curies":[{"name":"wp","href":"https:\/\/api.w.org\/{rel}","templated":true}]}}