{"id":12111,"date":"2012-09-24T21:20:15","date_gmt":"2012-09-24T20:20:15","guid":{"rendered":"http:\/\/www.fjala.info\/?p=5155"},"modified":"2012-09-24T21:20:15","modified_gmt":"2012-09-24T20:20:15","slug":"me-vrit-por-shpirti-im-do-te-vizitoje-cdo-nate-i-thote-murgesha-e-gjakmarrjes-nje-kercenuesi-dhe-ja-cndodh","status":"publish","type":"post","link":"https:\/\/fjala.info\/2009-2015\/me-vrit-por-shpirti-im-do-te-vizitoje-cdo-nate-i-thote-murgesha-e-gjakmarrjes-nje-kercenuesi-dhe-ja-cndodh\/","title":{"rendered":"\u2018M\u00eb vrit, por shpirti im do t\u00eb vizitoj\u00eb \u00e7do nat\u00eb\u2019- i thot\u00eb murgesha e gjakmarrjes nj\u00eb k\u00ebrc\u00ebnuesi. Dhe ja \u00e7\u2019ndodh"},"content":{"rendered":"<p><img decoding=\"async\" class=\"alignright size-thumbnail wp-image-7236\" title=\"Ngujimi\" src=\"http:\/\/www.fjala.info\/2012\/ngujimi.jpg\" alt=\"\" width=\"300\" \/> <strong>ResPublica.al<\/strong>, <em>24 shtator 2012<\/em><\/p>\n<p>Kristina F\u00e4rber \u00ebsht\u00eb nj\u00eb murgesh\u00eb gjermane q\u00eb jeton prej 13 vitesh n\u00eb Shkod\u00ebr. Ajo shoq\u00ebroi n\u00eb ver\u00eb nj\u00eb grup t\u00eb rinjsh n\u00eb gjak n\u00eb nj\u00eb udh\u00ebtim n\u00ebp\u00ebr Gjermani, i cili p\u00ebrfundoi n\u00eb nj\u00eb audienc\u00eb t\u00eb Pap\u00ebs n\u00eb Rom\u00eb. (shih edhe http:\/\/respublica.al\/artikuj\/2012\/08\/02\/po-pse-kjo-gjakmarrj&#8230;). Ajo \u00ebsht\u00eb pyetur nga radio Deutsche Welle lidhur me dekretin e fundit t\u00eb Kish\u00ebs Katolike n\u00eb Shqip\u00ebri q\u00eb shkish\u00ebron t\u00eb gjith\u00eb ata q\u00eb vrasin p\u00ebr gjakmarrje. Dhe nd\u00ebr t\u00eb tjera n\u00eb k\u00ebt\u00eb intervist\u00eb tregon nj\u00eb episod q\u00eb u ka b\u00ebr\u00eb shum\u00eb p\u00ebrshtypje gazetar\u00ebve t\u00eb huaj q\u00eb e kan\u00eb intervistuar.<\/p>\n<p>E pyet intervistuesja: \u201cSa \u00ebsht\u00eb e v\u00ebrtet\u00eb se dikush ju ka k\u00ebrc\u00ebnuar, duke dashur t\u2019ju pengoj\u00eb n\u00eb pun\u00ebn tuaj t\u00eb pajtimit dhe ju i jeni p\u00ebrgjigjur, \u201cmund t\u00eb m\u00eb vras\u00ebsh, por do t\u00eb t\u00eb shfaqem \u00e7do nat\u00eb\u201d dhe ai ju ka uruar jet\u00eb t\u00eb gjat\u00eb?\u201d \u2013 Dhe Farber p\u00ebrgjigjet: \u201c&#8230;Un\u00eb nuk kam th\u00ebn\u00eb se do t\u00eb shfaqem si fantazm\u00eb, por q\u00eb shpirti im do ta vizitoj\u00eb \u00e7do nat\u00eb. Po. In\u00eb i kam th\u00ebn\u00eb atij gjakmarr\u00ebsit, q\u00eb do t\u00eb vazhdoj t\u00eb shkoj tek t\u00eb ngujuarit prej tij dhe ai mund t\u00eb m\u00eb vras\u00eb, po t\u00eb doj\u00eb. Por ve\u00e7se prite \u201cvizit\u00ebn\u201d kur t\u00eb jem n\u00eb qiell. Dhe ai u largua pastaj menj\u00ebher\u00eb duke th\u00ebrritur: \u201cDyqind vje\u00e7 u b\u00ebfsh\u201d. Kurr\u00eb m\u00eb nuk m\u00eb ka shqet\u00ebsuar\u201d.<\/p>\n<p>M\u00eb pas ajo e quan \u201cKanunin nj\u00eb fe dyt\u00ebsore\u201d kur pyetet: \u201cA kujdeseni edhe p\u00ebr familje muslimane, q\u00eb jan\u00eb n\u00eb gjak?\u201d. \u201cNe nuk b\u00ebjm\u00eb dallim n\u00eb p\u00ebrkujdesje. Megjithat\u00eb konstatojm\u00eb se ne k\u00ebtu kemi thuajse vet\u00ebm fise katolike, q\u00eb jetojn\u00eb n\u00eb gjakmarrje. Por fenomeni \u00ebsht\u00eb i pranish\u00ebm tek t\u00eb dyja fete, sepse Kanuni paraqitet gati si nj\u00eb \u201cfe dyt\u00ebsore\u201d \u2013 thot\u00eb Farber.<\/p>\n<p>Kjo deklarat\u00eb e fundit ka patur reagime nga shoqata q\u00eb merren em pajtimin e gjaqeve. Nj\u00eb prej tyre q\u00eb quhet Komiteti P\u00ebr Pajtimin e Gjaqeve n\u00eb nj\u00eb deklarat\u00eb p\u00ebr shtyp thot\u00eb: \u201cMurgesha e shquar Kristina Faber po punon me p\u00ebrkushtim prej vitesh kund\u00ebr gjakmarrjes dhe po ndihmon familjet e ngujuara n\u00eb veri t\u00eb vendit. Por gjejm\u00eb shprehjen se Kanuni \u00ebsht\u00eb feja dyt\u00ebsore e shqiptar\u00ebve. Si e huaj ajo \u00ebsht\u00eb futur n\u00eb thell\u00ebsi t\u00eb bot\u00ebs shqiptare por nuk ka mundur t\u00eb zbuloj\u00eb se \u00e7\u2019jan\u00eb krimet e sotme q\u00eb thuhet se b\u00ebhen n\u00eb em\u00ebr t\u00eb kanunit. Ato jan\u00eb n\u00eb kund\u00ebrshtim t\u00eb plot\u00eb me kanunin&#8230;\u201d.<\/p>\n","protected":false},"excerpt":{"rendered":"<p>ResPublica.al, 24 shtator 2012 Kristina F\u00e4rber \u00ebsht\u00eb nj\u00eb murgesh\u00eb gjermane q\u00eb jeton prej 13 vitesh n\u00eb Shkod\u00ebr. Ajo shoq\u00ebroi n\u00eb ver\u00eb nj\u00eb grup t\u00eb rinjsh n\u00eb gjak n\u00eb nj\u00eb udh\u00ebtim n\u00ebp\u00ebr Gjermani, i cili p\u00ebrfundoi n\u00eb nj\u00eb audienc\u00eb t\u00eb Pap\u00ebs n\u00eb Rom\u00eb. (shih edhe http:\/\/respublica.al\/artikuj\/2012\/08\/02\/po-pse-kjo-gjakmarrj&#8230;). Ajo \u00ebsht\u00eb pyetur nga radio Deutsche Welle lidhur me dekretin [&hellip;]<\/p>\n","protected":false},"author":1,"featured_media":0,"comment_status":"open","ping_status":"closed","sticky":false,"template":"","format":"standard","meta":{"footnotes":""},"categories":[2],"tags":[],"class_list":{"0":"post-12111","1":"post","2":"type-post","3":"status-publish","4":"format-standard","6":"category-artikuj"},"yoast_head":"<!-- This site is optimized with the Yoast SEO plugin v27.4 - https:\/\/yoast.com\/product\/yoast-seo-wordpress\/ -->\n<title>\u2018M\u00eb vrit, por shpirti im do t\u00eb vizitoj\u00eb \u00e7do nat\u00eb\u2019- i thot\u00eb murgesha e gjakmarrjes nj\u00eb k\u00ebrc\u00ebnuesi. Dhe ja \u00e7\u2019ndodh - FjALA e LIR\u00cb - Arkivi<\/title>\n<meta name=\"robots\" content=\"index, follow, max-snippet:-1, max-image-preview:large, max-video-preview:-1\" \/>\n<link rel=\"canonical\" href=\"https:\/\/fjala.info\/2009-2015\/me-vrit-por-shpirti-im-do-te-vizitoje-cdo-nate-i-thote-murgesha-e-gjakmarrjes-nje-kercenuesi-dhe-ja-cndodh\/\" \/>\n<meta property=\"og:locale\" content=\"sq_AL\" \/>\n<meta property=\"og:type\" content=\"article\" \/>\n<meta property=\"og:title\" content=\"\u2018M\u00eb vrit, por shpirti im do t\u00eb vizitoj\u00eb \u00e7do nat\u00eb\u2019- i thot\u00eb murgesha e gjakmarrjes nj\u00eb k\u00ebrc\u00ebnuesi. Dhe ja \u00e7\u2019ndodh - FjALA e LIR\u00cb - Arkivi\" \/>\n<meta property=\"og:description\" content=\"ResPublica.al, 24 shtator 2012 Kristina F\u00e4rber \u00ebsht\u00eb nj\u00eb murgesh\u00eb gjermane q\u00eb jeton prej 13 vitesh n\u00eb Shkod\u00ebr. Ajo shoq\u00ebroi n\u00eb ver\u00eb nj\u00eb grup t\u00eb rinjsh n\u00eb gjak n\u00eb nj\u00eb udh\u00ebtim n\u00ebp\u00ebr Gjermani, i cili p\u00ebrfundoi n\u00eb nj\u00eb audienc\u00eb t\u00eb Pap\u00ebs n\u00eb Rom\u00eb. (shih edhe http:\/\/respublica.al\/artikuj\/2012\/08\/02\/po-pse-kjo-gjakmarrj&#8230;). Ajo \u00ebsht\u00eb pyetur nga radio Deutsche Welle lidhur me dekretin [&hellip;]\" \/>\n<meta property=\"og:url\" content=\"https:\/\/fjala.info\/2009-2015\/me-vrit-por-shpirti-im-do-te-vizitoje-cdo-nate-i-thote-murgesha-e-gjakmarrjes-nje-kercenuesi-dhe-ja-cndodh\/\" \/>\n<meta property=\"og:site_name\" content=\"FjALA e LIR\u00cb - Arkivi\" \/>\n<meta property=\"article:published_time\" content=\"2012-09-24T20:20:15+00:00\" \/>\n<meta property=\"og:image\" content=\"http:\/\/www.fjala.info\/2012\/ngujimi.jpg\" \/>\n<meta name=\"author\" content=\"admin\" \/>\n<meta name=\"twitter:card\" content=\"summary_large_image\" \/>\n<meta name=\"twitter:label1\" content=\"Written by\" \/>\n\t<meta name=\"twitter:data1\" content=\"admin\" \/>\n\t<meta name=\"twitter:label2\" content=\"Est. reading time\" \/>\n\t<meta name=\"twitter:data2\" content=\"2 minutes\" \/>\n<script type=\"application\/ld+json\" class=\"yoast-schema-graph\">{\"@context\":\"https:\\\/\\\/schema.org\",\"@graph\":[{\"@type\":\"Article\",\"@id\":\"https:\\\/\\\/fjala.info\\\/2009-2015\\\/me-vrit-por-shpirti-im-do-te-vizitoje-cdo-nate-i-thote-murgesha-e-gjakmarrjes-nje-kercenuesi-dhe-ja-cndodh\\\/#article\",\"isPartOf\":{\"@id\":\"https:\\\/\\\/fjala.info\\\/2009-2015\\\/me-vrit-por-shpirti-im-do-te-vizitoje-cdo-nate-i-thote-murgesha-e-gjakmarrjes-nje-kercenuesi-dhe-ja-cndodh\\\/\"},\"author\":{\"name\":\"admin\",\"@id\":\"https:\\\/\\\/fjala.info\\\/2009-2015\\\/#\\\/schema\\\/person\\\/3aa1163ef05469c496fc94e77611ada2\"},\"headline\":\"\u2018M\u00eb vrit, por shpirti im do t\u00eb vizitoj\u00eb \u00e7do nat\u00eb\u2019- i thot\u00eb murgesha e gjakmarrjes nj\u00eb k\u00ebrc\u00ebnuesi. Dhe ja \u00e7\u2019ndodh\",\"datePublished\":\"2012-09-24T20:20:15+00:00\",\"mainEntityOfPage\":{\"@id\":\"https:\\\/\\\/fjala.info\\\/2009-2015\\\/me-vrit-por-shpirti-im-do-te-vizitoje-cdo-nate-i-thote-murgesha-e-gjakmarrjes-nje-kercenuesi-dhe-ja-cndodh\\\/\"},\"wordCount\":455,\"commentCount\":0,\"publisher\":{\"@id\":\"https:\\\/\\\/fjala.info\\\/2009-2015\\\/#organization\"},\"image\":{\"@id\":\"https:\\\/\\\/fjala.info\\\/2009-2015\\\/me-vrit-por-shpirti-im-do-te-vizitoje-cdo-nate-i-thote-murgesha-e-gjakmarrjes-nje-kercenuesi-dhe-ja-cndodh\\\/#primaryimage\"},\"thumbnailUrl\":\"http:\\\/\\\/www.fjala.info\\\/2012\\\/ngujimi.jpg\",\"articleSection\":[\"Artikuj\"],\"inLanguage\":\"sq-AL\",\"potentialAction\":[{\"@type\":\"CommentAction\",\"name\":\"Comment\",\"target\":[\"https:\\\/\\\/fjala.info\\\/2009-2015\\\/me-vrit-por-shpirti-im-do-te-vizitoje-cdo-nate-i-thote-murgesha-e-gjakmarrjes-nje-kercenuesi-dhe-ja-cndodh\\\/#respond\"]}]},{\"@type\":\"WebPage\",\"@id\":\"https:\\\/\\\/fjala.info\\\/2009-2015\\\/me-vrit-por-shpirti-im-do-te-vizitoje-cdo-nate-i-thote-murgesha-e-gjakmarrjes-nje-kercenuesi-dhe-ja-cndodh\\\/\",\"url\":\"https:\\\/\\\/fjala.info\\\/2009-2015\\\/me-vrit-por-shpirti-im-do-te-vizitoje-cdo-nate-i-thote-murgesha-e-gjakmarrjes-nje-kercenuesi-dhe-ja-cndodh\\\/\",\"name\":\"\u2018M\u00eb vrit, por shpirti im do t\u00eb vizitoj\u00eb \u00e7do nat\u00eb\u2019- i thot\u00eb murgesha e gjakmarrjes nj\u00eb k\u00ebrc\u00ebnuesi. Dhe ja \u00e7\u2019ndodh - FjALA e LIR\u00cb - Arkivi\",\"isPartOf\":{\"@id\":\"https:\\\/\\\/fjala.info\\\/2009-2015\\\/#website\"},\"primaryImageOfPage\":{\"@id\":\"https:\\\/\\\/fjala.info\\\/2009-2015\\\/me-vrit-por-shpirti-im-do-te-vizitoje-cdo-nate-i-thote-murgesha-e-gjakmarrjes-nje-kercenuesi-dhe-ja-cndodh\\\/#primaryimage\"},\"image\":{\"@id\":\"https:\\\/\\\/fjala.info\\\/2009-2015\\\/me-vrit-por-shpirti-im-do-te-vizitoje-cdo-nate-i-thote-murgesha-e-gjakmarrjes-nje-kercenuesi-dhe-ja-cndodh\\\/#primaryimage\"},\"thumbnailUrl\":\"http:\\\/\\\/www.fjala.info\\\/2012\\\/ngujimi.jpg\",\"datePublished\":\"2012-09-24T20:20:15+00:00\",\"breadcrumb\":{\"@id\":\"https:\\\/\\\/fjala.info\\\/2009-2015\\\/me-vrit-por-shpirti-im-do-te-vizitoje-cdo-nate-i-thote-murgesha-e-gjakmarrjes-nje-kercenuesi-dhe-ja-cndodh\\\/#breadcrumb\"},\"inLanguage\":\"sq-AL\",\"potentialAction\":[{\"@type\":\"ReadAction\",\"target\":[\"https:\\\/\\\/fjala.info\\\/2009-2015\\\/me-vrit-por-shpirti-im-do-te-vizitoje-cdo-nate-i-thote-murgesha-e-gjakmarrjes-nje-kercenuesi-dhe-ja-cndodh\\\/\"]}]},{\"@type\":\"ImageObject\",\"inLanguage\":\"sq-AL\",\"@id\":\"https:\\\/\\\/fjala.info\\\/2009-2015\\\/me-vrit-por-shpirti-im-do-te-vizitoje-cdo-nate-i-thote-murgesha-e-gjakmarrjes-nje-kercenuesi-dhe-ja-cndodh\\\/#primaryimage\",\"url\":\"http:\\\/\\\/www.fjala.info\\\/2012\\\/ngujimi.jpg\",\"contentUrl\":\"http:\\\/\\\/www.fjala.info\\\/2012\\\/ngujimi.jpg\"},{\"@type\":\"BreadcrumbList\",\"@id\":\"https:\\\/\\\/fjala.info\\\/2009-2015\\\/me-vrit-por-shpirti-im-do-te-vizitoje-cdo-nate-i-thote-murgesha-e-gjakmarrjes-nje-kercenuesi-dhe-ja-cndodh\\\/#breadcrumb\",\"itemListElement\":[{\"@type\":\"ListItem\",\"position\":1,\"name\":\"Home\",\"item\":\"https:\\\/\\\/fjala.info\\\/2009-2015\\\/\"},{\"@type\":\"ListItem\",\"position\":2,\"name\":\"\u2018M\u00eb vrit, por shpirti im do t\u00eb vizitoj\u00eb \u00e7do nat\u00eb\u2019- i thot\u00eb murgesha e gjakmarrjes nj\u00eb k\u00ebrc\u00ebnuesi. Dhe ja \u00e7\u2019ndodh\"}]},{\"@type\":\"WebSite\",\"@id\":\"https:\\\/\\\/fjala.info\\\/2009-2015\\\/#website\",\"url\":\"https:\\\/\\\/fjala.info\\\/2009-2015\\\/\",\"name\":\"FjALA e LIR\u00cb - Arkivi\",\"description\":\"Arkivi 2009-2015\",\"publisher\":{\"@id\":\"https:\\\/\\\/fjala.info\\\/2009-2015\\\/#organization\"},\"potentialAction\":[{\"@type\":\"SearchAction\",\"target\":{\"@type\":\"EntryPoint\",\"urlTemplate\":\"https:\\\/\\\/fjala.info\\\/2009-2015\\\/?s={search_term_string}\"},\"query-input\":{\"@type\":\"PropertyValueSpecification\",\"valueRequired\":true,\"valueName\":\"search_term_string\"}}],\"inLanguage\":\"sq-AL\"},{\"@type\":\"Organization\",\"@id\":\"https:\\\/\\\/fjala.info\\\/2009-2015\\\/#organization\",\"name\":\"FjALA e LIR\u00cb - Arkivi\",\"url\":\"https:\\\/\\\/fjala.info\\\/2009-2015\\\/\",\"logo\":{\"@type\":\"ImageObject\",\"inLanguage\":\"sq-AL\",\"@id\":\"https:\\\/\\\/fjala.info\\\/2009-2015\\\/#\\\/schema\\\/logo\\\/image\\\/\",\"url\":\"\",\"contentUrl\":\"\",\"caption\":\"FjALA e LIR\u00cb - Arkivi\"},\"image\":{\"@id\":\"https:\\\/\\\/fjala.info\\\/2009-2015\\\/#\\\/schema\\\/logo\\\/image\\\/\"}},{\"@type\":\"Person\",\"@id\":\"https:\\\/\\\/fjala.info\\\/2009-2015\\\/#\\\/schema\\\/person\\\/3aa1163ef05469c496fc94e77611ada2\",\"name\":\"admin\",\"image\":{\"@type\":\"ImageObject\",\"inLanguage\":\"sq-AL\",\"@id\":\"https:\\\/\\\/fjala.info\\\/2009-2015\\\/wp-content\\\/uploads\\\/2012\\\/02\\\/arben_cokaj-120x150.jpg\",\"url\":\"https:\\\/\\\/fjala.info\\\/2009-2015\\\/wp-content\\\/uploads\\\/2012\\\/02\\\/arben_cokaj-120x150.jpg\",\"contentUrl\":\"https:\\\/\\\/fjala.info\\\/2009-2015\\\/wp-content\\\/uploads\\\/2012\\\/02\\\/arben_cokaj-120x150.jpg\",\"caption\":\"admin\"},\"description\":\"Admin, Fjala e Lir\u00eb\",\"sameAs\":[\"https:\\\/\\\/fjala.info\\\/\"],\"url\":\"https:\\\/\\\/fjala.info\\\/2009-2015\\\/author\\\/admin\\\/\"}]}<\/script>\n<!-- \/ Yoast SEO plugin. -->","yoast_head_json":{"title":"\u2018M\u00eb vrit, por shpirti im do t\u00eb vizitoj\u00eb \u00e7do nat\u00eb\u2019- i thot\u00eb murgesha e gjakmarrjes nj\u00eb k\u00ebrc\u00ebnuesi. Dhe ja \u00e7\u2019ndodh - FjALA e LIR\u00cb - Arkivi","robots":{"index":"index","follow":"follow","max-snippet":"max-snippet:-1","max-image-preview":"max-image-preview:large","max-video-preview":"max-video-preview:-1"},"canonical":"https:\/\/fjala.info\/2009-2015\/me-vrit-por-shpirti-im-do-te-vizitoje-cdo-nate-i-thote-murgesha-e-gjakmarrjes-nje-kercenuesi-dhe-ja-cndodh\/","og_locale":"sq_AL","og_type":"article","og_title":"\u2018M\u00eb vrit, por shpirti im do t\u00eb vizitoj\u00eb \u00e7do nat\u00eb\u2019- i thot\u00eb murgesha e gjakmarrjes nj\u00eb k\u00ebrc\u00ebnuesi. Dhe ja \u00e7\u2019ndodh - FjALA e LIR\u00cb - Arkivi","og_description":"ResPublica.al, 24 shtator 2012 Kristina F\u00e4rber \u00ebsht\u00eb nj\u00eb murgesh\u00eb gjermane q\u00eb jeton prej 13 vitesh n\u00eb Shkod\u00ebr. Ajo shoq\u00ebroi n\u00eb ver\u00eb nj\u00eb grup t\u00eb rinjsh n\u00eb gjak n\u00eb nj\u00eb udh\u00ebtim n\u00ebp\u00ebr Gjermani, i cili p\u00ebrfundoi n\u00eb nj\u00eb audienc\u00eb t\u00eb Pap\u00ebs n\u00eb Rom\u00eb. (shih edhe http:\/\/respublica.al\/artikuj\/2012\/08\/02\/po-pse-kjo-gjakmarrj&#8230;). Ajo \u00ebsht\u00eb pyetur nga radio Deutsche Welle lidhur me dekretin [&hellip;]","og_url":"https:\/\/fjala.info\/2009-2015\/me-vrit-por-shpirti-im-do-te-vizitoje-cdo-nate-i-thote-murgesha-e-gjakmarrjes-nje-kercenuesi-dhe-ja-cndodh\/","og_site_name":"FjALA e LIR\u00cb - Arkivi","article_published_time":"2012-09-24T20:20:15+00:00","og_image":[{"url":"http:\/\/www.fjala.info\/2012\/ngujimi.jpg","type":"","width":"","height":""}],"author":"admin","twitter_card":"summary_large_image","twitter_misc":{"Written by":"admin","Est. reading time":"2 minutes"},"schema":{"@context":"https:\/\/schema.org","@graph":[{"@type":"Article","@id":"https:\/\/fjala.info\/2009-2015\/me-vrit-por-shpirti-im-do-te-vizitoje-cdo-nate-i-thote-murgesha-e-gjakmarrjes-nje-kercenuesi-dhe-ja-cndodh\/#article","isPartOf":{"@id":"https:\/\/fjala.info\/2009-2015\/me-vrit-por-shpirti-im-do-te-vizitoje-cdo-nate-i-thote-murgesha-e-gjakmarrjes-nje-kercenuesi-dhe-ja-cndodh\/"},"author":{"name":"admin","@id":"https:\/\/fjala.info\/2009-2015\/#\/schema\/person\/3aa1163ef05469c496fc94e77611ada2"},"headline":"\u2018M\u00eb vrit, por shpirti im do t\u00eb vizitoj\u00eb \u00e7do nat\u00eb\u2019- i thot\u00eb murgesha e gjakmarrjes nj\u00eb k\u00ebrc\u00ebnuesi. Dhe ja \u00e7\u2019ndodh","datePublished":"2012-09-24T20:20:15+00:00","mainEntityOfPage":{"@id":"https:\/\/fjala.info\/2009-2015\/me-vrit-por-shpirti-im-do-te-vizitoje-cdo-nate-i-thote-murgesha-e-gjakmarrjes-nje-kercenuesi-dhe-ja-cndodh\/"},"wordCount":455,"commentCount":0,"publisher":{"@id":"https:\/\/fjala.info\/2009-2015\/#organization"},"image":{"@id":"https:\/\/fjala.info\/2009-2015\/me-vrit-por-shpirti-im-do-te-vizitoje-cdo-nate-i-thote-murgesha-e-gjakmarrjes-nje-kercenuesi-dhe-ja-cndodh\/#primaryimage"},"thumbnailUrl":"http:\/\/www.fjala.info\/2012\/ngujimi.jpg","articleSection":["Artikuj"],"inLanguage":"sq-AL","potentialAction":[{"@type":"CommentAction","name":"Comment","target":["https:\/\/fjala.info\/2009-2015\/me-vrit-por-shpirti-im-do-te-vizitoje-cdo-nate-i-thote-murgesha-e-gjakmarrjes-nje-kercenuesi-dhe-ja-cndodh\/#respond"]}]},{"@type":"WebPage","@id":"https:\/\/fjala.info\/2009-2015\/me-vrit-por-shpirti-im-do-te-vizitoje-cdo-nate-i-thote-murgesha-e-gjakmarrjes-nje-kercenuesi-dhe-ja-cndodh\/","url":"https:\/\/fjala.info\/2009-2015\/me-vrit-por-shpirti-im-do-te-vizitoje-cdo-nate-i-thote-murgesha-e-gjakmarrjes-nje-kercenuesi-dhe-ja-cndodh\/","name":"\u2018M\u00eb vrit, por shpirti im do t\u00eb vizitoj\u00eb \u00e7do nat\u00eb\u2019- i thot\u00eb murgesha e gjakmarrjes nj\u00eb k\u00ebrc\u00ebnuesi. Dhe ja \u00e7\u2019ndodh - FjALA e LIR\u00cb - Arkivi","isPartOf":{"@id":"https:\/\/fjala.info\/2009-2015\/#website"},"primaryImageOfPage":{"@id":"https:\/\/fjala.info\/2009-2015\/me-vrit-por-shpirti-im-do-te-vizitoje-cdo-nate-i-thote-murgesha-e-gjakmarrjes-nje-kercenuesi-dhe-ja-cndodh\/#primaryimage"},"image":{"@id":"https:\/\/fjala.info\/2009-2015\/me-vrit-por-shpirti-im-do-te-vizitoje-cdo-nate-i-thote-murgesha-e-gjakmarrjes-nje-kercenuesi-dhe-ja-cndodh\/#primaryimage"},"thumbnailUrl":"http:\/\/www.fjala.info\/2012\/ngujimi.jpg","datePublished":"2012-09-24T20:20:15+00:00","breadcrumb":{"@id":"https:\/\/fjala.info\/2009-2015\/me-vrit-por-shpirti-im-do-te-vizitoje-cdo-nate-i-thote-murgesha-e-gjakmarrjes-nje-kercenuesi-dhe-ja-cndodh\/#breadcrumb"},"inLanguage":"sq-AL","potentialAction":[{"@type":"ReadAction","target":["https:\/\/fjala.info\/2009-2015\/me-vrit-por-shpirti-im-do-te-vizitoje-cdo-nate-i-thote-murgesha-e-gjakmarrjes-nje-kercenuesi-dhe-ja-cndodh\/"]}]},{"@type":"ImageObject","inLanguage":"sq-AL","@id":"https:\/\/fjala.info\/2009-2015\/me-vrit-por-shpirti-im-do-te-vizitoje-cdo-nate-i-thote-murgesha-e-gjakmarrjes-nje-kercenuesi-dhe-ja-cndodh\/#primaryimage","url":"http:\/\/www.fjala.info\/2012\/ngujimi.jpg","contentUrl":"http:\/\/www.fjala.info\/2012\/ngujimi.jpg"},{"@type":"BreadcrumbList","@id":"https:\/\/fjala.info\/2009-2015\/me-vrit-por-shpirti-im-do-te-vizitoje-cdo-nate-i-thote-murgesha-e-gjakmarrjes-nje-kercenuesi-dhe-ja-cndodh\/#breadcrumb","itemListElement":[{"@type":"ListItem","position":1,"name":"Home","item":"https:\/\/fjala.info\/2009-2015\/"},{"@type":"ListItem","position":2,"name":"\u2018M\u00eb vrit, por shpirti im do t\u00eb vizitoj\u00eb \u00e7do nat\u00eb\u2019- i thot\u00eb murgesha e gjakmarrjes nj\u00eb k\u00ebrc\u00ebnuesi. Dhe ja \u00e7\u2019ndodh"}]},{"@type":"WebSite","@id":"https:\/\/fjala.info\/2009-2015\/#website","url":"https:\/\/fjala.info\/2009-2015\/","name":"FjALA e LIR\u00cb - Arkivi","description":"Arkivi 2009-2015","publisher":{"@id":"https:\/\/fjala.info\/2009-2015\/#organization"},"potentialAction":[{"@type":"SearchAction","target":{"@type":"EntryPoint","urlTemplate":"https:\/\/fjala.info\/2009-2015\/?s={search_term_string}"},"query-input":{"@type":"PropertyValueSpecification","valueRequired":true,"valueName":"search_term_string"}}],"inLanguage":"sq-AL"},{"@type":"Organization","@id":"https:\/\/fjala.info\/2009-2015\/#organization","name":"FjALA e LIR\u00cb - Arkivi","url":"https:\/\/fjala.info\/2009-2015\/","logo":{"@type":"ImageObject","inLanguage":"sq-AL","@id":"https:\/\/fjala.info\/2009-2015\/#\/schema\/logo\/image\/","url":"","contentUrl":"","caption":"FjALA e LIR\u00cb - Arkivi"},"image":{"@id":"https:\/\/fjala.info\/2009-2015\/#\/schema\/logo\/image\/"}},{"@type":"Person","@id":"https:\/\/fjala.info\/2009-2015\/#\/schema\/person\/3aa1163ef05469c496fc94e77611ada2","name":"admin","image":{"@type":"ImageObject","inLanguage":"sq-AL","@id":"https:\/\/fjala.info\/2009-2015\/wp-content\/uploads\/2012\/02\/arben_cokaj-120x150.jpg","url":"https:\/\/fjala.info\/2009-2015\/wp-content\/uploads\/2012\/02\/arben_cokaj-120x150.jpg","contentUrl":"https:\/\/fjala.info\/2009-2015\/wp-content\/uploads\/2012\/02\/arben_cokaj-120x150.jpg","caption":"admin"},"description":"Admin, Fjala e Lir\u00eb","sameAs":["https:\/\/fjala.info\/"],"url":"https:\/\/fjala.info\/2009-2015\/author\/admin\/"}]}},"_links":{"self":[{"href":"https:\/\/fjala.info\/2009-2015\/wp-json\/wp\/v2\/posts\/12111","targetHints":{"allow":["GET"]}}],"collection":[{"href":"https:\/\/fjala.info\/2009-2015\/wp-json\/wp\/v2\/posts"}],"about":[{"href":"https:\/\/fjala.info\/2009-2015\/wp-json\/wp\/v2\/types\/post"}],"author":[{"embeddable":true,"href":"https:\/\/fjala.info\/2009-2015\/wp-json\/wp\/v2\/users\/1"}],"replies":[{"embeddable":true,"href":"https:\/\/fjala.info\/2009-2015\/wp-json\/wp\/v2\/comments?post=12111"}],"version-history":[{"count":0,"href":"https:\/\/fjala.info\/2009-2015\/wp-json\/wp\/v2\/posts\/12111\/revisions"}],"wp:attachment":[{"href":"https:\/\/fjala.info\/2009-2015\/wp-json\/wp\/v2\/media?parent=12111"}],"wp:term":[{"taxonomy":"category","embeddable":true,"href":"https:\/\/fjala.info\/2009-2015\/wp-json\/wp\/v2\/categories?post=12111"},{"taxonomy":"post_tag","embeddable":true,"href":"https:\/\/fjala.info\/2009-2015\/wp-json\/wp\/v2\/tags?post=12111"}],"curies":[{"name":"wp","href":"https:\/\/api.w.org\/{rel}","templated":true}]}}