{"id":12105,"date":"2012-09-23T09:45:10","date_gmt":"2012-09-23T08:45:10","guid":{"rendered":"http:\/\/www.fjala.info\/?p=5127"},"modified":"2012-09-23T09:45:10","modified_gmt":"2012-09-23T08:45:10","slug":"nenshkruhet-pakti-i-bashkimit-kombetar","status":"publish","type":"post","link":"https:\/\/fjala.info\/2009-2015\/nenshkruhet-pakti-i-bashkimit-kombetar\/","title":{"rendered":"N\u00ebnshkruhet Pakti i Bashkimit Komb\u00ebtar"},"content":{"rendered":"<p><strong>Bota Sot<\/strong> | <em>23.09.2012<\/em><\/p>\n<p><em>N\u00ebnshkruhet Pakti i Bashkimit Komb\u00ebtar<\/em><\/p>\n<p>Nuk shuhen p\u00ebrpjekjet p\u00ebr bashkimin e trojeve shqiptare. N\u00eb kish\u00ebn e fshatit Stub\u00ebll, p\u00ebrfaq\u00ebsues t\u00eb familjeve Rugova, Jashari e Ramadani e p\u00ebrfaq\u00ebsues t\u00eb trevave shqiptare si dhe Albin Kurti, kreu i Vet\u00ebvendosjes, n\u00ebnshkruan paktin e bashkimit me rastin e 100 vjetorit t\u00eb pavar\u00ebsis\u00eb.<\/p>\n<p><img decoding=\"async\" class=\"aligncenter size-thumbnail wp-image-7236\" title=\"Pakti i bashkimit komb\u00ebtar\" src=\"http:\/\/www.fjala.info\/2012\/pakti_bashkimit_kombetar.jpg\" alt=\"\" width=\"500\" \/><\/p>\n<p>Ipeshkvi Dod\u00eb Gjergji, bekoi dhe flamurin kuq e zi. Ai n\u00eb fjalimin e tij t\u00eb gjat\u00eb tha se qendra e kombit shqiptar dhe e bashkimit komb\u00ebtar, ka qen\u00eb Kisha. P\u00ebrjashta kish\u00ebs ku u mbajt ceremonia qendrore e takimeve t\u00eb Don Mikel Tarabulluzit, shtrihet flamuri gjigant, ai i kuqezinjve t\u00eb p\u00ebrfaq\u00ebsueses shqiptare n\u00eb futboll.M\u00eb pas, n\u00eb sall\u00ebn e madhe u mbajt ora e madhe letrare ku 40 poet\u00eb dhe poetesha lexuan poezit\u00eb e tyre.Takimet e Dom Mikelit, jan\u00eb nj\u00eb manifestim i rregullt kulturor q\u00eb mbahet p\u00ebr t\u00eb 23-\u00ebn her\u00eb n\u00eb k\u00ebto treva.<\/p>\n","protected":false},"excerpt":{"rendered":"<p>Bota Sot | 23.09.2012 N\u00ebnshkruhet Pakti i Bashkimit Komb\u00ebtar Nuk shuhen p\u00ebrpjekjet p\u00ebr bashkimin e trojeve shqiptare. N\u00eb kish\u00ebn e fshatit Stub\u00ebll, p\u00ebrfaq\u00ebsues t\u00eb familjeve Rugova, Jashari e Ramadani e p\u00ebrfaq\u00ebsues t\u00eb trevave shqiptare si dhe Albin Kurti, kreu i Vet\u00ebvendosjes, n\u00ebnshkruan paktin e bashkimit me rastin e 100 vjetorit t\u00eb pavar\u00ebsis\u00eb. Ipeshkvi Dod\u00eb Gjergji, [&hellip;]<\/p>\n","protected":false},"author":1,"featured_media":0,"comment_status":"open","ping_status":"closed","sticky":false,"template":"","format":"standard","meta":{"footnotes":""},"categories":[2,5],"tags":[],"class_list":{"0":"post-12105","1":"post","2":"type-post","3":"status-publish","4":"format-standard","6":"category-artikuj","7":"category-lajme"},"yoast_head":"<!-- This site is optimized with the Yoast SEO plugin v27.4 - https:\/\/yoast.com\/product\/yoast-seo-wordpress\/ -->\n<title>N\u00ebnshkruhet Pakti i Bashkimit Komb\u00ebtar - FjALA e LIR\u00cb - Arkivi<\/title>\n<meta name=\"robots\" content=\"index, follow, max-snippet:-1, max-image-preview:large, max-video-preview:-1\" \/>\n<link rel=\"canonical\" href=\"https:\/\/fjala.info\/2009-2015\/nenshkruhet-pakti-i-bashkimit-kombetar\/\" \/>\n<meta property=\"og:locale\" content=\"sq_AL\" \/>\n<meta property=\"og:type\" content=\"article\" \/>\n<meta property=\"og:title\" content=\"N\u00ebnshkruhet Pakti i Bashkimit Komb\u00ebtar - FjALA e LIR\u00cb - Arkivi\" \/>\n<meta property=\"og:description\" content=\"Bota Sot | 23.09.2012 N\u00ebnshkruhet Pakti i Bashkimit Komb\u00ebtar Nuk shuhen p\u00ebrpjekjet p\u00ebr bashkimin e trojeve shqiptare. N\u00eb kish\u00ebn e fshatit Stub\u00ebll, p\u00ebrfaq\u00ebsues t\u00eb familjeve Rugova, Jashari e Ramadani e p\u00ebrfaq\u00ebsues t\u00eb trevave shqiptare si dhe Albin Kurti, kreu i Vet\u00ebvendosjes, n\u00ebnshkruan paktin e bashkimit me rastin e 100 vjetorit t\u00eb pavar\u00ebsis\u00eb. Ipeshkvi Dod\u00eb Gjergji, [&hellip;]\" \/>\n<meta property=\"og:url\" content=\"https:\/\/fjala.info\/2009-2015\/nenshkruhet-pakti-i-bashkimit-kombetar\/\" \/>\n<meta property=\"og:site_name\" content=\"FjALA e LIR\u00cb - Arkivi\" \/>\n<meta property=\"article:published_time\" content=\"2012-09-23T08:45:10+00:00\" \/>\n<meta property=\"og:image\" content=\"http:\/\/www.fjala.info\/2012\/pakti_bashkimit_kombetar.jpg\" \/>\n<meta name=\"author\" content=\"admin\" \/>\n<meta name=\"twitter:card\" content=\"summary_large_image\" \/>\n<meta name=\"twitter:label1\" content=\"Written by\" \/>\n\t<meta name=\"twitter:data1\" content=\"admin\" \/>\n\t<meta name=\"twitter:label2\" content=\"Est. reading time\" \/>\n\t<meta name=\"twitter:data2\" content=\"1 minute\" \/>\n<script type=\"application\/ld+json\" class=\"yoast-schema-graph\">{\"@context\":\"https:\\\/\\\/schema.org\",\"@graph\":[{\"@type\":\"Article\",\"@id\":\"https:\\\/\\\/fjala.info\\\/2009-2015\\\/nenshkruhet-pakti-i-bashkimit-kombetar\\\/#article\",\"isPartOf\":{\"@id\":\"https:\\\/\\\/fjala.info\\\/2009-2015\\\/nenshkruhet-pakti-i-bashkimit-kombetar\\\/\"},\"author\":{\"name\":\"admin\",\"@id\":\"https:\\\/\\\/fjala.info\\\/2009-2015\\\/#\\\/schema\\\/person\\\/3aa1163ef05469c496fc94e77611ada2\"},\"headline\":\"N\u00ebnshkruhet Pakti i Bashkimit Komb\u00ebtar\",\"datePublished\":\"2012-09-23T08:45:10+00:00\",\"mainEntityOfPage\":{\"@id\":\"https:\\\/\\\/fjala.info\\\/2009-2015\\\/nenshkruhet-pakti-i-bashkimit-kombetar\\\/\"},\"wordCount\":170,\"commentCount\":0,\"publisher\":{\"@id\":\"https:\\\/\\\/fjala.info\\\/2009-2015\\\/#organization\"},\"image\":{\"@id\":\"https:\\\/\\\/fjala.info\\\/2009-2015\\\/nenshkruhet-pakti-i-bashkimit-kombetar\\\/#primaryimage\"},\"thumbnailUrl\":\"http:\\\/\\\/www.fjala.info\\\/2012\\\/pakti_bashkimit_kombetar.jpg\",\"articleSection\":[\"Artikuj\",\"Lajme\"],\"inLanguage\":\"sq-AL\",\"potentialAction\":[{\"@type\":\"CommentAction\",\"name\":\"Comment\",\"target\":[\"https:\\\/\\\/fjala.info\\\/2009-2015\\\/nenshkruhet-pakti-i-bashkimit-kombetar\\\/#respond\"]}]},{\"@type\":\"WebPage\",\"@id\":\"https:\\\/\\\/fjala.info\\\/2009-2015\\\/nenshkruhet-pakti-i-bashkimit-kombetar\\\/\",\"url\":\"https:\\\/\\\/fjala.info\\\/2009-2015\\\/nenshkruhet-pakti-i-bashkimit-kombetar\\\/\",\"name\":\"N\u00ebnshkruhet Pakti i Bashkimit Komb\u00ebtar - FjALA e LIR\u00cb - Arkivi\",\"isPartOf\":{\"@id\":\"https:\\\/\\\/fjala.info\\\/2009-2015\\\/#website\"},\"primaryImageOfPage\":{\"@id\":\"https:\\\/\\\/fjala.info\\\/2009-2015\\\/nenshkruhet-pakti-i-bashkimit-kombetar\\\/#primaryimage\"},\"image\":{\"@id\":\"https:\\\/\\\/fjala.info\\\/2009-2015\\\/nenshkruhet-pakti-i-bashkimit-kombetar\\\/#primaryimage\"},\"thumbnailUrl\":\"http:\\\/\\\/www.fjala.info\\\/2012\\\/pakti_bashkimit_kombetar.jpg\",\"datePublished\":\"2012-09-23T08:45:10+00:00\",\"breadcrumb\":{\"@id\":\"https:\\\/\\\/fjala.info\\\/2009-2015\\\/nenshkruhet-pakti-i-bashkimit-kombetar\\\/#breadcrumb\"},\"inLanguage\":\"sq-AL\",\"potentialAction\":[{\"@type\":\"ReadAction\",\"target\":[\"https:\\\/\\\/fjala.info\\\/2009-2015\\\/nenshkruhet-pakti-i-bashkimit-kombetar\\\/\"]}]},{\"@type\":\"ImageObject\",\"inLanguage\":\"sq-AL\",\"@id\":\"https:\\\/\\\/fjala.info\\\/2009-2015\\\/nenshkruhet-pakti-i-bashkimit-kombetar\\\/#primaryimage\",\"url\":\"http:\\\/\\\/www.fjala.info\\\/2012\\\/pakti_bashkimit_kombetar.jpg\",\"contentUrl\":\"http:\\\/\\\/www.fjala.info\\\/2012\\\/pakti_bashkimit_kombetar.jpg\"},{\"@type\":\"BreadcrumbList\",\"@id\":\"https:\\\/\\\/fjala.info\\\/2009-2015\\\/nenshkruhet-pakti-i-bashkimit-kombetar\\\/#breadcrumb\",\"itemListElement\":[{\"@type\":\"ListItem\",\"position\":1,\"name\":\"Home\",\"item\":\"https:\\\/\\\/fjala.info\\\/2009-2015\\\/\"},{\"@type\":\"ListItem\",\"position\":2,\"name\":\"N\u00ebnshkruhet Pakti i Bashkimit Komb\u00ebtar\"}]},{\"@type\":\"WebSite\",\"@id\":\"https:\\\/\\\/fjala.info\\\/2009-2015\\\/#website\",\"url\":\"https:\\\/\\\/fjala.info\\\/2009-2015\\\/\",\"name\":\"FjALA e LIR\u00cb - Arkivi\",\"description\":\"Arkivi 2009-2015\",\"publisher\":{\"@id\":\"https:\\\/\\\/fjala.info\\\/2009-2015\\\/#organization\"},\"potentialAction\":[{\"@type\":\"SearchAction\",\"target\":{\"@type\":\"EntryPoint\",\"urlTemplate\":\"https:\\\/\\\/fjala.info\\\/2009-2015\\\/?s={search_term_string}\"},\"query-input\":{\"@type\":\"PropertyValueSpecification\",\"valueRequired\":true,\"valueName\":\"search_term_string\"}}],\"inLanguage\":\"sq-AL\"},{\"@type\":\"Organization\",\"@id\":\"https:\\\/\\\/fjala.info\\\/2009-2015\\\/#organization\",\"name\":\"FjALA e LIR\u00cb - Arkivi\",\"url\":\"https:\\\/\\\/fjala.info\\\/2009-2015\\\/\",\"logo\":{\"@type\":\"ImageObject\",\"inLanguage\":\"sq-AL\",\"@id\":\"https:\\\/\\\/fjala.info\\\/2009-2015\\\/#\\\/schema\\\/logo\\\/image\\\/\",\"url\":\"\",\"contentUrl\":\"\",\"caption\":\"FjALA e LIR\u00cb - Arkivi\"},\"image\":{\"@id\":\"https:\\\/\\\/fjala.info\\\/2009-2015\\\/#\\\/schema\\\/logo\\\/image\\\/\"}},{\"@type\":\"Person\",\"@id\":\"https:\\\/\\\/fjala.info\\\/2009-2015\\\/#\\\/schema\\\/person\\\/3aa1163ef05469c496fc94e77611ada2\",\"name\":\"admin\",\"image\":{\"@type\":\"ImageObject\",\"inLanguage\":\"sq-AL\",\"@id\":\"https:\\\/\\\/fjala.info\\\/2009-2015\\\/wp-content\\\/uploads\\\/2012\\\/02\\\/arben_cokaj-120x150.jpg\",\"url\":\"https:\\\/\\\/fjala.info\\\/2009-2015\\\/wp-content\\\/uploads\\\/2012\\\/02\\\/arben_cokaj-120x150.jpg\",\"contentUrl\":\"https:\\\/\\\/fjala.info\\\/2009-2015\\\/wp-content\\\/uploads\\\/2012\\\/02\\\/arben_cokaj-120x150.jpg\",\"caption\":\"admin\"},\"description\":\"Admin, Fjala e Lir\u00eb\",\"sameAs\":[\"https:\\\/\\\/fjala.info\\\/\"],\"url\":\"https:\\\/\\\/fjala.info\\\/2009-2015\\\/author\\\/admin\\\/\"}]}<\/script>\n<!-- \/ Yoast SEO plugin. -->","yoast_head_json":{"title":"N\u00ebnshkruhet Pakti i Bashkimit Komb\u00ebtar - FjALA e LIR\u00cb - Arkivi","robots":{"index":"index","follow":"follow","max-snippet":"max-snippet:-1","max-image-preview":"max-image-preview:large","max-video-preview":"max-video-preview:-1"},"canonical":"https:\/\/fjala.info\/2009-2015\/nenshkruhet-pakti-i-bashkimit-kombetar\/","og_locale":"sq_AL","og_type":"article","og_title":"N\u00ebnshkruhet Pakti i Bashkimit Komb\u00ebtar - FjALA e LIR\u00cb - Arkivi","og_description":"Bota Sot | 23.09.2012 N\u00ebnshkruhet Pakti i Bashkimit Komb\u00ebtar Nuk shuhen p\u00ebrpjekjet p\u00ebr bashkimin e trojeve shqiptare. N\u00eb kish\u00ebn e fshatit Stub\u00ebll, p\u00ebrfaq\u00ebsues t\u00eb familjeve Rugova, Jashari e Ramadani e p\u00ebrfaq\u00ebsues t\u00eb trevave shqiptare si dhe Albin Kurti, kreu i Vet\u00ebvendosjes, n\u00ebnshkruan paktin e bashkimit me rastin e 100 vjetorit t\u00eb pavar\u00ebsis\u00eb. Ipeshkvi Dod\u00eb Gjergji, [&hellip;]","og_url":"https:\/\/fjala.info\/2009-2015\/nenshkruhet-pakti-i-bashkimit-kombetar\/","og_site_name":"FjALA e LIR\u00cb - Arkivi","article_published_time":"2012-09-23T08:45:10+00:00","og_image":[{"url":"http:\/\/www.fjala.info\/2012\/pakti_bashkimit_kombetar.jpg","type":"","width":"","height":""}],"author":"admin","twitter_card":"summary_large_image","twitter_misc":{"Written by":"admin","Est. reading time":"1 minute"},"schema":{"@context":"https:\/\/schema.org","@graph":[{"@type":"Article","@id":"https:\/\/fjala.info\/2009-2015\/nenshkruhet-pakti-i-bashkimit-kombetar\/#article","isPartOf":{"@id":"https:\/\/fjala.info\/2009-2015\/nenshkruhet-pakti-i-bashkimit-kombetar\/"},"author":{"name":"admin","@id":"https:\/\/fjala.info\/2009-2015\/#\/schema\/person\/3aa1163ef05469c496fc94e77611ada2"},"headline":"N\u00ebnshkruhet Pakti i Bashkimit Komb\u00ebtar","datePublished":"2012-09-23T08:45:10+00:00","mainEntityOfPage":{"@id":"https:\/\/fjala.info\/2009-2015\/nenshkruhet-pakti-i-bashkimit-kombetar\/"},"wordCount":170,"commentCount":0,"publisher":{"@id":"https:\/\/fjala.info\/2009-2015\/#organization"},"image":{"@id":"https:\/\/fjala.info\/2009-2015\/nenshkruhet-pakti-i-bashkimit-kombetar\/#primaryimage"},"thumbnailUrl":"http:\/\/www.fjala.info\/2012\/pakti_bashkimit_kombetar.jpg","articleSection":["Artikuj","Lajme"],"inLanguage":"sq-AL","potentialAction":[{"@type":"CommentAction","name":"Comment","target":["https:\/\/fjala.info\/2009-2015\/nenshkruhet-pakti-i-bashkimit-kombetar\/#respond"]}]},{"@type":"WebPage","@id":"https:\/\/fjala.info\/2009-2015\/nenshkruhet-pakti-i-bashkimit-kombetar\/","url":"https:\/\/fjala.info\/2009-2015\/nenshkruhet-pakti-i-bashkimit-kombetar\/","name":"N\u00ebnshkruhet Pakti i Bashkimit Komb\u00ebtar - FjALA e LIR\u00cb - Arkivi","isPartOf":{"@id":"https:\/\/fjala.info\/2009-2015\/#website"},"primaryImageOfPage":{"@id":"https:\/\/fjala.info\/2009-2015\/nenshkruhet-pakti-i-bashkimit-kombetar\/#primaryimage"},"image":{"@id":"https:\/\/fjala.info\/2009-2015\/nenshkruhet-pakti-i-bashkimit-kombetar\/#primaryimage"},"thumbnailUrl":"http:\/\/www.fjala.info\/2012\/pakti_bashkimit_kombetar.jpg","datePublished":"2012-09-23T08:45:10+00:00","breadcrumb":{"@id":"https:\/\/fjala.info\/2009-2015\/nenshkruhet-pakti-i-bashkimit-kombetar\/#breadcrumb"},"inLanguage":"sq-AL","potentialAction":[{"@type":"ReadAction","target":["https:\/\/fjala.info\/2009-2015\/nenshkruhet-pakti-i-bashkimit-kombetar\/"]}]},{"@type":"ImageObject","inLanguage":"sq-AL","@id":"https:\/\/fjala.info\/2009-2015\/nenshkruhet-pakti-i-bashkimit-kombetar\/#primaryimage","url":"http:\/\/www.fjala.info\/2012\/pakti_bashkimit_kombetar.jpg","contentUrl":"http:\/\/www.fjala.info\/2012\/pakti_bashkimit_kombetar.jpg"},{"@type":"BreadcrumbList","@id":"https:\/\/fjala.info\/2009-2015\/nenshkruhet-pakti-i-bashkimit-kombetar\/#breadcrumb","itemListElement":[{"@type":"ListItem","position":1,"name":"Home","item":"https:\/\/fjala.info\/2009-2015\/"},{"@type":"ListItem","position":2,"name":"N\u00ebnshkruhet Pakti i Bashkimit Komb\u00ebtar"}]},{"@type":"WebSite","@id":"https:\/\/fjala.info\/2009-2015\/#website","url":"https:\/\/fjala.info\/2009-2015\/","name":"FjALA e LIR\u00cb - Arkivi","description":"Arkivi 2009-2015","publisher":{"@id":"https:\/\/fjala.info\/2009-2015\/#organization"},"potentialAction":[{"@type":"SearchAction","target":{"@type":"EntryPoint","urlTemplate":"https:\/\/fjala.info\/2009-2015\/?s={search_term_string}"},"query-input":{"@type":"PropertyValueSpecification","valueRequired":true,"valueName":"search_term_string"}}],"inLanguage":"sq-AL"},{"@type":"Organization","@id":"https:\/\/fjala.info\/2009-2015\/#organization","name":"FjALA e LIR\u00cb - Arkivi","url":"https:\/\/fjala.info\/2009-2015\/","logo":{"@type":"ImageObject","inLanguage":"sq-AL","@id":"https:\/\/fjala.info\/2009-2015\/#\/schema\/logo\/image\/","url":"","contentUrl":"","caption":"FjALA e LIR\u00cb - Arkivi"},"image":{"@id":"https:\/\/fjala.info\/2009-2015\/#\/schema\/logo\/image\/"}},{"@type":"Person","@id":"https:\/\/fjala.info\/2009-2015\/#\/schema\/person\/3aa1163ef05469c496fc94e77611ada2","name":"admin","image":{"@type":"ImageObject","inLanguage":"sq-AL","@id":"https:\/\/fjala.info\/2009-2015\/wp-content\/uploads\/2012\/02\/arben_cokaj-120x150.jpg","url":"https:\/\/fjala.info\/2009-2015\/wp-content\/uploads\/2012\/02\/arben_cokaj-120x150.jpg","contentUrl":"https:\/\/fjala.info\/2009-2015\/wp-content\/uploads\/2012\/02\/arben_cokaj-120x150.jpg","caption":"admin"},"description":"Admin, Fjala e Lir\u00eb","sameAs":["https:\/\/fjala.info\/"],"url":"https:\/\/fjala.info\/2009-2015\/author\/admin\/"}]}},"_links":{"self":[{"href":"https:\/\/fjala.info\/2009-2015\/wp-json\/wp\/v2\/posts\/12105","targetHints":{"allow":["GET"]}}],"collection":[{"href":"https:\/\/fjala.info\/2009-2015\/wp-json\/wp\/v2\/posts"}],"about":[{"href":"https:\/\/fjala.info\/2009-2015\/wp-json\/wp\/v2\/types\/post"}],"author":[{"embeddable":true,"href":"https:\/\/fjala.info\/2009-2015\/wp-json\/wp\/v2\/users\/1"}],"replies":[{"embeddable":true,"href":"https:\/\/fjala.info\/2009-2015\/wp-json\/wp\/v2\/comments?post=12105"}],"version-history":[{"count":0,"href":"https:\/\/fjala.info\/2009-2015\/wp-json\/wp\/v2\/posts\/12105\/revisions"}],"wp:attachment":[{"href":"https:\/\/fjala.info\/2009-2015\/wp-json\/wp\/v2\/media?parent=12105"}],"wp:term":[{"taxonomy":"category","embeddable":true,"href":"https:\/\/fjala.info\/2009-2015\/wp-json\/wp\/v2\/categories?post=12105"},{"taxonomy":"post_tag","embeddable":true,"href":"https:\/\/fjala.info\/2009-2015\/wp-json\/wp\/v2\/tags?post=12105"}],"curies":[{"name":"wp","href":"https:\/\/api.w.org\/{rel}","templated":true}]}}