{"id":12104,"date":"2012-09-23T08:58:49","date_gmt":"2012-09-23T07:58:49","guid":{"rendered":"http:\/\/www.fjala.info\/?p=5115"},"modified":"2012-09-23T08:58:49","modified_gmt":"2012-09-23T07:58:49","slug":"alkimia-e-mediokritetit","status":"publish","type":"post","link":"https:\/\/fjala.info\/2009-2015\/alkimia-e-mediokritetit\/","title":{"rendered":"Alkimia e mediokritetit"},"content":{"rendered":"<p><img decoding=\"async\" class=\"alignright size-thumbnail wp-image-7236\" title=\"Ermal Hasimja\" src=\"http:\/\/www.fjala.info\/2012\/ermal_hasimja.jpg\" alt=\"\" width=\"200\" \/> <strong>ERMAL HASIMJA<\/strong>, <em>21 shtator 2012<\/em><\/p>\n<p>N\u00eb Tiran\u00ebn e viteve \u201980, kur un\u00eb dhe nja 2-3 f\u00ebmij\u00eb t\u00eb tjer\u00eb ngjiteshim n\u00ebp\u00ebr sht\u00ebpit\u00eb tona me shpres\u00ebn se nuk kishte kaluar ora e shtetrrethimit prind\u00ebror, Beni na p\u00ebrsh\u00ebndeste me ndonj\u00eb t\u00eb tallur q\u00eb na therte n\u00eb shpirt. Ai e hapte orarin e loj\u00ebs dhe e mbyllte kushedi se kur, teksa ne zhyteshim n\u00eb libra me t\u00eb cil\u00ebt ai deklaronte se vlejn\u00eb vet\u00ebm p\u00ebr higjien\u00ebn vetjake (p\u00ebrkthim etik i autorit).<\/p>\n<p>Prind\u00ebrit e Benit ishin t\u00eb bindur se djali i tyre \u201cnuk mbushte\u201d dhe, gjithsesi, do t\u00eb p\u00ebrfundonte si ata. Kjo profeci vet\u00ebp\u00ebrmbush\u00ebse ushqehej nga fakti q\u00eb Beni nuk e kishte qejf shkoll\u00ebn dhe nuk ishte gj\u00eb e rrall\u00eb t\u00eb shihje \u201cpresorin\u201d e Pun\u00ebs me Dru ta ndiqte me vrap (natyrisht me dru n\u00eb dor\u00eb) n\u00ebp\u00ebr oborrin e shkoll\u00ebs. Beni i ikte gjithmon\u00eb. Ia doli me sukses t\u2019i ik\u00eb jo vet\u00ebm \u201cpresorit\u201d, por edhe shkoll\u00ebs n\u00eb p\u00ebrgjith\u00ebsi.<\/p>\n<p>P\u00ebrpara pak koh\u00ebsh e ritakoj Benin, tashm\u00eb gati 40-vje\u00e7ar, duke u sjell\u00eb n\u00eb rrug\u00ebt e Tiran\u00ebs me pun\u00eb t\u00eb vogla mbijetese. I mllefosur n\u00eb kulm dhe i bindur se meq\u00eb dal n\u00eb \u201ctelevizor\u201d duhet t\u00eb kem ndonj\u00eb far\u00eb pushteti a p\u00ebrgjegj\u00ebsie politike, shp\u00ebrthen n\u00eb ankesa p\u00ebr fatin e tij t\u00eb zi. \u201cE rregullut b\u2026 tuj ju m\u00ebr vlla. Po ne \u00e7\u2019a do ham\u00eb? Kush do na gjej\u00eb pun\u00eb?\u201d.<\/p>\n<p>Instinktivisht u p\u00ebrpoqa t\u00eb mendoj se \u00e7far\u00eb pune do t\u00eb mund t\u00eb kishte b\u00ebr\u00eb Beni i shkret\u00eb. Nuk gjeta asgj\u00eb. Nj\u00ebsoj si un\u00eb dhe t\u00eb tjer\u00ebt, Beni kishte pasur mund\u00ebsin\u00eb t\u00eb b\u00ebnte shkoll\u00eb dhe t\u00eb merrte ndonj\u00eb profesion, por t\u00eb vetmet skena q\u00eb m\u00eb kujtoheshin n\u00eb lidhje me aft\u00ebsit\u00eb e tij ishin posht\u00ebrimi i \u201cpresorit\u201d, vjedhja e pantallonave t\u00eb roj\u00ebs s\u00eb kopshtit t\u00eb lagjes dhe demonstrimi i njohurive t\u00eb karates\u00eb mbi ndonj\u00eb kalama t\u00eb pafat q\u00eb e kishte shar\u00eb kur kishte kaluar n\u00eb lagjen e tij. Natyrisht, nuk \u00ebsht\u00eb vet\u00ebm p\u00ebrgjegj\u00ebsia e Benit, por edhe e prind\u00ebrve.<\/p>\n<p>Po kush ua ka fajin atyre? Un\u00eb dhe prind\u00ebrit e mi? Disa njer\u00ebz jan\u00eb t\u00eb zot\u00ebt p\u00ebr ta hequr p\u00ebrgjegj\u00ebsin\u00eb nga Beni: Jo vet\u00ebm nga Beni 10-vje\u00e7ar, por edhe nga Beni 18-vje\u00e7ar. Nj\u00eb person q\u00eb \u00ebsht\u00eb mjaftueshm\u00ebrisht i arsyesh\u00ebm p\u00ebr t\u00eb votuar apo p\u00ebr t\u00eb mbajtur arm\u00ebt e shtetit n\u00eb dor\u00eb, por jo p\u00ebr t\u00eb marr\u00eb n\u00eb dor\u00eb fatin e tij. Natyrisht, ka plot si ai q\u00eb i zgjidhin hallet duke b\u00ebr\u00eb fushata politike dhe duke u b\u00ebr\u00eb polic\u00eb apo gj\u00ebra t\u00eb ngjashme, mir\u00ebpo ky fatkeq as k\u00ebt\u00eb nuk e b\u00ebnte dot. Jo p\u00ebr arsye etike apo morali politik, natyrisht.<\/p>\n<p>Ka plot njer\u00ebz q\u00eb nuk kan\u00eb buk\u00eb t\u00eb han\u00eb dhe vajtjen n\u00eb shkoll\u00eb e kan\u00eb luks, por a i p\u00ebrfshin kjo kategori t\u00eb gjith\u00eb?<br \/>\nJam gjendur p\u00ebrpara disa vitesh n\u00eb nj\u00eb klas\u00eb n\u00eb nj\u00eb universitet publik me rreth 10 student\u00eb, nga 96 q\u00eb kishte kursi. Tre prej tyre kishin ardhur p\u00ebr leksionin, 7 kishin ardhur p\u00ebr t\u00eb l\u00ebn\u00eb p\u00ebrshtypje t\u00eb mir\u00eb te \u201cpresori\u201d (me byrek n\u00eb dor\u00eb, se leksionet ishin t\u00eb r\u00ebnda p\u00ebr t\u2019u shtyr\u00eb that\u00eb), nd\u00ebrsa t\u00eb tjer\u00ebt e kishin gjykuar t\u00eb tep\u00ebrt mundimin dhe e kishin mbajtur frym\u00ebn te kafja p\u00ebrball\u00eb. Dhe pyetja q\u00eb t\u00eb lind \u00ebsht\u00eb mizore: P\u00ebr \u00e7far\u00eb dreqin u paguhet shkolla k\u00ebtyre parazit\u00ebve 18-22-vje\u00e7ar\u00eb? Pse duhet t\u00eb paguash taksa p\u00ebr njer\u00ebz q\u00eb hedhin n\u00eb plehra mundin dhe djers\u00ebn time? E pastaj t\u00eb vjen t\u00eb plas\u00ebsh kur ndonj\u00eb karafil q\u00eb e ke par\u00eb vet\u00ebm p\u00ebr provim, vjen e t\u00eb k\u00ebrkon llogari se qeveria nuk po i gjen pun\u00eb, edhe pasi ia kan\u00eb falur diplom\u00ebn publikisht apo privatisht.<\/p>\n<p>Ka shoq\u00ebri n\u00eb t\u00eb cilat mediokriteti p\u00ebrbuzet, ka shoq\u00ebri n\u00eb t\u00eb cilat tolerohet, por ka gjithmon\u00eb e m\u00eb tep\u00ebr shoq\u00ebri n\u00eb t\u00eb cilat p\u00ebrligjet. Shqip\u00ebria po ec\u00ebn me hapa t\u00eb sigurt drejt k\u00ebsaj rruge. Sepse mediokrit, ata q\u00eb presin t\u2019ua rregullojn\u00eb jet\u00ebn t\u00eb tjer\u00ebt, nuk jan\u00eb mall pa vler\u00eb. Ata vlejn\u00eb si dele n\u00eb koh\u00eb fushate zgjedhore. N\u00ebse n\u00eb jet\u00ebn e p\u00ebrditshme trajtohen si zgjebarak\u00eb, pabuk\u00ebs, rrjepacak\u00eb, halabak\u00eb e brek\u00ebgrisur, kur vjen fushata, ata e gjejn\u00eb veten n\u00ebp\u00ebr fjalime politike n\u00eb kategori t\u00eb nderuara si qytetar\u00eb t\u00eb ndersh\u00ebm, njer\u00ebz t\u00eb mir\u00eb e pun\u00ebtor\u00eb dhe viktima t\u00eb korrupsionit. Kjo \u00ebsht\u00eb m\u00ebnyra m\u00eb efikase p\u00ebr t\u2019i ndihmuar t\u00eb besojn\u00eb se nuk \u00ebsht\u00eb faji i tyre, por i kund\u00ebrshtarit politik.<\/p>\n<p>M\u00eb pas, ata q\u00eb nuk do t\u00eb b\u00ebhen dot polic\u00eb e doganier\u00eb, do t\u00eb kujtojn\u00eb nga fjalimet vet\u00ebm pjes\u00ebn ku u thuhet se jan\u00eb \u201cviktima\u201d t\u00eb shoq\u00ebris\u00eb, pa e vrar\u00eb mendjen se i gjith\u00eb fjalimi ka qen\u00eb mashtrim. Do t\u00eb joshet nga em\u00ebrtimet e m\u00ebsip\u00ebrme, do t\u00eb joshet nga analiza e radikal\u00ebve t\u00eb rinj t\u00eb majt\u00eb q\u00eb i thon\u00eb se fqinji i tij q\u00eb punon 24 or\u00eb n\u00eb dit\u00eb prej 30 vjet\u00ebsh dhe ka sht\u00ebpi e makin\u00eb t\u00eb bukur nuk i meriton ato, por duhet t\u2019i ndaj\u00eb m\u00eb t\u00eb. Do t\u00eb joshet edhe nga dora e ngroht\u00eb asistenciale e qeveris\u00eb q\u00eb i kujton se nuk e ka harruar at\u00eb si viktim\u00eb t\u00eb pafajshme.<\/p>\n<p>Nj\u00eb ish-student imi XY nuk ishte si ky Beni. E nisi jet\u00ebn shum\u00eb m\u00eb keq, pa nj\u00ebrin prind, n\u00eb nj\u00eb gjasme-sht\u00ebpi si kasolle, i detyruar t\u00eb punoj\u00eb p\u00ebr t\u00eb mbajtur frym\u00ebn gjall\u00eb q\u00eb f\u00ebmij\u00eb. Prindi zgjodhi ta edukoj\u00eb si zot t\u00eb vetes, dhe jo si viktim\u00eb. Djali vendosi t\u00eb ndjek\u00eb po at\u00eb rrug\u00eb edhe kur nuk ishte e detyrueshme t\u00eb bindej. Sot ai b\u00ebn krenar \u00e7do m\u00ebsues e mik q\u00eb ka pasur nderin a iluzionin ta ndihmoj\u00eb sadopak. Nj\u00eb student i till\u00eb t\u00eb b\u00ebn ta duash profesionin e pedagogut dhe t\u00eb d\u00ebshirosh ta kesh koleg. Aq sa pedagog\u00ebt jan\u00eb t\u00eb gatsh\u00ebm t\u00eb konkurrojn\u00eb me nj\u00ebri-tjetrin p\u00ebr ta ndihmuar t\u00eb gjej\u00eb pun\u00eb apo t\u00eb studioj\u00eb jasht\u00eb vendit.<\/p>\n<p>XY e di se jeta nuk \u00ebsht\u00eb parajs\u00eb, se asgj\u00eb nuk arrihet pa pun\u00eb, se fati nuk ekziston, se bota ishte k\u00ebtu p\u00ebrpara tij, prandaj nuk i ka asnj\u00eb borxh atij dhe se vet\u00ebm puna t\u00eb nxjerr n\u00eb drit\u00eb. XY \u00ebsht\u00eb pothuajse hero, por midis heroit dhe mediokrit nuk \u00ebsht\u00eb e domosdoshme t\u00eb zgjidhet nj\u00ebri apo tjetri. Mjafton nj\u00eb arsyetim i prindit fillimisht e m\u00eb pas i vet\u00eb personit mbi shanset e t\u00eb jetuarit t\u00eb nj\u00eb jete pa shkoll\u00eb, pa p\u00ebrpjekje, pa pun\u00eb.<\/p>\n<p>Disa nuk e kan\u00eb as k\u00ebt\u00eb mund\u00ebsi fillestare, por ky shkrim nuk \u00ebsht\u00eb p\u00ebr ta. Ky shkrim nuk \u00ebsht\u00eb p\u00ebr nx\u00ebn\u00ebsen rome q\u00eb i bie t\u00eb fik\u00ebt kur ngrihet n\u00eb m\u00ebsim, sepse ka tri dit\u00eb pa ngr\u00ebn\u00eb. Ky \u00ebsht\u00eb v\u00ebrtet nj\u00eb problem i shtetit dhe shoq\u00ebris\u00eb q\u00eb duhet t\u00eb siguroj\u00eb kushtin baz\u00eb t\u00eb dh\u00ebnies s\u00eb mund\u00ebsive: nj\u00eb arsim cil\u00ebsor fillor e t\u00eb mes\u00ebm. Por vuajtjet e mij\u00ebra mediok\u00ebrve e parazit\u00ebve q\u00eb kan\u00eb shp\u00ebrdoruar mund\u00ebsit\u00eb e dh\u00ebna dhe ia ngjeshin shoq\u00ebris\u00eb e shtetit fajin e pap\u00ebrgjegjshm\u00ebris\u00eb s\u00eb vet nuk mund t\u00eb jen\u00eb problem i askujt tjet\u00ebr p\u00ebrve\u00e7se i tyre. Kujtoni paradoksin interesant t\u00eb profesioneve manuale: sa shum\u00eb papun\u00ebsi n\u00eb Shqip\u00ebrin\u00eb dhe nj\u00ebkoh\u00ebsisht sa e v\u00ebshtir\u00eb t\u00eb gjesh nj\u00eb hidraulik, elektricist apo pllakashtrues t\u00eb p\u00ebrgjegjsh\u00ebm e korrekt! Jo vet\u00ebm q\u00eb mediokrit nuk jan\u00eb viktima t\u00eb shoq\u00ebris\u00eb, por shoq\u00ebria rrezikon e gjitha t\u00eb shnd\u00ebrrohet n\u00eb viktim\u00eb t\u00eb tyre me ndihm\u00ebn e alkimis\u00eb zgjedhore.<\/p>\n","protected":false},"excerpt":{"rendered":"<p>ERMAL HASIMJA, 21 shtator 2012 N\u00eb Tiran\u00ebn e viteve \u201980, kur un\u00eb dhe nja 2-3 f\u00ebmij\u00eb t\u00eb tjer\u00eb ngjiteshim n\u00ebp\u00ebr sht\u00ebpit\u00eb tona me shpres\u00ebn se nuk kishte kaluar ora e shtetrrethimit prind\u00ebror, Beni na p\u00ebrsh\u00ebndeste me ndonj\u00eb t\u00eb tallur q\u00eb na therte n\u00eb shpirt. Ai e hapte orarin e loj\u00ebs dhe e mbyllte kushedi se [&hellip;]<\/p>\n","protected":false},"author":1,"featured_media":0,"comment_status":"open","ping_status":"closed","sticky":false,"template":"","format":"standard","meta":{"footnotes":""},"categories":[2],"tags":[],"class_list":{"0":"post-12104","1":"post","2":"type-post","3":"status-publish","4":"format-standard","6":"category-artikuj"},"yoast_head":"<!-- This site is optimized with the Yoast SEO plugin v27.4 - https:\/\/yoast.com\/product\/yoast-seo-wordpress\/ -->\n<title>Alkimia e mediokritetit - FjALA e LIR\u00cb - Arkivi<\/title>\n<meta name=\"robots\" content=\"index, follow, max-snippet:-1, max-image-preview:large, max-video-preview:-1\" \/>\n<link rel=\"canonical\" href=\"https:\/\/fjala.info\/2009-2015\/alkimia-e-mediokritetit\/\" \/>\n<meta property=\"og:locale\" content=\"sq_AL\" \/>\n<meta property=\"og:type\" content=\"article\" \/>\n<meta property=\"og:title\" content=\"Alkimia e mediokritetit - FjALA e LIR\u00cb - Arkivi\" \/>\n<meta property=\"og:description\" content=\"ERMAL HASIMJA, 21 shtator 2012 N\u00eb Tiran\u00ebn e viteve \u201980, kur un\u00eb dhe nja 2-3 f\u00ebmij\u00eb t\u00eb tjer\u00eb ngjiteshim n\u00ebp\u00ebr sht\u00ebpit\u00eb tona me shpres\u00ebn se nuk kishte kaluar ora e shtetrrethimit prind\u00ebror, Beni na p\u00ebrsh\u00ebndeste me ndonj\u00eb t\u00eb tallur q\u00eb na therte n\u00eb shpirt. Ai e hapte orarin e loj\u00ebs dhe e mbyllte kushedi se [&hellip;]\" \/>\n<meta property=\"og:url\" content=\"https:\/\/fjala.info\/2009-2015\/alkimia-e-mediokritetit\/\" \/>\n<meta property=\"og:site_name\" content=\"FjALA e LIR\u00cb - Arkivi\" \/>\n<meta property=\"article:published_time\" content=\"2012-09-23T07:58:49+00:00\" \/>\n<meta property=\"og:image\" content=\"http:\/\/www.fjala.info\/2012\/ermal_hasimja.jpg\" \/>\n<meta name=\"author\" content=\"admin\" \/>\n<meta name=\"twitter:card\" content=\"summary_large_image\" \/>\n<meta name=\"twitter:label1\" content=\"Written by\" \/>\n\t<meta name=\"twitter:data1\" content=\"admin\" \/>\n\t<meta name=\"twitter:label2\" content=\"Est. reading time\" \/>\n\t<meta name=\"twitter:data2\" content=\"7 minutes\" \/>\n<script type=\"application\/ld+json\" class=\"yoast-schema-graph\">{\"@context\":\"https:\\\/\\\/schema.org\",\"@graph\":[{\"@type\":\"Article\",\"@id\":\"https:\\\/\\\/fjala.info\\\/2009-2015\\\/alkimia-e-mediokritetit\\\/#article\",\"isPartOf\":{\"@id\":\"https:\\\/\\\/fjala.info\\\/2009-2015\\\/alkimia-e-mediokritetit\\\/\"},\"author\":{\"name\":\"admin\",\"@id\":\"https:\\\/\\\/fjala.info\\\/2009-2015\\\/#\\\/schema\\\/person\\\/3aa1163ef05469c496fc94e77611ada2\"},\"headline\":\"Alkimia e mediokritetit\",\"datePublished\":\"2012-09-23T07:58:49+00:00\",\"mainEntityOfPage\":{\"@id\":\"https:\\\/\\\/fjala.info\\\/2009-2015\\\/alkimia-e-mediokritetit\\\/\"},\"wordCount\":1350,\"commentCount\":0,\"publisher\":{\"@id\":\"https:\\\/\\\/fjala.info\\\/2009-2015\\\/#organization\"},\"image\":{\"@id\":\"https:\\\/\\\/fjala.info\\\/2009-2015\\\/alkimia-e-mediokritetit\\\/#primaryimage\"},\"thumbnailUrl\":\"http:\\\/\\\/www.fjala.info\\\/2012\\\/ermal_hasimja.jpg\",\"articleSection\":[\"Artikuj\"],\"inLanguage\":\"sq-AL\",\"potentialAction\":[{\"@type\":\"CommentAction\",\"name\":\"Comment\",\"target\":[\"https:\\\/\\\/fjala.info\\\/2009-2015\\\/alkimia-e-mediokritetit\\\/#respond\"]}]},{\"@type\":\"WebPage\",\"@id\":\"https:\\\/\\\/fjala.info\\\/2009-2015\\\/alkimia-e-mediokritetit\\\/\",\"url\":\"https:\\\/\\\/fjala.info\\\/2009-2015\\\/alkimia-e-mediokritetit\\\/\",\"name\":\"Alkimia e mediokritetit - FjALA e LIR\u00cb - Arkivi\",\"isPartOf\":{\"@id\":\"https:\\\/\\\/fjala.info\\\/2009-2015\\\/#website\"},\"primaryImageOfPage\":{\"@id\":\"https:\\\/\\\/fjala.info\\\/2009-2015\\\/alkimia-e-mediokritetit\\\/#primaryimage\"},\"image\":{\"@id\":\"https:\\\/\\\/fjala.info\\\/2009-2015\\\/alkimia-e-mediokritetit\\\/#primaryimage\"},\"thumbnailUrl\":\"http:\\\/\\\/www.fjala.info\\\/2012\\\/ermal_hasimja.jpg\",\"datePublished\":\"2012-09-23T07:58:49+00:00\",\"breadcrumb\":{\"@id\":\"https:\\\/\\\/fjala.info\\\/2009-2015\\\/alkimia-e-mediokritetit\\\/#breadcrumb\"},\"inLanguage\":\"sq-AL\",\"potentialAction\":[{\"@type\":\"ReadAction\",\"target\":[\"https:\\\/\\\/fjala.info\\\/2009-2015\\\/alkimia-e-mediokritetit\\\/\"]}]},{\"@type\":\"ImageObject\",\"inLanguage\":\"sq-AL\",\"@id\":\"https:\\\/\\\/fjala.info\\\/2009-2015\\\/alkimia-e-mediokritetit\\\/#primaryimage\",\"url\":\"http:\\\/\\\/www.fjala.info\\\/2012\\\/ermal_hasimja.jpg\",\"contentUrl\":\"http:\\\/\\\/www.fjala.info\\\/2012\\\/ermal_hasimja.jpg\"},{\"@type\":\"BreadcrumbList\",\"@id\":\"https:\\\/\\\/fjala.info\\\/2009-2015\\\/alkimia-e-mediokritetit\\\/#breadcrumb\",\"itemListElement\":[{\"@type\":\"ListItem\",\"position\":1,\"name\":\"Home\",\"item\":\"https:\\\/\\\/fjala.info\\\/2009-2015\\\/\"},{\"@type\":\"ListItem\",\"position\":2,\"name\":\"Alkimia e mediokritetit\"}]},{\"@type\":\"WebSite\",\"@id\":\"https:\\\/\\\/fjala.info\\\/2009-2015\\\/#website\",\"url\":\"https:\\\/\\\/fjala.info\\\/2009-2015\\\/\",\"name\":\"FjALA e LIR\u00cb - Arkivi\",\"description\":\"Arkivi 2009-2015\",\"publisher\":{\"@id\":\"https:\\\/\\\/fjala.info\\\/2009-2015\\\/#organization\"},\"potentialAction\":[{\"@type\":\"SearchAction\",\"target\":{\"@type\":\"EntryPoint\",\"urlTemplate\":\"https:\\\/\\\/fjala.info\\\/2009-2015\\\/?s={search_term_string}\"},\"query-input\":{\"@type\":\"PropertyValueSpecification\",\"valueRequired\":true,\"valueName\":\"search_term_string\"}}],\"inLanguage\":\"sq-AL\"},{\"@type\":\"Organization\",\"@id\":\"https:\\\/\\\/fjala.info\\\/2009-2015\\\/#organization\",\"name\":\"FjALA e LIR\u00cb - Arkivi\",\"url\":\"https:\\\/\\\/fjala.info\\\/2009-2015\\\/\",\"logo\":{\"@type\":\"ImageObject\",\"inLanguage\":\"sq-AL\",\"@id\":\"https:\\\/\\\/fjala.info\\\/2009-2015\\\/#\\\/schema\\\/logo\\\/image\\\/\",\"url\":\"\",\"contentUrl\":\"\",\"caption\":\"FjALA e LIR\u00cb - Arkivi\"},\"image\":{\"@id\":\"https:\\\/\\\/fjala.info\\\/2009-2015\\\/#\\\/schema\\\/logo\\\/image\\\/\"}},{\"@type\":\"Person\",\"@id\":\"https:\\\/\\\/fjala.info\\\/2009-2015\\\/#\\\/schema\\\/person\\\/3aa1163ef05469c496fc94e77611ada2\",\"name\":\"admin\",\"image\":{\"@type\":\"ImageObject\",\"inLanguage\":\"sq-AL\",\"@id\":\"https:\\\/\\\/fjala.info\\\/2009-2015\\\/wp-content\\\/uploads\\\/2012\\\/02\\\/arben_cokaj-120x150.jpg\",\"url\":\"https:\\\/\\\/fjala.info\\\/2009-2015\\\/wp-content\\\/uploads\\\/2012\\\/02\\\/arben_cokaj-120x150.jpg\",\"contentUrl\":\"https:\\\/\\\/fjala.info\\\/2009-2015\\\/wp-content\\\/uploads\\\/2012\\\/02\\\/arben_cokaj-120x150.jpg\",\"caption\":\"admin\"},\"description\":\"Admin, Fjala e Lir\u00eb\",\"sameAs\":[\"https:\\\/\\\/fjala.info\\\/\"],\"url\":\"https:\\\/\\\/fjala.info\\\/2009-2015\\\/author\\\/admin\\\/\"}]}<\/script>\n<!-- \/ Yoast SEO plugin. -->","yoast_head_json":{"title":"Alkimia e mediokritetit - FjALA e LIR\u00cb - Arkivi","robots":{"index":"index","follow":"follow","max-snippet":"max-snippet:-1","max-image-preview":"max-image-preview:large","max-video-preview":"max-video-preview:-1"},"canonical":"https:\/\/fjala.info\/2009-2015\/alkimia-e-mediokritetit\/","og_locale":"sq_AL","og_type":"article","og_title":"Alkimia e mediokritetit - FjALA e LIR\u00cb - Arkivi","og_description":"ERMAL HASIMJA, 21 shtator 2012 N\u00eb Tiran\u00ebn e viteve \u201980, kur un\u00eb dhe nja 2-3 f\u00ebmij\u00eb t\u00eb tjer\u00eb ngjiteshim n\u00ebp\u00ebr sht\u00ebpit\u00eb tona me shpres\u00ebn se nuk kishte kaluar ora e shtetrrethimit prind\u00ebror, Beni na p\u00ebrsh\u00ebndeste me ndonj\u00eb t\u00eb tallur q\u00eb na therte n\u00eb shpirt. Ai e hapte orarin e loj\u00ebs dhe e mbyllte kushedi se [&hellip;]","og_url":"https:\/\/fjala.info\/2009-2015\/alkimia-e-mediokritetit\/","og_site_name":"FjALA e LIR\u00cb - Arkivi","article_published_time":"2012-09-23T07:58:49+00:00","og_image":[{"url":"http:\/\/www.fjala.info\/2012\/ermal_hasimja.jpg","type":"","width":"","height":""}],"author":"admin","twitter_card":"summary_large_image","twitter_misc":{"Written by":"admin","Est. reading time":"7 minutes"},"schema":{"@context":"https:\/\/schema.org","@graph":[{"@type":"Article","@id":"https:\/\/fjala.info\/2009-2015\/alkimia-e-mediokritetit\/#article","isPartOf":{"@id":"https:\/\/fjala.info\/2009-2015\/alkimia-e-mediokritetit\/"},"author":{"name":"admin","@id":"https:\/\/fjala.info\/2009-2015\/#\/schema\/person\/3aa1163ef05469c496fc94e77611ada2"},"headline":"Alkimia e mediokritetit","datePublished":"2012-09-23T07:58:49+00:00","mainEntityOfPage":{"@id":"https:\/\/fjala.info\/2009-2015\/alkimia-e-mediokritetit\/"},"wordCount":1350,"commentCount":0,"publisher":{"@id":"https:\/\/fjala.info\/2009-2015\/#organization"},"image":{"@id":"https:\/\/fjala.info\/2009-2015\/alkimia-e-mediokritetit\/#primaryimage"},"thumbnailUrl":"http:\/\/www.fjala.info\/2012\/ermal_hasimja.jpg","articleSection":["Artikuj"],"inLanguage":"sq-AL","potentialAction":[{"@type":"CommentAction","name":"Comment","target":["https:\/\/fjala.info\/2009-2015\/alkimia-e-mediokritetit\/#respond"]}]},{"@type":"WebPage","@id":"https:\/\/fjala.info\/2009-2015\/alkimia-e-mediokritetit\/","url":"https:\/\/fjala.info\/2009-2015\/alkimia-e-mediokritetit\/","name":"Alkimia e mediokritetit - FjALA e LIR\u00cb - Arkivi","isPartOf":{"@id":"https:\/\/fjala.info\/2009-2015\/#website"},"primaryImageOfPage":{"@id":"https:\/\/fjala.info\/2009-2015\/alkimia-e-mediokritetit\/#primaryimage"},"image":{"@id":"https:\/\/fjala.info\/2009-2015\/alkimia-e-mediokritetit\/#primaryimage"},"thumbnailUrl":"http:\/\/www.fjala.info\/2012\/ermal_hasimja.jpg","datePublished":"2012-09-23T07:58:49+00:00","breadcrumb":{"@id":"https:\/\/fjala.info\/2009-2015\/alkimia-e-mediokritetit\/#breadcrumb"},"inLanguage":"sq-AL","potentialAction":[{"@type":"ReadAction","target":["https:\/\/fjala.info\/2009-2015\/alkimia-e-mediokritetit\/"]}]},{"@type":"ImageObject","inLanguage":"sq-AL","@id":"https:\/\/fjala.info\/2009-2015\/alkimia-e-mediokritetit\/#primaryimage","url":"http:\/\/www.fjala.info\/2012\/ermal_hasimja.jpg","contentUrl":"http:\/\/www.fjala.info\/2012\/ermal_hasimja.jpg"},{"@type":"BreadcrumbList","@id":"https:\/\/fjala.info\/2009-2015\/alkimia-e-mediokritetit\/#breadcrumb","itemListElement":[{"@type":"ListItem","position":1,"name":"Home","item":"https:\/\/fjala.info\/2009-2015\/"},{"@type":"ListItem","position":2,"name":"Alkimia e mediokritetit"}]},{"@type":"WebSite","@id":"https:\/\/fjala.info\/2009-2015\/#website","url":"https:\/\/fjala.info\/2009-2015\/","name":"FjALA e LIR\u00cb - Arkivi","description":"Arkivi 2009-2015","publisher":{"@id":"https:\/\/fjala.info\/2009-2015\/#organization"},"potentialAction":[{"@type":"SearchAction","target":{"@type":"EntryPoint","urlTemplate":"https:\/\/fjala.info\/2009-2015\/?s={search_term_string}"},"query-input":{"@type":"PropertyValueSpecification","valueRequired":true,"valueName":"search_term_string"}}],"inLanguage":"sq-AL"},{"@type":"Organization","@id":"https:\/\/fjala.info\/2009-2015\/#organization","name":"FjALA e LIR\u00cb - Arkivi","url":"https:\/\/fjala.info\/2009-2015\/","logo":{"@type":"ImageObject","inLanguage":"sq-AL","@id":"https:\/\/fjala.info\/2009-2015\/#\/schema\/logo\/image\/","url":"","contentUrl":"","caption":"FjALA e LIR\u00cb - Arkivi"},"image":{"@id":"https:\/\/fjala.info\/2009-2015\/#\/schema\/logo\/image\/"}},{"@type":"Person","@id":"https:\/\/fjala.info\/2009-2015\/#\/schema\/person\/3aa1163ef05469c496fc94e77611ada2","name":"admin","image":{"@type":"ImageObject","inLanguage":"sq-AL","@id":"https:\/\/fjala.info\/2009-2015\/wp-content\/uploads\/2012\/02\/arben_cokaj-120x150.jpg","url":"https:\/\/fjala.info\/2009-2015\/wp-content\/uploads\/2012\/02\/arben_cokaj-120x150.jpg","contentUrl":"https:\/\/fjala.info\/2009-2015\/wp-content\/uploads\/2012\/02\/arben_cokaj-120x150.jpg","caption":"admin"},"description":"Admin, Fjala e Lir\u00eb","sameAs":["https:\/\/fjala.info\/"],"url":"https:\/\/fjala.info\/2009-2015\/author\/admin\/"}]}},"_links":{"self":[{"href":"https:\/\/fjala.info\/2009-2015\/wp-json\/wp\/v2\/posts\/12104","targetHints":{"allow":["GET"]}}],"collection":[{"href":"https:\/\/fjala.info\/2009-2015\/wp-json\/wp\/v2\/posts"}],"about":[{"href":"https:\/\/fjala.info\/2009-2015\/wp-json\/wp\/v2\/types\/post"}],"author":[{"embeddable":true,"href":"https:\/\/fjala.info\/2009-2015\/wp-json\/wp\/v2\/users\/1"}],"replies":[{"embeddable":true,"href":"https:\/\/fjala.info\/2009-2015\/wp-json\/wp\/v2\/comments?post=12104"}],"version-history":[{"count":0,"href":"https:\/\/fjala.info\/2009-2015\/wp-json\/wp\/v2\/posts\/12104\/revisions"}],"wp:attachment":[{"href":"https:\/\/fjala.info\/2009-2015\/wp-json\/wp\/v2\/media?parent=12104"}],"wp:term":[{"taxonomy":"category","embeddable":true,"href":"https:\/\/fjala.info\/2009-2015\/wp-json\/wp\/v2\/categories?post=12104"},{"taxonomy":"post_tag","embeddable":true,"href":"https:\/\/fjala.info\/2009-2015\/wp-json\/wp\/v2\/tags?post=12104"}],"curies":[{"name":"wp","href":"https:\/\/api.w.org\/{rel}","templated":true}]}}