{"id":12102,"date":"2012-09-22T20:58:09","date_gmt":"2012-09-22T19:58:09","guid":{"rendered":"http:\/\/www.fjala.info\/?p=5101"},"modified":"2012-09-22T20:58:09","modified_gmt":"2012-09-22T19:58:09","slug":"topi-berisha-halucinant-ne-ate-karrige-e-ula-une-topalli-nje-klon-dola-nga-qypi-rama-te-zbrese-nga-pema","status":"publish","type":"post","link":"https:\/\/fjala.info\/2009-2015\/topi-berisha-halucinant-ne-ate-karrige-e-ula-une-topalli-nje-klon-dola-nga-qypi-rama-te-zbrese-nga-pema\/","title":{"rendered":"Topi: Berisha halu\u00e7inant. N\u00eb at\u00eb karrige e ula un\u00eb. Topalli, nj\u00eb klon. Dola nga qypi, Rama t\u00eb zbres\u00eb nga pema"},"content":{"rendered":"<p><img decoding=\"async\" class=\"alignright size-thumbnail wp-image-7236\" title=\"Bamir Topi\" src=\"http:\/\/www.fjala.info\/2012\/bamir_topi.jpg\" alt=\"\" width=\"300\" \/> <strong>ResPublica.al<\/strong>, <em>22 shtator 2012<\/em><\/p>\n<p>N\u00eb nj\u00eb intervist\u00eb me gazetaren Ilva Tare n\u00eb Ora News, Bamir Topi b\u00ebri mbr\u00ebm\u00eb thirrje p\u00ebr rotacion politik n\u00eb Shqip\u00ebri duke akuzuar Berish\u00ebn p\u00ebr autoritariz\u00ebm, sjellje halucinante ndaj kund\u00ebrshtar\u00ebve dhe shkat\u00ebrrim t\u00eb qeverisjes p\u00ebrmes korrupsionit me pronat, me sistemin e drejt\u00ebsis\u00eb dhe shp\u00ebrblimet politike. M\u00eb posht\u00eb, disa pohime t\u00eb tij gjat\u00eb intervist\u00ebs:<\/p>\n<p>P\u00ebr Berish\u00ebn: Pas marrjes s\u00eb presidenc\u00ebs po shkojm\u00eb drejt partis\u00eb- shtet\u2026. Ai person asnj\u00ebher\u00eb nuk ka punuar p\u00ebr t\u00eb djatht\u00ebn. Ju e dini reagimin e t\u00eb persekutuarve politik\u00eb, ju e dini se \u00e7far\u00eb po ndodh me pronat\u2026. Aktualisht \u00ebsht\u00eb n\u00eb nj\u00eb status halu\u00e7inant, flet p\u00ebr\u00e7art. Kam keqardhje p\u00ebr k\u00ebt\u00eb pjes\u00eb.<\/p>\n<p>P\u00ebr PD-n\u00eb: Ka pasur nj\u00eb lloj autoritarizmi edhe gjat\u00eb koh\u00ebs q\u00eb isha atje, por asnj\u00ebher\u00eb n\u00eb k\u00ebt\u00eb shkall\u00eb. PD \u00ebsht\u00eb partia e nj\u00eb njeriu, e mbyllur, nuk ka asnj\u00eb hap\u00ebsir\u00eb demokracie. Fryma e debatit n\u00eb PD dhe e kontestimit ka qen\u00eb e pranishme, s\u00eb paku gjat\u00eb koh\u00ebs q\u00eb isha un\u00eb atje. Kam kritikuar disa ministra kur PD mori qeverisjen e vendit, ju e dini debatin e fort\u00eb p\u00ebr ministrat apatike\u2026<\/p>\n<p>P\u00ebr votat n\u00eb 2013: Un\u00eb kam qen\u00eb deputeti m\u00eb i votuar n\u00eb Tiran\u00eb me 10 mij\u00eb vota. Jam un\u00eb q\u00eb e kam ulur at\u00eb n\u00eb karrigen e kryeministrit. N\u00eb respekt t\u00eb t\u00eb gjith\u00eb demokrat\u00ebve t\u00eb asaj zone, qytetar\u00ebve t\u00eb asaj zone, q\u00eb \u00ebsht\u00eb zona m\u00eb e vjet\u00ebr e Tiran\u00ebs. Mes asaj zone \u00ebsht\u00eb sht\u00ebpia ime ku kam lindur\u2026 N\u00eb at\u00eb zon\u00eb dhe n\u00eb zona t\u00eb tjera kam pasur votat e mia, jo vet\u00ebm t\u00eb PD. Kjo do v\u00ebrtetohet n\u00eb vitin 2013<\/p>\n<p>P\u00ebr Topallin: Topalli \u00ebsht\u00eb nj\u00eb klon i zotit Berisha.<\/p>\n<p>P\u00ebr Edi Ram\u00ebn: N\u00eb sensin figurativ une sot pas nj\u00eb jave dola nga qypi por i them Ram\u00ebs t\u00eb zbres\u00eb nga pema dhe t&#8217;i lej\u00eb ciu-ciut sepse vendi ka nevoje p\u00ebr opozit\u00eb (nj\u00eb jav\u00eb m\u00eb par\u00eb n\u00eb t\u00eb nj\u00ebjtin emision Rama tha se Topi duhet t\u00eb dal\u00eb nga qypi e t\u00eb mos flas\u00eb si miza ne qyp) &#8211; <strong>A.N<\/strong>.<\/p>\n","protected":false},"excerpt":{"rendered":"<p>ResPublica.al, 22 shtator 2012 N\u00eb nj\u00eb intervist\u00eb me gazetaren Ilva Tare n\u00eb Ora News, Bamir Topi b\u00ebri mbr\u00ebm\u00eb thirrje p\u00ebr rotacion politik n\u00eb Shqip\u00ebri duke akuzuar Berish\u00ebn p\u00ebr autoritariz\u00ebm, sjellje halucinante ndaj kund\u00ebrshtar\u00ebve dhe shkat\u00ebrrim t\u00eb qeverisjes p\u00ebrmes korrupsionit me pronat, me sistemin e drejt\u00ebsis\u00eb dhe shp\u00ebrblimet politike. M\u00eb posht\u00eb, disa pohime t\u00eb tij gjat\u00eb [&hellip;]<\/p>\n","protected":false},"author":1,"featured_media":0,"comment_status":"open","ping_status":"closed","sticky":false,"template":"","format":"standard","meta":{"footnotes":""},"categories":[2],"tags":[],"class_list":{"0":"post-12102","1":"post","2":"type-post","3":"status-publish","4":"format-standard","6":"category-artikuj"},"yoast_head":"<!-- This site is optimized with the Yoast SEO plugin v27.4 - https:\/\/yoast.com\/product\/yoast-seo-wordpress\/ -->\n<title>Topi: Berisha halu\u00e7inant. N\u00eb at\u00eb karrige e ula un\u00eb. Topalli, nj\u00eb klon. Dola nga qypi, Rama t\u00eb zbres\u00eb nga pema - FjALA e LIR\u00cb - Arkivi<\/title>\n<meta name=\"robots\" content=\"index, follow, max-snippet:-1, max-image-preview:large, max-video-preview:-1\" \/>\n<link rel=\"canonical\" href=\"https:\/\/fjala.info\/2009-2015\/topi-berisha-halucinant-ne-ate-karrige-e-ula-une-topalli-nje-klon-dola-nga-qypi-rama-te-zbrese-nga-pema\/\" \/>\n<meta property=\"og:locale\" content=\"sq_AL\" \/>\n<meta property=\"og:type\" content=\"article\" \/>\n<meta property=\"og:title\" content=\"Topi: Berisha halu\u00e7inant. N\u00eb at\u00eb karrige e ula un\u00eb. Topalli, nj\u00eb klon. Dola nga qypi, Rama t\u00eb zbres\u00eb nga pema - FjALA e LIR\u00cb - Arkivi\" \/>\n<meta property=\"og:description\" content=\"ResPublica.al, 22 shtator 2012 N\u00eb nj\u00eb intervist\u00eb me gazetaren Ilva Tare n\u00eb Ora News, Bamir Topi b\u00ebri mbr\u00ebm\u00eb thirrje p\u00ebr rotacion politik n\u00eb Shqip\u00ebri duke akuzuar Berish\u00ebn p\u00ebr autoritariz\u00ebm, sjellje halucinante ndaj kund\u00ebrshtar\u00ebve dhe shkat\u00ebrrim t\u00eb qeverisjes p\u00ebrmes korrupsionit me pronat, me sistemin e drejt\u00ebsis\u00eb dhe shp\u00ebrblimet politike. M\u00eb posht\u00eb, disa pohime t\u00eb tij gjat\u00eb [&hellip;]\" \/>\n<meta property=\"og:url\" content=\"https:\/\/fjala.info\/2009-2015\/topi-berisha-halucinant-ne-ate-karrige-e-ula-une-topalli-nje-klon-dola-nga-qypi-rama-te-zbrese-nga-pema\/\" \/>\n<meta property=\"og:site_name\" content=\"FjALA e LIR\u00cb - Arkivi\" \/>\n<meta property=\"article:published_time\" content=\"2012-09-22T19:58:09+00:00\" \/>\n<meta property=\"og:image\" content=\"http:\/\/www.fjala.info\/2012\/bamir_topi.jpg\" \/>\n<meta name=\"author\" content=\"admin\" \/>\n<meta name=\"twitter:card\" content=\"summary_large_image\" \/>\n<meta name=\"twitter:label1\" content=\"Written by\" \/>\n\t<meta name=\"twitter:data1\" content=\"admin\" \/>\n\t<meta name=\"twitter:label2\" content=\"Est. reading time\" \/>\n\t<meta name=\"twitter:data2\" content=\"2 minutes\" \/>\n<script type=\"application\/ld+json\" class=\"yoast-schema-graph\">{\"@context\":\"https:\\\/\\\/schema.org\",\"@graph\":[{\"@type\":\"Article\",\"@id\":\"https:\\\/\\\/fjala.info\\\/2009-2015\\\/topi-berisha-halucinant-ne-ate-karrige-e-ula-une-topalli-nje-klon-dola-nga-qypi-rama-te-zbrese-nga-pema\\\/#article\",\"isPartOf\":{\"@id\":\"https:\\\/\\\/fjala.info\\\/2009-2015\\\/topi-berisha-halucinant-ne-ate-karrige-e-ula-une-topalli-nje-klon-dola-nga-qypi-rama-te-zbrese-nga-pema\\\/\"},\"author\":{\"name\":\"admin\",\"@id\":\"https:\\\/\\\/fjala.info\\\/2009-2015\\\/#\\\/schema\\\/person\\\/3aa1163ef05469c496fc94e77611ada2\"},\"headline\":\"Topi: Berisha halu\u00e7inant. N\u00eb at\u00eb karrige e ula un\u00eb. Topalli, nj\u00eb klon. Dola nga qypi, Rama t\u00eb zbres\u00eb nga pema\",\"datePublished\":\"2012-09-22T19:58:09+00:00\",\"mainEntityOfPage\":{\"@id\":\"https:\\\/\\\/fjala.info\\\/2009-2015\\\/topi-berisha-halucinant-ne-ate-karrige-e-ula-une-topalli-nje-klon-dola-nga-qypi-rama-te-zbrese-nga-pema\\\/\"},\"wordCount\":391,\"commentCount\":0,\"publisher\":{\"@id\":\"https:\\\/\\\/fjala.info\\\/2009-2015\\\/#organization\"},\"image\":{\"@id\":\"https:\\\/\\\/fjala.info\\\/2009-2015\\\/topi-berisha-halucinant-ne-ate-karrige-e-ula-une-topalli-nje-klon-dola-nga-qypi-rama-te-zbrese-nga-pema\\\/#primaryimage\"},\"thumbnailUrl\":\"http:\\\/\\\/www.fjala.info\\\/2012\\\/bamir_topi.jpg\",\"articleSection\":[\"Artikuj\"],\"inLanguage\":\"sq-AL\",\"potentialAction\":[{\"@type\":\"CommentAction\",\"name\":\"Comment\",\"target\":[\"https:\\\/\\\/fjala.info\\\/2009-2015\\\/topi-berisha-halucinant-ne-ate-karrige-e-ula-une-topalli-nje-klon-dola-nga-qypi-rama-te-zbrese-nga-pema\\\/#respond\"]}]},{\"@type\":\"WebPage\",\"@id\":\"https:\\\/\\\/fjala.info\\\/2009-2015\\\/topi-berisha-halucinant-ne-ate-karrige-e-ula-une-topalli-nje-klon-dola-nga-qypi-rama-te-zbrese-nga-pema\\\/\",\"url\":\"https:\\\/\\\/fjala.info\\\/2009-2015\\\/topi-berisha-halucinant-ne-ate-karrige-e-ula-une-topalli-nje-klon-dola-nga-qypi-rama-te-zbrese-nga-pema\\\/\",\"name\":\"Topi: Berisha halu\u00e7inant. N\u00eb at\u00eb karrige e ula un\u00eb. Topalli, nj\u00eb klon. Dola nga qypi, Rama t\u00eb zbres\u00eb nga pema - FjALA e LIR\u00cb - Arkivi\",\"isPartOf\":{\"@id\":\"https:\\\/\\\/fjala.info\\\/2009-2015\\\/#website\"},\"primaryImageOfPage\":{\"@id\":\"https:\\\/\\\/fjala.info\\\/2009-2015\\\/topi-berisha-halucinant-ne-ate-karrige-e-ula-une-topalli-nje-klon-dola-nga-qypi-rama-te-zbrese-nga-pema\\\/#primaryimage\"},\"image\":{\"@id\":\"https:\\\/\\\/fjala.info\\\/2009-2015\\\/topi-berisha-halucinant-ne-ate-karrige-e-ula-une-topalli-nje-klon-dola-nga-qypi-rama-te-zbrese-nga-pema\\\/#primaryimage\"},\"thumbnailUrl\":\"http:\\\/\\\/www.fjala.info\\\/2012\\\/bamir_topi.jpg\",\"datePublished\":\"2012-09-22T19:58:09+00:00\",\"breadcrumb\":{\"@id\":\"https:\\\/\\\/fjala.info\\\/2009-2015\\\/topi-berisha-halucinant-ne-ate-karrige-e-ula-une-topalli-nje-klon-dola-nga-qypi-rama-te-zbrese-nga-pema\\\/#breadcrumb\"},\"inLanguage\":\"sq-AL\",\"potentialAction\":[{\"@type\":\"ReadAction\",\"target\":[\"https:\\\/\\\/fjala.info\\\/2009-2015\\\/topi-berisha-halucinant-ne-ate-karrige-e-ula-une-topalli-nje-klon-dola-nga-qypi-rama-te-zbrese-nga-pema\\\/\"]}]},{\"@type\":\"ImageObject\",\"inLanguage\":\"sq-AL\",\"@id\":\"https:\\\/\\\/fjala.info\\\/2009-2015\\\/topi-berisha-halucinant-ne-ate-karrige-e-ula-une-topalli-nje-klon-dola-nga-qypi-rama-te-zbrese-nga-pema\\\/#primaryimage\",\"url\":\"http:\\\/\\\/www.fjala.info\\\/2012\\\/bamir_topi.jpg\",\"contentUrl\":\"http:\\\/\\\/www.fjala.info\\\/2012\\\/bamir_topi.jpg\"},{\"@type\":\"BreadcrumbList\",\"@id\":\"https:\\\/\\\/fjala.info\\\/2009-2015\\\/topi-berisha-halucinant-ne-ate-karrige-e-ula-une-topalli-nje-klon-dola-nga-qypi-rama-te-zbrese-nga-pema\\\/#breadcrumb\",\"itemListElement\":[{\"@type\":\"ListItem\",\"position\":1,\"name\":\"Home\",\"item\":\"https:\\\/\\\/fjala.info\\\/2009-2015\\\/\"},{\"@type\":\"ListItem\",\"position\":2,\"name\":\"Topi: Berisha halu\u00e7inant. N\u00eb at\u00eb karrige e ula un\u00eb. Topalli, nj\u00eb klon. Dola nga qypi, Rama t\u00eb zbres\u00eb nga pema\"}]},{\"@type\":\"WebSite\",\"@id\":\"https:\\\/\\\/fjala.info\\\/2009-2015\\\/#website\",\"url\":\"https:\\\/\\\/fjala.info\\\/2009-2015\\\/\",\"name\":\"FjALA e LIR\u00cb - Arkivi\",\"description\":\"Arkivi 2009-2015\",\"publisher\":{\"@id\":\"https:\\\/\\\/fjala.info\\\/2009-2015\\\/#organization\"},\"potentialAction\":[{\"@type\":\"SearchAction\",\"target\":{\"@type\":\"EntryPoint\",\"urlTemplate\":\"https:\\\/\\\/fjala.info\\\/2009-2015\\\/?s={search_term_string}\"},\"query-input\":{\"@type\":\"PropertyValueSpecification\",\"valueRequired\":true,\"valueName\":\"search_term_string\"}}],\"inLanguage\":\"sq-AL\"},{\"@type\":\"Organization\",\"@id\":\"https:\\\/\\\/fjala.info\\\/2009-2015\\\/#organization\",\"name\":\"FjALA e LIR\u00cb - Arkivi\",\"url\":\"https:\\\/\\\/fjala.info\\\/2009-2015\\\/\",\"logo\":{\"@type\":\"ImageObject\",\"inLanguage\":\"sq-AL\",\"@id\":\"https:\\\/\\\/fjala.info\\\/2009-2015\\\/#\\\/schema\\\/logo\\\/image\\\/\",\"url\":\"\",\"contentUrl\":\"\",\"caption\":\"FjALA e LIR\u00cb - Arkivi\"},\"image\":{\"@id\":\"https:\\\/\\\/fjala.info\\\/2009-2015\\\/#\\\/schema\\\/logo\\\/image\\\/\"}},{\"@type\":\"Person\",\"@id\":\"https:\\\/\\\/fjala.info\\\/2009-2015\\\/#\\\/schema\\\/person\\\/3aa1163ef05469c496fc94e77611ada2\",\"name\":\"admin\",\"image\":{\"@type\":\"ImageObject\",\"inLanguage\":\"sq-AL\",\"@id\":\"https:\\\/\\\/fjala.info\\\/2009-2015\\\/wp-content\\\/uploads\\\/2012\\\/02\\\/arben_cokaj-120x150.jpg\",\"url\":\"https:\\\/\\\/fjala.info\\\/2009-2015\\\/wp-content\\\/uploads\\\/2012\\\/02\\\/arben_cokaj-120x150.jpg\",\"contentUrl\":\"https:\\\/\\\/fjala.info\\\/2009-2015\\\/wp-content\\\/uploads\\\/2012\\\/02\\\/arben_cokaj-120x150.jpg\",\"caption\":\"admin\"},\"description\":\"Admin, Fjala e Lir\u00eb\",\"sameAs\":[\"https:\\\/\\\/fjala.info\\\/\"],\"url\":\"https:\\\/\\\/fjala.info\\\/2009-2015\\\/author\\\/admin\\\/\"}]}<\/script>\n<!-- \/ Yoast SEO plugin. -->","yoast_head_json":{"title":"Topi: Berisha halu\u00e7inant. N\u00eb at\u00eb karrige e ula un\u00eb. Topalli, nj\u00eb klon. Dola nga qypi, Rama t\u00eb zbres\u00eb nga pema - FjALA e LIR\u00cb - Arkivi","robots":{"index":"index","follow":"follow","max-snippet":"max-snippet:-1","max-image-preview":"max-image-preview:large","max-video-preview":"max-video-preview:-1"},"canonical":"https:\/\/fjala.info\/2009-2015\/topi-berisha-halucinant-ne-ate-karrige-e-ula-une-topalli-nje-klon-dola-nga-qypi-rama-te-zbrese-nga-pema\/","og_locale":"sq_AL","og_type":"article","og_title":"Topi: Berisha halu\u00e7inant. N\u00eb at\u00eb karrige e ula un\u00eb. Topalli, nj\u00eb klon. Dola nga qypi, Rama t\u00eb zbres\u00eb nga pema - FjALA e LIR\u00cb - Arkivi","og_description":"ResPublica.al, 22 shtator 2012 N\u00eb nj\u00eb intervist\u00eb me gazetaren Ilva Tare n\u00eb Ora News, Bamir Topi b\u00ebri mbr\u00ebm\u00eb thirrje p\u00ebr rotacion politik n\u00eb Shqip\u00ebri duke akuzuar Berish\u00ebn p\u00ebr autoritariz\u00ebm, sjellje halucinante ndaj kund\u00ebrshtar\u00ebve dhe shkat\u00ebrrim t\u00eb qeverisjes p\u00ebrmes korrupsionit me pronat, me sistemin e drejt\u00ebsis\u00eb dhe shp\u00ebrblimet politike. M\u00eb posht\u00eb, disa pohime t\u00eb tij gjat\u00eb [&hellip;]","og_url":"https:\/\/fjala.info\/2009-2015\/topi-berisha-halucinant-ne-ate-karrige-e-ula-une-topalli-nje-klon-dola-nga-qypi-rama-te-zbrese-nga-pema\/","og_site_name":"FjALA e LIR\u00cb - Arkivi","article_published_time":"2012-09-22T19:58:09+00:00","og_image":[{"url":"http:\/\/www.fjala.info\/2012\/bamir_topi.jpg","type":"","width":"","height":""}],"author":"admin","twitter_card":"summary_large_image","twitter_misc":{"Written by":"admin","Est. reading time":"2 minutes"},"schema":{"@context":"https:\/\/schema.org","@graph":[{"@type":"Article","@id":"https:\/\/fjala.info\/2009-2015\/topi-berisha-halucinant-ne-ate-karrige-e-ula-une-topalli-nje-klon-dola-nga-qypi-rama-te-zbrese-nga-pema\/#article","isPartOf":{"@id":"https:\/\/fjala.info\/2009-2015\/topi-berisha-halucinant-ne-ate-karrige-e-ula-une-topalli-nje-klon-dola-nga-qypi-rama-te-zbrese-nga-pema\/"},"author":{"name":"admin","@id":"https:\/\/fjala.info\/2009-2015\/#\/schema\/person\/3aa1163ef05469c496fc94e77611ada2"},"headline":"Topi: Berisha halu\u00e7inant. N\u00eb at\u00eb karrige e ula un\u00eb. Topalli, nj\u00eb klon. Dola nga qypi, Rama t\u00eb zbres\u00eb nga pema","datePublished":"2012-09-22T19:58:09+00:00","mainEntityOfPage":{"@id":"https:\/\/fjala.info\/2009-2015\/topi-berisha-halucinant-ne-ate-karrige-e-ula-une-topalli-nje-klon-dola-nga-qypi-rama-te-zbrese-nga-pema\/"},"wordCount":391,"commentCount":0,"publisher":{"@id":"https:\/\/fjala.info\/2009-2015\/#organization"},"image":{"@id":"https:\/\/fjala.info\/2009-2015\/topi-berisha-halucinant-ne-ate-karrige-e-ula-une-topalli-nje-klon-dola-nga-qypi-rama-te-zbrese-nga-pema\/#primaryimage"},"thumbnailUrl":"http:\/\/www.fjala.info\/2012\/bamir_topi.jpg","articleSection":["Artikuj"],"inLanguage":"sq-AL","potentialAction":[{"@type":"CommentAction","name":"Comment","target":["https:\/\/fjala.info\/2009-2015\/topi-berisha-halucinant-ne-ate-karrige-e-ula-une-topalli-nje-klon-dola-nga-qypi-rama-te-zbrese-nga-pema\/#respond"]}]},{"@type":"WebPage","@id":"https:\/\/fjala.info\/2009-2015\/topi-berisha-halucinant-ne-ate-karrige-e-ula-une-topalli-nje-klon-dola-nga-qypi-rama-te-zbrese-nga-pema\/","url":"https:\/\/fjala.info\/2009-2015\/topi-berisha-halucinant-ne-ate-karrige-e-ula-une-topalli-nje-klon-dola-nga-qypi-rama-te-zbrese-nga-pema\/","name":"Topi: Berisha halu\u00e7inant. N\u00eb at\u00eb karrige e ula un\u00eb. Topalli, nj\u00eb klon. Dola nga qypi, Rama t\u00eb zbres\u00eb nga pema - FjALA e LIR\u00cb - Arkivi","isPartOf":{"@id":"https:\/\/fjala.info\/2009-2015\/#website"},"primaryImageOfPage":{"@id":"https:\/\/fjala.info\/2009-2015\/topi-berisha-halucinant-ne-ate-karrige-e-ula-une-topalli-nje-klon-dola-nga-qypi-rama-te-zbrese-nga-pema\/#primaryimage"},"image":{"@id":"https:\/\/fjala.info\/2009-2015\/topi-berisha-halucinant-ne-ate-karrige-e-ula-une-topalli-nje-klon-dola-nga-qypi-rama-te-zbrese-nga-pema\/#primaryimage"},"thumbnailUrl":"http:\/\/www.fjala.info\/2012\/bamir_topi.jpg","datePublished":"2012-09-22T19:58:09+00:00","breadcrumb":{"@id":"https:\/\/fjala.info\/2009-2015\/topi-berisha-halucinant-ne-ate-karrige-e-ula-une-topalli-nje-klon-dola-nga-qypi-rama-te-zbrese-nga-pema\/#breadcrumb"},"inLanguage":"sq-AL","potentialAction":[{"@type":"ReadAction","target":["https:\/\/fjala.info\/2009-2015\/topi-berisha-halucinant-ne-ate-karrige-e-ula-une-topalli-nje-klon-dola-nga-qypi-rama-te-zbrese-nga-pema\/"]}]},{"@type":"ImageObject","inLanguage":"sq-AL","@id":"https:\/\/fjala.info\/2009-2015\/topi-berisha-halucinant-ne-ate-karrige-e-ula-une-topalli-nje-klon-dola-nga-qypi-rama-te-zbrese-nga-pema\/#primaryimage","url":"http:\/\/www.fjala.info\/2012\/bamir_topi.jpg","contentUrl":"http:\/\/www.fjala.info\/2012\/bamir_topi.jpg"},{"@type":"BreadcrumbList","@id":"https:\/\/fjala.info\/2009-2015\/topi-berisha-halucinant-ne-ate-karrige-e-ula-une-topalli-nje-klon-dola-nga-qypi-rama-te-zbrese-nga-pema\/#breadcrumb","itemListElement":[{"@type":"ListItem","position":1,"name":"Home","item":"https:\/\/fjala.info\/2009-2015\/"},{"@type":"ListItem","position":2,"name":"Topi: Berisha halu\u00e7inant. N\u00eb at\u00eb karrige e ula un\u00eb. Topalli, nj\u00eb klon. Dola nga qypi, Rama t\u00eb zbres\u00eb nga pema"}]},{"@type":"WebSite","@id":"https:\/\/fjala.info\/2009-2015\/#website","url":"https:\/\/fjala.info\/2009-2015\/","name":"FjALA e LIR\u00cb - Arkivi","description":"Arkivi 2009-2015","publisher":{"@id":"https:\/\/fjala.info\/2009-2015\/#organization"},"potentialAction":[{"@type":"SearchAction","target":{"@type":"EntryPoint","urlTemplate":"https:\/\/fjala.info\/2009-2015\/?s={search_term_string}"},"query-input":{"@type":"PropertyValueSpecification","valueRequired":true,"valueName":"search_term_string"}}],"inLanguage":"sq-AL"},{"@type":"Organization","@id":"https:\/\/fjala.info\/2009-2015\/#organization","name":"FjALA e LIR\u00cb - Arkivi","url":"https:\/\/fjala.info\/2009-2015\/","logo":{"@type":"ImageObject","inLanguage":"sq-AL","@id":"https:\/\/fjala.info\/2009-2015\/#\/schema\/logo\/image\/","url":"","contentUrl":"","caption":"FjALA e LIR\u00cb - Arkivi"},"image":{"@id":"https:\/\/fjala.info\/2009-2015\/#\/schema\/logo\/image\/"}},{"@type":"Person","@id":"https:\/\/fjala.info\/2009-2015\/#\/schema\/person\/3aa1163ef05469c496fc94e77611ada2","name":"admin","image":{"@type":"ImageObject","inLanguage":"sq-AL","@id":"https:\/\/fjala.info\/2009-2015\/wp-content\/uploads\/2012\/02\/arben_cokaj-120x150.jpg","url":"https:\/\/fjala.info\/2009-2015\/wp-content\/uploads\/2012\/02\/arben_cokaj-120x150.jpg","contentUrl":"https:\/\/fjala.info\/2009-2015\/wp-content\/uploads\/2012\/02\/arben_cokaj-120x150.jpg","caption":"admin"},"description":"Admin, Fjala e Lir\u00eb","sameAs":["https:\/\/fjala.info\/"],"url":"https:\/\/fjala.info\/2009-2015\/author\/admin\/"}]}},"_links":{"self":[{"href":"https:\/\/fjala.info\/2009-2015\/wp-json\/wp\/v2\/posts\/12102","targetHints":{"allow":["GET"]}}],"collection":[{"href":"https:\/\/fjala.info\/2009-2015\/wp-json\/wp\/v2\/posts"}],"about":[{"href":"https:\/\/fjala.info\/2009-2015\/wp-json\/wp\/v2\/types\/post"}],"author":[{"embeddable":true,"href":"https:\/\/fjala.info\/2009-2015\/wp-json\/wp\/v2\/users\/1"}],"replies":[{"embeddable":true,"href":"https:\/\/fjala.info\/2009-2015\/wp-json\/wp\/v2\/comments?post=12102"}],"version-history":[{"count":0,"href":"https:\/\/fjala.info\/2009-2015\/wp-json\/wp\/v2\/posts\/12102\/revisions"}],"wp:attachment":[{"href":"https:\/\/fjala.info\/2009-2015\/wp-json\/wp\/v2\/media?parent=12102"}],"wp:term":[{"taxonomy":"category","embeddable":true,"href":"https:\/\/fjala.info\/2009-2015\/wp-json\/wp\/v2\/categories?post=12102"},{"taxonomy":"post_tag","embeddable":true,"href":"https:\/\/fjala.info\/2009-2015\/wp-json\/wp\/v2\/tags?post=12102"}],"curies":[{"name":"wp","href":"https:\/\/api.w.org\/{rel}","templated":true}]}}