{"id":12101,"date":"2012-09-21T10:02:09","date_gmt":"2012-09-21T09:02:09","guid":{"rendered":"http:\/\/www.fjala.info\/?p=5078"},"modified":"2012-09-21T10:02:09","modified_gmt":"2012-09-21T09:02:09","slug":"vendesit-vendimtare","status":"publish","type":"post","link":"https:\/\/fjala.info\/2009-2015\/vendesit-vendimtare\/","title":{"rendered":"Vend\u00ebsit vendimtar\u00eb"},"content":{"rendered":"<p><img decoding=\"async\" class=\"alignright size-thumbnail wp-image-7236\" title=\"Albin Kurti\" src=\"http:\/\/www.fjala.info\/2012\/albin_kurti6.jpg\" alt=\"\" width=\"200\" \/> <strong>Albin Kurti<\/strong>, <em>21.09.2012<\/em><\/p>\n<p>Shteti duhet ta luftoj\u00eb korrupsionin. Korrupsionin e madh mund ta luftoj\u00eb vet\u00ebm shteti i fuqish\u00ebm. Sa m\u00eb i madh korrupsioni, aq m\u00eb i fuqish\u00ebm duhet t\u00eb jet\u00eb shteti n\u00eb m\u00ebnyr\u00eb q\u00eb ta mposht\u00eb korrupsionin. N\u00eb an\u00ebn tjet\u00ebr, korrupsioni i madh tashm\u00eb \u00ebsht\u00eb d\u00ebshmi q\u00eb shteti \u00ebsht\u00eb i dob\u00ebt. Duke e pasur shtetin t\u00eb dob\u00ebt, lul\u00ebzon korrupsioni.<\/p>\n<p>Duke mbetur shteti i dob\u00ebt, rritet korrupsioni dhe shteti dob\u00ebsohet edhe m\u00eb tej. Shteti i dob\u00ebt \u00ebsht\u00eb toka pjellore p\u00ebr korrupsionin q\u00eb \u00ebsht\u00eb plehu artificial p\u00ebr dob\u00ebsin\u00eb e shtetit. K\u00ebsisoj, shteti i dob\u00ebt dhe korrupsioni duket se jan\u00eb t\u00eb mb\u00ebrthyer n\u00eb nj\u00eb vorbull marramend\u00ebse, n\u00eb nj\u00eb tango vdekjeprur\u00ebse, n\u00eb t\u00eb fund t\u00eb s\u00eb cil\u00ebs vdes vet\u00ebm nj\u00ebri partner &#8211; shteti, p\u00ebr shkak t\u00eb dob\u00ebsis\u00eb s\u00eb vet q\u00eb s&#8217;i mbijeton dot.<\/p>\n<p>E, megjithat\u00eb, nuk \u00ebsht\u00eb krejt k\u00ebshtu. Sepse ka k\u00ebtu nj\u00eb faktor tjet\u00ebr shtes\u00eb q\u00eb, n\u00eb fakt, \u00ebsht\u00eb themelor. Nj\u00eb faktor q\u00eb nuk duket sepse \u00ebsht\u00eb (gjithmon\u00eb aty) dhe q\u00eb befason sepse n\u00ebnvler\u00ebsohet; nj\u00eb faktor q\u00eb shfaqet si ngjarje p\u00ebr t&#8217;u b\u00ebr\u00eb histori dhe gjurm\u00eb p\u00ebr t&#8217;u b\u00ebr\u00eb ardhm\u00ebri. \u00cbsht\u00eb ky faktori popull, faktori vend\u00ebs e vendimtar q\u00eb ngrihet dhe largon gjith\u00eb ato hedhurina me t\u00eb cilat ishte mbuluar, faktori q\u00eb nd\u00ebrhyn si e v\u00ebrteta q\u00eb vet\u00ebzbulohet dhe shpalos realitetin p\u00ebr ta ndryshuar at\u00eb edhe p\u00ebrgjithmon\u00eb, edhe p\u00ebrher\u00eb.<\/p>\n<p>Ky faktor q\u00eb nd\u00ebrhyn n\u00eb situat\u00ebn e vetes e nd\u00ebrpret tangon e vdekjes p\u00ebr t&#8217;i dh\u00ebn\u00eb jet\u00eb shoq\u00ebris\u00eb dhe qytetarit, n\u00eb sh\u00ebrbim t\u00eb t\u00eb cil\u00ebve vihet shteti i rip\u00ebrt\u00ebrir\u00eb. Mir\u00ebpo, pse dhe qysh nisi kjo tango e vdekjes? Si u mashtruam dhe \u00e7far\u00eb emri mban ky mashtrim? Cili \u00ebsht\u00eb hapi i gabuar q\u00eb b\u00ebri t\u00eb mos kuptohet n\u00ebse po vall\u00ebzojm\u00eb me nxitim drejt rr\u00ebzimit apo kemi marr\u00eb n\u00eb thua s\u00ebrish drejt rr\u00ebzimit? Pa dyshim q\u00eb b\u00ebhet fjal\u00eb p\u00ebr dy proceset themelore t\u00eb pasluft\u00ebs n\u00eb Kosov\u00eb: decentralizimin dhe privatizimin. K\u00ebto dy procese e kan\u00eb cop\u00ebtuar e rrudhur shtetin ton\u00eb.<\/p>\n<p>E kan\u00eb b\u00ebr\u00eb at\u00eb t\u00eb pafuqish\u00ebm para korrupsionit. \u00c7do vend kur \u00e7lirohet, \u00e7do shtet kur pavar\u00ebsohet, kalon n\u00ebp\u00ebr nj\u00eb faz\u00eb etatiste, n\u00ebp\u00ebr nj\u00eb faz\u00eb kur koncentrohet, konsolidohet, p\u00ebrmblidhet, p\u00ebrqendrohet dhe e merr veten. N\u00ebp\u00ebr nj\u00eb faz\u00eb t\u00eb tubimit e t\u00eb grumbullimit, t\u00eb krijimit e t\u00eb prodhimit. \u00cbsht\u00eb kjo faza e shtetnd\u00ebrtimit dhe zhvillimit. Mir\u00ebpo, n\u00eb Kosov\u00eb ka ndodhur e kund\u00ebrta: u \u00e7liruam dhe u shpall\u00ebm t\u00eb pavarur, nd\u00ebrkoh\u00eb q\u00eb u instaluan decentralizimi dhe privatizimi. K\u00ebto e b\u00ebn\u00eb sakt\u00ebsisht t\u00eb kund\u00ebrt\u00ebn: na shp\u00ebrqendruan e na shp\u00ebrndan\u00eb, na shkap\u00ebrderdh\u00ebn e na atomizuan. U nda territori e u shkri pasuria.<\/p>\n<p>U zhb\u00eb uniteti i tok\u00ebs dhe i institucioneve, u tret\u00ebn nd\u00ebrmarrjet dhe mir\u00ebqenia. M\u00eb par\u00eb se shtet, Kosova \u00ebsht\u00eb shum\u00ebsi komunash. M\u00eb par\u00eb se ekonomi, Kosova \u00ebsht\u00eb shum\u00ebsi tregtish. Para se t\u00eb mblidhen gj\u00ebrat e sendet, mblidhen njer\u00ebzit. Ata b\u00ebhen ata q\u00eb jan\u00eb &#8211; popull. Gjith\u00e7ka b\u00ebhet e mundshme p\u00ebr ta. Vullneti krijon mund\u00ebsin\u00eb. Vullneti realizon mund\u00ebsin\u00eb. Sepse vullneti \u00ebsht\u00eb vullnet i popullit.<\/p>\n","protected":false},"excerpt":{"rendered":"<p>Albin Kurti, 21.09.2012 Shteti duhet ta luftoj\u00eb korrupsionin. Korrupsionin e madh mund ta luftoj\u00eb vet\u00ebm shteti i fuqish\u00ebm. Sa m\u00eb i madh korrupsioni, aq m\u00eb i fuqish\u00ebm duhet t\u00eb jet\u00eb shteti n\u00eb m\u00ebnyr\u00eb q\u00eb ta mposht\u00eb korrupsionin. N\u00eb an\u00ebn tjet\u00ebr, korrupsioni i madh tashm\u00eb \u00ebsht\u00eb d\u00ebshmi q\u00eb shteti \u00ebsht\u00eb i dob\u00ebt. Duke e pasur shtetin [&hellip;]<\/p>\n","protected":false},"author":1,"featured_media":0,"comment_status":"open","ping_status":"closed","sticky":false,"template":"","format":"standard","meta":{"footnotes":""},"categories":[2],"tags":[],"class_list":{"0":"post-12101","1":"post","2":"type-post","3":"status-publish","4":"format-standard","6":"category-artikuj"},"yoast_head":"<!-- This site is optimized with the Yoast SEO plugin v27.4 - https:\/\/yoast.com\/product\/yoast-seo-wordpress\/ -->\n<title>Vend\u00ebsit vendimtar\u00eb - FjALA e LIR\u00cb - Arkivi<\/title>\n<meta name=\"robots\" content=\"index, follow, max-snippet:-1, max-image-preview:large, max-video-preview:-1\" \/>\n<link rel=\"canonical\" href=\"https:\/\/fjala.info\/2009-2015\/vendesit-vendimtare\/\" \/>\n<meta property=\"og:locale\" content=\"sq_AL\" \/>\n<meta property=\"og:type\" content=\"article\" \/>\n<meta property=\"og:title\" content=\"Vend\u00ebsit vendimtar\u00eb - FjALA e LIR\u00cb - Arkivi\" \/>\n<meta property=\"og:description\" content=\"Albin Kurti, 21.09.2012 Shteti duhet ta luftoj\u00eb korrupsionin. Korrupsionin e madh mund ta luftoj\u00eb vet\u00ebm shteti i fuqish\u00ebm. Sa m\u00eb i madh korrupsioni, aq m\u00eb i fuqish\u00ebm duhet t\u00eb jet\u00eb shteti n\u00eb m\u00ebnyr\u00eb q\u00eb ta mposht\u00eb korrupsionin. N\u00eb an\u00ebn tjet\u00ebr, korrupsioni i madh tashm\u00eb \u00ebsht\u00eb d\u00ebshmi q\u00eb shteti \u00ebsht\u00eb i dob\u00ebt. Duke e pasur shtetin [&hellip;]\" \/>\n<meta property=\"og:url\" content=\"https:\/\/fjala.info\/2009-2015\/vendesit-vendimtare\/\" \/>\n<meta property=\"og:site_name\" content=\"FjALA e LIR\u00cb - Arkivi\" \/>\n<meta property=\"article:published_time\" content=\"2012-09-21T09:02:09+00:00\" \/>\n<meta property=\"og:image\" content=\"http:\/\/www.fjala.info\/2012\/albin_kurti6.jpg\" \/>\n<meta name=\"author\" content=\"admin\" \/>\n<meta name=\"twitter:card\" content=\"summary_large_image\" \/>\n<meta name=\"twitter:label1\" content=\"Written by\" \/>\n\t<meta name=\"twitter:data1\" content=\"admin\" \/>\n\t<meta name=\"twitter:label2\" content=\"Est. reading time\" \/>\n\t<meta name=\"twitter:data2\" content=\"3 minutes\" \/>\n<script type=\"application\/ld+json\" class=\"yoast-schema-graph\">{\"@context\":\"https:\\\/\\\/schema.org\",\"@graph\":[{\"@type\":\"Article\",\"@id\":\"https:\\\/\\\/fjala.info\\\/2009-2015\\\/vendesit-vendimtare\\\/#article\",\"isPartOf\":{\"@id\":\"https:\\\/\\\/fjala.info\\\/2009-2015\\\/vendesit-vendimtare\\\/\"},\"author\":{\"name\":\"admin\",\"@id\":\"https:\\\/\\\/fjala.info\\\/2009-2015\\\/#\\\/schema\\\/person\\\/3aa1163ef05469c496fc94e77611ada2\"},\"headline\":\"Vend\u00ebsit vendimtar\u00eb\",\"datePublished\":\"2012-09-21T09:02:09+00:00\",\"mainEntityOfPage\":{\"@id\":\"https:\\\/\\\/fjala.info\\\/2009-2015\\\/vendesit-vendimtare\\\/\"},\"wordCount\":584,\"commentCount\":0,\"publisher\":{\"@id\":\"https:\\\/\\\/fjala.info\\\/2009-2015\\\/#organization\"},\"image\":{\"@id\":\"https:\\\/\\\/fjala.info\\\/2009-2015\\\/vendesit-vendimtare\\\/#primaryimage\"},\"thumbnailUrl\":\"http:\\\/\\\/www.fjala.info\\\/2012\\\/albin_kurti6.jpg\",\"articleSection\":[\"Artikuj\"],\"inLanguage\":\"sq-AL\",\"potentialAction\":[{\"@type\":\"CommentAction\",\"name\":\"Comment\",\"target\":[\"https:\\\/\\\/fjala.info\\\/2009-2015\\\/vendesit-vendimtare\\\/#respond\"]}]},{\"@type\":\"WebPage\",\"@id\":\"https:\\\/\\\/fjala.info\\\/2009-2015\\\/vendesit-vendimtare\\\/\",\"url\":\"https:\\\/\\\/fjala.info\\\/2009-2015\\\/vendesit-vendimtare\\\/\",\"name\":\"Vend\u00ebsit vendimtar\u00eb - FjALA e LIR\u00cb - Arkivi\",\"isPartOf\":{\"@id\":\"https:\\\/\\\/fjala.info\\\/2009-2015\\\/#website\"},\"primaryImageOfPage\":{\"@id\":\"https:\\\/\\\/fjala.info\\\/2009-2015\\\/vendesit-vendimtare\\\/#primaryimage\"},\"image\":{\"@id\":\"https:\\\/\\\/fjala.info\\\/2009-2015\\\/vendesit-vendimtare\\\/#primaryimage\"},\"thumbnailUrl\":\"http:\\\/\\\/www.fjala.info\\\/2012\\\/albin_kurti6.jpg\",\"datePublished\":\"2012-09-21T09:02:09+00:00\",\"breadcrumb\":{\"@id\":\"https:\\\/\\\/fjala.info\\\/2009-2015\\\/vendesit-vendimtare\\\/#breadcrumb\"},\"inLanguage\":\"sq-AL\",\"potentialAction\":[{\"@type\":\"ReadAction\",\"target\":[\"https:\\\/\\\/fjala.info\\\/2009-2015\\\/vendesit-vendimtare\\\/\"]}]},{\"@type\":\"ImageObject\",\"inLanguage\":\"sq-AL\",\"@id\":\"https:\\\/\\\/fjala.info\\\/2009-2015\\\/vendesit-vendimtare\\\/#primaryimage\",\"url\":\"http:\\\/\\\/www.fjala.info\\\/2012\\\/albin_kurti6.jpg\",\"contentUrl\":\"http:\\\/\\\/www.fjala.info\\\/2012\\\/albin_kurti6.jpg\"},{\"@type\":\"BreadcrumbList\",\"@id\":\"https:\\\/\\\/fjala.info\\\/2009-2015\\\/vendesit-vendimtare\\\/#breadcrumb\",\"itemListElement\":[{\"@type\":\"ListItem\",\"position\":1,\"name\":\"Home\",\"item\":\"https:\\\/\\\/fjala.info\\\/2009-2015\\\/\"},{\"@type\":\"ListItem\",\"position\":2,\"name\":\"Vend\u00ebsit vendimtar\u00eb\"}]},{\"@type\":\"WebSite\",\"@id\":\"https:\\\/\\\/fjala.info\\\/2009-2015\\\/#website\",\"url\":\"https:\\\/\\\/fjala.info\\\/2009-2015\\\/\",\"name\":\"FjALA e LIR\u00cb - Arkivi\",\"description\":\"Arkivi 2009-2015\",\"publisher\":{\"@id\":\"https:\\\/\\\/fjala.info\\\/2009-2015\\\/#organization\"},\"potentialAction\":[{\"@type\":\"SearchAction\",\"target\":{\"@type\":\"EntryPoint\",\"urlTemplate\":\"https:\\\/\\\/fjala.info\\\/2009-2015\\\/?s={search_term_string}\"},\"query-input\":{\"@type\":\"PropertyValueSpecification\",\"valueRequired\":true,\"valueName\":\"search_term_string\"}}],\"inLanguage\":\"sq-AL\"},{\"@type\":\"Organization\",\"@id\":\"https:\\\/\\\/fjala.info\\\/2009-2015\\\/#organization\",\"name\":\"FjALA e LIR\u00cb - Arkivi\",\"url\":\"https:\\\/\\\/fjala.info\\\/2009-2015\\\/\",\"logo\":{\"@type\":\"ImageObject\",\"inLanguage\":\"sq-AL\",\"@id\":\"https:\\\/\\\/fjala.info\\\/2009-2015\\\/#\\\/schema\\\/logo\\\/image\\\/\",\"url\":\"\",\"contentUrl\":\"\",\"caption\":\"FjALA e LIR\u00cb - Arkivi\"},\"image\":{\"@id\":\"https:\\\/\\\/fjala.info\\\/2009-2015\\\/#\\\/schema\\\/logo\\\/image\\\/\"}},{\"@type\":\"Person\",\"@id\":\"https:\\\/\\\/fjala.info\\\/2009-2015\\\/#\\\/schema\\\/person\\\/3aa1163ef05469c496fc94e77611ada2\",\"name\":\"admin\",\"image\":{\"@type\":\"ImageObject\",\"inLanguage\":\"sq-AL\",\"@id\":\"https:\\\/\\\/fjala.info\\\/2009-2015\\\/wp-content\\\/uploads\\\/2012\\\/02\\\/arben_cokaj-120x150.jpg\",\"url\":\"https:\\\/\\\/fjala.info\\\/2009-2015\\\/wp-content\\\/uploads\\\/2012\\\/02\\\/arben_cokaj-120x150.jpg\",\"contentUrl\":\"https:\\\/\\\/fjala.info\\\/2009-2015\\\/wp-content\\\/uploads\\\/2012\\\/02\\\/arben_cokaj-120x150.jpg\",\"caption\":\"admin\"},\"description\":\"Admin, Fjala e Lir\u00eb\",\"sameAs\":[\"https:\\\/\\\/fjala.info\\\/\"],\"url\":\"https:\\\/\\\/fjala.info\\\/2009-2015\\\/author\\\/admin\\\/\"}]}<\/script>\n<!-- \/ Yoast SEO plugin. -->","yoast_head_json":{"title":"Vend\u00ebsit vendimtar\u00eb - FjALA e LIR\u00cb - Arkivi","robots":{"index":"index","follow":"follow","max-snippet":"max-snippet:-1","max-image-preview":"max-image-preview:large","max-video-preview":"max-video-preview:-1"},"canonical":"https:\/\/fjala.info\/2009-2015\/vendesit-vendimtare\/","og_locale":"sq_AL","og_type":"article","og_title":"Vend\u00ebsit vendimtar\u00eb - FjALA e LIR\u00cb - Arkivi","og_description":"Albin Kurti, 21.09.2012 Shteti duhet ta luftoj\u00eb korrupsionin. Korrupsionin e madh mund ta luftoj\u00eb vet\u00ebm shteti i fuqish\u00ebm. Sa m\u00eb i madh korrupsioni, aq m\u00eb i fuqish\u00ebm duhet t\u00eb jet\u00eb shteti n\u00eb m\u00ebnyr\u00eb q\u00eb ta mposht\u00eb korrupsionin. N\u00eb an\u00ebn tjet\u00ebr, korrupsioni i madh tashm\u00eb \u00ebsht\u00eb d\u00ebshmi q\u00eb shteti \u00ebsht\u00eb i dob\u00ebt. Duke e pasur shtetin [&hellip;]","og_url":"https:\/\/fjala.info\/2009-2015\/vendesit-vendimtare\/","og_site_name":"FjALA e LIR\u00cb - Arkivi","article_published_time":"2012-09-21T09:02:09+00:00","og_image":[{"url":"http:\/\/www.fjala.info\/2012\/albin_kurti6.jpg","type":"","width":"","height":""}],"author":"admin","twitter_card":"summary_large_image","twitter_misc":{"Written by":"admin","Est. reading time":"3 minutes"},"schema":{"@context":"https:\/\/schema.org","@graph":[{"@type":"Article","@id":"https:\/\/fjala.info\/2009-2015\/vendesit-vendimtare\/#article","isPartOf":{"@id":"https:\/\/fjala.info\/2009-2015\/vendesit-vendimtare\/"},"author":{"name":"admin","@id":"https:\/\/fjala.info\/2009-2015\/#\/schema\/person\/3aa1163ef05469c496fc94e77611ada2"},"headline":"Vend\u00ebsit vendimtar\u00eb","datePublished":"2012-09-21T09:02:09+00:00","mainEntityOfPage":{"@id":"https:\/\/fjala.info\/2009-2015\/vendesit-vendimtare\/"},"wordCount":584,"commentCount":0,"publisher":{"@id":"https:\/\/fjala.info\/2009-2015\/#organization"},"image":{"@id":"https:\/\/fjala.info\/2009-2015\/vendesit-vendimtare\/#primaryimage"},"thumbnailUrl":"http:\/\/www.fjala.info\/2012\/albin_kurti6.jpg","articleSection":["Artikuj"],"inLanguage":"sq-AL","potentialAction":[{"@type":"CommentAction","name":"Comment","target":["https:\/\/fjala.info\/2009-2015\/vendesit-vendimtare\/#respond"]}]},{"@type":"WebPage","@id":"https:\/\/fjala.info\/2009-2015\/vendesit-vendimtare\/","url":"https:\/\/fjala.info\/2009-2015\/vendesit-vendimtare\/","name":"Vend\u00ebsit vendimtar\u00eb - FjALA e LIR\u00cb - Arkivi","isPartOf":{"@id":"https:\/\/fjala.info\/2009-2015\/#website"},"primaryImageOfPage":{"@id":"https:\/\/fjala.info\/2009-2015\/vendesit-vendimtare\/#primaryimage"},"image":{"@id":"https:\/\/fjala.info\/2009-2015\/vendesit-vendimtare\/#primaryimage"},"thumbnailUrl":"http:\/\/www.fjala.info\/2012\/albin_kurti6.jpg","datePublished":"2012-09-21T09:02:09+00:00","breadcrumb":{"@id":"https:\/\/fjala.info\/2009-2015\/vendesit-vendimtare\/#breadcrumb"},"inLanguage":"sq-AL","potentialAction":[{"@type":"ReadAction","target":["https:\/\/fjala.info\/2009-2015\/vendesit-vendimtare\/"]}]},{"@type":"ImageObject","inLanguage":"sq-AL","@id":"https:\/\/fjala.info\/2009-2015\/vendesit-vendimtare\/#primaryimage","url":"http:\/\/www.fjala.info\/2012\/albin_kurti6.jpg","contentUrl":"http:\/\/www.fjala.info\/2012\/albin_kurti6.jpg"},{"@type":"BreadcrumbList","@id":"https:\/\/fjala.info\/2009-2015\/vendesit-vendimtare\/#breadcrumb","itemListElement":[{"@type":"ListItem","position":1,"name":"Home","item":"https:\/\/fjala.info\/2009-2015\/"},{"@type":"ListItem","position":2,"name":"Vend\u00ebsit vendimtar\u00eb"}]},{"@type":"WebSite","@id":"https:\/\/fjala.info\/2009-2015\/#website","url":"https:\/\/fjala.info\/2009-2015\/","name":"FjALA e LIR\u00cb - Arkivi","description":"Arkivi 2009-2015","publisher":{"@id":"https:\/\/fjala.info\/2009-2015\/#organization"},"potentialAction":[{"@type":"SearchAction","target":{"@type":"EntryPoint","urlTemplate":"https:\/\/fjala.info\/2009-2015\/?s={search_term_string}"},"query-input":{"@type":"PropertyValueSpecification","valueRequired":true,"valueName":"search_term_string"}}],"inLanguage":"sq-AL"},{"@type":"Organization","@id":"https:\/\/fjala.info\/2009-2015\/#organization","name":"FjALA e LIR\u00cb - Arkivi","url":"https:\/\/fjala.info\/2009-2015\/","logo":{"@type":"ImageObject","inLanguage":"sq-AL","@id":"https:\/\/fjala.info\/2009-2015\/#\/schema\/logo\/image\/","url":"","contentUrl":"","caption":"FjALA e LIR\u00cb - Arkivi"},"image":{"@id":"https:\/\/fjala.info\/2009-2015\/#\/schema\/logo\/image\/"}},{"@type":"Person","@id":"https:\/\/fjala.info\/2009-2015\/#\/schema\/person\/3aa1163ef05469c496fc94e77611ada2","name":"admin","image":{"@type":"ImageObject","inLanguage":"sq-AL","@id":"https:\/\/fjala.info\/2009-2015\/wp-content\/uploads\/2012\/02\/arben_cokaj-120x150.jpg","url":"https:\/\/fjala.info\/2009-2015\/wp-content\/uploads\/2012\/02\/arben_cokaj-120x150.jpg","contentUrl":"https:\/\/fjala.info\/2009-2015\/wp-content\/uploads\/2012\/02\/arben_cokaj-120x150.jpg","caption":"admin"},"description":"Admin, Fjala e Lir\u00eb","sameAs":["https:\/\/fjala.info\/"],"url":"https:\/\/fjala.info\/2009-2015\/author\/admin\/"}]}},"_links":{"self":[{"href":"https:\/\/fjala.info\/2009-2015\/wp-json\/wp\/v2\/posts\/12101","targetHints":{"allow":["GET"]}}],"collection":[{"href":"https:\/\/fjala.info\/2009-2015\/wp-json\/wp\/v2\/posts"}],"about":[{"href":"https:\/\/fjala.info\/2009-2015\/wp-json\/wp\/v2\/types\/post"}],"author":[{"embeddable":true,"href":"https:\/\/fjala.info\/2009-2015\/wp-json\/wp\/v2\/users\/1"}],"replies":[{"embeddable":true,"href":"https:\/\/fjala.info\/2009-2015\/wp-json\/wp\/v2\/comments?post=12101"}],"version-history":[{"count":0,"href":"https:\/\/fjala.info\/2009-2015\/wp-json\/wp\/v2\/posts\/12101\/revisions"}],"wp:attachment":[{"href":"https:\/\/fjala.info\/2009-2015\/wp-json\/wp\/v2\/media?parent=12101"}],"wp:term":[{"taxonomy":"category","embeddable":true,"href":"https:\/\/fjala.info\/2009-2015\/wp-json\/wp\/v2\/categories?post=12101"},{"taxonomy":"post_tag","embeddable":true,"href":"https:\/\/fjala.info\/2009-2015\/wp-json\/wp\/v2\/tags?post=12101"}],"curies":[{"name":"wp","href":"https:\/\/api.w.org\/{rel}","templated":true}]}}