{"id":12100,"date":"2012-09-21T09:38:23","date_gmt":"2012-09-21T08:38:23","guid":{"rendered":"http:\/\/www.fjala.info\/?p=5071"},"modified":"2012-09-21T09:38:23","modified_gmt":"2012-09-21T08:38:23","slug":"gjakmarrja-si-vecori-kombetare-dhe-ngaterresa-qe-i-behet-me-hakmarrjen","status":"publish","type":"post","link":"https:\/\/fjala.info\/2009-2015\/gjakmarrja-si-vecori-kombetare-dhe-ngaterresa-qe-i-behet-me-hakmarrjen\/","title":{"rendered":"Gjakmarrja si \u201cve\u00e7ori\u201d komb\u00ebtare, dhe ngat\u00ebrresa q\u00eb i b\u00ebhet me hakmarrjen"},"content":{"rendered":"<p><img decoding=\"async\" class=\"alignleft size-thumbnail wp-image-7236\" title=\"Kull\u00eb\" src=\"http:\/\/www.fjala.info\/2012\/kulle.jpg\" alt=\"\" width=\"200\" \/> Nga <strong>Mustafa Nano<\/strong>, <em>21 shtator 2012<\/em><\/p>\n<p>Ka nj\u00eb dukuri q\u00eb na dallon m\u00eb s\u00eb pari e m\u00eb s\u00eb shumti n\u00eb Europ\u00ebn e sotme; madje, edhe n\u00eb Ballkanin e sot\u00ebm. \u00cbsht\u00eb gjakmarrja. Ekzistenca e gjakmarrjes na turp\u00ebron si shoq\u00ebri, na nxjerr n\u00eb nj\u00eb drit\u00eb t\u00eb keqe, e na b\u00ebn t\u00eb na tregojn\u00eb me gisht si shoq\u00ebri tep\u00ebr e prapambetur. Shumica e gazetar\u00ebve t\u00eb huaj q\u00eb e vizitojn\u00eb k\u00ebt\u00eb vendin ton\u00eb e zgjedhin (ende pa u nisur \u201cme sh\u00ebrbim\u201d) gjakmarrjen si \u00e7\u00ebshtjen m\u00eb t\u00eb par\u00eb, tek e cila do t\u00eb fokusohen. Jan\u00eb me qindra shkrimet q\u00eb jan\u00eb b\u00ebr\u00eb gjat\u00eb dy dekadave t\u00eb fundit n\u00eb gazetat e bot\u00ebs, n\u00eb t\u00eb cilat autor\u00ebt jan\u00eb kapur pas k\u00ebtij fenomeni, q\u00eb neve t\u00eb k\u00ebtushm\u00ebve na mban shum\u00eb larg nga moderniteti dhe atyre ua b\u00ebn Shqip\u00ebrin\u00eb tep\u00ebr mesjetare.<\/p>\n<p>N\u00eb Shqip\u00ebrin\u00eb e k\u00ebtyre koh\u00ebve, ashtu si n\u00eb Shqip\u00ebrin\u00eb e 100 viteve t\u00eb fundit, ka pasur gjithmon\u00eb ngjarje e zhvillime, p\u00ebrball\u00eb t\u00eb cilave t\u00eb tjer\u00ebt kan\u00eb mbetur t\u00eb tronditur e t\u00eb pagoj\u00eb. Por nuk besohet se mund t\u00eb ket\u00eb shock m\u00eb t\u00eb madh sesa gjakmarrja n\u00eb vitin 2012. Nd\u00ebrsa vet\u00eb ne tanim\u00eb jemi m\u00ebsuar n\u00eb nj\u00eb far\u00eb m\u00ebnyre, e nuk dim\u00eb t\u00eb shock-ohemi m\u00eb.<\/p>\n<p>Kemi ditur andej nga fillimi i viteve \u201890, kur gjakmarrja zuri t\u00eb rishfaqej pas nj\u00eb paranteze t\u00eb shkurt\u00ebr gjat\u00eb, dhe p\u00ebr shkak t\u00eb, regjimit komunist, por m\u00eb pas, n\u00ebn trysnin\u00eb e krimeve t\u00eb nj\u00ebpasnj\u00ebshme me motiv gjakmarrjen, na u b\u00eb si nj\u00eb gj\u00eb e zakont\u00eb. Sot, nj\u00eb vrasje p\u00ebr gjakmarrje nuk ka \u2018t\u00ebrheqjen\u2019 q\u00eb kish nj\u00eb dekad\u00eb m\u00eb par\u00eb. N\u00ebse n\u00eb vitin 2000 mund t\u2019i shkonte dikujt mendja p\u00ebr t\u00eb b\u00ebr\u00eb nj\u00eb protest\u00eb kund\u00ebr gjakmarrjes (kam marr\u00eb pjes\u00eb vet\u00eb n\u00eb nj\u00eb protest\u00eb t\u00eb till\u00eb n\u00eb Shkod\u00ebr), sot duket sikur s\u2019ka njeri motiv t\u00eb organizoj\u00eb protesta t\u00eb tilla.<\/p>\n<p>M\u00eb ka \u00e7uditur n\u00eb k\u00ebt\u00eb histori heshtja e politik\u00ebs p\u00ebrball\u00eb k\u00ebsaj dukurie. Gazetar\u00ebt apo intelektual\u00eb t\u00eb tjer\u00eb publik\u00eb, kush m\u00eb shum\u00eb e kush m\u00eb pak, shkruajn\u00eb her\u00eb pas here dhe e denoncojn\u00eb k\u00ebt\u00eb dukuri (vet\u00ebm gjat\u00eb dy jav\u00ebve t\u00eb fundit kan\u00eb b\u00ebr\u00eb shkrime lidhur me gjakmarrjen Elsa Ballauri, veprimtare e shoq\u00ebris\u00eb civile, Gjergj Meta, prift katolik, Fehmi Abdiu, jurist, Brizida Gjikondi, publiciste, etj.), por politikan\u00ebt nuk kan\u00eb dh\u00ebn\u00eb asnj\u00eb shenj\u00eb apo prov\u00eb se kan\u00eb qen\u00eb e jan\u00eb t\u00eb shqet\u00ebsuar prej shtrirjes s\u00eb gjakmarrjes. Merrni Kryeministrin Berisha, i cili p\u00ebr \u00e7far\u00eb nuk ka folur gjat\u00eb 22 viteve t\u00eb fundit, por nj\u00eb q\u00ebndrim lidhur me gjakmarrjen mezi ia ka nx\u00ebn\u00eb goja n\u00eb ndonj\u00eb rast.<\/p>\n<p>Dje ka qen\u00eb hera e dyt\u00eb a e tret\u00eb q\u00eb ai ka folur mbi k\u00ebt\u00eb \u00e7\u00ebshtje, dhe me siguri \u00ebsht\u00eb cytur nga presioni i Brukselit t\u00eb skandalizuar nga shtrirja e fenomenit, q\u00eb p\u00ebr eurokrat\u00ebt \u00ebsht\u00eb d\u00ebshmia m\u00eb flagrante e munges\u00ebs s\u00eb shtetit t\u00eb s\u00eb drejt\u00ebs; madje, edhe m\u00eb keq se kaq, d\u00ebshmia flagrante e munges\u00ebs s\u00eb shtetit (jo t\u00eb s\u00eb drejt\u00ebs). Ai u duk i cytur nga vrasja \u201cp\u00ebr gjakmarrje\u201d e Maries 16-vje\u00e7are nga Dukagjini, por nuk besohet se ka qen\u00eb ky krim medemek kanunor q\u00eb e ka b\u00ebr\u00eb at\u00eb t\u00eb flas\u00eb p\u00ebr gjakmarrjen. N\u00eb Shqip\u00ebri ka pasur vazhdimisht krime t\u00eb tmerrshme me motive kanunore, dhe ai nuk ka folur as si President, as si i pari i opozit\u00ebs, e tani as si Kryeminist\u00ebr.<\/p>\n<p>Por dje b\u00ebri nj\u00eb ngat\u00ebrres\u00eb si t\u00eb paq\u00ebllimshme. Nuk foli p\u00ebr gjakmarrje, por foli p\u00ebr hakmarrje. Ja pasazhi q\u00eb ka t\u00eb b\u00ebj\u00eb me k\u00ebt\u00eb argument: \u201cVrasja p\u00ebr hakmarrje do marr\u00eb nd\u00ebshkimin maksimal. Nuk shkohet p\u00ebrpara me k\u00ebt\u00eb trash\u00ebgimi thell\u00ebsisht negative. Sot, ata t\u00eb cil\u00ebt vrasin p\u00ebr hakmarrje, d\u00ebshmojn\u00eb se udh\u00ebhiqen nga demon\u00eb t\u00eb urrejtjes dhe eg\u00ebrsis\u00eb njer\u00ebzore\u201d. Dhe vet\u00ebm n\u00eb fund, ai e z\u00ebvend\u00ebson termin \u2018hakmarrje\u2019 me termin \u2018gjakmarrje\u2019: \u201cKa nj\u00eb r\u00ebnie drastike, shum\u00eb t\u00eb madhe t\u00eb vrasjeve p\u00ebr gjakmarrje\u201d.<\/p>\n<p>\u00cbsht\u00eb nj\u00eb ngat\u00ebrres\u00eb q\u00eb e b\u00ebjn\u00eb shum\u00eb vet\u00eb n\u00eb Shqip\u00ebri, por \u00ebsht\u00eb \u00e7udi q\u00eb e b\u00ebn Berisha. Hakmarrja nuk \u00ebsht\u00eb nj\u00eb \u2018tabiat\u2019 shqiptar\u00ebsh. Vrasje p\u00ebr hakmarrje b\u00ebhen kudo. Jan\u00eb t\u00eb panum\u00ebrt filmat e Hollywood-it, q\u00eb kan\u00eb p\u00ebr fabul hakmarrjen. Prandaj, fraza e Berish\u00ebs se \u201cvrasja p\u00ebr hakmarrje do marr\u00eb nd\u00ebshkimin maksimal\u201d \u00ebsht\u00eb pa kuptim. S\u00eb pari, ngaq\u00eb vrasjet p\u00ebr hakmarrje nuk jan\u00eb nj\u00eb problem n\u00eb Shqip\u00ebri; ose le t\u00eb themi q\u00eb jan\u00eb problem po aq sa jan\u00eb edhe n\u00eb nj\u00eb num\u00ebr vendesh t\u00eb tjera. S\u00eb dyti, ngaq\u00eb b\u00ebhet ajo ngat\u00ebrresa, p\u00ebr t\u00eb cil\u00ebn fola pak m\u00eb sip\u00ebr.<\/p>\n<p>Jo \u00e7do hakmarrje \u00ebsht\u00eb gjakmarrje. Nj\u00eb vrasje p\u00ebr gjakmarrje ndryshon cil\u00ebsisht nga nj\u00eb vrasje p\u00ebr hakmarrje. Ndryshon cil\u00ebsisht p\u00ebr t\u00eb pakt\u00ebn dy arsye. S\u00eb pari, nj\u00eb vrasje p\u00ebr hakmarrje b\u00ebhet, dhe historia mbyllet aty. Historia mbyllet aty jo vet\u00ebm ngaq\u00eb zgjidhjen e \u2018konfliktit\u2019 e b\u00ebn shteti; shpesh, edhe kur shteti \u201cnuk ia thot\u00eb p\u00ebr t\u00eb zgjidhur konfliktet ashtu si duhet\u201d, historia mbyllet aty n\u00eb pritje q\u00eb shteti t\u00eb veproj\u00eb ashtu si duhet.<\/p>\n<p>Nd\u00ebrsa vrasja p\u00ebr gjakmarrje \u00ebsht\u00eb ndryshe; ajo nuk mbyllet aty; ajo apelon p\u00ebr gjak tjet\u00ebr, dhe asnj\u00eb konflikt nuk lihet p\u00ebr t\u2019u zgjidhur nga shteti, edhe n\u00eb rastin kur shteti ekziston (shum\u00eb vet\u00eb jan\u00eb t\u00eb sigurt se nj\u00eb shtet i konsoliduar dhe nj\u00eb sistem funksional drejt\u00ebsie do b\u00ebjn\u00eb q\u00eb gjakmarrja t\u00eb mos ekzistoj\u00eb, por un\u00eb personalisht jam i ides\u00eb se kaq nuk mjafton; dhe kjo ka t\u00eb b\u00ebj\u00eb me dallimin e dyt\u00eb midis hakmarrjes e gjakmarrjes).<\/p>\n<p>S\u00eb dyti, vrasja p\u00ebr hakmarrje \u00ebsht\u00eb pasoj\u00eb e nj\u00eb vendimi apo vullneti individual. Nd\u00ebrsa vrasja p\u00ebr gjakmarrje kryhet nga nj\u00eb individ, por nuk \u00ebsht\u00eb tamam ky q\u00eb vendos; ky \u00ebsht\u00eb thjesht k\u00ebmb\u00ebza e nj\u00eb mekanizmi vrastar kulturor, q\u00eb ngrihet kryesisht mbi Kanunin (m\u00eb sakt\u00eb, Kanunet). N\u00eb k\u00ebt\u00eb kuptim, individi q\u00eb vret p\u00ebr gjakmarrje \u00ebsht\u00eb viktim\u00eb, gjithashtu.<\/p>\n<p>\u00cbsht\u00eb viktim\u00eb e nj\u00eb kulture t\u00eb caktuar, e mend\u00ebsive t\u00eb caktuara, e nj\u00eb morali t\u00eb caktuar publik a kolektiv, e nj\u00eb ethosi t\u00eb caktuar, t\u00eb cil\u00ebt t\u00eb shtyjn\u00eb t\u00eb marr\u00ebsh gjak, t\u00eb justifikojn\u00eb n\u00eb rastin kur ti merr gjak, madje t\u00eb nderojn\u00eb p\u00ebr vrasjen q\u00eb ti b\u00ebn, apo t\u00eb b\u00ebjn\u00eb t\u00eb ndihesh me turp n\u00eb rastin kur ti nuk e b\u00ebn at\u00eb vrasje. Gjakmarrja \u00ebsht\u00eb nj\u00eb fenomen kulturor. Nd\u00ebrsa hakmarrja \u00ebsht\u00eb nj\u00eb pulsion i eg\u00ebr human.<\/p>\n<p>P\u00ebr k\u00ebto dy arsye (ndoshta dhe t\u00eb tjera), t\u00eb b\u00ebsh dallimin mes gjakmarrjes e hakmarrjes \u00ebsht\u00eb pun\u00eb e mundim f\u00ebmij\u00ebsh, dhe \u00ebsht\u00eb bajagi e pakuptimt\u00eb t\u00eb d\u00ebgjosh Kryeministrin q\u00eb, krejt pa u menduar (apo duke e menduar mir\u00eb?) merr nj\u00ebr\u00ebn p\u00ebr tjetr\u00ebn.<\/p>\n<p><em>Shqip<\/em><\/p>\n","protected":false},"excerpt":{"rendered":"<p>Nga Mustafa Nano, 21 shtator 2012 Ka nj\u00eb dukuri q\u00eb na dallon m\u00eb s\u00eb pari e m\u00eb s\u00eb shumti n\u00eb Europ\u00ebn e sotme; madje, edhe n\u00eb Ballkanin e sot\u00ebm. \u00cbsht\u00eb gjakmarrja. Ekzistenca e gjakmarrjes na turp\u00ebron si shoq\u00ebri, na nxjerr n\u00eb nj\u00eb drit\u00eb t\u00eb keqe, e na b\u00ebn t\u00eb na tregojn\u00eb me gisht si shoq\u00ebri [&hellip;]<\/p>\n","protected":false},"author":1,"featured_media":0,"comment_status":"open","ping_status":"closed","sticky":false,"template":"","format":"standard","meta":{"footnotes":""},"categories":[2],"tags":[],"class_list":{"0":"post-12100","1":"post","2":"type-post","3":"status-publish","4":"format-standard","6":"category-artikuj"},"yoast_head":"<!-- This site is optimized with the Yoast SEO plugin v27.4 - https:\/\/yoast.com\/product\/yoast-seo-wordpress\/ -->\n<title>Gjakmarrja si \u201cve\u00e7ori\u201d komb\u00ebtare, dhe ngat\u00ebrresa q\u00eb i b\u00ebhet me hakmarrjen - FjALA e LIR\u00cb - Arkivi<\/title>\n<meta name=\"robots\" content=\"index, follow, max-snippet:-1, max-image-preview:large, max-video-preview:-1\" \/>\n<link rel=\"canonical\" href=\"https:\/\/fjala.info\/2009-2015\/gjakmarrja-si-vecori-kombetare-dhe-ngaterresa-qe-i-behet-me-hakmarrjen\/\" \/>\n<meta property=\"og:locale\" content=\"sq_AL\" \/>\n<meta property=\"og:type\" content=\"article\" \/>\n<meta property=\"og:title\" content=\"Gjakmarrja si \u201cve\u00e7ori\u201d komb\u00ebtare, dhe ngat\u00ebrresa q\u00eb i b\u00ebhet me hakmarrjen - FjALA e LIR\u00cb - Arkivi\" \/>\n<meta property=\"og:description\" content=\"Nga Mustafa Nano, 21 shtator 2012 Ka nj\u00eb dukuri q\u00eb na dallon m\u00eb s\u00eb pari e m\u00eb s\u00eb shumti n\u00eb Europ\u00ebn e sotme; madje, edhe n\u00eb Ballkanin e sot\u00ebm. \u00cbsht\u00eb gjakmarrja. Ekzistenca e gjakmarrjes na turp\u00ebron si shoq\u00ebri, na nxjerr n\u00eb nj\u00eb drit\u00eb t\u00eb keqe, e na b\u00ebn t\u00eb na tregojn\u00eb me gisht si shoq\u00ebri [&hellip;]\" \/>\n<meta property=\"og:url\" content=\"https:\/\/fjala.info\/2009-2015\/gjakmarrja-si-vecori-kombetare-dhe-ngaterresa-qe-i-behet-me-hakmarrjen\/\" \/>\n<meta property=\"og:site_name\" content=\"FjALA e LIR\u00cb - Arkivi\" \/>\n<meta property=\"article:published_time\" content=\"2012-09-21T08:38:23+00:00\" \/>\n<meta property=\"og:image\" content=\"http:\/\/www.fjala.info\/2012\/kulle.jpg\" \/>\n<meta name=\"author\" content=\"admin\" \/>\n<meta name=\"twitter:card\" content=\"summary_large_image\" \/>\n<meta name=\"twitter:label1\" content=\"Written by\" \/>\n\t<meta name=\"twitter:data1\" content=\"admin\" \/>\n\t<meta name=\"twitter:label2\" content=\"Est. reading time\" \/>\n\t<meta name=\"twitter:data2\" content=\"6 minutes\" \/>\n<script type=\"application\/ld+json\" class=\"yoast-schema-graph\">{\"@context\":\"https:\\\/\\\/schema.org\",\"@graph\":[{\"@type\":\"Article\",\"@id\":\"https:\\\/\\\/fjala.info\\\/2009-2015\\\/gjakmarrja-si-vecori-kombetare-dhe-ngaterresa-qe-i-behet-me-hakmarrjen\\\/#article\",\"isPartOf\":{\"@id\":\"https:\\\/\\\/fjala.info\\\/2009-2015\\\/gjakmarrja-si-vecori-kombetare-dhe-ngaterresa-qe-i-behet-me-hakmarrjen\\\/\"},\"author\":{\"name\":\"admin\",\"@id\":\"https:\\\/\\\/fjala.info\\\/2009-2015\\\/#\\\/schema\\\/person\\\/3aa1163ef05469c496fc94e77611ada2\"},\"headline\":\"Gjakmarrja si \u201cve\u00e7ori\u201d komb\u00ebtare, dhe ngat\u00ebrresa q\u00eb i b\u00ebhet me hakmarrjen\",\"datePublished\":\"2012-09-21T08:38:23+00:00\",\"mainEntityOfPage\":{\"@id\":\"https:\\\/\\\/fjala.info\\\/2009-2015\\\/gjakmarrja-si-vecori-kombetare-dhe-ngaterresa-qe-i-behet-me-hakmarrjen\\\/\"},\"wordCount\":1200,\"commentCount\":0,\"publisher\":{\"@id\":\"https:\\\/\\\/fjala.info\\\/2009-2015\\\/#organization\"},\"image\":{\"@id\":\"https:\\\/\\\/fjala.info\\\/2009-2015\\\/gjakmarrja-si-vecori-kombetare-dhe-ngaterresa-qe-i-behet-me-hakmarrjen\\\/#primaryimage\"},\"thumbnailUrl\":\"http:\\\/\\\/www.fjala.info\\\/2012\\\/kulle.jpg\",\"articleSection\":[\"Artikuj\"],\"inLanguage\":\"sq-AL\",\"potentialAction\":[{\"@type\":\"CommentAction\",\"name\":\"Comment\",\"target\":[\"https:\\\/\\\/fjala.info\\\/2009-2015\\\/gjakmarrja-si-vecori-kombetare-dhe-ngaterresa-qe-i-behet-me-hakmarrjen\\\/#respond\"]}]},{\"@type\":\"WebPage\",\"@id\":\"https:\\\/\\\/fjala.info\\\/2009-2015\\\/gjakmarrja-si-vecori-kombetare-dhe-ngaterresa-qe-i-behet-me-hakmarrjen\\\/\",\"url\":\"https:\\\/\\\/fjala.info\\\/2009-2015\\\/gjakmarrja-si-vecori-kombetare-dhe-ngaterresa-qe-i-behet-me-hakmarrjen\\\/\",\"name\":\"Gjakmarrja si \u201cve\u00e7ori\u201d komb\u00ebtare, dhe ngat\u00ebrresa q\u00eb i b\u00ebhet me hakmarrjen - FjALA e LIR\u00cb - Arkivi\",\"isPartOf\":{\"@id\":\"https:\\\/\\\/fjala.info\\\/2009-2015\\\/#website\"},\"primaryImageOfPage\":{\"@id\":\"https:\\\/\\\/fjala.info\\\/2009-2015\\\/gjakmarrja-si-vecori-kombetare-dhe-ngaterresa-qe-i-behet-me-hakmarrjen\\\/#primaryimage\"},\"image\":{\"@id\":\"https:\\\/\\\/fjala.info\\\/2009-2015\\\/gjakmarrja-si-vecori-kombetare-dhe-ngaterresa-qe-i-behet-me-hakmarrjen\\\/#primaryimage\"},\"thumbnailUrl\":\"http:\\\/\\\/www.fjala.info\\\/2012\\\/kulle.jpg\",\"datePublished\":\"2012-09-21T08:38:23+00:00\",\"breadcrumb\":{\"@id\":\"https:\\\/\\\/fjala.info\\\/2009-2015\\\/gjakmarrja-si-vecori-kombetare-dhe-ngaterresa-qe-i-behet-me-hakmarrjen\\\/#breadcrumb\"},\"inLanguage\":\"sq-AL\",\"potentialAction\":[{\"@type\":\"ReadAction\",\"target\":[\"https:\\\/\\\/fjala.info\\\/2009-2015\\\/gjakmarrja-si-vecori-kombetare-dhe-ngaterresa-qe-i-behet-me-hakmarrjen\\\/\"]}]},{\"@type\":\"ImageObject\",\"inLanguage\":\"sq-AL\",\"@id\":\"https:\\\/\\\/fjala.info\\\/2009-2015\\\/gjakmarrja-si-vecori-kombetare-dhe-ngaterresa-qe-i-behet-me-hakmarrjen\\\/#primaryimage\",\"url\":\"http:\\\/\\\/www.fjala.info\\\/2012\\\/kulle.jpg\",\"contentUrl\":\"http:\\\/\\\/www.fjala.info\\\/2012\\\/kulle.jpg\"},{\"@type\":\"BreadcrumbList\",\"@id\":\"https:\\\/\\\/fjala.info\\\/2009-2015\\\/gjakmarrja-si-vecori-kombetare-dhe-ngaterresa-qe-i-behet-me-hakmarrjen\\\/#breadcrumb\",\"itemListElement\":[{\"@type\":\"ListItem\",\"position\":1,\"name\":\"Home\",\"item\":\"https:\\\/\\\/fjala.info\\\/2009-2015\\\/\"},{\"@type\":\"ListItem\",\"position\":2,\"name\":\"Gjakmarrja si \u201cve\u00e7ori\u201d komb\u00ebtare, dhe ngat\u00ebrresa q\u00eb i b\u00ebhet me hakmarrjen\"}]},{\"@type\":\"WebSite\",\"@id\":\"https:\\\/\\\/fjala.info\\\/2009-2015\\\/#website\",\"url\":\"https:\\\/\\\/fjala.info\\\/2009-2015\\\/\",\"name\":\"FjALA e LIR\u00cb - Arkivi\",\"description\":\"Arkivi 2009-2015\",\"publisher\":{\"@id\":\"https:\\\/\\\/fjala.info\\\/2009-2015\\\/#organization\"},\"potentialAction\":[{\"@type\":\"SearchAction\",\"target\":{\"@type\":\"EntryPoint\",\"urlTemplate\":\"https:\\\/\\\/fjala.info\\\/2009-2015\\\/?s={search_term_string}\"},\"query-input\":{\"@type\":\"PropertyValueSpecification\",\"valueRequired\":true,\"valueName\":\"search_term_string\"}}],\"inLanguage\":\"sq-AL\"},{\"@type\":\"Organization\",\"@id\":\"https:\\\/\\\/fjala.info\\\/2009-2015\\\/#organization\",\"name\":\"FjALA e LIR\u00cb - Arkivi\",\"url\":\"https:\\\/\\\/fjala.info\\\/2009-2015\\\/\",\"logo\":{\"@type\":\"ImageObject\",\"inLanguage\":\"sq-AL\",\"@id\":\"https:\\\/\\\/fjala.info\\\/2009-2015\\\/#\\\/schema\\\/logo\\\/image\\\/\",\"url\":\"\",\"contentUrl\":\"\",\"caption\":\"FjALA e LIR\u00cb - Arkivi\"},\"image\":{\"@id\":\"https:\\\/\\\/fjala.info\\\/2009-2015\\\/#\\\/schema\\\/logo\\\/image\\\/\"}},{\"@type\":\"Person\",\"@id\":\"https:\\\/\\\/fjala.info\\\/2009-2015\\\/#\\\/schema\\\/person\\\/3aa1163ef05469c496fc94e77611ada2\",\"name\":\"admin\",\"image\":{\"@type\":\"ImageObject\",\"inLanguage\":\"sq-AL\",\"@id\":\"https:\\\/\\\/fjala.info\\\/2009-2015\\\/wp-content\\\/uploads\\\/2012\\\/02\\\/arben_cokaj-120x150.jpg\",\"url\":\"https:\\\/\\\/fjala.info\\\/2009-2015\\\/wp-content\\\/uploads\\\/2012\\\/02\\\/arben_cokaj-120x150.jpg\",\"contentUrl\":\"https:\\\/\\\/fjala.info\\\/2009-2015\\\/wp-content\\\/uploads\\\/2012\\\/02\\\/arben_cokaj-120x150.jpg\",\"caption\":\"admin\"},\"description\":\"Admin, Fjala e Lir\u00eb\",\"sameAs\":[\"https:\\\/\\\/fjala.info\\\/\"],\"url\":\"https:\\\/\\\/fjala.info\\\/2009-2015\\\/author\\\/admin\\\/\"}]}<\/script>\n<!-- \/ Yoast SEO plugin. -->","yoast_head_json":{"title":"Gjakmarrja si \u201cve\u00e7ori\u201d komb\u00ebtare, dhe ngat\u00ebrresa q\u00eb i b\u00ebhet me hakmarrjen - FjALA e LIR\u00cb - Arkivi","robots":{"index":"index","follow":"follow","max-snippet":"max-snippet:-1","max-image-preview":"max-image-preview:large","max-video-preview":"max-video-preview:-1"},"canonical":"https:\/\/fjala.info\/2009-2015\/gjakmarrja-si-vecori-kombetare-dhe-ngaterresa-qe-i-behet-me-hakmarrjen\/","og_locale":"sq_AL","og_type":"article","og_title":"Gjakmarrja si \u201cve\u00e7ori\u201d komb\u00ebtare, dhe ngat\u00ebrresa q\u00eb i b\u00ebhet me hakmarrjen - FjALA e LIR\u00cb - Arkivi","og_description":"Nga Mustafa Nano, 21 shtator 2012 Ka nj\u00eb dukuri q\u00eb na dallon m\u00eb s\u00eb pari e m\u00eb s\u00eb shumti n\u00eb Europ\u00ebn e sotme; madje, edhe n\u00eb Ballkanin e sot\u00ebm. \u00cbsht\u00eb gjakmarrja. Ekzistenca e gjakmarrjes na turp\u00ebron si shoq\u00ebri, na nxjerr n\u00eb nj\u00eb drit\u00eb t\u00eb keqe, e na b\u00ebn t\u00eb na tregojn\u00eb me gisht si shoq\u00ebri [&hellip;]","og_url":"https:\/\/fjala.info\/2009-2015\/gjakmarrja-si-vecori-kombetare-dhe-ngaterresa-qe-i-behet-me-hakmarrjen\/","og_site_name":"FjALA e LIR\u00cb - Arkivi","article_published_time":"2012-09-21T08:38:23+00:00","og_image":[{"url":"http:\/\/www.fjala.info\/2012\/kulle.jpg","type":"","width":"","height":""}],"author":"admin","twitter_card":"summary_large_image","twitter_misc":{"Written by":"admin","Est. reading time":"6 minutes"},"schema":{"@context":"https:\/\/schema.org","@graph":[{"@type":"Article","@id":"https:\/\/fjala.info\/2009-2015\/gjakmarrja-si-vecori-kombetare-dhe-ngaterresa-qe-i-behet-me-hakmarrjen\/#article","isPartOf":{"@id":"https:\/\/fjala.info\/2009-2015\/gjakmarrja-si-vecori-kombetare-dhe-ngaterresa-qe-i-behet-me-hakmarrjen\/"},"author":{"name":"admin","@id":"https:\/\/fjala.info\/2009-2015\/#\/schema\/person\/3aa1163ef05469c496fc94e77611ada2"},"headline":"Gjakmarrja si \u201cve\u00e7ori\u201d komb\u00ebtare, dhe ngat\u00ebrresa q\u00eb i b\u00ebhet me hakmarrjen","datePublished":"2012-09-21T08:38:23+00:00","mainEntityOfPage":{"@id":"https:\/\/fjala.info\/2009-2015\/gjakmarrja-si-vecori-kombetare-dhe-ngaterresa-qe-i-behet-me-hakmarrjen\/"},"wordCount":1200,"commentCount":0,"publisher":{"@id":"https:\/\/fjala.info\/2009-2015\/#organization"},"image":{"@id":"https:\/\/fjala.info\/2009-2015\/gjakmarrja-si-vecori-kombetare-dhe-ngaterresa-qe-i-behet-me-hakmarrjen\/#primaryimage"},"thumbnailUrl":"http:\/\/www.fjala.info\/2012\/kulle.jpg","articleSection":["Artikuj"],"inLanguage":"sq-AL","potentialAction":[{"@type":"CommentAction","name":"Comment","target":["https:\/\/fjala.info\/2009-2015\/gjakmarrja-si-vecori-kombetare-dhe-ngaterresa-qe-i-behet-me-hakmarrjen\/#respond"]}]},{"@type":"WebPage","@id":"https:\/\/fjala.info\/2009-2015\/gjakmarrja-si-vecori-kombetare-dhe-ngaterresa-qe-i-behet-me-hakmarrjen\/","url":"https:\/\/fjala.info\/2009-2015\/gjakmarrja-si-vecori-kombetare-dhe-ngaterresa-qe-i-behet-me-hakmarrjen\/","name":"Gjakmarrja si \u201cve\u00e7ori\u201d komb\u00ebtare, dhe ngat\u00ebrresa q\u00eb i b\u00ebhet me hakmarrjen - FjALA e LIR\u00cb - Arkivi","isPartOf":{"@id":"https:\/\/fjala.info\/2009-2015\/#website"},"primaryImageOfPage":{"@id":"https:\/\/fjala.info\/2009-2015\/gjakmarrja-si-vecori-kombetare-dhe-ngaterresa-qe-i-behet-me-hakmarrjen\/#primaryimage"},"image":{"@id":"https:\/\/fjala.info\/2009-2015\/gjakmarrja-si-vecori-kombetare-dhe-ngaterresa-qe-i-behet-me-hakmarrjen\/#primaryimage"},"thumbnailUrl":"http:\/\/www.fjala.info\/2012\/kulle.jpg","datePublished":"2012-09-21T08:38:23+00:00","breadcrumb":{"@id":"https:\/\/fjala.info\/2009-2015\/gjakmarrja-si-vecori-kombetare-dhe-ngaterresa-qe-i-behet-me-hakmarrjen\/#breadcrumb"},"inLanguage":"sq-AL","potentialAction":[{"@type":"ReadAction","target":["https:\/\/fjala.info\/2009-2015\/gjakmarrja-si-vecori-kombetare-dhe-ngaterresa-qe-i-behet-me-hakmarrjen\/"]}]},{"@type":"ImageObject","inLanguage":"sq-AL","@id":"https:\/\/fjala.info\/2009-2015\/gjakmarrja-si-vecori-kombetare-dhe-ngaterresa-qe-i-behet-me-hakmarrjen\/#primaryimage","url":"http:\/\/www.fjala.info\/2012\/kulle.jpg","contentUrl":"http:\/\/www.fjala.info\/2012\/kulle.jpg"},{"@type":"BreadcrumbList","@id":"https:\/\/fjala.info\/2009-2015\/gjakmarrja-si-vecori-kombetare-dhe-ngaterresa-qe-i-behet-me-hakmarrjen\/#breadcrumb","itemListElement":[{"@type":"ListItem","position":1,"name":"Home","item":"https:\/\/fjala.info\/2009-2015\/"},{"@type":"ListItem","position":2,"name":"Gjakmarrja si \u201cve\u00e7ori\u201d komb\u00ebtare, dhe ngat\u00ebrresa q\u00eb i b\u00ebhet me hakmarrjen"}]},{"@type":"WebSite","@id":"https:\/\/fjala.info\/2009-2015\/#website","url":"https:\/\/fjala.info\/2009-2015\/","name":"FjALA e LIR\u00cb - Arkivi","description":"Arkivi 2009-2015","publisher":{"@id":"https:\/\/fjala.info\/2009-2015\/#organization"},"potentialAction":[{"@type":"SearchAction","target":{"@type":"EntryPoint","urlTemplate":"https:\/\/fjala.info\/2009-2015\/?s={search_term_string}"},"query-input":{"@type":"PropertyValueSpecification","valueRequired":true,"valueName":"search_term_string"}}],"inLanguage":"sq-AL"},{"@type":"Organization","@id":"https:\/\/fjala.info\/2009-2015\/#organization","name":"FjALA e LIR\u00cb - Arkivi","url":"https:\/\/fjala.info\/2009-2015\/","logo":{"@type":"ImageObject","inLanguage":"sq-AL","@id":"https:\/\/fjala.info\/2009-2015\/#\/schema\/logo\/image\/","url":"","contentUrl":"","caption":"FjALA e LIR\u00cb - Arkivi"},"image":{"@id":"https:\/\/fjala.info\/2009-2015\/#\/schema\/logo\/image\/"}},{"@type":"Person","@id":"https:\/\/fjala.info\/2009-2015\/#\/schema\/person\/3aa1163ef05469c496fc94e77611ada2","name":"admin","image":{"@type":"ImageObject","inLanguage":"sq-AL","@id":"https:\/\/fjala.info\/2009-2015\/wp-content\/uploads\/2012\/02\/arben_cokaj-120x150.jpg","url":"https:\/\/fjala.info\/2009-2015\/wp-content\/uploads\/2012\/02\/arben_cokaj-120x150.jpg","contentUrl":"https:\/\/fjala.info\/2009-2015\/wp-content\/uploads\/2012\/02\/arben_cokaj-120x150.jpg","caption":"admin"},"description":"Admin, Fjala e Lir\u00eb","sameAs":["https:\/\/fjala.info\/"],"url":"https:\/\/fjala.info\/2009-2015\/author\/admin\/"}]}},"_links":{"self":[{"href":"https:\/\/fjala.info\/2009-2015\/wp-json\/wp\/v2\/posts\/12100","targetHints":{"allow":["GET"]}}],"collection":[{"href":"https:\/\/fjala.info\/2009-2015\/wp-json\/wp\/v2\/posts"}],"about":[{"href":"https:\/\/fjala.info\/2009-2015\/wp-json\/wp\/v2\/types\/post"}],"author":[{"embeddable":true,"href":"https:\/\/fjala.info\/2009-2015\/wp-json\/wp\/v2\/users\/1"}],"replies":[{"embeddable":true,"href":"https:\/\/fjala.info\/2009-2015\/wp-json\/wp\/v2\/comments?post=12100"}],"version-history":[{"count":0,"href":"https:\/\/fjala.info\/2009-2015\/wp-json\/wp\/v2\/posts\/12100\/revisions"}],"wp:attachment":[{"href":"https:\/\/fjala.info\/2009-2015\/wp-json\/wp\/v2\/media?parent=12100"}],"wp:term":[{"taxonomy":"category","embeddable":true,"href":"https:\/\/fjala.info\/2009-2015\/wp-json\/wp\/v2\/categories?post=12100"},{"taxonomy":"post_tag","embeddable":true,"href":"https:\/\/fjala.info\/2009-2015\/wp-json\/wp\/v2\/tags?post=12100"}],"curies":[{"name":"wp","href":"https:\/\/api.w.org\/{rel}","templated":true}]}}