{"id":12095,"date":"2012-09-15T16:53:12","date_gmt":"2012-09-15T15:53:12","guid":{"rendered":"http:\/\/www.fjala.info\/?p=5007"},"modified":"2012-09-15T16:53:12","modified_gmt":"2012-09-15T15:53:12","slug":"duam-qeverine-e-flamur-nokes","status":"publish","type":"post","link":"https:\/\/fjala.info\/2009-2015\/duam-qeverine-e-flamur-nokes\/","title":{"rendered":"Duam qeverin\u00eb e Flamur Nok\u00ebs"},"content":{"rendered":"<p><img decoding=\"async\" class=\"alignright size-thumbnail wp-image-7236\" title=\"Anila Basha\" src=\"http:\/\/www.fjala.info\/2012\/anila_basha.jpg\" alt=\"\" width=\"150\" \/> Analiz\u00eb nga <strong>ANILA BASHA <\/strong><\/p>\n<p>Po, po. Duam qeverin\u00eb e Flamur Nok\u00ebs. Si n\u00eb nj\u00eb or\u00eb leksioni t\u00eb para 13 vjet\u00ebve kur isha auditoreve t\u00eb fakultetit t\u00eb gazetaris\u00eb, k\u00ebt\u00eb fakt m\u2019a konfirmoi edhe deputeti i PD, Mark Marku disa jav\u00eb m\u00eb par\u00eb, (ndjes\u00eb past\u00eb mandati i deputetit se Marku me sh\u00ebndet \u00ebsht\u00eb shum\u00eb mir\u00eb dhe n\u00eb form\u00eb p\u00ebr t\u00eb b\u00ebr\u00eb platform\u00ebn). Nuk kishte shum\u00eb nevoj\u00eb t\u00eb na e thoshte nj\u00eb deputet i PD se cili ishte qeveritari q\u00eb u vendos n\u00eb krye t\u00eb strukturave t\u00eb Ministris\u00eb s\u00eb Brendshme.<\/p>\n<p>T\u00eb jemi t\u00eb qart\u00eb q\u00eb n\u00eb fillim: nj\u00eb ish-student q\u00eb e filloi fakultetin e Mjek\u00ebsis\u00eb n\u00eb vitin 1991 dhe q\u00eb i p\u00ebrfundoi studimet e larta me gjith\u00eb specializim n\u00eb vitin 2007, pra plot pas 16 vet\u00ebsh, nuk mund t\u2019ia b\u00ebj\u00eb rrupsup krimit n\u00eb Shqip\u00ebri. Sepse nuk kishte vullnet, ndoshta edhe p\u00ebr shkak t\u00eb impenjimeve t\u00eb veta, t\u00eb mbaronte studimet e larta t\u00eb mjek\u00ebsis\u00eb, dhe jo m\u00eb, t\u2019i jap\u00eb fund nj\u00eb varg \u00e7\u00ebshtjesh e konfliktesh t\u00eb hapura varf\u00ebrie, urrejtjeje, hakmarrjeje, shkeljeje t\u00eb ligjit, konfliktesh, \u00e7\u00ebshtje vije uji, \u00e7\u00ebshtje xhelozie, \u00e7\u00ebshtje vunerab\u00ebl, nga kurvlliku deri te krimi i organizuar.<\/p>\n<p>E pra, k\u00ebt\u00eb lloj ministri e k\u00ebt\u00eb lloj drejtimi t\u00eb ministris\u00eb s\u00eb brendshme pranuan gjith\u00eb shqiptar\u00ebt. T\u00eb cil\u00ebt u tall\u00ebn e me shpoti n\u00eb tavolina politikan\u00ebsh e polic\u00ebsh, tregonin barcaleta p\u00ebr figur\u00ebn e Flamur Nok\u00ebs. Po Flamur Noka, \u00ebsht\u00eb heroi i luft\u00ebs s\u00eb heshtur me t\u00eb gjith\u00eb ata q\u00eb e anatemuan, apo viktima e radh\u00ebs e nj\u00eb regjimi prej t\u00eb cilit krimi nuk ka m\u00eb frik\u00eb? M\u00eb duket m\u00eb shum\u00eb si nj\u00eb viktim\u00eb, q\u00eb u gjend n\u00eb vendin e gabuar, n\u00eb momentin e gabuar, i paaft\u00eb t\u00eb marr\u00eb vendime e p\u00ebr m\u00eb tep\u00ebr, i paaft\u00eb t\u00eb kund\u00ebrshtoj\u00eb ndok\u00ebnd.<\/p>\n<p>I paaft\u00eb t\u00eb marr\u00eb stilolapsin dhe t\u00eb firmos\u00eb shkarkimin e Drejtorit t\u00eb P\u00ebrgjithsh\u00ebm t\u00eb Policis\u00eb s\u00eb Shtetit, apo t\u00eb n\u00ebndrejtorit, apo t\u2019i thot\u00eb Berish\u00ebs se pas kaq rastesh vrasjeje me plan e pa plan, kjo polici ka d\u00ebshtuar. I paaft\u00eb t\u2019i thot\u00eb Berish\u00ebs se shteti dhe policia nuk mbahen me militant\u00eb partiak\u00eb, por me njer\u00ebz profesionist\u00eb q\u00eb sot enden rrug\u00ebve pa nj\u00eb vend pune.<\/p>\n<p>Flamur Noka \u00ebsht\u00eb i paaft\u00eb t\u00eb luftoj\u00eb krimin q\u00eb ka marr\u00eb zem\u00ebr, dhe nuk b\u00ebhet fjal\u00eb vet\u00ebm p\u00ebr krimin e organizuar, por edhe at\u00eb m\u00eb ordinerin. Sepse Flamur Noka po p\u00ebrdoret n\u00eb at\u00eb vend pune shum\u00eb t\u00eb r\u00ebnd\u00ebsish\u00ebm p\u00ebr k\u00ebt\u00eb Shqip\u00ebri t\u00eb shkalafitur ku makinat me xhama t\u00eb zinj dhe pa targa b\u00ebjn\u00eb ligjin, p\u00ebr t\u00eb p\u00ebrgatitur nj\u00eb terren tjet\u00ebr m\u00eb t\u00eb r\u00ebnd\u00ebsish\u00ebm: at\u00eb t\u00eb militant\u00ebve t\u00eb zgjedhjeve t\u00eb vitit 2013. I paaft\u00eb t\u2019a b\u00ebj\u00eb gjith\u00eb k\u00ebt\u00eb pun\u00eb, sepse edhe ai vet\u00eb nuk \u00ebsht\u00eb ndonj\u00eb profesionist, \u00ebsht\u00eb thjesht nj\u00eb militant.<\/p>\n<p>E nd\u00ebrkoh\u00eb q\u00eb ekranet e televizionit jepnin sekuencat e varrimit t\u00eb D\u00ebshmorit t\u00eb Atdheut, komisar Adem Tahirajt, n\u00eb Shqip\u00ebri, ndodhi nj\u00eb tjet\u00ebr vrasje me arm\u00eb.<\/p>\n<p>Kriminel\u00ebt e organizuar, dhe ata q\u00eb kan\u00eb marr\u00eb hovin e madh p\u00ebr t\u2019u b\u00ebr\u00eb kriminel\u00eb, nuk e kan\u00eb asfare frik\u00eb Flamur Nok\u00ebn. As drejtorin e policis\u00eb Hysni Burgaj. Nuk kan\u00eb frik\u00eb as qeverin\u00eb. Dhe ka nj\u00eb llogjik\u00eb, ne e zgjodh\u00ebm k\u00ebt\u00eb realitet q\u00eb t\u00eb kishim k\u00ebta drejtues policie n\u00eb krye t\u00eb vendit, nuk i ka zgjedhur Berisha. U ndjeva keq dje pasdite tek shihja familjar\u00ebt e komisar Ademit n\u00eb nj\u00eb qoshe an\u00ebsh varrit t\u00eb tij te Varrezat e D\u00ebshmor\u00ebve, kur u kalonin n\u00eb parad\u00eb ministri, drejtori i policis\u00eb e t\u00eb tjer\u00eb drejtues, dhe nuk lan\u00eb q\u00eb Ademit t\u00eb vrar\u00eb n\u00eb krye t\u00eb detyr\u00ebs, lopat\u00ebn e par\u00eb me dh\u00e9 dhe lamtumir\u00ebn e fundit p\u00ebr n\u00eb banes\u00ebn e fundit t\u2019ia jepte bashk\u00ebshortja Rushi, vajzat Alma e Arlinda, dhe djali 14-vje\u00e7ar Arbi.<\/p>\n<p>Nuk dihet se \u00e7\u2019mund t\u00eb ndodh\u00eb ndryshe kur edhe varrimin ta privatizon shteti. Sepse edhe krimin e kan\u00eb privatizuar. Ndaj s\u2019e ndjej veten n\u00eb faj kur them se ne e meritojm\u00eb qeverin\u00eb e Flamur Nok\u00ebs&#8230; Ademin e p\u00ebrcoll\u00ebm n\u00eb at\u00eb bot\u00eb. N\u00eb Parlament, PS dhe PD po ziheshin p\u00ebr drejt\u00ebsin\u00eb. Kjo \u00ebsht\u00eb qeveria e Flamurit.<\/p>\n","protected":false},"excerpt":{"rendered":"<p>Analiz\u00eb nga ANILA BASHA Po, po. Duam qeverin\u00eb e Flamur Nok\u00ebs. Si n\u00eb nj\u00eb or\u00eb leksioni t\u00eb para 13 vjet\u00ebve kur isha auditoreve t\u00eb fakultetit t\u00eb gazetaris\u00eb, k\u00ebt\u00eb fakt m\u2019a konfirmoi edhe deputeti i PD, Mark Marku disa jav\u00eb m\u00eb par\u00eb, (ndjes\u00eb past\u00eb mandati i deputetit se Marku me sh\u00ebndet \u00ebsht\u00eb shum\u00eb mir\u00eb dhe n\u00eb [&hellip;]<\/p>\n","protected":false},"author":1,"featured_media":0,"comment_status":"open","ping_status":"closed","sticky":false,"template":"","format":"standard","meta":{"footnotes":""},"categories":[2],"tags":[],"class_list":{"0":"post-12095","1":"post","2":"type-post","3":"status-publish","4":"format-standard","6":"category-artikuj"},"yoast_head":"<!-- This site is optimized with the Yoast SEO plugin v27.4 - https:\/\/yoast.com\/product\/yoast-seo-wordpress\/ -->\n<title>Duam qeverin\u00eb e Flamur Nok\u00ebs - FjALA e LIR\u00cb - Arkivi<\/title>\n<meta name=\"robots\" content=\"index, follow, max-snippet:-1, max-image-preview:large, max-video-preview:-1\" \/>\n<link rel=\"canonical\" href=\"https:\/\/fjala.info\/2009-2015\/duam-qeverine-e-flamur-nokes\/\" \/>\n<meta property=\"og:locale\" content=\"sq_AL\" \/>\n<meta property=\"og:type\" content=\"article\" \/>\n<meta property=\"og:title\" content=\"Duam qeverin\u00eb e Flamur Nok\u00ebs - FjALA e LIR\u00cb - Arkivi\" \/>\n<meta property=\"og:description\" content=\"Analiz\u00eb nga ANILA BASHA Po, po. Duam qeverin\u00eb e Flamur Nok\u00ebs. Si n\u00eb nj\u00eb or\u00eb leksioni t\u00eb para 13 vjet\u00ebve kur isha auditoreve t\u00eb fakultetit t\u00eb gazetaris\u00eb, k\u00ebt\u00eb fakt m\u2019a konfirmoi edhe deputeti i PD, Mark Marku disa jav\u00eb m\u00eb par\u00eb, (ndjes\u00eb past\u00eb mandati i deputetit se Marku me sh\u00ebndet \u00ebsht\u00eb shum\u00eb mir\u00eb dhe n\u00eb [&hellip;]\" \/>\n<meta property=\"og:url\" content=\"https:\/\/fjala.info\/2009-2015\/duam-qeverine-e-flamur-nokes\/\" \/>\n<meta property=\"og:site_name\" content=\"FjALA e LIR\u00cb - Arkivi\" \/>\n<meta property=\"article:published_time\" content=\"2012-09-15T15:53:12+00:00\" \/>\n<meta property=\"og:image\" content=\"http:\/\/www.fjala.info\/2012\/anila_basha.jpg\" \/>\n<meta name=\"author\" content=\"admin\" \/>\n<meta name=\"twitter:card\" content=\"summary_large_image\" \/>\n<meta name=\"twitter:label1\" content=\"Written by\" \/>\n\t<meta name=\"twitter:data1\" content=\"admin\" \/>\n\t<meta name=\"twitter:label2\" content=\"Est. reading time\" \/>\n\t<meta name=\"twitter:data2\" content=\"4 minutes\" \/>\n<script type=\"application\/ld+json\" class=\"yoast-schema-graph\">{\"@context\":\"https:\\\/\\\/schema.org\",\"@graph\":[{\"@type\":\"Article\",\"@id\":\"https:\\\/\\\/fjala.info\\\/2009-2015\\\/duam-qeverine-e-flamur-nokes\\\/#article\",\"isPartOf\":{\"@id\":\"https:\\\/\\\/fjala.info\\\/2009-2015\\\/duam-qeverine-e-flamur-nokes\\\/\"},\"author\":{\"name\":\"admin\",\"@id\":\"https:\\\/\\\/fjala.info\\\/2009-2015\\\/#\\\/schema\\\/person\\\/3aa1163ef05469c496fc94e77611ada2\"},\"headline\":\"Duam qeverin\u00eb e Flamur Nok\u00ebs\",\"datePublished\":\"2012-09-15T15:53:12+00:00\",\"mainEntityOfPage\":{\"@id\":\"https:\\\/\\\/fjala.info\\\/2009-2015\\\/duam-qeverine-e-flamur-nokes\\\/\"},\"wordCount\":743,\"commentCount\":0,\"publisher\":{\"@id\":\"https:\\\/\\\/fjala.info\\\/2009-2015\\\/#organization\"},\"image\":{\"@id\":\"https:\\\/\\\/fjala.info\\\/2009-2015\\\/duam-qeverine-e-flamur-nokes\\\/#primaryimage\"},\"thumbnailUrl\":\"http:\\\/\\\/www.fjala.info\\\/2012\\\/anila_basha.jpg\",\"articleSection\":[\"Artikuj\"],\"inLanguage\":\"sq-AL\",\"potentialAction\":[{\"@type\":\"CommentAction\",\"name\":\"Comment\",\"target\":[\"https:\\\/\\\/fjala.info\\\/2009-2015\\\/duam-qeverine-e-flamur-nokes\\\/#respond\"]}]},{\"@type\":\"WebPage\",\"@id\":\"https:\\\/\\\/fjala.info\\\/2009-2015\\\/duam-qeverine-e-flamur-nokes\\\/\",\"url\":\"https:\\\/\\\/fjala.info\\\/2009-2015\\\/duam-qeverine-e-flamur-nokes\\\/\",\"name\":\"Duam qeverin\u00eb e Flamur Nok\u00ebs - FjALA e LIR\u00cb - Arkivi\",\"isPartOf\":{\"@id\":\"https:\\\/\\\/fjala.info\\\/2009-2015\\\/#website\"},\"primaryImageOfPage\":{\"@id\":\"https:\\\/\\\/fjala.info\\\/2009-2015\\\/duam-qeverine-e-flamur-nokes\\\/#primaryimage\"},\"image\":{\"@id\":\"https:\\\/\\\/fjala.info\\\/2009-2015\\\/duam-qeverine-e-flamur-nokes\\\/#primaryimage\"},\"thumbnailUrl\":\"http:\\\/\\\/www.fjala.info\\\/2012\\\/anila_basha.jpg\",\"datePublished\":\"2012-09-15T15:53:12+00:00\",\"breadcrumb\":{\"@id\":\"https:\\\/\\\/fjala.info\\\/2009-2015\\\/duam-qeverine-e-flamur-nokes\\\/#breadcrumb\"},\"inLanguage\":\"sq-AL\",\"potentialAction\":[{\"@type\":\"ReadAction\",\"target\":[\"https:\\\/\\\/fjala.info\\\/2009-2015\\\/duam-qeverine-e-flamur-nokes\\\/\"]}]},{\"@type\":\"ImageObject\",\"inLanguage\":\"sq-AL\",\"@id\":\"https:\\\/\\\/fjala.info\\\/2009-2015\\\/duam-qeverine-e-flamur-nokes\\\/#primaryimage\",\"url\":\"http:\\\/\\\/www.fjala.info\\\/2012\\\/anila_basha.jpg\",\"contentUrl\":\"http:\\\/\\\/www.fjala.info\\\/2012\\\/anila_basha.jpg\"},{\"@type\":\"BreadcrumbList\",\"@id\":\"https:\\\/\\\/fjala.info\\\/2009-2015\\\/duam-qeverine-e-flamur-nokes\\\/#breadcrumb\",\"itemListElement\":[{\"@type\":\"ListItem\",\"position\":1,\"name\":\"Home\",\"item\":\"https:\\\/\\\/fjala.info\\\/2009-2015\\\/\"},{\"@type\":\"ListItem\",\"position\":2,\"name\":\"Duam qeverin\u00eb e Flamur Nok\u00ebs\"}]},{\"@type\":\"WebSite\",\"@id\":\"https:\\\/\\\/fjala.info\\\/2009-2015\\\/#website\",\"url\":\"https:\\\/\\\/fjala.info\\\/2009-2015\\\/\",\"name\":\"FjALA e LIR\u00cb - Arkivi\",\"description\":\"Arkivi 2009-2015\",\"publisher\":{\"@id\":\"https:\\\/\\\/fjala.info\\\/2009-2015\\\/#organization\"},\"potentialAction\":[{\"@type\":\"SearchAction\",\"target\":{\"@type\":\"EntryPoint\",\"urlTemplate\":\"https:\\\/\\\/fjala.info\\\/2009-2015\\\/?s={search_term_string}\"},\"query-input\":{\"@type\":\"PropertyValueSpecification\",\"valueRequired\":true,\"valueName\":\"search_term_string\"}}],\"inLanguage\":\"sq-AL\"},{\"@type\":\"Organization\",\"@id\":\"https:\\\/\\\/fjala.info\\\/2009-2015\\\/#organization\",\"name\":\"FjALA e LIR\u00cb - Arkivi\",\"url\":\"https:\\\/\\\/fjala.info\\\/2009-2015\\\/\",\"logo\":{\"@type\":\"ImageObject\",\"inLanguage\":\"sq-AL\",\"@id\":\"https:\\\/\\\/fjala.info\\\/2009-2015\\\/#\\\/schema\\\/logo\\\/image\\\/\",\"url\":\"\",\"contentUrl\":\"\",\"caption\":\"FjALA e LIR\u00cb - Arkivi\"},\"image\":{\"@id\":\"https:\\\/\\\/fjala.info\\\/2009-2015\\\/#\\\/schema\\\/logo\\\/image\\\/\"}},{\"@type\":\"Person\",\"@id\":\"https:\\\/\\\/fjala.info\\\/2009-2015\\\/#\\\/schema\\\/person\\\/3aa1163ef05469c496fc94e77611ada2\",\"name\":\"admin\",\"image\":{\"@type\":\"ImageObject\",\"inLanguage\":\"sq-AL\",\"@id\":\"https:\\\/\\\/fjala.info\\\/2009-2015\\\/wp-content\\\/uploads\\\/2012\\\/02\\\/arben_cokaj-120x150.jpg\",\"url\":\"https:\\\/\\\/fjala.info\\\/2009-2015\\\/wp-content\\\/uploads\\\/2012\\\/02\\\/arben_cokaj-120x150.jpg\",\"contentUrl\":\"https:\\\/\\\/fjala.info\\\/2009-2015\\\/wp-content\\\/uploads\\\/2012\\\/02\\\/arben_cokaj-120x150.jpg\",\"caption\":\"admin\"},\"description\":\"Admin, Fjala e Lir\u00eb\",\"sameAs\":[\"https:\\\/\\\/fjala.info\\\/\"],\"url\":\"https:\\\/\\\/fjala.info\\\/2009-2015\\\/author\\\/admin\\\/\"}]}<\/script>\n<!-- \/ Yoast SEO plugin. -->","yoast_head_json":{"title":"Duam qeverin\u00eb e Flamur Nok\u00ebs - FjALA e LIR\u00cb - Arkivi","robots":{"index":"index","follow":"follow","max-snippet":"max-snippet:-1","max-image-preview":"max-image-preview:large","max-video-preview":"max-video-preview:-1"},"canonical":"https:\/\/fjala.info\/2009-2015\/duam-qeverine-e-flamur-nokes\/","og_locale":"sq_AL","og_type":"article","og_title":"Duam qeverin\u00eb e Flamur Nok\u00ebs - FjALA e LIR\u00cb - Arkivi","og_description":"Analiz\u00eb nga ANILA BASHA Po, po. Duam qeverin\u00eb e Flamur Nok\u00ebs. Si n\u00eb nj\u00eb or\u00eb leksioni t\u00eb para 13 vjet\u00ebve kur isha auditoreve t\u00eb fakultetit t\u00eb gazetaris\u00eb, k\u00ebt\u00eb fakt m\u2019a konfirmoi edhe deputeti i PD, Mark Marku disa jav\u00eb m\u00eb par\u00eb, (ndjes\u00eb past\u00eb mandati i deputetit se Marku me sh\u00ebndet \u00ebsht\u00eb shum\u00eb mir\u00eb dhe n\u00eb [&hellip;]","og_url":"https:\/\/fjala.info\/2009-2015\/duam-qeverine-e-flamur-nokes\/","og_site_name":"FjALA e LIR\u00cb - Arkivi","article_published_time":"2012-09-15T15:53:12+00:00","og_image":[{"url":"http:\/\/www.fjala.info\/2012\/anila_basha.jpg","type":"","width":"","height":""}],"author":"admin","twitter_card":"summary_large_image","twitter_misc":{"Written by":"admin","Est. reading time":"4 minutes"},"schema":{"@context":"https:\/\/schema.org","@graph":[{"@type":"Article","@id":"https:\/\/fjala.info\/2009-2015\/duam-qeverine-e-flamur-nokes\/#article","isPartOf":{"@id":"https:\/\/fjala.info\/2009-2015\/duam-qeverine-e-flamur-nokes\/"},"author":{"name":"admin","@id":"https:\/\/fjala.info\/2009-2015\/#\/schema\/person\/3aa1163ef05469c496fc94e77611ada2"},"headline":"Duam qeverin\u00eb e Flamur Nok\u00ebs","datePublished":"2012-09-15T15:53:12+00:00","mainEntityOfPage":{"@id":"https:\/\/fjala.info\/2009-2015\/duam-qeverine-e-flamur-nokes\/"},"wordCount":743,"commentCount":0,"publisher":{"@id":"https:\/\/fjala.info\/2009-2015\/#organization"},"image":{"@id":"https:\/\/fjala.info\/2009-2015\/duam-qeverine-e-flamur-nokes\/#primaryimage"},"thumbnailUrl":"http:\/\/www.fjala.info\/2012\/anila_basha.jpg","articleSection":["Artikuj"],"inLanguage":"sq-AL","potentialAction":[{"@type":"CommentAction","name":"Comment","target":["https:\/\/fjala.info\/2009-2015\/duam-qeverine-e-flamur-nokes\/#respond"]}]},{"@type":"WebPage","@id":"https:\/\/fjala.info\/2009-2015\/duam-qeverine-e-flamur-nokes\/","url":"https:\/\/fjala.info\/2009-2015\/duam-qeverine-e-flamur-nokes\/","name":"Duam qeverin\u00eb e Flamur Nok\u00ebs - FjALA e LIR\u00cb - Arkivi","isPartOf":{"@id":"https:\/\/fjala.info\/2009-2015\/#website"},"primaryImageOfPage":{"@id":"https:\/\/fjala.info\/2009-2015\/duam-qeverine-e-flamur-nokes\/#primaryimage"},"image":{"@id":"https:\/\/fjala.info\/2009-2015\/duam-qeverine-e-flamur-nokes\/#primaryimage"},"thumbnailUrl":"http:\/\/www.fjala.info\/2012\/anila_basha.jpg","datePublished":"2012-09-15T15:53:12+00:00","breadcrumb":{"@id":"https:\/\/fjala.info\/2009-2015\/duam-qeverine-e-flamur-nokes\/#breadcrumb"},"inLanguage":"sq-AL","potentialAction":[{"@type":"ReadAction","target":["https:\/\/fjala.info\/2009-2015\/duam-qeverine-e-flamur-nokes\/"]}]},{"@type":"ImageObject","inLanguage":"sq-AL","@id":"https:\/\/fjala.info\/2009-2015\/duam-qeverine-e-flamur-nokes\/#primaryimage","url":"http:\/\/www.fjala.info\/2012\/anila_basha.jpg","contentUrl":"http:\/\/www.fjala.info\/2012\/anila_basha.jpg"},{"@type":"BreadcrumbList","@id":"https:\/\/fjala.info\/2009-2015\/duam-qeverine-e-flamur-nokes\/#breadcrumb","itemListElement":[{"@type":"ListItem","position":1,"name":"Home","item":"https:\/\/fjala.info\/2009-2015\/"},{"@type":"ListItem","position":2,"name":"Duam qeverin\u00eb e Flamur Nok\u00ebs"}]},{"@type":"WebSite","@id":"https:\/\/fjala.info\/2009-2015\/#website","url":"https:\/\/fjala.info\/2009-2015\/","name":"FjALA e LIR\u00cb - Arkivi","description":"Arkivi 2009-2015","publisher":{"@id":"https:\/\/fjala.info\/2009-2015\/#organization"},"potentialAction":[{"@type":"SearchAction","target":{"@type":"EntryPoint","urlTemplate":"https:\/\/fjala.info\/2009-2015\/?s={search_term_string}"},"query-input":{"@type":"PropertyValueSpecification","valueRequired":true,"valueName":"search_term_string"}}],"inLanguage":"sq-AL"},{"@type":"Organization","@id":"https:\/\/fjala.info\/2009-2015\/#organization","name":"FjALA e LIR\u00cb - Arkivi","url":"https:\/\/fjala.info\/2009-2015\/","logo":{"@type":"ImageObject","inLanguage":"sq-AL","@id":"https:\/\/fjala.info\/2009-2015\/#\/schema\/logo\/image\/","url":"","contentUrl":"","caption":"FjALA e LIR\u00cb - Arkivi"},"image":{"@id":"https:\/\/fjala.info\/2009-2015\/#\/schema\/logo\/image\/"}},{"@type":"Person","@id":"https:\/\/fjala.info\/2009-2015\/#\/schema\/person\/3aa1163ef05469c496fc94e77611ada2","name":"admin","image":{"@type":"ImageObject","inLanguage":"sq-AL","@id":"https:\/\/fjala.info\/2009-2015\/wp-content\/uploads\/2012\/02\/arben_cokaj-120x150.jpg","url":"https:\/\/fjala.info\/2009-2015\/wp-content\/uploads\/2012\/02\/arben_cokaj-120x150.jpg","contentUrl":"https:\/\/fjala.info\/2009-2015\/wp-content\/uploads\/2012\/02\/arben_cokaj-120x150.jpg","caption":"admin"},"description":"Admin, Fjala e Lir\u00eb","sameAs":["https:\/\/fjala.info\/"],"url":"https:\/\/fjala.info\/2009-2015\/author\/admin\/"}]}},"_links":{"self":[{"href":"https:\/\/fjala.info\/2009-2015\/wp-json\/wp\/v2\/posts\/12095","targetHints":{"allow":["GET"]}}],"collection":[{"href":"https:\/\/fjala.info\/2009-2015\/wp-json\/wp\/v2\/posts"}],"about":[{"href":"https:\/\/fjala.info\/2009-2015\/wp-json\/wp\/v2\/types\/post"}],"author":[{"embeddable":true,"href":"https:\/\/fjala.info\/2009-2015\/wp-json\/wp\/v2\/users\/1"}],"replies":[{"embeddable":true,"href":"https:\/\/fjala.info\/2009-2015\/wp-json\/wp\/v2\/comments?post=12095"}],"version-history":[{"count":0,"href":"https:\/\/fjala.info\/2009-2015\/wp-json\/wp\/v2\/posts\/12095\/revisions"}],"wp:attachment":[{"href":"https:\/\/fjala.info\/2009-2015\/wp-json\/wp\/v2\/media?parent=12095"}],"wp:term":[{"taxonomy":"category","embeddable":true,"href":"https:\/\/fjala.info\/2009-2015\/wp-json\/wp\/v2\/categories?post=12095"},{"taxonomy":"post_tag","embeddable":true,"href":"https:\/\/fjala.info\/2009-2015\/wp-json\/wp\/v2\/tags?post=12095"}],"curies":[{"name":"wp","href":"https:\/\/api.w.org\/{rel}","templated":true}]}}