{"id":12067,"date":"2012-09-03T08:28:45","date_gmt":"2012-09-03T07:28:45","guid":{"rendered":"http:\/\/www.fjala.info\/?p=4779"},"modified":"2012-09-03T08:28:45","modified_gmt":"2012-09-03T07:28:45","slug":"100-gra-dhe-nje-berishe-sipas-forbes-it-dhe-forbesi-e-paraja-sipas-the-guardian","status":"publish","type":"post","link":"https:\/\/fjala.info\/2009-2015\/100-gra-dhe-nje-berishe-sipas-forbes-it-dhe-forbesi-e-paraja-sipas-the-guardian\/","title":{"rendered":"100 gra (dhe nj\u00eb&#8230; Berish\u00eb) sipas Forbes-it. Dhe Forbesi e paraja sipas &#8216;The Guardian&#8217;"},"content":{"rendered":"<p><img decoding=\"async\" class=\"alignright size-thumbnail wp-image-7236\" title=\"Berisha dhe Forbes\" src=\"http:\/\/www.fjala.info\/2012\/berisha_and_forbes.jpg\" alt=\"\" width=\"300\" \/> <strong>ResPublica.al<\/strong>, <em>2 shtator 2012<\/em><\/p>\n<p>Forbes ka shpallur k\u00ebto dit\u00eb list\u00ebn e 100 grave m\u00eb t\u00eb fuqishme n\u00eb bot\u00eb. Angela Merkel \u00ebsht\u00eb n\u00eb krye, sekretarja amerikane e Shtetit, Hillari Klinton, \u00ebsht\u00eb renditur e dyta, nd\u00ebrsa pas saj ka z\u00ebn\u00eb vend presidentja e Brazilit, Dilma Rousef. N\u00eb top-pes\u00ebshen e par\u00eb ndodhen edhe Melinda Gejts, bashk\u00ebudh\u00ebheq\u00ebse e Fondacionit \u201cBill&amp;Melinda Gates\u201d, dhe Xhill Abramson, kryeredaktore e \u201cNew York Times\u201d. Sipas Forbes, ato jan\u00eb renditur n\u00eb baz\u00eb t\u00eb ndikimit dhe sasis\u00eb s\u00eb parave q\u00eb kontrollojn\u00eb ose fitojn\u00eb.<\/p>\n<p>Pik\u00ebrisht lidhur me k\u00ebt\u00eb kriter, e p\u00ebrditshmja britanike The Guardian ka patur di\u00e7ka t\u00eb r\u00ebnd\u00ebsishme p\u00ebr t\u00eb th\u00ebn\u00eb k\u00ebsaj here. &#8220;Forbes zgjedh duke u bazuar thjesht te pushteti i paras\u00eb, sa e thjesht\u00eb&#8221; \u2013 ironizon prestigjozja britanike, duke shtuar se t\u00ebr\u00eb ky listim dhe kategorizim t\u00eb duket sikur na thot\u00eb q\u00eb nuk paska ndonj\u00eb m\u00ebnyr\u00eb tjet\u00ebr p\u00ebr definimin e fuqis\u00eb: &#8220;njeriu madje s\u2019ka nevoj\u00eb as t\u00eb jet\u00eb i gjall\u00eb&#8221;. \u201cFaktor i p\u00ebrbashk\u00ebt i k\u00ebtyre femrave nuk \u00ebsht\u00eb d\u00ebshira p\u00ebr ndryshime, por di\u00e7ka q\u00eb i p\u00ebrshtatet Forbes-it: paraja. Paraja \u00ebsht\u00eb ajo q\u00eb i v\u00eb ato n\u00eb list\u00ebn e Forbes-it &#8211; mund\u00ebsia p\u00ebr ta fituar e kontrolluar at\u00eb dhe ndikimi n\u00eb m\u00ebnyr\u00ebn se si t\u00eb tjer\u00ebt e shpenzojn\u00eb at\u00eb\u201d, shkruan gazeta dhe shtron pyetjen \u201cA \u00ebsht\u00eb kjo e t\u00ebra q\u00eb p\u00ebrb\u00ebn fuqin\u00eb?\u201d<\/p>\n<p>Forbesi nuk \u00ebsht\u00eb em\u00ebr krejt pa lidhje me Shqip\u00ebrin\u00eb. Kujt nuk i kujtohet, disa muaj m\u00eb par\u00eb, nj\u00eb intervist\u00eb e vet\u00eb Forbesit me kryeministrin e Shqip\u00ebris\u00eb (n\u00eb foto t\u00eb dy) shkaktoi jo pak ilaritet n\u00eb Tiran\u00eb. &#8211; &#8220;N\u00eb koh\u00eb krize, shteti m\u00eb i fuqish\u00ebm i bot\u00ebs, Amerika mund t\u00eb marr\u00eb shembull nga Shqip\u00ebria, &#8211; ishte nj\u00ebra nga fjalit\u00eb e cituara t\u00eb Forbes-it, nj\u00eb mbrojt\u00ebs i zjarrt\u00eb i taks\u00ebs s\u00eb shesht\u00eb (aq i lidhur \u00ebsht\u00eb Forbes me k\u00ebt\u00eb taks\u00eb, sa po t\u00eb k\u00ebrkosh p\u00ebr emrin e tij, m\u00eb p\u00ebrpara t\u00eb shfaqet fjala \u2018flat tax\u2019 \u2013 por p\u00ebr ters amerikan\u00ebt nuk po e d\u00ebgjojn\u00eb p\u00ebr ta aplikuar).<\/p>\n<p>&#8211; \u201cVarf\u00ebria n\u00eb SHBA po rritet me shpejt\u00ebsi, kurse n\u00eb Shqip\u00ebri po bie n\u00eb m\u00ebnyr\u00eb dramatike,\u201d shkruante m\u00eb tutje Forbes dhe theksonte se nd\u00ebrsa Obama nuk po punon si\u00e7 duhet me ligjet p\u00ebr kontratat e t\u00eb drejtat e pron\u00ebs, Shqip\u00ebria po shkon krejt n\u00eb kah t\u00eb kund\u00ebrt (!) dhe e mbyllte me: \u201cSa keq q\u00eb shkenca nuk ka ecur aq shum\u00eb sa t\u00eb krijonte mund\u00ebsin\u00eb q\u00eb t\u00eb klononim Sali Berish\u00ebn dhe ta z\u00ebvend\u00ebsonim me t\u00eb gjith\u00eb zyrtar\u00ebt ekonomik\u00eb n\u00eb qeverin\u00eb Obama\u201d.<\/p>\n<p>T\u00eb ket\u00eb zgjedhur Forbesi me t\u00eb nj\u00ebjtin definicion sip\u00ebrfaq\u00ebsor t\u00eb fuqis\u00eb \u2013 paran\u00eb &#8211; kur intervistoi Sali Berish\u00ebn?<\/p>\n<p>(A.N.)<\/p>\n","protected":false},"excerpt":{"rendered":"<p>ResPublica.al, 2 shtator 2012 Forbes ka shpallur k\u00ebto dit\u00eb list\u00ebn e 100 grave m\u00eb t\u00eb fuqishme n\u00eb bot\u00eb. Angela Merkel \u00ebsht\u00eb n\u00eb krye, sekretarja amerikane e Shtetit, Hillari Klinton, \u00ebsht\u00eb renditur e dyta, nd\u00ebrsa pas saj ka z\u00ebn\u00eb vend presidentja e Brazilit, Dilma Rousef. N\u00eb top-pes\u00ebshen e par\u00eb ndodhen edhe Melinda Gejts, bashk\u00ebudh\u00ebheq\u00ebse e Fondacionit [&hellip;]<\/p>\n","protected":false},"author":1,"featured_media":0,"comment_status":"open","ping_status":"closed","sticky":false,"template":"","format":"standard","meta":{"footnotes":""},"categories":[2],"tags":[],"class_list":{"0":"post-12067","1":"post","2":"type-post","3":"status-publish","4":"format-standard","6":"category-artikuj"},"yoast_head":"<!-- This site is optimized with the Yoast SEO plugin v27.4 - https:\/\/yoast.com\/product\/yoast-seo-wordpress\/ -->\n<title>100 gra (dhe nj\u00eb... Berish\u00eb) sipas Forbes-it. Dhe Forbesi e paraja sipas &#039;The Guardian&#039; - FjALA e LIR\u00cb - Arkivi<\/title>\n<meta name=\"robots\" content=\"index, follow, max-snippet:-1, max-image-preview:large, max-video-preview:-1\" \/>\n<link rel=\"canonical\" href=\"https:\/\/fjala.info\/2009-2015\/100-gra-dhe-nje-berishe-sipas-forbes-it-dhe-forbesi-e-paraja-sipas-the-guardian\/\" \/>\n<meta property=\"og:locale\" content=\"sq_AL\" \/>\n<meta property=\"og:type\" content=\"article\" \/>\n<meta property=\"og:title\" content=\"100 gra (dhe nj\u00eb... Berish\u00eb) sipas Forbes-it. Dhe Forbesi e paraja sipas &#039;The Guardian&#039; - FjALA e LIR\u00cb - Arkivi\" \/>\n<meta property=\"og:description\" content=\"ResPublica.al, 2 shtator 2012 Forbes ka shpallur k\u00ebto dit\u00eb list\u00ebn e 100 grave m\u00eb t\u00eb fuqishme n\u00eb bot\u00eb. Angela Merkel \u00ebsht\u00eb n\u00eb krye, sekretarja amerikane e Shtetit, Hillari Klinton, \u00ebsht\u00eb renditur e dyta, nd\u00ebrsa pas saj ka z\u00ebn\u00eb vend presidentja e Brazilit, Dilma Rousef. N\u00eb top-pes\u00ebshen e par\u00eb ndodhen edhe Melinda Gejts, bashk\u00ebudh\u00ebheq\u00ebse e Fondacionit [&hellip;]\" \/>\n<meta property=\"og:url\" content=\"https:\/\/fjala.info\/2009-2015\/100-gra-dhe-nje-berishe-sipas-forbes-it-dhe-forbesi-e-paraja-sipas-the-guardian\/\" \/>\n<meta property=\"og:site_name\" content=\"FjALA e LIR\u00cb - Arkivi\" \/>\n<meta property=\"article:published_time\" content=\"2012-09-03T07:28:45+00:00\" \/>\n<meta property=\"og:image\" content=\"http:\/\/www.fjala.info\/2012\/berisha_and_forbes.jpg\" \/>\n<meta name=\"author\" content=\"admin\" \/>\n<meta name=\"twitter:card\" content=\"summary_large_image\" \/>\n<meta name=\"twitter:label1\" content=\"Written by\" \/>\n\t<meta name=\"twitter:data1\" content=\"admin\" \/>\n\t<meta name=\"twitter:label2\" content=\"Est. reading time\" \/>\n\t<meta name=\"twitter:data2\" content=\"2 minutes\" \/>\n<script type=\"application\/ld+json\" class=\"yoast-schema-graph\">{\"@context\":\"https:\\\/\\\/schema.org\",\"@graph\":[{\"@type\":\"Article\",\"@id\":\"https:\\\/\\\/fjala.info\\\/2009-2015\\\/100-gra-dhe-nje-berishe-sipas-forbes-it-dhe-forbesi-e-paraja-sipas-the-guardian\\\/#article\",\"isPartOf\":{\"@id\":\"https:\\\/\\\/fjala.info\\\/2009-2015\\\/100-gra-dhe-nje-berishe-sipas-forbes-it-dhe-forbesi-e-paraja-sipas-the-guardian\\\/\"},\"author\":{\"name\":\"admin\",\"@id\":\"https:\\\/\\\/fjala.info\\\/2009-2015\\\/#\\\/schema\\\/person\\\/3aa1163ef05469c496fc94e77611ada2\"},\"headline\":\"100 gra (dhe nj\u00eb&#8230; Berish\u00eb) sipas Forbes-it. Dhe Forbesi e paraja sipas &#8216;The Guardian&#8217;\",\"datePublished\":\"2012-09-03T07:28:45+00:00\",\"mainEntityOfPage\":{\"@id\":\"https:\\\/\\\/fjala.info\\\/2009-2015\\\/100-gra-dhe-nje-berishe-sipas-forbes-it-dhe-forbesi-e-paraja-sipas-the-guardian\\\/\"},\"wordCount\":500,\"commentCount\":0,\"publisher\":{\"@id\":\"https:\\\/\\\/fjala.info\\\/2009-2015\\\/#organization\"},\"image\":{\"@id\":\"https:\\\/\\\/fjala.info\\\/2009-2015\\\/100-gra-dhe-nje-berishe-sipas-forbes-it-dhe-forbesi-e-paraja-sipas-the-guardian\\\/#primaryimage\"},\"thumbnailUrl\":\"http:\\\/\\\/www.fjala.info\\\/2012\\\/berisha_and_forbes.jpg\",\"articleSection\":[\"Artikuj\"],\"inLanguage\":\"sq-AL\",\"potentialAction\":[{\"@type\":\"CommentAction\",\"name\":\"Comment\",\"target\":[\"https:\\\/\\\/fjala.info\\\/2009-2015\\\/100-gra-dhe-nje-berishe-sipas-forbes-it-dhe-forbesi-e-paraja-sipas-the-guardian\\\/#respond\"]}]},{\"@type\":\"WebPage\",\"@id\":\"https:\\\/\\\/fjala.info\\\/2009-2015\\\/100-gra-dhe-nje-berishe-sipas-forbes-it-dhe-forbesi-e-paraja-sipas-the-guardian\\\/\",\"url\":\"https:\\\/\\\/fjala.info\\\/2009-2015\\\/100-gra-dhe-nje-berishe-sipas-forbes-it-dhe-forbesi-e-paraja-sipas-the-guardian\\\/\",\"name\":\"100 gra (dhe nj\u00eb... Berish\u00eb) sipas Forbes-it. Dhe Forbesi e paraja sipas 'The Guardian' - FjALA e LIR\u00cb - Arkivi\",\"isPartOf\":{\"@id\":\"https:\\\/\\\/fjala.info\\\/2009-2015\\\/#website\"},\"primaryImageOfPage\":{\"@id\":\"https:\\\/\\\/fjala.info\\\/2009-2015\\\/100-gra-dhe-nje-berishe-sipas-forbes-it-dhe-forbesi-e-paraja-sipas-the-guardian\\\/#primaryimage\"},\"image\":{\"@id\":\"https:\\\/\\\/fjala.info\\\/2009-2015\\\/100-gra-dhe-nje-berishe-sipas-forbes-it-dhe-forbesi-e-paraja-sipas-the-guardian\\\/#primaryimage\"},\"thumbnailUrl\":\"http:\\\/\\\/www.fjala.info\\\/2012\\\/berisha_and_forbes.jpg\",\"datePublished\":\"2012-09-03T07:28:45+00:00\",\"breadcrumb\":{\"@id\":\"https:\\\/\\\/fjala.info\\\/2009-2015\\\/100-gra-dhe-nje-berishe-sipas-forbes-it-dhe-forbesi-e-paraja-sipas-the-guardian\\\/#breadcrumb\"},\"inLanguage\":\"sq-AL\",\"potentialAction\":[{\"@type\":\"ReadAction\",\"target\":[\"https:\\\/\\\/fjala.info\\\/2009-2015\\\/100-gra-dhe-nje-berishe-sipas-forbes-it-dhe-forbesi-e-paraja-sipas-the-guardian\\\/\"]}]},{\"@type\":\"ImageObject\",\"inLanguage\":\"sq-AL\",\"@id\":\"https:\\\/\\\/fjala.info\\\/2009-2015\\\/100-gra-dhe-nje-berishe-sipas-forbes-it-dhe-forbesi-e-paraja-sipas-the-guardian\\\/#primaryimage\",\"url\":\"http:\\\/\\\/www.fjala.info\\\/2012\\\/berisha_and_forbes.jpg\",\"contentUrl\":\"http:\\\/\\\/www.fjala.info\\\/2012\\\/berisha_and_forbes.jpg\"},{\"@type\":\"BreadcrumbList\",\"@id\":\"https:\\\/\\\/fjala.info\\\/2009-2015\\\/100-gra-dhe-nje-berishe-sipas-forbes-it-dhe-forbesi-e-paraja-sipas-the-guardian\\\/#breadcrumb\",\"itemListElement\":[{\"@type\":\"ListItem\",\"position\":1,\"name\":\"Home\",\"item\":\"https:\\\/\\\/fjala.info\\\/2009-2015\\\/\"},{\"@type\":\"ListItem\",\"position\":2,\"name\":\"100 gra (dhe nj\u00eb&#8230; Berish\u00eb) sipas Forbes-it. Dhe Forbesi e paraja sipas &#8216;The Guardian&#8217;\"}]},{\"@type\":\"WebSite\",\"@id\":\"https:\\\/\\\/fjala.info\\\/2009-2015\\\/#website\",\"url\":\"https:\\\/\\\/fjala.info\\\/2009-2015\\\/\",\"name\":\"FjALA e LIR\u00cb - Arkivi\",\"description\":\"Arkivi 2009-2015\",\"publisher\":{\"@id\":\"https:\\\/\\\/fjala.info\\\/2009-2015\\\/#organization\"},\"potentialAction\":[{\"@type\":\"SearchAction\",\"target\":{\"@type\":\"EntryPoint\",\"urlTemplate\":\"https:\\\/\\\/fjala.info\\\/2009-2015\\\/?s={search_term_string}\"},\"query-input\":{\"@type\":\"PropertyValueSpecification\",\"valueRequired\":true,\"valueName\":\"search_term_string\"}}],\"inLanguage\":\"sq-AL\"},{\"@type\":\"Organization\",\"@id\":\"https:\\\/\\\/fjala.info\\\/2009-2015\\\/#organization\",\"name\":\"FjALA e LIR\u00cb - Arkivi\",\"url\":\"https:\\\/\\\/fjala.info\\\/2009-2015\\\/\",\"logo\":{\"@type\":\"ImageObject\",\"inLanguage\":\"sq-AL\",\"@id\":\"https:\\\/\\\/fjala.info\\\/2009-2015\\\/#\\\/schema\\\/logo\\\/image\\\/\",\"url\":\"\",\"contentUrl\":\"\",\"caption\":\"FjALA e LIR\u00cb - Arkivi\"},\"image\":{\"@id\":\"https:\\\/\\\/fjala.info\\\/2009-2015\\\/#\\\/schema\\\/logo\\\/image\\\/\"}},{\"@type\":\"Person\",\"@id\":\"https:\\\/\\\/fjala.info\\\/2009-2015\\\/#\\\/schema\\\/person\\\/3aa1163ef05469c496fc94e77611ada2\",\"name\":\"admin\",\"image\":{\"@type\":\"ImageObject\",\"inLanguage\":\"sq-AL\",\"@id\":\"https:\\\/\\\/fjala.info\\\/2009-2015\\\/wp-content\\\/uploads\\\/2012\\\/02\\\/arben_cokaj-120x150.jpg\",\"url\":\"https:\\\/\\\/fjala.info\\\/2009-2015\\\/wp-content\\\/uploads\\\/2012\\\/02\\\/arben_cokaj-120x150.jpg\",\"contentUrl\":\"https:\\\/\\\/fjala.info\\\/2009-2015\\\/wp-content\\\/uploads\\\/2012\\\/02\\\/arben_cokaj-120x150.jpg\",\"caption\":\"admin\"},\"description\":\"Admin, Fjala e Lir\u00eb\",\"sameAs\":[\"https:\\\/\\\/fjala.info\\\/\"],\"url\":\"https:\\\/\\\/fjala.info\\\/2009-2015\\\/author\\\/admin\\\/\"}]}<\/script>\n<!-- \/ Yoast SEO plugin. -->","yoast_head_json":{"title":"100 gra (dhe nj\u00eb... Berish\u00eb) sipas Forbes-it. Dhe Forbesi e paraja sipas 'The Guardian' - FjALA e LIR\u00cb - Arkivi","robots":{"index":"index","follow":"follow","max-snippet":"max-snippet:-1","max-image-preview":"max-image-preview:large","max-video-preview":"max-video-preview:-1"},"canonical":"https:\/\/fjala.info\/2009-2015\/100-gra-dhe-nje-berishe-sipas-forbes-it-dhe-forbesi-e-paraja-sipas-the-guardian\/","og_locale":"sq_AL","og_type":"article","og_title":"100 gra (dhe nj\u00eb... Berish\u00eb) sipas Forbes-it. Dhe Forbesi e paraja sipas 'The Guardian' - FjALA e LIR\u00cb - Arkivi","og_description":"ResPublica.al, 2 shtator 2012 Forbes ka shpallur k\u00ebto dit\u00eb list\u00ebn e 100 grave m\u00eb t\u00eb fuqishme n\u00eb bot\u00eb. Angela Merkel \u00ebsht\u00eb n\u00eb krye, sekretarja amerikane e Shtetit, Hillari Klinton, \u00ebsht\u00eb renditur e dyta, nd\u00ebrsa pas saj ka z\u00ebn\u00eb vend presidentja e Brazilit, Dilma Rousef. N\u00eb top-pes\u00ebshen e par\u00eb ndodhen edhe Melinda Gejts, bashk\u00ebudh\u00ebheq\u00ebse e Fondacionit [&hellip;]","og_url":"https:\/\/fjala.info\/2009-2015\/100-gra-dhe-nje-berishe-sipas-forbes-it-dhe-forbesi-e-paraja-sipas-the-guardian\/","og_site_name":"FjALA e LIR\u00cb - Arkivi","article_published_time":"2012-09-03T07:28:45+00:00","og_image":[{"url":"http:\/\/www.fjala.info\/2012\/berisha_and_forbes.jpg","type":"","width":"","height":""}],"author":"admin","twitter_card":"summary_large_image","twitter_misc":{"Written by":"admin","Est. reading time":"2 minutes"},"schema":{"@context":"https:\/\/schema.org","@graph":[{"@type":"Article","@id":"https:\/\/fjala.info\/2009-2015\/100-gra-dhe-nje-berishe-sipas-forbes-it-dhe-forbesi-e-paraja-sipas-the-guardian\/#article","isPartOf":{"@id":"https:\/\/fjala.info\/2009-2015\/100-gra-dhe-nje-berishe-sipas-forbes-it-dhe-forbesi-e-paraja-sipas-the-guardian\/"},"author":{"name":"admin","@id":"https:\/\/fjala.info\/2009-2015\/#\/schema\/person\/3aa1163ef05469c496fc94e77611ada2"},"headline":"100 gra (dhe nj\u00eb&#8230; Berish\u00eb) sipas Forbes-it. Dhe Forbesi e paraja sipas &#8216;The Guardian&#8217;","datePublished":"2012-09-03T07:28:45+00:00","mainEntityOfPage":{"@id":"https:\/\/fjala.info\/2009-2015\/100-gra-dhe-nje-berishe-sipas-forbes-it-dhe-forbesi-e-paraja-sipas-the-guardian\/"},"wordCount":500,"commentCount":0,"publisher":{"@id":"https:\/\/fjala.info\/2009-2015\/#organization"},"image":{"@id":"https:\/\/fjala.info\/2009-2015\/100-gra-dhe-nje-berishe-sipas-forbes-it-dhe-forbesi-e-paraja-sipas-the-guardian\/#primaryimage"},"thumbnailUrl":"http:\/\/www.fjala.info\/2012\/berisha_and_forbes.jpg","articleSection":["Artikuj"],"inLanguage":"sq-AL","potentialAction":[{"@type":"CommentAction","name":"Comment","target":["https:\/\/fjala.info\/2009-2015\/100-gra-dhe-nje-berishe-sipas-forbes-it-dhe-forbesi-e-paraja-sipas-the-guardian\/#respond"]}]},{"@type":"WebPage","@id":"https:\/\/fjala.info\/2009-2015\/100-gra-dhe-nje-berishe-sipas-forbes-it-dhe-forbesi-e-paraja-sipas-the-guardian\/","url":"https:\/\/fjala.info\/2009-2015\/100-gra-dhe-nje-berishe-sipas-forbes-it-dhe-forbesi-e-paraja-sipas-the-guardian\/","name":"100 gra (dhe nj\u00eb... Berish\u00eb) sipas Forbes-it. Dhe Forbesi e paraja sipas 'The Guardian' - FjALA e LIR\u00cb - Arkivi","isPartOf":{"@id":"https:\/\/fjala.info\/2009-2015\/#website"},"primaryImageOfPage":{"@id":"https:\/\/fjala.info\/2009-2015\/100-gra-dhe-nje-berishe-sipas-forbes-it-dhe-forbesi-e-paraja-sipas-the-guardian\/#primaryimage"},"image":{"@id":"https:\/\/fjala.info\/2009-2015\/100-gra-dhe-nje-berishe-sipas-forbes-it-dhe-forbesi-e-paraja-sipas-the-guardian\/#primaryimage"},"thumbnailUrl":"http:\/\/www.fjala.info\/2012\/berisha_and_forbes.jpg","datePublished":"2012-09-03T07:28:45+00:00","breadcrumb":{"@id":"https:\/\/fjala.info\/2009-2015\/100-gra-dhe-nje-berishe-sipas-forbes-it-dhe-forbesi-e-paraja-sipas-the-guardian\/#breadcrumb"},"inLanguage":"sq-AL","potentialAction":[{"@type":"ReadAction","target":["https:\/\/fjala.info\/2009-2015\/100-gra-dhe-nje-berishe-sipas-forbes-it-dhe-forbesi-e-paraja-sipas-the-guardian\/"]}]},{"@type":"ImageObject","inLanguage":"sq-AL","@id":"https:\/\/fjala.info\/2009-2015\/100-gra-dhe-nje-berishe-sipas-forbes-it-dhe-forbesi-e-paraja-sipas-the-guardian\/#primaryimage","url":"http:\/\/www.fjala.info\/2012\/berisha_and_forbes.jpg","contentUrl":"http:\/\/www.fjala.info\/2012\/berisha_and_forbes.jpg"},{"@type":"BreadcrumbList","@id":"https:\/\/fjala.info\/2009-2015\/100-gra-dhe-nje-berishe-sipas-forbes-it-dhe-forbesi-e-paraja-sipas-the-guardian\/#breadcrumb","itemListElement":[{"@type":"ListItem","position":1,"name":"Home","item":"https:\/\/fjala.info\/2009-2015\/"},{"@type":"ListItem","position":2,"name":"100 gra (dhe nj\u00eb&#8230; Berish\u00eb) sipas Forbes-it. Dhe Forbesi e paraja sipas &#8216;The Guardian&#8217;"}]},{"@type":"WebSite","@id":"https:\/\/fjala.info\/2009-2015\/#website","url":"https:\/\/fjala.info\/2009-2015\/","name":"FjALA e LIR\u00cb - Arkivi","description":"Arkivi 2009-2015","publisher":{"@id":"https:\/\/fjala.info\/2009-2015\/#organization"},"potentialAction":[{"@type":"SearchAction","target":{"@type":"EntryPoint","urlTemplate":"https:\/\/fjala.info\/2009-2015\/?s={search_term_string}"},"query-input":{"@type":"PropertyValueSpecification","valueRequired":true,"valueName":"search_term_string"}}],"inLanguage":"sq-AL"},{"@type":"Organization","@id":"https:\/\/fjala.info\/2009-2015\/#organization","name":"FjALA e LIR\u00cb - Arkivi","url":"https:\/\/fjala.info\/2009-2015\/","logo":{"@type":"ImageObject","inLanguage":"sq-AL","@id":"https:\/\/fjala.info\/2009-2015\/#\/schema\/logo\/image\/","url":"","contentUrl":"","caption":"FjALA e LIR\u00cb - Arkivi"},"image":{"@id":"https:\/\/fjala.info\/2009-2015\/#\/schema\/logo\/image\/"}},{"@type":"Person","@id":"https:\/\/fjala.info\/2009-2015\/#\/schema\/person\/3aa1163ef05469c496fc94e77611ada2","name":"admin","image":{"@type":"ImageObject","inLanguage":"sq-AL","@id":"https:\/\/fjala.info\/2009-2015\/wp-content\/uploads\/2012\/02\/arben_cokaj-120x150.jpg","url":"https:\/\/fjala.info\/2009-2015\/wp-content\/uploads\/2012\/02\/arben_cokaj-120x150.jpg","contentUrl":"https:\/\/fjala.info\/2009-2015\/wp-content\/uploads\/2012\/02\/arben_cokaj-120x150.jpg","caption":"admin"},"description":"Admin, Fjala e Lir\u00eb","sameAs":["https:\/\/fjala.info\/"],"url":"https:\/\/fjala.info\/2009-2015\/author\/admin\/"}]}},"_links":{"self":[{"href":"https:\/\/fjala.info\/2009-2015\/wp-json\/wp\/v2\/posts\/12067","targetHints":{"allow":["GET"]}}],"collection":[{"href":"https:\/\/fjala.info\/2009-2015\/wp-json\/wp\/v2\/posts"}],"about":[{"href":"https:\/\/fjala.info\/2009-2015\/wp-json\/wp\/v2\/types\/post"}],"author":[{"embeddable":true,"href":"https:\/\/fjala.info\/2009-2015\/wp-json\/wp\/v2\/users\/1"}],"replies":[{"embeddable":true,"href":"https:\/\/fjala.info\/2009-2015\/wp-json\/wp\/v2\/comments?post=12067"}],"version-history":[{"count":0,"href":"https:\/\/fjala.info\/2009-2015\/wp-json\/wp\/v2\/posts\/12067\/revisions"}],"wp:attachment":[{"href":"https:\/\/fjala.info\/2009-2015\/wp-json\/wp\/v2\/media?parent=12067"}],"wp:term":[{"taxonomy":"category","embeddable":true,"href":"https:\/\/fjala.info\/2009-2015\/wp-json\/wp\/v2\/categories?post=12067"},{"taxonomy":"post_tag","embeddable":true,"href":"https:\/\/fjala.info\/2009-2015\/wp-json\/wp\/v2\/tags?post=12067"}],"curies":[{"name":"wp","href":"https:\/\/api.w.org\/{rel}","templated":true}]}}