{"id":12066,"date":"2012-09-03T08:14:14","date_gmt":"2012-09-03T07:14:14","guid":{"rendered":"http:\/\/www.fjala.info\/?p=4777"},"modified":"2012-09-03T08:14:14","modified_gmt":"2012-09-03T07:14:14","slug":"a-eshte-shqiperia-nje-vend-mysliman-vehbiu-flet-per-klishe-te-qellimshme-prej-se-ciles-dikush-fiton-para-ne-dore","status":"publish","type":"post","link":"https:\/\/fjala.info\/2009-2015\/a-eshte-shqiperia-nje-vend-mysliman-vehbiu-flet-per-klishe-te-qellimshme-prej-se-ciles-dikush-fiton-para-ne-dore\/","title":{"rendered":"A \u00ebsht\u00eb Shqip\u00ebria &#8220;nj\u00eb vend mysliman&#8221;? Vehbiu flet p\u00ebr klishe t\u00eb q\u00ebllimshme prej s\u00eb cil\u00ebs dikush fiton &#8216;para n\u00eb dor\u00eb&#8217;"},"content":{"rendered":"<p><img decoding=\"async\" class=\"alignright size-thumbnail wp-image-7236\" title=\"Shqiperia - vend tolerant\" src=\"http:\/\/www.fjala.info\/2012\/shqiperia_vend_tolerant.jpg\" alt=\"\" width=\"300\" \/> <strong>ResPublica.al<\/strong>, <em>2 shtator 2012<\/em><\/p>\n<p>Shqip\u00ebria, vendi m\u00eb tolerant mysliman, lexohej sot nj\u00eb titull te Gazeta Shqiptare, i nj\u00eb artikulli kushtuar fotografit Joseph Coudelka. Artikulli, (por jo vet\u00ebm ai) I ka t\u00ebrhequr v\u00ebmendjen Ardian Vehbiut, i cili n\u00eb blogun e vet Peizazhe t\u00eb Fjal\u00ebs shkruan:<\/p>\n<p>&#8220;E pav\u00ebrteta e Shqip\u00ebris\u00eb vend mysliman, tashm\u00eb e shnd\u00ebrruar n\u00eb klishe, po qarkullon lirisht n\u00eb mediat per\u00ebndimore dhe shqiptare, pas gjase edhe e nxitur nga interesa q\u00eb me Shqip\u00ebrin\u00eb e shqiptar\u00ebt nuk kan\u00eb t\u00eb b\u00ebjn\u00eb fare, por q\u00eb duan t\u2019i p\u00ebrdorin si fam\u00ebkeqin \u201ckopsht t\u00eb lul\u00ebzuar\u201d buz\u00eb Adriatikut, t\u00eb Hrushovit. Shqip\u00ebria nuk \u00ebsht\u00eb vend mysliman; madje sot p\u00ebr sot nuk dim\u00eb as n\u00ebse \u00ebsht\u00eb vend me shumic\u00ebn e popullsis\u00eb myslimane, sa koh\u00eb q\u00eb qeveria e tanishme nuk \u00ebsht\u00eb n\u00eb gjendje t\u00eb kryej\u00eb nj\u00eb regjistrim popullsie t\u00eb besuesh\u00ebm\u2026&#8221;.<\/p>\n<p>Vehbiu mendon se nj\u00eb gj\u00eb jan\u00eb mysliman\u00ebt shqiptar\u00eb t\u00eb virtytsh\u00ebm, t\u00eb hapur ndaj Tjetrit, t\u00eb m\u00ebsuar me diversitetin dhe bashk\u00ebjetes\u00ebn; dhe nj\u00eb gj\u00eb tjet\u00ebr natyra fetare e Shqip\u00ebris\u00eb, si shtet ose vend.<\/p>\n<p>K\u00ebmb\u00ebngul Vehbiu: &#8220;\u2026Shqip\u00ebria nuk \u00ebsht\u00eb vend mysliman; institucionet shtet\u00ebrore nuk kan\u00eb ndonj\u00eb marr\u00ebdh\u00ebnie t\u00eb privilegjiuar me Islamin, as kushtetuta dhe legjislacioni shqiptar ndonj\u00eb lidhje me Sheriatin, as shkolla laike shqiptare etj..<\/p>\n<p>P\u00ebrkundrazi, ka nj\u00eb marr\u00ebdh\u00ebnie t\u00eb drejtp\u00ebrdrejt\u00eb midis faktit q\u00eb mysliman\u00ebt shqiptar\u00eb jan\u00eb shquar si faktor stabiliteti dhe tolerance n\u00eb shoq\u00ebrin\u00eb shqiptare, dhe faktit tjet\u00ebr, q\u00eb Shqip\u00ebria \u00ebsht\u00eb vend laik, ku shteti dhe fet\u00eb nuk p\u00ebrzihen n\u00eb pun\u00ebt e nj\u00ebra-tjetr\u00ebs.&#8221; \u2013 dhe e mbyll me bindjen se dikush p\u00ebrfiton nga gjith\u00eb kjo: &#8220;\u2026Natyrisht, nuk ka asnj\u00eb t\u00eb keqe t\u00eb jesh vend mysliman; e keqja \u00ebsht\u00eb kur nj\u00eb vend q\u00eb nuk \u00ebsht\u00eb mysliman, cil\u00ebsohet si i till\u00eb p\u00ebr arsye ideologjike dhe manipulative; dhe sidomos kur pushtete dhe interesa t\u00eb caktuara, brenda Shqip\u00ebris\u00eb, duan t\u00eb p\u00ebrfitojn\u00eb nga kjo, qoft\u00eb edhe thjesht par\u00e1 n\u00eb dor\u00eb\u2026&#8221; \u2013 shkruan Vehbiu<\/p>\n<p>(A.N.)<\/p>\n","protected":false},"excerpt":{"rendered":"<p>ResPublica.al, 2 shtator 2012 Shqip\u00ebria, vendi m\u00eb tolerant mysliman, lexohej sot nj\u00eb titull te Gazeta Shqiptare, i nj\u00eb artikulli kushtuar fotografit Joseph Coudelka. Artikulli, (por jo vet\u00ebm ai) I ka t\u00ebrhequr v\u00ebmendjen Ardian Vehbiut, i cili n\u00eb blogun e vet Peizazhe t\u00eb Fjal\u00ebs shkruan: &#8220;E pav\u00ebrteta e Shqip\u00ebris\u00eb vend mysliman, tashm\u00eb e shnd\u00ebrruar n\u00eb klishe, [&hellip;]<\/p>\n","protected":false},"author":1,"featured_media":0,"comment_status":"open","ping_status":"closed","sticky":false,"template":"","format":"standard","meta":{"footnotes":""},"categories":[2],"tags":[],"class_list":{"0":"post-12066","1":"post","2":"type-post","3":"status-publish","4":"format-standard","6":"category-artikuj"},"yoast_head":"<!-- This site is optimized with the Yoast SEO plugin v27.4 - https:\/\/yoast.com\/product\/yoast-seo-wordpress\/ -->\n<title>A \u00ebsht\u00eb Shqip\u00ebria &quot;nj\u00eb vend mysliman&quot;? Vehbiu flet p\u00ebr klishe t\u00eb q\u00ebllimshme prej s\u00eb cil\u00ebs dikush fiton &#039;para n\u00eb dor\u00eb&#039; - FjALA e LIR\u00cb - Arkivi<\/title>\n<meta name=\"robots\" content=\"index, follow, max-snippet:-1, max-image-preview:large, max-video-preview:-1\" \/>\n<link rel=\"canonical\" href=\"https:\/\/fjala.info\/2009-2015\/a-eshte-shqiperia-nje-vend-mysliman-vehbiu-flet-per-klishe-te-qellimshme-prej-se-ciles-dikush-fiton-para-ne-dore\/\" \/>\n<meta property=\"og:locale\" content=\"sq_AL\" \/>\n<meta property=\"og:type\" content=\"article\" \/>\n<meta property=\"og:title\" content=\"A \u00ebsht\u00eb Shqip\u00ebria &quot;nj\u00eb vend mysliman&quot;? Vehbiu flet p\u00ebr klishe t\u00eb q\u00ebllimshme prej s\u00eb cil\u00ebs dikush fiton &#039;para n\u00eb dor\u00eb&#039; - FjALA e LIR\u00cb - Arkivi\" \/>\n<meta property=\"og:description\" content=\"ResPublica.al, 2 shtator 2012 Shqip\u00ebria, vendi m\u00eb tolerant mysliman, lexohej sot nj\u00eb titull te Gazeta Shqiptare, i nj\u00eb artikulli kushtuar fotografit Joseph Coudelka. Artikulli, (por jo vet\u00ebm ai) I ka t\u00ebrhequr v\u00ebmendjen Ardian Vehbiut, i cili n\u00eb blogun e vet Peizazhe t\u00eb Fjal\u00ebs shkruan: &#8220;E pav\u00ebrteta e Shqip\u00ebris\u00eb vend mysliman, tashm\u00eb e shnd\u00ebrruar n\u00eb klishe, [&hellip;]\" \/>\n<meta property=\"og:url\" content=\"https:\/\/fjala.info\/2009-2015\/a-eshte-shqiperia-nje-vend-mysliman-vehbiu-flet-per-klishe-te-qellimshme-prej-se-ciles-dikush-fiton-para-ne-dore\/\" \/>\n<meta property=\"og:site_name\" content=\"FjALA e LIR\u00cb - Arkivi\" \/>\n<meta property=\"article:published_time\" content=\"2012-09-03T07:14:14+00:00\" \/>\n<meta property=\"og:image\" content=\"http:\/\/www.fjala.info\/2012\/shqiperia_vend_tolerant.jpg\" \/>\n<meta name=\"author\" content=\"admin\" \/>\n<meta name=\"twitter:card\" content=\"summary_large_image\" \/>\n<meta name=\"twitter:label1\" content=\"Written by\" \/>\n\t<meta name=\"twitter:data1\" content=\"admin\" \/>\n\t<meta name=\"twitter:label2\" content=\"Est. reading time\" \/>\n\t<meta name=\"twitter:data2\" content=\"2 minutes\" \/>\n<script type=\"application\/ld+json\" class=\"yoast-schema-graph\">{\"@context\":\"https:\\\/\\\/schema.org\",\"@graph\":[{\"@type\":\"Article\",\"@id\":\"https:\\\/\\\/fjala.info\\\/2009-2015\\\/a-eshte-shqiperia-nje-vend-mysliman-vehbiu-flet-per-klishe-te-qellimshme-prej-se-ciles-dikush-fiton-para-ne-dore\\\/#article\",\"isPartOf\":{\"@id\":\"https:\\\/\\\/fjala.info\\\/2009-2015\\\/a-eshte-shqiperia-nje-vend-mysliman-vehbiu-flet-per-klishe-te-qellimshme-prej-se-ciles-dikush-fiton-para-ne-dore\\\/\"},\"author\":{\"name\":\"admin\",\"@id\":\"https:\\\/\\\/fjala.info\\\/2009-2015\\\/#\\\/schema\\\/person\\\/3aa1163ef05469c496fc94e77611ada2\"},\"headline\":\"A \u00ebsht\u00eb Shqip\u00ebria &#8220;nj\u00eb vend mysliman&#8221;? Vehbiu flet p\u00ebr klishe t\u00eb q\u00ebllimshme prej s\u00eb cil\u00ebs dikush fiton &#8216;para n\u00eb dor\u00eb&#8217;\",\"datePublished\":\"2012-09-03T07:14:14+00:00\",\"mainEntityOfPage\":{\"@id\":\"https:\\\/\\\/fjala.info\\\/2009-2015\\\/a-eshte-shqiperia-nje-vend-mysliman-vehbiu-flet-per-klishe-te-qellimshme-prej-se-ciles-dikush-fiton-para-ne-dore\\\/\"},\"wordCount\":372,\"commentCount\":0,\"publisher\":{\"@id\":\"https:\\\/\\\/fjala.info\\\/2009-2015\\\/#organization\"},\"image\":{\"@id\":\"https:\\\/\\\/fjala.info\\\/2009-2015\\\/a-eshte-shqiperia-nje-vend-mysliman-vehbiu-flet-per-klishe-te-qellimshme-prej-se-ciles-dikush-fiton-para-ne-dore\\\/#primaryimage\"},\"thumbnailUrl\":\"http:\\\/\\\/www.fjala.info\\\/2012\\\/shqiperia_vend_tolerant.jpg\",\"articleSection\":[\"Artikuj\"],\"inLanguage\":\"sq-AL\",\"potentialAction\":[{\"@type\":\"CommentAction\",\"name\":\"Comment\",\"target\":[\"https:\\\/\\\/fjala.info\\\/2009-2015\\\/a-eshte-shqiperia-nje-vend-mysliman-vehbiu-flet-per-klishe-te-qellimshme-prej-se-ciles-dikush-fiton-para-ne-dore\\\/#respond\"]}]},{\"@type\":\"WebPage\",\"@id\":\"https:\\\/\\\/fjala.info\\\/2009-2015\\\/a-eshte-shqiperia-nje-vend-mysliman-vehbiu-flet-per-klishe-te-qellimshme-prej-se-ciles-dikush-fiton-para-ne-dore\\\/\",\"url\":\"https:\\\/\\\/fjala.info\\\/2009-2015\\\/a-eshte-shqiperia-nje-vend-mysliman-vehbiu-flet-per-klishe-te-qellimshme-prej-se-ciles-dikush-fiton-para-ne-dore\\\/\",\"name\":\"A \u00ebsht\u00eb Shqip\u00ebria \\\"nj\u00eb vend mysliman\\\"? Vehbiu flet p\u00ebr klishe t\u00eb q\u00ebllimshme prej s\u00eb cil\u00ebs dikush fiton 'para n\u00eb dor\u00eb' - FjALA e LIR\u00cb - Arkivi\",\"isPartOf\":{\"@id\":\"https:\\\/\\\/fjala.info\\\/2009-2015\\\/#website\"},\"primaryImageOfPage\":{\"@id\":\"https:\\\/\\\/fjala.info\\\/2009-2015\\\/a-eshte-shqiperia-nje-vend-mysliman-vehbiu-flet-per-klishe-te-qellimshme-prej-se-ciles-dikush-fiton-para-ne-dore\\\/#primaryimage\"},\"image\":{\"@id\":\"https:\\\/\\\/fjala.info\\\/2009-2015\\\/a-eshte-shqiperia-nje-vend-mysliman-vehbiu-flet-per-klishe-te-qellimshme-prej-se-ciles-dikush-fiton-para-ne-dore\\\/#primaryimage\"},\"thumbnailUrl\":\"http:\\\/\\\/www.fjala.info\\\/2012\\\/shqiperia_vend_tolerant.jpg\",\"datePublished\":\"2012-09-03T07:14:14+00:00\",\"breadcrumb\":{\"@id\":\"https:\\\/\\\/fjala.info\\\/2009-2015\\\/a-eshte-shqiperia-nje-vend-mysliman-vehbiu-flet-per-klishe-te-qellimshme-prej-se-ciles-dikush-fiton-para-ne-dore\\\/#breadcrumb\"},\"inLanguage\":\"sq-AL\",\"potentialAction\":[{\"@type\":\"ReadAction\",\"target\":[\"https:\\\/\\\/fjala.info\\\/2009-2015\\\/a-eshte-shqiperia-nje-vend-mysliman-vehbiu-flet-per-klishe-te-qellimshme-prej-se-ciles-dikush-fiton-para-ne-dore\\\/\"]}]},{\"@type\":\"ImageObject\",\"inLanguage\":\"sq-AL\",\"@id\":\"https:\\\/\\\/fjala.info\\\/2009-2015\\\/a-eshte-shqiperia-nje-vend-mysliman-vehbiu-flet-per-klishe-te-qellimshme-prej-se-ciles-dikush-fiton-para-ne-dore\\\/#primaryimage\",\"url\":\"http:\\\/\\\/www.fjala.info\\\/2012\\\/shqiperia_vend_tolerant.jpg\",\"contentUrl\":\"http:\\\/\\\/www.fjala.info\\\/2012\\\/shqiperia_vend_tolerant.jpg\"},{\"@type\":\"BreadcrumbList\",\"@id\":\"https:\\\/\\\/fjala.info\\\/2009-2015\\\/a-eshte-shqiperia-nje-vend-mysliman-vehbiu-flet-per-klishe-te-qellimshme-prej-se-ciles-dikush-fiton-para-ne-dore\\\/#breadcrumb\",\"itemListElement\":[{\"@type\":\"ListItem\",\"position\":1,\"name\":\"Home\",\"item\":\"https:\\\/\\\/fjala.info\\\/2009-2015\\\/\"},{\"@type\":\"ListItem\",\"position\":2,\"name\":\"A \u00ebsht\u00eb Shqip\u00ebria &#8220;nj\u00eb vend mysliman&#8221;? Vehbiu flet p\u00ebr klishe t\u00eb q\u00ebllimshme prej s\u00eb cil\u00ebs dikush fiton &#8216;para n\u00eb dor\u00eb&#8217;\"}]},{\"@type\":\"WebSite\",\"@id\":\"https:\\\/\\\/fjala.info\\\/2009-2015\\\/#website\",\"url\":\"https:\\\/\\\/fjala.info\\\/2009-2015\\\/\",\"name\":\"FjALA e LIR\u00cb - Arkivi\",\"description\":\"Arkivi 2009-2015\",\"publisher\":{\"@id\":\"https:\\\/\\\/fjala.info\\\/2009-2015\\\/#organization\"},\"potentialAction\":[{\"@type\":\"SearchAction\",\"target\":{\"@type\":\"EntryPoint\",\"urlTemplate\":\"https:\\\/\\\/fjala.info\\\/2009-2015\\\/?s={search_term_string}\"},\"query-input\":{\"@type\":\"PropertyValueSpecification\",\"valueRequired\":true,\"valueName\":\"search_term_string\"}}],\"inLanguage\":\"sq-AL\"},{\"@type\":\"Organization\",\"@id\":\"https:\\\/\\\/fjala.info\\\/2009-2015\\\/#organization\",\"name\":\"FjALA e LIR\u00cb - Arkivi\",\"url\":\"https:\\\/\\\/fjala.info\\\/2009-2015\\\/\",\"logo\":{\"@type\":\"ImageObject\",\"inLanguage\":\"sq-AL\",\"@id\":\"https:\\\/\\\/fjala.info\\\/2009-2015\\\/#\\\/schema\\\/logo\\\/image\\\/\",\"url\":\"\",\"contentUrl\":\"\",\"caption\":\"FjALA e LIR\u00cb - Arkivi\"},\"image\":{\"@id\":\"https:\\\/\\\/fjala.info\\\/2009-2015\\\/#\\\/schema\\\/logo\\\/image\\\/\"}},{\"@type\":\"Person\",\"@id\":\"https:\\\/\\\/fjala.info\\\/2009-2015\\\/#\\\/schema\\\/person\\\/3aa1163ef05469c496fc94e77611ada2\",\"name\":\"admin\",\"image\":{\"@type\":\"ImageObject\",\"inLanguage\":\"sq-AL\",\"@id\":\"https:\\\/\\\/fjala.info\\\/2009-2015\\\/wp-content\\\/uploads\\\/2012\\\/02\\\/arben_cokaj-120x150.jpg\",\"url\":\"https:\\\/\\\/fjala.info\\\/2009-2015\\\/wp-content\\\/uploads\\\/2012\\\/02\\\/arben_cokaj-120x150.jpg\",\"contentUrl\":\"https:\\\/\\\/fjala.info\\\/2009-2015\\\/wp-content\\\/uploads\\\/2012\\\/02\\\/arben_cokaj-120x150.jpg\",\"caption\":\"admin\"},\"description\":\"Admin, Fjala e Lir\u00eb\",\"sameAs\":[\"https:\\\/\\\/fjala.info\\\/\"],\"url\":\"https:\\\/\\\/fjala.info\\\/2009-2015\\\/author\\\/admin\\\/\"}]}<\/script>\n<!-- \/ Yoast SEO plugin. -->","yoast_head_json":{"title":"A \u00ebsht\u00eb Shqip\u00ebria \"nj\u00eb vend mysliman\"? Vehbiu flet p\u00ebr klishe t\u00eb q\u00ebllimshme prej s\u00eb cil\u00ebs dikush fiton 'para n\u00eb dor\u00eb' - FjALA e LIR\u00cb - Arkivi","robots":{"index":"index","follow":"follow","max-snippet":"max-snippet:-1","max-image-preview":"max-image-preview:large","max-video-preview":"max-video-preview:-1"},"canonical":"https:\/\/fjala.info\/2009-2015\/a-eshte-shqiperia-nje-vend-mysliman-vehbiu-flet-per-klishe-te-qellimshme-prej-se-ciles-dikush-fiton-para-ne-dore\/","og_locale":"sq_AL","og_type":"article","og_title":"A \u00ebsht\u00eb Shqip\u00ebria \"nj\u00eb vend mysliman\"? Vehbiu flet p\u00ebr klishe t\u00eb q\u00ebllimshme prej s\u00eb cil\u00ebs dikush fiton 'para n\u00eb dor\u00eb' - FjALA e LIR\u00cb - Arkivi","og_description":"ResPublica.al, 2 shtator 2012 Shqip\u00ebria, vendi m\u00eb tolerant mysliman, lexohej sot nj\u00eb titull te Gazeta Shqiptare, i nj\u00eb artikulli kushtuar fotografit Joseph Coudelka. Artikulli, (por jo vet\u00ebm ai) I ka t\u00ebrhequr v\u00ebmendjen Ardian Vehbiut, i cili n\u00eb blogun e vet Peizazhe t\u00eb Fjal\u00ebs shkruan: &#8220;E pav\u00ebrteta e Shqip\u00ebris\u00eb vend mysliman, tashm\u00eb e shnd\u00ebrruar n\u00eb klishe, [&hellip;]","og_url":"https:\/\/fjala.info\/2009-2015\/a-eshte-shqiperia-nje-vend-mysliman-vehbiu-flet-per-klishe-te-qellimshme-prej-se-ciles-dikush-fiton-para-ne-dore\/","og_site_name":"FjALA e LIR\u00cb - Arkivi","article_published_time":"2012-09-03T07:14:14+00:00","og_image":[{"url":"http:\/\/www.fjala.info\/2012\/shqiperia_vend_tolerant.jpg","type":"","width":"","height":""}],"author":"admin","twitter_card":"summary_large_image","twitter_misc":{"Written by":"admin","Est. reading time":"2 minutes"},"schema":{"@context":"https:\/\/schema.org","@graph":[{"@type":"Article","@id":"https:\/\/fjala.info\/2009-2015\/a-eshte-shqiperia-nje-vend-mysliman-vehbiu-flet-per-klishe-te-qellimshme-prej-se-ciles-dikush-fiton-para-ne-dore\/#article","isPartOf":{"@id":"https:\/\/fjala.info\/2009-2015\/a-eshte-shqiperia-nje-vend-mysliman-vehbiu-flet-per-klishe-te-qellimshme-prej-se-ciles-dikush-fiton-para-ne-dore\/"},"author":{"name":"admin","@id":"https:\/\/fjala.info\/2009-2015\/#\/schema\/person\/3aa1163ef05469c496fc94e77611ada2"},"headline":"A \u00ebsht\u00eb Shqip\u00ebria &#8220;nj\u00eb vend mysliman&#8221;? Vehbiu flet p\u00ebr klishe t\u00eb q\u00ebllimshme prej s\u00eb cil\u00ebs dikush fiton &#8216;para n\u00eb dor\u00eb&#8217;","datePublished":"2012-09-03T07:14:14+00:00","mainEntityOfPage":{"@id":"https:\/\/fjala.info\/2009-2015\/a-eshte-shqiperia-nje-vend-mysliman-vehbiu-flet-per-klishe-te-qellimshme-prej-se-ciles-dikush-fiton-para-ne-dore\/"},"wordCount":372,"commentCount":0,"publisher":{"@id":"https:\/\/fjala.info\/2009-2015\/#organization"},"image":{"@id":"https:\/\/fjala.info\/2009-2015\/a-eshte-shqiperia-nje-vend-mysliman-vehbiu-flet-per-klishe-te-qellimshme-prej-se-ciles-dikush-fiton-para-ne-dore\/#primaryimage"},"thumbnailUrl":"http:\/\/www.fjala.info\/2012\/shqiperia_vend_tolerant.jpg","articleSection":["Artikuj"],"inLanguage":"sq-AL","potentialAction":[{"@type":"CommentAction","name":"Comment","target":["https:\/\/fjala.info\/2009-2015\/a-eshte-shqiperia-nje-vend-mysliman-vehbiu-flet-per-klishe-te-qellimshme-prej-se-ciles-dikush-fiton-para-ne-dore\/#respond"]}]},{"@type":"WebPage","@id":"https:\/\/fjala.info\/2009-2015\/a-eshte-shqiperia-nje-vend-mysliman-vehbiu-flet-per-klishe-te-qellimshme-prej-se-ciles-dikush-fiton-para-ne-dore\/","url":"https:\/\/fjala.info\/2009-2015\/a-eshte-shqiperia-nje-vend-mysliman-vehbiu-flet-per-klishe-te-qellimshme-prej-se-ciles-dikush-fiton-para-ne-dore\/","name":"A \u00ebsht\u00eb Shqip\u00ebria \"nj\u00eb vend mysliman\"? Vehbiu flet p\u00ebr klishe t\u00eb q\u00ebllimshme prej s\u00eb cil\u00ebs dikush fiton 'para n\u00eb dor\u00eb' - FjALA e LIR\u00cb - Arkivi","isPartOf":{"@id":"https:\/\/fjala.info\/2009-2015\/#website"},"primaryImageOfPage":{"@id":"https:\/\/fjala.info\/2009-2015\/a-eshte-shqiperia-nje-vend-mysliman-vehbiu-flet-per-klishe-te-qellimshme-prej-se-ciles-dikush-fiton-para-ne-dore\/#primaryimage"},"image":{"@id":"https:\/\/fjala.info\/2009-2015\/a-eshte-shqiperia-nje-vend-mysliman-vehbiu-flet-per-klishe-te-qellimshme-prej-se-ciles-dikush-fiton-para-ne-dore\/#primaryimage"},"thumbnailUrl":"http:\/\/www.fjala.info\/2012\/shqiperia_vend_tolerant.jpg","datePublished":"2012-09-03T07:14:14+00:00","breadcrumb":{"@id":"https:\/\/fjala.info\/2009-2015\/a-eshte-shqiperia-nje-vend-mysliman-vehbiu-flet-per-klishe-te-qellimshme-prej-se-ciles-dikush-fiton-para-ne-dore\/#breadcrumb"},"inLanguage":"sq-AL","potentialAction":[{"@type":"ReadAction","target":["https:\/\/fjala.info\/2009-2015\/a-eshte-shqiperia-nje-vend-mysliman-vehbiu-flet-per-klishe-te-qellimshme-prej-se-ciles-dikush-fiton-para-ne-dore\/"]}]},{"@type":"ImageObject","inLanguage":"sq-AL","@id":"https:\/\/fjala.info\/2009-2015\/a-eshte-shqiperia-nje-vend-mysliman-vehbiu-flet-per-klishe-te-qellimshme-prej-se-ciles-dikush-fiton-para-ne-dore\/#primaryimage","url":"http:\/\/www.fjala.info\/2012\/shqiperia_vend_tolerant.jpg","contentUrl":"http:\/\/www.fjala.info\/2012\/shqiperia_vend_tolerant.jpg"},{"@type":"BreadcrumbList","@id":"https:\/\/fjala.info\/2009-2015\/a-eshte-shqiperia-nje-vend-mysliman-vehbiu-flet-per-klishe-te-qellimshme-prej-se-ciles-dikush-fiton-para-ne-dore\/#breadcrumb","itemListElement":[{"@type":"ListItem","position":1,"name":"Home","item":"https:\/\/fjala.info\/2009-2015\/"},{"@type":"ListItem","position":2,"name":"A \u00ebsht\u00eb Shqip\u00ebria &#8220;nj\u00eb vend mysliman&#8221;? Vehbiu flet p\u00ebr klishe t\u00eb q\u00ebllimshme prej s\u00eb cil\u00ebs dikush fiton &#8216;para n\u00eb dor\u00eb&#8217;"}]},{"@type":"WebSite","@id":"https:\/\/fjala.info\/2009-2015\/#website","url":"https:\/\/fjala.info\/2009-2015\/","name":"FjALA e LIR\u00cb - Arkivi","description":"Arkivi 2009-2015","publisher":{"@id":"https:\/\/fjala.info\/2009-2015\/#organization"},"potentialAction":[{"@type":"SearchAction","target":{"@type":"EntryPoint","urlTemplate":"https:\/\/fjala.info\/2009-2015\/?s={search_term_string}"},"query-input":{"@type":"PropertyValueSpecification","valueRequired":true,"valueName":"search_term_string"}}],"inLanguage":"sq-AL"},{"@type":"Organization","@id":"https:\/\/fjala.info\/2009-2015\/#organization","name":"FjALA e LIR\u00cb - Arkivi","url":"https:\/\/fjala.info\/2009-2015\/","logo":{"@type":"ImageObject","inLanguage":"sq-AL","@id":"https:\/\/fjala.info\/2009-2015\/#\/schema\/logo\/image\/","url":"","contentUrl":"","caption":"FjALA e LIR\u00cb - Arkivi"},"image":{"@id":"https:\/\/fjala.info\/2009-2015\/#\/schema\/logo\/image\/"}},{"@type":"Person","@id":"https:\/\/fjala.info\/2009-2015\/#\/schema\/person\/3aa1163ef05469c496fc94e77611ada2","name":"admin","image":{"@type":"ImageObject","inLanguage":"sq-AL","@id":"https:\/\/fjala.info\/2009-2015\/wp-content\/uploads\/2012\/02\/arben_cokaj-120x150.jpg","url":"https:\/\/fjala.info\/2009-2015\/wp-content\/uploads\/2012\/02\/arben_cokaj-120x150.jpg","contentUrl":"https:\/\/fjala.info\/2009-2015\/wp-content\/uploads\/2012\/02\/arben_cokaj-120x150.jpg","caption":"admin"},"description":"Admin, Fjala e Lir\u00eb","sameAs":["https:\/\/fjala.info\/"],"url":"https:\/\/fjala.info\/2009-2015\/author\/admin\/"}]}},"_links":{"self":[{"href":"https:\/\/fjala.info\/2009-2015\/wp-json\/wp\/v2\/posts\/12066","targetHints":{"allow":["GET"]}}],"collection":[{"href":"https:\/\/fjala.info\/2009-2015\/wp-json\/wp\/v2\/posts"}],"about":[{"href":"https:\/\/fjala.info\/2009-2015\/wp-json\/wp\/v2\/types\/post"}],"author":[{"embeddable":true,"href":"https:\/\/fjala.info\/2009-2015\/wp-json\/wp\/v2\/users\/1"}],"replies":[{"embeddable":true,"href":"https:\/\/fjala.info\/2009-2015\/wp-json\/wp\/v2\/comments?post=12066"}],"version-history":[{"count":0,"href":"https:\/\/fjala.info\/2009-2015\/wp-json\/wp\/v2\/posts\/12066\/revisions"}],"wp:attachment":[{"href":"https:\/\/fjala.info\/2009-2015\/wp-json\/wp\/v2\/media?parent=12066"}],"wp:term":[{"taxonomy":"category","embeddable":true,"href":"https:\/\/fjala.info\/2009-2015\/wp-json\/wp\/v2\/categories?post=12066"},{"taxonomy":"post_tag","embeddable":true,"href":"https:\/\/fjala.info\/2009-2015\/wp-json\/wp\/v2\/tags?post=12066"}],"curies":[{"name":"wp","href":"https:\/\/api.w.org\/{rel}","templated":true}]}}