{"id":12065,"date":"2012-09-02T20:14:28","date_gmt":"2012-09-02T19:14:28","guid":{"rendered":"http:\/\/www.fjala.info\/?p=4767"},"modified":"2012-09-02T20:14:28","modified_gmt":"2012-09-02T19:14:28","slug":"edhe-regjim-edhe-qesharak","status":"publish","type":"post","link":"https:\/\/fjala.info\/2009-2015\/edhe-regjim-edhe-qesharak\/","title":{"rendered":"Edhe regjim, edhe qesharak!"},"content":{"rendered":"<p><img decoding=\"async\" class=\"alignright size-thumbnail wp-image-7236\" title=\"Mero Baze\" src=\"http:\/\/www.fjala.info\/2012\/mero_baze.jpg\" alt=\"\" width=\"150\" \/> Nga <strong>Mero Baze<\/strong>, <em>1 Shtator 2012<\/em><\/p>\n<p>N\u00eb shum\u00eb vende t\u00eb bot\u00ebs ku demokracia ka humbur standartet e saj, si n\u00eb Shqip\u00ebri, regjimet mbijetojn\u00eb nga diktator\u00eb q\u00eb i japin fund vlerave t\u00eb demokracis\u00eb, por q\u00eb mbijetojn\u00eb me oferta t\u00eb tjera p\u00ebr shoq\u00ebrin\u00eb, t\u00eb cilat justifikojn\u00eb munges\u00ebn e demokracis\u00eb. N\u00eb p\u00ebrgjith\u00ebsi, regjime t\u00eb tilla, ashtu sikund\u00ebr dhe ish regjimi yn\u00eb komunist, mbijetojn\u00eb me bilance t\u00eb tjera sociale dhe morale mbi shoq\u00ebrin\u00eb.<\/p>\n<p>Fjala vjen, ato zhvillojn\u00eb arsimin, zhdukin krimin, vendosin rendin, vendosin kontrollin mbi territorin, disiplinojn\u00eb nd\u00ebrtimet, i japin prioritet sh\u00ebndet\u00ebsis\u00eb, zhdukin drog\u00ebn dhe prostitucionin, kontrollojn\u00eb tregun dhe mir\u00ebqenien minimale, etj. si k\u00ebto. Fal\u00eb k\u00ebtyre arritjeve, regjime t\u00eb tilla, edhe pse t\u00eb urryera, arrijn\u00eb t\u00eb kompensojn\u00eb p\u00ebr nj\u00eb far\u00eb kohe munges\u00ebn e liris\u00eb dhe demokracis\u00eb, duke i kompensuar ato me shum\u00eb siguri n\u00eb aspekte t\u00eb r\u00ebnd\u00ebsishme t\u00eb jet\u00ebs njer\u00ebzore.<\/p>\n<p>Rasti m\u00eb i keq dhe m\u00eb degradues p\u00ebr regjimet \u00ebsht\u00eb ky i yni. Ky me siguri \u00ebsht\u00eb regjimi m\u00eb atipik n\u00eb bot\u00eb. Si gjith\u00eb regjimet, ky ka zhdukur demokracin\u00eb dhe t\u00eb drejt\u00ebn p\u00ebr t\u00eb zgjedhur dhe p\u00ebr t\u2019u zgjedhur. Ka zhdukur zgjedhjet e lira dhe lirin\u00eb e shtypit. Ka degraduar opozit\u00ebn dhe ka n\u00ebn kontroll gjith\u00eb institucionet. Pra, ka b\u00ebr\u00eb pak a shum\u00eb at\u00eb q\u00eb b\u00ebjn\u00eb gjith\u00eb regjimet p\u00ebr t&#8217;i pasur gjith\u00eb pushtetet n\u00eb duar.<\/p>\n<p>Por, ndryshe nga regjimet e tjera, gjith\u00eb pushtet e grumbulluara n\u00eb nj\u00eb dor\u00eb, k\u00ebtu sh\u00ebrbejn\u00eb vet\u00ebm p\u00ebr nj\u00eb q\u00ebllim: thjesht garancin\u00eb q\u00eb regjimi t\u00eb ket\u00eb gjithnj\u00eb pushtetin.<\/p>\n<p>Diktatori yn\u00eb \u00ebsht\u00eb nj\u00eb plak q\u00eb t\u00eb b\u00ebn dhe t\u00eb gajasesh dhe t\u00eb pataksesh kur flet, nj\u00eb i paaft\u00eb q\u00eb ka b\u00ebr\u00eb l\u00ebmsh financat e vendit, nj\u00eb delirant q\u00eb ka keqorientuar ekonomin\u00eb e Shqip\u00ebris\u00eb, sikur t\u00eb ishte mulli me er\u00eb, nj\u00eb burrec q\u00eb ka futur Shqip\u00ebrin\u00eb n\u00eb luft\u00eb civile me nj\u00eb mesatare prej 3 vrasjesh n\u00eb dit\u00eb, m\u00eb e larta p\u00ebr frym\u00eb ndoshta n\u00eb bot\u00eb, nj\u00eb Neron q\u00eb ka futur Shqip\u00ebrin\u00eb n\u00eb flak\u00eb dhe nuk gjen dot nj\u00eb kov\u00eb uj\u00eb ta fik\u00eb, nj\u00eb diktator qesharak q\u00eb nuk tremb dot as laraskat, por q\u00eb mban gjith\u00eb frenat e pushtetit n\u00eb dor\u00eb t\u00eb mos i marrin karrigen.<\/p>\n<p>Pra, ndryshe nga \u00e7do shoq\u00ebri q\u00eb jeton n\u00ebn regjime atipike jo demokratike, shoq\u00ebria jon\u00eb \u00ebsht\u00eb e d\u00ebnuar t\u00eb vuaj\u00eb munges\u00ebn e liris\u00eb dhe demokracis\u00eb, por dhe munges\u00ebn e shtetit, munges\u00ebn e rendit, munges\u00ebn e siguris\u00eb fizike p\u00ebr pron\u00ebn dhe mjedisin, munges\u00ebn e sh\u00ebrbimit sh\u00ebndet\u00ebsor, munges\u00ebn siguris\u00eb n\u00eb pun\u00eb, munges\u00ebn e sistemit arsimor, dhe gjith\u00eb mungesat e tjera sociale, q\u00eb nga rrogat dhe pensionet, tek vendi i pun\u00ebs apo sigurimet.<\/p>\n<p>Shoq\u00ebria jon\u00eb, ndryshe nga gjith\u00eb shoq\u00ebrit\u00eb e tjera n\u00eb bot\u00eb, vuan edhe nga mungesa e demokracis\u00eb edhe \u201cnga mungesa e diktatur\u00ebs\u201d, ose m\u00eb mir\u00eb t\u00eb themi q\u00eb jemi t\u00eb ekspozuar para gjith\u00eb t\u00eb k\u00ebqijave t\u00eb demokracis\u00eb dhe para gjith\u00eb t\u00eb k\u00ebqijave t\u00eb diktaturave.<\/p>\n<p>K\u00ebtu je i lir\u00eb t\u00eb \u00ebnd\u00ebrrosh q\u00eb je n\u00eb demokraci, por nuk je i lir\u00eb t\u00eb votosh apo t\u00eb kesh nj\u00eb medie t\u00eb lir\u00eb, ashtu sikund\u00ebr mund t\u00eb jesh i keqkuptuar se jeton n\u00ebn nj\u00eb regjim autoritar q\u00eb tremb opozit\u00ebn dhe medien, por nuk tremb dot kriminelin n\u00eb rrug\u00eb, zjarrv\u00ebn\u00ebsin n\u00eb pyll, hajdutin n\u00eb zyr\u00eb dhe gjob\u00ebv\u00ebn\u00ebsin n\u00eb gjykat\u00eb.<\/p>\n<p>Ne jemi nj\u00eb shoq\u00ebri q\u00eb paguajm\u00eb nj\u00eb \u00e7mim t\u00eb lart\u00eb p\u00ebr tranzicionin q\u00eb po zgjatet mbi 20 vjet, nj\u00eb shoq\u00ebri q\u00eb p\u00ebrjeton degradimin e sistemit arsimor, degradimin e sistemit sh\u00ebndet\u00ebsor, degradimin e veprave t\u00eb m\u00ebdha energjike q\u00eb po shiten p\u00ebr t\u00eb bler\u00eb Berisha \u201cBenz\u201d t\u00eb blinduar dhe Nishani ashensor, degradimin e tregut t\u00eb pun\u00ebs dhe siguris\u00eb, degradimin e rendit publik, degradimin e kontrollit mbi territorin, dhe natyrisht dhe s\u00ebmundjet e nj\u00eb demokracie t\u00eb degraduar, si\u00e7 jan\u00eb humbja e liris\u00eb s\u00eb shtypit, humbja e s\u00eb drejt\u00ebs p\u00ebr t\u2019u num\u00ebruar votat dhe humbja e t\u00eb drejt\u00ebs p\u00ebr t\u00eb nd\u00ebshkuar regjimin.<\/p>\n<p>Kjo shoq\u00ebri atipike e krijuar nga presioni i nj\u00eb pushteti t\u00eb grumbulluar i gjithi n\u00eb nj\u00eb dor\u00eb, \u00ebsht\u00eb ndoshta shoq\u00ebria m\u00eb e traumatizuar n\u00eb glob, pasi k\u00ebtu njer\u00ebzit jan\u00eb t\u00eb lir\u00eb t\u00eb \u00ebnd\u00ebrrojn\u00eb si n\u00eb demokraci dhe t\u00eb d\u00ebnuar t\u00eb nd\u00ebshkohen si n\u00eb diktatur\u00eb, jan\u00eb t\u00eb lir\u00eb t\u00eb \u00ebnd\u00ebrrojn\u00eb nj\u00eb regjim autoritar me gjith\u00eb t\u00eb mirat dhe t\u00eb k\u00ebqijat e tij dhe ndeshen vet\u00ebm me t\u00eb k\u00ebqijat e tij.<\/p>\n<p>T\u00eb gjith\u00eb diktator\u00ebt n\u00eb gjith\u00eb koh\u00ebrat, kur shkaktojn\u00eb debat pas vdekjes s\u00eb tyre, ka plot ithtar\u00eb q\u00eb u kujtojn\u00eb t\u00eb mira dhe t\u00eb k\u00ebqija. Enverist\u00ebt tan\u00eb i kujtojn\u00eb Enver Hoxh\u00ebs zhdukjen e analfabetizmit, ngritjen e ambulancave n\u00eb \u00e7do fshat t\u00eb Shqip\u00ebris\u00eb, cil\u00ebsin\u00eb e lart\u00eb t\u00eb arsimit universitar, ngritjen e veprave energjetike mbi lumenjt\u00eb shqiptar\u00eb dhe zhvillimin e industris\u00eb minerare.<\/p>\n<p>Po k\u00ebtij q\u00eb sot drejton Shqip\u00ebrin\u00eb me dhun\u00eb dhe me gjith\u00eb pushtetet n\u00eb dor\u00eb t\u00eb Familjes s\u00eb tij, do t\u2019i kujtojm\u00eb q\u00eb sa her\u00eb \u00ebsht\u00eb n\u00eb pushtet vriten tre persona n\u00eb dit\u00eb, grat\u00eb dhe vajzat nuk dalin dot me var\u00ebse dhe or\u00eb n\u00eb rrug\u00eb, digat dhe hidrocentralet e shitura, minierat e shkat\u00ebrruara ku vdesin p\u00ebrdit\u00eb njer\u00ebz, munges\u00ebn e ujit dhe dritave, munges\u00ebn e vendeve t\u00eb pun\u00ebs dhe pasigurin\u00eb e jet\u00ebs, shkat\u00ebrrimin e arsimit dhe sh\u00ebndet\u00ebsis\u00eb, shkat\u00ebrrimin e pron\u00ebsis\u00eb reale mbi tok\u00ebn, shkat\u00ebrrimin e institucioneve t\u00eb shtetit, eliminimin e pavar\u00ebsis\u00eb s\u00eb gjykatave dhe prokuroris\u00eb, futjen n\u00ebn kontroll t\u00eb presidentit dhe SHISH, dhe m\u00eb n\u00eb fund dhe nj\u00eb vep\u00ebr t\u00eb qart\u00eb antikomb\u00ebtare, p\u00ebr t\u00eb cil\u00ebn Kushtetuta dhe Kodi Penal parashohin d\u00ebnim t\u00eb p\u00ebrjetsh\u00ebm: shitjen e territoreve.<\/p>\n<p>I vetmi rekord q\u00eb ja kemi pranuar pa d\u00ebshmitar\u00eb, \u00ebsht\u00eb rekordi i notit, por dhe at\u00eb, jo se e besojm\u00eb, por se kemi nevoj\u00eb t\u00eb tallemi me t\u00eb. Si me \u00e7do diktator qesharak, t\u00eb cil\u00ebt nuk t\u00eb l\u00ebn\u00eb as t\u00eb qash, e as t\u00eb qesh\u00ebsh.<\/p>\n<p>&#8212;&#8212;&#8212;&#8212;&#8212;-<\/p>\n<p><em>Mero, kemi t\u00eb b\u00ebjm\u00eb me nj\u00eb regjim mafioz,\u00a0 q\u00eb p\u00ebrdor shkall\u00ebn e lart\u00eb t\u00eb kriminalitetit si k\u00ebrc\u00ebnim p\u00ebr jet\u00ebn, p\u00ebr secilin q\u00eb ngre krye kund\u00ebr regjimit dhe p\u00ebrmes k\u00ebsaj pasigurie, plaku kampion noti synon t\u00eb mbaj\u00eb pushtetin edhe 30 vjet&#8230;<\/em> \/Arbeni<\/p>\n","protected":false},"excerpt":{"rendered":"<p>Nga Mero Baze, 1 Shtator 2012 N\u00eb shum\u00eb vende t\u00eb bot\u00ebs ku demokracia ka humbur standartet e saj, si n\u00eb Shqip\u00ebri, regjimet mbijetojn\u00eb nga diktator\u00eb q\u00eb i japin fund vlerave t\u00eb demokracis\u00eb, por q\u00eb mbijetojn\u00eb me oferta t\u00eb tjera p\u00ebr shoq\u00ebrin\u00eb, t\u00eb cilat justifikojn\u00eb munges\u00ebn e demokracis\u00eb. N\u00eb p\u00ebrgjith\u00ebsi, regjime t\u00eb tilla, ashtu sikund\u00ebr dhe [&hellip;]<\/p>\n","protected":false},"author":1,"featured_media":0,"comment_status":"open","ping_status":"closed","sticky":false,"template":"","format":"standard","meta":{"footnotes":""},"categories":[2],"tags":[],"class_list":{"0":"post-12065","1":"post","2":"type-post","3":"status-publish","4":"format-standard","6":"category-artikuj"},"yoast_head":"<!-- This site is optimized with the Yoast SEO plugin v27.4 - https:\/\/yoast.com\/product\/yoast-seo-wordpress\/ -->\n<title>Edhe regjim, edhe qesharak! - FjALA e LIR\u00cb - Arkivi<\/title>\n<meta name=\"robots\" content=\"index, follow, max-snippet:-1, max-image-preview:large, max-video-preview:-1\" \/>\n<link rel=\"canonical\" href=\"https:\/\/fjala.info\/2009-2015\/edhe-regjim-edhe-qesharak\/\" \/>\n<meta property=\"og:locale\" content=\"sq_AL\" \/>\n<meta property=\"og:type\" content=\"article\" \/>\n<meta property=\"og:title\" content=\"Edhe regjim, edhe qesharak! - FjALA e LIR\u00cb - Arkivi\" \/>\n<meta property=\"og:description\" content=\"Nga Mero Baze, 1 Shtator 2012 N\u00eb shum\u00eb vende t\u00eb bot\u00ebs ku demokracia ka humbur standartet e saj, si n\u00eb Shqip\u00ebri, regjimet mbijetojn\u00eb nga diktator\u00eb q\u00eb i japin fund vlerave t\u00eb demokracis\u00eb, por q\u00eb mbijetojn\u00eb me oferta t\u00eb tjera p\u00ebr shoq\u00ebrin\u00eb, t\u00eb cilat justifikojn\u00eb munges\u00ebn e demokracis\u00eb. N\u00eb p\u00ebrgjith\u00ebsi, regjime t\u00eb tilla, ashtu sikund\u00ebr dhe [&hellip;]\" \/>\n<meta property=\"og:url\" content=\"https:\/\/fjala.info\/2009-2015\/edhe-regjim-edhe-qesharak\/\" \/>\n<meta property=\"og:site_name\" content=\"FjALA e LIR\u00cb - Arkivi\" \/>\n<meta property=\"article:published_time\" content=\"2012-09-02T19:14:28+00:00\" \/>\n<meta property=\"og:image\" content=\"http:\/\/www.fjala.info\/2012\/mero_baze.jpg\" \/>\n<meta name=\"author\" content=\"admin\" \/>\n<meta name=\"twitter:card\" content=\"summary_large_image\" \/>\n<meta name=\"twitter:label1\" content=\"Written by\" \/>\n\t<meta name=\"twitter:data1\" content=\"admin\" \/>\n\t<meta name=\"twitter:label2\" content=\"Est. reading time\" \/>\n\t<meta name=\"twitter:data2\" content=\"5 minutes\" \/>\n<script type=\"application\/ld+json\" class=\"yoast-schema-graph\">{\"@context\":\"https:\\\/\\\/schema.org\",\"@graph\":[{\"@type\":\"Article\",\"@id\":\"https:\\\/\\\/fjala.info\\\/2009-2015\\\/edhe-regjim-edhe-qesharak\\\/#article\",\"isPartOf\":{\"@id\":\"https:\\\/\\\/fjala.info\\\/2009-2015\\\/edhe-regjim-edhe-qesharak\\\/\"},\"author\":{\"name\":\"admin\",\"@id\":\"https:\\\/\\\/fjala.info\\\/2009-2015\\\/#\\\/schema\\\/person\\\/3aa1163ef05469c496fc94e77611ada2\"},\"headline\":\"Edhe regjim, edhe qesharak!\",\"datePublished\":\"2012-09-02T19:14:28+00:00\",\"mainEntityOfPage\":{\"@id\":\"https:\\\/\\\/fjala.info\\\/2009-2015\\\/edhe-regjim-edhe-qesharak\\\/\"},\"wordCount\":1104,\"commentCount\":0,\"publisher\":{\"@id\":\"https:\\\/\\\/fjala.info\\\/2009-2015\\\/#organization\"},\"image\":{\"@id\":\"https:\\\/\\\/fjala.info\\\/2009-2015\\\/edhe-regjim-edhe-qesharak\\\/#primaryimage\"},\"thumbnailUrl\":\"http:\\\/\\\/www.fjala.info\\\/2012\\\/mero_baze.jpg\",\"articleSection\":[\"Artikuj\"],\"inLanguage\":\"sq-AL\",\"potentialAction\":[{\"@type\":\"CommentAction\",\"name\":\"Comment\",\"target\":[\"https:\\\/\\\/fjala.info\\\/2009-2015\\\/edhe-regjim-edhe-qesharak\\\/#respond\"]}]},{\"@type\":\"WebPage\",\"@id\":\"https:\\\/\\\/fjala.info\\\/2009-2015\\\/edhe-regjim-edhe-qesharak\\\/\",\"url\":\"https:\\\/\\\/fjala.info\\\/2009-2015\\\/edhe-regjim-edhe-qesharak\\\/\",\"name\":\"Edhe regjim, edhe qesharak! - FjALA e LIR\u00cb - Arkivi\",\"isPartOf\":{\"@id\":\"https:\\\/\\\/fjala.info\\\/2009-2015\\\/#website\"},\"primaryImageOfPage\":{\"@id\":\"https:\\\/\\\/fjala.info\\\/2009-2015\\\/edhe-regjim-edhe-qesharak\\\/#primaryimage\"},\"image\":{\"@id\":\"https:\\\/\\\/fjala.info\\\/2009-2015\\\/edhe-regjim-edhe-qesharak\\\/#primaryimage\"},\"thumbnailUrl\":\"http:\\\/\\\/www.fjala.info\\\/2012\\\/mero_baze.jpg\",\"datePublished\":\"2012-09-02T19:14:28+00:00\",\"breadcrumb\":{\"@id\":\"https:\\\/\\\/fjala.info\\\/2009-2015\\\/edhe-regjim-edhe-qesharak\\\/#breadcrumb\"},\"inLanguage\":\"sq-AL\",\"potentialAction\":[{\"@type\":\"ReadAction\",\"target\":[\"https:\\\/\\\/fjala.info\\\/2009-2015\\\/edhe-regjim-edhe-qesharak\\\/\"]}]},{\"@type\":\"ImageObject\",\"inLanguage\":\"sq-AL\",\"@id\":\"https:\\\/\\\/fjala.info\\\/2009-2015\\\/edhe-regjim-edhe-qesharak\\\/#primaryimage\",\"url\":\"http:\\\/\\\/www.fjala.info\\\/2012\\\/mero_baze.jpg\",\"contentUrl\":\"http:\\\/\\\/www.fjala.info\\\/2012\\\/mero_baze.jpg\"},{\"@type\":\"BreadcrumbList\",\"@id\":\"https:\\\/\\\/fjala.info\\\/2009-2015\\\/edhe-regjim-edhe-qesharak\\\/#breadcrumb\",\"itemListElement\":[{\"@type\":\"ListItem\",\"position\":1,\"name\":\"Home\",\"item\":\"https:\\\/\\\/fjala.info\\\/2009-2015\\\/\"},{\"@type\":\"ListItem\",\"position\":2,\"name\":\"Edhe regjim, edhe qesharak!\"}]},{\"@type\":\"WebSite\",\"@id\":\"https:\\\/\\\/fjala.info\\\/2009-2015\\\/#website\",\"url\":\"https:\\\/\\\/fjala.info\\\/2009-2015\\\/\",\"name\":\"FjALA e LIR\u00cb - Arkivi\",\"description\":\"Arkivi 2009-2015\",\"publisher\":{\"@id\":\"https:\\\/\\\/fjala.info\\\/2009-2015\\\/#organization\"},\"potentialAction\":[{\"@type\":\"SearchAction\",\"target\":{\"@type\":\"EntryPoint\",\"urlTemplate\":\"https:\\\/\\\/fjala.info\\\/2009-2015\\\/?s={search_term_string}\"},\"query-input\":{\"@type\":\"PropertyValueSpecification\",\"valueRequired\":true,\"valueName\":\"search_term_string\"}}],\"inLanguage\":\"sq-AL\"},{\"@type\":\"Organization\",\"@id\":\"https:\\\/\\\/fjala.info\\\/2009-2015\\\/#organization\",\"name\":\"FjALA e LIR\u00cb - Arkivi\",\"url\":\"https:\\\/\\\/fjala.info\\\/2009-2015\\\/\",\"logo\":{\"@type\":\"ImageObject\",\"inLanguage\":\"sq-AL\",\"@id\":\"https:\\\/\\\/fjala.info\\\/2009-2015\\\/#\\\/schema\\\/logo\\\/image\\\/\",\"url\":\"\",\"contentUrl\":\"\",\"caption\":\"FjALA e LIR\u00cb - Arkivi\"},\"image\":{\"@id\":\"https:\\\/\\\/fjala.info\\\/2009-2015\\\/#\\\/schema\\\/logo\\\/image\\\/\"}},{\"@type\":\"Person\",\"@id\":\"https:\\\/\\\/fjala.info\\\/2009-2015\\\/#\\\/schema\\\/person\\\/3aa1163ef05469c496fc94e77611ada2\",\"name\":\"admin\",\"image\":{\"@type\":\"ImageObject\",\"inLanguage\":\"sq-AL\",\"@id\":\"https:\\\/\\\/fjala.info\\\/2009-2015\\\/wp-content\\\/uploads\\\/2012\\\/02\\\/arben_cokaj-120x150.jpg\",\"url\":\"https:\\\/\\\/fjala.info\\\/2009-2015\\\/wp-content\\\/uploads\\\/2012\\\/02\\\/arben_cokaj-120x150.jpg\",\"contentUrl\":\"https:\\\/\\\/fjala.info\\\/2009-2015\\\/wp-content\\\/uploads\\\/2012\\\/02\\\/arben_cokaj-120x150.jpg\",\"caption\":\"admin\"},\"description\":\"Admin, Fjala e Lir\u00eb\",\"sameAs\":[\"https:\\\/\\\/fjala.info\\\/\"],\"url\":\"https:\\\/\\\/fjala.info\\\/2009-2015\\\/author\\\/admin\\\/\"}]}<\/script>\n<!-- \/ Yoast SEO plugin. -->","yoast_head_json":{"title":"Edhe regjim, edhe qesharak! - FjALA e LIR\u00cb - Arkivi","robots":{"index":"index","follow":"follow","max-snippet":"max-snippet:-1","max-image-preview":"max-image-preview:large","max-video-preview":"max-video-preview:-1"},"canonical":"https:\/\/fjala.info\/2009-2015\/edhe-regjim-edhe-qesharak\/","og_locale":"sq_AL","og_type":"article","og_title":"Edhe regjim, edhe qesharak! - FjALA e LIR\u00cb - Arkivi","og_description":"Nga Mero Baze, 1 Shtator 2012 N\u00eb shum\u00eb vende t\u00eb bot\u00ebs ku demokracia ka humbur standartet e saj, si n\u00eb Shqip\u00ebri, regjimet mbijetojn\u00eb nga diktator\u00eb q\u00eb i japin fund vlerave t\u00eb demokracis\u00eb, por q\u00eb mbijetojn\u00eb me oferta t\u00eb tjera p\u00ebr shoq\u00ebrin\u00eb, t\u00eb cilat justifikojn\u00eb munges\u00ebn e demokracis\u00eb. N\u00eb p\u00ebrgjith\u00ebsi, regjime t\u00eb tilla, ashtu sikund\u00ebr dhe [&hellip;]","og_url":"https:\/\/fjala.info\/2009-2015\/edhe-regjim-edhe-qesharak\/","og_site_name":"FjALA e LIR\u00cb - Arkivi","article_published_time":"2012-09-02T19:14:28+00:00","og_image":[{"url":"http:\/\/www.fjala.info\/2012\/mero_baze.jpg","type":"","width":"","height":""}],"author":"admin","twitter_card":"summary_large_image","twitter_misc":{"Written by":"admin","Est. reading time":"5 minutes"},"schema":{"@context":"https:\/\/schema.org","@graph":[{"@type":"Article","@id":"https:\/\/fjala.info\/2009-2015\/edhe-regjim-edhe-qesharak\/#article","isPartOf":{"@id":"https:\/\/fjala.info\/2009-2015\/edhe-regjim-edhe-qesharak\/"},"author":{"name":"admin","@id":"https:\/\/fjala.info\/2009-2015\/#\/schema\/person\/3aa1163ef05469c496fc94e77611ada2"},"headline":"Edhe regjim, edhe qesharak!","datePublished":"2012-09-02T19:14:28+00:00","mainEntityOfPage":{"@id":"https:\/\/fjala.info\/2009-2015\/edhe-regjim-edhe-qesharak\/"},"wordCount":1104,"commentCount":0,"publisher":{"@id":"https:\/\/fjala.info\/2009-2015\/#organization"},"image":{"@id":"https:\/\/fjala.info\/2009-2015\/edhe-regjim-edhe-qesharak\/#primaryimage"},"thumbnailUrl":"http:\/\/www.fjala.info\/2012\/mero_baze.jpg","articleSection":["Artikuj"],"inLanguage":"sq-AL","potentialAction":[{"@type":"CommentAction","name":"Comment","target":["https:\/\/fjala.info\/2009-2015\/edhe-regjim-edhe-qesharak\/#respond"]}]},{"@type":"WebPage","@id":"https:\/\/fjala.info\/2009-2015\/edhe-regjim-edhe-qesharak\/","url":"https:\/\/fjala.info\/2009-2015\/edhe-regjim-edhe-qesharak\/","name":"Edhe regjim, edhe qesharak! - FjALA e LIR\u00cb - Arkivi","isPartOf":{"@id":"https:\/\/fjala.info\/2009-2015\/#website"},"primaryImageOfPage":{"@id":"https:\/\/fjala.info\/2009-2015\/edhe-regjim-edhe-qesharak\/#primaryimage"},"image":{"@id":"https:\/\/fjala.info\/2009-2015\/edhe-regjim-edhe-qesharak\/#primaryimage"},"thumbnailUrl":"http:\/\/www.fjala.info\/2012\/mero_baze.jpg","datePublished":"2012-09-02T19:14:28+00:00","breadcrumb":{"@id":"https:\/\/fjala.info\/2009-2015\/edhe-regjim-edhe-qesharak\/#breadcrumb"},"inLanguage":"sq-AL","potentialAction":[{"@type":"ReadAction","target":["https:\/\/fjala.info\/2009-2015\/edhe-regjim-edhe-qesharak\/"]}]},{"@type":"ImageObject","inLanguage":"sq-AL","@id":"https:\/\/fjala.info\/2009-2015\/edhe-regjim-edhe-qesharak\/#primaryimage","url":"http:\/\/www.fjala.info\/2012\/mero_baze.jpg","contentUrl":"http:\/\/www.fjala.info\/2012\/mero_baze.jpg"},{"@type":"BreadcrumbList","@id":"https:\/\/fjala.info\/2009-2015\/edhe-regjim-edhe-qesharak\/#breadcrumb","itemListElement":[{"@type":"ListItem","position":1,"name":"Home","item":"https:\/\/fjala.info\/2009-2015\/"},{"@type":"ListItem","position":2,"name":"Edhe regjim, edhe qesharak!"}]},{"@type":"WebSite","@id":"https:\/\/fjala.info\/2009-2015\/#website","url":"https:\/\/fjala.info\/2009-2015\/","name":"FjALA e LIR\u00cb - Arkivi","description":"Arkivi 2009-2015","publisher":{"@id":"https:\/\/fjala.info\/2009-2015\/#organization"},"potentialAction":[{"@type":"SearchAction","target":{"@type":"EntryPoint","urlTemplate":"https:\/\/fjala.info\/2009-2015\/?s={search_term_string}"},"query-input":{"@type":"PropertyValueSpecification","valueRequired":true,"valueName":"search_term_string"}}],"inLanguage":"sq-AL"},{"@type":"Organization","@id":"https:\/\/fjala.info\/2009-2015\/#organization","name":"FjALA e LIR\u00cb - Arkivi","url":"https:\/\/fjala.info\/2009-2015\/","logo":{"@type":"ImageObject","inLanguage":"sq-AL","@id":"https:\/\/fjala.info\/2009-2015\/#\/schema\/logo\/image\/","url":"","contentUrl":"","caption":"FjALA e LIR\u00cb - Arkivi"},"image":{"@id":"https:\/\/fjala.info\/2009-2015\/#\/schema\/logo\/image\/"}},{"@type":"Person","@id":"https:\/\/fjala.info\/2009-2015\/#\/schema\/person\/3aa1163ef05469c496fc94e77611ada2","name":"admin","image":{"@type":"ImageObject","inLanguage":"sq-AL","@id":"https:\/\/fjala.info\/2009-2015\/wp-content\/uploads\/2012\/02\/arben_cokaj-120x150.jpg","url":"https:\/\/fjala.info\/2009-2015\/wp-content\/uploads\/2012\/02\/arben_cokaj-120x150.jpg","contentUrl":"https:\/\/fjala.info\/2009-2015\/wp-content\/uploads\/2012\/02\/arben_cokaj-120x150.jpg","caption":"admin"},"description":"Admin, Fjala e Lir\u00eb","sameAs":["https:\/\/fjala.info\/"],"url":"https:\/\/fjala.info\/2009-2015\/author\/admin\/"}]}},"_links":{"self":[{"href":"https:\/\/fjala.info\/2009-2015\/wp-json\/wp\/v2\/posts\/12065","targetHints":{"allow":["GET"]}}],"collection":[{"href":"https:\/\/fjala.info\/2009-2015\/wp-json\/wp\/v2\/posts"}],"about":[{"href":"https:\/\/fjala.info\/2009-2015\/wp-json\/wp\/v2\/types\/post"}],"author":[{"embeddable":true,"href":"https:\/\/fjala.info\/2009-2015\/wp-json\/wp\/v2\/users\/1"}],"replies":[{"embeddable":true,"href":"https:\/\/fjala.info\/2009-2015\/wp-json\/wp\/v2\/comments?post=12065"}],"version-history":[{"count":0,"href":"https:\/\/fjala.info\/2009-2015\/wp-json\/wp\/v2\/posts\/12065\/revisions"}],"wp:attachment":[{"href":"https:\/\/fjala.info\/2009-2015\/wp-json\/wp\/v2\/media?parent=12065"}],"wp:term":[{"taxonomy":"category","embeddable":true,"href":"https:\/\/fjala.info\/2009-2015\/wp-json\/wp\/v2\/categories?post=12065"},{"taxonomy":"post_tag","embeddable":true,"href":"https:\/\/fjala.info\/2009-2015\/wp-json\/wp\/v2\/tags?post=12065"}],"curies":[{"name":"wp","href":"https:\/\/api.w.org\/{rel}","templated":true}]}}