{"id":12064,"date":"2012-09-02T15:22:52","date_gmt":"2012-09-02T14:22:52","guid":{"rendered":"http:\/\/www.fjala.info\/?p=4763"},"modified":"2012-09-02T15:22:52","modified_gmt":"2012-09-02T14:22:52","slug":"nga-vajza-e-topallit-te-vellai-i-xhoanes-b-sh-nje-ishull-luksi-per-familjare-politikanesh","status":"publish","type":"post","link":"https:\/\/fjala.info\/2009-2015\/nga-vajza-e-topallit-te-vellai-i-xhoanes-b-sh-nje-ishull-luksi-per-familjare-politikanesh\/","title":{"rendered":"Nga vajza e Topallit te v\u00ebllai i Xhoan\u00ebs&#8230; B.SH, nj\u00eb ishull luksi p\u00ebr familjar\u00eb politikan\u00ebsh?"},"content":{"rendered":"<p><img decoding=\"async\" class=\"alignright size-thumbnail wp-image-7236\" title=\"Fullani - Berisha\" src=\"http:\/\/www.fjala.info\/2012\/fullani_berisha.jpg\" alt=\"\" width=\"300\" \/> <strong>ResPublica.al<\/strong>, <em>2 shtator 2012<\/em><\/p>\n<p>N\u00eb kryeartikullin e numrit t\u00eb sot\u00ebm, e p\u00ebrditshmja Shqip ka b\u00ebr\u00eb nj\u00eb list\u00eb t\u00eb personave q\u00eb punojn\u00eb n\u00eb administrat\u00ebn e Bank\u00ebs s\u00eb Shqip\u00ebris\u00eb dhe rezulton se shum\u00eb prej tyre jan\u00eb bij, bija, motra, v\u00ebllez\u00ebr, kunet\u00ebr e kunata t\u00eb pushtetar\u00ebve.<\/p>\n<p>Shkruan Shqip: \u201c&#8230;N\u00eb administrat\u00ebn e Bank\u00ebs s\u00eb Shqip\u00ebris\u00eb, zyrat e shtrenjta, pagesat p\u00ebr ushqim e deri p\u00ebr aktivitete sportive jan\u00eb favore q\u00eb i g\u00ebzojn\u00eb nj\u00eb num\u00ebr i madh familjar\u00ebsh t\u00eb njer\u00ebzve me pushtet politik n\u00eb k\u00ebt\u00eb vend&#8221;. Nj\u00eb nga em\u00ebrimet e fundit, &#8211; sipas Shqipit, &#8211; me lidhje n\u00eb politik\u00eb \u00ebsht\u00eb ai i vajz\u00ebs s\u00eb Jozefina Topallit, n\u00eb Departamentin e K\u00ebrkimeve.<\/p>\n<p>E pastaj, lista \u00ebsht\u00eb mbres\u00ebl\u00ebn\u00ebse: Vajza e ministrit t\u00eb Financave Ridvan Bode (n\u00eb Departamentin e Stabilitetit Financiar), djali i kryetarit t\u00eb Komisionit Parlamentar p\u00ebr Politik\u00ebn e Jashtme Fatos Beja, (n\u00eb Departamentin e Mbik\u00ebqyrjes), djali i ish-kryetarit t\u00eb Kontrollit t\u00eb Lart\u00eb t\u00eb Shtetit, Robert \u00c7eku n\u00eb Departamentin e Kontabilitetit, kunata e kryeministrit t\u00eb vendit, Sali Berisha \u00ebsht\u00eb k\u00ebshilltare e Ardian Fullanit; t\u00eb pakt\u00ebn tre nga zv.ministrat e qeveris\u00eb, Eno Bozdo i METE-s, Ylli Manjani i MPPT dhe Alfred Rushaj i MF kan\u00eb gjithashtu njer\u00ebz t\u00eb pun\u00ebsuar n\u00eb BSH \u2013 dy t\u00eb par\u00ebt motrat, i treti kunat\u00ebn.<\/p>\n<p>M\u00eb pas Shqip-i rendit edhe t\u00eb af\u00ebrm t\u00eb kryetarit t\u00eb Bashkis\u00eb Lulzim Basha, t\u00eb prefektit t\u00eb Tiran\u00ebs Kletis Kruja, t\u00eb ish-kreut t\u00eb ALUIZN-it Shaban Memia, si dhe familjar\u00eb t\u00eb ish-funksionar\u00ebve t\u00eb s\u00eb majt\u00ebs, si Ylli Bufi, q\u00eb ka t\u00eb pun\u00ebsuar vajz\u00ebn dhe Xhoana Nano v\u00ebllain, etj. N\u00eb poste n\u00eb BSH jan\u00eb edhe persona nga rrethi familjar i vet\u00eb guvernatorit Ardian Fullani. Nj\u00eb nga mbesat n\u00eb Departamentin e Informatik\u00ebs, nj\u00eb mbes\u00eb tjet\u00ebr n\u00eb Agjencin\u00eb e Sigurimit t\u00eb Depozitave, nd\u00ebrsa nipi i tij, n\u00eb Departamentin e Burimeve Njer\u00ebzore.<\/p>\n<p>N\u00eb fund t\u00eb artikullit Shqip shkruan: \u201cGazeta nuk disponon prova dhe nuk ka pretendime se em\u00ebrimet e sip\u00ebrp\u00ebrmendura jan\u00eb b\u00ebr\u00eb n\u00eb m\u00ebnyr\u00eb t\u00eb jasht\u00ebligjshme. Por logjika e thot\u00eb q\u00eb di\u00e7ka nuk shkon, kur sheh se sa shum\u00eb njer\u00ebz t\u00eb lidhur me politik\u00ebn kan\u00eb z\u00ebn\u00eb vend n\u00eb karriget e paguara shum\u00eb shtrenjt\u00eb me para publike&#8230;\u201d<\/p>\n<p>N\u00eb foto: Berisha dhe Fullani, gjat\u00eb \u00e7eljes s\u00eb ekspozites me monedha shqiptare, n\u00eb mjediset e Muzeut Kombeta (LSA)<\/p>\n","protected":false},"excerpt":{"rendered":"<p>ResPublica.al, 2 shtator 2012 N\u00eb kryeartikullin e numrit t\u00eb sot\u00ebm, e p\u00ebrditshmja Shqip ka b\u00ebr\u00eb nj\u00eb list\u00eb t\u00eb personave q\u00eb punojn\u00eb n\u00eb administrat\u00ebn e Bank\u00ebs s\u00eb Shqip\u00ebris\u00eb dhe rezulton se shum\u00eb prej tyre jan\u00eb bij, bija, motra, v\u00ebllez\u00ebr, kunet\u00ebr e kunata t\u00eb pushtetar\u00ebve. Shkruan Shqip: \u201c&#8230;N\u00eb administrat\u00ebn e Bank\u00ebs s\u00eb Shqip\u00ebris\u00eb, zyrat e shtrenjta, pagesat [&hellip;]<\/p>\n","protected":false},"author":1,"featured_media":0,"comment_status":"open","ping_status":"closed","sticky":false,"template":"","format":"standard","meta":{"footnotes":""},"categories":[2],"tags":[],"class_list":{"0":"post-12064","1":"post","2":"type-post","3":"status-publish","4":"format-standard","6":"category-artikuj"},"yoast_head":"<!-- This site is optimized with the Yoast SEO plugin v27.4 - https:\/\/yoast.com\/product\/yoast-seo-wordpress\/ -->\n<title>Nga vajza e Topallit te v\u00ebllai i Xhoan\u00ebs... B.SH, nj\u00eb ishull luksi p\u00ebr familjar\u00eb politikan\u00ebsh? - FjALA e LIR\u00cb - Arkivi<\/title>\n<meta name=\"robots\" content=\"index, follow, max-snippet:-1, max-image-preview:large, max-video-preview:-1\" \/>\n<link rel=\"canonical\" href=\"https:\/\/fjala.info\/2009-2015\/nga-vajza-e-topallit-te-vellai-i-xhoanes-b-sh-nje-ishull-luksi-per-familjare-politikanesh\/\" \/>\n<meta property=\"og:locale\" content=\"sq_AL\" \/>\n<meta property=\"og:type\" content=\"article\" \/>\n<meta property=\"og:title\" content=\"Nga vajza e Topallit te v\u00ebllai i Xhoan\u00ebs... B.SH, nj\u00eb ishull luksi p\u00ebr familjar\u00eb politikan\u00ebsh? - FjALA e LIR\u00cb - Arkivi\" \/>\n<meta property=\"og:description\" content=\"ResPublica.al, 2 shtator 2012 N\u00eb kryeartikullin e numrit t\u00eb sot\u00ebm, e p\u00ebrditshmja Shqip ka b\u00ebr\u00eb nj\u00eb list\u00eb t\u00eb personave q\u00eb punojn\u00eb n\u00eb administrat\u00ebn e Bank\u00ebs s\u00eb Shqip\u00ebris\u00eb dhe rezulton se shum\u00eb prej tyre jan\u00eb bij, bija, motra, v\u00ebllez\u00ebr, kunet\u00ebr e kunata t\u00eb pushtetar\u00ebve. Shkruan Shqip: \u201c&#8230;N\u00eb administrat\u00ebn e Bank\u00ebs s\u00eb Shqip\u00ebris\u00eb, zyrat e shtrenjta, pagesat [&hellip;]\" \/>\n<meta property=\"og:url\" content=\"https:\/\/fjala.info\/2009-2015\/nga-vajza-e-topallit-te-vellai-i-xhoanes-b-sh-nje-ishull-luksi-per-familjare-politikanesh\/\" \/>\n<meta property=\"og:site_name\" content=\"FjALA e LIR\u00cb - Arkivi\" \/>\n<meta property=\"article:published_time\" content=\"2012-09-02T14:22:52+00:00\" \/>\n<meta property=\"og:image\" content=\"http:\/\/www.fjala.info\/2012\/fullani_berisha.jpg\" \/>\n<meta name=\"author\" content=\"admin\" \/>\n<meta name=\"twitter:card\" content=\"summary_large_image\" \/>\n<meta name=\"twitter:label1\" content=\"Written by\" \/>\n\t<meta name=\"twitter:data1\" content=\"admin\" \/>\n\t<meta name=\"twitter:label2\" content=\"Est. reading time\" \/>\n\t<meta name=\"twitter:data2\" content=\"2 minutes\" \/>\n<script type=\"application\/ld+json\" class=\"yoast-schema-graph\">{\"@context\":\"https:\\\/\\\/schema.org\",\"@graph\":[{\"@type\":\"Article\",\"@id\":\"https:\\\/\\\/fjala.info\\\/2009-2015\\\/nga-vajza-e-topallit-te-vellai-i-xhoanes-b-sh-nje-ishull-luksi-per-familjare-politikanesh\\\/#article\",\"isPartOf\":{\"@id\":\"https:\\\/\\\/fjala.info\\\/2009-2015\\\/nga-vajza-e-topallit-te-vellai-i-xhoanes-b-sh-nje-ishull-luksi-per-familjare-politikanesh\\\/\"},\"author\":{\"name\":\"admin\",\"@id\":\"https:\\\/\\\/fjala.info\\\/2009-2015\\\/#\\\/schema\\\/person\\\/3aa1163ef05469c496fc94e77611ada2\"},\"headline\":\"Nga vajza e Topallit te v\u00ebllai i Xhoan\u00ebs&#8230; B.SH, nj\u00eb ishull luksi p\u00ebr familjar\u00eb politikan\u00ebsh?\",\"datePublished\":\"2012-09-02T14:22:52+00:00\",\"mainEntityOfPage\":{\"@id\":\"https:\\\/\\\/fjala.info\\\/2009-2015\\\/nga-vajza-e-topallit-te-vellai-i-xhoanes-b-sh-nje-ishull-luksi-per-familjare-politikanesh\\\/\"},\"wordCount\":432,\"commentCount\":0,\"publisher\":{\"@id\":\"https:\\\/\\\/fjala.info\\\/2009-2015\\\/#organization\"},\"image\":{\"@id\":\"https:\\\/\\\/fjala.info\\\/2009-2015\\\/nga-vajza-e-topallit-te-vellai-i-xhoanes-b-sh-nje-ishull-luksi-per-familjare-politikanesh\\\/#primaryimage\"},\"thumbnailUrl\":\"http:\\\/\\\/www.fjala.info\\\/2012\\\/fullani_berisha.jpg\",\"articleSection\":[\"Artikuj\"],\"inLanguage\":\"sq-AL\",\"potentialAction\":[{\"@type\":\"CommentAction\",\"name\":\"Comment\",\"target\":[\"https:\\\/\\\/fjala.info\\\/2009-2015\\\/nga-vajza-e-topallit-te-vellai-i-xhoanes-b-sh-nje-ishull-luksi-per-familjare-politikanesh\\\/#respond\"]}]},{\"@type\":\"WebPage\",\"@id\":\"https:\\\/\\\/fjala.info\\\/2009-2015\\\/nga-vajza-e-topallit-te-vellai-i-xhoanes-b-sh-nje-ishull-luksi-per-familjare-politikanesh\\\/\",\"url\":\"https:\\\/\\\/fjala.info\\\/2009-2015\\\/nga-vajza-e-topallit-te-vellai-i-xhoanes-b-sh-nje-ishull-luksi-per-familjare-politikanesh\\\/\",\"name\":\"Nga vajza e Topallit te v\u00ebllai i Xhoan\u00ebs... B.SH, nj\u00eb ishull luksi p\u00ebr familjar\u00eb politikan\u00ebsh? - FjALA e LIR\u00cb - Arkivi\",\"isPartOf\":{\"@id\":\"https:\\\/\\\/fjala.info\\\/2009-2015\\\/#website\"},\"primaryImageOfPage\":{\"@id\":\"https:\\\/\\\/fjala.info\\\/2009-2015\\\/nga-vajza-e-topallit-te-vellai-i-xhoanes-b-sh-nje-ishull-luksi-per-familjare-politikanesh\\\/#primaryimage\"},\"image\":{\"@id\":\"https:\\\/\\\/fjala.info\\\/2009-2015\\\/nga-vajza-e-topallit-te-vellai-i-xhoanes-b-sh-nje-ishull-luksi-per-familjare-politikanesh\\\/#primaryimage\"},\"thumbnailUrl\":\"http:\\\/\\\/www.fjala.info\\\/2012\\\/fullani_berisha.jpg\",\"datePublished\":\"2012-09-02T14:22:52+00:00\",\"breadcrumb\":{\"@id\":\"https:\\\/\\\/fjala.info\\\/2009-2015\\\/nga-vajza-e-topallit-te-vellai-i-xhoanes-b-sh-nje-ishull-luksi-per-familjare-politikanesh\\\/#breadcrumb\"},\"inLanguage\":\"sq-AL\",\"potentialAction\":[{\"@type\":\"ReadAction\",\"target\":[\"https:\\\/\\\/fjala.info\\\/2009-2015\\\/nga-vajza-e-topallit-te-vellai-i-xhoanes-b-sh-nje-ishull-luksi-per-familjare-politikanesh\\\/\"]}]},{\"@type\":\"ImageObject\",\"inLanguage\":\"sq-AL\",\"@id\":\"https:\\\/\\\/fjala.info\\\/2009-2015\\\/nga-vajza-e-topallit-te-vellai-i-xhoanes-b-sh-nje-ishull-luksi-per-familjare-politikanesh\\\/#primaryimage\",\"url\":\"http:\\\/\\\/www.fjala.info\\\/2012\\\/fullani_berisha.jpg\",\"contentUrl\":\"http:\\\/\\\/www.fjala.info\\\/2012\\\/fullani_berisha.jpg\"},{\"@type\":\"BreadcrumbList\",\"@id\":\"https:\\\/\\\/fjala.info\\\/2009-2015\\\/nga-vajza-e-topallit-te-vellai-i-xhoanes-b-sh-nje-ishull-luksi-per-familjare-politikanesh\\\/#breadcrumb\",\"itemListElement\":[{\"@type\":\"ListItem\",\"position\":1,\"name\":\"Home\",\"item\":\"https:\\\/\\\/fjala.info\\\/2009-2015\\\/\"},{\"@type\":\"ListItem\",\"position\":2,\"name\":\"Nga vajza e Topallit te v\u00ebllai i Xhoan\u00ebs&#8230; B.SH, nj\u00eb ishull luksi p\u00ebr familjar\u00eb politikan\u00ebsh?\"}]},{\"@type\":\"WebSite\",\"@id\":\"https:\\\/\\\/fjala.info\\\/2009-2015\\\/#website\",\"url\":\"https:\\\/\\\/fjala.info\\\/2009-2015\\\/\",\"name\":\"FjALA e LIR\u00cb - Arkivi\",\"description\":\"Arkivi 2009-2015\",\"publisher\":{\"@id\":\"https:\\\/\\\/fjala.info\\\/2009-2015\\\/#organization\"},\"potentialAction\":[{\"@type\":\"SearchAction\",\"target\":{\"@type\":\"EntryPoint\",\"urlTemplate\":\"https:\\\/\\\/fjala.info\\\/2009-2015\\\/?s={search_term_string}\"},\"query-input\":{\"@type\":\"PropertyValueSpecification\",\"valueRequired\":true,\"valueName\":\"search_term_string\"}}],\"inLanguage\":\"sq-AL\"},{\"@type\":\"Organization\",\"@id\":\"https:\\\/\\\/fjala.info\\\/2009-2015\\\/#organization\",\"name\":\"FjALA e LIR\u00cb - Arkivi\",\"url\":\"https:\\\/\\\/fjala.info\\\/2009-2015\\\/\",\"logo\":{\"@type\":\"ImageObject\",\"inLanguage\":\"sq-AL\",\"@id\":\"https:\\\/\\\/fjala.info\\\/2009-2015\\\/#\\\/schema\\\/logo\\\/image\\\/\",\"url\":\"\",\"contentUrl\":\"\",\"caption\":\"FjALA e LIR\u00cb - Arkivi\"},\"image\":{\"@id\":\"https:\\\/\\\/fjala.info\\\/2009-2015\\\/#\\\/schema\\\/logo\\\/image\\\/\"}},{\"@type\":\"Person\",\"@id\":\"https:\\\/\\\/fjala.info\\\/2009-2015\\\/#\\\/schema\\\/person\\\/3aa1163ef05469c496fc94e77611ada2\",\"name\":\"admin\",\"image\":{\"@type\":\"ImageObject\",\"inLanguage\":\"sq-AL\",\"@id\":\"https:\\\/\\\/fjala.info\\\/2009-2015\\\/wp-content\\\/uploads\\\/2012\\\/02\\\/arben_cokaj-120x150.jpg\",\"url\":\"https:\\\/\\\/fjala.info\\\/2009-2015\\\/wp-content\\\/uploads\\\/2012\\\/02\\\/arben_cokaj-120x150.jpg\",\"contentUrl\":\"https:\\\/\\\/fjala.info\\\/2009-2015\\\/wp-content\\\/uploads\\\/2012\\\/02\\\/arben_cokaj-120x150.jpg\",\"caption\":\"admin\"},\"description\":\"Admin, Fjala e Lir\u00eb\",\"sameAs\":[\"https:\\\/\\\/fjala.info\\\/\"],\"url\":\"https:\\\/\\\/fjala.info\\\/2009-2015\\\/author\\\/admin\\\/\"}]}<\/script>\n<!-- \/ Yoast SEO plugin. -->","yoast_head_json":{"title":"Nga vajza e Topallit te v\u00ebllai i Xhoan\u00ebs... B.SH, nj\u00eb ishull luksi p\u00ebr familjar\u00eb politikan\u00ebsh? - FjALA e LIR\u00cb - Arkivi","robots":{"index":"index","follow":"follow","max-snippet":"max-snippet:-1","max-image-preview":"max-image-preview:large","max-video-preview":"max-video-preview:-1"},"canonical":"https:\/\/fjala.info\/2009-2015\/nga-vajza-e-topallit-te-vellai-i-xhoanes-b-sh-nje-ishull-luksi-per-familjare-politikanesh\/","og_locale":"sq_AL","og_type":"article","og_title":"Nga vajza e Topallit te v\u00ebllai i Xhoan\u00ebs... B.SH, nj\u00eb ishull luksi p\u00ebr familjar\u00eb politikan\u00ebsh? - FjALA e LIR\u00cb - Arkivi","og_description":"ResPublica.al, 2 shtator 2012 N\u00eb kryeartikullin e numrit t\u00eb sot\u00ebm, e p\u00ebrditshmja Shqip ka b\u00ebr\u00eb nj\u00eb list\u00eb t\u00eb personave q\u00eb punojn\u00eb n\u00eb administrat\u00ebn e Bank\u00ebs s\u00eb Shqip\u00ebris\u00eb dhe rezulton se shum\u00eb prej tyre jan\u00eb bij, bija, motra, v\u00ebllez\u00ebr, kunet\u00ebr e kunata t\u00eb pushtetar\u00ebve. Shkruan Shqip: \u201c&#8230;N\u00eb administrat\u00ebn e Bank\u00ebs s\u00eb Shqip\u00ebris\u00eb, zyrat e shtrenjta, pagesat [&hellip;]","og_url":"https:\/\/fjala.info\/2009-2015\/nga-vajza-e-topallit-te-vellai-i-xhoanes-b-sh-nje-ishull-luksi-per-familjare-politikanesh\/","og_site_name":"FjALA e LIR\u00cb - Arkivi","article_published_time":"2012-09-02T14:22:52+00:00","og_image":[{"url":"http:\/\/www.fjala.info\/2012\/fullani_berisha.jpg","type":"","width":"","height":""}],"author":"admin","twitter_card":"summary_large_image","twitter_misc":{"Written by":"admin","Est. reading time":"2 minutes"},"schema":{"@context":"https:\/\/schema.org","@graph":[{"@type":"Article","@id":"https:\/\/fjala.info\/2009-2015\/nga-vajza-e-topallit-te-vellai-i-xhoanes-b-sh-nje-ishull-luksi-per-familjare-politikanesh\/#article","isPartOf":{"@id":"https:\/\/fjala.info\/2009-2015\/nga-vajza-e-topallit-te-vellai-i-xhoanes-b-sh-nje-ishull-luksi-per-familjare-politikanesh\/"},"author":{"name":"admin","@id":"https:\/\/fjala.info\/2009-2015\/#\/schema\/person\/3aa1163ef05469c496fc94e77611ada2"},"headline":"Nga vajza e Topallit te v\u00ebllai i Xhoan\u00ebs&#8230; B.SH, nj\u00eb ishull luksi p\u00ebr familjar\u00eb politikan\u00ebsh?","datePublished":"2012-09-02T14:22:52+00:00","mainEntityOfPage":{"@id":"https:\/\/fjala.info\/2009-2015\/nga-vajza-e-topallit-te-vellai-i-xhoanes-b-sh-nje-ishull-luksi-per-familjare-politikanesh\/"},"wordCount":432,"commentCount":0,"publisher":{"@id":"https:\/\/fjala.info\/2009-2015\/#organization"},"image":{"@id":"https:\/\/fjala.info\/2009-2015\/nga-vajza-e-topallit-te-vellai-i-xhoanes-b-sh-nje-ishull-luksi-per-familjare-politikanesh\/#primaryimage"},"thumbnailUrl":"http:\/\/www.fjala.info\/2012\/fullani_berisha.jpg","articleSection":["Artikuj"],"inLanguage":"sq-AL","potentialAction":[{"@type":"CommentAction","name":"Comment","target":["https:\/\/fjala.info\/2009-2015\/nga-vajza-e-topallit-te-vellai-i-xhoanes-b-sh-nje-ishull-luksi-per-familjare-politikanesh\/#respond"]}]},{"@type":"WebPage","@id":"https:\/\/fjala.info\/2009-2015\/nga-vajza-e-topallit-te-vellai-i-xhoanes-b-sh-nje-ishull-luksi-per-familjare-politikanesh\/","url":"https:\/\/fjala.info\/2009-2015\/nga-vajza-e-topallit-te-vellai-i-xhoanes-b-sh-nje-ishull-luksi-per-familjare-politikanesh\/","name":"Nga vajza e Topallit te v\u00ebllai i Xhoan\u00ebs... B.SH, nj\u00eb ishull luksi p\u00ebr familjar\u00eb politikan\u00ebsh? - FjALA e LIR\u00cb - Arkivi","isPartOf":{"@id":"https:\/\/fjala.info\/2009-2015\/#website"},"primaryImageOfPage":{"@id":"https:\/\/fjala.info\/2009-2015\/nga-vajza-e-topallit-te-vellai-i-xhoanes-b-sh-nje-ishull-luksi-per-familjare-politikanesh\/#primaryimage"},"image":{"@id":"https:\/\/fjala.info\/2009-2015\/nga-vajza-e-topallit-te-vellai-i-xhoanes-b-sh-nje-ishull-luksi-per-familjare-politikanesh\/#primaryimage"},"thumbnailUrl":"http:\/\/www.fjala.info\/2012\/fullani_berisha.jpg","datePublished":"2012-09-02T14:22:52+00:00","breadcrumb":{"@id":"https:\/\/fjala.info\/2009-2015\/nga-vajza-e-topallit-te-vellai-i-xhoanes-b-sh-nje-ishull-luksi-per-familjare-politikanesh\/#breadcrumb"},"inLanguage":"sq-AL","potentialAction":[{"@type":"ReadAction","target":["https:\/\/fjala.info\/2009-2015\/nga-vajza-e-topallit-te-vellai-i-xhoanes-b-sh-nje-ishull-luksi-per-familjare-politikanesh\/"]}]},{"@type":"ImageObject","inLanguage":"sq-AL","@id":"https:\/\/fjala.info\/2009-2015\/nga-vajza-e-topallit-te-vellai-i-xhoanes-b-sh-nje-ishull-luksi-per-familjare-politikanesh\/#primaryimage","url":"http:\/\/www.fjala.info\/2012\/fullani_berisha.jpg","contentUrl":"http:\/\/www.fjala.info\/2012\/fullani_berisha.jpg"},{"@type":"BreadcrumbList","@id":"https:\/\/fjala.info\/2009-2015\/nga-vajza-e-topallit-te-vellai-i-xhoanes-b-sh-nje-ishull-luksi-per-familjare-politikanesh\/#breadcrumb","itemListElement":[{"@type":"ListItem","position":1,"name":"Home","item":"https:\/\/fjala.info\/2009-2015\/"},{"@type":"ListItem","position":2,"name":"Nga vajza e Topallit te v\u00ebllai i Xhoan\u00ebs&#8230; B.SH, nj\u00eb ishull luksi p\u00ebr familjar\u00eb politikan\u00ebsh?"}]},{"@type":"WebSite","@id":"https:\/\/fjala.info\/2009-2015\/#website","url":"https:\/\/fjala.info\/2009-2015\/","name":"FjALA e LIR\u00cb - Arkivi","description":"Arkivi 2009-2015","publisher":{"@id":"https:\/\/fjala.info\/2009-2015\/#organization"},"potentialAction":[{"@type":"SearchAction","target":{"@type":"EntryPoint","urlTemplate":"https:\/\/fjala.info\/2009-2015\/?s={search_term_string}"},"query-input":{"@type":"PropertyValueSpecification","valueRequired":true,"valueName":"search_term_string"}}],"inLanguage":"sq-AL"},{"@type":"Organization","@id":"https:\/\/fjala.info\/2009-2015\/#organization","name":"FjALA e LIR\u00cb - Arkivi","url":"https:\/\/fjala.info\/2009-2015\/","logo":{"@type":"ImageObject","inLanguage":"sq-AL","@id":"https:\/\/fjala.info\/2009-2015\/#\/schema\/logo\/image\/","url":"","contentUrl":"","caption":"FjALA e LIR\u00cb - Arkivi"},"image":{"@id":"https:\/\/fjala.info\/2009-2015\/#\/schema\/logo\/image\/"}},{"@type":"Person","@id":"https:\/\/fjala.info\/2009-2015\/#\/schema\/person\/3aa1163ef05469c496fc94e77611ada2","name":"admin","image":{"@type":"ImageObject","inLanguage":"sq-AL","@id":"https:\/\/fjala.info\/2009-2015\/wp-content\/uploads\/2012\/02\/arben_cokaj-120x150.jpg","url":"https:\/\/fjala.info\/2009-2015\/wp-content\/uploads\/2012\/02\/arben_cokaj-120x150.jpg","contentUrl":"https:\/\/fjala.info\/2009-2015\/wp-content\/uploads\/2012\/02\/arben_cokaj-120x150.jpg","caption":"admin"},"description":"Admin, Fjala e Lir\u00eb","sameAs":["https:\/\/fjala.info\/"],"url":"https:\/\/fjala.info\/2009-2015\/author\/admin\/"}]}},"_links":{"self":[{"href":"https:\/\/fjala.info\/2009-2015\/wp-json\/wp\/v2\/posts\/12064","targetHints":{"allow":["GET"]}}],"collection":[{"href":"https:\/\/fjala.info\/2009-2015\/wp-json\/wp\/v2\/posts"}],"about":[{"href":"https:\/\/fjala.info\/2009-2015\/wp-json\/wp\/v2\/types\/post"}],"author":[{"embeddable":true,"href":"https:\/\/fjala.info\/2009-2015\/wp-json\/wp\/v2\/users\/1"}],"replies":[{"embeddable":true,"href":"https:\/\/fjala.info\/2009-2015\/wp-json\/wp\/v2\/comments?post=12064"}],"version-history":[{"count":0,"href":"https:\/\/fjala.info\/2009-2015\/wp-json\/wp\/v2\/posts\/12064\/revisions"}],"wp:attachment":[{"href":"https:\/\/fjala.info\/2009-2015\/wp-json\/wp\/v2\/media?parent=12064"}],"wp:term":[{"taxonomy":"category","embeddable":true,"href":"https:\/\/fjala.info\/2009-2015\/wp-json\/wp\/v2\/categories?post=12064"},{"taxonomy":"post_tag","embeddable":true,"href":"https:\/\/fjala.info\/2009-2015\/wp-json\/wp\/v2\/tags?post=12064"}],"curies":[{"name":"wp","href":"https:\/\/api.w.org\/{rel}","templated":true}]}}