{"id":12061,"date":"2012-08-31T21:09:43","date_gmt":"2012-08-31T20:09:43","guid":{"rendered":"http:\/\/www.fjala.info\/?p=4746"},"modified":"2012-08-31T21:09:43","modified_gmt":"2012-08-31T20:09:43","slug":"beja-inventarin-atdheut-tend-or-kungull","status":"publish","type":"post","link":"https:\/\/fjala.info\/2009-2015\/beja-inventarin-atdheut-tend-or-kungull\/","title":{"rendered":"B\u00ebja inventarin atdheut t\u00ebnd, or kungull!"},"content":{"rendered":"<p><img decoding=\"async\" class=\"alignright size-thumbnail wp-image-7236\" title=\"Bledi Mane\" src=\"http:\/\/www.fjala.info\/2012\/bledi_mane.jpg\" alt=\"\" width=\"150\" \/> Nga <strong>Bledi Mane<\/strong>, <em>31 Gusht 2012<\/em><\/p>\n<p><strong>1.\/Bab\u2019i Kolit, bab\u2019i Xenit<\/strong><\/p>\n<p>Plot\u00ebsisht tashm\u00eb m\u00eb mbushet mendja se qeverisjen e her\u00ebs s\u00eb dyt\u00eb nuk e more seriozisht. Ndryshe nga idealizmi rural dhe mediokriteti violent i munges\u00ebs s\u00eb t\u00eb qeverisurit 20 vjet m\u00eb pare, tashm\u00eb pa pyetur p\u00ebr standarte dhe norma bazike, ke shpartalluar filozofit\u00eb e Makialvelit, Rusos\u00eb, Hobsit, Xhon Lok-ut, nd\u00ebrsa me kushtetut\u00ebn e Sabriut dhe t\u00eb Benit pastrohesh sa her\u00eb t\u00eb z\u00eb diareja e trurit.<\/p>\n<p>N\u00ebse v\u00ebrtet\u00eb po t\u00eb t\u00eb dhimbsej ky vend dhe buza e shpirti t\u00eb t\u00eb ishin plasur 8 vjet n\u00eb opozit\u00eb, at\u00eb shtator t\u00eb 2005-s kur vure byth\u00ebn mbi karrigen e Fatos Nanos, duhej t\u00eb mendoheshe mir\u00eb. Ta mbaje me zor aty n\u00eb zyr\u00eb kryeministrin paraardh\u00ebs t\u00ebndin e t\u00eb dy s\u00eb bashku t\u00eb p\u00ebrcillnit me p\u00ebrgjegj\u00ebsi historike nga njeri pushtet n\u00eb tjetrin asetet, burimet, resurset, minierat, rrug\u00ebt, qiellin, faun\u00ebn, flor\u00ebn, pra gjith\u00e7ka kishte asaj kohe atdheu n\u00eb pron\u00ebsi.<\/p>\n<p>Si burr\u00eb i pjekur n\u00eb mosh\u00eb dhe zot i nj\u00eb atdheu t\u00eb gjymtuar nga e kaluara dhe e tashmja, duhet t\u00eb mbaje sh\u00ebnimet e domosdoshme n\u00ebp\u00ebr qitape apo t\u00eb rregjistroje e dixhitalizoje \u00e7do pasuri t\u00eb Shqip\u00ebris\u00eb.<\/p>\n<p>Ti k\u00ebrkoje llogari e ti b\u00ebrtisje Nanos, duke i th\u00ebn\u00eb se n\u00eb \u201997-n kur t\u00eb hoq\u00ebn zvarr\u00eb nga pushteti, e le vendin me mij\u00ebra hektar\u00eb pyje e kullota dhe me plazhe ku deti njomte r\u00ebr\u00ebn e bregut e jo themelet e betonta. T\u2019u k\u00ebrkoje socialist\u00ebve t\u00eb par\u00eb bilancet e aksidenteve rrugore, vrasjeve dhe humbjet e jet\u00ebve n\u00ebp\u00ebr spitale nga neglizhenca dhe korrupsioni. Hesap ti k\u00ebrkoje p\u00ebr kriminalitetin, burgosjet, gjykatat sharlatane, d\u00ebnimet qesharake, dhun\u00ebn mbi njerzit e mediumeve, trafiqet(edhe t\u00eb miat), diskriminimet raciste, arsimin, jet\u00ebn mizerje t\u00eb qytetar\u00ebve (votuesve)\u2026<\/p>\n<p>Duke i b\u00ebr\u00eb hesapet si treg\u00ebtar i ndersh\u00ebm dhe pun\u00ebtor, e kishe m\u00eb t\u00eb leht\u00eb p\u00ebr t\u00eb krahasuar Shqip\u00ebrin\u00eb q\u00eb gjete m\u00eb 2005-n dhe Shqip\u00ebrin\u00eb q\u00eb do ta dor\u00ebzosh mot pas presioneve.<\/p>\n<p>Ti nuk e more seriozisht qeverisjen p\u00ebr her\u00eb t\u00eb dyt\u00eb, ndaj nuk ta mban sumatri\u00e7ja ta b\u00ebsh nj\u00eb inventar, sikur edhe sip\u00ebrfq\u00ebsor. Shtat\u00eb vjet si kryeminist\u00ebr t\u00eb jan\u00eb rritur me 70% aksidentet automobilistike n\u00ebp\u00ebr rrug\u00ebt e tua t\u00eb pap\u00ebrfunduara. Kriminaliteti i 10 muajve t\u00eb fundit konkurron denj\u00ebsisht vet\u00ebm me 10 muajt e par\u00eb t\u00eb vitit 1997, vit ky q\u00eb ti e ke shum\u00eb p\u00ebr zem\u00ebr.<\/p>\n<p>Shtres\u00ebzimi i brisht\u00eb social i shoq\u00ebris\u00eb deri m\u00eb 2005-n mori rrokopatje dhe klasa e mesme e shqiptar\u00ebve u zhduk pa len\u00eb gjurm\u00eb. Diferencat mes borgjezis\u00eb servile t\u00eb pushteteve dhe klas\u00ebs tashm\u00eb t\u00eb rr\u00ebnuar t\u00eb mesme po thellohet friksh\u00ebm dhe modeli kazikistanez i pasurimit pa pun\u00eb e pa merita thjesht do t\u00eb \u00e7ojn\u00eb n\u00eb tensione anarkie.<\/p>\n<p>Po ke kurajo mal\u00ebsori, mbyllu i vet\u00ebm n\u00eb zyr\u00eb dhe num\u00ebro sa lindje e vdekje kan\u00eb ndodhur k\u00ebto shtat\u00eb vitet e fundit. Sa zjarre kan\u00eb b\u00ebr\u00eb k\u00ebrdin\u00eb, sa minator\u00eb kan\u00eb vdekur guvave t\u00eb mbijetes\u00ebs, sa fiton n\u00eb dit\u00eb Sokol Fatos Nano, sa fiton Shk\u00eblzeni yt dhe b\u00ebj krahasime me financat e nj\u00eb profesionisti t\u00eb ri shqiptar q\u00eb punon p\u00ebr koorporatat e k\u00ebtushme apo nj\u00eb biznesmeneje pun\u00ebtore q\u00eb rropatet t\u00eb jet\u00eb korrekte me veten dhe me tatimet e Ritvan Bodes. Num\u00ebro sa vota i vodhe Nanos dhe Met\u00ebs n\u00eb 1996-n, sa t\u00eb vodhi Meta me Nanon n\u00eb 2001-shin dhe krahaso pak k\u00ebto manipulimet e vjedhjet elektorale 2009-2011 me zgjedhjet e Burundit, Afganistanit dhe Xhibutit.<\/p>\n<p>Krahaso thjesht fare si i le spitalet n\u00eb 1991 kur zotrote ishe mjek, si i le spitalet n\u00eb 1997-n kur zotrote ishe pacient i pushtetit, si i gjete spitalet kur u sh\u00ebrove disi n\u00eb 2005-n dhe si i ke katandisur tashm\u00eb me ministrat e Ilirit t\u00eb Spartak Brahos?<\/p>\n<p>B\u00ebje! E b\u00ebn dot?<\/p>\n<p>Jo mor, ti nuk ke shans.<\/p>\n<p>Ti ke frik\u00eb nga inventaret. T\u00eb dridhen leqet e k\u00ebrcinjve t\u00eb t\u2019u t\u00eb fishkur. Nuk thyen dot rekorde n\u00eb b\u00ebrje inventaresh, sepse \u00e7do sekond\u00eb ky vend g\u00ebrmohet s\u00eb jashtmi e s\u00eb brendshmi, deri sa t\u00eb mb\u00ebrrish pran\u00eb palc\u00ebs s\u00eb kockave. Ty nuk t\u00eb interesonte t\u2019i b\u00ebje invetarin paraardh\u00ebsit e t\u2019ia lije pasardh\u00ebsit e porsi burr\u00eb krenar e babaxhan ti thuash:<\/p>\n<p>-Po ta le si djal\u00eb trim, t\u00eb fort\u00eb, me oreks, t\u00eb sh\u00ebndetsh\u00ebm po ta le atdheun. Mos guxo t\u00eb ma vjedh\u00ebsh e s\u00ebmur\u00ebsh, sepse do t\u00eb jem gati n\u00eb \u00e7do koh\u00eb e mosh\u00eb t\u00eb t\u00eb b\u00ebj opozitarin e \u00e7mendur.<\/p>\n<p>Ti je egoist i s\u00ebmur\u00eb plako. Ti vuan pse tashm\u00eb u plake e u k\u00ebrruse, vuan pse nuk jeton dot p\u00ebrjet\u00ebsisht. Ngaq\u00eb po ngordh vet\u00eb, k\u00ebrkon t\u00eb ngordh\u00eb dhe atdheu. Ti je si pirroman\u00ebt e k\u00ebtij behari t\u00eb \u00e7mendur, q\u00eb duke djegur 3 shkurre e 2 pem\u00eb, mendojn\u00eb se ia mor\u00ebn shpirtin pyllit. Pylli \u00ebsht\u00eb vet\u00eb jeta, jeta \u00ebsht\u00eb vet\u00eb Zoti. A nuk \u00ebsht\u00eb edhe Shqip\u00ebria si vet\u00eb pylli, q\u00eb sa her\u00eb e djegin ngadh\u00ebnjehet si vet\u00eb pylli n\u00eb fundmars?<\/p>\n<p><strong>2.\/Te vendi i krimit<\/strong><\/p>\n<p>Nuk kam pse e fsheh. Thjesht po m\u00eb p\u00eblqejn\u00eb.<\/p>\n<p>Performancat mediatike-politike t\u00eb Aleanc\u00ebs Kuqezi i kam studiuar me kujdes dhe si specialist i medias dhe komunikimit, arrij n\u00eb konkluzionin se jan\u00eb v\u00ebrtet\u00eb imperative e t\u00eb nevojshme!<\/p>\n<p>M\u00eb kujtojn\u00eb disi dit\u00ebt e lavdishme t\u00eb protestave t\u00eb organizat\u00ebs joqeveritare \u201cMjaft\u201d, por pavar\u00ebsisht se me m\u00eb pak ironi n\u00eb p\u00ebrmbajtje, k\u00ebto atakimet e AK-s\u00eb po godasin n\u00eb shenj\u00eb. Rrethimi i pallatit t\u00eb Lul Bash\u00ebs n\u00eb Vlor\u00eb, protestat pran\u00eb vendit ku Berisha kishte premtuar se do t\u00eb ngrinte xhami qysh m\u00eb 1993 dhe ajo te stacioni hekurudhor banglandeshas i Tiran\u00ebs, kan\u00eb \u00e7liruar at\u00eb lloj impakt t\u00eb cilin partia m\u00ebm\u00eb e opozit\u00ebs duket se e ka minimizuar vet\u00ebm me trimin e vet\u00ebm n\u00eb luft\u00eb, Erion Bra\u00e7e.<\/p>\n<p>Nuk ka r\u00ebnd\u00ebsi tashm\u00eb as stina, as muaji, as temperatura. Vendi me hir apo pa hir ka hyr\u00eb n\u00eb oborrin e fushat\u00ebs zgjedhore dhe ndryshe nga viti 2009, kur edhe ndonj\u00eb vjedhje vote tolerohej e shk\u00ebmbehej me ndonj\u00eb pazar afatshkurt\u00ebr, tashm\u00eb nuk ka koh\u00eb p\u00ebr dremitje socialist\u00ebsh.<\/p>\n<p>Elektoratit nuk i interesojn\u00eb ethet e listave paraprake p\u00ebr parlamentar\u00eb apo kalkulimet e kodeve bajate zghedhore. I mbarsur me varf\u00ebrin\u00eb dhe humbjen e dinjitetit personal &amp; kolektiv \u00e7do sekond\u00eb, ky elektorat ka nevoj\u00eb q\u00eb opozitari, porsi ekspert i mir\u00eb t\u00eb tregoj\u00eb nga vendi i krimit pse, si ndodhi dhe kush mban p\u00ebrgjegj\u00ebsi p\u00ebr k\u00ebt\u00eb krim.<\/p>\n<p>A nuk do t\u00eb kishte m\u00eb tep\u00ebr vler\u00eb q\u00eb eksponent\u00ebt e opozit\u00ebs t\u00eb protestojn\u00eb dhe komunikojn\u00eb me njerzin\u00eb te rruga ku vdiq kalimtari, te \u00e7erdhja ku vodhi kuzhinierja, te spitali ku l\u00ebngon pacienti, te shkolla ku jep m\u00ebsim mediokri, te rajoni i policis\u00eb ku dhunohet qytetari, te kulla ku \u00ebsht\u00eb strukur gjaksi, te restoranti ku nuk l\u00ebshon fatur\u00eb pronari\u2026<\/p>\n<p>Porsi gazetari q\u00eb shkon te vendi i krimit e raporton, ashtu dhe opozitari do t\u00eb leht\u00ebsonte pak\u00ebz dhembjen dhe do i ngrinte adrenalin\u00ebn jo vet\u00ebm viktim\u00ebs, por edhe familjar\u00ebve, miqve dhe komunitetit\u2026<\/p>\n<p>Mbi plag\u00eb dor\u00ebn, mbi plag\u00eb opozitar!<\/p>\n","protected":false},"excerpt":{"rendered":"<p>Nga Bledi Mane, 31 Gusht 2012 1.\/Bab\u2019i Kolit, bab\u2019i Xenit Plot\u00ebsisht tashm\u00eb m\u00eb mbushet mendja se qeverisjen e her\u00ebs s\u00eb dyt\u00eb nuk e more seriozisht. Ndryshe nga idealizmi rural dhe mediokriteti violent i munges\u00ebs s\u00eb t\u00eb qeverisurit 20 vjet m\u00eb pare, tashm\u00eb pa pyetur p\u00ebr standarte dhe norma bazike, ke shpartalluar filozofit\u00eb e Makialvelit, Rusos\u00eb, [&hellip;]<\/p>\n","protected":false},"author":1,"featured_media":0,"comment_status":"open","ping_status":"closed","sticky":false,"template":"","format":"standard","meta":{"footnotes":""},"categories":[2],"tags":[],"class_list":{"0":"post-12061","1":"post","2":"type-post","3":"status-publish","4":"format-standard","6":"category-artikuj"},"yoast_head":"<!-- This site is optimized with the Yoast SEO plugin v27.4 - https:\/\/yoast.com\/product\/yoast-seo-wordpress\/ -->\n<title>B\u00ebja inventarin atdheut t\u00ebnd, or kungull! - FjALA e LIR\u00cb - Arkivi<\/title>\n<meta name=\"robots\" content=\"index, follow, max-snippet:-1, max-image-preview:large, max-video-preview:-1\" \/>\n<link rel=\"canonical\" href=\"https:\/\/fjala.info\/2009-2015\/beja-inventarin-atdheut-tend-or-kungull\/\" \/>\n<meta property=\"og:locale\" content=\"sq_AL\" \/>\n<meta property=\"og:type\" content=\"article\" \/>\n<meta property=\"og:title\" content=\"B\u00ebja inventarin atdheut t\u00ebnd, or kungull! - FjALA e LIR\u00cb - Arkivi\" \/>\n<meta property=\"og:description\" content=\"Nga Bledi Mane, 31 Gusht 2012 1.\/Bab\u2019i Kolit, bab\u2019i Xenit Plot\u00ebsisht tashm\u00eb m\u00eb mbushet mendja se qeverisjen e her\u00ebs s\u00eb dyt\u00eb nuk e more seriozisht. Ndryshe nga idealizmi rural dhe mediokriteti violent i munges\u00ebs s\u00eb t\u00eb qeverisurit 20 vjet m\u00eb pare, tashm\u00eb pa pyetur p\u00ebr standarte dhe norma bazike, ke shpartalluar filozofit\u00eb e Makialvelit, Rusos\u00eb, [&hellip;]\" \/>\n<meta property=\"og:url\" content=\"https:\/\/fjala.info\/2009-2015\/beja-inventarin-atdheut-tend-or-kungull\/\" \/>\n<meta property=\"og:site_name\" content=\"FjALA e LIR\u00cb - Arkivi\" \/>\n<meta property=\"article:published_time\" content=\"2012-08-31T20:09:43+00:00\" \/>\n<meta property=\"og:image\" content=\"http:\/\/www.fjala.info\/2012\/bledi_mane.jpg\" \/>\n<meta name=\"author\" content=\"admin\" \/>\n<meta name=\"twitter:card\" content=\"summary_large_image\" \/>\n<meta name=\"twitter:label1\" content=\"Written by\" \/>\n\t<meta name=\"twitter:data1\" content=\"admin\" \/>\n\t<meta name=\"twitter:label2\" content=\"Est. reading time\" \/>\n\t<meta name=\"twitter:data2\" content=\"6 minutes\" \/>\n<script type=\"application\/ld+json\" class=\"yoast-schema-graph\">{\"@context\":\"https:\\\/\\\/schema.org\",\"@graph\":[{\"@type\":\"Article\",\"@id\":\"https:\\\/\\\/fjala.info\\\/2009-2015\\\/beja-inventarin-atdheut-tend-or-kungull\\\/#article\",\"isPartOf\":{\"@id\":\"https:\\\/\\\/fjala.info\\\/2009-2015\\\/beja-inventarin-atdheut-tend-or-kungull\\\/\"},\"author\":{\"name\":\"admin\",\"@id\":\"https:\\\/\\\/fjala.info\\\/2009-2015\\\/#\\\/schema\\\/person\\\/3aa1163ef05469c496fc94e77611ada2\"},\"headline\":\"B\u00ebja inventarin atdheut t\u00ebnd, or kungull!\",\"datePublished\":\"2012-08-31T20:09:43+00:00\",\"mainEntityOfPage\":{\"@id\":\"https:\\\/\\\/fjala.info\\\/2009-2015\\\/beja-inventarin-atdheut-tend-or-kungull\\\/\"},\"wordCount\":1255,\"commentCount\":0,\"publisher\":{\"@id\":\"https:\\\/\\\/fjala.info\\\/2009-2015\\\/#organization\"},\"image\":{\"@id\":\"https:\\\/\\\/fjala.info\\\/2009-2015\\\/beja-inventarin-atdheut-tend-or-kungull\\\/#primaryimage\"},\"thumbnailUrl\":\"http:\\\/\\\/www.fjala.info\\\/2012\\\/bledi_mane.jpg\",\"articleSection\":[\"Artikuj\"],\"inLanguage\":\"sq-AL\",\"potentialAction\":[{\"@type\":\"CommentAction\",\"name\":\"Comment\",\"target\":[\"https:\\\/\\\/fjala.info\\\/2009-2015\\\/beja-inventarin-atdheut-tend-or-kungull\\\/#respond\"]}]},{\"@type\":\"WebPage\",\"@id\":\"https:\\\/\\\/fjala.info\\\/2009-2015\\\/beja-inventarin-atdheut-tend-or-kungull\\\/\",\"url\":\"https:\\\/\\\/fjala.info\\\/2009-2015\\\/beja-inventarin-atdheut-tend-or-kungull\\\/\",\"name\":\"B\u00ebja inventarin atdheut t\u00ebnd, or kungull! - FjALA e LIR\u00cb - Arkivi\",\"isPartOf\":{\"@id\":\"https:\\\/\\\/fjala.info\\\/2009-2015\\\/#website\"},\"primaryImageOfPage\":{\"@id\":\"https:\\\/\\\/fjala.info\\\/2009-2015\\\/beja-inventarin-atdheut-tend-or-kungull\\\/#primaryimage\"},\"image\":{\"@id\":\"https:\\\/\\\/fjala.info\\\/2009-2015\\\/beja-inventarin-atdheut-tend-or-kungull\\\/#primaryimage\"},\"thumbnailUrl\":\"http:\\\/\\\/www.fjala.info\\\/2012\\\/bledi_mane.jpg\",\"datePublished\":\"2012-08-31T20:09:43+00:00\",\"breadcrumb\":{\"@id\":\"https:\\\/\\\/fjala.info\\\/2009-2015\\\/beja-inventarin-atdheut-tend-or-kungull\\\/#breadcrumb\"},\"inLanguage\":\"sq-AL\",\"potentialAction\":[{\"@type\":\"ReadAction\",\"target\":[\"https:\\\/\\\/fjala.info\\\/2009-2015\\\/beja-inventarin-atdheut-tend-or-kungull\\\/\"]}]},{\"@type\":\"ImageObject\",\"inLanguage\":\"sq-AL\",\"@id\":\"https:\\\/\\\/fjala.info\\\/2009-2015\\\/beja-inventarin-atdheut-tend-or-kungull\\\/#primaryimage\",\"url\":\"http:\\\/\\\/www.fjala.info\\\/2012\\\/bledi_mane.jpg\",\"contentUrl\":\"http:\\\/\\\/www.fjala.info\\\/2012\\\/bledi_mane.jpg\"},{\"@type\":\"BreadcrumbList\",\"@id\":\"https:\\\/\\\/fjala.info\\\/2009-2015\\\/beja-inventarin-atdheut-tend-or-kungull\\\/#breadcrumb\",\"itemListElement\":[{\"@type\":\"ListItem\",\"position\":1,\"name\":\"Home\",\"item\":\"https:\\\/\\\/fjala.info\\\/2009-2015\\\/\"},{\"@type\":\"ListItem\",\"position\":2,\"name\":\"B\u00ebja inventarin atdheut t\u00ebnd, or kungull!\"}]},{\"@type\":\"WebSite\",\"@id\":\"https:\\\/\\\/fjala.info\\\/2009-2015\\\/#website\",\"url\":\"https:\\\/\\\/fjala.info\\\/2009-2015\\\/\",\"name\":\"FjALA e LIR\u00cb - Arkivi\",\"description\":\"Arkivi 2009-2015\",\"publisher\":{\"@id\":\"https:\\\/\\\/fjala.info\\\/2009-2015\\\/#organization\"},\"potentialAction\":[{\"@type\":\"SearchAction\",\"target\":{\"@type\":\"EntryPoint\",\"urlTemplate\":\"https:\\\/\\\/fjala.info\\\/2009-2015\\\/?s={search_term_string}\"},\"query-input\":{\"@type\":\"PropertyValueSpecification\",\"valueRequired\":true,\"valueName\":\"search_term_string\"}}],\"inLanguage\":\"sq-AL\"},{\"@type\":\"Organization\",\"@id\":\"https:\\\/\\\/fjala.info\\\/2009-2015\\\/#organization\",\"name\":\"FjALA e LIR\u00cb - Arkivi\",\"url\":\"https:\\\/\\\/fjala.info\\\/2009-2015\\\/\",\"logo\":{\"@type\":\"ImageObject\",\"inLanguage\":\"sq-AL\",\"@id\":\"https:\\\/\\\/fjala.info\\\/2009-2015\\\/#\\\/schema\\\/logo\\\/image\\\/\",\"url\":\"\",\"contentUrl\":\"\",\"caption\":\"FjALA e LIR\u00cb - Arkivi\"},\"image\":{\"@id\":\"https:\\\/\\\/fjala.info\\\/2009-2015\\\/#\\\/schema\\\/logo\\\/image\\\/\"}},{\"@type\":\"Person\",\"@id\":\"https:\\\/\\\/fjala.info\\\/2009-2015\\\/#\\\/schema\\\/person\\\/3aa1163ef05469c496fc94e77611ada2\",\"name\":\"admin\",\"image\":{\"@type\":\"ImageObject\",\"inLanguage\":\"sq-AL\",\"@id\":\"https:\\\/\\\/fjala.info\\\/2009-2015\\\/wp-content\\\/uploads\\\/2012\\\/02\\\/arben_cokaj-120x150.jpg\",\"url\":\"https:\\\/\\\/fjala.info\\\/2009-2015\\\/wp-content\\\/uploads\\\/2012\\\/02\\\/arben_cokaj-120x150.jpg\",\"contentUrl\":\"https:\\\/\\\/fjala.info\\\/2009-2015\\\/wp-content\\\/uploads\\\/2012\\\/02\\\/arben_cokaj-120x150.jpg\",\"caption\":\"admin\"},\"description\":\"Admin, Fjala e Lir\u00eb\",\"sameAs\":[\"https:\\\/\\\/fjala.info\\\/\"],\"url\":\"https:\\\/\\\/fjala.info\\\/2009-2015\\\/author\\\/admin\\\/\"}]}<\/script>\n<!-- \/ Yoast SEO plugin. -->","yoast_head_json":{"title":"B\u00ebja inventarin atdheut t\u00ebnd, or kungull! - FjALA e LIR\u00cb - Arkivi","robots":{"index":"index","follow":"follow","max-snippet":"max-snippet:-1","max-image-preview":"max-image-preview:large","max-video-preview":"max-video-preview:-1"},"canonical":"https:\/\/fjala.info\/2009-2015\/beja-inventarin-atdheut-tend-or-kungull\/","og_locale":"sq_AL","og_type":"article","og_title":"B\u00ebja inventarin atdheut t\u00ebnd, or kungull! - FjALA e LIR\u00cb - Arkivi","og_description":"Nga Bledi Mane, 31 Gusht 2012 1.\/Bab\u2019i Kolit, bab\u2019i Xenit Plot\u00ebsisht tashm\u00eb m\u00eb mbushet mendja se qeverisjen e her\u00ebs s\u00eb dyt\u00eb nuk e more seriozisht. Ndryshe nga idealizmi rural dhe mediokriteti violent i munges\u00ebs s\u00eb t\u00eb qeverisurit 20 vjet m\u00eb pare, tashm\u00eb pa pyetur p\u00ebr standarte dhe norma bazike, ke shpartalluar filozofit\u00eb e Makialvelit, Rusos\u00eb, [&hellip;]","og_url":"https:\/\/fjala.info\/2009-2015\/beja-inventarin-atdheut-tend-or-kungull\/","og_site_name":"FjALA e LIR\u00cb - Arkivi","article_published_time":"2012-08-31T20:09:43+00:00","og_image":[{"url":"http:\/\/www.fjala.info\/2012\/bledi_mane.jpg","type":"","width":"","height":""}],"author":"admin","twitter_card":"summary_large_image","twitter_misc":{"Written by":"admin","Est. reading time":"6 minutes"},"schema":{"@context":"https:\/\/schema.org","@graph":[{"@type":"Article","@id":"https:\/\/fjala.info\/2009-2015\/beja-inventarin-atdheut-tend-or-kungull\/#article","isPartOf":{"@id":"https:\/\/fjala.info\/2009-2015\/beja-inventarin-atdheut-tend-or-kungull\/"},"author":{"name":"admin","@id":"https:\/\/fjala.info\/2009-2015\/#\/schema\/person\/3aa1163ef05469c496fc94e77611ada2"},"headline":"B\u00ebja inventarin atdheut t\u00ebnd, or kungull!","datePublished":"2012-08-31T20:09:43+00:00","mainEntityOfPage":{"@id":"https:\/\/fjala.info\/2009-2015\/beja-inventarin-atdheut-tend-or-kungull\/"},"wordCount":1255,"commentCount":0,"publisher":{"@id":"https:\/\/fjala.info\/2009-2015\/#organization"},"image":{"@id":"https:\/\/fjala.info\/2009-2015\/beja-inventarin-atdheut-tend-or-kungull\/#primaryimage"},"thumbnailUrl":"http:\/\/www.fjala.info\/2012\/bledi_mane.jpg","articleSection":["Artikuj"],"inLanguage":"sq-AL","potentialAction":[{"@type":"CommentAction","name":"Comment","target":["https:\/\/fjala.info\/2009-2015\/beja-inventarin-atdheut-tend-or-kungull\/#respond"]}]},{"@type":"WebPage","@id":"https:\/\/fjala.info\/2009-2015\/beja-inventarin-atdheut-tend-or-kungull\/","url":"https:\/\/fjala.info\/2009-2015\/beja-inventarin-atdheut-tend-or-kungull\/","name":"B\u00ebja inventarin atdheut t\u00ebnd, or kungull! - FjALA e LIR\u00cb - Arkivi","isPartOf":{"@id":"https:\/\/fjala.info\/2009-2015\/#website"},"primaryImageOfPage":{"@id":"https:\/\/fjala.info\/2009-2015\/beja-inventarin-atdheut-tend-or-kungull\/#primaryimage"},"image":{"@id":"https:\/\/fjala.info\/2009-2015\/beja-inventarin-atdheut-tend-or-kungull\/#primaryimage"},"thumbnailUrl":"http:\/\/www.fjala.info\/2012\/bledi_mane.jpg","datePublished":"2012-08-31T20:09:43+00:00","breadcrumb":{"@id":"https:\/\/fjala.info\/2009-2015\/beja-inventarin-atdheut-tend-or-kungull\/#breadcrumb"},"inLanguage":"sq-AL","potentialAction":[{"@type":"ReadAction","target":["https:\/\/fjala.info\/2009-2015\/beja-inventarin-atdheut-tend-or-kungull\/"]}]},{"@type":"ImageObject","inLanguage":"sq-AL","@id":"https:\/\/fjala.info\/2009-2015\/beja-inventarin-atdheut-tend-or-kungull\/#primaryimage","url":"http:\/\/www.fjala.info\/2012\/bledi_mane.jpg","contentUrl":"http:\/\/www.fjala.info\/2012\/bledi_mane.jpg"},{"@type":"BreadcrumbList","@id":"https:\/\/fjala.info\/2009-2015\/beja-inventarin-atdheut-tend-or-kungull\/#breadcrumb","itemListElement":[{"@type":"ListItem","position":1,"name":"Home","item":"https:\/\/fjala.info\/2009-2015\/"},{"@type":"ListItem","position":2,"name":"B\u00ebja inventarin atdheut t\u00ebnd, or kungull!"}]},{"@type":"WebSite","@id":"https:\/\/fjala.info\/2009-2015\/#website","url":"https:\/\/fjala.info\/2009-2015\/","name":"FjALA e LIR\u00cb - Arkivi","description":"Arkivi 2009-2015","publisher":{"@id":"https:\/\/fjala.info\/2009-2015\/#organization"},"potentialAction":[{"@type":"SearchAction","target":{"@type":"EntryPoint","urlTemplate":"https:\/\/fjala.info\/2009-2015\/?s={search_term_string}"},"query-input":{"@type":"PropertyValueSpecification","valueRequired":true,"valueName":"search_term_string"}}],"inLanguage":"sq-AL"},{"@type":"Organization","@id":"https:\/\/fjala.info\/2009-2015\/#organization","name":"FjALA e LIR\u00cb - Arkivi","url":"https:\/\/fjala.info\/2009-2015\/","logo":{"@type":"ImageObject","inLanguage":"sq-AL","@id":"https:\/\/fjala.info\/2009-2015\/#\/schema\/logo\/image\/","url":"","contentUrl":"","caption":"FjALA e LIR\u00cb - Arkivi"},"image":{"@id":"https:\/\/fjala.info\/2009-2015\/#\/schema\/logo\/image\/"}},{"@type":"Person","@id":"https:\/\/fjala.info\/2009-2015\/#\/schema\/person\/3aa1163ef05469c496fc94e77611ada2","name":"admin","image":{"@type":"ImageObject","inLanguage":"sq-AL","@id":"https:\/\/fjala.info\/2009-2015\/wp-content\/uploads\/2012\/02\/arben_cokaj-120x150.jpg","url":"https:\/\/fjala.info\/2009-2015\/wp-content\/uploads\/2012\/02\/arben_cokaj-120x150.jpg","contentUrl":"https:\/\/fjala.info\/2009-2015\/wp-content\/uploads\/2012\/02\/arben_cokaj-120x150.jpg","caption":"admin"},"description":"Admin, Fjala e Lir\u00eb","sameAs":["https:\/\/fjala.info\/"],"url":"https:\/\/fjala.info\/2009-2015\/author\/admin\/"}]}},"_links":{"self":[{"href":"https:\/\/fjala.info\/2009-2015\/wp-json\/wp\/v2\/posts\/12061","targetHints":{"allow":["GET"]}}],"collection":[{"href":"https:\/\/fjala.info\/2009-2015\/wp-json\/wp\/v2\/posts"}],"about":[{"href":"https:\/\/fjala.info\/2009-2015\/wp-json\/wp\/v2\/types\/post"}],"author":[{"embeddable":true,"href":"https:\/\/fjala.info\/2009-2015\/wp-json\/wp\/v2\/users\/1"}],"replies":[{"embeddable":true,"href":"https:\/\/fjala.info\/2009-2015\/wp-json\/wp\/v2\/comments?post=12061"}],"version-history":[{"count":0,"href":"https:\/\/fjala.info\/2009-2015\/wp-json\/wp\/v2\/posts\/12061\/revisions"}],"wp:attachment":[{"href":"https:\/\/fjala.info\/2009-2015\/wp-json\/wp\/v2\/media?parent=12061"}],"wp:term":[{"taxonomy":"category","embeddable":true,"href":"https:\/\/fjala.info\/2009-2015\/wp-json\/wp\/v2\/categories?post=12061"},{"taxonomy":"post_tag","embeddable":true,"href":"https:\/\/fjala.info\/2009-2015\/wp-json\/wp\/v2\/tags?post=12061"}],"curies":[{"name":"wp","href":"https:\/\/api.w.org\/{rel}","templated":true}]}}