{"id":12060,"date":"2012-08-31T08:47:39","date_gmt":"2012-08-31T07:47:39","guid":{"rendered":"http:\/\/www.fjala.info\/?p=4739"},"modified":"2012-08-31T08:47:39","modified_gmt":"2012-08-31T07:47:39","slug":"mocalet-e-padijes","status":"publish","type":"post","link":"https:\/\/fjala.info\/2009-2015\/mocalet-e-padijes\/","title":{"rendered":"Mo\u00e7alet e padijes"},"content":{"rendered":"<p><img decoding=\"async\" class=\"alignleft size-thumbnail wp-image-7236\" title=\"Ardian Vehbiu\" src=\"http:\/\/www.fjala.info\/2012\/ardian_vehbiu.jpg\" alt=\"\" width=\"150\" \/> Analize nga <strong>ARDIAN VEHBIU<\/strong><\/p>\n<p>Dje te Shqiptarja.com, Dhurata Hamzai t\u00ebrhiqte v\u00ebmendjen q\u00eb, n\u00eb faqen zyrtare t\u00eb K\u00ebshillit t\u00eb Ministrave, mungon krejt p\u00ebrcaktimi i shqipes standard, si gjuh\u00eb zyrtare e Republik\u00ebs.<br \/>\nMe shum\u00eb t\u00eb drejt\u00eb. Mjafton t\u2019i hedh\u00ebsh nj\u00eb v\u00ebshtrim t\u00eb shpejt\u00eb asaj faqeje, p\u00ebr t\u00eb kuptuar se edhe nj\u00eb m\u00ebsues fshati, me institut pedagogjik dyvje\u00e7ar, do ta kish shkruar m\u00eb mir\u00eb (shum\u00eb m\u00eb mir\u00eb).<br \/>\nInformacioni \u00ebsht\u00eb i krimbur n\u00eb pasakt\u00ebsi dhe infeksion folklorik.<\/p>\n<p>Q\u00eb n\u00eb paragrafin e dyt\u00eb lexojm\u00eb:<br \/>\nGjeografi grek, Ptholemeous, ka d\u00ebshmuar ekzistenc\u00ebn e shqiptar\u00ebve dhe t\u00eb gjuh\u00ebs shqipe q\u00eb n\u00eb shekullin e dyt\u00eb t\u00eb er\u00ebs son\u00eb.<br \/>\nKuptohet se \u00ebsht\u00eb fjala p\u00ebr Ptolemeun e Aleksandris\u00eb, i cili, n\u00eb shekullin II e.s., p\u00ebrmend fisin Albanoi, dhe kryeqendr\u00ebn e tyre Albanopolis.<\/p>\n<p>Por Ptolemeu nuk ka folur gj\u00ebkundi as p\u00ebr shqiptar\u00eb, as p\u00ebr gjuh\u00ebn shqipe. Sikurse dihet (sikurse e di edhe bufi), shqiptar\u00ebt p\u00ebrmenden p\u00ebr her\u00eb t\u00eb par\u00eb n\u00eb shek. XI, nd\u00ebrsa gjuha shqipe edhe m\u00eb von\u00eb (n\u00eb fund t\u00eb shekullit XIII). Po flasim p\u00ebr dokumentim dhe p\u00ebrmendje \u2013 q\u00eb nuk duhen ngat\u00ebrruar me deduktimin, sa koh\u00eb q\u00eb nuk ka pik\u00eb dyshimi se shqipja ka qen\u00eb aty, edhe shqiptar\u00ebt kan\u00eb qen\u00eb aty; nuk u krijuan nga dokumentet.<br \/>\nKjo do t\u00eb thot\u00eb q\u00eb paragrafi i cituar p\u00ebrcjell, me vet\u00ebdije, informacion t\u00eb rrem\u00eb.<\/p>\n<p>Thuhet m\u00eb tej n\u00eb faqe:<br \/>\nDokumenti i par\u00eb i shkruar i gjuh\u00ebs bashk\u00ebkohore shqipe i p\u00ebrket vitit 1462.<br \/>\nN\u00eb fakt, ky dokument (Formula e Pag\u00ebzimit, s\u00eb cil\u00ebs ia kan\u00eb kontestuar tani von\u00eb autenticitetin me argumente gjuh\u00ebsore) \u00ebsht\u00eb dokumenti i par\u00eb i shkruar i shqipes \u2013 jo thjesht bashk\u00ebkohore, por mbar\u00ebkohore.<\/p>\n<p>Futja vjedhurazi e cil\u00ebsorit \u2018bashk\u00ebkohore\u2019 l\u00eb t\u00eb kuptohet sikur shqipja \u2018e vjet\u00ebr\u2019 qenka shkruar dikur: nj\u00eb tjet\u00ebr rren\u00eb, sa koh\u00eb q\u00eb dokumentet p\u00ebr k\u00ebt\u00eb mungojn\u00eb.<\/p>\n<p>M\u00eb pas, lexuesit i thuhet se geg\u00ebrisht do t\u00eb thot\u00eb \u201cgjuha e folur n\u00eb Veri t\u00eb Shqip\u00ebris\u00eb\u201c, nd\u00ebrsa tosk\u00ebrisht \u201cgjuha e folur n\u00eb Jug t\u00eb Shqip\u00ebris\u00eb.\u201d Edhe kjo \u00ebsht\u00eb n\u00eb thelb gabim, sa koh\u00eb q\u00eb nuk b\u00ebhet fjal\u00eb p\u00ebr gjuh\u00eb t\u00eb ndryshme, po p\u00ebr dialekte t\u00eb s\u00eb nj\u00ebjt\u00ebs gjuh\u00eb (ndoshta do duhej th\u00ebn\u00eb: \u201cshqipja e folur\u2026\u201d, jo \u201cgjuha\u201d); dhe k\u00ebto dialekte jan\u00eb v\u00ebrtet gjeografike, por p\u00ebrcaktohen me kritere gjuh\u00ebsore, jo gjeografike; dhe geg\u00ebrishtja flitet edhe n\u00eb Shqip\u00ebrin\u00eb qendrore, e cila nuk \u00ebsht\u00eb aspak n\u00eb \u201cVeri t\u00eb Shqip\u00ebris\u00eb\u201d, nd\u00ebrsa tosk\u00ebrishtja flitet edhe n\u00eb ngulimet shqiptare n\u00eb Itali, t\u00eb cilat nuk jan\u00eb gj\u00eb \u201cn\u00eb Jug t\u00eb Shqip\u00ebris\u00eb\u201d.<\/p>\n<p>Se si mund t\u00eb b\u00ebhen kaq shum\u00eb gabime n\u00eb dy rreshta, k\u00ebt\u00eb vet\u00ebm autor\u00ebt e tekstit mund ta din\u00eb.<br \/>\nV\u00ebreni, megjithat\u00eb, djall\u00ebzin\u00eb e t\u00eb quajturit t\u00eb dialekteve \u201cgjuh\u00eb\u201d, n\u00eb nj\u00eb faqe zyrtare.<\/p>\n<p>Thuhet pastaj:<br \/>\nAlfabeti i gjuh\u00ebs letrare shqipe ka 36 shkronja dhe p\u00ebrdoret alfabeti latin, i aprovuar nga Kongresi Komb\u00ebtar i Manastirit, m\u00eb 1908.<br \/>\nP\u00ebrs\u00ebri gabim: Kongresi i Manastirit miratoi dy alfabete: at\u00eb t\u00eb Stambollit dhe at\u00eb t\u00eb Bashkimit. Konsolidimi n\u00eb p\u00ebrdorim i alfabetit t\u00eb sot\u00ebm erdhi n\u00ebp\u00ebrmjet praktik\u00ebs (informacioni q\u00eb jep Wikipedia \u00ebsht\u00eb gjithashtu i rrejsh\u00ebm; vet\u00ebm disa katolikocentrik\u00eb mbrojn\u00eb tez\u00ebn, leht\u00ebsisht t\u00eb p\u00ebrg\u00ebnjeshtrueshme, se Kongresi i Manastirit e shfuqizoi Alfabetin e Stambollit.)<\/p>\n<p>Lexojm\u00eb n\u00eb vijim:<br \/>\nGjuha shqipe (e folur dhe e shkruar) p\u00ebrdoret gjithashtu dhe n\u00eb disa pjes\u00eb t\u00eb populluara nga shqiptar\u00eb, si Kosov\u00eb, Mali i Zi, Serbi dhe Maqedoni.<br \/>\nNj\u00eb tjet\u00ebr pasakt\u00ebsi \u2013 gjuha shqipe, e folur dhe e shkruar, p\u00ebrdoret gjer\u00ebsisht edhe, t\u00eb pakt\u00ebn, nga arb\u00ebresh\u00ebt n\u00eb Itali; t\u00eb cil\u00ebt v\u00ebrtet e quajn\u00eb at\u00eb arb\u00ebrishte, por q\u00eb, megjithat\u00eb, trajtohet universalisht si dialekt i shqipes, jo si gjuh\u00eb m\u00eb vete.<br \/>\nN\u00eb fund t\u00eb k\u00ebtij teksti t\u00eb hatash\u00ebm, t\u00eb shk\u00ebputur nga enciklopedia e plehut kulturor shqiptar t\u00eb pas 1990-\u00ebs, lexojm\u00eb edhe nj\u00eb larje duarsh:<br \/>\nMarr\u00eb nga Ministria e Pun\u00ebve t\u00eb Jashtme.<\/p>\n<p>Me nj\u00eb fjal\u00eb, K\u00ebshilli i Ministrave, kur ka nevoj\u00eb p\u00ebr informacion elementar rreth gjuh\u00ebs shqipe, ia merrka at\u00eb Ministris\u00eb s\u00eb Jashtme\u2026 Pa \u00e7ka se n\u00eb Tiran\u00eb ekziston nj\u00eb Qend\u00ebr e Studimeve Albanologjike: institucion buxhetor, me specialist\u00eb n\u00eb gjendje q\u00eb t\u00eb ofrojn\u00eb informacion shum\u00eb m\u00eb dinjitoz se pa\u00e7avurja p\u00ebr t\u00eb cil\u00ebn po flasim.<\/p>\n<p>Pa dyshim, asnj\u00eb njeri me mend n\u00eb kok\u00eb nuk shkon t\u00eb lexoj\u00eb p\u00ebr gjuh\u00ebn shqipe n\u00eb faqen e K\u00ebshillit t\u00eb Ministrave t\u00eb Republik\u00ebs s\u00eb Shqip\u00ebris\u00eb; dhe aq m\u00eb pak, n\u00eb faqen e k\u00ebtij K\u00ebshilli Ministrash.<br \/>\nPrandaj, informacioni sa m\u00eb sip\u00ebr, duhet kuptuar si t\u00ebr\u00ebsia e dijes q\u00eb ka, ky institucion, p\u00ebr gjuh\u00ebn shqipe; dhe n\u00ebse \u00ebsht\u00eb k\u00ebshtu, at\u00ebher\u00eb nj\u00ebfar\u00ebsoj u duhet b\u00ebr\u00eb e ditur, k\u00ebtyre zot\u00ebrinjve, q\u00eb nuk e kalojn\u00eb dot klas\u00ebn.<\/p>\n<p>T\u00eb dh\u00ebnat p\u00ebr gjuh\u00ebn shqipe gjenden me leht\u00ebsi: mjaft t\u00eb shfletosh nj\u00eb lib\u00ebr t\u00eb \u00c7abejt ose t\u00eb Demirajt. Nuk ka asnj\u00eb arsye dhe asnj\u00eb shfaj\u00ebsim, p\u00ebr gjepurat q\u00eb shkruhen n\u00eb faqen e K\u00ebshillit t\u00eb Ministrave; t\u00eb cilat ve\u00e7 tradhtojn\u00eb munges\u00eb profesionalizmi dhe serioziteti, nd\u00ebrmjet\u00ebsuar nga arroganca.<\/p>\n<p>Gj\u00eb q\u00eb konfirmohet, p\u00ebrndryshe, edhe nga mungesat t\u00eb cilat i v\u00eb n\u00eb dukje Hamzai n\u00eb artikullin e vet; dhe q\u00eb jan\u00eb t\u00eb tilla, q\u00eb ta shnd\u00ebrrojn\u00eb padijen e asaj faqeje n\u00eb faj ndaj qytetarit, teksa i sh\u00ebrbejn\u00eb objektivisht nj\u00eb programi kulturor i cili synon ta z\u00ebvend\u00ebsoj\u00eb dijen me folklor.<\/p>\n<p>*Marr\u00eb nga blogu i autorit Peizazhe t\u00eb Fjal\u00ebs<br \/>\n(Gre.M\/Shqiptarja.com)<\/p>\n","protected":false},"excerpt":{"rendered":"<p>Analize nga ARDIAN VEHBIU Dje te Shqiptarja.com, Dhurata Hamzai t\u00ebrhiqte v\u00ebmendjen q\u00eb, n\u00eb faqen zyrtare t\u00eb K\u00ebshillit t\u00eb Ministrave, mungon krejt p\u00ebrcaktimi i shqipes standard, si gjuh\u00eb zyrtare e Republik\u00ebs. Me shum\u00eb t\u00eb drejt\u00eb. Mjafton t\u2019i hedh\u00ebsh nj\u00eb v\u00ebshtrim t\u00eb shpejt\u00eb asaj faqeje, p\u00ebr t\u00eb kuptuar se edhe nj\u00eb m\u00ebsues fshati, me institut pedagogjik dyvje\u00e7ar, [&hellip;]<\/p>\n","protected":false},"author":1,"featured_media":0,"comment_status":"open","ping_status":"closed","sticky":false,"template":"","format":"standard","meta":{"footnotes":""},"categories":[2],"tags":[],"class_list":{"0":"post-12060","1":"post","2":"type-post","3":"status-publish","4":"format-standard","6":"category-artikuj"},"yoast_head":"<!-- This site is optimized with the Yoast SEO plugin v27.4 - https:\/\/yoast.com\/product\/yoast-seo-wordpress\/ -->\n<title>Mo\u00e7alet e padijes - FjALA e LIR\u00cb - Arkivi<\/title>\n<meta name=\"robots\" content=\"index, follow, max-snippet:-1, max-image-preview:large, max-video-preview:-1\" \/>\n<link rel=\"canonical\" href=\"https:\/\/fjala.info\/2009-2015\/mocalet-e-padijes\/\" \/>\n<meta property=\"og:locale\" content=\"sq_AL\" \/>\n<meta property=\"og:type\" content=\"article\" \/>\n<meta property=\"og:title\" content=\"Mo\u00e7alet e padijes - FjALA e LIR\u00cb - Arkivi\" \/>\n<meta property=\"og:description\" content=\"Analize nga ARDIAN VEHBIU Dje te Shqiptarja.com, Dhurata Hamzai t\u00ebrhiqte v\u00ebmendjen q\u00eb, n\u00eb faqen zyrtare t\u00eb K\u00ebshillit t\u00eb Ministrave, mungon krejt p\u00ebrcaktimi i shqipes standard, si gjuh\u00eb zyrtare e Republik\u00ebs. Me shum\u00eb t\u00eb drejt\u00eb. Mjafton t\u2019i hedh\u00ebsh nj\u00eb v\u00ebshtrim t\u00eb shpejt\u00eb asaj faqeje, p\u00ebr t\u00eb kuptuar se edhe nj\u00eb m\u00ebsues fshati, me institut pedagogjik dyvje\u00e7ar, [&hellip;]\" \/>\n<meta property=\"og:url\" content=\"https:\/\/fjala.info\/2009-2015\/mocalet-e-padijes\/\" \/>\n<meta property=\"og:site_name\" content=\"FjALA e LIR\u00cb - Arkivi\" \/>\n<meta property=\"article:published_time\" content=\"2012-08-31T07:47:39+00:00\" \/>\n<meta property=\"og:image\" content=\"http:\/\/www.fjala.info\/2012\/ardian_vehbiu.jpg\" \/>\n<meta name=\"author\" content=\"admin\" \/>\n<meta name=\"twitter:card\" content=\"summary_large_image\" \/>\n<meta name=\"twitter:label1\" content=\"Written by\" \/>\n\t<meta name=\"twitter:data1\" content=\"admin\" \/>\n\t<meta name=\"twitter:label2\" content=\"Est. reading time\" \/>\n\t<meta name=\"twitter:data2\" content=\"5 minutes\" \/>\n<script type=\"application\/ld+json\" class=\"yoast-schema-graph\">{\"@context\":\"https:\\\/\\\/schema.org\",\"@graph\":[{\"@type\":\"Article\",\"@id\":\"https:\\\/\\\/fjala.info\\\/2009-2015\\\/mocalet-e-padijes\\\/#article\",\"isPartOf\":{\"@id\":\"https:\\\/\\\/fjala.info\\\/2009-2015\\\/mocalet-e-padijes\\\/\"},\"author\":{\"name\":\"admin\",\"@id\":\"https:\\\/\\\/fjala.info\\\/2009-2015\\\/#\\\/schema\\\/person\\\/3aa1163ef05469c496fc94e77611ada2\"},\"headline\":\"Mo\u00e7alet e padijes\",\"datePublished\":\"2012-08-31T07:47:39+00:00\",\"mainEntityOfPage\":{\"@id\":\"https:\\\/\\\/fjala.info\\\/2009-2015\\\/mocalet-e-padijes\\\/\"},\"wordCount\":976,\"commentCount\":0,\"publisher\":{\"@id\":\"https:\\\/\\\/fjala.info\\\/2009-2015\\\/#organization\"},\"image\":{\"@id\":\"https:\\\/\\\/fjala.info\\\/2009-2015\\\/mocalet-e-padijes\\\/#primaryimage\"},\"thumbnailUrl\":\"http:\\\/\\\/www.fjala.info\\\/2012\\\/ardian_vehbiu.jpg\",\"articleSection\":[\"Artikuj\"],\"inLanguage\":\"sq-AL\",\"potentialAction\":[{\"@type\":\"CommentAction\",\"name\":\"Comment\",\"target\":[\"https:\\\/\\\/fjala.info\\\/2009-2015\\\/mocalet-e-padijes\\\/#respond\"]}]},{\"@type\":\"WebPage\",\"@id\":\"https:\\\/\\\/fjala.info\\\/2009-2015\\\/mocalet-e-padijes\\\/\",\"url\":\"https:\\\/\\\/fjala.info\\\/2009-2015\\\/mocalet-e-padijes\\\/\",\"name\":\"Mo\u00e7alet e padijes - FjALA e LIR\u00cb - Arkivi\",\"isPartOf\":{\"@id\":\"https:\\\/\\\/fjala.info\\\/2009-2015\\\/#website\"},\"primaryImageOfPage\":{\"@id\":\"https:\\\/\\\/fjala.info\\\/2009-2015\\\/mocalet-e-padijes\\\/#primaryimage\"},\"image\":{\"@id\":\"https:\\\/\\\/fjala.info\\\/2009-2015\\\/mocalet-e-padijes\\\/#primaryimage\"},\"thumbnailUrl\":\"http:\\\/\\\/www.fjala.info\\\/2012\\\/ardian_vehbiu.jpg\",\"datePublished\":\"2012-08-31T07:47:39+00:00\",\"breadcrumb\":{\"@id\":\"https:\\\/\\\/fjala.info\\\/2009-2015\\\/mocalet-e-padijes\\\/#breadcrumb\"},\"inLanguage\":\"sq-AL\",\"potentialAction\":[{\"@type\":\"ReadAction\",\"target\":[\"https:\\\/\\\/fjala.info\\\/2009-2015\\\/mocalet-e-padijes\\\/\"]}]},{\"@type\":\"ImageObject\",\"inLanguage\":\"sq-AL\",\"@id\":\"https:\\\/\\\/fjala.info\\\/2009-2015\\\/mocalet-e-padijes\\\/#primaryimage\",\"url\":\"http:\\\/\\\/www.fjala.info\\\/2012\\\/ardian_vehbiu.jpg\",\"contentUrl\":\"http:\\\/\\\/www.fjala.info\\\/2012\\\/ardian_vehbiu.jpg\"},{\"@type\":\"BreadcrumbList\",\"@id\":\"https:\\\/\\\/fjala.info\\\/2009-2015\\\/mocalet-e-padijes\\\/#breadcrumb\",\"itemListElement\":[{\"@type\":\"ListItem\",\"position\":1,\"name\":\"Home\",\"item\":\"https:\\\/\\\/fjala.info\\\/2009-2015\\\/\"},{\"@type\":\"ListItem\",\"position\":2,\"name\":\"Mo\u00e7alet e padijes\"}]},{\"@type\":\"WebSite\",\"@id\":\"https:\\\/\\\/fjala.info\\\/2009-2015\\\/#website\",\"url\":\"https:\\\/\\\/fjala.info\\\/2009-2015\\\/\",\"name\":\"FjALA e LIR\u00cb - Arkivi\",\"description\":\"Arkivi 2009-2015\",\"publisher\":{\"@id\":\"https:\\\/\\\/fjala.info\\\/2009-2015\\\/#organization\"},\"potentialAction\":[{\"@type\":\"SearchAction\",\"target\":{\"@type\":\"EntryPoint\",\"urlTemplate\":\"https:\\\/\\\/fjala.info\\\/2009-2015\\\/?s={search_term_string}\"},\"query-input\":{\"@type\":\"PropertyValueSpecification\",\"valueRequired\":true,\"valueName\":\"search_term_string\"}}],\"inLanguage\":\"sq-AL\"},{\"@type\":\"Organization\",\"@id\":\"https:\\\/\\\/fjala.info\\\/2009-2015\\\/#organization\",\"name\":\"FjALA e LIR\u00cb - Arkivi\",\"url\":\"https:\\\/\\\/fjala.info\\\/2009-2015\\\/\",\"logo\":{\"@type\":\"ImageObject\",\"inLanguage\":\"sq-AL\",\"@id\":\"https:\\\/\\\/fjala.info\\\/2009-2015\\\/#\\\/schema\\\/logo\\\/image\\\/\",\"url\":\"\",\"contentUrl\":\"\",\"caption\":\"FjALA e LIR\u00cb - Arkivi\"},\"image\":{\"@id\":\"https:\\\/\\\/fjala.info\\\/2009-2015\\\/#\\\/schema\\\/logo\\\/image\\\/\"}},{\"@type\":\"Person\",\"@id\":\"https:\\\/\\\/fjala.info\\\/2009-2015\\\/#\\\/schema\\\/person\\\/3aa1163ef05469c496fc94e77611ada2\",\"name\":\"admin\",\"image\":{\"@type\":\"ImageObject\",\"inLanguage\":\"sq-AL\",\"@id\":\"https:\\\/\\\/fjala.info\\\/2009-2015\\\/wp-content\\\/uploads\\\/2012\\\/02\\\/arben_cokaj-120x150.jpg\",\"url\":\"https:\\\/\\\/fjala.info\\\/2009-2015\\\/wp-content\\\/uploads\\\/2012\\\/02\\\/arben_cokaj-120x150.jpg\",\"contentUrl\":\"https:\\\/\\\/fjala.info\\\/2009-2015\\\/wp-content\\\/uploads\\\/2012\\\/02\\\/arben_cokaj-120x150.jpg\",\"caption\":\"admin\"},\"description\":\"Admin, Fjala e Lir\u00eb\",\"sameAs\":[\"https:\\\/\\\/fjala.info\\\/\"],\"url\":\"https:\\\/\\\/fjala.info\\\/2009-2015\\\/author\\\/admin\\\/\"}]}<\/script>\n<!-- \/ Yoast SEO plugin. -->","yoast_head_json":{"title":"Mo\u00e7alet e padijes - FjALA e LIR\u00cb - Arkivi","robots":{"index":"index","follow":"follow","max-snippet":"max-snippet:-1","max-image-preview":"max-image-preview:large","max-video-preview":"max-video-preview:-1"},"canonical":"https:\/\/fjala.info\/2009-2015\/mocalet-e-padijes\/","og_locale":"sq_AL","og_type":"article","og_title":"Mo\u00e7alet e padijes - FjALA e LIR\u00cb - Arkivi","og_description":"Analize nga ARDIAN VEHBIU Dje te Shqiptarja.com, Dhurata Hamzai t\u00ebrhiqte v\u00ebmendjen q\u00eb, n\u00eb faqen zyrtare t\u00eb K\u00ebshillit t\u00eb Ministrave, mungon krejt p\u00ebrcaktimi i shqipes standard, si gjuh\u00eb zyrtare e Republik\u00ebs. Me shum\u00eb t\u00eb drejt\u00eb. Mjafton t\u2019i hedh\u00ebsh nj\u00eb v\u00ebshtrim t\u00eb shpejt\u00eb asaj faqeje, p\u00ebr t\u00eb kuptuar se edhe nj\u00eb m\u00ebsues fshati, me institut pedagogjik dyvje\u00e7ar, [&hellip;]","og_url":"https:\/\/fjala.info\/2009-2015\/mocalet-e-padijes\/","og_site_name":"FjALA e LIR\u00cb - Arkivi","article_published_time":"2012-08-31T07:47:39+00:00","og_image":[{"url":"http:\/\/www.fjala.info\/2012\/ardian_vehbiu.jpg","type":"","width":"","height":""}],"author":"admin","twitter_card":"summary_large_image","twitter_misc":{"Written by":"admin","Est. reading time":"5 minutes"},"schema":{"@context":"https:\/\/schema.org","@graph":[{"@type":"Article","@id":"https:\/\/fjala.info\/2009-2015\/mocalet-e-padijes\/#article","isPartOf":{"@id":"https:\/\/fjala.info\/2009-2015\/mocalet-e-padijes\/"},"author":{"name":"admin","@id":"https:\/\/fjala.info\/2009-2015\/#\/schema\/person\/3aa1163ef05469c496fc94e77611ada2"},"headline":"Mo\u00e7alet e padijes","datePublished":"2012-08-31T07:47:39+00:00","mainEntityOfPage":{"@id":"https:\/\/fjala.info\/2009-2015\/mocalet-e-padijes\/"},"wordCount":976,"commentCount":0,"publisher":{"@id":"https:\/\/fjala.info\/2009-2015\/#organization"},"image":{"@id":"https:\/\/fjala.info\/2009-2015\/mocalet-e-padijes\/#primaryimage"},"thumbnailUrl":"http:\/\/www.fjala.info\/2012\/ardian_vehbiu.jpg","articleSection":["Artikuj"],"inLanguage":"sq-AL","potentialAction":[{"@type":"CommentAction","name":"Comment","target":["https:\/\/fjala.info\/2009-2015\/mocalet-e-padijes\/#respond"]}]},{"@type":"WebPage","@id":"https:\/\/fjala.info\/2009-2015\/mocalet-e-padijes\/","url":"https:\/\/fjala.info\/2009-2015\/mocalet-e-padijes\/","name":"Mo\u00e7alet e padijes - FjALA e LIR\u00cb - Arkivi","isPartOf":{"@id":"https:\/\/fjala.info\/2009-2015\/#website"},"primaryImageOfPage":{"@id":"https:\/\/fjala.info\/2009-2015\/mocalet-e-padijes\/#primaryimage"},"image":{"@id":"https:\/\/fjala.info\/2009-2015\/mocalet-e-padijes\/#primaryimage"},"thumbnailUrl":"http:\/\/www.fjala.info\/2012\/ardian_vehbiu.jpg","datePublished":"2012-08-31T07:47:39+00:00","breadcrumb":{"@id":"https:\/\/fjala.info\/2009-2015\/mocalet-e-padijes\/#breadcrumb"},"inLanguage":"sq-AL","potentialAction":[{"@type":"ReadAction","target":["https:\/\/fjala.info\/2009-2015\/mocalet-e-padijes\/"]}]},{"@type":"ImageObject","inLanguage":"sq-AL","@id":"https:\/\/fjala.info\/2009-2015\/mocalet-e-padijes\/#primaryimage","url":"http:\/\/www.fjala.info\/2012\/ardian_vehbiu.jpg","contentUrl":"http:\/\/www.fjala.info\/2012\/ardian_vehbiu.jpg"},{"@type":"BreadcrumbList","@id":"https:\/\/fjala.info\/2009-2015\/mocalet-e-padijes\/#breadcrumb","itemListElement":[{"@type":"ListItem","position":1,"name":"Home","item":"https:\/\/fjala.info\/2009-2015\/"},{"@type":"ListItem","position":2,"name":"Mo\u00e7alet e padijes"}]},{"@type":"WebSite","@id":"https:\/\/fjala.info\/2009-2015\/#website","url":"https:\/\/fjala.info\/2009-2015\/","name":"FjALA e LIR\u00cb - Arkivi","description":"Arkivi 2009-2015","publisher":{"@id":"https:\/\/fjala.info\/2009-2015\/#organization"},"potentialAction":[{"@type":"SearchAction","target":{"@type":"EntryPoint","urlTemplate":"https:\/\/fjala.info\/2009-2015\/?s={search_term_string}"},"query-input":{"@type":"PropertyValueSpecification","valueRequired":true,"valueName":"search_term_string"}}],"inLanguage":"sq-AL"},{"@type":"Organization","@id":"https:\/\/fjala.info\/2009-2015\/#organization","name":"FjALA e LIR\u00cb - Arkivi","url":"https:\/\/fjala.info\/2009-2015\/","logo":{"@type":"ImageObject","inLanguage":"sq-AL","@id":"https:\/\/fjala.info\/2009-2015\/#\/schema\/logo\/image\/","url":"","contentUrl":"","caption":"FjALA e LIR\u00cb - Arkivi"},"image":{"@id":"https:\/\/fjala.info\/2009-2015\/#\/schema\/logo\/image\/"}},{"@type":"Person","@id":"https:\/\/fjala.info\/2009-2015\/#\/schema\/person\/3aa1163ef05469c496fc94e77611ada2","name":"admin","image":{"@type":"ImageObject","inLanguage":"sq-AL","@id":"https:\/\/fjala.info\/2009-2015\/wp-content\/uploads\/2012\/02\/arben_cokaj-120x150.jpg","url":"https:\/\/fjala.info\/2009-2015\/wp-content\/uploads\/2012\/02\/arben_cokaj-120x150.jpg","contentUrl":"https:\/\/fjala.info\/2009-2015\/wp-content\/uploads\/2012\/02\/arben_cokaj-120x150.jpg","caption":"admin"},"description":"Admin, Fjala e Lir\u00eb","sameAs":["https:\/\/fjala.info\/"],"url":"https:\/\/fjala.info\/2009-2015\/author\/admin\/"}]}},"_links":{"self":[{"href":"https:\/\/fjala.info\/2009-2015\/wp-json\/wp\/v2\/posts\/12060","targetHints":{"allow":["GET"]}}],"collection":[{"href":"https:\/\/fjala.info\/2009-2015\/wp-json\/wp\/v2\/posts"}],"about":[{"href":"https:\/\/fjala.info\/2009-2015\/wp-json\/wp\/v2\/types\/post"}],"author":[{"embeddable":true,"href":"https:\/\/fjala.info\/2009-2015\/wp-json\/wp\/v2\/users\/1"}],"replies":[{"embeddable":true,"href":"https:\/\/fjala.info\/2009-2015\/wp-json\/wp\/v2\/comments?post=12060"}],"version-history":[{"count":0,"href":"https:\/\/fjala.info\/2009-2015\/wp-json\/wp\/v2\/posts\/12060\/revisions"}],"wp:attachment":[{"href":"https:\/\/fjala.info\/2009-2015\/wp-json\/wp\/v2\/media?parent=12060"}],"wp:term":[{"taxonomy":"category","embeddable":true,"href":"https:\/\/fjala.info\/2009-2015\/wp-json\/wp\/v2\/categories?post=12060"},{"taxonomy":"post_tag","embeddable":true,"href":"https:\/\/fjala.info\/2009-2015\/wp-json\/wp\/v2\/tags?post=12060"}],"curies":[{"name":"wp","href":"https:\/\/api.w.org\/{rel}","templated":true}]}}