{"id":12059,"date":"2012-08-30T21:43:52","date_gmt":"2012-08-30T20:43:52","guid":{"rendered":"http:\/\/www.fjala.info\/?p=4730"},"modified":"2012-08-30T21:43:52","modified_gmt":"2012-08-30T20:43:52","slug":"politike-mund-te-bejme-edhe-ne-zvicer-prandaj-po-perpiqem-te-jem-pjese-e-saj","status":"publish","type":"post","link":"https:\/\/fjala.info\/2009-2015\/politike-mund-te-bejme-edhe-ne-zvicer-prandaj-po-perpiqem-te-jem-pjese-e-saj\/","title":{"rendered":"POLITIK\u00cb MUND T\u00cb B\u00cbJM\u00cb EDHE N\u00cb ZVIC\u00cbR, PRANDAJ PO P\u00cbRPIQEM T\u00cb JEM PJES\u00cb E SAJ"},"content":{"rendered":"<p><img decoding=\"async\" class=\"alignright size-thumbnail wp-image-7236\" title=\"Zeqir Sadria\" src=\"http:\/\/www.fjala.info\/2012\/zeqir_sadria.jpg\" alt=\"\" width=\"200\" \/> <em><strong>Intervist\u00eb me Zeqir Sadrin\u00eb, kandidat p\u00ebr deputet n\u00eb asamblen\u00eb komunale n\u00eb qytetin St. Gallen!<\/strong><\/em><\/p>\n<p>Zeqir Sadrija ka lindur n\u00eb vitin 1963 n\u00eb fshatin Babaj i Bok\u00ebs, komuna e Gjakov\u00ebs. Shkoll\u00ebn fillore e mbaroi n\u00eb vendlindje kurse n\u00eb vitin 1981 t\u00eb mesmen &#8220;Hajdar Dushi&#8221; n\u00eb Gjakov\u00eb. Studimet i regjistroi n\u00eb Fakultetin Filologjik, p\u00ebrkund\u00ebr rezultateve shum\u00eb t\u00eb mira, gjendjen e tij e r\u00ebndoi situata politike, pasi dy v\u00ebllez\u00ebrit e tij: Hasani e Ibrahimi, ishin burgosur nga pushteti serb, gj\u00eb q\u00eb e r\u00ebnduan gjendjen sociale e familjes, prandaj u detyrua t\u00eb emigroj n\u00eb Zvic\u00ebr.<\/p>\n<p>I vet\u00ebdijsh\u00ebm se pa njohjen e gjuh\u00ebs gjermane nuk do t\u00eb ket\u00eb perspektiv\u00eb, ai gjat\u00eb viteve 1993 \u2013 1996, do t&#8217;i ndjek kurset intensive t\u00eb gjermanishtes pran\u00eb shkoll\u00ebs private HDS, (Handes und Dolmetscher Schule), shkoll\u00eb me renome n\u00eb kantonin St. Gallen, kurse n\u00eb vitin 1999 e kreu me sukses edhe shkall\u00ebn e lart\u00eb t\u00eb gjermanishtes, dhe q\u00eb nga at\u00ebher\u00eb ka qen\u00eb aktiv n\u00eb jet\u00ebn publike dhe kulturore t\u00eb qytetit dhe m\u00eb gjer\u00eb.<\/p>\n<p>M\u00eb pas Zeqir Sadrija ka vijuar kualifikime t\u00eb tjera arsimore si: Integrimi dhe emancipimi, p\u00ebr mediator, zgjidhja e problemeve me mjete paq\u00ebsore sipas sistemit t\u00eb Ajsbergut, komunikimi dhe interpretimi etj. N\u00eb vitin 2001, merr shtet\u00ebsin\u00eb zvicerane, kurse pas nj\u00eb viti do t\u00eb aderon n\u00eb Partin\u00eb e Gjelb\u00ebr n\u00eb qytetin St. Gallen.<\/p>\n<p>Krahas pun\u00ebs ku e nxirrte jet\u00ebn dhe mbante familjen, Zeqir Sadrija \u00ebsht\u00eb marr\u00eb aktivisht edhe me veprimtari patriotike duke mos iu ndar\u00eb k\u00ebtij aktiviteti deri n\u00eb dit\u00ebt e sotme. Q\u00eb nga viti 1992, ai ishte bashk\u00ebthemelues i Shoqatave Kulturore Shqiptare: &#8220;Guri i zi&#8221;, &#8220;Dardania&#8221;, &#8220;Dukagjini&#8221;, dhe s\u00eb fundi edhe i Shoqat\u00ebs &#8220;Pashtriku&#8221;, gjithnj\u00eb n\u00eb p\u00ebrpjekje p\u00ebr t&#8217;i avancuar vlerat kulturore e komb\u00ebtare. Nd\u00ebrsa p\u00ebr vite t\u00eb t\u00ebra veprimtarin\u00eb e tij politike n\u00eb sh\u00ebrbim t\u00eb Kosov\u00ebs dhe kombit n\u00eb p\u00ebrgjith\u00ebsi, Zeqir Sadrija do ta zhvilloi n\u00eb kuadrin e Lidhjes Demokratike t\u00eb Kosov\u00ebs n\u00eb qytetin St. Gallen, ku p\u00ebrpos si p\u00ebrfaq\u00ebsues i shqiptar\u00ebve t\u00eb k\u00ebtij qyteti ishte edhe kryetar i komisionit p\u00ebr bashk\u00ebpunim me zviceran\u00ebt n\u00eb kuad\u00ebr t\u00eb LDK-s\u00eb dhe ka p\u00ebrfaq\u00ebsuar kudo shqiptar\u00ebt n\u00ebp\u00ebr organizata dhe institucione t\u00eb qytetit St. Gallen, duke marr\u00eb pjes\u00eb edhe n\u00ebp\u00ebr mjaft forume p\u00ebr \u00e7\u00ebshtjen e t\u00eb huajve pran\u00eb zyrave p\u00ebrkat\u00ebse t\u00eb qytetit e Qeveris\u00eb Kantonale, sidomos gjat\u00eb koh\u00ebs s\u00eb luft\u00ebs dhe fluksit t\u00eb madh t\u00eb refugjat\u00ebve q\u00eb pat\u00ebn m\u00ebsyr\u00eb k\u00ebt\u00eb vend.<\/p>\n<p>Si\u00e7 potencuam, ai ishte pjes\u00ebmarr\u00ebs i shum\u00eb debateve, prandaj organizoi tryeza e takime t\u00eb p\u00ebrbashk\u00ebta shqiptaro-zvicerane dhe gjithsesi duhet t\u00eb p\u00ebrmenden ftesat e para q\u00eb i ka realizuar p\u00ebr personalitetet shqiptare, n\u00eb takime me pal\u00ebn zvicerane, deri n\u00eb nivelet m\u00eb t\u00eb larta t\u00eb administrat\u00ebs s\u00eb qytetit St. Gallen dhe m\u00eb gjer\u00eb, n\u00eb mesin e shum\u00eb personaliteteve p\u00ebr prof. dr. Bardhyl \u00c7aushi, Din Mehmeti, Ali Podrimja etj.<\/p>\n<p>Zeqir Sadrija, \u00ebsht\u00eb p\u00ebrkthyes zyrtar n\u00eb qytetin St. Gallen, kurse sivjet ai \u00ebsht\u00eb kandidat p\u00ebr deputet n\u00eb asamblen\u00eb komunale nga Partia e Gjelb\u00ebr n\u00eb Zvicr\u00ebs, madje \u00ebsht\u00eb n\u00eb list\u00ebn e kandidat\u00ebve me prioritet ku sipas rregullave t\u00eb votimit atij secili votues mund t&#8217;ia jap dy vota n\u00eb t\u00eb nj\u00ebjt\u00ebn koh\u00eb.<\/p>\n<p>Ishin k\u00ebto arsye pse ne po b\u00ebjm\u00eb k\u00ebt\u00eb intervist\u00eb, duke e pasur parasysh se ai ka qen\u00eb n\u00eb rrjedhat e shum\u00eb zhvillimeve shoq\u00ebrore e politike k\u00ebtu n\u00eb Zvic\u00ebr, por edhe n\u00eb koh\u00ebn e tronditjeve n\u00eb hap\u00ebsir\u00ebn shqiptare.<\/p>\n<p><strong>PYETJE: Z. Sadrija, nga ky sh\u00ebnim i shkurt\u00ebr biografik, shihet se ju keni qen\u00eb vazhdimisht i angazhuar n\u00eb parti e shoqata shqiptare, por me kalimin e koh\u00ebs jeni dalluar n\u00ebp\u00ebr aktivitete t\u00eb shumta shoq\u00ebrore dhe politike edhe me zviceran. P\u00ebr lexuesit e gazet\u00ebs son\u00eb, si e komentoni angazhimin tuaj, qoft\u00eb at\u00eb me subjektet shqiptare, po ve\u00e7mas p\u00ebr angazhimin tuaj n\u00eb Partin\u00eb e Gjelb\u00ebr n\u00eb kantonin St. Gallen?<\/strong><\/p>\n<p><strong>P\u00cbRGJIGJE<\/strong>: Angazhimet e mia, jan\u00eb pjes\u00eb e edukat\u00ebs familjare, pastaj si rrjedhoj\u00eb e edukimit dhe emancipimit akademik, po ashtu jan\u00eb proceset shoq\u00ebrore e politike q\u00eb ndikuan n\u00eb vet\u00ebdijen time, e k\u00ebshtu me radh\u00eb. Angazhimin tim n\u00eb Partin\u00eb e Gjelb\u00ebrt t\u00eb qytetit St. Gallen e shoh\u00eb si nj\u00eb proces t\u00eb form\u00ebsimit tim, dhe thjesht ndoshta mund t\u00eb reflektoj p\u00ebr t\u00eb mir\u00eb edhe n\u00eb organizimet tona, q\u00eb duhet t\u00eb p\u00ebsojn\u00eb reformime rr\u00ebnj\u00ebsore.<\/p>\n<p><strong>PYETJE: Me siguri n\u00eb jet\u00ebn tuaj ka shum\u00eb ngjarje dhe zhvillime q\u00eb kan\u00eb l\u00ebn\u00eb mbresa apo kan\u00eb ndikuar tek personaliteti juaj. \u00c7ka do t\u00eb b\u00ebnit publike me k\u00ebt\u00eb rast?<\/strong><\/p>\n<p><strong>P\u00cbRGJIGJE<\/strong>: \u00cbsht\u00eb shum\u00eb normale se as un\u00eb nuk mund t\u00eb jem ndryshe nga bashk\u00ebfamiljar\u00ebt e mi. I frym\u00ebzuar nga veprimtaria politike e axh\u00ebs sim Haxhiut, (i burgosur si informbyroist 1949), pastaj i v\u00ebllez\u00ebrve, por edhe t\u00eb tjer\u00ebve q\u00eb nuk po i p\u00ebrmend. Angazhimi im ilegal edhe pse shkurt p\u00ebrkon me p\u00ebrcjelljen e njer\u00ebzve t\u00eb rrezikuar n\u00eb kufi, (t\u00eb cil\u00ebt sot jan\u00eb gjall\u00eb dhe mund t\u00eb flasin), pastaj shkrimi i parullave dhe shp\u00ebrndarja e pamfleteve, jan\u00eb fillimi p\u00ebr t\u00eb ndryshuar konceptin tim t\u00eb veprimit pas ardhjes n\u00eb Zvic\u00ebr. \u00cbsht\u00eb pra nj\u00eb hallk\u00eb m\u00eb shum\u00eb n\u00eb zinxhirin e veprimit, e sidomos n\u00eb propagand\u00ebn dhe ndikimin tek organizatat dhe institucionet zvicerane.<\/p>\n<p><strong>PYETJE: Po ndonj\u00eb rast m\u00eb t\u00eb ve\u00e7ant\u00eb, a do ta kishit p\u00ebrmendur n\u00eb k\u00ebt\u00eb intervist\u00eb?<\/strong><\/p>\n<p><strong>P\u00cbRGJIGJE<\/strong>: Gjithsesi, ishte viti 81, n\u00eb koh\u00ebn kur un\u00eb isha maturant, n\u00eb mes t\u00eb parkut t\u00eb Gjakov\u00ebs u vra nga nj\u00eb oficer serb djali i Zenel Dervish Dan\u00ebs (Nesemia). Familje patriotike e cila birit t\u00eb tyre ia b\u00ebn\u00eb nj\u00eb varrim madh\u00ebshtor, ku n\u00eb kortezhin e funeralit mor\u00ebn pjes\u00eb rreth 20.000 veta q\u00eb rrug\u00ebn me gjat\u00ebsi prej 7 km Gjakov\u00eb \u2013 Duzhne funeralin e p\u00ebrcoll\u00ebn n\u00eb duar duke ecur n\u00eb k\u00ebmb\u00eb. Varrim i papar\u00eb ndonj\u00ebher\u00eb m\u00eb par\u00eb. Kurse n\u00eb mbr\u00ebmje m\u00eb thot\u00eb v\u00ebllai im Hasani, i cili m\u00eb von\u00eb do t\u00eb d\u00ebnohet p\u00ebr veprimtari politike me 6 vite burg t\u00eb r\u00ebnd\u00eb: &#8220;Edhe vdekja por edhe varrimi e ka bukurin\u00eb e vet&#8221;. Kjo ceremoni mortore Nesim Dan\u00ebn e b\u00ebn\u00eb t\u00eb pavdeksh\u00ebm.<\/p>\n<p><strong>PYETJE: Viteve t\u00eb fundit veprimtaria juaj politike \u00ebsht\u00eb orientuar kah Partia e Gjelb\u00ebrt e Zvicr\u00ebs. Cilat jan\u00eb arsyet themelore t\u00eb an\u00ebtar\u00ebsimit tuaj n\u00eb k\u00ebt\u00eb parti?<\/strong><\/p>\n<p><strong>P\u00cbRGJIGJE<\/strong>: Arsyeja \u00ebsht\u00eb sa komplekse po aq e thjesht, ashtu si\u00e7 \u00ebsht\u00eb e mundshme mbajtja e dyshtet\u00ebsis\u00eb. Por, parimet e Partis\u00eb s\u00eb t\u00eb Gjelb\u00ebrve dhe kualitetet e saj jan\u00eb n\u00eb p\u00ebrputhje t\u00eb plota me parimet dhe kualitetet e shqiptar\u00ebve k\u00ebtu n\u00eb Zvic\u00ebr, q\u00eb m\u00eb ka provokuar p\u00ebr t\u00eb aderuar n\u00eb k\u00ebt\u00eb Parti.<\/p>\n<p><strong>PYETJE: N\u00eb fjalimet tuaja, qofshin ato edhe private, ju keni kritikuar veprimin ton\u00eb, t\u00eb diaspor\u00ebs shqiptare, e cila sikur \u00ebsht\u00eb dor\u00ebzuar. \u00c7ka do t&#8217;i kishit sugjeruar bashk\u00ebkomb\u00ebsit tuaj?<\/strong><\/p>\n<p><strong>P\u00cbRGJIGJE<\/strong>: N\u00eb k\u00ebt\u00eb rast shembull dhe &#8220;YRNEK&#8221; p\u00ebr t\u00eb mir\u00eb duhet ta marrim Zvicr\u00ebn dhe organizimin e saj shoq\u00ebror e politik me nj\u00eb administrat\u00eb t\u00eb p\u00ebrsosur q\u00eb ka ky vend e cila p\u00ebr ne vet\u00ebm mund t\u00eb imagjinohet. Madje, dua t\u00eb besoi se secili shqiptar\u00eb e ka v\u00ebrejtur se vendet tjera, e kan\u00eb dhe e mbajn\u00eb shembull p\u00ebr t\u00eb mir\u00eb Zvicr\u00ebn dhe popullin e saj. E n\u00eb k\u00ebt\u00eb rast m\u00eb duket se ne shqiptar\u00ebve na ka bekuar zoti, pasi nj\u00eb pjes\u00eb e madhe e popullit ton\u00eb jemi p\u00ebrditshm\u00ebri e k\u00ebtyre mrekullive q\u00eb kurr\u00eb nuk kan\u00eb shkelur dhe denigruar vlerat evropiane t\u00eb askujt, qofshin k\u00ebto vlera kulturore, arsimore, fetare dhe madje edhe ato nacionale.<\/p>\n<p><strong>PYETJE: Me nj\u00eb fjal\u00eb, \u00e7ka duhet ndryshuar m\u00ebrgata jon\u00eb q\u00eb t\u00eb ndihet pjes\u00eb p\u00ebrb\u00ebr\u00ebse e strukturave shoq\u00ebrore e politike t\u00eb Zvicr\u00ebs.<\/strong><\/p>\n<p><strong>P\u00cbRGJIGJE<\/strong>: M\u00ebrgata jon\u00eb edhe ashtu \u00ebsht\u00eb pjes\u00eb p\u00ebrb\u00ebr\u00ebse e k\u00ebsaj politike dhe pik\u00eb. Ajo duhet edhe m\u00eb me dinjitet t\u00eb vazhdoi rrug\u00ebn e saj. T\u00eb udh\u00ebheq vetveten n\u00eb k\u00ebrkim t\u00eb fatit t\u00eb vet, e t\u00eb mos lejoj padrejt\u00ebsisht t\u00eb n\u00ebp\u00ebrk\u00ebmb\u00ebt. At\u00eb t\u00eb drejt\u00eb ia ka dhan\u00eb zoti dhe ia garantojn\u00eb ligjet e k\u00ebtij vendi t\u00eb bekuar. Kush mund t\u00eb dyshoj n\u00eb k\u00ebto fakte, prandaj them se ne si popull, me nj\u00eb organizim pak m\u00eb t\u00eb mir\u00eb, mund t&#8217;i prezantojm\u00eb vlerat tona t\u00eb pamohueshme.<\/p>\n<p><strong>PYETJE: M\u00eb qart\u00eb. \u00c7ka duhet t\u00eb ndryshojn\u00eb shqiptar\u00ebt n\u00eb Zvic\u00ebr, ve\u00e7mas k\u00ebta n\u00eb qytetin St. Gallen, p\u00ebr t&#8217;u b\u00ebr\u00eb faktor me ndikim dhe i respektuar?<\/strong><\/p>\n<p><strong>P\u00cbRGJIGJE<\/strong>: Un\u00eb mendoj se si t\u00ebr\u00ebsi jemi t\u00eb respektuar, por se duhet t\u00eb mendojm\u00eb p\u00ebr nj\u00eb program m\u00eb kualitativ q\u00eb do t&#8217;i kap\u00ebrcente konceptet e organizimit dhe veprimit t\u00eb deritanish\u00ebm, nuk ka dyshim. Ne kemi njer\u00ebz t\u00eb zot, t\u00eb arsimuar dhe me nj\u00eb formim p\u00ebr t&#8217;i lakmuar, t\u00eb cil\u00ebt me leht\u00ebsi mund t\u00eb konkurrojn\u00eb n\u00eb mes t\u00eb vlerave q\u00eb i posedojn\u00eb shtetasit e k\u00ebtush\u00ebm.<br \/>\nPor duhet t\u00eb jemi m\u00eb t\u00eb sinqert\u00eb: Aq sa mendojm\u00eb se na kan\u00eb l\u00ebn\u00eb anash, m\u00eb duket se po aq vet rrim\u00eb anash, dhe kur ndonj\u00ebher\u00eb, padrejt\u00ebsisht na kan\u00eb p\u00ebrgojuar, edhe n\u00eb aspektin negativ, kjo ka ardhur si pasoj e munges\u00ebs son\u00eb n\u00eb at\u00eb mes, brenda k\u00ebsaj shoq\u00ebrie.<\/p>\n<p>Shqiptar\u00ebt e qytetit St. Gallen, tani duhet t\u00eb b\u00ebjn\u00eb nj\u00eb organizim demokratik, (i cili nuk ka pse t\u00eb lind tani), sepse ai ekziston me nj\u00eb p\u00ebrvoj\u00eb disa vje\u00e7are, por duhet secili nga pak tu thot\u00eb \u201cstop!\u201d, bindjeve t\u00eb vjetruara e arkaike, t\u00eb d\u00ebshmohen se jan\u00eb m\u00eb unik dhe se kan\u00eb m\u00ebsuar nga e kaluara e p\u00ebr\u00e7ar\u00eb. Qoft\u00eb me rastin tim duke votuar emrin tim, p\u00ebr t&#8217;i thyer klishet\u00eb e s\u00eb kaluar\u00ebs, e qoft\u00eb duke u inkorporuar vet n\u00eb forma dhe m\u00ebnyra t\u00eb tjera q\u00eb sistemi i k\u00ebtij vendi ia mund\u00ebson secilit dhe e mir\u00ebpret ashtu si\u00e7 m\u00eb kan\u00eb mir\u00ebpritur edhe mua! Prandaj, po apeloj tek shqiptar\u00ebt e qytetit St. Gallen t\u00eb cil\u00ebt e g\u00ebzojn\u00eb t\u00eb drejt\u00ebn e votimit, t\u00eb d\u00ebshmojn\u00eb k\u00ebsaj radhe pduke e votuar kandidatin e tyre!<br \/>\nMendoj se \u00ebsht\u00eb koha p\u00ebr t\u00eb b\u00ebr\u00eb di\u00e7ka t\u00eb mir\u00eb. Filluam me nj\u00eb takim t\u00eb p\u00ebrbashk\u00ebt p\u00ebr t\u00eb par\u00eb e diskutuar se \u00e7far\u00eb mund t\u00eb b\u00ebjn\u00eb n\u00eb k\u00ebt\u00eb rast, por m\u00eb shum\u00eb se kaq, kjo nism\u00eb le t&#8217;u sh\u00ebrbej p\u00ebr organizime t\u00eb tjera, si shum\u00eb t\u00eb nevojshme. Bashk\u00ebkomb\u00ebsit e mij\u00eb, m\u00eb tep\u00ebr se kurr\u00eb m\u00eb par\u00eb, duhet k\u00ebsaj radhe t\u00eb d\u00ebshmojn\u00eb veten e tyre dhe t\u00eb d\u00ebshmohen se shqiptar\u00ebt e qytetit St. Gallen, jan\u00eb nj\u00eb forc\u00eb ndikuese, prandaj duke ndikuar te t\u00eb af\u00ebrmit e tyre, duke ndikuar te t\u00eb njohurit, miqt\u00eb dhe koleg\u00ebt e pun\u00ebs qofshin k\u00ebta zviceran apo t\u00eb komuniteteve t\u00eb tjera, ta votojn\u00eb kandidatin e tyre. Pasi momentalisht un\u00eb jam i vetmi q\u00eb konkurroj dhe natyrisht edhe i pari shqiptar kandidat p\u00ebr deputet n\u00eb asamblen\u00eb komunale n\u00eb qytetin ton\u00eb, pse jo le t\u00eb jet\u00eb ky rast p\u00ebr t\u00eb nisur ndryshimet, p\u00ebr t\u00eb nisur reformat. Mendoj se \u00ebsht\u00eb moment i mir\u00eb q\u00eb format e veprimit t&#8217;u p\u00ebrshtaten koncepteve shoq\u00ebrore e politike q\u00eb i mund\u00ebson Zvicra.<br \/>\nNdoshta teorikisht duken paksa t\u00eb v\u00ebshtira, por praktikisht nuk \u00ebsht\u00eb aspak e v\u00ebshtir\u00eb, sepse vlerat tona shqiptare jan\u00eb edhe evropiane por m\u00eb shum\u00eb zvicerane.<\/p>\n<p><strong>PYETJE: A ka edhe di\u00e7ka q\u00eb do t\u00eb duhej t\u00eb ju pyetja?<\/strong><\/p>\n<p><strong>P\u00cbRGJIGJE<\/strong>: Ka edhe nj\u00eb!<\/p>\n<p><strong>PYETJE: Cila \u00ebsht\u00eb ajo?<\/strong><\/p>\n<p><strong>P\u00cbRGJIGJE<\/strong>: Nj\u00eb krahasim n\u00eb mes t\u00eb takimeve me partit\u00eb shqiptare dhe partit\u00eb zvicerane. Cili \u00ebsht\u00eb dallimi?<\/p>\n<p><strong>PYETJE: Cili pra?<\/strong><\/p>\n<p><strong>P\u00cbRGJIGJE<\/strong>: N\u00eb takime q\u00eb kam pasur me zviceran\u00eb, mbledhjet mund t\u00eb vonohen t\u00eb shumt\u00ebn 5 minuta, an\u00ebtar\u00ebt e partis\u00eb vijn\u00eb kryesisht me bi\u00e7ikleta (ndoshta p\u00ebr natyr\u00ebn e partis\u00eb, pasi jan\u00eb t\u00eb gjelb\u00ebr?!) dhe vazhdimisht vijn\u00eb thjesht\u00eb t\u00eb veshur. Flasin me maturi, sidomos p\u00ebr rival\u00ebt e tyre dhe kund\u00ebrshtar\u00ebt e mendimit politik jan\u00eb t\u00eb kujdessh\u00ebm. Pothuajse fjal\u00ebt fyese dhe ofenduese nuk ekzistojn\u00eb n\u00eb fjalorin e tyre.<br \/>\nJan\u00eb aktiv dhe t\u00eb p\u00ebrpikt\u00eb, kursejn\u00eb shum\u00eb, jo vet\u00ebm frangun dhe koh\u00ebn, por i kursejn\u00eb m\u00eb shum\u00eb ofendimet q\u00eb sjellin vet\u00ebm telashe. Ata pendohen dhe din\u00eb t\u00eb k\u00ebrkojn\u00eb falje, duke mos i p\u00ebrs\u00ebritur gabimet e nj\u00ebjta.<br \/>\nN\u00eb k\u00ebt\u00eb plan, sado ngadal\u00eb q\u00eb po ec\u00ebn, edhe brenda komunitetit ton\u00eb gj\u00ebrat po l\u00ebvizin n\u00eb k\u00ebt\u00eb drejtim. E pse t\u00eb ngurrojm\u00eb, model e kemi mikun dhe kolegun e pun\u00ebs, zyrtarin administrativ dhe policin n\u00eb rrug\u00eb, prandaj edhe nd\u00ebr ne duhet t\u00eb fillojm\u00eb me kursimin e paras\u00eb dhe t\u00eb koh\u00ebs dhe t\u00eb jem m\u00eb fleksib\u00ebl, kur \u00ebsht\u00eb fjala p\u00ebr t\u00eb pranuar gabimin apo p\u00ebr ta b\u00ebr\u00eb nj\u00eb k\u00ebrkim falje n\u00ebse e do nevoja.<\/p>\n<p><strong>PYETJE: Ne urojm\u00eb q\u00eb shqiptar\u00ebt e qytetit St. Gallen t\u00eb cil\u00ebt e g\u00ebzojn\u00eb t\u00eb drejt\u00ebn e votimit, m\u00eb 23 shtator 2012, do t\u00eb jen\u00eb t\u00eb mobilizuar dhe do t\u00eb dalin masovikisht n\u00eb votime p\u00ebr ta zgjedhur kandidatin e tyre: Shqiptarin e propozuar nga Partia zvicerane e t\u00eb Gjelb\u00ebrve z. Zeqir Sadrija?<\/strong><\/p>\n<p><strong>P\u00cbRGJIGJE<\/strong>: Faleminderit p\u00ebr intervist\u00ebn dhe p\u00ebr hap\u00ebsir\u00ebn publike! Natyrisht, edhe un\u00eb pres mobilizimin dhe p\u00ebrkrahjen e bashk\u00ebkomb\u00ebsve t\u00eb mij\u00eb, prandaj po them: DALSHIM FAQEBARDH\u00cb!<\/p>\n<p><em>St. Gallen, 22 gusht 2012<\/em>.<br \/>\nIntervistoi: <strong>Shefqet DIBRANI<\/strong><\/p>\n","protected":false},"excerpt":{"rendered":"<p>Intervist\u00eb me Zeqir Sadrin\u00eb, kandidat p\u00ebr deputet n\u00eb asamblen\u00eb komunale n\u00eb qytetin St. Gallen! Zeqir Sadrija ka lindur n\u00eb vitin 1963 n\u00eb fshatin Babaj i Bok\u00ebs, komuna e Gjakov\u00ebs. Shkoll\u00ebn fillore e mbaroi n\u00eb vendlindje kurse n\u00eb vitin 1981 t\u00eb mesmen &#8220;Hajdar Dushi&#8221; n\u00eb Gjakov\u00eb. Studimet i regjistroi n\u00eb Fakultetin Filologjik, p\u00ebrkund\u00ebr rezultateve shum\u00eb t\u00eb [&hellip;]<\/p>\n","protected":false},"author":1,"featured_media":0,"comment_status":"open","ping_status":"closed","sticky":false,"template":"","format":"standard","meta":{"footnotes":""},"categories":[2,4],"tags":[],"class_list":{"0":"post-12059","1":"post","2":"type-post","3":"status-publish","4":"format-standard","6":"category-artikuj","7":"category-intervista"},"yoast_head":"<!-- This site is optimized with the Yoast SEO plugin v27.4 - https:\/\/yoast.com\/product\/yoast-seo-wordpress\/ -->\n<title>POLITIK\u00cb MUND T\u00cb B\u00cbJM\u00cb EDHE N\u00cb ZVIC\u00cbR, PRANDAJ PO P\u00cbRPIQEM T\u00cb JEM PJES\u00cb E SAJ - FjALA e LIR\u00cb - Arkivi<\/title>\n<meta name=\"robots\" content=\"index, follow, max-snippet:-1, max-image-preview:large, max-video-preview:-1\" \/>\n<link rel=\"canonical\" href=\"https:\/\/fjala.info\/2009-2015\/politike-mund-te-bejme-edhe-ne-zvicer-prandaj-po-perpiqem-te-jem-pjese-e-saj\/\" \/>\n<meta property=\"og:locale\" content=\"sq_AL\" \/>\n<meta property=\"og:type\" content=\"article\" \/>\n<meta property=\"og:title\" content=\"POLITIK\u00cb MUND T\u00cb B\u00cbJM\u00cb EDHE N\u00cb ZVIC\u00cbR, PRANDAJ PO P\u00cbRPIQEM T\u00cb JEM PJES\u00cb E SAJ - FjALA e LIR\u00cb - Arkivi\" \/>\n<meta property=\"og:description\" content=\"Intervist\u00eb me Zeqir Sadrin\u00eb, kandidat p\u00ebr deputet n\u00eb asamblen\u00eb komunale n\u00eb qytetin St. Gallen! Zeqir Sadrija ka lindur n\u00eb vitin 1963 n\u00eb fshatin Babaj i Bok\u00ebs, komuna e Gjakov\u00ebs. Shkoll\u00ebn fillore e mbaroi n\u00eb vendlindje kurse n\u00eb vitin 1981 t\u00eb mesmen &#8220;Hajdar Dushi&#8221; n\u00eb Gjakov\u00eb. Studimet i regjistroi n\u00eb Fakultetin Filologjik, p\u00ebrkund\u00ebr rezultateve shum\u00eb t\u00eb [&hellip;]\" \/>\n<meta property=\"og:url\" content=\"https:\/\/fjala.info\/2009-2015\/politike-mund-te-bejme-edhe-ne-zvicer-prandaj-po-perpiqem-te-jem-pjese-e-saj\/\" \/>\n<meta property=\"og:site_name\" content=\"FjALA e LIR\u00cb - Arkivi\" \/>\n<meta property=\"article:published_time\" content=\"2012-08-30T20:43:52+00:00\" \/>\n<meta property=\"og:image\" content=\"http:\/\/www.fjala.info\/2012\/zeqir_sadria.jpg\" \/>\n<meta name=\"author\" content=\"admin\" \/>\n<meta name=\"twitter:card\" content=\"summary_large_image\" \/>\n<meta name=\"twitter:label1\" content=\"Written by\" \/>\n\t<meta name=\"twitter:data1\" content=\"admin\" \/>\n\t<meta name=\"twitter:label2\" content=\"Est. reading time\" \/>\n\t<meta name=\"twitter:data2\" content=\"12 minutes\" \/>\n<script type=\"application\/ld+json\" class=\"yoast-schema-graph\">{\"@context\":\"https:\\\/\\\/schema.org\",\"@graph\":[{\"@type\":\"Article\",\"@id\":\"https:\\\/\\\/fjala.info\\\/2009-2015\\\/politike-mund-te-bejme-edhe-ne-zvicer-prandaj-po-perpiqem-te-jem-pjese-e-saj\\\/#article\",\"isPartOf\":{\"@id\":\"https:\\\/\\\/fjala.info\\\/2009-2015\\\/politike-mund-te-bejme-edhe-ne-zvicer-prandaj-po-perpiqem-te-jem-pjese-e-saj\\\/\"},\"author\":{\"name\":\"admin\",\"@id\":\"https:\\\/\\\/fjala.info\\\/2009-2015\\\/#\\\/schema\\\/person\\\/3aa1163ef05469c496fc94e77611ada2\"},\"headline\":\"POLITIK\u00cb MUND T\u00cb B\u00cbJM\u00cb EDHE N\u00cb ZVIC\u00cbR, PRANDAJ PO P\u00cbRPIQEM T\u00cb JEM PJES\u00cb E SAJ\",\"datePublished\":\"2012-08-30T20:43:52+00:00\",\"mainEntityOfPage\":{\"@id\":\"https:\\\/\\\/fjala.info\\\/2009-2015\\\/politike-mund-te-bejme-edhe-ne-zvicer-prandaj-po-perpiqem-te-jem-pjese-e-saj\\\/\"},\"wordCount\":2367,\"commentCount\":0,\"publisher\":{\"@id\":\"https:\\\/\\\/fjala.info\\\/2009-2015\\\/#organization\"},\"image\":{\"@id\":\"https:\\\/\\\/fjala.info\\\/2009-2015\\\/politike-mund-te-bejme-edhe-ne-zvicer-prandaj-po-perpiqem-te-jem-pjese-e-saj\\\/#primaryimage\"},\"thumbnailUrl\":\"http:\\\/\\\/www.fjala.info\\\/2012\\\/zeqir_sadria.jpg\",\"articleSection\":[\"Artikuj\",\"Intervista\"],\"inLanguage\":\"sq-AL\",\"potentialAction\":[{\"@type\":\"CommentAction\",\"name\":\"Comment\",\"target\":[\"https:\\\/\\\/fjala.info\\\/2009-2015\\\/politike-mund-te-bejme-edhe-ne-zvicer-prandaj-po-perpiqem-te-jem-pjese-e-saj\\\/#respond\"]}]},{\"@type\":\"WebPage\",\"@id\":\"https:\\\/\\\/fjala.info\\\/2009-2015\\\/politike-mund-te-bejme-edhe-ne-zvicer-prandaj-po-perpiqem-te-jem-pjese-e-saj\\\/\",\"url\":\"https:\\\/\\\/fjala.info\\\/2009-2015\\\/politike-mund-te-bejme-edhe-ne-zvicer-prandaj-po-perpiqem-te-jem-pjese-e-saj\\\/\",\"name\":\"POLITIK\u00cb MUND T\u00cb B\u00cbJM\u00cb EDHE N\u00cb ZVIC\u00cbR, PRANDAJ PO P\u00cbRPIQEM T\u00cb JEM PJES\u00cb E SAJ - FjALA e LIR\u00cb - Arkivi\",\"isPartOf\":{\"@id\":\"https:\\\/\\\/fjala.info\\\/2009-2015\\\/#website\"},\"primaryImageOfPage\":{\"@id\":\"https:\\\/\\\/fjala.info\\\/2009-2015\\\/politike-mund-te-bejme-edhe-ne-zvicer-prandaj-po-perpiqem-te-jem-pjese-e-saj\\\/#primaryimage\"},\"image\":{\"@id\":\"https:\\\/\\\/fjala.info\\\/2009-2015\\\/politike-mund-te-bejme-edhe-ne-zvicer-prandaj-po-perpiqem-te-jem-pjese-e-saj\\\/#primaryimage\"},\"thumbnailUrl\":\"http:\\\/\\\/www.fjala.info\\\/2012\\\/zeqir_sadria.jpg\",\"datePublished\":\"2012-08-30T20:43:52+00:00\",\"breadcrumb\":{\"@id\":\"https:\\\/\\\/fjala.info\\\/2009-2015\\\/politike-mund-te-bejme-edhe-ne-zvicer-prandaj-po-perpiqem-te-jem-pjese-e-saj\\\/#breadcrumb\"},\"inLanguage\":\"sq-AL\",\"potentialAction\":[{\"@type\":\"ReadAction\",\"target\":[\"https:\\\/\\\/fjala.info\\\/2009-2015\\\/politike-mund-te-bejme-edhe-ne-zvicer-prandaj-po-perpiqem-te-jem-pjese-e-saj\\\/\"]}]},{\"@type\":\"ImageObject\",\"inLanguage\":\"sq-AL\",\"@id\":\"https:\\\/\\\/fjala.info\\\/2009-2015\\\/politike-mund-te-bejme-edhe-ne-zvicer-prandaj-po-perpiqem-te-jem-pjese-e-saj\\\/#primaryimage\",\"url\":\"http:\\\/\\\/www.fjala.info\\\/2012\\\/zeqir_sadria.jpg\",\"contentUrl\":\"http:\\\/\\\/www.fjala.info\\\/2012\\\/zeqir_sadria.jpg\"},{\"@type\":\"BreadcrumbList\",\"@id\":\"https:\\\/\\\/fjala.info\\\/2009-2015\\\/politike-mund-te-bejme-edhe-ne-zvicer-prandaj-po-perpiqem-te-jem-pjese-e-saj\\\/#breadcrumb\",\"itemListElement\":[{\"@type\":\"ListItem\",\"position\":1,\"name\":\"Home\",\"item\":\"https:\\\/\\\/fjala.info\\\/2009-2015\\\/\"},{\"@type\":\"ListItem\",\"position\":2,\"name\":\"POLITIK\u00cb MUND T\u00cb B\u00cbJM\u00cb EDHE N\u00cb ZVIC\u00cbR, PRANDAJ PO P\u00cbRPIQEM T\u00cb JEM PJES\u00cb E SAJ\"}]},{\"@type\":\"WebSite\",\"@id\":\"https:\\\/\\\/fjala.info\\\/2009-2015\\\/#website\",\"url\":\"https:\\\/\\\/fjala.info\\\/2009-2015\\\/\",\"name\":\"FjALA e LIR\u00cb - Arkivi\",\"description\":\"Arkivi 2009-2015\",\"publisher\":{\"@id\":\"https:\\\/\\\/fjala.info\\\/2009-2015\\\/#organization\"},\"potentialAction\":[{\"@type\":\"SearchAction\",\"target\":{\"@type\":\"EntryPoint\",\"urlTemplate\":\"https:\\\/\\\/fjala.info\\\/2009-2015\\\/?s={search_term_string}\"},\"query-input\":{\"@type\":\"PropertyValueSpecification\",\"valueRequired\":true,\"valueName\":\"search_term_string\"}}],\"inLanguage\":\"sq-AL\"},{\"@type\":\"Organization\",\"@id\":\"https:\\\/\\\/fjala.info\\\/2009-2015\\\/#organization\",\"name\":\"FjALA e LIR\u00cb - Arkivi\",\"url\":\"https:\\\/\\\/fjala.info\\\/2009-2015\\\/\",\"logo\":{\"@type\":\"ImageObject\",\"inLanguage\":\"sq-AL\",\"@id\":\"https:\\\/\\\/fjala.info\\\/2009-2015\\\/#\\\/schema\\\/logo\\\/image\\\/\",\"url\":\"\",\"contentUrl\":\"\",\"caption\":\"FjALA e LIR\u00cb - Arkivi\"},\"image\":{\"@id\":\"https:\\\/\\\/fjala.info\\\/2009-2015\\\/#\\\/schema\\\/logo\\\/image\\\/\"}},{\"@type\":\"Person\",\"@id\":\"https:\\\/\\\/fjala.info\\\/2009-2015\\\/#\\\/schema\\\/person\\\/3aa1163ef05469c496fc94e77611ada2\",\"name\":\"admin\",\"image\":{\"@type\":\"ImageObject\",\"inLanguage\":\"sq-AL\",\"@id\":\"https:\\\/\\\/fjala.info\\\/2009-2015\\\/wp-content\\\/uploads\\\/2012\\\/02\\\/arben_cokaj-120x150.jpg\",\"url\":\"https:\\\/\\\/fjala.info\\\/2009-2015\\\/wp-content\\\/uploads\\\/2012\\\/02\\\/arben_cokaj-120x150.jpg\",\"contentUrl\":\"https:\\\/\\\/fjala.info\\\/2009-2015\\\/wp-content\\\/uploads\\\/2012\\\/02\\\/arben_cokaj-120x150.jpg\",\"caption\":\"admin\"},\"description\":\"Admin, Fjala e Lir\u00eb\",\"sameAs\":[\"https:\\\/\\\/fjala.info\\\/\"],\"url\":\"https:\\\/\\\/fjala.info\\\/2009-2015\\\/author\\\/admin\\\/\"}]}<\/script>\n<!-- \/ Yoast SEO plugin. -->","yoast_head_json":{"title":"POLITIK\u00cb MUND T\u00cb B\u00cbJM\u00cb EDHE N\u00cb ZVIC\u00cbR, PRANDAJ PO P\u00cbRPIQEM T\u00cb JEM PJES\u00cb E SAJ - FjALA e LIR\u00cb - Arkivi","robots":{"index":"index","follow":"follow","max-snippet":"max-snippet:-1","max-image-preview":"max-image-preview:large","max-video-preview":"max-video-preview:-1"},"canonical":"https:\/\/fjala.info\/2009-2015\/politike-mund-te-bejme-edhe-ne-zvicer-prandaj-po-perpiqem-te-jem-pjese-e-saj\/","og_locale":"sq_AL","og_type":"article","og_title":"POLITIK\u00cb MUND T\u00cb B\u00cbJM\u00cb EDHE N\u00cb ZVIC\u00cbR, PRANDAJ PO P\u00cbRPIQEM T\u00cb JEM PJES\u00cb E SAJ - FjALA e LIR\u00cb - Arkivi","og_description":"Intervist\u00eb me Zeqir Sadrin\u00eb, kandidat p\u00ebr deputet n\u00eb asamblen\u00eb komunale n\u00eb qytetin St. Gallen! Zeqir Sadrija ka lindur n\u00eb vitin 1963 n\u00eb fshatin Babaj i Bok\u00ebs, komuna e Gjakov\u00ebs. Shkoll\u00ebn fillore e mbaroi n\u00eb vendlindje kurse n\u00eb vitin 1981 t\u00eb mesmen &#8220;Hajdar Dushi&#8221; n\u00eb Gjakov\u00eb. Studimet i regjistroi n\u00eb Fakultetin Filologjik, p\u00ebrkund\u00ebr rezultateve shum\u00eb t\u00eb [&hellip;]","og_url":"https:\/\/fjala.info\/2009-2015\/politike-mund-te-bejme-edhe-ne-zvicer-prandaj-po-perpiqem-te-jem-pjese-e-saj\/","og_site_name":"FjALA e LIR\u00cb - Arkivi","article_published_time":"2012-08-30T20:43:52+00:00","og_image":[{"url":"http:\/\/www.fjala.info\/2012\/zeqir_sadria.jpg","type":"","width":"","height":""}],"author":"admin","twitter_card":"summary_large_image","twitter_misc":{"Written by":"admin","Est. reading time":"12 minutes"},"schema":{"@context":"https:\/\/schema.org","@graph":[{"@type":"Article","@id":"https:\/\/fjala.info\/2009-2015\/politike-mund-te-bejme-edhe-ne-zvicer-prandaj-po-perpiqem-te-jem-pjese-e-saj\/#article","isPartOf":{"@id":"https:\/\/fjala.info\/2009-2015\/politike-mund-te-bejme-edhe-ne-zvicer-prandaj-po-perpiqem-te-jem-pjese-e-saj\/"},"author":{"name":"admin","@id":"https:\/\/fjala.info\/2009-2015\/#\/schema\/person\/3aa1163ef05469c496fc94e77611ada2"},"headline":"POLITIK\u00cb MUND T\u00cb B\u00cbJM\u00cb EDHE N\u00cb ZVIC\u00cbR, PRANDAJ PO P\u00cbRPIQEM T\u00cb JEM PJES\u00cb E SAJ","datePublished":"2012-08-30T20:43:52+00:00","mainEntityOfPage":{"@id":"https:\/\/fjala.info\/2009-2015\/politike-mund-te-bejme-edhe-ne-zvicer-prandaj-po-perpiqem-te-jem-pjese-e-saj\/"},"wordCount":2367,"commentCount":0,"publisher":{"@id":"https:\/\/fjala.info\/2009-2015\/#organization"},"image":{"@id":"https:\/\/fjala.info\/2009-2015\/politike-mund-te-bejme-edhe-ne-zvicer-prandaj-po-perpiqem-te-jem-pjese-e-saj\/#primaryimage"},"thumbnailUrl":"http:\/\/www.fjala.info\/2012\/zeqir_sadria.jpg","articleSection":["Artikuj","Intervista"],"inLanguage":"sq-AL","potentialAction":[{"@type":"CommentAction","name":"Comment","target":["https:\/\/fjala.info\/2009-2015\/politike-mund-te-bejme-edhe-ne-zvicer-prandaj-po-perpiqem-te-jem-pjese-e-saj\/#respond"]}]},{"@type":"WebPage","@id":"https:\/\/fjala.info\/2009-2015\/politike-mund-te-bejme-edhe-ne-zvicer-prandaj-po-perpiqem-te-jem-pjese-e-saj\/","url":"https:\/\/fjala.info\/2009-2015\/politike-mund-te-bejme-edhe-ne-zvicer-prandaj-po-perpiqem-te-jem-pjese-e-saj\/","name":"POLITIK\u00cb MUND T\u00cb B\u00cbJM\u00cb EDHE N\u00cb ZVIC\u00cbR, PRANDAJ PO P\u00cbRPIQEM T\u00cb JEM PJES\u00cb E SAJ - FjALA e LIR\u00cb - Arkivi","isPartOf":{"@id":"https:\/\/fjala.info\/2009-2015\/#website"},"primaryImageOfPage":{"@id":"https:\/\/fjala.info\/2009-2015\/politike-mund-te-bejme-edhe-ne-zvicer-prandaj-po-perpiqem-te-jem-pjese-e-saj\/#primaryimage"},"image":{"@id":"https:\/\/fjala.info\/2009-2015\/politike-mund-te-bejme-edhe-ne-zvicer-prandaj-po-perpiqem-te-jem-pjese-e-saj\/#primaryimage"},"thumbnailUrl":"http:\/\/www.fjala.info\/2012\/zeqir_sadria.jpg","datePublished":"2012-08-30T20:43:52+00:00","breadcrumb":{"@id":"https:\/\/fjala.info\/2009-2015\/politike-mund-te-bejme-edhe-ne-zvicer-prandaj-po-perpiqem-te-jem-pjese-e-saj\/#breadcrumb"},"inLanguage":"sq-AL","potentialAction":[{"@type":"ReadAction","target":["https:\/\/fjala.info\/2009-2015\/politike-mund-te-bejme-edhe-ne-zvicer-prandaj-po-perpiqem-te-jem-pjese-e-saj\/"]}]},{"@type":"ImageObject","inLanguage":"sq-AL","@id":"https:\/\/fjala.info\/2009-2015\/politike-mund-te-bejme-edhe-ne-zvicer-prandaj-po-perpiqem-te-jem-pjese-e-saj\/#primaryimage","url":"http:\/\/www.fjala.info\/2012\/zeqir_sadria.jpg","contentUrl":"http:\/\/www.fjala.info\/2012\/zeqir_sadria.jpg"},{"@type":"BreadcrumbList","@id":"https:\/\/fjala.info\/2009-2015\/politike-mund-te-bejme-edhe-ne-zvicer-prandaj-po-perpiqem-te-jem-pjese-e-saj\/#breadcrumb","itemListElement":[{"@type":"ListItem","position":1,"name":"Home","item":"https:\/\/fjala.info\/2009-2015\/"},{"@type":"ListItem","position":2,"name":"POLITIK\u00cb MUND T\u00cb B\u00cbJM\u00cb EDHE N\u00cb ZVIC\u00cbR, PRANDAJ PO P\u00cbRPIQEM T\u00cb JEM PJES\u00cb E SAJ"}]},{"@type":"WebSite","@id":"https:\/\/fjala.info\/2009-2015\/#website","url":"https:\/\/fjala.info\/2009-2015\/","name":"FjALA e LIR\u00cb - Arkivi","description":"Arkivi 2009-2015","publisher":{"@id":"https:\/\/fjala.info\/2009-2015\/#organization"},"potentialAction":[{"@type":"SearchAction","target":{"@type":"EntryPoint","urlTemplate":"https:\/\/fjala.info\/2009-2015\/?s={search_term_string}"},"query-input":{"@type":"PropertyValueSpecification","valueRequired":true,"valueName":"search_term_string"}}],"inLanguage":"sq-AL"},{"@type":"Organization","@id":"https:\/\/fjala.info\/2009-2015\/#organization","name":"FjALA e LIR\u00cb - Arkivi","url":"https:\/\/fjala.info\/2009-2015\/","logo":{"@type":"ImageObject","inLanguage":"sq-AL","@id":"https:\/\/fjala.info\/2009-2015\/#\/schema\/logo\/image\/","url":"","contentUrl":"","caption":"FjALA e LIR\u00cb - Arkivi"},"image":{"@id":"https:\/\/fjala.info\/2009-2015\/#\/schema\/logo\/image\/"}},{"@type":"Person","@id":"https:\/\/fjala.info\/2009-2015\/#\/schema\/person\/3aa1163ef05469c496fc94e77611ada2","name":"admin","image":{"@type":"ImageObject","inLanguage":"sq-AL","@id":"https:\/\/fjala.info\/2009-2015\/wp-content\/uploads\/2012\/02\/arben_cokaj-120x150.jpg","url":"https:\/\/fjala.info\/2009-2015\/wp-content\/uploads\/2012\/02\/arben_cokaj-120x150.jpg","contentUrl":"https:\/\/fjala.info\/2009-2015\/wp-content\/uploads\/2012\/02\/arben_cokaj-120x150.jpg","caption":"admin"},"description":"Admin, Fjala e Lir\u00eb","sameAs":["https:\/\/fjala.info\/"],"url":"https:\/\/fjala.info\/2009-2015\/author\/admin\/"}]}},"_links":{"self":[{"href":"https:\/\/fjala.info\/2009-2015\/wp-json\/wp\/v2\/posts\/12059","targetHints":{"allow":["GET"]}}],"collection":[{"href":"https:\/\/fjala.info\/2009-2015\/wp-json\/wp\/v2\/posts"}],"about":[{"href":"https:\/\/fjala.info\/2009-2015\/wp-json\/wp\/v2\/types\/post"}],"author":[{"embeddable":true,"href":"https:\/\/fjala.info\/2009-2015\/wp-json\/wp\/v2\/users\/1"}],"replies":[{"embeddable":true,"href":"https:\/\/fjala.info\/2009-2015\/wp-json\/wp\/v2\/comments?post=12059"}],"version-history":[{"count":0,"href":"https:\/\/fjala.info\/2009-2015\/wp-json\/wp\/v2\/posts\/12059\/revisions"}],"wp:attachment":[{"href":"https:\/\/fjala.info\/2009-2015\/wp-json\/wp\/v2\/media?parent=12059"}],"wp:term":[{"taxonomy":"category","embeddable":true,"href":"https:\/\/fjala.info\/2009-2015\/wp-json\/wp\/v2\/categories?post=12059"},{"taxonomy":"post_tag","embeddable":true,"href":"https:\/\/fjala.info\/2009-2015\/wp-json\/wp\/v2\/tags?post=12059"}],"curies":[{"name":"wp","href":"https:\/\/api.w.org\/{rel}","templated":true}]}}