{"id":12057,"date":"2012-08-28T22:02:25","date_gmt":"2012-08-28T21:02:25","guid":{"rendered":"http:\/\/www.fjala.info\/?p=4726"},"modified":"2012-08-28T22:02:25","modified_gmt":"2012-08-28T21:02:25","slug":"akademiku-maqedonas-pranon-se-ka-origjine-shqiptare","status":"publish","type":"post","link":"https:\/\/fjala.info\/2009-2015\/akademiku-maqedonas-pranon-se-ka-origjine-shqiptare\/","title":{"rendered":"Akademiku maqedonas pranon se ka origjin\u00eb shqiptare"},"content":{"rendered":"<p><img decoding=\"async\" class=\"alignleft size-thumbnail wp-image-7236\" title=\"Mateja Matevski\" src=\"http:\/\/www.fjala.info\/2012\/mateja_matevski.jpg\" alt=\"\" width=\"300\" \/> <strong>Shekulli<\/strong>, <em>28.08.2012<\/em><\/p>\n<p>Akademiku nga Shkupi, Mateja Matevski dhe nj\u00eb nga shkrimtar\u00ebt dhe kritik\u00ebt letrar kryesisht n\u00eb let\u00ebrsin\u00eb maqedonase, p\u00ebr her\u00eb t\u00eb par\u00eb ka pranuar origjin\u00ebn e tij shqiptare. Matevski, i njohur edhe si ish-kryetari i Akademis\u00eb s\u00eb Shkencave dhe Arteve Maqedonase (ASHAM) n\u00eb periudh\u00ebn 2001- 2004, faktin e origjin\u00ebs s\u00eb tij e ka pranuar n\u00eb nj\u00eb or\u00eb letrare kushtuar poetit t\u00eb ndjer\u00eb Ali Podrimja n\u00eb Strug\u00eb, n\u00eb kuad\u00ebr t\u00eb manifestimeve t\u00eb Mbr\u00ebmjeve t\u00eb Poezis\u00eb Strugane.<\/p>\n<p>\u201cFjala ime p\u00ebr mikun tim Ali Podrimen do t\u00eb jet\u00eb n\u00eb maqedonishte. Se un\u00eb jam shqiptar e detyra e shkrimtar\u00ebve \u00ebsht\u00eb ta din\u00eb mir\u00eb gjuh\u00ebn. Prandaj, t\u00eb m\u00eb falni q\u00eb do t\u00eb drejtohem n\u00eb gjuh\u00ebn maqedonase. Erdha k\u00ebtu me ndjenj\u00ebn e dyfisht\u00eb, p\u00ebr mikun tim t\u00eb madh Ali Podrimen. Kur m\u00eb tha miku im Luan Starova se n\u00eb k\u00ebt\u00eb takim p\u00ebr Ali Podrimen do t\u00eb fla\u00ebs Ali Aliu, po ashtu mik i imi i madh dhe akademik u g\u00ebzova se Ali Podrimja \u00ebsht\u00eb k\u00ebtu. P\u00ebr fat t\u00eb keq, k\u00ebta dy tre muaj kam qen\u00eb i shk\u00ebputur dhe nuk kam pas\u00eb informacione, ndaj erdha me g\u00ebzim se do ta takoja Ali Podrimen. Por kur Luan Starova m\u00eb sqaroi se n\u00eb t\u00eb v\u00ebrtet\u00eb ky \u00ebsht\u00eb nj\u00eb homazh p\u00ebr te, un\u00eb tani do t\u2019i shpreh\u00eb k\u00ebt\u00eb homazh\u201d, ka theksuar Matevski, raporton INA.<\/p>\n<p>Akademiku Mateja Matevski u lind m\u00eb 13 mars 1929 n\u00eb Stamboll t\u00eb Turqis\u00eb n\u00eb nj\u00eb familje emigrant\u00ebsh shqiptar\u00eb nga rajoni i Rek\u00ebs s\u00eb Gostivarit. Ai njihet si nj\u00eb kuad\u00ebr i shkolluar n\u00eb Gostivar, Tetov\u00eb, m\u00eb pas n\u00eb gjimnazin e Shkupit, nd\u00ebrsa studimet ka vijuar n\u00eb Beograd dhe Shkup, n\u00eb grupin e let\u00ebrsis\u00eb maqedonase dhe jugosllave.<\/p>\n<p>Ai \u00ebsht\u00eb i njohur me veprat e ndryshme n\u00eb poezi, kritik\u00eb letrare dhe zhanre tjera, nd\u00ebrsa ka kryer edhe detyra t\u00eb ndryshme, duke qen\u00eb drejtor i p\u00ebrgjithsh\u00ebm i Radiotelevizionit t\u00eb Maqedonis\u00eb, kryetar i Lidhjes s\u00eb Shkrimtar\u00ebve n\u00eb Maqedoni, kryetari i Akademis\u00eb s\u00eb Shkencave dhe Arteve, an\u00ebtar\u00eb i presidenc\u00ebs s\u00eb Republik\u00ebs s\u00eb Maqedonis\u00eb. Matevski \u00ebsht\u00eb i njohur me shum\u00eb \u00e7mime t\u00eb fituara n\u00eb nivel vendor dhe nd\u00ebrkomb\u00ebtar.<\/p>\n<p>Branko Manojlovski, emigranti shqiptar nga rrethina e Gostivarit i sapokthyer nga SHBA \u00ebsht\u00eb nj\u00eb nga promotor\u00ebt e shqiptar\u00ebve ortodoks n\u00eb Maqedoni, duke i thirrur t\u00eb gjith\u00eb ata q\u00eb t\u00eb deklarojn\u00eb origjin\u00ebn e tyre t\u00eb past\u00ebr shqiptare. Ai m\u00eb par\u00eb kishte paralajm\u00ebruar se Matevski \u00ebsht\u00eb me origjin\u00eb t\u00eb past\u00ebr shqiptare dhe deri tani kishte heshtur mbi t\u00eb kaluar\u00ebn e tij. Manojlovski ka thirrur edhe personalitete t\u00eb tjera publike q\u00eb t\u00eb deklarojn\u00eb origjin\u00ebn e tyre etnike.<\/p>\n","protected":false},"excerpt":{"rendered":"<p>Shekulli, 28.08.2012 Akademiku nga Shkupi, Mateja Matevski dhe nj\u00eb nga shkrimtar\u00ebt dhe kritik\u00ebt letrar kryesisht n\u00eb let\u00ebrsin\u00eb maqedonase, p\u00ebr her\u00eb t\u00eb par\u00eb ka pranuar origjin\u00ebn e tij shqiptare. Matevski, i njohur edhe si ish-kryetari i Akademis\u00eb s\u00eb Shkencave dhe Arteve Maqedonase (ASHAM) n\u00eb periudh\u00ebn 2001- 2004, faktin e origjin\u00ebs s\u00eb tij e ka pranuar n\u00eb [&hellip;]<\/p>\n","protected":false},"author":1,"featured_media":0,"comment_status":"open","ping_status":"closed","sticky":false,"template":"","format":"standard","meta":{"footnotes":""},"categories":[2],"tags":[],"class_list":{"0":"post-12057","1":"post","2":"type-post","3":"status-publish","4":"format-standard","6":"category-artikuj"},"yoast_head":"<!-- This site is optimized with the Yoast SEO plugin v27.4 - https:\/\/yoast.com\/product\/yoast-seo-wordpress\/ -->\n<title>Akademiku maqedonas pranon se ka origjin\u00eb shqiptare - FjALA e LIR\u00cb - Arkivi<\/title>\n<meta name=\"robots\" content=\"index, follow, max-snippet:-1, max-image-preview:large, max-video-preview:-1\" \/>\n<link rel=\"canonical\" href=\"https:\/\/fjala.info\/2009-2015\/akademiku-maqedonas-pranon-se-ka-origjine-shqiptare\/\" \/>\n<meta property=\"og:locale\" content=\"sq_AL\" \/>\n<meta property=\"og:type\" content=\"article\" \/>\n<meta property=\"og:title\" content=\"Akademiku maqedonas pranon se ka origjin\u00eb shqiptare - FjALA e LIR\u00cb - Arkivi\" \/>\n<meta property=\"og:description\" content=\"Shekulli, 28.08.2012 Akademiku nga Shkupi, Mateja Matevski dhe nj\u00eb nga shkrimtar\u00ebt dhe kritik\u00ebt letrar kryesisht n\u00eb let\u00ebrsin\u00eb maqedonase, p\u00ebr her\u00eb t\u00eb par\u00eb ka pranuar origjin\u00ebn e tij shqiptare. Matevski, i njohur edhe si ish-kryetari i Akademis\u00eb s\u00eb Shkencave dhe Arteve Maqedonase (ASHAM) n\u00eb periudh\u00ebn 2001- 2004, faktin e origjin\u00ebs s\u00eb tij e ka pranuar n\u00eb [&hellip;]\" \/>\n<meta property=\"og:url\" content=\"https:\/\/fjala.info\/2009-2015\/akademiku-maqedonas-pranon-se-ka-origjine-shqiptare\/\" \/>\n<meta property=\"og:site_name\" content=\"FjALA e LIR\u00cb - Arkivi\" \/>\n<meta property=\"article:published_time\" content=\"2012-08-28T21:02:25+00:00\" \/>\n<meta property=\"og:image\" content=\"http:\/\/www.fjala.info\/2012\/mateja_matevski.jpg\" \/>\n<meta name=\"author\" content=\"admin\" \/>\n<meta name=\"twitter:card\" content=\"summary_large_image\" \/>\n<meta name=\"twitter:label1\" content=\"Written by\" \/>\n\t<meta name=\"twitter:data1\" content=\"admin\" \/>\n\t<meta name=\"twitter:label2\" content=\"Est. reading time\" \/>\n\t<meta name=\"twitter:data2\" content=\"2 minutes\" \/>\n<script type=\"application\/ld+json\" class=\"yoast-schema-graph\">{\"@context\":\"https:\\\/\\\/schema.org\",\"@graph\":[{\"@type\":\"Article\",\"@id\":\"https:\\\/\\\/fjala.info\\\/2009-2015\\\/akademiku-maqedonas-pranon-se-ka-origjine-shqiptare\\\/#article\",\"isPartOf\":{\"@id\":\"https:\\\/\\\/fjala.info\\\/2009-2015\\\/akademiku-maqedonas-pranon-se-ka-origjine-shqiptare\\\/\"},\"author\":{\"name\":\"admin\",\"@id\":\"https:\\\/\\\/fjala.info\\\/2009-2015\\\/#\\\/schema\\\/person\\\/3aa1163ef05469c496fc94e77611ada2\"},\"headline\":\"Akademiku maqedonas pranon se ka origjin\u00eb shqiptare\",\"datePublished\":\"2012-08-28T21:02:25+00:00\",\"mainEntityOfPage\":{\"@id\":\"https:\\\/\\\/fjala.info\\\/2009-2015\\\/akademiku-maqedonas-pranon-se-ka-origjine-shqiptare\\\/\"},\"wordCount\":463,\"commentCount\":0,\"publisher\":{\"@id\":\"https:\\\/\\\/fjala.info\\\/2009-2015\\\/#organization\"},\"image\":{\"@id\":\"https:\\\/\\\/fjala.info\\\/2009-2015\\\/akademiku-maqedonas-pranon-se-ka-origjine-shqiptare\\\/#primaryimage\"},\"thumbnailUrl\":\"http:\\\/\\\/www.fjala.info\\\/2012\\\/mateja_matevski.jpg\",\"articleSection\":[\"Artikuj\"],\"inLanguage\":\"sq-AL\",\"potentialAction\":[{\"@type\":\"CommentAction\",\"name\":\"Comment\",\"target\":[\"https:\\\/\\\/fjala.info\\\/2009-2015\\\/akademiku-maqedonas-pranon-se-ka-origjine-shqiptare\\\/#respond\"]}]},{\"@type\":\"WebPage\",\"@id\":\"https:\\\/\\\/fjala.info\\\/2009-2015\\\/akademiku-maqedonas-pranon-se-ka-origjine-shqiptare\\\/\",\"url\":\"https:\\\/\\\/fjala.info\\\/2009-2015\\\/akademiku-maqedonas-pranon-se-ka-origjine-shqiptare\\\/\",\"name\":\"Akademiku maqedonas pranon se ka origjin\u00eb shqiptare - FjALA e LIR\u00cb - Arkivi\",\"isPartOf\":{\"@id\":\"https:\\\/\\\/fjala.info\\\/2009-2015\\\/#website\"},\"primaryImageOfPage\":{\"@id\":\"https:\\\/\\\/fjala.info\\\/2009-2015\\\/akademiku-maqedonas-pranon-se-ka-origjine-shqiptare\\\/#primaryimage\"},\"image\":{\"@id\":\"https:\\\/\\\/fjala.info\\\/2009-2015\\\/akademiku-maqedonas-pranon-se-ka-origjine-shqiptare\\\/#primaryimage\"},\"thumbnailUrl\":\"http:\\\/\\\/www.fjala.info\\\/2012\\\/mateja_matevski.jpg\",\"datePublished\":\"2012-08-28T21:02:25+00:00\",\"breadcrumb\":{\"@id\":\"https:\\\/\\\/fjala.info\\\/2009-2015\\\/akademiku-maqedonas-pranon-se-ka-origjine-shqiptare\\\/#breadcrumb\"},\"inLanguage\":\"sq-AL\",\"potentialAction\":[{\"@type\":\"ReadAction\",\"target\":[\"https:\\\/\\\/fjala.info\\\/2009-2015\\\/akademiku-maqedonas-pranon-se-ka-origjine-shqiptare\\\/\"]}]},{\"@type\":\"ImageObject\",\"inLanguage\":\"sq-AL\",\"@id\":\"https:\\\/\\\/fjala.info\\\/2009-2015\\\/akademiku-maqedonas-pranon-se-ka-origjine-shqiptare\\\/#primaryimage\",\"url\":\"http:\\\/\\\/www.fjala.info\\\/2012\\\/mateja_matevski.jpg\",\"contentUrl\":\"http:\\\/\\\/www.fjala.info\\\/2012\\\/mateja_matevski.jpg\"},{\"@type\":\"BreadcrumbList\",\"@id\":\"https:\\\/\\\/fjala.info\\\/2009-2015\\\/akademiku-maqedonas-pranon-se-ka-origjine-shqiptare\\\/#breadcrumb\",\"itemListElement\":[{\"@type\":\"ListItem\",\"position\":1,\"name\":\"Home\",\"item\":\"https:\\\/\\\/fjala.info\\\/2009-2015\\\/\"},{\"@type\":\"ListItem\",\"position\":2,\"name\":\"Akademiku maqedonas pranon se ka origjin\u00eb shqiptare\"}]},{\"@type\":\"WebSite\",\"@id\":\"https:\\\/\\\/fjala.info\\\/2009-2015\\\/#website\",\"url\":\"https:\\\/\\\/fjala.info\\\/2009-2015\\\/\",\"name\":\"FjALA e LIR\u00cb - Arkivi\",\"description\":\"Arkivi 2009-2015\",\"publisher\":{\"@id\":\"https:\\\/\\\/fjala.info\\\/2009-2015\\\/#organization\"},\"potentialAction\":[{\"@type\":\"SearchAction\",\"target\":{\"@type\":\"EntryPoint\",\"urlTemplate\":\"https:\\\/\\\/fjala.info\\\/2009-2015\\\/?s={search_term_string}\"},\"query-input\":{\"@type\":\"PropertyValueSpecification\",\"valueRequired\":true,\"valueName\":\"search_term_string\"}}],\"inLanguage\":\"sq-AL\"},{\"@type\":\"Organization\",\"@id\":\"https:\\\/\\\/fjala.info\\\/2009-2015\\\/#organization\",\"name\":\"FjALA e LIR\u00cb - Arkivi\",\"url\":\"https:\\\/\\\/fjala.info\\\/2009-2015\\\/\",\"logo\":{\"@type\":\"ImageObject\",\"inLanguage\":\"sq-AL\",\"@id\":\"https:\\\/\\\/fjala.info\\\/2009-2015\\\/#\\\/schema\\\/logo\\\/image\\\/\",\"url\":\"\",\"contentUrl\":\"\",\"caption\":\"FjALA e LIR\u00cb - Arkivi\"},\"image\":{\"@id\":\"https:\\\/\\\/fjala.info\\\/2009-2015\\\/#\\\/schema\\\/logo\\\/image\\\/\"}},{\"@type\":\"Person\",\"@id\":\"https:\\\/\\\/fjala.info\\\/2009-2015\\\/#\\\/schema\\\/person\\\/3aa1163ef05469c496fc94e77611ada2\",\"name\":\"admin\",\"image\":{\"@type\":\"ImageObject\",\"inLanguage\":\"sq-AL\",\"@id\":\"https:\\\/\\\/fjala.info\\\/2009-2015\\\/wp-content\\\/uploads\\\/2012\\\/02\\\/arben_cokaj-120x150.jpg\",\"url\":\"https:\\\/\\\/fjala.info\\\/2009-2015\\\/wp-content\\\/uploads\\\/2012\\\/02\\\/arben_cokaj-120x150.jpg\",\"contentUrl\":\"https:\\\/\\\/fjala.info\\\/2009-2015\\\/wp-content\\\/uploads\\\/2012\\\/02\\\/arben_cokaj-120x150.jpg\",\"caption\":\"admin\"},\"description\":\"Admin, Fjala e Lir\u00eb\",\"sameAs\":[\"https:\\\/\\\/fjala.info\\\/\"],\"url\":\"https:\\\/\\\/fjala.info\\\/2009-2015\\\/author\\\/admin\\\/\"}]}<\/script>\n<!-- \/ Yoast SEO plugin. -->","yoast_head_json":{"title":"Akademiku maqedonas pranon se ka origjin\u00eb shqiptare - FjALA e LIR\u00cb - Arkivi","robots":{"index":"index","follow":"follow","max-snippet":"max-snippet:-1","max-image-preview":"max-image-preview:large","max-video-preview":"max-video-preview:-1"},"canonical":"https:\/\/fjala.info\/2009-2015\/akademiku-maqedonas-pranon-se-ka-origjine-shqiptare\/","og_locale":"sq_AL","og_type":"article","og_title":"Akademiku maqedonas pranon se ka origjin\u00eb shqiptare - FjALA e LIR\u00cb - Arkivi","og_description":"Shekulli, 28.08.2012 Akademiku nga Shkupi, Mateja Matevski dhe nj\u00eb nga shkrimtar\u00ebt dhe kritik\u00ebt letrar kryesisht n\u00eb let\u00ebrsin\u00eb maqedonase, p\u00ebr her\u00eb t\u00eb par\u00eb ka pranuar origjin\u00ebn e tij shqiptare. Matevski, i njohur edhe si ish-kryetari i Akademis\u00eb s\u00eb Shkencave dhe Arteve Maqedonase (ASHAM) n\u00eb periudh\u00ebn 2001- 2004, faktin e origjin\u00ebs s\u00eb tij e ka pranuar n\u00eb [&hellip;]","og_url":"https:\/\/fjala.info\/2009-2015\/akademiku-maqedonas-pranon-se-ka-origjine-shqiptare\/","og_site_name":"FjALA e LIR\u00cb - Arkivi","article_published_time":"2012-08-28T21:02:25+00:00","og_image":[{"url":"http:\/\/www.fjala.info\/2012\/mateja_matevski.jpg","type":"","width":"","height":""}],"author":"admin","twitter_card":"summary_large_image","twitter_misc":{"Written by":"admin","Est. reading time":"2 minutes"},"schema":{"@context":"https:\/\/schema.org","@graph":[{"@type":"Article","@id":"https:\/\/fjala.info\/2009-2015\/akademiku-maqedonas-pranon-se-ka-origjine-shqiptare\/#article","isPartOf":{"@id":"https:\/\/fjala.info\/2009-2015\/akademiku-maqedonas-pranon-se-ka-origjine-shqiptare\/"},"author":{"name":"admin","@id":"https:\/\/fjala.info\/2009-2015\/#\/schema\/person\/3aa1163ef05469c496fc94e77611ada2"},"headline":"Akademiku maqedonas pranon se ka origjin\u00eb shqiptare","datePublished":"2012-08-28T21:02:25+00:00","mainEntityOfPage":{"@id":"https:\/\/fjala.info\/2009-2015\/akademiku-maqedonas-pranon-se-ka-origjine-shqiptare\/"},"wordCount":463,"commentCount":0,"publisher":{"@id":"https:\/\/fjala.info\/2009-2015\/#organization"},"image":{"@id":"https:\/\/fjala.info\/2009-2015\/akademiku-maqedonas-pranon-se-ka-origjine-shqiptare\/#primaryimage"},"thumbnailUrl":"http:\/\/www.fjala.info\/2012\/mateja_matevski.jpg","articleSection":["Artikuj"],"inLanguage":"sq-AL","potentialAction":[{"@type":"CommentAction","name":"Comment","target":["https:\/\/fjala.info\/2009-2015\/akademiku-maqedonas-pranon-se-ka-origjine-shqiptare\/#respond"]}]},{"@type":"WebPage","@id":"https:\/\/fjala.info\/2009-2015\/akademiku-maqedonas-pranon-se-ka-origjine-shqiptare\/","url":"https:\/\/fjala.info\/2009-2015\/akademiku-maqedonas-pranon-se-ka-origjine-shqiptare\/","name":"Akademiku maqedonas pranon se ka origjin\u00eb shqiptare - FjALA e LIR\u00cb - Arkivi","isPartOf":{"@id":"https:\/\/fjala.info\/2009-2015\/#website"},"primaryImageOfPage":{"@id":"https:\/\/fjala.info\/2009-2015\/akademiku-maqedonas-pranon-se-ka-origjine-shqiptare\/#primaryimage"},"image":{"@id":"https:\/\/fjala.info\/2009-2015\/akademiku-maqedonas-pranon-se-ka-origjine-shqiptare\/#primaryimage"},"thumbnailUrl":"http:\/\/www.fjala.info\/2012\/mateja_matevski.jpg","datePublished":"2012-08-28T21:02:25+00:00","breadcrumb":{"@id":"https:\/\/fjala.info\/2009-2015\/akademiku-maqedonas-pranon-se-ka-origjine-shqiptare\/#breadcrumb"},"inLanguage":"sq-AL","potentialAction":[{"@type":"ReadAction","target":["https:\/\/fjala.info\/2009-2015\/akademiku-maqedonas-pranon-se-ka-origjine-shqiptare\/"]}]},{"@type":"ImageObject","inLanguage":"sq-AL","@id":"https:\/\/fjala.info\/2009-2015\/akademiku-maqedonas-pranon-se-ka-origjine-shqiptare\/#primaryimage","url":"http:\/\/www.fjala.info\/2012\/mateja_matevski.jpg","contentUrl":"http:\/\/www.fjala.info\/2012\/mateja_matevski.jpg"},{"@type":"BreadcrumbList","@id":"https:\/\/fjala.info\/2009-2015\/akademiku-maqedonas-pranon-se-ka-origjine-shqiptare\/#breadcrumb","itemListElement":[{"@type":"ListItem","position":1,"name":"Home","item":"https:\/\/fjala.info\/2009-2015\/"},{"@type":"ListItem","position":2,"name":"Akademiku maqedonas pranon se ka origjin\u00eb shqiptare"}]},{"@type":"WebSite","@id":"https:\/\/fjala.info\/2009-2015\/#website","url":"https:\/\/fjala.info\/2009-2015\/","name":"FjALA e LIR\u00cb - Arkivi","description":"Arkivi 2009-2015","publisher":{"@id":"https:\/\/fjala.info\/2009-2015\/#organization"},"potentialAction":[{"@type":"SearchAction","target":{"@type":"EntryPoint","urlTemplate":"https:\/\/fjala.info\/2009-2015\/?s={search_term_string}"},"query-input":{"@type":"PropertyValueSpecification","valueRequired":true,"valueName":"search_term_string"}}],"inLanguage":"sq-AL"},{"@type":"Organization","@id":"https:\/\/fjala.info\/2009-2015\/#organization","name":"FjALA e LIR\u00cb - Arkivi","url":"https:\/\/fjala.info\/2009-2015\/","logo":{"@type":"ImageObject","inLanguage":"sq-AL","@id":"https:\/\/fjala.info\/2009-2015\/#\/schema\/logo\/image\/","url":"","contentUrl":"","caption":"FjALA e LIR\u00cb - Arkivi"},"image":{"@id":"https:\/\/fjala.info\/2009-2015\/#\/schema\/logo\/image\/"}},{"@type":"Person","@id":"https:\/\/fjala.info\/2009-2015\/#\/schema\/person\/3aa1163ef05469c496fc94e77611ada2","name":"admin","image":{"@type":"ImageObject","inLanguage":"sq-AL","@id":"https:\/\/fjala.info\/2009-2015\/wp-content\/uploads\/2012\/02\/arben_cokaj-120x150.jpg","url":"https:\/\/fjala.info\/2009-2015\/wp-content\/uploads\/2012\/02\/arben_cokaj-120x150.jpg","contentUrl":"https:\/\/fjala.info\/2009-2015\/wp-content\/uploads\/2012\/02\/arben_cokaj-120x150.jpg","caption":"admin"},"description":"Admin, Fjala e Lir\u00eb","sameAs":["https:\/\/fjala.info\/"],"url":"https:\/\/fjala.info\/2009-2015\/author\/admin\/"}]}},"_links":{"self":[{"href":"https:\/\/fjala.info\/2009-2015\/wp-json\/wp\/v2\/posts\/12057","targetHints":{"allow":["GET"]}}],"collection":[{"href":"https:\/\/fjala.info\/2009-2015\/wp-json\/wp\/v2\/posts"}],"about":[{"href":"https:\/\/fjala.info\/2009-2015\/wp-json\/wp\/v2\/types\/post"}],"author":[{"embeddable":true,"href":"https:\/\/fjala.info\/2009-2015\/wp-json\/wp\/v2\/users\/1"}],"replies":[{"embeddable":true,"href":"https:\/\/fjala.info\/2009-2015\/wp-json\/wp\/v2\/comments?post=12057"}],"version-history":[{"count":0,"href":"https:\/\/fjala.info\/2009-2015\/wp-json\/wp\/v2\/posts\/12057\/revisions"}],"wp:attachment":[{"href":"https:\/\/fjala.info\/2009-2015\/wp-json\/wp\/v2\/media?parent=12057"}],"wp:term":[{"taxonomy":"category","embeddable":true,"href":"https:\/\/fjala.info\/2009-2015\/wp-json\/wp\/v2\/categories?post=12057"},{"taxonomy":"post_tag","embeddable":true,"href":"https:\/\/fjala.info\/2009-2015\/wp-json\/wp\/v2\/tags?post=12057"}],"curies":[{"name":"wp","href":"https:\/\/api.w.org\/{rel}","templated":true}]}}