{"id":12056,"date":"2012-08-27T20:27:20","date_gmt":"2012-08-27T19:27:20","guid":{"rendered":"http:\/\/www.fjala.info\/?p=4719"},"modified":"2012-08-27T20:27:20","modified_gmt":"2012-08-27T19:27:20","slug":"biberaj-21-janari-krim-shteteror-berisha-si-enveri-ne-agonine-e-vet-qe-fliste-percart","status":"publish","type":"post","link":"https:\/\/fjala.info\/2009-2015\/biberaj-21-janari-krim-shteteror-berisha-si-enveri-ne-agonine-e-vet-qe-fliste-percart\/","title":{"rendered":"Biberaj: 21 janari, krim shtet\u00ebror. Berisha, si Enveri n\u00eb agonin\u00eb e vet, q\u00eb fliste p\u00ebr\u00e7art"},"content":{"rendered":"<p><img decoding=\"async\" class=\"alignleft size-thumbnail wp-image-7236\" title=\"Aleksand\u00ebr Biberaj\" src=\"http:\/\/www.fjala.info\/2012\/aleksander_biberaj.jpg\" alt=\"\" width=\"200\" \/> <strong>TemA Online<\/strong>, <em>27 Gusht 2012<\/em><\/p>\n<p>Nj\u00eb nga iniciuesit e partis\u00eb m\u00eb t\u00eb re n\u00eb vend, FRD, e cila identifikohet me ish-presidentin Topi, Aleksand\u00ebr Biberaj, vrasjet e 21 janarit i ka konsideruar si nj\u00eb krim shtet\u00ebror.<\/p>\n<p>Ai ka th\u00ebn\u00eb se kryeministri Berisha \u00ebsht\u00eb kthyer n\u00eb nj\u00eb njeri halu\u00e7ionant, si Enveri, q\u00eb sheh armiq nga t\u00eb gjitha an\u00ebt dhe k\u00ebrkon t\u00eb eleminoj\u00eb ish-bashk\u00ebpuntor\u00ebt e vet. Duke folur n\u00eb nj\u00eb intervist\u00eb p\u00ebr \u201cShqip\u201d, Biberaj ka th\u00ebn\u00eb se Bamir Topi \u00ebsht\u00eb tashm\u00eb lideri i v\u00ebrtet\u00eb i t\u00eb djatht\u00ebs shqiptare.<\/p>\n<p>\u201cT\u00eb vjen keq kur e sheh Kryeministrin e vendit t\u00ebnd n\u00eb at\u00eb gjendje, dhe dashje pa dashje t\u00eb kujtohet Enver Hoxha n\u00eb agonin\u00eb e vet q\u00eb fliste p\u00ebr\u00e7art, pasi kishte \u201casgj\u00ebsuar me sukses\u201d p\u00ebr 44 vjet me radh\u00eb t\u00eb gjitha grupet armiq\u00ebsore t\u00eb brendshme e t\u00eb jashtme, dhe kishte likuiduar t\u00eb gjith\u00eb shok\u00ebt dhe miqt\u00eb e vet. Arsyeja kryesore e k\u00ebtyre sulmeve halu\u00e7inante \u00ebsht\u00eb shfaqja n\u00eb sken\u00ebn politike e FRD-s\u00eb, reputacioni n\u00eb rritje dhe fuqizimi i p\u00ebrditsh\u00ebm i s\u00eb cil\u00ebs po sjell pritshm\u00ebria e lart\u00eb te qytetar\u00ebt shqiptar\u00eb p\u00ebr faktorizimin e FRD-s\u00eb si nj\u00eb forc\u00eb e r\u00ebnd\u00ebsishme, forc\u00eb kryesore politike n\u00eb zgjedhjet e vitit 2103. FRD-ja po ngjall shpres\u00ebn dhe besimin e shqiptar\u00ebve se Shqip\u00ebria b\u00ebhet.<\/p>\n<p>Duket leht\u00ebsisht dhe fare qart\u00eb se Kryeministri dhe t\u00eb tijt\u00eb e kan\u00eb humbur qet\u00ebsin\u00eb q\u00eb kur u shfaq FRD-ja n\u00eb horizontin politik, por ky nuk \u00ebsht\u00eb problemi yn\u00eb, ky \u00ebsht\u00eb problem i atyre. Kryeministri ka frik\u00eb nga FRD-ja, pasi ai e di fare mir\u00eb forc\u00ebn dhe reputacionin e FRD-s\u00eb si nj\u00eb forc\u00eb reale dhe e v\u00ebrtet\u00eb e qendr\u00ebs s\u00eb djatht\u00eb, q\u00eb do t\u00eb marr\u00eb mazhoranc\u00eb votash djathtas, k\u00ebt\u00eb ia tregojn\u00eb edhe sondazhet q\u00eb ai i ka n\u00eb tavolin\u00ebn e tij.<\/p>\n<p>Si nj\u00eb ish-komunist q\u00eb mbeti gjith\u00eb jet\u00ebn komunist n\u00eb mentalitet, psikologji dhe m\u00ebnyr\u00eb veprimi, ai ka 22 vjet q\u00eb manipulon t\u00eb djatht\u00ebn m\u00eb \u201cantikomunizmin e tij fars\u00eb dhe hipokrit\u201d, e ka p\u00ebr\u00e7ar\u00eb t\u00eb djatht\u00ebn, dhe n\u00eb m\u00ebnyr\u00eb sistematike ka goditur t\u00eb gjith\u00eb p\u00ebrfaq\u00ebsuesit m\u00eb dinjitoz\u00eb dhe m\u00eb me reputacion t\u00eb s\u00eb djatht\u00ebs p\u00ebr ta mbajtur vet\u00eb monopolin e saj, nd\u00ebrkoh\u00eb q\u00eb ka 22 vjet q\u00eb bashk\u00ebpunon me t\u00eb majt\u00ebt direkt apo indirekt, hapur apo fshehurazi, formalisht apo informalisht. Ai ka 22 vjet q\u00eb e lufton t\u00eb djatht\u00ebn n\u00eb m\u00ebnyr\u00eb konstante, nd\u00ebrkoh\u00eb q\u00eb u ka krijuar terren t\u00eb lir\u00eb t\u00eb majt\u00ebve apo ish-bashk\u00ebpun\u00ebtor\u00ebve t\u00eb ish-Sigurimit t\u00eb Shtetit, q\u00eb jan\u00eb si n\u00eb PD ashtu edhe n\u00eb partit\u00eb e tjera t\u00eb djathta.<\/p>\n<p>Tani po e kupton q\u00eb e djathta po riorganizohet, gj\u00eb q\u00eb p\u00ebrb\u00ebn edhe fundin e dominimit t\u00eb tij t\u00eb pamerituar dhe manipulues tek e djathta. FRD-ja po shihet \u00e7do dit\u00eb si shpres\u00eb dhe besim p\u00ebr reformimin e s\u00eb djatht\u00ebs, p\u00ebr krijimin e nj\u00eb t\u00eb djathte t\u00eb v\u00ebrtet\u00eb, t\u00eb reformuar, patriotike, qytetare dhe moderne sipas modelit q\u00eb aplikohet sot n\u00eb SHBA, apo sipas modelit t\u00eb Partive Popullore Europiane.<\/p>\n<p>Nj\u00eb nd\u00ebr misionet e FRD-s\u00eb \u00ebsht\u00eb reformimi i s\u00eb djatht\u00ebs, dh\u00ebnia fund e dominimit 70-vje\u00e7ar t\u00eb s\u00eb majt\u00ebs sipas modelit sllavo-komunist, dhe Sali Berisha e di fare mir\u00eb q\u00eb Bamir Topi do t\u00eb jet\u00eb shum\u00eb shpejt lideri i s\u00eb djatht\u00ebs reale, pa ish-komunist\u00eb, pa ish-bashk\u00ebpun\u00ebtor\u00eb t\u00eb ish-Sigurimit t\u00eb Shtetit dhe pa pinjoll\u00ebt e diktatur\u00ebs, pasi k\u00ebto jan\u00eb zhvillime dialektike q\u00eb nuk ka forc\u00eb t\u2019i ndaloj\u00eb, aq m\u00eb tep\u00ebr q\u00eb koha e Berish\u00ebs po per\u00ebndon \u00e7do dit\u00eb. Dhe p\u00ebr ta mbyllur k\u00ebt\u00eb pjes\u00eb, vet\u00eb Berisha dhe gjith\u00eb klani i tij i majt\u00eb n\u00eb PD, nj\u00eb klan hajdut, injorant dhe rural, Bamir Topin e kan\u00eb pasur frik\u00eb dhe fobi prej shum\u00eb vitesh, gj\u00eb q\u00eb tani po e shfaqin hapur, aq m\u00eb mir\u00eb p\u00ebr ne, aq m\u00eb keq p\u00ebr ta, pasi shqiptar\u00ebt jan\u00eb t\u00eb zgjuar dhe i kuptojn\u00eb fare mir\u00eb zhvillimet politike, tendencat dhe perspektivat.<\/p>\n<p>Sulmet e Berish\u00ebs vet\u00ebm sa na fuqizojn\u00eb dhe kompakt\u00ebsojn\u00eb m\u00eb shum\u00eb, dhe po ta lexonte k\u00ebt\u00eb intervist\u00eb do ta k\u00ebshilloja q\u00eb t\u00eb merret gjith\u00eb dit\u00ebn me FRD-n\u00eb se vet\u00ebm nder na b\u00ebn, aq m\u00eb tep\u00ebr q\u00eb ka edhe koh\u00eb, pasi nuk b\u00ebn ndonj\u00eb pun\u00eb n\u00eb interes t\u00eb Shqip\u00ebris\u00eb dhe shqiptar\u00ebve\u201d, ka th\u00ebn\u00eb Biberaj p\u00ebr \u201cShqip\u201d.<\/p>\n","protected":false},"excerpt":{"rendered":"<p>TemA Online, 27 Gusht 2012 Nj\u00eb nga iniciuesit e partis\u00eb m\u00eb t\u00eb re n\u00eb vend, FRD, e cila identifikohet me ish-presidentin Topi, Aleksand\u00ebr Biberaj, vrasjet e 21 janarit i ka konsideruar si nj\u00eb krim shtet\u00ebror. Ai ka th\u00ebn\u00eb se kryeministri Berisha \u00ebsht\u00eb kthyer n\u00eb nj\u00eb njeri halu\u00e7ionant, si Enveri, q\u00eb sheh armiq nga t\u00eb gjitha [&hellip;]<\/p>\n","protected":false},"author":1,"featured_media":0,"comment_status":"open","ping_status":"closed","sticky":false,"template":"","format":"standard","meta":{"footnotes":""},"categories":[2],"tags":[],"class_list":{"0":"post-12056","1":"post","2":"type-post","3":"status-publish","4":"format-standard","6":"category-artikuj"},"yoast_head":"<!-- This site is optimized with the Yoast SEO plugin v27.4 - https:\/\/yoast.com\/product\/yoast-seo-wordpress\/ -->\n<title>Biberaj: 21 janari, krim shtet\u00ebror. Berisha, si Enveri n\u00eb agonin\u00eb e vet, q\u00eb fliste p\u00ebr\u00e7art - FjALA e LIR\u00cb - Arkivi<\/title>\n<meta name=\"robots\" content=\"index, follow, max-snippet:-1, max-image-preview:large, max-video-preview:-1\" \/>\n<link rel=\"canonical\" href=\"https:\/\/fjala.info\/2009-2015\/biberaj-21-janari-krim-shteteror-berisha-si-enveri-ne-agonine-e-vet-qe-fliste-percart\/\" \/>\n<meta property=\"og:locale\" content=\"sq_AL\" \/>\n<meta property=\"og:type\" content=\"article\" \/>\n<meta property=\"og:title\" content=\"Biberaj: 21 janari, krim shtet\u00ebror. Berisha, si Enveri n\u00eb agonin\u00eb e vet, q\u00eb fliste p\u00ebr\u00e7art - FjALA e LIR\u00cb - Arkivi\" \/>\n<meta property=\"og:description\" content=\"TemA Online, 27 Gusht 2012 Nj\u00eb nga iniciuesit e partis\u00eb m\u00eb t\u00eb re n\u00eb vend, FRD, e cila identifikohet me ish-presidentin Topi, Aleksand\u00ebr Biberaj, vrasjet e 21 janarit i ka konsideruar si nj\u00eb krim shtet\u00ebror. Ai ka th\u00ebn\u00eb se kryeministri Berisha \u00ebsht\u00eb kthyer n\u00eb nj\u00eb njeri halu\u00e7ionant, si Enveri, q\u00eb sheh armiq nga t\u00eb gjitha [&hellip;]\" \/>\n<meta property=\"og:url\" content=\"https:\/\/fjala.info\/2009-2015\/biberaj-21-janari-krim-shteteror-berisha-si-enveri-ne-agonine-e-vet-qe-fliste-percart\/\" \/>\n<meta property=\"og:site_name\" content=\"FjALA e LIR\u00cb - Arkivi\" \/>\n<meta property=\"article:published_time\" content=\"2012-08-27T19:27:20+00:00\" \/>\n<meta property=\"og:image\" content=\"http:\/\/www.fjala.info\/2012\/aleksander_biberaj.jpg\" \/>\n<meta name=\"author\" content=\"admin\" \/>\n<meta name=\"twitter:card\" content=\"summary_large_image\" \/>\n<meta name=\"twitter:label1\" content=\"Written by\" \/>\n\t<meta name=\"twitter:data1\" content=\"admin\" \/>\n\t<meta name=\"twitter:label2\" content=\"Est. reading time\" \/>\n\t<meta name=\"twitter:data2\" content=\"4 minutes\" \/>\n<script type=\"application\/ld+json\" class=\"yoast-schema-graph\">{\"@context\":\"https:\\\/\\\/schema.org\",\"@graph\":[{\"@type\":\"Article\",\"@id\":\"https:\\\/\\\/fjala.info\\\/2009-2015\\\/biberaj-21-janari-krim-shteteror-berisha-si-enveri-ne-agonine-e-vet-qe-fliste-percart\\\/#article\",\"isPartOf\":{\"@id\":\"https:\\\/\\\/fjala.info\\\/2009-2015\\\/biberaj-21-janari-krim-shteteror-berisha-si-enveri-ne-agonine-e-vet-qe-fliste-percart\\\/\"},\"author\":{\"name\":\"admin\",\"@id\":\"https:\\\/\\\/fjala.info\\\/2009-2015\\\/#\\\/schema\\\/person\\\/3aa1163ef05469c496fc94e77611ada2\"},\"headline\":\"Biberaj: 21 janari, krim shtet\u00ebror. Berisha, si Enveri n\u00eb agonin\u00eb e vet, q\u00eb fliste p\u00ebr\u00e7art\",\"datePublished\":\"2012-08-27T19:27:20+00:00\",\"mainEntityOfPage\":{\"@id\":\"https:\\\/\\\/fjala.info\\\/2009-2015\\\/biberaj-21-janari-krim-shteteror-berisha-si-enveri-ne-agonine-e-vet-qe-fliste-percart\\\/\"},\"wordCount\":775,\"commentCount\":0,\"publisher\":{\"@id\":\"https:\\\/\\\/fjala.info\\\/2009-2015\\\/#organization\"},\"image\":{\"@id\":\"https:\\\/\\\/fjala.info\\\/2009-2015\\\/biberaj-21-janari-krim-shteteror-berisha-si-enveri-ne-agonine-e-vet-qe-fliste-percart\\\/#primaryimage\"},\"thumbnailUrl\":\"http:\\\/\\\/www.fjala.info\\\/2012\\\/aleksander_biberaj.jpg\",\"articleSection\":[\"Artikuj\"],\"inLanguage\":\"sq-AL\",\"potentialAction\":[{\"@type\":\"CommentAction\",\"name\":\"Comment\",\"target\":[\"https:\\\/\\\/fjala.info\\\/2009-2015\\\/biberaj-21-janari-krim-shteteror-berisha-si-enveri-ne-agonine-e-vet-qe-fliste-percart\\\/#respond\"]}]},{\"@type\":\"WebPage\",\"@id\":\"https:\\\/\\\/fjala.info\\\/2009-2015\\\/biberaj-21-janari-krim-shteteror-berisha-si-enveri-ne-agonine-e-vet-qe-fliste-percart\\\/\",\"url\":\"https:\\\/\\\/fjala.info\\\/2009-2015\\\/biberaj-21-janari-krim-shteteror-berisha-si-enveri-ne-agonine-e-vet-qe-fliste-percart\\\/\",\"name\":\"Biberaj: 21 janari, krim shtet\u00ebror. Berisha, si Enveri n\u00eb agonin\u00eb e vet, q\u00eb fliste p\u00ebr\u00e7art - FjALA e LIR\u00cb - Arkivi\",\"isPartOf\":{\"@id\":\"https:\\\/\\\/fjala.info\\\/2009-2015\\\/#website\"},\"primaryImageOfPage\":{\"@id\":\"https:\\\/\\\/fjala.info\\\/2009-2015\\\/biberaj-21-janari-krim-shteteror-berisha-si-enveri-ne-agonine-e-vet-qe-fliste-percart\\\/#primaryimage\"},\"image\":{\"@id\":\"https:\\\/\\\/fjala.info\\\/2009-2015\\\/biberaj-21-janari-krim-shteteror-berisha-si-enveri-ne-agonine-e-vet-qe-fliste-percart\\\/#primaryimage\"},\"thumbnailUrl\":\"http:\\\/\\\/www.fjala.info\\\/2012\\\/aleksander_biberaj.jpg\",\"datePublished\":\"2012-08-27T19:27:20+00:00\",\"breadcrumb\":{\"@id\":\"https:\\\/\\\/fjala.info\\\/2009-2015\\\/biberaj-21-janari-krim-shteteror-berisha-si-enveri-ne-agonine-e-vet-qe-fliste-percart\\\/#breadcrumb\"},\"inLanguage\":\"sq-AL\",\"potentialAction\":[{\"@type\":\"ReadAction\",\"target\":[\"https:\\\/\\\/fjala.info\\\/2009-2015\\\/biberaj-21-janari-krim-shteteror-berisha-si-enveri-ne-agonine-e-vet-qe-fliste-percart\\\/\"]}]},{\"@type\":\"ImageObject\",\"inLanguage\":\"sq-AL\",\"@id\":\"https:\\\/\\\/fjala.info\\\/2009-2015\\\/biberaj-21-janari-krim-shteteror-berisha-si-enveri-ne-agonine-e-vet-qe-fliste-percart\\\/#primaryimage\",\"url\":\"http:\\\/\\\/www.fjala.info\\\/2012\\\/aleksander_biberaj.jpg\",\"contentUrl\":\"http:\\\/\\\/www.fjala.info\\\/2012\\\/aleksander_biberaj.jpg\"},{\"@type\":\"BreadcrumbList\",\"@id\":\"https:\\\/\\\/fjala.info\\\/2009-2015\\\/biberaj-21-janari-krim-shteteror-berisha-si-enveri-ne-agonine-e-vet-qe-fliste-percart\\\/#breadcrumb\",\"itemListElement\":[{\"@type\":\"ListItem\",\"position\":1,\"name\":\"Home\",\"item\":\"https:\\\/\\\/fjala.info\\\/2009-2015\\\/\"},{\"@type\":\"ListItem\",\"position\":2,\"name\":\"Biberaj: 21 janari, krim shtet\u00ebror. Berisha, si Enveri n\u00eb agonin\u00eb e vet, q\u00eb fliste p\u00ebr\u00e7art\"}]},{\"@type\":\"WebSite\",\"@id\":\"https:\\\/\\\/fjala.info\\\/2009-2015\\\/#website\",\"url\":\"https:\\\/\\\/fjala.info\\\/2009-2015\\\/\",\"name\":\"FjALA e LIR\u00cb - Arkivi\",\"description\":\"Arkivi 2009-2015\",\"publisher\":{\"@id\":\"https:\\\/\\\/fjala.info\\\/2009-2015\\\/#organization\"},\"potentialAction\":[{\"@type\":\"SearchAction\",\"target\":{\"@type\":\"EntryPoint\",\"urlTemplate\":\"https:\\\/\\\/fjala.info\\\/2009-2015\\\/?s={search_term_string}\"},\"query-input\":{\"@type\":\"PropertyValueSpecification\",\"valueRequired\":true,\"valueName\":\"search_term_string\"}}],\"inLanguage\":\"sq-AL\"},{\"@type\":\"Organization\",\"@id\":\"https:\\\/\\\/fjala.info\\\/2009-2015\\\/#organization\",\"name\":\"FjALA e LIR\u00cb - Arkivi\",\"url\":\"https:\\\/\\\/fjala.info\\\/2009-2015\\\/\",\"logo\":{\"@type\":\"ImageObject\",\"inLanguage\":\"sq-AL\",\"@id\":\"https:\\\/\\\/fjala.info\\\/2009-2015\\\/#\\\/schema\\\/logo\\\/image\\\/\",\"url\":\"\",\"contentUrl\":\"\",\"caption\":\"FjALA e LIR\u00cb - Arkivi\"},\"image\":{\"@id\":\"https:\\\/\\\/fjala.info\\\/2009-2015\\\/#\\\/schema\\\/logo\\\/image\\\/\"}},{\"@type\":\"Person\",\"@id\":\"https:\\\/\\\/fjala.info\\\/2009-2015\\\/#\\\/schema\\\/person\\\/3aa1163ef05469c496fc94e77611ada2\",\"name\":\"admin\",\"image\":{\"@type\":\"ImageObject\",\"inLanguage\":\"sq-AL\",\"@id\":\"https:\\\/\\\/fjala.info\\\/2009-2015\\\/wp-content\\\/uploads\\\/2012\\\/02\\\/arben_cokaj-120x150.jpg\",\"url\":\"https:\\\/\\\/fjala.info\\\/2009-2015\\\/wp-content\\\/uploads\\\/2012\\\/02\\\/arben_cokaj-120x150.jpg\",\"contentUrl\":\"https:\\\/\\\/fjala.info\\\/2009-2015\\\/wp-content\\\/uploads\\\/2012\\\/02\\\/arben_cokaj-120x150.jpg\",\"caption\":\"admin\"},\"description\":\"Admin, Fjala e Lir\u00eb\",\"sameAs\":[\"https:\\\/\\\/fjala.info\\\/\"],\"url\":\"https:\\\/\\\/fjala.info\\\/2009-2015\\\/author\\\/admin\\\/\"}]}<\/script>\n<!-- \/ Yoast SEO plugin. -->","yoast_head_json":{"title":"Biberaj: 21 janari, krim shtet\u00ebror. Berisha, si Enveri n\u00eb agonin\u00eb e vet, q\u00eb fliste p\u00ebr\u00e7art - FjALA e LIR\u00cb - Arkivi","robots":{"index":"index","follow":"follow","max-snippet":"max-snippet:-1","max-image-preview":"max-image-preview:large","max-video-preview":"max-video-preview:-1"},"canonical":"https:\/\/fjala.info\/2009-2015\/biberaj-21-janari-krim-shteteror-berisha-si-enveri-ne-agonine-e-vet-qe-fliste-percart\/","og_locale":"sq_AL","og_type":"article","og_title":"Biberaj: 21 janari, krim shtet\u00ebror. Berisha, si Enveri n\u00eb agonin\u00eb e vet, q\u00eb fliste p\u00ebr\u00e7art - FjALA e LIR\u00cb - Arkivi","og_description":"TemA Online, 27 Gusht 2012 Nj\u00eb nga iniciuesit e partis\u00eb m\u00eb t\u00eb re n\u00eb vend, FRD, e cila identifikohet me ish-presidentin Topi, Aleksand\u00ebr Biberaj, vrasjet e 21 janarit i ka konsideruar si nj\u00eb krim shtet\u00ebror. Ai ka th\u00ebn\u00eb se kryeministri Berisha \u00ebsht\u00eb kthyer n\u00eb nj\u00eb njeri halu\u00e7ionant, si Enveri, q\u00eb sheh armiq nga t\u00eb gjitha [&hellip;]","og_url":"https:\/\/fjala.info\/2009-2015\/biberaj-21-janari-krim-shteteror-berisha-si-enveri-ne-agonine-e-vet-qe-fliste-percart\/","og_site_name":"FjALA e LIR\u00cb - Arkivi","article_published_time":"2012-08-27T19:27:20+00:00","og_image":[{"url":"http:\/\/www.fjala.info\/2012\/aleksander_biberaj.jpg","type":"","width":"","height":""}],"author":"admin","twitter_card":"summary_large_image","twitter_misc":{"Written by":"admin","Est. reading time":"4 minutes"},"schema":{"@context":"https:\/\/schema.org","@graph":[{"@type":"Article","@id":"https:\/\/fjala.info\/2009-2015\/biberaj-21-janari-krim-shteteror-berisha-si-enveri-ne-agonine-e-vet-qe-fliste-percart\/#article","isPartOf":{"@id":"https:\/\/fjala.info\/2009-2015\/biberaj-21-janari-krim-shteteror-berisha-si-enveri-ne-agonine-e-vet-qe-fliste-percart\/"},"author":{"name":"admin","@id":"https:\/\/fjala.info\/2009-2015\/#\/schema\/person\/3aa1163ef05469c496fc94e77611ada2"},"headline":"Biberaj: 21 janari, krim shtet\u00ebror. Berisha, si Enveri n\u00eb agonin\u00eb e vet, q\u00eb fliste p\u00ebr\u00e7art","datePublished":"2012-08-27T19:27:20+00:00","mainEntityOfPage":{"@id":"https:\/\/fjala.info\/2009-2015\/biberaj-21-janari-krim-shteteror-berisha-si-enveri-ne-agonine-e-vet-qe-fliste-percart\/"},"wordCount":775,"commentCount":0,"publisher":{"@id":"https:\/\/fjala.info\/2009-2015\/#organization"},"image":{"@id":"https:\/\/fjala.info\/2009-2015\/biberaj-21-janari-krim-shteteror-berisha-si-enveri-ne-agonine-e-vet-qe-fliste-percart\/#primaryimage"},"thumbnailUrl":"http:\/\/www.fjala.info\/2012\/aleksander_biberaj.jpg","articleSection":["Artikuj"],"inLanguage":"sq-AL","potentialAction":[{"@type":"CommentAction","name":"Comment","target":["https:\/\/fjala.info\/2009-2015\/biberaj-21-janari-krim-shteteror-berisha-si-enveri-ne-agonine-e-vet-qe-fliste-percart\/#respond"]}]},{"@type":"WebPage","@id":"https:\/\/fjala.info\/2009-2015\/biberaj-21-janari-krim-shteteror-berisha-si-enveri-ne-agonine-e-vet-qe-fliste-percart\/","url":"https:\/\/fjala.info\/2009-2015\/biberaj-21-janari-krim-shteteror-berisha-si-enveri-ne-agonine-e-vet-qe-fliste-percart\/","name":"Biberaj: 21 janari, krim shtet\u00ebror. Berisha, si Enveri n\u00eb agonin\u00eb e vet, q\u00eb fliste p\u00ebr\u00e7art - FjALA e LIR\u00cb - Arkivi","isPartOf":{"@id":"https:\/\/fjala.info\/2009-2015\/#website"},"primaryImageOfPage":{"@id":"https:\/\/fjala.info\/2009-2015\/biberaj-21-janari-krim-shteteror-berisha-si-enveri-ne-agonine-e-vet-qe-fliste-percart\/#primaryimage"},"image":{"@id":"https:\/\/fjala.info\/2009-2015\/biberaj-21-janari-krim-shteteror-berisha-si-enveri-ne-agonine-e-vet-qe-fliste-percart\/#primaryimage"},"thumbnailUrl":"http:\/\/www.fjala.info\/2012\/aleksander_biberaj.jpg","datePublished":"2012-08-27T19:27:20+00:00","breadcrumb":{"@id":"https:\/\/fjala.info\/2009-2015\/biberaj-21-janari-krim-shteteror-berisha-si-enveri-ne-agonine-e-vet-qe-fliste-percart\/#breadcrumb"},"inLanguage":"sq-AL","potentialAction":[{"@type":"ReadAction","target":["https:\/\/fjala.info\/2009-2015\/biberaj-21-janari-krim-shteteror-berisha-si-enveri-ne-agonine-e-vet-qe-fliste-percart\/"]}]},{"@type":"ImageObject","inLanguage":"sq-AL","@id":"https:\/\/fjala.info\/2009-2015\/biberaj-21-janari-krim-shteteror-berisha-si-enveri-ne-agonine-e-vet-qe-fliste-percart\/#primaryimage","url":"http:\/\/www.fjala.info\/2012\/aleksander_biberaj.jpg","contentUrl":"http:\/\/www.fjala.info\/2012\/aleksander_biberaj.jpg"},{"@type":"BreadcrumbList","@id":"https:\/\/fjala.info\/2009-2015\/biberaj-21-janari-krim-shteteror-berisha-si-enveri-ne-agonine-e-vet-qe-fliste-percart\/#breadcrumb","itemListElement":[{"@type":"ListItem","position":1,"name":"Home","item":"https:\/\/fjala.info\/2009-2015\/"},{"@type":"ListItem","position":2,"name":"Biberaj: 21 janari, krim shtet\u00ebror. Berisha, si Enveri n\u00eb agonin\u00eb e vet, q\u00eb fliste p\u00ebr\u00e7art"}]},{"@type":"WebSite","@id":"https:\/\/fjala.info\/2009-2015\/#website","url":"https:\/\/fjala.info\/2009-2015\/","name":"FjALA e LIR\u00cb - Arkivi","description":"Arkivi 2009-2015","publisher":{"@id":"https:\/\/fjala.info\/2009-2015\/#organization"},"potentialAction":[{"@type":"SearchAction","target":{"@type":"EntryPoint","urlTemplate":"https:\/\/fjala.info\/2009-2015\/?s={search_term_string}"},"query-input":{"@type":"PropertyValueSpecification","valueRequired":true,"valueName":"search_term_string"}}],"inLanguage":"sq-AL"},{"@type":"Organization","@id":"https:\/\/fjala.info\/2009-2015\/#organization","name":"FjALA e LIR\u00cb - Arkivi","url":"https:\/\/fjala.info\/2009-2015\/","logo":{"@type":"ImageObject","inLanguage":"sq-AL","@id":"https:\/\/fjala.info\/2009-2015\/#\/schema\/logo\/image\/","url":"","contentUrl":"","caption":"FjALA e LIR\u00cb - Arkivi"},"image":{"@id":"https:\/\/fjala.info\/2009-2015\/#\/schema\/logo\/image\/"}},{"@type":"Person","@id":"https:\/\/fjala.info\/2009-2015\/#\/schema\/person\/3aa1163ef05469c496fc94e77611ada2","name":"admin","image":{"@type":"ImageObject","inLanguage":"sq-AL","@id":"https:\/\/fjala.info\/2009-2015\/wp-content\/uploads\/2012\/02\/arben_cokaj-120x150.jpg","url":"https:\/\/fjala.info\/2009-2015\/wp-content\/uploads\/2012\/02\/arben_cokaj-120x150.jpg","contentUrl":"https:\/\/fjala.info\/2009-2015\/wp-content\/uploads\/2012\/02\/arben_cokaj-120x150.jpg","caption":"admin"},"description":"Admin, Fjala e Lir\u00eb","sameAs":["https:\/\/fjala.info\/"],"url":"https:\/\/fjala.info\/2009-2015\/author\/admin\/"}]}},"_links":{"self":[{"href":"https:\/\/fjala.info\/2009-2015\/wp-json\/wp\/v2\/posts\/12056","targetHints":{"allow":["GET"]}}],"collection":[{"href":"https:\/\/fjala.info\/2009-2015\/wp-json\/wp\/v2\/posts"}],"about":[{"href":"https:\/\/fjala.info\/2009-2015\/wp-json\/wp\/v2\/types\/post"}],"author":[{"embeddable":true,"href":"https:\/\/fjala.info\/2009-2015\/wp-json\/wp\/v2\/users\/1"}],"replies":[{"embeddable":true,"href":"https:\/\/fjala.info\/2009-2015\/wp-json\/wp\/v2\/comments?post=12056"}],"version-history":[{"count":0,"href":"https:\/\/fjala.info\/2009-2015\/wp-json\/wp\/v2\/posts\/12056\/revisions"}],"wp:attachment":[{"href":"https:\/\/fjala.info\/2009-2015\/wp-json\/wp\/v2\/media?parent=12056"}],"wp:term":[{"taxonomy":"category","embeddable":true,"href":"https:\/\/fjala.info\/2009-2015\/wp-json\/wp\/v2\/categories?post=12056"},{"taxonomy":"post_tag","embeddable":true,"href":"https:\/\/fjala.info\/2009-2015\/wp-json\/wp\/v2\/tags?post=12056"}],"curies":[{"name":"wp","href":"https:\/\/api.w.org\/{rel}","templated":true}]}}