{"id":12055,"date":"2012-08-27T09:59:17","date_gmt":"2012-08-27T08:59:17","guid":{"rendered":"http:\/\/www.fjala.info\/?p=4711"},"modified":"2012-08-27T09:59:17","modified_gmt":"2012-08-27T08:59:17","slug":"rosela-gjylbegu-nje-kengetare-ne-kuvend","status":"publish","type":"post","link":"https:\/\/fjala.info\/2009-2015\/rosela-gjylbegu-nje-kengetare-ne-kuvend\/","title":{"rendered":"Rosela Gjylbegu, nj\u00eb k\u00ebng\u00ebtare n\u00eb Kuvend"},"content":{"rendered":"<p><img decoding=\"async\" class=\"alignright size-thumbnail wp-image-7236\" title=\"Rosela Gjylbegu\" src=\"http:\/\/www.fjala.info\/2012\/rosela_gjylbegu.jpg\" alt=\"\" width=\"300\" \/> <strong>Emanuela Sako<\/strong>, <em>25.08.2012<\/em><\/p>\n<p>Rosel\u00ebn e kontaktojm\u00eb n\u00eb dit\u00eb pushimesh, n\u00eb plazhin e Velipoj\u00ebs. \u201cDoja t\u00eb shk\u00ebputesha p\u00ebr pak pushim, ka qen\u00eb nj\u00eb ver\u00eb e ngarkuar dhe shum\u00eb e nxeht\u00eb, kisha kaq shum\u00eb nevoj\u00eb p\u00ebr pak koh\u00eb p\u00ebr veten\u201d, &#8211; thot\u00eb Rosela gjat\u00eb bised\u00ebs. Pun\u00eb n\u00eb administrat\u00ebn e Kuvendit (ajo mbulon \u00e7\u00ebshtjet e barazis\u00eb gjinore n\u00eb zyr\u00ebn e Marr\u00ebdh\u00ebnieve me Publikun pran\u00eb kreut t\u00eb Kuvendit, Topalli), por edhe koncerte. A b\u00ebhen t\u00eb dyja? \u201cT\u00eb them t\u00eb drejt\u00ebn u b\u00ebn\u00eb vite q\u00eb dit\u00ebt i kam t\u00eb ngarkuara. Edhe kur dua t\u00eb pushoj s\u2019rri dot pa i gjetur pun\u00eb vetes\u201d, &#8211; qesh Rosela. P\u00ebrpiqem shum\u00eb q\u00eb ndonj\u00eb fundjav\u00eb tek- tuk t\u00eb shkeputem p\u00ebr pak e t\u00eb pushoj me miqt\u00eb e mi m\u00eb t\u00eb ngusht\u00eb\u201d.<\/p>\n<p><strong>Rosela, si \u00ebsht\u00eb nj\u00eb dit\u00eb e zakonshme e nj\u00eb personi q\u00eb njihet si artiste, por i duhet t\u00eb jet\u00eb edhe n\u00ebpun\u00ebse e administrat\u00ebs, e Kuvendit konkretisht? <\/strong><\/p>\n<p>Nj\u00eb dit\u00eb e imja\u2026 shum\u00eb dinamike dhe m\u00eb duhet t\u00eb zgjohem shum\u00eb her\u00ebt. U b\u00ebn\u00eb 4 vite tashm\u00eb q\u00eb kam edhe pun\u00ebn zyrtare. Kur mbaroj shkoj n\u00eb sht\u00ebpi, pushoj pak, pastaj palest\u00ebr, ose thjesht ecje t\u00eb gjat\u00eb m\u00eb k\u00ebmb\u00eb, ndonj\u00eb kafe me miq, por vet\u00ebm kur mundem, kur jam e lir\u00eb. Kjo \u00ebsht\u00eb dita e zakonshme, nd\u00ebrsa n\u00eb periudha aktivitetesh, m\u00eb duhet t\u00eb shkoj nga puna n\u00eb pun\u00eb, gjith\u00e7ka n\u00eb l\u00ebvizje. N\u00ebse kam koh\u00eb t\u00eb lir\u00eb m\u00eb p\u00eblqen teatri dhe kinemaja ose lexoj ndonj\u00eb liber. Besoj tani jam m\u00ebsuar me ngarkes\u00ebn, \u00ebsht\u00eb b\u00ebr\u00eb di\u00e7ka normale.<\/p>\n<p><strong>T\u00eb punosh n\u00eb Kuvendin e Shqip\u00ebris\u00eb duket pak si larg ambicjeve artistike, apo jo?<\/strong><\/p>\n<p>Un\u00eb mund t\u00eb them vet\u00ebm q\u00eb jam me shum\u00eb fat q\u00eb punoj n\u00eb nj\u00eb institucion t\u00eb lart\u00eb me nj\u00eb staf shum\u00eb dashamir\u00ebs. Nj\u00eb eksperienc\u00eb nga e cila kam m\u00ebsuar shum\u00eb dhe, q\u00eb t\u00eb vijm\u00eb tek pyetja juaj, m\u00eb le mund\u00ebsin\u00eb ta alternoj me pasionin tim m\u00eb t\u00eb madh, muzik\u00ebn&#8230;<\/p>\n<p><strong>Dmth, n\u00ebse ju rijepet mund\u00ebsia, do donit ta vazhdonit k\u00ebt\u00eb pun\u00eb af\u00ebr politik\u00ebs dhe af\u00ebr politikan\u00ebve\u2026<\/strong><\/p>\n<p>Asnj\u00ebher\u00eb s\u2019i dihet, por mund t\u2019ju them si e shoh veten n\u00eb t\u00eb ardhmen. Profili q\u00eb do d\u00ebshiroja \u00ebsht\u00eb i lidhur me \u00e7\u00ebshtejet sociale. Dua t\u00eb jap kontributin tim (e kam fjal\u00ebn si imazh publik) n\u00eb ndihm\u00eb t\u00eb njer\u00ebzve n\u00eb nevoje. Qendrat sociale p\u00ebr f\u00ebmij\u00ebt e braktisur p\u00ebr shembull, p\u00ebr grat\u00eb e dhunuara p\u00ebr pleqt\u00eb e s\u00ebmur\u00eb, jan\u00eb nj\u00eb projekt q\u00eb m\u00eb atrakton. Ky \u00ebsht\u00eb edhe profesioni im ku jam formuar e shkolluar. Jan\u00eb vite t\u00eb t\u00ebra. Un\u00eb mendoj q\u00eb njeriu nuk k\u00ebnaqet asnj\u00ebher\u00eb dhe sa m\u00eb shum\u00eb arrin aq m\u00eb shum\u00eb k\u00ebrkon nga vetja. Un\u00eb mund t\u00eb them q\u00eb jam vet\u00ebm n\u00eb fillimet e nj\u00eb rruge t\u00eb gjat\u00eb<\/p>\n<p><strong>Si ndihesh kur d\u00ebgjon thashetheme p\u00ebr veten?<\/strong><\/p>\n<p>Jam p\u00ebrpjekur t\u2019u rri larg thashethemeve&#8230; Nuk do doja t\u00eb p\u00ebrmendja ndonj\u00eb rast konkret, por ajo q\u00eb m\u00eb bezdis m\u00eb shum\u00eb jan\u00eb gj\u00ebrat e sajuara t\u00eb pav\u00ebrteta, jan\u00eb shum\u00eb t\u00eb ulta dhe jam e bindur q\u00eb p\u00ebr k\u00ebdo jan\u00eb t\u00eb pap\u00eblqyeshme. Megjithat\u00eb p\u00ebr ne q\u00eb kemi edhe nj\u00eb profil publik nuk i shp\u00ebtojm\u00eb dot k\u00ebsaj pjese. Un\u00eb p\u00ebrpiqem t\u00eb jem e kujdesshme dhe them se kush m\u00eb njeh mir\u00eb e di se kush jam. T\u00eb tjer\u00ebt\u2026 P\u00ebr t\u00eb tjer\u00ebt do t\u00eb m\u00eb vinte keq n\u00ebse do t\u00eb ndikoheshin nga gj\u00ebra t\u00eb pav\u00ebrteta, por gjithsesi le t\u00eb mendojn\u00eb si t\u00eb duan.<\/p>\n<p><strong>P\u00ebr dashurin\u00eb dhe &#8220;koleget seksi\u201d? \u201cKoha do vendos\u00eb, por nj\u00eb k\u00ebng\u00ebtare nuk \u00ebsht\u00eb nj\u00eb \u2026modele!\u201d<\/strong><\/p>\n<p>\u201cFal\u00eb Zotit, sot \u00e7dokush b\u00ebn at\u00eb q\u00eb d\u00ebshiron dhe \u00e7dokush p\u00eblqen at\u00eb q\u00eb i p\u00ebrshtatet shijeve t\u00eb veta. Koleg\u00ebt e mi kan\u00eb b\u00ebr\u00eb zgjedhjet e veta. Por un\u00eb nuk jam modele t\u00eb pretendoj t\u00eb p\u00eblqehem si e till\u00eb\u201d, &#8211; thot\u00eb Rosela p\u00ebr ato q\u00eb suksesin skenik e mb\u00ebshtesin jo tek aft\u00ebsit\u00eb artistike, por te provokimet e turmave dhe pamja.<\/p>\n<p><strong>Rosela, po jeta private? Nuk flisni asnj\u00ebher\u00eb p\u00ebr statusin tuaj\u2026 \u00cbsht\u00eb e dashuruar Rosela?<\/strong><\/p>\n<p>Kur t\u00eb vij\u00eb momenti edhe un\u00eb do jem shum\u00eb e hapur p\u00ebr t\u00eb folur rreth k\u00ebsaj gj\u00ebje (qesh).<\/p>\n<p><strong>Sa r\u00ebnd\u00ebsi ka pamja fizike, garderoba dhe detaje tjera p\u00ebr nj\u00eb vajz\u00eb q\u00eb d\u00ebshiron sukses, status social etj?<\/strong><\/p>\n<p>Zot\u00ebsia \u00ebsht\u00eb t\u00eb jesh sa m\u00eb praktike dhe e thjesht\u00eb, t\u2019i p\u00ebrshtatesh ambientit e situat\u00ebs pa u sforcuar. Un\u00eb i kushtoj r\u00ebnd\u00ebsin\u00eb e duhur k\u00ebsaj \u00e7\u00ebshtje. Megjithat\u00eb nuk \u00ebsht\u00eb di\u00e7ka primare, nuk \u00ebsht\u00eb n\u00eb vend t\u00eb par\u00eb p\u00ebr nga r\u00ebnd\u00ebsia.<\/p>\n<p><strong>Nj\u00eb pyetje q\u00eb e b\u00ebjm\u00eb shpesh p\u00ebr personazhet tona t\u00eb Fundjav\u00ebs\u2026 Ka shum\u00eb vajza t\u00eb sken\u00ebs q\u00eb b\u00ebjn\u00eb k\u00ebng\u00ebtaren, por m\u00eb shum\u00eb brohoriten p\u00ebr veshjen apo pamjen seksi, apo provokuese\u2026 Pra, pak muzik\u00eb, aspak tekst, pak art me nj\u00eb fjal\u00eb, por edhe pak rroba n\u00eb trup\u2026 Dhe jo rrall\u00eb duatrokiten. \u00cbsht\u00eb dakord Rosela me k\u00ebt\u00eb model?<\/strong><\/p>\n<p>Shiko, gjith\u00ebsecili ka individualitetin e vet. Fal\u00eb Zotit, sot \u00e7dokush b\u00ebn at\u00eb q\u00eb d\u00ebshiron dhe \u00e7dokush p\u00eblqen at\u00eb q\u00eb i p\u00ebrshtatet shijeve t\u00eb veta. Koleg\u00ebt e mi kan\u00eb b\u00ebr\u00eb zgjedhjet e veta. P\u00ebr mua m\u00eb r\u00ebnd\u00ebsi \u00ebsht\u00eb q\u00eb t\u00eb p\u00eblqehem, e t\u00eb vler\u00ebsohem p\u00ebr z\u00ebrin, p\u00ebr emocionin dhe sinqeritetin, edhe p\u00ebr m\u00ebnyr\u00ebn se si un\u00eb flas e p\u00ebr\u00e7oj mesazhe tek publiku. Sigurisht edhe p\u00ebr pamjen time, por un\u00eb nuk jam modele t\u00eb pretendoj t\u00eb p\u00eblqehem si e till\u00eb. Pamja \u00ebsht\u00eb nj\u00eb element i r\u00ebnd\u00ebsish\u00ebm i bot\u00ebs s\u00eb artit, por jo m\u00eb e r\u00ebnd\u00ebsishmja. Jan\u00eb nj\u00eb kompleks gj\u00ebrash q\u00eb plot\u00ebsojn\u00eb nj\u00eb artist. Ju keni t\u00eb drejt\u00eb n\u00eb v\u00ebzhgimin tuaj, por ca gj\u00ebra k\u00ebrkojn\u00eb koh\u00ebn e vet. Koha do na tregoj\u00eb se kush do t\u2019i rezistoj\u00eb gjat\u00eb tregut dhe simpatis\u00eb se publikut.<\/p>\n<p><strong>Ekziston zili n\u00eb ambientet shqiptare t\u00eb artit? Nga ajo e liga e kemi fjal\u00ebn\u2026<\/strong><\/p>\n<p>S\u2019do e quaja zili, por ego. Egoja n\u00eb ambientet tona sigurisht q\u00eb ekziston. \u00cbsht\u00eb e d\u00ebmshme kur ka nota negative. Por n\u00ebse \u00ebsht\u00eb ego profesionale nuk p\u00ebrb\u00ebn problem, p\u00ebrkundrazi ndihmon ecjen p\u00ebrpara. Konkurrenca sh\u00ebrben p\u00ebr t\u00eb rritur k\u00ebrkesat ndaj vetes e p\u00ebr t\u00eb punuar fort, jo p\u00ebr ndonj\u00eb gj\u00eb tjet\u00ebr.<\/p>\n<p><strong>Si ia b\u00ebn n\u00eb nj\u00eb situat\u00eb konflikti\u2026 Vet\u00eb jeni konfliktuar ndonj\u00ebher\u00eb me ndonj\u00eb koleg k\u00ebng\u00ebtar?<\/strong><\/p>\n<p>Nuk jam natyr\u00eb q\u00eb krijoj sherr ndaj ruaj qet\u00ebsin\u00eb. Edhe n\u00ebse ka pasur di\u00e7ka q\u00eb nuk shkonte, un\u00eb e kam l\u00ebn\u00eb t\u00eb kaloj\u00eb p\u00ebr t\u00eb evituar situata t\u00eb tjera t\u00eb panevojshme. Me shum\u00eb thjesht\u00ebsi, p\u00ebrpiqem t\u00eb jem paq\u00ebsore n\u00eb \u00e7do moment. N\u00ebse ka di\u00e7ka q\u00eb s\u2019shkon i k\u00ebrkoj personit t\u2019a sqarojm\u00eb individualisht duke pir\u00eb nj\u00eb kafe t\u00eb qet\u00eb, pa nerva si\u00e7 duhet t\u00eb ndodh\u00eb normalisht mes dy njer\u00ebzve t\u00eb rritur.<\/p>\n<p><strong>Rosela n\u00eb kuzhin\u00eb?<\/strong><\/p>\n<p>Nj\u00eb tjet\u00ebr fanse e peshkut n\u00eb<\/p>\n<p><strong>Kush gatuan n\u00eb familjen e Rosel\u00ebs?<\/strong><\/p>\n<p>Mami. Mami \u00ebsht\u00eb nj\u00eb amvis\u00eb e mir\u00eb. Ti vet\u00eb i afrohesh ndonj\u00ebher\u00eb kuzhin\u00ebs? Sigurisht, me shum\u00eb qejf. Por vet\u00ebm kur kam koh\u00eb. Cili \u00ebsht\u00eb ushqimi q\u00eb gatuan m\u00eb mir\u00eb? Ajo q\u00eb mund t\u00eb b\u00ebj m\u00eb mir\u00eb jan\u00eb pastat dhe rizotot&#8230; Ushqimi q\u00eb p\u00eblqen m\u00eb shum\u00eb? Brumrat, peshku, frutat e detit<\/p>\n<p><strong>Ushqimi q\u00eb nuk mund t\u00eb rrish dot nj\u00eb dit\u00eb pa e konsumuar?<\/strong><\/p>\n<p>Ahhh\u2026bulmeti, qumeshti, kosi etj.<\/p>\n<p><strong>Probleme me celulitin?<\/strong><\/p>\n<p>E kush nuk ka&#8230;<\/p>\n<p><strong>Regjimi ditor duhet t\u00eb jet\u00eb fiksim?<\/strong><\/p>\n<p>Fiksimi asnj\u00ebher\u00eb s\u2019\u00ebsht\u00eb gj\u00eb e mire, por rregjimi \u00ebsht\u00eb kultur\u00eb. Kujdesi p\u00ebr sh\u00ebndetin \u00ebsht\u00eb detyr\u00eb p\u00ebr veten dhe p\u00ebr t\u00eb tjer\u00ebt.<\/p>\n","protected":false},"excerpt":{"rendered":"<p>Emanuela Sako, 25.08.2012 Rosel\u00ebn e kontaktojm\u00eb n\u00eb dit\u00eb pushimesh, n\u00eb plazhin e Velipoj\u00ebs. \u201cDoja t\u00eb shk\u00ebputesha p\u00ebr pak pushim, ka qen\u00eb nj\u00eb ver\u00eb e ngarkuar dhe shum\u00eb e nxeht\u00eb, kisha kaq shum\u00eb nevoj\u00eb p\u00ebr pak koh\u00eb p\u00ebr veten\u201d, &#8211; thot\u00eb Rosela gjat\u00eb bised\u00ebs. Pun\u00eb n\u00eb administrat\u00ebn e Kuvendit (ajo mbulon \u00e7\u00ebshtjet e barazis\u00eb gjinore n\u00eb [&hellip;]<\/p>\n","protected":false},"author":1,"featured_media":0,"comment_status":"open","ping_status":"closed","sticky":false,"template":"","format":"standard","meta":{"footnotes":""},"categories":[2,4],"tags":[],"class_list":{"0":"post-12055","1":"post","2":"type-post","3":"status-publish","4":"format-standard","6":"category-artikuj","7":"category-intervista"},"yoast_head":"<!-- This site is optimized with the Yoast SEO plugin v27.4 - https:\/\/yoast.com\/product\/yoast-seo-wordpress\/ -->\n<title>Rosela Gjylbegu, nj\u00eb k\u00ebng\u00ebtare n\u00eb Kuvend - FjALA e LIR\u00cb - Arkivi<\/title>\n<meta name=\"robots\" content=\"index, follow, max-snippet:-1, max-image-preview:large, max-video-preview:-1\" \/>\n<link rel=\"canonical\" href=\"https:\/\/fjala.info\/2009-2015\/rosela-gjylbegu-nje-kengetare-ne-kuvend\/\" \/>\n<meta property=\"og:locale\" content=\"sq_AL\" \/>\n<meta property=\"og:type\" content=\"article\" \/>\n<meta property=\"og:title\" content=\"Rosela Gjylbegu, nj\u00eb k\u00ebng\u00ebtare n\u00eb Kuvend - FjALA e LIR\u00cb - Arkivi\" \/>\n<meta property=\"og:description\" content=\"Emanuela Sako, 25.08.2012 Rosel\u00ebn e kontaktojm\u00eb n\u00eb dit\u00eb pushimesh, n\u00eb plazhin e Velipoj\u00ebs. \u201cDoja t\u00eb shk\u00ebputesha p\u00ebr pak pushim, ka qen\u00eb nj\u00eb ver\u00eb e ngarkuar dhe shum\u00eb e nxeht\u00eb, kisha kaq shum\u00eb nevoj\u00eb p\u00ebr pak koh\u00eb p\u00ebr veten\u201d, &#8211; thot\u00eb Rosela gjat\u00eb bised\u00ebs. Pun\u00eb n\u00eb administrat\u00ebn e Kuvendit (ajo mbulon \u00e7\u00ebshtjet e barazis\u00eb gjinore n\u00eb [&hellip;]\" \/>\n<meta property=\"og:url\" content=\"https:\/\/fjala.info\/2009-2015\/rosela-gjylbegu-nje-kengetare-ne-kuvend\/\" \/>\n<meta property=\"og:site_name\" content=\"FjALA e LIR\u00cb - Arkivi\" \/>\n<meta property=\"article:published_time\" content=\"2012-08-27T08:59:17+00:00\" \/>\n<meta property=\"og:image\" content=\"http:\/\/www.fjala.info\/2012\/rosela_gjylbegu.jpg\" \/>\n<meta name=\"author\" content=\"admin\" \/>\n<meta name=\"twitter:card\" content=\"summary_large_image\" \/>\n<meta name=\"twitter:label1\" content=\"Written by\" \/>\n\t<meta name=\"twitter:data1\" content=\"admin\" \/>\n\t<meta name=\"twitter:label2\" content=\"Est. reading time\" \/>\n\t<meta name=\"twitter:data2\" content=\"7 minutes\" \/>\n<script type=\"application\/ld+json\" class=\"yoast-schema-graph\">{\"@context\":\"https:\\\/\\\/schema.org\",\"@graph\":[{\"@type\":\"Article\",\"@id\":\"https:\\\/\\\/fjala.info\\\/2009-2015\\\/rosela-gjylbegu-nje-kengetare-ne-kuvend\\\/#article\",\"isPartOf\":{\"@id\":\"https:\\\/\\\/fjala.info\\\/2009-2015\\\/rosela-gjylbegu-nje-kengetare-ne-kuvend\\\/\"},\"author\":{\"name\":\"admin\",\"@id\":\"https:\\\/\\\/fjala.info\\\/2009-2015\\\/#\\\/schema\\\/person\\\/3aa1163ef05469c496fc94e77611ada2\"},\"headline\":\"Rosela Gjylbegu, nj\u00eb k\u00ebng\u00ebtare n\u00eb Kuvend\",\"datePublished\":\"2012-08-27T08:59:17+00:00\",\"mainEntityOfPage\":{\"@id\":\"https:\\\/\\\/fjala.info\\\/2009-2015\\\/rosela-gjylbegu-nje-kengetare-ne-kuvend\\\/\"},\"wordCount\":1369,\"commentCount\":0,\"publisher\":{\"@id\":\"https:\\\/\\\/fjala.info\\\/2009-2015\\\/#organization\"},\"image\":{\"@id\":\"https:\\\/\\\/fjala.info\\\/2009-2015\\\/rosela-gjylbegu-nje-kengetare-ne-kuvend\\\/#primaryimage\"},\"thumbnailUrl\":\"http:\\\/\\\/www.fjala.info\\\/2012\\\/rosela_gjylbegu.jpg\",\"articleSection\":[\"Artikuj\",\"Intervista\"],\"inLanguage\":\"sq-AL\",\"potentialAction\":[{\"@type\":\"CommentAction\",\"name\":\"Comment\",\"target\":[\"https:\\\/\\\/fjala.info\\\/2009-2015\\\/rosela-gjylbegu-nje-kengetare-ne-kuvend\\\/#respond\"]}]},{\"@type\":\"WebPage\",\"@id\":\"https:\\\/\\\/fjala.info\\\/2009-2015\\\/rosela-gjylbegu-nje-kengetare-ne-kuvend\\\/\",\"url\":\"https:\\\/\\\/fjala.info\\\/2009-2015\\\/rosela-gjylbegu-nje-kengetare-ne-kuvend\\\/\",\"name\":\"Rosela Gjylbegu, nj\u00eb k\u00ebng\u00ebtare n\u00eb Kuvend - FjALA e LIR\u00cb - Arkivi\",\"isPartOf\":{\"@id\":\"https:\\\/\\\/fjala.info\\\/2009-2015\\\/#website\"},\"primaryImageOfPage\":{\"@id\":\"https:\\\/\\\/fjala.info\\\/2009-2015\\\/rosela-gjylbegu-nje-kengetare-ne-kuvend\\\/#primaryimage\"},\"image\":{\"@id\":\"https:\\\/\\\/fjala.info\\\/2009-2015\\\/rosela-gjylbegu-nje-kengetare-ne-kuvend\\\/#primaryimage\"},\"thumbnailUrl\":\"http:\\\/\\\/www.fjala.info\\\/2012\\\/rosela_gjylbegu.jpg\",\"datePublished\":\"2012-08-27T08:59:17+00:00\",\"breadcrumb\":{\"@id\":\"https:\\\/\\\/fjala.info\\\/2009-2015\\\/rosela-gjylbegu-nje-kengetare-ne-kuvend\\\/#breadcrumb\"},\"inLanguage\":\"sq-AL\",\"potentialAction\":[{\"@type\":\"ReadAction\",\"target\":[\"https:\\\/\\\/fjala.info\\\/2009-2015\\\/rosela-gjylbegu-nje-kengetare-ne-kuvend\\\/\"]}]},{\"@type\":\"ImageObject\",\"inLanguage\":\"sq-AL\",\"@id\":\"https:\\\/\\\/fjala.info\\\/2009-2015\\\/rosela-gjylbegu-nje-kengetare-ne-kuvend\\\/#primaryimage\",\"url\":\"http:\\\/\\\/www.fjala.info\\\/2012\\\/rosela_gjylbegu.jpg\",\"contentUrl\":\"http:\\\/\\\/www.fjala.info\\\/2012\\\/rosela_gjylbegu.jpg\"},{\"@type\":\"BreadcrumbList\",\"@id\":\"https:\\\/\\\/fjala.info\\\/2009-2015\\\/rosela-gjylbegu-nje-kengetare-ne-kuvend\\\/#breadcrumb\",\"itemListElement\":[{\"@type\":\"ListItem\",\"position\":1,\"name\":\"Home\",\"item\":\"https:\\\/\\\/fjala.info\\\/2009-2015\\\/\"},{\"@type\":\"ListItem\",\"position\":2,\"name\":\"Rosela Gjylbegu, nj\u00eb k\u00ebng\u00ebtare n\u00eb Kuvend\"}]},{\"@type\":\"WebSite\",\"@id\":\"https:\\\/\\\/fjala.info\\\/2009-2015\\\/#website\",\"url\":\"https:\\\/\\\/fjala.info\\\/2009-2015\\\/\",\"name\":\"FjALA e LIR\u00cb - Arkivi\",\"description\":\"Arkivi 2009-2015\",\"publisher\":{\"@id\":\"https:\\\/\\\/fjala.info\\\/2009-2015\\\/#organization\"},\"potentialAction\":[{\"@type\":\"SearchAction\",\"target\":{\"@type\":\"EntryPoint\",\"urlTemplate\":\"https:\\\/\\\/fjala.info\\\/2009-2015\\\/?s={search_term_string}\"},\"query-input\":{\"@type\":\"PropertyValueSpecification\",\"valueRequired\":true,\"valueName\":\"search_term_string\"}}],\"inLanguage\":\"sq-AL\"},{\"@type\":\"Organization\",\"@id\":\"https:\\\/\\\/fjala.info\\\/2009-2015\\\/#organization\",\"name\":\"FjALA e LIR\u00cb - Arkivi\",\"url\":\"https:\\\/\\\/fjala.info\\\/2009-2015\\\/\",\"logo\":{\"@type\":\"ImageObject\",\"inLanguage\":\"sq-AL\",\"@id\":\"https:\\\/\\\/fjala.info\\\/2009-2015\\\/#\\\/schema\\\/logo\\\/image\\\/\",\"url\":\"\",\"contentUrl\":\"\",\"caption\":\"FjALA e LIR\u00cb - Arkivi\"},\"image\":{\"@id\":\"https:\\\/\\\/fjala.info\\\/2009-2015\\\/#\\\/schema\\\/logo\\\/image\\\/\"}},{\"@type\":\"Person\",\"@id\":\"https:\\\/\\\/fjala.info\\\/2009-2015\\\/#\\\/schema\\\/person\\\/3aa1163ef05469c496fc94e77611ada2\",\"name\":\"admin\",\"image\":{\"@type\":\"ImageObject\",\"inLanguage\":\"sq-AL\",\"@id\":\"https:\\\/\\\/fjala.info\\\/2009-2015\\\/wp-content\\\/uploads\\\/2012\\\/02\\\/arben_cokaj-120x150.jpg\",\"url\":\"https:\\\/\\\/fjala.info\\\/2009-2015\\\/wp-content\\\/uploads\\\/2012\\\/02\\\/arben_cokaj-120x150.jpg\",\"contentUrl\":\"https:\\\/\\\/fjala.info\\\/2009-2015\\\/wp-content\\\/uploads\\\/2012\\\/02\\\/arben_cokaj-120x150.jpg\",\"caption\":\"admin\"},\"description\":\"Admin, Fjala e Lir\u00eb\",\"sameAs\":[\"https:\\\/\\\/fjala.info\\\/\"],\"url\":\"https:\\\/\\\/fjala.info\\\/2009-2015\\\/author\\\/admin\\\/\"}]}<\/script>\n<!-- \/ Yoast SEO plugin. -->","yoast_head_json":{"title":"Rosela Gjylbegu, nj\u00eb k\u00ebng\u00ebtare n\u00eb Kuvend - FjALA e LIR\u00cb - Arkivi","robots":{"index":"index","follow":"follow","max-snippet":"max-snippet:-1","max-image-preview":"max-image-preview:large","max-video-preview":"max-video-preview:-1"},"canonical":"https:\/\/fjala.info\/2009-2015\/rosela-gjylbegu-nje-kengetare-ne-kuvend\/","og_locale":"sq_AL","og_type":"article","og_title":"Rosela Gjylbegu, nj\u00eb k\u00ebng\u00ebtare n\u00eb Kuvend - FjALA e LIR\u00cb - Arkivi","og_description":"Emanuela Sako, 25.08.2012 Rosel\u00ebn e kontaktojm\u00eb n\u00eb dit\u00eb pushimesh, n\u00eb plazhin e Velipoj\u00ebs. \u201cDoja t\u00eb shk\u00ebputesha p\u00ebr pak pushim, ka qen\u00eb nj\u00eb ver\u00eb e ngarkuar dhe shum\u00eb e nxeht\u00eb, kisha kaq shum\u00eb nevoj\u00eb p\u00ebr pak koh\u00eb p\u00ebr veten\u201d, &#8211; thot\u00eb Rosela gjat\u00eb bised\u00ebs. Pun\u00eb n\u00eb administrat\u00ebn e Kuvendit (ajo mbulon \u00e7\u00ebshtjet e barazis\u00eb gjinore n\u00eb [&hellip;]","og_url":"https:\/\/fjala.info\/2009-2015\/rosela-gjylbegu-nje-kengetare-ne-kuvend\/","og_site_name":"FjALA e LIR\u00cb - Arkivi","article_published_time":"2012-08-27T08:59:17+00:00","og_image":[{"url":"http:\/\/www.fjala.info\/2012\/rosela_gjylbegu.jpg","type":"","width":"","height":""}],"author":"admin","twitter_card":"summary_large_image","twitter_misc":{"Written by":"admin","Est. reading time":"7 minutes"},"schema":{"@context":"https:\/\/schema.org","@graph":[{"@type":"Article","@id":"https:\/\/fjala.info\/2009-2015\/rosela-gjylbegu-nje-kengetare-ne-kuvend\/#article","isPartOf":{"@id":"https:\/\/fjala.info\/2009-2015\/rosela-gjylbegu-nje-kengetare-ne-kuvend\/"},"author":{"name":"admin","@id":"https:\/\/fjala.info\/2009-2015\/#\/schema\/person\/3aa1163ef05469c496fc94e77611ada2"},"headline":"Rosela Gjylbegu, nj\u00eb k\u00ebng\u00ebtare n\u00eb Kuvend","datePublished":"2012-08-27T08:59:17+00:00","mainEntityOfPage":{"@id":"https:\/\/fjala.info\/2009-2015\/rosela-gjylbegu-nje-kengetare-ne-kuvend\/"},"wordCount":1369,"commentCount":0,"publisher":{"@id":"https:\/\/fjala.info\/2009-2015\/#organization"},"image":{"@id":"https:\/\/fjala.info\/2009-2015\/rosela-gjylbegu-nje-kengetare-ne-kuvend\/#primaryimage"},"thumbnailUrl":"http:\/\/www.fjala.info\/2012\/rosela_gjylbegu.jpg","articleSection":["Artikuj","Intervista"],"inLanguage":"sq-AL","potentialAction":[{"@type":"CommentAction","name":"Comment","target":["https:\/\/fjala.info\/2009-2015\/rosela-gjylbegu-nje-kengetare-ne-kuvend\/#respond"]}]},{"@type":"WebPage","@id":"https:\/\/fjala.info\/2009-2015\/rosela-gjylbegu-nje-kengetare-ne-kuvend\/","url":"https:\/\/fjala.info\/2009-2015\/rosela-gjylbegu-nje-kengetare-ne-kuvend\/","name":"Rosela Gjylbegu, nj\u00eb k\u00ebng\u00ebtare n\u00eb Kuvend - FjALA e LIR\u00cb - Arkivi","isPartOf":{"@id":"https:\/\/fjala.info\/2009-2015\/#website"},"primaryImageOfPage":{"@id":"https:\/\/fjala.info\/2009-2015\/rosela-gjylbegu-nje-kengetare-ne-kuvend\/#primaryimage"},"image":{"@id":"https:\/\/fjala.info\/2009-2015\/rosela-gjylbegu-nje-kengetare-ne-kuvend\/#primaryimage"},"thumbnailUrl":"http:\/\/www.fjala.info\/2012\/rosela_gjylbegu.jpg","datePublished":"2012-08-27T08:59:17+00:00","breadcrumb":{"@id":"https:\/\/fjala.info\/2009-2015\/rosela-gjylbegu-nje-kengetare-ne-kuvend\/#breadcrumb"},"inLanguage":"sq-AL","potentialAction":[{"@type":"ReadAction","target":["https:\/\/fjala.info\/2009-2015\/rosela-gjylbegu-nje-kengetare-ne-kuvend\/"]}]},{"@type":"ImageObject","inLanguage":"sq-AL","@id":"https:\/\/fjala.info\/2009-2015\/rosela-gjylbegu-nje-kengetare-ne-kuvend\/#primaryimage","url":"http:\/\/www.fjala.info\/2012\/rosela_gjylbegu.jpg","contentUrl":"http:\/\/www.fjala.info\/2012\/rosela_gjylbegu.jpg"},{"@type":"BreadcrumbList","@id":"https:\/\/fjala.info\/2009-2015\/rosela-gjylbegu-nje-kengetare-ne-kuvend\/#breadcrumb","itemListElement":[{"@type":"ListItem","position":1,"name":"Home","item":"https:\/\/fjala.info\/2009-2015\/"},{"@type":"ListItem","position":2,"name":"Rosela Gjylbegu, nj\u00eb k\u00ebng\u00ebtare n\u00eb Kuvend"}]},{"@type":"WebSite","@id":"https:\/\/fjala.info\/2009-2015\/#website","url":"https:\/\/fjala.info\/2009-2015\/","name":"FjALA e LIR\u00cb - Arkivi","description":"Arkivi 2009-2015","publisher":{"@id":"https:\/\/fjala.info\/2009-2015\/#organization"},"potentialAction":[{"@type":"SearchAction","target":{"@type":"EntryPoint","urlTemplate":"https:\/\/fjala.info\/2009-2015\/?s={search_term_string}"},"query-input":{"@type":"PropertyValueSpecification","valueRequired":true,"valueName":"search_term_string"}}],"inLanguage":"sq-AL"},{"@type":"Organization","@id":"https:\/\/fjala.info\/2009-2015\/#organization","name":"FjALA e LIR\u00cb - Arkivi","url":"https:\/\/fjala.info\/2009-2015\/","logo":{"@type":"ImageObject","inLanguage":"sq-AL","@id":"https:\/\/fjala.info\/2009-2015\/#\/schema\/logo\/image\/","url":"","contentUrl":"","caption":"FjALA e LIR\u00cb - Arkivi"},"image":{"@id":"https:\/\/fjala.info\/2009-2015\/#\/schema\/logo\/image\/"}},{"@type":"Person","@id":"https:\/\/fjala.info\/2009-2015\/#\/schema\/person\/3aa1163ef05469c496fc94e77611ada2","name":"admin","image":{"@type":"ImageObject","inLanguage":"sq-AL","@id":"https:\/\/fjala.info\/2009-2015\/wp-content\/uploads\/2012\/02\/arben_cokaj-120x150.jpg","url":"https:\/\/fjala.info\/2009-2015\/wp-content\/uploads\/2012\/02\/arben_cokaj-120x150.jpg","contentUrl":"https:\/\/fjala.info\/2009-2015\/wp-content\/uploads\/2012\/02\/arben_cokaj-120x150.jpg","caption":"admin"},"description":"Admin, Fjala e Lir\u00eb","sameAs":["https:\/\/fjala.info\/"],"url":"https:\/\/fjala.info\/2009-2015\/author\/admin\/"}]}},"_links":{"self":[{"href":"https:\/\/fjala.info\/2009-2015\/wp-json\/wp\/v2\/posts\/12055","targetHints":{"allow":["GET"]}}],"collection":[{"href":"https:\/\/fjala.info\/2009-2015\/wp-json\/wp\/v2\/posts"}],"about":[{"href":"https:\/\/fjala.info\/2009-2015\/wp-json\/wp\/v2\/types\/post"}],"author":[{"embeddable":true,"href":"https:\/\/fjala.info\/2009-2015\/wp-json\/wp\/v2\/users\/1"}],"replies":[{"embeddable":true,"href":"https:\/\/fjala.info\/2009-2015\/wp-json\/wp\/v2\/comments?post=12055"}],"version-history":[{"count":0,"href":"https:\/\/fjala.info\/2009-2015\/wp-json\/wp\/v2\/posts\/12055\/revisions"}],"wp:attachment":[{"href":"https:\/\/fjala.info\/2009-2015\/wp-json\/wp\/v2\/media?parent=12055"}],"wp:term":[{"taxonomy":"category","embeddable":true,"href":"https:\/\/fjala.info\/2009-2015\/wp-json\/wp\/v2\/categories?post=12055"},{"taxonomy":"post_tag","embeddable":true,"href":"https:\/\/fjala.info\/2009-2015\/wp-json\/wp\/v2\/tags?post=12055"}],"curies":[{"name":"wp","href":"https:\/\/api.w.org\/{rel}","templated":true}]}}