{"id":12054,"date":"2012-08-27T09:43:46","date_gmt":"2012-08-27T08:43:46","guid":{"rendered":"http:\/\/www.fjala.info\/?p=4708"},"modified":"2012-08-27T09:43:46","modified_gmt":"2012-08-27T08:43:46","slug":"ekskluzive-publikohet-ditari-e-fotot-e-greves-se-urise-te-1991","status":"publish","type":"post","link":"https:\/\/fjala.info\/2009-2015\/ekskluzive-publikohet-ditari-e-fotot-e-greves-se-urise-te-1991\/","title":{"rendered":"EKSKLUZIVE\/ Publikohet ditari e fotot e grev\u00ebs s\u00eb uris\u00eb t\u00eb 1991"},"content":{"rendered":"<p><img decoding=\"async\" class=\"alignright size-thumbnail wp-image-7236\" title=\"Greva e Uris\u00eb\" src=\"http:\/\/www.fjala.info\/2012\/greva_e_urise.jpg\" alt=\"\" width=\"300\" \/> <em>TIRANE<\/em> &#8211; Suplementi \u201cRilindasi\u201d, e p\u00ebrjavshmja kulturore e Shqiptarja.com k\u00ebt\u00eb t\u00eb diel\u00eb solli ditarin dhe fotot ekskluzive t\u00eb ish t\u00eb p\u00ebrndjekurve dhe t\u00eb burgosurve politk\u00eb q\u00eb mor\u00ebn pjes\u00eb n\u00eb grev\u00ebn e uris\u00eb s\u00eb 1991.<\/p>\n<p>Fotot dhe ditari jan\u00eb siguruar nga Pjet\u00ebr Logoreci, nj\u00eb veprimtar aktiv i \u00e7\u00ebshtjes komb\u00ebtare dhe iniciatori e protagonisti kryesor n\u00eb zbulimin, eks-humimin dhe varrosjen e eshtrave t\u00eb atdhetarit Dom Nikill\u00eb Ko\u00e7orri n\u00eb atdhe pas 94 vitesh dhe dalja n\u00eb drit\u00eb e tyre vjen pak para dit\u00ebs jubilare t\u00eb saj, 21 shtator 1991.<\/p>\n<p>P\u00ebrve\u00e7 publikimit t\u00eb fotove t\u00eb grev\u00ebs s\u00eb uris\u00eb q\u00eb nisi m\u00eb 21 shtator n\u00eb ambientet e sportklub Tiran\u00ebs n\u00eb Rrug\u00ebn e Kavaj\u00ebs n\u00eb qend\u00ebr t\u00eb kryeqytetit, jan\u00eb publikuar dhe lista me 90 t\u00eb burgosur politik\u00eb q\u00eb u fut\u00ebn n\u00eb k\u00ebt\u00eb grev\u00eb si dhe faksimile t\u00eb dokumentit ku grevist\u00ebt parashtruan 5 k\u00ebrkesat e tyre.<\/p>\n<p>Zoti Logoreci rreshton disa kujtime n\u00eb respekt t\u00eb koleg\u00ebve q\u00eb v\u00ebndosen t\u00eb vet\u00ebflijohen, p\u00ebr t\u00eb b\u00ebr\u00eb present respektimin e t\u00eb drejtave njer\u00ebzore dhe p\u00ebr t\u00eb diskretituar ideologjin\u00eb vras\u00ebse t\u00eb komunizmit.<\/p>\n<p>\u201cJa kushtoj k\u00ebt\u00eb shkrim kolegut t\u00eb paharruem t\u00eb ndjerit Pano Taci, i cili ishte pjesmarr\u00ebs aktiv i k\u00ebsaj greve, me t\u00eb cilin pata shum\u00eb biseda e shk\u00ebmbime mendimesh q\u00eb m\u00eb vlejten ma von\u00eb. Pas 10 dit\u00eb greve, parlamenti miratoi nj\u00ebz\u00ebri nj\u00eb ligj gjysmak, p\u00ebr t\u00eb cilin t\u00eb p\u00ebrndjekunit kan\u00eb edhe sot shum\u00eb pak\u00ebnaq\u00ebsi dhe ndjehen t\u00eb pa p\u00ebrfaq\u00ebsuem. &#8220;- shkruan Logoreci i cili e mbyll shkrimin e tij me titull \u201cPranvera e Demokracis\u00eb\u201d me shpres\u00ebn q\u00eb \u201cgreva kombetare e ish te perndjekurve politik, n\u00eb vazhd\u00ebn e l\u00ebvizjeve antikomuniste, do t\u00eb zan\u00eb vend n\u00eb mes t\u00eb ngjarjeve t\u00eb rand\u00ebsishme q\u00eb jan\u00eb t\u00eb ekspozueme n\u00eb muzeun komb\u00ebtar n\u00eb seksionin e luft\u00ebs kund\u00ebr komunizmit.\u201d Lexo shkrimin<\/p>\n<p>(<em>sg\/shqiptarja.com<\/em>)<\/p>\n","protected":false},"excerpt":{"rendered":"<p>TIRANE &#8211; Suplementi \u201cRilindasi\u201d, e p\u00ebrjavshmja kulturore e Shqiptarja.com k\u00ebt\u00eb t\u00eb diel\u00eb solli ditarin dhe fotot ekskluzive t\u00eb ish t\u00eb p\u00ebrndjekurve dhe t\u00eb burgosurve politk\u00eb q\u00eb mor\u00ebn pjes\u00eb n\u00eb grev\u00ebn e uris\u00eb s\u00eb 1991. Fotot dhe ditari jan\u00eb siguruar nga Pjet\u00ebr Logoreci, nj\u00eb veprimtar aktiv i \u00e7\u00ebshtjes komb\u00ebtare dhe iniciatori e protagonisti kryesor n\u00eb zbulimin, [&hellip;]<\/p>\n","protected":false},"author":1,"featured_media":0,"comment_status":"open","ping_status":"closed","sticky":false,"template":"","format":"standard","meta":{"footnotes":""},"categories":[2,5],"tags":[],"class_list":{"0":"post-12054","1":"post","2":"type-post","3":"status-publish","4":"format-standard","6":"category-artikuj","7":"category-lajme"},"yoast_head":"<!-- This site is optimized with the Yoast SEO plugin v27.4 - https:\/\/yoast.com\/product\/yoast-seo-wordpress\/ -->\n<title>EKSKLUZIVE\/ Publikohet ditari e fotot e grev\u00ebs s\u00eb uris\u00eb t\u00eb 1991 - FjALA e LIR\u00cb - Arkivi<\/title>\n<meta name=\"robots\" content=\"index, follow, max-snippet:-1, max-image-preview:large, max-video-preview:-1\" \/>\n<link rel=\"canonical\" href=\"https:\/\/fjala.info\/2009-2015\/ekskluzive-publikohet-ditari-e-fotot-e-greves-se-urise-te-1991\/\" \/>\n<meta property=\"og:locale\" content=\"sq_AL\" \/>\n<meta property=\"og:type\" content=\"article\" \/>\n<meta property=\"og:title\" content=\"EKSKLUZIVE\/ Publikohet ditari e fotot e grev\u00ebs s\u00eb uris\u00eb t\u00eb 1991 - FjALA e LIR\u00cb - Arkivi\" \/>\n<meta property=\"og:description\" content=\"TIRANE &#8211; Suplementi \u201cRilindasi\u201d, e p\u00ebrjavshmja kulturore e Shqiptarja.com k\u00ebt\u00eb t\u00eb diel\u00eb solli ditarin dhe fotot ekskluzive t\u00eb ish t\u00eb p\u00ebrndjekurve dhe t\u00eb burgosurve politk\u00eb q\u00eb mor\u00ebn pjes\u00eb n\u00eb grev\u00ebn e uris\u00eb s\u00eb 1991. Fotot dhe ditari jan\u00eb siguruar nga Pjet\u00ebr Logoreci, nj\u00eb veprimtar aktiv i \u00e7\u00ebshtjes komb\u00ebtare dhe iniciatori e protagonisti kryesor n\u00eb zbulimin, [&hellip;]\" \/>\n<meta property=\"og:url\" content=\"https:\/\/fjala.info\/2009-2015\/ekskluzive-publikohet-ditari-e-fotot-e-greves-se-urise-te-1991\/\" \/>\n<meta property=\"og:site_name\" content=\"FjALA e LIR\u00cb - Arkivi\" \/>\n<meta property=\"article:published_time\" content=\"2012-08-27T08:43:46+00:00\" \/>\n<meta property=\"og:image\" content=\"http:\/\/www.fjala.info\/2012\/greva_e_urise.jpg\" \/>\n<meta name=\"author\" content=\"admin\" \/>\n<meta name=\"twitter:card\" content=\"summary_large_image\" \/>\n<meta name=\"twitter:label1\" content=\"Written by\" \/>\n\t<meta name=\"twitter:data1\" content=\"admin\" \/>\n\t<meta name=\"twitter:label2\" content=\"Est. reading time\" \/>\n\t<meta name=\"twitter:data2\" content=\"2 minutes\" \/>\n<script type=\"application\/ld+json\" class=\"yoast-schema-graph\">{\"@context\":\"https:\\\/\\\/schema.org\",\"@graph\":[{\"@type\":\"Article\",\"@id\":\"https:\\\/\\\/fjala.info\\\/2009-2015\\\/ekskluzive-publikohet-ditari-e-fotot-e-greves-se-urise-te-1991\\\/#article\",\"isPartOf\":{\"@id\":\"https:\\\/\\\/fjala.info\\\/2009-2015\\\/ekskluzive-publikohet-ditari-e-fotot-e-greves-se-urise-te-1991\\\/\"},\"author\":{\"name\":\"admin\",\"@id\":\"https:\\\/\\\/fjala.info\\\/2009-2015\\\/#\\\/schema\\\/person\\\/3aa1163ef05469c496fc94e77611ada2\"},\"headline\":\"EKSKLUZIVE\\\/ Publikohet ditari e fotot e grev\u00ebs s\u00eb uris\u00eb t\u00eb 1991\",\"datePublished\":\"2012-08-27T08:43:46+00:00\",\"mainEntityOfPage\":{\"@id\":\"https:\\\/\\\/fjala.info\\\/2009-2015\\\/ekskluzive-publikohet-ditari-e-fotot-e-greves-se-urise-te-1991\\\/\"},\"wordCount\":335,\"commentCount\":0,\"publisher\":{\"@id\":\"https:\\\/\\\/fjala.info\\\/2009-2015\\\/#organization\"},\"image\":{\"@id\":\"https:\\\/\\\/fjala.info\\\/2009-2015\\\/ekskluzive-publikohet-ditari-e-fotot-e-greves-se-urise-te-1991\\\/#primaryimage\"},\"thumbnailUrl\":\"http:\\\/\\\/www.fjala.info\\\/2012\\\/greva_e_urise.jpg\",\"articleSection\":[\"Artikuj\",\"Lajme\"],\"inLanguage\":\"sq-AL\",\"potentialAction\":[{\"@type\":\"CommentAction\",\"name\":\"Comment\",\"target\":[\"https:\\\/\\\/fjala.info\\\/2009-2015\\\/ekskluzive-publikohet-ditari-e-fotot-e-greves-se-urise-te-1991\\\/#respond\"]}]},{\"@type\":\"WebPage\",\"@id\":\"https:\\\/\\\/fjala.info\\\/2009-2015\\\/ekskluzive-publikohet-ditari-e-fotot-e-greves-se-urise-te-1991\\\/\",\"url\":\"https:\\\/\\\/fjala.info\\\/2009-2015\\\/ekskluzive-publikohet-ditari-e-fotot-e-greves-se-urise-te-1991\\\/\",\"name\":\"EKSKLUZIVE\\\/ Publikohet ditari e fotot e grev\u00ebs s\u00eb uris\u00eb t\u00eb 1991 - FjALA e LIR\u00cb - Arkivi\",\"isPartOf\":{\"@id\":\"https:\\\/\\\/fjala.info\\\/2009-2015\\\/#website\"},\"primaryImageOfPage\":{\"@id\":\"https:\\\/\\\/fjala.info\\\/2009-2015\\\/ekskluzive-publikohet-ditari-e-fotot-e-greves-se-urise-te-1991\\\/#primaryimage\"},\"image\":{\"@id\":\"https:\\\/\\\/fjala.info\\\/2009-2015\\\/ekskluzive-publikohet-ditari-e-fotot-e-greves-se-urise-te-1991\\\/#primaryimage\"},\"thumbnailUrl\":\"http:\\\/\\\/www.fjala.info\\\/2012\\\/greva_e_urise.jpg\",\"datePublished\":\"2012-08-27T08:43:46+00:00\",\"breadcrumb\":{\"@id\":\"https:\\\/\\\/fjala.info\\\/2009-2015\\\/ekskluzive-publikohet-ditari-e-fotot-e-greves-se-urise-te-1991\\\/#breadcrumb\"},\"inLanguage\":\"sq-AL\",\"potentialAction\":[{\"@type\":\"ReadAction\",\"target\":[\"https:\\\/\\\/fjala.info\\\/2009-2015\\\/ekskluzive-publikohet-ditari-e-fotot-e-greves-se-urise-te-1991\\\/\"]}]},{\"@type\":\"ImageObject\",\"inLanguage\":\"sq-AL\",\"@id\":\"https:\\\/\\\/fjala.info\\\/2009-2015\\\/ekskluzive-publikohet-ditari-e-fotot-e-greves-se-urise-te-1991\\\/#primaryimage\",\"url\":\"http:\\\/\\\/www.fjala.info\\\/2012\\\/greva_e_urise.jpg\",\"contentUrl\":\"http:\\\/\\\/www.fjala.info\\\/2012\\\/greva_e_urise.jpg\"},{\"@type\":\"BreadcrumbList\",\"@id\":\"https:\\\/\\\/fjala.info\\\/2009-2015\\\/ekskluzive-publikohet-ditari-e-fotot-e-greves-se-urise-te-1991\\\/#breadcrumb\",\"itemListElement\":[{\"@type\":\"ListItem\",\"position\":1,\"name\":\"Home\",\"item\":\"https:\\\/\\\/fjala.info\\\/2009-2015\\\/\"},{\"@type\":\"ListItem\",\"position\":2,\"name\":\"EKSKLUZIVE\\\/ Publikohet ditari e fotot e grev\u00ebs s\u00eb uris\u00eb t\u00eb 1991\"}]},{\"@type\":\"WebSite\",\"@id\":\"https:\\\/\\\/fjala.info\\\/2009-2015\\\/#website\",\"url\":\"https:\\\/\\\/fjala.info\\\/2009-2015\\\/\",\"name\":\"FjALA e LIR\u00cb - Arkivi\",\"description\":\"Arkivi 2009-2015\",\"publisher\":{\"@id\":\"https:\\\/\\\/fjala.info\\\/2009-2015\\\/#organization\"},\"potentialAction\":[{\"@type\":\"SearchAction\",\"target\":{\"@type\":\"EntryPoint\",\"urlTemplate\":\"https:\\\/\\\/fjala.info\\\/2009-2015\\\/?s={search_term_string}\"},\"query-input\":{\"@type\":\"PropertyValueSpecification\",\"valueRequired\":true,\"valueName\":\"search_term_string\"}}],\"inLanguage\":\"sq-AL\"},{\"@type\":\"Organization\",\"@id\":\"https:\\\/\\\/fjala.info\\\/2009-2015\\\/#organization\",\"name\":\"FjALA e LIR\u00cb - Arkivi\",\"url\":\"https:\\\/\\\/fjala.info\\\/2009-2015\\\/\",\"logo\":{\"@type\":\"ImageObject\",\"inLanguage\":\"sq-AL\",\"@id\":\"https:\\\/\\\/fjala.info\\\/2009-2015\\\/#\\\/schema\\\/logo\\\/image\\\/\",\"url\":\"\",\"contentUrl\":\"\",\"caption\":\"FjALA e LIR\u00cb - Arkivi\"},\"image\":{\"@id\":\"https:\\\/\\\/fjala.info\\\/2009-2015\\\/#\\\/schema\\\/logo\\\/image\\\/\"}},{\"@type\":\"Person\",\"@id\":\"https:\\\/\\\/fjala.info\\\/2009-2015\\\/#\\\/schema\\\/person\\\/3aa1163ef05469c496fc94e77611ada2\",\"name\":\"admin\",\"image\":{\"@type\":\"ImageObject\",\"inLanguage\":\"sq-AL\",\"@id\":\"https:\\\/\\\/fjala.info\\\/2009-2015\\\/wp-content\\\/uploads\\\/2012\\\/02\\\/arben_cokaj-120x150.jpg\",\"url\":\"https:\\\/\\\/fjala.info\\\/2009-2015\\\/wp-content\\\/uploads\\\/2012\\\/02\\\/arben_cokaj-120x150.jpg\",\"contentUrl\":\"https:\\\/\\\/fjala.info\\\/2009-2015\\\/wp-content\\\/uploads\\\/2012\\\/02\\\/arben_cokaj-120x150.jpg\",\"caption\":\"admin\"},\"description\":\"Admin, Fjala e Lir\u00eb\",\"sameAs\":[\"https:\\\/\\\/fjala.info\\\/\"],\"url\":\"https:\\\/\\\/fjala.info\\\/2009-2015\\\/author\\\/admin\\\/\"}]}<\/script>\n<!-- \/ Yoast SEO plugin. -->","yoast_head_json":{"title":"EKSKLUZIVE\/ Publikohet ditari e fotot e grev\u00ebs s\u00eb uris\u00eb t\u00eb 1991 - FjALA e LIR\u00cb - Arkivi","robots":{"index":"index","follow":"follow","max-snippet":"max-snippet:-1","max-image-preview":"max-image-preview:large","max-video-preview":"max-video-preview:-1"},"canonical":"https:\/\/fjala.info\/2009-2015\/ekskluzive-publikohet-ditari-e-fotot-e-greves-se-urise-te-1991\/","og_locale":"sq_AL","og_type":"article","og_title":"EKSKLUZIVE\/ Publikohet ditari e fotot e grev\u00ebs s\u00eb uris\u00eb t\u00eb 1991 - FjALA e LIR\u00cb - Arkivi","og_description":"TIRANE &#8211; Suplementi \u201cRilindasi\u201d, e p\u00ebrjavshmja kulturore e Shqiptarja.com k\u00ebt\u00eb t\u00eb diel\u00eb solli ditarin dhe fotot ekskluzive t\u00eb ish t\u00eb p\u00ebrndjekurve dhe t\u00eb burgosurve politk\u00eb q\u00eb mor\u00ebn pjes\u00eb n\u00eb grev\u00ebn e uris\u00eb s\u00eb 1991. Fotot dhe ditari jan\u00eb siguruar nga Pjet\u00ebr Logoreci, nj\u00eb veprimtar aktiv i \u00e7\u00ebshtjes komb\u00ebtare dhe iniciatori e protagonisti kryesor n\u00eb zbulimin, [&hellip;]","og_url":"https:\/\/fjala.info\/2009-2015\/ekskluzive-publikohet-ditari-e-fotot-e-greves-se-urise-te-1991\/","og_site_name":"FjALA e LIR\u00cb - Arkivi","article_published_time":"2012-08-27T08:43:46+00:00","og_image":[{"url":"http:\/\/www.fjala.info\/2012\/greva_e_urise.jpg","type":"","width":"","height":""}],"author":"admin","twitter_card":"summary_large_image","twitter_misc":{"Written by":"admin","Est. reading time":"2 minutes"},"schema":{"@context":"https:\/\/schema.org","@graph":[{"@type":"Article","@id":"https:\/\/fjala.info\/2009-2015\/ekskluzive-publikohet-ditari-e-fotot-e-greves-se-urise-te-1991\/#article","isPartOf":{"@id":"https:\/\/fjala.info\/2009-2015\/ekskluzive-publikohet-ditari-e-fotot-e-greves-se-urise-te-1991\/"},"author":{"name":"admin","@id":"https:\/\/fjala.info\/2009-2015\/#\/schema\/person\/3aa1163ef05469c496fc94e77611ada2"},"headline":"EKSKLUZIVE\/ Publikohet ditari e fotot e grev\u00ebs s\u00eb uris\u00eb t\u00eb 1991","datePublished":"2012-08-27T08:43:46+00:00","mainEntityOfPage":{"@id":"https:\/\/fjala.info\/2009-2015\/ekskluzive-publikohet-ditari-e-fotot-e-greves-se-urise-te-1991\/"},"wordCount":335,"commentCount":0,"publisher":{"@id":"https:\/\/fjala.info\/2009-2015\/#organization"},"image":{"@id":"https:\/\/fjala.info\/2009-2015\/ekskluzive-publikohet-ditari-e-fotot-e-greves-se-urise-te-1991\/#primaryimage"},"thumbnailUrl":"http:\/\/www.fjala.info\/2012\/greva_e_urise.jpg","articleSection":["Artikuj","Lajme"],"inLanguage":"sq-AL","potentialAction":[{"@type":"CommentAction","name":"Comment","target":["https:\/\/fjala.info\/2009-2015\/ekskluzive-publikohet-ditari-e-fotot-e-greves-se-urise-te-1991\/#respond"]}]},{"@type":"WebPage","@id":"https:\/\/fjala.info\/2009-2015\/ekskluzive-publikohet-ditari-e-fotot-e-greves-se-urise-te-1991\/","url":"https:\/\/fjala.info\/2009-2015\/ekskluzive-publikohet-ditari-e-fotot-e-greves-se-urise-te-1991\/","name":"EKSKLUZIVE\/ Publikohet ditari e fotot e grev\u00ebs s\u00eb uris\u00eb t\u00eb 1991 - FjALA e LIR\u00cb - Arkivi","isPartOf":{"@id":"https:\/\/fjala.info\/2009-2015\/#website"},"primaryImageOfPage":{"@id":"https:\/\/fjala.info\/2009-2015\/ekskluzive-publikohet-ditari-e-fotot-e-greves-se-urise-te-1991\/#primaryimage"},"image":{"@id":"https:\/\/fjala.info\/2009-2015\/ekskluzive-publikohet-ditari-e-fotot-e-greves-se-urise-te-1991\/#primaryimage"},"thumbnailUrl":"http:\/\/www.fjala.info\/2012\/greva_e_urise.jpg","datePublished":"2012-08-27T08:43:46+00:00","breadcrumb":{"@id":"https:\/\/fjala.info\/2009-2015\/ekskluzive-publikohet-ditari-e-fotot-e-greves-se-urise-te-1991\/#breadcrumb"},"inLanguage":"sq-AL","potentialAction":[{"@type":"ReadAction","target":["https:\/\/fjala.info\/2009-2015\/ekskluzive-publikohet-ditari-e-fotot-e-greves-se-urise-te-1991\/"]}]},{"@type":"ImageObject","inLanguage":"sq-AL","@id":"https:\/\/fjala.info\/2009-2015\/ekskluzive-publikohet-ditari-e-fotot-e-greves-se-urise-te-1991\/#primaryimage","url":"http:\/\/www.fjala.info\/2012\/greva_e_urise.jpg","contentUrl":"http:\/\/www.fjala.info\/2012\/greva_e_urise.jpg"},{"@type":"BreadcrumbList","@id":"https:\/\/fjala.info\/2009-2015\/ekskluzive-publikohet-ditari-e-fotot-e-greves-se-urise-te-1991\/#breadcrumb","itemListElement":[{"@type":"ListItem","position":1,"name":"Home","item":"https:\/\/fjala.info\/2009-2015\/"},{"@type":"ListItem","position":2,"name":"EKSKLUZIVE\/ Publikohet ditari e fotot e grev\u00ebs s\u00eb uris\u00eb t\u00eb 1991"}]},{"@type":"WebSite","@id":"https:\/\/fjala.info\/2009-2015\/#website","url":"https:\/\/fjala.info\/2009-2015\/","name":"FjALA e LIR\u00cb - Arkivi","description":"Arkivi 2009-2015","publisher":{"@id":"https:\/\/fjala.info\/2009-2015\/#organization"},"potentialAction":[{"@type":"SearchAction","target":{"@type":"EntryPoint","urlTemplate":"https:\/\/fjala.info\/2009-2015\/?s={search_term_string}"},"query-input":{"@type":"PropertyValueSpecification","valueRequired":true,"valueName":"search_term_string"}}],"inLanguage":"sq-AL"},{"@type":"Organization","@id":"https:\/\/fjala.info\/2009-2015\/#organization","name":"FjALA e LIR\u00cb - Arkivi","url":"https:\/\/fjala.info\/2009-2015\/","logo":{"@type":"ImageObject","inLanguage":"sq-AL","@id":"https:\/\/fjala.info\/2009-2015\/#\/schema\/logo\/image\/","url":"","contentUrl":"","caption":"FjALA e LIR\u00cb - Arkivi"},"image":{"@id":"https:\/\/fjala.info\/2009-2015\/#\/schema\/logo\/image\/"}},{"@type":"Person","@id":"https:\/\/fjala.info\/2009-2015\/#\/schema\/person\/3aa1163ef05469c496fc94e77611ada2","name":"admin","image":{"@type":"ImageObject","inLanguage":"sq-AL","@id":"https:\/\/fjala.info\/2009-2015\/wp-content\/uploads\/2012\/02\/arben_cokaj-120x150.jpg","url":"https:\/\/fjala.info\/2009-2015\/wp-content\/uploads\/2012\/02\/arben_cokaj-120x150.jpg","contentUrl":"https:\/\/fjala.info\/2009-2015\/wp-content\/uploads\/2012\/02\/arben_cokaj-120x150.jpg","caption":"admin"},"description":"Admin, Fjala e Lir\u00eb","sameAs":["https:\/\/fjala.info\/"],"url":"https:\/\/fjala.info\/2009-2015\/author\/admin\/"}]}},"_links":{"self":[{"href":"https:\/\/fjala.info\/2009-2015\/wp-json\/wp\/v2\/posts\/12054","targetHints":{"allow":["GET"]}}],"collection":[{"href":"https:\/\/fjala.info\/2009-2015\/wp-json\/wp\/v2\/posts"}],"about":[{"href":"https:\/\/fjala.info\/2009-2015\/wp-json\/wp\/v2\/types\/post"}],"author":[{"embeddable":true,"href":"https:\/\/fjala.info\/2009-2015\/wp-json\/wp\/v2\/users\/1"}],"replies":[{"embeddable":true,"href":"https:\/\/fjala.info\/2009-2015\/wp-json\/wp\/v2\/comments?post=12054"}],"version-history":[{"count":0,"href":"https:\/\/fjala.info\/2009-2015\/wp-json\/wp\/v2\/posts\/12054\/revisions"}],"wp:attachment":[{"href":"https:\/\/fjala.info\/2009-2015\/wp-json\/wp\/v2\/media?parent=12054"}],"wp:term":[{"taxonomy":"category","embeddable":true,"href":"https:\/\/fjala.info\/2009-2015\/wp-json\/wp\/v2\/categories?post=12054"},{"taxonomy":"post_tag","embeddable":true,"href":"https:\/\/fjala.info\/2009-2015\/wp-json\/wp\/v2\/tags?post=12054"}],"curies":[{"name":"wp","href":"https:\/\/api.w.org\/{rel}","templated":true}]}}