{"id":12052,"date":"2012-08-27T09:35:07","date_gmt":"2012-08-27T08:35:07","guid":{"rendered":"http:\/\/www.fjala.info\/?p=4704"},"modified":"2012-08-27T09:35:07","modified_gmt":"2012-08-27T08:35:07","slug":"pandeli-majko-vendi-si-ne-1996-po-pergatiten-manipulimet-e-zgjedhjeve","status":"publish","type":"post","link":"https:\/\/fjala.info\/2009-2015\/pandeli-majko-vendi-si-ne-1996-po-pergatiten-manipulimet-e-zgjedhjeve\/","title":{"rendered":"Pandeli Majko: Vendi si n\u00eb 1996, po p\u00ebrgatiten manipulimet e zgjedhjeve"},"content":{"rendered":"<p><img decoding=\"async\" class=\"alignleft size-thumbnail wp-image-7236\" title=\"Pandeli Majko\" src=\"http:\/\/www.fjala.info\/2012\/pandeli_majko.jpg\" alt=\"\" width=\"200\" \/> Nga <strong>Pandeli Majko<\/strong>, <em>27 Gusht 2012<\/em><\/p>\n<p>Shqip\u00ebria po vrapon drejt zgjedhjeve t\u00eb 2013. Eshte e kot\u00eb t\u00eb p\u00ebrpiqesh ti analizosh pritshm\u00ebrit\u00eb. Ato do t\u00eb jen\u00eb zgjedhjet m\u00eb t\u00eb paskrupullta q\u00eb pritet t\u00eb ken\u00eb par\u00eb syt\u00eb e publikut shqiptar pas viteve 90-t\u00eb.<\/p>\n<p>Konteksti i tyre ka filluar n\u00eb nj\u00eb shoq\u00ebri e cila ndjen pesh\u00ebn e krimit dhe vrasjes s\u00eb cdo lloji n\u00eb Shqip\u00ebri. Modeli i \u201ct\u00eb fortit\u201d i eksportuar nga politika po zhvillohet si nj\u00eb deformim social. Jemi n\u00eb mes nj\u00eb barbarie q\u00eb guxojm\u00eb ta quajm\u00eb \u201csituat\u00eb rendi\u201d por q\u00eb mungesa e paqart\u00ebsis\u00eb dhe shpesh e guximit na shtyn\u00eb n\u00eb shpejgime pa fund t\u00eb \u201cpse\u201d-ve ditore.<\/p>\n<p>Si t\u00eb mos mjaftonte kjo, publikut i duhet t\u00eb p\u00ebrjetoj\u00eb jet\u00ebn e dyfisht\u00eb mes virtualitetit qeveritar, i cili sheh vet\u00ebm suksese dhe rr\u00ebnimit social q\u00eb ka prekur \u201cprotokollet\u201d baz\u00eb t\u00eb funksionimit shoq\u00ebror. Ekonomia ka marr\u00eb t\u00eb tat\u00ebpjet\u00ebn dhe ka nevoj\u00eb urgjente p\u00ebr nj\u00eb audit nd\u00ebrkomb\u00ebtar. Falsifikimet p\u00ebr ekonomin\u00eb jan\u00eb t\u00eb nivelit t\u00eb \u201cpiramidave\u201d t\u00eb viteve 96-97 dhe niveli i borxhit ka fshehje t\u00eb qart\u00eb zyrtare. Mjafton t\u00eb mirkuptosh uljen drastike t\u00eb shpenzimit t\u00eb energjis\u00eb elektrike p\u00ebr t\u00eb vler\u00ebsuar situat\u00ebn dramatike n\u00eb ekonomi.<\/p>\n<p>Rendi publik n\u00eb udh\u00ebkryq dhe zjarret pa fund n\u00eb vend jan\u00eb pamja e nj\u00eb qeverisje t\u00eb drobitur nga vetja dhe mungesa e d\u00ebshir\u00ebs. Daljet e Berish\u00ebs me ritualin e tij \u201cenergjitik\u201d b\u00ebn m\u00eb t\u00eb dukshme munges\u00ebn e t\u00eb \u201ctjer\u00ebve\u201d\u2026<\/p>\n<p>Qeverisja ndjen munges\u00ebn q\u00eb ka krijuar n\u00eb shoq\u00ebri. Politika e unilateralizmit t\u00eb mazhoranc\u00ebs kan\u00eb krijuar vakum n\u00eb form\u00ebsimin e opinionit publik. Shoq\u00ebria shqiptare nuk ka tema diskutimi q\u00eb t\u00eb nxiten nga nj\u00eb vizion p\u00ebr t\u00eb nes\u00ebrmen. Temat \u201ce hidhura\u201d n\u00eb media shkojn\u00eb n\u00eb drejtim t\u00eb paditur. Historia e \u201cNazmijes\u201d sfidoi at\u00eb t\u00eb nj\u00eb ish-doganieri denoncues ndaj korrupsionit e cila po kalon n\u00eb heshtje sfilit\u00ebse.<\/p>\n<p>Nj\u00eb histori me humor t\u00eb hidhur ka risjell\u00eb diskutimin e lodhur p\u00ebr imunitetin\u2026! N\u00eb 6 gusht, u \u201clodh\u00ebm\u201d duke d\u00ebgjuar pse duhet votuar me nxitim dhe jo n\u00eb shtator. Arsyeja ishte integrimi europian. Tani, del q\u00eb shtatori \u00ebsht\u00eb her\u00ebt, koha nuk \u00ebsht\u00eb problemi dhe referendumi \u00ebsht\u00eb zgjidhja\u2026<\/p>\n<p>Imuniteti i politikan\u00ebve ka arritur nivelin e batut\u00ebs. Po t\u00eb besosh konferencat e shtypit t\u00eb mazhoranc\u00ebs duket sikur ajo q\u00eb ndodh shkon sipas parrull\u00ebs komike \u201cPD qeveris \u2013 PS korrupton\u201d!\u2026Ky avaz sazesh politike efektin nuk do ta ket\u00eb sot! Jo!<\/p>\n<p>Megjith\u00ebse patetike n\u00eb dukje, mendoj se publiku shqiptar ka nevoj\u00eb t\u00eb rishikoj\u00eb dram\u00ebn \u201cArturo Ui\u201d!\u2026 Kjo q\u00eb po ndodh \u00ebsht\u00eb nj\u00eb parath\u00ebnie e njohur. E kemi par\u00eb por nuk duam ta ripranojm\u00eb se po na rindodh! Jan\u00eb t\u00eb gjtha n\u00eb sken\u00ebn shqiptare t\u00eb vendosura deri n\u00eb ironi. I kemi para syve \u201caktor\u00ebt\u201d q\u00eb na ngjajn\u00eb me Xhirin, Xhivol\u00ebn dhe t\u00eb tjer\u00eb. \u201cDjegjen e magazinave t\u00eb Shitit\u201d e kemi po ashtu. Akuzat pa fund p\u00ebr konspiracion jan\u00eb n\u00eb nivelin e batut\u00ebs p\u00ebr nga ngjashm\u00ebria.<\/p>\n<p>Rideklarimet e Kryeministrit p\u00ebr \u201cgrushtin e shtetit\u201d t\u00eb 21 janarit jan\u00eb t\u00eb paimagjinueshme p\u00ebr t\u2019i konsideruar serioze. Ato po marrin pamjen e \u201cdjegjes se Rajhshtagut\u201d. T\u00eb akuzuar jan\u00eb t\u00eb gjith\u00eb kund\u00ebrshtar\u00ebt politik\u00eb t\u00eb qeveris\u00eb. Dhe historia nuk ka p\u00ebr t\u00eb mbaruar me kaq. K\u00ebto sinjale po marrin ngadal\u00eb pamjen e nj\u00eb kohe t\u00eb v\u00ebshtir\u00eb e cila po troket jo vet\u00ebm p\u00ebr ata q\u00eb b\u00ebjn\u00eb opozit\u00eb n\u00eb Shqip\u00ebri.<\/p>\n<p>Mosbesimi ndaj politik\u00ebs aktualisht \u00ebsht\u00eb n\u00eb kuota maksimale. Antipolitika edhe si \u201cves\u201d intelektual po nxit refuzimin ndaj politik\u00ebs dhe politikan\u00ebve. Ky fenomen shum\u00eb shpejt do t\u00eb prodhoj\u00eb protagonist\u00ebt e vet publik\u00eb. Viti 2013 (kaq i zymt\u00eb me 13-t\u00ebn n\u00eb fund) \u00ebsht\u00eb shanci q\u00eb antipolitika pret q\u00eb t\u00eb rindodhi si n\u00eb 1996. Dikush pas k\u00ebsaj, mos u cudisni ta shikoni duke lexuar \u201ctestamentin\u201d e falsifikuar t\u00eb plakut Dok Zboru.<\/p>\n<p>\u201cMir\u00ebseerdh\u00ebt n\u00eb agonin\u00eb tuaj!\u201d- Ky do t\u00eb ishte konkluzioni p\u00ebr zgjedhjet e manipuluara elektorale. P\u00ebr t\u00eb gjith\u00eb, pa p\u00ebrjashtim!<\/p>\n<p>Megjithat\u00eb! Shikojeni dram\u00ebn e t\u00eb madhit Bertolt Breht, \u201cArturo Ui\u201d, dhe vendosni vet\u00eb\u2026Sa do t\u00eb d\u00ebshiroja q\u00eb i gabuari t\u00eb isha un\u00eb. Padyshim!<\/p>\n","protected":false},"excerpt":{"rendered":"<p>Nga Pandeli Majko, 27 Gusht 2012 Shqip\u00ebria po vrapon drejt zgjedhjeve t\u00eb 2013. Eshte e kot\u00eb t\u00eb p\u00ebrpiqesh ti analizosh pritshm\u00ebrit\u00eb. Ato do t\u00eb jen\u00eb zgjedhjet m\u00eb t\u00eb paskrupullta q\u00eb pritet t\u00eb ken\u00eb par\u00eb syt\u00eb e publikut shqiptar pas viteve 90-t\u00eb. Konteksti i tyre ka filluar n\u00eb nj\u00eb shoq\u00ebri e cila ndjen pesh\u00ebn e krimit [&hellip;]<\/p>\n","protected":false},"author":1,"featured_media":0,"comment_status":"open","ping_status":"closed","sticky":false,"template":"","format":"standard","meta":{"footnotes":""},"categories":[2],"tags":[],"class_list":{"0":"post-12052","1":"post","2":"type-post","3":"status-publish","4":"format-standard","6":"category-artikuj"},"yoast_head":"<!-- This site is optimized with the Yoast SEO plugin v27.4 - https:\/\/yoast.com\/product\/yoast-seo-wordpress\/ -->\n<title>Pandeli Majko: Vendi si n\u00eb 1996, po p\u00ebrgatiten manipulimet e zgjedhjeve - FjALA e LIR\u00cb - Arkivi<\/title>\n<meta name=\"robots\" content=\"index, follow, max-snippet:-1, max-image-preview:large, max-video-preview:-1\" \/>\n<link rel=\"canonical\" href=\"https:\/\/fjala.info\/2009-2015\/pandeli-majko-vendi-si-ne-1996-po-pergatiten-manipulimet-e-zgjedhjeve\/\" \/>\n<meta property=\"og:locale\" content=\"sq_AL\" \/>\n<meta property=\"og:type\" content=\"article\" \/>\n<meta property=\"og:title\" content=\"Pandeli Majko: Vendi si n\u00eb 1996, po p\u00ebrgatiten manipulimet e zgjedhjeve - FjALA e LIR\u00cb - Arkivi\" \/>\n<meta property=\"og:description\" content=\"Nga Pandeli Majko, 27 Gusht 2012 Shqip\u00ebria po vrapon drejt zgjedhjeve t\u00eb 2013. Eshte e kot\u00eb t\u00eb p\u00ebrpiqesh ti analizosh pritshm\u00ebrit\u00eb. Ato do t\u00eb jen\u00eb zgjedhjet m\u00eb t\u00eb paskrupullta q\u00eb pritet t\u00eb ken\u00eb par\u00eb syt\u00eb e publikut shqiptar pas viteve 90-t\u00eb. Konteksti i tyre ka filluar n\u00eb nj\u00eb shoq\u00ebri e cila ndjen pesh\u00ebn e krimit [&hellip;]\" \/>\n<meta property=\"og:url\" content=\"https:\/\/fjala.info\/2009-2015\/pandeli-majko-vendi-si-ne-1996-po-pergatiten-manipulimet-e-zgjedhjeve\/\" \/>\n<meta property=\"og:site_name\" content=\"FjALA e LIR\u00cb - Arkivi\" \/>\n<meta property=\"article:published_time\" content=\"2012-08-27T08:35:07+00:00\" \/>\n<meta property=\"og:image\" content=\"http:\/\/www.fjala.info\/2012\/pandeli_majko.jpg\" \/>\n<meta name=\"author\" content=\"admin\" \/>\n<meta name=\"twitter:card\" content=\"summary_large_image\" \/>\n<meta name=\"twitter:label1\" content=\"Written by\" \/>\n\t<meta name=\"twitter:data1\" content=\"admin\" \/>\n\t<meta name=\"twitter:label2\" content=\"Est. reading time\" \/>\n\t<meta name=\"twitter:data2\" content=\"4 minutes\" \/>\n<script type=\"application\/ld+json\" class=\"yoast-schema-graph\">{\"@context\":\"https:\\\/\\\/schema.org\",\"@graph\":[{\"@type\":\"Article\",\"@id\":\"https:\\\/\\\/fjala.info\\\/2009-2015\\\/pandeli-majko-vendi-si-ne-1996-po-pergatiten-manipulimet-e-zgjedhjeve\\\/#article\",\"isPartOf\":{\"@id\":\"https:\\\/\\\/fjala.info\\\/2009-2015\\\/pandeli-majko-vendi-si-ne-1996-po-pergatiten-manipulimet-e-zgjedhjeve\\\/\"},\"author\":{\"name\":\"admin\",\"@id\":\"https:\\\/\\\/fjala.info\\\/2009-2015\\\/#\\\/schema\\\/person\\\/3aa1163ef05469c496fc94e77611ada2\"},\"headline\":\"Pandeli Majko: Vendi si n\u00eb 1996, po p\u00ebrgatiten manipulimet e zgjedhjeve\",\"datePublished\":\"2012-08-27T08:35:07+00:00\",\"mainEntityOfPage\":{\"@id\":\"https:\\\/\\\/fjala.info\\\/2009-2015\\\/pandeli-majko-vendi-si-ne-1996-po-pergatiten-manipulimet-e-zgjedhjeve\\\/\"},\"wordCount\":723,\"commentCount\":0,\"publisher\":{\"@id\":\"https:\\\/\\\/fjala.info\\\/2009-2015\\\/#organization\"},\"image\":{\"@id\":\"https:\\\/\\\/fjala.info\\\/2009-2015\\\/pandeli-majko-vendi-si-ne-1996-po-pergatiten-manipulimet-e-zgjedhjeve\\\/#primaryimage\"},\"thumbnailUrl\":\"http:\\\/\\\/www.fjala.info\\\/2012\\\/pandeli_majko.jpg\",\"articleSection\":[\"Artikuj\"],\"inLanguage\":\"sq-AL\",\"potentialAction\":[{\"@type\":\"CommentAction\",\"name\":\"Comment\",\"target\":[\"https:\\\/\\\/fjala.info\\\/2009-2015\\\/pandeli-majko-vendi-si-ne-1996-po-pergatiten-manipulimet-e-zgjedhjeve\\\/#respond\"]}]},{\"@type\":\"WebPage\",\"@id\":\"https:\\\/\\\/fjala.info\\\/2009-2015\\\/pandeli-majko-vendi-si-ne-1996-po-pergatiten-manipulimet-e-zgjedhjeve\\\/\",\"url\":\"https:\\\/\\\/fjala.info\\\/2009-2015\\\/pandeli-majko-vendi-si-ne-1996-po-pergatiten-manipulimet-e-zgjedhjeve\\\/\",\"name\":\"Pandeli Majko: Vendi si n\u00eb 1996, po p\u00ebrgatiten manipulimet e zgjedhjeve - FjALA e LIR\u00cb - Arkivi\",\"isPartOf\":{\"@id\":\"https:\\\/\\\/fjala.info\\\/2009-2015\\\/#website\"},\"primaryImageOfPage\":{\"@id\":\"https:\\\/\\\/fjala.info\\\/2009-2015\\\/pandeli-majko-vendi-si-ne-1996-po-pergatiten-manipulimet-e-zgjedhjeve\\\/#primaryimage\"},\"image\":{\"@id\":\"https:\\\/\\\/fjala.info\\\/2009-2015\\\/pandeli-majko-vendi-si-ne-1996-po-pergatiten-manipulimet-e-zgjedhjeve\\\/#primaryimage\"},\"thumbnailUrl\":\"http:\\\/\\\/www.fjala.info\\\/2012\\\/pandeli_majko.jpg\",\"datePublished\":\"2012-08-27T08:35:07+00:00\",\"breadcrumb\":{\"@id\":\"https:\\\/\\\/fjala.info\\\/2009-2015\\\/pandeli-majko-vendi-si-ne-1996-po-pergatiten-manipulimet-e-zgjedhjeve\\\/#breadcrumb\"},\"inLanguage\":\"sq-AL\",\"potentialAction\":[{\"@type\":\"ReadAction\",\"target\":[\"https:\\\/\\\/fjala.info\\\/2009-2015\\\/pandeli-majko-vendi-si-ne-1996-po-pergatiten-manipulimet-e-zgjedhjeve\\\/\"]}]},{\"@type\":\"ImageObject\",\"inLanguage\":\"sq-AL\",\"@id\":\"https:\\\/\\\/fjala.info\\\/2009-2015\\\/pandeli-majko-vendi-si-ne-1996-po-pergatiten-manipulimet-e-zgjedhjeve\\\/#primaryimage\",\"url\":\"http:\\\/\\\/www.fjala.info\\\/2012\\\/pandeli_majko.jpg\",\"contentUrl\":\"http:\\\/\\\/www.fjala.info\\\/2012\\\/pandeli_majko.jpg\"},{\"@type\":\"BreadcrumbList\",\"@id\":\"https:\\\/\\\/fjala.info\\\/2009-2015\\\/pandeli-majko-vendi-si-ne-1996-po-pergatiten-manipulimet-e-zgjedhjeve\\\/#breadcrumb\",\"itemListElement\":[{\"@type\":\"ListItem\",\"position\":1,\"name\":\"Home\",\"item\":\"https:\\\/\\\/fjala.info\\\/2009-2015\\\/\"},{\"@type\":\"ListItem\",\"position\":2,\"name\":\"Pandeli Majko: Vendi si n\u00eb 1996, po p\u00ebrgatiten manipulimet e zgjedhjeve\"}]},{\"@type\":\"WebSite\",\"@id\":\"https:\\\/\\\/fjala.info\\\/2009-2015\\\/#website\",\"url\":\"https:\\\/\\\/fjala.info\\\/2009-2015\\\/\",\"name\":\"FjALA e LIR\u00cb - Arkivi\",\"description\":\"Arkivi 2009-2015\",\"publisher\":{\"@id\":\"https:\\\/\\\/fjala.info\\\/2009-2015\\\/#organization\"},\"potentialAction\":[{\"@type\":\"SearchAction\",\"target\":{\"@type\":\"EntryPoint\",\"urlTemplate\":\"https:\\\/\\\/fjala.info\\\/2009-2015\\\/?s={search_term_string}\"},\"query-input\":{\"@type\":\"PropertyValueSpecification\",\"valueRequired\":true,\"valueName\":\"search_term_string\"}}],\"inLanguage\":\"sq-AL\"},{\"@type\":\"Organization\",\"@id\":\"https:\\\/\\\/fjala.info\\\/2009-2015\\\/#organization\",\"name\":\"FjALA e LIR\u00cb - Arkivi\",\"url\":\"https:\\\/\\\/fjala.info\\\/2009-2015\\\/\",\"logo\":{\"@type\":\"ImageObject\",\"inLanguage\":\"sq-AL\",\"@id\":\"https:\\\/\\\/fjala.info\\\/2009-2015\\\/#\\\/schema\\\/logo\\\/image\\\/\",\"url\":\"\",\"contentUrl\":\"\",\"caption\":\"FjALA e LIR\u00cb - Arkivi\"},\"image\":{\"@id\":\"https:\\\/\\\/fjala.info\\\/2009-2015\\\/#\\\/schema\\\/logo\\\/image\\\/\"}},{\"@type\":\"Person\",\"@id\":\"https:\\\/\\\/fjala.info\\\/2009-2015\\\/#\\\/schema\\\/person\\\/3aa1163ef05469c496fc94e77611ada2\",\"name\":\"admin\",\"image\":{\"@type\":\"ImageObject\",\"inLanguage\":\"sq-AL\",\"@id\":\"https:\\\/\\\/fjala.info\\\/2009-2015\\\/wp-content\\\/uploads\\\/2012\\\/02\\\/arben_cokaj-120x150.jpg\",\"url\":\"https:\\\/\\\/fjala.info\\\/2009-2015\\\/wp-content\\\/uploads\\\/2012\\\/02\\\/arben_cokaj-120x150.jpg\",\"contentUrl\":\"https:\\\/\\\/fjala.info\\\/2009-2015\\\/wp-content\\\/uploads\\\/2012\\\/02\\\/arben_cokaj-120x150.jpg\",\"caption\":\"admin\"},\"description\":\"Admin, Fjala e Lir\u00eb\",\"sameAs\":[\"https:\\\/\\\/fjala.info\\\/\"],\"url\":\"https:\\\/\\\/fjala.info\\\/2009-2015\\\/author\\\/admin\\\/\"}]}<\/script>\n<!-- \/ Yoast SEO plugin. -->","yoast_head_json":{"title":"Pandeli Majko: Vendi si n\u00eb 1996, po p\u00ebrgatiten manipulimet e zgjedhjeve - FjALA e LIR\u00cb - Arkivi","robots":{"index":"index","follow":"follow","max-snippet":"max-snippet:-1","max-image-preview":"max-image-preview:large","max-video-preview":"max-video-preview:-1"},"canonical":"https:\/\/fjala.info\/2009-2015\/pandeli-majko-vendi-si-ne-1996-po-pergatiten-manipulimet-e-zgjedhjeve\/","og_locale":"sq_AL","og_type":"article","og_title":"Pandeli Majko: Vendi si n\u00eb 1996, po p\u00ebrgatiten manipulimet e zgjedhjeve - FjALA e LIR\u00cb - Arkivi","og_description":"Nga Pandeli Majko, 27 Gusht 2012 Shqip\u00ebria po vrapon drejt zgjedhjeve t\u00eb 2013. Eshte e kot\u00eb t\u00eb p\u00ebrpiqesh ti analizosh pritshm\u00ebrit\u00eb. Ato do t\u00eb jen\u00eb zgjedhjet m\u00eb t\u00eb paskrupullta q\u00eb pritet t\u00eb ken\u00eb par\u00eb syt\u00eb e publikut shqiptar pas viteve 90-t\u00eb. Konteksti i tyre ka filluar n\u00eb nj\u00eb shoq\u00ebri e cila ndjen pesh\u00ebn e krimit [&hellip;]","og_url":"https:\/\/fjala.info\/2009-2015\/pandeli-majko-vendi-si-ne-1996-po-pergatiten-manipulimet-e-zgjedhjeve\/","og_site_name":"FjALA e LIR\u00cb - Arkivi","article_published_time":"2012-08-27T08:35:07+00:00","og_image":[{"url":"http:\/\/www.fjala.info\/2012\/pandeli_majko.jpg","type":"","width":"","height":""}],"author":"admin","twitter_card":"summary_large_image","twitter_misc":{"Written by":"admin","Est. reading time":"4 minutes"},"schema":{"@context":"https:\/\/schema.org","@graph":[{"@type":"Article","@id":"https:\/\/fjala.info\/2009-2015\/pandeli-majko-vendi-si-ne-1996-po-pergatiten-manipulimet-e-zgjedhjeve\/#article","isPartOf":{"@id":"https:\/\/fjala.info\/2009-2015\/pandeli-majko-vendi-si-ne-1996-po-pergatiten-manipulimet-e-zgjedhjeve\/"},"author":{"name":"admin","@id":"https:\/\/fjala.info\/2009-2015\/#\/schema\/person\/3aa1163ef05469c496fc94e77611ada2"},"headline":"Pandeli Majko: Vendi si n\u00eb 1996, po p\u00ebrgatiten manipulimet e zgjedhjeve","datePublished":"2012-08-27T08:35:07+00:00","mainEntityOfPage":{"@id":"https:\/\/fjala.info\/2009-2015\/pandeli-majko-vendi-si-ne-1996-po-pergatiten-manipulimet-e-zgjedhjeve\/"},"wordCount":723,"commentCount":0,"publisher":{"@id":"https:\/\/fjala.info\/2009-2015\/#organization"},"image":{"@id":"https:\/\/fjala.info\/2009-2015\/pandeli-majko-vendi-si-ne-1996-po-pergatiten-manipulimet-e-zgjedhjeve\/#primaryimage"},"thumbnailUrl":"http:\/\/www.fjala.info\/2012\/pandeli_majko.jpg","articleSection":["Artikuj"],"inLanguage":"sq-AL","potentialAction":[{"@type":"CommentAction","name":"Comment","target":["https:\/\/fjala.info\/2009-2015\/pandeli-majko-vendi-si-ne-1996-po-pergatiten-manipulimet-e-zgjedhjeve\/#respond"]}]},{"@type":"WebPage","@id":"https:\/\/fjala.info\/2009-2015\/pandeli-majko-vendi-si-ne-1996-po-pergatiten-manipulimet-e-zgjedhjeve\/","url":"https:\/\/fjala.info\/2009-2015\/pandeli-majko-vendi-si-ne-1996-po-pergatiten-manipulimet-e-zgjedhjeve\/","name":"Pandeli Majko: Vendi si n\u00eb 1996, po p\u00ebrgatiten manipulimet e zgjedhjeve - FjALA e LIR\u00cb - Arkivi","isPartOf":{"@id":"https:\/\/fjala.info\/2009-2015\/#website"},"primaryImageOfPage":{"@id":"https:\/\/fjala.info\/2009-2015\/pandeli-majko-vendi-si-ne-1996-po-pergatiten-manipulimet-e-zgjedhjeve\/#primaryimage"},"image":{"@id":"https:\/\/fjala.info\/2009-2015\/pandeli-majko-vendi-si-ne-1996-po-pergatiten-manipulimet-e-zgjedhjeve\/#primaryimage"},"thumbnailUrl":"http:\/\/www.fjala.info\/2012\/pandeli_majko.jpg","datePublished":"2012-08-27T08:35:07+00:00","breadcrumb":{"@id":"https:\/\/fjala.info\/2009-2015\/pandeli-majko-vendi-si-ne-1996-po-pergatiten-manipulimet-e-zgjedhjeve\/#breadcrumb"},"inLanguage":"sq-AL","potentialAction":[{"@type":"ReadAction","target":["https:\/\/fjala.info\/2009-2015\/pandeli-majko-vendi-si-ne-1996-po-pergatiten-manipulimet-e-zgjedhjeve\/"]}]},{"@type":"ImageObject","inLanguage":"sq-AL","@id":"https:\/\/fjala.info\/2009-2015\/pandeli-majko-vendi-si-ne-1996-po-pergatiten-manipulimet-e-zgjedhjeve\/#primaryimage","url":"http:\/\/www.fjala.info\/2012\/pandeli_majko.jpg","contentUrl":"http:\/\/www.fjala.info\/2012\/pandeli_majko.jpg"},{"@type":"BreadcrumbList","@id":"https:\/\/fjala.info\/2009-2015\/pandeli-majko-vendi-si-ne-1996-po-pergatiten-manipulimet-e-zgjedhjeve\/#breadcrumb","itemListElement":[{"@type":"ListItem","position":1,"name":"Home","item":"https:\/\/fjala.info\/2009-2015\/"},{"@type":"ListItem","position":2,"name":"Pandeli Majko: Vendi si n\u00eb 1996, po p\u00ebrgatiten manipulimet e zgjedhjeve"}]},{"@type":"WebSite","@id":"https:\/\/fjala.info\/2009-2015\/#website","url":"https:\/\/fjala.info\/2009-2015\/","name":"FjALA e LIR\u00cb - Arkivi","description":"Arkivi 2009-2015","publisher":{"@id":"https:\/\/fjala.info\/2009-2015\/#organization"},"potentialAction":[{"@type":"SearchAction","target":{"@type":"EntryPoint","urlTemplate":"https:\/\/fjala.info\/2009-2015\/?s={search_term_string}"},"query-input":{"@type":"PropertyValueSpecification","valueRequired":true,"valueName":"search_term_string"}}],"inLanguage":"sq-AL"},{"@type":"Organization","@id":"https:\/\/fjala.info\/2009-2015\/#organization","name":"FjALA e LIR\u00cb - Arkivi","url":"https:\/\/fjala.info\/2009-2015\/","logo":{"@type":"ImageObject","inLanguage":"sq-AL","@id":"https:\/\/fjala.info\/2009-2015\/#\/schema\/logo\/image\/","url":"","contentUrl":"","caption":"FjALA e LIR\u00cb - Arkivi"},"image":{"@id":"https:\/\/fjala.info\/2009-2015\/#\/schema\/logo\/image\/"}},{"@type":"Person","@id":"https:\/\/fjala.info\/2009-2015\/#\/schema\/person\/3aa1163ef05469c496fc94e77611ada2","name":"admin","image":{"@type":"ImageObject","inLanguage":"sq-AL","@id":"https:\/\/fjala.info\/2009-2015\/wp-content\/uploads\/2012\/02\/arben_cokaj-120x150.jpg","url":"https:\/\/fjala.info\/2009-2015\/wp-content\/uploads\/2012\/02\/arben_cokaj-120x150.jpg","contentUrl":"https:\/\/fjala.info\/2009-2015\/wp-content\/uploads\/2012\/02\/arben_cokaj-120x150.jpg","caption":"admin"},"description":"Admin, Fjala e Lir\u00eb","sameAs":["https:\/\/fjala.info\/"],"url":"https:\/\/fjala.info\/2009-2015\/author\/admin\/"}]}},"_links":{"self":[{"href":"https:\/\/fjala.info\/2009-2015\/wp-json\/wp\/v2\/posts\/12052","targetHints":{"allow":["GET"]}}],"collection":[{"href":"https:\/\/fjala.info\/2009-2015\/wp-json\/wp\/v2\/posts"}],"about":[{"href":"https:\/\/fjala.info\/2009-2015\/wp-json\/wp\/v2\/types\/post"}],"author":[{"embeddable":true,"href":"https:\/\/fjala.info\/2009-2015\/wp-json\/wp\/v2\/users\/1"}],"replies":[{"embeddable":true,"href":"https:\/\/fjala.info\/2009-2015\/wp-json\/wp\/v2\/comments?post=12052"}],"version-history":[{"count":0,"href":"https:\/\/fjala.info\/2009-2015\/wp-json\/wp\/v2\/posts\/12052\/revisions"}],"wp:attachment":[{"href":"https:\/\/fjala.info\/2009-2015\/wp-json\/wp\/v2\/media?parent=12052"}],"wp:term":[{"taxonomy":"category","embeddable":true,"href":"https:\/\/fjala.info\/2009-2015\/wp-json\/wp\/v2\/categories?post=12052"},{"taxonomy":"post_tag","embeddable":true,"href":"https:\/\/fjala.info\/2009-2015\/wp-json\/wp\/v2\/tags?post=12052"}],"curies":[{"name":"wp","href":"https:\/\/api.w.org\/{rel}","templated":true}]}}