{"id":12050,"date":"2012-08-26T10:01:18","date_gmt":"2012-08-26T09:01:18","guid":{"rendered":"http:\/\/www.fjala.info\/?p=4681"},"modified":"2012-08-26T10:01:18","modified_gmt":"2012-08-26T09:01:18","slug":"at-nikoll-marku-statuti-i-kishes-qeveria-pakt-me-janullatos","status":"publish","type":"post","link":"https:\/\/fjala.info\/2009-2015\/at-nikoll-marku-statuti-i-kishes-qeveria-pakt-me-janullatos\/","title":{"rendered":"At Nikoll Marku: Statuti i Kish\u00ebs, Qeveria pakt me Janullatos"},"content":{"rendered":"<p><img decoding=\"async\" class=\"alignright size-thumbnail wp-image-7236\" title=\"At Nikoll Marku\" src=\"http:\/\/www.fjala.info\/2012\/at_nikoll_marku.jpg\" alt=\"\" width=\"200\" \/> Veprimtaria e Janullatosit, si kjo e fundit n\u00eb takim me deputetin grek neonazist t\u00eb Agimit t\u00eb Art\u00eb n\u00eb Himar\u00eb, ku ky i fundit b\u00ebri thirrje n\u00eb mes t\u00eb Himar\u00ebs p\u00ebr t\u00eb marr\u00eb Vorio Epirin, nuk mund t\u00eb fshihet pas gishtit. Un\u00eb nuk kam vjedhur kurr\u00eb n\u00eb jet\u00ebn time si\u00e7 \u00ebsht\u00eb m\u00ebsuar Janullatos, duke mbajtur peng pavar\u00ebsin\u00eb e Kish\u00ebs Ortodokse Shqiptare.<\/p>\n<p>P\u00ebr dijeni t\u00eb opinionit, un\u00eb e kam mbaruar kursin n\u00eb Durr\u00ebs deri n\u00eb fund n\u00eb vitin 1994. U caktova m\u00ebsues i katekizmit p\u00ebr kish\u00ebn, k\u00ebshtu q\u00eb p\u00ebrjashtimi im m\u00eb 1992 nuk ekziston. Thjesht Komiteti p\u00ebr Mbrojtjen e Pavar\u00ebsis\u00eb s\u00eb Kish\u00ebs Ortodokse dhe bashk\u00eb me K\u00ebshillin e kish\u00ebs, vet\u00ebm nj\u00eb armik t\u00eb drejtp\u00ebrdrejt\u00eb kemi, ai \u00ebsht\u00eb Janullatos. \u00c7do shqiptar tjet\u00ebr \u00ebsht\u00eb i falur nga ne kurse ai kurr\u00eb, sepse veprimtaria e tij nuk \u00ebsht\u00eb fetare, por politike dhe shoviniste.<\/p>\n<p>N\u00eb replik\u00ebn e tij, Janullatos i anashkalon pyetjet tona dhe merret me fjal\u00eb dhe akuza bajate kund\u00ebr meje. Sa p\u00ebr shpifjet se jam hajdut apo qesharak, ata q\u00eb m\u00eb njohin e din\u00eb mir\u00eb se un\u00eb nuk jam hajdut dhe as qesharak. Le t\u00eb p\u00ebrballemi Janullatos ku t\u00eb duash ti, n\u00eb \u00e7do media, qoft\u00eb dhe greke e do t\u00eb shohim se me argumenta g\u00ebnjeshtar dhe qesharak do t\u00eb mbetesh ti.<\/p>\n<p>Sa p\u00ebr ato forume nd\u00ebrkomb\u00ebtare, q\u00eb me t\u00eb v\u00ebrtet jan\u00eb qesharake, jan\u00eb forume t\u00eb krijuara nga ai vet\u00eb me financa fondamentaliste greke, n\u00eb sh\u00ebrbim t\u00eb helenizmit. T\u00eb tilla OJQ, mund t\u00eb krijojm\u00eb sa t\u00eb duash dhe me emra bombastike por, ne nuk g\u00ebnjejm\u00eb as veten, as kombin, dhe as njer\u00ebzimin me fantazma institucionale, q\u00eb nuk kan\u00eb asnj\u00eb rol t\u00eb dobish\u00ebm p\u00ebrve\u00e7 p\u00ebrfitimeve t\u00eb atij vet\u00eb.<\/p>\n<p>P\u00ebr dijeni t\u00eb opinionit publik, statuti i kish\u00ebs i vitit 1929 i miratuar n\u00eb Kor\u00e7\u00eb, n\u00eb nenin 3, p\u00ebrcakton &#8220;<strong>gjuha zyrtare e kish\u00ebs \u00ebsht\u00eb Shqipja<\/strong>&#8221; n\u00eb nenin 4 &#8220;<strong>autoriteti ma i nalt\u00eb i Kish\u00ebs Ortodokse Autoqefale Shqiptare, \u00ebsht\u00eb Sinodi i Shenjt\u00eb Peshkopal i p\u00ebrb\u00ebr\u00eb prej Peshkop\u00ebve aktive t\u00eb \u00e7do dioqeze, prej Ikonomit t\u00eb madh Mitrofor dhe i kryesuar prej Mitropolitit t\u00eb qendr\u00ebs, Kryepeshkopit t\u00eb gjith\u00eb Shqip\u00ebris\u00eb<\/strong>&#8220;. Neni 16 p\u00ebrcakton &#8220;<strong>Kryepeshkopi, Peshkop\u00ebt, z\u00ebvend\u00ebsit e tyre lokale, Ikonomi i madh Mitrofor, sekretari i p\u00ebrgjithsh\u00ebm i Sinodit, si dhe ndihm\u00ebsit e z\u00ebvend\u00ebsit klerik\u00eb t\u00eb Kryepeshkopit dhe t\u00eb Peshkop\u00ebve, duhet t\u00eb jen\u00eb prej gjaku, gjuhe shqiptar si dhe t\u00eb ken\u00eb n\u00ebnshtet\u00ebsin\u00eb shqiptare<\/strong>&#8220;. Neni 27 p\u00ebrcakton &#8220;<strong>Kryepeshkopi dhe Peshkop\u00ebt em\u00ebrojn\u00eb z\u00ebvend\u00ebsit e tyre n\u00eb konform me nenin 16 t\u00eb k\u00ebtij statuti<\/strong>&#8220;.<\/p>\n<p>Statuti ka dhe pika t\u00eb tjera t\u00eb r\u00ebnd\u00ebsishme, por kaq mjafton, p\u00ebr t\u00eb kuptuar se sa e ligjshme \u00ebsht\u00eb marr\u00ebveshja Qeveri-Janullatos. Ky statut \u00ebsht\u00eb miratuar dhe nga Patriarkana e Stambollit me vendim t\u00eb posa\u00e7\u00ebm q\u00eb quhet, vendimi TOMAS i vitit 1937 kur Kryepeshkop ishte hir\u00ebsia e tij Visarjon Xhuvani. Vendimi i Patriarkan\u00ebs presupozohet i p\u00ebrjetsh\u00ebm. Madje, n\u00eb statutin e Patriarkan\u00ebs s\u00eb Stambollit, ka nen t\u00eb posa\u00e7\u00ebm si\u00e7 \u00ebsht\u00eb neni 34, i cili p\u00ebrcakton &#8220;<em>kreu i kish\u00ebs t\u00eb jet\u00eb prej gjaku, gjuhe i rac\u00ebs s\u00eb vet<\/em>&#8220;. Me t\u00eb drejt\u00eb pyesim \u00e7do besimtar t\u00eb ndersh\u00ebm se si \u00ebsht\u00eb p\u00ebrb\u00ebrja e kuadrit tani n\u00eb kish\u00eb?<\/p>\n<p>A kemi shqiptar\u00eb t\u00eb v\u00ebrtet\u00eb? Sa grek\u00eb kemi tek k\u00ebto forume? Me k\u00ebto q\u00eb po shkruajm\u00eb ne nuk g\u00ebnjejm\u00eb. Janullatos, ti erdhe n\u00eb Shqip\u00ebri p\u00ebr munges\u00eb kuadri, sepse nj\u00eb pjes\u00eb vdiq\u00ebn n\u00eb burgje dhe disa gjat\u00eb jet\u00ebs. Se si njiheshe ti me Ylli Pop\u00ebn dhe m\u00eb pas me Ramiz Alin\u00eb, k\u00ebt\u00eb le ta sqarojn\u00eb ata q\u00eb jan\u00eb gjall\u00eb, por pazari i turpsh\u00ebm dhe tradhtar ishte b\u00ebr\u00eb, q\u00eb ti t\u00eb q\u00ebndroje 10 vjet n\u00eb Shqip\u00ebri 1991-2001. \u00c7far\u00eb k\u00ebrkon m\u00eb tej tani? Kur u larguat n\u00eb vitin 1997 drejt Italis\u00eb, ju e dini mir\u00eb se \u00e7far\u00eb i deklaruat televizionit RAI.<\/p>\n<p>Ajo q\u00eb fol\u00ebt ju, mjaftonte q\u00eb ti t\u00eb mos shkelje m\u00eb n\u00eb k\u00ebt\u00eb vend dhe popull t\u00eb urt\u00eb. Ne nuk na duhen fjalimet e tua n\u00eb organizma mafioze e gjoja teologjike, apo fetare, kur thuhet e flitet n\u00eb em\u00ebr t\u00eb kish\u00ebs Shqiptare greqisht. Kaq mjafton p\u00ebr t\u00eb n\u00ebnkuptuar d\u00ebmin q\u00eb b\u00ebni ju, n\u00eb krye t\u00eb kish\u00ebs, sepse m\u00eb pas vjen politika greke diskriminuese dhe shoviniste, me k\u00ebrkesa p\u00ebr Vorio Epirin. Ne nuk do ta p\u00ebrmendim emrin t\u00ebnd Janullatos n\u00eb kish\u00eb kurr\u00eb si Kryepeshkop, sepse p\u00ebr ne Kryepeshkop\u00eb jan\u00eb, Fan Noli me at\u00eb statut t\u00eb past\u00ebr si drita e diellit, Visarjon Xhuvani dhe Kristofor Kisi.<\/p>\n<p>Mos spekulo me mungesat e ligjit n\u00eb vitet e para t\u00eb demokracis\u00eb, dhe mos keqinterpreto veprimtarin\u00eb ton\u00eb kishtare dhe besimplot\u00eb, me terma tregtare, sepse \u00ebsht\u00eb nj\u00eb rr\u00ebshqitje p\u00ebr keq nga zemra juaj. Ta dish mir\u00eb ti dhe kushdo q\u00eb t\u00eb p\u00ebrdor ty se, Zoti as nuk fillon tek ty dhe as nuk mbaron tek nj\u00eb pseudo marr\u00ebveshje. Janullatos, ju shfryt\u00ebzoni shtetin grek, p\u00ebr ti b\u00ebr\u00eb presion politik\u00ebs ekzekutive t\u00eb \u00e7do ngjyre k\u00ebtu n\u00eb Shqip\u00ebri, p\u00ebr t\u00eb realizuar q\u00ebllimet tuaja, p\u00ebr shnd\u00ebrrimin e Vorio Epirit n\u00eb krahin\u00eb helene. Deri tani keni b\u00ebr\u00eb shum\u00eb, sepse disa komponent\u00eb q\u00eb duhen p\u00ebrball\u00eb organizmave nd\u00ebrkomb\u00ebtare, po i realizoni me mendjen tuaj dhe firmat e shefave shqiptar\u00eb.<\/p>\n<p>Kish\u00ebn Ortodokse po e paraqisni greke jasht\u00eb shtetit, monument varrezash ushtar\u00ebsh grek\u00eb e b\u00ebt\u00eb n\u00eb K\u00eblcyr\u00eb, emigrant\u00ebt i detyron shteti grek t\u00eb thon\u00eb jam Vorio Epiriot, disa biznesmen\u00eb i keni gati k\u00ebtu me para, shkolla greke po hapen dhe aty ku nuk ka emigrant\u00eb Grek\u00eb, dhe censusin e b\u00ebt\u00eb sipas qejfit, etj. \u00c7far\u00eb ka ngelur m\u00eb p\u00ebr t\u00eb b\u00ebr\u00eb ky njeri pyesim shqiptar\u00ebt tan\u00eb? Janullatos, ti do t\u00eb p\u00ebrgjigjesh p\u00ebr s\u00eb gjalli para popullit Shqiptar dhe drejt\u00ebsis\u00eb, p\u00ebr vjedhje t\u00eb veprave mistike fetare, n\u00eb kishat e Shqip\u00ebris\u00eb, si dhe p\u00ebr shkelje t\u00eb sovranitetit Shqiptar, si territorial ashtu dhe historik. P\u00ebrgjigju pyetjeve tona drejtp\u00ebrdrejt dhe mos i bjer nga Kina themi ne shqiptar\u00ebt.<\/p>\n<p>Ke qen\u00eb kund\u00ebr bombardimeve t\u00eb NATO-s mbi ushtrin\u00eb kanibale t\u00eb Milloshevi\u00e7it?<br \/>\nE njeh Kosov\u00ebn t\u00eb pavarur?<br \/>\nI mb\u00ebshtet k\u00ebrkesat e shqiptar\u00ebve \u00c7am\u00eb ortodoks\u00eb?<br \/>\nB\u00ebn transparenc\u00eb t\u00eb financimeve se nga t\u00eb vijn\u00eb?<br \/>\nIshe organizator i mesh\u00ebs p\u00ebr vorio Epirin n\u00eb Janin\u00eb?<br \/>\n\u00c7far\u00eb ju lidh juve me OMONIA-n, Vangjel Dulen dhe Vasil Bollanon p\u00ebrve\u00e7 besimit?<br \/>\n\u00c7far\u00eb biseduat me fantazmat e Hitlerit n\u00eb Himar\u00eb?<\/p>\n<p>S\u00eb shpejti, ne do t\u00eb organizojm\u00eb nj\u00eb Kongres Simpozium me tem\u00eb &#8220;<strong>\u00c7lirimi i Kish\u00ebs Ortodokse nga helenizmi dhe organizimi i saj mbi baza Shqiptare<\/strong>&#8220;. N\u00eb at\u00eb kongres me besimtar\u00eb ortodoks\u00eb shqiptar\u00eb, do t\u00eb fuqizojm\u00eb statutin e Nolit dhe do t\u00eb djegim \u00e7do pseudomarr\u00ebveshje me prapavij\u00eb shovinizmin Grek. Gjithsesi, takohemi m\u00eb 28 n\u00ebntor 2012 n\u00eb Katedralen Ngjallja e Krishtit Tiran\u00eb n\u00eb mesh\u00ebn p\u00ebr Pavar\u00ebsin\u00eb e Shqip\u00ebris\u00eb.<\/p>\n<p>KOMITETI P\u00cbR MBROJTJEN E PAVARESIS\u00cb SE KISH\u00cbS ORTODOKSE KOMB\u00cbTARE SHQIPTARE<br \/>\nK\u00cbSHILLI I KISH\u00cbS SH\u00cbN MARIA ELBASAN<br \/>\n<strong>AT NIKOLLA MARKU<\/strong><\/p>\n","protected":false},"excerpt":{"rendered":"<p>Veprimtaria e Janullatosit, si kjo e fundit n\u00eb takim me deputetin grek neonazist t\u00eb Agimit t\u00eb Art\u00eb n\u00eb Himar\u00eb, ku ky i fundit b\u00ebri thirrje n\u00eb mes t\u00eb Himar\u00ebs p\u00ebr t\u00eb marr\u00eb Vorio Epirin, nuk mund t\u00eb fshihet pas gishtit. Un\u00eb nuk kam vjedhur kurr\u00eb n\u00eb jet\u00ebn time si\u00e7 \u00ebsht\u00eb m\u00ebsuar Janullatos, duke mbajtur peng [&hellip;]<\/p>\n","protected":false},"author":1,"featured_media":0,"comment_status":"open","ping_status":"closed","sticky":false,"template":"","format":"standard","meta":{"footnotes":""},"categories":[2],"tags":[],"class_list":{"0":"post-12050","1":"post","2":"type-post","3":"status-publish","4":"format-standard","6":"category-artikuj"},"yoast_head":"<!-- This site is optimized with the Yoast SEO plugin v27.4 - https:\/\/yoast.com\/product\/yoast-seo-wordpress\/ -->\n<title>At Nikoll Marku: Statuti i Kish\u00ebs, Qeveria pakt me Janullatos - FjALA e LIR\u00cb - Arkivi<\/title>\n<meta name=\"robots\" content=\"index, follow, max-snippet:-1, max-image-preview:large, max-video-preview:-1\" \/>\n<link rel=\"canonical\" href=\"https:\/\/fjala.info\/2009-2015\/at-nikoll-marku-statuti-i-kishes-qeveria-pakt-me-janullatos\/\" \/>\n<meta property=\"og:locale\" content=\"sq_AL\" \/>\n<meta property=\"og:type\" content=\"article\" \/>\n<meta property=\"og:title\" content=\"At Nikoll Marku: Statuti i Kish\u00ebs, Qeveria pakt me Janullatos - FjALA e LIR\u00cb - Arkivi\" \/>\n<meta property=\"og:description\" content=\"Veprimtaria e Janullatosit, si kjo e fundit n\u00eb takim me deputetin grek neonazist t\u00eb Agimit t\u00eb Art\u00eb n\u00eb Himar\u00eb, ku ky i fundit b\u00ebri thirrje n\u00eb mes t\u00eb Himar\u00ebs p\u00ebr t\u00eb marr\u00eb Vorio Epirin, nuk mund t\u00eb fshihet pas gishtit. Un\u00eb nuk kam vjedhur kurr\u00eb n\u00eb jet\u00ebn time si\u00e7 \u00ebsht\u00eb m\u00ebsuar Janullatos, duke mbajtur peng [&hellip;]\" \/>\n<meta property=\"og:url\" content=\"https:\/\/fjala.info\/2009-2015\/at-nikoll-marku-statuti-i-kishes-qeveria-pakt-me-janullatos\/\" \/>\n<meta property=\"og:site_name\" content=\"FjALA e LIR\u00cb - Arkivi\" \/>\n<meta property=\"article:published_time\" content=\"2012-08-26T09:01:18+00:00\" \/>\n<meta property=\"og:image\" content=\"http:\/\/www.fjala.info\/2012\/at_nikoll_marku.jpg\" \/>\n<meta name=\"author\" content=\"admin\" \/>\n<meta name=\"twitter:card\" content=\"summary_large_image\" \/>\n<meta name=\"twitter:label1\" content=\"Written by\" \/>\n\t<meta name=\"twitter:data1\" content=\"admin\" \/>\n\t<meta name=\"twitter:label2\" content=\"Est. reading time\" \/>\n\t<meta name=\"twitter:data2\" content=\"6 minutes\" \/>\n<script type=\"application\/ld+json\" class=\"yoast-schema-graph\">{\"@context\":\"https:\\\/\\\/schema.org\",\"@graph\":[{\"@type\":\"Article\",\"@id\":\"https:\\\/\\\/fjala.info\\\/2009-2015\\\/at-nikoll-marku-statuti-i-kishes-qeveria-pakt-me-janullatos\\\/#article\",\"isPartOf\":{\"@id\":\"https:\\\/\\\/fjala.info\\\/2009-2015\\\/at-nikoll-marku-statuti-i-kishes-qeveria-pakt-me-janullatos\\\/\"},\"author\":{\"name\":\"admin\",\"@id\":\"https:\\\/\\\/fjala.info\\\/2009-2015\\\/#\\\/schema\\\/person\\\/3aa1163ef05469c496fc94e77611ada2\"},\"headline\":\"At Nikoll Marku: Statuti i Kish\u00ebs, Qeveria pakt me Janullatos\",\"datePublished\":\"2012-08-26T09:01:18+00:00\",\"mainEntityOfPage\":{\"@id\":\"https:\\\/\\\/fjala.info\\\/2009-2015\\\/at-nikoll-marku-statuti-i-kishes-qeveria-pakt-me-janullatos\\\/\"},\"wordCount\":1239,\"commentCount\":2,\"publisher\":{\"@id\":\"https:\\\/\\\/fjala.info\\\/2009-2015\\\/#organization\"},\"image\":{\"@id\":\"https:\\\/\\\/fjala.info\\\/2009-2015\\\/at-nikoll-marku-statuti-i-kishes-qeveria-pakt-me-janullatos\\\/#primaryimage\"},\"thumbnailUrl\":\"http:\\\/\\\/www.fjala.info\\\/2012\\\/at_nikoll_marku.jpg\",\"articleSection\":[\"Artikuj\"],\"inLanguage\":\"sq-AL\",\"potentialAction\":[{\"@type\":\"CommentAction\",\"name\":\"Comment\",\"target\":[\"https:\\\/\\\/fjala.info\\\/2009-2015\\\/at-nikoll-marku-statuti-i-kishes-qeveria-pakt-me-janullatos\\\/#respond\"]}]},{\"@type\":\"WebPage\",\"@id\":\"https:\\\/\\\/fjala.info\\\/2009-2015\\\/at-nikoll-marku-statuti-i-kishes-qeveria-pakt-me-janullatos\\\/\",\"url\":\"https:\\\/\\\/fjala.info\\\/2009-2015\\\/at-nikoll-marku-statuti-i-kishes-qeveria-pakt-me-janullatos\\\/\",\"name\":\"At Nikoll Marku: Statuti i Kish\u00ebs, Qeveria pakt me Janullatos - FjALA e LIR\u00cb - Arkivi\",\"isPartOf\":{\"@id\":\"https:\\\/\\\/fjala.info\\\/2009-2015\\\/#website\"},\"primaryImageOfPage\":{\"@id\":\"https:\\\/\\\/fjala.info\\\/2009-2015\\\/at-nikoll-marku-statuti-i-kishes-qeveria-pakt-me-janullatos\\\/#primaryimage\"},\"image\":{\"@id\":\"https:\\\/\\\/fjala.info\\\/2009-2015\\\/at-nikoll-marku-statuti-i-kishes-qeveria-pakt-me-janullatos\\\/#primaryimage\"},\"thumbnailUrl\":\"http:\\\/\\\/www.fjala.info\\\/2012\\\/at_nikoll_marku.jpg\",\"datePublished\":\"2012-08-26T09:01:18+00:00\",\"breadcrumb\":{\"@id\":\"https:\\\/\\\/fjala.info\\\/2009-2015\\\/at-nikoll-marku-statuti-i-kishes-qeveria-pakt-me-janullatos\\\/#breadcrumb\"},\"inLanguage\":\"sq-AL\",\"potentialAction\":[{\"@type\":\"ReadAction\",\"target\":[\"https:\\\/\\\/fjala.info\\\/2009-2015\\\/at-nikoll-marku-statuti-i-kishes-qeveria-pakt-me-janullatos\\\/\"]}]},{\"@type\":\"ImageObject\",\"inLanguage\":\"sq-AL\",\"@id\":\"https:\\\/\\\/fjala.info\\\/2009-2015\\\/at-nikoll-marku-statuti-i-kishes-qeveria-pakt-me-janullatos\\\/#primaryimage\",\"url\":\"http:\\\/\\\/www.fjala.info\\\/2012\\\/at_nikoll_marku.jpg\",\"contentUrl\":\"http:\\\/\\\/www.fjala.info\\\/2012\\\/at_nikoll_marku.jpg\"},{\"@type\":\"BreadcrumbList\",\"@id\":\"https:\\\/\\\/fjala.info\\\/2009-2015\\\/at-nikoll-marku-statuti-i-kishes-qeveria-pakt-me-janullatos\\\/#breadcrumb\",\"itemListElement\":[{\"@type\":\"ListItem\",\"position\":1,\"name\":\"Home\",\"item\":\"https:\\\/\\\/fjala.info\\\/2009-2015\\\/\"},{\"@type\":\"ListItem\",\"position\":2,\"name\":\"At Nikoll Marku: Statuti i Kish\u00ebs, Qeveria pakt me Janullatos\"}]},{\"@type\":\"WebSite\",\"@id\":\"https:\\\/\\\/fjala.info\\\/2009-2015\\\/#website\",\"url\":\"https:\\\/\\\/fjala.info\\\/2009-2015\\\/\",\"name\":\"FjALA e LIR\u00cb - Arkivi\",\"description\":\"Arkivi 2009-2015\",\"publisher\":{\"@id\":\"https:\\\/\\\/fjala.info\\\/2009-2015\\\/#organization\"},\"potentialAction\":[{\"@type\":\"SearchAction\",\"target\":{\"@type\":\"EntryPoint\",\"urlTemplate\":\"https:\\\/\\\/fjala.info\\\/2009-2015\\\/?s={search_term_string}\"},\"query-input\":{\"@type\":\"PropertyValueSpecification\",\"valueRequired\":true,\"valueName\":\"search_term_string\"}}],\"inLanguage\":\"sq-AL\"},{\"@type\":\"Organization\",\"@id\":\"https:\\\/\\\/fjala.info\\\/2009-2015\\\/#organization\",\"name\":\"FjALA e LIR\u00cb - Arkivi\",\"url\":\"https:\\\/\\\/fjala.info\\\/2009-2015\\\/\",\"logo\":{\"@type\":\"ImageObject\",\"inLanguage\":\"sq-AL\",\"@id\":\"https:\\\/\\\/fjala.info\\\/2009-2015\\\/#\\\/schema\\\/logo\\\/image\\\/\",\"url\":\"\",\"contentUrl\":\"\",\"caption\":\"FjALA e LIR\u00cb - Arkivi\"},\"image\":{\"@id\":\"https:\\\/\\\/fjala.info\\\/2009-2015\\\/#\\\/schema\\\/logo\\\/image\\\/\"}},{\"@type\":\"Person\",\"@id\":\"https:\\\/\\\/fjala.info\\\/2009-2015\\\/#\\\/schema\\\/person\\\/3aa1163ef05469c496fc94e77611ada2\",\"name\":\"admin\",\"image\":{\"@type\":\"ImageObject\",\"inLanguage\":\"sq-AL\",\"@id\":\"https:\\\/\\\/fjala.info\\\/2009-2015\\\/wp-content\\\/uploads\\\/2012\\\/02\\\/arben_cokaj-120x150.jpg\",\"url\":\"https:\\\/\\\/fjala.info\\\/2009-2015\\\/wp-content\\\/uploads\\\/2012\\\/02\\\/arben_cokaj-120x150.jpg\",\"contentUrl\":\"https:\\\/\\\/fjala.info\\\/2009-2015\\\/wp-content\\\/uploads\\\/2012\\\/02\\\/arben_cokaj-120x150.jpg\",\"caption\":\"admin\"},\"description\":\"Admin, Fjala e Lir\u00eb\",\"sameAs\":[\"https:\\\/\\\/fjala.info\\\/\"],\"url\":\"https:\\\/\\\/fjala.info\\\/2009-2015\\\/author\\\/admin\\\/\"}]}<\/script>\n<!-- \/ Yoast SEO plugin. -->","yoast_head_json":{"title":"At Nikoll Marku: Statuti i Kish\u00ebs, Qeveria pakt me Janullatos - FjALA e LIR\u00cb - Arkivi","robots":{"index":"index","follow":"follow","max-snippet":"max-snippet:-1","max-image-preview":"max-image-preview:large","max-video-preview":"max-video-preview:-1"},"canonical":"https:\/\/fjala.info\/2009-2015\/at-nikoll-marku-statuti-i-kishes-qeveria-pakt-me-janullatos\/","og_locale":"sq_AL","og_type":"article","og_title":"At Nikoll Marku: Statuti i Kish\u00ebs, Qeveria pakt me Janullatos - FjALA e LIR\u00cb - Arkivi","og_description":"Veprimtaria e Janullatosit, si kjo e fundit n\u00eb takim me deputetin grek neonazist t\u00eb Agimit t\u00eb Art\u00eb n\u00eb Himar\u00eb, ku ky i fundit b\u00ebri thirrje n\u00eb mes t\u00eb Himar\u00ebs p\u00ebr t\u00eb marr\u00eb Vorio Epirin, nuk mund t\u00eb fshihet pas gishtit. Un\u00eb nuk kam vjedhur kurr\u00eb n\u00eb jet\u00ebn time si\u00e7 \u00ebsht\u00eb m\u00ebsuar Janullatos, duke mbajtur peng [&hellip;]","og_url":"https:\/\/fjala.info\/2009-2015\/at-nikoll-marku-statuti-i-kishes-qeveria-pakt-me-janullatos\/","og_site_name":"FjALA e LIR\u00cb - Arkivi","article_published_time":"2012-08-26T09:01:18+00:00","og_image":[{"url":"http:\/\/www.fjala.info\/2012\/at_nikoll_marku.jpg","type":"","width":"","height":""}],"author":"admin","twitter_card":"summary_large_image","twitter_misc":{"Written by":"admin","Est. reading time":"6 minutes"},"schema":{"@context":"https:\/\/schema.org","@graph":[{"@type":"Article","@id":"https:\/\/fjala.info\/2009-2015\/at-nikoll-marku-statuti-i-kishes-qeveria-pakt-me-janullatos\/#article","isPartOf":{"@id":"https:\/\/fjala.info\/2009-2015\/at-nikoll-marku-statuti-i-kishes-qeveria-pakt-me-janullatos\/"},"author":{"name":"admin","@id":"https:\/\/fjala.info\/2009-2015\/#\/schema\/person\/3aa1163ef05469c496fc94e77611ada2"},"headline":"At Nikoll Marku: Statuti i Kish\u00ebs, Qeveria pakt me Janullatos","datePublished":"2012-08-26T09:01:18+00:00","mainEntityOfPage":{"@id":"https:\/\/fjala.info\/2009-2015\/at-nikoll-marku-statuti-i-kishes-qeveria-pakt-me-janullatos\/"},"wordCount":1239,"commentCount":2,"publisher":{"@id":"https:\/\/fjala.info\/2009-2015\/#organization"},"image":{"@id":"https:\/\/fjala.info\/2009-2015\/at-nikoll-marku-statuti-i-kishes-qeveria-pakt-me-janullatos\/#primaryimage"},"thumbnailUrl":"http:\/\/www.fjala.info\/2012\/at_nikoll_marku.jpg","articleSection":["Artikuj"],"inLanguage":"sq-AL","potentialAction":[{"@type":"CommentAction","name":"Comment","target":["https:\/\/fjala.info\/2009-2015\/at-nikoll-marku-statuti-i-kishes-qeveria-pakt-me-janullatos\/#respond"]}]},{"@type":"WebPage","@id":"https:\/\/fjala.info\/2009-2015\/at-nikoll-marku-statuti-i-kishes-qeveria-pakt-me-janullatos\/","url":"https:\/\/fjala.info\/2009-2015\/at-nikoll-marku-statuti-i-kishes-qeveria-pakt-me-janullatos\/","name":"At Nikoll Marku: Statuti i Kish\u00ebs, Qeveria pakt me Janullatos - FjALA e LIR\u00cb - Arkivi","isPartOf":{"@id":"https:\/\/fjala.info\/2009-2015\/#website"},"primaryImageOfPage":{"@id":"https:\/\/fjala.info\/2009-2015\/at-nikoll-marku-statuti-i-kishes-qeveria-pakt-me-janullatos\/#primaryimage"},"image":{"@id":"https:\/\/fjala.info\/2009-2015\/at-nikoll-marku-statuti-i-kishes-qeveria-pakt-me-janullatos\/#primaryimage"},"thumbnailUrl":"http:\/\/www.fjala.info\/2012\/at_nikoll_marku.jpg","datePublished":"2012-08-26T09:01:18+00:00","breadcrumb":{"@id":"https:\/\/fjala.info\/2009-2015\/at-nikoll-marku-statuti-i-kishes-qeveria-pakt-me-janullatos\/#breadcrumb"},"inLanguage":"sq-AL","potentialAction":[{"@type":"ReadAction","target":["https:\/\/fjala.info\/2009-2015\/at-nikoll-marku-statuti-i-kishes-qeveria-pakt-me-janullatos\/"]}]},{"@type":"ImageObject","inLanguage":"sq-AL","@id":"https:\/\/fjala.info\/2009-2015\/at-nikoll-marku-statuti-i-kishes-qeveria-pakt-me-janullatos\/#primaryimage","url":"http:\/\/www.fjala.info\/2012\/at_nikoll_marku.jpg","contentUrl":"http:\/\/www.fjala.info\/2012\/at_nikoll_marku.jpg"},{"@type":"BreadcrumbList","@id":"https:\/\/fjala.info\/2009-2015\/at-nikoll-marku-statuti-i-kishes-qeveria-pakt-me-janullatos\/#breadcrumb","itemListElement":[{"@type":"ListItem","position":1,"name":"Home","item":"https:\/\/fjala.info\/2009-2015\/"},{"@type":"ListItem","position":2,"name":"At Nikoll Marku: Statuti i Kish\u00ebs, Qeveria pakt me Janullatos"}]},{"@type":"WebSite","@id":"https:\/\/fjala.info\/2009-2015\/#website","url":"https:\/\/fjala.info\/2009-2015\/","name":"FjALA e LIR\u00cb - Arkivi","description":"Arkivi 2009-2015","publisher":{"@id":"https:\/\/fjala.info\/2009-2015\/#organization"},"potentialAction":[{"@type":"SearchAction","target":{"@type":"EntryPoint","urlTemplate":"https:\/\/fjala.info\/2009-2015\/?s={search_term_string}"},"query-input":{"@type":"PropertyValueSpecification","valueRequired":true,"valueName":"search_term_string"}}],"inLanguage":"sq-AL"},{"@type":"Organization","@id":"https:\/\/fjala.info\/2009-2015\/#organization","name":"FjALA e LIR\u00cb - Arkivi","url":"https:\/\/fjala.info\/2009-2015\/","logo":{"@type":"ImageObject","inLanguage":"sq-AL","@id":"https:\/\/fjala.info\/2009-2015\/#\/schema\/logo\/image\/","url":"","contentUrl":"","caption":"FjALA e LIR\u00cb - Arkivi"},"image":{"@id":"https:\/\/fjala.info\/2009-2015\/#\/schema\/logo\/image\/"}},{"@type":"Person","@id":"https:\/\/fjala.info\/2009-2015\/#\/schema\/person\/3aa1163ef05469c496fc94e77611ada2","name":"admin","image":{"@type":"ImageObject","inLanguage":"sq-AL","@id":"https:\/\/fjala.info\/2009-2015\/wp-content\/uploads\/2012\/02\/arben_cokaj-120x150.jpg","url":"https:\/\/fjala.info\/2009-2015\/wp-content\/uploads\/2012\/02\/arben_cokaj-120x150.jpg","contentUrl":"https:\/\/fjala.info\/2009-2015\/wp-content\/uploads\/2012\/02\/arben_cokaj-120x150.jpg","caption":"admin"},"description":"Admin, Fjala e Lir\u00eb","sameAs":["https:\/\/fjala.info\/"],"url":"https:\/\/fjala.info\/2009-2015\/author\/admin\/"}]}},"_links":{"self":[{"href":"https:\/\/fjala.info\/2009-2015\/wp-json\/wp\/v2\/posts\/12050","targetHints":{"allow":["GET"]}}],"collection":[{"href":"https:\/\/fjala.info\/2009-2015\/wp-json\/wp\/v2\/posts"}],"about":[{"href":"https:\/\/fjala.info\/2009-2015\/wp-json\/wp\/v2\/types\/post"}],"author":[{"embeddable":true,"href":"https:\/\/fjala.info\/2009-2015\/wp-json\/wp\/v2\/users\/1"}],"replies":[{"embeddable":true,"href":"https:\/\/fjala.info\/2009-2015\/wp-json\/wp\/v2\/comments?post=12050"}],"version-history":[{"count":0,"href":"https:\/\/fjala.info\/2009-2015\/wp-json\/wp\/v2\/posts\/12050\/revisions"}],"wp:attachment":[{"href":"https:\/\/fjala.info\/2009-2015\/wp-json\/wp\/v2\/media?parent=12050"}],"wp:term":[{"taxonomy":"category","embeddable":true,"href":"https:\/\/fjala.info\/2009-2015\/wp-json\/wp\/v2\/categories?post=12050"},{"taxonomy":"post_tag","embeddable":true,"href":"https:\/\/fjala.info\/2009-2015\/wp-json\/wp\/v2\/tags?post=12050"}],"curies":[{"name":"wp","href":"https:\/\/api.w.org\/{rel}","templated":true}]}}