{"id":1205,"date":"2012-01-19T08:11:09","date_gmt":"2012-01-19T07:11:09","guid":{"rendered":"http:\/\/fjala.shkoder.net\/?p=1205"},"modified":"2012-01-19T08:11:09","modified_gmt":"2012-01-19T07:11:09","slug":"deklaratat-e-metes-vertet-paturpesi-vendimi-i-gjykates-se-larte-mund-te-kete-pasoja-katastrofale","status":"publish","type":"post","link":"https:\/\/fjala.info\/2009-2015\/deklaratat-e-metes-vertet-paturpesi-vendimi-i-gjykates-se-larte-mund-te-kete-pasoja-katastrofale\/","title":{"rendered":"\u201cDeklaratat e Met\u00ebs, v\u00ebrtet paturp\u00ebsi. Vendimi i Gjykat\u00ebs s\u00eb Lart\u00eb mund t\u00eb ket\u00eb pasoja katastrofale\u201d"},"content":{"rendered":"<p><img decoding=\"async\" class=\"alignright size-thumbnail wp-image-7236\" title=\"Norbert Mappes-Niediek\" src=\"http:\/\/www.shkoder.net\/2012\/norbert_mappes_niediek.jpg\" alt=\"\" width=\"200\" \/> <strong>Norbert Mappes-Niediek<\/strong>, <em>18 Janar 2012<\/em><\/p>\n<p>\u201cGjykata merret me \u00e7\u00ebshtjen n\u00ebse videoja e regjistruar nga Prifti ishte apo jo legjitime, por pyetjes pse dy ministra ulen s\u00eb bashku p\u00ebr t\u00eb biseduar p\u00ebr tenderat, nuk i jepet r\u00ebnd\u00ebsi\u201d, shprehet autori i librit Mafia e Ballkanit, Norbert Mappes-Niediek.<\/p>\n<p><strong>Gjykata e Lart\u00eb n\u00eb Shqip\u00ebri shpalli vendimin e gjykimit kund\u00ebr nj\u00eb politikani t\u00eb lart\u00eb, ish-z\u00ebvend\u00ebskryeministrit Ilir Meta. Ai akuzohej p\u00ebr korrupsion dhe u lirua nga akuza. Si e vler\u00ebsoni k\u00ebt\u00eb rast?<\/strong><\/p>\n<p>Un\u00eb mendoj se ky vendim duhet t\u00eb jet\u00eb par\u00eb n\u00eb Shqip\u00ebri si skandal, sepse ai ishte shkaktari q\u00eb njer\u00ebzit dol\u00ebn n\u00eb rrug\u00eb n\u00eb num\u00ebr t\u00eb madh dhe ku pati kat\u00ebr vet\u00eb q\u00eb humb\u00ebn jet\u00ebn. Druhem se vendimi nuk do t\u00eb mbetet pa rezonanc\u00eb. Rreziku m\u00eb i madh \u00ebsht\u00eb se protesta t\u00eb tilla p\u00ebrvet\u00ebsohen s\u00ebrish menj\u00ebher\u00eb dhe p\u00ebrfundojn\u00eb n\u00eb konfrontime vdekjeprur\u00ebse, si ato q\u00eb sundojn\u00eb gjithnj\u00eb politik\u00ebn shqiptare. Dhe nuk ekzistojn\u00eb instanca neutrale, as gjykata q\u00eb dha gjykimin n\u00ebse b\u00ebhej apo jo fjal\u00eb p\u00ebr korrupsion, nuk ishte neutrale. Tema e k\u00ebtij procesi ishte n\u00ebse videoja e regjistruar nga ish- ministri i Ekonomis\u00eb, Prifti ishte apo jo legjitime dhe a duhej lejuar apo jo, por pyetjes pse dy ministra, dy figura udh\u00ebheq\u00ebse t\u00eb politik\u00ebs shqiptare ulen s\u00eb bashku p\u00ebr t\u00eb biseduar p\u00ebr tenderat, nuk i jepet r\u00ebnd\u00ebsi.<\/p>\n<p><strong>Korrupsioni \u00ebsht\u00eb nj\u00eb fenomen i zgjeruar ve\u00e7an\u00ebrisht n\u00eb vendet e Ballkanit. A \u00ebsht\u00eb korrupsioni n\u00eb Shqip\u00ebri nj\u00ebsoj si n\u00eb vendet e tjera, apo kemi t\u00eb b\u00ebjm\u00eb me nj\u00eb rast t\u00eb ve\u00e7ant\u00eb?<\/strong><\/p>\n<p>Ka edhe vende t\u00eb tjera fqinj\u00eb ballkanik\u00eb ku korrupsioni \u00ebsht\u00eb i p\u00ebrhapur shum\u00eb, por ajo q\u00eb e b\u00ebn m\u00eb t\u00eb r\u00ebnd\u00eb n\u00eb Shqip\u00ebri \u00ebsht\u00eb se nuk ekziston vet\u00ebdija se nevojiten instanca v\u00ebrtet neutrale. Rolin e prokuror\u00ebve e merr gjithnj\u00eb nj\u00eb tjet\u00ebr. Korrupsioni dhe kriminaliteti i organizuar jan\u00eb gjithnj\u00eb ata t\u00eb tjer\u00ebt. Menj\u00ebher\u00eb pas dh\u00ebnies s\u00eb vendimit, Ilir Meta doli para nj\u00eb publiku t\u00eb sajuar dhe tha se kjo \u00ebsht\u00eb nj\u00eb fitore n\u00eb luft\u00ebn kund\u00ebr korrupsionit dhe kriminalitetit t\u00eb organizuar. Nj\u00eb gj\u00eb e till\u00eb \u00ebsht\u00eb v\u00ebrtet paturp\u00ebsi.<\/p>\n<p><strong>Pse \u00ebsht\u00eb kaq e v\u00ebshtir\u00eb n\u00eb Shqip\u00ebri p\u00ebr t\u00eb luftuar kund\u00ebr korrupsionit dhe kriminalitetit. Mungon vullneti politik, apo strukturat ekzistuese jan\u00eb t\u00eb mbingarkuara p\u00ebr t\u00eb pasur sukses n\u00eb k\u00ebt\u00eb luft\u00eb?<\/strong><\/p>\n<p>Sistemi partiak \u00ebsht\u00eb aq shum\u00eb i projektuar mbi konfrontimin, saq\u00eb k\u00ebrkush nuk i shp\u00ebton dot dhe kushdo ndodhet nga nj\u00ebra apo tjetra pal\u00eb, me mua ose kund\u00ebr meje. K\u00ebshtu q\u00eb nuk ka vend p\u00ebr di\u00e7ka neutrale. P\u00ebr mua kjo p\u00ebrb\u00ebn nj\u00eb problem t\u00eb madh p\u00ebr shoq\u00ebrin\u00eb shqiptare. Aty ekziston edhe nj\u00eb lloj tradite p\u00ebr polarizime t\u00eb tilla, t\u00eb cilat nuk mund t\u00eb kap\u00ebrcehen si duhet. P\u00ebr shum\u00eb koh\u00eb \u00ebsht\u00eb shpresuar q\u00eb pas konfrontimeve t\u00eb vitit 1997, do t\u00eb kthehej arsyeja, por megjith\u00ebse disa gj\u00ebra jan\u00eb p\u00ebrmir\u00ebsuar, ndaj konfrontimit nuk ka ndikuar asgj\u00eb.<\/p>\n<p><strong>A e ka b\u00ebr\u00eb drejt\u00ebsia si duhet pun\u00ebn? <\/strong><\/p>\n<p>Kjo vlen edhe p\u00ebr drejt\u00ebsin\u00eb, e cila rrotullohet n\u00eb k\u00ebt\u00eb sistem t\u00eb polarizuar. Rasti i k\u00ebtij gjykimi nuk mund t\u00eb vler\u00ebsohet n\u00eb detaje, sepse ne nuk e kemi ende n\u00eb dor\u00eb argumentimin e vendimit p\u00ebr t\u00eb m\u00ebsuar se mbi \u00e7`baz\u00eb e kan\u00eb marr\u00eb vendimin gjyqtar\u00ebt, por duket qart\u00eb se gjykata nuk e ka marr\u00eb p\u00ebr baz\u00eb sistemin dhe prezumimin p\u00ebr t\u00eb cil\u00ebn b\u00ebhet fjal\u00eb n\u00eb bisedimet p\u00ebr porosin\u00eb e Albpetrolit. Dhe mua kjo m\u00eb duket nj\u00eb shenj\u00eb e rrezikshme.<\/p>\n<p><strong>Shqip\u00ebria p\u00ebrpiqet t\u00eb afrohet me BE-n\u00eb, nd\u00ebrkoh\u00eb q\u00eb BE \u00ebsht\u00eb duke dh\u00ebn\u00eb gjithnj\u00eb e m\u00eb shum\u00eb vler\u00ebsime negative p\u00ebr Shqip\u00ebrin\u00eb dhe luftimin e korrupsionit. A mjaftojn\u00eb vet\u00ebm deklaratat e BE-s\u00eb q\u00eb thot\u00eb ju duhet t\u00eb luftoni m\u00eb mir\u00eb korrupsionin, demokracia juaj duhet t\u00eb funksionoj\u00eb m\u00eb mir\u00eb?<\/strong><\/p>\n<p>Un\u00eb shpresoj se BE do t\u00eb k\u00ebrkoj\u00eb n\u00eb hapin tjet\u00ebr t\u00eb zgjerimit si n\u00eb rastin e Kroacis\u00eb, q\u00eb korrupsioni t\u00eb luftohet n\u00eb nivel t\u00eb lart\u00eb. N\u00ebse shihni rastin e Kroacis\u00eb, aty \u00ebsht\u00eb b\u00ebr\u00eb shum\u00eb pas dor\u00ebheqjes s\u00eb ish-kryeministrit, Sanader. Rruga e Kroacis\u00eb p\u00ebr n\u00eb Bashkimin Evropian u hap kur u b\u00ebn\u00eb v\u00ebrtet d\u00ebnime n\u00eb nivel t\u00eb lart\u00eb, n\u00eb nivel ministrash apo punonj\u00ebsish t\u00eb lart\u00eb t\u00eb shtetit. Nj\u00eb korrupsion i till\u00eb mund t\u00eb luftohet vet\u00ebm nga lart. K\u00ebt\u00eb BE e kuptoi n\u00eb rastin e Kroacis\u00eb dhe un\u00eb shpresoj q\u00eb kjo p\u00ebrvoj\u00eb do ta shoq\u00ebroj\u00eb edhe procesin e pranimit t\u00eb Shqip\u00ebris\u00eb n\u00eb BE.<br \/>\n\/DW<\/p>\n","protected":false},"excerpt":{"rendered":"<p>Norbert Mappes-Niediek, 18 Janar 2012 \u201cGjykata merret me \u00e7\u00ebshtjen n\u00ebse videoja e regjistruar nga Prifti ishte apo jo legjitime, por pyetjes pse dy ministra ulen s\u00eb bashku p\u00ebr t\u00eb biseduar p\u00ebr tenderat, nuk i jepet r\u00ebnd\u00ebsi\u201d, shprehet autori i librit Mafia e Ballkanit, Norbert Mappes-Niediek. Gjykata e Lart\u00eb n\u00eb Shqip\u00ebri shpalli vendimin e gjykimit kund\u00ebr [&hellip;]<\/p>\n","protected":false},"author":1,"featured_media":0,"comment_status":"open","ping_status":"closed","sticky":false,"template":"","format":"standard","meta":{"footnotes":""},"categories":[2,5],"tags":[],"class_list":{"0":"post-1205","1":"post","2":"type-post","3":"status-publish","4":"format-standard","6":"category-artikuj","7":"category-lajme"},"yoast_head":"<!-- This site is optimized with the Yoast SEO plugin v27.4 - https:\/\/yoast.com\/product\/yoast-seo-wordpress\/ -->\n<title>\u201cDeklaratat e Met\u00ebs, v\u00ebrtet paturp\u00ebsi. Vendimi i Gjykat\u00ebs s\u00eb Lart\u00eb mund t\u00eb ket\u00eb pasoja katastrofale\u201d - FjALA e LIR\u00cb - Arkivi<\/title>\n<meta name=\"robots\" content=\"index, follow, max-snippet:-1, max-image-preview:large, max-video-preview:-1\" \/>\n<link rel=\"canonical\" href=\"https:\/\/fjala.info\/2009-2015\/deklaratat-e-metes-vertet-paturpesi-vendimi-i-gjykates-se-larte-mund-te-kete-pasoja-katastrofale\/\" \/>\n<meta property=\"og:locale\" content=\"sq_AL\" \/>\n<meta property=\"og:type\" content=\"article\" \/>\n<meta property=\"og:title\" content=\"\u201cDeklaratat e Met\u00ebs, v\u00ebrtet paturp\u00ebsi. Vendimi i Gjykat\u00ebs s\u00eb Lart\u00eb mund t\u00eb ket\u00eb pasoja katastrofale\u201d - FjALA e LIR\u00cb - Arkivi\" \/>\n<meta property=\"og:description\" content=\"Norbert Mappes-Niediek, 18 Janar 2012 \u201cGjykata merret me \u00e7\u00ebshtjen n\u00ebse videoja e regjistruar nga Prifti ishte apo jo legjitime, por pyetjes pse dy ministra ulen s\u00eb bashku p\u00ebr t\u00eb biseduar p\u00ebr tenderat, nuk i jepet r\u00ebnd\u00ebsi\u201d, shprehet autori i librit Mafia e Ballkanit, Norbert Mappes-Niediek. Gjykata e Lart\u00eb n\u00eb Shqip\u00ebri shpalli vendimin e gjykimit kund\u00ebr [&hellip;]\" \/>\n<meta property=\"og:url\" content=\"https:\/\/fjala.info\/2009-2015\/deklaratat-e-metes-vertet-paturpesi-vendimi-i-gjykates-se-larte-mund-te-kete-pasoja-katastrofale\/\" \/>\n<meta property=\"og:site_name\" content=\"FjALA e LIR\u00cb - Arkivi\" \/>\n<meta property=\"article:published_time\" content=\"2012-01-19T07:11:09+00:00\" \/>\n<meta property=\"og:image\" content=\"http:\/\/www.shkoder.net\/2012\/norbert_mappes_niediek.jpg\" \/>\n<meta name=\"author\" content=\"admin\" \/>\n<meta name=\"twitter:card\" content=\"summary_large_image\" \/>\n<meta name=\"twitter:label1\" content=\"Written by\" \/>\n\t<meta name=\"twitter:data1\" content=\"admin\" \/>\n\t<meta name=\"twitter:label2\" content=\"Est. reading time\" \/>\n\t<meta name=\"twitter:data2\" content=\"4 minutes\" \/>\n<script type=\"application\/ld+json\" class=\"yoast-schema-graph\">{\"@context\":\"https:\\\/\\\/schema.org\",\"@graph\":[{\"@type\":\"Article\",\"@id\":\"https:\\\/\\\/fjala.info\\\/2009-2015\\\/deklaratat-e-metes-vertet-paturpesi-vendimi-i-gjykates-se-larte-mund-te-kete-pasoja-katastrofale\\\/#article\",\"isPartOf\":{\"@id\":\"https:\\\/\\\/fjala.info\\\/2009-2015\\\/deklaratat-e-metes-vertet-paturpesi-vendimi-i-gjykates-se-larte-mund-te-kete-pasoja-katastrofale\\\/\"},\"author\":{\"name\":\"admin\",\"@id\":\"https:\\\/\\\/fjala.info\\\/2009-2015\\\/#\\\/schema\\\/person\\\/3aa1163ef05469c496fc94e77611ada2\"},\"headline\":\"\u201cDeklaratat e Met\u00ebs, v\u00ebrtet paturp\u00ebsi. Vendimi i Gjykat\u00ebs s\u00eb Lart\u00eb mund t\u00eb ket\u00eb pasoja katastrofale\u201d\",\"datePublished\":\"2012-01-19T07:11:09+00:00\",\"mainEntityOfPage\":{\"@id\":\"https:\\\/\\\/fjala.info\\\/2009-2015\\\/deklaratat-e-metes-vertet-paturpesi-vendimi-i-gjykates-se-larte-mund-te-kete-pasoja-katastrofale\\\/\"},\"wordCount\":824,\"commentCount\":0,\"publisher\":{\"@id\":\"https:\\\/\\\/fjala.info\\\/2009-2015\\\/#organization\"},\"image\":{\"@id\":\"https:\\\/\\\/fjala.info\\\/2009-2015\\\/deklaratat-e-metes-vertet-paturpesi-vendimi-i-gjykates-se-larte-mund-te-kete-pasoja-katastrofale\\\/#primaryimage\"},\"thumbnailUrl\":\"http:\\\/\\\/www.shkoder.net\\\/2012\\\/norbert_mappes_niediek.jpg\",\"articleSection\":[\"Artikuj\",\"Lajme\"],\"inLanguage\":\"sq-AL\",\"potentialAction\":[{\"@type\":\"CommentAction\",\"name\":\"Comment\",\"target\":[\"https:\\\/\\\/fjala.info\\\/2009-2015\\\/deklaratat-e-metes-vertet-paturpesi-vendimi-i-gjykates-se-larte-mund-te-kete-pasoja-katastrofale\\\/#respond\"]}]},{\"@type\":\"WebPage\",\"@id\":\"https:\\\/\\\/fjala.info\\\/2009-2015\\\/deklaratat-e-metes-vertet-paturpesi-vendimi-i-gjykates-se-larte-mund-te-kete-pasoja-katastrofale\\\/\",\"url\":\"https:\\\/\\\/fjala.info\\\/2009-2015\\\/deklaratat-e-metes-vertet-paturpesi-vendimi-i-gjykates-se-larte-mund-te-kete-pasoja-katastrofale\\\/\",\"name\":\"\u201cDeklaratat e Met\u00ebs, v\u00ebrtet paturp\u00ebsi. Vendimi i Gjykat\u00ebs s\u00eb Lart\u00eb mund t\u00eb ket\u00eb pasoja katastrofale\u201d - FjALA e LIR\u00cb - Arkivi\",\"isPartOf\":{\"@id\":\"https:\\\/\\\/fjala.info\\\/2009-2015\\\/#website\"},\"primaryImageOfPage\":{\"@id\":\"https:\\\/\\\/fjala.info\\\/2009-2015\\\/deklaratat-e-metes-vertet-paturpesi-vendimi-i-gjykates-se-larte-mund-te-kete-pasoja-katastrofale\\\/#primaryimage\"},\"image\":{\"@id\":\"https:\\\/\\\/fjala.info\\\/2009-2015\\\/deklaratat-e-metes-vertet-paturpesi-vendimi-i-gjykates-se-larte-mund-te-kete-pasoja-katastrofale\\\/#primaryimage\"},\"thumbnailUrl\":\"http:\\\/\\\/www.shkoder.net\\\/2012\\\/norbert_mappes_niediek.jpg\",\"datePublished\":\"2012-01-19T07:11:09+00:00\",\"breadcrumb\":{\"@id\":\"https:\\\/\\\/fjala.info\\\/2009-2015\\\/deklaratat-e-metes-vertet-paturpesi-vendimi-i-gjykates-se-larte-mund-te-kete-pasoja-katastrofale\\\/#breadcrumb\"},\"inLanguage\":\"sq-AL\",\"potentialAction\":[{\"@type\":\"ReadAction\",\"target\":[\"https:\\\/\\\/fjala.info\\\/2009-2015\\\/deklaratat-e-metes-vertet-paturpesi-vendimi-i-gjykates-se-larte-mund-te-kete-pasoja-katastrofale\\\/\"]}]},{\"@type\":\"ImageObject\",\"inLanguage\":\"sq-AL\",\"@id\":\"https:\\\/\\\/fjala.info\\\/2009-2015\\\/deklaratat-e-metes-vertet-paturpesi-vendimi-i-gjykates-se-larte-mund-te-kete-pasoja-katastrofale\\\/#primaryimage\",\"url\":\"http:\\\/\\\/www.shkoder.net\\\/2012\\\/norbert_mappes_niediek.jpg\",\"contentUrl\":\"http:\\\/\\\/www.shkoder.net\\\/2012\\\/norbert_mappes_niediek.jpg\"},{\"@type\":\"BreadcrumbList\",\"@id\":\"https:\\\/\\\/fjala.info\\\/2009-2015\\\/deklaratat-e-metes-vertet-paturpesi-vendimi-i-gjykates-se-larte-mund-te-kete-pasoja-katastrofale\\\/#breadcrumb\",\"itemListElement\":[{\"@type\":\"ListItem\",\"position\":1,\"name\":\"Home\",\"item\":\"https:\\\/\\\/fjala.info\\\/2009-2015\\\/\"},{\"@type\":\"ListItem\",\"position\":2,\"name\":\"\u201cDeklaratat e Met\u00ebs, v\u00ebrtet paturp\u00ebsi. Vendimi i Gjykat\u00ebs s\u00eb Lart\u00eb mund t\u00eb ket\u00eb pasoja katastrofale\u201d\"}]},{\"@type\":\"WebSite\",\"@id\":\"https:\\\/\\\/fjala.info\\\/2009-2015\\\/#website\",\"url\":\"https:\\\/\\\/fjala.info\\\/2009-2015\\\/\",\"name\":\"FjALA e LIR\u00cb - Arkivi\",\"description\":\"Arkivi 2009-2015\",\"publisher\":{\"@id\":\"https:\\\/\\\/fjala.info\\\/2009-2015\\\/#organization\"},\"potentialAction\":[{\"@type\":\"SearchAction\",\"target\":{\"@type\":\"EntryPoint\",\"urlTemplate\":\"https:\\\/\\\/fjala.info\\\/2009-2015\\\/?s={search_term_string}\"},\"query-input\":{\"@type\":\"PropertyValueSpecification\",\"valueRequired\":true,\"valueName\":\"search_term_string\"}}],\"inLanguage\":\"sq-AL\"},{\"@type\":\"Organization\",\"@id\":\"https:\\\/\\\/fjala.info\\\/2009-2015\\\/#organization\",\"name\":\"FjALA e LIR\u00cb - Arkivi\",\"url\":\"https:\\\/\\\/fjala.info\\\/2009-2015\\\/\",\"logo\":{\"@type\":\"ImageObject\",\"inLanguage\":\"sq-AL\",\"@id\":\"https:\\\/\\\/fjala.info\\\/2009-2015\\\/#\\\/schema\\\/logo\\\/image\\\/\",\"url\":\"\",\"contentUrl\":\"\",\"caption\":\"FjALA e LIR\u00cb - Arkivi\"},\"image\":{\"@id\":\"https:\\\/\\\/fjala.info\\\/2009-2015\\\/#\\\/schema\\\/logo\\\/image\\\/\"}},{\"@type\":\"Person\",\"@id\":\"https:\\\/\\\/fjala.info\\\/2009-2015\\\/#\\\/schema\\\/person\\\/3aa1163ef05469c496fc94e77611ada2\",\"name\":\"admin\",\"image\":{\"@type\":\"ImageObject\",\"inLanguage\":\"sq-AL\",\"@id\":\"https:\\\/\\\/fjala.info\\\/2009-2015\\\/wp-content\\\/uploads\\\/2012\\\/02\\\/arben_cokaj-120x150.jpg\",\"url\":\"https:\\\/\\\/fjala.info\\\/2009-2015\\\/wp-content\\\/uploads\\\/2012\\\/02\\\/arben_cokaj-120x150.jpg\",\"contentUrl\":\"https:\\\/\\\/fjala.info\\\/2009-2015\\\/wp-content\\\/uploads\\\/2012\\\/02\\\/arben_cokaj-120x150.jpg\",\"caption\":\"admin\"},\"description\":\"Admin, Fjala e Lir\u00eb\",\"sameAs\":[\"https:\\\/\\\/fjala.info\\\/\"],\"url\":\"https:\\\/\\\/fjala.info\\\/2009-2015\\\/author\\\/admin\\\/\"}]}<\/script>\n<!-- \/ Yoast SEO plugin. -->","yoast_head_json":{"title":"\u201cDeklaratat e Met\u00ebs, v\u00ebrtet paturp\u00ebsi. Vendimi i Gjykat\u00ebs s\u00eb Lart\u00eb mund t\u00eb ket\u00eb pasoja katastrofale\u201d - FjALA e LIR\u00cb - Arkivi","robots":{"index":"index","follow":"follow","max-snippet":"max-snippet:-1","max-image-preview":"max-image-preview:large","max-video-preview":"max-video-preview:-1"},"canonical":"https:\/\/fjala.info\/2009-2015\/deklaratat-e-metes-vertet-paturpesi-vendimi-i-gjykates-se-larte-mund-te-kete-pasoja-katastrofale\/","og_locale":"sq_AL","og_type":"article","og_title":"\u201cDeklaratat e Met\u00ebs, v\u00ebrtet paturp\u00ebsi. Vendimi i Gjykat\u00ebs s\u00eb Lart\u00eb mund t\u00eb ket\u00eb pasoja katastrofale\u201d - FjALA e LIR\u00cb - Arkivi","og_description":"Norbert Mappes-Niediek, 18 Janar 2012 \u201cGjykata merret me \u00e7\u00ebshtjen n\u00ebse videoja e regjistruar nga Prifti ishte apo jo legjitime, por pyetjes pse dy ministra ulen s\u00eb bashku p\u00ebr t\u00eb biseduar p\u00ebr tenderat, nuk i jepet r\u00ebnd\u00ebsi\u201d, shprehet autori i librit Mafia e Ballkanit, Norbert Mappes-Niediek. Gjykata e Lart\u00eb n\u00eb Shqip\u00ebri shpalli vendimin e gjykimit kund\u00ebr [&hellip;]","og_url":"https:\/\/fjala.info\/2009-2015\/deklaratat-e-metes-vertet-paturpesi-vendimi-i-gjykates-se-larte-mund-te-kete-pasoja-katastrofale\/","og_site_name":"FjALA e LIR\u00cb - Arkivi","article_published_time":"2012-01-19T07:11:09+00:00","og_image":[{"url":"http:\/\/www.shkoder.net\/2012\/norbert_mappes_niediek.jpg","type":"","width":"","height":""}],"author":"admin","twitter_card":"summary_large_image","twitter_misc":{"Written by":"admin","Est. reading time":"4 minutes"},"schema":{"@context":"https:\/\/schema.org","@graph":[{"@type":"Article","@id":"https:\/\/fjala.info\/2009-2015\/deklaratat-e-metes-vertet-paturpesi-vendimi-i-gjykates-se-larte-mund-te-kete-pasoja-katastrofale\/#article","isPartOf":{"@id":"https:\/\/fjala.info\/2009-2015\/deklaratat-e-metes-vertet-paturpesi-vendimi-i-gjykates-se-larte-mund-te-kete-pasoja-katastrofale\/"},"author":{"name":"admin","@id":"https:\/\/fjala.info\/2009-2015\/#\/schema\/person\/3aa1163ef05469c496fc94e77611ada2"},"headline":"\u201cDeklaratat e Met\u00ebs, v\u00ebrtet paturp\u00ebsi. Vendimi i Gjykat\u00ebs s\u00eb Lart\u00eb mund t\u00eb ket\u00eb pasoja katastrofale\u201d","datePublished":"2012-01-19T07:11:09+00:00","mainEntityOfPage":{"@id":"https:\/\/fjala.info\/2009-2015\/deklaratat-e-metes-vertet-paturpesi-vendimi-i-gjykates-se-larte-mund-te-kete-pasoja-katastrofale\/"},"wordCount":824,"commentCount":0,"publisher":{"@id":"https:\/\/fjala.info\/2009-2015\/#organization"},"image":{"@id":"https:\/\/fjala.info\/2009-2015\/deklaratat-e-metes-vertet-paturpesi-vendimi-i-gjykates-se-larte-mund-te-kete-pasoja-katastrofale\/#primaryimage"},"thumbnailUrl":"http:\/\/www.shkoder.net\/2012\/norbert_mappes_niediek.jpg","articleSection":["Artikuj","Lajme"],"inLanguage":"sq-AL","potentialAction":[{"@type":"CommentAction","name":"Comment","target":["https:\/\/fjala.info\/2009-2015\/deklaratat-e-metes-vertet-paturpesi-vendimi-i-gjykates-se-larte-mund-te-kete-pasoja-katastrofale\/#respond"]}]},{"@type":"WebPage","@id":"https:\/\/fjala.info\/2009-2015\/deklaratat-e-metes-vertet-paturpesi-vendimi-i-gjykates-se-larte-mund-te-kete-pasoja-katastrofale\/","url":"https:\/\/fjala.info\/2009-2015\/deklaratat-e-metes-vertet-paturpesi-vendimi-i-gjykates-se-larte-mund-te-kete-pasoja-katastrofale\/","name":"\u201cDeklaratat e Met\u00ebs, v\u00ebrtet paturp\u00ebsi. Vendimi i Gjykat\u00ebs s\u00eb Lart\u00eb mund t\u00eb ket\u00eb pasoja katastrofale\u201d - FjALA e LIR\u00cb - Arkivi","isPartOf":{"@id":"https:\/\/fjala.info\/2009-2015\/#website"},"primaryImageOfPage":{"@id":"https:\/\/fjala.info\/2009-2015\/deklaratat-e-metes-vertet-paturpesi-vendimi-i-gjykates-se-larte-mund-te-kete-pasoja-katastrofale\/#primaryimage"},"image":{"@id":"https:\/\/fjala.info\/2009-2015\/deklaratat-e-metes-vertet-paturpesi-vendimi-i-gjykates-se-larte-mund-te-kete-pasoja-katastrofale\/#primaryimage"},"thumbnailUrl":"http:\/\/www.shkoder.net\/2012\/norbert_mappes_niediek.jpg","datePublished":"2012-01-19T07:11:09+00:00","breadcrumb":{"@id":"https:\/\/fjala.info\/2009-2015\/deklaratat-e-metes-vertet-paturpesi-vendimi-i-gjykates-se-larte-mund-te-kete-pasoja-katastrofale\/#breadcrumb"},"inLanguage":"sq-AL","potentialAction":[{"@type":"ReadAction","target":["https:\/\/fjala.info\/2009-2015\/deklaratat-e-metes-vertet-paturpesi-vendimi-i-gjykates-se-larte-mund-te-kete-pasoja-katastrofale\/"]}]},{"@type":"ImageObject","inLanguage":"sq-AL","@id":"https:\/\/fjala.info\/2009-2015\/deklaratat-e-metes-vertet-paturpesi-vendimi-i-gjykates-se-larte-mund-te-kete-pasoja-katastrofale\/#primaryimage","url":"http:\/\/www.shkoder.net\/2012\/norbert_mappes_niediek.jpg","contentUrl":"http:\/\/www.shkoder.net\/2012\/norbert_mappes_niediek.jpg"},{"@type":"BreadcrumbList","@id":"https:\/\/fjala.info\/2009-2015\/deklaratat-e-metes-vertet-paturpesi-vendimi-i-gjykates-se-larte-mund-te-kete-pasoja-katastrofale\/#breadcrumb","itemListElement":[{"@type":"ListItem","position":1,"name":"Home","item":"https:\/\/fjala.info\/2009-2015\/"},{"@type":"ListItem","position":2,"name":"\u201cDeklaratat e Met\u00ebs, v\u00ebrtet paturp\u00ebsi. Vendimi i Gjykat\u00ebs s\u00eb Lart\u00eb mund t\u00eb ket\u00eb pasoja katastrofale\u201d"}]},{"@type":"WebSite","@id":"https:\/\/fjala.info\/2009-2015\/#website","url":"https:\/\/fjala.info\/2009-2015\/","name":"FjALA e LIR\u00cb - Arkivi","description":"Arkivi 2009-2015","publisher":{"@id":"https:\/\/fjala.info\/2009-2015\/#organization"},"potentialAction":[{"@type":"SearchAction","target":{"@type":"EntryPoint","urlTemplate":"https:\/\/fjala.info\/2009-2015\/?s={search_term_string}"},"query-input":{"@type":"PropertyValueSpecification","valueRequired":true,"valueName":"search_term_string"}}],"inLanguage":"sq-AL"},{"@type":"Organization","@id":"https:\/\/fjala.info\/2009-2015\/#organization","name":"FjALA e LIR\u00cb - Arkivi","url":"https:\/\/fjala.info\/2009-2015\/","logo":{"@type":"ImageObject","inLanguage":"sq-AL","@id":"https:\/\/fjala.info\/2009-2015\/#\/schema\/logo\/image\/","url":"","contentUrl":"","caption":"FjALA e LIR\u00cb - Arkivi"},"image":{"@id":"https:\/\/fjala.info\/2009-2015\/#\/schema\/logo\/image\/"}},{"@type":"Person","@id":"https:\/\/fjala.info\/2009-2015\/#\/schema\/person\/3aa1163ef05469c496fc94e77611ada2","name":"admin","image":{"@type":"ImageObject","inLanguage":"sq-AL","@id":"https:\/\/fjala.info\/2009-2015\/wp-content\/uploads\/2012\/02\/arben_cokaj-120x150.jpg","url":"https:\/\/fjala.info\/2009-2015\/wp-content\/uploads\/2012\/02\/arben_cokaj-120x150.jpg","contentUrl":"https:\/\/fjala.info\/2009-2015\/wp-content\/uploads\/2012\/02\/arben_cokaj-120x150.jpg","caption":"admin"},"description":"Admin, Fjala e Lir\u00eb","sameAs":["https:\/\/fjala.info\/"],"url":"https:\/\/fjala.info\/2009-2015\/author\/admin\/"}]}},"_links":{"self":[{"href":"https:\/\/fjala.info\/2009-2015\/wp-json\/wp\/v2\/posts\/1205","targetHints":{"allow":["GET"]}}],"collection":[{"href":"https:\/\/fjala.info\/2009-2015\/wp-json\/wp\/v2\/posts"}],"about":[{"href":"https:\/\/fjala.info\/2009-2015\/wp-json\/wp\/v2\/types\/post"}],"author":[{"embeddable":true,"href":"https:\/\/fjala.info\/2009-2015\/wp-json\/wp\/v2\/users\/1"}],"replies":[{"embeddable":true,"href":"https:\/\/fjala.info\/2009-2015\/wp-json\/wp\/v2\/comments?post=1205"}],"version-history":[{"count":0,"href":"https:\/\/fjala.info\/2009-2015\/wp-json\/wp\/v2\/posts\/1205\/revisions"}],"wp:attachment":[{"href":"https:\/\/fjala.info\/2009-2015\/wp-json\/wp\/v2\/media?parent=1205"}],"wp:term":[{"taxonomy":"category","embeddable":true,"href":"https:\/\/fjala.info\/2009-2015\/wp-json\/wp\/v2\/categories?post=1205"},{"taxonomy":"post_tag","embeddable":true,"href":"https:\/\/fjala.info\/2009-2015\/wp-json\/wp\/v2\/tags?post=1205"}],"curies":[{"name":"wp","href":"https:\/\/api.w.org\/{rel}","templated":true}]}}