{"id":12047,"date":"2012-08-26T09:07:27","date_gmt":"2012-08-26T08:07:27","guid":{"rendered":"http:\/\/www.fjala.info\/?p=4670"},"modified":"2012-08-26T09:07:27","modified_gmt":"2012-08-26T08:07:27","slug":"prof-ndreca-shqipnia-ne-meeting-un-e-miqsise-se-popujve-ne-rimini","status":"publish","type":"post","link":"https:\/\/fjala.info\/2009-2015\/prof-ndreca-shqipnia-ne-meeting-un-e-miqsise-se-popujve-ne-rimini\/","title":{"rendered":"Prof. Ndreca: Shqipnia n\u00eb \u201cMeeting-un e Miqsis\u00eb s\u00eb Popujve\u201d n\u00eb Rimini"},"content":{"rendered":"<p><img decoding=\"async\" class=\"alignright size-thumbnail wp-image-7236\" title=\"Ardian Ndreca\" src=\"http:\/\/www.fjala.info\/2012\/ardian_ndreca.jpg\" alt=\"\" width=\"150\" \/> <strong>Prof. ARDIAN NDRECA<\/strong><\/p>\n<p>K\u00ebt\u00eb vit Meeting-u tradicional i Riminit ka arrit n\u00eb edicionin e vet XXXIII dhe tema e zgjedhun prej organizator\u00ebve ishte \u201cNatyra e njeriut dhe raporti i tij me infinitin\u201d. Tem\u00eb e thell\u00eb filozofike, n\u00eb dukje t\u00eb par\u00eb larg preokupimeve t\u00eb p\u00ebrditshme t\u00eb politik\u00ebs, financ\u00ebs, kriz\u00ebs globale, por n\u00eb t\u00eb v\u00ebrtet\u00eb nji tem\u00eb gjith\u00ebp\u00ebrfshir\u00ebse. E ve\u00e7anta e k\u00ebtij edicion ishte edhe p\u00ebrzgjedhja e Shqipnis\u00eb si objekt i gjithansh\u00ebm reflektimi, tue pas\u00eb si fill p\u00ebrshkues rolin e besimit t\u00eb krishten\u00eb n\u00eb eksperienc\u00ebn historike t\u00eb popullit shqiptar. Titulli i takimit t\u00eb ve\u00e7ant\u00eb kushtue Shqipnis\u00eb ishte: \u201cAlbania Athleta Christi\u201d, tue huazue shprehjen q\u00eb Papa Kaliksti III p\u00ebrdorte kur i drejtohej Gjergj Kastriotit.<\/p>\n<p>Nuk asht pak q\u00eb n\u00eb nji takim kaq t\u00eb madh ku nd\u00ebr t\u00eb ftuemit ma n\u00eb za ket\u00eb vit ishin Usama Elabd rektor i Universitetit t\u00eb Al Azharit, Tatjana Kazatkina e Akademis\u00eb Ruse t\u00eb Shkencave, nd\u00ebr ma t\u00eb mir\u00ebt njoh\u00ebse t\u00eb Dostojevskit, presidenti i Europarlamentit Martin Schulz, Alon Goschen-Gottstein, drejtor i Qendr\u00ebs s\u00eb Studimeve t\u00eb mendimit rabinik n\u00eb Jeruzalem, John Milbank, docent i Universitetit t\u00eb Nottingham-it, drejtori i p\u00ebrgjithsh\u00ebm i FAO-s, kryeministri italian Monti etj., t\u00eb flitej kaq gjan\u00ebsisht p\u00ebr Shqipnin\u00eb.<\/p>\n<p>* * *<\/p>\n<p>Nji grup intelektual\u00ebsh shqiptar\u00eb prej muejsh kan\u00eb punue p\u00ebr me p\u00ebrgatit\u00eb nji ekspozit\u00eb kushtue Shqipnis\u00eb dhe rrug\u00ebtimit t\u00eb saj n\u00eb shekuj. Me t\u00eb v\u00ebrtet\u00eb nji pun\u00eb e konsiderueshme dhe mjaft e vler\u00ebsueme prej mija vizitor\u00ebve t\u00eb ekspozit\u00ebs. Gjithashtu nji pi\u00e8ce teatrale e shkurt\u00eb me nji akt solli n\u00eb sken\u00eb nji dialog imagjinar mes poetit dhe klerikut Vin\u00e7ens Prendushi dhe diktatorit Hoxha.<br \/>\nT\u00eb rinjt\u00eb Teodor Nasi, Zhirajr Mokini, Miranda Mulgecaj, Bardha Karra, Florenc Kola, Denis Spahaj kishin marr\u00eb si pik\u00ebnisje p\u00ebr p\u00ebrgatitjen e k\u00ebsaj ekspozite, q\u00eb synonte me ilustrue thelbin e identitetit shqiptar, disa prej veprave ma t\u00eb fundit t\u00eb shkrimtarit Ismail Kadare.<\/p>\n<p>\u00c7\u00ebshtja e identitetit shqiptar mbetet gjithnji e hapun mbasi vet\u00eb identiteti asht nji proces dinamik q\u00eb pasunohet apo vorfnohet me prumje t\u00eb reja. Por n\u00eb rranj\u00ebt e identitetit shqiptar gjendet nji substrat esencial, i p\u00ebrbashk\u00ebt me at\u00eb t\u00eb popujve tjer\u00eb t\u00eb Europ\u00ebs per\u00ebndimore.<\/p>\n<p>Identiteti dhe liria jan\u00eb nji binom. N\u00eb filozofi kemi parimin e identitetit, parim themelor q\u00eb lejon p\u00ebrkufizimin e di\u00e7kaje si t\u00eb till\u00eb dhe mund\u00ebson komunikimin e v\u00ebrtet\u00eb mes subjekteve. Identiteti yn\u00eb asht karta me t\u00eb cil\u00ebn ne paraqitemi para bot\u00ebs, n\u00eb rastin konkret p\u00ebrpara Per\u00ebndimit.<\/p>\n<p>E gjith\u00eb historia jon\u00eb d\u00ebshmon p\u00ebr vet\u00ebdijen me t\u00eb cil\u00ebn ne kemi afirmue dhe mbrojt\u00eb ket\u00eb p\u00ebrkat\u00ebsi identitare. N\u00eb \u2018500 dhe \u2018600 gjuha e erudit\u00ebve arb\u00ebn ishte latinishtja e po n\u00eb ket\u00eb periudh\u00eb ata, shumica \u2013 jo rast\u00ebsisht \u2013 prift\u00ebn katolik\u00eb, lavruen gjuh\u00ebn shqipe p\u00ebr me mbajt gjall\u00eb e p\u00ebr me plazmue nji identitet etnik e kulturor q\u00eb rrezikonte me u shue. Ka disa momente ky\u00e7e q\u00eb d\u00ebshmojn\u00eb se si dhe se prej kujt asht mbrujt\u00eb identiteti yn\u00eb kombtar. P\u00ebr me kuptue ket\u00eb mjafton t\u00eb kujtojm\u00eb disa fakte.<\/p>\n<p>Dokumenti i par\u00eb i shkruem n\u00eb gjuh\u00ebn shqipe asht Formula e Pagzimit (1462), libri i par\u00eb asht Meshari (1555) i Gjon Buzukut, mandej kemi Doktrin\u00ebn e krishten\u00eb(1618) t\u00eb Budit, Fjalorin latinisht-shqip (1635) t\u00eb Bardhit, \u00c7et\u00ebn e profet\u00ebve (1685) t\u00eb Bogdanit, kemi kryengritjen kund\u00ebr turqve t\u00eb Budit (1621), ndeshim Kuvendin e Arbnit (1703) t\u00eb thirrun me ngulmimin e Pap\u00ebs me origjin\u00eb shqiptare Klementi XI, kemi Gramatik\u00ebn e par\u00eb shqipe (1716) t\u00eb fran\u00e7eskanit Francesco da Lecce, kemi dy kuvende provinciale n\u00eb \u2018800, kemi pjesmarrjen vendimtare t\u00eb klerik\u00ebve katolik\u00eb n\u00eb Kongresin e Monastirit (1908) ku u zgjodh jo pa v\u00ebshtirsi alfabeti latin dhe jo ai arab, kemi pjesmarrjen e rolin organizues t\u00eb klerit katolik n\u00eb Kryengritjen e Malsis\u00eb s\u00eb Madhe n\u00eb vigjiljen e pamvarsis\u00eb son\u00eb kombtare etj.<\/p>\n<p>E gjith\u00eb kjo epope q\u00eb shtrihet p\u00ebrgjat\u00eb gjith\u00eb shekullit XX, si dhe shum\u00eb faqe tjera ma pak t\u00eb njohuna p\u00ebrbajn\u00eb palcin e identitetit ton\u00eb kombtar dhe si p\u00ebrfundim kan\u00eb vulos\u00eb s\u00eb bashku me mendjet ma t\u00eb ndrituna q\u00eb populli ka nxjerr\u00eb drejtimin q\u00eb do t\u00eb merrte shteti i porsalindun ballkanik n\u00eb shekullin e kaluem.<\/p>\n<p>Edhe sot e k\u00ebsaj dite identiteti yn\u00eb vijon me u formue dhe me u forcue, por edhe sot, ashtu si gjat\u00eb shekujve t\u00eb kaluem, atij i kanosen rreziqe t\u00eb m\u00ebdhaja.<\/p>\n<p>Nji prej \u201cmosmarrveshjeve\u201d t\u00eb m\u00ebdha mes hullis\u00eb identitare shqiptare dhe forcave qend\u00ebrik\u00ebse q\u00ebndron edhe n\u00eb faktin q\u00eb Shqipnia tash dy dekada asht pjestare e Konferenc\u00ebs Islamike. Politikan\u00ebt tan\u00eb shpallin se jan\u00eb miq t\u00eb Per\u00ebndimit, t\u00eb Izraelit, ShBA-s\u00eb, por n\u00eb an\u00ebn tjet\u00ebr marrin pjes\u00eb n\u00eb nji Konferenc\u00eb q\u00eb jo rrall\u00eb del me rezoluta q\u00eb jan\u00eb krejtsisht n\u00eb kund\u00ebrshtim me vizionin Per\u00ebndimor t\u00eb demokracis\u00eb dhe me vet\u00eb parimet laike t\u00eb shtetit shqiptar.<\/p>\n<p>Nuk ekziston asnji arsye q\u00eb ne t\u00eb jemi pjes\u00eb e nji organizmi t\u00eb till\u00eb, as arsye gjeografike, as arsye historike dhe madje as arsye q\u00eb kan\u00eb lidhje me p\u00ebrbamjen fetare t\u00eb popullsis\u00eb shqiptare. Shqipnia nuk asht sot nji vend me shumic\u00eb myslimane si\u00e7 thonin statistikat e fundit t\u00eb viteve \u201930 t\u00eb cilave i referohen paturpsisht edhe do kinse studjuesa.<\/p>\n<p>Mos t\u00eb harrojm\u00eb se p\u00ebr ma se kat\u00ebr dekada ateizmi komunist ka veprue dhe ka ndryshue ekulibrat e maparsh\u00ebm n\u00eb Shqipni. Nuk mund t\u00eb themi ma se n\u00eb Shqipni ekzistojn\u00eb 70% mysliman\u00eb, 20% ortodoks\u00eb dhe 10% katolik\u00eb. Po t\u00eb ishte k\u00ebshtu nuk do t\u00eb dinim se ku t\u2019i \u00e7onim ateistat, agnostik\u00ebt, protestant\u00ebt dhe ata q\u00eb ndjekin besime tjera fetare. Gjithashtu pjesmarrja e Shqipnis\u00eb n\u00eb at\u00eb konferenc\u00eb asht antikushtetuese dhe nuk asht rektifikue asnjiher\u00eb prej parlamentit shqiptar.<\/p>\n<p>Vitin e kaluem n\u00eb Shqipni, mbas shum\u00eb protestash farsa, u ba nji census, rezultatet e t\u00eb cilit do t\u00eb duhej t\u00eb ishin shpall\u00eb t\u00eb pakt\u00ebn para 3 muejsh, por qeveria shqiptare i mban p\u00ebr vete ato rezultate dhe ende nuk i ban publike.<\/p>\n<p>Vet\u00ebm kultura mundet me na shp\u00ebtue si popull, dhe kur them kultura n\u00ebnkuptoj kultur\u00ebn e ligjit, qytetnimin, artin, arsimin, kultur\u00ebn politike, tradit\u00ebn. Mjerisht sot kultura n\u00eb Shqipni nuk p\u00ebrban nji prioritet p\u00ebr qeverin\u00eb ton\u00eb, prandaj forcat e err\u00ebta, n\u00eb frustrimin e tyne p\u00ebrpiqen me na largue prej Europ\u00ebs dhe me na kthye n\u00eb nji bisht apo n\u00eb nji zgjatim t\u00eb nji bote tjet\u00ebr q\u00eb nuk ka asgja t\u00eb p\u00ebrbashk\u00ebt as me aspiratat dhe as me t\u00eb traditat tona.<\/p>\n<p>P\u00ebr ta kjo asht nji betej\u00eb e humbun, por p\u00ebr ne kjo luft\u00eb e vonon rrug\u00ebtimin drejt Europ\u00ebs dhe ban q\u00eb t\u00eb humbim koh\u00eb dhe energji t\u00eb \u00e7mueshme.<\/p>\n<p>(Marr\u00eb nga fjala e mbajtur n\u00eb Meeting)<br \/>\nMAPO<\/p>\n","protected":false},"excerpt":{"rendered":"<p>Prof. ARDIAN NDRECA K\u00ebt\u00eb vit Meeting-u tradicional i Riminit ka arrit n\u00eb edicionin e vet XXXIII dhe tema e zgjedhun prej organizator\u00ebve ishte \u201cNatyra e njeriut dhe raporti i tij me infinitin\u201d. Tem\u00eb e thell\u00eb filozofike, n\u00eb dukje t\u00eb par\u00eb larg preokupimeve t\u00eb p\u00ebrditshme t\u00eb politik\u00ebs, financ\u00ebs, kriz\u00ebs globale, por n\u00eb t\u00eb v\u00ebrtet\u00eb nji tem\u00eb [&hellip;]<\/p>\n","protected":false},"author":1,"featured_media":0,"comment_status":"open","ping_status":"closed","sticky":false,"template":"","format":"standard","meta":{"footnotes":""},"categories":[2],"tags":[],"class_list":{"0":"post-12047","1":"post","2":"type-post","3":"status-publish","4":"format-standard","6":"category-artikuj"},"yoast_head":"<!-- This site is optimized with the Yoast SEO plugin v27.4 - https:\/\/yoast.com\/product\/yoast-seo-wordpress\/ -->\n<title>Prof. Ndreca: Shqipnia n\u00eb \u201cMeeting-un e Miqsis\u00eb s\u00eb Popujve\u201d n\u00eb Rimini - FjALA e LIR\u00cb - Arkivi<\/title>\n<meta name=\"robots\" content=\"index, follow, max-snippet:-1, max-image-preview:large, max-video-preview:-1\" \/>\n<link rel=\"canonical\" href=\"https:\/\/fjala.info\/2009-2015\/prof-ndreca-shqipnia-ne-meeting-un-e-miqsise-se-popujve-ne-rimini\/\" \/>\n<meta property=\"og:locale\" content=\"sq_AL\" \/>\n<meta property=\"og:type\" content=\"article\" \/>\n<meta property=\"og:title\" content=\"Prof. Ndreca: Shqipnia n\u00eb \u201cMeeting-un e Miqsis\u00eb s\u00eb Popujve\u201d n\u00eb Rimini - FjALA e LIR\u00cb - Arkivi\" \/>\n<meta property=\"og:description\" content=\"Prof. ARDIAN NDRECA K\u00ebt\u00eb vit Meeting-u tradicional i Riminit ka arrit n\u00eb edicionin e vet XXXIII dhe tema e zgjedhun prej organizator\u00ebve ishte \u201cNatyra e njeriut dhe raporti i tij me infinitin\u201d. Tem\u00eb e thell\u00eb filozofike, n\u00eb dukje t\u00eb par\u00eb larg preokupimeve t\u00eb p\u00ebrditshme t\u00eb politik\u00ebs, financ\u00ebs, kriz\u00ebs globale, por n\u00eb t\u00eb v\u00ebrtet\u00eb nji tem\u00eb [&hellip;]\" \/>\n<meta property=\"og:url\" content=\"https:\/\/fjala.info\/2009-2015\/prof-ndreca-shqipnia-ne-meeting-un-e-miqsise-se-popujve-ne-rimini\/\" \/>\n<meta property=\"og:site_name\" content=\"FjALA e LIR\u00cb - Arkivi\" \/>\n<meta property=\"article:published_time\" content=\"2012-08-26T08:07:27+00:00\" \/>\n<meta property=\"og:image\" content=\"http:\/\/www.fjala.info\/2012\/ardian_ndreca.jpg\" \/>\n<meta name=\"author\" content=\"admin\" \/>\n<meta name=\"twitter:card\" content=\"summary_large_image\" \/>\n<meta name=\"twitter:label1\" content=\"Written by\" \/>\n\t<meta name=\"twitter:data1\" content=\"admin\" \/>\n\t<meta name=\"twitter:label2\" content=\"Est. reading time\" \/>\n\t<meta name=\"twitter:data2\" content=\"6 minutes\" \/>\n<script type=\"application\/ld+json\" class=\"yoast-schema-graph\">{\"@context\":\"https:\\\/\\\/schema.org\",\"@graph\":[{\"@type\":\"Article\",\"@id\":\"https:\\\/\\\/fjala.info\\\/2009-2015\\\/prof-ndreca-shqipnia-ne-meeting-un-e-miqsise-se-popujve-ne-rimini\\\/#article\",\"isPartOf\":{\"@id\":\"https:\\\/\\\/fjala.info\\\/2009-2015\\\/prof-ndreca-shqipnia-ne-meeting-un-e-miqsise-se-popujve-ne-rimini\\\/\"},\"author\":{\"name\":\"admin\",\"@id\":\"https:\\\/\\\/fjala.info\\\/2009-2015\\\/#\\\/schema\\\/person\\\/3aa1163ef05469c496fc94e77611ada2\"},\"headline\":\"Prof. Ndreca: Shqipnia n\u00eb \u201cMeeting-un e Miqsis\u00eb s\u00eb Popujve\u201d n\u00eb Rimini\",\"datePublished\":\"2012-08-26T08:07:27+00:00\",\"mainEntityOfPage\":{\"@id\":\"https:\\\/\\\/fjala.info\\\/2009-2015\\\/prof-ndreca-shqipnia-ne-meeting-un-e-miqsise-se-popujve-ne-rimini\\\/\"},\"wordCount\":1157,\"commentCount\":0,\"publisher\":{\"@id\":\"https:\\\/\\\/fjala.info\\\/2009-2015\\\/#organization\"},\"image\":{\"@id\":\"https:\\\/\\\/fjala.info\\\/2009-2015\\\/prof-ndreca-shqipnia-ne-meeting-un-e-miqsise-se-popujve-ne-rimini\\\/#primaryimage\"},\"thumbnailUrl\":\"http:\\\/\\\/www.fjala.info\\\/2012\\\/ardian_ndreca.jpg\",\"articleSection\":[\"Artikuj\"],\"inLanguage\":\"sq-AL\",\"potentialAction\":[{\"@type\":\"CommentAction\",\"name\":\"Comment\",\"target\":[\"https:\\\/\\\/fjala.info\\\/2009-2015\\\/prof-ndreca-shqipnia-ne-meeting-un-e-miqsise-se-popujve-ne-rimini\\\/#respond\"]}]},{\"@type\":\"WebPage\",\"@id\":\"https:\\\/\\\/fjala.info\\\/2009-2015\\\/prof-ndreca-shqipnia-ne-meeting-un-e-miqsise-se-popujve-ne-rimini\\\/\",\"url\":\"https:\\\/\\\/fjala.info\\\/2009-2015\\\/prof-ndreca-shqipnia-ne-meeting-un-e-miqsise-se-popujve-ne-rimini\\\/\",\"name\":\"Prof. Ndreca: Shqipnia n\u00eb \u201cMeeting-un e Miqsis\u00eb s\u00eb Popujve\u201d n\u00eb Rimini - FjALA e LIR\u00cb - Arkivi\",\"isPartOf\":{\"@id\":\"https:\\\/\\\/fjala.info\\\/2009-2015\\\/#website\"},\"primaryImageOfPage\":{\"@id\":\"https:\\\/\\\/fjala.info\\\/2009-2015\\\/prof-ndreca-shqipnia-ne-meeting-un-e-miqsise-se-popujve-ne-rimini\\\/#primaryimage\"},\"image\":{\"@id\":\"https:\\\/\\\/fjala.info\\\/2009-2015\\\/prof-ndreca-shqipnia-ne-meeting-un-e-miqsise-se-popujve-ne-rimini\\\/#primaryimage\"},\"thumbnailUrl\":\"http:\\\/\\\/www.fjala.info\\\/2012\\\/ardian_ndreca.jpg\",\"datePublished\":\"2012-08-26T08:07:27+00:00\",\"breadcrumb\":{\"@id\":\"https:\\\/\\\/fjala.info\\\/2009-2015\\\/prof-ndreca-shqipnia-ne-meeting-un-e-miqsise-se-popujve-ne-rimini\\\/#breadcrumb\"},\"inLanguage\":\"sq-AL\",\"potentialAction\":[{\"@type\":\"ReadAction\",\"target\":[\"https:\\\/\\\/fjala.info\\\/2009-2015\\\/prof-ndreca-shqipnia-ne-meeting-un-e-miqsise-se-popujve-ne-rimini\\\/\"]}]},{\"@type\":\"ImageObject\",\"inLanguage\":\"sq-AL\",\"@id\":\"https:\\\/\\\/fjala.info\\\/2009-2015\\\/prof-ndreca-shqipnia-ne-meeting-un-e-miqsise-se-popujve-ne-rimini\\\/#primaryimage\",\"url\":\"http:\\\/\\\/www.fjala.info\\\/2012\\\/ardian_ndreca.jpg\",\"contentUrl\":\"http:\\\/\\\/www.fjala.info\\\/2012\\\/ardian_ndreca.jpg\"},{\"@type\":\"BreadcrumbList\",\"@id\":\"https:\\\/\\\/fjala.info\\\/2009-2015\\\/prof-ndreca-shqipnia-ne-meeting-un-e-miqsise-se-popujve-ne-rimini\\\/#breadcrumb\",\"itemListElement\":[{\"@type\":\"ListItem\",\"position\":1,\"name\":\"Home\",\"item\":\"https:\\\/\\\/fjala.info\\\/2009-2015\\\/\"},{\"@type\":\"ListItem\",\"position\":2,\"name\":\"Prof. Ndreca: Shqipnia n\u00eb \u201cMeeting-un e Miqsis\u00eb s\u00eb Popujve\u201d n\u00eb Rimini\"}]},{\"@type\":\"WebSite\",\"@id\":\"https:\\\/\\\/fjala.info\\\/2009-2015\\\/#website\",\"url\":\"https:\\\/\\\/fjala.info\\\/2009-2015\\\/\",\"name\":\"FjALA e LIR\u00cb - Arkivi\",\"description\":\"Arkivi 2009-2015\",\"publisher\":{\"@id\":\"https:\\\/\\\/fjala.info\\\/2009-2015\\\/#organization\"},\"potentialAction\":[{\"@type\":\"SearchAction\",\"target\":{\"@type\":\"EntryPoint\",\"urlTemplate\":\"https:\\\/\\\/fjala.info\\\/2009-2015\\\/?s={search_term_string}\"},\"query-input\":{\"@type\":\"PropertyValueSpecification\",\"valueRequired\":true,\"valueName\":\"search_term_string\"}}],\"inLanguage\":\"sq-AL\"},{\"@type\":\"Organization\",\"@id\":\"https:\\\/\\\/fjala.info\\\/2009-2015\\\/#organization\",\"name\":\"FjALA e LIR\u00cb - Arkivi\",\"url\":\"https:\\\/\\\/fjala.info\\\/2009-2015\\\/\",\"logo\":{\"@type\":\"ImageObject\",\"inLanguage\":\"sq-AL\",\"@id\":\"https:\\\/\\\/fjala.info\\\/2009-2015\\\/#\\\/schema\\\/logo\\\/image\\\/\",\"url\":\"\",\"contentUrl\":\"\",\"caption\":\"FjALA e LIR\u00cb - Arkivi\"},\"image\":{\"@id\":\"https:\\\/\\\/fjala.info\\\/2009-2015\\\/#\\\/schema\\\/logo\\\/image\\\/\"}},{\"@type\":\"Person\",\"@id\":\"https:\\\/\\\/fjala.info\\\/2009-2015\\\/#\\\/schema\\\/person\\\/3aa1163ef05469c496fc94e77611ada2\",\"name\":\"admin\",\"image\":{\"@type\":\"ImageObject\",\"inLanguage\":\"sq-AL\",\"@id\":\"https:\\\/\\\/fjala.info\\\/2009-2015\\\/wp-content\\\/uploads\\\/2012\\\/02\\\/arben_cokaj-120x150.jpg\",\"url\":\"https:\\\/\\\/fjala.info\\\/2009-2015\\\/wp-content\\\/uploads\\\/2012\\\/02\\\/arben_cokaj-120x150.jpg\",\"contentUrl\":\"https:\\\/\\\/fjala.info\\\/2009-2015\\\/wp-content\\\/uploads\\\/2012\\\/02\\\/arben_cokaj-120x150.jpg\",\"caption\":\"admin\"},\"description\":\"Admin, Fjala e Lir\u00eb\",\"sameAs\":[\"https:\\\/\\\/fjala.info\\\/\"],\"url\":\"https:\\\/\\\/fjala.info\\\/2009-2015\\\/author\\\/admin\\\/\"}]}<\/script>\n<!-- \/ Yoast SEO plugin. -->","yoast_head_json":{"title":"Prof. Ndreca: Shqipnia n\u00eb \u201cMeeting-un e Miqsis\u00eb s\u00eb Popujve\u201d n\u00eb Rimini - FjALA e LIR\u00cb - Arkivi","robots":{"index":"index","follow":"follow","max-snippet":"max-snippet:-1","max-image-preview":"max-image-preview:large","max-video-preview":"max-video-preview:-1"},"canonical":"https:\/\/fjala.info\/2009-2015\/prof-ndreca-shqipnia-ne-meeting-un-e-miqsise-se-popujve-ne-rimini\/","og_locale":"sq_AL","og_type":"article","og_title":"Prof. Ndreca: Shqipnia n\u00eb \u201cMeeting-un e Miqsis\u00eb s\u00eb Popujve\u201d n\u00eb Rimini - FjALA e LIR\u00cb - Arkivi","og_description":"Prof. ARDIAN NDRECA K\u00ebt\u00eb vit Meeting-u tradicional i Riminit ka arrit n\u00eb edicionin e vet XXXIII dhe tema e zgjedhun prej organizator\u00ebve ishte \u201cNatyra e njeriut dhe raporti i tij me infinitin\u201d. Tem\u00eb e thell\u00eb filozofike, n\u00eb dukje t\u00eb par\u00eb larg preokupimeve t\u00eb p\u00ebrditshme t\u00eb politik\u00ebs, financ\u00ebs, kriz\u00ebs globale, por n\u00eb t\u00eb v\u00ebrtet\u00eb nji tem\u00eb [&hellip;]","og_url":"https:\/\/fjala.info\/2009-2015\/prof-ndreca-shqipnia-ne-meeting-un-e-miqsise-se-popujve-ne-rimini\/","og_site_name":"FjALA e LIR\u00cb - Arkivi","article_published_time":"2012-08-26T08:07:27+00:00","og_image":[{"url":"http:\/\/www.fjala.info\/2012\/ardian_ndreca.jpg","type":"","width":"","height":""}],"author":"admin","twitter_card":"summary_large_image","twitter_misc":{"Written by":"admin","Est. reading time":"6 minutes"},"schema":{"@context":"https:\/\/schema.org","@graph":[{"@type":"Article","@id":"https:\/\/fjala.info\/2009-2015\/prof-ndreca-shqipnia-ne-meeting-un-e-miqsise-se-popujve-ne-rimini\/#article","isPartOf":{"@id":"https:\/\/fjala.info\/2009-2015\/prof-ndreca-shqipnia-ne-meeting-un-e-miqsise-se-popujve-ne-rimini\/"},"author":{"name":"admin","@id":"https:\/\/fjala.info\/2009-2015\/#\/schema\/person\/3aa1163ef05469c496fc94e77611ada2"},"headline":"Prof. Ndreca: Shqipnia n\u00eb \u201cMeeting-un e Miqsis\u00eb s\u00eb Popujve\u201d n\u00eb Rimini","datePublished":"2012-08-26T08:07:27+00:00","mainEntityOfPage":{"@id":"https:\/\/fjala.info\/2009-2015\/prof-ndreca-shqipnia-ne-meeting-un-e-miqsise-se-popujve-ne-rimini\/"},"wordCount":1157,"commentCount":0,"publisher":{"@id":"https:\/\/fjala.info\/2009-2015\/#organization"},"image":{"@id":"https:\/\/fjala.info\/2009-2015\/prof-ndreca-shqipnia-ne-meeting-un-e-miqsise-se-popujve-ne-rimini\/#primaryimage"},"thumbnailUrl":"http:\/\/www.fjala.info\/2012\/ardian_ndreca.jpg","articleSection":["Artikuj"],"inLanguage":"sq-AL","potentialAction":[{"@type":"CommentAction","name":"Comment","target":["https:\/\/fjala.info\/2009-2015\/prof-ndreca-shqipnia-ne-meeting-un-e-miqsise-se-popujve-ne-rimini\/#respond"]}]},{"@type":"WebPage","@id":"https:\/\/fjala.info\/2009-2015\/prof-ndreca-shqipnia-ne-meeting-un-e-miqsise-se-popujve-ne-rimini\/","url":"https:\/\/fjala.info\/2009-2015\/prof-ndreca-shqipnia-ne-meeting-un-e-miqsise-se-popujve-ne-rimini\/","name":"Prof. Ndreca: Shqipnia n\u00eb \u201cMeeting-un e Miqsis\u00eb s\u00eb Popujve\u201d n\u00eb Rimini - FjALA e LIR\u00cb - Arkivi","isPartOf":{"@id":"https:\/\/fjala.info\/2009-2015\/#website"},"primaryImageOfPage":{"@id":"https:\/\/fjala.info\/2009-2015\/prof-ndreca-shqipnia-ne-meeting-un-e-miqsise-se-popujve-ne-rimini\/#primaryimage"},"image":{"@id":"https:\/\/fjala.info\/2009-2015\/prof-ndreca-shqipnia-ne-meeting-un-e-miqsise-se-popujve-ne-rimini\/#primaryimage"},"thumbnailUrl":"http:\/\/www.fjala.info\/2012\/ardian_ndreca.jpg","datePublished":"2012-08-26T08:07:27+00:00","breadcrumb":{"@id":"https:\/\/fjala.info\/2009-2015\/prof-ndreca-shqipnia-ne-meeting-un-e-miqsise-se-popujve-ne-rimini\/#breadcrumb"},"inLanguage":"sq-AL","potentialAction":[{"@type":"ReadAction","target":["https:\/\/fjala.info\/2009-2015\/prof-ndreca-shqipnia-ne-meeting-un-e-miqsise-se-popujve-ne-rimini\/"]}]},{"@type":"ImageObject","inLanguage":"sq-AL","@id":"https:\/\/fjala.info\/2009-2015\/prof-ndreca-shqipnia-ne-meeting-un-e-miqsise-se-popujve-ne-rimini\/#primaryimage","url":"http:\/\/www.fjala.info\/2012\/ardian_ndreca.jpg","contentUrl":"http:\/\/www.fjala.info\/2012\/ardian_ndreca.jpg"},{"@type":"BreadcrumbList","@id":"https:\/\/fjala.info\/2009-2015\/prof-ndreca-shqipnia-ne-meeting-un-e-miqsise-se-popujve-ne-rimini\/#breadcrumb","itemListElement":[{"@type":"ListItem","position":1,"name":"Home","item":"https:\/\/fjala.info\/2009-2015\/"},{"@type":"ListItem","position":2,"name":"Prof. Ndreca: Shqipnia n\u00eb \u201cMeeting-un e Miqsis\u00eb s\u00eb Popujve\u201d n\u00eb Rimini"}]},{"@type":"WebSite","@id":"https:\/\/fjala.info\/2009-2015\/#website","url":"https:\/\/fjala.info\/2009-2015\/","name":"FjALA e LIR\u00cb - Arkivi","description":"Arkivi 2009-2015","publisher":{"@id":"https:\/\/fjala.info\/2009-2015\/#organization"},"potentialAction":[{"@type":"SearchAction","target":{"@type":"EntryPoint","urlTemplate":"https:\/\/fjala.info\/2009-2015\/?s={search_term_string}"},"query-input":{"@type":"PropertyValueSpecification","valueRequired":true,"valueName":"search_term_string"}}],"inLanguage":"sq-AL"},{"@type":"Organization","@id":"https:\/\/fjala.info\/2009-2015\/#organization","name":"FjALA e LIR\u00cb - Arkivi","url":"https:\/\/fjala.info\/2009-2015\/","logo":{"@type":"ImageObject","inLanguage":"sq-AL","@id":"https:\/\/fjala.info\/2009-2015\/#\/schema\/logo\/image\/","url":"","contentUrl":"","caption":"FjALA e LIR\u00cb - Arkivi"},"image":{"@id":"https:\/\/fjala.info\/2009-2015\/#\/schema\/logo\/image\/"}},{"@type":"Person","@id":"https:\/\/fjala.info\/2009-2015\/#\/schema\/person\/3aa1163ef05469c496fc94e77611ada2","name":"admin","image":{"@type":"ImageObject","inLanguage":"sq-AL","@id":"https:\/\/fjala.info\/2009-2015\/wp-content\/uploads\/2012\/02\/arben_cokaj-120x150.jpg","url":"https:\/\/fjala.info\/2009-2015\/wp-content\/uploads\/2012\/02\/arben_cokaj-120x150.jpg","contentUrl":"https:\/\/fjala.info\/2009-2015\/wp-content\/uploads\/2012\/02\/arben_cokaj-120x150.jpg","caption":"admin"},"description":"Admin, Fjala e Lir\u00eb","sameAs":["https:\/\/fjala.info\/"],"url":"https:\/\/fjala.info\/2009-2015\/author\/admin\/"}]}},"_links":{"self":[{"href":"https:\/\/fjala.info\/2009-2015\/wp-json\/wp\/v2\/posts\/12047","targetHints":{"allow":["GET"]}}],"collection":[{"href":"https:\/\/fjala.info\/2009-2015\/wp-json\/wp\/v2\/posts"}],"about":[{"href":"https:\/\/fjala.info\/2009-2015\/wp-json\/wp\/v2\/types\/post"}],"author":[{"embeddable":true,"href":"https:\/\/fjala.info\/2009-2015\/wp-json\/wp\/v2\/users\/1"}],"replies":[{"embeddable":true,"href":"https:\/\/fjala.info\/2009-2015\/wp-json\/wp\/v2\/comments?post=12047"}],"version-history":[{"count":0,"href":"https:\/\/fjala.info\/2009-2015\/wp-json\/wp\/v2\/posts\/12047\/revisions"}],"wp:attachment":[{"href":"https:\/\/fjala.info\/2009-2015\/wp-json\/wp\/v2\/media?parent=12047"}],"wp:term":[{"taxonomy":"category","embeddable":true,"href":"https:\/\/fjala.info\/2009-2015\/wp-json\/wp\/v2\/categories?post=12047"},{"taxonomy":"post_tag","embeddable":true,"href":"https:\/\/fjala.info\/2009-2015\/wp-json\/wp\/v2\/tags?post=12047"}],"curies":[{"name":"wp","href":"https:\/\/api.w.org\/{rel}","templated":true}]}}