{"id":12046,"date":"2012-08-24T23:07:01","date_gmt":"2012-08-24T22:07:01","guid":{"rendered":"http:\/\/www.fjala.info\/?p=4658"},"modified":"2012-08-24T23:07:01","modified_gmt":"2012-08-24T22:07:01","slug":"perse-i-duhet-mbipushteti-sali-berishes","status":"publish","type":"post","link":"https:\/\/fjala.info\/2009-2015\/perse-i-duhet-mbipushteti-sali-berishes\/","title":{"rendered":"P\u00ebrse i duhet mbipushteti Sali Berish\u00ebs?"},"content":{"rendered":"<p><img decoding=\"async\" class=\"alignright size-thumbnail wp-image-7236\" title=\"Mero Baze\" src=\"http:\/\/www.fjala.info\/2012\/mero_baze.jpg\" alt=\"\" width=\"150\" \/> Nga <strong>Mero Baze<\/strong>, <em>24 Gusht 2012<\/em><\/p>\n<p>Kan\u00eb ngjallur reaksion deklaratat e Berish\u00ebs p\u00ebr t\u00eb vrar\u00ebt e 21 Janarit. Mes tyre, m\u00eb i dhimbsh\u00ebm dhe i eg\u00ebr \u00ebsht\u00eb reagimi i xhaxhait t\u00eb Aleks Nik\u00ebs. Po ashtu, dhe i disa figurave t\u00eb opozit\u00ebs si Bra\u00e7e apo Ngjela.<\/p>\n<p>Por, p\u00ebrtej irritimit q\u00eb ngjalli deklarata e tij, duhet par\u00eb me qet\u00ebsi dhe v\u00ebmendje, si ka filluar ta p\u00ebrdorw mbipushtetin Sali Berisha.<\/p>\n<p>Marshimi i tij p\u00ebr pushtimin e institucioneve pas marrjes s\u00eb presidentit, KLD-sw, SHISH-it, dhe pas pak muajsh Prokuroris\u00eb, duket se ka nj\u00eb kryeobjektiv, at\u00eb t\u00eb pastrimit t\u00eb dosjeve kriminale t\u00eb k\u00ebtyre 7 viteve n\u00eb pushtet.<\/p>\n<p>Bashk\u00ebjetesa e Sali Berish\u00ebs me institucione q\u00eb nuk i kishte n\u00ebn kontroll, ka qen\u00eb nj\u00eb st\u00ebrmundim i madh i tij dhe nj\u00eb makth sa i p\u00ebrket gjurm\u00ebve q\u00eb kan\u00eb l\u00ebn\u00eb historit\u00eb e tij kriminale dhe korruptive n\u00eb institucionet e shtetit. Dosja e mbyllur korruptive e \u201cRrug\u00ebs s\u00eb Kombit\u201d, historit\u00eb e pastrimit t\u00eb parave dhe koncesioneve t\u00eb sekserit t\u00eb familjes Damir Fazlli\u00e7, ku \u00ebsht\u00eb e p\u00ebrfshir\u00eb e bija e vet, historia kriminale e G\u00ebrdecit dhe fishek\u00ebve kinez\u00eb p\u00ebr Afganistan, ku \u00ebsht\u00eb i p\u00ebrfshir\u00eb i biri i tij, historit\u00eb e fondeve tw dyshimta dhe mungesa e transparenc\u00ebs q\u00eb ka shoq\u00ebruar veprimtarinw e fondacionit spekulativ t\u00eb gruas s\u00eb tij, e deri tek makrabiteti i vrasjeve politike t\u00eb 21 Janarit, duket se jan\u00eb objektivi i vet\u00ebm i superpushtetit t\u00eb Sali Berish\u00ebs.<\/p>\n<p>Duke rimarr\u00eb institucionet t\u00eb cilat nuk i ka kontrolluar dot deri m\u00eb sot, Sali Berisha \u00ebsht\u00eb duke par\u00eb me syt\u00eb e tij krimet e dokumentuara p\u00ebr ato q\u00eb ka b\u00ebr\u00eb k\u00ebto vite.<\/p>\n<p>Duke hyr\u00eb n\u00eb zyrat e KLD-sw, shoku i djalit tw vet me siguri ka par\u00eb dhe raportuar p\u00ebr dosjet e mbyllura t\u00eb drejt\u00ebsis\u00eb lidhur me Lulzim Bash\u00ebn, Fatmir Mediun, Ilir Met\u00ebn, Fazlli\u00e7in, e deri tek gjyqet e mbyllura p\u00ebr Sali Berish\u00ebn.<\/p>\n<p>Duke hyr\u00eb n\u00eb zyrat e SHISH-it, ish-zyrtari i lart i SHIK-ut tw Gazidedes, me siguri ka par\u00eb dhe raportuar at\u00eb q\u00eb SHISH, ka pas dokumentuar p\u00ebr Lulzim Bash\u00ebn, p\u00ebr paratw e vjedhura n\u00eb segmentin Rr\u00ebshen- Kalimash, p\u00ebr historin\u00eb e pist\u00eb t\u00eb Fazlli\u00e7it dhe p\u00ebrfshirjen e vajz\u00ebs s\u00eb tij n\u00eb t\u00ebrheqjen e parave, p\u00ebr bisedat e t\u00eb birit me biznesmen\u00ebt e naft\u00ebs, fishek\u00ebve, apo pronar\u00ebt e em\u00ebruar t\u00eb trojeve n\u00eb bregdet, p\u00ebr m\u00ebnyr\u00ebn si u mbyll dosja e G\u00ebrdecit, p\u00ebr m\u00ebnyr\u00ebn se si amerikan\u00ebt kan\u00eb raportuar p\u00ebr trafikun e fishk\u00ebve kinez\u00eb nga i biri dhe historin\u00eb e Kosta Trebick\u00ebs, dhe n\u00eb fund, p\u00ebr gjith\u00eb at\u00eb q\u00eb kan\u00eb par\u00eb dhe marr\u00eb nga partner\u00ebt e tyre amerikan\u00eb p\u00ebr \u00e7far\u00eb ka ndodhur m\u00eb 21 janar.<\/p>\n<p>Duke hyr\u00eb n\u00eb zyr\u00ebn e Presidentit, Bujar Nishani ka par\u00eb se \u00e7far\u00eb i kan\u00eb raportuar Bamir Topit p\u00ebr 21 janarin, p\u00ebr Fazlli\u00e7in, p\u00ebr G\u00ebrdecin apo p\u00ebr betejat e Berish\u00ebs kund\u00ebr SHISH.<\/p>\n<p>Tashm\u00eb q\u00eb Berisha e di dhe ka para syve t\u00eb vet malin me letra q\u00eb nxijn\u00eb historin\u00eb e tij n\u00eb krye t\u00eb shtetit, duket se objektiv kryesor ka pastrimin e k\u00ebsaj biografie.<\/p>\n<p>Deklarata e tij p\u00ebr t\u00eb gjetur ata q\u00eb soll\u00ebn para kryeministris\u00eb t\u00eb vrar\u00ebt e 21 Janarit, m\u00eb shum\u00eb se sa makthin e tij, si autor i k\u00ebtyre vrasjeve, pasqyron padurimin e tij p\u00ebr fshirjen e gjurm\u00ebve t\u00eb krimit. Ai k\u00ebrkon q\u00eb tashm\u00eb me superpushtetin q\u00eb ka marr\u00eb, me v\u00ebnien n\u00ebn kontroll t\u00eb drejt\u00ebsis\u00eb, hetimit, SHISH, Presidenc\u00ebs dhe medies q\u00eb e ka si nj\u00eb kor bretkosash pro tij, t\u00eb fillojw t\u00eb rishkruaj atw q\u00eb ka ndodhur para syve tan\u00eb. K\u00ebrkon q\u00eb t\u00eb thot\u00eb fjala vjen, se gjakun e t\u00eb vrar\u00ebve t\u00eb 21 Janarit, t\u00eb mos ja k\u00ebrkojn\u00eb atij, por opozit\u00ebs dhe frym\u00ebs opozitare n\u00eb vend, q\u00eb nxit njer\u00ebzit t\u00eb protestojn\u00eb.<\/p>\n<p>Me k\u00ebt\u00eb rast ai k\u00ebrkon jo vet\u00ebm t\u00eb rishkruaj letrat e pista t\u00eb tij, por t\u2019i b\u00ebjw gjyq dhe institucionit t\u00eb opozit\u00ebs n\u00eb Shqip\u00ebri, t\u00eb nd\u00ebshkojw zyrtarisht d\u00ebshir\u00ebn dhe frym\u00ebzimin p\u00ebr protesta n\u00eb k\u00ebt\u00eb vend. Edhe pse me zvarritjen e hetimeve dhe deinkurajimin e prokuroris\u00eb dhe gjykatave, ai ja ka arritur t\u00eb vrasw frym\u00ebn e protestave pas 21 Janarit, tashm\u00eb k\u00ebrkon ti b\u00ebj gjyq institucionit t\u00eb protest\u00ebs, dhe vendimit t\u00eb qytetar\u00ebve p\u00ebr t\u00eb protestuar.<\/p>\n<p>Mbipushteti i Sali Berish\u00ebs, i cili tashm\u00eb ka nisur t\u00eb funksionojw, po tenton t\u00eb jap leksionin e par\u00eb p\u00ebr arsyet p\u00ebrse i duhet Sali Berish\u00ebs. Ai po promovon q\u00ebllimin e vet, q\u00eb n\u00eb s\u00eb paku 9 muajt e mbetur, t\u00eb ket\u00eb mund\u00ebsi t\u00eb fshijw gjurm\u00eb e gjakut dhe shenjat e gishtave t\u00eb Familjes mbi jet\u00ebn dhe paratw e qytetar\u00ebve shqiptar\u00eb. \u00cbsht\u00eb kjo kryearsyeja p\u00ebrse i duhen t\u00eb gjith\u00eb pushtetet n\u00eb kaq pak koh\u00eb q\u00eb i ka mbetur. Dhe, po kjo arsyeja, q\u00eb dhe kur t\u00eb gjith\u00eb heshtin, atij i shkon gjuha ku i dhemb dhembi, tek ajo \u00e7far\u00eb ka b\u00ebr\u00eb m\u00eb 21 Janar.<\/p>\n<p>Zoti duket se e ka d\u00ebnuar dhe ja ka l\u00ebn\u00eb n\u00eb tru sa t\u00eb jet\u00eb gjall\u00eb makthin nga krimi q\u00eb ka b\u00ebr\u00eb.<\/p>\n","protected":false},"excerpt":{"rendered":"<p>Nga Mero Baze, 24 Gusht 2012 Kan\u00eb ngjallur reaksion deklaratat e Berish\u00ebs p\u00ebr t\u00eb vrar\u00ebt e 21 Janarit. Mes tyre, m\u00eb i dhimbsh\u00ebm dhe i eg\u00ebr \u00ebsht\u00eb reagimi i xhaxhait t\u00eb Aleks Nik\u00ebs. Po ashtu, dhe i disa figurave t\u00eb opozit\u00ebs si Bra\u00e7e apo Ngjela. Por, p\u00ebrtej irritimit q\u00eb ngjalli deklarata e tij, duhet par\u00eb [&hellip;]<\/p>\n","protected":false},"author":1,"featured_media":0,"comment_status":"open","ping_status":"closed","sticky":false,"template":"","format":"standard","meta":{"footnotes":""},"categories":[2],"tags":[],"class_list":{"0":"post-12046","1":"post","2":"type-post","3":"status-publish","4":"format-standard","6":"category-artikuj"},"yoast_head":"<!-- This site is optimized with the Yoast SEO plugin v27.4 - https:\/\/yoast.com\/product\/yoast-seo-wordpress\/ -->\n<title>P\u00ebrse i duhet mbipushteti Sali Berish\u00ebs? - FjALA e LIR\u00cb - Arkivi<\/title>\n<meta name=\"robots\" content=\"index, follow, max-snippet:-1, max-image-preview:large, max-video-preview:-1\" \/>\n<link rel=\"canonical\" href=\"https:\/\/fjala.info\/2009-2015\/perse-i-duhet-mbipushteti-sali-berishes\/\" \/>\n<meta property=\"og:locale\" content=\"sq_AL\" \/>\n<meta property=\"og:type\" content=\"article\" \/>\n<meta property=\"og:title\" content=\"P\u00ebrse i duhet mbipushteti Sali Berish\u00ebs? - FjALA e LIR\u00cb - Arkivi\" \/>\n<meta property=\"og:description\" content=\"Nga Mero Baze, 24 Gusht 2012 Kan\u00eb ngjallur reaksion deklaratat e Berish\u00ebs p\u00ebr t\u00eb vrar\u00ebt e 21 Janarit. Mes tyre, m\u00eb i dhimbsh\u00ebm dhe i eg\u00ebr \u00ebsht\u00eb reagimi i xhaxhait t\u00eb Aleks Nik\u00ebs. Po ashtu, dhe i disa figurave t\u00eb opozit\u00ebs si Bra\u00e7e apo Ngjela. Por, p\u00ebrtej irritimit q\u00eb ngjalli deklarata e tij, duhet par\u00eb [&hellip;]\" \/>\n<meta property=\"og:url\" content=\"https:\/\/fjala.info\/2009-2015\/perse-i-duhet-mbipushteti-sali-berishes\/\" \/>\n<meta property=\"og:site_name\" content=\"FjALA e LIR\u00cb - Arkivi\" \/>\n<meta property=\"article:published_time\" content=\"2012-08-24T22:07:01+00:00\" \/>\n<meta property=\"og:image\" content=\"http:\/\/www.fjala.info\/2012\/mero_baze.jpg\" \/>\n<meta name=\"author\" content=\"admin\" \/>\n<meta name=\"twitter:card\" content=\"summary_large_image\" \/>\n<meta name=\"twitter:label1\" content=\"Written by\" \/>\n\t<meta name=\"twitter:data1\" content=\"admin\" \/>\n\t<meta name=\"twitter:label2\" content=\"Est. reading time\" \/>\n\t<meta name=\"twitter:data2\" content=\"5 minutes\" \/>\n<script type=\"application\/ld+json\" class=\"yoast-schema-graph\">{\"@context\":\"https:\\\/\\\/schema.org\",\"@graph\":[{\"@type\":\"Article\",\"@id\":\"https:\\\/\\\/fjala.info\\\/2009-2015\\\/perse-i-duhet-mbipushteti-sali-berishes\\\/#article\",\"isPartOf\":{\"@id\":\"https:\\\/\\\/fjala.info\\\/2009-2015\\\/perse-i-duhet-mbipushteti-sali-berishes\\\/\"},\"author\":{\"name\":\"admin\",\"@id\":\"https:\\\/\\\/fjala.info\\\/2009-2015\\\/#\\\/schema\\\/person\\\/3aa1163ef05469c496fc94e77611ada2\"},\"headline\":\"P\u00ebrse i duhet mbipushteti Sali Berish\u00ebs?\",\"datePublished\":\"2012-08-24T22:07:01+00:00\",\"mainEntityOfPage\":{\"@id\":\"https:\\\/\\\/fjala.info\\\/2009-2015\\\/perse-i-duhet-mbipushteti-sali-berishes\\\/\"},\"wordCount\":919,\"commentCount\":0,\"publisher\":{\"@id\":\"https:\\\/\\\/fjala.info\\\/2009-2015\\\/#organization\"},\"image\":{\"@id\":\"https:\\\/\\\/fjala.info\\\/2009-2015\\\/perse-i-duhet-mbipushteti-sali-berishes\\\/#primaryimage\"},\"thumbnailUrl\":\"http:\\\/\\\/www.fjala.info\\\/2012\\\/mero_baze.jpg\",\"articleSection\":[\"Artikuj\"],\"inLanguage\":\"sq-AL\",\"potentialAction\":[{\"@type\":\"CommentAction\",\"name\":\"Comment\",\"target\":[\"https:\\\/\\\/fjala.info\\\/2009-2015\\\/perse-i-duhet-mbipushteti-sali-berishes\\\/#respond\"]}]},{\"@type\":\"WebPage\",\"@id\":\"https:\\\/\\\/fjala.info\\\/2009-2015\\\/perse-i-duhet-mbipushteti-sali-berishes\\\/\",\"url\":\"https:\\\/\\\/fjala.info\\\/2009-2015\\\/perse-i-duhet-mbipushteti-sali-berishes\\\/\",\"name\":\"P\u00ebrse i duhet mbipushteti Sali Berish\u00ebs? - FjALA e LIR\u00cb - Arkivi\",\"isPartOf\":{\"@id\":\"https:\\\/\\\/fjala.info\\\/2009-2015\\\/#website\"},\"primaryImageOfPage\":{\"@id\":\"https:\\\/\\\/fjala.info\\\/2009-2015\\\/perse-i-duhet-mbipushteti-sali-berishes\\\/#primaryimage\"},\"image\":{\"@id\":\"https:\\\/\\\/fjala.info\\\/2009-2015\\\/perse-i-duhet-mbipushteti-sali-berishes\\\/#primaryimage\"},\"thumbnailUrl\":\"http:\\\/\\\/www.fjala.info\\\/2012\\\/mero_baze.jpg\",\"datePublished\":\"2012-08-24T22:07:01+00:00\",\"breadcrumb\":{\"@id\":\"https:\\\/\\\/fjala.info\\\/2009-2015\\\/perse-i-duhet-mbipushteti-sali-berishes\\\/#breadcrumb\"},\"inLanguage\":\"sq-AL\",\"potentialAction\":[{\"@type\":\"ReadAction\",\"target\":[\"https:\\\/\\\/fjala.info\\\/2009-2015\\\/perse-i-duhet-mbipushteti-sali-berishes\\\/\"]}]},{\"@type\":\"ImageObject\",\"inLanguage\":\"sq-AL\",\"@id\":\"https:\\\/\\\/fjala.info\\\/2009-2015\\\/perse-i-duhet-mbipushteti-sali-berishes\\\/#primaryimage\",\"url\":\"http:\\\/\\\/www.fjala.info\\\/2012\\\/mero_baze.jpg\",\"contentUrl\":\"http:\\\/\\\/www.fjala.info\\\/2012\\\/mero_baze.jpg\"},{\"@type\":\"BreadcrumbList\",\"@id\":\"https:\\\/\\\/fjala.info\\\/2009-2015\\\/perse-i-duhet-mbipushteti-sali-berishes\\\/#breadcrumb\",\"itemListElement\":[{\"@type\":\"ListItem\",\"position\":1,\"name\":\"Home\",\"item\":\"https:\\\/\\\/fjala.info\\\/2009-2015\\\/\"},{\"@type\":\"ListItem\",\"position\":2,\"name\":\"P\u00ebrse i duhet mbipushteti Sali Berish\u00ebs?\"}]},{\"@type\":\"WebSite\",\"@id\":\"https:\\\/\\\/fjala.info\\\/2009-2015\\\/#website\",\"url\":\"https:\\\/\\\/fjala.info\\\/2009-2015\\\/\",\"name\":\"FjALA e LIR\u00cb - Arkivi\",\"description\":\"Arkivi 2009-2015\",\"publisher\":{\"@id\":\"https:\\\/\\\/fjala.info\\\/2009-2015\\\/#organization\"},\"potentialAction\":[{\"@type\":\"SearchAction\",\"target\":{\"@type\":\"EntryPoint\",\"urlTemplate\":\"https:\\\/\\\/fjala.info\\\/2009-2015\\\/?s={search_term_string}\"},\"query-input\":{\"@type\":\"PropertyValueSpecification\",\"valueRequired\":true,\"valueName\":\"search_term_string\"}}],\"inLanguage\":\"sq-AL\"},{\"@type\":\"Organization\",\"@id\":\"https:\\\/\\\/fjala.info\\\/2009-2015\\\/#organization\",\"name\":\"FjALA e LIR\u00cb - Arkivi\",\"url\":\"https:\\\/\\\/fjala.info\\\/2009-2015\\\/\",\"logo\":{\"@type\":\"ImageObject\",\"inLanguage\":\"sq-AL\",\"@id\":\"https:\\\/\\\/fjala.info\\\/2009-2015\\\/#\\\/schema\\\/logo\\\/image\\\/\",\"url\":\"\",\"contentUrl\":\"\",\"caption\":\"FjALA e LIR\u00cb - Arkivi\"},\"image\":{\"@id\":\"https:\\\/\\\/fjala.info\\\/2009-2015\\\/#\\\/schema\\\/logo\\\/image\\\/\"}},{\"@type\":\"Person\",\"@id\":\"https:\\\/\\\/fjala.info\\\/2009-2015\\\/#\\\/schema\\\/person\\\/3aa1163ef05469c496fc94e77611ada2\",\"name\":\"admin\",\"image\":{\"@type\":\"ImageObject\",\"inLanguage\":\"sq-AL\",\"@id\":\"https:\\\/\\\/fjala.info\\\/2009-2015\\\/wp-content\\\/uploads\\\/2012\\\/02\\\/arben_cokaj-120x150.jpg\",\"url\":\"https:\\\/\\\/fjala.info\\\/2009-2015\\\/wp-content\\\/uploads\\\/2012\\\/02\\\/arben_cokaj-120x150.jpg\",\"contentUrl\":\"https:\\\/\\\/fjala.info\\\/2009-2015\\\/wp-content\\\/uploads\\\/2012\\\/02\\\/arben_cokaj-120x150.jpg\",\"caption\":\"admin\"},\"description\":\"Admin, Fjala e Lir\u00eb\",\"sameAs\":[\"https:\\\/\\\/fjala.info\\\/\"],\"url\":\"https:\\\/\\\/fjala.info\\\/2009-2015\\\/author\\\/admin\\\/\"}]}<\/script>\n<!-- \/ Yoast SEO plugin. -->","yoast_head_json":{"title":"P\u00ebrse i duhet mbipushteti Sali Berish\u00ebs? - FjALA e LIR\u00cb - Arkivi","robots":{"index":"index","follow":"follow","max-snippet":"max-snippet:-1","max-image-preview":"max-image-preview:large","max-video-preview":"max-video-preview:-1"},"canonical":"https:\/\/fjala.info\/2009-2015\/perse-i-duhet-mbipushteti-sali-berishes\/","og_locale":"sq_AL","og_type":"article","og_title":"P\u00ebrse i duhet mbipushteti Sali Berish\u00ebs? - FjALA e LIR\u00cb - Arkivi","og_description":"Nga Mero Baze, 24 Gusht 2012 Kan\u00eb ngjallur reaksion deklaratat e Berish\u00ebs p\u00ebr t\u00eb vrar\u00ebt e 21 Janarit. Mes tyre, m\u00eb i dhimbsh\u00ebm dhe i eg\u00ebr \u00ebsht\u00eb reagimi i xhaxhait t\u00eb Aleks Nik\u00ebs. Po ashtu, dhe i disa figurave t\u00eb opozit\u00ebs si Bra\u00e7e apo Ngjela. Por, p\u00ebrtej irritimit q\u00eb ngjalli deklarata e tij, duhet par\u00eb [&hellip;]","og_url":"https:\/\/fjala.info\/2009-2015\/perse-i-duhet-mbipushteti-sali-berishes\/","og_site_name":"FjALA e LIR\u00cb - Arkivi","article_published_time":"2012-08-24T22:07:01+00:00","og_image":[{"url":"http:\/\/www.fjala.info\/2012\/mero_baze.jpg","type":"","width":"","height":""}],"author":"admin","twitter_card":"summary_large_image","twitter_misc":{"Written by":"admin","Est. reading time":"5 minutes"},"schema":{"@context":"https:\/\/schema.org","@graph":[{"@type":"Article","@id":"https:\/\/fjala.info\/2009-2015\/perse-i-duhet-mbipushteti-sali-berishes\/#article","isPartOf":{"@id":"https:\/\/fjala.info\/2009-2015\/perse-i-duhet-mbipushteti-sali-berishes\/"},"author":{"name":"admin","@id":"https:\/\/fjala.info\/2009-2015\/#\/schema\/person\/3aa1163ef05469c496fc94e77611ada2"},"headline":"P\u00ebrse i duhet mbipushteti Sali Berish\u00ebs?","datePublished":"2012-08-24T22:07:01+00:00","mainEntityOfPage":{"@id":"https:\/\/fjala.info\/2009-2015\/perse-i-duhet-mbipushteti-sali-berishes\/"},"wordCount":919,"commentCount":0,"publisher":{"@id":"https:\/\/fjala.info\/2009-2015\/#organization"},"image":{"@id":"https:\/\/fjala.info\/2009-2015\/perse-i-duhet-mbipushteti-sali-berishes\/#primaryimage"},"thumbnailUrl":"http:\/\/www.fjala.info\/2012\/mero_baze.jpg","articleSection":["Artikuj"],"inLanguage":"sq-AL","potentialAction":[{"@type":"CommentAction","name":"Comment","target":["https:\/\/fjala.info\/2009-2015\/perse-i-duhet-mbipushteti-sali-berishes\/#respond"]}]},{"@type":"WebPage","@id":"https:\/\/fjala.info\/2009-2015\/perse-i-duhet-mbipushteti-sali-berishes\/","url":"https:\/\/fjala.info\/2009-2015\/perse-i-duhet-mbipushteti-sali-berishes\/","name":"P\u00ebrse i duhet mbipushteti Sali Berish\u00ebs? - FjALA e LIR\u00cb - Arkivi","isPartOf":{"@id":"https:\/\/fjala.info\/2009-2015\/#website"},"primaryImageOfPage":{"@id":"https:\/\/fjala.info\/2009-2015\/perse-i-duhet-mbipushteti-sali-berishes\/#primaryimage"},"image":{"@id":"https:\/\/fjala.info\/2009-2015\/perse-i-duhet-mbipushteti-sali-berishes\/#primaryimage"},"thumbnailUrl":"http:\/\/www.fjala.info\/2012\/mero_baze.jpg","datePublished":"2012-08-24T22:07:01+00:00","breadcrumb":{"@id":"https:\/\/fjala.info\/2009-2015\/perse-i-duhet-mbipushteti-sali-berishes\/#breadcrumb"},"inLanguage":"sq-AL","potentialAction":[{"@type":"ReadAction","target":["https:\/\/fjala.info\/2009-2015\/perse-i-duhet-mbipushteti-sali-berishes\/"]}]},{"@type":"ImageObject","inLanguage":"sq-AL","@id":"https:\/\/fjala.info\/2009-2015\/perse-i-duhet-mbipushteti-sali-berishes\/#primaryimage","url":"http:\/\/www.fjala.info\/2012\/mero_baze.jpg","contentUrl":"http:\/\/www.fjala.info\/2012\/mero_baze.jpg"},{"@type":"BreadcrumbList","@id":"https:\/\/fjala.info\/2009-2015\/perse-i-duhet-mbipushteti-sali-berishes\/#breadcrumb","itemListElement":[{"@type":"ListItem","position":1,"name":"Home","item":"https:\/\/fjala.info\/2009-2015\/"},{"@type":"ListItem","position":2,"name":"P\u00ebrse i duhet mbipushteti Sali Berish\u00ebs?"}]},{"@type":"WebSite","@id":"https:\/\/fjala.info\/2009-2015\/#website","url":"https:\/\/fjala.info\/2009-2015\/","name":"FjALA e LIR\u00cb - Arkivi","description":"Arkivi 2009-2015","publisher":{"@id":"https:\/\/fjala.info\/2009-2015\/#organization"},"potentialAction":[{"@type":"SearchAction","target":{"@type":"EntryPoint","urlTemplate":"https:\/\/fjala.info\/2009-2015\/?s={search_term_string}"},"query-input":{"@type":"PropertyValueSpecification","valueRequired":true,"valueName":"search_term_string"}}],"inLanguage":"sq-AL"},{"@type":"Organization","@id":"https:\/\/fjala.info\/2009-2015\/#organization","name":"FjALA e LIR\u00cb - Arkivi","url":"https:\/\/fjala.info\/2009-2015\/","logo":{"@type":"ImageObject","inLanguage":"sq-AL","@id":"https:\/\/fjala.info\/2009-2015\/#\/schema\/logo\/image\/","url":"","contentUrl":"","caption":"FjALA e LIR\u00cb - Arkivi"},"image":{"@id":"https:\/\/fjala.info\/2009-2015\/#\/schema\/logo\/image\/"}},{"@type":"Person","@id":"https:\/\/fjala.info\/2009-2015\/#\/schema\/person\/3aa1163ef05469c496fc94e77611ada2","name":"admin","image":{"@type":"ImageObject","inLanguage":"sq-AL","@id":"https:\/\/fjala.info\/2009-2015\/wp-content\/uploads\/2012\/02\/arben_cokaj-120x150.jpg","url":"https:\/\/fjala.info\/2009-2015\/wp-content\/uploads\/2012\/02\/arben_cokaj-120x150.jpg","contentUrl":"https:\/\/fjala.info\/2009-2015\/wp-content\/uploads\/2012\/02\/arben_cokaj-120x150.jpg","caption":"admin"},"description":"Admin, Fjala e Lir\u00eb","sameAs":["https:\/\/fjala.info\/"],"url":"https:\/\/fjala.info\/2009-2015\/author\/admin\/"}]}},"_links":{"self":[{"href":"https:\/\/fjala.info\/2009-2015\/wp-json\/wp\/v2\/posts\/12046","targetHints":{"allow":["GET"]}}],"collection":[{"href":"https:\/\/fjala.info\/2009-2015\/wp-json\/wp\/v2\/posts"}],"about":[{"href":"https:\/\/fjala.info\/2009-2015\/wp-json\/wp\/v2\/types\/post"}],"author":[{"embeddable":true,"href":"https:\/\/fjala.info\/2009-2015\/wp-json\/wp\/v2\/users\/1"}],"replies":[{"embeddable":true,"href":"https:\/\/fjala.info\/2009-2015\/wp-json\/wp\/v2\/comments?post=12046"}],"version-history":[{"count":0,"href":"https:\/\/fjala.info\/2009-2015\/wp-json\/wp\/v2\/posts\/12046\/revisions"}],"wp:attachment":[{"href":"https:\/\/fjala.info\/2009-2015\/wp-json\/wp\/v2\/media?parent=12046"}],"wp:term":[{"taxonomy":"category","embeddable":true,"href":"https:\/\/fjala.info\/2009-2015\/wp-json\/wp\/v2\/categories?post=12046"},{"taxonomy":"post_tag","embeddable":true,"href":"https:\/\/fjala.info\/2009-2015\/wp-json\/wp\/v2\/tags?post=12046"}],"curies":[{"name":"wp","href":"https:\/\/api.w.org\/{rel}","templated":true}]}}