{"id":12045,"date":"2012-08-24T23:02:05","date_gmt":"2012-08-24T22:02:05","guid":{"rendered":"http:\/\/www.fjala.info\/?p=4654"},"modified":"2012-08-24T23:02:05","modified_gmt":"2012-08-24T22:02:05","slug":"sali-berisha-ti-i-vrave-ata-4-qytetare-dhe-harroje-se-do-te-fale-kush-kudo-qe-te-jesh","status":"publish","type":"post","link":"https:\/\/fjala.info\/2009-2015\/sali-berisha-ti-i-vrave-ata-4-qytetare-dhe-harroje-se-do-te-fale-kush-kudo-qe-te-jesh\/","title":{"rendered":"\u201cSali Berisha, ti i vrave ata 4 qytetar\u00eb dhe harroje se do t\u00eb fal\u00eb kush, kudo q\u00eb t\u00eb jesh\u201d"},"content":{"rendered":"<p><img decoding=\"async\" class=\"alignleft size-thumbnail wp-image-7236\" title=\"Aleks Nika\" src=\"http:\/\/www.fjala.info\/2012\/aleks_nika.jpg\" alt=\"\" width=\"300\" \/> <strong>TemA Online<\/strong>, <em>24 Gusht 2012<\/em><\/p>\n<p>Pas deklarat\u00ebs s\u00eb kryeministrit Berisha, se shpirtrat e kat\u00ebr t\u00eb vrar\u00ebve m\u00eb 21 janar k\u00ebrkojn\u00eb drejt\u00ebsi, ka reaguar deputeti socialist, Erion Bra\u00e7e. Ai ka b\u00ebr\u00eb p\u00ebrgjegj\u00ebs direkt Sali Berish\u00ebn p\u00ebr vrasjen e tyre, duke th\u00ebn\u00eb se ai do t\u00eb p\u00ebrgjigjet nj\u00eb dit\u00eb p\u00ebr to. Sipas Bra\u00e7es, nj\u00eb dit\u00eb Berisha nuk do t\u00eb jet\u00eb n\u00eb pushtet dhe at\u00ebher\u00eb do t\u00eb p\u00ebrgjigjiet p\u00ebr t\u00eb gjitha krimet q\u00eb ka b\u00ebr\u00eb, duke nisur q\u00eb nga vrasjet e 21 janarit.<\/p>\n<p>\u201cSali Berisha \u00ebsht\u00eb nj\u00eb kriminel tipik. Ka t\u00eb gjitha karakteristikat e vras\u00ebsit, por m\u00eb gjakatarit ama.<\/p>\n<p>Sot i \u00ebsht\u00eb kthyer vrasjeve shtet\u00ebrore t\u00eb 21 janarit!<\/p>\n<p>Dhe ka t\u00eb drejt\u00eb! Deri m\u00eb sot ka pohuar bot\u00ebrisht se ai personalisht ka urdh\u00ebruar vrasjet m\u00eb 21 janar dhe nuk e ka v\u00ebn\u00eb k\u00ebrkush n\u00ebn hetim! Kjo nuk ndodh k\u00ebrkund, ve\u00e7se n\u00eb Siri.<\/p>\n<p>Lexoni \u00e7ka th\u00ebn\u00eb:<\/p>\n<p>\u201cHetimi do t\u00eb jet\u00eb i plot\u00eb, pasi kat\u00ebr qytetar\u00eb kan\u00eb humbur jet\u00ebn. Shpirtrat e tyre k\u00ebrkojn\u00eb drejt\u00ebsi. Kush i solli aty? Ajo \u00ebsht\u00eb nj\u00eb \u00e7\u00ebshtje q\u00eb duhet hetuar\u201d.<\/p>\n<p>Ti i vrave Sali Berisha. Sot ke pushtet dhe mund t\u00eb vras\u00ebsh, pa diskutim edhe mund t\u00eb arrestosh dhe d\u00ebnosh. Ti i ke t\u00eb gjitha.<\/p>\n<p>Por, ka nj\u00eb dit\u00eb zero! Nj\u00eb dit\u00eb kur ti dhe soji yt nuk do jet\u00eb n\u00eb pushtet! At\u00eb dit\u00eb fillon num\u00ebrimi ndryshe. Ate dit\u00eb do nis\u00eb t\u00eb b\u00ebhet drejt\u00ebsi! Me ty t\u00eb parin! Harroji gardist\u00ebt. Ata jan\u00eb n\u00eb fund! \u00c7do gj\u00eb nis nga ty!<\/p>\n<p>Harroje se do t\u00eb ta fal\u00eb kush vrasjen. Ti mund t\u00eb vras\u00ebsh prap\u00eb, nj\u00eb, dy, tre, pes\u00eb, dhjet\u00eb, nj\u00ebqind.<\/p>\n<p>Amanet do t\u00eb kthehet drejt\u00ebsia p\u00ebr ty! Drejt\u00ebsi me ty, kudo q\u00eb t\u00eb jesh\u201d, \u00ebsht\u00eb shprehur gjat\u00eb nj\u00eb reagimi deputeti socialist.<\/p>\n<p>&#8212;&#8212;&#8212;&#8212;&#8212;-<\/p>\n<p><strong>\u201cSaliu si Makbethi, i vetmi q\u00eb sheh hijen e atyre q\u00eb ka vrar\u00eb\u201d<\/strong><\/p>\n<p><strong>TemA Online<\/strong>, <em>24 Gusht 2012<\/em><\/p>\n<p>Politikani <strong>Spartak Ngjela<\/strong>, ka b\u00ebr\u00eb analiz\u00ebn psikologjike t\u00eb momentit kur Berisha foli sot p\u00ebr kat\u00ebr t\u00eb vrar\u00ebt e 21 janarit. Sipas avokat Ngjel\u00ebs, Berisha i ngjan Makbethit, i cili \u00ebsht\u00eb i vetmi q\u00eb shikon hijen e Bankos s\u00eb vrar\u00eb n\u00eb tryez\u00ebn e pushtetit.<\/p>\n<p>\u201cN\u00eb banketin makbethian, Hijen e Bankos e shihte vet\u00ebm Makbethi, sepse te tjer\u00ebt, hanin e pinin pa merak. Vras\u00ebsi kishte qene Makbethi, \u00e7\u2019pun\u00eb kishin te tjer\u00ebt? Edhe k\u00ebtu, n\u00eb Tiran\u00eb, hijen e kat\u00ebr te vrar\u00ebve t\u00eb 21 janarit, e sheh vet\u00ebm Saliu, se ai i vrau; pa\u00e7ka se k\u00ebrkon te akuzoje p\u00ebr te qet\u00ebsuar veten. Hija do te vijoje te te mundoje Sali, derisa, pas rr\u00ebzimit t\u00ebnd ,do te vije edhe nd\u00ebshkimi yt p\u00ebr kat\u00ebr te vrare. Kjo \u00ebsht\u00eb e sigurt\u201d, shprehet Ngjela.<\/p>\n<p>Deklarata e Ngjel\u00ebs pason deklarat\u00ebn e Berish\u00ebs p\u00ebr p\u00ebrfshirjen e SHISH n\u00eb ngjarjet e 21 janarit dhe p\u00ebrgjegj\u00ebsin\u00eb p\u00ebr kat\u00ebr t\u00eb vrar\u00ebt para kryeministris\u00eb.<\/p>\n","protected":false},"excerpt":{"rendered":"<p>TemA Online, 24 Gusht 2012 Pas deklarat\u00ebs s\u00eb kryeministrit Berisha, se shpirtrat e kat\u00ebr t\u00eb vrar\u00ebve m\u00eb 21 janar k\u00ebrkojn\u00eb drejt\u00ebsi, ka reaguar deputeti socialist, Erion Bra\u00e7e. Ai ka b\u00ebr\u00eb p\u00ebrgjegj\u00ebs direkt Sali Berish\u00ebn p\u00ebr vrasjen e tyre, duke th\u00ebn\u00eb se ai do t\u00eb p\u00ebrgjigjet nj\u00eb dit\u00eb p\u00ebr to. Sipas Bra\u00e7es, nj\u00eb dit\u00eb Berisha nuk [&hellip;]<\/p>\n","protected":false},"author":1,"featured_media":0,"comment_status":"open","ping_status":"closed","sticky":false,"template":"","format":"standard","meta":{"footnotes":""},"categories":[2],"tags":[],"class_list":{"0":"post-12045","1":"post","2":"type-post","3":"status-publish","4":"format-standard","6":"category-artikuj"},"yoast_head":"<!-- This site is optimized with the Yoast SEO plugin v27.4 - https:\/\/yoast.com\/product\/yoast-seo-wordpress\/ -->\n<title>\u201cSali Berisha, ti i vrave ata 4 qytetar\u00eb dhe harroje se do t\u00eb fal\u00eb kush, kudo q\u00eb t\u00eb jesh\u201d - FjALA e LIR\u00cb - Arkivi<\/title>\n<meta name=\"robots\" content=\"index, follow, max-snippet:-1, max-image-preview:large, max-video-preview:-1\" \/>\n<link rel=\"canonical\" href=\"https:\/\/fjala.info\/2009-2015\/sali-berisha-ti-i-vrave-ata-4-qytetare-dhe-harroje-se-do-te-fale-kush-kudo-qe-te-jesh\/\" \/>\n<meta property=\"og:locale\" content=\"sq_AL\" \/>\n<meta property=\"og:type\" content=\"article\" \/>\n<meta property=\"og:title\" content=\"\u201cSali Berisha, ti i vrave ata 4 qytetar\u00eb dhe harroje se do t\u00eb fal\u00eb kush, kudo q\u00eb t\u00eb jesh\u201d - FjALA e LIR\u00cb - Arkivi\" \/>\n<meta property=\"og:description\" content=\"TemA Online, 24 Gusht 2012 Pas deklarat\u00ebs s\u00eb kryeministrit Berisha, se shpirtrat e kat\u00ebr t\u00eb vrar\u00ebve m\u00eb 21 janar k\u00ebrkojn\u00eb drejt\u00ebsi, ka reaguar deputeti socialist, Erion Bra\u00e7e. Ai ka b\u00ebr\u00eb p\u00ebrgjegj\u00ebs direkt Sali Berish\u00ebn p\u00ebr vrasjen e tyre, duke th\u00ebn\u00eb se ai do t\u00eb p\u00ebrgjigjet nj\u00eb dit\u00eb p\u00ebr to. Sipas Bra\u00e7es, nj\u00eb dit\u00eb Berisha nuk [&hellip;]\" \/>\n<meta property=\"og:url\" content=\"https:\/\/fjala.info\/2009-2015\/sali-berisha-ti-i-vrave-ata-4-qytetare-dhe-harroje-se-do-te-fale-kush-kudo-qe-te-jesh\/\" \/>\n<meta property=\"og:site_name\" content=\"FjALA e LIR\u00cb - Arkivi\" \/>\n<meta property=\"article:published_time\" content=\"2012-08-24T22:02:05+00:00\" \/>\n<meta property=\"og:image\" content=\"http:\/\/www.fjala.info\/2012\/aleks_nika.jpg\" \/>\n<meta name=\"author\" content=\"admin\" \/>\n<meta name=\"twitter:card\" content=\"summary_large_image\" \/>\n<meta name=\"twitter:label1\" content=\"Written by\" \/>\n\t<meta name=\"twitter:data1\" content=\"admin\" \/>\n\t<meta name=\"twitter:label2\" content=\"Est. reading time\" \/>\n\t<meta name=\"twitter:data2\" content=\"3 minutes\" \/>\n<script type=\"application\/ld+json\" class=\"yoast-schema-graph\">{\"@context\":\"https:\\\/\\\/schema.org\",\"@graph\":[{\"@type\":\"Article\",\"@id\":\"https:\\\/\\\/fjala.info\\\/2009-2015\\\/sali-berisha-ti-i-vrave-ata-4-qytetare-dhe-harroje-se-do-te-fale-kush-kudo-qe-te-jesh\\\/#article\",\"isPartOf\":{\"@id\":\"https:\\\/\\\/fjala.info\\\/2009-2015\\\/sali-berisha-ti-i-vrave-ata-4-qytetare-dhe-harroje-se-do-te-fale-kush-kudo-qe-te-jesh\\\/\"},\"author\":{\"name\":\"admin\",\"@id\":\"https:\\\/\\\/fjala.info\\\/2009-2015\\\/#\\\/schema\\\/person\\\/3aa1163ef05469c496fc94e77611ada2\"},\"headline\":\"\u201cSali Berisha, ti i vrave ata 4 qytetar\u00eb dhe harroje se do t\u00eb fal\u00eb kush, kudo q\u00eb t\u00eb jesh\u201d\",\"datePublished\":\"2012-08-24T22:02:05+00:00\",\"mainEntityOfPage\":{\"@id\":\"https:\\\/\\\/fjala.info\\\/2009-2015\\\/sali-berisha-ti-i-vrave-ata-4-qytetare-dhe-harroje-se-do-te-fale-kush-kudo-qe-te-jesh\\\/\"},\"wordCount\":533,\"commentCount\":0,\"publisher\":{\"@id\":\"https:\\\/\\\/fjala.info\\\/2009-2015\\\/#organization\"},\"image\":{\"@id\":\"https:\\\/\\\/fjala.info\\\/2009-2015\\\/sali-berisha-ti-i-vrave-ata-4-qytetare-dhe-harroje-se-do-te-fale-kush-kudo-qe-te-jesh\\\/#primaryimage\"},\"thumbnailUrl\":\"http:\\\/\\\/www.fjala.info\\\/2012\\\/aleks_nika.jpg\",\"articleSection\":[\"Artikuj\"],\"inLanguage\":\"sq-AL\",\"potentialAction\":[{\"@type\":\"CommentAction\",\"name\":\"Comment\",\"target\":[\"https:\\\/\\\/fjala.info\\\/2009-2015\\\/sali-berisha-ti-i-vrave-ata-4-qytetare-dhe-harroje-se-do-te-fale-kush-kudo-qe-te-jesh\\\/#respond\"]}]},{\"@type\":\"WebPage\",\"@id\":\"https:\\\/\\\/fjala.info\\\/2009-2015\\\/sali-berisha-ti-i-vrave-ata-4-qytetare-dhe-harroje-se-do-te-fale-kush-kudo-qe-te-jesh\\\/\",\"url\":\"https:\\\/\\\/fjala.info\\\/2009-2015\\\/sali-berisha-ti-i-vrave-ata-4-qytetare-dhe-harroje-se-do-te-fale-kush-kudo-qe-te-jesh\\\/\",\"name\":\"\u201cSali Berisha, ti i vrave ata 4 qytetar\u00eb dhe harroje se do t\u00eb fal\u00eb kush, kudo q\u00eb t\u00eb jesh\u201d - FjALA e LIR\u00cb - Arkivi\",\"isPartOf\":{\"@id\":\"https:\\\/\\\/fjala.info\\\/2009-2015\\\/#website\"},\"primaryImageOfPage\":{\"@id\":\"https:\\\/\\\/fjala.info\\\/2009-2015\\\/sali-berisha-ti-i-vrave-ata-4-qytetare-dhe-harroje-se-do-te-fale-kush-kudo-qe-te-jesh\\\/#primaryimage\"},\"image\":{\"@id\":\"https:\\\/\\\/fjala.info\\\/2009-2015\\\/sali-berisha-ti-i-vrave-ata-4-qytetare-dhe-harroje-se-do-te-fale-kush-kudo-qe-te-jesh\\\/#primaryimage\"},\"thumbnailUrl\":\"http:\\\/\\\/www.fjala.info\\\/2012\\\/aleks_nika.jpg\",\"datePublished\":\"2012-08-24T22:02:05+00:00\",\"breadcrumb\":{\"@id\":\"https:\\\/\\\/fjala.info\\\/2009-2015\\\/sali-berisha-ti-i-vrave-ata-4-qytetare-dhe-harroje-se-do-te-fale-kush-kudo-qe-te-jesh\\\/#breadcrumb\"},\"inLanguage\":\"sq-AL\",\"potentialAction\":[{\"@type\":\"ReadAction\",\"target\":[\"https:\\\/\\\/fjala.info\\\/2009-2015\\\/sali-berisha-ti-i-vrave-ata-4-qytetare-dhe-harroje-se-do-te-fale-kush-kudo-qe-te-jesh\\\/\"]}]},{\"@type\":\"ImageObject\",\"inLanguage\":\"sq-AL\",\"@id\":\"https:\\\/\\\/fjala.info\\\/2009-2015\\\/sali-berisha-ti-i-vrave-ata-4-qytetare-dhe-harroje-se-do-te-fale-kush-kudo-qe-te-jesh\\\/#primaryimage\",\"url\":\"http:\\\/\\\/www.fjala.info\\\/2012\\\/aleks_nika.jpg\",\"contentUrl\":\"http:\\\/\\\/www.fjala.info\\\/2012\\\/aleks_nika.jpg\"},{\"@type\":\"BreadcrumbList\",\"@id\":\"https:\\\/\\\/fjala.info\\\/2009-2015\\\/sali-berisha-ti-i-vrave-ata-4-qytetare-dhe-harroje-se-do-te-fale-kush-kudo-qe-te-jesh\\\/#breadcrumb\",\"itemListElement\":[{\"@type\":\"ListItem\",\"position\":1,\"name\":\"Home\",\"item\":\"https:\\\/\\\/fjala.info\\\/2009-2015\\\/\"},{\"@type\":\"ListItem\",\"position\":2,\"name\":\"\u201cSali Berisha, ti i vrave ata 4 qytetar\u00eb dhe harroje se do t\u00eb fal\u00eb kush, kudo q\u00eb t\u00eb jesh\u201d\"}]},{\"@type\":\"WebSite\",\"@id\":\"https:\\\/\\\/fjala.info\\\/2009-2015\\\/#website\",\"url\":\"https:\\\/\\\/fjala.info\\\/2009-2015\\\/\",\"name\":\"FjALA e LIR\u00cb - Arkivi\",\"description\":\"Arkivi 2009-2015\",\"publisher\":{\"@id\":\"https:\\\/\\\/fjala.info\\\/2009-2015\\\/#organization\"},\"potentialAction\":[{\"@type\":\"SearchAction\",\"target\":{\"@type\":\"EntryPoint\",\"urlTemplate\":\"https:\\\/\\\/fjala.info\\\/2009-2015\\\/?s={search_term_string}\"},\"query-input\":{\"@type\":\"PropertyValueSpecification\",\"valueRequired\":true,\"valueName\":\"search_term_string\"}}],\"inLanguage\":\"sq-AL\"},{\"@type\":\"Organization\",\"@id\":\"https:\\\/\\\/fjala.info\\\/2009-2015\\\/#organization\",\"name\":\"FjALA e LIR\u00cb - Arkivi\",\"url\":\"https:\\\/\\\/fjala.info\\\/2009-2015\\\/\",\"logo\":{\"@type\":\"ImageObject\",\"inLanguage\":\"sq-AL\",\"@id\":\"https:\\\/\\\/fjala.info\\\/2009-2015\\\/#\\\/schema\\\/logo\\\/image\\\/\",\"url\":\"\",\"contentUrl\":\"\",\"caption\":\"FjALA e LIR\u00cb - Arkivi\"},\"image\":{\"@id\":\"https:\\\/\\\/fjala.info\\\/2009-2015\\\/#\\\/schema\\\/logo\\\/image\\\/\"}},{\"@type\":\"Person\",\"@id\":\"https:\\\/\\\/fjala.info\\\/2009-2015\\\/#\\\/schema\\\/person\\\/3aa1163ef05469c496fc94e77611ada2\",\"name\":\"admin\",\"image\":{\"@type\":\"ImageObject\",\"inLanguage\":\"sq-AL\",\"@id\":\"https:\\\/\\\/fjala.info\\\/2009-2015\\\/wp-content\\\/uploads\\\/2012\\\/02\\\/arben_cokaj-120x150.jpg\",\"url\":\"https:\\\/\\\/fjala.info\\\/2009-2015\\\/wp-content\\\/uploads\\\/2012\\\/02\\\/arben_cokaj-120x150.jpg\",\"contentUrl\":\"https:\\\/\\\/fjala.info\\\/2009-2015\\\/wp-content\\\/uploads\\\/2012\\\/02\\\/arben_cokaj-120x150.jpg\",\"caption\":\"admin\"},\"description\":\"Admin, Fjala e Lir\u00eb\",\"sameAs\":[\"https:\\\/\\\/fjala.info\\\/\"],\"url\":\"https:\\\/\\\/fjala.info\\\/2009-2015\\\/author\\\/admin\\\/\"}]}<\/script>\n<!-- \/ Yoast SEO plugin. -->","yoast_head_json":{"title":"\u201cSali Berisha, ti i vrave ata 4 qytetar\u00eb dhe harroje se do t\u00eb fal\u00eb kush, kudo q\u00eb t\u00eb jesh\u201d - FjALA e LIR\u00cb - Arkivi","robots":{"index":"index","follow":"follow","max-snippet":"max-snippet:-1","max-image-preview":"max-image-preview:large","max-video-preview":"max-video-preview:-1"},"canonical":"https:\/\/fjala.info\/2009-2015\/sali-berisha-ti-i-vrave-ata-4-qytetare-dhe-harroje-se-do-te-fale-kush-kudo-qe-te-jesh\/","og_locale":"sq_AL","og_type":"article","og_title":"\u201cSali Berisha, ti i vrave ata 4 qytetar\u00eb dhe harroje se do t\u00eb fal\u00eb kush, kudo q\u00eb t\u00eb jesh\u201d - FjALA e LIR\u00cb - Arkivi","og_description":"TemA Online, 24 Gusht 2012 Pas deklarat\u00ebs s\u00eb kryeministrit Berisha, se shpirtrat e kat\u00ebr t\u00eb vrar\u00ebve m\u00eb 21 janar k\u00ebrkojn\u00eb drejt\u00ebsi, ka reaguar deputeti socialist, Erion Bra\u00e7e. Ai ka b\u00ebr\u00eb p\u00ebrgjegj\u00ebs direkt Sali Berish\u00ebn p\u00ebr vrasjen e tyre, duke th\u00ebn\u00eb se ai do t\u00eb p\u00ebrgjigjet nj\u00eb dit\u00eb p\u00ebr to. Sipas Bra\u00e7es, nj\u00eb dit\u00eb Berisha nuk [&hellip;]","og_url":"https:\/\/fjala.info\/2009-2015\/sali-berisha-ti-i-vrave-ata-4-qytetare-dhe-harroje-se-do-te-fale-kush-kudo-qe-te-jesh\/","og_site_name":"FjALA e LIR\u00cb - Arkivi","article_published_time":"2012-08-24T22:02:05+00:00","og_image":[{"url":"http:\/\/www.fjala.info\/2012\/aleks_nika.jpg","type":"","width":"","height":""}],"author":"admin","twitter_card":"summary_large_image","twitter_misc":{"Written by":"admin","Est. reading time":"3 minutes"},"schema":{"@context":"https:\/\/schema.org","@graph":[{"@type":"Article","@id":"https:\/\/fjala.info\/2009-2015\/sali-berisha-ti-i-vrave-ata-4-qytetare-dhe-harroje-se-do-te-fale-kush-kudo-qe-te-jesh\/#article","isPartOf":{"@id":"https:\/\/fjala.info\/2009-2015\/sali-berisha-ti-i-vrave-ata-4-qytetare-dhe-harroje-se-do-te-fale-kush-kudo-qe-te-jesh\/"},"author":{"name":"admin","@id":"https:\/\/fjala.info\/2009-2015\/#\/schema\/person\/3aa1163ef05469c496fc94e77611ada2"},"headline":"\u201cSali Berisha, ti i vrave ata 4 qytetar\u00eb dhe harroje se do t\u00eb fal\u00eb kush, kudo q\u00eb t\u00eb jesh\u201d","datePublished":"2012-08-24T22:02:05+00:00","mainEntityOfPage":{"@id":"https:\/\/fjala.info\/2009-2015\/sali-berisha-ti-i-vrave-ata-4-qytetare-dhe-harroje-se-do-te-fale-kush-kudo-qe-te-jesh\/"},"wordCount":533,"commentCount":0,"publisher":{"@id":"https:\/\/fjala.info\/2009-2015\/#organization"},"image":{"@id":"https:\/\/fjala.info\/2009-2015\/sali-berisha-ti-i-vrave-ata-4-qytetare-dhe-harroje-se-do-te-fale-kush-kudo-qe-te-jesh\/#primaryimage"},"thumbnailUrl":"http:\/\/www.fjala.info\/2012\/aleks_nika.jpg","articleSection":["Artikuj"],"inLanguage":"sq-AL","potentialAction":[{"@type":"CommentAction","name":"Comment","target":["https:\/\/fjala.info\/2009-2015\/sali-berisha-ti-i-vrave-ata-4-qytetare-dhe-harroje-se-do-te-fale-kush-kudo-qe-te-jesh\/#respond"]}]},{"@type":"WebPage","@id":"https:\/\/fjala.info\/2009-2015\/sali-berisha-ti-i-vrave-ata-4-qytetare-dhe-harroje-se-do-te-fale-kush-kudo-qe-te-jesh\/","url":"https:\/\/fjala.info\/2009-2015\/sali-berisha-ti-i-vrave-ata-4-qytetare-dhe-harroje-se-do-te-fale-kush-kudo-qe-te-jesh\/","name":"\u201cSali Berisha, ti i vrave ata 4 qytetar\u00eb dhe harroje se do t\u00eb fal\u00eb kush, kudo q\u00eb t\u00eb jesh\u201d - FjALA e LIR\u00cb - Arkivi","isPartOf":{"@id":"https:\/\/fjala.info\/2009-2015\/#website"},"primaryImageOfPage":{"@id":"https:\/\/fjala.info\/2009-2015\/sali-berisha-ti-i-vrave-ata-4-qytetare-dhe-harroje-se-do-te-fale-kush-kudo-qe-te-jesh\/#primaryimage"},"image":{"@id":"https:\/\/fjala.info\/2009-2015\/sali-berisha-ti-i-vrave-ata-4-qytetare-dhe-harroje-se-do-te-fale-kush-kudo-qe-te-jesh\/#primaryimage"},"thumbnailUrl":"http:\/\/www.fjala.info\/2012\/aleks_nika.jpg","datePublished":"2012-08-24T22:02:05+00:00","breadcrumb":{"@id":"https:\/\/fjala.info\/2009-2015\/sali-berisha-ti-i-vrave-ata-4-qytetare-dhe-harroje-se-do-te-fale-kush-kudo-qe-te-jesh\/#breadcrumb"},"inLanguage":"sq-AL","potentialAction":[{"@type":"ReadAction","target":["https:\/\/fjala.info\/2009-2015\/sali-berisha-ti-i-vrave-ata-4-qytetare-dhe-harroje-se-do-te-fale-kush-kudo-qe-te-jesh\/"]}]},{"@type":"ImageObject","inLanguage":"sq-AL","@id":"https:\/\/fjala.info\/2009-2015\/sali-berisha-ti-i-vrave-ata-4-qytetare-dhe-harroje-se-do-te-fale-kush-kudo-qe-te-jesh\/#primaryimage","url":"http:\/\/www.fjala.info\/2012\/aleks_nika.jpg","contentUrl":"http:\/\/www.fjala.info\/2012\/aleks_nika.jpg"},{"@type":"BreadcrumbList","@id":"https:\/\/fjala.info\/2009-2015\/sali-berisha-ti-i-vrave-ata-4-qytetare-dhe-harroje-se-do-te-fale-kush-kudo-qe-te-jesh\/#breadcrumb","itemListElement":[{"@type":"ListItem","position":1,"name":"Home","item":"https:\/\/fjala.info\/2009-2015\/"},{"@type":"ListItem","position":2,"name":"\u201cSali Berisha, ti i vrave ata 4 qytetar\u00eb dhe harroje se do t\u00eb fal\u00eb kush, kudo q\u00eb t\u00eb jesh\u201d"}]},{"@type":"WebSite","@id":"https:\/\/fjala.info\/2009-2015\/#website","url":"https:\/\/fjala.info\/2009-2015\/","name":"FjALA e LIR\u00cb - Arkivi","description":"Arkivi 2009-2015","publisher":{"@id":"https:\/\/fjala.info\/2009-2015\/#organization"},"potentialAction":[{"@type":"SearchAction","target":{"@type":"EntryPoint","urlTemplate":"https:\/\/fjala.info\/2009-2015\/?s={search_term_string}"},"query-input":{"@type":"PropertyValueSpecification","valueRequired":true,"valueName":"search_term_string"}}],"inLanguage":"sq-AL"},{"@type":"Organization","@id":"https:\/\/fjala.info\/2009-2015\/#organization","name":"FjALA e LIR\u00cb - Arkivi","url":"https:\/\/fjala.info\/2009-2015\/","logo":{"@type":"ImageObject","inLanguage":"sq-AL","@id":"https:\/\/fjala.info\/2009-2015\/#\/schema\/logo\/image\/","url":"","contentUrl":"","caption":"FjALA e LIR\u00cb - Arkivi"},"image":{"@id":"https:\/\/fjala.info\/2009-2015\/#\/schema\/logo\/image\/"}},{"@type":"Person","@id":"https:\/\/fjala.info\/2009-2015\/#\/schema\/person\/3aa1163ef05469c496fc94e77611ada2","name":"admin","image":{"@type":"ImageObject","inLanguage":"sq-AL","@id":"https:\/\/fjala.info\/2009-2015\/wp-content\/uploads\/2012\/02\/arben_cokaj-120x150.jpg","url":"https:\/\/fjala.info\/2009-2015\/wp-content\/uploads\/2012\/02\/arben_cokaj-120x150.jpg","contentUrl":"https:\/\/fjala.info\/2009-2015\/wp-content\/uploads\/2012\/02\/arben_cokaj-120x150.jpg","caption":"admin"},"description":"Admin, Fjala e Lir\u00eb","sameAs":["https:\/\/fjala.info\/"],"url":"https:\/\/fjala.info\/2009-2015\/author\/admin\/"}]}},"_links":{"self":[{"href":"https:\/\/fjala.info\/2009-2015\/wp-json\/wp\/v2\/posts\/12045","targetHints":{"allow":["GET"]}}],"collection":[{"href":"https:\/\/fjala.info\/2009-2015\/wp-json\/wp\/v2\/posts"}],"about":[{"href":"https:\/\/fjala.info\/2009-2015\/wp-json\/wp\/v2\/types\/post"}],"author":[{"embeddable":true,"href":"https:\/\/fjala.info\/2009-2015\/wp-json\/wp\/v2\/users\/1"}],"replies":[{"embeddable":true,"href":"https:\/\/fjala.info\/2009-2015\/wp-json\/wp\/v2\/comments?post=12045"}],"version-history":[{"count":0,"href":"https:\/\/fjala.info\/2009-2015\/wp-json\/wp\/v2\/posts\/12045\/revisions"}],"wp:attachment":[{"href":"https:\/\/fjala.info\/2009-2015\/wp-json\/wp\/v2\/media?parent=12045"}],"wp:term":[{"taxonomy":"category","embeddable":true,"href":"https:\/\/fjala.info\/2009-2015\/wp-json\/wp\/v2\/categories?post=12045"},{"taxonomy":"post_tag","embeddable":true,"href":"https:\/\/fjala.info\/2009-2015\/wp-json\/wp\/v2\/tags?post=12045"}],"curies":[{"name":"wp","href":"https:\/\/api.w.org\/{rel}","templated":true}]}}