{"id":12044,"date":"2012-08-24T22:59:37","date_gmt":"2012-08-24T21:59:37","guid":{"rendered":"http:\/\/www.fjala.info\/?p=4652"},"modified":"2012-08-24T22:59:37","modified_gmt":"2012-08-24T21:59:37","slug":"nuk-ka-patriotizem-me-te-madh-se-te-luftohen-radikalet-islamike-ne-kosove","status":"publish","type":"post","link":"https:\/\/fjala.info\/2009-2015\/nuk-ka-patriotizem-me-te-madh-se-te-luftohen-radikalet-islamike-ne-kosove\/","title":{"rendered":"\u201cNuk ka patriotiz\u00ebm m\u00eb t\u00eb madh se t\u00eb luftohen radikal\u00ebt islamik\u00eb n\u00eb Kosov\u00eb\u201d"},"content":{"rendered":"<p><img decoding=\"async\" class=\"alignright size-thumbnail wp-image-7236\" title=\"Imer Mushkolaj\" src=\"http:\/\/www.fjala.info\/2012\/imer_mushkolaj.png\" alt=\"\" width=\"150\" \/> Nga <strong>Imer Mushkolaj<\/strong>, <em>24 Gusht 2012<\/em><\/p>\n<p>U trishtova s\u00ebrish dit\u00ebt e fundit, pas leximit t\u00eb nj\u00eb hulumtimi p\u00ebr rrezikun q\u00eb i kanoset Kosov\u00ebs nga radikalizmi islamik. Jo aq nga ideja se ata q\u00eb e ndjekin k\u00ebt\u00eb rrug\u00eb po shfryt\u00ebzojn\u00eb \u00e7do form\u00eb p\u00ebr t\u00eb bindur sa m\u00eb shum\u00eb njer\u00ebz q\u00eb t\u2019u shkojn\u00eb pas, por m\u00eb shum\u00eb nga fakti se autoritetet po merren me ta fare pak, p\u00ebr t\u00eb mos th\u00ebn\u00eb aspak, duke i l\u00ebn\u00eb t\u00eb operojn\u00eb lirsh\u00ebm.<\/p>\n<p>Organizata t\u00eb identifikuara si mb\u00ebshtet\u00ebse t\u00eb terrorist\u00ebve tash sa vjet financojn\u00eb nd\u00ebrtimin e xhamive n\u00ebp\u00ebr Kosov\u00eb dhe t\u00eb tjera projekte. T\u00eb fshehura kryesisht pas em\u00ebrtimeve \u201chumanitare\u201d e \u201ckulturore\u201d, ato pa pik\u00eb pengesash vazhdojn\u00eb agjendat e tyre radikale.<\/p>\n<p>Q\u00eb nga p\u00ebrfundimi i luft\u00ebs, Kosova \u00ebsht\u00eb shnd\u00ebrruar n\u00eb oaz\u00eb t\u00eb organizatave t\u00eb shumta \u201chumanitare\u201d \u2013 jo vet\u00ebm myslimane, t\u00eb cilat q\u00ebllim par\u00ebsor nuk e kan\u00eb humanizmin. Me to nuk \u00ebsht\u00eb marr\u00eb askush seriozisht, por ato jan\u00eb marr\u00eb seriozisht me ne.<\/p>\n<p>Njer\u00ebzit e varf\u00ebr e kan\u00eb pranuar ndihm\u00ebn e tyre si shenj\u00eb t\u00eb vullnetit t\u00eb mir\u00eb, pa iu ardhur nd\u00ebrmend se leht\u00ebsisht mund t\u00eb keqp\u00ebrdoren p\u00ebr t\u00eb tjera q\u00ebllime.<\/p>\n<p>Kemi par\u00eb viteve t\u00eb kaluara skena trishtuese, me vajza t\u00eb vogla t\u00eb mbuluara me shami. Kemi d\u00ebgjuar edhe arsyetime t\u00eb tipit se ato po duan vet\u00eb t\u00eb mbulohen!<\/p>\n<p>Kemi par\u00eb edhe veprime t\u00eb dhunshme t\u00eb radikal\u00ebve islamik\u00eb, q\u00eb kan\u00eb ardhur t\u00eb na tregojn\u00eb se cili \u00ebsht\u00eb islami i v\u00ebrtet\u00eb.<\/p>\n<p>Ata kan\u00eb rrahur hoxhallar\u00eb q\u00eb nuk e pranojn\u00eb m\u00ebnyr\u00ebn e tyre t\u00eb praktikimit t\u00eb fes\u00eb, nd\u00ebrkaq n\u00eb ligj\u00ebratat e veta b\u00ebjn\u00eb thirrje p\u00ebr luft\u00eb ndaj \u201ct\u00eb pafeve\u201d. Vazhdojn\u00eb t\u2019i luftojn\u00eb t\u00eb gjith\u00eb ata q\u00eb mendojn\u00eb ndryshe dhe q\u00eb nuk e pranojn\u00eb m\u00ebnyr\u00ebn e re t\u00eb t\u00eb jetuarit. Duan q\u00eb Kosov\u00ebn ta arabizojn\u00eb, ta largojn\u00eb nga praktikimi i islamit tradicional dhe t\u00eb sjellin nj\u00eb frym\u00eb dhe m\u00ebnyr\u00eb jetese q\u00eb s\u2019\u00ebsht\u00eb par\u00eb ndonj\u00ebher\u00eb k\u00ebndejpari.<\/p>\n<p>Ata kan\u00eb sulmuar imam\u00eb q\u00eb kan\u00eb k\u00ebmb\u00ebngulur t\u00eb ruhen dhe kultivohen vlerat fetare, t\u00eb cilat jan\u00eb trash\u00ebguar nga t\u00eb par\u00ebt. Dhe, gjith\u00e7ka e kan\u00eb b\u00ebr\u00eb me mb\u00ebshtetjen e heshtur t\u00eb Bashk\u00ebsis\u00eb Islame t\u00eb Kosov\u00ebs, institucion q\u00eb duket se \u00ebsht\u00eb kapur nga radikal\u00ebt.<\/p>\n<p>Rastet e dhun\u00ebs ndaj hoxhallar\u00ebve q\u00eb praktikojn\u00eb islamin tradicional, por edhe protestat p\u00ebr nd\u00ebrtimin e nj\u00eb xhamie t\u00eb madhe n\u00eb Prishtin\u00eb dhe p\u00ebr lejimin e bartjes s\u00eb shamive n\u00ebp\u00ebr shkolla duhet t\u00eb jen\u00eb alarm p\u00ebr t\u00eb gjith\u00eb, n\u00eb radh\u00eb t\u00eb par\u00eb p\u00ebr institucionet, se sa t\u00eb rreziksh\u00ebm mund t\u00eb jen\u00eb ata q\u00eb nuk zgjedhin mjete e as m\u00ebnyra p\u00ebr t\u2019i arritur q\u00ebllimet e tyre.<\/p>\n<p>Ata q\u00eb ligj\u00ebrimet p\u00ebrpara xhematit i kan\u00eb t\u00eb mbushura plot jotoleranc\u00eb, mllef e fyerje ndaj feve t\u00eb tjera, plot thirrje p\u00ebr dhun\u00eb ndaj t\u00eb tjer\u00ebve q\u00eb nuk jan\u00eb si ata.<\/p>\n<p>Ata q\u00eb arsyetojn\u00eb vrasjen e t\u00eb pafajshm\u00ebve \u201cn\u00eb em\u00ebr t\u00eb islamit\u201d, q\u00eb urrejn\u00eb Amerik\u00ebn dhe \u00e7do gj\u00eb amerikane, q\u00eb Osama bin Ladenit i thurin vargje e i k\u00ebndojn\u00eb k\u00ebng\u00eb.<\/p>\n<p>Ata q\u00eb flasin p\u00ebr islamin si fe t\u00eb paqes dhe toleranc\u00ebs, por q\u00eb shfaqen jotolerant\u00eb e racist\u00eb.<\/p>\n<p>Ata jan\u00eb t\u00eb rrezikshmit, t\u00eb dhunshmit.<\/p>\n<p>* * *<\/p>\n<p>\u201cShqiptar\u00ebt kan\u00eb qen\u00eb mysliman\u00eb p\u00ebr m\u00eb shum\u00eb se 500 vjet dhe atyre nuk iu duhen t\u00eb huajt (arab\u00ebt) p\u00ebr t\u2019iu treguar se cila \u00ebsht\u00eb m\u00ebnyra m\u00eb e mir\u00eb p\u00ebr ta praktikuar islamin\u201d. Kjo deklarat\u00eb e Rexhep Boj\u00ebs, ish-udh\u00ebheq\u00ebsit t\u00eb Bashk\u00ebsis\u00eb Islame t\u00eb Kosov\u00eb dhe personit i cili u p\u00ebrpoq t\u00eb p\u00ebrballoj\u00eb presionin e misionar\u00ebve radikal\u00eb ndaj BIK\u2019ut, flet shum\u00eb p\u00ebr identitetin fetar t\u00eb shumic\u00ebs s\u00eb kosovar\u00ebve.<\/p>\n<p>Mysliman\u00ebt e Kosov\u00ebs jan\u00eb n\u00eb p\u00ebrgjith\u00ebsi trash\u00ebgimtar\u00eb t\u00eb islamit osman por k\u00ebta misionar\u00eb, t\u00eb cil\u00ebt Boja p\u00ebrpiqej t\u2019i mbante sa m\u00eb larg BIK\u2019ut, po provojn\u00eb q\u00eb identitetin komb\u00ebtar shqiptar ta shnd\u00ebrrojn\u00eb n\u00eb nj\u00eb identitet fetar. Ndon\u00ebse zyrtarisht e publikisht pa agjenda radikale e t\u00eb dhunshme, ata dit\u00eb e nat\u00eb p\u00ebrhapin pik\u00ebpamjet e tyre ekstremiste dhe fshehurazi rekrutojn\u00eb t\u00eb rinj q\u00eb p\u00ebrkrahin idet\u00eb e tyre.<\/p>\n<p>Vendin e Boj\u00ebs n\u00eb BIK e ka z\u00ebn\u00eb Naim T\u00ebrnava, i cili nga disa imam\u00eb \u00ebsht\u00eb akuzuar se p\u00ebrkrah gupe radikale dhe ekstremiste islame. Madje Stephen Suleyman Schwartz, drejtor i Qendr\u00ebs p\u00ebr Pluraliz\u00ebm Islamik me seli n\u00eb Washington, e ka cil\u00ebsuar at\u00eb si nj\u00eb prij\u00ebs vahabist n\u00eb Kosov\u00eb. Sipas Schwartz\u2019it, islami sunit i kosovar\u00ebve \u00ebsht\u00eb konvencional dhe i moderuar, kurse sufizmi shpirt\u00ebror nj\u00eb fuqi nd\u00ebr besimtar\u00ebt.<\/p>\n<p>Por, pik\u00ebrisht ky islam i moderuar po luftohet nga radikal\u00ebt. Dhe ata do t\u00eb vazhdojn\u00eb veprimtarin\u00eb e tyre derisa t\u00eb lejohen ta b\u00ebjn\u00eb nj\u00eb gj\u00eb t\u00eb till\u00eb.<\/p>\n<p>Nuk dua t\u00eb besoj se aktivitetet e tyre nuk v\u00ebzhgohen a mbik\u00ebqyren nga askush n\u00eb Kosov\u00eb. Po ashtu, nuk dua t\u00eb besoj se udh\u00ebheq\u00ebsit kosovar\u00eb nuk jan\u00eb t\u00eb vet\u00ebdijsh\u00ebm p\u00ebr rrezikun q\u00eb i sjellin ata vendit.<\/p>\n<p>Luftimi i radikal\u00ebve islamik\u00eb duhet t\u00eb kthehet n\u00eb prioritet t\u00eb autoriteteve dhe t\u00eb shoq\u00ebris\u00eb. Nuk ka patriotiz\u00ebm m\u00eb t\u00eb madh se t\u00eb pengohen ata q\u00eb po p\u00ebrpiqen t\u2019i mveshin vendit identitet fetar. Dhunsh\u00ebm dhe rreziksh\u00ebm.<\/p>\n<p><strong>Gazeta Express<\/strong><\/p>\n<p>http:\/\/gazetaexpress.com\/?cid=1,890,89804<\/p>\n","protected":false},"excerpt":{"rendered":"<p>Nga Imer Mushkolaj, 24 Gusht 2012 U trishtova s\u00ebrish dit\u00ebt e fundit, pas leximit t\u00eb nj\u00eb hulumtimi p\u00ebr rrezikun q\u00eb i kanoset Kosov\u00ebs nga radikalizmi islamik. Jo aq nga ideja se ata q\u00eb e ndjekin k\u00ebt\u00eb rrug\u00eb po shfryt\u00ebzojn\u00eb \u00e7do form\u00eb p\u00ebr t\u00eb bindur sa m\u00eb shum\u00eb njer\u00ebz q\u00eb t\u2019u shkojn\u00eb pas, por m\u00eb shum\u00eb [&hellip;]<\/p>\n","protected":false},"author":1,"featured_media":0,"comment_status":"open","ping_status":"closed","sticky":false,"template":"","format":"standard","meta":{"footnotes":""},"categories":[2],"tags":[],"class_list":{"0":"post-12044","1":"post","2":"type-post","3":"status-publish","4":"format-standard","6":"category-artikuj"},"yoast_head":"<!-- This site is optimized with the Yoast SEO plugin v27.4 - https:\/\/yoast.com\/product\/yoast-seo-wordpress\/ -->\n<title>\u201cNuk ka patriotiz\u00ebm m\u00eb t\u00eb madh se t\u00eb luftohen radikal\u00ebt islamik\u00eb n\u00eb Kosov\u00eb\u201d - FjALA e LIR\u00cb - Arkivi<\/title>\n<meta name=\"robots\" content=\"index, follow, max-snippet:-1, max-image-preview:large, max-video-preview:-1\" \/>\n<link rel=\"canonical\" href=\"https:\/\/fjala.info\/2009-2015\/nuk-ka-patriotizem-me-te-madh-se-te-luftohen-radikalet-islamike-ne-kosove\/\" \/>\n<meta property=\"og:locale\" content=\"sq_AL\" \/>\n<meta property=\"og:type\" content=\"article\" \/>\n<meta property=\"og:title\" content=\"\u201cNuk ka patriotiz\u00ebm m\u00eb t\u00eb madh se t\u00eb luftohen radikal\u00ebt islamik\u00eb n\u00eb Kosov\u00eb\u201d - FjALA e LIR\u00cb - Arkivi\" \/>\n<meta property=\"og:description\" content=\"Nga Imer Mushkolaj, 24 Gusht 2012 U trishtova s\u00ebrish dit\u00ebt e fundit, pas leximit t\u00eb nj\u00eb hulumtimi p\u00ebr rrezikun q\u00eb i kanoset Kosov\u00ebs nga radikalizmi islamik. Jo aq nga ideja se ata q\u00eb e ndjekin k\u00ebt\u00eb rrug\u00eb po shfryt\u00ebzojn\u00eb \u00e7do form\u00eb p\u00ebr t\u00eb bindur sa m\u00eb shum\u00eb njer\u00ebz q\u00eb t\u2019u shkojn\u00eb pas, por m\u00eb shum\u00eb [&hellip;]\" \/>\n<meta property=\"og:url\" content=\"https:\/\/fjala.info\/2009-2015\/nuk-ka-patriotizem-me-te-madh-se-te-luftohen-radikalet-islamike-ne-kosove\/\" \/>\n<meta property=\"og:site_name\" content=\"FjALA e LIR\u00cb - Arkivi\" \/>\n<meta property=\"article:published_time\" content=\"2012-08-24T21:59:37+00:00\" \/>\n<meta property=\"og:image\" content=\"http:\/\/www.fjala.info\/2012\/imer_mushkolaj.png\" \/>\n<meta name=\"author\" content=\"admin\" \/>\n<meta name=\"twitter:card\" content=\"summary_large_image\" \/>\n<meta name=\"twitter:label1\" content=\"Written by\" \/>\n\t<meta name=\"twitter:data1\" content=\"admin\" \/>\n\t<meta name=\"twitter:label2\" content=\"Est. reading time\" \/>\n\t<meta name=\"twitter:data2\" content=\"5 minutes\" \/>\n<script type=\"application\/ld+json\" class=\"yoast-schema-graph\">{\"@context\":\"https:\\\/\\\/schema.org\",\"@graph\":[{\"@type\":\"Article\",\"@id\":\"https:\\\/\\\/fjala.info\\\/2009-2015\\\/nuk-ka-patriotizem-me-te-madh-se-te-luftohen-radikalet-islamike-ne-kosove\\\/#article\",\"isPartOf\":{\"@id\":\"https:\\\/\\\/fjala.info\\\/2009-2015\\\/nuk-ka-patriotizem-me-te-madh-se-te-luftohen-radikalet-islamike-ne-kosove\\\/\"},\"author\":{\"name\":\"admin\",\"@id\":\"https:\\\/\\\/fjala.info\\\/2009-2015\\\/#\\\/schema\\\/person\\\/3aa1163ef05469c496fc94e77611ada2\"},\"headline\":\"\u201cNuk ka patriotiz\u00ebm m\u00eb t\u00eb madh se t\u00eb luftohen radikal\u00ebt islamik\u00eb n\u00eb Kosov\u00eb\u201d\",\"datePublished\":\"2012-08-24T21:59:37+00:00\",\"mainEntityOfPage\":{\"@id\":\"https:\\\/\\\/fjala.info\\\/2009-2015\\\/nuk-ka-patriotizem-me-te-madh-se-te-luftohen-radikalet-islamike-ne-kosove\\\/\"},\"wordCount\":953,\"commentCount\":0,\"publisher\":{\"@id\":\"https:\\\/\\\/fjala.info\\\/2009-2015\\\/#organization\"},\"image\":{\"@id\":\"https:\\\/\\\/fjala.info\\\/2009-2015\\\/nuk-ka-patriotizem-me-te-madh-se-te-luftohen-radikalet-islamike-ne-kosove\\\/#primaryimage\"},\"thumbnailUrl\":\"http:\\\/\\\/www.fjala.info\\\/2012\\\/imer_mushkolaj.png\",\"articleSection\":[\"Artikuj\"],\"inLanguage\":\"sq-AL\",\"potentialAction\":[{\"@type\":\"CommentAction\",\"name\":\"Comment\",\"target\":[\"https:\\\/\\\/fjala.info\\\/2009-2015\\\/nuk-ka-patriotizem-me-te-madh-se-te-luftohen-radikalet-islamike-ne-kosove\\\/#respond\"]}]},{\"@type\":\"WebPage\",\"@id\":\"https:\\\/\\\/fjala.info\\\/2009-2015\\\/nuk-ka-patriotizem-me-te-madh-se-te-luftohen-radikalet-islamike-ne-kosove\\\/\",\"url\":\"https:\\\/\\\/fjala.info\\\/2009-2015\\\/nuk-ka-patriotizem-me-te-madh-se-te-luftohen-radikalet-islamike-ne-kosove\\\/\",\"name\":\"\u201cNuk ka patriotiz\u00ebm m\u00eb t\u00eb madh se t\u00eb luftohen radikal\u00ebt islamik\u00eb n\u00eb Kosov\u00eb\u201d - FjALA e LIR\u00cb - Arkivi\",\"isPartOf\":{\"@id\":\"https:\\\/\\\/fjala.info\\\/2009-2015\\\/#website\"},\"primaryImageOfPage\":{\"@id\":\"https:\\\/\\\/fjala.info\\\/2009-2015\\\/nuk-ka-patriotizem-me-te-madh-se-te-luftohen-radikalet-islamike-ne-kosove\\\/#primaryimage\"},\"image\":{\"@id\":\"https:\\\/\\\/fjala.info\\\/2009-2015\\\/nuk-ka-patriotizem-me-te-madh-se-te-luftohen-radikalet-islamike-ne-kosove\\\/#primaryimage\"},\"thumbnailUrl\":\"http:\\\/\\\/www.fjala.info\\\/2012\\\/imer_mushkolaj.png\",\"datePublished\":\"2012-08-24T21:59:37+00:00\",\"breadcrumb\":{\"@id\":\"https:\\\/\\\/fjala.info\\\/2009-2015\\\/nuk-ka-patriotizem-me-te-madh-se-te-luftohen-radikalet-islamike-ne-kosove\\\/#breadcrumb\"},\"inLanguage\":\"sq-AL\",\"potentialAction\":[{\"@type\":\"ReadAction\",\"target\":[\"https:\\\/\\\/fjala.info\\\/2009-2015\\\/nuk-ka-patriotizem-me-te-madh-se-te-luftohen-radikalet-islamike-ne-kosove\\\/\"]}]},{\"@type\":\"ImageObject\",\"inLanguage\":\"sq-AL\",\"@id\":\"https:\\\/\\\/fjala.info\\\/2009-2015\\\/nuk-ka-patriotizem-me-te-madh-se-te-luftohen-radikalet-islamike-ne-kosove\\\/#primaryimage\",\"url\":\"http:\\\/\\\/www.fjala.info\\\/2012\\\/imer_mushkolaj.png\",\"contentUrl\":\"http:\\\/\\\/www.fjala.info\\\/2012\\\/imer_mushkolaj.png\"},{\"@type\":\"BreadcrumbList\",\"@id\":\"https:\\\/\\\/fjala.info\\\/2009-2015\\\/nuk-ka-patriotizem-me-te-madh-se-te-luftohen-radikalet-islamike-ne-kosove\\\/#breadcrumb\",\"itemListElement\":[{\"@type\":\"ListItem\",\"position\":1,\"name\":\"Home\",\"item\":\"https:\\\/\\\/fjala.info\\\/2009-2015\\\/\"},{\"@type\":\"ListItem\",\"position\":2,\"name\":\"\u201cNuk ka patriotiz\u00ebm m\u00eb t\u00eb madh se t\u00eb luftohen radikal\u00ebt islamik\u00eb n\u00eb Kosov\u00eb\u201d\"}]},{\"@type\":\"WebSite\",\"@id\":\"https:\\\/\\\/fjala.info\\\/2009-2015\\\/#website\",\"url\":\"https:\\\/\\\/fjala.info\\\/2009-2015\\\/\",\"name\":\"FjALA e LIR\u00cb - Arkivi\",\"description\":\"Arkivi 2009-2015\",\"publisher\":{\"@id\":\"https:\\\/\\\/fjala.info\\\/2009-2015\\\/#organization\"},\"potentialAction\":[{\"@type\":\"SearchAction\",\"target\":{\"@type\":\"EntryPoint\",\"urlTemplate\":\"https:\\\/\\\/fjala.info\\\/2009-2015\\\/?s={search_term_string}\"},\"query-input\":{\"@type\":\"PropertyValueSpecification\",\"valueRequired\":true,\"valueName\":\"search_term_string\"}}],\"inLanguage\":\"sq-AL\"},{\"@type\":\"Organization\",\"@id\":\"https:\\\/\\\/fjala.info\\\/2009-2015\\\/#organization\",\"name\":\"FjALA e LIR\u00cb - Arkivi\",\"url\":\"https:\\\/\\\/fjala.info\\\/2009-2015\\\/\",\"logo\":{\"@type\":\"ImageObject\",\"inLanguage\":\"sq-AL\",\"@id\":\"https:\\\/\\\/fjala.info\\\/2009-2015\\\/#\\\/schema\\\/logo\\\/image\\\/\",\"url\":\"\",\"contentUrl\":\"\",\"caption\":\"FjALA e LIR\u00cb - Arkivi\"},\"image\":{\"@id\":\"https:\\\/\\\/fjala.info\\\/2009-2015\\\/#\\\/schema\\\/logo\\\/image\\\/\"}},{\"@type\":\"Person\",\"@id\":\"https:\\\/\\\/fjala.info\\\/2009-2015\\\/#\\\/schema\\\/person\\\/3aa1163ef05469c496fc94e77611ada2\",\"name\":\"admin\",\"image\":{\"@type\":\"ImageObject\",\"inLanguage\":\"sq-AL\",\"@id\":\"https:\\\/\\\/fjala.info\\\/2009-2015\\\/wp-content\\\/uploads\\\/2012\\\/02\\\/arben_cokaj-120x150.jpg\",\"url\":\"https:\\\/\\\/fjala.info\\\/2009-2015\\\/wp-content\\\/uploads\\\/2012\\\/02\\\/arben_cokaj-120x150.jpg\",\"contentUrl\":\"https:\\\/\\\/fjala.info\\\/2009-2015\\\/wp-content\\\/uploads\\\/2012\\\/02\\\/arben_cokaj-120x150.jpg\",\"caption\":\"admin\"},\"description\":\"Admin, Fjala e Lir\u00eb\",\"sameAs\":[\"https:\\\/\\\/fjala.info\\\/\"],\"url\":\"https:\\\/\\\/fjala.info\\\/2009-2015\\\/author\\\/admin\\\/\"}]}<\/script>\n<!-- \/ Yoast SEO plugin. -->","yoast_head_json":{"title":"\u201cNuk ka patriotiz\u00ebm m\u00eb t\u00eb madh se t\u00eb luftohen radikal\u00ebt islamik\u00eb n\u00eb Kosov\u00eb\u201d - FjALA e LIR\u00cb - Arkivi","robots":{"index":"index","follow":"follow","max-snippet":"max-snippet:-1","max-image-preview":"max-image-preview:large","max-video-preview":"max-video-preview:-1"},"canonical":"https:\/\/fjala.info\/2009-2015\/nuk-ka-patriotizem-me-te-madh-se-te-luftohen-radikalet-islamike-ne-kosove\/","og_locale":"sq_AL","og_type":"article","og_title":"\u201cNuk ka patriotiz\u00ebm m\u00eb t\u00eb madh se t\u00eb luftohen radikal\u00ebt islamik\u00eb n\u00eb Kosov\u00eb\u201d - FjALA e LIR\u00cb - Arkivi","og_description":"Nga Imer Mushkolaj, 24 Gusht 2012 U trishtova s\u00ebrish dit\u00ebt e fundit, pas leximit t\u00eb nj\u00eb hulumtimi p\u00ebr rrezikun q\u00eb i kanoset Kosov\u00ebs nga radikalizmi islamik. Jo aq nga ideja se ata q\u00eb e ndjekin k\u00ebt\u00eb rrug\u00eb po shfryt\u00ebzojn\u00eb \u00e7do form\u00eb p\u00ebr t\u00eb bindur sa m\u00eb shum\u00eb njer\u00ebz q\u00eb t\u2019u shkojn\u00eb pas, por m\u00eb shum\u00eb [&hellip;]","og_url":"https:\/\/fjala.info\/2009-2015\/nuk-ka-patriotizem-me-te-madh-se-te-luftohen-radikalet-islamike-ne-kosove\/","og_site_name":"FjALA e LIR\u00cb - Arkivi","article_published_time":"2012-08-24T21:59:37+00:00","og_image":[{"url":"http:\/\/www.fjala.info\/2012\/imer_mushkolaj.png","type":"","width":"","height":""}],"author":"admin","twitter_card":"summary_large_image","twitter_misc":{"Written by":"admin","Est. reading time":"5 minutes"},"schema":{"@context":"https:\/\/schema.org","@graph":[{"@type":"Article","@id":"https:\/\/fjala.info\/2009-2015\/nuk-ka-patriotizem-me-te-madh-se-te-luftohen-radikalet-islamike-ne-kosove\/#article","isPartOf":{"@id":"https:\/\/fjala.info\/2009-2015\/nuk-ka-patriotizem-me-te-madh-se-te-luftohen-radikalet-islamike-ne-kosove\/"},"author":{"name":"admin","@id":"https:\/\/fjala.info\/2009-2015\/#\/schema\/person\/3aa1163ef05469c496fc94e77611ada2"},"headline":"\u201cNuk ka patriotiz\u00ebm m\u00eb t\u00eb madh se t\u00eb luftohen radikal\u00ebt islamik\u00eb n\u00eb Kosov\u00eb\u201d","datePublished":"2012-08-24T21:59:37+00:00","mainEntityOfPage":{"@id":"https:\/\/fjala.info\/2009-2015\/nuk-ka-patriotizem-me-te-madh-se-te-luftohen-radikalet-islamike-ne-kosove\/"},"wordCount":953,"commentCount":0,"publisher":{"@id":"https:\/\/fjala.info\/2009-2015\/#organization"},"image":{"@id":"https:\/\/fjala.info\/2009-2015\/nuk-ka-patriotizem-me-te-madh-se-te-luftohen-radikalet-islamike-ne-kosove\/#primaryimage"},"thumbnailUrl":"http:\/\/www.fjala.info\/2012\/imer_mushkolaj.png","articleSection":["Artikuj"],"inLanguage":"sq-AL","potentialAction":[{"@type":"CommentAction","name":"Comment","target":["https:\/\/fjala.info\/2009-2015\/nuk-ka-patriotizem-me-te-madh-se-te-luftohen-radikalet-islamike-ne-kosove\/#respond"]}]},{"@type":"WebPage","@id":"https:\/\/fjala.info\/2009-2015\/nuk-ka-patriotizem-me-te-madh-se-te-luftohen-radikalet-islamike-ne-kosove\/","url":"https:\/\/fjala.info\/2009-2015\/nuk-ka-patriotizem-me-te-madh-se-te-luftohen-radikalet-islamike-ne-kosove\/","name":"\u201cNuk ka patriotiz\u00ebm m\u00eb t\u00eb madh se t\u00eb luftohen radikal\u00ebt islamik\u00eb n\u00eb Kosov\u00eb\u201d - FjALA e LIR\u00cb - Arkivi","isPartOf":{"@id":"https:\/\/fjala.info\/2009-2015\/#website"},"primaryImageOfPage":{"@id":"https:\/\/fjala.info\/2009-2015\/nuk-ka-patriotizem-me-te-madh-se-te-luftohen-radikalet-islamike-ne-kosove\/#primaryimage"},"image":{"@id":"https:\/\/fjala.info\/2009-2015\/nuk-ka-patriotizem-me-te-madh-se-te-luftohen-radikalet-islamike-ne-kosove\/#primaryimage"},"thumbnailUrl":"http:\/\/www.fjala.info\/2012\/imer_mushkolaj.png","datePublished":"2012-08-24T21:59:37+00:00","breadcrumb":{"@id":"https:\/\/fjala.info\/2009-2015\/nuk-ka-patriotizem-me-te-madh-se-te-luftohen-radikalet-islamike-ne-kosove\/#breadcrumb"},"inLanguage":"sq-AL","potentialAction":[{"@type":"ReadAction","target":["https:\/\/fjala.info\/2009-2015\/nuk-ka-patriotizem-me-te-madh-se-te-luftohen-radikalet-islamike-ne-kosove\/"]}]},{"@type":"ImageObject","inLanguage":"sq-AL","@id":"https:\/\/fjala.info\/2009-2015\/nuk-ka-patriotizem-me-te-madh-se-te-luftohen-radikalet-islamike-ne-kosove\/#primaryimage","url":"http:\/\/www.fjala.info\/2012\/imer_mushkolaj.png","contentUrl":"http:\/\/www.fjala.info\/2012\/imer_mushkolaj.png"},{"@type":"BreadcrumbList","@id":"https:\/\/fjala.info\/2009-2015\/nuk-ka-patriotizem-me-te-madh-se-te-luftohen-radikalet-islamike-ne-kosove\/#breadcrumb","itemListElement":[{"@type":"ListItem","position":1,"name":"Home","item":"https:\/\/fjala.info\/2009-2015\/"},{"@type":"ListItem","position":2,"name":"\u201cNuk ka patriotiz\u00ebm m\u00eb t\u00eb madh se t\u00eb luftohen radikal\u00ebt islamik\u00eb n\u00eb Kosov\u00eb\u201d"}]},{"@type":"WebSite","@id":"https:\/\/fjala.info\/2009-2015\/#website","url":"https:\/\/fjala.info\/2009-2015\/","name":"FjALA e LIR\u00cb - Arkivi","description":"Arkivi 2009-2015","publisher":{"@id":"https:\/\/fjala.info\/2009-2015\/#organization"},"potentialAction":[{"@type":"SearchAction","target":{"@type":"EntryPoint","urlTemplate":"https:\/\/fjala.info\/2009-2015\/?s={search_term_string}"},"query-input":{"@type":"PropertyValueSpecification","valueRequired":true,"valueName":"search_term_string"}}],"inLanguage":"sq-AL"},{"@type":"Organization","@id":"https:\/\/fjala.info\/2009-2015\/#organization","name":"FjALA e LIR\u00cb - Arkivi","url":"https:\/\/fjala.info\/2009-2015\/","logo":{"@type":"ImageObject","inLanguage":"sq-AL","@id":"https:\/\/fjala.info\/2009-2015\/#\/schema\/logo\/image\/","url":"","contentUrl":"","caption":"FjALA e LIR\u00cb - Arkivi"},"image":{"@id":"https:\/\/fjala.info\/2009-2015\/#\/schema\/logo\/image\/"}},{"@type":"Person","@id":"https:\/\/fjala.info\/2009-2015\/#\/schema\/person\/3aa1163ef05469c496fc94e77611ada2","name":"admin","image":{"@type":"ImageObject","inLanguage":"sq-AL","@id":"https:\/\/fjala.info\/2009-2015\/wp-content\/uploads\/2012\/02\/arben_cokaj-120x150.jpg","url":"https:\/\/fjala.info\/2009-2015\/wp-content\/uploads\/2012\/02\/arben_cokaj-120x150.jpg","contentUrl":"https:\/\/fjala.info\/2009-2015\/wp-content\/uploads\/2012\/02\/arben_cokaj-120x150.jpg","caption":"admin"},"description":"Admin, Fjala e Lir\u00eb","sameAs":["https:\/\/fjala.info\/"],"url":"https:\/\/fjala.info\/2009-2015\/author\/admin\/"}]}},"_links":{"self":[{"href":"https:\/\/fjala.info\/2009-2015\/wp-json\/wp\/v2\/posts\/12044","targetHints":{"allow":["GET"]}}],"collection":[{"href":"https:\/\/fjala.info\/2009-2015\/wp-json\/wp\/v2\/posts"}],"about":[{"href":"https:\/\/fjala.info\/2009-2015\/wp-json\/wp\/v2\/types\/post"}],"author":[{"embeddable":true,"href":"https:\/\/fjala.info\/2009-2015\/wp-json\/wp\/v2\/users\/1"}],"replies":[{"embeddable":true,"href":"https:\/\/fjala.info\/2009-2015\/wp-json\/wp\/v2\/comments?post=12044"}],"version-history":[{"count":0,"href":"https:\/\/fjala.info\/2009-2015\/wp-json\/wp\/v2\/posts\/12044\/revisions"}],"wp:attachment":[{"href":"https:\/\/fjala.info\/2009-2015\/wp-json\/wp\/v2\/media?parent=12044"}],"wp:term":[{"taxonomy":"category","embeddable":true,"href":"https:\/\/fjala.info\/2009-2015\/wp-json\/wp\/v2\/categories?post=12044"},{"taxonomy":"post_tag","embeddable":true,"href":"https:\/\/fjala.info\/2009-2015\/wp-json\/wp\/v2\/tags?post=12044"}],"curies":[{"name":"wp","href":"https:\/\/api.w.org\/{rel}","templated":true}]}}