{"id":12041,"date":"2012-08-24T06:31:05","date_gmt":"2012-08-24T05:31:05","guid":{"rendered":"http:\/\/www.fjala.info\/?p=4620"},"modified":"2012-08-24T06:31:05","modified_gmt":"2012-08-24T05:31:05","slug":"dorezimi-i-veriut-kapitullimi-i-shtetesise-se-kosoves","status":"publish","type":"post","link":"https:\/\/fjala.info\/2009-2015\/dorezimi-i-veriut-kapitullimi-i-shtetesise-se-kosoves\/","title":{"rendered":"Dor\u00ebzimi i veriut kapitullimi i shtet\u00ebsis\u00eb s\u00eb Kosov\u00ebs"},"content":{"rendered":"<p><img decoding=\"async\" class=\"alignright size-thumbnail wp-image-7236\" title=\"Mitrovica\" src=\"http:\/\/www.fjala.info\/2012\/mitrovica.jpg\" alt=\"\" width=\"300\" \/> <strong>Bota Sot<\/strong><\/p>\n<p><strong>Tashm\u00eb jan\u00eb nd\u00ebrruar rolet nuk ka opozit\u00eb t\u00eb sinqert\u00eb, si\u00e7 kishte m\u00eb her\u00ebt, k\u00ebt\u00eb e kan\u00eb harruar edhe shum\u00eb nga ata q\u00eb vuajt\u00ebn burgjet m\u00eb t\u00eb r\u00ebnda&#8230;<\/strong><\/p>\n<p>Rivaliteti garues n\u00eb nivel qendror, por edhe ai n\u00eb nivel lokal mbetet i nj\u00ebjt\u00eb, si para zgjedhjeve, shpesh kulmohet me nj\u00eb konkurrenc\u00eb t\u00eb &#8220;denj\u00eb&#8221; t\u00eb kandidat\u00ebve t\u00eb kualifikuar, nj\u00ebri kryeminist\u00ebr i vendit dhe kryetar i PDK-s\u00eb, nd\u00ebrsa tjetri kryetar komune, i Prishtin\u00ebs, kryetar i subjektit m\u00eb t\u00eb madhe opozitar n\u00eb parlament LDK, komun\u00eb e populluar nga 1\/4 e vendit ndoshta edhe m\u00eb shum\u00eb, me t\u00eb drejt\u00eb vote, edhepse dihet se asnj\u00ebra nga partit\u00eb politike nuk \u00ebsht\u00eb e sigurt p\u00ebr elektoratin stabil votues, p\u00ebr nj\u00eb arsye t\u00eb thjesht\u00eb, t\u00eb mosp\u00ebrmbushjes s\u00eb premtimeve t\u00eb deklaruara m\u00eb her\u00ebt publikisht.<\/p>\n<p>Kutit\u00eb votuese jan\u00eb ende t\u00eb ftohta, por mund t\u00eb nxehen, si detyrim i fillimit t\u00eb procesit t\u00eb mundsh\u00ebm zgjedhor, n\u00eb nivel qendror, n\u00ebse AAK e Ramush Haradinajt nuk e p\u00ebrfill\u00eb ofert\u00ebn e PDK-s\u00eb, kjo varet edhe nga vendimi Hag\u00ebs\u2026<\/p>\n<p>(<em>Tekstin e plot\u00eb mund ta lexoni t\u00eb enjten n\u00eb publikimin e shtypur t\u00eb gazet\u00ebs komb\u00ebtare \u201cBota sot\u201d botimi i Diaspor\u00ebs \u2013 Per\u00ebndimit<\/em>)<\/p>\n","protected":false},"excerpt":{"rendered":"<p>Bota Sot Tashm\u00eb jan\u00eb nd\u00ebrruar rolet nuk ka opozit\u00eb t\u00eb sinqert\u00eb, si\u00e7 kishte m\u00eb her\u00ebt, k\u00ebt\u00eb e kan\u00eb harruar edhe shum\u00eb nga ata q\u00eb vuajt\u00ebn burgjet m\u00eb t\u00eb r\u00ebnda&#8230; Rivaliteti garues n\u00eb nivel qendror, por edhe ai n\u00eb nivel lokal mbetet i nj\u00ebjt\u00eb, si para zgjedhjeve, shpesh kulmohet me nj\u00eb konkurrenc\u00eb t\u00eb &#8220;denj\u00eb&#8221; t\u00eb kandidat\u00ebve [&hellip;]<\/p>\n","protected":false},"author":1,"featured_media":0,"comment_status":"open","ping_status":"closed","sticky":false,"template":"","format":"standard","meta":{"footnotes":""},"categories":[2],"tags":[],"class_list":{"0":"post-12041","1":"post","2":"type-post","3":"status-publish","4":"format-standard","6":"category-artikuj"},"yoast_head":"<!-- This site is optimized with the Yoast SEO plugin v27.4 - https:\/\/yoast.com\/product\/yoast-seo-wordpress\/ -->\n<title>Dor\u00ebzimi i veriut kapitullimi i shtet\u00ebsis\u00eb s\u00eb Kosov\u00ebs - FjALA e LIR\u00cb - Arkivi<\/title>\n<meta name=\"robots\" content=\"index, follow, max-snippet:-1, max-image-preview:large, max-video-preview:-1\" \/>\n<link rel=\"canonical\" href=\"https:\/\/fjala.info\/2009-2015\/dorezimi-i-veriut-kapitullimi-i-shtetesise-se-kosoves\/\" \/>\n<meta property=\"og:locale\" content=\"sq_AL\" \/>\n<meta property=\"og:type\" content=\"article\" \/>\n<meta property=\"og:title\" content=\"Dor\u00ebzimi i veriut kapitullimi i shtet\u00ebsis\u00eb s\u00eb Kosov\u00ebs - FjALA e LIR\u00cb - Arkivi\" \/>\n<meta property=\"og:description\" content=\"Bota Sot Tashm\u00eb jan\u00eb nd\u00ebrruar rolet nuk ka opozit\u00eb t\u00eb sinqert\u00eb, si\u00e7 kishte m\u00eb her\u00ebt, k\u00ebt\u00eb e kan\u00eb harruar edhe shum\u00eb nga ata q\u00eb vuajt\u00ebn burgjet m\u00eb t\u00eb r\u00ebnda&#8230; Rivaliteti garues n\u00eb nivel qendror, por edhe ai n\u00eb nivel lokal mbetet i nj\u00ebjt\u00eb, si para zgjedhjeve, shpesh kulmohet me nj\u00eb konkurrenc\u00eb t\u00eb &#8220;denj\u00eb&#8221; t\u00eb kandidat\u00ebve [&hellip;]\" \/>\n<meta property=\"og:url\" content=\"https:\/\/fjala.info\/2009-2015\/dorezimi-i-veriut-kapitullimi-i-shtetesise-se-kosoves\/\" \/>\n<meta property=\"og:site_name\" content=\"FjALA e LIR\u00cb - Arkivi\" \/>\n<meta property=\"article:published_time\" content=\"2012-08-24T05:31:05+00:00\" \/>\n<meta property=\"og:image\" content=\"http:\/\/www.fjala.info\/2012\/mitrovica.jpg\" \/>\n<meta name=\"author\" content=\"admin\" \/>\n<meta name=\"twitter:card\" content=\"summary_large_image\" \/>\n<meta name=\"twitter:label1\" content=\"Written by\" \/>\n\t<meta name=\"twitter:data1\" content=\"admin\" \/>\n\t<meta name=\"twitter:label2\" content=\"Est. reading time\" \/>\n\t<meta name=\"twitter:data2\" content=\"1 minute\" \/>\n<script type=\"application\/ld+json\" class=\"yoast-schema-graph\">{\"@context\":\"https:\\\/\\\/schema.org\",\"@graph\":[{\"@type\":\"Article\",\"@id\":\"https:\\\/\\\/fjala.info\\\/2009-2015\\\/dorezimi-i-veriut-kapitullimi-i-shtetesise-se-kosoves\\\/#article\",\"isPartOf\":{\"@id\":\"https:\\\/\\\/fjala.info\\\/2009-2015\\\/dorezimi-i-veriut-kapitullimi-i-shtetesise-se-kosoves\\\/\"},\"author\":{\"name\":\"admin\",\"@id\":\"https:\\\/\\\/fjala.info\\\/2009-2015\\\/#\\\/schema\\\/person\\\/3aa1163ef05469c496fc94e77611ada2\"},\"headline\":\"Dor\u00ebzimi i veriut kapitullimi i shtet\u00ebsis\u00eb s\u00eb Kosov\u00ebs\",\"datePublished\":\"2012-08-24T05:31:05+00:00\",\"mainEntityOfPage\":{\"@id\":\"https:\\\/\\\/fjala.info\\\/2009-2015\\\/dorezimi-i-veriut-kapitullimi-i-shtetesise-se-kosoves\\\/\"},\"wordCount\":220,\"commentCount\":0,\"publisher\":{\"@id\":\"https:\\\/\\\/fjala.info\\\/2009-2015\\\/#organization\"},\"image\":{\"@id\":\"https:\\\/\\\/fjala.info\\\/2009-2015\\\/dorezimi-i-veriut-kapitullimi-i-shtetesise-se-kosoves\\\/#primaryimage\"},\"thumbnailUrl\":\"http:\\\/\\\/www.fjala.info\\\/2012\\\/mitrovica.jpg\",\"articleSection\":[\"Artikuj\"],\"inLanguage\":\"sq-AL\",\"potentialAction\":[{\"@type\":\"CommentAction\",\"name\":\"Comment\",\"target\":[\"https:\\\/\\\/fjala.info\\\/2009-2015\\\/dorezimi-i-veriut-kapitullimi-i-shtetesise-se-kosoves\\\/#respond\"]}]},{\"@type\":\"WebPage\",\"@id\":\"https:\\\/\\\/fjala.info\\\/2009-2015\\\/dorezimi-i-veriut-kapitullimi-i-shtetesise-se-kosoves\\\/\",\"url\":\"https:\\\/\\\/fjala.info\\\/2009-2015\\\/dorezimi-i-veriut-kapitullimi-i-shtetesise-se-kosoves\\\/\",\"name\":\"Dor\u00ebzimi i veriut kapitullimi i shtet\u00ebsis\u00eb s\u00eb Kosov\u00ebs - FjALA e LIR\u00cb - Arkivi\",\"isPartOf\":{\"@id\":\"https:\\\/\\\/fjala.info\\\/2009-2015\\\/#website\"},\"primaryImageOfPage\":{\"@id\":\"https:\\\/\\\/fjala.info\\\/2009-2015\\\/dorezimi-i-veriut-kapitullimi-i-shtetesise-se-kosoves\\\/#primaryimage\"},\"image\":{\"@id\":\"https:\\\/\\\/fjala.info\\\/2009-2015\\\/dorezimi-i-veriut-kapitullimi-i-shtetesise-se-kosoves\\\/#primaryimage\"},\"thumbnailUrl\":\"http:\\\/\\\/www.fjala.info\\\/2012\\\/mitrovica.jpg\",\"datePublished\":\"2012-08-24T05:31:05+00:00\",\"breadcrumb\":{\"@id\":\"https:\\\/\\\/fjala.info\\\/2009-2015\\\/dorezimi-i-veriut-kapitullimi-i-shtetesise-se-kosoves\\\/#breadcrumb\"},\"inLanguage\":\"sq-AL\",\"potentialAction\":[{\"@type\":\"ReadAction\",\"target\":[\"https:\\\/\\\/fjala.info\\\/2009-2015\\\/dorezimi-i-veriut-kapitullimi-i-shtetesise-se-kosoves\\\/\"]}]},{\"@type\":\"ImageObject\",\"inLanguage\":\"sq-AL\",\"@id\":\"https:\\\/\\\/fjala.info\\\/2009-2015\\\/dorezimi-i-veriut-kapitullimi-i-shtetesise-se-kosoves\\\/#primaryimage\",\"url\":\"http:\\\/\\\/www.fjala.info\\\/2012\\\/mitrovica.jpg\",\"contentUrl\":\"http:\\\/\\\/www.fjala.info\\\/2012\\\/mitrovica.jpg\"},{\"@type\":\"BreadcrumbList\",\"@id\":\"https:\\\/\\\/fjala.info\\\/2009-2015\\\/dorezimi-i-veriut-kapitullimi-i-shtetesise-se-kosoves\\\/#breadcrumb\",\"itemListElement\":[{\"@type\":\"ListItem\",\"position\":1,\"name\":\"Home\",\"item\":\"https:\\\/\\\/fjala.info\\\/2009-2015\\\/\"},{\"@type\":\"ListItem\",\"position\":2,\"name\":\"Dor\u00ebzimi i veriut kapitullimi i shtet\u00ebsis\u00eb s\u00eb Kosov\u00ebs\"}]},{\"@type\":\"WebSite\",\"@id\":\"https:\\\/\\\/fjala.info\\\/2009-2015\\\/#website\",\"url\":\"https:\\\/\\\/fjala.info\\\/2009-2015\\\/\",\"name\":\"FjALA e LIR\u00cb - Arkivi\",\"description\":\"Arkivi 2009-2015\",\"publisher\":{\"@id\":\"https:\\\/\\\/fjala.info\\\/2009-2015\\\/#organization\"},\"potentialAction\":[{\"@type\":\"SearchAction\",\"target\":{\"@type\":\"EntryPoint\",\"urlTemplate\":\"https:\\\/\\\/fjala.info\\\/2009-2015\\\/?s={search_term_string}\"},\"query-input\":{\"@type\":\"PropertyValueSpecification\",\"valueRequired\":true,\"valueName\":\"search_term_string\"}}],\"inLanguage\":\"sq-AL\"},{\"@type\":\"Organization\",\"@id\":\"https:\\\/\\\/fjala.info\\\/2009-2015\\\/#organization\",\"name\":\"FjALA e LIR\u00cb - Arkivi\",\"url\":\"https:\\\/\\\/fjala.info\\\/2009-2015\\\/\",\"logo\":{\"@type\":\"ImageObject\",\"inLanguage\":\"sq-AL\",\"@id\":\"https:\\\/\\\/fjala.info\\\/2009-2015\\\/#\\\/schema\\\/logo\\\/image\\\/\",\"url\":\"\",\"contentUrl\":\"\",\"caption\":\"FjALA e LIR\u00cb - Arkivi\"},\"image\":{\"@id\":\"https:\\\/\\\/fjala.info\\\/2009-2015\\\/#\\\/schema\\\/logo\\\/image\\\/\"}},{\"@type\":\"Person\",\"@id\":\"https:\\\/\\\/fjala.info\\\/2009-2015\\\/#\\\/schema\\\/person\\\/3aa1163ef05469c496fc94e77611ada2\",\"name\":\"admin\",\"image\":{\"@type\":\"ImageObject\",\"inLanguage\":\"sq-AL\",\"@id\":\"https:\\\/\\\/fjala.info\\\/2009-2015\\\/wp-content\\\/uploads\\\/2012\\\/02\\\/arben_cokaj-120x150.jpg\",\"url\":\"https:\\\/\\\/fjala.info\\\/2009-2015\\\/wp-content\\\/uploads\\\/2012\\\/02\\\/arben_cokaj-120x150.jpg\",\"contentUrl\":\"https:\\\/\\\/fjala.info\\\/2009-2015\\\/wp-content\\\/uploads\\\/2012\\\/02\\\/arben_cokaj-120x150.jpg\",\"caption\":\"admin\"},\"description\":\"Admin, Fjala e Lir\u00eb\",\"sameAs\":[\"https:\\\/\\\/fjala.info\\\/\"],\"url\":\"https:\\\/\\\/fjala.info\\\/2009-2015\\\/author\\\/admin\\\/\"}]}<\/script>\n<!-- \/ Yoast SEO plugin. -->","yoast_head_json":{"title":"Dor\u00ebzimi i veriut kapitullimi i shtet\u00ebsis\u00eb s\u00eb Kosov\u00ebs - FjALA e LIR\u00cb - Arkivi","robots":{"index":"index","follow":"follow","max-snippet":"max-snippet:-1","max-image-preview":"max-image-preview:large","max-video-preview":"max-video-preview:-1"},"canonical":"https:\/\/fjala.info\/2009-2015\/dorezimi-i-veriut-kapitullimi-i-shtetesise-se-kosoves\/","og_locale":"sq_AL","og_type":"article","og_title":"Dor\u00ebzimi i veriut kapitullimi i shtet\u00ebsis\u00eb s\u00eb Kosov\u00ebs - FjALA e LIR\u00cb - Arkivi","og_description":"Bota Sot Tashm\u00eb jan\u00eb nd\u00ebrruar rolet nuk ka opozit\u00eb t\u00eb sinqert\u00eb, si\u00e7 kishte m\u00eb her\u00ebt, k\u00ebt\u00eb e kan\u00eb harruar edhe shum\u00eb nga ata q\u00eb vuajt\u00ebn burgjet m\u00eb t\u00eb r\u00ebnda&#8230; Rivaliteti garues n\u00eb nivel qendror, por edhe ai n\u00eb nivel lokal mbetet i nj\u00ebjt\u00eb, si para zgjedhjeve, shpesh kulmohet me nj\u00eb konkurrenc\u00eb t\u00eb &#8220;denj\u00eb&#8221; t\u00eb kandidat\u00ebve [&hellip;]","og_url":"https:\/\/fjala.info\/2009-2015\/dorezimi-i-veriut-kapitullimi-i-shtetesise-se-kosoves\/","og_site_name":"FjALA e LIR\u00cb - Arkivi","article_published_time":"2012-08-24T05:31:05+00:00","og_image":[{"url":"http:\/\/www.fjala.info\/2012\/mitrovica.jpg","type":"","width":"","height":""}],"author":"admin","twitter_card":"summary_large_image","twitter_misc":{"Written by":"admin","Est. reading time":"1 minute"},"schema":{"@context":"https:\/\/schema.org","@graph":[{"@type":"Article","@id":"https:\/\/fjala.info\/2009-2015\/dorezimi-i-veriut-kapitullimi-i-shtetesise-se-kosoves\/#article","isPartOf":{"@id":"https:\/\/fjala.info\/2009-2015\/dorezimi-i-veriut-kapitullimi-i-shtetesise-se-kosoves\/"},"author":{"name":"admin","@id":"https:\/\/fjala.info\/2009-2015\/#\/schema\/person\/3aa1163ef05469c496fc94e77611ada2"},"headline":"Dor\u00ebzimi i veriut kapitullimi i shtet\u00ebsis\u00eb s\u00eb Kosov\u00ebs","datePublished":"2012-08-24T05:31:05+00:00","mainEntityOfPage":{"@id":"https:\/\/fjala.info\/2009-2015\/dorezimi-i-veriut-kapitullimi-i-shtetesise-se-kosoves\/"},"wordCount":220,"commentCount":0,"publisher":{"@id":"https:\/\/fjala.info\/2009-2015\/#organization"},"image":{"@id":"https:\/\/fjala.info\/2009-2015\/dorezimi-i-veriut-kapitullimi-i-shtetesise-se-kosoves\/#primaryimage"},"thumbnailUrl":"http:\/\/www.fjala.info\/2012\/mitrovica.jpg","articleSection":["Artikuj"],"inLanguage":"sq-AL","potentialAction":[{"@type":"CommentAction","name":"Comment","target":["https:\/\/fjala.info\/2009-2015\/dorezimi-i-veriut-kapitullimi-i-shtetesise-se-kosoves\/#respond"]}]},{"@type":"WebPage","@id":"https:\/\/fjala.info\/2009-2015\/dorezimi-i-veriut-kapitullimi-i-shtetesise-se-kosoves\/","url":"https:\/\/fjala.info\/2009-2015\/dorezimi-i-veriut-kapitullimi-i-shtetesise-se-kosoves\/","name":"Dor\u00ebzimi i veriut kapitullimi i shtet\u00ebsis\u00eb s\u00eb Kosov\u00ebs - FjALA e LIR\u00cb - Arkivi","isPartOf":{"@id":"https:\/\/fjala.info\/2009-2015\/#website"},"primaryImageOfPage":{"@id":"https:\/\/fjala.info\/2009-2015\/dorezimi-i-veriut-kapitullimi-i-shtetesise-se-kosoves\/#primaryimage"},"image":{"@id":"https:\/\/fjala.info\/2009-2015\/dorezimi-i-veriut-kapitullimi-i-shtetesise-se-kosoves\/#primaryimage"},"thumbnailUrl":"http:\/\/www.fjala.info\/2012\/mitrovica.jpg","datePublished":"2012-08-24T05:31:05+00:00","breadcrumb":{"@id":"https:\/\/fjala.info\/2009-2015\/dorezimi-i-veriut-kapitullimi-i-shtetesise-se-kosoves\/#breadcrumb"},"inLanguage":"sq-AL","potentialAction":[{"@type":"ReadAction","target":["https:\/\/fjala.info\/2009-2015\/dorezimi-i-veriut-kapitullimi-i-shtetesise-se-kosoves\/"]}]},{"@type":"ImageObject","inLanguage":"sq-AL","@id":"https:\/\/fjala.info\/2009-2015\/dorezimi-i-veriut-kapitullimi-i-shtetesise-se-kosoves\/#primaryimage","url":"http:\/\/www.fjala.info\/2012\/mitrovica.jpg","contentUrl":"http:\/\/www.fjala.info\/2012\/mitrovica.jpg"},{"@type":"BreadcrumbList","@id":"https:\/\/fjala.info\/2009-2015\/dorezimi-i-veriut-kapitullimi-i-shtetesise-se-kosoves\/#breadcrumb","itemListElement":[{"@type":"ListItem","position":1,"name":"Home","item":"https:\/\/fjala.info\/2009-2015\/"},{"@type":"ListItem","position":2,"name":"Dor\u00ebzimi i veriut kapitullimi i shtet\u00ebsis\u00eb s\u00eb Kosov\u00ebs"}]},{"@type":"WebSite","@id":"https:\/\/fjala.info\/2009-2015\/#website","url":"https:\/\/fjala.info\/2009-2015\/","name":"FjALA e LIR\u00cb - Arkivi","description":"Arkivi 2009-2015","publisher":{"@id":"https:\/\/fjala.info\/2009-2015\/#organization"},"potentialAction":[{"@type":"SearchAction","target":{"@type":"EntryPoint","urlTemplate":"https:\/\/fjala.info\/2009-2015\/?s={search_term_string}"},"query-input":{"@type":"PropertyValueSpecification","valueRequired":true,"valueName":"search_term_string"}}],"inLanguage":"sq-AL"},{"@type":"Organization","@id":"https:\/\/fjala.info\/2009-2015\/#organization","name":"FjALA e LIR\u00cb - Arkivi","url":"https:\/\/fjala.info\/2009-2015\/","logo":{"@type":"ImageObject","inLanguage":"sq-AL","@id":"https:\/\/fjala.info\/2009-2015\/#\/schema\/logo\/image\/","url":"","contentUrl":"","caption":"FjALA e LIR\u00cb - Arkivi"},"image":{"@id":"https:\/\/fjala.info\/2009-2015\/#\/schema\/logo\/image\/"}},{"@type":"Person","@id":"https:\/\/fjala.info\/2009-2015\/#\/schema\/person\/3aa1163ef05469c496fc94e77611ada2","name":"admin","image":{"@type":"ImageObject","inLanguage":"sq-AL","@id":"https:\/\/fjala.info\/2009-2015\/wp-content\/uploads\/2012\/02\/arben_cokaj-120x150.jpg","url":"https:\/\/fjala.info\/2009-2015\/wp-content\/uploads\/2012\/02\/arben_cokaj-120x150.jpg","contentUrl":"https:\/\/fjala.info\/2009-2015\/wp-content\/uploads\/2012\/02\/arben_cokaj-120x150.jpg","caption":"admin"},"description":"Admin, Fjala e Lir\u00eb","sameAs":["https:\/\/fjala.info\/"],"url":"https:\/\/fjala.info\/2009-2015\/author\/admin\/"}]}},"_links":{"self":[{"href":"https:\/\/fjala.info\/2009-2015\/wp-json\/wp\/v2\/posts\/12041","targetHints":{"allow":["GET"]}}],"collection":[{"href":"https:\/\/fjala.info\/2009-2015\/wp-json\/wp\/v2\/posts"}],"about":[{"href":"https:\/\/fjala.info\/2009-2015\/wp-json\/wp\/v2\/types\/post"}],"author":[{"embeddable":true,"href":"https:\/\/fjala.info\/2009-2015\/wp-json\/wp\/v2\/users\/1"}],"replies":[{"embeddable":true,"href":"https:\/\/fjala.info\/2009-2015\/wp-json\/wp\/v2\/comments?post=12041"}],"version-history":[{"count":0,"href":"https:\/\/fjala.info\/2009-2015\/wp-json\/wp\/v2\/posts\/12041\/revisions"}],"wp:attachment":[{"href":"https:\/\/fjala.info\/2009-2015\/wp-json\/wp\/v2\/media?parent=12041"}],"wp:term":[{"taxonomy":"category","embeddable":true,"href":"https:\/\/fjala.info\/2009-2015\/wp-json\/wp\/v2\/categories?post=12041"},{"taxonomy":"post_tag","embeddable":true,"href":"https:\/\/fjala.info\/2009-2015\/wp-json\/wp\/v2\/tags?post=12041"}],"curies":[{"name":"wp","href":"https:\/\/api.w.org\/{rel}","templated":true}]}}