{"id":12040,"date":"2012-08-23T23:47:39","date_gmt":"2012-08-23T22:47:39","guid":{"rendered":"http:\/\/www.fjala.info\/?p=4628"},"modified":"2012-08-23T23:47:39","modified_gmt":"2012-08-23T22:47:39","slug":"fukarallek-dhe-maskarallek","status":"publish","type":"post","link":"https:\/\/fjala.info\/2009-2015\/fukarallek-dhe-maskarallek\/","title":{"rendered":"Fukarall\u00ebk dhe maskarall\u00ebk"},"content":{"rendered":"<p><img decoding=\"async\" class=\"alignright size-thumbnail wp-image-7236\" title=\"Arben Rrozhani\" src=\"http:\/\/www.fjala.info\/2012\/arben_rrozhani.jpg\" alt=\"\" width=\"150\" \/> Analiz\u00eb nga <strong>ARBEN RROZHANI<\/strong><\/p>\n<p>Shqiptarja.com risolli dje disa detaje t\u00eb vil\u00ebs qeveritare n\u00eb Vlor\u00eb q\u00eb \u00ebsht\u00eb gati t\u00eb pres\u00eb parin\u00eb e vendit gjat\u00eb fundjavave. Nuk ishte lajm i ri, sepse arredimi me mbi 500 milion\u00eb lek\u00eb t\u00eb vjetra ishte shpallur q\u00eb nj\u00eb vit m\u00eb par\u00eb nga Agjencia e Prokurimit Publik dhe pamjet e brend\u00ebshme kishin dal\u00eb n\u00eb median e printuar.<\/p>\n<p>Po ashtu m\u00ebse nj\u00eb jav\u00eb m\u00eb par\u00eb, \u201cTop Channel\u201d solli pamjet filmike me nj\u00eb kamera amatore se si ishin arreduar ambientet e brend\u00ebshme. K\u00ebsaj radhe gazeta solli ca detaje edhe m\u00eb pikante: pishina dim\u00ebrore dhe ajo e jashtme, sauna, dhoma e bilardos, bari me banakun dhe karriket e larta, ambientet rekreative, poltronat e but\u00eb, perdet dhe kornizat e tyre p\u00ebr t\u00eb p\u00ebrfunduar n\u00eb disa tipe shtret\u00ebrish matrimonial\u00eb me dyshek\u00eb latex \u201cking Size\u201d, shum\u00ebllojshm\u00ebria e sofave, cohave dhe nojmave q\u00eb mbushin interierin dhe nga pas nj\u00eb taborr me sh\u00ebrb\u00ebtor\u00eb q\u00eb do t\u00eb ken\u00eb n\u00ebn kujdesin pushtetar\u00ebt q\u00eb do t\u00eb pushojn\u00eb aty.<\/p>\n<p>M\u00ebse nj\u00eb jav\u00eb m\u00eb par\u00eb, kur dol\u00ebn pamjet filmike t\u00eb vil\u00ebs, Drejtoria e Sh\u00ebrbimeve Qeveritare, tha se vila nuk ishte e Berish\u00ebs, por e personaliteteve t\u00eb vendit. Ky \u00ebsht\u00eb avaz i vjet\u00ebr. Kur Berisha bleu makin\u00ebn Benz- Mercedes 700 mij\u00eb dollar\u00eb, u tha se nuk ishte p\u00ebr shefin e qeveris\u00eb, por p\u00ebr personalitetet e huaja q\u00eb do t\u00eb vinin, a thua se Merkel apo Sarkozi, kishin refuzuar t\u00eb vizitonin Shqip\u00ebrin\u00eb, pse nuk ishte benz-i ultraluksoz. Po k\u00ebshtu u tha kur qeveria porositi dhe po blen p\u00ebr mbi 5 milion\u00eb euro helikopterin VIP.<\/p>\n<p>Problemi \u00ebsht\u00eb se k\u00ebto bukuri q\u00eb po blen qeveria me parat\u00eb e taksapaguesve shqiptar\u00eb, t\u00eb vrasin. Jo vet\u00ebm syt\u00eb, por zemr\u00ebn, kur shikon se sa mjerim \u00ebsht\u00eb shtuar k\u00ebto vite, kur duhet t\u00eb kish ndodhur e kund\u00ebrta. Mjerim te minatori i varf\u00ebr q\u00eb vdiq dje n\u00eb nj\u00eb minier\u00eb n\u00eb Tropoj\u00eb, mjerim dhe syt\u00eb pa drit\u00eb t\u00eb f\u00ebmij\u00ebve t\u00eb Bulqiz\u00ebs q\u00eb kan\u00eb lindur mbi ar dhe mezi mbushin barkun me buk\u00eb, mjerim te ata qindra mij\u00ebra pensionist\u00eb q\u00eb mezi arrijn\u00eb t\u00eb blejn\u00eb buk\u00ebn dhe ila\u00e7et, te ato dhjetra mij\u00ebra familje, q\u00eb sot nuk arrijn\u00eb m\u00eb as t\u00eb marrin ushqimet me list\u00eb, te ata dhjetra mij\u00ebra t\u00eb papun\u00eb dhe t\u00eb pashpres\u00eb.<\/p>\n<p>Kjo \u00ebsht\u00eb shumica e shqiptar\u00ebve, q\u00eb p\u00ebr fat t\u00eb keq duhet t\u00eb llogaritin mbijetes\u00ebn dhe jo cil\u00ebsin\u00eb e mir\u00ebqenies dhe kjo \u00ebsht\u00eb Shqip\u00ebria e turpit, e padenj\u00eb p\u00ebr Europ\u00ebn e vitit 2012, por e denj\u00eb p\u00ebr koh\u00ebn e Sulltanit. Nga ajo koh\u00eb mbeti shprehja: <em>fukarall\u00ebk, maskarall\u00ebk<\/em> dhe q\u00eb t\u00eb dy jan\u00eb trashur aty ku nuk mban m\u00eb.<\/p>\n<p>Shkrimi u botua ne <em>Shqiptarja.com<\/em><\/p>\n<p>(<em>sg\/shqiptarja.com<\/em>)<\/p>\n","protected":false},"excerpt":{"rendered":"<p>Analiz\u00eb nga ARBEN RROZHANI Shqiptarja.com risolli dje disa detaje t\u00eb vil\u00ebs qeveritare n\u00eb Vlor\u00eb q\u00eb \u00ebsht\u00eb gati t\u00eb pres\u00eb parin\u00eb e vendit gjat\u00eb fundjavave. Nuk ishte lajm i ri, sepse arredimi me mbi 500 milion\u00eb lek\u00eb t\u00eb vjetra ishte shpallur q\u00eb nj\u00eb vit m\u00eb par\u00eb nga Agjencia e Prokurimit Publik dhe pamjet e brend\u00ebshme kishin [&hellip;]<\/p>\n","protected":false},"author":1,"featured_media":0,"comment_status":"open","ping_status":"closed","sticky":false,"template":"","format":"standard","meta":{"footnotes":""},"categories":[2],"tags":[],"class_list":{"0":"post-12040","1":"post","2":"type-post","3":"status-publish","4":"format-standard","6":"category-artikuj"},"yoast_head":"<!-- This site is optimized with the Yoast SEO plugin v27.4 - https:\/\/yoast.com\/product\/yoast-seo-wordpress\/ -->\n<title>Fukarall\u00ebk dhe maskarall\u00ebk - FjALA e LIR\u00cb - Arkivi<\/title>\n<meta name=\"robots\" content=\"index, follow, max-snippet:-1, max-image-preview:large, max-video-preview:-1\" \/>\n<link rel=\"canonical\" href=\"https:\/\/fjala.info\/2009-2015\/fukarallek-dhe-maskarallek\/\" \/>\n<meta property=\"og:locale\" content=\"sq_AL\" \/>\n<meta property=\"og:type\" content=\"article\" \/>\n<meta property=\"og:title\" content=\"Fukarall\u00ebk dhe maskarall\u00ebk - FjALA e LIR\u00cb - Arkivi\" \/>\n<meta property=\"og:description\" content=\"Analiz\u00eb nga ARBEN RROZHANI Shqiptarja.com risolli dje disa detaje t\u00eb vil\u00ebs qeveritare n\u00eb Vlor\u00eb q\u00eb \u00ebsht\u00eb gati t\u00eb pres\u00eb parin\u00eb e vendit gjat\u00eb fundjavave. Nuk ishte lajm i ri, sepse arredimi me mbi 500 milion\u00eb lek\u00eb t\u00eb vjetra ishte shpallur q\u00eb nj\u00eb vit m\u00eb par\u00eb nga Agjencia e Prokurimit Publik dhe pamjet e brend\u00ebshme kishin [&hellip;]\" \/>\n<meta property=\"og:url\" content=\"https:\/\/fjala.info\/2009-2015\/fukarallek-dhe-maskarallek\/\" \/>\n<meta property=\"og:site_name\" content=\"FjALA e LIR\u00cb - Arkivi\" \/>\n<meta property=\"article:published_time\" content=\"2012-08-23T22:47:39+00:00\" \/>\n<meta property=\"og:image\" content=\"http:\/\/www.fjala.info\/2012\/arben_rrozhani.jpg\" \/>\n<meta name=\"author\" content=\"admin\" \/>\n<meta name=\"twitter:card\" content=\"summary_large_image\" \/>\n<meta name=\"twitter:label1\" content=\"Written by\" \/>\n\t<meta name=\"twitter:data1\" content=\"admin\" \/>\n\t<meta name=\"twitter:label2\" content=\"Est. reading time\" \/>\n\t<meta name=\"twitter:data2\" content=\"2 minutes\" \/>\n<script type=\"application\/ld+json\" class=\"yoast-schema-graph\">{\"@context\":\"https:\\\/\\\/schema.org\",\"@graph\":[{\"@type\":\"Article\",\"@id\":\"https:\\\/\\\/fjala.info\\\/2009-2015\\\/fukarallek-dhe-maskarallek\\\/#article\",\"isPartOf\":{\"@id\":\"https:\\\/\\\/fjala.info\\\/2009-2015\\\/fukarallek-dhe-maskarallek\\\/\"},\"author\":{\"name\":\"admin\",\"@id\":\"https:\\\/\\\/fjala.info\\\/2009-2015\\\/#\\\/schema\\\/person\\\/3aa1163ef05469c496fc94e77611ada2\"},\"headline\":\"Fukarall\u00ebk dhe maskarall\u00ebk\",\"datePublished\":\"2012-08-23T22:47:39+00:00\",\"mainEntityOfPage\":{\"@id\":\"https:\\\/\\\/fjala.info\\\/2009-2015\\\/fukarallek-dhe-maskarallek\\\/\"},\"wordCount\":482,\"commentCount\":0,\"publisher\":{\"@id\":\"https:\\\/\\\/fjala.info\\\/2009-2015\\\/#organization\"},\"image\":{\"@id\":\"https:\\\/\\\/fjala.info\\\/2009-2015\\\/fukarallek-dhe-maskarallek\\\/#primaryimage\"},\"thumbnailUrl\":\"http:\\\/\\\/www.fjala.info\\\/2012\\\/arben_rrozhani.jpg\",\"articleSection\":[\"Artikuj\"],\"inLanguage\":\"sq-AL\",\"potentialAction\":[{\"@type\":\"CommentAction\",\"name\":\"Comment\",\"target\":[\"https:\\\/\\\/fjala.info\\\/2009-2015\\\/fukarallek-dhe-maskarallek\\\/#respond\"]}]},{\"@type\":\"WebPage\",\"@id\":\"https:\\\/\\\/fjala.info\\\/2009-2015\\\/fukarallek-dhe-maskarallek\\\/\",\"url\":\"https:\\\/\\\/fjala.info\\\/2009-2015\\\/fukarallek-dhe-maskarallek\\\/\",\"name\":\"Fukarall\u00ebk dhe maskarall\u00ebk - FjALA e LIR\u00cb - Arkivi\",\"isPartOf\":{\"@id\":\"https:\\\/\\\/fjala.info\\\/2009-2015\\\/#website\"},\"primaryImageOfPage\":{\"@id\":\"https:\\\/\\\/fjala.info\\\/2009-2015\\\/fukarallek-dhe-maskarallek\\\/#primaryimage\"},\"image\":{\"@id\":\"https:\\\/\\\/fjala.info\\\/2009-2015\\\/fukarallek-dhe-maskarallek\\\/#primaryimage\"},\"thumbnailUrl\":\"http:\\\/\\\/www.fjala.info\\\/2012\\\/arben_rrozhani.jpg\",\"datePublished\":\"2012-08-23T22:47:39+00:00\",\"breadcrumb\":{\"@id\":\"https:\\\/\\\/fjala.info\\\/2009-2015\\\/fukarallek-dhe-maskarallek\\\/#breadcrumb\"},\"inLanguage\":\"sq-AL\",\"potentialAction\":[{\"@type\":\"ReadAction\",\"target\":[\"https:\\\/\\\/fjala.info\\\/2009-2015\\\/fukarallek-dhe-maskarallek\\\/\"]}]},{\"@type\":\"ImageObject\",\"inLanguage\":\"sq-AL\",\"@id\":\"https:\\\/\\\/fjala.info\\\/2009-2015\\\/fukarallek-dhe-maskarallek\\\/#primaryimage\",\"url\":\"http:\\\/\\\/www.fjala.info\\\/2012\\\/arben_rrozhani.jpg\",\"contentUrl\":\"http:\\\/\\\/www.fjala.info\\\/2012\\\/arben_rrozhani.jpg\"},{\"@type\":\"BreadcrumbList\",\"@id\":\"https:\\\/\\\/fjala.info\\\/2009-2015\\\/fukarallek-dhe-maskarallek\\\/#breadcrumb\",\"itemListElement\":[{\"@type\":\"ListItem\",\"position\":1,\"name\":\"Home\",\"item\":\"https:\\\/\\\/fjala.info\\\/2009-2015\\\/\"},{\"@type\":\"ListItem\",\"position\":2,\"name\":\"Fukarall\u00ebk dhe maskarall\u00ebk\"}]},{\"@type\":\"WebSite\",\"@id\":\"https:\\\/\\\/fjala.info\\\/2009-2015\\\/#website\",\"url\":\"https:\\\/\\\/fjala.info\\\/2009-2015\\\/\",\"name\":\"FjALA e LIR\u00cb - Arkivi\",\"description\":\"Arkivi 2009-2015\",\"publisher\":{\"@id\":\"https:\\\/\\\/fjala.info\\\/2009-2015\\\/#organization\"},\"potentialAction\":[{\"@type\":\"SearchAction\",\"target\":{\"@type\":\"EntryPoint\",\"urlTemplate\":\"https:\\\/\\\/fjala.info\\\/2009-2015\\\/?s={search_term_string}\"},\"query-input\":{\"@type\":\"PropertyValueSpecification\",\"valueRequired\":true,\"valueName\":\"search_term_string\"}}],\"inLanguage\":\"sq-AL\"},{\"@type\":\"Organization\",\"@id\":\"https:\\\/\\\/fjala.info\\\/2009-2015\\\/#organization\",\"name\":\"FjALA e LIR\u00cb - Arkivi\",\"url\":\"https:\\\/\\\/fjala.info\\\/2009-2015\\\/\",\"logo\":{\"@type\":\"ImageObject\",\"inLanguage\":\"sq-AL\",\"@id\":\"https:\\\/\\\/fjala.info\\\/2009-2015\\\/#\\\/schema\\\/logo\\\/image\\\/\",\"url\":\"\",\"contentUrl\":\"\",\"caption\":\"FjALA e LIR\u00cb - Arkivi\"},\"image\":{\"@id\":\"https:\\\/\\\/fjala.info\\\/2009-2015\\\/#\\\/schema\\\/logo\\\/image\\\/\"}},{\"@type\":\"Person\",\"@id\":\"https:\\\/\\\/fjala.info\\\/2009-2015\\\/#\\\/schema\\\/person\\\/3aa1163ef05469c496fc94e77611ada2\",\"name\":\"admin\",\"image\":{\"@type\":\"ImageObject\",\"inLanguage\":\"sq-AL\",\"@id\":\"https:\\\/\\\/fjala.info\\\/2009-2015\\\/wp-content\\\/uploads\\\/2012\\\/02\\\/arben_cokaj-120x150.jpg\",\"url\":\"https:\\\/\\\/fjala.info\\\/2009-2015\\\/wp-content\\\/uploads\\\/2012\\\/02\\\/arben_cokaj-120x150.jpg\",\"contentUrl\":\"https:\\\/\\\/fjala.info\\\/2009-2015\\\/wp-content\\\/uploads\\\/2012\\\/02\\\/arben_cokaj-120x150.jpg\",\"caption\":\"admin\"},\"description\":\"Admin, Fjala e Lir\u00eb\",\"sameAs\":[\"https:\\\/\\\/fjala.info\\\/\"],\"url\":\"https:\\\/\\\/fjala.info\\\/2009-2015\\\/author\\\/admin\\\/\"}]}<\/script>\n<!-- \/ Yoast SEO plugin. -->","yoast_head_json":{"title":"Fukarall\u00ebk dhe maskarall\u00ebk - FjALA e LIR\u00cb - Arkivi","robots":{"index":"index","follow":"follow","max-snippet":"max-snippet:-1","max-image-preview":"max-image-preview:large","max-video-preview":"max-video-preview:-1"},"canonical":"https:\/\/fjala.info\/2009-2015\/fukarallek-dhe-maskarallek\/","og_locale":"sq_AL","og_type":"article","og_title":"Fukarall\u00ebk dhe maskarall\u00ebk - FjALA e LIR\u00cb - Arkivi","og_description":"Analiz\u00eb nga ARBEN RROZHANI Shqiptarja.com risolli dje disa detaje t\u00eb vil\u00ebs qeveritare n\u00eb Vlor\u00eb q\u00eb \u00ebsht\u00eb gati t\u00eb pres\u00eb parin\u00eb e vendit gjat\u00eb fundjavave. Nuk ishte lajm i ri, sepse arredimi me mbi 500 milion\u00eb lek\u00eb t\u00eb vjetra ishte shpallur q\u00eb nj\u00eb vit m\u00eb par\u00eb nga Agjencia e Prokurimit Publik dhe pamjet e brend\u00ebshme kishin [&hellip;]","og_url":"https:\/\/fjala.info\/2009-2015\/fukarallek-dhe-maskarallek\/","og_site_name":"FjALA e LIR\u00cb - Arkivi","article_published_time":"2012-08-23T22:47:39+00:00","og_image":[{"url":"http:\/\/www.fjala.info\/2012\/arben_rrozhani.jpg","type":"","width":"","height":""}],"author":"admin","twitter_card":"summary_large_image","twitter_misc":{"Written by":"admin","Est. reading time":"2 minutes"},"schema":{"@context":"https:\/\/schema.org","@graph":[{"@type":"Article","@id":"https:\/\/fjala.info\/2009-2015\/fukarallek-dhe-maskarallek\/#article","isPartOf":{"@id":"https:\/\/fjala.info\/2009-2015\/fukarallek-dhe-maskarallek\/"},"author":{"name":"admin","@id":"https:\/\/fjala.info\/2009-2015\/#\/schema\/person\/3aa1163ef05469c496fc94e77611ada2"},"headline":"Fukarall\u00ebk dhe maskarall\u00ebk","datePublished":"2012-08-23T22:47:39+00:00","mainEntityOfPage":{"@id":"https:\/\/fjala.info\/2009-2015\/fukarallek-dhe-maskarallek\/"},"wordCount":482,"commentCount":0,"publisher":{"@id":"https:\/\/fjala.info\/2009-2015\/#organization"},"image":{"@id":"https:\/\/fjala.info\/2009-2015\/fukarallek-dhe-maskarallek\/#primaryimage"},"thumbnailUrl":"http:\/\/www.fjala.info\/2012\/arben_rrozhani.jpg","articleSection":["Artikuj"],"inLanguage":"sq-AL","potentialAction":[{"@type":"CommentAction","name":"Comment","target":["https:\/\/fjala.info\/2009-2015\/fukarallek-dhe-maskarallek\/#respond"]}]},{"@type":"WebPage","@id":"https:\/\/fjala.info\/2009-2015\/fukarallek-dhe-maskarallek\/","url":"https:\/\/fjala.info\/2009-2015\/fukarallek-dhe-maskarallek\/","name":"Fukarall\u00ebk dhe maskarall\u00ebk - FjALA e LIR\u00cb - Arkivi","isPartOf":{"@id":"https:\/\/fjala.info\/2009-2015\/#website"},"primaryImageOfPage":{"@id":"https:\/\/fjala.info\/2009-2015\/fukarallek-dhe-maskarallek\/#primaryimage"},"image":{"@id":"https:\/\/fjala.info\/2009-2015\/fukarallek-dhe-maskarallek\/#primaryimage"},"thumbnailUrl":"http:\/\/www.fjala.info\/2012\/arben_rrozhani.jpg","datePublished":"2012-08-23T22:47:39+00:00","breadcrumb":{"@id":"https:\/\/fjala.info\/2009-2015\/fukarallek-dhe-maskarallek\/#breadcrumb"},"inLanguage":"sq-AL","potentialAction":[{"@type":"ReadAction","target":["https:\/\/fjala.info\/2009-2015\/fukarallek-dhe-maskarallek\/"]}]},{"@type":"ImageObject","inLanguage":"sq-AL","@id":"https:\/\/fjala.info\/2009-2015\/fukarallek-dhe-maskarallek\/#primaryimage","url":"http:\/\/www.fjala.info\/2012\/arben_rrozhani.jpg","contentUrl":"http:\/\/www.fjala.info\/2012\/arben_rrozhani.jpg"},{"@type":"BreadcrumbList","@id":"https:\/\/fjala.info\/2009-2015\/fukarallek-dhe-maskarallek\/#breadcrumb","itemListElement":[{"@type":"ListItem","position":1,"name":"Home","item":"https:\/\/fjala.info\/2009-2015\/"},{"@type":"ListItem","position":2,"name":"Fukarall\u00ebk dhe maskarall\u00ebk"}]},{"@type":"WebSite","@id":"https:\/\/fjala.info\/2009-2015\/#website","url":"https:\/\/fjala.info\/2009-2015\/","name":"FjALA e LIR\u00cb - Arkivi","description":"Arkivi 2009-2015","publisher":{"@id":"https:\/\/fjala.info\/2009-2015\/#organization"},"potentialAction":[{"@type":"SearchAction","target":{"@type":"EntryPoint","urlTemplate":"https:\/\/fjala.info\/2009-2015\/?s={search_term_string}"},"query-input":{"@type":"PropertyValueSpecification","valueRequired":true,"valueName":"search_term_string"}}],"inLanguage":"sq-AL"},{"@type":"Organization","@id":"https:\/\/fjala.info\/2009-2015\/#organization","name":"FjALA e LIR\u00cb - Arkivi","url":"https:\/\/fjala.info\/2009-2015\/","logo":{"@type":"ImageObject","inLanguage":"sq-AL","@id":"https:\/\/fjala.info\/2009-2015\/#\/schema\/logo\/image\/","url":"","contentUrl":"","caption":"FjALA e LIR\u00cb - Arkivi"},"image":{"@id":"https:\/\/fjala.info\/2009-2015\/#\/schema\/logo\/image\/"}},{"@type":"Person","@id":"https:\/\/fjala.info\/2009-2015\/#\/schema\/person\/3aa1163ef05469c496fc94e77611ada2","name":"admin","image":{"@type":"ImageObject","inLanguage":"sq-AL","@id":"https:\/\/fjala.info\/2009-2015\/wp-content\/uploads\/2012\/02\/arben_cokaj-120x150.jpg","url":"https:\/\/fjala.info\/2009-2015\/wp-content\/uploads\/2012\/02\/arben_cokaj-120x150.jpg","contentUrl":"https:\/\/fjala.info\/2009-2015\/wp-content\/uploads\/2012\/02\/arben_cokaj-120x150.jpg","caption":"admin"},"description":"Admin, Fjala e Lir\u00eb","sameAs":["https:\/\/fjala.info\/"],"url":"https:\/\/fjala.info\/2009-2015\/author\/admin\/"}]}},"_links":{"self":[{"href":"https:\/\/fjala.info\/2009-2015\/wp-json\/wp\/v2\/posts\/12040","targetHints":{"allow":["GET"]}}],"collection":[{"href":"https:\/\/fjala.info\/2009-2015\/wp-json\/wp\/v2\/posts"}],"about":[{"href":"https:\/\/fjala.info\/2009-2015\/wp-json\/wp\/v2\/types\/post"}],"author":[{"embeddable":true,"href":"https:\/\/fjala.info\/2009-2015\/wp-json\/wp\/v2\/users\/1"}],"replies":[{"embeddable":true,"href":"https:\/\/fjala.info\/2009-2015\/wp-json\/wp\/v2\/comments?post=12040"}],"version-history":[{"count":0,"href":"https:\/\/fjala.info\/2009-2015\/wp-json\/wp\/v2\/posts\/12040\/revisions"}],"wp:attachment":[{"href":"https:\/\/fjala.info\/2009-2015\/wp-json\/wp\/v2\/media?parent=12040"}],"wp:term":[{"taxonomy":"category","embeddable":true,"href":"https:\/\/fjala.info\/2009-2015\/wp-json\/wp\/v2\/categories?post=12040"},{"taxonomy":"post_tag","embeddable":true,"href":"https:\/\/fjala.info\/2009-2015\/wp-json\/wp\/v2\/tags?post=12040"}],"curies":[{"name":"wp","href":"https:\/\/api.w.org\/{rel}","templated":true}]}}