{"id":12039,"date":"2012-08-23T06:58:25","date_gmt":"2012-08-23T05:58:25","guid":{"rendered":"http:\/\/www.fjala.info\/?p=4613"},"modified":"2012-08-23T06:58:25","modified_gmt":"2012-08-23T05:58:25","slug":"nje-fotografi-qe-deshmon-pafuqine-ndaj-regjimit","status":"publish","type":"post","link":"https:\/\/fjala.info\/2009-2015\/nje-fotografi-qe-deshmon-pafuqine-ndaj-regjimit\/","title":{"rendered":"Nj\u00eb fotografi q\u00eb d\u00ebshmon pafuqin\u00eb ndaj regjimit!"},"content":{"rendered":"<p><img decoding=\"async\" class=\"alignright size-thumbnail wp-image-7236\" title=\"Mero Baze\" src=\"http:\/\/www.fjala.info\/2012\/mero_baze.jpg\" alt=\"\" width=\"150\" \/> Nga <strong>Mero Baze<\/strong>, <em>22 Gusht 2012<\/em><\/p>\n<p>Nj\u00eb doganier shqiptar ka b\u00ebr\u00eb nj\u00eb d\u00ebshmi publike t\u00eb pashembullt. Ka rr\u00ebfyer skem\u00ebn e vjedhjes n\u00eb doganat shqiptare, me emra konkret, me poste, me data, me raste, dhe me taktikat e p\u00ebrdorura. Urim Gjata, nj\u00eb ish aktivist i PD-s\u00eb nga Pogradeci, i pun\u00ebsuar n\u00eb dogana, e ka b\u00ebr\u00eb k\u00ebt\u00eb denoncim n\u00eb shtyp, shoq\u00ebruar me nj\u00eb fotografi me Sali Berish\u00ebn, vite m\u00eb pare, kur ai ishte n\u00eb opozit\u00eb. Me sa duket, mesazhi i fundit q\u00eb ka dashur t\u00eb p\u00ebrcjell\u00eb doganieri, \u00ebsht\u00eb fuqizimi i akuz\u00ebs si nj\u00eb njeri q\u00eb vjen nga brenda pushtetit, dhe q\u00eb \u2018nuk ka gj\u00eb me Berish\u00ebn\u201d, por me ata posht\u00eb q\u00eb vjedhin dhe b\u00ebjn\u00eb k\u00ebrdin\u00eb.<\/p>\n<p>Ka qen\u00eb aq i kujdessh\u00ebm dhe \u00ebsht\u00eb lodhur aq shum\u00eb ta botoj\u00eb at\u00eb intervist\u00eb me at\u00eb fotografi, i kompleksuar pik\u00ebrisht nga klima q\u00eb Berisha krijon ndaj atyre q\u00eb akuzojn\u00eb pushtetin p\u00ebr korrupsion. Duke i zhvler\u00ebsuar gjith\u00eb akuzat si interesa personale apo interesa opozitare, Berisha ja ka dal ta lodhi opinionin publik me kauzat p\u00ebr korrupsion dhe ta ngrej\u00eb aq lart stek\u00ebn e mosnd\u00ebshkueshm\u00ebris\u00eb, q\u00eb nga G\u00ebrdeci deri tek kaseta e Ilir Met\u00ebs, sa \u00e7do gj\u00eb tjet\u00ebr t\u00eb duket si vjedhje e hajdut\u00ebve t\u00eb xhepit.<\/p>\n<p>\u00cbsht\u00eb pik\u00ebrisht kjo gj\u00eb, q\u00eb ka rritur kujdesin e doganierit p\u00ebr t\u00eb dal\u00eb n\u00eb fotografi me Sali Berish\u00ebn. T\u00eb akuzosh Berish\u00ebn p\u00ebr korrupsion, p\u00ebr vrasje, p\u00ebr koncesione, p\u00ebr favorizime dhe pushtet familjar, nuk ke asnj\u00eb shans t\u00eb gjesh p\u00ebrkrahje n\u00eb medie dhe askund shans, p\u00ebr t\u00eb vendosur drejt\u00ebsi. Degradimi ka shkuar aq tej, sa tani ata q\u00eb duan t\u00eb denoncojn\u00eb di\u00e7ka t\u00eb keqe, di\u00e7ka flagrante, di\u00e7ka me em\u00ebr e mbiem\u00ebr, si\u00e7 ishin denoncimet e Urim Gjat\u00ebs, duhet t\u00eb b\u00ebhen duke qen\u00eb n\u00eb an\u00ebn e Berish\u00ebs. Pra, n\u00eb nj\u00eb far\u00eb m\u00ebnyre duhet t\u00eb thuash q\u00eb un\u00eb jam me Berish\u00ebn dhe k\u00ebto q\u00eb ndodhin nuk jan\u00eb gj\u00ebra t\u00eb mira, pasi Berisha me siguri nuk i di.<\/p>\n<p>Ky \u00ebsht\u00eb menatiteti q\u00eb prodhojn\u00eb regjimet kur deformojn\u00eb shtetin ligjor dhe kur i vendosin fatet e nd\u00ebshkimit dhe shp\u00ebrblimit n\u00eb dor\u00ebn e nj\u00eb njeriu. \u00cbsht\u00eb pak a shum\u00eb situata e viteve 60-70, kur t\u00eb nd\u00ebshkuarit si armiq t\u00eb partis\u00eb, \u201cbesonin\u201d se Enver Hoxha nuk dinte gj\u00eb p\u00ebr padrejt\u00ebsit\u00eb ndaj tyre. \u00cbsht\u00eb mentaliteti i njeriut t\u00eb pafuqish\u00ebm p\u00ebr t\u00eb vendosur drejt\u00ebsi nga shteti ligjor dhe tenton t\u00eb b\u00ebj\u00eb manovra t\u00eb vogla dhe taktika qesharake p\u00ebr t\u00eb mos \u201cprishur\u201d themelet e pushtetit. \u00cbsht\u00eb nj\u00eb p\u00ebrpjekje d\u00ebshp\u00ebruese p\u00ebr t\u00eb ndar\u00eb t\u00eb keqen nga Berisha.<\/p>\n<p>Natyrisht q\u00eb \u00ebsht\u00eb nj\u00eb manov\u00ebr e gabuar, por jo e qortueshme. E gjith\u00eb kjo vlen m\u00eb shum\u00eb se sa shum\u00eb e ka deformuar regjimi drejt\u00ebsin\u00eb dhe lirin\u00eb e fjal\u00ebs, se sa vlen p\u00ebr t\u00eb m\u00ebsuar ne ca emra t\u00eb p\u00ebshtir\u00eb hajdut\u00ebsh n\u00eb dogana em\u00ebruar nga Ritvan Bodja, q\u00eb u paguark\u00ebkan shefave taksa ditore.<\/p>\n<p>\u00cbsht\u00eb ilustrimi i faktit, q\u00eb regjimi ka d\u00ebshp\u00ebruar qytetar\u00ebt se drejt\u00ebsia mund t\u00eb buroj\u00eb nga ndonj\u00eb pushtet i pavarur jasht\u00eb tij.<\/p>\n<p>Jam i bindur se Urim Gjata ka pasur pak shpres\u00eb se do p\u00ebrmbyste dynjan\u00eb me at\u00eb denoncim, por e ka shoq\u00ebruar me fotografin\u00eb e tij me Berish\u00ebn denoncimin, p\u00ebr t\u00eb treguar se nuk \u00ebsht\u00eb nj\u00eb opozitar, por nj\u00eb pjes\u00eb e pushtetit q\u00eb nuk pranon padrejt\u00ebsin\u00eb. \u00cbsht\u00eb shpresa e tij e fundit q\u00eb mund t\u00eb ndalet e keqja me t\u00eb cil\u00ebn ai ndeshet p\u00ebrdit\u00eb.<\/p>\n<p>N\u00eb fakt, asgj\u00eb nuk ndodhi. Drejtori i P\u00ebrgjithsh\u00ebm i Doganave ka heshtur, Ministri i Financave, ku shumica e t\u00eb denoncuarve ishin band\u00eb e tij, ka heshtur, Qeveria ka heshtur, Prokuroria ka heshtur\u2026nd\u00ebrsa doganierin nuk e kap m\u00eb dot askush, as n\u00eb telefon dhe as fizikisht. Ndoshta ka ikur diku t\u00eb ruaj kok\u00ebn.<\/p>\n<p>Fotografia e tij me Sali Berish\u00ebn dhe p\u00ebrpjekja p\u00ebr t\u00eb denoncuar n\u00eb em\u00ebr t\u00eb regjimit, mori k\u00ebshtu nj\u00eb leksion t\u00eb qart\u00eb, q\u00eb regjimi nuk i ka qejf denoncimet pa leje. N\u00ebse Ritvan Bodja, Sokol Olldashi, Genc Ruli apo \u00e7dokush tjet\u00ebr q\u00eb kan\u00eb n\u00ebn vete nj\u00eb struktur\u00eb t\u00eb t\u00ebr\u00eb t\u00eb korruptuar dhe duhet t\u00eb sakrifikohen, regjimi i gjen vet denoncuesit, i nxjerr n\u00eb mediet e veta dhe b\u00ebhet nd\u00ebshkimi shembullor.<\/p>\n<p>Nuk mjafton nj\u00eb foto me Sali Berish\u00ebn, p\u00ebr tu dukur sikur uji nga lart del i past\u00ebr, por turbullohet rrug\u00ebs. \u00cbsht\u00eb e kund\u00ebrta. Regjimi ka gjith\u00e7ka n\u00eb dor\u00eb, hajdut\u00ebt dhe t\u00eb ndershmit, nd\u00ebshkimin dhe shp\u00ebrblimin, denoncuesit dhe t\u00eb denoncuarit, viktimat dhe agresor\u00ebt. Ndaj sot ne nuk dim\u00eb ku \u00ebsht\u00eb Urim Gjata. Dje ka folur kund\u00ebr regjimit, me nj\u00eb foto ku ka dal\u00eb n\u00eb krah t\u00eb Sali Berish\u00ebs, me shpres\u00eb se do ta ndihmonte. Kjo foto flet m\u00eb shum\u00eb se akuzat e tij p\u00ebr vjedhje ordinere. Kjo flet p\u00ebr pafuqin\u00eb e qytetar\u00ebve p\u00ebr t\u2019u vendosur drejt\u00ebsia, jasht\u00eb vullnetit t\u00eb regjimit.<\/p>\n","protected":false},"excerpt":{"rendered":"<p>Nga Mero Baze, 22 Gusht 2012 Nj\u00eb doganier shqiptar ka b\u00ebr\u00eb nj\u00eb d\u00ebshmi publike t\u00eb pashembullt. Ka rr\u00ebfyer skem\u00ebn e vjedhjes n\u00eb doganat shqiptare, me emra konkret, me poste, me data, me raste, dhe me taktikat e p\u00ebrdorura. Urim Gjata, nj\u00eb ish aktivist i PD-s\u00eb nga Pogradeci, i pun\u00ebsuar n\u00eb dogana, e ka b\u00ebr\u00eb k\u00ebt\u00eb [&hellip;]<\/p>\n","protected":false},"author":1,"featured_media":0,"comment_status":"open","ping_status":"closed","sticky":false,"template":"","format":"standard","meta":{"footnotes":""},"categories":[2],"tags":[],"class_list":{"0":"post-12039","1":"post","2":"type-post","3":"status-publish","4":"format-standard","6":"category-artikuj"},"yoast_head":"<!-- This site is optimized with the Yoast SEO plugin v27.4 - https:\/\/yoast.com\/product\/yoast-seo-wordpress\/ -->\n<title>Nj\u00eb fotografi q\u00eb d\u00ebshmon pafuqin\u00eb ndaj regjimit! - FjALA e LIR\u00cb - Arkivi<\/title>\n<meta name=\"robots\" content=\"index, follow, max-snippet:-1, max-image-preview:large, max-video-preview:-1\" \/>\n<link rel=\"canonical\" href=\"https:\/\/fjala.info\/2009-2015\/nje-fotografi-qe-deshmon-pafuqine-ndaj-regjimit\/\" \/>\n<meta property=\"og:locale\" content=\"sq_AL\" \/>\n<meta property=\"og:type\" content=\"article\" \/>\n<meta property=\"og:title\" content=\"Nj\u00eb fotografi q\u00eb d\u00ebshmon pafuqin\u00eb ndaj regjimit! - FjALA e LIR\u00cb - Arkivi\" \/>\n<meta property=\"og:description\" content=\"Nga Mero Baze, 22 Gusht 2012 Nj\u00eb doganier shqiptar ka b\u00ebr\u00eb nj\u00eb d\u00ebshmi publike t\u00eb pashembullt. Ka rr\u00ebfyer skem\u00ebn e vjedhjes n\u00eb doganat shqiptare, me emra konkret, me poste, me data, me raste, dhe me taktikat e p\u00ebrdorura. Urim Gjata, nj\u00eb ish aktivist i PD-s\u00eb nga Pogradeci, i pun\u00ebsuar n\u00eb dogana, e ka b\u00ebr\u00eb k\u00ebt\u00eb [&hellip;]\" \/>\n<meta property=\"og:url\" content=\"https:\/\/fjala.info\/2009-2015\/nje-fotografi-qe-deshmon-pafuqine-ndaj-regjimit\/\" \/>\n<meta property=\"og:site_name\" content=\"FjALA e LIR\u00cb - Arkivi\" \/>\n<meta property=\"article:published_time\" content=\"2012-08-23T05:58:25+00:00\" \/>\n<meta property=\"og:image\" content=\"http:\/\/www.fjala.info\/2012\/mero_baze.jpg\" \/>\n<meta name=\"author\" content=\"admin\" \/>\n<meta name=\"twitter:card\" content=\"summary_large_image\" \/>\n<meta name=\"twitter:label1\" content=\"Written by\" \/>\n\t<meta name=\"twitter:data1\" content=\"admin\" \/>\n\t<meta name=\"twitter:label2\" content=\"Est. reading time\" \/>\n\t<meta name=\"twitter:data2\" content=\"4 minutes\" \/>\n<script type=\"application\/ld+json\" class=\"yoast-schema-graph\">{\"@context\":\"https:\\\/\\\/schema.org\",\"@graph\":[{\"@type\":\"Article\",\"@id\":\"https:\\\/\\\/fjala.info\\\/2009-2015\\\/nje-fotografi-qe-deshmon-pafuqine-ndaj-regjimit\\\/#article\",\"isPartOf\":{\"@id\":\"https:\\\/\\\/fjala.info\\\/2009-2015\\\/nje-fotografi-qe-deshmon-pafuqine-ndaj-regjimit\\\/\"},\"author\":{\"name\":\"admin\",\"@id\":\"https:\\\/\\\/fjala.info\\\/2009-2015\\\/#\\\/schema\\\/person\\\/3aa1163ef05469c496fc94e77611ada2\"},\"headline\":\"Nj\u00eb fotografi q\u00eb d\u00ebshmon pafuqin\u00eb ndaj regjimit!\",\"datePublished\":\"2012-08-23T05:58:25+00:00\",\"mainEntityOfPage\":{\"@id\":\"https:\\\/\\\/fjala.info\\\/2009-2015\\\/nje-fotografi-qe-deshmon-pafuqine-ndaj-regjimit\\\/\"},\"wordCount\":885,\"commentCount\":0,\"publisher\":{\"@id\":\"https:\\\/\\\/fjala.info\\\/2009-2015\\\/#organization\"},\"image\":{\"@id\":\"https:\\\/\\\/fjala.info\\\/2009-2015\\\/nje-fotografi-qe-deshmon-pafuqine-ndaj-regjimit\\\/#primaryimage\"},\"thumbnailUrl\":\"http:\\\/\\\/www.fjala.info\\\/2012\\\/mero_baze.jpg\",\"articleSection\":[\"Artikuj\"],\"inLanguage\":\"sq-AL\",\"potentialAction\":[{\"@type\":\"CommentAction\",\"name\":\"Comment\",\"target\":[\"https:\\\/\\\/fjala.info\\\/2009-2015\\\/nje-fotografi-qe-deshmon-pafuqine-ndaj-regjimit\\\/#respond\"]}]},{\"@type\":\"WebPage\",\"@id\":\"https:\\\/\\\/fjala.info\\\/2009-2015\\\/nje-fotografi-qe-deshmon-pafuqine-ndaj-regjimit\\\/\",\"url\":\"https:\\\/\\\/fjala.info\\\/2009-2015\\\/nje-fotografi-qe-deshmon-pafuqine-ndaj-regjimit\\\/\",\"name\":\"Nj\u00eb fotografi q\u00eb d\u00ebshmon pafuqin\u00eb ndaj regjimit! - FjALA e LIR\u00cb - Arkivi\",\"isPartOf\":{\"@id\":\"https:\\\/\\\/fjala.info\\\/2009-2015\\\/#website\"},\"primaryImageOfPage\":{\"@id\":\"https:\\\/\\\/fjala.info\\\/2009-2015\\\/nje-fotografi-qe-deshmon-pafuqine-ndaj-regjimit\\\/#primaryimage\"},\"image\":{\"@id\":\"https:\\\/\\\/fjala.info\\\/2009-2015\\\/nje-fotografi-qe-deshmon-pafuqine-ndaj-regjimit\\\/#primaryimage\"},\"thumbnailUrl\":\"http:\\\/\\\/www.fjala.info\\\/2012\\\/mero_baze.jpg\",\"datePublished\":\"2012-08-23T05:58:25+00:00\",\"breadcrumb\":{\"@id\":\"https:\\\/\\\/fjala.info\\\/2009-2015\\\/nje-fotografi-qe-deshmon-pafuqine-ndaj-regjimit\\\/#breadcrumb\"},\"inLanguage\":\"sq-AL\",\"potentialAction\":[{\"@type\":\"ReadAction\",\"target\":[\"https:\\\/\\\/fjala.info\\\/2009-2015\\\/nje-fotografi-qe-deshmon-pafuqine-ndaj-regjimit\\\/\"]}]},{\"@type\":\"ImageObject\",\"inLanguage\":\"sq-AL\",\"@id\":\"https:\\\/\\\/fjala.info\\\/2009-2015\\\/nje-fotografi-qe-deshmon-pafuqine-ndaj-regjimit\\\/#primaryimage\",\"url\":\"http:\\\/\\\/www.fjala.info\\\/2012\\\/mero_baze.jpg\",\"contentUrl\":\"http:\\\/\\\/www.fjala.info\\\/2012\\\/mero_baze.jpg\"},{\"@type\":\"BreadcrumbList\",\"@id\":\"https:\\\/\\\/fjala.info\\\/2009-2015\\\/nje-fotografi-qe-deshmon-pafuqine-ndaj-regjimit\\\/#breadcrumb\",\"itemListElement\":[{\"@type\":\"ListItem\",\"position\":1,\"name\":\"Home\",\"item\":\"https:\\\/\\\/fjala.info\\\/2009-2015\\\/\"},{\"@type\":\"ListItem\",\"position\":2,\"name\":\"Nj\u00eb fotografi q\u00eb d\u00ebshmon pafuqin\u00eb ndaj regjimit!\"}]},{\"@type\":\"WebSite\",\"@id\":\"https:\\\/\\\/fjala.info\\\/2009-2015\\\/#website\",\"url\":\"https:\\\/\\\/fjala.info\\\/2009-2015\\\/\",\"name\":\"FjALA e LIR\u00cb - Arkivi\",\"description\":\"Arkivi 2009-2015\",\"publisher\":{\"@id\":\"https:\\\/\\\/fjala.info\\\/2009-2015\\\/#organization\"},\"potentialAction\":[{\"@type\":\"SearchAction\",\"target\":{\"@type\":\"EntryPoint\",\"urlTemplate\":\"https:\\\/\\\/fjala.info\\\/2009-2015\\\/?s={search_term_string}\"},\"query-input\":{\"@type\":\"PropertyValueSpecification\",\"valueRequired\":true,\"valueName\":\"search_term_string\"}}],\"inLanguage\":\"sq-AL\"},{\"@type\":\"Organization\",\"@id\":\"https:\\\/\\\/fjala.info\\\/2009-2015\\\/#organization\",\"name\":\"FjALA e LIR\u00cb - Arkivi\",\"url\":\"https:\\\/\\\/fjala.info\\\/2009-2015\\\/\",\"logo\":{\"@type\":\"ImageObject\",\"inLanguage\":\"sq-AL\",\"@id\":\"https:\\\/\\\/fjala.info\\\/2009-2015\\\/#\\\/schema\\\/logo\\\/image\\\/\",\"url\":\"\",\"contentUrl\":\"\",\"caption\":\"FjALA e LIR\u00cb - Arkivi\"},\"image\":{\"@id\":\"https:\\\/\\\/fjala.info\\\/2009-2015\\\/#\\\/schema\\\/logo\\\/image\\\/\"}},{\"@type\":\"Person\",\"@id\":\"https:\\\/\\\/fjala.info\\\/2009-2015\\\/#\\\/schema\\\/person\\\/3aa1163ef05469c496fc94e77611ada2\",\"name\":\"admin\",\"image\":{\"@type\":\"ImageObject\",\"inLanguage\":\"sq-AL\",\"@id\":\"https:\\\/\\\/fjala.info\\\/2009-2015\\\/wp-content\\\/uploads\\\/2012\\\/02\\\/arben_cokaj-120x150.jpg\",\"url\":\"https:\\\/\\\/fjala.info\\\/2009-2015\\\/wp-content\\\/uploads\\\/2012\\\/02\\\/arben_cokaj-120x150.jpg\",\"contentUrl\":\"https:\\\/\\\/fjala.info\\\/2009-2015\\\/wp-content\\\/uploads\\\/2012\\\/02\\\/arben_cokaj-120x150.jpg\",\"caption\":\"admin\"},\"description\":\"Admin, Fjala e Lir\u00eb\",\"sameAs\":[\"https:\\\/\\\/fjala.info\\\/\"],\"url\":\"https:\\\/\\\/fjala.info\\\/2009-2015\\\/author\\\/admin\\\/\"}]}<\/script>\n<!-- \/ Yoast SEO plugin. -->","yoast_head_json":{"title":"Nj\u00eb fotografi q\u00eb d\u00ebshmon pafuqin\u00eb ndaj regjimit! - FjALA e LIR\u00cb - Arkivi","robots":{"index":"index","follow":"follow","max-snippet":"max-snippet:-1","max-image-preview":"max-image-preview:large","max-video-preview":"max-video-preview:-1"},"canonical":"https:\/\/fjala.info\/2009-2015\/nje-fotografi-qe-deshmon-pafuqine-ndaj-regjimit\/","og_locale":"sq_AL","og_type":"article","og_title":"Nj\u00eb fotografi q\u00eb d\u00ebshmon pafuqin\u00eb ndaj regjimit! - FjALA e LIR\u00cb - Arkivi","og_description":"Nga Mero Baze, 22 Gusht 2012 Nj\u00eb doganier shqiptar ka b\u00ebr\u00eb nj\u00eb d\u00ebshmi publike t\u00eb pashembullt. Ka rr\u00ebfyer skem\u00ebn e vjedhjes n\u00eb doganat shqiptare, me emra konkret, me poste, me data, me raste, dhe me taktikat e p\u00ebrdorura. Urim Gjata, nj\u00eb ish aktivist i PD-s\u00eb nga Pogradeci, i pun\u00ebsuar n\u00eb dogana, e ka b\u00ebr\u00eb k\u00ebt\u00eb [&hellip;]","og_url":"https:\/\/fjala.info\/2009-2015\/nje-fotografi-qe-deshmon-pafuqine-ndaj-regjimit\/","og_site_name":"FjALA e LIR\u00cb - Arkivi","article_published_time":"2012-08-23T05:58:25+00:00","og_image":[{"url":"http:\/\/www.fjala.info\/2012\/mero_baze.jpg","type":"","width":"","height":""}],"author":"admin","twitter_card":"summary_large_image","twitter_misc":{"Written by":"admin","Est. reading time":"4 minutes"},"schema":{"@context":"https:\/\/schema.org","@graph":[{"@type":"Article","@id":"https:\/\/fjala.info\/2009-2015\/nje-fotografi-qe-deshmon-pafuqine-ndaj-regjimit\/#article","isPartOf":{"@id":"https:\/\/fjala.info\/2009-2015\/nje-fotografi-qe-deshmon-pafuqine-ndaj-regjimit\/"},"author":{"name":"admin","@id":"https:\/\/fjala.info\/2009-2015\/#\/schema\/person\/3aa1163ef05469c496fc94e77611ada2"},"headline":"Nj\u00eb fotografi q\u00eb d\u00ebshmon pafuqin\u00eb ndaj regjimit!","datePublished":"2012-08-23T05:58:25+00:00","mainEntityOfPage":{"@id":"https:\/\/fjala.info\/2009-2015\/nje-fotografi-qe-deshmon-pafuqine-ndaj-regjimit\/"},"wordCount":885,"commentCount":0,"publisher":{"@id":"https:\/\/fjala.info\/2009-2015\/#organization"},"image":{"@id":"https:\/\/fjala.info\/2009-2015\/nje-fotografi-qe-deshmon-pafuqine-ndaj-regjimit\/#primaryimage"},"thumbnailUrl":"http:\/\/www.fjala.info\/2012\/mero_baze.jpg","articleSection":["Artikuj"],"inLanguage":"sq-AL","potentialAction":[{"@type":"CommentAction","name":"Comment","target":["https:\/\/fjala.info\/2009-2015\/nje-fotografi-qe-deshmon-pafuqine-ndaj-regjimit\/#respond"]}]},{"@type":"WebPage","@id":"https:\/\/fjala.info\/2009-2015\/nje-fotografi-qe-deshmon-pafuqine-ndaj-regjimit\/","url":"https:\/\/fjala.info\/2009-2015\/nje-fotografi-qe-deshmon-pafuqine-ndaj-regjimit\/","name":"Nj\u00eb fotografi q\u00eb d\u00ebshmon pafuqin\u00eb ndaj regjimit! - FjALA e LIR\u00cb - Arkivi","isPartOf":{"@id":"https:\/\/fjala.info\/2009-2015\/#website"},"primaryImageOfPage":{"@id":"https:\/\/fjala.info\/2009-2015\/nje-fotografi-qe-deshmon-pafuqine-ndaj-regjimit\/#primaryimage"},"image":{"@id":"https:\/\/fjala.info\/2009-2015\/nje-fotografi-qe-deshmon-pafuqine-ndaj-regjimit\/#primaryimage"},"thumbnailUrl":"http:\/\/www.fjala.info\/2012\/mero_baze.jpg","datePublished":"2012-08-23T05:58:25+00:00","breadcrumb":{"@id":"https:\/\/fjala.info\/2009-2015\/nje-fotografi-qe-deshmon-pafuqine-ndaj-regjimit\/#breadcrumb"},"inLanguage":"sq-AL","potentialAction":[{"@type":"ReadAction","target":["https:\/\/fjala.info\/2009-2015\/nje-fotografi-qe-deshmon-pafuqine-ndaj-regjimit\/"]}]},{"@type":"ImageObject","inLanguage":"sq-AL","@id":"https:\/\/fjala.info\/2009-2015\/nje-fotografi-qe-deshmon-pafuqine-ndaj-regjimit\/#primaryimage","url":"http:\/\/www.fjala.info\/2012\/mero_baze.jpg","contentUrl":"http:\/\/www.fjala.info\/2012\/mero_baze.jpg"},{"@type":"BreadcrumbList","@id":"https:\/\/fjala.info\/2009-2015\/nje-fotografi-qe-deshmon-pafuqine-ndaj-regjimit\/#breadcrumb","itemListElement":[{"@type":"ListItem","position":1,"name":"Home","item":"https:\/\/fjala.info\/2009-2015\/"},{"@type":"ListItem","position":2,"name":"Nj\u00eb fotografi q\u00eb d\u00ebshmon pafuqin\u00eb ndaj regjimit!"}]},{"@type":"WebSite","@id":"https:\/\/fjala.info\/2009-2015\/#website","url":"https:\/\/fjala.info\/2009-2015\/","name":"FjALA e LIR\u00cb - Arkivi","description":"Arkivi 2009-2015","publisher":{"@id":"https:\/\/fjala.info\/2009-2015\/#organization"},"potentialAction":[{"@type":"SearchAction","target":{"@type":"EntryPoint","urlTemplate":"https:\/\/fjala.info\/2009-2015\/?s={search_term_string}"},"query-input":{"@type":"PropertyValueSpecification","valueRequired":true,"valueName":"search_term_string"}}],"inLanguage":"sq-AL"},{"@type":"Organization","@id":"https:\/\/fjala.info\/2009-2015\/#organization","name":"FjALA e LIR\u00cb - Arkivi","url":"https:\/\/fjala.info\/2009-2015\/","logo":{"@type":"ImageObject","inLanguage":"sq-AL","@id":"https:\/\/fjala.info\/2009-2015\/#\/schema\/logo\/image\/","url":"","contentUrl":"","caption":"FjALA e LIR\u00cb - Arkivi"},"image":{"@id":"https:\/\/fjala.info\/2009-2015\/#\/schema\/logo\/image\/"}},{"@type":"Person","@id":"https:\/\/fjala.info\/2009-2015\/#\/schema\/person\/3aa1163ef05469c496fc94e77611ada2","name":"admin","image":{"@type":"ImageObject","inLanguage":"sq-AL","@id":"https:\/\/fjala.info\/2009-2015\/wp-content\/uploads\/2012\/02\/arben_cokaj-120x150.jpg","url":"https:\/\/fjala.info\/2009-2015\/wp-content\/uploads\/2012\/02\/arben_cokaj-120x150.jpg","contentUrl":"https:\/\/fjala.info\/2009-2015\/wp-content\/uploads\/2012\/02\/arben_cokaj-120x150.jpg","caption":"admin"},"description":"Admin, Fjala e Lir\u00eb","sameAs":["https:\/\/fjala.info\/"],"url":"https:\/\/fjala.info\/2009-2015\/author\/admin\/"}]}},"_links":{"self":[{"href":"https:\/\/fjala.info\/2009-2015\/wp-json\/wp\/v2\/posts\/12039","targetHints":{"allow":["GET"]}}],"collection":[{"href":"https:\/\/fjala.info\/2009-2015\/wp-json\/wp\/v2\/posts"}],"about":[{"href":"https:\/\/fjala.info\/2009-2015\/wp-json\/wp\/v2\/types\/post"}],"author":[{"embeddable":true,"href":"https:\/\/fjala.info\/2009-2015\/wp-json\/wp\/v2\/users\/1"}],"replies":[{"embeddable":true,"href":"https:\/\/fjala.info\/2009-2015\/wp-json\/wp\/v2\/comments?post=12039"}],"version-history":[{"count":0,"href":"https:\/\/fjala.info\/2009-2015\/wp-json\/wp\/v2\/posts\/12039\/revisions"}],"wp:attachment":[{"href":"https:\/\/fjala.info\/2009-2015\/wp-json\/wp\/v2\/media?parent=12039"}],"wp:term":[{"taxonomy":"category","embeddable":true,"href":"https:\/\/fjala.info\/2009-2015\/wp-json\/wp\/v2\/categories?post=12039"},{"taxonomy":"post_tag","embeddable":true,"href":"https:\/\/fjala.info\/2009-2015\/wp-json\/wp\/v2\/tags?post=12039"}],"curies":[{"name":"wp","href":"https:\/\/api.w.org\/{rel}","templated":true}]}}