{"id":12038,"date":"2012-08-23T06:54:00","date_gmt":"2012-08-23T05:54:00","guid":{"rendered":"http:\/\/www.fjala.info\/?p=4609"},"modified":"2012-08-23T06:54:00","modified_gmt":"2012-08-23T05:54:00","slug":"marin-na-hape-telashe","status":"publish","type":"post","link":"https:\/\/fjala.info\/2009-2015\/marin-na-hape-telashe\/","title":{"rendered":"Marin, na hape telashe!"},"content":{"rendered":"<p><img decoding=\"async\" class=\"alignright size-thumbnail wp-image-7236\" title=\"Bledi Mane\" src=\"http:\/\/www.fjala.info\/2012\/bledi_mane.jpg\" alt=\"\" width=\"150\" \/> Nga <strong>Bledi Mane<\/strong>, <em>22 Gusht 2012<\/em><\/p>\n<p>Duhej d\u00ebbimi grek i gazetarit t\u00eb guximsh\u00ebm Marin Mema, q\u00eb \u00e7\u00ebshtja e tulatur dhe e fjetur \u00c7ame t\u00eb rizgjohej nga gjumi k\u00ebt\u00eb gusht t\u00eb drobitur nxeht\u00ebsisht. Kronika e tij e fundit n\u00eb tok\u00ebn e natyralizuar greke t\u00eb Marg\u00eblli\u00e7it shfaqte friksh\u00ebm sekuenca reale sesi nizam\u00ebt e rinj adoleshent\u00eb shqiptar\u00eb arsimoheshin dhe trajtoheshin si human\u00eb n\u00eb vendin e tulatur nga kriza ekonomike.<\/p>\n<p>Pamjet rr\u00ebnqeth\u00ebse tregonin si vin\u00eb i marrin dhe i sjellin me taksi nga fshatrat e rreckosur shqiptar\u00eb t\u00eb kufirit e i \u00e7ojn\u00eb n\u00eb shkollat e konviktet e tyre. Pasi i veshin, i ushqejn\u00eb, i arsimojn\u00eb, i lavazhojn\u00eb nga truri e shpirti, p\u00ebrgatisin civilizisht armat\u00ebn \u201ce grek\u00ebrve t\u00eb rinj\u201d me gjak arnauti t\u00eb cil\u00ebt do t\u00eb vendosen n\u00eb tokat e shqiptare t\u00eb konfiskuara t\u00eb \u00c7am\u00ebris\u00eb.<\/p>\n<p>Greqia e filozofis\u00eb, let\u00ebrsis\u00eb, politik\u00ebs, shkencave, Greqia moderne dembele dhe e patundur nga istikami i saj ortodoks-nacionalist ende vazhdon t\u00eb na jap\u00eb leksione sesi posht\u00ebrohet nj\u00eb komb i t\u00ebr\u00eb edhe kur konkurenti p\u00ebrball\u00eb ka vite i s\u00ebmur\u00eb e i menderosur n\u00eb syt\u00eb e bot\u00ebs.<\/p>\n<p>Nj\u00eb Greqi me ushtri t\u00eb papun\u00ebsh e lyp\u00ebsash n\u00eb ritje dhe migrant\u00ebsh vazhdon t\u00eb qes\u00ebndis\u00eb e t\u00eb tall\u00eb trapin me qeverin\u00eb e njeriut q\u00eb deri 8 vjet m\u00eb par\u00eb ishte patetizuar dhe patinimizuar prej nj\u00eb urrejtje model n\u00ebnt\u00ebdhjeteshtate. Me kaos ekonomik e social n\u00eb rritje, komshija jon\u00eb ka koh\u00eb t\u00eb mjaftueshme t\u00eb merret me hallet tona dhe t\u00eb kafshoj\u00eb detin ton\u00eb. Ka n\u00eb dor\u00eb sistemin bankar dhe telekomunikacionin lokal e porsi nj\u00eb mace e plakur egjiptjane nuk jep shpirt kollaj pa ngat\u00ebrruar qeveri e opozit\u00eb.<\/p>\n<p>Ka ngulur rr\u00ebnj\u00eb dyfish n\u00eb k\u00ebt\u00eb qeverin\u00eb ton\u00eb gang\u00ebstere dhe ndryshe nga partia e \u00e7am\u00ebve t\u00eb Idrizit, vet\u00ebm me dy deputet\u00eb ministra minoritar\u00eb dropullit e xhonglon Berish\u00eb minoritarin dardan t\u00eb Tiran\u00ebs pa pik\u00ebn e sedr\u00ebs dhe turpit.<\/p>\n<p>Edhe \u00e7am\u00ebt megjith\u00ebse me dy mandate t\u00eb r\u00ebnd\u00ebsishme n\u00eb parlament nuk kan\u00eb ditur q\u00eb nga 2009-a t\u00eb luajn\u00eb bukur si n\u00eb amfiteatrot e Prevez\u00ebs as tragjedi e as komedi p\u00ebr t\u00eb qen\u00eb.<\/p>\n<p>M\u00eb p\u00eblqen tallja q\u00eb vet\u00eb kryeminstri veteriner i b\u00ebn partis\u00eb s\u00eb Idrizit me madat t\u00eb tjet\u00ebrsuar dhe trajtimi si Chiuaua nga ana e atij t\u00eb parafundit, thjesht kalit durimin e \u00e7am\u00ebve me ndonj\u00eb kock\u00eb n\u00ebp\u00ebr koalidimet e makinave apo sigurimet shoq\u00ebrore.<\/p>\n<p>Shqip\u00ebria e mesme dhe nj\u00eb pjes\u00eb e per\u00ebndimit t\u00eb vendit ka nj\u00eb num\u00ebr t\u00eb konsideruesh\u00ebm qytetar\u00ebsh \u00e7am\u00eb. Jan\u00eb boll n\u00ebse bashk\u00eb votojn\u00eb n\u00eb unanimitet t\u00eb zgjedhin deri n\u00eb kat\u00ebr parlamentar\u00eb. Ndryshe nga minoriteti grek i cili u shpartallua me ardhjen n\u00eb pushtet t\u00eb PD-s\u00eb m\u00eb 2005-\u00ebn deri tani \u00e7am\u00ebt kan\u00eb qen\u00eb m\u00eb kompakt.<\/p>\n<p>Nga dy parti poltike mund\u00ebn t\u00eb treten n\u00eb nj\u00eb t\u00eb vetme por deri tash lidershipi i tyre me shkoll\u00eb e pa shkoll\u00eb thjesht \u00ebsht\u00eb quravitur n\u00eb dhom\u00ebn e rr\u00ebfimeve t\u00eb Berish\u00ebs duke r\u00ebn\u00eb pre e interesave meskine t\u00eb biznesit t\u00eb nj\u00ebrit apo gjasme largpam\u00ebsis\u00eb t\u00eb atij tjetrit. \u00c7am\u00ebt jan\u00eb shqiptar\u00eb n\u00eb histori, etnografi e n\u00ebn l\u00ebkur\u00eb.<\/p>\n<p>Pavar\u00ebsisht se mbeten treg\u00ebtar\u00eb apo matrapaz\u00eb t\u00eb zot\u00eb ende nuk po strukturojn\u00eb identitetin e tyre n\u00eb hullin\u00eb e poltik\u00ebs dhe qevrisjes domestike shqiptare.<\/p>\n<p>Gazetaria e Marin Mem\u00ebs dhe nacionalizmi i \u00ebmb\u00ebl i Aleanc\u00ebs Kuqezi po sfumon duksh\u00ebm pinjoll\u00ebt e komunitetit \u00e7am t\u00eb cil\u00ebt pavar\u00ebsisht se me dy mandate mundet ta b\u00ebnin Berish\u00ebn t\u00eb k\u00ebrcente \u00e7iftetel por ky i fundit i s\u00ebmuri keqas e i ktheu n\u00eb parlamentar\u00eb t\u00eb dor\u00ebs s\u00eb dyt\u00eb me duart gati p\u00ebr votime t\u00eb lidhura me spangot e interesave afatshkurtra.<\/p>\n<p>Do t\u00eb jet\u00eb von\u00eb se edhe i vetmi spital i kurimit t\u00eb s\u00ebmundjeve t\u00eb r\u00ebnda n\u00eb Tiran\u00eb mban emrin Hygeia. \u00cbsht\u00eb grek, po po \u00ebsht\u00eb biznes grek.<\/p>\n<p>Marin \u00e7\u2019na b\u00ebre. Na hape m\u00eb shum\u00eb telashe k\u00ebtu se sa n\u00eb Greqi!<\/p>\n","protected":false},"excerpt":{"rendered":"<p>Nga Bledi Mane, 22 Gusht 2012 Duhej d\u00ebbimi grek i gazetarit t\u00eb guximsh\u00ebm Marin Mema, q\u00eb \u00e7\u00ebshtja e tulatur dhe e fjetur \u00c7ame t\u00eb rizgjohej nga gjumi k\u00ebt\u00eb gusht t\u00eb drobitur nxeht\u00ebsisht. Kronika e tij e fundit n\u00eb tok\u00ebn e natyralizuar greke t\u00eb Marg\u00eblli\u00e7it shfaqte friksh\u00ebm sekuenca reale sesi nizam\u00ebt e rinj adoleshent\u00eb shqiptar\u00eb arsimoheshin [&hellip;]<\/p>\n","protected":false},"author":1,"featured_media":0,"comment_status":"open","ping_status":"closed","sticky":false,"template":"","format":"standard","meta":{"footnotes":""},"categories":[2],"tags":[],"class_list":{"0":"post-12038","1":"post","2":"type-post","3":"status-publish","4":"format-standard","6":"category-artikuj"},"yoast_head":"<!-- This site is optimized with the Yoast SEO plugin v27.4 - https:\/\/yoast.com\/product\/yoast-seo-wordpress\/ -->\n<title>Marin, na hape telashe! - FjALA e LIR\u00cb - Arkivi<\/title>\n<meta name=\"robots\" content=\"index, follow, max-snippet:-1, max-image-preview:large, max-video-preview:-1\" \/>\n<link rel=\"canonical\" href=\"https:\/\/fjala.info\/2009-2015\/marin-na-hape-telashe\/\" \/>\n<meta property=\"og:locale\" content=\"sq_AL\" \/>\n<meta property=\"og:type\" content=\"article\" \/>\n<meta property=\"og:title\" content=\"Marin, na hape telashe! - FjALA e LIR\u00cb - Arkivi\" \/>\n<meta property=\"og:description\" content=\"Nga Bledi Mane, 22 Gusht 2012 Duhej d\u00ebbimi grek i gazetarit t\u00eb guximsh\u00ebm Marin Mema, q\u00eb \u00e7\u00ebshtja e tulatur dhe e fjetur \u00c7ame t\u00eb rizgjohej nga gjumi k\u00ebt\u00eb gusht t\u00eb drobitur nxeht\u00ebsisht. Kronika e tij e fundit n\u00eb tok\u00ebn e natyralizuar greke t\u00eb Marg\u00eblli\u00e7it shfaqte friksh\u00ebm sekuenca reale sesi nizam\u00ebt e rinj adoleshent\u00eb shqiptar\u00eb arsimoheshin [&hellip;]\" \/>\n<meta property=\"og:url\" content=\"https:\/\/fjala.info\/2009-2015\/marin-na-hape-telashe\/\" \/>\n<meta property=\"og:site_name\" content=\"FjALA e LIR\u00cb - Arkivi\" \/>\n<meta property=\"article:published_time\" content=\"2012-08-23T05:54:00+00:00\" \/>\n<meta property=\"og:image\" content=\"http:\/\/www.fjala.info\/2012\/bledi_mane.jpg\" \/>\n<meta name=\"author\" content=\"admin\" \/>\n<meta name=\"twitter:card\" content=\"summary_large_image\" \/>\n<meta name=\"twitter:label1\" content=\"Written by\" \/>\n\t<meta name=\"twitter:data1\" content=\"admin\" \/>\n\t<meta name=\"twitter:label2\" content=\"Est. reading time\" \/>\n\t<meta name=\"twitter:data2\" content=\"3 minutes\" \/>\n<script type=\"application\/ld+json\" class=\"yoast-schema-graph\">{\"@context\":\"https:\\\/\\\/schema.org\",\"@graph\":[{\"@type\":\"Article\",\"@id\":\"https:\\\/\\\/fjala.info\\\/2009-2015\\\/marin-na-hape-telashe\\\/#article\",\"isPartOf\":{\"@id\":\"https:\\\/\\\/fjala.info\\\/2009-2015\\\/marin-na-hape-telashe\\\/\"},\"author\":{\"name\":\"admin\",\"@id\":\"https:\\\/\\\/fjala.info\\\/2009-2015\\\/#\\\/schema\\\/person\\\/3aa1163ef05469c496fc94e77611ada2\"},\"headline\":\"Marin, na hape telashe!\",\"datePublished\":\"2012-08-23T05:54:00+00:00\",\"mainEntityOfPage\":{\"@id\":\"https:\\\/\\\/fjala.info\\\/2009-2015\\\/marin-na-hape-telashe\\\/\"},\"wordCount\":692,\"commentCount\":0,\"publisher\":{\"@id\":\"https:\\\/\\\/fjala.info\\\/2009-2015\\\/#organization\"},\"image\":{\"@id\":\"https:\\\/\\\/fjala.info\\\/2009-2015\\\/marin-na-hape-telashe\\\/#primaryimage\"},\"thumbnailUrl\":\"http:\\\/\\\/www.fjala.info\\\/2012\\\/bledi_mane.jpg\",\"articleSection\":[\"Artikuj\"],\"inLanguage\":\"sq-AL\",\"potentialAction\":[{\"@type\":\"CommentAction\",\"name\":\"Comment\",\"target\":[\"https:\\\/\\\/fjala.info\\\/2009-2015\\\/marin-na-hape-telashe\\\/#respond\"]}]},{\"@type\":\"WebPage\",\"@id\":\"https:\\\/\\\/fjala.info\\\/2009-2015\\\/marin-na-hape-telashe\\\/\",\"url\":\"https:\\\/\\\/fjala.info\\\/2009-2015\\\/marin-na-hape-telashe\\\/\",\"name\":\"Marin, na hape telashe! - FjALA e LIR\u00cb - Arkivi\",\"isPartOf\":{\"@id\":\"https:\\\/\\\/fjala.info\\\/2009-2015\\\/#website\"},\"primaryImageOfPage\":{\"@id\":\"https:\\\/\\\/fjala.info\\\/2009-2015\\\/marin-na-hape-telashe\\\/#primaryimage\"},\"image\":{\"@id\":\"https:\\\/\\\/fjala.info\\\/2009-2015\\\/marin-na-hape-telashe\\\/#primaryimage\"},\"thumbnailUrl\":\"http:\\\/\\\/www.fjala.info\\\/2012\\\/bledi_mane.jpg\",\"datePublished\":\"2012-08-23T05:54:00+00:00\",\"breadcrumb\":{\"@id\":\"https:\\\/\\\/fjala.info\\\/2009-2015\\\/marin-na-hape-telashe\\\/#breadcrumb\"},\"inLanguage\":\"sq-AL\",\"potentialAction\":[{\"@type\":\"ReadAction\",\"target\":[\"https:\\\/\\\/fjala.info\\\/2009-2015\\\/marin-na-hape-telashe\\\/\"]}]},{\"@type\":\"ImageObject\",\"inLanguage\":\"sq-AL\",\"@id\":\"https:\\\/\\\/fjala.info\\\/2009-2015\\\/marin-na-hape-telashe\\\/#primaryimage\",\"url\":\"http:\\\/\\\/www.fjala.info\\\/2012\\\/bledi_mane.jpg\",\"contentUrl\":\"http:\\\/\\\/www.fjala.info\\\/2012\\\/bledi_mane.jpg\"},{\"@type\":\"BreadcrumbList\",\"@id\":\"https:\\\/\\\/fjala.info\\\/2009-2015\\\/marin-na-hape-telashe\\\/#breadcrumb\",\"itemListElement\":[{\"@type\":\"ListItem\",\"position\":1,\"name\":\"Home\",\"item\":\"https:\\\/\\\/fjala.info\\\/2009-2015\\\/\"},{\"@type\":\"ListItem\",\"position\":2,\"name\":\"Marin, na hape telashe!\"}]},{\"@type\":\"WebSite\",\"@id\":\"https:\\\/\\\/fjala.info\\\/2009-2015\\\/#website\",\"url\":\"https:\\\/\\\/fjala.info\\\/2009-2015\\\/\",\"name\":\"FjALA e LIR\u00cb - Arkivi\",\"description\":\"Arkivi 2009-2015\",\"publisher\":{\"@id\":\"https:\\\/\\\/fjala.info\\\/2009-2015\\\/#organization\"},\"potentialAction\":[{\"@type\":\"SearchAction\",\"target\":{\"@type\":\"EntryPoint\",\"urlTemplate\":\"https:\\\/\\\/fjala.info\\\/2009-2015\\\/?s={search_term_string}\"},\"query-input\":{\"@type\":\"PropertyValueSpecification\",\"valueRequired\":true,\"valueName\":\"search_term_string\"}}],\"inLanguage\":\"sq-AL\"},{\"@type\":\"Organization\",\"@id\":\"https:\\\/\\\/fjala.info\\\/2009-2015\\\/#organization\",\"name\":\"FjALA e LIR\u00cb - Arkivi\",\"url\":\"https:\\\/\\\/fjala.info\\\/2009-2015\\\/\",\"logo\":{\"@type\":\"ImageObject\",\"inLanguage\":\"sq-AL\",\"@id\":\"https:\\\/\\\/fjala.info\\\/2009-2015\\\/#\\\/schema\\\/logo\\\/image\\\/\",\"url\":\"\",\"contentUrl\":\"\",\"caption\":\"FjALA e LIR\u00cb - Arkivi\"},\"image\":{\"@id\":\"https:\\\/\\\/fjala.info\\\/2009-2015\\\/#\\\/schema\\\/logo\\\/image\\\/\"}},{\"@type\":\"Person\",\"@id\":\"https:\\\/\\\/fjala.info\\\/2009-2015\\\/#\\\/schema\\\/person\\\/3aa1163ef05469c496fc94e77611ada2\",\"name\":\"admin\",\"image\":{\"@type\":\"ImageObject\",\"inLanguage\":\"sq-AL\",\"@id\":\"https:\\\/\\\/fjala.info\\\/2009-2015\\\/wp-content\\\/uploads\\\/2012\\\/02\\\/arben_cokaj-120x150.jpg\",\"url\":\"https:\\\/\\\/fjala.info\\\/2009-2015\\\/wp-content\\\/uploads\\\/2012\\\/02\\\/arben_cokaj-120x150.jpg\",\"contentUrl\":\"https:\\\/\\\/fjala.info\\\/2009-2015\\\/wp-content\\\/uploads\\\/2012\\\/02\\\/arben_cokaj-120x150.jpg\",\"caption\":\"admin\"},\"description\":\"Admin, Fjala e Lir\u00eb\",\"sameAs\":[\"https:\\\/\\\/fjala.info\\\/\"],\"url\":\"https:\\\/\\\/fjala.info\\\/2009-2015\\\/author\\\/admin\\\/\"}]}<\/script>\n<!-- \/ Yoast SEO plugin. -->","yoast_head_json":{"title":"Marin, na hape telashe! - FjALA e LIR\u00cb - Arkivi","robots":{"index":"index","follow":"follow","max-snippet":"max-snippet:-1","max-image-preview":"max-image-preview:large","max-video-preview":"max-video-preview:-1"},"canonical":"https:\/\/fjala.info\/2009-2015\/marin-na-hape-telashe\/","og_locale":"sq_AL","og_type":"article","og_title":"Marin, na hape telashe! - FjALA e LIR\u00cb - Arkivi","og_description":"Nga Bledi Mane, 22 Gusht 2012 Duhej d\u00ebbimi grek i gazetarit t\u00eb guximsh\u00ebm Marin Mema, q\u00eb \u00e7\u00ebshtja e tulatur dhe e fjetur \u00c7ame t\u00eb rizgjohej nga gjumi k\u00ebt\u00eb gusht t\u00eb drobitur nxeht\u00ebsisht. Kronika e tij e fundit n\u00eb tok\u00ebn e natyralizuar greke t\u00eb Marg\u00eblli\u00e7it shfaqte friksh\u00ebm sekuenca reale sesi nizam\u00ebt e rinj adoleshent\u00eb shqiptar\u00eb arsimoheshin [&hellip;]","og_url":"https:\/\/fjala.info\/2009-2015\/marin-na-hape-telashe\/","og_site_name":"FjALA e LIR\u00cb - Arkivi","article_published_time":"2012-08-23T05:54:00+00:00","og_image":[{"url":"http:\/\/www.fjala.info\/2012\/bledi_mane.jpg","type":"","width":"","height":""}],"author":"admin","twitter_card":"summary_large_image","twitter_misc":{"Written by":"admin","Est. reading time":"3 minutes"},"schema":{"@context":"https:\/\/schema.org","@graph":[{"@type":"Article","@id":"https:\/\/fjala.info\/2009-2015\/marin-na-hape-telashe\/#article","isPartOf":{"@id":"https:\/\/fjala.info\/2009-2015\/marin-na-hape-telashe\/"},"author":{"name":"admin","@id":"https:\/\/fjala.info\/2009-2015\/#\/schema\/person\/3aa1163ef05469c496fc94e77611ada2"},"headline":"Marin, na hape telashe!","datePublished":"2012-08-23T05:54:00+00:00","mainEntityOfPage":{"@id":"https:\/\/fjala.info\/2009-2015\/marin-na-hape-telashe\/"},"wordCount":692,"commentCount":0,"publisher":{"@id":"https:\/\/fjala.info\/2009-2015\/#organization"},"image":{"@id":"https:\/\/fjala.info\/2009-2015\/marin-na-hape-telashe\/#primaryimage"},"thumbnailUrl":"http:\/\/www.fjala.info\/2012\/bledi_mane.jpg","articleSection":["Artikuj"],"inLanguage":"sq-AL","potentialAction":[{"@type":"CommentAction","name":"Comment","target":["https:\/\/fjala.info\/2009-2015\/marin-na-hape-telashe\/#respond"]}]},{"@type":"WebPage","@id":"https:\/\/fjala.info\/2009-2015\/marin-na-hape-telashe\/","url":"https:\/\/fjala.info\/2009-2015\/marin-na-hape-telashe\/","name":"Marin, na hape telashe! - FjALA e LIR\u00cb - Arkivi","isPartOf":{"@id":"https:\/\/fjala.info\/2009-2015\/#website"},"primaryImageOfPage":{"@id":"https:\/\/fjala.info\/2009-2015\/marin-na-hape-telashe\/#primaryimage"},"image":{"@id":"https:\/\/fjala.info\/2009-2015\/marin-na-hape-telashe\/#primaryimage"},"thumbnailUrl":"http:\/\/www.fjala.info\/2012\/bledi_mane.jpg","datePublished":"2012-08-23T05:54:00+00:00","breadcrumb":{"@id":"https:\/\/fjala.info\/2009-2015\/marin-na-hape-telashe\/#breadcrumb"},"inLanguage":"sq-AL","potentialAction":[{"@type":"ReadAction","target":["https:\/\/fjala.info\/2009-2015\/marin-na-hape-telashe\/"]}]},{"@type":"ImageObject","inLanguage":"sq-AL","@id":"https:\/\/fjala.info\/2009-2015\/marin-na-hape-telashe\/#primaryimage","url":"http:\/\/www.fjala.info\/2012\/bledi_mane.jpg","contentUrl":"http:\/\/www.fjala.info\/2012\/bledi_mane.jpg"},{"@type":"BreadcrumbList","@id":"https:\/\/fjala.info\/2009-2015\/marin-na-hape-telashe\/#breadcrumb","itemListElement":[{"@type":"ListItem","position":1,"name":"Home","item":"https:\/\/fjala.info\/2009-2015\/"},{"@type":"ListItem","position":2,"name":"Marin, na hape telashe!"}]},{"@type":"WebSite","@id":"https:\/\/fjala.info\/2009-2015\/#website","url":"https:\/\/fjala.info\/2009-2015\/","name":"FjALA e LIR\u00cb - Arkivi","description":"Arkivi 2009-2015","publisher":{"@id":"https:\/\/fjala.info\/2009-2015\/#organization"},"potentialAction":[{"@type":"SearchAction","target":{"@type":"EntryPoint","urlTemplate":"https:\/\/fjala.info\/2009-2015\/?s={search_term_string}"},"query-input":{"@type":"PropertyValueSpecification","valueRequired":true,"valueName":"search_term_string"}}],"inLanguage":"sq-AL"},{"@type":"Organization","@id":"https:\/\/fjala.info\/2009-2015\/#organization","name":"FjALA e LIR\u00cb - Arkivi","url":"https:\/\/fjala.info\/2009-2015\/","logo":{"@type":"ImageObject","inLanguage":"sq-AL","@id":"https:\/\/fjala.info\/2009-2015\/#\/schema\/logo\/image\/","url":"","contentUrl":"","caption":"FjALA e LIR\u00cb - Arkivi"},"image":{"@id":"https:\/\/fjala.info\/2009-2015\/#\/schema\/logo\/image\/"}},{"@type":"Person","@id":"https:\/\/fjala.info\/2009-2015\/#\/schema\/person\/3aa1163ef05469c496fc94e77611ada2","name":"admin","image":{"@type":"ImageObject","inLanguage":"sq-AL","@id":"https:\/\/fjala.info\/2009-2015\/wp-content\/uploads\/2012\/02\/arben_cokaj-120x150.jpg","url":"https:\/\/fjala.info\/2009-2015\/wp-content\/uploads\/2012\/02\/arben_cokaj-120x150.jpg","contentUrl":"https:\/\/fjala.info\/2009-2015\/wp-content\/uploads\/2012\/02\/arben_cokaj-120x150.jpg","caption":"admin"},"description":"Admin, Fjala e Lir\u00eb","sameAs":["https:\/\/fjala.info\/"],"url":"https:\/\/fjala.info\/2009-2015\/author\/admin\/"}]}},"_links":{"self":[{"href":"https:\/\/fjala.info\/2009-2015\/wp-json\/wp\/v2\/posts\/12038","targetHints":{"allow":["GET"]}}],"collection":[{"href":"https:\/\/fjala.info\/2009-2015\/wp-json\/wp\/v2\/posts"}],"about":[{"href":"https:\/\/fjala.info\/2009-2015\/wp-json\/wp\/v2\/types\/post"}],"author":[{"embeddable":true,"href":"https:\/\/fjala.info\/2009-2015\/wp-json\/wp\/v2\/users\/1"}],"replies":[{"embeddable":true,"href":"https:\/\/fjala.info\/2009-2015\/wp-json\/wp\/v2\/comments?post=12038"}],"version-history":[{"count":0,"href":"https:\/\/fjala.info\/2009-2015\/wp-json\/wp\/v2\/posts\/12038\/revisions"}],"wp:attachment":[{"href":"https:\/\/fjala.info\/2009-2015\/wp-json\/wp\/v2\/media?parent=12038"}],"wp:term":[{"taxonomy":"category","embeddable":true,"href":"https:\/\/fjala.info\/2009-2015\/wp-json\/wp\/v2\/categories?post=12038"},{"taxonomy":"post_tag","embeddable":true,"href":"https:\/\/fjala.info\/2009-2015\/wp-json\/wp\/v2\/tags?post=12038"}],"curies":[{"name":"wp","href":"https:\/\/api.w.org\/{rel}","templated":true}]}}