{"id":12037,"date":"2012-08-23T00:04:02","date_gmt":"2012-08-22T23:04:02","guid":{"rendered":"http:\/\/www.fjala.info\/?p=4607"},"modified":"2012-08-23T00:04:02","modified_gmt":"2012-08-22T23:04:02","slug":"krenar-te-jesh-shqiptar","status":"publish","type":"post","link":"https:\/\/fjala.info\/2009-2015\/krenar-te-jesh-shqiptar\/","title":{"rendered":"KRENAR T\u00cb JESH SHQIPTAR"},"content":{"rendered":"<p><img decoding=\"async\" class=\"alignright size-thumbnail wp-image-7236\" title=\"Prof. Sali Bollati\" src=\"http:\/\/www.fjala.info\/2012\/sali_bollati1.jpg\" alt=\"\" width=\"200\" \/> Nga <strong>Prof. Sali Bollati<\/strong><br \/>\n<em>Sekretar i P\u00ebrgjithsh\u00ebm i Shoqat\u00ebs \u00c7am\u00ebria, Sh.B.A. <\/em><\/p>\n<p>K\u00ebto koh\u00ebt e fundit, shkrimtari shqiptaro-amerikan me banim n\u00eb Nju Jork, zoti Pierre-Pandeli Simsia doli para lexuesit me nj\u00eb lib\u00ebr t\u00eb ri t\u00eb titulluar: &#8220;Dr. Selahedin Velaj, Legjenda vlonjate n\u00eb Amerik\u00eb&#8221;<\/p>\n<p>kushtuar jet\u00ebs dhe veprimtaris\u00eb s\u00eb nj\u00eb nd\u00ebr burrave t\u00eb ndritur t\u00eb Diaspor\u00ebs Shqiptare n\u00eb Sh.B.A, vatranit veteran, themeluesit dhe drejtuesit t\u00eb Shkoll\u00ebs Shqipe n\u00eb Nju Jork, Dr. Selahedin Velaj.<br \/>\nDuke lexuar vleresimin dhe pritjen e mir\u00eb q\u00eb i ka b\u00ebr\u00eb lexuesi k\u00ebtij libri (K\u00ebtu kam parasysh komentet q\u00eb ka b\u00ebr\u00eb gazetari i mir\u00ebnjohur, Z. Albert Zholi, i cili \u00ebsht\u00eb edhe botuesi i librit, dhe shp\u00ebrndarja e librit n\u00eb librarit\u00eb e Tiran\u00ebs) libri pati fatin e mir\u00eb q\u00eb t\u00eb b\u00ebhej edhe prezantimi (promovimi) i tij n\u00eb qytetin bregdetar, Vlor\u00eb, nga ku e ka edhe origjin\u00ebn edhe Dr. Selahedin Velaj.<\/p>\n<p>Fotografit\u00eb, videot filmike dhe komentet e ndryshme t\u00eb pjes\u00ebmarr\u00ebsve vlonjat\u00eb n\u00eb dit\u00ebn e promovimit, si edhe pjes\u00ebmarrja e autorit t\u00eb librit s\u00eb bashku me bashk\u00ebshorten dhe dy djemt\u00eb e tij, shkuar enkas nga Amerika n\u00eb Vlor\u00eb, e tregojn\u00eb m\u00eb s\u00eb miri suksesin e madh q\u00eb ka patur libri, autori Simsia dhe vet\u00eb personazhi kryesor, Dr. Velaj.<\/p>\n<p>Isha i interesuar ta lexoja at\u00eb lib\u00ebr dhe, p\u00ebr fatin e mir\u00eb, m&#8217;u dha mund\u00ebsia ta kem edhe un\u00eb n\u00eb bibliotek\u00ebn time n\u00eb sht\u00ebpi, midis librave t\u00eb shumt\u00eb.<\/p>\n<p>Duke shfletuar faqet e librit, q\u00eb n\u00eb rreshtat e par\u00eb e deri n\u00eb mbarim t\u00eb tij, kuptohet qart\u00eb q\u00eb libri \u00ebsht\u00eb shkruar me ndjenj\u00eb, dashuri, respekt t\u00eb ve\u00e7ant\u00eb nga z. Pierre-P. Simsia.<\/p>\n<p><img decoding=\"async\" class=\"alignleft size-thumbnail wp-image-7236\" title=\"Sali Bollati - legjenda vlonjate\" src=\"http:\/\/www.fjala.info\/2012\/sali_bollati_legjenda_came.jpg\" alt=\"\" width=\"260\" \/><\/p>\n<p>Gjuha e thjesht\u00eb dhe frazat origjinale q\u00eb p\u00ebrdor autori Simsia n\u00eb lib\u00ebr, si studiues, duke na sjell\u00eb pjes\u00eb t\u00eb ndryshme nga jeta e Dr. Selahedinit, q\u00eb nga f\u00ebmij\u00ebria e tij e hershme nga Vlora ku u lind dhe u rrit, v\u00ebshtir\u00ebsit\u00eb e emigracionit, v\u00ebshtir\u00ebsit\u00eb e pun\u00ebve t\u00eb r\u00ebnda, etja e tij p\u00ebr shkollim, diplomimi i tij si ekonomist, akademik, Dr. shkencash, tregojn\u00eb, jo vet\u00ebm figur\u00ebn e ndritur t\u00eb k\u00ebtij atdhetari t\u00eb nderuar q\u00eb gjith\u00eb jet\u00ebn n\u00eb emigraion ia ka kushtuar atdheut, \u00e7\u00ebshtjes shqiptare, por edhe pun\u00ebn k\u00ebrkimore t\u00eb kufizuar t\u00eb shkrimtarit Simsia n\u00eb gjetjen e materialeve p\u00ebr t\u00eb dal\u00eb para lexuesit me nj\u00eb lib\u00ebr, sido q\u00eb t\u00eb jet\u00eb ai, i madh apo i vog\u00ebl nga numri i faqeve t\u00eb tij.<\/p>\n<p>Shum\u00eb t\u00eb nderuarin Dr.S.Velaj, e kam takuar dhe njohur prej vitesh n\u00eb tubime bashk\u00ebatdhetar\u00ebsh n\u00eb Komunitetin Shqiptar t\u00eb New Yorkut.<\/p>\n<p>Ai gjithmon\u00eb me gjall\u00ebri shprehet, k\u00ebshillon dhe ndihmon me bujari n\u00eb zgjidhjen me urt\u00ebsi t\u00eb problemeve familjare e komb\u00ebtare q\u00eb ndeshim si emigrant\u00eb k\u00ebtu.<br \/>\nPor duke lexuar paraqitjen shum\u00eb t\u00eb goditur e kuptimplot\u00eb nga autori z. Pierre P. Simsia, kuptova se v\u00ebrejtjet dhe k\u00ebshillat q\u00eb pata degjuar m\u00eb par\u00eb ishin pjes\u00eb e shpirtit dhe zem\u00ebrs s\u00eb k\u00ebtij Shqiptari t\u00eb Madh.<\/p>\n<p>Sot shkruhet e flitet shum\u00eb p\u00ebr ADN e njeriut, por jo aq sa \u00ebsht\u00eb e v\u00ebrteta e brymosjes dhe trash\u00ebgimis\u00eb familjare. Gjyshi, babai, atdhetari 90 vje\u00e7ar i sot\u00ebm, ishte vet\u00ebm nj\u00eb djal\u00eb i ri, kur u detyrua t\u00eb largohet nga familja dhe Atdheu.Them u detyrua p\u00ebr ar\u00ebsye se luftoi dhe e donte familjen dhe atdheun jo n\u00ebn komunizmin antishqiptar. Por me krenarin\u00eb e t\u00eb qenit Shqiptar, djaloshi i ri punoi me k\u00ebmb\u00ebngulje ne \u00e7do pun\u00eb t\u00eb v\u00ebshtir\u00eb q\u00eb iu ofrua, studjoi me pasion e vendosm\u00ebri deri sa arriti n\u00eb majat m\u00eb t\u00eb larta intelektuale, krijoi nj\u00eb familje t\u00eb ndershme e t\u00eb denj\u00eb p\u00ebr koh\u00ebn e vendin nga ka ardhur dhe k\u00ebt\u00eb q\u00eb jetojm\u00eb sot.<\/p>\n<p>Gjuha \u00ebsht\u00eb nj\u00eb nga tiparet m\u00eb karakteristike t\u00eb kombit; gjuh\u00ebn e \u00ebmb\u00ebl shqipe, jo vet\u00ebm ua m\u00ebsoi dy djemve t\u00eb tij (megjith\u00ebse n\u00ebn\u00ebn e kan\u00eb italiane!) por, duke hapur, ndihmuar dhe drejtuar shkolla shqipe k\u00ebtu n\u00eb NY, u krijoi mund\u00ebsin\u00eb f\u00ebmij\u00ebve t\u00eb bashk\u00ebatdhetar\u00ebve tan\u00eb, t\u00eb mos e harrojn\u00eb gjuhen shqipe.<br \/>\nDhe p\u00ebr k\u00ebt\u00eb merit\u00eb t\u00eb madhe, hapja e Shkoll\u00ebs Shqipe, si\u00e7 e p\u00ebrmend edhe autori Pierre-P. Simsia n\u00eb lib\u00ebr, q\u00eb n\u00eb shum\u00eb raste Dr. Selahedini ka ditur t\u00eb zgjedh\u00eb heshtjen, e lart\u00ebson at\u00eb edhe m\u00eb tep\u00ebr, pa e ngritur z\u00ebrin t\u00eb b\u00ebrtas\u00eb e t\u00eb mburet me at\u00eb q\u00eb b\u00ebn. T&#8217;i sh\u00ebrbesh kombit me dashuri, vetmohim dhe n\u00eb heshtje, pa ekspozuar at\u00eb q\u00eb b\u00ebn, \u00ebsht\u00eb gj\u00ebja m\u00eb humane q\u00eb mund t\u00eb b\u00ebj\u00eb njeriu, duke marr\u00eb vler\u00ebsimin, dashurin\u00eb, respektin e bashkatdhetar\u00ebve dhe bekimin nga vet\u00eb atdheu dhe kombi.<\/p>\n<p>Pjes\u00ebmarja e Dr. S.Velaj ne simpoziume nd\u00ebrkomb\u00ebtare si n\u00eb Itali, Kosov\u00eb p\u00ebr gjuh\u00ebn shqipe \u00ebsht\u00eb shum\u00eb e vler\u00ebsuar.<\/p>\n<p>Nj\u00eb nga karakteristikat dalluese tonat, toleranca fetare, simbolizohet te Dr. S. Velaj.<br \/>\nMe respekt ndaj Zotit, e ndjejm\u00eb vehten krenar\u00eb p\u00ebr emrin dhe besimin q\u00eb na kan\u00eb<br \/>\ndh\u00ebn\u00eb prind\u00ebrit. Ai dashuroi, dhe kjo dashuri e respekt reciprok vazhdon per afro 70 vjet\u00eb, nje vajz\u00eb italiane me besim katolik.<\/p>\n<p>Kur prifti italian, si\u00e7 na e jep edhe autori Simsia n\u00eb lib\u00ebr, nuk pranoi ti kurorizoj\u00eb, vet\u00ebm se dy t\u00eb rinjt\u00eb e dashuruar nuk ishin t\u00eb s\u00eb nj\u00ebjt\u00ebs fe, Kryetari i Bashkis\u00eb s\u00eb qytetit italian, nga ku ishte edhe bashk\u00ebshortja e Dr. Selahedinit, edhe ai italian, e firmosi martes\u00ebn e dy t\u00eb rinjve t\u00eb dashuruar, t\u00eb cil\u00ebt pavaresisht nga emrat dhe besimi q\u00eb trash\u00ebguan, bashk\u00ebjetojn\u00eb n\u00eb harmoni dhe respekt t\u00eb plot\u00eb ndaj njeri tjetrit.<\/p>\n<p>Nderin dhe krenarin\u00eb e shqiptarit e ka shpalosur Dr.Velaj kudo, nga Spanja n\u00eb Japoni.<br \/>\nKur e pash\u00eb me Flamurin dhe kostumin karakteristik shqiptar duke referuar n\u00eb Universitetin e Tokios p\u00ebr zakonet e t\u00eb drejtat e shqiptar\u00ebve, pata p\u00ebrshtypjen se po shohim t\u00eb gjall\u00eb t\u00eb madhin shqiptar Faik Bej Konic\u00ebn!<\/p>\n<p>Dr. S.Velaj gjat\u00eb gjith\u00eb jet\u00ebs lufton p\u00ebr t\u00eb drejtat e shqiptareve n\u00eb trojet etnike. Me pun\u00ebn e palodhur e vendosm\u00ebrin\u00eb e tij si n\u00eb Washington, Rambuje, Prishtin\u00eb e deri n\u00eb Tokion e larg\u00ebt ka angazhuar senator\u00eb, deputet\u00eb e qeveritar\u00eb e profesor\u00eb t\u00eb shquar duke ju bashkuar problemeve p\u00ebr zgjidhjen e t\u00eb drejtave tona.<\/p>\n<p>Kur shovinistat bizantin\u00eb grek\u00eb, si me petkun e diplomatit pala\u00e7o, ashtu edhe t\u00eb deputeteve tip nazista, rifilluan provokimet me kerkesa mesjetare ndaj shtetit shqiptar, Dr.Velaj megjith\u00ebse ishte ne pik\u00ebllim shum\u00eb t\u00eb madh p\u00ebr humbjen e djalit t\u00eb tij, Dr. Drinit; na telefonoi. dhe na mblodhi ne nj\u00eb grup t\u00eb madh intelektual\u00ebsh atdhetar\u00eb. Aty duke u shprehur se pavar\u00ebsisht se fizikisht ndodhemi larg Tok\u00ebs N\u00ebn\u00eb, me mendje dhe zem\u00ebr jetojm\u00eb bashk\u00eb. Dhe me porosi t\u00eb tij, u drejtuam me k\u00ebto shqet\u00ebsime, nj\u00eb promemorie politikan\u00ebve dhe qeveritar\u00ebve n\u00eb Tiran\u00eb Fatkeq\u00ebsisht, ata ishin duke u sharr\u00eb me njeri tjetrin, pra nuk ju tepron koha per shqet\u00ebsime t\u00eb tilla, shqet\u00ebsimet e diaspor\u00ebs, q\u00eb jan\u00eb edhe shqet\u00ebsimet e mbar\u00eb kombit ton\u00eb.<\/p>\n<p>Dhe ashtu si\u00e7 flitet n\u00eb lib\u00ebr \u201cleast but not last\u201d, nj\u00eb tjet\u00ebr karakteristik\u00eb e ve\u00e7ant\u00eb p\u00ebr Dr.Selahedin Velaj, \u00ebsht\u00eb modestia e tij njer\u00ebzore.<\/p>\n<p>N\u00eb dallim nga disa bashk\u00ebatdhetar\u00eb q\u00eb pa kontribuar n\u00eb drejtim t\u00eb zgjidhjes s\u00eb problemeve t\u00eb komunitetit shqiptar, shtyhen p\u00ebr t\u00eb dal\u00eb n\u00eb fotografi e gazeta.<\/p>\n<p>Si\u00e7 e ka p\u00ebrmendur edhe vet\u00eb autori Pierre-P Simsia, ky lib\u00ebr mbetet i hapur, n\u00eb t\u00eb jan\u00eb shkruar t\u00eb th\u00ebnat e t\u00eb path\u00ebnat, p\u00ebr vet\u00eb modestin\u00eb q\u00eb e karakterizon Dr. Velaj-n, i cili \u00ebsht\u00eb gjithmon\u00eb i mbyllur p\u00ebr veten e tij, duke mos e ngritur z\u00ebrin p\u00ebr at\u00eb q\u00eb b\u00ebn, i duket mburje.<\/p>\n<p>Dua ta falenderoj autorin e librit, z.Pierre P.Simsia, p\u00ebr pun\u00ebn e tij studimore q\u00eb ka b\u00ebr\u00eb, n\u00eb p\u00ebrkushtimin dhe ndjenjen e respektit dhe dashurise shqiptare q\u00eb na prezanton k\u00ebt\u00eb vep\u00ebr t\u00eb denj\u00eb atdhetare.<\/p>\n<p>Ai, me k\u00ebt\u00eb lib\u00ebr t\u00eb vog\u00ebl ( Ari \u00ebsht\u00eb i vog\u00ebl, por vler\u00ebn e ka t\u00eb madhe), na tregon figur\u00ebn e v\u00ebrtet\u00eb t\u00eb nj\u00eb Atdhetari, q\u00eb me t\u00eb drejt\u00eb un\u00eb e quaj si shum\u00eb bashkatdhetar\u00eb t\u00eb tjer\u00eb NDER I KOMBIT SHQIPTAR.!<\/p>\n<p><strong>Sali Bollati<\/strong><\/p>\n<p><em>Nev York, Gusht 2012<\/em><\/p>\n","protected":false},"excerpt":{"rendered":"<p>Nga Prof. Sali Bollati Sekretar i P\u00ebrgjithsh\u00ebm i Shoqat\u00ebs \u00c7am\u00ebria, Sh.B.A. K\u00ebto koh\u00ebt e fundit, shkrimtari shqiptaro-amerikan me banim n\u00eb Nju Jork, zoti Pierre-Pandeli Simsia doli para lexuesit me nj\u00eb lib\u00ebr t\u00eb ri t\u00eb titulluar: &#8220;Dr. Selahedin Velaj, Legjenda vlonjate n\u00eb Amerik\u00eb&#8221; kushtuar jet\u00ebs dhe veprimtaris\u00eb s\u00eb nj\u00eb nd\u00ebr burrave t\u00eb ndritur t\u00eb Diaspor\u00ebs Shqiptare [&hellip;]<\/p>\n","protected":false},"author":1,"featured_media":0,"comment_status":"open","ping_status":"closed","sticky":false,"template":"","format":"standard","meta":{"footnotes":""},"categories":[2],"tags":[],"class_list":{"0":"post-12037","1":"post","2":"type-post","3":"status-publish","4":"format-standard","6":"category-artikuj"},"yoast_head":"<!-- This site is optimized with the Yoast SEO plugin v27.4 - https:\/\/yoast.com\/product\/yoast-seo-wordpress\/ -->\n<title>KRENAR T\u00cb JESH SHQIPTAR - FjALA e LIR\u00cb - Arkivi<\/title>\n<meta name=\"robots\" content=\"index, follow, max-snippet:-1, max-image-preview:large, max-video-preview:-1\" \/>\n<link rel=\"canonical\" href=\"https:\/\/fjala.info\/2009-2015\/krenar-te-jesh-shqiptar\/\" \/>\n<meta property=\"og:locale\" content=\"sq_AL\" \/>\n<meta property=\"og:type\" content=\"article\" \/>\n<meta property=\"og:title\" content=\"KRENAR T\u00cb JESH SHQIPTAR - FjALA e LIR\u00cb - Arkivi\" \/>\n<meta property=\"og:description\" content=\"Nga Prof. Sali Bollati Sekretar i P\u00ebrgjithsh\u00ebm i Shoqat\u00ebs \u00c7am\u00ebria, Sh.B.A. K\u00ebto koh\u00ebt e fundit, shkrimtari shqiptaro-amerikan me banim n\u00eb Nju Jork, zoti Pierre-Pandeli Simsia doli para lexuesit me nj\u00eb lib\u00ebr t\u00eb ri t\u00eb titulluar: &#8220;Dr. Selahedin Velaj, Legjenda vlonjate n\u00eb Amerik\u00eb&#8221; kushtuar jet\u00ebs dhe veprimtaris\u00eb s\u00eb nj\u00eb nd\u00ebr burrave t\u00eb ndritur t\u00eb Diaspor\u00ebs Shqiptare [&hellip;]\" \/>\n<meta property=\"og:url\" content=\"https:\/\/fjala.info\/2009-2015\/krenar-te-jesh-shqiptar\/\" \/>\n<meta property=\"og:site_name\" content=\"FjALA e LIR\u00cb - Arkivi\" \/>\n<meta property=\"article:published_time\" content=\"2012-08-22T23:04:02+00:00\" \/>\n<meta property=\"og:image\" content=\"http:\/\/www.fjala.info\/2012\/sali_bollati1.jpg\" \/>\n<meta name=\"author\" content=\"admin\" \/>\n<meta name=\"twitter:card\" content=\"summary_large_image\" \/>\n<meta name=\"twitter:label1\" content=\"Written by\" \/>\n\t<meta name=\"twitter:data1\" content=\"admin\" \/>\n\t<meta name=\"twitter:label2\" content=\"Est. reading time\" \/>\n\t<meta name=\"twitter:data2\" content=\"7 minutes\" \/>\n<script type=\"application\/ld+json\" class=\"yoast-schema-graph\">{\"@context\":\"https:\\\/\\\/schema.org\",\"@graph\":[{\"@type\":\"Article\",\"@id\":\"https:\\\/\\\/fjala.info\\\/2009-2015\\\/krenar-te-jesh-shqiptar\\\/#article\",\"isPartOf\":{\"@id\":\"https:\\\/\\\/fjala.info\\\/2009-2015\\\/krenar-te-jesh-shqiptar\\\/\"},\"author\":{\"name\":\"admin\",\"@id\":\"https:\\\/\\\/fjala.info\\\/2009-2015\\\/#\\\/schema\\\/person\\\/3aa1163ef05469c496fc94e77611ada2\"},\"headline\":\"KRENAR T\u00cb JESH SHQIPTAR\",\"datePublished\":\"2012-08-22T23:04:02+00:00\",\"mainEntityOfPage\":{\"@id\":\"https:\\\/\\\/fjala.info\\\/2009-2015\\\/krenar-te-jesh-shqiptar\\\/\"},\"wordCount\":1443,\"commentCount\":0,\"publisher\":{\"@id\":\"https:\\\/\\\/fjala.info\\\/2009-2015\\\/#organization\"},\"image\":{\"@id\":\"https:\\\/\\\/fjala.info\\\/2009-2015\\\/krenar-te-jesh-shqiptar\\\/#primaryimage\"},\"thumbnailUrl\":\"http:\\\/\\\/www.fjala.info\\\/2012\\\/sali_bollati1.jpg\",\"articleSection\":[\"Artikuj\"],\"inLanguage\":\"sq-AL\",\"potentialAction\":[{\"@type\":\"CommentAction\",\"name\":\"Comment\",\"target\":[\"https:\\\/\\\/fjala.info\\\/2009-2015\\\/krenar-te-jesh-shqiptar\\\/#respond\"]}]},{\"@type\":\"WebPage\",\"@id\":\"https:\\\/\\\/fjala.info\\\/2009-2015\\\/krenar-te-jesh-shqiptar\\\/\",\"url\":\"https:\\\/\\\/fjala.info\\\/2009-2015\\\/krenar-te-jesh-shqiptar\\\/\",\"name\":\"KRENAR T\u00cb JESH SHQIPTAR - FjALA e LIR\u00cb - Arkivi\",\"isPartOf\":{\"@id\":\"https:\\\/\\\/fjala.info\\\/2009-2015\\\/#website\"},\"primaryImageOfPage\":{\"@id\":\"https:\\\/\\\/fjala.info\\\/2009-2015\\\/krenar-te-jesh-shqiptar\\\/#primaryimage\"},\"image\":{\"@id\":\"https:\\\/\\\/fjala.info\\\/2009-2015\\\/krenar-te-jesh-shqiptar\\\/#primaryimage\"},\"thumbnailUrl\":\"http:\\\/\\\/www.fjala.info\\\/2012\\\/sali_bollati1.jpg\",\"datePublished\":\"2012-08-22T23:04:02+00:00\",\"breadcrumb\":{\"@id\":\"https:\\\/\\\/fjala.info\\\/2009-2015\\\/krenar-te-jesh-shqiptar\\\/#breadcrumb\"},\"inLanguage\":\"sq-AL\",\"potentialAction\":[{\"@type\":\"ReadAction\",\"target\":[\"https:\\\/\\\/fjala.info\\\/2009-2015\\\/krenar-te-jesh-shqiptar\\\/\"]}]},{\"@type\":\"ImageObject\",\"inLanguage\":\"sq-AL\",\"@id\":\"https:\\\/\\\/fjala.info\\\/2009-2015\\\/krenar-te-jesh-shqiptar\\\/#primaryimage\",\"url\":\"http:\\\/\\\/www.fjala.info\\\/2012\\\/sali_bollati1.jpg\",\"contentUrl\":\"http:\\\/\\\/www.fjala.info\\\/2012\\\/sali_bollati1.jpg\"},{\"@type\":\"BreadcrumbList\",\"@id\":\"https:\\\/\\\/fjala.info\\\/2009-2015\\\/krenar-te-jesh-shqiptar\\\/#breadcrumb\",\"itemListElement\":[{\"@type\":\"ListItem\",\"position\":1,\"name\":\"Home\",\"item\":\"https:\\\/\\\/fjala.info\\\/2009-2015\\\/\"},{\"@type\":\"ListItem\",\"position\":2,\"name\":\"KRENAR T\u00cb JESH SHQIPTAR\"}]},{\"@type\":\"WebSite\",\"@id\":\"https:\\\/\\\/fjala.info\\\/2009-2015\\\/#website\",\"url\":\"https:\\\/\\\/fjala.info\\\/2009-2015\\\/\",\"name\":\"FjALA e LIR\u00cb - Arkivi\",\"description\":\"Arkivi 2009-2015\",\"publisher\":{\"@id\":\"https:\\\/\\\/fjala.info\\\/2009-2015\\\/#organization\"},\"potentialAction\":[{\"@type\":\"SearchAction\",\"target\":{\"@type\":\"EntryPoint\",\"urlTemplate\":\"https:\\\/\\\/fjala.info\\\/2009-2015\\\/?s={search_term_string}\"},\"query-input\":{\"@type\":\"PropertyValueSpecification\",\"valueRequired\":true,\"valueName\":\"search_term_string\"}}],\"inLanguage\":\"sq-AL\"},{\"@type\":\"Organization\",\"@id\":\"https:\\\/\\\/fjala.info\\\/2009-2015\\\/#organization\",\"name\":\"FjALA e LIR\u00cb - Arkivi\",\"url\":\"https:\\\/\\\/fjala.info\\\/2009-2015\\\/\",\"logo\":{\"@type\":\"ImageObject\",\"inLanguage\":\"sq-AL\",\"@id\":\"https:\\\/\\\/fjala.info\\\/2009-2015\\\/#\\\/schema\\\/logo\\\/image\\\/\",\"url\":\"\",\"contentUrl\":\"\",\"caption\":\"FjALA e LIR\u00cb - Arkivi\"},\"image\":{\"@id\":\"https:\\\/\\\/fjala.info\\\/2009-2015\\\/#\\\/schema\\\/logo\\\/image\\\/\"}},{\"@type\":\"Person\",\"@id\":\"https:\\\/\\\/fjala.info\\\/2009-2015\\\/#\\\/schema\\\/person\\\/3aa1163ef05469c496fc94e77611ada2\",\"name\":\"admin\",\"image\":{\"@type\":\"ImageObject\",\"inLanguage\":\"sq-AL\",\"@id\":\"https:\\\/\\\/fjala.info\\\/2009-2015\\\/wp-content\\\/uploads\\\/2012\\\/02\\\/arben_cokaj-120x150.jpg\",\"url\":\"https:\\\/\\\/fjala.info\\\/2009-2015\\\/wp-content\\\/uploads\\\/2012\\\/02\\\/arben_cokaj-120x150.jpg\",\"contentUrl\":\"https:\\\/\\\/fjala.info\\\/2009-2015\\\/wp-content\\\/uploads\\\/2012\\\/02\\\/arben_cokaj-120x150.jpg\",\"caption\":\"admin\"},\"description\":\"Admin, Fjala e Lir\u00eb\",\"sameAs\":[\"https:\\\/\\\/fjala.info\\\/\"],\"url\":\"https:\\\/\\\/fjala.info\\\/2009-2015\\\/author\\\/admin\\\/\"}]}<\/script>\n<!-- \/ Yoast SEO plugin. -->","yoast_head_json":{"title":"KRENAR T\u00cb JESH SHQIPTAR - FjALA e LIR\u00cb - Arkivi","robots":{"index":"index","follow":"follow","max-snippet":"max-snippet:-1","max-image-preview":"max-image-preview:large","max-video-preview":"max-video-preview:-1"},"canonical":"https:\/\/fjala.info\/2009-2015\/krenar-te-jesh-shqiptar\/","og_locale":"sq_AL","og_type":"article","og_title":"KRENAR T\u00cb JESH SHQIPTAR - FjALA e LIR\u00cb - Arkivi","og_description":"Nga Prof. Sali Bollati Sekretar i P\u00ebrgjithsh\u00ebm i Shoqat\u00ebs \u00c7am\u00ebria, Sh.B.A. K\u00ebto koh\u00ebt e fundit, shkrimtari shqiptaro-amerikan me banim n\u00eb Nju Jork, zoti Pierre-Pandeli Simsia doli para lexuesit me nj\u00eb lib\u00ebr t\u00eb ri t\u00eb titulluar: &#8220;Dr. Selahedin Velaj, Legjenda vlonjate n\u00eb Amerik\u00eb&#8221; kushtuar jet\u00ebs dhe veprimtaris\u00eb s\u00eb nj\u00eb nd\u00ebr burrave t\u00eb ndritur t\u00eb Diaspor\u00ebs Shqiptare [&hellip;]","og_url":"https:\/\/fjala.info\/2009-2015\/krenar-te-jesh-shqiptar\/","og_site_name":"FjALA e LIR\u00cb - Arkivi","article_published_time":"2012-08-22T23:04:02+00:00","og_image":[{"url":"http:\/\/www.fjala.info\/2012\/sali_bollati1.jpg","type":"","width":"","height":""}],"author":"admin","twitter_card":"summary_large_image","twitter_misc":{"Written by":"admin","Est. reading time":"7 minutes"},"schema":{"@context":"https:\/\/schema.org","@graph":[{"@type":"Article","@id":"https:\/\/fjala.info\/2009-2015\/krenar-te-jesh-shqiptar\/#article","isPartOf":{"@id":"https:\/\/fjala.info\/2009-2015\/krenar-te-jesh-shqiptar\/"},"author":{"name":"admin","@id":"https:\/\/fjala.info\/2009-2015\/#\/schema\/person\/3aa1163ef05469c496fc94e77611ada2"},"headline":"KRENAR T\u00cb JESH SHQIPTAR","datePublished":"2012-08-22T23:04:02+00:00","mainEntityOfPage":{"@id":"https:\/\/fjala.info\/2009-2015\/krenar-te-jesh-shqiptar\/"},"wordCount":1443,"commentCount":0,"publisher":{"@id":"https:\/\/fjala.info\/2009-2015\/#organization"},"image":{"@id":"https:\/\/fjala.info\/2009-2015\/krenar-te-jesh-shqiptar\/#primaryimage"},"thumbnailUrl":"http:\/\/www.fjala.info\/2012\/sali_bollati1.jpg","articleSection":["Artikuj"],"inLanguage":"sq-AL","potentialAction":[{"@type":"CommentAction","name":"Comment","target":["https:\/\/fjala.info\/2009-2015\/krenar-te-jesh-shqiptar\/#respond"]}]},{"@type":"WebPage","@id":"https:\/\/fjala.info\/2009-2015\/krenar-te-jesh-shqiptar\/","url":"https:\/\/fjala.info\/2009-2015\/krenar-te-jesh-shqiptar\/","name":"KRENAR T\u00cb JESH SHQIPTAR - FjALA e LIR\u00cb - Arkivi","isPartOf":{"@id":"https:\/\/fjala.info\/2009-2015\/#website"},"primaryImageOfPage":{"@id":"https:\/\/fjala.info\/2009-2015\/krenar-te-jesh-shqiptar\/#primaryimage"},"image":{"@id":"https:\/\/fjala.info\/2009-2015\/krenar-te-jesh-shqiptar\/#primaryimage"},"thumbnailUrl":"http:\/\/www.fjala.info\/2012\/sali_bollati1.jpg","datePublished":"2012-08-22T23:04:02+00:00","breadcrumb":{"@id":"https:\/\/fjala.info\/2009-2015\/krenar-te-jesh-shqiptar\/#breadcrumb"},"inLanguage":"sq-AL","potentialAction":[{"@type":"ReadAction","target":["https:\/\/fjala.info\/2009-2015\/krenar-te-jesh-shqiptar\/"]}]},{"@type":"ImageObject","inLanguage":"sq-AL","@id":"https:\/\/fjala.info\/2009-2015\/krenar-te-jesh-shqiptar\/#primaryimage","url":"http:\/\/www.fjala.info\/2012\/sali_bollati1.jpg","contentUrl":"http:\/\/www.fjala.info\/2012\/sali_bollati1.jpg"},{"@type":"BreadcrumbList","@id":"https:\/\/fjala.info\/2009-2015\/krenar-te-jesh-shqiptar\/#breadcrumb","itemListElement":[{"@type":"ListItem","position":1,"name":"Home","item":"https:\/\/fjala.info\/2009-2015\/"},{"@type":"ListItem","position":2,"name":"KRENAR T\u00cb JESH SHQIPTAR"}]},{"@type":"WebSite","@id":"https:\/\/fjala.info\/2009-2015\/#website","url":"https:\/\/fjala.info\/2009-2015\/","name":"FjALA e LIR\u00cb - Arkivi","description":"Arkivi 2009-2015","publisher":{"@id":"https:\/\/fjala.info\/2009-2015\/#organization"},"potentialAction":[{"@type":"SearchAction","target":{"@type":"EntryPoint","urlTemplate":"https:\/\/fjala.info\/2009-2015\/?s={search_term_string}"},"query-input":{"@type":"PropertyValueSpecification","valueRequired":true,"valueName":"search_term_string"}}],"inLanguage":"sq-AL"},{"@type":"Organization","@id":"https:\/\/fjala.info\/2009-2015\/#organization","name":"FjALA e LIR\u00cb - Arkivi","url":"https:\/\/fjala.info\/2009-2015\/","logo":{"@type":"ImageObject","inLanguage":"sq-AL","@id":"https:\/\/fjala.info\/2009-2015\/#\/schema\/logo\/image\/","url":"","contentUrl":"","caption":"FjALA e LIR\u00cb - Arkivi"},"image":{"@id":"https:\/\/fjala.info\/2009-2015\/#\/schema\/logo\/image\/"}},{"@type":"Person","@id":"https:\/\/fjala.info\/2009-2015\/#\/schema\/person\/3aa1163ef05469c496fc94e77611ada2","name":"admin","image":{"@type":"ImageObject","inLanguage":"sq-AL","@id":"https:\/\/fjala.info\/2009-2015\/wp-content\/uploads\/2012\/02\/arben_cokaj-120x150.jpg","url":"https:\/\/fjala.info\/2009-2015\/wp-content\/uploads\/2012\/02\/arben_cokaj-120x150.jpg","contentUrl":"https:\/\/fjala.info\/2009-2015\/wp-content\/uploads\/2012\/02\/arben_cokaj-120x150.jpg","caption":"admin"},"description":"Admin, Fjala e Lir\u00eb","sameAs":["https:\/\/fjala.info\/"],"url":"https:\/\/fjala.info\/2009-2015\/author\/admin\/"}]}},"_links":{"self":[{"href":"https:\/\/fjala.info\/2009-2015\/wp-json\/wp\/v2\/posts\/12037","targetHints":{"allow":["GET"]}}],"collection":[{"href":"https:\/\/fjala.info\/2009-2015\/wp-json\/wp\/v2\/posts"}],"about":[{"href":"https:\/\/fjala.info\/2009-2015\/wp-json\/wp\/v2\/types\/post"}],"author":[{"embeddable":true,"href":"https:\/\/fjala.info\/2009-2015\/wp-json\/wp\/v2\/users\/1"}],"replies":[{"embeddable":true,"href":"https:\/\/fjala.info\/2009-2015\/wp-json\/wp\/v2\/comments?post=12037"}],"version-history":[{"count":0,"href":"https:\/\/fjala.info\/2009-2015\/wp-json\/wp\/v2\/posts\/12037\/revisions"}],"wp:attachment":[{"href":"https:\/\/fjala.info\/2009-2015\/wp-json\/wp\/v2\/media?parent=12037"}],"wp:term":[{"taxonomy":"category","embeddable":true,"href":"https:\/\/fjala.info\/2009-2015\/wp-json\/wp\/v2\/categories?post=12037"},{"taxonomy":"post_tag","embeddable":true,"href":"https:\/\/fjala.info\/2009-2015\/wp-json\/wp\/v2\/tags?post=12037"}],"curies":[{"name":"wp","href":"https:\/\/api.w.org\/{rel}","templated":true}]}}