{"id":12034,"date":"2012-08-22T16:41:42","date_gmt":"2012-08-22T15:41:42","guid":{"rendered":"http:\/\/www.fjala.info\/?p=4582"},"modified":"2012-08-22T16:41:42","modified_gmt":"2012-08-22T15:41:42","slug":"poezia-dhe-fati-i-saj-ne-kohet-moderne","status":"publish","type":"post","link":"https:\/\/fjala.info\/2009-2015\/poezia-dhe-fati-i-saj-ne-kohet-moderne\/","title":{"rendered":"Poezia dhe fati i saj n\u00eb koh\u00ebt moderne"},"content":{"rendered":"<p><img decoding=\"async\" class=\"alignright size-thumbnail wp-image-7236\" title=\"Arjan Th. Kall\u00e7o\" src=\"http:\/\/www.fjala.info\/2012\/arjan_kallco.jpg\" alt=\"\" width=\"150\" \/> <strong>Arjan Th. Kall\u00e7o<\/strong><\/p>\n<p>Kur flasim p\u00ebr jet\u00ebn shoq\u00ebrore t\u00eb nj\u00eb vendi apo edhe t\u00eb bot\u00ebs, na vijn\u00eb n\u00eb mend t\u00eb gjitha ngjarjet q\u00eb nga lasht\u00ebsia e deri n\u00eb dit\u00ebt e sotme. \u00c7do gj\u00eb n\u00eb jet\u00eb, t\u00eb pakt\u00ebn \u00ebsht\u00eb v\u00ebrtetuar n\u00eb \u00e7do ndryshim, e p\u00ebrshkon ciklin e vet her\u00eb t\u00eb plot\u00eb her\u00eb t\u00eb l\u00ebn\u00eb n\u00eb mes dhe m\u00eb pas nis r\u00ebnia, deri n\u00eb z\u00ebvend\u00ebsimin e nj\u00eb thelbi m\u00eb nj\u00eb tjet\u00ebr, akt q\u00eb n\u00eb shoq\u00ebri merr forma nga m\u00eb t\u00eb ndryshmet.<\/p>\n<p>Nuk mund t\u00eb p\u00ebrjashtohet nga kjo dialektik\u00eb edhe kultura, por me t\u00eb vetmin ndryshim se shpirtrat e saj p\u00ebrb\u00ebr\u00ebs, natyrisht kan\u00eb vazhdim\u00ebsin\u00eb e zhvillimit, mund t\u2019i rikthehen forma t\u00eb m\u00ebparshme pa q\u00ebn\u00eb nevoja q\u00eb t\u00eb konsiderohet nj\u00eb kthim prapa. K\u00ebt\u00eb rigjenerim e p\u00ebrcakton vet\u00eb shpirti njer\u00ebzor i poet\u00ebve dhe shkrimtar\u00ebve q\u00eb kur shohin realitetin e zymt\u00eb, k\u00ebrkojn\u00eb prehje tek e shkuara, jo si jet\u00eb n\u00eb vetvete, por n\u00eb format e shprehjes s\u00eb shpirtit.<\/p>\n<p>N\u00ebse i referohemi historis\u00eb s\u00eb Let\u00ebrsis\u00eb, do t\u00eb shohim se ndryshimet jan\u00eb shoq\u00ebruar shpesh edhe me rikthime n\u00eb format e shprehjes letrare, si p.sh Klasicizmi. E gjith\u00eb kjo p\u00ebrpjekje globale, nuk ka vend ku joshja ndaj formave t\u00eb shkuara t\u00eb let\u00ebrsis\u00eb t\u00eb mos ket\u00eb patur zhvillim, apo edhe tundimi n\u00eb mendim, tregon qart\u00eb se shpirtrat e \u00e7do kombi, t\u00eb ndikuara nga rrethanat, jan\u00eb rip\u00ebrkundur me k\u00ebmb\u00eb n\u00eb jet\u00ebn reale dhe me ndjenja tek e shkuara. Nuk jan\u00eb ndjenjat e jet\u00ebs s\u00eb jetuar, por ato ndjenja sublime q\u00eb ngrihen mbi realitetin dhe dalin t\u00eb lira nga kurthet e kusht\u00ebzuara t\u00eb rrethanave.<\/p>\n<p>Jan\u00eb ato ndjenja q\u00eb na \u201cflakin\u201d sa tek gjenit\u00eb e antikitetit, pa joshje edhe poeti b\u00ebhet realist pa p\u00ebrfytyrime dhe \u00ebndrra, e deri tek koha jon\u00eb q\u00eb po jetojm\u00eb. Nj\u00eb rrug\u00ebtim ku poet\u00ebt mund t\u00eb l\u00ebvizin tep\u00ebr t\u00eb sigurt\u00eb dhe t\u00eb natyrsh\u00ebm, pa q\u00ebn\u00eb nevoja t\u00eb transformohen dhe kusht\u00ebzohen nga nj\u00eb sistem. Askush m\u00eb shum\u00eb se poet\u00ebt mund ta meritoj\u00eb fjal\u00ebn filozof, pasi poezia \u00ebsht\u00eb filozofia m\u00eb e v\u00ebrtet\u00eb e mendimit. Por poet\u00ebt kan\u00eb edhe nj\u00eb tipar tjet\u00ebr, pasi jan\u00eb edhe filozof\u00eb t\u00eb ndjenjave dhe q\u00ebnia dy her\u00eb filozof i rendit ata mes njer\u00ebzve m\u00eb t\u00eb shquar t\u00eb historis\u00eb s\u00eb njer\u00ebzimit.<\/p>\n<p>Nj\u00eb kritik Italian shkruan k\u00ebshtu p\u00ebr poezin\u00eb: \u00cbsht\u00eb nj\u00eb fat i ve\u00e7ant\u00eb i poezis\u00eb q\u00eb i kthehet me melankoli t\u00eb shkuar\u00ebs dhe nj\u00ebkoh\u00ebsisht \u00ebsht\u00eb e projektuar drejt s\u00eb ardhmes hiperteknologjike. Nga nj\u00ebra an\u00eb na duket si nj\u00eb gjuh\u00eb gjithnj\u00eb e m\u00eb shum\u00eb e vjet\u00ebruar dhe nga ana tjet\u00ebr u ngjan modaliteteve jolineare, hipertekstuale t\u00eb rrjetit dhe korrespondon me modalitetin analogjik t\u00eb mendimit emotiv.<\/p>\n<p>Por \u00ebsht\u00eb nj\u00eb gjuh\u00eb e zot\u00ebrueshme, konform nj\u00eb epoke t\u00eb bazuar tek shpejt\u00ebsia dhe nj\u00ebkoh\u00ebsia. Vet\u00eb kritiku shtron nj\u00eb pyetje q\u00eb edhe ne shqiptar\u00ebve duhet t\u00eb na lind\u00eb n\u00eb mendje sa her\u00eb q\u00eb dalin libra t\u00eb rinj apo b\u00ebhen promovime librash. N\u00eb to duhet mund t\u00eb gjejm\u00eb gjith\u00e7ka q\u00eb shkruam m\u00eb sip\u00ebr, si dhe pyetjet e shumta q\u00eb na lindin gjat\u00eb diskutimeve apo debateve. Kemi koh\u00eb q\u00eb p\u00ebrpiqemi edhe ne t\u2019i japim nj\u00eb p\u00ebrgjigje pyetjes : Ku po shkon poezia shqiptare?<\/p>\n<p>Mendimet jan\u00eb t\u00eb ndryshme t\u00eb ndikuara nga shum\u00eb faktor\u00eb, midis t\u00eb cil\u00ebve edhe human\u00eb. \u00cbsht\u00eb shkruar shum\u00eb rreth k\u00ebtij argumenti, por p\u00ebrs\u00ebri disa faktor\u00eb t\u00eb tjer\u00eb nuk na lejojn\u00eb q\u00eb t\u2019i japim p\u00ebrgjigjen e duhur. Kritiku Italian e b\u00ebn pyetjen pak ndryshe :Ku \u00ebsht\u00eb poezia e sotme (italiane) n\u00eb lart\u00ebsin\u00eb e synimeve tona? Pra nuk thot\u00eb destinacionin ku po shkon, por ku \u00ebsht\u00eb dhe \u00ebsht\u00eb m\u00ebse e drejt\u00eb q\u00eb t\u00eb p\u00ebrcaktojm\u00eb se ku jemi, p\u00ebr t\u00eb th\u00ebn\u00eb se ku do t\u00eb shkojm\u00eb.<\/p>\n<p>Poet\u00ebt italian\u00eb aktual\u00eb m\u00eb n\u00eb fund, t\u00eb \u00e7lir\u00ebt nga skorjet e fundit afazike* t\u00eb hermetizmit, t\u00eb larguara nga sugjestioni neo-orfeist dhe nga epigonizmi* manieristik i postmodernizmit, t\u00eb huaj nga tundimi i proz\u00ebs, nuk u vjen m\u00eb turp t\u00eb thon\u00eb di\u00e7ka, si dhe t\u00eb impenjohen t\u00eb mendojn\u00eb, t\u00eb tregojn\u00eb, t\u00eb bisedojn\u00eb, t\u00eb argumentojn\u00eb n\u00eb vargje, pasi n\u00eb origjin\u00eb kan\u00eb shembullin e madh t\u00eb poezis\u00eb danteske dhe t\u00eb t\u00eb gjith\u00eb estetik\u00ebs dhe moralit t\u00eb modelit t\u00eb tij.<\/p>\n<p>Ky mendimi i kritikut italian ka par\u00eb drit\u00ebn e botimit n\u00eb revist\u00ebn Annuario di poesia. Sipas tij n\u00eb gati nj\u00ebzet vjet revista u prir t\u00eb regjistronte, sistemonte, vler\u00ebsonte galaksin\u00eb e madhe t\u00eb poezis\u00eb n\u00eb Itali. Sipas statistikave n\u00eb Itali ka rreth dy milion\u00eb poet\u00eb, n\u00ebse merret parasysh edhe rrjeti social i internetit. Pas nj\u00eb bilanci, renditjesh, apo hipotezash-rregulla, gjykimesh me vlera jo konformiste, revista tash ndihet e lodhur dhe e ka p\u00ebrmbushur detyr\u00ebn e vet.<\/p>\n<p>Sentenc\u00ebn e vet lidhur me pyetjen e m\u00ebsip\u00ebrme, e jep n\u00eb m\u00ebnyr\u00eb tep\u00ebr kategorike : Poezia pushoi s\u00eb q\u00ebni referenciale dhe e mbyllur n\u00eb gjergun hezoterik. N\u00eb sken\u00eb mbeten nj\u00eb dyzin\u00eb poet\u00ebsh me vler\u00eb t\u00eb sigurt q\u00eb reagojn\u00eb ndaj arbitrit t\u00eb paform\u00ebs dhe p\u00ebrpiqen ta shprehin bot\u00ebn p\u00ebrmes gjuh\u00ebs q\u00eb \u00ebsht\u00eb e koh\u00ebs son\u00eb, nd\u00ebrsa populli i tep\u00ebrt i poet\u00ebve priret t\u00eb p\u00ebrdor\u00eb gjuh\u00ebn poetike arkaike t\u00eb vulgarizuar dhe ta injoroj\u00eb nj\u00eb leksik dhe nj\u00eb artizanat poetik bashk\u00ebkohor. Nevoja e poezis\u00eb n\u00eb mij\u00ebvje\u00e7arin e tret\u00eb : shkenc\u00eb e vecant\u00eb e lidhjeve t\u00eb padukshme mes sendeve, p\u00ebrmbysje apo intensifikim i fjal\u00ebs s\u00eb zakonshme, me q\u00ebllim q\u00eb t\u00eb zbuloj\u00eb di\u00e7ka jo t\u00eb sigurt\u00eb, autobiografi t\u00eb brendshme, aspak hezoterike, por t\u00eb aft\u00eb t\u00eb aderoj\u00eb n\u00eb ritmin e vet\u00eb realitetit.<\/p>\n<p>Disa poezi italiane q\u00eb ai i ka sjell\u00eb si shembuj t\u00eb grupit t\u00eb dyt\u00eb t\u00eb poet\u00ebve q\u00eb jan\u00eb avangarda e koh\u00ebve moderne, bile dhe t\u00eb shk\u00ebputura nga universi fem\u00ebror.<\/p>\n<blockquote><p><strong>Rosella Tempesta<\/strong><br \/>\nN\u00eb nj\u00eb prej poezive t\u00eb saj ajo i hedh nj\u00eb v\u00ebshtrim qytetit magjik t\u00eb Napolit:<\/p>\n<p>K\u00ebt\u00eb mbr\u00ebmje qytet grazhd<br \/>\nI zbraz\u00ebt nga barinjt\u00eb dhe i populluar<br \/>\nMe sht\u00ebpi dhe dit\u00ebza<br \/>\nT\u00eb ndezura, me sallonet, me kuzhinat..<\/p>\n<p><strong>Laura Liberale <\/strong><br \/>\nAutorja jep nj\u00eb nj\u00eb p\u00ebrcaktim t\u00eb poezis\u00eb duke e pasuruar fondin e th\u00ebnieve q\u00eb lidhen me t\u00eb:<\/p>\n<p>Do t\u00eb na e hedh\u00ebsh, ke p\u00ebr ta par\u00eb<br \/>\nMe fjal\u00eb<br \/>\nMund t\u00eb krijosh antologji<br \/>\nT\u00eb krijosh lidhje t\u00eb padyshueshme<br \/>\nNj\u00eb fjalorin t\u00ebnd hezoterik\u2026<\/p>\n<p><strong>Isabella Leardini <\/strong><br \/>\nMe mendimin e saj ajo fikson lumturin\u00eb ditore t\u00eb jet\u00ebs :<\/p>\n<p>Kush e humb koh\u00ebn duke q\u00ebn\u00eb<br \/>\nI lumtur<br \/>\nS\u00eb pari humb t\u00eb qeshurat<br \/>\nQ\u00eb ta mbajn\u00eb frym\u00ebn, pastaj dikush<br \/>\nZbret brenda shikimit dhe nxin<br \/>\nSi argjendi i mbyllur n\u00eb sirtar\u00eb\u2026<\/p>\n<p><strong>Maria Grazia Calandrone<\/strong><br \/>\nFilozofia jon\u00eb nuk \u00ebsht\u00eb vet\u00ebm tok\u00ebsore dhe poetja i lidh dit\u00ebt n\u00eb perceptimin kozmik:<\/p>\n<p>Dielli \u00ebsht\u00eb nj\u00eb kafsh\u00eb bujare<br \/>\nDhe e ngadalt\u00eb<br \/>\nN\u00eb vrim\u00ebn oqeanike t\u00eb dit\u00ebs<br \/>\nMe syrin e vet<br \/>\nMe syrin e vet rrethor\u2026<\/p>\n<p><strong>Laura Pugno<\/strong><br \/>\nPor gjejm\u00eb edhe nj\u00eb portret rrjedhsh\u00ebm t\u00eb veshur me kajak:<\/p>\n<p>\u00cbsht\u00eb nj\u00eb vajz\u00eb me shpin\u00eb t\u00eb drejt\u00eb<br \/>\nVesh\u00ebt e vegj\u00ebl dhe t\u00eb bardh\u00eb<br \/>\nMe vath\u00eb perlash<br \/>\nNuk i duken k\u00ebmb\u00ebt\u2026<br \/>\nNuk e sheh form\u00ebn e saj si siren\u00eb<br \/>\nUji gjendet i pal\u00ebvizsh\u00ebm posht\u00eb\u2026<\/p>\n<p><strong>Alida Airaghi<\/strong><br \/>\nSi \u00e7do epok\u00eb edhe kjo e tanishmja ka z\u00ebrin poetic m\u00eb original sipas kritikut:<\/p>\n<p>Nuk jan\u00eb val\u00eb. Do ta kishin ndoshta<br \/>\nSynimin, maja t\u00eb lehta<br \/>\nRrudhat e ujit dhe kaq.<br \/>\nNuk do t\u00eb b\u00ebhet kurr\u00eb furtun\u00eb<br \/>\nKy liqen, kurajo e pakt\u00eb<br \/>\nT\u00eb shnd\u00ebrrohet n\u00eb det, kur<br \/>\nPret nj\u00eb lum\u00eb<br \/>\nE qet\u00ebson<br \/>\nE shnd\u00ebrron n\u00eb nj\u00eb qet\u00ebsi<br \/>\nT\u00eb pafajshme\u2026<\/p>\n<p>* <em>V\u00ebshtir\u00ebsit\u00eb e kuptimit t\u00eb vargjeve dhe fjal\u00ebve<\/em><br \/>\n* <em>Imitues pasiv<\/em><\/p><\/blockquote>\n","protected":false},"excerpt":{"rendered":"<p>Arjan Th. Kall\u00e7o Kur flasim p\u00ebr jet\u00ebn shoq\u00ebrore t\u00eb nj\u00eb vendi apo edhe t\u00eb bot\u00ebs, na vijn\u00eb n\u00eb mend t\u00eb gjitha ngjarjet q\u00eb nga lasht\u00ebsia e deri n\u00eb dit\u00ebt e sotme. \u00c7do gj\u00eb n\u00eb jet\u00eb, t\u00eb pakt\u00ebn \u00ebsht\u00eb v\u00ebrtetuar n\u00eb \u00e7do ndryshim, e p\u00ebrshkon ciklin e vet her\u00eb t\u00eb plot\u00eb her\u00eb t\u00eb l\u00ebn\u00eb n\u00eb mes [&hellip;]<\/p>\n","protected":false},"author":1,"featured_media":0,"comment_status":"open","ping_status":"closed","sticky":false,"template":"","format":"standard","meta":{"footnotes":""},"categories":[2,7,9],"tags":[],"class_list":{"0":"post-12034","1":"post","2":"type-post","3":"status-publish","4":"format-standard","6":"category-artikuj","7":"category-letersi","8":"category-poezi"},"yoast_head":"<!-- This site is optimized with the Yoast SEO plugin v27.4 - https:\/\/yoast.com\/product\/yoast-seo-wordpress\/ -->\n<title>Poezia dhe fati i saj n\u00eb koh\u00ebt moderne - FjALA e LIR\u00cb - Arkivi<\/title>\n<meta name=\"robots\" content=\"index, follow, max-snippet:-1, max-image-preview:large, max-video-preview:-1\" \/>\n<link rel=\"canonical\" href=\"https:\/\/fjala.info\/2009-2015\/poezia-dhe-fati-i-saj-ne-kohet-moderne\/\" \/>\n<meta property=\"og:locale\" content=\"sq_AL\" \/>\n<meta property=\"og:type\" content=\"article\" \/>\n<meta property=\"og:title\" content=\"Poezia dhe fati i saj n\u00eb koh\u00ebt moderne - FjALA e LIR\u00cb - Arkivi\" \/>\n<meta property=\"og:description\" content=\"Arjan Th. Kall\u00e7o Kur flasim p\u00ebr jet\u00ebn shoq\u00ebrore t\u00eb nj\u00eb vendi apo edhe t\u00eb bot\u00ebs, na vijn\u00eb n\u00eb mend t\u00eb gjitha ngjarjet q\u00eb nga lasht\u00ebsia e deri n\u00eb dit\u00ebt e sotme. \u00c7do gj\u00eb n\u00eb jet\u00eb, t\u00eb pakt\u00ebn \u00ebsht\u00eb v\u00ebrtetuar n\u00eb \u00e7do ndryshim, e p\u00ebrshkon ciklin e vet her\u00eb t\u00eb plot\u00eb her\u00eb t\u00eb l\u00ebn\u00eb n\u00eb mes [&hellip;]\" \/>\n<meta property=\"og:url\" content=\"https:\/\/fjala.info\/2009-2015\/poezia-dhe-fati-i-saj-ne-kohet-moderne\/\" \/>\n<meta property=\"og:site_name\" content=\"FjALA e LIR\u00cb - Arkivi\" \/>\n<meta property=\"article:published_time\" content=\"2012-08-22T15:41:42+00:00\" \/>\n<meta property=\"og:image\" content=\"http:\/\/www.fjala.info\/2012\/arjan_kallco.jpg\" \/>\n<meta name=\"author\" content=\"admin\" \/>\n<meta name=\"twitter:card\" content=\"summary_large_image\" \/>\n<meta name=\"twitter:label1\" content=\"Written by\" \/>\n\t<meta name=\"twitter:data1\" content=\"admin\" \/>\n\t<meta name=\"twitter:label2\" content=\"Est. reading time\" \/>\n\t<meta name=\"twitter:data2\" content=\"7 minutes\" \/>\n<script type=\"application\/ld+json\" class=\"yoast-schema-graph\">{\"@context\":\"https:\\\/\\\/schema.org\",\"@graph\":[{\"@type\":\"Article\",\"@id\":\"https:\\\/\\\/fjala.info\\\/2009-2015\\\/poezia-dhe-fati-i-saj-ne-kohet-moderne\\\/#article\",\"isPartOf\":{\"@id\":\"https:\\\/\\\/fjala.info\\\/2009-2015\\\/poezia-dhe-fati-i-saj-ne-kohet-moderne\\\/\"},\"author\":{\"name\":\"admin\",\"@id\":\"https:\\\/\\\/fjala.info\\\/2009-2015\\\/#\\\/schema\\\/person\\\/3aa1163ef05469c496fc94e77611ada2\"},\"headline\":\"Poezia dhe fati i saj n\u00eb koh\u00ebt moderne\",\"datePublished\":\"2012-08-22T15:41:42+00:00\",\"mainEntityOfPage\":{\"@id\":\"https:\\\/\\\/fjala.info\\\/2009-2015\\\/poezia-dhe-fati-i-saj-ne-kohet-moderne\\\/\"},\"wordCount\":1334,\"commentCount\":0,\"publisher\":{\"@id\":\"https:\\\/\\\/fjala.info\\\/2009-2015\\\/#organization\"},\"image\":{\"@id\":\"https:\\\/\\\/fjala.info\\\/2009-2015\\\/poezia-dhe-fati-i-saj-ne-kohet-moderne\\\/#primaryimage\"},\"thumbnailUrl\":\"http:\\\/\\\/www.fjala.info\\\/2012\\\/arjan_kallco.jpg\",\"articleSection\":[\"Artikuj\",\"Let\u00ebrsi\",\"Poezi\"],\"inLanguage\":\"sq-AL\",\"potentialAction\":[{\"@type\":\"CommentAction\",\"name\":\"Comment\",\"target\":[\"https:\\\/\\\/fjala.info\\\/2009-2015\\\/poezia-dhe-fati-i-saj-ne-kohet-moderne\\\/#respond\"]}]},{\"@type\":\"WebPage\",\"@id\":\"https:\\\/\\\/fjala.info\\\/2009-2015\\\/poezia-dhe-fati-i-saj-ne-kohet-moderne\\\/\",\"url\":\"https:\\\/\\\/fjala.info\\\/2009-2015\\\/poezia-dhe-fati-i-saj-ne-kohet-moderne\\\/\",\"name\":\"Poezia dhe fati i saj n\u00eb koh\u00ebt moderne - FjALA e LIR\u00cb - Arkivi\",\"isPartOf\":{\"@id\":\"https:\\\/\\\/fjala.info\\\/2009-2015\\\/#website\"},\"primaryImageOfPage\":{\"@id\":\"https:\\\/\\\/fjala.info\\\/2009-2015\\\/poezia-dhe-fati-i-saj-ne-kohet-moderne\\\/#primaryimage\"},\"image\":{\"@id\":\"https:\\\/\\\/fjala.info\\\/2009-2015\\\/poezia-dhe-fati-i-saj-ne-kohet-moderne\\\/#primaryimage\"},\"thumbnailUrl\":\"http:\\\/\\\/www.fjala.info\\\/2012\\\/arjan_kallco.jpg\",\"datePublished\":\"2012-08-22T15:41:42+00:00\",\"breadcrumb\":{\"@id\":\"https:\\\/\\\/fjala.info\\\/2009-2015\\\/poezia-dhe-fati-i-saj-ne-kohet-moderne\\\/#breadcrumb\"},\"inLanguage\":\"sq-AL\",\"potentialAction\":[{\"@type\":\"ReadAction\",\"target\":[\"https:\\\/\\\/fjala.info\\\/2009-2015\\\/poezia-dhe-fati-i-saj-ne-kohet-moderne\\\/\"]}]},{\"@type\":\"ImageObject\",\"inLanguage\":\"sq-AL\",\"@id\":\"https:\\\/\\\/fjala.info\\\/2009-2015\\\/poezia-dhe-fati-i-saj-ne-kohet-moderne\\\/#primaryimage\",\"url\":\"http:\\\/\\\/www.fjala.info\\\/2012\\\/arjan_kallco.jpg\",\"contentUrl\":\"http:\\\/\\\/www.fjala.info\\\/2012\\\/arjan_kallco.jpg\"},{\"@type\":\"BreadcrumbList\",\"@id\":\"https:\\\/\\\/fjala.info\\\/2009-2015\\\/poezia-dhe-fati-i-saj-ne-kohet-moderne\\\/#breadcrumb\",\"itemListElement\":[{\"@type\":\"ListItem\",\"position\":1,\"name\":\"Home\",\"item\":\"https:\\\/\\\/fjala.info\\\/2009-2015\\\/\"},{\"@type\":\"ListItem\",\"position\":2,\"name\":\"Poezia dhe fati i saj n\u00eb koh\u00ebt moderne\"}]},{\"@type\":\"WebSite\",\"@id\":\"https:\\\/\\\/fjala.info\\\/2009-2015\\\/#website\",\"url\":\"https:\\\/\\\/fjala.info\\\/2009-2015\\\/\",\"name\":\"FjALA e LIR\u00cb - Arkivi\",\"description\":\"Arkivi 2009-2015\",\"publisher\":{\"@id\":\"https:\\\/\\\/fjala.info\\\/2009-2015\\\/#organization\"},\"potentialAction\":[{\"@type\":\"SearchAction\",\"target\":{\"@type\":\"EntryPoint\",\"urlTemplate\":\"https:\\\/\\\/fjala.info\\\/2009-2015\\\/?s={search_term_string}\"},\"query-input\":{\"@type\":\"PropertyValueSpecification\",\"valueRequired\":true,\"valueName\":\"search_term_string\"}}],\"inLanguage\":\"sq-AL\"},{\"@type\":\"Organization\",\"@id\":\"https:\\\/\\\/fjala.info\\\/2009-2015\\\/#organization\",\"name\":\"FjALA e LIR\u00cb - Arkivi\",\"url\":\"https:\\\/\\\/fjala.info\\\/2009-2015\\\/\",\"logo\":{\"@type\":\"ImageObject\",\"inLanguage\":\"sq-AL\",\"@id\":\"https:\\\/\\\/fjala.info\\\/2009-2015\\\/#\\\/schema\\\/logo\\\/image\\\/\",\"url\":\"\",\"contentUrl\":\"\",\"caption\":\"FjALA e LIR\u00cb - Arkivi\"},\"image\":{\"@id\":\"https:\\\/\\\/fjala.info\\\/2009-2015\\\/#\\\/schema\\\/logo\\\/image\\\/\"}},{\"@type\":\"Person\",\"@id\":\"https:\\\/\\\/fjala.info\\\/2009-2015\\\/#\\\/schema\\\/person\\\/3aa1163ef05469c496fc94e77611ada2\",\"name\":\"admin\",\"image\":{\"@type\":\"ImageObject\",\"inLanguage\":\"sq-AL\",\"@id\":\"https:\\\/\\\/fjala.info\\\/2009-2015\\\/wp-content\\\/uploads\\\/2012\\\/02\\\/arben_cokaj-120x150.jpg\",\"url\":\"https:\\\/\\\/fjala.info\\\/2009-2015\\\/wp-content\\\/uploads\\\/2012\\\/02\\\/arben_cokaj-120x150.jpg\",\"contentUrl\":\"https:\\\/\\\/fjala.info\\\/2009-2015\\\/wp-content\\\/uploads\\\/2012\\\/02\\\/arben_cokaj-120x150.jpg\",\"caption\":\"admin\"},\"description\":\"Admin, Fjala e Lir\u00eb\",\"sameAs\":[\"https:\\\/\\\/fjala.info\\\/\"],\"url\":\"https:\\\/\\\/fjala.info\\\/2009-2015\\\/author\\\/admin\\\/\"}]}<\/script>\n<!-- \/ Yoast SEO plugin. -->","yoast_head_json":{"title":"Poezia dhe fati i saj n\u00eb koh\u00ebt moderne - FjALA e LIR\u00cb - Arkivi","robots":{"index":"index","follow":"follow","max-snippet":"max-snippet:-1","max-image-preview":"max-image-preview:large","max-video-preview":"max-video-preview:-1"},"canonical":"https:\/\/fjala.info\/2009-2015\/poezia-dhe-fati-i-saj-ne-kohet-moderne\/","og_locale":"sq_AL","og_type":"article","og_title":"Poezia dhe fati i saj n\u00eb koh\u00ebt moderne - FjALA e LIR\u00cb - Arkivi","og_description":"Arjan Th. Kall\u00e7o Kur flasim p\u00ebr jet\u00ebn shoq\u00ebrore t\u00eb nj\u00eb vendi apo edhe t\u00eb bot\u00ebs, na vijn\u00eb n\u00eb mend t\u00eb gjitha ngjarjet q\u00eb nga lasht\u00ebsia e deri n\u00eb dit\u00ebt e sotme. \u00c7do gj\u00eb n\u00eb jet\u00eb, t\u00eb pakt\u00ebn \u00ebsht\u00eb v\u00ebrtetuar n\u00eb \u00e7do ndryshim, e p\u00ebrshkon ciklin e vet her\u00eb t\u00eb plot\u00eb her\u00eb t\u00eb l\u00ebn\u00eb n\u00eb mes [&hellip;]","og_url":"https:\/\/fjala.info\/2009-2015\/poezia-dhe-fati-i-saj-ne-kohet-moderne\/","og_site_name":"FjALA e LIR\u00cb - Arkivi","article_published_time":"2012-08-22T15:41:42+00:00","og_image":[{"url":"http:\/\/www.fjala.info\/2012\/arjan_kallco.jpg","type":"","width":"","height":""}],"author":"admin","twitter_card":"summary_large_image","twitter_misc":{"Written by":"admin","Est. reading time":"7 minutes"},"schema":{"@context":"https:\/\/schema.org","@graph":[{"@type":"Article","@id":"https:\/\/fjala.info\/2009-2015\/poezia-dhe-fati-i-saj-ne-kohet-moderne\/#article","isPartOf":{"@id":"https:\/\/fjala.info\/2009-2015\/poezia-dhe-fati-i-saj-ne-kohet-moderne\/"},"author":{"name":"admin","@id":"https:\/\/fjala.info\/2009-2015\/#\/schema\/person\/3aa1163ef05469c496fc94e77611ada2"},"headline":"Poezia dhe fati i saj n\u00eb koh\u00ebt moderne","datePublished":"2012-08-22T15:41:42+00:00","mainEntityOfPage":{"@id":"https:\/\/fjala.info\/2009-2015\/poezia-dhe-fati-i-saj-ne-kohet-moderne\/"},"wordCount":1334,"commentCount":0,"publisher":{"@id":"https:\/\/fjala.info\/2009-2015\/#organization"},"image":{"@id":"https:\/\/fjala.info\/2009-2015\/poezia-dhe-fati-i-saj-ne-kohet-moderne\/#primaryimage"},"thumbnailUrl":"http:\/\/www.fjala.info\/2012\/arjan_kallco.jpg","articleSection":["Artikuj","Let\u00ebrsi","Poezi"],"inLanguage":"sq-AL","potentialAction":[{"@type":"CommentAction","name":"Comment","target":["https:\/\/fjala.info\/2009-2015\/poezia-dhe-fati-i-saj-ne-kohet-moderne\/#respond"]}]},{"@type":"WebPage","@id":"https:\/\/fjala.info\/2009-2015\/poezia-dhe-fati-i-saj-ne-kohet-moderne\/","url":"https:\/\/fjala.info\/2009-2015\/poezia-dhe-fati-i-saj-ne-kohet-moderne\/","name":"Poezia dhe fati i saj n\u00eb koh\u00ebt moderne - FjALA e LIR\u00cb - Arkivi","isPartOf":{"@id":"https:\/\/fjala.info\/2009-2015\/#website"},"primaryImageOfPage":{"@id":"https:\/\/fjala.info\/2009-2015\/poezia-dhe-fati-i-saj-ne-kohet-moderne\/#primaryimage"},"image":{"@id":"https:\/\/fjala.info\/2009-2015\/poezia-dhe-fati-i-saj-ne-kohet-moderne\/#primaryimage"},"thumbnailUrl":"http:\/\/www.fjala.info\/2012\/arjan_kallco.jpg","datePublished":"2012-08-22T15:41:42+00:00","breadcrumb":{"@id":"https:\/\/fjala.info\/2009-2015\/poezia-dhe-fati-i-saj-ne-kohet-moderne\/#breadcrumb"},"inLanguage":"sq-AL","potentialAction":[{"@type":"ReadAction","target":["https:\/\/fjala.info\/2009-2015\/poezia-dhe-fati-i-saj-ne-kohet-moderne\/"]}]},{"@type":"ImageObject","inLanguage":"sq-AL","@id":"https:\/\/fjala.info\/2009-2015\/poezia-dhe-fati-i-saj-ne-kohet-moderne\/#primaryimage","url":"http:\/\/www.fjala.info\/2012\/arjan_kallco.jpg","contentUrl":"http:\/\/www.fjala.info\/2012\/arjan_kallco.jpg"},{"@type":"BreadcrumbList","@id":"https:\/\/fjala.info\/2009-2015\/poezia-dhe-fati-i-saj-ne-kohet-moderne\/#breadcrumb","itemListElement":[{"@type":"ListItem","position":1,"name":"Home","item":"https:\/\/fjala.info\/2009-2015\/"},{"@type":"ListItem","position":2,"name":"Poezia dhe fati i saj n\u00eb koh\u00ebt moderne"}]},{"@type":"WebSite","@id":"https:\/\/fjala.info\/2009-2015\/#website","url":"https:\/\/fjala.info\/2009-2015\/","name":"FjALA e LIR\u00cb - Arkivi","description":"Arkivi 2009-2015","publisher":{"@id":"https:\/\/fjala.info\/2009-2015\/#organization"},"potentialAction":[{"@type":"SearchAction","target":{"@type":"EntryPoint","urlTemplate":"https:\/\/fjala.info\/2009-2015\/?s={search_term_string}"},"query-input":{"@type":"PropertyValueSpecification","valueRequired":true,"valueName":"search_term_string"}}],"inLanguage":"sq-AL"},{"@type":"Organization","@id":"https:\/\/fjala.info\/2009-2015\/#organization","name":"FjALA e LIR\u00cb - Arkivi","url":"https:\/\/fjala.info\/2009-2015\/","logo":{"@type":"ImageObject","inLanguage":"sq-AL","@id":"https:\/\/fjala.info\/2009-2015\/#\/schema\/logo\/image\/","url":"","contentUrl":"","caption":"FjALA e LIR\u00cb - Arkivi"},"image":{"@id":"https:\/\/fjala.info\/2009-2015\/#\/schema\/logo\/image\/"}},{"@type":"Person","@id":"https:\/\/fjala.info\/2009-2015\/#\/schema\/person\/3aa1163ef05469c496fc94e77611ada2","name":"admin","image":{"@type":"ImageObject","inLanguage":"sq-AL","@id":"https:\/\/fjala.info\/2009-2015\/wp-content\/uploads\/2012\/02\/arben_cokaj-120x150.jpg","url":"https:\/\/fjala.info\/2009-2015\/wp-content\/uploads\/2012\/02\/arben_cokaj-120x150.jpg","contentUrl":"https:\/\/fjala.info\/2009-2015\/wp-content\/uploads\/2012\/02\/arben_cokaj-120x150.jpg","caption":"admin"},"description":"Admin, Fjala e Lir\u00eb","sameAs":["https:\/\/fjala.info\/"],"url":"https:\/\/fjala.info\/2009-2015\/author\/admin\/"}]}},"_links":{"self":[{"href":"https:\/\/fjala.info\/2009-2015\/wp-json\/wp\/v2\/posts\/12034","targetHints":{"allow":["GET"]}}],"collection":[{"href":"https:\/\/fjala.info\/2009-2015\/wp-json\/wp\/v2\/posts"}],"about":[{"href":"https:\/\/fjala.info\/2009-2015\/wp-json\/wp\/v2\/types\/post"}],"author":[{"embeddable":true,"href":"https:\/\/fjala.info\/2009-2015\/wp-json\/wp\/v2\/users\/1"}],"replies":[{"embeddable":true,"href":"https:\/\/fjala.info\/2009-2015\/wp-json\/wp\/v2\/comments?post=12034"}],"version-history":[{"count":0,"href":"https:\/\/fjala.info\/2009-2015\/wp-json\/wp\/v2\/posts\/12034\/revisions"}],"wp:attachment":[{"href":"https:\/\/fjala.info\/2009-2015\/wp-json\/wp\/v2\/media?parent=12034"}],"wp:term":[{"taxonomy":"category","embeddable":true,"href":"https:\/\/fjala.info\/2009-2015\/wp-json\/wp\/v2\/categories?post=12034"},{"taxonomy":"post_tag","embeddable":true,"href":"https:\/\/fjala.info\/2009-2015\/wp-json\/wp\/v2\/tags?post=12034"}],"curies":[{"name":"wp","href":"https:\/\/api.w.org\/{rel}","templated":true}]}}