{"id":12033,"date":"2012-08-22T09:04:26","date_gmt":"2012-08-22T08:04:26","guid":{"rendered":"http:\/\/www.fjala.info\/?p=4573"},"modified":"2012-08-22T09:04:26","modified_gmt":"2012-08-22T08:04:26","slug":"luksi-i-berishes-vile-me-sauna-pishina-dhe-krevate-mbreterore","status":"publish","type":"post","link":"https:\/\/fjala.info\/2009-2015\/luksi-i-berishes-vile-me-sauna-pishina-dhe-krevate-mbreterore\/","title":{"rendered":"Luksi i Berish\u00ebs, vil\u00eb me sauna pishina dhe krevate mbret\u00ebror\u00eb"},"content":{"rendered":"<p><img decoding=\"async\" class=\"alignright size-thumbnail wp-image-7236\" title=\"Vil\u00eb 3 kat\u00ebshe me luks p\u00ebr qeveritar\u00ebt n\u00eb Vlor\u00eb\" src=\"http:\/\/www.fjala.info\/2012\/vile_3_kateshe_qev_vlore.jpg\" alt=\"\" width=\"300\" \/> Politik\u00eb nga <strong>ARBEN RROZHANI<\/strong><\/p>\n<p><em>TIRANE<\/em> &#8211; Populli b\u00ebn llogari t\u00eb thjeshta. Me buk\u00ebn e goj\u00ebs. Nd\u00ebrsa Qeveria ka llogari t\u00eb tjera, q\u00eb nuk kan\u00eb t\u00eb b\u00ebjn\u00eb fare m\u00eb buk\u00ebn e goj\u00ebs, por me luksin q\u00eb vet\u00ebm multimilioner\u00ebt mund tia lejojn\u00eb vetes.<\/p>\n<p>Gazeta Shqiptarja.com zbulon detajet e rezidenc\u00ebs qeveritare num\u00ebr 1 n\u00eb Vlor\u00eb. Nj\u00eb pallat tre kat\u00ebsh, n\u00eb af\u00ebrsi t\u00eb tunelit t\u00eb Vlor\u00ebs p\u00ebr kast\u00ebn n\u00eb pushtet p\u00ebr t\u00eb kaluar fundjavat, mes arg\u00ebtimit, komfortit dhe nj\u00eb jete sheik\u00ebsh. Rezidenca kushton rreth 500 milion\u00eb lek\u00eb dhe do t\u2019i sh\u00ebrbej\u00eb qeveris\u00eb dhe ve\u00e7an\u00ebrisht kryeministrit me saun\u00eb, pishin\u00eb, dim\u00ebrore dhe t\u00eb jashtme, dhjetra tualete, dhoma gjumi me krevat\u00eb mbret\u00ebror\u00eb dhe lukse n\u00eb \u00e7do k\u00ebnd p\u00ebr pushim, mbledhje, apo d\u00ebfrim.<\/p>\n<p>Shkrimin e plot\u00eb t\u00eb shoq\u00ebruar dhe me foto nga ambientet e brendshme t\u00eb rezidenc\u00ebs do t\u00eb mund i gjeni n\u00eb numrin e sot\u00ebm t\u00eb gazet\u00ebs.<\/p>\n<p>(<em>sg.shqiptarja.com<\/em>)<\/p>\n","protected":false},"excerpt":{"rendered":"<p>Politik\u00eb nga ARBEN RROZHANI TIRANE &#8211; Populli b\u00ebn llogari t\u00eb thjeshta. Me buk\u00ebn e goj\u00ebs. Nd\u00ebrsa Qeveria ka llogari t\u00eb tjera, q\u00eb nuk kan\u00eb t\u00eb b\u00ebjn\u00eb fare m\u00eb buk\u00ebn e goj\u00ebs, por me luksin q\u00eb vet\u00ebm multimilioner\u00ebt mund tia lejojn\u00eb vetes. Gazeta Shqiptarja.com zbulon detajet e rezidenc\u00ebs qeveritare num\u00ebr 1 n\u00eb Vlor\u00eb. Nj\u00eb pallat tre [&hellip;]<\/p>\n","protected":false},"author":1,"featured_media":0,"comment_status":"open","ping_status":"closed","sticky":false,"template":"","format":"standard","meta":{"footnotes":""},"categories":[2],"tags":[],"class_list":{"0":"post-12033","1":"post","2":"type-post","3":"status-publish","4":"format-standard","6":"category-artikuj"},"yoast_head":"<!-- This site is optimized with the Yoast SEO plugin v27.4 - https:\/\/yoast.com\/product\/yoast-seo-wordpress\/ -->\n<title>Luksi i Berish\u00ebs, vil\u00eb me sauna pishina dhe krevate mbret\u00ebror\u00eb - FjALA e LIR\u00cb - Arkivi<\/title>\n<meta name=\"robots\" content=\"index, follow, max-snippet:-1, max-image-preview:large, max-video-preview:-1\" \/>\n<link rel=\"canonical\" href=\"https:\/\/fjala.info\/2009-2015\/luksi-i-berishes-vile-me-sauna-pishina-dhe-krevate-mbreterore\/\" \/>\n<meta property=\"og:locale\" content=\"sq_AL\" \/>\n<meta property=\"og:type\" content=\"article\" \/>\n<meta property=\"og:title\" content=\"Luksi i Berish\u00ebs, vil\u00eb me sauna pishina dhe krevate mbret\u00ebror\u00eb - FjALA e LIR\u00cb - Arkivi\" \/>\n<meta property=\"og:description\" content=\"Politik\u00eb nga ARBEN RROZHANI TIRANE &#8211; Populli b\u00ebn llogari t\u00eb thjeshta. Me buk\u00ebn e goj\u00ebs. Nd\u00ebrsa Qeveria ka llogari t\u00eb tjera, q\u00eb nuk kan\u00eb t\u00eb b\u00ebjn\u00eb fare m\u00eb buk\u00ebn e goj\u00ebs, por me luksin q\u00eb vet\u00ebm multimilioner\u00ebt mund tia lejojn\u00eb vetes. Gazeta Shqiptarja.com zbulon detajet e rezidenc\u00ebs qeveritare num\u00ebr 1 n\u00eb Vlor\u00eb. Nj\u00eb pallat tre [&hellip;]\" \/>\n<meta property=\"og:url\" content=\"https:\/\/fjala.info\/2009-2015\/luksi-i-berishes-vile-me-sauna-pishina-dhe-krevate-mbreterore\/\" \/>\n<meta property=\"og:site_name\" content=\"FjALA e LIR\u00cb - Arkivi\" \/>\n<meta property=\"article:published_time\" content=\"2012-08-22T08:04:26+00:00\" \/>\n<meta property=\"og:image\" content=\"http:\/\/www.fjala.info\/2012\/vile_3_kateshe_qev_vlore.jpg\" \/>\n<meta name=\"author\" content=\"admin\" \/>\n<meta name=\"twitter:card\" content=\"summary_large_image\" \/>\n<meta name=\"twitter:label1\" content=\"Written by\" \/>\n\t<meta name=\"twitter:data1\" content=\"admin\" \/>\n\t<meta name=\"twitter:label2\" content=\"Est. reading time\" \/>\n\t<meta name=\"twitter:data2\" content=\"1 minute\" \/>\n<script type=\"application\/ld+json\" class=\"yoast-schema-graph\">{\"@context\":\"https:\\\/\\\/schema.org\",\"@graph\":[{\"@type\":\"Article\",\"@id\":\"https:\\\/\\\/fjala.info\\\/2009-2015\\\/luksi-i-berishes-vile-me-sauna-pishina-dhe-krevate-mbreterore\\\/#article\",\"isPartOf\":{\"@id\":\"https:\\\/\\\/fjala.info\\\/2009-2015\\\/luksi-i-berishes-vile-me-sauna-pishina-dhe-krevate-mbreterore\\\/\"},\"author\":{\"name\":\"admin\",\"@id\":\"https:\\\/\\\/fjala.info\\\/2009-2015\\\/#\\\/schema\\\/person\\\/3aa1163ef05469c496fc94e77611ada2\"},\"headline\":\"Luksi i Berish\u00ebs, vil\u00eb me sauna pishina dhe krevate mbret\u00ebror\u00eb\",\"datePublished\":\"2012-08-22T08:04:26+00:00\",\"mainEntityOfPage\":{\"@id\":\"https:\\\/\\\/fjala.info\\\/2009-2015\\\/luksi-i-berishes-vile-me-sauna-pishina-dhe-krevate-mbreterore\\\/\"},\"wordCount\":186,\"commentCount\":0,\"publisher\":{\"@id\":\"https:\\\/\\\/fjala.info\\\/2009-2015\\\/#organization\"},\"image\":{\"@id\":\"https:\\\/\\\/fjala.info\\\/2009-2015\\\/luksi-i-berishes-vile-me-sauna-pishina-dhe-krevate-mbreterore\\\/#primaryimage\"},\"thumbnailUrl\":\"http:\\\/\\\/www.fjala.info\\\/2012\\\/vile_3_kateshe_qev_vlore.jpg\",\"articleSection\":[\"Artikuj\"],\"inLanguage\":\"sq-AL\",\"potentialAction\":[{\"@type\":\"CommentAction\",\"name\":\"Comment\",\"target\":[\"https:\\\/\\\/fjala.info\\\/2009-2015\\\/luksi-i-berishes-vile-me-sauna-pishina-dhe-krevate-mbreterore\\\/#respond\"]}]},{\"@type\":\"WebPage\",\"@id\":\"https:\\\/\\\/fjala.info\\\/2009-2015\\\/luksi-i-berishes-vile-me-sauna-pishina-dhe-krevate-mbreterore\\\/\",\"url\":\"https:\\\/\\\/fjala.info\\\/2009-2015\\\/luksi-i-berishes-vile-me-sauna-pishina-dhe-krevate-mbreterore\\\/\",\"name\":\"Luksi i Berish\u00ebs, vil\u00eb me sauna pishina dhe krevate mbret\u00ebror\u00eb - FjALA e LIR\u00cb - Arkivi\",\"isPartOf\":{\"@id\":\"https:\\\/\\\/fjala.info\\\/2009-2015\\\/#website\"},\"primaryImageOfPage\":{\"@id\":\"https:\\\/\\\/fjala.info\\\/2009-2015\\\/luksi-i-berishes-vile-me-sauna-pishina-dhe-krevate-mbreterore\\\/#primaryimage\"},\"image\":{\"@id\":\"https:\\\/\\\/fjala.info\\\/2009-2015\\\/luksi-i-berishes-vile-me-sauna-pishina-dhe-krevate-mbreterore\\\/#primaryimage\"},\"thumbnailUrl\":\"http:\\\/\\\/www.fjala.info\\\/2012\\\/vile_3_kateshe_qev_vlore.jpg\",\"datePublished\":\"2012-08-22T08:04:26+00:00\",\"breadcrumb\":{\"@id\":\"https:\\\/\\\/fjala.info\\\/2009-2015\\\/luksi-i-berishes-vile-me-sauna-pishina-dhe-krevate-mbreterore\\\/#breadcrumb\"},\"inLanguage\":\"sq-AL\",\"potentialAction\":[{\"@type\":\"ReadAction\",\"target\":[\"https:\\\/\\\/fjala.info\\\/2009-2015\\\/luksi-i-berishes-vile-me-sauna-pishina-dhe-krevate-mbreterore\\\/\"]}]},{\"@type\":\"ImageObject\",\"inLanguage\":\"sq-AL\",\"@id\":\"https:\\\/\\\/fjala.info\\\/2009-2015\\\/luksi-i-berishes-vile-me-sauna-pishina-dhe-krevate-mbreterore\\\/#primaryimage\",\"url\":\"http:\\\/\\\/www.fjala.info\\\/2012\\\/vile_3_kateshe_qev_vlore.jpg\",\"contentUrl\":\"http:\\\/\\\/www.fjala.info\\\/2012\\\/vile_3_kateshe_qev_vlore.jpg\"},{\"@type\":\"BreadcrumbList\",\"@id\":\"https:\\\/\\\/fjala.info\\\/2009-2015\\\/luksi-i-berishes-vile-me-sauna-pishina-dhe-krevate-mbreterore\\\/#breadcrumb\",\"itemListElement\":[{\"@type\":\"ListItem\",\"position\":1,\"name\":\"Home\",\"item\":\"https:\\\/\\\/fjala.info\\\/2009-2015\\\/\"},{\"@type\":\"ListItem\",\"position\":2,\"name\":\"Luksi i Berish\u00ebs, vil\u00eb me sauna pishina dhe krevate mbret\u00ebror\u00eb\"}]},{\"@type\":\"WebSite\",\"@id\":\"https:\\\/\\\/fjala.info\\\/2009-2015\\\/#website\",\"url\":\"https:\\\/\\\/fjala.info\\\/2009-2015\\\/\",\"name\":\"FjALA e LIR\u00cb - Arkivi\",\"description\":\"Arkivi 2009-2015\",\"publisher\":{\"@id\":\"https:\\\/\\\/fjala.info\\\/2009-2015\\\/#organization\"},\"potentialAction\":[{\"@type\":\"SearchAction\",\"target\":{\"@type\":\"EntryPoint\",\"urlTemplate\":\"https:\\\/\\\/fjala.info\\\/2009-2015\\\/?s={search_term_string}\"},\"query-input\":{\"@type\":\"PropertyValueSpecification\",\"valueRequired\":true,\"valueName\":\"search_term_string\"}}],\"inLanguage\":\"sq-AL\"},{\"@type\":\"Organization\",\"@id\":\"https:\\\/\\\/fjala.info\\\/2009-2015\\\/#organization\",\"name\":\"FjALA e LIR\u00cb - Arkivi\",\"url\":\"https:\\\/\\\/fjala.info\\\/2009-2015\\\/\",\"logo\":{\"@type\":\"ImageObject\",\"inLanguage\":\"sq-AL\",\"@id\":\"https:\\\/\\\/fjala.info\\\/2009-2015\\\/#\\\/schema\\\/logo\\\/image\\\/\",\"url\":\"\",\"contentUrl\":\"\",\"caption\":\"FjALA e LIR\u00cb - Arkivi\"},\"image\":{\"@id\":\"https:\\\/\\\/fjala.info\\\/2009-2015\\\/#\\\/schema\\\/logo\\\/image\\\/\"}},{\"@type\":\"Person\",\"@id\":\"https:\\\/\\\/fjala.info\\\/2009-2015\\\/#\\\/schema\\\/person\\\/3aa1163ef05469c496fc94e77611ada2\",\"name\":\"admin\",\"image\":{\"@type\":\"ImageObject\",\"inLanguage\":\"sq-AL\",\"@id\":\"https:\\\/\\\/fjala.info\\\/2009-2015\\\/wp-content\\\/uploads\\\/2012\\\/02\\\/arben_cokaj-120x150.jpg\",\"url\":\"https:\\\/\\\/fjala.info\\\/2009-2015\\\/wp-content\\\/uploads\\\/2012\\\/02\\\/arben_cokaj-120x150.jpg\",\"contentUrl\":\"https:\\\/\\\/fjala.info\\\/2009-2015\\\/wp-content\\\/uploads\\\/2012\\\/02\\\/arben_cokaj-120x150.jpg\",\"caption\":\"admin\"},\"description\":\"Admin, Fjala e Lir\u00eb\",\"sameAs\":[\"https:\\\/\\\/fjala.info\\\/\"],\"url\":\"https:\\\/\\\/fjala.info\\\/2009-2015\\\/author\\\/admin\\\/\"}]}<\/script>\n<!-- \/ Yoast SEO plugin. -->","yoast_head_json":{"title":"Luksi i Berish\u00ebs, vil\u00eb me sauna pishina dhe krevate mbret\u00ebror\u00eb - FjALA e LIR\u00cb - Arkivi","robots":{"index":"index","follow":"follow","max-snippet":"max-snippet:-1","max-image-preview":"max-image-preview:large","max-video-preview":"max-video-preview:-1"},"canonical":"https:\/\/fjala.info\/2009-2015\/luksi-i-berishes-vile-me-sauna-pishina-dhe-krevate-mbreterore\/","og_locale":"sq_AL","og_type":"article","og_title":"Luksi i Berish\u00ebs, vil\u00eb me sauna pishina dhe krevate mbret\u00ebror\u00eb - FjALA e LIR\u00cb - Arkivi","og_description":"Politik\u00eb nga ARBEN RROZHANI TIRANE &#8211; Populli b\u00ebn llogari t\u00eb thjeshta. Me buk\u00ebn e goj\u00ebs. Nd\u00ebrsa Qeveria ka llogari t\u00eb tjera, q\u00eb nuk kan\u00eb t\u00eb b\u00ebjn\u00eb fare m\u00eb buk\u00ebn e goj\u00ebs, por me luksin q\u00eb vet\u00ebm multimilioner\u00ebt mund tia lejojn\u00eb vetes. Gazeta Shqiptarja.com zbulon detajet e rezidenc\u00ebs qeveritare num\u00ebr 1 n\u00eb Vlor\u00eb. Nj\u00eb pallat tre [&hellip;]","og_url":"https:\/\/fjala.info\/2009-2015\/luksi-i-berishes-vile-me-sauna-pishina-dhe-krevate-mbreterore\/","og_site_name":"FjALA e LIR\u00cb - Arkivi","article_published_time":"2012-08-22T08:04:26+00:00","og_image":[{"url":"http:\/\/www.fjala.info\/2012\/vile_3_kateshe_qev_vlore.jpg","type":"","width":"","height":""}],"author":"admin","twitter_card":"summary_large_image","twitter_misc":{"Written by":"admin","Est. reading time":"1 minute"},"schema":{"@context":"https:\/\/schema.org","@graph":[{"@type":"Article","@id":"https:\/\/fjala.info\/2009-2015\/luksi-i-berishes-vile-me-sauna-pishina-dhe-krevate-mbreterore\/#article","isPartOf":{"@id":"https:\/\/fjala.info\/2009-2015\/luksi-i-berishes-vile-me-sauna-pishina-dhe-krevate-mbreterore\/"},"author":{"name":"admin","@id":"https:\/\/fjala.info\/2009-2015\/#\/schema\/person\/3aa1163ef05469c496fc94e77611ada2"},"headline":"Luksi i Berish\u00ebs, vil\u00eb me sauna pishina dhe krevate mbret\u00ebror\u00eb","datePublished":"2012-08-22T08:04:26+00:00","mainEntityOfPage":{"@id":"https:\/\/fjala.info\/2009-2015\/luksi-i-berishes-vile-me-sauna-pishina-dhe-krevate-mbreterore\/"},"wordCount":186,"commentCount":0,"publisher":{"@id":"https:\/\/fjala.info\/2009-2015\/#organization"},"image":{"@id":"https:\/\/fjala.info\/2009-2015\/luksi-i-berishes-vile-me-sauna-pishina-dhe-krevate-mbreterore\/#primaryimage"},"thumbnailUrl":"http:\/\/www.fjala.info\/2012\/vile_3_kateshe_qev_vlore.jpg","articleSection":["Artikuj"],"inLanguage":"sq-AL","potentialAction":[{"@type":"CommentAction","name":"Comment","target":["https:\/\/fjala.info\/2009-2015\/luksi-i-berishes-vile-me-sauna-pishina-dhe-krevate-mbreterore\/#respond"]}]},{"@type":"WebPage","@id":"https:\/\/fjala.info\/2009-2015\/luksi-i-berishes-vile-me-sauna-pishina-dhe-krevate-mbreterore\/","url":"https:\/\/fjala.info\/2009-2015\/luksi-i-berishes-vile-me-sauna-pishina-dhe-krevate-mbreterore\/","name":"Luksi i Berish\u00ebs, vil\u00eb me sauna pishina dhe krevate mbret\u00ebror\u00eb - FjALA e LIR\u00cb - Arkivi","isPartOf":{"@id":"https:\/\/fjala.info\/2009-2015\/#website"},"primaryImageOfPage":{"@id":"https:\/\/fjala.info\/2009-2015\/luksi-i-berishes-vile-me-sauna-pishina-dhe-krevate-mbreterore\/#primaryimage"},"image":{"@id":"https:\/\/fjala.info\/2009-2015\/luksi-i-berishes-vile-me-sauna-pishina-dhe-krevate-mbreterore\/#primaryimage"},"thumbnailUrl":"http:\/\/www.fjala.info\/2012\/vile_3_kateshe_qev_vlore.jpg","datePublished":"2012-08-22T08:04:26+00:00","breadcrumb":{"@id":"https:\/\/fjala.info\/2009-2015\/luksi-i-berishes-vile-me-sauna-pishina-dhe-krevate-mbreterore\/#breadcrumb"},"inLanguage":"sq-AL","potentialAction":[{"@type":"ReadAction","target":["https:\/\/fjala.info\/2009-2015\/luksi-i-berishes-vile-me-sauna-pishina-dhe-krevate-mbreterore\/"]}]},{"@type":"ImageObject","inLanguage":"sq-AL","@id":"https:\/\/fjala.info\/2009-2015\/luksi-i-berishes-vile-me-sauna-pishina-dhe-krevate-mbreterore\/#primaryimage","url":"http:\/\/www.fjala.info\/2012\/vile_3_kateshe_qev_vlore.jpg","contentUrl":"http:\/\/www.fjala.info\/2012\/vile_3_kateshe_qev_vlore.jpg"},{"@type":"BreadcrumbList","@id":"https:\/\/fjala.info\/2009-2015\/luksi-i-berishes-vile-me-sauna-pishina-dhe-krevate-mbreterore\/#breadcrumb","itemListElement":[{"@type":"ListItem","position":1,"name":"Home","item":"https:\/\/fjala.info\/2009-2015\/"},{"@type":"ListItem","position":2,"name":"Luksi i Berish\u00ebs, vil\u00eb me sauna pishina dhe krevate mbret\u00ebror\u00eb"}]},{"@type":"WebSite","@id":"https:\/\/fjala.info\/2009-2015\/#website","url":"https:\/\/fjala.info\/2009-2015\/","name":"FjALA e LIR\u00cb - Arkivi","description":"Arkivi 2009-2015","publisher":{"@id":"https:\/\/fjala.info\/2009-2015\/#organization"},"potentialAction":[{"@type":"SearchAction","target":{"@type":"EntryPoint","urlTemplate":"https:\/\/fjala.info\/2009-2015\/?s={search_term_string}"},"query-input":{"@type":"PropertyValueSpecification","valueRequired":true,"valueName":"search_term_string"}}],"inLanguage":"sq-AL"},{"@type":"Organization","@id":"https:\/\/fjala.info\/2009-2015\/#organization","name":"FjALA e LIR\u00cb - Arkivi","url":"https:\/\/fjala.info\/2009-2015\/","logo":{"@type":"ImageObject","inLanguage":"sq-AL","@id":"https:\/\/fjala.info\/2009-2015\/#\/schema\/logo\/image\/","url":"","contentUrl":"","caption":"FjALA e LIR\u00cb - Arkivi"},"image":{"@id":"https:\/\/fjala.info\/2009-2015\/#\/schema\/logo\/image\/"}},{"@type":"Person","@id":"https:\/\/fjala.info\/2009-2015\/#\/schema\/person\/3aa1163ef05469c496fc94e77611ada2","name":"admin","image":{"@type":"ImageObject","inLanguage":"sq-AL","@id":"https:\/\/fjala.info\/2009-2015\/wp-content\/uploads\/2012\/02\/arben_cokaj-120x150.jpg","url":"https:\/\/fjala.info\/2009-2015\/wp-content\/uploads\/2012\/02\/arben_cokaj-120x150.jpg","contentUrl":"https:\/\/fjala.info\/2009-2015\/wp-content\/uploads\/2012\/02\/arben_cokaj-120x150.jpg","caption":"admin"},"description":"Admin, Fjala e Lir\u00eb","sameAs":["https:\/\/fjala.info\/"],"url":"https:\/\/fjala.info\/2009-2015\/author\/admin\/"}]}},"_links":{"self":[{"href":"https:\/\/fjala.info\/2009-2015\/wp-json\/wp\/v2\/posts\/12033","targetHints":{"allow":["GET"]}}],"collection":[{"href":"https:\/\/fjala.info\/2009-2015\/wp-json\/wp\/v2\/posts"}],"about":[{"href":"https:\/\/fjala.info\/2009-2015\/wp-json\/wp\/v2\/types\/post"}],"author":[{"embeddable":true,"href":"https:\/\/fjala.info\/2009-2015\/wp-json\/wp\/v2\/users\/1"}],"replies":[{"embeddable":true,"href":"https:\/\/fjala.info\/2009-2015\/wp-json\/wp\/v2\/comments?post=12033"}],"version-history":[{"count":0,"href":"https:\/\/fjala.info\/2009-2015\/wp-json\/wp\/v2\/posts\/12033\/revisions"}],"wp:attachment":[{"href":"https:\/\/fjala.info\/2009-2015\/wp-json\/wp\/v2\/media?parent=12033"}],"wp:term":[{"taxonomy":"category","embeddable":true,"href":"https:\/\/fjala.info\/2009-2015\/wp-json\/wp\/v2\/categories?post=12033"},{"taxonomy":"post_tag","embeddable":true,"href":"https:\/\/fjala.info\/2009-2015\/wp-json\/wp\/v2\/tags?post=12033"}],"curies":[{"name":"wp","href":"https:\/\/api.w.org\/{rel}","templated":true}]}}