{"id":12032,"date":"2012-08-22T08:30:59","date_gmt":"2012-08-22T07:30:59","guid":{"rendered":"http:\/\/www.fjala.info\/?p=4570"},"modified":"2012-08-22T08:30:59","modified_gmt":"2012-08-22T07:30:59","slug":"hendeku-qe-berisha-nuk-do-qe-ta-fshehe","status":"publish","type":"post","link":"https:\/\/fjala.info\/2009-2015\/hendeku-qe-berisha-nuk-do-qe-ta-fshehe\/","title":{"rendered":"Hendeku q\u00eb Berisha nuk do q\u00eb ta fsheh\u00eb"},"content":{"rendered":"<p><img decoding=\"async\" class=\"alignright size-thumbnail wp-image-7236\" title=\"Mero Baze\" src=\"http:\/\/www.fjala.info\/2012\/mero_baze.jpg\" alt=\"\" width=\"150\" \/> Nga <strong>Mero Baze<\/strong>, <em>21 Gusht 2012<\/em><\/p>\n<p>Kur Berisha e p\u00ebrs\u00ebrit nj\u00eb gj\u00eb disa here, e ka nj\u00eb hall. Ka tri dit\u00eb rresht, q\u00eb nxjerr nga nj\u00eb deputet te vet t\u00eb sulmoj\u00eb Bahri Shaqirin, ish shefin e SHISH, i cili \u00ebsht\u00eb drejtori m\u00eb jet\u00ebgjat\u00eb i atij institucioni, fal\u00eb k\u00ebmb\u00ebnguljes amerikane p\u00ebr t\u00eb mos u larguar nga ajo detyr\u00eb. Shkarkimi befasish\u00ebm i tij prej Berish\u00ebs, u pasua me nj\u00eb shprehje habie nga autoritet amerikane \u201cp\u00ebr koh\u00ebn dhe arsyet\u201d dhe m\u00eb pas me nj\u00eb supervler\u00ebsim nga ambasadori amerikan Arvizu, p\u00ebr pun\u00ebn e tij dhe porosin\u00eb q\u00eb pasardh\u00ebsi i em\u00ebruar prej Berish\u00ebs, t\u00eb sillet si ai.<\/p>\n<p>Duket se ka mjaftuar pik\u00ebrisht ky vler\u00ebsim i ambasadorit Arvizu dhe sidomos porosia e tij p\u00ebr Visho Ajazin, p\u00ebr ta futur Berish\u00ebn n\u00eb nj\u00eb luft\u00eb kund\u00ebr k\u00ebtij q\u00ebndrimi publik t\u00eb qeveris\u00eb amerikane.<\/p>\n<p>P\u00ebr t\u00eb tret\u00ebn dit\u00eb rradhazi, nj\u00eb deputet i Partis\u00eb Demokratike, del nj\u00ebsoj si ajo \u00e7up\u00eblina e PD-s\u00eb, e cila lexon nj\u00eb deklarat\u00eb p\u00ebr imunitetin, duke lexuar tashm\u00eb nj\u00eb deklarat\u00eb kund\u00ebr Bahri Shaqirit dhe m\u00ebnyr\u00ebs se si ai ka drejtuar SHISH.<\/p>\n<p>Dhe, lista e t\u00eb p\u00ebrzgjedhurve nuk \u00ebsht\u00eb rast\u00ebsore. I pari q\u00eb u p\u00ebrdor n\u00eb k\u00ebt\u00eb fushat\u00eb ishte Genc Pollo, nj\u00eb njeri q\u00eb Berisha e beson m\u00eb pak se k\u00ebmish\u00ebn e vet. Duke dyshuar p\u00ebr ndonj\u00eb flirt t\u00eb tij me diplomat\u00ebt amerikan\u00eb, ai e nxorri at\u00eb t\u00eb parin, p\u00ebr t\u00eb shpallur q\u00ebndrimin e qeveris\u00eb kund\u00ebr ambasadorit amerikan p\u00ebr k\u00ebt\u00eb \u00e7\u00ebshtje.<\/p>\n<p>T\u00eb dytin n\u00eb radh\u00eb nxorri Enkelejd Alibeajn, nj\u00eb Haxhi q\u00eb shkon n\u00eb Mek\u00eb, dhe q\u00eb n\u00eb dosjet e SHISH rezulton si njeri i lidhur me qarqe t\u00eb dyshimta myslimane n\u00eb mes t\u00eb viteve 90-t\u00eb.<\/p>\n<p>I treti n\u00eb radh\u00eb ishte Tritan Shehu, i cili p\u00ebrdoret rregullisht p\u00ebr t\u00eb th\u00ebn\u00eb gj\u00ebra t\u00eb pacipa, q\u00eb nuk i merr p\u00ebrsip\u00ebr askush nga PD-ja, edhe pse aty kan\u00eb ngelur shum\u00eb pak njer\u00ebz me cip\u00eb.<\/p>\n<p>Dalja p\u00ebr t\u00eb tret\u00ebn dit\u00eb rresht e deputeteve t\u00eb PD-s\u00eb, p\u00ebr t\u00eb deklaruar se Bahri Shaqiri e ka drejtuar SHISH keq, biles e ka politizuar at\u00eb, \u00ebsht\u00eb nj\u00eb q\u00ebndrim i qart\u00eb kund\u00ebr q\u00ebndrimit amerikan.<\/p>\n<p>Bahri Shaqiri nuk \u00ebsht\u00eb ndonj\u00eb njeri popullor n\u00eb vend, biles at\u00eb e njohin shum\u00eb pak persona. Ai njihet vet\u00ebm si nj\u00eb shef sh\u00ebrbimi q\u00eb ka qen\u00eb luajal maksimalisht me SHBA-n\u00eb dhe q\u00eb shpresojm\u00eb t\u00eb ket\u00eb ndihmuar pun\u00ebt e tyre n\u00eb Shqip\u00ebri dhe Ballkan. Por, askush nga opozita nuk ka ndonj\u00eb simpati t\u00eb ve\u00e7ant\u00eb politike p\u00ebr t\u00eb, qoft\u00eb dhe p\u00ebr arsyen e vetme se po t\u00eb donte t\u00eb ndihmonte opozit\u00ebn, do t\u00eb mjaftonin tabulatet e Shk\u00eblzenit p\u00ebr medien, p\u00ebr t\u00eb hedhur qeverin\u00eb p\u00ebr 5 minuta.<\/p>\n<p>Sali Berisha e di mir\u00eb k\u00ebt\u00eb nder q\u00eb ai ia ka b\u00ebr\u00eb jo nga d\u00ebshira, por nga korrekt\u00ebsia si njeri i depolitizuar, dhe q\u00eb \u00ebsht\u00eb nj\u00eb nga arsyet e m\u00ebdha p\u00ebrse Berisha e do me \u00e7do kusht kontrollin mbi SHISH. Por, sulmi q\u00eb Berisha vazhdon t\u2019i b\u00ebj\u00eb edhe pasi \u00ebsht\u00eb larguar, nuk ka t\u00eb b\u00ebj\u00eb me t\u00eb, por me nevoj\u00ebn q\u00eb Berisha ka p\u00ebr t\u00eb ndryshuar kursin e SHISH, dhe p\u00ebr t\u00eb justifikuar pik\u00ebrisht p\u00ebrfshirjen n\u00eb politik\u00eb t\u00eb tij.<\/p>\n<p>N\u00eb k\u00ebto kushte, debati n\u00ebse SHBA \u00ebsht\u00eb dakord apo jo me ndryshimet n\u00eb SHISH \u00ebsht\u00eb qesharak dhe banal, dhe \u00ebsht\u00eb pjes\u00eb e debateve q\u00eb Berisha po nxit p\u00ebr ndryshimet n\u00eb SHISH.<\/p>\n<p>SHBA e kan\u00eb mbajtur Shaqirin n\u00eb krye t\u00eb SHSH duke gjetur gjuh\u00ebn me qeverin\u00eb partnere t\u00eb tyre deri n\u00eb vitin 2005 dhe duke p\u00ebrdorur dualitetin President- Kryeminist\u00ebr qe nga viti 2005 deri m\u00eb 2012. N\u00eb asnj\u00eb moment qeveria e SHBA-s\u00eb dhe Berisha nuk kan\u00eb pasur ndonj\u00eb mir\u00ebkuptim p\u00ebr q\u00ebndrimin e Shaqirit n\u00eb krye t\u00eb SHISH. Dhe, kur dy qeveri nuk kan\u00eb mir\u00ebkuptim p\u00ebr nj\u00eb \u00e7\u00ebshtje p\u00ebr 7 vjet, nuk ka kuptim t\u00eb thuhet q\u00eb pasi nj\u00ebra pal\u00eb e ka b\u00ebr\u00eb fakt t\u00eb kyer, ekziston mir\u00ebkuptimi dhe i pal\u00ebs tjet\u00ebr.<\/p>\n<p>SHBA natyrisht nuk ka nd\u00ebrmend t\u00eb sjell\u00eb Flot\u00ebn e Gjasht\u00eb n\u00eb Adriatik p\u00ebr Bahri Shaqirin dhe as t\u00eb nxjerr\u00eb terrorist nd\u00ebrkomb\u00ebtar Visho Ajazin. N\u00eb fund t\u00eb fundit, t\u00eb dy k\u00ebta emra po lakohen jo p\u00ebr \u00e7far\u00eb jan\u00eb, por p\u00ebr at\u00eb se kush i ka mb\u00ebshtetur dhe i mb\u00ebshtet. SHBA thjesht\u00eb k\u00ebrkon ti thot\u00eb qeveris\u00eb shqiptare q\u00eb d\u00ebshiron t\u00eb nj\u00ebjt\u00ebn konfidenc\u00eb dhe marredh\u00ebnie q\u00eb ka pasur me ish kryetarin e SHISH , dhe t\u00eb nj\u00ebjtin profil t\u00eb kryetarit si ish kryetari.<\/p>\n<p>Kjo nuk i ka p\u00eblqyer Sali Berish\u00ebs dhe ka tri dit\u00eb rresht q\u00eb po ul\u00ebret me papagall\u00ebt e vet, q\u00eb Bahri Shaqiri ka qen\u00eb i politizuar, pu\u00e7ist, dhe q\u00eb normalisht trash\u00ebgimia e tij duhet t\u00eb hidhet posht\u00eb.<\/p>\n<p>Ky \u00ebsht\u00eb v\u00ebrtet nj\u00eb zhvillim real mes qeveris\u00eb s\u00eb Berish\u00ebs dhe qeveris\u00eb s\u00eb SHBA-s\u00eb, lidhur me SHISH. \u00cbsht\u00eb diferenca mes asaj si ka qen\u00eb SHISH dhe si e do SHBA, dhe asaj se si e do Berisha. \u00cbsht\u00eb hendek i thell\u00eb, t\u00eb cilin Berisha \u00e7udit\u00ebrisht nuk do q\u00eb ta fsheh\u00eb, por do t\u00eb na e tregoj\u00eb p\u00ebrdit\u00eb.<\/p>\n","protected":false},"excerpt":{"rendered":"<p>Nga Mero Baze, 21 Gusht 2012 Kur Berisha e p\u00ebrs\u00ebrit nj\u00eb gj\u00eb disa here, e ka nj\u00eb hall. Ka tri dit\u00eb rresht, q\u00eb nxjerr nga nj\u00eb deputet te vet t\u00eb sulmoj\u00eb Bahri Shaqirin, ish shefin e SHISH, i cili \u00ebsht\u00eb drejtori m\u00eb jet\u00ebgjat\u00eb i atij institucioni, fal\u00eb k\u00ebmb\u00ebnguljes amerikane p\u00ebr t\u00eb mos u larguar nga [&hellip;]<\/p>\n","protected":false},"author":1,"featured_media":0,"comment_status":"open","ping_status":"closed","sticky":false,"template":"","format":"standard","meta":{"footnotes":""},"categories":[2],"tags":[],"class_list":{"0":"post-12032","1":"post","2":"type-post","3":"status-publish","4":"format-standard","6":"category-artikuj"},"yoast_head":"<!-- This site is optimized with the Yoast SEO plugin v27.4 - https:\/\/yoast.com\/product\/yoast-seo-wordpress\/ -->\n<title>Hendeku q\u00eb Berisha nuk do q\u00eb ta fsheh\u00eb - FjALA e LIR\u00cb - Arkivi<\/title>\n<meta name=\"robots\" content=\"index, follow, max-snippet:-1, max-image-preview:large, max-video-preview:-1\" \/>\n<link rel=\"canonical\" href=\"https:\/\/fjala.info\/2009-2015\/hendeku-qe-berisha-nuk-do-qe-ta-fshehe\/\" \/>\n<meta property=\"og:locale\" content=\"sq_AL\" \/>\n<meta property=\"og:type\" content=\"article\" \/>\n<meta property=\"og:title\" content=\"Hendeku q\u00eb Berisha nuk do q\u00eb ta fsheh\u00eb - FjALA e LIR\u00cb - Arkivi\" \/>\n<meta property=\"og:description\" content=\"Nga Mero Baze, 21 Gusht 2012 Kur Berisha e p\u00ebrs\u00ebrit nj\u00eb gj\u00eb disa here, e ka nj\u00eb hall. Ka tri dit\u00eb rresht, q\u00eb nxjerr nga nj\u00eb deputet te vet t\u00eb sulmoj\u00eb Bahri Shaqirin, ish shefin e SHISH, i cili \u00ebsht\u00eb drejtori m\u00eb jet\u00ebgjat\u00eb i atij institucioni, fal\u00eb k\u00ebmb\u00ebnguljes amerikane p\u00ebr t\u00eb mos u larguar nga [&hellip;]\" \/>\n<meta property=\"og:url\" content=\"https:\/\/fjala.info\/2009-2015\/hendeku-qe-berisha-nuk-do-qe-ta-fshehe\/\" \/>\n<meta property=\"og:site_name\" content=\"FjALA e LIR\u00cb - Arkivi\" \/>\n<meta property=\"article:published_time\" content=\"2012-08-22T07:30:59+00:00\" \/>\n<meta property=\"og:image\" content=\"http:\/\/www.fjala.info\/2012\/mero_baze.jpg\" \/>\n<meta name=\"author\" content=\"admin\" \/>\n<meta name=\"twitter:card\" content=\"summary_large_image\" \/>\n<meta name=\"twitter:label1\" content=\"Written by\" \/>\n\t<meta name=\"twitter:data1\" content=\"admin\" \/>\n\t<meta name=\"twitter:label2\" content=\"Est. reading time\" \/>\n\t<meta name=\"twitter:data2\" content=\"5 minutes\" \/>\n<script type=\"application\/ld+json\" class=\"yoast-schema-graph\">{\"@context\":\"https:\\\/\\\/schema.org\",\"@graph\":[{\"@type\":\"Article\",\"@id\":\"https:\\\/\\\/fjala.info\\\/2009-2015\\\/hendeku-qe-berisha-nuk-do-qe-ta-fshehe\\\/#article\",\"isPartOf\":{\"@id\":\"https:\\\/\\\/fjala.info\\\/2009-2015\\\/hendeku-qe-berisha-nuk-do-qe-ta-fshehe\\\/\"},\"author\":{\"name\":\"admin\",\"@id\":\"https:\\\/\\\/fjala.info\\\/2009-2015\\\/#\\\/schema\\\/person\\\/3aa1163ef05469c496fc94e77611ada2\"},\"headline\":\"Hendeku q\u00eb Berisha nuk do q\u00eb ta fsheh\u00eb\",\"datePublished\":\"2012-08-22T07:30:59+00:00\",\"mainEntityOfPage\":{\"@id\":\"https:\\\/\\\/fjala.info\\\/2009-2015\\\/hendeku-qe-berisha-nuk-do-qe-ta-fshehe\\\/\"},\"wordCount\":920,\"commentCount\":0,\"publisher\":{\"@id\":\"https:\\\/\\\/fjala.info\\\/2009-2015\\\/#organization\"},\"image\":{\"@id\":\"https:\\\/\\\/fjala.info\\\/2009-2015\\\/hendeku-qe-berisha-nuk-do-qe-ta-fshehe\\\/#primaryimage\"},\"thumbnailUrl\":\"http:\\\/\\\/www.fjala.info\\\/2012\\\/mero_baze.jpg\",\"articleSection\":[\"Artikuj\"],\"inLanguage\":\"sq-AL\",\"potentialAction\":[{\"@type\":\"CommentAction\",\"name\":\"Comment\",\"target\":[\"https:\\\/\\\/fjala.info\\\/2009-2015\\\/hendeku-qe-berisha-nuk-do-qe-ta-fshehe\\\/#respond\"]}]},{\"@type\":\"WebPage\",\"@id\":\"https:\\\/\\\/fjala.info\\\/2009-2015\\\/hendeku-qe-berisha-nuk-do-qe-ta-fshehe\\\/\",\"url\":\"https:\\\/\\\/fjala.info\\\/2009-2015\\\/hendeku-qe-berisha-nuk-do-qe-ta-fshehe\\\/\",\"name\":\"Hendeku q\u00eb Berisha nuk do q\u00eb ta fsheh\u00eb - FjALA e LIR\u00cb - Arkivi\",\"isPartOf\":{\"@id\":\"https:\\\/\\\/fjala.info\\\/2009-2015\\\/#website\"},\"primaryImageOfPage\":{\"@id\":\"https:\\\/\\\/fjala.info\\\/2009-2015\\\/hendeku-qe-berisha-nuk-do-qe-ta-fshehe\\\/#primaryimage\"},\"image\":{\"@id\":\"https:\\\/\\\/fjala.info\\\/2009-2015\\\/hendeku-qe-berisha-nuk-do-qe-ta-fshehe\\\/#primaryimage\"},\"thumbnailUrl\":\"http:\\\/\\\/www.fjala.info\\\/2012\\\/mero_baze.jpg\",\"datePublished\":\"2012-08-22T07:30:59+00:00\",\"breadcrumb\":{\"@id\":\"https:\\\/\\\/fjala.info\\\/2009-2015\\\/hendeku-qe-berisha-nuk-do-qe-ta-fshehe\\\/#breadcrumb\"},\"inLanguage\":\"sq-AL\",\"potentialAction\":[{\"@type\":\"ReadAction\",\"target\":[\"https:\\\/\\\/fjala.info\\\/2009-2015\\\/hendeku-qe-berisha-nuk-do-qe-ta-fshehe\\\/\"]}]},{\"@type\":\"ImageObject\",\"inLanguage\":\"sq-AL\",\"@id\":\"https:\\\/\\\/fjala.info\\\/2009-2015\\\/hendeku-qe-berisha-nuk-do-qe-ta-fshehe\\\/#primaryimage\",\"url\":\"http:\\\/\\\/www.fjala.info\\\/2012\\\/mero_baze.jpg\",\"contentUrl\":\"http:\\\/\\\/www.fjala.info\\\/2012\\\/mero_baze.jpg\"},{\"@type\":\"BreadcrumbList\",\"@id\":\"https:\\\/\\\/fjala.info\\\/2009-2015\\\/hendeku-qe-berisha-nuk-do-qe-ta-fshehe\\\/#breadcrumb\",\"itemListElement\":[{\"@type\":\"ListItem\",\"position\":1,\"name\":\"Home\",\"item\":\"https:\\\/\\\/fjala.info\\\/2009-2015\\\/\"},{\"@type\":\"ListItem\",\"position\":2,\"name\":\"Hendeku q\u00eb Berisha nuk do q\u00eb ta fsheh\u00eb\"}]},{\"@type\":\"WebSite\",\"@id\":\"https:\\\/\\\/fjala.info\\\/2009-2015\\\/#website\",\"url\":\"https:\\\/\\\/fjala.info\\\/2009-2015\\\/\",\"name\":\"FjALA e LIR\u00cb - Arkivi\",\"description\":\"Arkivi 2009-2015\",\"publisher\":{\"@id\":\"https:\\\/\\\/fjala.info\\\/2009-2015\\\/#organization\"},\"potentialAction\":[{\"@type\":\"SearchAction\",\"target\":{\"@type\":\"EntryPoint\",\"urlTemplate\":\"https:\\\/\\\/fjala.info\\\/2009-2015\\\/?s={search_term_string}\"},\"query-input\":{\"@type\":\"PropertyValueSpecification\",\"valueRequired\":true,\"valueName\":\"search_term_string\"}}],\"inLanguage\":\"sq-AL\"},{\"@type\":\"Organization\",\"@id\":\"https:\\\/\\\/fjala.info\\\/2009-2015\\\/#organization\",\"name\":\"FjALA e LIR\u00cb - Arkivi\",\"url\":\"https:\\\/\\\/fjala.info\\\/2009-2015\\\/\",\"logo\":{\"@type\":\"ImageObject\",\"inLanguage\":\"sq-AL\",\"@id\":\"https:\\\/\\\/fjala.info\\\/2009-2015\\\/#\\\/schema\\\/logo\\\/image\\\/\",\"url\":\"\",\"contentUrl\":\"\",\"caption\":\"FjALA e LIR\u00cb - Arkivi\"},\"image\":{\"@id\":\"https:\\\/\\\/fjala.info\\\/2009-2015\\\/#\\\/schema\\\/logo\\\/image\\\/\"}},{\"@type\":\"Person\",\"@id\":\"https:\\\/\\\/fjala.info\\\/2009-2015\\\/#\\\/schema\\\/person\\\/3aa1163ef05469c496fc94e77611ada2\",\"name\":\"admin\",\"image\":{\"@type\":\"ImageObject\",\"inLanguage\":\"sq-AL\",\"@id\":\"https:\\\/\\\/fjala.info\\\/2009-2015\\\/wp-content\\\/uploads\\\/2012\\\/02\\\/arben_cokaj-120x150.jpg\",\"url\":\"https:\\\/\\\/fjala.info\\\/2009-2015\\\/wp-content\\\/uploads\\\/2012\\\/02\\\/arben_cokaj-120x150.jpg\",\"contentUrl\":\"https:\\\/\\\/fjala.info\\\/2009-2015\\\/wp-content\\\/uploads\\\/2012\\\/02\\\/arben_cokaj-120x150.jpg\",\"caption\":\"admin\"},\"description\":\"Admin, Fjala e Lir\u00eb\",\"sameAs\":[\"https:\\\/\\\/fjala.info\\\/\"],\"url\":\"https:\\\/\\\/fjala.info\\\/2009-2015\\\/author\\\/admin\\\/\"}]}<\/script>\n<!-- \/ Yoast SEO plugin. -->","yoast_head_json":{"title":"Hendeku q\u00eb Berisha nuk do q\u00eb ta fsheh\u00eb - FjALA e LIR\u00cb - Arkivi","robots":{"index":"index","follow":"follow","max-snippet":"max-snippet:-1","max-image-preview":"max-image-preview:large","max-video-preview":"max-video-preview:-1"},"canonical":"https:\/\/fjala.info\/2009-2015\/hendeku-qe-berisha-nuk-do-qe-ta-fshehe\/","og_locale":"sq_AL","og_type":"article","og_title":"Hendeku q\u00eb Berisha nuk do q\u00eb ta fsheh\u00eb - FjALA e LIR\u00cb - Arkivi","og_description":"Nga Mero Baze, 21 Gusht 2012 Kur Berisha e p\u00ebrs\u00ebrit nj\u00eb gj\u00eb disa here, e ka nj\u00eb hall. Ka tri dit\u00eb rresht, q\u00eb nxjerr nga nj\u00eb deputet te vet t\u00eb sulmoj\u00eb Bahri Shaqirin, ish shefin e SHISH, i cili \u00ebsht\u00eb drejtori m\u00eb jet\u00ebgjat\u00eb i atij institucioni, fal\u00eb k\u00ebmb\u00ebnguljes amerikane p\u00ebr t\u00eb mos u larguar nga [&hellip;]","og_url":"https:\/\/fjala.info\/2009-2015\/hendeku-qe-berisha-nuk-do-qe-ta-fshehe\/","og_site_name":"FjALA e LIR\u00cb - Arkivi","article_published_time":"2012-08-22T07:30:59+00:00","og_image":[{"url":"http:\/\/www.fjala.info\/2012\/mero_baze.jpg","type":"","width":"","height":""}],"author":"admin","twitter_card":"summary_large_image","twitter_misc":{"Written by":"admin","Est. reading time":"5 minutes"},"schema":{"@context":"https:\/\/schema.org","@graph":[{"@type":"Article","@id":"https:\/\/fjala.info\/2009-2015\/hendeku-qe-berisha-nuk-do-qe-ta-fshehe\/#article","isPartOf":{"@id":"https:\/\/fjala.info\/2009-2015\/hendeku-qe-berisha-nuk-do-qe-ta-fshehe\/"},"author":{"name":"admin","@id":"https:\/\/fjala.info\/2009-2015\/#\/schema\/person\/3aa1163ef05469c496fc94e77611ada2"},"headline":"Hendeku q\u00eb Berisha nuk do q\u00eb ta fsheh\u00eb","datePublished":"2012-08-22T07:30:59+00:00","mainEntityOfPage":{"@id":"https:\/\/fjala.info\/2009-2015\/hendeku-qe-berisha-nuk-do-qe-ta-fshehe\/"},"wordCount":920,"commentCount":0,"publisher":{"@id":"https:\/\/fjala.info\/2009-2015\/#organization"},"image":{"@id":"https:\/\/fjala.info\/2009-2015\/hendeku-qe-berisha-nuk-do-qe-ta-fshehe\/#primaryimage"},"thumbnailUrl":"http:\/\/www.fjala.info\/2012\/mero_baze.jpg","articleSection":["Artikuj"],"inLanguage":"sq-AL","potentialAction":[{"@type":"CommentAction","name":"Comment","target":["https:\/\/fjala.info\/2009-2015\/hendeku-qe-berisha-nuk-do-qe-ta-fshehe\/#respond"]}]},{"@type":"WebPage","@id":"https:\/\/fjala.info\/2009-2015\/hendeku-qe-berisha-nuk-do-qe-ta-fshehe\/","url":"https:\/\/fjala.info\/2009-2015\/hendeku-qe-berisha-nuk-do-qe-ta-fshehe\/","name":"Hendeku q\u00eb Berisha nuk do q\u00eb ta fsheh\u00eb - FjALA e LIR\u00cb - Arkivi","isPartOf":{"@id":"https:\/\/fjala.info\/2009-2015\/#website"},"primaryImageOfPage":{"@id":"https:\/\/fjala.info\/2009-2015\/hendeku-qe-berisha-nuk-do-qe-ta-fshehe\/#primaryimage"},"image":{"@id":"https:\/\/fjala.info\/2009-2015\/hendeku-qe-berisha-nuk-do-qe-ta-fshehe\/#primaryimage"},"thumbnailUrl":"http:\/\/www.fjala.info\/2012\/mero_baze.jpg","datePublished":"2012-08-22T07:30:59+00:00","breadcrumb":{"@id":"https:\/\/fjala.info\/2009-2015\/hendeku-qe-berisha-nuk-do-qe-ta-fshehe\/#breadcrumb"},"inLanguage":"sq-AL","potentialAction":[{"@type":"ReadAction","target":["https:\/\/fjala.info\/2009-2015\/hendeku-qe-berisha-nuk-do-qe-ta-fshehe\/"]}]},{"@type":"ImageObject","inLanguage":"sq-AL","@id":"https:\/\/fjala.info\/2009-2015\/hendeku-qe-berisha-nuk-do-qe-ta-fshehe\/#primaryimage","url":"http:\/\/www.fjala.info\/2012\/mero_baze.jpg","contentUrl":"http:\/\/www.fjala.info\/2012\/mero_baze.jpg"},{"@type":"BreadcrumbList","@id":"https:\/\/fjala.info\/2009-2015\/hendeku-qe-berisha-nuk-do-qe-ta-fshehe\/#breadcrumb","itemListElement":[{"@type":"ListItem","position":1,"name":"Home","item":"https:\/\/fjala.info\/2009-2015\/"},{"@type":"ListItem","position":2,"name":"Hendeku q\u00eb Berisha nuk do q\u00eb ta fsheh\u00eb"}]},{"@type":"WebSite","@id":"https:\/\/fjala.info\/2009-2015\/#website","url":"https:\/\/fjala.info\/2009-2015\/","name":"FjALA e LIR\u00cb - Arkivi","description":"Arkivi 2009-2015","publisher":{"@id":"https:\/\/fjala.info\/2009-2015\/#organization"},"potentialAction":[{"@type":"SearchAction","target":{"@type":"EntryPoint","urlTemplate":"https:\/\/fjala.info\/2009-2015\/?s={search_term_string}"},"query-input":{"@type":"PropertyValueSpecification","valueRequired":true,"valueName":"search_term_string"}}],"inLanguage":"sq-AL"},{"@type":"Organization","@id":"https:\/\/fjala.info\/2009-2015\/#organization","name":"FjALA e LIR\u00cb - Arkivi","url":"https:\/\/fjala.info\/2009-2015\/","logo":{"@type":"ImageObject","inLanguage":"sq-AL","@id":"https:\/\/fjala.info\/2009-2015\/#\/schema\/logo\/image\/","url":"","contentUrl":"","caption":"FjALA e LIR\u00cb - Arkivi"},"image":{"@id":"https:\/\/fjala.info\/2009-2015\/#\/schema\/logo\/image\/"}},{"@type":"Person","@id":"https:\/\/fjala.info\/2009-2015\/#\/schema\/person\/3aa1163ef05469c496fc94e77611ada2","name":"admin","image":{"@type":"ImageObject","inLanguage":"sq-AL","@id":"https:\/\/fjala.info\/2009-2015\/wp-content\/uploads\/2012\/02\/arben_cokaj-120x150.jpg","url":"https:\/\/fjala.info\/2009-2015\/wp-content\/uploads\/2012\/02\/arben_cokaj-120x150.jpg","contentUrl":"https:\/\/fjala.info\/2009-2015\/wp-content\/uploads\/2012\/02\/arben_cokaj-120x150.jpg","caption":"admin"},"description":"Admin, Fjala e Lir\u00eb","sameAs":["https:\/\/fjala.info\/"],"url":"https:\/\/fjala.info\/2009-2015\/author\/admin\/"}]}},"_links":{"self":[{"href":"https:\/\/fjala.info\/2009-2015\/wp-json\/wp\/v2\/posts\/12032","targetHints":{"allow":["GET"]}}],"collection":[{"href":"https:\/\/fjala.info\/2009-2015\/wp-json\/wp\/v2\/posts"}],"about":[{"href":"https:\/\/fjala.info\/2009-2015\/wp-json\/wp\/v2\/types\/post"}],"author":[{"embeddable":true,"href":"https:\/\/fjala.info\/2009-2015\/wp-json\/wp\/v2\/users\/1"}],"replies":[{"embeddable":true,"href":"https:\/\/fjala.info\/2009-2015\/wp-json\/wp\/v2\/comments?post=12032"}],"version-history":[{"count":0,"href":"https:\/\/fjala.info\/2009-2015\/wp-json\/wp\/v2\/posts\/12032\/revisions"}],"wp:attachment":[{"href":"https:\/\/fjala.info\/2009-2015\/wp-json\/wp\/v2\/media?parent=12032"}],"wp:term":[{"taxonomy":"category","embeddable":true,"href":"https:\/\/fjala.info\/2009-2015\/wp-json\/wp\/v2\/categories?post=12032"},{"taxonomy":"post_tag","embeddable":true,"href":"https:\/\/fjala.info\/2009-2015\/wp-json\/wp\/v2\/tags?post=12032"}],"curies":[{"name":"wp","href":"https:\/\/api.w.org\/{rel}","templated":true}]}}