{"id":12030,"date":"2012-08-21T16:01:39","date_gmt":"2012-08-21T15:01:39","guid":{"rendered":"http:\/\/www.fjala.info\/?p=4565"},"modified":"2012-08-21T16:01:39","modified_gmt":"2012-08-21T15:01:39","slug":"saliu-56-vjet-pa-shkelur-ne-vicidol-ka-lene-germadhe-kullen-e-babes","status":"publish","type":"post","link":"https:\/\/fjala.info\/2009-2015\/saliu-56-vjet-pa-shkelur-ne-vicidol-ka-lene-germadhe-kullen-e-babes\/","title":{"rendered":"Saliu, 56 vjet pa shkelur n\u00eb Vi\u00e7idol, ka l\u00ebn\u00eb g\u00ebrmadh\u00eb \u201ckull\u00ebn e bab\u00ebs\u201d"},"content":{"rendered":"<p><img decoding=\"async\" class=\"alignright size-thumbnail wp-image-7236\" title=\"Kulla Berisha\" src=\"http:\/\/www.fjala.info\/2012\/kulla_berisha.jpg\" alt=\"\" width=\"300\" \/> Nga <strong>P\u00ebrparim Halili<\/strong>, <em>21 Gusht 2012<\/em><\/p>\n<p>&#8211; Populli thot\u00eb: \u2013 \u201c<strong>Mos prit t\u00eb kesh haj\u00ebr, nga ai q\u00eb l\u00eb g\u00ebrmadh\u00eb sht\u00ebpin\u00eb e tij<\/strong>\u201d &#8211;<\/p>\n<p>Prej 20 vitesh, q\u00eb nga viti 1992 kur iu dor\u00ebzua pushteti dhe drejtimi i vendit e deri sot q\u00eb e drejton p\u00ebrs\u00ebri, Sali Ram Berisha vazhdon t\u00eb betohet e t\u00eb p\u00ebrbetohet se \u201cdo ta b\u00ebj Shqip\u00ebrin\u00eb, kopshtin m\u00eb t\u00eb lul\u00ebzuar t\u00eb globit\u201d. Vazhdon t\u00eb betohet e p\u00ebrbetohet deri \u201cme fjal\u00eb nderi\u201d (ve\u00e7 nderin nuk e dim\u00eb ku e ka), se \u201cdo t\u2019i b\u00ebj\u00eb shqiptar\u00ebt, popullin m\u00eb t\u00eb lumtur t\u00eb globit\u201d. Vazhdon t\u00eb betohet e t\u00eb p\u00ebrbetohet, se \u201cShqip\u00ebria do t\u00eb jet\u00eb qendra m\u00eb e zhvilluar e ekonomis\u00eb bot\u00ebrore\u201d.<\/p>\n<p>Se sa e ka arritur Sali Berisha me pushtetet e tij \u201cmrekullin\u00eb bot\u00ebrore\u201d, k\u00ebt\u00eb e tregoi platforma e tij e \u201cEkonomis\u00eb zero\u201d. E tregoi \u201c\u00c7eku i bardh\u00eb\u201d. E tregoi mbyllja, falimentimi dhe kthimi n\u00eb g\u00ebrmadh\u00eb i 4340 kombinateve, uzinave, fabrikave, nd\u00ebrmarrjeve e qendrave prodhuese. E tregoi hedhja n\u00eb rrug\u00ebt e papun\u00ebsis\u00eb e afro 1.5 milion shqiptar\u00ebve. Se sa i b\u00ebri shqiptar\u00ebt \u201cpopullin m\u00eb t\u00eb lumtur t\u00eb globit\u201d, k\u00ebt\u00eb po e tregon ende sot papun\u00ebsia dhe varf\u00ebria ekstreme, q\u00eb ka pllakosur deri tek supa e f\u00ebmij\u00ebve t\u00eb \u201cdjepit\u201d.<\/p>\n<p>Ekonomia reale e Shqip\u00ebris\u00eb nuk \u00ebsht\u00eb ajo q\u00eb Sali Berisha bro\u00e7kollit me ekraneve me shifra mashtruese, por \u00ebsht\u00eb ajo po p\u00ebrjetohet barabarisht k\u00ebto 7 vitet e fundit nga 80% e shqiptar\u00ebve, t\u00eb cil\u00ebt \u201cluten\u201d, lypin, skllav\u00ebrohen, kriminalizohen e vet-vriten p\u00ebr buk\u00ebn e goj\u00ebs. Se \u00e7far\u00eb i ka b\u00ebr\u00eb dhe po i b\u00ebn Shqip\u00ebris\u00eb ky kall\u00ebp e sojs\u00ebs kryeminist\u00ebr, k\u00ebt\u00eb e tregon mbetja e vendit jasht\u00eb BE edhe pas 22 vitesh. E tregon \u201chanxhari\u201d q\u00eb ky anti-shqiptar i p\u00ebrbetuar, ka marr\u00eb n\u00eb dor\u00eb p\u00ebr t\u00eb cop\u00ebtuar trojet komb\u00ebtare e p\u00ebr t\u2019ua dh\u00ebn\u00eb ato grek\u00ebve, si vazhdues i tradh\u00ebtar\u00ebve pro-serb\u00eb, dajo e nip Esat Pash\u00eb Toptani e Ahmet Zogolli.<\/p>\n<p>Po kush po na bilbilos, q\u00eb \u201cShqip\u00ebrin\u00eb do ta b\u00ebj kop\u00ebsht t\u00eb lul\u00ebzuar\u201d? Na e thot\u00eb Sali Berisha. Po a mund t\u2019i besohen k\u00ebtij demagogu gjepura, bro\u00e7kulla e mashtrime t\u00eb tilla p\u00ebr \u201cShqip\u00ebri t\u00eb lul\u00ebzuar\u201d, kur pik\u00ebrisht ky \u201cbir harram\u201d ka braktisur e ka l\u00ebn\u00eb g\u00ebrmadh\u00eb sht\u00ebpin\u00eb e tij n\u00eb Vi\u00e7idol t\u00eb Tropoj\u00ebs. A mund t\u00eb besohet vall\u00eb, se do t\u00eb nd\u00ebrtoj \u201csht\u00ebpin\u00eb e shqiptar\u00ebve\u201d Sali Berisha, \u201cdjali harram\u201d q\u00eb ka l\u00ebn\u00eb shkret e g\u00ebrmadh\u00eb sht\u00ebpin\u00eb e tij, vatanin ku ka lindur e \u00ebsht\u00eb rritur?! Kam 20 vjet q\u00eb d\u00ebgjoj Sali Berish\u00ebn, duke deklaruar se \u201cdo rind\u00ebrtoj Shqip\u00ebrin\u00eb e re\u201d. Un\u00eb do t\u00eb vazhdoja ta besoja Sali Berish\u00ebn n\u00eb k\u00ebto gjepura q\u00eb bluan n\u00eb tru e nxjerr nga goja pa pushim, por \u00ebsht\u00eb nj\u00eb fjal\u00eb e urt\u00eb popullore shqiptare, madje tej ballkanike, q\u00eb thot\u00eb: \u201cMos prit t\u00eb kesh haj\u00ebr, nga ai q\u00eb l\u00eb g\u00ebrmadh\u00eb sht\u00ebpin\u00eb e tij\u201d.<\/p>\n<p>Shkoni n\u00eb Vi\u00e7idol dhe shikoni \u201ckull\u00ebn\u201d e Ram Berish\u00ebs. I biri \u201charram-s\u00ebs\u201d Sali Berisha, ia ka l\u00ebn\u00eb g\u00ebrmadh\u00eb \u201ckull\u00ebn\u201d, ia ka \u201cmbyllur port\u00ebn\u201d, madje \u201c\u00e7udit\u00ebrisht\u201d nuk e p\u00ebrmend kurr\u00eb at\u00eb, ashtu si\u00e7 nuk ka p\u00ebrmendur kurr\u00eb as prind\u00ebr, as v\u00ebllez\u00ebr, as motra, as daja, as axha e ask\u00ebnd nga \u201cberish\u00ebt\u201d.<\/p>\n<p>Aktaulsiht, \u201ckulla\u201d e tij n\u00eb Vi\u00e7idol \u00ebsht\u00eb rr\u00ebnuar krejt, me mure e trar\u00eb t\u00eb rr\u00ebzuar, si han i braktisur duke u kthyer n\u00eb \u201csht\u00ebpi banimi\u201d vet\u00ebm p\u00ebr lop\u00ebt, gomer\u00ebt, dhit\u00eb, macet, zvarranik\u00ebt e kukuvajkat. Nd\u00ebrsa \u201cdjali harram-s\u00ebs\u201d Sali Berisha, nuk ka denjuar as p\u00ebr nostalgji e as p\u00ebr \u201csy t\u00eb fshatit\u201d, t\u00eb shkoj\u00eb e ta shikoj\u00eb \u201cvotr\u00ebn e bab\u00ebs\u201d, brenda t\u00eb cil\u00ebs lindi, hapi syt\u00eb dhe u ngrit n\u00eb k\u00ebmb\u00eb. Sali Berisha i ka kthyer shpin\u00ebn \u201ckull\u00ebs s\u00eb bab\u00ebs\u201d qysh n\u00eb mosh\u00ebn 13 vje\u00e7are, kur partia e \u00e7oi me studime n\u00eb Tiran\u00eb. Dhe q\u00eb at\u00ebher\u00eb, duket se hodhi \u201cgurin prapa\u201d, p\u00ebr t\u00eb mos ia par\u00eb m\u00eb as pragun e as oxhakun nga larg.<\/p>\n<p>Prej 56 vitesh e deri sot q\u00eb \u00ebsht\u00eb plakush 69 vje\u00e7ar, Sali Berisha nuk e ka par\u00eb m\u00eb me sy sht\u00ebpin\u00eb e vet. Saliu, si t\u00eb kishte b\u00ebr\u00eb nj\u00eb \u201cbetim-mallkim\u201d p\u00ebr t\u00eb mos e shkelur me gjallje \u201csht\u00ebpin\u00eb e bab\u00ebs\u201d, nuk u kthye m\u00eb kurr\u00eb n\u00eb at\u00eb kull\u00eb, as n\u00eb pushimet verore, as kur p\u00ebrfundoi shkoll\u00ebn e mesme, as kur p\u00ebrfundoi studimet e larta, as kur p\u00ebrgatiti dokumentet p\u00ebr komunist, as kur u pranua komunist, as kur u fejua me vajz\u00ebn e \u00e7iftit t\u00eb ofcer\u00ebve t\u00eb UDB-serbe \u201cRamovic\u201d. Madje, as kur u martua me Sllobadank\u00ebn (Lirin\u00eb) nuk shkoi me nusen serbe t\u2019i tregotne \u201ckull\u00ebn\u201d ku kish lindur e ish b\u00ebr\u00eb 13 vje\u00e7, as kur lindi f\u00ebmij\u00ebt nuk i \u00e7oi atje. Kudo ka shkelur Sali Berisha, gjat\u00eb 56 viteve, p\u00ebrve\u00e7 shtopis\u00eb ku lindi e u rrit.<\/p>\n<p>&#8211; Ka shkelur e ka hyr\u00eb n\u00eb port\u00ebn e universitetit.<\/p>\n<p>&#8211; Ka shkelur e ka hyr\u00eb n\u00eb port\u00ebn Komitetit Q\u00ebndror t\u00eb PPSH.<\/p>\n<p>&#8211; Ka shkelur e ka hyr\u00eb n\u00eb port\u00ebn e ish-ministris\u00eb s\u00eb Brend\u00ebshme, si i besuar i<br \/>\ndikatur\u00ebs.<\/p>\n<p>&#8211; Ka shkelur e ka hyr\u00eb si kollovar n\u00eb port\u00ebn e vil\u00ebs s\u00eb vjehrrit e vjehrr\u00ebs Rexhep e Milica Ramovi\u00e7, kolonel\u00eb dhe agjent\u00eb t\u00eb UDB-s\u00eb.<\/p>\n<p>&#8211; Ka shkelur e ka hyr\u00eb n\u00eb port\u00ebn e ish-D\u00ebg\u00ebs s\u00eb Pun\u00ebve t\u00eb Brend\u00ebshme, si ish p\u00ebrgjues e spiun \u201camiqsh\u201d.<\/p>\n<p>&#8211; Ka shkelur e ka hyr\u00eb n\u00eb port\u00ebn ish-hetuesis\u00eb sekrete, si denoncues \u201ci armiq\u00ebve\u201d<\/p>\n<p>&#8211; Ka shkelur e ka hyr\u00eb n\u00eb port\u00ebn ish-zyrave t\u00eb internimit t\u00eb \u201carmiq\u00ebve t\u00eb popullit\u201d<\/p>\n<p>&#8211; Ka shkelur e ka hyr\u00eb n\u00eb port\u00ebn ish-sallave t\u00eb gyqeve politike, si d\u00ebshmitar\u00eb e k\u00ebrkues pushkatimesh dhe varjesh n\u00eb litar t\u00eb \u201carmiq\u00ebve\u201d.<\/p>\n<p>&#8211; Ka shkelur e ka p\u00ebrgjuar n\u00eb portat dhe rrugicat e Tiran\u00ebs nat\u00ebn e dit\u00ebn, duke vigj\u00ebluar p\u00ebr t\u00eb zbuluar e hequr traktet dhe veprimtarin\u00eb armiq\u00ebsore t\u00eb \u201carmiq\u00ebve t\u00eb partis\u00eb\u201d.<\/p>\n<p>&#8211; Ka shkelur e ka p\u00ebrgjuar n\u00eb korridore dhe pas portash t\u00eb auditor\u00ebve e spitaleve, p\u00ebr t\u00eb p\u00ebrgjuar dhe zbuluar koleg\u00eb e student\u00eb \u201carmiq\u00eb\u201d<\/p>\n<p>&#8211; Ka shkelur e ka hyr\u00eb n\u00eb port\u00ebn e bllokut komunist, si sh\u00ebrb\u00ebtor besnik i familjeve t\u00eb bllokut.<\/p>\n<p>&#8211; Ka shkelur e ka hyr\u00eb n\u00eb port\u00ebn e vil\u00ebs s\u00eb ish-ministrit fam\u00ebkeq t\u00eb dikatur\u00ebs Hekuran Isai.<\/p>\n<p>&#8211; Ka shkelur e ka hyr\u00eb n\u00eb port\u00ebn e vil\u00ebs s\u00eb Hysni Kapos si sh\u00ebrb\u00ebtor besnik i familjes.<\/p>\n<p>&#8211; Ka qen\u00eb familjrisht me pushime n\u00eb rezidencat e diktatorit Hoxha, ka shkelur, ka hyr\u00eb e \u00ebsht\u00eb ulur k\u00ebmb\u00ebkryq n\u00eb oxhakun e sht\u00ebpis\u00eb s\u00eb tij.<\/p>\n<p>&#8211; Ka shkelur e ka hyr\u00eb n\u00eb port\u00ebn kryemafiozit, anti-shqiptarit serb Damir Fazlli\u00e7.<\/p>\n<p>&#8211; Ka shkelur e ka hyr\u00eb n\u00eb port\u00ebn e vil\u00ebs s\u00eb Miloshevi\u00e7it dhe t\u00eb krye-terroristit serb Arkan, ku ka b\u00ebr\u00eb pazare p\u00ebr trafiqe arm\u00ebsh e karburantesh dhe p\u00ebr spastrim t\u00eb shqiptar\u00ebve t\u00eb Kosov\u00ebs.<\/p>\n<p>&#8211; Ka shkelur e ka hyr\u00eb n\u00eb portat e vilave t\u00eb dikator\u00ebve Ben Ali, Mubarak, Gedaf, Bashar al Assad etj, p\u00ebr t\u00eb b\u00ebr\u00eb pazare p\u00ebr trafiqe arm\u00ebsh.<\/p>\n<p>&#8211; Ka shkelur e ka hyr\u00eb n\u00eb port\u00ebn e qeverive shoviniste greke, duke b\u00ebr\u00eb pazare p\u00ebr cop\u00ebtimin e trojeve shqiptare.<\/p>\n<p>&#8211; Sali Berisha ka trokitur, ka shkelur e ka hyr\u00eb edhe n\u00eb port\u00ebn e \u201cdjallit\u201d, p\u00ebr t\u00eb b\u00ebr\u00eb karrier\u00eb, p\u00ebr t\u00eb marr\u00eb e p\u00ebr t\u00eb mbajtur pushtet, p\u00ebr fshehur krimet e p\u00ebr t\u00eb pasuruar f\u00ebmij\u00ebt\u2026<\/p>\n<p>Kudo ka trokitur, ka shkelur e ka hyr\u00eb rregullisht, me k\u00ebmb\u00ebngulje e d\u00ebshir\u00eb maksimale Sali Ram Berisha. Ve\u00e7 n\u00eb nj\u00eb port\u00eb nuk ka shkuar, nuk ka trokitur dhe nuk ka hyr\u00eb qysh prej 56 vitesh. Plaku afro 70 vje\u00e7ar Sali Berisha, i ikur q\u00eb 13 vje\u00e7 prej \u201cvotr\u00ebs\u201d s\u00eb tij prind\u00ebrore, nuk ka shkelur m\u00eb n\u00eb \u201csht\u00ebpin\u00eb bab\u00ebs\u201d. Edhe dy her\u00eb q\u00eb ka shkuar n\u00eb Tropoj\u00eb p\u00ebr t\u00eb p\u00ebr\u00e7ar\u00eb e futur n\u00eb luft\u00eb civile tropojan\u00ebt, nuk ka pranuar t\u00eb shkoj\u00eb e t\u00eb shkel pragun e sht\u00ebpis\u00eb s\u00eb tij. Tashm\u00eb, kulla e \u201cBerish\u00ebve\u201d n\u00eb Vi\u00e7idol, ka mbetur pa zot edhe pse me gjendje civile, ka zot \u201cdjalin harram\u201d Sali Ram Berisha.<\/p>\n","protected":false},"excerpt":{"rendered":"<p>Nga P\u00ebrparim Halili, 21 Gusht 2012 &#8211; Populli thot\u00eb: \u2013 \u201cMos prit t\u00eb kesh haj\u00ebr, nga ai q\u00eb l\u00eb g\u00ebrmadh\u00eb sht\u00ebpin\u00eb e tij\u201d &#8211; Prej 20 vitesh, q\u00eb nga viti 1992 kur iu dor\u00ebzua pushteti dhe drejtimi i vendit e deri sot q\u00eb e drejton p\u00ebrs\u00ebri, Sali Ram Berisha vazhdon t\u00eb betohet e t\u00eb p\u00ebrbetohet [&hellip;]<\/p>\n","protected":false},"author":1,"featured_media":0,"comment_status":"open","ping_status":"closed","sticky":false,"template":"","format":"standard","meta":{"footnotes":""},"categories":[2],"tags":[],"class_list":{"0":"post-12030","1":"post","2":"type-post","3":"status-publish","4":"format-standard","6":"category-artikuj"},"yoast_head":"<!-- This site is optimized with the Yoast SEO plugin v27.4 - https:\/\/yoast.com\/product\/yoast-seo-wordpress\/ -->\n<title>Saliu, 56 vjet pa shkelur n\u00eb Vi\u00e7idol, ka l\u00ebn\u00eb g\u00ebrmadh\u00eb \u201ckull\u00ebn e bab\u00ebs\u201d - FjALA e LIR\u00cb - Arkivi<\/title>\n<meta name=\"robots\" content=\"index, follow, max-snippet:-1, max-image-preview:large, max-video-preview:-1\" \/>\n<link rel=\"canonical\" href=\"https:\/\/fjala.info\/2009-2015\/saliu-56-vjet-pa-shkelur-ne-vicidol-ka-lene-germadhe-kullen-e-babes\/\" \/>\n<meta property=\"og:locale\" content=\"sq_AL\" \/>\n<meta property=\"og:type\" content=\"article\" \/>\n<meta property=\"og:title\" content=\"Saliu, 56 vjet pa shkelur n\u00eb Vi\u00e7idol, ka l\u00ebn\u00eb g\u00ebrmadh\u00eb \u201ckull\u00ebn e bab\u00ebs\u201d - FjALA e LIR\u00cb - Arkivi\" \/>\n<meta property=\"og:description\" content=\"Nga P\u00ebrparim Halili, 21 Gusht 2012 &#8211; Populli thot\u00eb: \u2013 \u201cMos prit t\u00eb kesh haj\u00ebr, nga ai q\u00eb l\u00eb g\u00ebrmadh\u00eb sht\u00ebpin\u00eb e tij\u201d &#8211; Prej 20 vitesh, q\u00eb nga viti 1992 kur iu dor\u00ebzua pushteti dhe drejtimi i vendit e deri sot q\u00eb e drejton p\u00ebrs\u00ebri, Sali Ram Berisha vazhdon t\u00eb betohet e t\u00eb p\u00ebrbetohet [&hellip;]\" \/>\n<meta property=\"og:url\" content=\"https:\/\/fjala.info\/2009-2015\/saliu-56-vjet-pa-shkelur-ne-vicidol-ka-lene-germadhe-kullen-e-babes\/\" \/>\n<meta property=\"og:site_name\" content=\"FjALA e LIR\u00cb - Arkivi\" \/>\n<meta property=\"article:published_time\" content=\"2012-08-21T15:01:39+00:00\" \/>\n<meta property=\"og:image\" content=\"http:\/\/www.fjala.info\/2012\/kulla_berisha.jpg\" \/>\n<meta name=\"author\" content=\"admin\" \/>\n<meta name=\"twitter:card\" content=\"summary_large_image\" \/>\n<meta name=\"twitter:label1\" content=\"Written by\" \/>\n\t<meta name=\"twitter:data1\" content=\"admin\" \/>\n\t<meta name=\"twitter:label2\" content=\"Est. reading time\" \/>\n\t<meta name=\"twitter:data2\" content=\"7 minutes\" \/>\n<script type=\"application\/ld+json\" class=\"yoast-schema-graph\">{\"@context\":\"https:\\\/\\\/schema.org\",\"@graph\":[{\"@type\":\"Article\",\"@id\":\"https:\\\/\\\/fjala.info\\\/2009-2015\\\/saliu-56-vjet-pa-shkelur-ne-vicidol-ka-lene-germadhe-kullen-e-babes\\\/#article\",\"isPartOf\":{\"@id\":\"https:\\\/\\\/fjala.info\\\/2009-2015\\\/saliu-56-vjet-pa-shkelur-ne-vicidol-ka-lene-germadhe-kullen-e-babes\\\/\"},\"author\":{\"name\":\"admin\",\"@id\":\"https:\\\/\\\/fjala.info\\\/2009-2015\\\/#\\\/schema\\\/person\\\/3aa1163ef05469c496fc94e77611ada2\"},\"headline\":\"Saliu, 56 vjet pa shkelur n\u00eb Vi\u00e7idol, ka l\u00ebn\u00eb g\u00ebrmadh\u00eb \u201ckull\u00ebn e bab\u00ebs\u201d\",\"datePublished\":\"2012-08-21T15:01:39+00:00\",\"mainEntityOfPage\":{\"@id\":\"https:\\\/\\\/fjala.info\\\/2009-2015\\\/saliu-56-vjet-pa-shkelur-ne-vicidol-ka-lene-germadhe-kullen-e-babes\\\/\"},\"wordCount\":1497,\"commentCount\":0,\"publisher\":{\"@id\":\"https:\\\/\\\/fjala.info\\\/2009-2015\\\/#organization\"},\"image\":{\"@id\":\"https:\\\/\\\/fjala.info\\\/2009-2015\\\/saliu-56-vjet-pa-shkelur-ne-vicidol-ka-lene-germadhe-kullen-e-babes\\\/#primaryimage\"},\"thumbnailUrl\":\"http:\\\/\\\/www.fjala.info\\\/2012\\\/kulla_berisha.jpg\",\"articleSection\":[\"Artikuj\"],\"inLanguage\":\"sq-AL\",\"potentialAction\":[{\"@type\":\"CommentAction\",\"name\":\"Comment\",\"target\":[\"https:\\\/\\\/fjala.info\\\/2009-2015\\\/saliu-56-vjet-pa-shkelur-ne-vicidol-ka-lene-germadhe-kullen-e-babes\\\/#respond\"]}]},{\"@type\":\"WebPage\",\"@id\":\"https:\\\/\\\/fjala.info\\\/2009-2015\\\/saliu-56-vjet-pa-shkelur-ne-vicidol-ka-lene-germadhe-kullen-e-babes\\\/\",\"url\":\"https:\\\/\\\/fjala.info\\\/2009-2015\\\/saliu-56-vjet-pa-shkelur-ne-vicidol-ka-lene-germadhe-kullen-e-babes\\\/\",\"name\":\"Saliu, 56 vjet pa shkelur n\u00eb Vi\u00e7idol, ka l\u00ebn\u00eb g\u00ebrmadh\u00eb \u201ckull\u00ebn e bab\u00ebs\u201d - FjALA e LIR\u00cb - Arkivi\",\"isPartOf\":{\"@id\":\"https:\\\/\\\/fjala.info\\\/2009-2015\\\/#website\"},\"primaryImageOfPage\":{\"@id\":\"https:\\\/\\\/fjala.info\\\/2009-2015\\\/saliu-56-vjet-pa-shkelur-ne-vicidol-ka-lene-germadhe-kullen-e-babes\\\/#primaryimage\"},\"image\":{\"@id\":\"https:\\\/\\\/fjala.info\\\/2009-2015\\\/saliu-56-vjet-pa-shkelur-ne-vicidol-ka-lene-germadhe-kullen-e-babes\\\/#primaryimage\"},\"thumbnailUrl\":\"http:\\\/\\\/www.fjala.info\\\/2012\\\/kulla_berisha.jpg\",\"datePublished\":\"2012-08-21T15:01:39+00:00\",\"breadcrumb\":{\"@id\":\"https:\\\/\\\/fjala.info\\\/2009-2015\\\/saliu-56-vjet-pa-shkelur-ne-vicidol-ka-lene-germadhe-kullen-e-babes\\\/#breadcrumb\"},\"inLanguage\":\"sq-AL\",\"potentialAction\":[{\"@type\":\"ReadAction\",\"target\":[\"https:\\\/\\\/fjala.info\\\/2009-2015\\\/saliu-56-vjet-pa-shkelur-ne-vicidol-ka-lene-germadhe-kullen-e-babes\\\/\"]}]},{\"@type\":\"ImageObject\",\"inLanguage\":\"sq-AL\",\"@id\":\"https:\\\/\\\/fjala.info\\\/2009-2015\\\/saliu-56-vjet-pa-shkelur-ne-vicidol-ka-lene-germadhe-kullen-e-babes\\\/#primaryimage\",\"url\":\"http:\\\/\\\/www.fjala.info\\\/2012\\\/kulla_berisha.jpg\",\"contentUrl\":\"http:\\\/\\\/www.fjala.info\\\/2012\\\/kulla_berisha.jpg\"},{\"@type\":\"BreadcrumbList\",\"@id\":\"https:\\\/\\\/fjala.info\\\/2009-2015\\\/saliu-56-vjet-pa-shkelur-ne-vicidol-ka-lene-germadhe-kullen-e-babes\\\/#breadcrumb\",\"itemListElement\":[{\"@type\":\"ListItem\",\"position\":1,\"name\":\"Home\",\"item\":\"https:\\\/\\\/fjala.info\\\/2009-2015\\\/\"},{\"@type\":\"ListItem\",\"position\":2,\"name\":\"Saliu, 56 vjet pa shkelur n\u00eb Vi\u00e7idol, ka l\u00ebn\u00eb g\u00ebrmadh\u00eb \u201ckull\u00ebn e bab\u00ebs\u201d\"}]},{\"@type\":\"WebSite\",\"@id\":\"https:\\\/\\\/fjala.info\\\/2009-2015\\\/#website\",\"url\":\"https:\\\/\\\/fjala.info\\\/2009-2015\\\/\",\"name\":\"FjALA e LIR\u00cb - Arkivi\",\"description\":\"Arkivi 2009-2015\",\"publisher\":{\"@id\":\"https:\\\/\\\/fjala.info\\\/2009-2015\\\/#organization\"},\"potentialAction\":[{\"@type\":\"SearchAction\",\"target\":{\"@type\":\"EntryPoint\",\"urlTemplate\":\"https:\\\/\\\/fjala.info\\\/2009-2015\\\/?s={search_term_string}\"},\"query-input\":{\"@type\":\"PropertyValueSpecification\",\"valueRequired\":true,\"valueName\":\"search_term_string\"}}],\"inLanguage\":\"sq-AL\"},{\"@type\":\"Organization\",\"@id\":\"https:\\\/\\\/fjala.info\\\/2009-2015\\\/#organization\",\"name\":\"FjALA e LIR\u00cb - Arkivi\",\"url\":\"https:\\\/\\\/fjala.info\\\/2009-2015\\\/\",\"logo\":{\"@type\":\"ImageObject\",\"inLanguage\":\"sq-AL\",\"@id\":\"https:\\\/\\\/fjala.info\\\/2009-2015\\\/#\\\/schema\\\/logo\\\/image\\\/\",\"url\":\"\",\"contentUrl\":\"\",\"caption\":\"FjALA e LIR\u00cb - Arkivi\"},\"image\":{\"@id\":\"https:\\\/\\\/fjala.info\\\/2009-2015\\\/#\\\/schema\\\/logo\\\/image\\\/\"}},{\"@type\":\"Person\",\"@id\":\"https:\\\/\\\/fjala.info\\\/2009-2015\\\/#\\\/schema\\\/person\\\/3aa1163ef05469c496fc94e77611ada2\",\"name\":\"admin\",\"image\":{\"@type\":\"ImageObject\",\"inLanguage\":\"sq-AL\",\"@id\":\"https:\\\/\\\/fjala.info\\\/2009-2015\\\/wp-content\\\/uploads\\\/2012\\\/02\\\/arben_cokaj-120x150.jpg\",\"url\":\"https:\\\/\\\/fjala.info\\\/2009-2015\\\/wp-content\\\/uploads\\\/2012\\\/02\\\/arben_cokaj-120x150.jpg\",\"contentUrl\":\"https:\\\/\\\/fjala.info\\\/2009-2015\\\/wp-content\\\/uploads\\\/2012\\\/02\\\/arben_cokaj-120x150.jpg\",\"caption\":\"admin\"},\"description\":\"Admin, Fjala e Lir\u00eb\",\"sameAs\":[\"https:\\\/\\\/fjala.info\\\/\"],\"url\":\"https:\\\/\\\/fjala.info\\\/2009-2015\\\/author\\\/admin\\\/\"}]}<\/script>\n<!-- \/ Yoast SEO plugin. -->","yoast_head_json":{"title":"Saliu, 56 vjet pa shkelur n\u00eb Vi\u00e7idol, ka l\u00ebn\u00eb g\u00ebrmadh\u00eb \u201ckull\u00ebn e bab\u00ebs\u201d - FjALA e LIR\u00cb - Arkivi","robots":{"index":"index","follow":"follow","max-snippet":"max-snippet:-1","max-image-preview":"max-image-preview:large","max-video-preview":"max-video-preview:-1"},"canonical":"https:\/\/fjala.info\/2009-2015\/saliu-56-vjet-pa-shkelur-ne-vicidol-ka-lene-germadhe-kullen-e-babes\/","og_locale":"sq_AL","og_type":"article","og_title":"Saliu, 56 vjet pa shkelur n\u00eb Vi\u00e7idol, ka l\u00ebn\u00eb g\u00ebrmadh\u00eb \u201ckull\u00ebn e bab\u00ebs\u201d - FjALA e LIR\u00cb - Arkivi","og_description":"Nga P\u00ebrparim Halili, 21 Gusht 2012 &#8211; Populli thot\u00eb: \u2013 \u201cMos prit t\u00eb kesh haj\u00ebr, nga ai q\u00eb l\u00eb g\u00ebrmadh\u00eb sht\u00ebpin\u00eb e tij\u201d &#8211; Prej 20 vitesh, q\u00eb nga viti 1992 kur iu dor\u00ebzua pushteti dhe drejtimi i vendit e deri sot q\u00eb e drejton p\u00ebrs\u00ebri, Sali Ram Berisha vazhdon t\u00eb betohet e t\u00eb p\u00ebrbetohet [&hellip;]","og_url":"https:\/\/fjala.info\/2009-2015\/saliu-56-vjet-pa-shkelur-ne-vicidol-ka-lene-germadhe-kullen-e-babes\/","og_site_name":"FjALA e LIR\u00cb - Arkivi","article_published_time":"2012-08-21T15:01:39+00:00","og_image":[{"url":"http:\/\/www.fjala.info\/2012\/kulla_berisha.jpg","type":"","width":"","height":""}],"author":"admin","twitter_card":"summary_large_image","twitter_misc":{"Written by":"admin","Est. reading time":"7 minutes"},"schema":{"@context":"https:\/\/schema.org","@graph":[{"@type":"Article","@id":"https:\/\/fjala.info\/2009-2015\/saliu-56-vjet-pa-shkelur-ne-vicidol-ka-lene-germadhe-kullen-e-babes\/#article","isPartOf":{"@id":"https:\/\/fjala.info\/2009-2015\/saliu-56-vjet-pa-shkelur-ne-vicidol-ka-lene-germadhe-kullen-e-babes\/"},"author":{"name":"admin","@id":"https:\/\/fjala.info\/2009-2015\/#\/schema\/person\/3aa1163ef05469c496fc94e77611ada2"},"headline":"Saliu, 56 vjet pa shkelur n\u00eb Vi\u00e7idol, ka l\u00ebn\u00eb g\u00ebrmadh\u00eb \u201ckull\u00ebn e bab\u00ebs\u201d","datePublished":"2012-08-21T15:01:39+00:00","mainEntityOfPage":{"@id":"https:\/\/fjala.info\/2009-2015\/saliu-56-vjet-pa-shkelur-ne-vicidol-ka-lene-germadhe-kullen-e-babes\/"},"wordCount":1497,"commentCount":0,"publisher":{"@id":"https:\/\/fjala.info\/2009-2015\/#organization"},"image":{"@id":"https:\/\/fjala.info\/2009-2015\/saliu-56-vjet-pa-shkelur-ne-vicidol-ka-lene-germadhe-kullen-e-babes\/#primaryimage"},"thumbnailUrl":"http:\/\/www.fjala.info\/2012\/kulla_berisha.jpg","articleSection":["Artikuj"],"inLanguage":"sq-AL","potentialAction":[{"@type":"CommentAction","name":"Comment","target":["https:\/\/fjala.info\/2009-2015\/saliu-56-vjet-pa-shkelur-ne-vicidol-ka-lene-germadhe-kullen-e-babes\/#respond"]}]},{"@type":"WebPage","@id":"https:\/\/fjala.info\/2009-2015\/saliu-56-vjet-pa-shkelur-ne-vicidol-ka-lene-germadhe-kullen-e-babes\/","url":"https:\/\/fjala.info\/2009-2015\/saliu-56-vjet-pa-shkelur-ne-vicidol-ka-lene-germadhe-kullen-e-babes\/","name":"Saliu, 56 vjet pa shkelur n\u00eb Vi\u00e7idol, ka l\u00ebn\u00eb g\u00ebrmadh\u00eb \u201ckull\u00ebn e bab\u00ebs\u201d - FjALA e LIR\u00cb - Arkivi","isPartOf":{"@id":"https:\/\/fjala.info\/2009-2015\/#website"},"primaryImageOfPage":{"@id":"https:\/\/fjala.info\/2009-2015\/saliu-56-vjet-pa-shkelur-ne-vicidol-ka-lene-germadhe-kullen-e-babes\/#primaryimage"},"image":{"@id":"https:\/\/fjala.info\/2009-2015\/saliu-56-vjet-pa-shkelur-ne-vicidol-ka-lene-germadhe-kullen-e-babes\/#primaryimage"},"thumbnailUrl":"http:\/\/www.fjala.info\/2012\/kulla_berisha.jpg","datePublished":"2012-08-21T15:01:39+00:00","breadcrumb":{"@id":"https:\/\/fjala.info\/2009-2015\/saliu-56-vjet-pa-shkelur-ne-vicidol-ka-lene-germadhe-kullen-e-babes\/#breadcrumb"},"inLanguage":"sq-AL","potentialAction":[{"@type":"ReadAction","target":["https:\/\/fjala.info\/2009-2015\/saliu-56-vjet-pa-shkelur-ne-vicidol-ka-lene-germadhe-kullen-e-babes\/"]}]},{"@type":"ImageObject","inLanguage":"sq-AL","@id":"https:\/\/fjala.info\/2009-2015\/saliu-56-vjet-pa-shkelur-ne-vicidol-ka-lene-germadhe-kullen-e-babes\/#primaryimage","url":"http:\/\/www.fjala.info\/2012\/kulla_berisha.jpg","contentUrl":"http:\/\/www.fjala.info\/2012\/kulla_berisha.jpg"},{"@type":"BreadcrumbList","@id":"https:\/\/fjala.info\/2009-2015\/saliu-56-vjet-pa-shkelur-ne-vicidol-ka-lene-germadhe-kullen-e-babes\/#breadcrumb","itemListElement":[{"@type":"ListItem","position":1,"name":"Home","item":"https:\/\/fjala.info\/2009-2015\/"},{"@type":"ListItem","position":2,"name":"Saliu, 56 vjet pa shkelur n\u00eb Vi\u00e7idol, ka l\u00ebn\u00eb g\u00ebrmadh\u00eb \u201ckull\u00ebn e bab\u00ebs\u201d"}]},{"@type":"WebSite","@id":"https:\/\/fjala.info\/2009-2015\/#website","url":"https:\/\/fjala.info\/2009-2015\/","name":"FjALA e LIR\u00cb - Arkivi","description":"Arkivi 2009-2015","publisher":{"@id":"https:\/\/fjala.info\/2009-2015\/#organization"},"potentialAction":[{"@type":"SearchAction","target":{"@type":"EntryPoint","urlTemplate":"https:\/\/fjala.info\/2009-2015\/?s={search_term_string}"},"query-input":{"@type":"PropertyValueSpecification","valueRequired":true,"valueName":"search_term_string"}}],"inLanguage":"sq-AL"},{"@type":"Organization","@id":"https:\/\/fjala.info\/2009-2015\/#organization","name":"FjALA e LIR\u00cb - Arkivi","url":"https:\/\/fjala.info\/2009-2015\/","logo":{"@type":"ImageObject","inLanguage":"sq-AL","@id":"https:\/\/fjala.info\/2009-2015\/#\/schema\/logo\/image\/","url":"","contentUrl":"","caption":"FjALA e LIR\u00cb - Arkivi"},"image":{"@id":"https:\/\/fjala.info\/2009-2015\/#\/schema\/logo\/image\/"}},{"@type":"Person","@id":"https:\/\/fjala.info\/2009-2015\/#\/schema\/person\/3aa1163ef05469c496fc94e77611ada2","name":"admin","image":{"@type":"ImageObject","inLanguage":"sq-AL","@id":"https:\/\/fjala.info\/2009-2015\/wp-content\/uploads\/2012\/02\/arben_cokaj-120x150.jpg","url":"https:\/\/fjala.info\/2009-2015\/wp-content\/uploads\/2012\/02\/arben_cokaj-120x150.jpg","contentUrl":"https:\/\/fjala.info\/2009-2015\/wp-content\/uploads\/2012\/02\/arben_cokaj-120x150.jpg","caption":"admin"},"description":"Admin, Fjala e Lir\u00eb","sameAs":["https:\/\/fjala.info\/"],"url":"https:\/\/fjala.info\/2009-2015\/author\/admin\/"}]}},"_links":{"self":[{"href":"https:\/\/fjala.info\/2009-2015\/wp-json\/wp\/v2\/posts\/12030","targetHints":{"allow":["GET"]}}],"collection":[{"href":"https:\/\/fjala.info\/2009-2015\/wp-json\/wp\/v2\/posts"}],"about":[{"href":"https:\/\/fjala.info\/2009-2015\/wp-json\/wp\/v2\/types\/post"}],"author":[{"embeddable":true,"href":"https:\/\/fjala.info\/2009-2015\/wp-json\/wp\/v2\/users\/1"}],"replies":[{"embeddable":true,"href":"https:\/\/fjala.info\/2009-2015\/wp-json\/wp\/v2\/comments?post=12030"}],"version-history":[{"count":0,"href":"https:\/\/fjala.info\/2009-2015\/wp-json\/wp\/v2\/posts\/12030\/revisions"}],"wp:attachment":[{"href":"https:\/\/fjala.info\/2009-2015\/wp-json\/wp\/v2\/media?parent=12030"}],"wp:term":[{"taxonomy":"category","embeddable":true,"href":"https:\/\/fjala.info\/2009-2015\/wp-json\/wp\/v2\/categories?post=12030"},{"taxonomy":"post_tag","embeddable":true,"href":"https:\/\/fjala.info\/2009-2015\/wp-json\/wp\/v2\/tags?post=12030"}],"curies":[{"name":"wp","href":"https:\/\/api.w.org\/{rel}","templated":true}]}}