{"id":12029,"date":"2012-08-21T15:48:10","date_gmt":"2012-08-21T14:48:10","guid":{"rendered":"http:\/\/www.fjala.info\/?p=4561"},"modified":"2012-08-21T15:48:10","modified_gmt":"2012-08-21T14:48:10","slug":"emigracioni-nderi-dhe-turpi","status":"publish","type":"post","link":"https:\/\/fjala.info\/2009-2015\/emigracioni-nderi-dhe-turpi\/","title":{"rendered":"Emigracioni\u2026, nderi dhe turpi"},"content":{"rendered":"<p><img decoding=\"async\" class=\"alignleft size-thumbnail wp-image-7236\" title=\"Emigrant i gjymtuar\" src=\"http:\/\/www.fjala.info\/2012\/emigrant_gjymtuar.jpg\" alt=\"\" width=\"300\" \/> Nga <strong>Pandeli Majko<\/strong>, <em>21 Gusht 2012<\/em><\/p>\n<p>Shqip\u00ebria u b\u00eb vendi ku \u201ceksporti\u201d i emigrant\u00ebve ka qen\u00eb \u201cl\u00ebnda e par\u00eb\u201d me t\u00eb cil\u00ebn shqiptar\u00ebt ju ofruam bot\u00ebs pas p\u00ebrmbysjes s\u00eb komunizmit. Kjo shtres\u00eb popullsie u b\u00eb protagoniste e padiskutueshme n\u00eb m\u00ebnyr\u00ebn se si vendi u zhvillua prej 22 vjet\u00ebsh. Ky protagoniz\u00ebm filloi me emigrant\u00ebt e par\u00eb q\u00eb u fut\u00ebn n\u00eb ambasadat per\u00ebndimore n\u00eb 2 korrik 1990-t\u00eb duke i dh\u00ebn\u00eb zem\u00ebr shoq\u00ebris\u00eb s\u00eb tulatur shqiptare p\u00ebr ndryshimet e m\u00ebvon\u00ebshme.Sot, vendi yn\u00eb p\u00ebr frym\u00eb popullsie, z\u00eb vendin e par\u00eb n\u00eb Europ\u00eb p\u00ebr emigracionin. Rreth 20-25% e popullat\u00ebs s\u00eb vendit ton\u00eb \u00ebsht\u00eb larguar n\u00eb emigrim.<\/p>\n<p>Sipas t\u00eb dh\u00ebnave \u201cstatistikore\u201d (ende t\u00eb paqarta), p\u00ebrllogaritet q\u00eb popullsia shqiptare (n\u00eb Shqip\u00ebri) t\u00eb jet\u00eb pak\u00ebsuar me 7.7 p\u00ebr qind n\u00eb nj\u00eb dekad\u00eb. Shifrat jan\u00eb kontradiktore dhe konfuzioni i tyre \u00ebsht\u00eb ve\u00e7 pjesa e dukshme e ajsbergut t\u00eb \u201c\u00e7\u00ebshtjes\u201d s\u00eb emigrimit n\u00eb shoq\u00ebrin\u00eb shqiptare.<\/p>\n<p>Sipas statistikave t\u00eb Bashkimit Europian, shqiptar\u00ebt jan\u00eb t\u00eb par\u00ebt p\u00ebr frym\u00eb popullsie n\u00eb nivelin e emigrimit. Pas tyre vin\u00eb turqit dhe t\u00eb tjer\u00ebt\u2026<\/p>\n<p>Emigrimi i popullsis\u00eb n\u00eb Shqip\u00ebri \u00ebsht\u00eb e dh\u00ebna q\u00eb bie n\u00eb sy pas publikimit t\u00eb treguesve t\u00eb \u201cCensusit\u201d. Instat e deklaron vendin me 2 milion\u00eb e 830 mij\u00eb banor\u00eb i cili p\u00ebrb\u00ebn nj\u00eb zvog\u00eblim popullsie prej 237 mij\u00eb banor\u00ebsh(!) (Ironikisht, kjo shif\u00ebr bie n\u00eb kund\u00ebrshtim me listat e zgjedh\u00ebve t\u00eb KQZ-s\u00eb, t\u00eb cilat konfirmojn\u00eb nj\u00eb num\u00ebr m\u00eb t\u00eb madh t\u00eb popullsis\u00eb!)<\/p>\n<p>N\u00eb ITALI, numri i emigrant\u00ebve shqiptare \u00ebsht\u00eb mbi 500 mij\u00eb, sipas t\u00eb dh\u00ebnave zyrtare t\u00eb Ministris\u00eb s\u00eb Pun\u00ebve t\u00eb Brendshme t\u00eb k\u00ebtij shteti.<\/p>\n<p>Gjat\u00eb viteve numri i shqiptar\u00ebve ka sh\u00ebnuar rritje t\u00eb vazhdueshme. Ai, sipas statistik\u00ebs italiane arriti n\u00eb janar 2011 kuot\u00ebn 482.627 emigrant\u00ebsh t\u00eb rregullt n\u00eb territorin italian i cili p\u00ebrb\u00ebnte 10,6% t\u00eb totalit t\u00eb emigrant\u00ebve n\u00eb shtetin italian.<\/p>\n<p>N\u00eb GREQI sakt\u00ebsia statistika e emigracionit shqiptar \u00ebsht\u00eb e paqart\u00eb. N\u00eb k\u00ebt\u00eb vend numri i emigrant\u00ebve shqiptar\u00eb \u00ebsht\u00eb m\u00eb i lart\u00eb se n\u00eb \u00e7do vend tjet\u00ebr, p\u00ebrfshi edhe Italin\u00eb.<\/p>\n<p>Sa \u00ebsht\u00eb numri i shqiptar\u00ebve t\u00eb cil\u00ebt kan\u00eb l\u00ebn\u00eb vendin e tyre drejt emigrimit? Ky num\u00ebr zyrtarisht NUK DIHET!<\/p>\n<p>Duke shkruajtur k\u00ebt\u00eb shkrim, mendova se duhet ti k\u00ebrkoj nj\u00eb mir\u00ebkuptim lexuesit. Nuk jam duke b\u00ebr\u00eb opozitarin. P\u00ebrgjegj\u00ebsia e shtetit shqiptar nuk fillon sot\u2026<\/p>\n<p>P\u00ebraf\u00ebrsisht, duke marr\u00eb s\u00eb bashku Italin\u00eb (500 mij\u00eb+), Greqine (700-800 mij\u00eb+), vendet e tjera te BE-se (100 mij\u00eb+) duke shtuar k\u00ebtij edhe emigracionin n\u00eb Amerik\u00ebn e Veriut (SHBA dhe Kanada), Australin\u00eb dhe pjes\u00ebn tjet\u00ebr t\u00eb rruzullit shifra e emigracionit shqiptar t\u00eb pas viteve 90-\u00ebt shkon friksh\u00ebm diku mbi 1.5 milion\u00eb\u2026<\/p>\n<p>Emigrant\u00ebt jan\u00eb historia e re e Shqip\u00ebris\u00eb. Ata ndryshuan raportin me shpres\u00ebn p\u00ebr t\u00eb ardhmen, n\u00eb nj\u00eb shoq\u00ebri t\u00eb d\u00ebshp\u00ebruar dhe zhg\u00ebnjyer postkomuniste. Me shqiptar\u00ebt emigrant\u00eb, vendi u ndihmua n\u00eb rim\u00ebk\u00ebmbjen financiare dhe ekonomike t\u00eb tij. Remitancat, (d\u00ebrgesat financiare) t\u00eb emigrant\u00ebve n\u00eb drejtim t\u00eb Shqip\u00ebris\u00eb, ishin disa her\u00eb m\u00eb t\u00eb larta se sa ndihmat ekonomike e dh\u00ebna n\u00eb form\u00eb grantesh apo programesh nga donator\u00ebt nd\u00ebrkomb\u00ebtar\u00eb p\u00ebr qeverit\u00eb e tranzicionit n\u00eb Tiran\u00eb.<\/p>\n<p>Emigracioni shqiptar ndikoi n\u00eb nivelin e shkollimit. Ai sa vjen e po b\u00ebhet edhe m\u00eb i mir\u00eb edhe fal\u00eb emigracionit. Mentaliteti, m\u00ebnyra e t\u00eb menduarit dhe deri e t\u00eb veshurit kan\u00eb p\u00ebsuar ndryshime t\u00eb forta fal\u00eb \u201chapjes\u201d s\u00eb emigracionit. Protagonist\u00ebt e suksesit shqiptar vijn\u00eb, shumica e tyre, nga rradh\u00ebt e emigrant\u00ebve, pavar\u00ebsisht se nj\u00eb pjes\u00eb e tyre reklamohet ose me vones\u00eb ose kur shk\u00eblqimi mediatik nd\u00ebrkomb\u00ebtar i b\u00ebn t\u00eb i pashmangsh\u00ebm.<\/p>\n<p>Nd\u00ebrkaq, qindra e mij\u00ebra emigrant\u00eb vazhdojn\u00eb t\u00eb ken\u00eb probleme me lejet e q\u00ebndrimit, bashkimin familjar, sigurimet shoq\u00ebrore, shkollat shqipe, keqtrajtimet, standardin e jetes\u00ebs apo nivelin e integrimit n\u00eb shoq\u00ebrit\u00eb e shteteve ku kan\u00eb emigruar. K\u00ebto dhe t\u00eb tjera p\u00ebrb\u00ebjn\u00eb shqet\u00ebsimin m\u00eb t\u00eb madh n\u00eb marr\u00ebdh\u00ebnien e munguar q\u00eb shteti i Shqip\u00ebris\u00eb ofron p\u00ebr emigracionin e vet \u201cjetim\u201d.<\/p>\n<p>Njohja e sigurimeve shoq\u00ebrore, \u00ebsht\u00eb nga problemet m\u00eb t\u00eb m\u00ebdha q\u00eb shqet\u00ebsojn\u00eb emigracionin ton\u00eb, p\u00ebrball\u00eb indiferentizmit t\u00eb institucioneve t\u00eb shtetit shqiptar. Ky indiferentiz\u00ebm me t\u00eb drejt\u00eb indinjon \u00e7do emigrant shqiptar i cili ndodhet n\u00eb k\u00ebt\u00eb \u201cudh\u00ebkryq\u201d t\u00eb s\u00eb ardhmes s\u00eb tij. Zgjidhja e k\u00ebtij problemi kalon edhe nga relizimi i marr\u00ebveshjeve shtet\u00ebrore t\u00eb cilat do jen\u00eb nj\u00eb zgjidhje fundore p\u00ebr pensionet t\u00eb tyre t\u00eb pleq\u00ebris\u00eb.<\/p>\n<p>Fenomeni i mohimit t\u00eb njohjes s\u00eb viteve t\u00eb pun\u00ebs t\u00eb emigrant\u00ebve shqiptar\u00eb aktualisht p\u00ebrb\u00ebn sot nj\u00eb korrupsion t\u00eb llojit t\u00eb ve\u00e7ant\u00eb. Ky problem social sa vjen dhe do t\u00eb b\u00ebhet \u00e7\u00ebshtje e dit\u00ebs. Pritshm\u00ebria e emigrant\u00ebve shqiptar\u00eb p\u00ebr njohjen e viteve t\u00eb pun\u00ebs, n\u00eb kushtet e kriz\u00ebs ekonomike europiane kan\u00eb p\u00ebrball\u00eb heshtjen dhe mosprofesionalizmin e institucioneve shqiptare.<\/p>\n<p>P\u00ebr faj t\u00eb politik\u00ebs reciproke, vet\u00ebm n\u00eb Greqi, mbi 300 mij\u00eb emigrant\u00eb rrezikojn\u00eb t\u00eb humbasin pensionet e tyre. Shteti i Greqis\u00eb pak koh\u00eb m\u00eb par\u00eb b\u00ebri marr\u00ebveshje reciproke me Australin\u00eb p\u00ebr k\u00ebt\u00eb c\u00ebshtje p\u00ebr emigrant\u00ebt e vet. Qeveria shqiptare, deri tani, nuk \u00ebsht\u00eb kujtuar p\u00ebr t\u00eb biseduar p\u00ebr k\u00ebt\u00eb c\u00ebshtje e cila do t\u00eb sjell\u00eb p\u00ebr emigrant\u00ebt e sot\u00ebm pasoja t\u00eb parikuperueshme.<\/p>\n<p>Instituti i Sigurimeve Shoq\u00ebrore t\u00eb Shqip\u00ebris\u00eb ka zgjedhur rrug\u00ebn m\u00eb t\u00eb leht\u00eb dhe n\u00eb kurriz t\u00eb emigrant\u00ebve. Ai u k\u00ebrkon emigrant\u00ebve t\u00eb b\u00ebjn\u00eb sigurimin vullnetar pran\u00eb tij. Nj\u00eb praktik\u00eb tep\u00ebr e \u201ccudit\u00ebshme\u201d, q\u00eb i detyron emigrant\u00ebt t\u00eb sigurohen edhe n\u00eb sigurimet shoq\u00ebrore shqiptare. Duket se u zgjodh rruga m\u00eb e leht\u00eb n\u00eb kurriz t\u00eb emigrant\u00ebve shqiptar\u00eb dhe jo dialogu p\u00ebr njohjen e pensionit nga homolog\u00ebt grek\u00eb.<\/p>\n<p>Shteti shqiptar nuk ka nj\u00eb axhend\u00eb p\u00ebr emigracionin e vet. Ky \u00ebsht\u00eb realiteti i dhimbsh\u00ebm, t\u00eb cilin p\u00ebr ta ndryshuar duhet m\u00eb s\u00eb pari ta pohosh.<\/p>\n<p>Kjo munges\u00eb fillon me nivelin e sh\u00ebrbimeve n\u00eb ambasadat tona t\u00eb cilat nuk kan\u00eb personel t\u00eb mjaftuesh\u00ebm. Ai \u00ebsht\u00eb nj\u00eb num\u00ebr, p\u00ebr nga vog\u00eblsia, friksh\u00ebm i turpsh\u00ebm, (nuk besoj t\u00eb jet\u00eb dyshifror) dhe as q\u00eb b\u00ebhet fjal\u00eb t\u00eb ofroj\u00eb sh\u00ebrbimet e k\u00ebrkuara ndaj nj\u00eb komuniteti emigrant\u00ebsh q\u00eb num\u00ebron sa banor\u00ebt e bashkive m\u00eb t\u00eb m\u00ebdha t\u00eb Shqip\u00ebris\u00eb n\u00eb shtete si Greqia, Italia apo si SHBA, Kanada, Gjermani etj.<\/p>\n<p>Thellimi i kriz\u00ebs ekonomike dhe politike n\u00eb vendet e Bashkimit Europian dhe sidomos n\u00eb Greqi dhe Itali, po err\u00ebson prespektiv\u00ebn e emigrant\u00ebve shqiptar\u00eb.<\/p>\n<p>Nj\u00eb pjes\u00eb e emigracionit shqiptar po rrezikon t\u00eb p\u00ebrfundoj\u00eb atje ku nisi rrug\u00ebn e emigrimit para 22 vjet\u00ebsh. Ata po kthehen. T\u00eb hutuar, t\u00eb mall\u00ebngjyer dhe shpejt edhe t\u00eb indinjuar. Kthimi i tyre sot \u00ebsht\u00eb realitet. Ikja nga Greqia sidomos p\u00ebrb\u00ebn rendin e dit\u00ebs. Grupe emigrant\u00ebsh, t\u00eb detyruar, po i drejtohen p\u00ebrfundimisht vendit t\u00eb tyre t\u00eb lindjes p\u00ebr arsyet nga m\u00eb t\u00eb ndryshme ku kushtet e legalizimit, nd\u00ebrprerja e kontratave t\u00eb pun\u00ebs dhe gjendja e r\u00ebnd\u00eb ekonomike i kan\u00eb lodhur s\u00eb tep\u00ebrmi emigrant\u00ebt shqiptar\u00eb. Dikur, ata punonin me \u00ebndrr\u00ebn p\u00ebr t\u00eb mbledhur para p\u00ebr nj\u00eb t\u00eb ardhme sa m\u00eb t\u00eb mire, nd\u00ebrsa sot, jeta e tyre varet nga k\u00ebto kursime dhe mbi t\u00eb gjitha duke rrezikuar humbjen e viteve t\u00eb pun\u00ebs. Kjo \u00ebsht\u00eb nj\u00eb padrejt\u00ebsi p\u00ebr t\u00eb cil\u00ebn shteti shqiptar b\u00ebn ende t\u00eb \u201cpaditurin\u201d dhe q\u00eb duhet konsideruar si pap\u00ebrgjegj\u00ebshm\u00ebri ndaj qytetar\u00ebve t\u00eb vet.<\/p>\n<p>Politika shqiptare nuk ka raporte me emigracionin. Sot, emigrant\u00ebt n\u00eb Shqip\u00ebri figurojn\u00eb votues n\u00eb lista por votimin e kan\u00eb thuajse nj\u00eb mision t\u00eb pamundur. Prezenca e tyre n\u00eb listat e votimit \u00ebsht\u00eb shpesh arsyeja e manipulimeve industriale n\u00eb zgjedhjet e rradh\u00ebs. Edhe kur votojn\u00eb si emigrant\u00eb, kjo \u00ebsht\u00eb nj\u00eb superlodhje militant\u00ebsh q\u00eb me autobuza udh\u00ebtojn\u00eb drejt Shqip\u00ebris\u00eb p\u00ebr t\u00eb votuar. Vijn\u00eb si nj\u00eb \u201cmall\u201d eksporti, dhe pavar\u00ebsisht se kryejn\u00eb nj\u00eb akt t\u00eb paprecedent p\u00ebr nj\u00eb vend an\u00ebtar t\u00eb NATO-s, jan\u00eb shtresa m\u00eb kokulur dhe q\u00eb do me zem\u00ebr t\u00eb ardhmen e atdheut t\u00eb vet.<\/p>\n<p>Shqip\u00ebria dhe politika ja ka \u201cborxh\u201d t\u00eb drejt\u00ebn e vot\u00ebs emigrant\u00ebve atje ku ata jetojn\u00eb. Pse po vonon kjo e drejt\u00eb?! \u2013 mund t\u00eb pys\u00eb dikush. P\u00ebrgjigja e thjesht\u00eb \u00ebsht\u00eb se emigrant\u00ebt jan\u00eb votues t\u00eb friksh\u00ebm. Ata nuk blehen dhe shiten, p\u00ebr nj\u00eb vend pune n\u00eb administrat\u00eb. Standarti i tyre i t\u00eb kuptuarit t\u00eb politik\u00ebs nuk \u00ebsht\u00eb naiv. Votat e emigrant\u00ebve do t\u00eb jen\u00eb nj\u00eb thuajse \u201crevolucion\u201d p\u00ebr mentalitetin politik shqiptar. Vota e emigrant\u00ebve, pa asnj\u00eb metafor\u00eb optimiste, do t\u00eb ishte \u201chapja\u201d e dyt\u00eb e Shqip\u00ebris\u00eb pas viteve 90-t\u00eb.<\/p>\n<p>Emigrant\u00ebt jan\u00eb heronjt\u00eb tan\u00eb t\u00eb tranzicionit. Ata kan\u00eb ditur ti japin atdheut q\u00eb nuk u dha thuajse asgj\u00eb K\u00ebta k\u00ebrkues t\u00eb \u00ebndr\u00ebs na kujtojn\u00eb cdo moment se NDERI ju takon atyre, dhe TURPI mbetet p\u00ebr mosmir\u00ebnjoh\u00ebsit pa \u00ebndrra\u2026Duket sikur mitingu idiot n\u00eb sheshin \u201cSk\u00ebnderbej\u201d, p\u00ebr \u201cd\u00ebnimin\u201d e atyre q\u00eb emigruan nga hyrja n\u00eb ambasadat per\u00ebndimore n\u00eb 2 korrikun e 1990-\u00ebs nuk ka mbaruar akoma. Sigurisht!<\/p>\n","protected":false},"excerpt":{"rendered":"<p>Nga Pandeli Majko, 21 Gusht 2012 Shqip\u00ebria u b\u00eb vendi ku \u201ceksporti\u201d i emigrant\u00ebve ka qen\u00eb \u201cl\u00ebnda e par\u00eb\u201d me t\u00eb cil\u00ebn shqiptar\u00ebt ju ofruam bot\u00ebs pas p\u00ebrmbysjes s\u00eb komunizmit. Kjo shtres\u00eb popullsie u b\u00eb protagoniste e padiskutueshme n\u00eb m\u00ebnyr\u00ebn se si vendi u zhvillua prej 22 vjet\u00ebsh. Ky protagoniz\u00ebm filloi me emigrant\u00ebt e par\u00eb [&hellip;]<\/p>\n","protected":false},"author":1,"featured_media":0,"comment_status":"open","ping_status":"closed","sticky":false,"template":"","format":"standard","meta":{"footnotes":""},"categories":[2],"tags":[],"class_list":{"0":"post-12029","1":"post","2":"type-post","3":"status-publish","4":"format-standard","6":"category-artikuj"},"yoast_head":"<!-- This site is optimized with the Yoast SEO plugin v27.4 - https:\/\/yoast.com\/product\/yoast-seo-wordpress\/ -->\n<title>Emigracioni\u2026, nderi dhe turpi - FjALA e LIR\u00cb - Arkivi<\/title>\n<meta name=\"robots\" content=\"index, follow, max-snippet:-1, max-image-preview:large, max-video-preview:-1\" \/>\n<link rel=\"canonical\" href=\"https:\/\/fjala.info\/2009-2015\/emigracioni-nderi-dhe-turpi\/\" \/>\n<meta property=\"og:locale\" content=\"sq_AL\" \/>\n<meta property=\"og:type\" content=\"article\" \/>\n<meta property=\"og:title\" content=\"Emigracioni\u2026, nderi dhe turpi - FjALA e LIR\u00cb - Arkivi\" \/>\n<meta property=\"og:description\" content=\"Nga Pandeli Majko, 21 Gusht 2012 Shqip\u00ebria u b\u00eb vendi ku \u201ceksporti\u201d i emigrant\u00ebve ka qen\u00eb \u201cl\u00ebnda e par\u00eb\u201d me t\u00eb cil\u00ebn shqiptar\u00ebt ju ofruam bot\u00ebs pas p\u00ebrmbysjes s\u00eb komunizmit. Kjo shtres\u00eb popullsie u b\u00eb protagoniste e padiskutueshme n\u00eb m\u00ebnyr\u00ebn se si vendi u zhvillua prej 22 vjet\u00ebsh. Ky protagoniz\u00ebm filloi me emigrant\u00ebt e par\u00eb [&hellip;]\" \/>\n<meta property=\"og:url\" content=\"https:\/\/fjala.info\/2009-2015\/emigracioni-nderi-dhe-turpi\/\" \/>\n<meta property=\"og:site_name\" content=\"FjALA e LIR\u00cb - Arkivi\" \/>\n<meta property=\"article:published_time\" content=\"2012-08-21T14:48:10+00:00\" \/>\n<meta property=\"og:image\" content=\"http:\/\/www.fjala.info\/2012\/emigrant_gjymtuar.jpg\" \/>\n<meta name=\"author\" content=\"admin\" \/>\n<meta name=\"twitter:card\" content=\"summary_large_image\" \/>\n<meta name=\"twitter:label1\" content=\"Written by\" \/>\n\t<meta name=\"twitter:data1\" content=\"admin\" \/>\n\t<meta name=\"twitter:label2\" content=\"Est. reading time\" \/>\n\t<meta name=\"twitter:data2\" content=\"8 minutes\" \/>\n<script type=\"application\/ld+json\" class=\"yoast-schema-graph\">{\"@context\":\"https:\\\/\\\/schema.org\",\"@graph\":[{\"@type\":\"Article\",\"@id\":\"https:\\\/\\\/fjala.info\\\/2009-2015\\\/emigracioni-nderi-dhe-turpi\\\/#article\",\"isPartOf\":{\"@id\":\"https:\\\/\\\/fjala.info\\\/2009-2015\\\/emigracioni-nderi-dhe-turpi\\\/\"},\"author\":{\"name\":\"admin\",\"@id\":\"https:\\\/\\\/fjala.info\\\/2009-2015\\\/#\\\/schema\\\/person\\\/3aa1163ef05469c496fc94e77611ada2\"},\"headline\":\"Emigracioni\u2026, nderi dhe turpi\",\"datePublished\":\"2012-08-21T14:48:10+00:00\",\"mainEntityOfPage\":{\"@id\":\"https:\\\/\\\/fjala.info\\\/2009-2015\\\/emigracioni-nderi-dhe-turpi\\\/\"},\"wordCount\":1622,\"commentCount\":0,\"publisher\":{\"@id\":\"https:\\\/\\\/fjala.info\\\/2009-2015\\\/#organization\"},\"image\":{\"@id\":\"https:\\\/\\\/fjala.info\\\/2009-2015\\\/emigracioni-nderi-dhe-turpi\\\/#primaryimage\"},\"thumbnailUrl\":\"http:\\\/\\\/www.fjala.info\\\/2012\\\/emigrant_gjymtuar.jpg\",\"articleSection\":[\"Artikuj\"],\"inLanguage\":\"sq-AL\",\"potentialAction\":[{\"@type\":\"CommentAction\",\"name\":\"Comment\",\"target\":[\"https:\\\/\\\/fjala.info\\\/2009-2015\\\/emigracioni-nderi-dhe-turpi\\\/#respond\"]}]},{\"@type\":\"WebPage\",\"@id\":\"https:\\\/\\\/fjala.info\\\/2009-2015\\\/emigracioni-nderi-dhe-turpi\\\/\",\"url\":\"https:\\\/\\\/fjala.info\\\/2009-2015\\\/emigracioni-nderi-dhe-turpi\\\/\",\"name\":\"Emigracioni\u2026, nderi dhe turpi - FjALA e LIR\u00cb - Arkivi\",\"isPartOf\":{\"@id\":\"https:\\\/\\\/fjala.info\\\/2009-2015\\\/#website\"},\"primaryImageOfPage\":{\"@id\":\"https:\\\/\\\/fjala.info\\\/2009-2015\\\/emigracioni-nderi-dhe-turpi\\\/#primaryimage\"},\"image\":{\"@id\":\"https:\\\/\\\/fjala.info\\\/2009-2015\\\/emigracioni-nderi-dhe-turpi\\\/#primaryimage\"},\"thumbnailUrl\":\"http:\\\/\\\/www.fjala.info\\\/2012\\\/emigrant_gjymtuar.jpg\",\"datePublished\":\"2012-08-21T14:48:10+00:00\",\"breadcrumb\":{\"@id\":\"https:\\\/\\\/fjala.info\\\/2009-2015\\\/emigracioni-nderi-dhe-turpi\\\/#breadcrumb\"},\"inLanguage\":\"sq-AL\",\"potentialAction\":[{\"@type\":\"ReadAction\",\"target\":[\"https:\\\/\\\/fjala.info\\\/2009-2015\\\/emigracioni-nderi-dhe-turpi\\\/\"]}]},{\"@type\":\"ImageObject\",\"inLanguage\":\"sq-AL\",\"@id\":\"https:\\\/\\\/fjala.info\\\/2009-2015\\\/emigracioni-nderi-dhe-turpi\\\/#primaryimage\",\"url\":\"http:\\\/\\\/www.fjala.info\\\/2012\\\/emigrant_gjymtuar.jpg\",\"contentUrl\":\"http:\\\/\\\/www.fjala.info\\\/2012\\\/emigrant_gjymtuar.jpg\"},{\"@type\":\"BreadcrumbList\",\"@id\":\"https:\\\/\\\/fjala.info\\\/2009-2015\\\/emigracioni-nderi-dhe-turpi\\\/#breadcrumb\",\"itemListElement\":[{\"@type\":\"ListItem\",\"position\":1,\"name\":\"Home\",\"item\":\"https:\\\/\\\/fjala.info\\\/2009-2015\\\/\"},{\"@type\":\"ListItem\",\"position\":2,\"name\":\"Emigracioni\u2026, nderi dhe turpi\"}]},{\"@type\":\"WebSite\",\"@id\":\"https:\\\/\\\/fjala.info\\\/2009-2015\\\/#website\",\"url\":\"https:\\\/\\\/fjala.info\\\/2009-2015\\\/\",\"name\":\"FjALA e LIR\u00cb - Arkivi\",\"description\":\"Arkivi 2009-2015\",\"publisher\":{\"@id\":\"https:\\\/\\\/fjala.info\\\/2009-2015\\\/#organization\"},\"potentialAction\":[{\"@type\":\"SearchAction\",\"target\":{\"@type\":\"EntryPoint\",\"urlTemplate\":\"https:\\\/\\\/fjala.info\\\/2009-2015\\\/?s={search_term_string}\"},\"query-input\":{\"@type\":\"PropertyValueSpecification\",\"valueRequired\":true,\"valueName\":\"search_term_string\"}}],\"inLanguage\":\"sq-AL\"},{\"@type\":\"Organization\",\"@id\":\"https:\\\/\\\/fjala.info\\\/2009-2015\\\/#organization\",\"name\":\"FjALA e LIR\u00cb - Arkivi\",\"url\":\"https:\\\/\\\/fjala.info\\\/2009-2015\\\/\",\"logo\":{\"@type\":\"ImageObject\",\"inLanguage\":\"sq-AL\",\"@id\":\"https:\\\/\\\/fjala.info\\\/2009-2015\\\/#\\\/schema\\\/logo\\\/image\\\/\",\"url\":\"\",\"contentUrl\":\"\",\"caption\":\"FjALA e LIR\u00cb - Arkivi\"},\"image\":{\"@id\":\"https:\\\/\\\/fjala.info\\\/2009-2015\\\/#\\\/schema\\\/logo\\\/image\\\/\"}},{\"@type\":\"Person\",\"@id\":\"https:\\\/\\\/fjala.info\\\/2009-2015\\\/#\\\/schema\\\/person\\\/3aa1163ef05469c496fc94e77611ada2\",\"name\":\"admin\",\"image\":{\"@type\":\"ImageObject\",\"inLanguage\":\"sq-AL\",\"@id\":\"https:\\\/\\\/fjala.info\\\/2009-2015\\\/wp-content\\\/uploads\\\/2012\\\/02\\\/arben_cokaj-120x150.jpg\",\"url\":\"https:\\\/\\\/fjala.info\\\/2009-2015\\\/wp-content\\\/uploads\\\/2012\\\/02\\\/arben_cokaj-120x150.jpg\",\"contentUrl\":\"https:\\\/\\\/fjala.info\\\/2009-2015\\\/wp-content\\\/uploads\\\/2012\\\/02\\\/arben_cokaj-120x150.jpg\",\"caption\":\"admin\"},\"description\":\"Admin, Fjala e Lir\u00eb\",\"sameAs\":[\"https:\\\/\\\/fjala.info\\\/\"],\"url\":\"https:\\\/\\\/fjala.info\\\/2009-2015\\\/author\\\/admin\\\/\"}]}<\/script>\n<!-- \/ Yoast SEO plugin. -->","yoast_head_json":{"title":"Emigracioni\u2026, nderi dhe turpi - FjALA e LIR\u00cb - Arkivi","robots":{"index":"index","follow":"follow","max-snippet":"max-snippet:-1","max-image-preview":"max-image-preview:large","max-video-preview":"max-video-preview:-1"},"canonical":"https:\/\/fjala.info\/2009-2015\/emigracioni-nderi-dhe-turpi\/","og_locale":"sq_AL","og_type":"article","og_title":"Emigracioni\u2026, nderi dhe turpi - FjALA e LIR\u00cb - Arkivi","og_description":"Nga Pandeli Majko, 21 Gusht 2012 Shqip\u00ebria u b\u00eb vendi ku \u201ceksporti\u201d i emigrant\u00ebve ka qen\u00eb \u201cl\u00ebnda e par\u00eb\u201d me t\u00eb cil\u00ebn shqiptar\u00ebt ju ofruam bot\u00ebs pas p\u00ebrmbysjes s\u00eb komunizmit. Kjo shtres\u00eb popullsie u b\u00eb protagoniste e padiskutueshme n\u00eb m\u00ebnyr\u00ebn se si vendi u zhvillua prej 22 vjet\u00ebsh. Ky protagoniz\u00ebm filloi me emigrant\u00ebt e par\u00eb [&hellip;]","og_url":"https:\/\/fjala.info\/2009-2015\/emigracioni-nderi-dhe-turpi\/","og_site_name":"FjALA e LIR\u00cb - Arkivi","article_published_time":"2012-08-21T14:48:10+00:00","og_image":[{"url":"http:\/\/www.fjala.info\/2012\/emigrant_gjymtuar.jpg","type":"","width":"","height":""}],"author":"admin","twitter_card":"summary_large_image","twitter_misc":{"Written by":"admin","Est. reading time":"8 minutes"},"schema":{"@context":"https:\/\/schema.org","@graph":[{"@type":"Article","@id":"https:\/\/fjala.info\/2009-2015\/emigracioni-nderi-dhe-turpi\/#article","isPartOf":{"@id":"https:\/\/fjala.info\/2009-2015\/emigracioni-nderi-dhe-turpi\/"},"author":{"name":"admin","@id":"https:\/\/fjala.info\/2009-2015\/#\/schema\/person\/3aa1163ef05469c496fc94e77611ada2"},"headline":"Emigracioni\u2026, nderi dhe turpi","datePublished":"2012-08-21T14:48:10+00:00","mainEntityOfPage":{"@id":"https:\/\/fjala.info\/2009-2015\/emigracioni-nderi-dhe-turpi\/"},"wordCount":1622,"commentCount":0,"publisher":{"@id":"https:\/\/fjala.info\/2009-2015\/#organization"},"image":{"@id":"https:\/\/fjala.info\/2009-2015\/emigracioni-nderi-dhe-turpi\/#primaryimage"},"thumbnailUrl":"http:\/\/www.fjala.info\/2012\/emigrant_gjymtuar.jpg","articleSection":["Artikuj"],"inLanguage":"sq-AL","potentialAction":[{"@type":"CommentAction","name":"Comment","target":["https:\/\/fjala.info\/2009-2015\/emigracioni-nderi-dhe-turpi\/#respond"]}]},{"@type":"WebPage","@id":"https:\/\/fjala.info\/2009-2015\/emigracioni-nderi-dhe-turpi\/","url":"https:\/\/fjala.info\/2009-2015\/emigracioni-nderi-dhe-turpi\/","name":"Emigracioni\u2026, nderi dhe turpi - FjALA e LIR\u00cb - Arkivi","isPartOf":{"@id":"https:\/\/fjala.info\/2009-2015\/#website"},"primaryImageOfPage":{"@id":"https:\/\/fjala.info\/2009-2015\/emigracioni-nderi-dhe-turpi\/#primaryimage"},"image":{"@id":"https:\/\/fjala.info\/2009-2015\/emigracioni-nderi-dhe-turpi\/#primaryimage"},"thumbnailUrl":"http:\/\/www.fjala.info\/2012\/emigrant_gjymtuar.jpg","datePublished":"2012-08-21T14:48:10+00:00","breadcrumb":{"@id":"https:\/\/fjala.info\/2009-2015\/emigracioni-nderi-dhe-turpi\/#breadcrumb"},"inLanguage":"sq-AL","potentialAction":[{"@type":"ReadAction","target":["https:\/\/fjala.info\/2009-2015\/emigracioni-nderi-dhe-turpi\/"]}]},{"@type":"ImageObject","inLanguage":"sq-AL","@id":"https:\/\/fjala.info\/2009-2015\/emigracioni-nderi-dhe-turpi\/#primaryimage","url":"http:\/\/www.fjala.info\/2012\/emigrant_gjymtuar.jpg","contentUrl":"http:\/\/www.fjala.info\/2012\/emigrant_gjymtuar.jpg"},{"@type":"BreadcrumbList","@id":"https:\/\/fjala.info\/2009-2015\/emigracioni-nderi-dhe-turpi\/#breadcrumb","itemListElement":[{"@type":"ListItem","position":1,"name":"Home","item":"https:\/\/fjala.info\/2009-2015\/"},{"@type":"ListItem","position":2,"name":"Emigracioni\u2026, nderi dhe turpi"}]},{"@type":"WebSite","@id":"https:\/\/fjala.info\/2009-2015\/#website","url":"https:\/\/fjala.info\/2009-2015\/","name":"FjALA e LIR\u00cb - Arkivi","description":"Arkivi 2009-2015","publisher":{"@id":"https:\/\/fjala.info\/2009-2015\/#organization"},"potentialAction":[{"@type":"SearchAction","target":{"@type":"EntryPoint","urlTemplate":"https:\/\/fjala.info\/2009-2015\/?s={search_term_string}"},"query-input":{"@type":"PropertyValueSpecification","valueRequired":true,"valueName":"search_term_string"}}],"inLanguage":"sq-AL"},{"@type":"Organization","@id":"https:\/\/fjala.info\/2009-2015\/#organization","name":"FjALA e LIR\u00cb - Arkivi","url":"https:\/\/fjala.info\/2009-2015\/","logo":{"@type":"ImageObject","inLanguage":"sq-AL","@id":"https:\/\/fjala.info\/2009-2015\/#\/schema\/logo\/image\/","url":"","contentUrl":"","caption":"FjALA e LIR\u00cb - Arkivi"},"image":{"@id":"https:\/\/fjala.info\/2009-2015\/#\/schema\/logo\/image\/"}},{"@type":"Person","@id":"https:\/\/fjala.info\/2009-2015\/#\/schema\/person\/3aa1163ef05469c496fc94e77611ada2","name":"admin","image":{"@type":"ImageObject","inLanguage":"sq-AL","@id":"https:\/\/fjala.info\/2009-2015\/wp-content\/uploads\/2012\/02\/arben_cokaj-120x150.jpg","url":"https:\/\/fjala.info\/2009-2015\/wp-content\/uploads\/2012\/02\/arben_cokaj-120x150.jpg","contentUrl":"https:\/\/fjala.info\/2009-2015\/wp-content\/uploads\/2012\/02\/arben_cokaj-120x150.jpg","caption":"admin"},"description":"Admin, Fjala e Lir\u00eb","sameAs":["https:\/\/fjala.info\/"],"url":"https:\/\/fjala.info\/2009-2015\/author\/admin\/"}]}},"_links":{"self":[{"href":"https:\/\/fjala.info\/2009-2015\/wp-json\/wp\/v2\/posts\/12029","targetHints":{"allow":["GET"]}}],"collection":[{"href":"https:\/\/fjala.info\/2009-2015\/wp-json\/wp\/v2\/posts"}],"about":[{"href":"https:\/\/fjala.info\/2009-2015\/wp-json\/wp\/v2\/types\/post"}],"author":[{"embeddable":true,"href":"https:\/\/fjala.info\/2009-2015\/wp-json\/wp\/v2\/users\/1"}],"replies":[{"embeddable":true,"href":"https:\/\/fjala.info\/2009-2015\/wp-json\/wp\/v2\/comments?post=12029"}],"version-history":[{"count":0,"href":"https:\/\/fjala.info\/2009-2015\/wp-json\/wp\/v2\/posts\/12029\/revisions"}],"wp:attachment":[{"href":"https:\/\/fjala.info\/2009-2015\/wp-json\/wp\/v2\/media?parent=12029"}],"wp:term":[{"taxonomy":"category","embeddable":true,"href":"https:\/\/fjala.info\/2009-2015\/wp-json\/wp\/v2\/categories?post=12029"},{"taxonomy":"post_tag","embeddable":true,"href":"https:\/\/fjala.info\/2009-2015\/wp-json\/wp\/v2\/tags?post=12029"}],"curies":[{"name":"wp","href":"https:\/\/api.w.org\/{rel}","templated":true}]}}