{"id":12028,"date":"2012-08-21T10:34:01","date_gmt":"2012-08-21T09:34:01","guid":{"rendered":"http:\/\/www.fjala.info\/?p=4557"},"modified":"2012-08-21T10:34:01","modified_gmt":"2012-08-21T09:34:01","slug":"newsweek-perze-barak-obamen","status":"publish","type":"post","link":"https:\/\/fjala.info\/2009-2015\/newsweek-perze-barak-obamen\/","title":{"rendered":"\u201cNewsweek\u201d \u201cp\u00ebrz\u00eb\u201d Barak Obam\u00ebn"},"content":{"rendered":"<p><img decoding=\"async\" class=\"alignright size-thumbnail wp-image-7236\" title=\"Newsweek - Hit the road Barack\" src=\"http:\/\/www.fjala.info\/2012\/newsweek_hit_the_road_barack.jpg\" alt=\"\" width=\"300\" \/> <strong>Gazeta Shqip<\/strong>, <em>20 Gusht 2012<\/em><\/p>\n<p>Gazeta e mir\u00ebnjohur amerikane, \u2018Newsweek\u2019 ka dal\u00eb me nj\u00eb kopertin\u00eb krejt t\u00eb ve\u00e7ant\u00eb, n\u00eb t\u00eb cil\u00ebn k\u00ebrkon largimin e presidentit t\u00eb SHBA-ve, Barack Obama. Kur kan\u00eb mbetur edhe 79 dit\u00eb nga gara presidenciale, q\u00eb mendohet t\u00eb jet\u00eb e v\u00ebshtir\u00eb p\u00ebr Obam\u00ebn, e p\u00ebrjavshmja prestigjioze i jep nj\u00eb goditje t\u00eb fort\u00eb kreut t\u00eb Sht\u00ebpis\u00eb s\u00eb Bardh\u00eb, me titullin e madh n\u00eb kopertin\u00eb: \u201cObama, largohu: ja pse kemi nevoj\u00eb p\u00ebr nj\u00eb president t\u00eb ri\u201d. N\u00eb sfond, nj\u00eb foto e Obam\u00ebs me xhaket\u00eb n\u00eb krah\u00eb, q\u00eb t\u00eb jep p\u00ebrshtypjen sikur \u00ebsht\u00eb duke u larguar.<\/p>\n<p>\u201cObama nuk ka p\u00ebrmbushur asnj\u00eb nga premtimet e m\u00ebdha t\u00eb b\u00ebra 4 vite t\u00eb shkuara\u201d, \u2013 n\u00ebnvizon autori i artikullit, Niall Ferguson, sipas t\u00eb cilit Amerika tashm\u00eb ka nevoj\u00eb p\u00ebr nj\u00eb tjet\u00ebr president. Q\u00ebndrimi i k\u00ebtij autori nuk \u00ebsht\u00eb i panjohur, duke qen\u00eb se 4 vjet m\u00eb par\u00eb, gjat\u00eb fushat\u00ebs p\u00ebr zgjedhjes presidenciale ka qen\u00eb k\u00ebshilltar politik i John McCain, kund\u00ebrshtari i Obam\u00ebs n\u00eb zgjedhje.<\/p>\n<p>Ajo q\u00eb p\u00ebrb\u00ebn lajm, \u00ebsht\u00eb fakti q\u00eb artikulli \u00ebsht\u00eb botuar nga \u2018Newsweek, dhe p\u00ebr m\u00eb tep\u00ebr \u00ebsht\u00eb vendosur n\u00eb kopertin\u00eb, n\u00eb nj\u00eb koh\u00eb q\u00eb gazeta njihet p\u00ebr pik\u00ebpamjet e saj t\u00ebr\u00ebsisht liberale.<\/p>\n<p><em>20 gusht 2012 (gazeta-Shqip.com)<\/em><\/p>\n","protected":false},"excerpt":{"rendered":"<p>Gazeta Shqip, 20 Gusht 2012 Gazeta e mir\u00ebnjohur amerikane, \u2018Newsweek\u2019 ka dal\u00eb me nj\u00eb kopertin\u00eb krejt t\u00eb ve\u00e7ant\u00eb, n\u00eb t\u00eb cil\u00ebn k\u00ebrkon largimin e presidentit t\u00eb SHBA-ve, Barack Obama. Kur kan\u00eb mbetur edhe 79 dit\u00eb nga gara presidenciale, q\u00eb mendohet t\u00eb jet\u00eb e v\u00ebshtir\u00eb p\u00ebr Obam\u00ebn, e p\u00ebrjavshmja prestigjioze i jep nj\u00eb goditje t\u00eb fort\u00eb [&hellip;]<\/p>\n","protected":false},"author":1,"featured_media":0,"comment_status":"open","ping_status":"closed","sticky":false,"template":"","format":"standard","meta":{"footnotes":""},"categories":[2,5],"tags":[],"class_list":{"0":"post-12028","1":"post","2":"type-post","3":"status-publish","4":"format-standard","6":"category-artikuj","7":"category-lajme"},"yoast_head":"<!-- This site is optimized with the Yoast SEO plugin v27.4 - https:\/\/yoast.com\/product\/yoast-seo-wordpress\/ -->\n<title>\u201cNewsweek\u201d \u201cp\u00ebrz\u00eb\u201d Barak Obam\u00ebn - FjALA e LIR\u00cb - Arkivi<\/title>\n<meta name=\"robots\" content=\"index, follow, max-snippet:-1, max-image-preview:large, max-video-preview:-1\" \/>\n<link rel=\"canonical\" href=\"https:\/\/fjala.info\/2009-2015\/newsweek-perze-barak-obamen\/\" \/>\n<meta property=\"og:locale\" content=\"sq_AL\" \/>\n<meta property=\"og:type\" content=\"article\" \/>\n<meta property=\"og:title\" content=\"\u201cNewsweek\u201d \u201cp\u00ebrz\u00eb\u201d Barak Obam\u00ebn - FjALA e LIR\u00cb - Arkivi\" \/>\n<meta property=\"og:description\" content=\"Gazeta Shqip, 20 Gusht 2012 Gazeta e mir\u00ebnjohur amerikane, \u2018Newsweek\u2019 ka dal\u00eb me nj\u00eb kopertin\u00eb krejt t\u00eb ve\u00e7ant\u00eb, n\u00eb t\u00eb cil\u00ebn k\u00ebrkon largimin e presidentit t\u00eb SHBA-ve, Barack Obama. Kur kan\u00eb mbetur edhe 79 dit\u00eb nga gara presidenciale, q\u00eb mendohet t\u00eb jet\u00eb e v\u00ebshtir\u00eb p\u00ebr Obam\u00ebn, e p\u00ebrjavshmja prestigjioze i jep nj\u00eb goditje t\u00eb fort\u00eb [&hellip;]\" \/>\n<meta property=\"og:url\" content=\"https:\/\/fjala.info\/2009-2015\/newsweek-perze-barak-obamen\/\" \/>\n<meta property=\"og:site_name\" content=\"FjALA e LIR\u00cb - Arkivi\" \/>\n<meta property=\"article:published_time\" content=\"2012-08-21T09:34:01+00:00\" \/>\n<meta property=\"og:image\" content=\"http:\/\/www.fjala.info\/2012\/newsweek_hit_the_road_barack.jpg\" \/>\n<meta name=\"author\" content=\"admin\" \/>\n<meta name=\"twitter:card\" content=\"summary_large_image\" \/>\n<meta name=\"twitter:label1\" content=\"Written by\" \/>\n\t<meta name=\"twitter:data1\" content=\"admin\" \/>\n\t<meta name=\"twitter:label2\" content=\"Est. reading time\" \/>\n\t<meta name=\"twitter:data2\" content=\"1 minute\" \/>\n<script type=\"application\/ld+json\" class=\"yoast-schema-graph\">{\"@context\":\"https:\\\/\\\/schema.org\",\"@graph\":[{\"@type\":\"Article\",\"@id\":\"https:\\\/\\\/fjala.info\\\/2009-2015\\\/newsweek-perze-barak-obamen\\\/#article\",\"isPartOf\":{\"@id\":\"https:\\\/\\\/fjala.info\\\/2009-2015\\\/newsweek-perze-barak-obamen\\\/\"},\"author\":{\"name\":\"admin\",\"@id\":\"https:\\\/\\\/fjala.info\\\/2009-2015\\\/#\\\/schema\\\/person\\\/3aa1163ef05469c496fc94e77611ada2\"},\"headline\":\"\u201cNewsweek\u201d \u201cp\u00ebrz\u00eb\u201d Barak Obam\u00ebn\",\"datePublished\":\"2012-08-21T09:34:01+00:00\",\"mainEntityOfPage\":{\"@id\":\"https:\\\/\\\/fjala.info\\\/2009-2015\\\/newsweek-perze-barak-obamen\\\/\"},\"wordCount\":229,\"commentCount\":0,\"publisher\":{\"@id\":\"https:\\\/\\\/fjala.info\\\/2009-2015\\\/#organization\"},\"image\":{\"@id\":\"https:\\\/\\\/fjala.info\\\/2009-2015\\\/newsweek-perze-barak-obamen\\\/#primaryimage\"},\"thumbnailUrl\":\"http:\\\/\\\/www.fjala.info\\\/2012\\\/newsweek_hit_the_road_barack.jpg\",\"articleSection\":[\"Artikuj\",\"Lajme\"],\"inLanguage\":\"sq-AL\",\"potentialAction\":[{\"@type\":\"CommentAction\",\"name\":\"Comment\",\"target\":[\"https:\\\/\\\/fjala.info\\\/2009-2015\\\/newsweek-perze-barak-obamen\\\/#respond\"]}]},{\"@type\":\"WebPage\",\"@id\":\"https:\\\/\\\/fjala.info\\\/2009-2015\\\/newsweek-perze-barak-obamen\\\/\",\"url\":\"https:\\\/\\\/fjala.info\\\/2009-2015\\\/newsweek-perze-barak-obamen\\\/\",\"name\":\"\u201cNewsweek\u201d \u201cp\u00ebrz\u00eb\u201d Barak Obam\u00ebn - FjALA e LIR\u00cb - Arkivi\",\"isPartOf\":{\"@id\":\"https:\\\/\\\/fjala.info\\\/2009-2015\\\/#website\"},\"primaryImageOfPage\":{\"@id\":\"https:\\\/\\\/fjala.info\\\/2009-2015\\\/newsweek-perze-barak-obamen\\\/#primaryimage\"},\"image\":{\"@id\":\"https:\\\/\\\/fjala.info\\\/2009-2015\\\/newsweek-perze-barak-obamen\\\/#primaryimage\"},\"thumbnailUrl\":\"http:\\\/\\\/www.fjala.info\\\/2012\\\/newsweek_hit_the_road_barack.jpg\",\"datePublished\":\"2012-08-21T09:34:01+00:00\",\"breadcrumb\":{\"@id\":\"https:\\\/\\\/fjala.info\\\/2009-2015\\\/newsweek-perze-barak-obamen\\\/#breadcrumb\"},\"inLanguage\":\"sq-AL\",\"potentialAction\":[{\"@type\":\"ReadAction\",\"target\":[\"https:\\\/\\\/fjala.info\\\/2009-2015\\\/newsweek-perze-barak-obamen\\\/\"]}]},{\"@type\":\"ImageObject\",\"inLanguage\":\"sq-AL\",\"@id\":\"https:\\\/\\\/fjala.info\\\/2009-2015\\\/newsweek-perze-barak-obamen\\\/#primaryimage\",\"url\":\"http:\\\/\\\/www.fjala.info\\\/2012\\\/newsweek_hit_the_road_barack.jpg\",\"contentUrl\":\"http:\\\/\\\/www.fjala.info\\\/2012\\\/newsweek_hit_the_road_barack.jpg\"},{\"@type\":\"BreadcrumbList\",\"@id\":\"https:\\\/\\\/fjala.info\\\/2009-2015\\\/newsweek-perze-barak-obamen\\\/#breadcrumb\",\"itemListElement\":[{\"@type\":\"ListItem\",\"position\":1,\"name\":\"Home\",\"item\":\"https:\\\/\\\/fjala.info\\\/2009-2015\\\/\"},{\"@type\":\"ListItem\",\"position\":2,\"name\":\"\u201cNewsweek\u201d \u201cp\u00ebrz\u00eb\u201d Barak Obam\u00ebn\"}]},{\"@type\":\"WebSite\",\"@id\":\"https:\\\/\\\/fjala.info\\\/2009-2015\\\/#website\",\"url\":\"https:\\\/\\\/fjala.info\\\/2009-2015\\\/\",\"name\":\"FjALA e LIR\u00cb - Arkivi\",\"description\":\"Arkivi 2009-2015\",\"publisher\":{\"@id\":\"https:\\\/\\\/fjala.info\\\/2009-2015\\\/#organization\"},\"potentialAction\":[{\"@type\":\"SearchAction\",\"target\":{\"@type\":\"EntryPoint\",\"urlTemplate\":\"https:\\\/\\\/fjala.info\\\/2009-2015\\\/?s={search_term_string}\"},\"query-input\":{\"@type\":\"PropertyValueSpecification\",\"valueRequired\":true,\"valueName\":\"search_term_string\"}}],\"inLanguage\":\"sq-AL\"},{\"@type\":\"Organization\",\"@id\":\"https:\\\/\\\/fjala.info\\\/2009-2015\\\/#organization\",\"name\":\"FjALA e LIR\u00cb - Arkivi\",\"url\":\"https:\\\/\\\/fjala.info\\\/2009-2015\\\/\",\"logo\":{\"@type\":\"ImageObject\",\"inLanguage\":\"sq-AL\",\"@id\":\"https:\\\/\\\/fjala.info\\\/2009-2015\\\/#\\\/schema\\\/logo\\\/image\\\/\",\"url\":\"\",\"contentUrl\":\"\",\"caption\":\"FjALA e LIR\u00cb - Arkivi\"},\"image\":{\"@id\":\"https:\\\/\\\/fjala.info\\\/2009-2015\\\/#\\\/schema\\\/logo\\\/image\\\/\"}},{\"@type\":\"Person\",\"@id\":\"https:\\\/\\\/fjala.info\\\/2009-2015\\\/#\\\/schema\\\/person\\\/3aa1163ef05469c496fc94e77611ada2\",\"name\":\"admin\",\"image\":{\"@type\":\"ImageObject\",\"inLanguage\":\"sq-AL\",\"@id\":\"https:\\\/\\\/fjala.info\\\/2009-2015\\\/wp-content\\\/uploads\\\/2012\\\/02\\\/arben_cokaj-120x150.jpg\",\"url\":\"https:\\\/\\\/fjala.info\\\/2009-2015\\\/wp-content\\\/uploads\\\/2012\\\/02\\\/arben_cokaj-120x150.jpg\",\"contentUrl\":\"https:\\\/\\\/fjala.info\\\/2009-2015\\\/wp-content\\\/uploads\\\/2012\\\/02\\\/arben_cokaj-120x150.jpg\",\"caption\":\"admin\"},\"description\":\"Admin, Fjala e Lir\u00eb\",\"sameAs\":[\"https:\\\/\\\/fjala.info\\\/\"],\"url\":\"https:\\\/\\\/fjala.info\\\/2009-2015\\\/author\\\/admin\\\/\"}]}<\/script>\n<!-- \/ Yoast SEO plugin. -->","yoast_head_json":{"title":"\u201cNewsweek\u201d \u201cp\u00ebrz\u00eb\u201d Barak Obam\u00ebn - FjALA e LIR\u00cb - Arkivi","robots":{"index":"index","follow":"follow","max-snippet":"max-snippet:-1","max-image-preview":"max-image-preview:large","max-video-preview":"max-video-preview:-1"},"canonical":"https:\/\/fjala.info\/2009-2015\/newsweek-perze-barak-obamen\/","og_locale":"sq_AL","og_type":"article","og_title":"\u201cNewsweek\u201d \u201cp\u00ebrz\u00eb\u201d Barak Obam\u00ebn - FjALA e LIR\u00cb - Arkivi","og_description":"Gazeta Shqip, 20 Gusht 2012 Gazeta e mir\u00ebnjohur amerikane, \u2018Newsweek\u2019 ka dal\u00eb me nj\u00eb kopertin\u00eb krejt t\u00eb ve\u00e7ant\u00eb, n\u00eb t\u00eb cil\u00ebn k\u00ebrkon largimin e presidentit t\u00eb SHBA-ve, Barack Obama. Kur kan\u00eb mbetur edhe 79 dit\u00eb nga gara presidenciale, q\u00eb mendohet t\u00eb jet\u00eb e v\u00ebshtir\u00eb p\u00ebr Obam\u00ebn, e p\u00ebrjavshmja prestigjioze i jep nj\u00eb goditje t\u00eb fort\u00eb [&hellip;]","og_url":"https:\/\/fjala.info\/2009-2015\/newsweek-perze-barak-obamen\/","og_site_name":"FjALA e LIR\u00cb - Arkivi","article_published_time":"2012-08-21T09:34:01+00:00","og_image":[{"url":"http:\/\/www.fjala.info\/2012\/newsweek_hit_the_road_barack.jpg","type":"","width":"","height":""}],"author":"admin","twitter_card":"summary_large_image","twitter_misc":{"Written by":"admin","Est. reading time":"1 minute"},"schema":{"@context":"https:\/\/schema.org","@graph":[{"@type":"Article","@id":"https:\/\/fjala.info\/2009-2015\/newsweek-perze-barak-obamen\/#article","isPartOf":{"@id":"https:\/\/fjala.info\/2009-2015\/newsweek-perze-barak-obamen\/"},"author":{"name":"admin","@id":"https:\/\/fjala.info\/2009-2015\/#\/schema\/person\/3aa1163ef05469c496fc94e77611ada2"},"headline":"\u201cNewsweek\u201d \u201cp\u00ebrz\u00eb\u201d Barak Obam\u00ebn","datePublished":"2012-08-21T09:34:01+00:00","mainEntityOfPage":{"@id":"https:\/\/fjala.info\/2009-2015\/newsweek-perze-barak-obamen\/"},"wordCount":229,"commentCount":0,"publisher":{"@id":"https:\/\/fjala.info\/2009-2015\/#organization"},"image":{"@id":"https:\/\/fjala.info\/2009-2015\/newsweek-perze-barak-obamen\/#primaryimage"},"thumbnailUrl":"http:\/\/www.fjala.info\/2012\/newsweek_hit_the_road_barack.jpg","articleSection":["Artikuj","Lajme"],"inLanguage":"sq-AL","potentialAction":[{"@type":"CommentAction","name":"Comment","target":["https:\/\/fjala.info\/2009-2015\/newsweek-perze-barak-obamen\/#respond"]}]},{"@type":"WebPage","@id":"https:\/\/fjala.info\/2009-2015\/newsweek-perze-barak-obamen\/","url":"https:\/\/fjala.info\/2009-2015\/newsweek-perze-barak-obamen\/","name":"\u201cNewsweek\u201d \u201cp\u00ebrz\u00eb\u201d Barak Obam\u00ebn - FjALA e LIR\u00cb - Arkivi","isPartOf":{"@id":"https:\/\/fjala.info\/2009-2015\/#website"},"primaryImageOfPage":{"@id":"https:\/\/fjala.info\/2009-2015\/newsweek-perze-barak-obamen\/#primaryimage"},"image":{"@id":"https:\/\/fjala.info\/2009-2015\/newsweek-perze-barak-obamen\/#primaryimage"},"thumbnailUrl":"http:\/\/www.fjala.info\/2012\/newsweek_hit_the_road_barack.jpg","datePublished":"2012-08-21T09:34:01+00:00","breadcrumb":{"@id":"https:\/\/fjala.info\/2009-2015\/newsweek-perze-barak-obamen\/#breadcrumb"},"inLanguage":"sq-AL","potentialAction":[{"@type":"ReadAction","target":["https:\/\/fjala.info\/2009-2015\/newsweek-perze-barak-obamen\/"]}]},{"@type":"ImageObject","inLanguage":"sq-AL","@id":"https:\/\/fjala.info\/2009-2015\/newsweek-perze-barak-obamen\/#primaryimage","url":"http:\/\/www.fjala.info\/2012\/newsweek_hit_the_road_barack.jpg","contentUrl":"http:\/\/www.fjala.info\/2012\/newsweek_hit_the_road_barack.jpg"},{"@type":"BreadcrumbList","@id":"https:\/\/fjala.info\/2009-2015\/newsweek-perze-barak-obamen\/#breadcrumb","itemListElement":[{"@type":"ListItem","position":1,"name":"Home","item":"https:\/\/fjala.info\/2009-2015\/"},{"@type":"ListItem","position":2,"name":"\u201cNewsweek\u201d \u201cp\u00ebrz\u00eb\u201d Barak Obam\u00ebn"}]},{"@type":"WebSite","@id":"https:\/\/fjala.info\/2009-2015\/#website","url":"https:\/\/fjala.info\/2009-2015\/","name":"FjALA e LIR\u00cb - Arkivi","description":"Arkivi 2009-2015","publisher":{"@id":"https:\/\/fjala.info\/2009-2015\/#organization"},"potentialAction":[{"@type":"SearchAction","target":{"@type":"EntryPoint","urlTemplate":"https:\/\/fjala.info\/2009-2015\/?s={search_term_string}"},"query-input":{"@type":"PropertyValueSpecification","valueRequired":true,"valueName":"search_term_string"}}],"inLanguage":"sq-AL"},{"@type":"Organization","@id":"https:\/\/fjala.info\/2009-2015\/#organization","name":"FjALA e LIR\u00cb - Arkivi","url":"https:\/\/fjala.info\/2009-2015\/","logo":{"@type":"ImageObject","inLanguage":"sq-AL","@id":"https:\/\/fjala.info\/2009-2015\/#\/schema\/logo\/image\/","url":"","contentUrl":"","caption":"FjALA e LIR\u00cb - Arkivi"},"image":{"@id":"https:\/\/fjala.info\/2009-2015\/#\/schema\/logo\/image\/"}},{"@type":"Person","@id":"https:\/\/fjala.info\/2009-2015\/#\/schema\/person\/3aa1163ef05469c496fc94e77611ada2","name":"admin","image":{"@type":"ImageObject","inLanguage":"sq-AL","@id":"https:\/\/fjala.info\/2009-2015\/wp-content\/uploads\/2012\/02\/arben_cokaj-120x150.jpg","url":"https:\/\/fjala.info\/2009-2015\/wp-content\/uploads\/2012\/02\/arben_cokaj-120x150.jpg","contentUrl":"https:\/\/fjala.info\/2009-2015\/wp-content\/uploads\/2012\/02\/arben_cokaj-120x150.jpg","caption":"admin"},"description":"Admin, Fjala e Lir\u00eb","sameAs":["https:\/\/fjala.info\/"],"url":"https:\/\/fjala.info\/2009-2015\/author\/admin\/"}]}},"_links":{"self":[{"href":"https:\/\/fjala.info\/2009-2015\/wp-json\/wp\/v2\/posts\/12028","targetHints":{"allow":["GET"]}}],"collection":[{"href":"https:\/\/fjala.info\/2009-2015\/wp-json\/wp\/v2\/posts"}],"about":[{"href":"https:\/\/fjala.info\/2009-2015\/wp-json\/wp\/v2\/types\/post"}],"author":[{"embeddable":true,"href":"https:\/\/fjala.info\/2009-2015\/wp-json\/wp\/v2\/users\/1"}],"replies":[{"embeddable":true,"href":"https:\/\/fjala.info\/2009-2015\/wp-json\/wp\/v2\/comments?post=12028"}],"version-history":[{"count":0,"href":"https:\/\/fjala.info\/2009-2015\/wp-json\/wp\/v2\/posts\/12028\/revisions"}],"wp:attachment":[{"href":"https:\/\/fjala.info\/2009-2015\/wp-json\/wp\/v2\/media?parent=12028"}],"wp:term":[{"taxonomy":"category","embeddable":true,"href":"https:\/\/fjala.info\/2009-2015\/wp-json\/wp\/v2\/categories?post=12028"},{"taxonomy":"post_tag","embeddable":true,"href":"https:\/\/fjala.info\/2009-2015\/wp-json\/wp\/v2\/tags?post=12028"}],"curies":[{"name":"wp","href":"https:\/\/api.w.org\/{rel}","templated":true}]}}