{"id":12027,"date":"2012-08-21T08:40:26","date_gmt":"2012-08-21T07:40:26","guid":{"rendered":"http:\/\/www.fjala.info\/?p=4542"},"modified":"2012-08-21T08:40:26","modified_gmt":"2012-08-21T07:40:26","slug":"alketa-pireva-burrerresha-trime-e-uck-se-sot-bukuroshja-shqiptare-ne-sfiladat-e-londres","status":"publish","type":"post","link":"https:\/\/fjala.info\/2009-2015\/alketa-pireva-burrerresha-trime-e-uck-se-sot-bukuroshja-shqiptare-ne-sfiladat-e-londres\/","title":{"rendered":"Alketa Pireva, burr\u00ebrresha trime e U\u00c7K-s\u00eb, sot bukuroshja shqiptare n\u00eb sfiladat e Londr\u00ebs"},"content":{"rendered":"<p><img decoding=\"async\" class=\"alignright size-thumbnail wp-image-7236\" title=\"Alketa Pireva\" src=\"http:\/\/www.fjala.info\/2012\/alketa_pireva.jpg\" alt=\"\" width=\"200\" \/> Shkruan: Gazetari <strong>Ilir Berisha<\/strong> dhe <strong>Ermira Babamusta<\/strong>, <em>Ph.D.<\/em><\/p>\n<p><em>Luft\u00ebtare krahas me motrat dhe v\u00ebllez\u00ebrit shqiptar n\u00eb U\u00c7K<\/em><\/p>\n<p>Alketa Pireva portretizon tradit\u00ebn shqiptare ku vashat dhe burrneshat shqiptare ishin t\u00eb pranishme n\u00eb luft\u00ebrat \u00e7lirimtare. Alketa Pireva ishte nj\u00eb luft\u00ebtare e denj\u00eb n\u00eb betej\u00ebn p\u00ebr \u00e7lirimin e Kosov\u00ebs n\u00eb koh\u00ebt m\u00eb t\u00eb v\u00ebshtira t\u00eb saj.<\/p>\n<p>Duke par\u00eb vizionin atdhetar patriotik t\u00eb legjendarit Adem Jashari, 18 vje\u00e7arja Alketa Pireva u nis nga Londra p\u00ebr n\u00eb Kosov\u00eb, me amanetin e tij mbi supe. Me 10 shkurt 1997 Alketa kapi arm\u00ebt dhe u bashkua me forcat e U\u00c7K-s\u00eb, p\u00ebr nj\u00eb q\u00ebllim &#8211; Bashkimin Komb\u00ebtar. Si luft\u00ebtare fem\u00ebr trime ka fituar respektin nga bashk\u00ebluft\u00ebtar\u00ebt e komand\u00ebs. Me trim\u00ebrin\u00eb e saj ka d\u00ebshmuar dashurin\u00eb dhe krenarin\u00eb p\u00ebr kombin dhe nj\u00eb Kosov\u00eb t\u00eb lir\u00eb.<\/p>\n<p>\u201cPopulli Shqiptar sot duhet t\u2019i le p\u00ebr\u00e7arjet ndaj nj\u00ebri tjetrit. N\u00eb v\u00ebllaz\u00ebni dhe t\u00eb bashkuar mund t\u00eb b\u00ebhemi nj\u00eb komb. Bashkimi b\u00ebn forc\u00ebn dhe forca b\u00ebn fuqin\u00eb,\u201d shprehet ish-luft\u00ebtarja e U\u00c7K-s\u00eb.<\/p>\n<p>N\u00eb fush\u00ebn e betej\u00ebs nd\u00ebr rradh\u00ebt e U\u00c7K-s\u00eb, Alketa Pireva ka treguar guxim dhe ishte e gatshme p\u00ebr t\u00eb sakrifikuar edhe jet\u00ebn e saj p\u00ebr Kosov\u00ebn. Ka luftuar me vendosm\u00ebri deri n\u00eb fund t\u00eb luft\u00ebs dhe ka marr\u00eb pjes\u00eb n\u00eb Operacionin \u201cShigjeta\u201d, n\u00eb betej\u00ebn e Studenqanit, n\u00eb betej\u00ebn e Rahovecit, n\u00eb luftimet n\u00eb Bec t\u00eb Gjakov\u00ebs, etj. N\u00eb tragjedin\u00eb e Mej\u00ebs, t\u00eb Krush\u00ebs s\u00eb Madhe, ka dh\u00ebn\u00eb ndihm\u00eb p\u00ebr njer\u00ebzit n\u00eb nevoj\u00eb dhe n\u00eb transportimin e kufomave.<\/p>\n<p><img decoding=\"async\" class=\"alignright size-thumbnail wp-image-7236\" title=\"Alketa Pireva\" src=\"http:\/\/www.fjala.info\/2012\/alketa_pireva1.jpg\" alt=\"\" width=\"200\" \/><\/p>\n<p>Pasi p\u00ebrfundoi lufta n\u00eb Kosov\u00eb, Alketa pati rastin t\u00eb takoj\u00eb familjen e saj pas dy vitesh. Pa njohurin\u00eb e saj, ajo kuptoi se familja e saj kishte veshur uniform\u00ebn e bukur t\u00eb U\u00c7K-s\u00eb n\u00eb fronte t\u00eb ndryshme t\u00eb luft\u00ebs. Prind\u00ebrit avokat\u00eb, Hamdi dhe Ilmije Pireva, si dhe v\u00ebllai binjak, Tomor Pireva u nis\u00ebn p\u00ebr luft\u00eb. Familja patriotike e saj, bashk\u00eb me trimat e U\u00c7K-s\u00eb luftuan me guxim e heroiz\u00ebm p\u00ebr t\u00eb mbrojtur trevat shqiptare dhe mbet\u00ebn besnik\u00eb ndaj vendlindjes dhe vatanit.<\/p>\n<p>\u201cPasi ka p\u00ebrfunduar gjith\u00e7ka un\u00eb kuptova q\u00eb mami, babi, v\u00ebllau, si dhe nj\u00eb mik nga Shqip\u00ebria, i cili jeton n\u00eb Amerik\u00eb tani, ishin luft\u00ebtar\u00eb. Kur erdh\u00ebn tek banesa n\u00eb Prishtin\u00eb dhe u takuam, aty kuptova q\u00eb s&#8217;kam qen\u00eb vet\u00ebm un\u00eb n\u00eb luft\u00eb po edhe familja, q\u00eb kishin marr\u00eb pjes\u00eb n\u00eb akcionin \u2018Shigjeta\u2019. Familja duke dit\u00eb q\u00eb un\u00eb jam e vdekur, nd\u00ebrsa un\u00eb p\u00ebr ta duke dit\u00eb q\u00eb jan\u00eb n\u00eb Lond\u00ebr. Befasia ime ishte kur pash\u00eb maman\u00eb me uniform\u00eb t\u00eb ushtris\u00eb, ishte nj\u00eb ndjen\u00eb q\u00eb nuk mund ta p\u00ebrshkruaj dot me fjal\u00eb,\u201d tregon Alketa.<\/p>\n<p><strong>Jeta dhe suksesi n\u00eb Angli<\/strong><\/p>\n<p>Alketa Pireva ka lindur n\u00eb Croydon, Lond\u00ebr, (Angli). N\u00eb fush\u00ebn e artit dhe mod\u00ebs njihet si modele e suksesshme. Modelizmin e ka filluar n\u00eb mosh\u00eb t\u00eb re, q\u00eb kur ishte 10 vje\u00e7are. N\u00eb qershor 2006 ka p\u00ebrfunduar Fakultetin e Arkitektur\u00ebs n\u00eb King&#8217;s College, Lond\u00ebr. Gjat\u00eb studimeve dhe pasi kreu shkoll\u00ebn e lart\u00eb ka punuar si modele n\u00ebp\u00ebr kompani t\u00eb ndryshme.<\/p>\n<p><img decoding=\"async\" class=\"alignright size-thumbnail wp-image-7236\" title=\"Alketa Pireva\" src=\"http:\/\/www.fjala.info\/2012\/alketa_pireva2.jpg\" alt=\"\" width=\"200\" \/><\/p>\n<p>N\u00eb 2011 u shpall si vajza m\u00eb e bukur n\u00eb Angli, ku zuri vendin 20 n\u00eb \u201c100 fytyrat m\u00eb t\u00eb bukura n\u00eb Lond\u00ebr\u201d nga revista prestigjioze angleze \u201cThe London Magazine\u201d.<\/p>\n<p>\u201cN\u00eb fillim nuk e kam besuar sepse isha n\u00eb Dubai. M\u00eb thirri shoqja e motr\u00ebs, Roy, dhe m\u00eb lajm\u00ebroi q\u00eb ishta rradhitur vendi 20 t\u00eb femrave m\u00eb t\u00eb bukura n\u00eb Lond\u00ebr. Kur vij n\u00eb Lond\u00ebr kuptoj q\u00eb motra Teuta kishte marr\u00eb nj\u00eb kopje t\u00eb Revist\u00ebs \u2018The London Magazine\u2019 dhe e shikoj dhe e v\u00ebrtetoj. Ishte nj\u00eb ndjenj\u00eb shum\u00eb e mir\u00eb, m\u00eb e bukura q\u00eb aty thuhet vendi i 20 p\u00ebr vitin 2011, Alketa Pireva \u2013Albania. Kjo m\u00eb ka b\u00ebr\u00eb t\u00eb ndihem shum\u00eb e lumtur,\u201d thot\u00eb modelja Alketa.<\/p>\n<p>Sot emri i Alketa Pireva ka b\u00ebr\u00eb buj\u00eb n\u00eb sfiladat e mod\u00ebs n\u00eb Lond\u00ebr, por edhe si trajnuese e modeleve t\u00eb reja q\u00eb aspirojn\u00eb modelizmin. \u00cbsht\u00eb p\u00ebrfaq\u00ebsuese gjenerale e agjensis\u00eb me fam\u00eb &#8220;Top Fashion Models&#8221;, n\u00eb Angli, dhe pronare e p\u00ebrgjithshme p\u00ebr Top Fashion Models Agency.<\/p>\n<p>\u201cM\u00eb ofruan t\u00eb jem trajnerja e ardhshme e TOP Fashion Models Agency p\u00ebr n\u00eb Angli ku tash q\u00eb nj\u00eb vit jam edhe pronare e p\u00ebrgjithshme p\u00ebr TOP Fashion Models Agency. Kjo angjensi n\u00eb \u00e7do shtet ka seli, kurse un\u00eb kam arrit q\u00eb kjo t\u00eb dal\u00eb n\u00eb em\u00ebr timin. Kam ble akcionet dhe tash punoj edhe p\u00ebr shum\u00eb firma t\u00eb tjera p\u00ebrve\u00e7 Dolce Gabanna, Armani , etj,\u201d thot\u00eb Alketa Pireva.<\/p>\n<p>Bukuroshja Alketa synon q\u00eb n\u00eb t\u00eb ardhme t\u2019i prezantohet publikut shqipar dhe anglez si stiliste, nj\u00eb pasion q\u00eb e ka \u00ebnd\u00ebrr dhe d\u00ebshiron ta arrij\u00eb.<\/p>\n<p>\u201cModa ka bukurin\u00eb e vet s\u00eb pari t\u00eb brendshmen, dhe pastaj t\u00eb jashtmen. Me t\u00eb brendshmen mund t\u00eb rr\u00ebmbej\u00eb \u00e7do person, kurse me t\u00eb jashtmen, mund ta shfaq\u00ebsh para \u00e7do personi. Por m\u00eb e vlefshmja \u00ebsht\u00eb e brendshja, se si reflekton zemra. Kur njeriu ka vullnet, ka edhe bukurin\u00eb. N\u00eb t\u00eb ardhme mendoj ta kem nj\u00eb mark\u00eb timen t\u00eb veshjes, me emrin \u2018Albania\u2019, nj\u00eb pasion q\u00eb e kam n\u00eb zem\u00ebr dhe dua ta arrij,\u201d thot\u00eb modelja, trainerja Alketa.<\/p>\n<p><strong>Intervist\u00eb me bashk\u00eb luft\u00ebtaren dhe shoqen e luft\u00ebs s\u00eb U\u00c7K-s\u00eb, Alketa Pireva<\/strong><\/p>\n<p><strong><em>Intervistoi Gazetari Ilir Berisha me 16 gusht 2012 n\u00eb Prishtin\u00eb<\/em><\/strong><\/p>\n<p><img decoding=\"async\" class=\"alignright size-thumbnail wp-image-7236\" title=\"Alketa Pireva\" src=\"http:\/\/www.fjala.info\/2012\/alketa_pireva3.jpg\" alt=\"\" width=\"200\" \/><\/p>\n<p><strong>Gazetari Ilir Berisha: Cili ishte vullneti dhe d\u00ebshira juaj p\u00ebr t&#8217;ju bashkangjitur luft\u00ebs U\u00c7K-s\u00eb?<\/strong><\/p>\n<p><strong>Alketa Pireva<\/strong>: Si p\u00ebr \u00e7do Shqiptare dhe Shqiptar q\u00eb ka 100% Shqipen Kuq e Zi n\u00eb zem\u00ebr, q\u00eb t\u00eb luftojm\u00eb p\u00ebr vendin ton\u00eb, p\u00ebr vendin ku t\u00eb par\u00ebt tan\u00eb na kan\u00eb l\u00ebn\u00eb trashgimi, edhe un\u00eb si vajz\u00eb e tyre e kam ndier veten t\u00eb obliguar q\u00eb t\u00eb kontriboj sa do q\u00eb kam kontribuar p\u00ebr Atdheun tim t\u00eb dashur. Mendoj q\u00eb nuk e kam dh\u00ebn\u00eb gjith\u00eb kontrubutin t\u00eb cilin e meriton populli Shqiptar sepse shum\u00eb vende kan\u00eb mbetur n\u00eb duar t\u00eb njerz\u00ebve t\u00eb pavlefsh\u00ebm.<\/p>\n<p><strong>Gazetari Ilir Berisha: Disa p\u00ebrjetime dhe kujtime nga lufta q\u00eb t\u00eb kan\u00eb l\u00ebn\u00eb p\u00ebrshtypje.<\/strong><\/p>\n<p><strong>Alketa Pireva<\/strong>: P\u00ebrjetime dhe kujtime kam shum\u00eb sidomos t\u00eb hidhura. Mund ta ceki rastin n\u00eb Mej\u00eb t\u00eb Gjakov\u00ebs ku nj\u00eb djal\u00eb 3 vje\u00e7ar ishte ulur pran\u00eb prind\u00ebrve t\u00eb tij t\u00eb vdekur dhe ishte b\u00ebr\u00eb i t\u00ebri me gjakun e prind\u00ebrve dhe nuk e dinte se \u00e7a ka ndodh me prind\u00ebrit. Kjo ngjarje ka mbetur nj\u00eb moment i paharruar q\u00eb edhe sot e kujtoj. P\u00ebrshtypje m\u00eb b\u00ebnte kur ishim n\u00eb luftime ndaj armikut, n\u00eb ishim me arm\u00eb t\u00eb lehta nd\u00ebrsa ata kishin makineri t\u00eb r\u00ebnd\u00eb e korrnim sukses.<\/p>\n<p><strong>Gazetari Ilir Berisha: Si fem\u00ebr a e ke pasur v\u00ebshtir\u00eb t\u00eb jesh luft\u00ebtare e U\u00c7K-s\u00eb?<\/strong><\/p>\n<p><strong>Alketa Pireva<\/strong>: Fillimi ishte i v\u00ebshir\u00eb fakti fem\u00ebr. Kam qen\u00eb nd\u00ebr t\u00eb paktat ushtare fem\u00ebr tek Komanda ku un\u00eb isha inkuadruar. Po dita dit\u00ebs gjith\u00e7ka kaloi shum\u00eb mir\u00eb dhe kam p\u00ebrfunduar luft\u00ebn pa asnj\u00eb telash dhe kam pas shum\u00eb respekt.<\/p>\n<p><strong>Gazetari Ilir Berisha: Flitet se ti ke pas edhe pancirini ushtare po dua te pyes pse e ke mbajtur mbrapa shpine e jo p\u00ebrpara si\u00e7 duhet?<\/strong><\/p>\n<p><strong>Alketa Pireva<\/strong>: Shum\u00eb e v\u00ebrtet e kam mbajt pas p\u00ebr arsye se p\u00ebrpara nuk ju frigojsha askujt dhe nuk e kam pas problem po t\u00eb m\u00eb vriste dikush ball p\u00ebr ball\u00eb.<\/p>\n<p><strong>Gazetari Ilir Berisha: \u00c7ka e karakterizon m\u00eb s\u00eb shumti frym\u00ebzimin t\u00ebnd p\u00ebr t\u00eb qen\u00eb pjes\u00eb e luft\u00ebs?<\/strong><\/p>\n<p><strong>Alketa Pireva<\/strong>: Un\u00eb jam frym\u00ebzuar m\u00eb s\u00eb shumti dhe jam inkuadru n\u00eb radh\u00ebt e ushtris\u00eb p\u00ebr nj\u00eb arsye, edhe pse ajo nuk ndodhi, Bashkimi Komb\u00ebtar &#8211; kjo ishte d\u00ebshira ime.<\/p>\n<p><strong>Gazetari Ilir Berisha: Si e keni ndie veten dhe pas sa kohe i ke takuar prind\u00ebrit?<\/strong><\/p>\n<p><strong>Alketa Pireva<\/strong>: Shum\u00eb shum\u00eb mir\u00eb beso sa q\u00eb nuk mundem ta p\u00ebrshkruj dot at\u00eb ndjenj\u00eb. Ishte nj\u00eb p\u00ebrjetim i madh q\u00eb pas dy vitesh takoj prind\u00ebrit dhe v\u00ebllan\u00eb. Nga ana ime ishte e ve\u00e7ant\u00eb po edhe nga ana familjare se takuan vajz\u00ebn e gjall\u00eb. N\u00eb fakt un\u00eb asnj\u00ebher\u00eb nuk i kam lajm\u00ebruar prind\u00ebrit. Vet\u00ebm n\u00eb fillim kur i kam tregu mamit q\u00eb kam hy n\u00eb radh\u00ebt e U\u00c7K-s\u00eb pas dy jav\u00ebsh e kam lajm\u00ebruar, edhe nj\u00eb h\u00ebr\u00eb tjet\u00ebr q\u00eb jam mir\u00eb edhe m\u00eb pas asnj\u00eb her\u00eb m\u00eb sepse kisha obligime q\u00eb ja parashtova vetes. Ishte amanet q\u00eb duhet t\u00eb punoja p\u00ebr \u00e7\u00ebshtjen t\u00eb cil\u00ebn e kisha obligim p\u00ebr popullin Shqiptar.<\/p>\n<p><strong>Gazetari Ilir Berisha: Po t\u00eb k\u00ebrkohet edhe nj\u00eb her\u00eb kontributi p\u00ebr Bashkim Komb\u00ebtar a do te jet\u00eb s\u00ebrish Alketa Pireva n\u00eb Front?<\/strong><\/p>\n<p><strong>Alketa Pireva<\/strong>: Po. S\u00eb pari do ta kisha shikuar kush po e udh\u00ebheq dhe n\u00ebse e kisha par\u00eb t\u00eb arsyeshme q\u00eb t&#8217;i bashkangjitem atij apo asaj n\u00eb radhat e komand\u00ebs. Po prap\u00eb edhe pse jam n\u00ebn\u00eb e 4 f\u00ebmij\u00ebve do kisha shkuar p\u00ebr t\u00eb dh\u00ebn\u00eb kontributin tim me aq sa kam mund\u00ebsi.<\/p>\n<p><strong>Gazetari Ilir Berisha: P\u00ebrse nuk q\u00ebndrove n\u00eb Kosov\u00eb ku ti vet\u00eb ke dh\u00ebn\u00eb kontributin p\u00ebr k\u00ebt\u00eb liri sado pak q\u00eb e g\u00ebzojm\u00eb?<\/strong><\/p>\n<p><strong>Alketa Pireva<\/strong>: P\u00ebr shum\u00eb arsye, pas p\u00ebrfundimit t\u00eb Luft\u00ebs u b\u00ebn\u00eb shum\u00eb klane n\u00eb vendin ton\u00eb, u krijuan shum\u00eb parti, filloi p\u00ebr\u00e7arja ndaj v\u00ebllaut me v\u00ebllan\u00eb, u vritenin nd\u00ebrmes veti. Ika pasi pash\u00eb se si u b\u00eb gjendja dhe nuk pash\u00eb ndonj\u00eb prespektiv\u00eb. U riktheva n\u00eb atdhe q\u00eb t\u00eb jetoja me njer\u00ebzit me t\u00eb cil\u00ebt luftova bashk\u00eb me ta. Por kur p\u00ebrfundoi lufta jam e zhg\u00ebnjyer q\u00eb disa prej tyre nuk paskan luftuar p\u00ebr Pushtet t\u00eb Atdheut ton\u00eb, po paskan luftuar p\u00ebr t\u00eb jet\u00eb i pari i vendit .<\/p>\n<p><strong>Gazetari Ilir Berisha: Tani jeni Arkitekte dhe merreni me modeliz\u00ebm. Si e ndieni veten n\u00eb k\u00ebt\u00eb profesion?<\/strong><\/p>\n<p><strong>Alketa Pireva<\/strong>: Arkitektur\u00ebn e kam pasur \u00ebnd\u00ebrr si vajz\u00eb e re dhe kam p\u00ebrfunduar studimet n\u00eb k\u00ebt\u00eb zanat. Kurse n\u00eb modeliz\u00ebm, kam punuar si modele n\u00eb Lond\u00ebr sepse e kisha si hobi si \u00e7do vajz\u00eb q\u00eb \u00ebnd\u00ebrron t\u00eb jet\u00eb n\u00eb qend\u00ebr t\u00eb vemendjes para njer\u00ebzve. Nj\u00ebra nd\u00ebr ato isha edhe un\u00eb ku tash mu ka b\u00eb profesion q\u00eb nuk mundem ta le. Nuk e imagjinoj dot t\u00eb jem larg\u00eb Mod\u00ebs.<\/p>\n<p><strong>Gazetari Ilir Berisha: Cili ishte pasioni juaj p\u00ebr k\u00ebt\u00eb profesion?<\/strong><\/p>\n<p><strong>Alketa Pireva<\/strong>: Si e re m\u00eb kujtohet sfilata e par\u00eb p\u00ebr nj\u00eb butik\u00eb n\u00eb Lond\u00ebr ku kam b\u00eb reklama p\u00ebr veshje t\u00eb vajzave t\u00eb mosh\u00ebs 10 vje\u00e7e dhe \u00ebnd\u00ebrroja si ta cekja m\u00eb lart e t\u00eb b\u00ebhem yll n\u00eb at\u00eb koh\u00eb.<\/p>\n<p><strong>Gazetari Ilir Berisha: Sa ja keni arritur q\u00ebllimit tuaj deri m\u00eb tani me Modeliz\u00ebm?<\/strong><\/p>\n<p>Alketa Pireva: Kam punuar shum\u00eb. At\u00eb q\u00eb kam pasur d\u00ebshir\u00eb dhe e kam k\u00ebrkuar ja kam arritur sa do pak mendoj. Ende m\u00eb presin sfida t\u00eb m\u00ebdhaja n\u00eb t\u00eb ardhmen.<\/p>\n<p><strong>Gazetari Ilir Berisha: Ke vizituar shum\u00eb vend\u00eb t\u00eb bot\u00ebs. Cili vend t\u00eb ka l\u00ebn\u00eb p\u00ebrshtypje?<\/strong><\/p>\n<p><strong>Alketa Pireva<\/strong>: P\u00ebrve\u00e7 Atdheut Shqiptar, do kisha ve\u00e7uar dhe zgjedhur t\u00eb jetoj n\u00eb Amerik\u00eb, p\u00ebr shum\u00eb arsye.<\/p>\n<p><strong>Gazetari Ilir Berisha: Cili \u00ebsht\u00eb mesazhi juaj p\u00ebr shqiptar\u00ebt?<\/strong><\/p>\n<p><strong>Alketa Pireva<\/strong>: S\u00eb pari dua t\u2019ju p\u00ebrshendes ju Gazetari Ilir Berisha, ish shoku im i Luft\u00ebs ku kontribuam s\u00eb bashku p\u00ebr nj\u00eb vizion, p\u00ebr q\u00ebllimin e p\u00ebrbashk\u00ebt p\u00ebr &#8220;Bashkimin e Trojeve Shqiptare&#8221;. Dhe shpresoj q\u00eb t\u00eb vij\u00eb ajo dit\u00eb q\u00eb s\u00ebrish t\u2019i bashkojm\u00eb duart e ta b\u00ebjm\u00eb bashkimin dhe t\u2019i tregojm\u00eb bot\u00ebs se Shqiptar jan\u00eb Bashku dhe jan\u00eb Forcu.<\/p>\n<p>Mesazhi im p\u00ebr Rinin\u00eb Shqiptare, do i kisha lutur nga zemra t\u00eb punojn\u00eb e t\u00eb m\u00ebsojn\u00eb se dituria e shqiptar\u00ebve e b\u00ebn bashkimin, b\u00ebn forc\u00ebn. Sa m\u00eb shum\u00eb edukat\u00eb ne kemi, aq m\u00eb intelektual\u00eb do jemi dhe do ta vler\u00ebsojm\u00eb historin\u00eb e popullit shqiptar, se kush jemi dhe nga kemi ardh\u00eb.<\/p>\n","protected":false},"excerpt":{"rendered":"<p>Shkruan: Gazetari Ilir Berisha dhe Ermira Babamusta, Ph.D. Luft\u00ebtare krahas me motrat dhe v\u00ebllez\u00ebrit shqiptar n\u00eb U\u00c7K Alketa Pireva portretizon tradit\u00ebn shqiptare ku vashat dhe burrneshat shqiptare ishin t\u00eb pranishme n\u00eb luft\u00ebrat \u00e7lirimtare. Alketa Pireva ishte nj\u00eb luft\u00ebtare e denj\u00eb n\u00eb betej\u00ebn p\u00ebr \u00e7lirimin e Kosov\u00ebs n\u00eb koh\u00ebt m\u00eb t\u00eb v\u00ebshtira t\u00eb saj. Duke par\u00eb [&hellip;]<\/p>\n","protected":false},"author":1,"featured_media":0,"comment_status":"open","ping_status":"closed","sticky":false,"template":"","format":"standard","meta":{"footnotes":""},"categories":[2],"tags":[],"class_list":{"0":"post-12027","1":"post","2":"type-post","3":"status-publish","4":"format-standard","6":"category-artikuj"},"yoast_head":"<!-- This site is optimized with the Yoast SEO plugin v27.4 - https:\/\/yoast.com\/product\/yoast-seo-wordpress\/ -->\n<title>Alketa Pireva, burr\u00ebrresha trime e U\u00c7K-s\u00eb, sot bukuroshja shqiptare n\u00eb sfiladat e Londr\u00ebs - FjALA e LIR\u00cb - Arkivi<\/title>\n<meta name=\"robots\" content=\"index, follow, max-snippet:-1, max-image-preview:large, max-video-preview:-1\" \/>\n<link rel=\"canonical\" href=\"https:\/\/fjala.info\/2009-2015\/alketa-pireva-burrerresha-trime-e-uck-se-sot-bukuroshja-shqiptare-ne-sfiladat-e-londres\/\" \/>\n<meta property=\"og:locale\" content=\"sq_AL\" \/>\n<meta property=\"og:type\" content=\"article\" \/>\n<meta property=\"og:title\" content=\"Alketa Pireva, burr\u00ebrresha trime e U\u00c7K-s\u00eb, sot bukuroshja shqiptare n\u00eb sfiladat e Londr\u00ebs - FjALA e LIR\u00cb - Arkivi\" \/>\n<meta property=\"og:description\" content=\"Shkruan: Gazetari Ilir Berisha dhe Ermira Babamusta, Ph.D. Luft\u00ebtare krahas me motrat dhe v\u00ebllez\u00ebrit shqiptar n\u00eb U\u00c7K Alketa Pireva portretizon tradit\u00ebn shqiptare ku vashat dhe burrneshat shqiptare ishin t\u00eb pranishme n\u00eb luft\u00ebrat \u00e7lirimtare. Alketa Pireva ishte nj\u00eb luft\u00ebtare e denj\u00eb n\u00eb betej\u00ebn p\u00ebr \u00e7lirimin e Kosov\u00ebs n\u00eb koh\u00ebt m\u00eb t\u00eb v\u00ebshtira t\u00eb saj. Duke par\u00eb [&hellip;]\" \/>\n<meta property=\"og:url\" content=\"https:\/\/fjala.info\/2009-2015\/alketa-pireva-burrerresha-trime-e-uck-se-sot-bukuroshja-shqiptare-ne-sfiladat-e-londres\/\" \/>\n<meta property=\"og:site_name\" content=\"FjALA e LIR\u00cb - Arkivi\" \/>\n<meta property=\"article:published_time\" content=\"2012-08-21T07:40:26+00:00\" \/>\n<meta property=\"og:image\" content=\"http:\/\/www.fjala.info\/2012\/alketa_pireva.jpg\" \/>\n<meta name=\"author\" content=\"admin\" \/>\n<meta name=\"twitter:card\" content=\"summary_large_image\" \/>\n<meta name=\"twitter:label1\" content=\"Written by\" \/>\n\t<meta name=\"twitter:data1\" content=\"admin\" \/>\n\t<meta name=\"twitter:label2\" content=\"Est. reading time\" \/>\n\t<meta name=\"twitter:data2\" content=\"11 minutes\" \/>\n<script type=\"application\/ld+json\" class=\"yoast-schema-graph\">{\"@context\":\"https:\\\/\\\/schema.org\",\"@graph\":[{\"@type\":\"Article\",\"@id\":\"https:\\\/\\\/fjala.info\\\/2009-2015\\\/alketa-pireva-burrerresha-trime-e-uck-se-sot-bukuroshja-shqiptare-ne-sfiladat-e-londres\\\/#article\",\"isPartOf\":{\"@id\":\"https:\\\/\\\/fjala.info\\\/2009-2015\\\/alketa-pireva-burrerresha-trime-e-uck-se-sot-bukuroshja-shqiptare-ne-sfiladat-e-londres\\\/\"},\"author\":{\"name\":\"admin\",\"@id\":\"https:\\\/\\\/fjala.info\\\/2009-2015\\\/#\\\/schema\\\/person\\\/3aa1163ef05469c496fc94e77611ada2\"},\"headline\":\"Alketa Pireva, burr\u00ebrresha trime e U\u00c7K-s\u00eb, sot bukuroshja shqiptare n\u00eb sfiladat e Londr\u00ebs\",\"datePublished\":\"2012-08-21T07:40:26+00:00\",\"mainEntityOfPage\":{\"@id\":\"https:\\\/\\\/fjala.info\\\/2009-2015\\\/alketa-pireva-burrerresha-trime-e-uck-se-sot-bukuroshja-shqiptare-ne-sfiladat-e-londres\\\/\"},\"wordCount\":2122,\"commentCount\":0,\"publisher\":{\"@id\":\"https:\\\/\\\/fjala.info\\\/2009-2015\\\/#organization\"},\"image\":{\"@id\":\"https:\\\/\\\/fjala.info\\\/2009-2015\\\/alketa-pireva-burrerresha-trime-e-uck-se-sot-bukuroshja-shqiptare-ne-sfiladat-e-londres\\\/#primaryimage\"},\"thumbnailUrl\":\"http:\\\/\\\/www.fjala.info\\\/2012\\\/alketa_pireva.jpg\",\"articleSection\":[\"Artikuj\"],\"inLanguage\":\"sq-AL\",\"potentialAction\":[{\"@type\":\"CommentAction\",\"name\":\"Comment\",\"target\":[\"https:\\\/\\\/fjala.info\\\/2009-2015\\\/alketa-pireva-burrerresha-trime-e-uck-se-sot-bukuroshja-shqiptare-ne-sfiladat-e-londres\\\/#respond\"]}]},{\"@type\":\"WebPage\",\"@id\":\"https:\\\/\\\/fjala.info\\\/2009-2015\\\/alketa-pireva-burrerresha-trime-e-uck-se-sot-bukuroshja-shqiptare-ne-sfiladat-e-londres\\\/\",\"url\":\"https:\\\/\\\/fjala.info\\\/2009-2015\\\/alketa-pireva-burrerresha-trime-e-uck-se-sot-bukuroshja-shqiptare-ne-sfiladat-e-londres\\\/\",\"name\":\"Alketa Pireva, burr\u00ebrresha trime e U\u00c7K-s\u00eb, sot bukuroshja shqiptare n\u00eb sfiladat e Londr\u00ebs - FjALA e LIR\u00cb - Arkivi\",\"isPartOf\":{\"@id\":\"https:\\\/\\\/fjala.info\\\/2009-2015\\\/#website\"},\"primaryImageOfPage\":{\"@id\":\"https:\\\/\\\/fjala.info\\\/2009-2015\\\/alketa-pireva-burrerresha-trime-e-uck-se-sot-bukuroshja-shqiptare-ne-sfiladat-e-londres\\\/#primaryimage\"},\"image\":{\"@id\":\"https:\\\/\\\/fjala.info\\\/2009-2015\\\/alketa-pireva-burrerresha-trime-e-uck-se-sot-bukuroshja-shqiptare-ne-sfiladat-e-londres\\\/#primaryimage\"},\"thumbnailUrl\":\"http:\\\/\\\/www.fjala.info\\\/2012\\\/alketa_pireva.jpg\",\"datePublished\":\"2012-08-21T07:40:26+00:00\",\"breadcrumb\":{\"@id\":\"https:\\\/\\\/fjala.info\\\/2009-2015\\\/alketa-pireva-burrerresha-trime-e-uck-se-sot-bukuroshja-shqiptare-ne-sfiladat-e-londres\\\/#breadcrumb\"},\"inLanguage\":\"sq-AL\",\"potentialAction\":[{\"@type\":\"ReadAction\",\"target\":[\"https:\\\/\\\/fjala.info\\\/2009-2015\\\/alketa-pireva-burrerresha-trime-e-uck-se-sot-bukuroshja-shqiptare-ne-sfiladat-e-londres\\\/\"]}]},{\"@type\":\"ImageObject\",\"inLanguage\":\"sq-AL\",\"@id\":\"https:\\\/\\\/fjala.info\\\/2009-2015\\\/alketa-pireva-burrerresha-trime-e-uck-se-sot-bukuroshja-shqiptare-ne-sfiladat-e-londres\\\/#primaryimage\",\"url\":\"http:\\\/\\\/www.fjala.info\\\/2012\\\/alketa_pireva.jpg\",\"contentUrl\":\"http:\\\/\\\/www.fjala.info\\\/2012\\\/alketa_pireva.jpg\"},{\"@type\":\"BreadcrumbList\",\"@id\":\"https:\\\/\\\/fjala.info\\\/2009-2015\\\/alketa-pireva-burrerresha-trime-e-uck-se-sot-bukuroshja-shqiptare-ne-sfiladat-e-londres\\\/#breadcrumb\",\"itemListElement\":[{\"@type\":\"ListItem\",\"position\":1,\"name\":\"Home\",\"item\":\"https:\\\/\\\/fjala.info\\\/2009-2015\\\/\"},{\"@type\":\"ListItem\",\"position\":2,\"name\":\"Alketa Pireva, burr\u00ebrresha trime e U\u00c7K-s\u00eb, sot bukuroshja shqiptare n\u00eb sfiladat e Londr\u00ebs\"}]},{\"@type\":\"WebSite\",\"@id\":\"https:\\\/\\\/fjala.info\\\/2009-2015\\\/#website\",\"url\":\"https:\\\/\\\/fjala.info\\\/2009-2015\\\/\",\"name\":\"FjALA e LIR\u00cb - Arkivi\",\"description\":\"Arkivi 2009-2015\",\"publisher\":{\"@id\":\"https:\\\/\\\/fjala.info\\\/2009-2015\\\/#organization\"},\"potentialAction\":[{\"@type\":\"SearchAction\",\"target\":{\"@type\":\"EntryPoint\",\"urlTemplate\":\"https:\\\/\\\/fjala.info\\\/2009-2015\\\/?s={search_term_string}\"},\"query-input\":{\"@type\":\"PropertyValueSpecification\",\"valueRequired\":true,\"valueName\":\"search_term_string\"}}],\"inLanguage\":\"sq-AL\"},{\"@type\":\"Organization\",\"@id\":\"https:\\\/\\\/fjala.info\\\/2009-2015\\\/#organization\",\"name\":\"FjALA e LIR\u00cb - Arkivi\",\"url\":\"https:\\\/\\\/fjala.info\\\/2009-2015\\\/\",\"logo\":{\"@type\":\"ImageObject\",\"inLanguage\":\"sq-AL\",\"@id\":\"https:\\\/\\\/fjala.info\\\/2009-2015\\\/#\\\/schema\\\/logo\\\/image\\\/\",\"url\":\"\",\"contentUrl\":\"\",\"caption\":\"FjALA e LIR\u00cb - Arkivi\"},\"image\":{\"@id\":\"https:\\\/\\\/fjala.info\\\/2009-2015\\\/#\\\/schema\\\/logo\\\/image\\\/\"}},{\"@type\":\"Person\",\"@id\":\"https:\\\/\\\/fjala.info\\\/2009-2015\\\/#\\\/schema\\\/person\\\/3aa1163ef05469c496fc94e77611ada2\",\"name\":\"admin\",\"image\":{\"@type\":\"ImageObject\",\"inLanguage\":\"sq-AL\",\"@id\":\"https:\\\/\\\/fjala.info\\\/2009-2015\\\/wp-content\\\/uploads\\\/2012\\\/02\\\/arben_cokaj-120x150.jpg\",\"url\":\"https:\\\/\\\/fjala.info\\\/2009-2015\\\/wp-content\\\/uploads\\\/2012\\\/02\\\/arben_cokaj-120x150.jpg\",\"contentUrl\":\"https:\\\/\\\/fjala.info\\\/2009-2015\\\/wp-content\\\/uploads\\\/2012\\\/02\\\/arben_cokaj-120x150.jpg\",\"caption\":\"admin\"},\"description\":\"Admin, Fjala e Lir\u00eb\",\"sameAs\":[\"https:\\\/\\\/fjala.info\\\/\"],\"url\":\"https:\\\/\\\/fjala.info\\\/2009-2015\\\/author\\\/admin\\\/\"}]}<\/script>\n<!-- \/ Yoast SEO plugin. -->","yoast_head_json":{"title":"Alketa Pireva, burr\u00ebrresha trime e U\u00c7K-s\u00eb, sot bukuroshja shqiptare n\u00eb sfiladat e Londr\u00ebs - FjALA e LIR\u00cb - Arkivi","robots":{"index":"index","follow":"follow","max-snippet":"max-snippet:-1","max-image-preview":"max-image-preview:large","max-video-preview":"max-video-preview:-1"},"canonical":"https:\/\/fjala.info\/2009-2015\/alketa-pireva-burrerresha-trime-e-uck-se-sot-bukuroshja-shqiptare-ne-sfiladat-e-londres\/","og_locale":"sq_AL","og_type":"article","og_title":"Alketa Pireva, burr\u00ebrresha trime e U\u00c7K-s\u00eb, sot bukuroshja shqiptare n\u00eb sfiladat e Londr\u00ebs - FjALA e LIR\u00cb - Arkivi","og_description":"Shkruan: Gazetari Ilir Berisha dhe Ermira Babamusta, Ph.D. Luft\u00ebtare krahas me motrat dhe v\u00ebllez\u00ebrit shqiptar n\u00eb U\u00c7K Alketa Pireva portretizon tradit\u00ebn shqiptare ku vashat dhe burrneshat shqiptare ishin t\u00eb pranishme n\u00eb luft\u00ebrat \u00e7lirimtare. Alketa Pireva ishte nj\u00eb luft\u00ebtare e denj\u00eb n\u00eb betej\u00ebn p\u00ebr \u00e7lirimin e Kosov\u00ebs n\u00eb koh\u00ebt m\u00eb t\u00eb v\u00ebshtira t\u00eb saj. Duke par\u00eb [&hellip;]","og_url":"https:\/\/fjala.info\/2009-2015\/alketa-pireva-burrerresha-trime-e-uck-se-sot-bukuroshja-shqiptare-ne-sfiladat-e-londres\/","og_site_name":"FjALA e LIR\u00cb - Arkivi","article_published_time":"2012-08-21T07:40:26+00:00","og_image":[{"url":"http:\/\/www.fjala.info\/2012\/alketa_pireva.jpg","type":"","width":"","height":""}],"author":"admin","twitter_card":"summary_large_image","twitter_misc":{"Written by":"admin","Est. reading time":"11 minutes"},"schema":{"@context":"https:\/\/schema.org","@graph":[{"@type":"Article","@id":"https:\/\/fjala.info\/2009-2015\/alketa-pireva-burrerresha-trime-e-uck-se-sot-bukuroshja-shqiptare-ne-sfiladat-e-londres\/#article","isPartOf":{"@id":"https:\/\/fjala.info\/2009-2015\/alketa-pireva-burrerresha-trime-e-uck-se-sot-bukuroshja-shqiptare-ne-sfiladat-e-londres\/"},"author":{"name":"admin","@id":"https:\/\/fjala.info\/2009-2015\/#\/schema\/person\/3aa1163ef05469c496fc94e77611ada2"},"headline":"Alketa Pireva, burr\u00ebrresha trime e U\u00c7K-s\u00eb, sot bukuroshja shqiptare n\u00eb sfiladat e Londr\u00ebs","datePublished":"2012-08-21T07:40:26+00:00","mainEntityOfPage":{"@id":"https:\/\/fjala.info\/2009-2015\/alketa-pireva-burrerresha-trime-e-uck-se-sot-bukuroshja-shqiptare-ne-sfiladat-e-londres\/"},"wordCount":2122,"commentCount":0,"publisher":{"@id":"https:\/\/fjala.info\/2009-2015\/#organization"},"image":{"@id":"https:\/\/fjala.info\/2009-2015\/alketa-pireva-burrerresha-trime-e-uck-se-sot-bukuroshja-shqiptare-ne-sfiladat-e-londres\/#primaryimage"},"thumbnailUrl":"http:\/\/www.fjala.info\/2012\/alketa_pireva.jpg","articleSection":["Artikuj"],"inLanguage":"sq-AL","potentialAction":[{"@type":"CommentAction","name":"Comment","target":["https:\/\/fjala.info\/2009-2015\/alketa-pireva-burrerresha-trime-e-uck-se-sot-bukuroshja-shqiptare-ne-sfiladat-e-londres\/#respond"]}]},{"@type":"WebPage","@id":"https:\/\/fjala.info\/2009-2015\/alketa-pireva-burrerresha-trime-e-uck-se-sot-bukuroshja-shqiptare-ne-sfiladat-e-londres\/","url":"https:\/\/fjala.info\/2009-2015\/alketa-pireva-burrerresha-trime-e-uck-se-sot-bukuroshja-shqiptare-ne-sfiladat-e-londres\/","name":"Alketa Pireva, burr\u00ebrresha trime e U\u00c7K-s\u00eb, sot bukuroshja shqiptare n\u00eb sfiladat e Londr\u00ebs - FjALA e LIR\u00cb - Arkivi","isPartOf":{"@id":"https:\/\/fjala.info\/2009-2015\/#website"},"primaryImageOfPage":{"@id":"https:\/\/fjala.info\/2009-2015\/alketa-pireva-burrerresha-trime-e-uck-se-sot-bukuroshja-shqiptare-ne-sfiladat-e-londres\/#primaryimage"},"image":{"@id":"https:\/\/fjala.info\/2009-2015\/alketa-pireva-burrerresha-trime-e-uck-se-sot-bukuroshja-shqiptare-ne-sfiladat-e-londres\/#primaryimage"},"thumbnailUrl":"http:\/\/www.fjala.info\/2012\/alketa_pireva.jpg","datePublished":"2012-08-21T07:40:26+00:00","breadcrumb":{"@id":"https:\/\/fjala.info\/2009-2015\/alketa-pireva-burrerresha-trime-e-uck-se-sot-bukuroshja-shqiptare-ne-sfiladat-e-londres\/#breadcrumb"},"inLanguage":"sq-AL","potentialAction":[{"@type":"ReadAction","target":["https:\/\/fjala.info\/2009-2015\/alketa-pireva-burrerresha-trime-e-uck-se-sot-bukuroshja-shqiptare-ne-sfiladat-e-londres\/"]}]},{"@type":"ImageObject","inLanguage":"sq-AL","@id":"https:\/\/fjala.info\/2009-2015\/alketa-pireva-burrerresha-trime-e-uck-se-sot-bukuroshja-shqiptare-ne-sfiladat-e-londres\/#primaryimage","url":"http:\/\/www.fjala.info\/2012\/alketa_pireva.jpg","contentUrl":"http:\/\/www.fjala.info\/2012\/alketa_pireva.jpg"},{"@type":"BreadcrumbList","@id":"https:\/\/fjala.info\/2009-2015\/alketa-pireva-burrerresha-trime-e-uck-se-sot-bukuroshja-shqiptare-ne-sfiladat-e-londres\/#breadcrumb","itemListElement":[{"@type":"ListItem","position":1,"name":"Home","item":"https:\/\/fjala.info\/2009-2015\/"},{"@type":"ListItem","position":2,"name":"Alketa Pireva, burr\u00ebrresha trime e U\u00c7K-s\u00eb, sot bukuroshja shqiptare n\u00eb sfiladat e Londr\u00ebs"}]},{"@type":"WebSite","@id":"https:\/\/fjala.info\/2009-2015\/#website","url":"https:\/\/fjala.info\/2009-2015\/","name":"FjALA e LIR\u00cb - Arkivi","description":"Arkivi 2009-2015","publisher":{"@id":"https:\/\/fjala.info\/2009-2015\/#organization"},"potentialAction":[{"@type":"SearchAction","target":{"@type":"EntryPoint","urlTemplate":"https:\/\/fjala.info\/2009-2015\/?s={search_term_string}"},"query-input":{"@type":"PropertyValueSpecification","valueRequired":true,"valueName":"search_term_string"}}],"inLanguage":"sq-AL"},{"@type":"Organization","@id":"https:\/\/fjala.info\/2009-2015\/#organization","name":"FjALA e LIR\u00cb - Arkivi","url":"https:\/\/fjala.info\/2009-2015\/","logo":{"@type":"ImageObject","inLanguage":"sq-AL","@id":"https:\/\/fjala.info\/2009-2015\/#\/schema\/logo\/image\/","url":"","contentUrl":"","caption":"FjALA e LIR\u00cb - Arkivi"},"image":{"@id":"https:\/\/fjala.info\/2009-2015\/#\/schema\/logo\/image\/"}},{"@type":"Person","@id":"https:\/\/fjala.info\/2009-2015\/#\/schema\/person\/3aa1163ef05469c496fc94e77611ada2","name":"admin","image":{"@type":"ImageObject","inLanguage":"sq-AL","@id":"https:\/\/fjala.info\/2009-2015\/wp-content\/uploads\/2012\/02\/arben_cokaj-120x150.jpg","url":"https:\/\/fjala.info\/2009-2015\/wp-content\/uploads\/2012\/02\/arben_cokaj-120x150.jpg","contentUrl":"https:\/\/fjala.info\/2009-2015\/wp-content\/uploads\/2012\/02\/arben_cokaj-120x150.jpg","caption":"admin"},"description":"Admin, Fjala e Lir\u00eb","sameAs":["https:\/\/fjala.info\/"],"url":"https:\/\/fjala.info\/2009-2015\/author\/admin\/"}]}},"_links":{"self":[{"href":"https:\/\/fjala.info\/2009-2015\/wp-json\/wp\/v2\/posts\/12027","targetHints":{"allow":["GET"]}}],"collection":[{"href":"https:\/\/fjala.info\/2009-2015\/wp-json\/wp\/v2\/posts"}],"about":[{"href":"https:\/\/fjala.info\/2009-2015\/wp-json\/wp\/v2\/types\/post"}],"author":[{"embeddable":true,"href":"https:\/\/fjala.info\/2009-2015\/wp-json\/wp\/v2\/users\/1"}],"replies":[{"embeddable":true,"href":"https:\/\/fjala.info\/2009-2015\/wp-json\/wp\/v2\/comments?post=12027"}],"version-history":[{"count":0,"href":"https:\/\/fjala.info\/2009-2015\/wp-json\/wp\/v2\/posts\/12027\/revisions"}],"wp:attachment":[{"href":"https:\/\/fjala.info\/2009-2015\/wp-json\/wp\/v2\/media?parent=12027"}],"wp:term":[{"taxonomy":"category","embeddable":true,"href":"https:\/\/fjala.info\/2009-2015\/wp-json\/wp\/v2\/categories?post=12027"},{"taxonomy":"post_tag","embeddable":true,"href":"https:\/\/fjala.info\/2009-2015\/wp-json\/wp\/v2\/tags?post=12027"}],"curies":[{"name":"wp","href":"https:\/\/api.w.org\/{rel}","templated":true}]}}