{"id":12025,"date":"2012-08-20T21:20:13","date_gmt":"2012-08-20T20:20:13","guid":{"rendered":"http:\/\/www.fjala.info\/?p=4531"},"modified":"2012-08-20T21:20:13","modified_gmt":"2012-08-20T20:20:13","slug":"diktatori-sali-berisha-me-i-blinduar-se-gedaf-asad-dhe-bosi-i-cosa-nostra","status":"publish","type":"post","link":"https:\/\/fjala.info\/2009-2015\/diktatori-sali-berisha-me-i-blinduar-se-gedaf-asad-dhe-bosi-i-cosa-nostra\/","title":{"rendered":"Diktatori Sali Berisha, m\u00eb i \u201cblinduar\u201d se Gedaf, Asad dhe bosi i \u201cCOSA NOSTRA\u201d"},"content":{"rendered":"<p><img decoding=\"async\" class=\"alignleft size-thumbnail wp-image-7236\" title=\"Sali Berisha real\" src=\"http:\/\/www.fjala.info\/2012\/sali_berisha_real.jpg\" alt=\"\" width=\"200\" \/> Nga <strong>P\u00ebrparim Halili<\/strong>, <em>20 Gusht 2012<\/em><\/p>\n<p>Kryeministri Sali Berisha, \u00ebsht\u00eb personi q\u00eb po \u201cp\u00ebllet\u201d m\u00eb tep\u00ebr p\u00ebr gjoja heqjen e imuniteteve e t\u00eb \u201cmburojtes\u201d zyrtare. Pas 20 vitesh me imunitete dhe super-mburoja fizike shtet\u00ebrore e private prej \u201cSulltani\u201d, p\u00ebrdhos\u00ebsi m\u00eb ekstrem i imunitetit n\u00eb raport me drejt\u00ebsin\u00eb, ka dal\u00eb e po na \u201cjep leksione\u201d p\u00ebr kthimin e vetes n\u00eb \u201cqytetar i thjesht\u00eb\u201d. P\u00ebrball\u00eb bro\u00e7kullave q\u00eb po llomotit \u201cnon stop\u201d dhe ato q\u00eb po b\u00ebn realisht, \u201cleksionet\u201d e tij \u201canti-imunitet\u201d jan\u00eb nj\u00eb demagogji dhe hipokrizi komike prej pala\u00e7oje cirku. Pse?<\/p>\n<p>Sepse \u201cmaster-kllouni\u201d politiko-qeveris\u00ebs Sali Berisha edhe kur del e brro\u00e7kollit n\u00eb qeveri e parlament p\u00ebr gjoja heqje imuniteti, gjendet i rrethuar nga imunitete e roje t\u00eb shumt\u00eb, q\u00eb i q\u00ebndrojn\u00eb t\u00eb armatosur dhe posht\u00eb podiumeve. E kemi par\u00eb n\u00eb nbledhje qeverie, n\u00eb parlament, n\u00eb prerje shirritash, n\u00eb fushata elektorale, n\u00eb gara noti, n\u00eb ngjitje malesh e deri n\u00eb takime me f\u00ebmij\u00ebt e \u00e7erdheve, q\u00eb \u201ctrimi\u201d Sali Berisha rezulton t\u00eb jet\u00eb ekzemplari m\u00eb \u201ci blinduar\u201d me imunitete t\u00eb ligjshme e t\u00eb paligjshme, me eskorta e truproja private q\u00eb nuk i kan\u00eb patur as sulltan\u00ebt, q\u00eb nuk i kan\u00eb patur e nuk i kan\u00eb as diktator\u00ebt, as mbret\u00ebrit dhe kryemafioz\u00ebt e bot\u00ebs. Ai mbrohet edhe brenda n\u00eb WC, ku dhe butoni i shkarkuesit t\u00eb galixhanit, i duket sikur \u00ebsht\u00eb \u201cbuton mine me sahat\u201d. Deri n\u00eb k\u00ebt\u00eb shkall\u00eb psikopatie e paniku, t\u00eb \u00e7on vet\u00ebm nj\u00eb shkak: frika prej krimeve q\u00eb kryen.<\/p>\n<p>N\u00eb k\u00ebt\u00eb moment psikologik e shpirt\u00ebror gjendet prej 20 vitesh Sali Berisha. Frika ekstreme nga \u201chakdh\u00ebnia\u201d popullore e individuale, ose prej atyre me t\u00eb cil\u00ebt Sali berisha \u00ebsht\u00eb \u201cn\u00eb gjak\u201d, me t\u00eb drejt e ka \u00e7uar at\u00eb \u201cblindimin\u201d dhe sigurin\u00eb q\u00eb po i b\u00ebn vetes, deri n\u00eb veshje anti-plumb n\u00eb pikun e vap\u00ebs e me roje posht\u00eb krevatit. Me \u201cblindimin\u201d q\u00eb i ka b\u00ebr\u00eb vetes, \u201ctrimi\u201d, i \u201cdrejti\u201d dhe \u201cudh\u00ebheq\u00ebsi i dashur popullor\u201d Sali Berisha, ka thyer \u201crekodrin bot\u00ebror\u201d t\u00eb siguris\u00eb prej frik\u00ebs. Po b\u00ebjm\u00eb nj\u00eb krahasim faktik mes \u201cblindimit\u201d shtet\u00ebror e privat t\u00eb disa ish-dikator\u00ebve, diktator\u00ebve e bos\u00ebve t\u00eb mafies nd\u00ebrkomb\u00ebtare dhe \u201cblindimit\u201d t\u00eb kryeministrit shqiptar Sali Berisha:<\/p>\n<p>BEN ALI, Tunizi: Ky super-diktator q\u00eb pati nd\u00ebshkim popullor, jetonte i blinduar nga 13 truproje, dhe 8 makina q\u00eb i paguante nga taksat e popullit, si dhe nga 11 truproja e 5 makina q\u00eb i paguante personalisht. Familja e tij ruhej nga 9 truproje dhe 5 makina.<\/p>\n<p>GEDAF, Libi: Krye-diktatori gjakatar q\u00eb u masakrau publikisht nga populli, jetonte i blinduar nga 18 truproje dhe 12 makina q\u00eb i paguante nga taksat e popullit, si dhe nga 15 truproja e 7 makina q\u00eb i paguante personalisht. Familja e tij ruhej nga 19 truproje dhe 10 makina.<\/p>\n<p>MUGABE, Zimbabie: Monst\u00ebr sundimtari, prej nga Sali Berisha ka kopjuar \u201cmodelin\u201d e pushtet-sundimit, jeton i blinduar nga 10 truproje dhe 6 makina q\u00eb i paguan nga taksat e popullit, si dhe nga 4 truproja e 3 makina q\u00eb i paguan personalisht. Familja e tij ruhet nga 6 truproje dhe 4 makina.<\/p>\n<p>JONG-Il, Kore e Veriut: Sundimtar diktatori komunist, prej nga Sali Berisha frym\u00ebzohet p\u00ebr t\u00eb nd\u00ebrtuar regjimin e tij neo-diktator n\u00eb Shqip\u00ebri, jeton i blinduar nga 7 truproje dhe 4 makina q\u00eb i paguan nga taksat e popullit, si dhe nga 8 truproja e 5 makina q\u00eb i paguan personalisht. Familja e tij ruhet nga 3 truproje dhe 2 makina.<\/p>\n<p>LUKASHENKO, Bjellorusi: \u201cModeli\u201d i Sali Berish\u00ebs n\u00eb marrjen dhe mbajtjen e pushtetit me dhun\u00eb politike, shtet\u00ebrore e krime, jeton i blinduar nga 12 truproje dhe 8 makina q\u00eb i paguan nga taksat e popullit, si dhe nga 4 truproja e 2 makina q\u00eb i paguan personalisht. Familja e tij ruhet nga 6 truproje dhe 3 makina.<\/p>\n<p>FIDEL KASTRO, Kub\u00eb: Diktatori komunist i l\u00ebn\u00eb mbrapa prej Sali Berish\u00ebs n\u00eb aplikim metodash diktatroiale n\u00eb pushtet, jeton i blinduar nga 4 truproje dhe 2 makina q\u00eb i paguan nga taksat e popullit, si dhe nga 6 truproja e 3 makina q\u00eb e paguan personalisht. Familja e tij ruhet nga 5 truproje dhe 3 makina.<\/p>\n<p>CAUSHESKU, Rumani: Krye diktatori gjakatar q\u00eb u t\u00ebrhoq zvarr\u00eb nga populli dhe u pushkatua, jetonte i blinduar nga 5 truproje dhe 3 makina q\u00eb i paguante nga taksat e popullit, si dhe nga 3 truproja e 2 makina q\u00eb i paguante personalisht. Familja e tij ruhej nga 7 truproje dhe 2 makina.<\/p>\n<p>MILOSHEVI\u00c7I, Serbi: Diktatori gjakatar, mik dhe ortak i Sali Berish\u00ebs n\u00eb trafiqe e krime kund\u00ebr shqiptar\u00ebve i vdekur n\u00eb burg nd\u00ebrkomb\u00ebtar, jetonte i blinduar nga 8 truproje dhe 4 makina q\u00eb i paguante nga taksat e popullit, si dhe nga 6 truproja e 3 makina q\u00eb i paguante personalisht. Familja e tij ruhej nga 5 truproje dhe 3 makina.<\/p>\n<p>MUSA YALAHOV, Somali: Kryeminist\u00ebr i nj\u00eb vendi me tregues ekonomik, kriminal e korruptiv si Shqip\u00ebria e sunduar prej Sali Berish\u00ebs, jeton i blinduar nga 6 truproje dhe 2 makina q\u00eb i paguan nga taksat e popullit, si dhe nga 4 truproja e 3 makina q\u00eb i paguan personalisht. Familja e tij ruhet nga 5 truproje dhe 2 makina.<\/p>\n<p>HUN SEN, Kamboxhia: Nj\u00eb tjet\u00ebr model sundimi diktature, tipik si regjimi i Sali Berish\u00ebs, jeton i blinduar nga 9 truproje dhe 5 makina q\u00eb i paguan nga taksat e popullit, si dhe nga 7 truproja e 4 makina q\u00eb i paguan personalisht. Familja e tij ruhet nga 6 truproje dhe 4 makina.<\/p>\n<p>MUSHARAF, Pakistan: Jeton i blinduar nga 10 truproje dhe 6 makina q\u00eb i paguan nga taksat e popullit, si dhe nga 8 truproja e 4 makina q\u00eb i paguan personalisht. Familja e tij ruhet nga 7 truproje dhe 3 makina.<\/p>\n<p>HOSNU MUBARAK, Egjipt: Miku dhe ortaku i trafiqeve t\u00eb Sali Berish\u00ebs, diktator gjakatar, jetonte i blinduar nga 28 truproje dhe 12 makina q\u00eb i paguante nga taksat e popullit, si dhe nga 14 truproja e 8 makina q\u00eb i paguante personalisht. Familja e tij ruhej nga 15 truproje dhe 9 makina.<\/p>\n<p>AHMADINEXHAD, Iran: Bosi i nj\u00eb sundimi q\u00eb k\u00ebrc\u00ebnon bot\u00ebn me \u00e7mendurit\u00eb e tij, mik i vjet\u00ebr i Sali Berish\u00ebs n\u00eb strukturimin e terrorzmit islamik dhe n\u00eb Shqip\u00ebri, jeton i blinduar nga 26 truproje dhe 19 makina q\u00eb i paguan nga taksat e popullit, si dhe nga 14 truproja e 8 makina q\u00eb i paguan personalisht. Familja e tij ruhet nga 15 truproje dhe 8 makina.<\/p>\n<p>ALIYEV, Azerbajxhan: Oratku dhe klienti i Sali Berish\u00ebs n\u00eb trafiqet dhe privatizimet klienteliste mafioze q\u00eb b\u00ebhen n\u00eb ekonomin\u00eb shqiptare, jeton i blinduar nga 9 truproje dhe 5 makina q\u00eb i paguan nga taksat e popullit, si dhe nga 7 truproja e 4 makina q\u00eb i paguan personalisht. Familja e tij ruhet nga 8 truproje dhe 4 makina.<\/p>\n<p>BASHAR AL ASAD, Siri: Ortaku i Sali Berish\u00ebs n\u00eb trafikun e arm\u00ebve, dikatori q\u00eb po vret popullin sirian, jeton i blinduar nga 25 truproje dhe 12 makina q\u00eb i paguan nga taksat e popullit, si dhe nga 15 truproja e 6 makina q\u00eb i paguan personalisht. Familja e tij ruhet nga 14 truproje dhe 6 makina.<\/p>\n<p>VITO PALAZZOLO, bosi i \u201cCOSA NOSTRA\u201d: Jeton i blinduar nga 18 truproje dhe 8 makina. Familja e tij ruhet nga 8 truproje dhe 6 makina.<\/p>\n<p>MATTEO DENAROS, bosi i \u201cCAMORRA\u201d: Jeton i blinduar nga 20 truproje dhe 10 makina. Familja e tij ruhet nga 12 truproje dhe 7 makina.<\/p>\n<p>OVIDIO SANCEZ, bosi i drog\u00ebs MEKSIK\u00cb: Jeton i blinduar nga 6 truproje dhe 4 makina. Familja e tij ruhet nga 4 truproje dhe 3 makina.<\/p>\n<p>ERIKSON VARGAS (Sebastian), bosi i drog\u00ebs KOLUMBIANE: Jeton i blinduar nga 12 truproje dhe 8 makina. Familja e tij ruhet nga 14 truproje dhe 7 makina.<\/p>\n<p><strong>SALI BERISHA<\/strong> (<strong>ESPINOZA<\/strong>), bosi i gjith\u00eb pushteteve n\u00eb SHQIP\u00cbRI: Kryeminist\u00ebr, 22 vjet deputet dhe kryetar i PD, jeton familjarisht i blinduar nga 43 truproja dhe 24 makina, q\u00eb i paguan nga taksat e shqiptar\u00ebve, si dhe nga 26 truproja e 15 makina q\u00eb i paguan nga fitimet e aktivitetit kriminal e mafioz t\u00eb pushtet-band\u00ebs dhe familjes s\u00eb tij.<\/p>\n","protected":false},"excerpt":{"rendered":"<p>Nga P\u00ebrparim Halili, 20 Gusht 2012 Kryeministri Sali Berisha, \u00ebsht\u00eb personi q\u00eb po \u201cp\u00ebllet\u201d m\u00eb tep\u00ebr p\u00ebr gjoja heqjen e imuniteteve e t\u00eb \u201cmburojtes\u201d zyrtare. Pas 20 vitesh me imunitete dhe super-mburoja fizike shtet\u00ebrore e private prej \u201cSulltani\u201d, p\u00ebrdhos\u00ebsi m\u00eb ekstrem i imunitetit n\u00eb raport me drejt\u00ebsin\u00eb, ka dal\u00eb e po na \u201cjep leksione\u201d p\u00ebr [&hellip;]<\/p>\n","protected":false},"author":1,"featured_media":0,"comment_status":"open","ping_status":"closed","sticky":false,"template":"","format":"standard","meta":{"footnotes":""},"categories":[2],"tags":[],"class_list":{"0":"post-12025","1":"post","2":"type-post","3":"status-publish","4":"format-standard","6":"category-artikuj"},"yoast_head":"<!-- This site is optimized with the Yoast SEO plugin v27.4 - https:\/\/yoast.com\/product\/yoast-seo-wordpress\/ -->\n<title>Diktatori Sali Berisha, m\u00eb i \u201cblinduar\u201d se Gedaf, Asad dhe bosi i \u201cCOSA NOSTRA\u201d - FjALA e LIR\u00cb - Arkivi<\/title>\n<meta name=\"robots\" content=\"index, follow, max-snippet:-1, max-image-preview:large, max-video-preview:-1\" \/>\n<link rel=\"canonical\" href=\"https:\/\/fjala.info\/2009-2015\/diktatori-sali-berisha-me-i-blinduar-se-gedaf-asad-dhe-bosi-i-cosa-nostra\/\" \/>\n<meta property=\"og:locale\" content=\"sq_AL\" \/>\n<meta property=\"og:type\" content=\"article\" \/>\n<meta property=\"og:title\" content=\"Diktatori Sali Berisha, m\u00eb i \u201cblinduar\u201d se Gedaf, Asad dhe bosi i \u201cCOSA NOSTRA\u201d - FjALA e LIR\u00cb - Arkivi\" \/>\n<meta property=\"og:description\" content=\"Nga P\u00ebrparim Halili, 20 Gusht 2012 Kryeministri Sali Berisha, \u00ebsht\u00eb personi q\u00eb po \u201cp\u00ebllet\u201d m\u00eb tep\u00ebr p\u00ebr gjoja heqjen e imuniteteve e t\u00eb \u201cmburojtes\u201d zyrtare. Pas 20 vitesh me imunitete dhe super-mburoja fizike shtet\u00ebrore e private prej \u201cSulltani\u201d, p\u00ebrdhos\u00ebsi m\u00eb ekstrem i imunitetit n\u00eb raport me drejt\u00ebsin\u00eb, ka dal\u00eb e po na \u201cjep leksione\u201d p\u00ebr [&hellip;]\" \/>\n<meta property=\"og:url\" content=\"https:\/\/fjala.info\/2009-2015\/diktatori-sali-berisha-me-i-blinduar-se-gedaf-asad-dhe-bosi-i-cosa-nostra\/\" \/>\n<meta property=\"og:site_name\" content=\"FjALA e LIR\u00cb - Arkivi\" \/>\n<meta property=\"article:published_time\" content=\"2012-08-20T20:20:13+00:00\" \/>\n<meta property=\"og:image\" content=\"http:\/\/www.fjala.info\/2012\/sali_berisha_real.jpg\" \/>\n<meta name=\"author\" content=\"admin\" \/>\n<meta name=\"twitter:card\" content=\"summary_large_image\" \/>\n<meta name=\"twitter:label1\" content=\"Written by\" \/>\n\t<meta name=\"twitter:data1\" content=\"admin\" \/>\n\t<meta name=\"twitter:label2\" content=\"Est. reading time\" \/>\n\t<meta name=\"twitter:data2\" content=\"6 minutes\" \/>\n<script type=\"application\/ld+json\" class=\"yoast-schema-graph\">{\"@context\":\"https:\\\/\\\/schema.org\",\"@graph\":[{\"@type\":\"Article\",\"@id\":\"https:\\\/\\\/fjala.info\\\/2009-2015\\\/diktatori-sali-berisha-me-i-blinduar-se-gedaf-asad-dhe-bosi-i-cosa-nostra\\\/#article\",\"isPartOf\":{\"@id\":\"https:\\\/\\\/fjala.info\\\/2009-2015\\\/diktatori-sali-berisha-me-i-blinduar-se-gedaf-asad-dhe-bosi-i-cosa-nostra\\\/\"},\"author\":{\"name\":\"admin\",\"@id\":\"https:\\\/\\\/fjala.info\\\/2009-2015\\\/#\\\/schema\\\/person\\\/3aa1163ef05469c496fc94e77611ada2\"},\"headline\":\"Diktatori Sali Berisha, m\u00eb i \u201cblinduar\u201d se Gedaf, Asad dhe bosi i \u201cCOSA NOSTRA\u201d\",\"datePublished\":\"2012-08-20T20:20:13+00:00\",\"mainEntityOfPage\":{\"@id\":\"https:\\\/\\\/fjala.info\\\/2009-2015\\\/diktatori-sali-berisha-me-i-blinduar-se-gedaf-asad-dhe-bosi-i-cosa-nostra\\\/\"},\"wordCount\":1292,\"commentCount\":0,\"publisher\":{\"@id\":\"https:\\\/\\\/fjala.info\\\/2009-2015\\\/#organization\"},\"image\":{\"@id\":\"https:\\\/\\\/fjala.info\\\/2009-2015\\\/diktatori-sali-berisha-me-i-blinduar-se-gedaf-asad-dhe-bosi-i-cosa-nostra\\\/#primaryimage\"},\"thumbnailUrl\":\"http:\\\/\\\/www.fjala.info\\\/2012\\\/sali_berisha_real.jpg\",\"articleSection\":[\"Artikuj\"],\"inLanguage\":\"sq-AL\",\"potentialAction\":[{\"@type\":\"CommentAction\",\"name\":\"Comment\",\"target\":[\"https:\\\/\\\/fjala.info\\\/2009-2015\\\/diktatori-sali-berisha-me-i-blinduar-se-gedaf-asad-dhe-bosi-i-cosa-nostra\\\/#respond\"]}]},{\"@type\":\"WebPage\",\"@id\":\"https:\\\/\\\/fjala.info\\\/2009-2015\\\/diktatori-sali-berisha-me-i-blinduar-se-gedaf-asad-dhe-bosi-i-cosa-nostra\\\/\",\"url\":\"https:\\\/\\\/fjala.info\\\/2009-2015\\\/diktatori-sali-berisha-me-i-blinduar-se-gedaf-asad-dhe-bosi-i-cosa-nostra\\\/\",\"name\":\"Diktatori Sali Berisha, m\u00eb i \u201cblinduar\u201d se Gedaf, Asad dhe bosi i \u201cCOSA NOSTRA\u201d - FjALA e LIR\u00cb - Arkivi\",\"isPartOf\":{\"@id\":\"https:\\\/\\\/fjala.info\\\/2009-2015\\\/#website\"},\"primaryImageOfPage\":{\"@id\":\"https:\\\/\\\/fjala.info\\\/2009-2015\\\/diktatori-sali-berisha-me-i-blinduar-se-gedaf-asad-dhe-bosi-i-cosa-nostra\\\/#primaryimage\"},\"image\":{\"@id\":\"https:\\\/\\\/fjala.info\\\/2009-2015\\\/diktatori-sali-berisha-me-i-blinduar-se-gedaf-asad-dhe-bosi-i-cosa-nostra\\\/#primaryimage\"},\"thumbnailUrl\":\"http:\\\/\\\/www.fjala.info\\\/2012\\\/sali_berisha_real.jpg\",\"datePublished\":\"2012-08-20T20:20:13+00:00\",\"breadcrumb\":{\"@id\":\"https:\\\/\\\/fjala.info\\\/2009-2015\\\/diktatori-sali-berisha-me-i-blinduar-se-gedaf-asad-dhe-bosi-i-cosa-nostra\\\/#breadcrumb\"},\"inLanguage\":\"sq-AL\",\"potentialAction\":[{\"@type\":\"ReadAction\",\"target\":[\"https:\\\/\\\/fjala.info\\\/2009-2015\\\/diktatori-sali-berisha-me-i-blinduar-se-gedaf-asad-dhe-bosi-i-cosa-nostra\\\/\"]}]},{\"@type\":\"ImageObject\",\"inLanguage\":\"sq-AL\",\"@id\":\"https:\\\/\\\/fjala.info\\\/2009-2015\\\/diktatori-sali-berisha-me-i-blinduar-se-gedaf-asad-dhe-bosi-i-cosa-nostra\\\/#primaryimage\",\"url\":\"http:\\\/\\\/www.fjala.info\\\/2012\\\/sali_berisha_real.jpg\",\"contentUrl\":\"http:\\\/\\\/www.fjala.info\\\/2012\\\/sali_berisha_real.jpg\"},{\"@type\":\"BreadcrumbList\",\"@id\":\"https:\\\/\\\/fjala.info\\\/2009-2015\\\/diktatori-sali-berisha-me-i-blinduar-se-gedaf-asad-dhe-bosi-i-cosa-nostra\\\/#breadcrumb\",\"itemListElement\":[{\"@type\":\"ListItem\",\"position\":1,\"name\":\"Home\",\"item\":\"https:\\\/\\\/fjala.info\\\/2009-2015\\\/\"},{\"@type\":\"ListItem\",\"position\":2,\"name\":\"Diktatori Sali Berisha, m\u00eb i \u201cblinduar\u201d se Gedaf, Asad dhe bosi i \u201cCOSA NOSTRA\u201d\"}]},{\"@type\":\"WebSite\",\"@id\":\"https:\\\/\\\/fjala.info\\\/2009-2015\\\/#website\",\"url\":\"https:\\\/\\\/fjala.info\\\/2009-2015\\\/\",\"name\":\"FjALA e LIR\u00cb - Arkivi\",\"description\":\"Arkivi 2009-2015\",\"publisher\":{\"@id\":\"https:\\\/\\\/fjala.info\\\/2009-2015\\\/#organization\"},\"potentialAction\":[{\"@type\":\"SearchAction\",\"target\":{\"@type\":\"EntryPoint\",\"urlTemplate\":\"https:\\\/\\\/fjala.info\\\/2009-2015\\\/?s={search_term_string}\"},\"query-input\":{\"@type\":\"PropertyValueSpecification\",\"valueRequired\":true,\"valueName\":\"search_term_string\"}}],\"inLanguage\":\"sq-AL\"},{\"@type\":\"Organization\",\"@id\":\"https:\\\/\\\/fjala.info\\\/2009-2015\\\/#organization\",\"name\":\"FjALA e LIR\u00cb - Arkivi\",\"url\":\"https:\\\/\\\/fjala.info\\\/2009-2015\\\/\",\"logo\":{\"@type\":\"ImageObject\",\"inLanguage\":\"sq-AL\",\"@id\":\"https:\\\/\\\/fjala.info\\\/2009-2015\\\/#\\\/schema\\\/logo\\\/image\\\/\",\"url\":\"\",\"contentUrl\":\"\",\"caption\":\"FjALA e LIR\u00cb - Arkivi\"},\"image\":{\"@id\":\"https:\\\/\\\/fjala.info\\\/2009-2015\\\/#\\\/schema\\\/logo\\\/image\\\/\"}},{\"@type\":\"Person\",\"@id\":\"https:\\\/\\\/fjala.info\\\/2009-2015\\\/#\\\/schema\\\/person\\\/3aa1163ef05469c496fc94e77611ada2\",\"name\":\"admin\",\"image\":{\"@type\":\"ImageObject\",\"inLanguage\":\"sq-AL\",\"@id\":\"https:\\\/\\\/fjala.info\\\/2009-2015\\\/wp-content\\\/uploads\\\/2012\\\/02\\\/arben_cokaj-120x150.jpg\",\"url\":\"https:\\\/\\\/fjala.info\\\/2009-2015\\\/wp-content\\\/uploads\\\/2012\\\/02\\\/arben_cokaj-120x150.jpg\",\"contentUrl\":\"https:\\\/\\\/fjala.info\\\/2009-2015\\\/wp-content\\\/uploads\\\/2012\\\/02\\\/arben_cokaj-120x150.jpg\",\"caption\":\"admin\"},\"description\":\"Admin, Fjala e Lir\u00eb\",\"sameAs\":[\"https:\\\/\\\/fjala.info\\\/\"],\"url\":\"https:\\\/\\\/fjala.info\\\/2009-2015\\\/author\\\/admin\\\/\"}]}<\/script>\n<!-- \/ Yoast SEO plugin. -->","yoast_head_json":{"title":"Diktatori Sali Berisha, m\u00eb i \u201cblinduar\u201d se Gedaf, Asad dhe bosi i \u201cCOSA NOSTRA\u201d - FjALA e LIR\u00cb - Arkivi","robots":{"index":"index","follow":"follow","max-snippet":"max-snippet:-1","max-image-preview":"max-image-preview:large","max-video-preview":"max-video-preview:-1"},"canonical":"https:\/\/fjala.info\/2009-2015\/diktatori-sali-berisha-me-i-blinduar-se-gedaf-asad-dhe-bosi-i-cosa-nostra\/","og_locale":"sq_AL","og_type":"article","og_title":"Diktatori Sali Berisha, m\u00eb i \u201cblinduar\u201d se Gedaf, Asad dhe bosi i \u201cCOSA NOSTRA\u201d - FjALA e LIR\u00cb - Arkivi","og_description":"Nga P\u00ebrparim Halili, 20 Gusht 2012 Kryeministri Sali Berisha, \u00ebsht\u00eb personi q\u00eb po \u201cp\u00ebllet\u201d m\u00eb tep\u00ebr p\u00ebr gjoja heqjen e imuniteteve e t\u00eb \u201cmburojtes\u201d zyrtare. Pas 20 vitesh me imunitete dhe super-mburoja fizike shtet\u00ebrore e private prej \u201cSulltani\u201d, p\u00ebrdhos\u00ebsi m\u00eb ekstrem i imunitetit n\u00eb raport me drejt\u00ebsin\u00eb, ka dal\u00eb e po na \u201cjep leksione\u201d p\u00ebr [&hellip;]","og_url":"https:\/\/fjala.info\/2009-2015\/diktatori-sali-berisha-me-i-blinduar-se-gedaf-asad-dhe-bosi-i-cosa-nostra\/","og_site_name":"FjALA e LIR\u00cb - Arkivi","article_published_time":"2012-08-20T20:20:13+00:00","og_image":[{"url":"http:\/\/www.fjala.info\/2012\/sali_berisha_real.jpg","type":"","width":"","height":""}],"author":"admin","twitter_card":"summary_large_image","twitter_misc":{"Written by":"admin","Est. reading time":"6 minutes"},"schema":{"@context":"https:\/\/schema.org","@graph":[{"@type":"Article","@id":"https:\/\/fjala.info\/2009-2015\/diktatori-sali-berisha-me-i-blinduar-se-gedaf-asad-dhe-bosi-i-cosa-nostra\/#article","isPartOf":{"@id":"https:\/\/fjala.info\/2009-2015\/diktatori-sali-berisha-me-i-blinduar-se-gedaf-asad-dhe-bosi-i-cosa-nostra\/"},"author":{"name":"admin","@id":"https:\/\/fjala.info\/2009-2015\/#\/schema\/person\/3aa1163ef05469c496fc94e77611ada2"},"headline":"Diktatori Sali Berisha, m\u00eb i \u201cblinduar\u201d se Gedaf, Asad dhe bosi i \u201cCOSA NOSTRA\u201d","datePublished":"2012-08-20T20:20:13+00:00","mainEntityOfPage":{"@id":"https:\/\/fjala.info\/2009-2015\/diktatori-sali-berisha-me-i-blinduar-se-gedaf-asad-dhe-bosi-i-cosa-nostra\/"},"wordCount":1292,"commentCount":0,"publisher":{"@id":"https:\/\/fjala.info\/2009-2015\/#organization"},"image":{"@id":"https:\/\/fjala.info\/2009-2015\/diktatori-sali-berisha-me-i-blinduar-se-gedaf-asad-dhe-bosi-i-cosa-nostra\/#primaryimage"},"thumbnailUrl":"http:\/\/www.fjala.info\/2012\/sali_berisha_real.jpg","articleSection":["Artikuj"],"inLanguage":"sq-AL","potentialAction":[{"@type":"CommentAction","name":"Comment","target":["https:\/\/fjala.info\/2009-2015\/diktatori-sali-berisha-me-i-blinduar-se-gedaf-asad-dhe-bosi-i-cosa-nostra\/#respond"]}]},{"@type":"WebPage","@id":"https:\/\/fjala.info\/2009-2015\/diktatori-sali-berisha-me-i-blinduar-se-gedaf-asad-dhe-bosi-i-cosa-nostra\/","url":"https:\/\/fjala.info\/2009-2015\/diktatori-sali-berisha-me-i-blinduar-se-gedaf-asad-dhe-bosi-i-cosa-nostra\/","name":"Diktatori Sali Berisha, m\u00eb i \u201cblinduar\u201d se Gedaf, Asad dhe bosi i \u201cCOSA NOSTRA\u201d - FjALA e LIR\u00cb - Arkivi","isPartOf":{"@id":"https:\/\/fjala.info\/2009-2015\/#website"},"primaryImageOfPage":{"@id":"https:\/\/fjala.info\/2009-2015\/diktatori-sali-berisha-me-i-blinduar-se-gedaf-asad-dhe-bosi-i-cosa-nostra\/#primaryimage"},"image":{"@id":"https:\/\/fjala.info\/2009-2015\/diktatori-sali-berisha-me-i-blinduar-se-gedaf-asad-dhe-bosi-i-cosa-nostra\/#primaryimage"},"thumbnailUrl":"http:\/\/www.fjala.info\/2012\/sali_berisha_real.jpg","datePublished":"2012-08-20T20:20:13+00:00","breadcrumb":{"@id":"https:\/\/fjala.info\/2009-2015\/diktatori-sali-berisha-me-i-blinduar-se-gedaf-asad-dhe-bosi-i-cosa-nostra\/#breadcrumb"},"inLanguage":"sq-AL","potentialAction":[{"@type":"ReadAction","target":["https:\/\/fjala.info\/2009-2015\/diktatori-sali-berisha-me-i-blinduar-se-gedaf-asad-dhe-bosi-i-cosa-nostra\/"]}]},{"@type":"ImageObject","inLanguage":"sq-AL","@id":"https:\/\/fjala.info\/2009-2015\/diktatori-sali-berisha-me-i-blinduar-se-gedaf-asad-dhe-bosi-i-cosa-nostra\/#primaryimage","url":"http:\/\/www.fjala.info\/2012\/sali_berisha_real.jpg","contentUrl":"http:\/\/www.fjala.info\/2012\/sali_berisha_real.jpg"},{"@type":"BreadcrumbList","@id":"https:\/\/fjala.info\/2009-2015\/diktatori-sali-berisha-me-i-blinduar-se-gedaf-asad-dhe-bosi-i-cosa-nostra\/#breadcrumb","itemListElement":[{"@type":"ListItem","position":1,"name":"Home","item":"https:\/\/fjala.info\/2009-2015\/"},{"@type":"ListItem","position":2,"name":"Diktatori Sali Berisha, m\u00eb i \u201cblinduar\u201d se Gedaf, Asad dhe bosi i \u201cCOSA NOSTRA\u201d"}]},{"@type":"WebSite","@id":"https:\/\/fjala.info\/2009-2015\/#website","url":"https:\/\/fjala.info\/2009-2015\/","name":"FjALA e LIR\u00cb - Arkivi","description":"Arkivi 2009-2015","publisher":{"@id":"https:\/\/fjala.info\/2009-2015\/#organization"},"potentialAction":[{"@type":"SearchAction","target":{"@type":"EntryPoint","urlTemplate":"https:\/\/fjala.info\/2009-2015\/?s={search_term_string}"},"query-input":{"@type":"PropertyValueSpecification","valueRequired":true,"valueName":"search_term_string"}}],"inLanguage":"sq-AL"},{"@type":"Organization","@id":"https:\/\/fjala.info\/2009-2015\/#organization","name":"FjALA e LIR\u00cb - Arkivi","url":"https:\/\/fjala.info\/2009-2015\/","logo":{"@type":"ImageObject","inLanguage":"sq-AL","@id":"https:\/\/fjala.info\/2009-2015\/#\/schema\/logo\/image\/","url":"","contentUrl":"","caption":"FjALA e LIR\u00cb - Arkivi"},"image":{"@id":"https:\/\/fjala.info\/2009-2015\/#\/schema\/logo\/image\/"}},{"@type":"Person","@id":"https:\/\/fjala.info\/2009-2015\/#\/schema\/person\/3aa1163ef05469c496fc94e77611ada2","name":"admin","image":{"@type":"ImageObject","inLanguage":"sq-AL","@id":"https:\/\/fjala.info\/2009-2015\/wp-content\/uploads\/2012\/02\/arben_cokaj-120x150.jpg","url":"https:\/\/fjala.info\/2009-2015\/wp-content\/uploads\/2012\/02\/arben_cokaj-120x150.jpg","contentUrl":"https:\/\/fjala.info\/2009-2015\/wp-content\/uploads\/2012\/02\/arben_cokaj-120x150.jpg","caption":"admin"},"description":"Admin, Fjala e Lir\u00eb","sameAs":["https:\/\/fjala.info\/"],"url":"https:\/\/fjala.info\/2009-2015\/author\/admin\/"}]}},"_links":{"self":[{"href":"https:\/\/fjala.info\/2009-2015\/wp-json\/wp\/v2\/posts\/12025","targetHints":{"allow":["GET"]}}],"collection":[{"href":"https:\/\/fjala.info\/2009-2015\/wp-json\/wp\/v2\/posts"}],"about":[{"href":"https:\/\/fjala.info\/2009-2015\/wp-json\/wp\/v2\/types\/post"}],"author":[{"embeddable":true,"href":"https:\/\/fjala.info\/2009-2015\/wp-json\/wp\/v2\/users\/1"}],"replies":[{"embeddable":true,"href":"https:\/\/fjala.info\/2009-2015\/wp-json\/wp\/v2\/comments?post=12025"}],"version-history":[{"count":0,"href":"https:\/\/fjala.info\/2009-2015\/wp-json\/wp\/v2\/posts\/12025\/revisions"}],"wp:attachment":[{"href":"https:\/\/fjala.info\/2009-2015\/wp-json\/wp\/v2\/media?parent=12025"}],"wp:term":[{"taxonomy":"category","embeddable":true,"href":"https:\/\/fjala.info\/2009-2015\/wp-json\/wp\/v2\/categories?post=12025"},{"taxonomy":"post_tag","embeddable":true,"href":"https:\/\/fjala.info\/2009-2015\/wp-json\/wp\/v2\/tags?post=12025"}],"curies":[{"name":"wp","href":"https:\/\/api.w.org\/{rel}","templated":true}]}}