{"id":12024,"date":"2012-08-20T18:33:59","date_gmt":"2012-08-20T17:33:59","guid":{"rendered":"http:\/\/www.fjala.info\/?p=4529"},"modified":"2012-08-20T18:33:59","modified_gmt":"2012-08-20T17:33:59","slug":"shpirti-i-fjales-ne-brigjet-e-bekuara-shqiptare","status":"publish","type":"post","link":"https:\/\/fjala.info\/2009-2015\/shpirti-i-fjales-ne-brigjet-e-bekuara-shqiptare\/","title":{"rendered":"Shpirti i fjal\u00ebs n\u00eb brigjet e bekuara shqiptare"},"content":{"rendered":"<p><img decoding=\"async\" class=\"alignright size-thumbnail wp-image-7236\" title=\"Izet Shala\" src=\"http:\/\/www.fjala.info\/2012\/izet_shala.jpg\" alt=\"\" width=\"200\" \/> (<em>Izet Shala, Xhepat e koh\u00ebs, Amanda Edit, Bukuresht 2012<\/em>)<\/p>\n<p>K\u00ebshtu duket sot, n\u00eb syt\u00eb e disave, nj\u00eb dhunti hyjnore q\u00eb preferon dashurin\u00eb, atdhetarizmin, apo patriotizmin. P\u00ebr t\u00eb tjer\u00ebt, p\u00ebr ata q\u00eb e njohin Izet Shal\u00ebn me k\u00ebt\u00eb v\u00ebllim vlerash t\u00eb ve\u00e7anta, mund t\u00eb krijojn\u00eb t\u00eb nj\u00ebjt\u00ebn p\u00ebrshtypje, se kombi yt p\u00ebrfaq\u00ebson esenc\u00ebn, respektivisht thelbin e jet\u00ebs. Para nesh kemi subject dhe emra vendesh e personazhesh nga historia e shqiptar\u00ebve t\u00eb bekuar me gjakun e shenjt\u00eb t\u00eb Gjergj Kastriotit.<\/p>\n<p><strong>Baki Ymeri<\/strong><\/p>\n<p>Shumica e poet\u00ebve tan\u00eb nga diaspora shqiptare dhe Kosova historike (n\u00eb veri e jug t\u00eb Sharrit), aspirojn\u00eb konstrukcione vargjesh kushtuar atdheut, duke tentuar t\u00eb p\u00ebrfshijn\u00eb hap\u00ebsira t\u00eb gjera frym\u00ebzimesh, p\u00ebr t\u00eb krijuar sh\u00ebmb\u00eblltyr\u00ebn e nj\u00eb etjeje t\u00eb pashuar p\u00ebr liri, pavar\u00ebsi dhe bashkim komb\u00ebtar. I k\u00ebtill\u00eb na duket edhe Izet Shala. V\u00ebllimi i tij m\u00eb ri (Xhepat e koh\u00ebs \/ Buzunarele timpului), tubon nj\u00eb gam\u00eb tekstesh lirike, t\u00eb inspiruara, realiste dhe interesante, ku defilon Flaka e Liris\u00eb (Flac\u0103ra Libert\u0103\u0163ii), Marshi p\u00ebr Kosov\u00ebn, Lisi me dy plisa, Sekreti Nacional, Shtegtim shpresash, Bukuria q\u00eb vret, Prrush nd\u00ebr shekuj, N\u00eb flak\u00ebn e shkrimeve t\u00eb mia, Kronik\u00eb legjendash t\u00eb reja, Durimi, Vazhdon k\u00ebnga ime etj.<\/p>\n<p><img decoding=\"async\" class=\"aligncenter size-thumbnail wp-image-7236\" title=\"Izet Shala - Xhepat e koh\u00ebs\" src=\"http:\/\/www.fjala.info\/2012\/ish_xhepat_e_kohes.jpg\" alt=\"\" width=\"450\" \/><\/p>\n<p>L\u00ebnda e librit t\u00eb Izet Shal\u00ebs n\u00eb gjuh\u00ebn rumune d\u00ebshmon se ka talent, imagjinat\u00eb dhe guximin e domosdosh\u00ebm, p\u00ebr t\u00eb milituar edhe p\u00ebrmes poezis\u00eb, p\u00ebr nj\u00eb kauz\u00eb t\u00eb shenjt\u00eb: rikrijimi i Shqip\u00ebris\u00eb s\u00eb bashkuar, si\u00e7 e \u00ebnd\u00ebrronin rilind\u00ebsit tan\u00eb. Nj\u00eb subjekt i k\u00ebtill\u00eb nuk \u00ebsht\u00eb i panjohur p\u00ebr opinionin shqiptar, por kur b\u00ebhet publik edhe n\u00eb nj\u00eb gjuh\u00eb t\u00eb huaj, kjo zgjon kurreshtjen e miqve tan\u00eb p\u00ebr ta njohur \u00e7\u00ebshtjen shqiptare n\u00eb drit\u00ebn e s\u00eb v\u00ebrtet\u00ebs. P\u00ebr k\u00ebt\u00eb flet edhe poeti dhe kritiku i njohur rumun, Marius Chelaru (shq. Qelaru), n\u00eb parath\u00ebnien e v\u00ebllimit dygjuh\u00ebsh (Xhepat e koh\u00ebs), q\u00eb e pa k\u00ebto dit\u00eb drit\u00ebn e botimit n\u00eb Bukuresht. Po ia japim fjal\u00ebn:<\/p>\n<p><strong>E tanishmja dhe ardhm\u00ebria, vlastar\u00eb t\u00eb s\u00eb shkuar\u00ebs<\/strong><\/p>\n<p>Bota ka p\u00ebrshkuar nj\u00eb rrug\u00eb interesante, plot e p\u00ebrplot kthesash t\u00eb pakufishme, n\u00eb nd\u00ebrkoh\u00eb duke u fanitur nynca tjera, drita tjera q\u00eb hedhin nj\u00eb hije tjet\u00ebr. K\u00ebshtusoj, shpesh her\u00eb, ajo q\u00eb n\u00eb nj\u00eb moment t\u00eb dh\u00ebn\u00eb dukej nj\u00eb \u201cnyje\u201d, nj\u00eb pik\u00ebnisje nga e cila mund t\u00eb shkohet nga m\u00eb e mira, n\u00eb nj\u00eb pik\u00eb tjet\u00ebr, m\u00eb von\u00eb, fanitej nj\u00eb blasfemi, e konsideruar k\u00ebshtusoj si nj\u00eb fush\u00eb e s\u00eb shkuar\u00ebs, di\u00e7ka retrograde, apo, madje, e d\u00ebmshme. K\u00ebshtu duket sot, n\u00eb syt\u00eb e disave, nj\u00eb dhunti hyjnore q\u00eb preferon dashurin\u00eb, atdhetarizmin, apo patriotizmin.<\/p>\n<p>P\u00ebr t\u00eb tjer\u00ebt, p\u00ebr ata q\u00eb e njohin Izet Shal\u00ebn me k\u00ebt\u00eb v\u00ebllim vlerash t\u00eb ve\u00e7anta, mund t\u00eb krijojn\u00eb t\u00eb nj\u00ebjt\u00ebn p\u00ebrshtypje, se kombi yt p\u00ebrfaq\u00ebson esenc\u00ebn, respektivisht thelbin e jet\u00ebs. Ngase, shkruan autori, nuk digjen shkronjat shqiptare, as nuk vriten, as nuk priten, \u201cAto kan\u00eb kund\u00ebrmimin e Liris\u00eb\u201d. N\u00eb k\u00ebt\u00eb kontekst, ndoshta mund t\u00eb flasim edhe p\u00ebr nj\u00eb autor t\u00eb \u201cangazhuar\u201d, po qe se i deshifrojm\u00eb k\u00ebto fjal\u00eb: \u201cD\u00ebrgoni porosin\u00eb, se Kosova \u00ebsht\u00eb Shqip\u00ebri\u201d, apo tekste si: \u201cN\u00eb flak\u00ebn e shkrimeve t\u00eb mia, Viti i melodis\u00eb komb\u00ebtare, etj.<\/p>\n<p>Izet Shala vjen nga nj\u00eb rajon q\u00eb ka p\u00ebrjetuar konflikte t\u00eb tmerrshme gjat\u00eb viteve t\u00eb fundit t\u00eb shekullit t\u00eb shkuar. E kundruar nga bota e jashtme, \u201cdrejt\u00ebsia\u201d mund t\u00eb duket si nj\u00eb pasqyr\u00eb me m\u00eb shum\u00eb faqe. M\u00eb poezin\u00eb \u201cHapat e babait tim\u201d, autori trason shtigjet e admirimit duke u nisur nga dashuria ndaj familjes s\u00eb tij: \u201cP\u00ebr t\u00eb sat\u00ebn her\u00eb nisem\/ Hapave t\u00eb babait tim\/ Dhe jo rikthim\/ Hapat e mi dhe t\u00eb babait\/ Jan\u00eb vazhdim\u00ebsi e bekuar\/ P\u00ebr t\u00eb arritur\/ N\u00eb kulmin e piramid\u00ebs\/ Tremij\u00eb vjet rrug\u00ebtim\/ Hapave t\u00eb babait eca un\u00eb\/ Dhe tani pas hapave t\u00eb mi\/ Dhe babait tim\/ Ec biri im\u2026\u201d Kushdo q\u00eb do t\u00eb arrinte n\u00eb ato brigje t\u00eb bekuara shqiptare, do t\u00eb p\u00ebrpiqej t\u00eb flas\u00eb me njer\u00ebzit, p\u00ebr t\u00eb kuptuar tejmatan\u00eb fjal\u00ebve dhe klisheve, se mund t\u00eb shoh\u00eb n\u00ebse e kan\u00eb zemr\u00ebn e hapur, nj\u00ebsoj si gjith\u00eb ato faqe pasqyrash q\u00eb e p\u00ebrb\u00ebjn\u00eb spektrin e popujve n\u00eb k\u00ebt\u00eb bot\u00eb.<\/p>\n<p>Nga nj\u00eb analiz\u00eb e par\u00eb, duket se ana m\u00eb e mire e teksteve t\u00eb k\u00ebtij v\u00ebllimi, \u00ebsht\u00eb e lidhur me dashurin\u00eb p\u00ebr komb e atdhe, p\u00ebr shpirtin q\u00eb e mb\u00eblton n\u00eb fjal\u00ebt e tij, nga t\u00eb cilat krijon konstrukcione t\u00eb versifikuara, disa her\u00eb tejet t\u00eb p\u00ebrsosura, her\u00eb tjera duke prur\u00eb ndonj\u00eb hulumtim t\u00eb ri. Para nesh kemi subjekte dhe emra vendesh e personazhesh nga historia e shqiptar\u00ebve t\u00eb bekuar me gjakun e shenjt\u00eb t\u00eb Gjergj Kastriotit (Fusha e Mjellmave, Fusha e Himar\u00ebs, Iliria, Dardania, Isa Boletini, Rozafata, Gjergj Fishta etj.), jan\u00eb t\u00eb evokuara aq shpesh, e t\u00eb ftuara thuajse n\u00eb mb\u00ebshtetje t\u00eb idealeve t\u00eb shenjta komb\u00ebtare, duke ta p\u00ebrkujtuar k\u00ebng\u00ebn e Isa Boletinit, apo etjen e paskajshme p\u00ebr ta par\u00eb K\u00ebshtjell\u00ebn e Rozaf\u00ebs, Muzeun e Kruj\u00ebs, sht\u00ebpin\u00eb e Fisht\u00ebs etj.<\/p>\n<p>Nga pik\u00ebshikimi letrar i frazimit apo t\u00eb shprehjes, \u00ebsht\u00eb nj\u00eb diskutim m\u00eb i gjat\u00eb, v\u00ebllimi duke patur edhe disa metafora tejet t\u00eb q\u00eblluara, paralelisht me p\u00ebrfytyrime dhe p\u00ebrkime fjal\u00ebsh interesante. Gjenden n\u00eb k\u00ebt\u00eb konteskt edhe \u201ck\u00ebrkime\u201d, pohime, sentenca, \u201cudh\u00ebzime\u201d, por edhe shprehje vlerash t\u00eb rralla poetike n\u00eb tekstet e Izet Shal\u00ebs, si ato ku me laps grafiti \u201cVriten f\u00ebmij\u00ebt e gjakut tim\u201d, apo, \u201cFjala heshtje varri\/ E ky\u00e7ur me lule artificiale\u201d. V\u00ebllimi \u201cXhepat e koh\u00ebs\u201d, i rik\u00ebnduar n\u00eb gjuh\u00ebn rumune nga nj\u00eb aristokrat i kultur\u00ebs shqiptare (B. Y.), \u00ebsht\u00eb strukturuar n\u00eb tre deg\u00eb: \u201cLulet q\u00eb nuk flasin\u201d, p\u00ebr t\u00eb cilin fola deri tani, \u201cPoezia \u2013 art filozofik\u201d, dhe \u201cKitara\u201d. N\u00eb pjes\u00ebn e dyt\u00eb gjenden poema, m\u00eb pak komparative, q\u00eb ta p\u00ebrkujtojn\u00eb p\u00ebrmbajtjen e kapitullit t\u00eb par\u00eb, si: Copa jete, Vazhdon k\u00ebnga ime, Tani i p\u00ebrkas atdheut, Shtegtim, Kronika e legjendave t\u00eb reja, por edhe vjersha tjera, si: Xhepat e koh\u00ebs, Un\u00eb jam un\u00eb, Klithje, Filozofia ime etj., poezi t\u00eb bukura q\u00eb e tejkalojn\u00eb k\u00ebt\u00eb fush\u00eb tematike.<\/p>\n<p>N\u00ebse bie fjala t\u00eb zgjedhim di\u00e7ka q\u00eb i bashkon tekstet e k\u00ebtij v\u00ebllimi, at\u00ebher\u00eb ndoshta do t\u00eb mb\u00ebshtesnim opcionin mbi iden\u00eb e kontinuitetit, duke kundruar p\u00ebrmes \u201cxhepave t\u00eb koh\u00ebs\u201d t\u00eb tanishmen dhe ardhm\u00ebrin\u00eb, si do vlastar\u00eb t\u00eb s\u00eb shkuar\u00ebs, duke u bazuar n\u00eb iden\u00eb e nj\u00eb vazhdim\u00ebsie t\u00eb p\u00ebrfytyruar dhe t\u00eb k\u00ebnduar nga autori i k\u00ebsaj vepre, q\u00eb t\u00eb josh ta lexosh dhe rilexosh. N\u00eb k\u00ebt\u00eb drejtim, nj\u00eb tekst p\u00ebrcaktues, nga m\u00eb shum\u00eb pik\u00ebshikime, do t\u00eb thoja, sipas pik\u00ebshikimit tim, se poezia q\u00eb e vulos vler\u00ebn e k\u00ebtij libri, \u00ebsht\u00eb \u201cHapat e babait tim\u201d. Duke p\u00ebrfunduar, vlen t\u00eb theksojm\u00eb se Izet Shala \u00ebsht\u00eb nj\u00eb autor i sinqert\u00eb dhe i ndersh\u00ebm, p\u00ebr t\u00eb cilin t\u00eb shkruash don t\u00eb thot\u00eb t\u00eb jesh i bindsh\u00ebm dhe besnik ndaj atdheut, me rrethanat q\u00eb t\u2019i mund\u00ebson dhe q\u00eb i ke n\u00eb disponim. Me nj\u00eb fjal\u00eb, t\u2019i besosh historis\u00eb, tanishm\u00ebris\u00eb dhe ardhm\u00ebris\u00eb s\u00eb kombit tnnd, ky \u00ebsht\u00eb thelbi i aktit t\u00eb krijimtaris\u00eb. (Marius Chelaru)<\/p>\n<p><strong>BIOBIBLIOGRAFI<\/strong><\/p>\n<p>Izet Shala u lind m\u00eb 2.3.1967 n\u00eb Banj\u00eb t\u00eb komun\u00ebs s\u00eb Malishev\u00ebs. Shkoll\u00ebn fillore dhe tet\u00ebvje\u00e7aren e kreu n\u00eb vendlindje, si dhe dy vitet e para t\u00eb shkoll\u00ebs s\u00eb mesme, nd\u00ebrsa dy vitet e tjera, drejtimi Pedagogji, n\u00eb Suharek\u00eb. Shkoll\u00ebn e Lart\u00eb Pedagogjike &#8220;Xhevdet Doda\u201d, e kreu n\u00eb Prizren. Disa vjet qe arsimtar kurse nga viti 2008 \u00ebsht\u00eb drejtor shkolle n\u00eb Banj\u00eb. Ka kryer fakultetin pedagogjik n\u00eb Universitetin e Prishtin\u00ebs, si dhe studimet pasdiplomike Master, drejtimi Udh\u00ebheqja n\u00eb arsim, duke i kryer studimet posdiplomike me sukses t\u00eb lart\u00eb (2011).<\/p>\n<p>Q\u00eb nga vitet e tet\u00ebdhjeta inkuadrohet n\u00eb n\u00eb l\u00ebvizjen komb\u00ebtare, kurse nga viti 1990 n\u00eb Parlamentin Rinor, si drejtues i deg\u00ebs n\u00eb Malishev\u00eb. Krahas k\u00ebsaj ka vepruar n\u00eb L\u00ebvizjen Komb\u00ebtare p\u00ebr \u00c7lirimin e Kosov\u00ebs, n\u00eb pozita t\u00eb ndryshme si kryetar dege, an\u00ebtar i k\u00ebshillit t\u00eb p\u00ebrgjithsh\u00ebm, p\u00ebrgjegj\u00ebs i zyr\u00ebs p\u00ebr ionformim dhe an\u00ebtar i redaksis\u00ebs s\u00eb periodikut &#8220;\u00c7lirimi\u201d. N\u00eb kuad\u00ebr t\u00eb k\u00ebsaj organizate ka konkuruar p\u00ebr kandidat p\u00ebr kryetar komune t\u00eb Malishev\u00ebs dhe Deputet p\u00ebr Kuvendin e Republik\u00ebs s\u00eb Kosov\u00ebs. Vitet e \u00e7lirimit e gjet\u00ebn si Kryetar i K\u00ebshillit Komb\u00ebtar dhe politik n\u00eb fshatin Banj\u00eb, Njekoh\u00ebsisht \u00ebsht\u00eb kryetar i SHHB &#8220;N\u00ebna Tereze\u201d, n\u00eb Banj\u00eb.<\/p>\n<p>Nga veprimtaria artistike, Kryetar i klubit letrar &#8220;Fan .S.Noli\u201d, n\u00eb Banj\u00eb ku drejtonte fletushk\u00ebn &#8220;Fryma e re\u201d, gjat\u00eb viteve 1995\/1997. N\u00eb nivel Komune an\u00ebtar i redaksis\u00eb s\u00eb revist\u00ebs &#8220;P\u00ebrpjekja\u201d, 1996\/1997. M\u00eb pas nga aktivitet kultorore ka botuar tri p\u00ebrmbledhje me vargje p\u00ebr f\u00ebmij\u00eb: &#8220;Un\u00eb ua Kthej Buz\u00ebqeshjen Klubi Letrar &#8220;Tafil Kelmendi&#8221; (Malishev\u00eb), Prishtin\u00eb, 2003, &#8220;Ura Magjike e Mendush Kasnecit\u201d, Prishtin;, 2006, &#8220;Mbret\u00ebrit\u00eb e s\u00eb Nes\u00ebrmes\u201d, L\u00ebvizja Kulturore dhe Atdhetare &#8220;Rilindja Komb\u00ebtare Shqiptare 2012&#8221;, Prishtin\u00eb, 2007.<\/p>\n<p>N\u00eb antologji jan\u00eb botuar disa vjerrsha si n\u00eb librin &#8220;Zhb\u00ebrja\u201d, p\u00ebr Rifat Kukajn, nj\u00ebqind poet, nga gjth\u00eb trojet shqiptare, n\u00eb antologjin\u00eb &#8220;Agmia\u201d, me vjerrsh\u00ebn &#8220;Universin e ha miza\u201d, si dhe nj\u00eb antologji me LSHA t\u00eb Republik\u00ebs s\u00eb Shqip\u00ebris\u00eb &#8220;Dhembja e Kufirit\u201d, kurse n\u00eb dor\u00ebshkrim ka: &#8220;Nj\u00eb jet\u00eb nj\u00eb ditar\u201d, \u201cSfidat, sfidimet dhe disfatizmat n\u00eb politik\u00eb\u201d, proz\u00eb n\u00eb vargje &#8220;Universin e ha miza\u201d dhe &#8220;Erotik\u00eb e humbur\u201d. N\u00eb mitingun e poezis\u00eb, Tropoja 2011, edicioni i dyt\u00eb gjith\u00eb komb\u00ebtar, \u00ebsht\u00eb nderuar me \u00e7mimin e tret\u00eb, me poezin\u00eb &#8220;Atdheu flet\u201d. Aktualisht, q\u00eb nga viti 2007, \u00ebsht\u00eb an\u00ebtar i Lidhjes s\u00eb Shkrimtar\u00ebve t\u00eb Kosov\u00ebs dhe kryetar i L\u00ebvizjes Kulturore Atdhetare &#8220;Rilindja Komb\u00ebtare Shqiptare 2012\u201d.<\/p>\n","protected":false},"excerpt":{"rendered":"<p>(Izet Shala, Xhepat e koh\u00ebs, Amanda Edit, Bukuresht 2012) K\u00ebshtu duket sot, n\u00eb syt\u00eb e disave, nj\u00eb dhunti hyjnore q\u00eb preferon dashurin\u00eb, atdhetarizmin, apo patriotizmin. P\u00ebr t\u00eb tjer\u00ebt, p\u00ebr ata q\u00eb e njohin Izet Shal\u00ebn me k\u00ebt\u00eb v\u00ebllim vlerash t\u00eb ve\u00e7anta, mund t\u00eb krijojn\u00eb t\u00eb nj\u00ebjt\u00ebn p\u00ebrshtypje, se kombi yt p\u00ebrfaq\u00ebson esenc\u00ebn, respektivisht thelbin e [&hellip;]<\/p>\n","protected":false},"author":1,"featured_media":0,"comment_status":"open","ping_status":"closed","sticky":false,"template":"","format":"standard","meta":{"footnotes":""},"categories":[2,7],"tags":[],"class_list":{"0":"post-12024","1":"post","2":"type-post","3":"status-publish","4":"format-standard","6":"category-artikuj","7":"category-letersi"},"yoast_head":"<!-- This site is optimized with the Yoast SEO plugin v27.4 - https:\/\/yoast.com\/product\/yoast-seo-wordpress\/ -->\n<title>Shpirti i fjal\u00ebs n\u00eb brigjet e bekuara shqiptare - FjALA e LIR\u00cb - Arkivi<\/title>\n<meta name=\"robots\" content=\"index, follow, max-snippet:-1, max-image-preview:large, max-video-preview:-1\" \/>\n<link rel=\"canonical\" href=\"https:\/\/fjala.info\/2009-2015\/shpirti-i-fjales-ne-brigjet-e-bekuara-shqiptare\/\" \/>\n<meta property=\"og:locale\" content=\"sq_AL\" \/>\n<meta property=\"og:type\" content=\"article\" \/>\n<meta property=\"og:title\" content=\"Shpirti i fjal\u00ebs n\u00eb brigjet e bekuara shqiptare - FjALA e LIR\u00cb - Arkivi\" \/>\n<meta property=\"og:description\" content=\"(Izet Shala, Xhepat e koh\u00ebs, Amanda Edit, Bukuresht 2012) K\u00ebshtu duket sot, n\u00eb syt\u00eb e disave, nj\u00eb dhunti hyjnore q\u00eb preferon dashurin\u00eb, atdhetarizmin, apo patriotizmin. P\u00ebr t\u00eb tjer\u00ebt, p\u00ebr ata q\u00eb e njohin Izet Shal\u00ebn me k\u00ebt\u00eb v\u00ebllim vlerash t\u00eb ve\u00e7anta, mund t\u00eb krijojn\u00eb t\u00eb nj\u00ebjt\u00ebn p\u00ebrshtypje, se kombi yt p\u00ebrfaq\u00ebson esenc\u00ebn, respektivisht thelbin e [&hellip;]\" \/>\n<meta property=\"og:url\" content=\"https:\/\/fjala.info\/2009-2015\/shpirti-i-fjales-ne-brigjet-e-bekuara-shqiptare\/\" \/>\n<meta property=\"og:site_name\" content=\"FjALA e LIR\u00cb - Arkivi\" \/>\n<meta property=\"article:published_time\" content=\"2012-08-20T17:33:59+00:00\" \/>\n<meta property=\"og:image\" content=\"http:\/\/www.fjala.info\/2012\/izet_shala.jpg\" \/>\n<meta name=\"author\" content=\"admin\" \/>\n<meta name=\"twitter:card\" content=\"summary_large_image\" \/>\n<meta name=\"twitter:label1\" content=\"Written by\" \/>\n\t<meta name=\"twitter:data1\" content=\"admin\" \/>\n\t<meta name=\"twitter:label2\" content=\"Est. reading time\" \/>\n\t<meta name=\"twitter:data2\" content=\"9 minutes\" \/>\n<script type=\"application\/ld+json\" class=\"yoast-schema-graph\">{\"@context\":\"https:\\\/\\\/schema.org\",\"@graph\":[{\"@type\":\"Article\",\"@id\":\"https:\\\/\\\/fjala.info\\\/2009-2015\\\/shpirti-i-fjales-ne-brigjet-e-bekuara-shqiptare\\\/#article\",\"isPartOf\":{\"@id\":\"https:\\\/\\\/fjala.info\\\/2009-2015\\\/shpirti-i-fjales-ne-brigjet-e-bekuara-shqiptare\\\/\"},\"author\":{\"name\":\"admin\",\"@id\":\"https:\\\/\\\/fjala.info\\\/2009-2015\\\/#\\\/schema\\\/person\\\/3aa1163ef05469c496fc94e77611ada2\"},\"headline\":\"Shpirti i fjal\u00ebs n\u00eb brigjet e bekuara shqiptare\",\"datePublished\":\"2012-08-20T17:33:59+00:00\",\"mainEntityOfPage\":{\"@id\":\"https:\\\/\\\/fjala.info\\\/2009-2015\\\/shpirti-i-fjales-ne-brigjet-e-bekuara-shqiptare\\\/\"},\"wordCount\":1737,\"commentCount\":0,\"publisher\":{\"@id\":\"https:\\\/\\\/fjala.info\\\/2009-2015\\\/#organization\"},\"image\":{\"@id\":\"https:\\\/\\\/fjala.info\\\/2009-2015\\\/shpirti-i-fjales-ne-brigjet-e-bekuara-shqiptare\\\/#primaryimage\"},\"thumbnailUrl\":\"http:\\\/\\\/www.fjala.info\\\/2012\\\/izet_shala.jpg\",\"articleSection\":[\"Artikuj\",\"Let\u00ebrsi\"],\"inLanguage\":\"sq-AL\",\"potentialAction\":[{\"@type\":\"CommentAction\",\"name\":\"Comment\",\"target\":[\"https:\\\/\\\/fjala.info\\\/2009-2015\\\/shpirti-i-fjales-ne-brigjet-e-bekuara-shqiptare\\\/#respond\"]}]},{\"@type\":\"WebPage\",\"@id\":\"https:\\\/\\\/fjala.info\\\/2009-2015\\\/shpirti-i-fjales-ne-brigjet-e-bekuara-shqiptare\\\/\",\"url\":\"https:\\\/\\\/fjala.info\\\/2009-2015\\\/shpirti-i-fjales-ne-brigjet-e-bekuara-shqiptare\\\/\",\"name\":\"Shpirti i fjal\u00ebs n\u00eb brigjet e bekuara shqiptare - FjALA e LIR\u00cb - Arkivi\",\"isPartOf\":{\"@id\":\"https:\\\/\\\/fjala.info\\\/2009-2015\\\/#website\"},\"primaryImageOfPage\":{\"@id\":\"https:\\\/\\\/fjala.info\\\/2009-2015\\\/shpirti-i-fjales-ne-brigjet-e-bekuara-shqiptare\\\/#primaryimage\"},\"image\":{\"@id\":\"https:\\\/\\\/fjala.info\\\/2009-2015\\\/shpirti-i-fjales-ne-brigjet-e-bekuara-shqiptare\\\/#primaryimage\"},\"thumbnailUrl\":\"http:\\\/\\\/www.fjala.info\\\/2012\\\/izet_shala.jpg\",\"datePublished\":\"2012-08-20T17:33:59+00:00\",\"breadcrumb\":{\"@id\":\"https:\\\/\\\/fjala.info\\\/2009-2015\\\/shpirti-i-fjales-ne-brigjet-e-bekuara-shqiptare\\\/#breadcrumb\"},\"inLanguage\":\"sq-AL\",\"potentialAction\":[{\"@type\":\"ReadAction\",\"target\":[\"https:\\\/\\\/fjala.info\\\/2009-2015\\\/shpirti-i-fjales-ne-brigjet-e-bekuara-shqiptare\\\/\"]}]},{\"@type\":\"ImageObject\",\"inLanguage\":\"sq-AL\",\"@id\":\"https:\\\/\\\/fjala.info\\\/2009-2015\\\/shpirti-i-fjales-ne-brigjet-e-bekuara-shqiptare\\\/#primaryimage\",\"url\":\"http:\\\/\\\/www.fjala.info\\\/2012\\\/izet_shala.jpg\",\"contentUrl\":\"http:\\\/\\\/www.fjala.info\\\/2012\\\/izet_shala.jpg\"},{\"@type\":\"BreadcrumbList\",\"@id\":\"https:\\\/\\\/fjala.info\\\/2009-2015\\\/shpirti-i-fjales-ne-brigjet-e-bekuara-shqiptare\\\/#breadcrumb\",\"itemListElement\":[{\"@type\":\"ListItem\",\"position\":1,\"name\":\"Home\",\"item\":\"https:\\\/\\\/fjala.info\\\/2009-2015\\\/\"},{\"@type\":\"ListItem\",\"position\":2,\"name\":\"Shpirti i fjal\u00ebs n\u00eb brigjet e bekuara shqiptare\"}]},{\"@type\":\"WebSite\",\"@id\":\"https:\\\/\\\/fjala.info\\\/2009-2015\\\/#website\",\"url\":\"https:\\\/\\\/fjala.info\\\/2009-2015\\\/\",\"name\":\"FjALA e LIR\u00cb - Arkivi\",\"description\":\"Arkivi 2009-2015\",\"publisher\":{\"@id\":\"https:\\\/\\\/fjala.info\\\/2009-2015\\\/#organization\"},\"potentialAction\":[{\"@type\":\"SearchAction\",\"target\":{\"@type\":\"EntryPoint\",\"urlTemplate\":\"https:\\\/\\\/fjala.info\\\/2009-2015\\\/?s={search_term_string}\"},\"query-input\":{\"@type\":\"PropertyValueSpecification\",\"valueRequired\":true,\"valueName\":\"search_term_string\"}}],\"inLanguage\":\"sq-AL\"},{\"@type\":\"Organization\",\"@id\":\"https:\\\/\\\/fjala.info\\\/2009-2015\\\/#organization\",\"name\":\"FjALA e LIR\u00cb - Arkivi\",\"url\":\"https:\\\/\\\/fjala.info\\\/2009-2015\\\/\",\"logo\":{\"@type\":\"ImageObject\",\"inLanguage\":\"sq-AL\",\"@id\":\"https:\\\/\\\/fjala.info\\\/2009-2015\\\/#\\\/schema\\\/logo\\\/image\\\/\",\"url\":\"\",\"contentUrl\":\"\",\"caption\":\"FjALA e LIR\u00cb - Arkivi\"},\"image\":{\"@id\":\"https:\\\/\\\/fjala.info\\\/2009-2015\\\/#\\\/schema\\\/logo\\\/image\\\/\"}},{\"@type\":\"Person\",\"@id\":\"https:\\\/\\\/fjala.info\\\/2009-2015\\\/#\\\/schema\\\/person\\\/3aa1163ef05469c496fc94e77611ada2\",\"name\":\"admin\",\"image\":{\"@type\":\"ImageObject\",\"inLanguage\":\"sq-AL\",\"@id\":\"https:\\\/\\\/fjala.info\\\/2009-2015\\\/wp-content\\\/uploads\\\/2012\\\/02\\\/arben_cokaj-120x150.jpg\",\"url\":\"https:\\\/\\\/fjala.info\\\/2009-2015\\\/wp-content\\\/uploads\\\/2012\\\/02\\\/arben_cokaj-120x150.jpg\",\"contentUrl\":\"https:\\\/\\\/fjala.info\\\/2009-2015\\\/wp-content\\\/uploads\\\/2012\\\/02\\\/arben_cokaj-120x150.jpg\",\"caption\":\"admin\"},\"description\":\"Admin, Fjala e Lir\u00eb\",\"sameAs\":[\"https:\\\/\\\/fjala.info\\\/\"],\"url\":\"https:\\\/\\\/fjala.info\\\/2009-2015\\\/author\\\/admin\\\/\"}]}<\/script>\n<!-- \/ Yoast SEO plugin. -->","yoast_head_json":{"title":"Shpirti i fjal\u00ebs n\u00eb brigjet e bekuara shqiptare - FjALA e LIR\u00cb - Arkivi","robots":{"index":"index","follow":"follow","max-snippet":"max-snippet:-1","max-image-preview":"max-image-preview:large","max-video-preview":"max-video-preview:-1"},"canonical":"https:\/\/fjala.info\/2009-2015\/shpirti-i-fjales-ne-brigjet-e-bekuara-shqiptare\/","og_locale":"sq_AL","og_type":"article","og_title":"Shpirti i fjal\u00ebs n\u00eb brigjet e bekuara shqiptare - FjALA e LIR\u00cb - Arkivi","og_description":"(Izet Shala, Xhepat e koh\u00ebs, Amanda Edit, Bukuresht 2012) K\u00ebshtu duket sot, n\u00eb syt\u00eb e disave, nj\u00eb dhunti hyjnore q\u00eb preferon dashurin\u00eb, atdhetarizmin, apo patriotizmin. P\u00ebr t\u00eb tjer\u00ebt, p\u00ebr ata q\u00eb e njohin Izet Shal\u00ebn me k\u00ebt\u00eb v\u00ebllim vlerash t\u00eb ve\u00e7anta, mund t\u00eb krijojn\u00eb t\u00eb nj\u00ebjt\u00ebn p\u00ebrshtypje, se kombi yt p\u00ebrfaq\u00ebson esenc\u00ebn, respektivisht thelbin e [&hellip;]","og_url":"https:\/\/fjala.info\/2009-2015\/shpirti-i-fjales-ne-brigjet-e-bekuara-shqiptare\/","og_site_name":"FjALA e LIR\u00cb - Arkivi","article_published_time":"2012-08-20T17:33:59+00:00","og_image":[{"url":"http:\/\/www.fjala.info\/2012\/izet_shala.jpg","type":"","width":"","height":""}],"author":"admin","twitter_card":"summary_large_image","twitter_misc":{"Written by":"admin","Est. reading time":"9 minutes"},"schema":{"@context":"https:\/\/schema.org","@graph":[{"@type":"Article","@id":"https:\/\/fjala.info\/2009-2015\/shpirti-i-fjales-ne-brigjet-e-bekuara-shqiptare\/#article","isPartOf":{"@id":"https:\/\/fjala.info\/2009-2015\/shpirti-i-fjales-ne-brigjet-e-bekuara-shqiptare\/"},"author":{"name":"admin","@id":"https:\/\/fjala.info\/2009-2015\/#\/schema\/person\/3aa1163ef05469c496fc94e77611ada2"},"headline":"Shpirti i fjal\u00ebs n\u00eb brigjet e bekuara shqiptare","datePublished":"2012-08-20T17:33:59+00:00","mainEntityOfPage":{"@id":"https:\/\/fjala.info\/2009-2015\/shpirti-i-fjales-ne-brigjet-e-bekuara-shqiptare\/"},"wordCount":1737,"commentCount":0,"publisher":{"@id":"https:\/\/fjala.info\/2009-2015\/#organization"},"image":{"@id":"https:\/\/fjala.info\/2009-2015\/shpirti-i-fjales-ne-brigjet-e-bekuara-shqiptare\/#primaryimage"},"thumbnailUrl":"http:\/\/www.fjala.info\/2012\/izet_shala.jpg","articleSection":["Artikuj","Let\u00ebrsi"],"inLanguage":"sq-AL","potentialAction":[{"@type":"CommentAction","name":"Comment","target":["https:\/\/fjala.info\/2009-2015\/shpirti-i-fjales-ne-brigjet-e-bekuara-shqiptare\/#respond"]}]},{"@type":"WebPage","@id":"https:\/\/fjala.info\/2009-2015\/shpirti-i-fjales-ne-brigjet-e-bekuara-shqiptare\/","url":"https:\/\/fjala.info\/2009-2015\/shpirti-i-fjales-ne-brigjet-e-bekuara-shqiptare\/","name":"Shpirti i fjal\u00ebs n\u00eb brigjet e bekuara shqiptare - FjALA e LIR\u00cb - Arkivi","isPartOf":{"@id":"https:\/\/fjala.info\/2009-2015\/#website"},"primaryImageOfPage":{"@id":"https:\/\/fjala.info\/2009-2015\/shpirti-i-fjales-ne-brigjet-e-bekuara-shqiptare\/#primaryimage"},"image":{"@id":"https:\/\/fjala.info\/2009-2015\/shpirti-i-fjales-ne-brigjet-e-bekuara-shqiptare\/#primaryimage"},"thumbnailUrl":"http:\/\/www.fjala.info\/2012\/izet_shala.jpg","datePublished":"2012-08-20T17:33:59+00:00","breadcrumb":{"@id":"https:\/\/fjala.info\/2009-2015\/shpirti-i-fjales-ne-brigjet-e-bekuara-shqiptare\/#breadcrumb"},"inLanguage":"sq-AL","potentialAction":[{"@type":"ReadAction","target":["https:\/\/fjala.info\/2009-2015\/shpirti-i-fjales-ne-brigjet-e-bekuara-shqiptare\/"]}]},{"@type":"ImageObject","inLanguage":"sq-AL","@id":"https:\/\/fjala.info\/2009-2015\/shpirti-i-fjales-ne-brigjet-e-bekuara-shqiptare\/#primaryimage","url":"http:\/\/www.fjala.info\/2012\/izet_shala.jpg","contentUrl":"http:\/\/www.fjala.info\/2012\/izet_shala.jpg"},{"@type":"BreadcrumbList","@id":"https:\/\/fjala.info\/2009-2015\/shpirti-i-fjales-ne-brigjet-e-bekuara-shqiptare\/#breadcrumb","itemListElement":[{"@type":"ListItem","position":1,"name":"Home","item":"https:\/\/fjala.info\/2009-2015\/"},{"@type":"ListItem","position":2,"name":"Shpirti i fjal\u00ebs n\u00eb brigjet e bekuara shqiptare"}]},{"@type":"WebSite","@id":"https:\/\/fjala.info\/2009-2015\/#website","url":"https:\/\/fjala.info\/2009-2015\/","name":"FjALA e LIR\u00cb - Arkivi","description":"Arkivi 2009-2015","publisher":{"@id":"https:\/\/fjala.info\/2009-2015\/#organization"},"potentialAction":[{"@type":"SearchAction","target":{"@type":"EntryPoint","urlTemplate":"https:\/\/fjala.info\/2009-2015\/?s={search_term_string}"},"query-input":{"@type":"PropertyValueSpecification","valueRequired":true,"valueName":"search_term_string"}}],"inLanguage":"sq-AL"},{"@type":"Organization","@id":"https:\/\/fjala.info\/2009-2015\/#organization","name":"FjALA e LIR\u00cb - Arkivi","url":"https:\/\/fjala.info\/2009-2015\/","logo":{"@type":"ImageObject","inLanguage":"sq-AL","@id":"https:\/\/fjala.info\/2009-2015\/#\/schema\/logo\/image\/","url":"","contentUrl":"","caption":"FjALA e LIR\u00cb - Arkivi"},"image":{"@id":"https:\/\/fjala.info\/2009-2015\/#\/schema\/logo\/image\/"}},{"@type":"Person","@id":"https:\/\/fjala.info\/2009-2015\/#\/schema\/person\/3aa1163ef05469c496fc94e77611ada2","name":"admin","image":{"@type":"ImageObject","inLanguage":"sq-AL","@id":"https:\/\/fjala.info\/2009-2015\/wp-content\/uploads\/2012\/02\/arben_cokaj-120x150.jpg","url":"https:\/\/fjala.info\/2009-2015\/wp-content\/uploads\/2012\/02\/arben_cokaj-120x150.jpg","contentUrl":"https:\/\/fjala.info\/2009-2015\/wp-content\/uploads\/2012\/02\/arben_cokaj-120x150.jpg","caption":"admin"},"description":"Admin, Fjala e Lir\u00eb","sameAs":["https:\/\/fjala.info\/"],"url":"https:\/\/fjala.info\/2009-2015\/author\/admin\/"}]}},"_links":{"self":[{"href":"https:\/\/fjala.info\/2009-2015\/wp-json\/wp\/v2\/posts\/12024","targetHints":{"allow":["GET"]}}],"collection":[{"href":"https:\/\/fjala.info\/2009-2015\/wp-json\/wp\/v2\/posts"}],"about":[{"href":"https:\/\/fjala.info\/2009-2015\/wp-json\/wp\/v2\/types\/post"}],"author":[{"embeddable":true,"href":"https:\/\/fjala.info\/2009-2015\/wp-json\/wp\/v2\/users\/1"}],"replies":[{"embeddable":true,"href":"https:\/\/fjala.info\/2009-2015\/wp-json\/wp\/v2\/comments?post=12024"}],"version-history":[{"count":0,"href":"https:\/\/fjala.info\/2009-2015\/wp-json\/wp\/v2\/posts\/12024\/revisions"}],"wp:attachment":[{"href":"https:\/\/fjala.info\/2009-2015\/wp-json\/wp\/v2\/media?parent=12024"}],"wp:term":[{"taxonomy":"category","embeddable":true,"href":"https:\/\/fjala.info\/2009-2015\/wp-json\/wp\/v2\/categories?post=12024"},{"taxonomy":"post_tag","embeddable":true,"href":"https:\/\/fjala.info\/2009-2015\/wp-json\/wp\/v2\/tags?post=12024"}],"curies":[{"name":"wp","href":"https:\/\/api.w.org\/{rel}","templated":true}]}}