{"id":12023,"date":"2012-08-20T18:24:54","date_gmt":"2012-08-20T17:24:54","guid":{"rendered":"http:\/\/www.fjala.info\/?p=4526"},"modified":"2012-08-20T18:24:54","modified_gmt":"2012-08-20T17:24:54","slug":"ndregjoni-te-mos-heshtet-per-krimet-e-komunizmit","status":"publish","type":"post","link":"https:\/\/fjala.info\/2009-2015\/ndregjoni-te-mos-heshtet-per-krimet-e-komunizmit\/","title":{"rendered":"Ndregjoni: T\u00eb mos heshtet p\u00ebr krimet e komunizmit"},"content":{"rendered":"<p><img decoding=\"async\" class=\"alignright size-thumbnail wp-image-7236\" title=\"Besim Ndregjoni\" src=\"http:\/\/www.fjala.info\/2012\/besim_ndregjoni.jpg\" alt=\"\" width=\"150\" \/> Ekspozitame foto \u201cShqip\u00ebria kujton-Eshtrat e tyre nuk kan\u00eb varr\u201d, e hapur edhe p\u00ebr afro 4 dit\u00eb n\u00eb bulevardin \u201cD\u00ebshmor\u00ebt e Kombit\u201d, b\u00ebri nj\u00eb historik t\u00eb shkurt\u00ebr t\u00eb krimeve t\u00eb komunizmit. I kushtohet 4500 kund\u00ebrshtar\u00eb t\u00eb regjimit, t\u00eb vrar\u00ebve, t\u00eb pushkatuarve, atyre q\u00eb humb\u00ebn jet\u00ebn n\u00eb burgje. Besim Ndregjoni, sekretar i p\u00ebrgjithsh\u00ebm i shoqat\u00ebs mbar\u00ebkomb\u00ebtare t\u00eb Integrimit t\u00eb t\u00eb Burgosurve dhe t\u00eb P\u00ebrndjekurve Politik\u00eb, kujton historin\u00eb q\u00eb zuri fill n\u00eb vitin 1943.<\/p>\n<p><strong>Z. Ndregjoni po t\u00eb ndjekim nj\u00eb rrjedh\u00eb kronologjike t\u00eb krimeve q\u00eb denoncon ekspozita, nga do niste historia? <\/strong><\/p>\n<p>Fillon q\u00eb m\u00eb \u201843-in, pas prishjes s\u00eb marr\u00ebveshjes s\u00eb Mukjes. Pas k\u00ebsaj, komunist\u00ebt eliminuan kund\u00ebrshtar\u00ebt politik\u00eb t\u00eb regjimit, si\u00e7 ishte Forca Politike e Legalitetit dhe Organizata e Ballit Komb\u00ebtar. Vrasjet n\u00eb at\u00eb koh\u00eb b\u00ebheshin n\u00ebp\u00ebrmjet nj\u00ebsiteve guerile. M\u00eb 44-\u00ebn, kishim nj\u00eb ofensiv\u00eb t\u00eb plot\u00eb t\u00eb grupeve t\u00eb komunist\u00ebve, q\u00eb filluan nj\u00eb luft\u00eb civile n\u00eb Shqip\u00ebri. Kjo v\u00ebrtetohet me vrasjen e intelektual\u00ebve n\u00eb Tiran\u00eb, u vran\u00eb 37 intelektual\u00eb brenda nj\u00eb nate, merreshin nga sht\u00ebpia dhe pushkatoheshin.<\/p>\n<p>Vazhdojn\u00eb pushkatimet m\u00eb 45-\u00ebn, duke sajuar gjyqe speciale pa asnj\u00eb baz\u00eb ligjore. Mjaftonte t\u00eb ishe nj\u00eb personalitet i politik\u00ebs, i let\u00ebrsis\u00eb, i fush\u00ebs ekonomike, i drejt\u00ebsis\u00eb, p\u00ebr t\u2019u d\u00ebnuar. T\u00eb gjith\u00eb ata q\u00eb kishin mbaruar n\u00eb Per\u00ebndim dhe klerik\u00ebt ishin n\u00ebn survejimin e tyre. Sot n\u00eb arkiva mund t\u00eb shihen materiale p\u00ebr t\u00eb kuptuar q\u00eb nuk ka asnj\u00eb dokumentacion, q\u00eb t\u00eb v\u00ebrtetoj\u00eb bashk\u00ebpunimin e k\u00ebtyre intelektual\u00ebve me pushtuesit.<\/p>\n<p>\u00cbsht\u00eb interesante se n\u00eb vitin 1948, OKB-ja organizoi gjyqe p\u00ebr d\u00ebnimin e t\u00eb gjith\u00eb bashk\u00ebpun\u00ebtor\u00ebve t\u00eb fashizmit dhe nazizmit. \u00cbsht\u00eb e vetmja Shqip\u00ebria q\u00eb nuk ka asnj\u00eb t\u00eb d\u00ebnuar si bashk\u00ebpun\u00ebtor t\u00eb fashizmit, nga gjykata nd\u00ebrkomb\u00ebtare. Deri m\u00eb 1954-\u00ebn ka shum\u00eb t\u00eb vrar\u00eb. Vazhduan luft\u00ebn e ashp\u00ebr me intelektual\u00ebt dhe klerik\u00ebt q\u00eb dol\u00ebn n\u00eb mal, nj\u00eb luft\u00eb frontale e pushtetit met\u00eb ashtuquajturit diversant\u00eb. Pas vitit 1954, filluan pushkatimet brenda rrethit t\u00eb tyre, q\u00eb me Teme Sejkon e Liri Geg\u00ebn e vazhduan deri n\u00eb fund, me Kadri Hazbiun e Mehmet Shehun.<\/p>\n<p><strong>Le t\u00ebn dalemi te figurat e intelektual\u00ebve q\u00eb ekspozohen te \u201cShqip\u00ebria kujton\u201d.<\/strong><\/p>\n<p>K\u00ebtu jan\u00ebt\u00eb pushkatuar figura t\u00eb ndritura t\u00eb kombit, si Lef Nosi, firm\u00ebtar i Pavar\u00ebsis\u00ebe shum\u00eb bashk\u00ebpun\u00ebtor\u00eb t\u00eb tij q\u00eb kan\u00eb firmosur. Sesi mund t\u00eb quhej Lef Nosi antishqiptar, k\u00ebt\u00eb e dinte vet\u00ebm regjimi komunist! N\u00eb ekspozit\u00eb jan\u00eb edhe fotografit\u00eb e Hamit Matjanit, Zenel Shehut, Halil Alis\u00eb, q\u00eb ka luftuar me dit\u00ebt\u00eb t\u00ebra me arm\u00eb n\u00eb dor\u00eb kund\u00ebr Mehmet Shehut, ai me brigad\u00eb ky ishte me nj\u00eb \u00e7et\u00eb t\u00eb vog\u00ebl antikomunist\u00ebsh.<\/p>\n<p>N\u00eb k\u00ebt\u00eb periudh\u00eb jan\u00eb pushkatuar t\u00eb gjith\u00eb ata q\u00eb kan\u00eb k\u00ebrkuar lirin\u00eb, si p\u00ebr shembull poeti Trifon Xhagjika. N\u00eb sall\u00eb t\u00eb gjyqit ka th\u00ebn\u00eb: \u201c\u00c7\u2019k\u00ebrkoni?\u201d -I ka th\u00ebn\u00eb kryetari i gjykat\u00ebs. \u201cM\u00eb jepni nj\u00eb top (kishte mbaruar p\u00ebr artileri), t\u00eb gjuaj k\u00ebt\u00eb regjim tuajin q\u00eb \u00ebsht\u00eb kriminal.\u201d Dhe e pushkatuan. Jan\u00eb vrar\u00eb njer\u00ebz t\u00eb pafajsh\u00ebm n\u00eb vitin 1951, p\u00ebr bomb\u00ebn sovjetike. U vra Sabiha Kasimati, nj\u00eb intelektuale me vlera, e t\u00eb tjer\u00eb q\u00eb kishin mbaruar t\u00eb gjith\u00eb n\u00eb Per\u00ebndim. Pastaj kemi vrasjet n\u00eb burgje.<\/p>\n<p>Vrasin Sazan Had\u00ebrin n\u00eb burgun e Burrelit m\u00eb 67-\u00ebn, vazhdojn\u00eb pushkatimet me Revolt\u00ebne Spa\u00e7it, me Dervish Bejkon, Hajri Pashain, vritet Xhelal Koprencka, Fadil Kokomani, Vangjel Lezho. Ka fotografi t\u00eb t\u00eb vrar\u00ebve n\u00eb kufi n\u00eb vitin \u201990. Ka pushkatime masive p\u00ebr t\u00eb mbajtur pushtetin politik. Mendoj se nuk \u00ebsht\u00eb problemi t\u00eb merremi me d\u00ebnimin e nj\u00eb individi, por t\u00eb d\u00ebnohet fenomeni. Kadareja n\u00eb mesazhin q\u00eb m\u00eb d\u00ebrgoi n\u00eb hapjen e ekspozit\u00ebs pohonte: \u201cShoq\u00ebria shqiptare nuk \u00ebsht\u00eb e qet\u00eb\u201d. A duhej varur poeti Havzi Nela n\u00eb Kuk\u00ebs?<\/p>\n<p>K\u00ebtu jan\u00eb vrar\u00eb Vilson Blloshmi, Genc Leka, ka vdekur n\u00eb internim Musine Kokalari, mish\u00ebrimi i gruas intelektuale shqiptare. N\u00eb ekspozit\u00eb \u2018\u00ebsht\u00eb\u2019 edhe Prek Cali, ai burr\u00eb mal\u00ebsor q\u00eb luftoi me arm\u00eb n\u00eb dor\u00eb, me vite t\u00eb t\u00ebra, p\u00ebr t\u00eb mos e l\u00ebn\u00eb Vermoshin n\u00eb duart e Malit t\u00eb Zi. Ai u rrethua nga divizioni i Mehmet Shehut dhe u vra. Sot k\u00ebta njer\u00ebz p\u00ebrbuzen nga politika. Ajo hesht. K\u00ebtu flitet p\u00ebr heronj t\u00eb rrem\u00eb dhe nuk respektohen heronjt\u00eb e v\u00ebrtet\u00eb. U vran\u00eb thjesht p\u00ebrse desh\u00ebn jet\u00ebn, desh\u00ebn lirin\u00eb.<\/p>\n<p><strong>\u00c7far\u00eb k\u00ebrkohet nga politika?<\/strong><\/p>\n<p>T\u00eb pakt\u00ebn t\u00eb ken\u00eb nj\u00eb varr. Shoq\u00ebria shqiptare t\u00eb njihet me tragjedin\u00eb q\u00eb ka ndodhur. Po t\u00eb ken\u00eb ku t\u00eb prehen, mij\u00ebra familje do jen\u00eb t\u00eb qeta. K\u00ebrkojm\u00eb t\u2019u gjenden eshtrat, k\u00ebrkojm\u00eb t\u00eb nderohen me nj\u00eb dit\u00eb kujtese. Le t\u00eb ndjekim rrug\u00ebne hebrenjve, t\u00eb cil\u00ebt i kujtojn\u00eb \u00e7do vit ata q\u00eb kan\u00eb ikur. Ky nuk \u00ebsht\u00eb mesazh p\u00ebr t\u00eb marr\u00eb pushtet, ky nuk \u00ebsht\u00eb mesazh p\u00ebr t\u00eb rrahur gjoksin p\u00ebr dekorime.<\/p>\n","protected":false},"excerpt":{"rendered":"<p>Ekspozitame foto \u201cShqip\u00ebria kujton-Eshtrat e tyre nuk kan\u00eb varr\u201d, e hapur edhe p\u00ebr afro 4 dit\u00eb n\u00eb bulevardin \u201cD\u00ebshmor\u00ebt e Kombit\u201d, b\u00ebri nj\u00eb historik t\u00eb shkurt\u00ebr t\u00eb krimeve t\u00eb komunizmit. I kushtohet 4500 kund\u00ebrshtar\u00eb t\u00eb regjimit, t\u00eb vrar\u00ebve, t\u00eb pushkatuarve, atyre q\u00eb humb\u00ebn jet\u00ebn n\u00eb burgje. Besim Ndregjoni, sekretar i p\u00ebrgjithsh\u00ebm i shoqat\u00ebs mbar\u00ebkomb\u00ebtare t\u00eb [&hellip;]<\/p>\n","protected":false},"author":1,"featured_media":0,"comment_status":"open","ping_status":"closed","sticky":false,"template":"","format":"standard","meta":{"footnotes":""},"categories":[2,4],"tags":[],"class_list":{"0":"post-12023","1":"post","2":"type-post","3":"status-publish","4":"format-standard","6":"category-artikuj","7":"category-intervista"},"yoast_head":"<!-- This site is optimized with the Yoast SEO plugin v27.4 - https:\/\/yoast.com\/product\/yoast-seo-wordpress\/ -->\n<title>Ndregjoni: T\u00eb mos heshtet p\u00ebr krimet e komunizmit - FjALA e LIR\u00cb - Arkivi<\/title>\n<meta name=\"robots\" content=\"index, follow, max-snippet:-1, max-image-preview:large, max-video-preview:-1\" \/>\n<link rel=\"canonical\" href=\"https:\/\/fjala.info\/2009-2015\/ndregjoni-te-mos-heshtet-per-krimet-e-komunizmit\/\" \/>\n<meta property=\"og:locale\" content=\"sq_AL\" \/>\n<meta property=\"og:type\" content=\"article\" \/>\n<meta property=\"og:title\" content=\"Ndregjoni: T\u00eb mos heshtet p\u00ebr krimet e komunizmit - FjALA e LIR\u00cb - Arkivi\" \/>\n<meta property=\"og:description\" content=\"Ekspozitame foto \u201cShqip\u00ebria kujton-Eshtrat e tyre nuk kan\u00eb varr\u201d, e hapur edhe p\u00ebr afro 4 dit\u00eb n\u00eb bulevardin \u201cD\u00ebshmor\u00ebt e Kombit\u201d, b\u00ebri nj\u00eb historik t\u00eb shkurt\u00ebr t\u00eb krimeve t\u00eb komunizmit. I kushtohet 4500 kund\u00ebrshtar\u00eb t\u00eb regjimit, t\u00eb vrar\u00ebve, t\u00eb pushkatuarve, atyre q\u00eb humb\u00ebn jet\u00ebn n\u00eb burgje. Besim Ndregjoni, sekretar i p\u00ebrgjithsh\u00ebm i shoqat\u00ebs mbar\u00ebkomb\u00ebtare t\u00eb [&hellip;]\" \/>\n<meta property=\"og:url\" content=\"https:\/\/fjala.info\/2009-2015\/ndregjoni-te-mos-heshtet-per-krimet-e-komunizmit\/\" \/>\n<meta property=\"og:site_name\" content=\"FjALA e LIR\u00cb - Arkivi\" \/>\n<meta property=\"article:published_time\" content=\"2012-08-20T17:24:54+00:00\" \/>\n<meta property=\"og:image\" content=\"http:\/\/www.fjala.info\/2012\/besim_ndregjoni.jpg\" \/>\n<meta name=\"author\" content=\"admin\" \/>\n<meta name=\"twitter:card\" content=\"summary_large_image\" \/>\n<meta name=\"twitter:label1\" content=\"Written by\" \/>\n\t<meta name=\"twitter:data1\" content=\"admin\" \/>\n\t<meta name=\"twitter:label2\" content=\"Est. reading time\" \/>\n\t<meta name=\"twitter:data2\" content=\"4 minutes\" \/>\n<script type=\"application\/ld+json\" class=\"yoast-schema-graph\">{\"@context\":\"https:\\\/\\\/schema.org\",\"@graph\":[{\"@type\":\"Article\",\"@id\":\"https:\\\/\\\/fjala.info\\\/2009-2015\\\/ndregjoni-te-mos-heshtet-per-krimet-e-komunizmit\\\/#article\",\"isPartOf\":{\"@id\":\"https:\\\/\\\/fjala.info\\\/2009-2015\\\/ndregjoni-te-mos-heshtet-per-krimet-e-komunizmit\\\/\"},\"author\":{\"name\":\"admin\",\"@id\":\"https:\\\/\\\/fjala.info\\\/2009-2015\\\/#\\\/schema\\\/person\\\/3aa1163ef05469c496fc94e77611ada2\"},\"headline\":\"Ndregjoni: T\u00eb mos heshtet p\u00ebr krimet e komunizmit\",\"datePublished\":\"2012-08-20T17:24:54+00:00\",\"mainEntityOfPage\":{\"@id\":\"https:\\\/\\\/fjala.info\\\/2009-2015\\\/ndregjoni-te-mos-heshtet-per-krimet-e-komunizmit\\\/\"},\"wordCount\":873,\"commentCount\":1,\"publisher\":{\"@id\":\"https:\\\/\\\/fjala.info\\\/2009-2015\\\/#organization\"},\"image\":{\"@id\":\"https:\\\/\\\/fjala.info\\\/2009-2015\\\/ndregjoni-te-mos-heshtet-per-krimet-e-komunizmit\\\/#primaryimage\"},\"thumbnailUrl\":\"http:\\\/\\\/www.fjala.info\\\/2012\\\/besim_ndregjoni.jpg\",\"articleSection\":[\"Artikuj\",\"Intervista\"],\"inLanguage\":\"sq-AL\",\"potentialAction\":[{\"@type\":\"CommentAction\",\"name\":\"Comment\",\"target\":[\"https:\\\/\\\/fjala.info\\\/2009-2015\\\/ndregjoni-te-mos-heshtet-per-krimet-e-komunizmit\\\/#respond\"]}]},{\"@type\":\"WebPage\",\"@id\":\"https:\\\/\\\/fjala.info\\\/2009-2015\\\/ndregjoni-te-mos-heshtet-per-krimet-e-komunizmit\\\/\",\"url\":\"https:\\\/\\\/fjala.info\\\/2009-2015\\\/ndregjoni-te-mos-heshtet-per-krimet-e-komunizmit\\\/\",\"name\":\"Ndregjoni: T\u00eb mos heshtet p\u00ebr krimet e komunizmit - FjALA e LIR\u00cb - Arkivi\",\"isPartOf\":{\"@id\":\"https:\\\/\\\/fjala.info\\\/2009-2015\\\/#website\"},\"primaryImageOfPage\":{\"@id\":\"https:\\\/\\\/fjala.info\\\/2009-2015\\\/ndregjoni-te-mos-heshtet-per-krimet-e-komunizmit\\\/#primaryimage\"},\"image\":{\"@id\":\"https:\\\/\\\/fjala.info\\\/2009-2015\\\/ndregjoni-te-mos-heshtet-per-krimet-e-komunizmit\\\/#primaryimage\"},\"thumbnailUrl\":\"http:\\\/\\\/www.fjala.info\\\/2012\\\/besim_ndregjoni.jpg\",\"datePublished\":\"2012-08-20T17:24:54+00:00\",\"breadcrumb\":{\"@id\":\"https:\\\/\\\/fjala.info\\\/2009-2015\\\/ndregjoni-te-mos-heshtet-per-krimet-e-komunizmit\\\/#breadcrumb\"},\"inLanguage\":\"sq-AL\",\"potentialAction\":[{\"@type\":\"ReadAction\",\"target\":[\"https:\\\/\\\/fjala.info\\\/2009-2015\\\/ndregjoni-te-mos-heshtet-per-krimet-e-komunizmit\\\/\"]}]},{\"@type\":\"ImageObject\",\"inLanguage\":\"sq-AL\",\"@id\":\"https:\\\/\\\/fjala.info\\\/2009-2015\\\/ndregjoni-te-mos-heshtet-per-krimet-e-komunizmit\\\/#primaryimage\",\"url\":\"http:\\\/\\\/www.fjala.info\\\/2012\\\/besim_ndregjoni.jpg\",\"contentUrl\":\"http:\\\/\\\/www.fjala.info\\\/2012\\\/besim_ndregjoni.jpg\"},{\"@type\":\"BreadcrumbList\",\"@id\":\"https:\\\/\\\/fjala.info\\\/2009-2015\\\/ndregjoni-te-mos-heshtet-per-krimet-e-komunizmit\\\/#breadcrumb\",\"itemListElement\":[{\"@type\":\"ListItem\",\"position\":1,\"name\":\"Home\",\"item\":\"https:\\\/\\\/fjala.info\\\/2009-2015\\\/\"},{\"@type\":\"ListItem\",\"position\":2,\"name\":\"Ndregjoni: T\u00eb mos heshtet p\u00ebr krimet e komunizmit\"}]},{\"@type\":\"WebSite\",\"@id\":\"https:\\\/\\\/fjala.info\\\/2009-2015\\\/#website\",\"url\":\"https:\\\/\\\/fjala.info\\\/2009-2015\\\/\",\"name\":\"FjALA e LIR\u00cb - Arkivi\",\"description\":\"Arkivi 2009-2015\",\"publisher\":{\"@id\":\"https:\\\/\\\/fjala.info\\\/2009-2015\\\/#organization\"},\"potentialAction\":[{\"@type\":\"SearchAction\",\"target\":{\"@type\":\"EntryPoint\",\"urlTemplate\":\"https:\\\/\\\/fjala.info\\\/2009-2015\\\/?s={search_term_string}\"},\"query-input\":{\"@type\":\"PropertyValueSpecification\",\"valueRequired\":true,\"valueName\":\"search_term_string\"}}],\"inLanguage\":\"sq-AL\"},{\"@type\":\"Organization\",\"@id\":\"https:\\\/\\\/fjala.info\\\/2009-2015\\\/#organization\",\"name\":\"FjALA e LIR\u00cb - Arkivi\",\"url\":\"https:\\\/\\\/fjala.info\\\/2009-2015\\\/\",\"logo\":{\"@type\":\"ImageObject\",\"inLanguage\":\"sq-AL\",\"@id\":\"https:\\\/\\\/fjala.info\\\/2009-2015\\\/#\\\/schema\\\/logo\\\/image\\\/\",\"url\":\"\",\"contentUrl\":\"\",\"caption\":\"FjALA e LIR\u00cb - Arkivi\"},\"image\":{\"@id\":\"https:\\\/\\\/fjala.info\\\/2009-2015\\\/#\\\/schema\\\/logo\\\/image\\\/\"}},{\"@type\":\"Person\",\"@id\":\"https:\\\/\\\/fjala.info\\\/2009-2015\\\/#\\\/schema\\\/person\\\/3aa1163ef05469c496fc94e77611ada2\",\"name\":\"admin\",\"image\":{\"@type\":\"ImageObject\",\"inLanguage\":\"sq-AL\",\"@id\":\"https:\\\/\\\/fjala.info\\\/2009-2015\\\/wp-content\\\/uploads\\\/2012\\\/02\\\/arben_cokaj-120x150.jpg\",\"url\":\"https:\\\/\\\/fjala.info\\\/2009-2015\\\/wp-content\\\/uploads\\\/2012\\\/02\\\/arben_cokaj-120x150.jpg\",\"contentUrl\":\"https:\\\/\\\/fjala.info\\\/2009-2015\\\/wp-content\\\/uploads\\\/2012\\\/02\\\/arben_cokaj-120x150.jpg\",\"caption\":\"admin\"},\"description\":\"Admin, Fjala e Lir\u00eb\",\"sameAs\":[\"https:\\\/\\\/fjala.info\\\/\"],\"url\":\"https:\\\/\\\/fjala.info\\\/2009-2015\\\/author\\\/admin\\\/\"}]}<\/script>\n<!-- \/ Yoast SEO plugin. -->","yoast_head_json":{"title":"Ndregjoni: T\u00eb mos heshtet p\u00ebr krimet e komunizmit - FjALA e LIR\u00cb - Arkivi","robots":{"index":"index","follow":"follow","max-snippet":"max-snippet:-1","max-image-preview":"max-image-preview:large","max-video-preview":"max-video-preview:-1"},"canonical":"https:\/\/fjala.info\/2009-2015\/ndregjoni-te-mos-heshtet-per-krimet-e-komunizmit\/","og_locale":"sq_AL","og_type":"article","og_title":"Ndregjoni: T\u00eb mos heshtet p\u00ebr krimet e komunizmit - FjALA e LIR\u00cb - Arkivi","og_description":"Ekspozitame foto \u201cShqip\u00ebria kujton-Eshtrat e tyre nuk kan\u00eb varr\u201d, e hapur edhe p\u00ebr afro 4 dit\u00eb n\u00eb bulevardin \u201cD\u00ebshmor\u00ebt e Kombit\u201d, b\u00ebri nj\u00eb historik t\u00eb shkurt\u00ebr t\u00eb krimeve t\u00eb komunizmit. I kushtohet 4500 kund\u00ebrshtar\u00eb t\u00eb regjimit, t\u00eb vrar\u00ebve, t\u00eb pushkatuarve, atyre q\u00eb humb\u00ebn jet\u00ebn n\u00eb burgje. Besim Ndregjoni, sekretar i p\u00ebrgjithsh\u00ebm i shoqat\u00ebs mbar\u00ebkomb\u00ebtare t\u00eb [&hellip;]","og_url":"https:\/\/fjala.info\/2009-2015\/ndregjoni-te-mos-heshtet-per-krimet-e-komunizmit\/","og_site_name":"FjALA e LIR\u00cb - Arkivi","article_published_time":"2012-08-20T17:24:54+00:00","og_image":[{"url":"http:\/\/www.fjala.info\/2012\/besim_ndregjoni.jpg","type":"","width":"","height":""}],"author":"admin","twitter_card":"summary_large_image","twitter_misc":{"Written by":"admin","Est. reading time":"4 minutes"},"schema":{"@context":"https:\/\/schema.org","@graph":[{"@type":"Article","@id":"https:\/\/fjala.info\/2009-2015\/ndregjoni-te-mos-heshtet-per-krimet-e-komunizmit\/#article","isPartOf":{"@id":"https:\/\/fjala.info\/2009-2015\/ndregjoni-te-mos-heshtet-per-krimet-e-komunizmit\/"},"author":{"name":"admin","@id":"https:\/\/fjala.info\/2009-2015\/#\/schema\/person\/3aa1163ef05469c496fc94e77611ada2"},"headline":"Ndregjoni: T\u00eb mos heshtet p\u00ebr krimet e komunizmit","datePublished":"2012-08-20T17:24:54+00:00","mainEntityOfPage":{"@id":"https:\/\/fjala.info\/2009-2015\/ndregjoni-te-mos-heshtet-per-krimet-e-komunizmit\/"},"wordCount":873,"commentCount":1,"publisher":{"@id":"https:\/\/fjala.info\/2009-2015\/#organization"},"image":{"@id":"https:\/\/fjala.info\/2009-2015\/ndregjoni-te-mos-heshtet-per-krimet-e-komunizmit\/#primaryimage"},"thumbnailUrl":"http:\/\/www.fjala.info\/2012\/besim_ndregjoni.jpg","articleSection":["Artikuj","Intervista"],"inLanguage":"sq-AL","potentialAction":[{"@type":"CommentAction","name":"Comment","target":["https:\/\/fjala.info\/2009-2015\/ndregjoni-te-mos-heshtet-per-krimet-e-komunizmit\/#respond"]}]},{"@type":"WebPage","@id":"https:\/\/fjala.info\/2009-2015\/ndregjoni-te-mos-heshtet-per-krimet-e-komunizmit\/","url":"https:\/\/fjala.info\/2009-2015\/ndregjoni-te-mos-heshtet-per-krimet-e-komunizmit\/","name":"Ndregjoni: T\u00eb mos heshtet p\u00ebr krimet e komunizmit - FjALA e LIR\u00cb - Arkivi","isPartOf":{"@id":"https:\/\/fjala.info\/2009-2015\/#website"},"primaryImageOfPage":{"@id":"https:\/\/fjala.info\/2009-2015\/ndregjoni-te-mos-heshtet-per-krimet-e-komunizmit\/#primaryimage"},"image":{"@id":"https:\/\/fjala.info\/2009-2015\/ndregjoni-te-mos-heshtet-per-krimet-e-komunizmit\/#primaryimage"},"thumbnailUrl":"http:\/\/www.fjala.info\/2012\/besim_ndregjoni.jpg","datePublished":"2012-08-20T17:24:54+00:00","breadcrumb":{"@id":"https:\/\/fjala.info\/2009-2015\/ndregjoni-te-mos-heshtet-per-krimet-e-komunizmit\/#breadcrumb"},"inLanguage":"sq-AL","potentialAction":[{"@type":"ReadAction","target":["https:\/\/fjala.info\/2009-2015\/ndregjoni-te-mos-heshtet-per-krimet-e-komunizmit\/"]}]},{"@type":"ImageObject","inLanguage":"sq-AL","@id":"https:\/\/fjala.info\/2009-2015\/ndregjoni-te-mos-heshtet-per-krimet-e-komunizmit\/#primaryimage","url":"http:\/\/www.fjala.info\/2012\/besim_ndregjoni.jpg","contentUrl":"http:\/\/www.fjala.info\/2012\/besim_ndregjoni.jpg"},{"@type":"BreadcrumbList","@id":"https:\/\/fjala.info\/2009-2015\/ndregjoni-te-mos-heshtet-per-krimet-e-komunizmit\/#breadcrumb","itemListElement":[{"@type":"ListItem","position":1,"name":"Home","item":"https:\/\/fjala.info\/2009-2015\/"},{"@type":"ListItem","position":2,"name":"Ndregjoni: T\u00eb mos heshtet p\u00ebr krimet e komunizmit"}]},{"@type":"WebSite","@id":"https:\/\/fjala.info\/2009-2015\/#website","url":"https:\/\/fjala.info\/2009-2015\/","name":"FjALA e LIR\u00cb - Arkivi","description":"Arkivi 2009-2015","publisher":{"@id":"https:\/\/fjala.info\/2009-2015\/#organization"},"potentialAction":[{"@type":"SearchAction","target":{"@type":"EntryPoint","urlTemplate":"https:\/\/fjala.info\/2009-2015\/?s={search_term_string}"},"query-input":{"@type":"PropertyValueSpecification","valueRequired":true,"valueName":"search_term_string"}}],"inLanguage":"sq-AL"},{"@type":"Organization","@id":"https:\/\/fjala.info\/2009-2015\/#organization","name":"FjALA e LIR\u00cb - Arkivi","url":"https:\/\/fjala.info\/2009-2015\/","logo":{"@type":"ImageObject","inLanguage":"sq-AL","@id":"https:\/\/fjala.info\/2009-2015\/#\/schema\/logo\/image\/","url":"","contentUrl":"","caption":"FjALA e LIR\u00cb - Arkivi"},"image":{"@id":"https:\/\/fjala.info\/2009-2015\/#\/schema\/logo\/image\/"}},{"@type":"Person","@id":"https:\/\/fjala.info\/2009-2015\/#\/schema\/person\/3aa1163ef05469c496fc94e77611ada2","name":"admin","image":{"@type":"ImageObject","inLanguage":"sq-AL","@id":"https:\/\/fjala.info\/2009-2015\/wp-content\/uploads\/2012\/02\/arben_cokaj-120x150.jpg","url":"https:\/\/fjala.info\/2009-2015\/wp-content\/uploads\/2012\/02\/arben_cokaj-120x150.jpg","contentUrl":"https:\/\/fjala.info\/2009-2015\/wp-content\/uploads\/2012\/02\/arben_cokaj-120x150.jpg","caption":"admin"},"description":"Admin, Fjala e Lir\u00eb","sameAs":["https:\/\/fjala.info\/"],"url":"https:\/\/fjala.info\/2009-2015\/author\/admin\/"}]}},"_links":{"self":[{"href":"https:\/\/fjala.info\/2009-2015\/wp-json\/wp\/v2\/posts\/12023","targetHints":{"allow":["GET"]}}],"collection":[{"href":"https:\/\/fjala.info\/2009-2015\/wp-json\/wp\/v2\/posts"}],"about":[{"href":"https:\/\/fjala.info\/2009-2015\/wp-json\/wp\/v2\/types\/post"}],"author":[{"embeddable":true,"href":"https:\/\/fjala.info\/2009-2015\/wp-json\/wp\/v2\/users\/1"}],"replies":[{"embeddable":true,"href":"https:\/\/fjala.info\/2009-2015\/wp-json\/wp\/v2\/comments?post=12023"}],"version-history":[{"count":0,"href":"https:\/\/fjala.info\/2009-2015\/wp-json\/wp\/v2\/posts\/12023\/revisions"}],"wp:attachment":[{"href":"https:\/\/fjala.info\/2009-2015\/wp-json\/wp\/v2\/media?parent=12023"}],"wp:term":[{"taxonomy":"category","embeddable":true,"href":"https:\/\/fjala.info\/2009-2015\/wp-json\/wp\/v2\/categories?post=12023"},{"taxonomy":"post_tag","embeddable":true,"href":"https:\/\/fjala.info\/2009-2015\/wp-json\/wp\/v2\/tags?post=12023"}],"curies":[{"name":"wp","href":"https:\/\/api.w.org\/{rel}","templated":true}]}}