{"id":12022,"date":"2012-08-20T18:09:14","date_gmt":"2012-08-20T17:09:14","guid":{"rendered":"http:\/\/www.fjala.info\/?p=4521"},"modified":"2012-08-20T18:09:14","modified_gmt":"2012-08-20T17:09:14","slug":"vjeshta-e-negociatave-te-reja-dhe-prishtina-e-leshimeve-te-radhes","status":"publish","type":"post","link":"https:\/\/fjala.info\/2009-2015\/vjeshta-e-negociatave-te-reja-dhe-prishtina-e-leshimeve-te-radhes\/","title":{"rendered":"Vjeshta e negociatave t\u00eb reja dhe Prishtina e l\u00ebshimeve t\u00eb radh\u00ebs"},"content":{"rendered":"<p><img decoding=\"async\" class=\"alignleft size-thumbnail wp-image-7236\" title=\"Jeton Kelmendi\" src=\"http:\/\/www.fjala.info\/2012\/jeton_kelmendi.jpg\" alt=\"\" width=\"200\" \/> <strong>Jeton Kelmendi<\/strong>, <em>Bruksel<\/em><\/p>\n<p>Stin\u00ebt e negociatave dhe l\u00ebshimeve p\u00ebr Kosov\u00ebn, duket se nuk kan\u00eb t\u00eb sosur, e kjo ndodh\u00eb sidomos kur vendin e qeveris korrupsioni dhe t\u00eb korruptuarit. Pas shum\u00eb aventurave dhe pazareve me Serbin\u00eb, k\u00ebsaj radhe Hashim Tha\u00e7i dhe Qeveria e tij megalomane, kan\u00eb vendosur qe t\u00eb hyjn\u00eb edhe n\u00eb nj\u00eb Pazar tjet\u00ebr. K\u00ebsaj here jo m\u00eb negociata teknike si\u00e7 i quanin ata, por negociata politike, q\u00eb natyrisht p\u00ebr t\u00eb mir\u00ebn e disa qytetar\u00ebve, por natyrisht jo shqiptareve, por serb\u00ebve.<\/p>\n<p>Sikur t\u00eb ishin k\u00ebto negociatat e para q\u00eb po e fillon Qeveria Hashimjane, dikush do t\u00eb mund t\u00eb thoshte se kjo ndodh pasi q\u00eb u ka r\u00ebn\u00eb n\u00eb kok\u00eb vapa e madhe e ver\u00ebs dhe ua ka marr\u00eb m\u00ebnd\u00ebt k\u00ebsaj Qeverie, mir\u00ebpo duke qene d\u00ebshmitar se k\u00ebta qeveritar\u00eb vet\u00ebm po e p\u00ebrs\u00ebrisin vet\u00ebn, me k\u00ebso politikash anti-shqiptare, at\u00ebher\u00eb na del se k\u00ebta njer\u00ebz nuk kan\u00eb mend fare, kur b\u00ebhet fjal\u00eb p\u00ebr politikat komb\u00ebtare. P\u00ebr qytetar\u00ebt e Kosov\u00ebs, kjo \u00ebsht\u00eb nj\u00eb \u00e7\u00ebshtje e papranueshme dhe shum\u00eb e disfavorshme. Mir\u00ebpo shqet\u00ebsuese \u00ebsht\u00eb fakti se nuk po kund\u00ebrshtohet fuqish\u00ebm nga masat e m\u00ebdha qytetar\u00ebsh, dhe p\u00ebrmes demonstratave ta rr\u00ebzojn\u00eb ket\u00eb struktur\u00eb mafioze q\u00eb e ka kapur shtetin dhe dita dit\u00ebs po e degradojn\u00eb shum\u00eb e m\u00eb shum\u00eb, derisa kjo do t\u00eb ishte rruga e vetme dhe m\u00eb e mir\u00eb.<\/p>\n<p>Ndon\u00ebse shtetin e kan\u00eb njohur mbi 92 vende t\u00eb ndryshme t\u00eb bot\u00ebs, akoma problemet po vazhdojn\u00eb, duke pamund\u00ebsuar an\u00ebtar\u00ebsimin e vendit n\u00eb organizata nd\u00ebrkomb\u00ebtare dhe mekanizma tjer\u00eb t\u00eb r\u00ebnd\u00ebsish\u00ebm, mir\u00ebpo problemi m\u00eb i madh tash e pes\u00eb vjet, po vazhdon t\u00eb mbetet me vetveten. Kur them me vetveten, e kam fjal\u00ebn p\u00ebr problemet e shoq\u00ebris\u00eb kosovare, q\u00eb ka me vet\u00eb udh\u00ebheqjen e saj, SHIK-uk dhe SHIK-ofcat. Nuk kan\u00eb t\u00eb ndalur artikujt dhe storjet n\u00eb mediet nd\u00ebrkomb\u00ebtare, ku paraqesin Kosov\u00ebn si nj\u00eb vend krimi dhe zyrtar\u00ebt e institucioneve vendore t\u00eb ky\u00e7ur direkt n\u00eb dukuri mafioze.<\/p>\n<p>E ket\u00eb nuk mund t\u2019ua fsheh qytetar\u00ebve, sepse shum\u00eb qytetar\u00eb jetojn\u00eb n\u00eb vendet per\u00ebndimore dhe e p\u00ebrcjellin nga mediat e huaja. S\u00eb fundi, si\u00e7 ishte rasti me nj\u00ebrin nga xhabiret e partis\u00eb s\u00eb xhabireve. Xhabiri i PDK-s\u00eb, i cili nuk shkon p\u00ebr ta vuajtur d\u00ebnimin n\u00eb burg, por planifikonte vrasjen e zyrtar\u00ebve t\u00eb drejt\u00ebsis\u00eb nd\u00ebrkomb\u00ebtare, EULEX-it dhe p\u00ebr t\u00eb vazhduar me shum\u00eb skandale tjera t\u00eb k\u00ebsi xhabiresh q\u00eb udh\u00ebheqin sot me institucione t\u00eb ndryshme n\u00eb Kosov\u00eb. Si zakonisht, p\u00ebr ti hedh hi syve popullit flitet p\u00ebr \u00e7\u00ebshtje madhore dhe asnj\u00ebher\u00eb nuk merret kush me k\u00ebto gj\u00ebra.<\/p>\n<p>E derisa sundon mafija vendin, \u00ebsht\u00eb e natyrshme q\u00eb imazhi i shtetit t\u00eb ri, \u00ebsht\u00eb n\u00eb nivelin m\u00eb t\u00eb ulet dhe jeta politike dhe ekonomike po degradohet deri n\u00eb shkall\u00eb ekstreme. Shkurt dhe shqip, p\u00ebr njeriun q\u00eb sado pak ndjen\u00eb dhimbje p\u00ebr Kosov\u00ebn, tani ka ardhur nj\u00eb koh\u00eb q\u00eb t\u00eb ndjehet dhimbje e madhe. Liria e k\u00ebtij vendi \u00ebsht\u00eb degraduar dhe qytetaret kan\u00eb filluar t\u00eb ndihen pesimist p\u00ebr t\u00eb ardhmen e tyre. E t\u00ebra kjo ka nj\u00eb adres\u00eb SHIK-un dhe SHIK-sat q\u00eb po e sundojn\u00eb sot, Republik\u00ebn e Kosov\u00ebs.<\/p>\n<p><strong>L\u00ebshimi i radh\u00ebs<\/strong><br \/>\nDikujt mund ti duket e tep\u00ebrt, kjo q\u00eb \u00ebsht\u00eb l\u00ebshuar pe deri me tani n\u00eb raport me armikun e p\u00ebrbetuar Serbin\u00eb, por p\u00ebr habi paska edhe asi t\u00eb till\u00eb q\u00eb nuk ju duket e mjaftueshme e tera kjo. Lideri majtist i shpallur nga disa bashk\u00ebfshatar\u00eb t\u00eb tij si drejtor politik i UCK-s\u00eb Hashim Tha\u00e7i, ndon\u00ebse dikur bytrinej se do t\u00eb luftonte p\u00ebr \u00e7lirimin e t\u00eb gjitha tokave shqiptare, tani po b\u00ebn\u00eb koncesione t\u00eb reja me Serbin\u00eb. P\u00ebrrallat e tij dhe SHIK-save, q\u00eb po e sundojn\u00eb vendin, jo vet\u00ebm q\u00eb i d\u00ebmtojn\u00eb interesat e vendit, por edhe jan\u00eb fyese p\u00ebr qytetaret e ve\u00e7mas p\u00ebr intelektualet. \u201cPot parolli\u201d i Qeveris\u00eb Hajredin Ku\u00e7i, del me p\u00ebrrallat e tij fyese, se po d\u00ebshiron Pakt me Serbin\u00eb. Pakti i ku\u00e7ave dhe qeveritar\u00ebve nuk \u00ebsht\u00eb gj\u00eb tjet\u00ebr pos nj\u00eb tjet\u00ebr l\u00ebshimi pe ndaj armikut ton\u00eb.<\/p>\n<p>K\u00ebshtu Hashimi i vog\u00ebl kuqalosh pretendon q\u00eb ta p\u00ebrgatis opinionin me d\u00ebshtimin e radh\u00ebs nga nj\u00ebra an\u00eb, nd\u00ebrsa n\u00eb an\u00ebn tjet\u00ebr tenton me taktikat e vjetra t\u00eb SHIK-ut, ta ofroj edhe partin\u00eb e Haradinajve n\u00eb koalicion. K\u00ebsi soji mediat e tyre po e quajn\u00eb \u201cu\u00e7k qeveri\u201d, q\u00eb n\u00eb fakt i bije hajni qeveri, dhe meq\u00eb edhe kjo parti, ka do koh\u00eb q\u00eb \u00ebsht\u00eb m\u00ebrzitur me duar jasht\u00eb kazanit qeveritar, sigurisht se do t\u00eb hyj n\u00eb ket\u00eb valle t\u00eb turpit. Me sa duket Hashimet, kan\u00eb llogaritur ta z\u00ebvend\u00ebsojn\u00eb Edit\u00ebn me Blerim Shal\u00ebn, nd\u00ebrsa AKR-n me AAK.<\/p>\n<p>K\u00ebto aventura duket se dikush nga nd\u00ebrkomb\u00ebtar\u00ebt \u201cmiq ton\u00ebt\u201d po i mb\u00ebshtesin, por shtrohet pyetja se kush i ka p\u00ebrgatitur n\u00eb kuzhin\u00ebn e SHIK-ut. SHIK-u si organ ekzekutiv, legjislativ dhe juridiko-faktik, ka disa stade: organet parashikiste, shikovcat dhe shikb\u00ebr\u00ebsit. Tek e para hyjn\u00eb Hashimi i vog\u00ebl alisa Hajredin Kuqi dhe disa m\u00eb t\u00eb vegj\u00ebl, nd\u00ebrsa shikovcat jan\u00eb xhabiret, kamishat, Jakupat dhe t\u00eb tjer\u00eb, kurse shikb\u00ebr\u00ebsit jan\u00eb sherifat e Kosov\u00ebs: Kadri Veseli, Hashim Tha\u00e7i, Xhavit Haliti dhe mafia e tyre.<\/p>\n<p>Fundi i fundit, t\u00eb gjitha k\u00ebto jan\u00eb marifetet e nj\u00eb partie xhabiresh dhe sikur t\u00eb mos e p\u00ebsonim t\u00eb gjith\u00eb ne qytetar\u00ebt e Kosov\u00ebs, as q\u00eb meriton t\u00eb merremi me ta, mir\u00ebpo fatkeq\u00ebsia vjen e rritet kur pasojat jan\u00eb dhe po vazhdojn\u00eb t\u00eb jen\u00eb n\u00eb kurrizin e t\u00eb ardhmes s\u00eb Kosov\u00ebs. Nuk e di me vet\u00ebdije apo pa vet\u00ebdije, vitin e shkuar Hashim Tha\u00e7i u fut n\u00eb aventur\u00ebn e tij, duke futur trupat speciale t\u00eb policis\u00eb n\u00eb Veri t\u00eb Kosov\u00ebs dhe e p\u00ebrshkall\u00ebzoj situat\u00ebn, apo th\u00ebn\u00eb m\u00eb thjesht\u00eb e ktheu edhe m\u00eb ke\u00e7 se\u00e7 ishte.<\/p>\n<p>Shqet\u00ebsim i madh \u00ebsht\u00eb se, aso kohe e ter\u00eb opozita u zu e p\u00ebrgjumur dhe e mb\u00ebshteti aventur\u00ebn e nj\u00eb njeriu t\u00eb pa p\u00ebrgjegjsh\u00ebm dhe aventurist, derisa veprimi i tij i solli d\u00ebm vendit. N\u00eb aspektin diplomatik, n\u00ebse e analizojm\u00eb ket\u00eb veprim me realitetin n\u00eb terren, na del se kjo ishte nj\u00eb mision n\u00eb sh\u00ebrbim t\u00eb Serbis\u00eb q\u00eb i b\u00ebri kryeavanturisti Hashim SHIK Tha\u00e7i. Tanim\u00eb ai dhe hashimat e tij, presin q\u00eb k\u00ebtij misioni, n\u00eb ket\u00eb vjesht\u00eb, t\u2019ia ven\u00eb vul\u00ebn e ndarjes apo statusit special p\u00ebr Veriun e Vendit.<\/p>\n<p>Vet\u00ebdija e popullit dhe partive opozitare nuk duket se paraqet vendosm\u00ebrisht q\u00ebndrimin p\u00ebr largimin e k\u00ebtyre strukturave mafioze nga pushteti dhe d\u00ebnimi i tyre. Ndon\u00ebse VETVENDOSJA dhe LDK, duken t\u00eb sigurta n\u00eb q\u00ebndrimet e tyre kund\u00ebr negociatave politike me Serbin\u00eb, parti e Haradinajve AAK, edhe pse mashtroj opinionin se nuk do t\u00eb b\u00ebhet pjes\u00eb e k\u00ebtyre pazareve, s\u00eb fundi nuk mundi t\u2019u p\u00ebrmbahet apetiteve p\u00ebr pushtet dhe u dor\u00ebzua para k\u00ebrkesave q\u00eb parapolitika e SHIK-ut lan\u00e7on, pak koh\u00eb para vjesht\u00ebs s\u00eb negociatave.<\/p>\n<p>Nuk \u00ebsht\u00eb e \u00e7uditshme se dy partit\u00eb majtiste jan\u00eb t\u00eb gatshme t\u00eb fut\u00ebn n\u00eb pazare t\u00eb tilla, fundja nuk jan\u00eb zhg\u00ebnjyese, sepse edhe nuk pritet di\u00e7ka m\u00eb e mir\u00eb se majtistet, mir\u00ebpo kur shikojm\u00eb veprimet e VETVENDOSJES jan\u00eb inkurajuese, por fatkeq\u00ebsia q\u00ebndron se \u00ebsht\u00eb parti e vog\u00ebl n\u00eb parlament qe t\u00eb ndikoj n\u00eb ndryshimin e k\u00ebtij realiteti t\u00eb hidhur. LDK edhe pse deklarohet se do t\u00eb jet\u00eb e vendosur n\u00eb q\u00ebndrimet e saj, kund\u00ebr negociatave politike, e t\u00eb cilat jan\u00eb n\u00eb d\u00ebm t\u00eb Kosov\u00ebs, nuk duket se do ta ket\u00eb leht\u00eb t\u2019u q\u00ebndroj presioneve nd\u00ebrkomb\u00ebtare edhe pse fuqia e saj n\u00eb parlament \u00ebsht\u00eb m\u00eb e madhe dhe nj\u00eb q\u00ebndrim i p\u00ebrbashk\u00ebt me VETVENDOSJEN, do t\u00eb mund ta p\u00eangonte ket\u00eb pazar n\u00eb d\u00ebm t\u00eb vendit.<\/p>\n<p>Shoq\u00ebria civile n\u00eb Kosov\u00eb, duket shum\u00eb fragjile, ku nuk mungojn\u00eb z\u00ebra q\u00eb kund\u00ebrshtojn\u00eb veprimet antishqiptare t\u00eb qeveritar\u00ebve, mir\u00ebpo fuqia e tyre \u00ebsht\u00eb e vog\u00ebl dhe shpesh her\u00eb, disa analist po i prish lakmia. Ata prej OJQ-ve t\u00eb tyre po b\u00ebhen ambasador apo edhe zyrtar\u00eb tjer\u00eb t\u00eb qeveris\u00eb, dhe po harrojn\u00eb q\u00ebndrimet e tyre. Ndonj\u00eb her\u00eb t\u00eb b\u00ebjn\u00eb t\u00eb mendosh se edhe ata e kan\u00eb vet\u00ebm sa p\u00ebr tu shitur m\u00eb shtrenjt\u00eb te partia e SHIK-ut. Nga ana tjet\u00ebr, kur b\u00ebhet fjal\u00eb p\u00ebr intelektualet, e ke v\u00ebshtir\u00eb t\u00eb thuash di\u00e7ka dhe ta kesh q\u00eblluar.<\/p>\n<p>Derisa mori n\u00eb kontroll \u00e7do segment t\u00eb jet\u00ebs ekonomike dhe institucionale, PDK p\u00ebrmes SHIK-ut t\u00eb vet, ekzekutoj disa intelektual, disa t\u00eb tjer\u00eb i shantazhoj n\u00eb m\u00ebnyra t\u00eb ndryshme, e disa edhe i bleu, mir\u00ebpo r\u00ebnd\u00ebsi ka q\u00eb intelektualet tani jan\u00eb totalisht t\u00eb heshtur dhe nuk del kush q\u00eb s\u00eb paku t\u2019ia tregoj t\u00eb v\u00ebrtet\u00ebn se \u00e7ka po i ndodh\u00eb popullit. E derisa kjo situat\u00eb vazhdon me ne, n\u00eb qaf\u00eb sunduesit tan\u00eb, kurse oponenca i duron dhe nuk nxjerr n\u00eb dispozicion t\u00eb gjitha mjetet p\u00ebr largimin tyre nga pushteti. E derisa kjo nuk do t\u00eb ndodh\u00eb pun\u00ebn e kemi keq dhe negociatat do t\u00eb na d\u00ebmtojn\u00eb edhe m\u00eb shume interesat komb\u00ebtare.<\/p>\n<p>*<em>Autori \u00ebsht\u00eb master i politikave Nd\u00ebrkomb\u00ebtare dhe \u00e7\u00ebshtjeve t\u00eb siguris\u00eb <\/em><\/p>\n","protected":false},"excerpt":{"rendered":"<p>Jeton Kelmendi, Bruksel Stin\u00ebt e negociatave dhe l\u00ebshimeve p\u00ebr Kosov\u00ebn, duket se nuk kan\u00eb t\u00eb sosur, e kjo ndodh\u00eb sidomos kur vendin e qeveris korrupsioni dhe t\u00eb korruptuarit. Pas shum\u00eb aventurave dhe pazareve me Serbin\u00eb, k\u00ebsaj radhe Hashim Tha\u00e7i dhe Qeveria e tij megalomane, kan\u00eb vendosur qe t\u00eb hyjn\u00eb edhe n\u00eb nj\u00eb Pazar tjet\u00ebr. K\u00ebsaj [&hellip;]<\/p>\n","protected":false},"author":1,"featured_media":0,"comment_status":"open","ping_status":"closed","sticky":false,"template":"","format":"standard","meta":{"footnotes":""},"categories":[2],"tags":[],"class_list":{"0":"post-12022","1":"post","2":"type-post","3":"status-publish","4":"format-standard","6":"category-artikuj"},"yoast_head":"<!-- This site is optimized with the Yoast SEO plugin v27.4 - https:\/\/yoast.com\/product\/yoast-seo-wordpress\/ -->\n<title>Vjeshta e negociatave t\u00eb reja dhe Prishtina e l\u00ebshimeve t\u00eb radh\u00ebs - FjALA e LIR\u00cb - Arkivi<\/title>\n<meta name=\"robots\" content=\"index, follow, max-snippet:-1, max-image-preview:large, max-video-preview:-1\" \/>\n<link rel=\"canonical\" href=\"https:\/\/fjala.info\/2009-2015\/vjeshta-e-negociatave-te-reja-dhe-prishtina-e-leshimeve-te-radhes\/\" \/>\n<meta property=\"og:locale\" content=\"sq_AL\" \/>\n<meta property=\"og:type\" content=\"article\" \/>\n<meta property=\"og:title\" content=\"Vjeshta e negociatave t\u00eb reja dhe Prishtina e l\u00ebshimeve t\u00eb radh\u00ebs - FjALA e LIR\u00cb - Arkivi\" \/>\n<meta property=\"og:description\" content=\"Jeton Kelmendi, Bruksel Stin\u00ebt e negociatave dhe l\u00ebshimeve p\u00ebr Kosov\u00ebn, duket se nuk kan\u00eb t\u00eb sosur, e kjo ndodh\u00eb sidomos kur vendin e qeveris korrupsioni dhe t\u00eb korruptuarit. Pas shum\u00eb aventurave dhe pazareve me Serbin\u00eb, k\u00ebsaj radhe Hashim Tha\u00e7i dhe Qeveria e tij megalomane, kan\u00eb vendosur qe t\u00eb hyjn\u00eb edhe n\u00eb nj\u00eb Pazar tjet\u00ebr. K\u00ebsaj [&hellip;]\" \/>\n<meta property=\"og:url\" content=\"https:\/\/fjala.info\/2009-2015\/vjeshta-e-negociatave-te-reja-dhe-prishtina-e-leshimeve-te-radhes\/\" \/>\n<meta property=\"og:site_name\" content=\"FjALA e LIR\u00cb - Arkivi\" \/>\n<meta property=\"article:published_time\" content=\"2012-08-20T17:09:14+00:00\" \/>\n<meta property=\"og:image\" content=\"http:\/\/www.fjala.info\/2012\/jeton_kelmendi.jpg\" \/>\n<meta name=\"author\" content=\"admin\" \/>\n<meta name=\"twitter:card\" content=\"summary_large_image\" \/>\n<meta name=\"twitter:label1\" content=\"Written by\" \/>\n\t<meta name=\"twitter:data1\" content=\"admin\" \/>\n\t<meta name=\"twitter:label2\" content=\"Est. reading time\" \/>\n\t<meta name=\"twitter:data2\" content=\"8 minutes\" \/>\n<script type=\"application\/ld+json\" class=\"yoast-schema-graph\">{\"@context\":\"https:\\\/\\\/schema.org\",\"@graph\":[{\"@type\":\"Article\",\"@id\":\"https:\\\/\\\/fjala.info\\\/2009-2015\\\/vjeshta-e-negociatave-te-reja-dhe-prishtina-e-leshimeve-te-radhes\\\/#article\",\"isPartOf\":{\"@id\":\"https:\\\/\\\/fjala.info\\\/2009-2015\\\/vjeshta-e-negociatave-te-reja-dhe-prishtina-e-leshimeve-te-radhes\\\/\"},\"author\":{\"name\":\"admin\",\"@id\":\"https:\\\/\\\/fjala.info\\\/2009-2015\\\/#\\\/schema\\\/person\\\/3aa1163ef05469c496fc94e77611ada2\"},\"headline\":\"Vjeshta e negociatave t\u00eb reja dhe Prishtina e l\u00ebshimeve t\u00eb radh\u00ebs\",\"datePublished\":\"2012-08-20T17:09:14+00:00\",\"mainEntityOfPage\":{\"@id\":\"https:\\\/\\\/fjala.info\\\/2009-2015\\\/vjeshta-e-negociatave-te-reja-dhe-prishtina-e-leshimeve-te-radhes\\\/\"},\"wordCount\":1679,\"commentCount\":0,\"publisher\":{\"@id\":\"https:\\\/\\\/fjala.info\\\/2009-2015\\\/#organization\"},\"image\":{\"@id\":\"https:\\\/\\\/fjala.info\\\/2009-2015\\\/vjeshta-e-negociatave-te-reja-dhe-prishtina-e-leshimeve-te-radhes\\\/#primaryimage\"},\"thumbnailUrl\":\"http:\\\/\\\/www.fjala.info\\\/2012\\\/jeton_kelmendi.jpg\",\"articleSection\":[\"Artikuj\"],\"inLanguage\":\"sq-AL\",\"potentialAction\":[{\"@type\":\"CommentAction\",\"name\":\"Comment\",\"target\":[\"https:\\\/\\\/fjala.info\\\/2009-2015\\\/vjeshta-e-negociatave-te-reja-dhe-prishtina-e-leshimeve-te-radhes\\\/#respond\"]}]},{\"@type\":\"WebPage\",\"@id\":\"https:\\\/\\\/fjala.info\\\/2009-2015\\\/vjeshta-e-negociatave-te-reja-dhe-prishtina-e-leshimeve-te-radhes\\\/\",\"url\":\"https:\\\/\\\/fjala.info\\\/2009-2015\\\/vjeshta-e-negociatave-te-reja-dhe-prishtina-e-leshimeve-te-radhes\\\/\",\"name\":\"Vjeshta e negociatave t\u00eb reja dhe Prishtina e l\u00ebshimeve t\u00eb radh\u00ebs - FjALA e LIR\u00cb - Arkivi\",\"isPartOf\":{\"@id\":\"https:\\\/\\\/fjala.info\\\/2009-2015\\\/#website\"},\"primaryImageOfPage\":{\"@id\":\"https:\\\/\\\/fjala.info\\\/2009-2015\\\/vjeshta-e-negociatave-te-reja-dhe-prishtina-e-leshimeve-te-radhes\\\/#primaryimage\"},\"image\":{\"@id\":\"https:\\\/\\\/fjala.info\\\/2009-2015\\\/vjeshta-e-negociatave-te-reja-dhe-prishtina-e-leshimeve-te-radhes\\\/#primaryimage\"},\"thumbnailUrl\":\"http:\\\/\\\/www.fjala.info\\\/2012\\\/jeton_kelmendi.jpg\",\"datePublished\":\"2012-08-20T17:09:14+00:00\",\"breadcrumb\":{\"@id\":\"https:\\\/\\\/fjala.info\\\/2009-2015\\\/vjeshta-e-negociatave-te-reja-dhe-prishtina-e-leshimeve-te-radhes\\\/#breadcrumb\"},\"inLanguage\":\"sq-AL\",\"potentialAction\":[{\"@type\":\"ReadAction\",\"target\":[\"https:\\\/\\\/fjala.info\\\/2009-2015\\\/vjeshta-e-negociatave-te-reja-dhe-prishtina-e-leshimeve-te-radhes\\\/\"]}]},{\"@type\":\"ImageObject\",\"inLanguage\":\"sq-AL\",\"@id\":\"https:\\\/\\\/fjala.info\\\/2009-2015\\\/vjeshta-e-negociatave-te-reja-dhe-prishtina-e-leshimeve-te-radhes\\\/#primaryimage\",\"url\":\"http:\\\/\\\/www.fjala.info\\\/2012\\\/jeton_kelmendi.jpg\",\"contentUrl\":\"http:\\\/\\\/www.fjala.info\\\/2012\\\/jeton_kelmendi.jpg\"},{\"@type\":\"BreadcrumbList\",\"@id\":\"https:\\\/\\\/fjala.info\\\/2009-2015\\\/vjeshta-e-negociatave-te-reja-dhe-prishtina-e-leshimeve-te-radhes\\\/#breadcrumb\",\"itemListElement\":[{\"@type\":\"ListItem\",\"position\":1,\"name\":\"Home\",\"item\":\"https:\\\/\\\/fjala.info\\\/2009-2015\\\/\"},{\"@type\":\"ListItem\",\"position\":2,\"name\":\"Vjeshta e negociatave t\u00eb reja dhe Prishtina e l\u00ebshimeve t\u00eb radh\u00ebs\"}]},{\"@type\":\"WebSite\",\"@id\":\"https:\\\/\\\/fjala.info\\\/2009-2015\\\/#website\",\"url\":\"https:\\\/\\\/fjala.info\\\/2009-2015\\\/\",\"name\":\"FjALA e LIR\u00cb - Arkivi\",\"description\":\"Arkivi 2009-2015\",\"publisher\":{\"@id\":\"https:\\\/\\\/fjala.info\\\/2009-2015\\\/#organization\"},\"potentialAction\":[{\"@type\":\"SearchAction\",\"target\":{\"@type\":\"EntryPoint\",\"urlTemplate\":\"https:\\\/\\\/fjala.info\\\/2009-2015\\\/?s={search_term_string}\"},\"query-input\":{\"@type\":\"PropertyValueSpecification\",\"valueRequired\":true,\"valueName\":\"search_term_string\"}}],\"inLanguage\":\"sq-AL\"},{\"@type\":\"Organization\",\"@id\":\"https:\\\/\\\/fjala.info\\\/2009-2015\\\/#organization\",\"name\":\"FjALA e LIR\u00cb - Arkivi\",\"url\":\"https:\\\/\\\/fjala.info\\\/2009-2015\\\/\",\"logo\":{\"@type\":\"ImageObject\",\"inLanguage\":\"sq-AL\",\"@id\":\"https:\\\/\\\/fjala.info\\\/2009-2015\\\/#\\\/schema\\\/logo\\\/image\\\/\",\"url\":\"\",\"contentUrl\":\"\",\"caption\":\"FjALA e LIR\u00cb - Arkivi\"},\"image\":{\"@id\":\"https:\\\/\\\/fjala.info\\\/2009-2015\\\/#\\\/schema\\\/logo\\\/image\\\/\"}},{\"@type\":\"Person\",\"@id\":\"https:\\\/\\\/fjala.info\\\/2009-2015\\\/#\\\/schema\\\/person\\\/3aa1163ef05469c496fc94e77611ada2\",\"name\":\"admin\",\"image\":{\"@type\":\"ImageObject\",\"inLanguage\":\"sq-AL\",\"@id\":\"https:\\\/\\\/fjala.info\\\/2009-2015\\\/wp-content\\\/uploads\\\/2012\\\/02\\\/arben_cokaj-120x150.jpg\",\"url\":\"https:\\\/\\\/fjala.info\\\/2009-2015\\\/wp-content\\\/uploads\\\/2012\\\/02\\\/arben_cokaj-120x150.jpg\",\"contentUrl\":\"https:\\\/\\\/fjala.info\\\/2009-2015\\\/wp-content\\\/uploads\\\/2012\\\/02\\\/arben_cokaj-120x150.jpg\",\"caption\":\"admin\"},\"description\":\"Admin, Fjala e Lir\u00eb\",\"sameAs\":[\"https:\\\/\\\/fjala.info\\\/\"],\"url\":\"https:\\\/\\\/fjala.info\\\/2009-2015\\\/author\\\/admin\\\/\"}]}<\/script>\n<!-- \/ Yoast SEO plugin. -->","yoast_head_json":{"title":"Vjeshta e negociatave t\u00eb reja dhe Prishtina e l\u00ebshimeve t\u00eb radh\u00ebs - FjALA e LIR\u00cb - Arkivi","robots":{"index":"index","follow":"follow","max-snippet":"max-snippet:-1","max-image-preview":"max-image-preview:large","max-video-preview":"max-video-preview:-1"},"canonical":"https:\/\/fjala.info\/2009-2015\/vjeshta-e-negociatave-te-reja-dhe-prishtina-e-leshimeve-te-radhes\/","og_locale":"sq_AL","og_type":"article","og_title":"Vjeshta e negociatave t\u00eb reja dhe Prishtina e l\u00ebshimeve t\u00eb radh\u00ebs - FjALA e LIR\u00cb - Arkivi","og_description":"Jeton Kelmendi, Bruksel Stin\u00ebt e negociatave dhe l\u00ebshimeve p\u00ebr Kosov\u00ebn, duket se nuk kan\u00eb t\u00eb sosur, e kjo ndodh\u00eb sidomos kur vendin e qeveris korrupsioni dhe t\u00eb korruptuarit. Pas shum\u00eb aventurave dhe pazareve me Serbin\u00eb, k\u00ebsaj radhe Hashim Tha\u00e7i dhe Qeveria e tij megalomane, kan\u00eb vendosur qe t\u00eb hyjn\u00eb edhe n\u00eb nj\u00eb Pazar tjet\u00ebr. K\u00ebsaj [&hellip;]","og_url":"https:\/\/fjala.info\/2009-2015\/vjeshta-e-negociatave-te-reja-dhe-prishtina-e-leshimeve-te-radhes\/","og_site_name":"FjALA e LIR\u00cb - Arkivi","article_published_time":"2012-08-20T17:09:14+00:00","og_image":[{"url":"http:\/\/www.fjala.info\/2012\/jeton_kelmendi.jpg","type":"","width":"","height":""}],"author":"admin","twitter_card":"summary_large_image","twitter_misc":{"Written by":"admin","Est. reading time":"8 minutes"},"schema":{"@context":"https:\/\/schema.org","@graph":[{"@type":"Article","@id":"https:\/\/fjala.info\/2009-2015\/vjeshta-e-negociatave-te-reja-dhe-prishtina-e-leshimeve-te-radhes\/#article","isPartOf":{"@id":"https:\/\/fjala.info\/2009-2015\/vjeshta-e-negociatave-te-reja-dhe-prishtina-e-leshimeve-te-radhes\/"},"author":{"name":"admin","@id":"https:\/\/fjala.info\/2009-2015\/#\/schema\/person\/3aa1163ef05469c496fc94e77611ada2"},"headline":"Vjeshta e negociatave t\u00eb reja dhe Prishtina e l\u00ebshimeve t\u00eb radh\u00ebs","datePublished":"2012-08-20T17:09:14+00:00","mainEntityOfPage":{"@id":"https:\/\/fjala.info\/2009-2015\/vjeshta-e-negociatave-te-reja-dhe-prishtina-e-leshimeve-te-radhes\/"},"wordCount":1679,"commentCount":0,"publisher":{"@id":"https:\/\/fjala.info\/2009-2015\/#organization"},"image":{"@id":"https:\/\/fjala.info\/2009-2015\/vjeshta-e-negociatave-te-reja-dhe-prishtina-e-leshimeve-te-radhes\/#primaryimage"},"thumbnailUrl":"http:\/\/www.fjala.info\/2012\/jeton_kelmendi.jpg","articleSection":["Artikuj"],"inLanguage":"sq-AL","potentialAction":[{"@type":"CommentAction","name":"Comment","target":["https:\/\/fjala.info\/2009-2015\/vjeshta-e-negociatave-te-reja-dhe-prishtina-e-leshimeve-te-radhes\/#respond"]}]},{"@type":"WebPage","@id":"https:\/\/fjala.info\/2009-2015\/vjeshta-e-negociatave-te-reja-dhe-prishtina-e-leshimeve-te-radhes\/","url":"https:\/\/fjala.info\/2009-2015\/vjeshta-e-negociatave-te-reja-dhe-prishtina-e-leshimeve-te-radhes\/","name":"Vjeshta e negociatave t\u00eb reja dhe Prishtina e l\u00ebshimeve t\u00eb radh\u00ebs - FjALA e LIR\u00cb - Arkivi","isPartOf":{"@id":"https:\/\/fjala.info\/2009-2015\/#website"},"primaryImageOfPage":{"@id":"https:\/\/fjala.info\/2009-2015\/vjeshta-e-negociatave-te-reja-dhe-prishtina-e-leshimeve-te-radhes\/#primaryimage"},"image":{"@id":"https:\/\/fjala.info\/2009-2015\/vjeshta-e-negociatave-te-reja-dhe-prishtina-e-leshimeve-te-radhes\/#primaryimage"},"thumbnailUrl":"http:\/\/www.fjala.info\/2012\/jeton_kelmendi.jpg","datePublished":"2012-08-20T17:09:14+00:00","breadcrumb":{"@id":"https:\/\/fjala.info\/2009-2015\/vjeshta-e-negociatave-te-reja-dhe-prishtina-e-leshimeve-te-radhes\/#breadcrumb"},"inLanguage":"sq-AL","potentialAction":[{"@type":"ReadAction","target":["https:\/\/fjala.info\/2009-2015\/vjeshta-e-negociatave-te-reja-dhe-prishtina-e-leshimeve-te-radhes\/"]}]},{"@type":"ImageObject","inLanguage":"sq-AL","@id":"https:\/\/fjala.info\/2009-2015\/vjeshta-e-negociatave-te-reja-dhe-prishtina-e-leshimeve-te-radhes\/#primaryimage","url":"http:\/\/www.fjala.info\/2012\/jeton_kelmendi.jpg","contentUrl":"http:\/\/www.fjala.info\/2012\/jeton_kelmendi.jpg"},{"@type":"BreadcrumbList","@id":"https:\/\/fjala.info\/2009-2015\/vjeshta-e-negociatave-te-reja-dhe-prishtina-e-leshimeve-te-radhes\/#breadcrumb","itemListElement":[{"@type":"ListItem","position":1,"name":"Home","item":"https:\/\/fjala.info\/2009-2015\/"},{"@type":"ListItem","position":2,"name":"Vjeshta e negociatave t\u00eb reja dhe Prishtina e l\u00ebshimeve t\u00eb radh\u00ebs"}]},{"@type":"WebSite","@id":"https:\/\/fjala.info\/2009-2015\/#website","url":"https:\/\/fjala.info\/2009-2015\/","name":"FjALA e LIR\u00cb - Arkivi","description":"Arkivi 2009-2015","publisher":{"@id":"https:\/\/fjala.info\/2009-2015\/#organization"},"potentialAction":[{"@type":"SearchAction","target":{"@type":"EntryPoint","urlTemplate":"https:\/\/fjala.info\/2009-2015\/?s={search_term_string}"},"query-input":{"@type":"PropertyValueSpecification","valueRequired":true,"valueName":"search_term_string"}}],"inLanguage":"sq-AL"},{"@type":"Organization","@id":"https:\/\/fjala.info\/2009-2015\/#organization","name":"FjALA e LIR\u00cb - Arkivi","url":"https:\/\/fjala.info\/2009-2015\/","logo":{"@type":"ImageObject","inLanguage":"sq-AL","@id":"https:\/\/fjala.info\/2009-2015\/#\/schema\/logo\/image\/","url":"","contentUrl":"","caption":"FjALA e LIR\u00cb - Arkivi"},"image":{"@id":"https:\/\/fjala.info\/2009-2015\/#\/schema\/logo\/image\/"}},{"@type":"Person","@id":"https:\/\/fjala.info\/2009-2015\/#\/schema\/person\/3aa1163ef05469c496fc94e77611ada2","name":"admin","image":{"@type":"ImageObject","inLanguage":"sq-AL","@id":"https:\/\/fjala.info\/2009-2015\/wp-content\/uploads\/2012\/02\/arben_cokaj-120x150.jpg","url":"https:\/\/fjala.info\/2009-2015\/wp-content\/uploads\/2012\/02\/arben_cokaj-120x150.jpg","contentUrl":"https:\/\/fjala.info\/2009-2015\/wp-content\/uploads\/2012\/02\/arben_cokaj-120x150.jpg","caption":"admin"},"description":"Admin, Fjala e Lir\u00eb","sameAs":["https:\/\/fjala.info\/"],"url":"https:\/\/fjala.info\/2009-2015\/author\/admin\/"}]}},"_links":{"self":[{"href":"https:\/\/fjala.info\/2009-2015\/wp-json\/wp\/v2\/posts\/12022","targetHints":{"allow":["GET"]}}],"collection":[{"href":"https:\/\/fjala.info\/2009-2015\/wp-json\/wp\/v2\/posts"}],"about":[{"href":"https:\/\/fjala.info\/2009-2015\/wp-json\/wp\/v2\/types\/post"}],"author":[{"embeddable":true,"href":"https:\/\/fjala.info\/2009-2015\/wp-json\/wp\/v2\/users\/1"}],"replies":[{"embeddable":true,"href":"https:\/\/fjala.info\/2009-2015\/wp-json\/wp\/v2\/comments?post=12022"}],"version-history":[{"count":0,"href":"https:\/\/fjala.info\/2009-2015\/wp-json\/wp\/v2\/posts\/12022\/revisions"}],"wp:attachment":[{"href":"https:\/\/fjala.info\/2009-2015\/wp-json\/wp\/v2\/media?parent=12022"}],"wp:term":[{"taxonomy":"category","embeddable":true,"href":"https:\/\/fjala.info\/2009-2015\/wp-json\/wp\/v2\/categories?post=12022"},{"taxonomy":"post_tag","embeddable":true,"href":"https:\/\/fjala.info\/2009-2015\/wp-json\/wp\/v2\/tags?post=12022"}],"curies":[{"name":"wp","href":"https:\/\/api.w.org\/{rel}","templated":true}]}}