{"id":12021,"date":"2012-08-18T14:52:50","date_gmt":"2012-08-18T13:52:50","guid":{"rendered":"http:\/\/www.fjala.info\/?p=4497"},"modified":"2012-08-18T14:52:50","modified_gmt":"2012-08-18T13:52:50","slug":"arsimi-shqiptar-kerkon-vemendjen-maksimale","status":"publish","type":"post","link":"https:\/\/fjala.info\/2009-2015\/arsimi-shqiptar-kerkon-vemendjen-maksimale\/","title":{"rendered":"Arsimi shqiptar k\u00ebrkon v\u00ebmendjen maksimale"},"content":{"rendered":"<p><img decoding=\"async\" class=\"alignright size-thumbnail wp-image-7236\" title=\"Arjan Th. Kall\u00e7o\" src=\"http:\/\/www.fjala.info\/2012\/arjan_kallco.jpg\" alt=\"\" width=\"150\" \/> M\u00eb dat\u00ebn 10 shtator do t\u00eb rifilloj\u00eb shkolla n\u00eb arsimin e ul\u00ebt dhe t\u00eb mes\u00ebm dhe ka koh\u00eb q\u00eb po flitet p\u00ebr rikonstruksione shkollash, pajisje p\u00ebr t\u00eb cilat kan\u00eb nevoj\u00eb ato apo edhe infrastruktur\u00eb m\u00eb t\u00eb mir\u00eb brenda tyre. N\u00eb k\u00ebt\u00eb pik\u00eb jemi t\u00eb gjith\u00eb dakord q\u00eb mjediset dhe komoditeti t\u00eb jet\u00eb sa m\u00eb i mir\u00eb. P\u00ebrgatitjet kan\u00eb filluar edhe n\u00eb familjet shqiptare, duke marr\u00eb masa q\u00eb t\u2019u sigurojn\u00eb f\u00ebmij\u00ebve t\u00eb gjitha librat dhe mjetet e nevojshme q\u00eb k\u00ebrkohen n\u00eb procesin e m\u00ebsimit. N\u00eb nj\u00eb vizit\u00eb n\u00eb qytetin e Ersek\u00ebs t\u00eb duket se, q\u00eb kur del nga qyteti i Kor\u00e7\u00ebs e deri n\u00eb vend, koha \u00ebsht\u00eb ndalur friksh\u00ebm n\u00eb vitin 1990. Nuk ka asnj\u00eb investim p\u00ebr rrug\u00ebn komb\u00ebtare q\u00eb \u00ebsht\u00eb n\u00eb dit\u00eb t\u00eb hallit e jo m\u00eb pastaj t\u00eb flasim p\u00ebr qytetin me rreth 5 mij\u00eb banor\u00eb.<\/p>\n<p>Mund ta marrim me mend se n\u00eb \u00e7far\u00eb gjendje jan\u00eb shkollat e gjith\u00eb rrethit t\u00eb Kolonj\u00ebs n\u00eb k\u00ebt\u00eb prag fillimviti shkollor. Por nga ana tjet\u00ebr Festa e Dit\u00ebve t\u00eb trash\u00ebgimis\u00eb tregoi qart\u00eb se vet\u00eb qytetar\u00ebt ua transmetojn\u00eb n\u00eb m\u00ebnyr\u00ebn m\u00eb t\u00eb shk\u00eblqyer traditat pasardh\u00ebsve : vallet tona t\u00eb mrekullueshme t\u00eb jugut, i k\u00ebrcen i madh dhe i vog\u00ebl. Po e marrim t\u00eb mir\u00ebq\u00ebn\u00eb se n\u00eb t\u00eb gjith\u00eb Shqip\u00ebrin\u00eb, nuk ka asnj\u00eb gjas\u00eb q\u00eb p\u00ebrfytyrimi yn\u00eb t\u00eb realizohet, u krijuan kushtet p\u00ebr nj\u00eb proces m\u00ebsimor t\u00eb rregullt: librat dol\u00ebn n\u00eb koh\u00eb, nx\u00ebn\u00ebsit u pajis\u00ebn me to, familjet b\u00ebn\u00eb sakrificat e rradh\u00ebs dhe ua blen\u00eb t\u00eb gjitha k\u00ebrkesat f\u00ebmij\u00ebve t\u00eb tyre.<\/p>\n<p>Por kjo \u00ebsht\u00eb vet\u00ebm fasada e jashtme e vitit t\u00eb ri shkollor 2012-2013, pasi brendia ka hendeqe t\u00eb shumta. S\u00eb pari cil\u00ebsia e librave shkollor\u00eb n\u00eb p\u00ebrmbajtje \u00ebsht\u00eb n\u00eb nivelet m\u00eb t\u00eb ulta q\u00eb pas viteve \u201990, fakt i kritikuar edhe n\u00eb shum\u00eb gazeta ditore dhe nga specilaist\u00eb t\u00eb fush\u00ebs. S\u00eb dyti shoq\u00ebria shqiptare \u00ebsht\u00eb n\u00eb degradim t\u00eb personalitetit dhe t\u00eb dinjitetit t\u00eb vet, t\u00eb pakt\u00ebn p\u00ebr shkollat nuk ka asnj\u00eb justifikim, sepse jemi d\u00ebshmimtar\u00eb okular\u00eb \u00e7do dit\u00eb. Nj\u00eb nga element\u00ebt e shumt\u00eb t\u00eb q\u00eb anashkalohet dhe q\u00eb e kam ngritur shpesh n\u00eb artikujt e mi \u00ebsht\u00eb disiplina dhe rregulli.<\/p>\n<p>Nj\u00eb shkoll\u00eb pa disiplin\u00eb, e par\u00eb kjo n\u00eb aspektin m\u00eb t\u00eb gjer\u00eb, \u00ebsht\u00eb si nj\u00eb sht\u00ebpi pa njeri apo si nj\u00eb grigj\u00eb pa bari. Mungesa e shtetit \u00ebsht\u00eb tipari karakteristik edhe n\u00eb shkolla. K\u00ebto dit\u00eb lexova nj\u00eb artikull tep\u00ebr interesant p\u00ebr nj\u00eb rast disipline dhe moszbatim t\u00eb rregullit dhe q\u00eb i kushtoi shtrenjt\u00eb nj\u00eb prindi emigrant n\u00eb Gjermani. Historia \u00ebsht\u00eb pak a shum\u00eb kjo: prindi i nis vajzat p\u00ebr pushime, por merr nj\u00eb telefonat\u00eb nga nj\u00ebra prej vajzave se po merreshin n\u00eb pyetje nga policia, e cila ishte d\u00ebrguar nga drejtori q\u00eb t\u00eb m\u00ebsonin se p\u00ebrse nuk ndodheshin n\u00eb m\u00ebsim. M\u00ebsimi n\u00eb Shtutgard p\u00ebrfundon m\u00eb dat\u00ebn 25 korrik dhe i ati i kishte lajm\u00ebruar n\u00eb shkoll\u00eb, se kishte nj\u00eb problem n\u00eb orarin e avjon\u00ebve dhe se e bija nuk do t\u00eb shkonte dit\u00ebn e fundit.<\/p>\n<p>B\u00ebhej fjal\u00eb p\u00ebr nj\u00eb g\u00ebnjesht\u00ebr t\u00eb sajuar nga prindi. Drejtori zbuloi se nuk kishte asnj\u00eb modifikim t\u00eb orarit dhe iu drejtua menj\u00ebher\u00eb policies e cila i lejoi t\u00eb merrnin avjonit, pasi p\u00ebrgatiti nj\u00eb relacion. Rregullat n\u00eb Gjermani jan\u00eb t\u00eb qarta \u2013 shkruan gazeta Der Spiegel \u2013 q\u00eb thekson se \u201cDetyrimi shkollor \u00ebsht\u00eb di\u00e7ka serioze\u201d. Kur ky lajm \u00ebsht\u00eb i pabesuesh\u00ebm p\u00ebr emigrant\u00ebt italian\u00eb q\u00eb jetojn\u00eb n\u00eb Gjermani, fakt q\u00eb kulturat dhe rregullat n\u00eb Europ\u00eb nuk jan\u00eb nj\u00eblloj, pra ka nj\u00eb larg\u00ebsi t\u00eb pakonceptueshme midis nj\u00eb vendi si<\/p>\n<p>Gjermania dhe vendeve t\u00eb tjera m\u00eb af\u00ebr Mesdheut, le ta marrim me mend se ku jemi n\u00eb shqiptar\u00ebt dhe kultura jon\u00eb. Po n\u00eb Gjermani, n\u00eb disa qytete dit\u00ebt e munges\u00ebs n\u00eb shkolla u zgjat\u00ebn m\u00eb shum\u00eb sesa ishin t\u00eb p\u00ebrcaktuara n\u00eb raportet mjeksore dhe familjet paguan gjobat prej 35 eurosh, por ka edhe qytete q\u00eb gjoba shkon deri n\u00eb 80 euro. N\u00ebse ndonj\u00eb rast i till\u00eb do t\u00eb ndodhte tek ne, nuk do t\u00eb ndodhte as e para, pra drejtori nuk do t\u00eb ishte kaq strikt q\u00eb t\u00eb lajm\u00ebronte policin\u00eb p\u00ebr nj\u00eb dit\u00eb t\u00eb humbur nga nx\u00ebn\u00ebsit, por nuk do t\u00eb b\u00ebhej fjal\u00eb as p\u00ebr gjob\u00eb.<\/p>\n<p>Mentalitet q\u00eb mes nesh dhe Europ\u00ebs duket se na ndajn\u00eb shekuj, p\u00ebr m\u00eb tep\u00ebr kur ende pretendojm\u00eb q\u00eb t\u00eb marrim statusin e vendit kandidat. Nj\u00eb shkoll\u00eb pa standarte n\u00eb infrastruktur\u00eb, n\u00eb tekste, n\u00eb p\u00ebrzgjedhje t\u00eb stafit m\u00ebsimor, n\u00eb rregullin dhe disiplin\u00ebn n\u00eb territorin e shkoll\u00ebs dhe brenda saj, n\u00eb mosseriozitetin e gjith\u00eb procesit t\u00eb formimit t\u00eb brezit t\u00eb ri dhe n\u00eb mentalitet, \u00ebsht\u00eb realiteti m\u00eb i hidhur shqiptar.<\/p>\n<p>N\u00ebse do t\u2019i marr dhe analizoj z\u00eb p\u00ebr z\u00eb t\u00eb gjitha pjes\u00ebt e fjalis\u00eb s\u00eb fundit do t\u00eb m\u00eb duhet t\u00eb shkruaj faqe t\u00eb pafund p\u00ebr to dhe p\u00ebr rastet flagrante q\u00eb jan\u00eb b\u00ebr\u00eb dominues n\u00eb t\u00eb gjith\u00eb arsimin shqiptar. M\u00eb kujtohen fjal\u00ebt e mikes son\u00eb, Miryam Benvenuto, m\u00ebsueses italiane, q\u00eb nd\u00ebrroi pak muaj m\u00eb par\u00eb jet\u00eb n\u00eb Tiran\u00eb, n\u00eb lidhje me anarkin\u00eb shqiptare n\u00eb shkolla, kur nx\u00ebn\u00ebsit hyjn\u00eb e dalin pa m\u00eb t\u00eb voglim problem nga klasat dhe shkolla, bile p\u00ebr t\u00eb pir\u00eb edhe kafe gjat\u00eb pushimeve midis or\u00ebve. Fakti m\u00eb i fundit q\u00eb t\u00eb l\u00eb nj\u00eb shij\u00eb t\u00eb hidhur flet p\u00ebr nj\u00eb raport t\u00eb pabesuesh\u00ebm midis universiteteve t\u00eb akredituara dhe jo private : 46 me 23. Kjo \u00ebsht\u00eb fytyra e v\u00ebrtet\u00eb e djepit t\u00eb dijeve dhe e formimit t\u00eb brezave t\u00eb ardhsh\u00ebm, kjo \u00ebsht\u00eb fytyra e v\u00ebrtet\u00eb e Shqip\u00ebris\u00eb europiane.<\/p>\n<p><strong>Arjan Th. Kall\u00e7o<\/strong><br \/>\nPedagog i Gjuh\u00ebs italiane<br \/>\nUniversiteti Fan S. Noli, Kor\u00e7\u00eb<\/p>\n","protected":false},"excerpt":{"rendered":"<p>M\u00eb dat\u00ebn 10 shtator do t\u00eb rifilloj\u00eb shkolla n\u00eb arsimin e ul\u00ebt dhe t\u00eb mes\u00ebm dhe ka koh\u00eb q\u00eb po flitet p\u00ebr rikonstruksione shkollash, pajisje p\u00ebr t\u00eb cilat kan\u00eb nevoj\u00eb ato apo edhe infrastruktur\u00eb m\u00eb t\u00eb mir\u00eb brenda tyre. N\u00eb k\u00ebt\u00eb pik\u00eb jemi t\u00eb gjith\u00eb dakord q\u00eb mjediset dhe komoditeti t\u00eb jet\u00eb sa m\u00eb i [&hellip;]<\/p>\n","protected":false},"author":1,"featured_media":0,"comment_status":"open","ping_status":"closed","sticky":false,"template":"","format":"standard","meta":{"footnotes":""},"categories":[2],"tags":[],"class_list":{"0":"post-12021","1":"post","2":"type-post","3":"status-publish","4":"format-standard","6":"category-artikuj"},"yoast_head":"<!-- This site is optimized with the Yoast SEO plugin v27.4 - https:\/\/yoast.com\/product\/yoast-seo-wordpress\/ -->\n<title>Arsimi shqiptar k\u00ebrkon v\u00ebmendjen maksimale - FjALA e LIR\u00cb - Arkivi<\/title>\n<meta name=\"robots\" content=\"index, follow, max-snippet:-1, max-image-preview:large, max-video-preview:-1\" \/>\n<link rel=\"canonical\" href=\"https:\/\/fjala.info\/2009-2015\/arsimi-shqiptar-kerkon-vemendjen-maksimale\/\" \/>\n<meta property=\"og:locale\" content=\"sq_AL\" \/>\n<meta property=\"og:type\" content=\"article\" \/>\n<meta property=\"og:title\" content=\"Arsimi shqiptar k\u00ebrkon v\u00ebmendjen maksimale - FjALA e LIR\u00cb - Arkivi\" \/>\n<meta property=\"og:description\" content=\"M\u00eb dat\u00ebn 10 shtator do t\u00eb rifilloj\u00eb shkolla n\u00eb arsimin e ul\u00ebt dhe t\u00eb mes\u00ebm dhe ka koh\u00eb q\u00eb po flitet p\u00ebr rikonstruksione shkollash, pajisje p\u00ebr t\u00eb cilat kan\u00eb nevoj\u00eb ato apo edhe infrastruktur\u00eb m\u00eb t\u00eb mir\u00eb brenda tyre. N\u00eb k\u00ebt\u00eb pik\u00eb jemi t\u00eb gjith\u00eb dakord q\u00eb mjediset dhe komoditeti t\u00eb jet\u00eb sa m\u00eb i [&hellip;]\" \/>\n<meta property=\"og:url\" content=\"https:\/\/fjala.info\/2009-2015\/arsimi-shqiptar-kerkon-vemendjen-maksimale\/\" \/>\n<meta property=\"og:site_name\" content=\"FjALA e LIR\u00cb - Arkivi\" \/>\n<meta property=\"article:published_time\" content=\"2012-08-18T13:52:50+00:00\" \/>\n<meta property=\"og:image\" content=\"http:\/\/www.fjala.info\/2012\/arjan_kallco.jpg\" \/>\n<meta name=\"author\" content=\"admin\" \/>\n<meta name=\"twitter:card\" content=\"summary_large_image\" \/>\n<meta name=\"twitter:label1\" content=\"Written by\" \/>\n\t<meta name=\"twitter:data1\" content=\"admin\" \/>\n\t<meta name=\"twitter:label2\" content=\"Est. reading time\" \/>\n\t<meta name=\"twitter:data2\" content=\"5 minutes\" \/>\n<script type=\"application\/ld+json\" class=\"yoast-schema-graph\">{\"@context\":\"https:\\\/\\\/schema.org\",\"@graph\":[{\"@type\":\"Article\",\"@id\":\"https:\\\/\\\/fjala.info\\\/2009-2015\\\/arsimi-shqiptar-kerkon-vemendjen-maksimale\\\/#article\",\"isPartOf\":{\"@id\":\"https:\\\/\\\/fjala.info\\\/2009-2015\\\/arsimi-shqiptar-kerkon-vemendjen-maksimale\\\/\"},\"author\":{\"name\":\"admin\",\"@id\":\"https:\\\/\\\/fjala.info\\\/2009-2015\\\/#\\\/schema\\\/person\\\/3aa1163ef05469c496fc94e77611ada2\"},\"headline\":\"Arsimi shqiptar k\u00ebrkon v\u00ebmendjen maksimale\",\"datePublished\":\"2012-08-18T13:52:50+00:00\",\"mainEntityOfPage\":{\"@id\":\"https:\\\/\\\/fjala.info\\\/2009-2015\\\/arsimi-shqiptar-kerkon-vemendjen-maksimale\\\/\"},\"wordCount\":1015,\"commentCount\":0,\"publisher\":{\"@id\":\"https:\\\/\\\/fjala.info\\\/2009-2015\\\/#organization\"},\"image\":{\"@id\":\"https:\\\/\\\/fjala.info\\\/2009-2015\\\/arsimi-shqiptar-kerkon-vemendjen-maksimale\\\/#primaryimage\"},\"thumbnailUrl\":\"http:\\\/\\\/www.fjala.info\\\/2012\\\/arjan_kallco.jpg\",\"articleSection\":[\"Artikuj\"],\"inLanguage\":\"sq-AL\",\"potentialAction\":[{\"@type\":\"CommentAction\",\"name\":\"Comment\",\"target\":[\"https:\\\/\\\/fjala.info\\\/2009-2015\\\/arsimi-shqiptar-kerkon-vemendjen-maksimale\\\/#respond\"]}]},{\"@type\":\"WebPage\",\"@id\":\"https:\\\/\\\/fjala.info\\\/2009-2015\\\/arsimi-shqiptar-kerkon-vemendjen-maksimale\\\/\",\"url\":\"https:\\\/\\\/fjala.info\\\/2009-2015\\\/arsimi-shqiptar-kerkon-vemendjen-maksimale\\\/\",\"name\":\"Arsimi shqiptar k\u00ebrkon v\u00ebmendjen maksimale - FjALA e LIR\u00cb - Arkivi\",\"isPartOf\":{\"@id\":\"https:\\\/\\\/fjala.info\\\/2009-2015\\\/#website\"},\"primaryImageOfPage\":{\"@id\":\"https:\\\/\\\/fjala.info\\\/2009-2015\\\/arsimi-shqiptar-kerkon-vemendjen-maksimale\\\/#primaryimage\"},\"image\":{\"@id\":\"https:\\\/\\\/fjala.info\\\/2009-2015\\\/arsimi-shqiptar-kerkon-vemendjen-maksimale\\\/#primaryimage\"},\"thumbnailUrl\":\"http:\\\/\\\/www.fjala.info\\\/2012\\\/arjan_kallco.jpg\",\"datePublished\":\"2012-08-18T13:52:50+00:00\",\"breadcrumb\":{\"@id\":\"https:\\\/\\\/fjala.info\\\/2009-2015\\\/arsimi-shqiptar-kerkon-vemendjen-maksimale\\\/#breadcrumb\"},\"inLanguage\":\"sq-AL\",\"potentialAction\":[{\"@type\":\"ReadAction\",\"target\":[\"https:\\\/\\\/fjala.info\\\/2009-2015\\\/arsimi-shqiptar-kerkon-vemendjen-maksimale\\\/\"]}]},{\"@type\":\"ImageObject\",\"inLanguage\":\"sq-AL\",\"@id\":\"https:\\\/\\\/fjala.info\\\/2009-2015\\\/arsimi-shqiptar-kerkon-vemendjen-maksimale\\\/#primaryimage\",\"url\":\"http:\\\/\\\/www.fjala.info\\\/2012\\\/arjan_kallco.jpg\",\"contentUrl\":\"http:\\\/\\\/www.fjala.info\\\/2012\\\/arjan_kallco.jpg\"},{\"@type\":\"BreadcrumbList\",\"@id\":\"https:\\\/\\\/fjala.info\\\/2009-2015\\\/arsimi-shqiptar-kerkon-vemendjen-maksimale\\\/#breadcrumb\",\"itemListElement\":[{\"@type\":\"ListItem\",\"position\":1,\"name\":\"Home\",\"item\":\"https:\\\/\\\/fjala.info\\\/2009-2015\\\/\"},{\"@type\":\"ListItem\",\"position\":2,\"name\":\"Arsimi shqiptar k\u00ebrkon v\u00ebmendjen maksimale\"}]},{\"@type\":\"WebSite\",\"@id\":\"https:\\\/\\\/fjala.info\\\/2009-2015\\\/#website\",\"url\":\"https:\\\/\\\/fjala.info\\\/2009-2015\\\/\",\"name\":\"FjALA e LIR\u00cb - Arkivi\",\"description\":\"Arkivi 2009-2015\",\"publisher\":{\"@id\":\"https:\\\/\\\/fjala.info\\\/2009-2015\\\/#organization\"},\"potentialAction\":[{\"@type\":\"SearchAction\",\"target\":{\"@type\":\"EntryPoint\",\"urlTemplate\":\"https:\\\/\\\/fjala.info\\\/2009-2015\\\/?s={search_term_string}\"},\"query-input\":{\"@type\":\"PropertyValueSpecification\",\"valueRequired\":true,\"valueName\":\"search_term_string\"}}],\"inLanguage\":\"sq-AL\"},{\"@type\":\"Organization\",\"@id\":\"https:\\\/\\\/fjala.info\\\/2009-2015\\\/#organization\",\"name\":\"FjALA e LIR\u00cb - Arkivi\",\"url\":\"https:\\\/\\\/fjala.info\\\/2009-2015\\\/\",\"logo\":{\"@type\":\"ImageObject\",\"inLanguage\":\"sq-AL\",\"@id\":\"https:\\\/\\\/fjala.info\\\/2009-2015\\\/#\\\/schema\\\/logo\\\/image\\\/\",\"url\":\"\",\"contentUrl\":\"\",\"caption\":\"FjALA e LIR\u00cb - Arkivi\"},\"image\":{\"@id\":\"https:\\\/\\\/fjala.info\\\/2009-2015\\\/#\\\/schema\\\/logo\\\/image\\\/\"}},{\"@type\":\"Person\",\"@id\":\"https:\\\/\\\/fjala.info\\\/2009-2015\\\/#\\\/schema\\\/person\\\/3aa1163ef05469c496fc94e77611ada2\",\"name\":\"admin\",\"image\":{\"@type\":\"ImageObject\",\"inLanguage\":\"sq-AL\",\"@id\":\"https:\\\/\\\/fjala.info\\\/2009-2015\\\/wp-content\\\/uploads\\\/2012\\\/02\\\/arben_cokaj-120x150.jpg\",\"url\":\"https:\\\/\\\/fjala.info\\\/2009-2015\\\/wp-content\\\/uploads\\\/2012\\\/02\\\/arben_cokaj-120x150.jpg\",\"contentUrl\":\"https:\\\/\\\/fjala.info\\\/2009-2015\\\/wp-content\\\/uploads\\\/2012\\\/02\\\/arben_cokaj-120x150.jpg\",\"caption\":\"admin\"},\"description\":\"Admin, Fjala e Lir\u00eb\",\"sameAs\":[\"https:\\\/\\\/fjala.info\\\/\"],\"url\":\"https:\\\/\\\/fjala.info\\\/2009-2015\\\/author\\\/admin\\\/\"}]}<\/script>\n<!-- \/ Yoast SEO plugin. -->","yoast_head_json":{"title":"Arsimi shqiptar k\u00ebrkon v\u00ebmendjen maksimale - FjALA e LIR\u00cb - Arkivi","robots":{"index":"index","follow":"follow","max-snippet":"max-snippet:-1","max-image-preview":"max-image-preview:large","max-video-preview":"max-video-preview:-1"},"canonical":"https:\/\/fjala.info\/2009-2015\/arsimi-shqiptar-kerkon-vemendjen-maksimale\/","og_locale":"sq_AL","og_type":"article","og_title":"Arsimi shqiptar k\u00ebrkon v\u00ebmendjen maksimale - FjALA e LIR\u00cb - Arkivi","og_description":"M\u00eb dat\u00ebn 10 shtator do t\u00eb rifilloj\u00eb shkolla n\u00eb arsimin e ul\u00ebt dhe t\u00eb mes\u00ebm dhe ka koh\u00eb q\u00eb po flitet p\u00ebr rikonstruksione shkollash, pajisje p\u00ebr t\u00eb cilat kan\u00eb nevoj\u00eb ato apo edhe infrastruktur\u00eb m\u00eb t\u00eb mir\u00eb brenda tyre. N\u00eb k\u00ebt\u00eb pik\u00eb jemi t\u00eb gjith\u00eb dakord q\u00eb mjediset dhe komoditeti t\u00eb jet\u00eb sa m\u00eb i [&hellip;]","og_url":"https:\/\/fjala.info\/2009-2015\/arsimi-shqiptar-kerkon-vemendjen-maksimale\/","og_site_name":"FjALA e LIR\u00cb - Arkivi","article_published_time":"2012-08-18T13:52:50+00:00","og_image":[{"url":"http:\/\/www.fjala.info\/2012\/arjan_kallco.jpg","type":"","width":"","height":""}],"author":"admin","twitter_card":"summary_large_image","twitter_misc":{"Written by":"admin","Est. reading time":"5 minutes"},"schema":{"@context":"https:\/\/schema.org","@graph":[{"@type":"Article","@id":"https:\/\/fjala.info\/2009-2015\/arsimi-shqiptar-kerkon-vemendjen-maksimale\/#article","isPartOf":{"@id":"https:\/\/fjala.info\/2009-2015\/arsimi-shqiptar-kerkon-vemendjen-maksimale\/"},"author":{"name":"admin","@id":"https:\/\/fjala.info\/2009-2015\/#\/schema\/person\/3aa1163ef05469c496fc94e77611ada2"},"headline":"Arsimi shqiptar k\u00ebrkon v\u00ebmendjen maksimale","datePublished":"2012-08-18T13:52:50+00:00","mainEntityOfPage":{"@id":"https:\/\/fjala.info\/2009-2015\/arsimi-shqiptar-kerkon-vemendjen-maksimale\/"},"wordCount":1015,"commentCount":0,"publisher":{"@id":"https:\/\/fjala.info\/2009-2015\/#organization"},"image":{"@id":"https:\/\/fjala.info\/2009-2015\/arsimi-shqiptar-kerkon-vemendjen-maksimale\/#primaryimage"},"thumbnailUrl":"http:\/\/www.fjala.info\/2012\/arjan_kallco.jpg","articleSection":["Artikuj"],"inLanguage":"sq-AL","potentialAction":[{"@type":"CommentAction","name":"Comment","target":["https:\/\/fjala.info\/2009-2015\/arsimi-shqiptar-kerkon-vemendjen-maksimale\/#respond"]}]},{"@type":"WebPage","@id":"https:\/\/fjala.info\/2009-2015\/arsimi-shqiptar-kerkon-vemendjen-maksimale\/","url":"https:\/\/fjala.info\/2009-2015\/arsimi-shqiptar-kerkon-vemendjen-maksimale\/","name":"Arsimi shqiptar k\u00ebrkon v\u00ebmendjen maksimale - FjALA e LIR\u00cb - Arkivi","isPartOf":{"@id":"https:\/\/fjala.info\/2009-2015\/#website"},"primaryImageOfPage":{"@id":"https:\/\/fjala.info\/2009-2015\/arsimi-shqiptar-kerkon-vemendjen-maksimale\/#primaryimage"},"image":{"@id":"https:\/\/fjala.info\/2009-2015\/arsimi-shqiptar-kerkon-vemendjen-maksimale\/#primaryimage"},"thumbnailUrl":"http:\/\/www.fjala.info\/2012\/arjan_kallco.jpg","datePublished":"2012-08-18T13:52:50+00:00","breadcrumb":{"@id":"https:\/\/fjala.info\/2009-2015\/arsimi-shqiptar-kerkon-vemendjen-maksimale\/#breadcrumb"},"inLanguage":"sq-AL","potentialAction":[{"@type":"ReadAction","target":["https:\/\/fjala.info\/2009-2015\/arsimi-shqiptar-kerkon-vemendjen-maksimale\/"]}]},{"@type":"ImageObject","inLanguage":"sq-AL","@id":"https:\/\/fjala.info\/2009-2015\/arsimi-shqiptar-kerkon-vemendjen-maksimale\/#primaryimage","url":"http:\/\/www.fjala.info\/2012\/arjan_kallco.jpg","contentUrl":"http:\/\/www.fjala.info\/2012\/arjan_kallco.jpg"},{"@type":"BreadcrumbList","@id":"https:\/\/fjala.info\/2009-2015\/arsimi-shqiptar-kerkon-vemendjen-maksimale\/#breadcrumb","itemListElement":[{"@type":"ListItem","position":1,"name":"Home","item":"https:\/\/fjala.info\/2009-2015\/"},{"@type":"ListItem","position":2,"name":"Arsimi shqiptar k\u00ebrkon v\u00ebmendjen maksimale"}]},{"@type":"WebSite","@id":"https:\/\/fjala.info\/2009-2015\/#website","url":"https:\/\/fjala.info\/2009-2015\/","name":"FjALA e LIR\u00cb - Arkivi","description":"Arkivi 2009-2015","publisher":{"@id":"https:\/\/fjala.info\/2009-2015\/#organization"},"potentialAction":[{"@type":"SearchAction","target":{"@type":"EntryPoint","urlTemplate":"https:\/\/fjala.info\/2009-2015\/?s={search_term_string}"},"query-input":{"@type":"PropertyValueSpecification","valueRequired":true,"valueName":"search_term_string"}}],"inLanguage":"sq-AL"},{"@type":"Organization","@id":"https:\/\/fjala.info\/2009-2015\/#organization","name":"FjALA e LIR\u00cb - Arkivi","url":"https:\/\/fjala.info\/2009-2015\/","logo":{"@type":"ImageObject","inLanguage":"sq-AL","@id":"https:\/\/fjala.info\/2009-2015\/#\/schema\/logo\/image\/","url":"","contentUrl":"","caption":"FjALA e LIR\u00cb - Arkivi"},"image":{"@id":"https:\/\/fjala.info\/2009-2015\/#\/schema\/logo\/image\/"}},{"@type":"Person","@id":"https:\/\/fjala.info\/2009-2015\/#\/schema\/person\/3aa1163ef05469c496fc94e77611ada2","name":"admin","image":{"@type":"ImageObject","inLanguage":"sq-AL","@id":"https:\/\/fjala.info\/2009-2015\/wp-content\/uploads\/2012\/02\/arben_cokaj-120x150.jpg","url":"https:\/\/fjala.info\/2009-2015\/wp-content\/uploads\/2012\/02\/arben_cokaj-120x150.jpg","contentUrl":"https:\/\/fjala.info\/2009-2015\/wp-content\/uploads\/2012\/02\/arben_cokaj-120x150.jpg","caption":"admin"},"description":"Admin, Fjala e Lir\u00eb","sameAs":["https:\/\/fjala.info\/"],"url":"https:\/\/fjala.info\/2009-2015\/author\/admin\/"}]}},"_links":{"self":[{"href":"https:\/\/fjala.info\/2009-2015\/wp-json\/wp\/v2\/posts\/12021","targetHints":{"allow":["GET"]}}],"collection":[{"href":"https:\/\/fjala.info\/2009-2015\/wp-json\/wp\/v2\/posts"}],"about":[{"href":"https:\/\/fjala.info\/2009-2015\/wp-json\/wp\/v2\/types\/post"}],"author":[{"embeddable":true,"href":"https:\/\/fjala.info\/2009-2015\/wp-json\/wp\/v2\/users\/1"}],"replies":[{"embeddable":true,"href":"https:\/\/fjala.info\/2009-2015\/wp-json\/wp\/v2\/comments?post=12021"}],"version-history":[{"count":0,"href":"https:\/\/fjala.info\/2009-2015\/wp-json\/wp\/v2\/posts\/12021\/revisions"}],"wp:attachment":[{"href":"https:\/\/fjala.info\/2009-2015\/wp-json\/wp\/v2\/media?parent=12021"}],"wp:term":[{"taxonomy":"category","embeddable":true,"href":"https:\/\/fjala.info\/2009-2015\/wp-json\/wp\/v2\/categories?post=12021"},{"taxonomy":"post_tag","embeddable":true,"href":"https:\/\/fjala.info\/2009-2015\/wp-json\/wp\/v2\/tags?post=12021"}],"curies":[{"name":"wp","href":"https:\/\/api.w.org\/{rel}","templated":true}]}}