{"id":12020,"date":"2012-08-18T07:36:51","date_gmt":"2012-08-18T06:36:51","guid":{"rendered":"http:\/\/www.fjala.info\/?p=4485"},"modified":"2012-08-18T07:36:51","modified_gmt":"2012-08-18T06:36:51","slug":"pafajesia-e-humbur-e-brezit-te-ri","status":"publish","type":"post","link":"https:\/\/fjala.info\/2009-2015\/pafajesia-e-humbur-e-brezit-te-ri\/","title":{"rendered":"Pafaj\u00ebsia e humbur e brezit t\u00eb ri"},"content":{"rendered":"<p><img decoding=\"async\" class=\"alignleft size-thumbnail wp-image-7236\" title=\"Nazmie Visha\" src=\"http:\/\/www.fjala.info\/2012\/nazmie_visha.jpg\" alt=\"\" width=\"200\" \/> Nga <strong>Elliot Sacchi<\/strong>, <em>17 Gusht 2012<\/em><\/p>\n<p>Shqip\u0205ria mund te jet\u0205 e dyta pas Gjermanis\u0205 p\u0205r rritje ekonomike, Shqip\u0205ria mund t\u0205 jet\u0205 n\u0205 mosh\u0205n e internetit, Shqiptar\u0205t mund t\u0205 jen\u0205 m\u0205 t\u0205 lumturit n\u0205 bot\u0205 por f\u0205mij\u0205t n\u0205 Shqip\u0205ri po rriten sikur papritur kan\u0205 zbritur n\u0205 mesjet\u0205. F\u0205mij\u0205 q\u0205 gjymtohen ose rriten jetim p\u0205r shkak t\u0205 pap\u0205rgjegjshm\u0205ris\u0205 s\u0205 atyre q\u0205 ngasin makinat, f\u0205mij\u0205 t\u0205 ngujuar n\u0205p\u0205r kullat e gjakmarrjes q\u0205 lul\u0205zon nga mosdija dhe mungesa e ligjit, f\u0205mij\u0205 q\u0205 u rr\u0205mbehet jeta e n\u0205n\u0205s p\u0205r nj\u0205 var\u0205se p\u0205rpara syve, f\u0205mij\u0205 q\u0205 rriten duke shitur paketa cigare dhe sh\u0205rbime sociale q\u0205 p\u0205rkujdesen me devotshm\u0205ri p\u0205r \u2026 karrigen e tyre dhe qeverin\u0205.<\/p>\n<p>K\u0205to dit\u0205 nj\u0205 vajz\u0205 18 vje\u00e7e ka b\u0205r\u0205 nj\u0205 krim pasioni, ka vrar\u0205 at\u0205 q\u0205 e ka p\u0205rdhunuar kur ka qen\u0205 n\u0205n mosh\u0205. Jeta e saj sot nuk \u0205sht\u0205 si jeta e shum\u0205 18 vje\u00e7areve Europian\u0205, madje \u0205sht\u0205 shum\u0205 larg. Ajo u rrit pa e kuptuar dhe besoj se nuk e ka kuptuar akoma edhe sot, se monstra q\u0205 vrau i kishte marr\u0205 di\u00e7ka q\u0205 nuk kthehet m\u0205; pafaj\u0205sine f\u0205mij\u0205rore. Si kjo histori ka shum\u0205, disa ngjasojn\u0205 me t\u0205, e disa t\u0205 tjera jo, disa i kemi par\u0205 e d\u0205gjuar, e shum\u0205 t\u0205 tjera jo, por ajo q\u0205 \u0205sht\u0205 m\u0205 e r\u0205nd\u0205sishme brezi i ri po rritet i gjymtuar dhe i traumatizuar.<\/p>\n<p>Gjat\u0205 lojrave olimpike n\u0205 Lond\u0205r ndodhi nj\u0205 ngjarje e r\u0205nd\u0205, nj\u0205 vajz\u0205 12 vjecare Tia Sharp u gjet e dhunuar dhe e vrar\u0205 n\u0205 papafingon e sht\u0205pis\u0205 se gjyshes s\u0205 saj. I dashuri i gjyshes u arrestua pak or\u0205 pas gjetjes s\u0205 trupit pasi ishte personi q\u0205 kishte kaluar nat\u0205n i vet\u0205m me vajz\u0205n e gjor\u0205. Ai tashm\u0205 e ka pranuar krimin por ajo q\u0205 t\u0205 bie n\u0205 sy \u0205sht\u0205 ngjashm\u0205ria e zanafill\u0205s s\u0205 k\u0205saj ngjarje me at\u0205 t\u0205 Nazime Vish\u0205s. T\u0205 dyja vajzat jan\u0205 dhunuar duke qen\u0205 n\u0205n mosh\u0205 vet\u0205m se k\u0205tu, dy vajzat ndahen nga dy bot\u0205 t\u0205 ndryshme. Tia u rrit ne kushte m\u0205 t\u0205 mira banimi nd\u0205rsa Nazime Visha jo, Tia u edukua n\u0205 nj\u0205 shkoll\u0205 ku p\u0205rve\u00e7 l\u0205nd\u0205ve shkencore t\u0205 m\u0205sojn\u0205 edhe p\u0205r sjelljen edhe p\u0205r rreziqet q\u0205 rrethojn\u0205 f\u0205mij\u0205t sot, kurse Nazime Visha jo. Tia u vra sepse ajo e kuptoi ate q\u0205 i ndodhi nd\u0205rsa Nazimja edhe sot nuk e ka kuptuar akoma qe \u0205sht\u0205 viktim\u0205 e nj\u0205 pedofili madje kishte r\u0205n\u0205 n\u0205 dashuri me t\u0205.<\/p>\n<p>Historia e saj nxjerr n\u0205 pah mang\u0205sit\u0205 e sistemit t\u0205 edukimit n\u0205 Shqip\u0205ri n\u0205 qoft\u0205 se mund ta quajm\u0205 sistem. Ja pse rinia sot rritet me nj\u0205 mentalitet t\u0205 ndrysh\u0205m nga bota e zhvilluar ku k\u0205rkojm\u0205 t\u0205 integrohemi, ja pse ne nuk jemi gati ti bashkohemi familjes Europiane. Kjo vajz\u0205 e varf\u0205r Shqiptare morri nj\u0205 jet\u0205 dhe kjo do t\u0205 jet\u0205 e ngulitur n\u0205 m\u0205ndjen e saj pavar\u0205sisht n\u0205se b\u0205ri mire apo keq. Kjo vajz\u0205 \u0205sht\u0205 tashm\u0205 e d\u0205mtuar p\u0205r jet\u0205 fal\u0205 paaft\u0205sis\u0205 s\u0205 shtetit t\u0205 saj p\u0205r ta edukuar e mbrojtur. Ajo sot ka nevoj\u0205 per nj\u0205 trajtim intensiv psikologjik dhe jo nj\u0205 vizit\u0205 nga ministri n\u0205 sht\u0205pin\u0205 e viktim\u0205s. Ajo sot ka nevoj\u0205 t\u0205 rifitoj\u0205 jet\u0205n e humbur dhe jo te p\u0205rflitet n\u0205p\u0205r gazeta q\u0205 k\u0205rkojn\u0205 ta kthejn\u0205 tragjedin\u0205 e saj n\u0205 soap opera p\u0205r kurioz\u0205t e pashpirt q\u0205 k\u0205naqin kureshtjen e tyre duke shp\u0205rfillur jet\u0205t e prekura nga kjo tragjedi.<\/p>\n<p>Kushdo q\u0205 \u0205sht\u0205 prind sot n\u0205 Shqip\u0205ri duhet t\u0205 ul\u0205rij\u0205 edhe sikur t\u2019u ket\u0205 krijuar f\u0205mij\u0205ve t\u0205 tij kushtet m\u0205 t\u0205 mira, pasi vet\u0205m lajme t\u0205 tilla n\u0205 vesh\u0205t e f\u0205mij\u0205ve t\u0205 tyre, mjafton p\u0205r t\u2019i traumatizuar ato. Kushdo q\u0205 lind e jeton n\u0205 k\u0205t\u0205 vend sot, rritet me normalitetin e anomalis\u0205 m\u0205 t\u0205 eg\u0205r q\u0205 nj\u0205 shoq\u0205ri mund t\u0205 p\u0205rballet. Kushdo q\u0205 \u0205sht\u0205 prind duhet t\u0205 k\u0205rkoj\u0205 me force nga kjo qeveri nj\u0205 ambient t\u0205 sh\u0205ndetsh\u0205m p\u0205r f\u0205mij\u0205t e tyre ose p\u0205r ndryshe ta largoj\u0205 at\u0205 me force. Ne jemi sot t\u0205 vet\u0205dijsh\u0205m se kjo qeveri ka vet\u0205m nj\u0205 sukses, ate t\u0205 pasurimit me an\u0205 t\u0205 korrupsionit. Nj\u0205 Kryeminist\u0205r g\u0205njeshtar nuk mundet kurr\u0205 t\u2019i siguroj\u0205 f\u0205mij\u0205ve tuaj nj\u0205 rritje t\u0205 ndershme dhe sado q\u0205 ndokush do t\u0205 mundohet t\u2019i edukoj\u0205 f\u0205mij\u0205t e tij, vorbulla e anomalis\u0205 do t\u2019i p\u0205rpij\u0205 ata n\u0205 nj\u0205 bot\u0205 ku mbijetesa shkat\u0205rron \u00e7do moral.<\/p>\n<p>P\u0205r t\u0205 ardhmen jo mesjetare t\u0205 f\u0205mij\u0205ve tuaj, ju sot duhet t\u0205 ngriheni dhe t\u2019i shkulni dh\u0205mb\u0205t k\u0205tij sistemi t\u0205 kalbur q\u0205 po ju vjedh gj\u0205n\u0205 m\u0205 t\u0205 \u00e7muar q\u0205 nj\u0205 prind mund t\u0205 ket\u0205, pafaj\u0205sin\u0205 e f\u0205mij\u0205ve te tij. Fatkeq\u0205sisht disa kan\u0205 nj\u0205 kapacitet mendor t\u0205 cek\u0205t dhe nuk do t\u0205 arrijn\u0205 kurr\u0205 t\u0205 perceptojn\u0205 se e ardhmja e f\u0205mij\u0205ve t\u0205 tyre \u0205sht\u0205 m\u0205 e r\u0205nd\u0205sishme se sa tifozll\u0205ku p\u0205r nj\u0205 parti ose tjetr\u0205n. K\u0205ta jan\u0205 vet\u0205 viktimat e sistemit ku jan\u0205 rritur dhe gjith\u00e7ka rrotullohet n\u0205 nj\u0205 rreth vicioz. E vetmja m\u0205nyr\u0205 p\u0205r t\u0205 k\u0205rcyer jasht\u0205 k\u0205tij rrethi \u0205sht\u0205 t\u0205 shoh\u0205sh interesin e familjes dhe t\u0205 k\u0205rkosh nga ata q\u0205 t\u2019i i voton t\u0205 t\u0205 qeverisin me t\u0205 nj\u0205jtat kushte q\u0205 \u00e7do f\u0205mij\u0205 Europian i ka sot. Nuk \u0205sht\u0205 as \u0205nd\u0205rr as e pamundur q\u0205 t\u0205 k\u0205rkosh me forc\u0205n e shpirtit t\u0205 ardhme m\u0205 t\u0205 mir\u0205 p\u0205r familjen t\u0205nde.<\/p>\n<p>Ne sot nuk na duhet t\u0205 hyjm\u0205 n\u0205 Europ\u0205 por t\u0205 fusim Europ\u0205n n\u0205 Shqip\u0205ri dhe deri sa t\u0205 b\u0205het kjo, p\u0205rdit\u0205 do t\u0205 d\u0205gjojm\u0205 dhe p\u0205rjetojm\u0205 histori t\u0205 dhimbshme.<\/p>\n<p>http:\/\/respublica.al\/opinion\/2012\/08\/17\/pafajesia-e-humbur-e-brezit-te-ri<\/p>\n","protected":false},"excerpt":{"rendered":"<p>Nga Elliot Sacchi, 17 Gusht 2012 Shqip\u0205ria mund te jet\u0205 e dyta pas Gjermanis\u0205 p\u0205r rritje ekonomike, Shqip\u0205ria mund t\u0205 jet\u0205 n\u0205 mosh\u0205n e internetit, Shqiptar\u0205t mund t\u0205 jen\u0205 m\u0205 t\u0205 lumturit n\u0205 bot\u0205 por f\u0205mij\u0205t n\u0205 Shqip\u0205ri po rriten sikur papritur kan\u0205 zbritur n\u0205 mesjet\u0205. F\u0205mij\u0205 q\u0205 gjymtohen ose rriten jetim p\u0205r shkak t\u0205 [&hellip;]<\/p>\n","protected":false},"author":1,"featured_media":0,"comment_status":"open","ping_status":"closed","sticky":false,"template":"","format":"standard","meta":{"footnotes":""},"categories":[2],"tags":[],"class_list":{"0":"post-12020","1":"post","2":"type-post","3":"status-publish","4":"format-standard","6":"category-artikuj"},"yoast_head":"<!-- This site is optimized with the Yoast SEO plugin v27.4 - https:\/\/yoast.com\/product\/yoast-seo-wordpress\/ -->\n<title>Pafaj\u00ebsia e humbur e brezit t\u00eb ri - FjALA e LIR\u00cb - Arkivi<\/title>\n<meta name=\"robots\" content=\"index, follow, max-snippet:-1, max-image-preview:large, max-video-preview:-1\" \/>\n<link rel=\"canonical\" href=\"https:\/\/fjala.info\/2009-2015\/pafajesia-e-humbur-e-brezit-te-ri\/\" \/>\n<meta property=\"og:locale\" content=\"sq_AL\" \/>\n<meta property=\"og:type\" content=\"article\" \/>\n<meta property=\"og:title\" content=\"Pafaj\u00ebsia e humbur e brezit t\u00eb ri - FjALA e LIR\u00cb - Arkivi\" \/>\n<meta property=\"og:description\" content=\"Nga Elliot Sacchi, 17 Gusht 2012 Shqip\u0205ria mund te jet\u0205 e dyta pas Gjermanis\u0205 p\u0205r rritje ekonomike, Shqip\u0205ria mund t\u0205 jet\u0205 n\u0205 mosh\u0205n e internetit, Shqiptar\u0205t mund t\u0205 jen\u0205 m\u0205 t\u0205 lumturit n\u0205 bot\u0205 por f\u0205mij\u0205t n\u0205 Shqip\u0205ri po rriten sikur papritur kan\u0205 zbritur n\u0205 mesjet\u0205. F\u0205mij\u0205 q\u0205 gjymtohen ose rriten jetim p\u0205r shkak t\u0205 [&hellip;]\" \/>\n<meta property=\"og:url\" content=\"https:\/\/fjala.info\/2009-2015\/pafajesia-e-humbur-e-brezit-te-ri\/\" \/>\n<meta property=\"og:site_name\" content=\"FjALA e LIR\u00cb - Arkivi\" \/>\n<meta property=\"article:published_time\" content=\"2012-08-18T06:36:51+00:00\" \/>\n<meta property=\"og:image\" content=\"http:\/\/www.fjala.info\/2012\/nazmie_visha.jpg\" \/>\n<meta name=\"author\" content=\"admin\" \/>\n<meta name=\"twitter:card\" content=\"summary_large_image\" \/>\n<meta name=\"twitter:label1\" content=\"Written by\" \/>\n\t<meta name=\"twitter:data1\" content=\"admin\" \/>\n\t<meta name=\"twitter:label2\" content=\"Est. reading time\" \/>\n\t<meta name=\"twitter:data2\" content=\"5 minutes\" \/>\n<script type=\"application\/ld+json\" class=\"yoast-schema-graph\">{\"@context\":\"https:\\\/\\\/schema.org\",\"@graph\":[{\"@type\":\"Article\",\"@id\":\"https:\\\/\\\/fjala.info\\\/2009-2015\\\/pafajesia-e-humbur-e-brezit-te-ri\\\/#article\",\"isPartOf\":{\"@id\":\"https:\\\/\\\/fjala.info\\\/2009-2015\\\/pafajesia-e-humbur-e-brezit-te-ri\\\/\"},\"author\":{\"name\":\"admin\",\"@id\":\"https:\\\/\\\/fjala.info\\\/2009-2015\\\/#\\\/schema\\\/person\\\/3aa1163ef05469c496fc94e77611ada2\"},\"headline\":\"Pafaj\u00ebsia e humbur e brezit t\u00eb ri\",\"datePublished\":\"2012-08-18T06:36:51+00:00\",\"mainEntityOfPage\":{\"@id\":\"https:\\\/\\\/fjala.info\\\/2009-2015\\\/pafajesia-e-humbur-e-brezit-te-ri\\\/\"},\"wordCount\":1052,\"commentCount\":0,\"publisher\":{\"@id\":\"https:\\\/\\\/fjala.info\\\/2009-2015\\\/#organization\"},\"image\":{\"@id\":\"https:\\\/\\\/fjala.info\\\/2009-2015\\\/pafajesia-e-humbur-e-brezit-te-ri\\\/#primaryimage\"},\"thumbnailUrl\":\"http:\\\/\\\/www.fjala.info\\\/2012\\\/nazmie_visha.jpg\",\"articleSection\":[\"Artikuj\"],\"inLanguage\":\"sq-AL\",\"potentialAction\":[{\"@type\":\"CommentAction\",\"name\":\"Comment\",\"target\":[\"https:\\\/\\\/fjala.info\\\/2009-2015\\\/pafajesia-e-humbur-e-brezit-te-ri\\\/#respond\"]}]},{\"@type\":\"WebPage\",\"@id\":\"https:\\\/\\\/fjala.info\\\/2009-2015\\\/pafajesia-e-humbur-e-brezit-te-ri\\\/\",\"url\":\"https:\\\/\\\/fjala.info\\\/2009-2015\\\/pafajesia-e-humbur-e-brezit-te-ri\\\/\",\"name\":\"Pafaj\u00ebsia e humbur e brezit t\u00eb ri - FjALA e LIR\u00cb - Arkivi\",\"isPartOf\":{\"@id\":\"https:\\\/\\\/fjala.info\\\/2009-2015\\\/#website\"},\"primaryImageOfPage\":{\"@id\":\"https:\\\/\\\/fjala.info\\\/2009-2015\\\/pafajesia-e-humbur-e-brezit-te-ri\\\/#primaryimage\"},\"image\":{\"@id\":\"https:\\\/\\\/fjala.info\\\/2009-2015\\\/pafajesia-e-humbur-e-brezit-te-ri\\\/#primaryimage\"},\"thumbnailUrl\":\"http:\\\/\\\/www.fjala.info\\\/2012\\\/nazmie_visha.jpg\",\"datePublished\":\"2012-08-18T06:36:51+00:00\",\"breadcrumb\":{\"@id\":\"https:\\\/\\\/fjala.info\\\/2009-2015\\\/pafajesia-e-humbur-e-brezit-te-ri\\\/#breadcrumb\"},\"inLanguage\":\"sq-AL\",\"potentialAction\":[{\"@type\":\"ReadAction\",\"target\":[\"https:\\\/\\\/fjala.info\\\/2009-2015\\\/pafajesia-e-humbur-e-brezit-te-ri\\\/\"]}]},{\"@type\":\"ImageObject\",\"inLanguage\":\"sq-AL\",\"@id\":\"https:\\\/\\\/fjala.info\\\/2009-2015\\\/pafajesia-e-humbur-e-brezit-te-ri\\\/#primaryimage\",\"url\":\"http:\\\/\\\/www.fjala.info\\\/2012\\\/nazmie_visha.jpg\",\"contentUrl\":\"http:\\\/\\\/www.fjala.info\\\/2012\\\/nazmie_visha.jpg\"},{\"@type\":\"BreadcrumbList\",\"@id\":\"https:\\\/\\\/fjala.info\\\/2009-2015\\\/pafajesia-e-humbur-e-brezit-te-ri\\\/#breadcrumb\",\"itemListElement\":[{\"@type\":\"ListItem\",\"position\":1,\"name\":\"Home\",\"item\":\"https:\\\/\\\/fjala.info\\\/2009-2015\\\/\"},{\"@type\":\"ListItem\",\"position\":2,\"name\":\"Pafaj\u00ebsia e humbur e brezit t\u00eb ri\"}]},{\"@type\":\"WebSite\",\"@id\":\"https:\\\/\\\/fjala.info\\\/2009-2015\\\/#website\",\"url\":\"https:\\\/\\\/fjala.info\\\/2009-2015\\\/\",\"name\":\"FjALA e LIR\u00cb - Arkivi\",\"description\":\"Arkivi 2009-2015\",\"publisher\":{\"@id\":\"https:\\\/\\\/fjala.info\\\/2009-2015\\\/#organization\"},\"potentialAction\":[{\"@type\":\"SearchAction\",\"target\":{\"@type\":\"EntryPoint\",\"urlTemplate\":\"https:\\\/\\\/fjala.info\\\/2009-2015\\\/?s={search_term_string}\"},\"query-input\":{\"@type\":\"PropertyValueSpecification\",\"valueRequired\":true,\"valueName\":\"search_term_string\"}}],\"inLanguage\":\"sq-AL\"},{\"@type\":\"Organization\",\"@id\":\"https:\\\/\\\/fjala.info\\\/2009-2015\\\/#organization\",\"name\":\"FjALA e LIR\u00cb - Arkivi\",\"url\":\"https:\\\/\\\/fjala.info\\\/2009-2015\\\/\",\"logo\":{\"@type\":\"ImageObject\",\"inLanguage\":\"sq-AL\",\"@id\":\"https:\\\/\\\/fjala.info\\\/2009-2015\\\/#\\\/schema\\\/logo\\\/image\\\/\",\"url\":\"\",\"contentUrl\":\"\",\"caption\":\"FjALA e LIR\u00cb - Arkivi\"},\"image\":{\"@id\":\"https:\\\/\\\/fjala.info\\\/2009-2015\\\/#\\\/schema\\\/logo\\\/image\\\/\"}},{\"@type\":\"Person\",\"@id\":\"https:\\\/\\\/fjala.info\\\/2009-2015\\\/#\\\/schema\\\/person\\\/3aa1163ef05469c496fc94e77611ada2\",\"name\":\"admin\",\"image\":{\"@type\":\"ImageObject\",\"inLanguage\":\"sq-AL\",\"@id\":\"https:\\\/\\\/fjala.info\\\/2009-2015\\\/wp-content\\\/uploads\\\/2012\\\/02\\\/arben_cokaj-120x150.jpg\",\"url\":\"https:\\\/\\\/fjala.info\\\/2009-2015\\\/wp-content\\\/uploads\\\/2012\\\/02\\\/arben_cokaj-120x150.jpg\",\"contentUrl\":\"https:\\\/\\\/fjala.info\\\/2009-2015\\\/wp-content\\\/uploads\\\/2012\\\/02\\\/arben_cokaj-120x150.jpg\",\"caption\":\"admin\"},\"description\":\"Admin, Fjala e Lir\u00eb\",\"sameAs\":[\"https:\\\/\\\/fjala.info\\\/\"],\"url\":\"https:\\\/\\\/fjala.info\\\/2009-2015\\\/author\\\/admin\\\/\"}]}<\/script>\n<!-- \/ Yoast SEO plugin. -->","yoast_head_json":{"title":"Pafaj\u00ebsia e humbur e brezit t\u00eb ri - FjALA e LIR\u00cb - Arkivi","robots":{"index":"index","follow":"follow","max-snippet":"max-snippet:-1","max-image-preview":"max-image-preview:large","max-video-preview":"max-video-preview:-1"},"canonical":"https:\/\/fjala.info\/2009-2015\/pafajesia-e-humbur-e-brezit-te-ri\/","og_locale":"sq_AL","og_type":"article","og_title":"Pafaj\u00ebsia e humbur e brezit t\u00eb ri - FjALA e LIR\u00cb - Arkivi","og_description":"Nga Elliot Sacchi, 17 Gusht 2012 Shqip\u0205ria mund te jet\u0205 e dyta pas Gjermanis\u0205 p\u0205r rritje ekonomike, Shqip\u0205ria mund t\u0205 jet\u0205 n\u0205 mosh\u0205n e internetit, Shqiptar\u0205t mund t\u0205 jen\u0205 m\u0205 t\u0205 lumturit n\u0205 bot\u0205 por f\u0205mij\u0205t n\u0205 Shqip\u0205ri po rriten sikur papritur kan\u0205 zbritur n\u0205 mesjet\u0205. F\u0205mij\u0205 q\u0205 gjymtohen ose rriten jetim p\u0205r shkak t\u0205 [&hellip;]","og_url":"https:\/\/fjala.info\/2009-2015\/pafajesia-e-humbur-e-brezit-te-ri\/","og_site_name":"FjALA e LIR\u00cb - Arkivi","article_published_time":"2012-08-18T06:36:51+00:00","og_image":[{"url":"http:\/\/www.fjala.info\/2012\/nazmie_visha.jpg","type":"","width":"","height":""}],"author":"admin","twitter_card":"summary_large_image","twitter_misc":{"Written by":"admin","Est. reading time":"5 minutes"},"schema":{"@context":"https:\/\/schema.org","@graph":[{"@type":"Article","@id":"https:\/\/fjala.info\/2009-2015\/pafajesia-e-humbur-e-brezit-te-ri\/#article","isPartOf":{"@id":"https:\/\/fjala.info\/2009-2015\/pafajesia-e-humbur-e-brezit-te-ri\/"},"author":{"name":"admin","@id":"https:\/\/fjala.info\/2009-2015\/#\/schema\/person\/3aa1163ef05469c496fc94e77611ada2"},"headline":"Pafaj\u00ebsia e humbur e brezit t\u00eb ri","datePublished":"2012-08-18T06:36:51+00:00","mainEntityOfPage":{"@id":"https:\/\/fjala.info\/2009-2015\/pafajesia-e-humbur-e-brezit-te-ri\/"},"wordCount":1052,"commentCount":0,"publisher":{"@id":"https:\/\/fjala.info\/2009-2015\/#organization"},"image":{"@id":"https:\/\/fjala.info\/2009-2015\/pafajesia-e-humbur-e-brezit-te-ri\/#primaryimage"},"thumbnailUrl":"http:\/\/www.fjala.info\/2012\/nazmie_visha.jpg","articleSection":["Artikuj"],"inLanguage":"sq-AL","potentialAction":[{"@type":"CommentAction","name":"Comment","target":["https:\/\/fjala.info\/2009-2015\/pafajesia-e-humbur-e-brezit-te-ri\/#respond"]}]},{"@type":"WebPage","@id":"https:\/\/fjala.info\/2009-2015\/pafajesia-e-humbur-e-brezit-te-ri\/","url":"https:\/\/fjala.info\/2009-2015\/pafajesia-e-humbur-e-brezit-te-ri\/","name":"Pafaj\u00ebsia e humbur e brezit t\u00eb ri - FjALA e LIR\u00cb - Arkivi","isPartOf":{"@id":"https:\/\/fjala.info\/2009-2015\/#website"},"primaryImageOfPage":{"@id":"https:\/\/fjala.info\/2009-2015\/pafajesia-e-humbur-e-brezit-te-ri\/#primaryimage"},"image":{"@id":"https:\/\/fjala.info\/2009-2015\/pafajesia-e-humbur-e-brezit-te-ri\/#primaryimage"},"thumbnailUrl":"http:\/\/www.fjala.info\/2012\/nazmie_visha.jpg","datePublished":"2012-08-18T06:36:51+00:00","breadcrumb":{"@id":"https:\/\/fjala.info\/2009-2015\/pafajesia-e-humbur-e-brezit-te-ri\/#breadcrumb"},"inLanguage":"sq-AL","potentialAction":[{"@type":"ReadAction","target":["https:\/\/fjala.info\/2009-2015\/pafajesia-e-humbur-e-brezit-te-ri\/"]}]},{"@type":"ImageObject","inLanguage":"sq-AL","@id":"https:\/\/fjala.info\/2009-2015\/pafajesia-e-humbur-e-brezit-te-ri\/#primaryimage","url":"http:\/\/www.fjala.info\/2012\/nazmie_visha.jpg","contentUrl":"http:\/\/www.fjala.info\/2012\/nazmie_visha.jpg"},{"@type":"BreadcrumbList","@id":"https:\/\/fjala.info\/2009-2015\/pafajesia-e-humbur-e-brezit-te-ri\/#breadcrumb","itemListElement":[{"@type":"ListItem","position":1,"name":"Home","item":"https:\/\/fjala.info\/2009-2015\/"},{"@type":"ListItem","position":2,"name":"Pafaj\u00ebsia e humbur e brezit t\u00eb ri"}]},{"@type":"WebSite","@id":"https:\/\/fjala.info\/2009-2015\/#website","url":"https:\/\/fjala.info\/2009-2015\/","name":"FjALA e LIR\u00cb - Arkivi","description":"Arkivi 2009-2015","publisher":{"@id":"https:\/\/fjala.info\/2009-2015\/#organization"},"potentialAction":[{"@type":"SearchAction","target":{"@type":"EntryPoint","urlTemplate":"https:\/\/fjala.info\/2009-2015\/?s={search_term_string}"},"query-input":{"@type":"PropertyValueSpecification","valueRequired":true,"valueName":"search_term_string"}}],"inLanguage":"sq-AL"},{"@type":"Organization","@id":"https:\/\/fjala.info\/2009-2015\/#organization","name":"FjALA e LIR\u00cb - Arkivi","url":"https:\/\/fjala.info\/2009-2015\/","logo":{"@type":"ImageObject","inLanguage":"sq-AL","@id":"https:\/\/fjala.info\/2009-2015\/#\/schema\/logo\/image\/","url":"","contentUrl":"","caption":"FjALA e LIR\u00cb - Arkivi"},"image":{"@id":"https:\/\/fjala.info\/2009-2015\/#\/schema\/logo\/image\/"}},{"@type":"Person","@id":"https:\/\/fjala.info\/2009-2015\/#\/schema\/person\/3aa1163ef05469c496fc94e77611ada2","name":"admin","image":{"@type":"ImageObject","inLanguage":"sq-AL","@id":"https:\/\/fjala.info\/2009-2015\/wp-content\/uploads\/2012\/02\/arben_cokaj-120x150.jpg","url":"https:\/\/fjala.info\/2009-2015\/wp-content\/uploads\/2012\/02\/arben_cokaj-120x150.jpg","contentUrl":"https:\/\/fjala.info\/2009-2015\/wp-content\/uploads\/2012\/02\/arben_cokaj-120x150.jpg","caption":"admin"},"description":"Admin, Fjala e Lir\u00eb","sameAs":["https:\/\/fjala.info\/"],"url":"https:\/\/fjala.info\/2009-2015\/author\/admin\/"}]}},"_links":{"self":[{"href":"https:\/\/fjala.info\/2009-2015\/wp-json\/wp\/v2\/posts\/12020","targetHints":{"allow":["GET"]}}],"collection":[{"href":"https:\/\/fjala.info\/2009-2015\/wp-json\/wp\/v2\/posts"}],"about":[{"href":"https:\/\/fjala.info\/2009-2015\/wp-json\/wp\/v2\/types\/post"}],"author":[{"embeddable":true,"href":"https:\/\/fjala.info\/2009-2015\/wp-json\/wp\/v2\/users\/1"}],"replies":[{"embeddable":true,"href":"https:\/\/fjala.info\/2009-2015\/wp-json\/wp\/v2\/comments?post=12020"}],"version-history":[{"count":0,"href":"https:\/\/fjala.info\/2009-2015\/wp-json\/wp\/v2\/posts\/12020\/revisions"}],"wp:attachment":[{"href":"https:\/\/fjala.info\/2009-2015\/wp-json\/wp\/v2\/media?parent=12020"}],"wp:term":[{"taxonomy":"category","embeddable":true,"href":"https:\/\/fjala.info\/2009-2015\/wp-json\/wp\/v2\/categories?post=12020"},{"taxonomy":"post_tag","embeddable":true,"href":"https:\/\/fjala.info\/2009-2015\/wp-json\/wp\/v2\/tags?post=12020"}],"curies":[{"name":"wp","href":"https:\/\/api.w.org\/{rel}","templated":true}]}}