{"id":12019,"date":"2012-08-17T07:40:19","date_gmt":"2012-08-17T06:40:19","guid":{"rendered":"http:\/\/www.fjala.info\/?p=4464"},"modified":"2012-08-17T07:40:19","modified_gmt":"2012-08-17T06:40:19","slug":"moisiu-arben-imami-perben-rrezik","status":"publish","type":"post","link":"https:\/\/fjala.info\/2009-2015\/moisiu-arben-imami-perben-rrezik\/","title":{"rendered":"Moisiu: Arben Imami p\u00ebrb\u00ebn rrezik"},"content":{"rendered":"<p><img decoding=\"async\" class=\"alignright size-thumbnail wp-image-7236\" title=\"Aleksand\u00ebr Moisiu\" src=\"http:\/\/www.fjala.info\/2012\/moisiu.jpg\" alt=\"\" width=\"200\" \/> <strong>TemA Online<\/strong>, <em>16 Gusht 2012<\/em><\/p>\n<p>Ish-presidenti i Republik\u00ebs, Alfred Moisiu paralajm\u00ebron se bllokimi i kontrollit parlamentar nga Ministria e Mbrojtjes mund te kthehet ne nj\u00eb rrezik serioz p\u00ebr shoq\u00ebrin\u00eb.<\/p>\n<p>N\u00eb nj\u00eb intervist\u00eb p\u00ebr Vizion Plus, zoti Moisiu, q\u00eb p\u00ebr shkak t\u00eb postit t\u00eb kreut t\u00eb shtetit ka mbajtur edhe detyr\u00ebn e komandantit t\u00eb p\u00ebrgjithsh\u00ebm t\u00eb ushtris\u00eb p\u00ebr 5 vite me radh\u00eb, thot\u00eb se pengimi i mbik\u00ebqyrjes nga nj\u00eb minist\u00ebr nuk ndodh n\u00eb shtete normale.<\/p>\n<p>Duke komentuar frym\u00ebn e p\u00ebrgjigjeve refuzuese t\u00eb ministrit Imami p\u00ebr t\u00eb bllokuar kontrollin, ish-presidenti paralelizon se, duke interpretuar subjektivisht ligjin, edhe n\u00eb Gjermani erdh\u00ebn n\u00eb pushtet nazist\u00ebt.<\/p>\n<p>Ish-kreu i shtetit shprehet me shqet\u00ebsim edhe p\u00ebr nxjerrjen n\u00eb shitje t\u00eb gjith\u00eb pronave t\u00eb ushtris\u00eb, sipas tij pa asnj\u00eb transparenc\u00eb.<\/p>\n","protected":false},"excerpt":{"rendered":"<p>TemA Online, 16 Gusht 2012 Ish-presidenti i Republik\u00ebs, Alfred Moisiu paralajm\u00ebron se bllokimi i kontrollit parlamentar nga Ministria e Mbrojtjes mund te kthehet ne nj\u00eb rrezik serioz p\u00ebr shoq\u00ebrin\u00eb. N\u00eb nj\u00eb intervist\u00eb p\u00ebr Vizion Plus, zoti Moisiu, q\u00eb p\u00ebr shkak t\u00eb postit t\u00eb kreut t\u00eb shtetit ka mbajtur edhe detyr\u00ebn e komandantit t\u00eb p\u00ebrgjithsh\u00ebm t\u00eb [&hellip;]<\/p>\n","protected":false},"author":1,"featured_media":0,"comment_status":"open","ping_status":"closed","sticky":false,"template":"","format":"standard","meta":{"footnotes":""},"categories":[5],"tags":[],"class_list":{"0":"post-12019","1":"post","2":"type-post","3":"status-publish","4":"format-standard","6":"category-lajme"},"yoast_head":"<!-- This site is optimized with the Yoast SEO plugin v27.4 - https:\/\/yoast.com\/product\/yoast-seo-wordpress\/ -->\n<title>Moisiu: Arben Imami p\u00ebrb\u00ebn rrezik - FjALA e LIR\u00cb - Arkivi<\/title>\n<meta name=\"robots\" content=\"index, follow, max-snippet:-1, max-image-preview:large, max-video-preview:-1\" \/>\n<link rel=\"canonical\" href=\"https:\/\/fjala.info\/2009-2015\/moisiu-arben-imami-perben-rrezik\/\" \/>\n<meta property=\"og:locale\" content=\"sq_AL\" \/>\n<meta property=\"og:type\" content=\"article\" \/>\n<meta property=\"og:title\" content=\"Moisiu: Arben Imami p\u00ebrb\u00ebn rrezik - FjALA e LIR\u00cb - Arkivi\" \/>\n<meta property=\"og:description\" content=\"TemA Online, 16 Gusht 2012 Ish-presidenti i Republik\u00ebs, Alfred Moisiu paralajm\u00ebron se bllokimi i kontrollit parlamentar nga Ministria e Mbrojtjes mund te kthehet ne nj\u00eb rrezik serioz p\u00ebr shoq\u00ebrin\u00eb. N\u00eb nj\u00eb intervist\u00eb p\u00ebr Vizion Plus, zoti Moisiu, q\u00eb p\u00ebr shkak t\u00eb postit t\u00eb kreut t\u00eb shtetit ka mbajtur edhe detyr\u00ebn e komandantit t\u00eb p\u00ebrgjithsh\u00ebm t\u00eb [&hellip;]\" \/>\n<meta property=\"og:url\" content=\"https:\/\/fjala.info\/2009-2015\/moisiu-arben-imami-perben-rrezik\/\" \/>\n<meta property=\"og:site_name\" content=\"FjALA e LIR\u00cb - Arkivi\" \/>\n<meta property=\"article:published_time\" content=\"2012-08-17T06:40:19+00:00\" \/>\n<meta property=\"og:image\" content=\"http:\/\/www.fjala.info\/2012\/moisiu.jpg\" \/>\n<meta name=\"author\" content=\"admin\" \/>\n<meta name=\"twitter:card\" content=\"summary_large_image\" \/>\n<meta name=\"twitter:label1\" content=\"Written by\" \/>\n\t<meta name=\"twitter:data1\" content=\"admin\" \/>\n\t<meta name=\"twitter:label2\" content=\"Est. reading time\" \/>\n\t<meta name=\"twitter:data2\" content=\"1 minute\" \/>\n<script type=\"application\/ld+json\" class=\"yoast-schema-graph\">{\"@context\":\"https:\\\/\\\/schema.org\",\"@graph\":[{\"@type\":\"Article\",\"@id\":\"https:\\\/\\\/fjala.info\\\/2009-2015\\\/moisiu-arben-imami-perben-rrezik\\\/#article\",\"isPartOf\":{\"@id\":\"https:\\\/\\\/fjala.info\\\/2009-2015\\\/moisiu-arben-imami-perben-rrezik\\\/\"},\"author\":{\"name\":\"admin\",\"@id\":\"https:\\\/\\\/fjala.info\\\/2009-2015\\\/#\\\/schema\\\/person\\\/3aa1163ef05469c496fc94e77611ada2\"},\"headline\":\"Moisiu: Arben Imami p\u00ebrb\u00ebn rrezik\",\"datePublished\":\"2012-08-17T06:40:19+00:00\",\"mainEntityOfPage\":{\"@id\":\"https:\\\/\\\/fjala.info\\\/2009-2015\\\/moisiu-arben-imami-perben-rrezik\\\/\"},\"wordCount\":145,\"commentCount\":0,\"publisher\":{\"@id\":\"https:\\\/\\\/fjala.info\\\/2009-2015\\\/#organization\"},\"image\":{\"@id\":\"https:\\\/\\\/fjala.info\\\/2009-2015\\\/moisiu-arben-imami-perben-rrezik\\\/#primaryimage\"},\"thumbnailUrl\":\"http:\\\/\\\/www.fjala.info\\\/2012\\\/moisiu.jpg\",\"articleSection\":[\"Lajme\"],\"inLanguage\":\"sq-AL\",\"potentialAction\":[{\"@type\":\"CommentAction\",\"name\":\"Comment\",\"target\":[\"https:\\\/\\\/fjala.info\\\/2009-2015\\\/moisiu-arben-imami-perben-rrezik\\\/#respond\"]}]},{\"@type\":\"WebPage\",\"@id\":\"https:\\\/\\\/fjala.info\\\/2009-2015\\\/moisiu-arben-imami-perben-rrezik\\\/\",\"url\":\"https:\\\/\\\/fjala.info\\\/2009-2015\\\/moisiu-arben-imami-perben-rrezik\\\/\",\"name\":\"Moisiu: Arben Imami p\u00ebrb\u00ebn rrezik - FjALA e LIR\u00cb - Arkivi\",\"isPartOf\":{\"@id\":\"https:\\\/\\\/fjala.info\\\/2009-2015\\\/#website\"},\"primaryImageOfPage\":{\"@id\":\"https:\\\/\\\/fjala.info\\\/2009-2015\\\/moisiu-arben-imami-perben-rrezik\\\/#primaryimage\"},\"image\":{\"@id\":\"https:\\\/\\\/fjala.info\\\/2009-2015\\\/moisiu-arben-imami-perben-rrezik\\\/#primaryimage\"},\"thumbnailUrl\":\"http:\\\/\\\/www.fjala.info\\\/2012\\\/moisiu.jpg\",\"datePublished\":\"2012-08-17T06:40:19+00:00\",\"breadcrumb\":{\"@id\":\"https:\\\/\\\/fjala.info\\\/2009-2015\\\/moisiu-arben-imami-perben-rrezik\\\/#breadcrumb\"},\"inLanguage\":\"sq-AL\",\"potentialAction\":[{\"@type\":\"ReadAction\",\"target\":[\"https:\\\/\\\/fjala.info\\\/2009-2015\\\/moisiu-arben-imami-perben-rrezik\\\/\"]}]},{\"@type\":\"ImageObject\",\"inLanguage\":\"sq-AL\",\"@id\":\"https:\\\/\\\/fjala.info\\\/2009-2015\\\/moisiu-arben-imami-perben-rrezik\\\/#primaryimage\",\"url\":\"http:\\\/\\\/www.fjala.info\\\/2012\\\/moisiu.jpg\",\"contentUrl\":\"http:\\\/\\\/www.fjala.info\\\/2012\\\/moisiu.jpg\"},{\"@type\":\"BreadcrumbList\",\"@id\":\"https:\\\/\\\/fjala.info\\\/2009-2015\\\/moisiu-arben-imami-perben-rrezik\\\/#breadcrumb\",\"itemListElement\":[{\"@type\":\"ListItem\",\"position\":1,\"name\":\"Home\",\"item\":\"https:\\\/\\\/fjala.info\\\/2009-2015\\\/\"},{\"@type\":\"ListItem\",\"position\":2,\"name\":\"Moisiu: Arben Imami p\u00ebrb\u00ebn rrezik\"}]},{\"@type\":\"WebSite\",\"@id\":\"https:\\\/\\\/fjala.info\\\/2009-2015\\\/#website\",\"url\":\"https:\\\/\\\/fjala.info\\\/2009-2015\\\/\",\"name\":\"FjALA e LIR\u00cb - Arkivi\",\"description\":\"Arkivi 2009-2015\",\"publisher\":{\"@id\":\"https:\\\/\\\/fjala.info\\\/2009-2015\\\/#organization\"},\"potentialAction\":[{\"@type\":\"SearchAction\",\"target\":{\"@type\":\"EntryPoint\",\"urlTemplate\":\"https:\\\/\\\/fjala.info\\\/2009-2015\\\/?s={search_term_string}\"},\"query-input\":{\"@type\":\"PropertyValueSpecification\",\"valueRequired\":true,\"valueName\":\"search_term_string\"}}],\"inLanguage\":\"sq-AL\"},{\"@type\":\"Organization\",\"@id\":\"https:\\\/\\\/fjala.info\\\/2009-2015\\\/#organization\",\"name\":\"FjALA e LIR\u00cb - Arkivi\",\"url\":\"https:\\\/\\\/fjala.info\\\/2009-2015\\\/\",\"logo\":{\"@type\":\"ImageObject\",\"inLanguage\":\"sq-AL\",\"@id\":\"https:\\\/\\\/fjala.info\\\/2009-2015\\\/#\\\/schema\\\/logo\\\/image\\\/\",\"url\":\"\",\"contentUrl\":\"\",\"caption\":\"FjALA e LIR\u00cb - Arkivi\"},\"image\":{\"@id\":\"https:\\\/\\\/fjala.info\\\/2009-2015\\\/#\\\/schema\\\/logo\\\/image\\\/\"}},{\"@type\":\"Person\",\"@id\":\"https:\\\/\\\/fjala.info\\\/2009-2015\\\/#\\\/schema\\\/person\\\/3aa1163ef05469c496fc94e77611ada2\",\"name\":\"admin\",\"image\":{\"@type\":\"ImageObject\",\"inLanguage\":\"sq-AL\",\"@id\":\"https:\\\/\\\/fjala.info\\\/2009-2015\\\/wp-content\\\/uploads\\\/2012\\\/02\\\/arben_cokaj-120x150.jpg\",\"url\":\"https:\\\/\\\/fjala.info\\\/2009-2015\\\/wp-content\\\/uploads\\\/2012\\\/02\\\/arben_cokaj-120x150.jpg\",\"contentUrl\":\"https:\\\/\\\/fjala.info\\\/2009-2015\\\/wp-content\\\/uploads\\\/2012\\\/02\\\/arben_cokaj-120x150.jpg\",\"caption\":\"admin\"},\"description\":\"Admin, Fjala e Lir\u00eb\",\"sameAs\":[\"https:\\\/\\\/fjala.info\\\/\"],\"url\":\"https:\\\/\\\/fjala.info\\\/2009-2015\\\/author\\\/admin\\\/\"}]}<\/script>\n<!-- \/ Yoast SEO plugin. -->","yoast_head_json":{"title":"Moisiu: Arben Imami p\u00ebrb\u00ebn rrezik - FjALA e LIR\u00cb - Arkivi","robots":{"index":"index","follow":"follow","max-snippet":"max-snippet:-1","max-image-preview":"max-image-preview:large","max-video-preview":"max-video-preview:-1"},"canonical":"https:\/\/fjala.info\/2009-2015\/moisiu-arben-imami-perben-rrezik\/","og_locale":"sq_AL","og_type":"article","og_title":"Moisiu: Arben Imami p\u00ebrb\u00ebn rrezik - FjALA e LIR\u00cb - Arkivi","og_description":"TemA Online, 16 Gusht 2012 Ish-presidenti i Republik\u00ebs, Alfred Moisiu paralajm\u00ebron se bllokimi i kontrollit parlamentar nga Ministria e Mbrojtjes mund te kthehet ne nj\u00eb rrezik serioz p\u00ebr shoq\u00ebrin\u00eb. N\u00eb nj\u00eb intervist\u00eb p\u00ebr Vizion Plus, zoti Moisiu, q\u00eb p\u00ebr shkak t\u00eb postit t\u00eb kreut t\u00eb shtetit ka mbajtur edhe detyr\u00ebn e komandantit t\u00eb p\u00ebrgjithsh\u00ebm t\u00eb [&hellip;]","og_url":"https:\/\/fjala.info\/2009-2015\/moisiu-arben-imami-perben-rrezik\/","og_site_name":"FjALA e LIR\u00cb - Arkivi","article_published_time":"2012-08-17T06:40:19+00:00","og_image":[{"url":"http:\/\/www.fjala.info\/2012\/moisiu.jpg","type":"","width":"","height":""}],"author":"admin","twitter_card":"summary_large_image","twitter_misc":{"Written by":"admin","Est. reading time":"1 minute"},"schema":{"@context":"https:\/\/schema.org","@graph":[{"@type":"Article","@id":"https:\/\/fjala.info\/2009-2015\/moisiu-arben-imami-perben-rrezik\/#article","isPartOf":{"@id":"https:\/\/fjala.info\/2009-2015\/moisiu-arben-imami-perben-rrezik\/"},"author":{"name":"admin","@id":"https:\/\/fjala.info\/2009-2015\/#\/schema\/person\/3aa1163ef05469c496fc94e77611ada2"},"headline":"Moisiu: Arben Imami p\u00ebrb\u00ebn rrezik","datePublished":"2012-08-17T06:40:19+00:00","mainEntityOfPage":{"@id":"https:\/\/fjala.info\/2009-2015\/moisiu-arben-imami-perben-rrezik\/"},"wordCount":145,"commentCount":0,"publisher":{"@id":"https:\/\/fjala.info\/2009-2015\/#organization"},"image":{"@id":"https:\/\/fjala.info\/2009-2015\/moisiu-arben-imami-perben-rrezik\/#primaryimage"},"thumbnailUrl":"http:\/\/www.fjala.info\/2012\/moisiu.jpg","articleSection":["Lajme"],"inLanguage":"sq-AL","potentialAction":[{"@type":"CommentAction","name":"Comment","target":["https:\/\/fjala.info\/2009-2015\/moisiu-arben-imami-perben-rrezik\/#respond"]}]},{"@type":"WebPage","@id":"https:\/\/fjala.info\/2009-2015\/moisiu-arben-imami-perben-rrezik\/","url":"https:\/\/fjala.info\/2009-2015\/moisiu-arben-imami-perben-rrezik\/","name":"Moisiu: Arben Imami p\u00ebrb\u00ebn rrezik - FjALA e LIR\u00cb - Arkivi","isPartOf":{"@id":"https:\/\/fjala.info\/2009-2015\/#website"},"primaryImageOfPage":{"@id":"https:\/\/fjala.info\/2009-2015\/moisiu-arben-imami-perben-rrezik\/#primaryimage"},"image":{"@id":"https:\/\/fjala.info\/2009-2015\/moisiu-arben-imami-perben-rrezik\/#primaryimage"},"thumbnailUrl":"http:\/\/www.fjala.info\/2012\/moisiu.jpg","datePublished":"2012-08-17T06:40:19+00:00","breadcrumb":{"@id":"https:\/\/fjala.info\/2009-2015\/moisiu-arben-imami-perben-rrezik\/#breadcrumb"},"inLanguage":"sq-AL","potentialAction":[{"@type":"ReadAction","target":["https:\/\/fjala.info\/2009-2015\/moisiu-arben-imami-perben-rrezik\/"]}]},{"@type":"ImageObject","inLanguage":"sq-AL","@id":"https:\/\/fjala.info\/2009-2015\/moisiu-arben-imami-perben-rrezik\/#primaryimage","url":"http:\/\/www.fjala.info\/2012\/moisiu.jpg","contentUrl":"http:\/\/www.fjala.info\/2012\/moisiu.jpg"},{"@type":"BreadcrumbList","@id":"https:\/\/fjala.info\/2009-2015\/moisiu-arben-imami-perben-rrezik\/#breadcrumb","itemListElement":[{"@type":"ListItem","position":1,"name":"Home","item":"https:\/\/fjala.info\/2009-2015\/"},{"@type":"ListItem","position":2,"name":"Moisiu: Arben Imami p\u00ebrb\u00ebn rrezik"}]},{"@type":"WebSite","@id":"https:\/\/fjala.info\/2009-2015\/#website","url":"https:\/\/fjala.info\/2009-2015\/","name":"FjALA e LIR\u00cb - Arkivi","description":"Arkivi 2009-2015","publisher":{"@id":"https:\/\/fjala.info\/2009-2015\/#organization"},"potentialAction":[{"@type":"SearchAction","target":{"@type":"EntryPoint","urlTemplate":"https:\/\/fjala.info\/2009-2015\/?s={search_term_string}"},"query-input":{"@type":"PropertyValueSpecification","valueRequired":true,"valueName":"search_term_string"}}],"inLanguage":"sq-AL"},{"@type":"Organization","@id":"https:\/\/fjala.info\/2009-2015\/#organization","name":"FjALA e LIR\u00cb - Arkivi","url":"https:\/\/fjala.info\/2009-2015\/","logo":{"@type":"ImageObject","inLanguage":"sq-AL","@id":"https:\/\/fjala.info\/2009-2015\/#\/schema\/logo\/image\/","url":"","contentUrl":"","caption":"FjALA e LIR\u00cb - Arkivi"},"image":{"@id":"https:\/\/fjala.info\/2009-2015\/#\/schema\/logo\/image\/"}},{"@type":"Person","@id":"https:\/\/fjala.info\/2009-2015\/#\/schema\/person\/3aa1163ef05469c496fc94e77611ada2","name":"admin","image":{"@type":"ImageObject","inLanguage":"sq-AL","@id":"https:\/\/fjala.info\/2009-2015\/wp-content\/uploads\/2012\/02\/arben_cokaj-120x150.jpg","url":"https:\/\/fjala.info\/2009-2015\/wp-content\/uploads\/2012\/02\/arben_cokaj-120x150.jpg","contentUrl":"https:\/\/fjala.info\/2009-2015\/wp-content\/uploads\/2012\/02\/arben_cokaj-120x150.jpg","caption":"admin"},"description":"Admin, Fjala e Lir\u00eb","sameAs":["https:\/\/fjala.info\/"],"url":"https:\/\/fjala.info\/2009-2015\/author\/admin\/"}]}},"_links":{"self":[{"href":"https:\/\/fjala.info\/2009-2015\/wp-json\/wp\/v2\/posts\/12019","targetHints":{"allow":["GET"]}}],"collection":[{"href":"https:\/\/fjala.info\/2009-2015\/wp-json\/wp\/v2\/posts"}],"about":[{"href":"https:\/\/fjala.info\/2009-2015\/wp-json\/wp\/v2\/types\/post"}],"author":[{"embeddable":true,"href":"https:\/\/fjala.info\/2009-2015\/wp-json\/wp\/v2\/users\/1"}],"replies":[{"embeddable":true,"href":"https:\/\/fjala.info\/2009-2015\/wp-json\/wp\/v2\/comments?post=12019"}],"version-history":[{"count":0,"href":"https:\/\/fjala.info\/2009-2015\/wp-json\/wp\/v2\/posts\/12019\/revisions"}],"wp:attachment":[{"href":"https:\/\/fjala.info\/2009-2015\/wp-json\/wp\/v2\/media?parent=12019"}],"wp:term":[{"taxonomy":"category","embeddable":true,"href":"https:\/\/fjala.info\/2009-2015\/wp-json\/wp\/v2\/categories?post=12019"},{"taxonomy":"post_tag","embeddable":true,"href":"https:\/\/fjala.info\/2009-2015\/wp-json\/wp\/v2\/tags?post=12019"}],"curies":[{"name":"wp","href":"https:\/\/api.w.org\/{rel}","templated":true}]}}